{"id":1378915,"date":"2021-09-16T10:09:39","date_gmt":"2021-09-16T08:09:39","guid":{"rendered":"https:\/\/www.varesenews.it\/?p=1378915"},"modified":"2021-09-16T10:19:41","modified_gmt":"2021-09-16T08:19:41","slug":"si-chiuso-supersalone-del-mobile-milano","status":"publish","type":"post","link":"https:\/\/staging.varesenews.it\/2021\/09\/si-chiuso-supersalone-del-mobile-milano\/1378915\/","title":{"rendered":"Si \u00e8 chiuso il &#8220;Supersalone&#8221; del Mobile di Milano"},"content":{"rendered":"<p>Si \u00e8 conclusa un&#8217;edizione straordinaria del <strong>Salone del Mobile di Milano<\/strong>, la manifestazione internazionale del mobile che \u00e8 tornata in presenza. &#8220;Un &#8220;supersalone&#8221;\u00a0vinta grazie al lavoro di tutti: delle aziende che si sono messe in gioco, del curatore Stefano Boeri e di tutto il team di co-curatori, ma anche degli organizzatori, degli allestitori, dei designer e degli operatori della cultura e della comunicazione&#8221;, spiegano gli organizzatori.<\/p>\n<p>&#8220;\u00c8 per questo che, oggi, vogliamo scrivere a chi, in questi mesi e in questi giorni, ci ha supportato, convinti che il &#8220;supersalone&#8221; fosse il primo ma decisivo passo per dare un segnale al settore e all\u2019intero Paese. Ma il nostro lavoro non finisce qui. Anzi, \u00e8 appena iniziato e ci porter\u00e0 a giocare la partita pi\u00f9 complessa ed emozionante di tutte:<strong> la 60a edizione del Salone del Mobile.Milano. Appuntamento, allora, dal 5 al 10 aprile 2022&#8243;.\u00a0<\/strong><\/p>\n","protected":false},"excerpt":{"rendered":"<p>Appuntamento all&#8217;anno prossimo con una manifestazione che richiama ogni anno ospiti da tutto il mondo. Il video di chiusura dell&#8217;edizione 2021 <\/p>\n","protected":false},"author":32,"featured_media":0,"comment_status":"open","ping_status":"open","sticky":false,"template":"","format":"standard","meta":{"footnotes":""},"categories":[7],"tags":[114156],"acf":[],"yoast_head":"<!-- This site is optimized with the Yoast SEO plugin v20.1 - https:\/\/yoast.com\/wordpress\/plugins\/seo\/ -->\n<title>Si \u00e8 chiuso il &quot;Supersalone&quot; del Mobile di Milano<\/title>\n<meta name=\"description\" content=\"Appuntamento all&#039;anno prossimo con una manifestazione che richiama ogni anno ospiti da tutto il mondo. Il video di chiusura dell&#039;edizione 2021\" \/>\n<meta name=\"robots\" content=\"noindex, follow, max-snippet:-1, max-image-preview:large, max-video-preview:-1\" \/>\n<meta property=\"og:locale\" content=\"it_IT\" \/>\n<meta property=\"og:type\" content=\"article\" \/>\n<meta property=\"og:title\" content=\"Si \u00e8 chiuso il &quot;Supersalone&quot; del Mobile di Milano\" \/>\n<meta property=\"og:description\" content=\"Appuntamento all&#039;anno prossimo con una manifestazione che richiama ogni anno ospiti da tutto il mondo. Il video di chiusura dell&#039;edizione 2021\" \/>\n<meta property=\"og:url\" content=\"https:\/\/staging.varesenews.it\/2021\/09\/si-chiuso-supersalone-del-mobile-milano\/1378915\/\" \/>\n<meta property=\"og:site_name\" content=\"VareseNews\" \/>\n<meta property=\"article:publisher\" content=\"https:\/\/www.facebook.com\/varesenews\" \/>\n<meta property=\"article:published_time\" content=\"2021-09-16T08:09:39+00:00\" \/>\n<meta property=\"article:modified_time\" content=\"2021-09-16T08:19:41+00:00\" \/>\n<meta name=\"author\" content=\"Adelia Brigo\" \/>\n<meta name=\"twitter:card\" content=\"summary_large_image\" \/>\n<meta name=\"twitter:creator\" content=\"@AdeliaBrigo\" \/>\n<meta name=\"twitter:site\" content=\"@varesenews\" \/>\n<meta name=\"twitter:label1\" content=\"Scritto da\" \/>\n\t<meta name=\"twitter:data1\" content=\"Adelia Brigo\" \/>\n\t<meta name=\"twitter:label2\" content=\"Tempo di lettura stimato\" \/>\n\t<meta name=\"twitter:data2\" content=\"1 minuto\" \/>\n<script type=\"application\/ld+json\" class=\"yoast-schema-graph\">{\"@context\":\"https:\/\/schema.org\",\"@graph\":[{\"@type\":\"WebPage\",\"@id\":\"https:\/\/staging.varesenews.it\/2021\/09\/si-chiuso-supersalone-del-mobile-milano\/1378915\/\",\"url\":\"https:\/\/staging.varesenews.it\/2021\/09\/si-chiuso-supersalone-del-mobile-milano\/1378915\/\",\"name\":\"Si \u00e8 chiuso il \\\"Supersalone\\\" del Mobile di Milano\",\"isPartOf\":{\"@id\":\"https:\/\/staging.varesenews.it\/#website\"},\"datePublished\":\"2021-09-16T08:09:39+00:00\",\"dateModified\":\"2021-09-16T08:19:41+00:00\",\"author\":{\"@id\":\"https:\/\/staging.varesenews.it\/#\/schema\/person\/272ac0f5b2dbfd572218c2d86e013f1a\"},\"description\":\"Appuntamento all'anno prossimo con una manifestazione che richiama ogni anno ospiti da tutto il mondo. Il video di chiusura dell'edizione 2021\",\"breadcrumb\":{\"@id\":\"https:\/\/staging.varesenews.it\/2021\/09\/si-chiuso-supersalone-del-mobile-milano\/1378915\/#breadcrumb\"},\"inLanguage\":\"it-IT\",\"potentialAction\":[{\"@type\":\"ReadAction\",\"target\":[\"https:\/\/staging.varesenews.it\/2021\/09\/si-chiuso-supersalone-del-mobile-milano\/1378915\/\"]}]},{\"@type\":\"BreadcrumbList\",\"@id\":\"https:\/\/staging.varesenews.it\/2021\/09\/si-chiuso-supersalone-del-mobile-milano\/1378915\/#breadcrumb\",\"itemListElement\":[{\"@type\":\"ListItem\",\"position\":1,\"name\":\"Home\",\"item\":\"https:\/\/www.varesenews.it\/\"},{\"@type\":\"ListItem\",\"position\":2,\"name\":\"Si \u00e8 chiuso il &#8220;Supersalone&#8221; del Mobile di Milano\"}]},{\"@type\":\"WebSite\",\"@id\":\"https:\/\/staging.varesenews.it\/#website\",\"url\":\"https:\/\/staging.varesenews.it\/\",\"name\":\"VareseNews\",\"description\":\"\",\"potentialAction\":[{\"@type\":\"SearchAction\",\"target\":{\"@type\":\"EntryPoint\",\"urlTemplate\":\"https:\/\/staging.varesenews.it\/?s={search_term_string}\"},\"query-input\":\"required name=search_term_string\"}],\"inLanguage\":\"it-IT\"},{\"@type\":\"Person\",\"@id\":\"https:\/\/staging.varesenews.it\/#\/schema\/person\/272ac0f5b2dbfd572218c2d86e013f1a\",\"name\":\"Adelia Brigo\",\"image\":{\"@type\":\"ImageObject\",\"inLanguage\":\"it-IT\",\"@id\":\"https:\/\/staging.varesenews.it\/#\/schema\/person\/image\/\",\"url\":\"https:\/\/staging.varesenews.it\/wp-content\/uploads\/2020\/12\/adelia_brigo_colori_500.jpg\",\"contentUrl\":\"https:\/\/staging.varesenews.it\/wp-content\/uploads\/2020\/12\/adelia_brigo_colori_500.jpg\",\"caption\":\"Adelia Brigo\"},\"description\":\"Giornalista pubblicista, lavoro a VareseNews dal 2007 e mi occupo di cronaca locale e del settore dedicato alla cultura. In questi anni ho seguito diversi progetti di comunicazione, amo sperimentare strategie per i Social Network e raccontare storie. Varesina, classe 1984, sono laureata in Scienze della Comunicazione.&nbsp;\",\"sameAs\":[\"AdeliaBrigo\",\"https:\/\/twitter.com\/AdeliaBrigo\"],\"url\":\"https:\/\/staging.varesenews.it\/persona\/adelia_brigo\/\"}]}<\/script>\n<!-- \/ Yoast SEO plugin. -->","yoast_head_json":{"title":"Si \u00e8 chiuso il \"Supersalone\" del Mobile di Milano","description":"Appuntamento all'anno prossimo con una manifestazione che richiama ogni anno ospiti da tutto il mondo. Il video di chiusura dell'edizione 2021","robots":{"index":"noindex","follow":"follow","max-snippet":"max-snippet:-1","max-image-preview":"max-image-preview:large","max-video-preview":"max-video-preview:-1"},"og_locale":"it_IT","og_type":"article","og_title":"Si \u00e8 chiuso il \"Supersalone\" del Mobile di Milano","og_description":"Appuntamento all'anno prossimo con una manifestazione che richiama ogni anno ospiti da tutto il mondo. Il video di chiusura dell'edizione 2021","og_url":"https:\/\/staging.varesenews.it\/2021\/09\/si-chiuso-supersalone-del-mobile-milano\/1378915\/","og_site_name":"VareseNews","article_publisher":"https:\/\/www.facebook.com\/varesenews","article_published_time":"2021-09-16T08:09:39+00:00","article_modified_time":"2021-09-16T08:19:41+00:00","author":"Adelia Brigo","twitter_card":"summary_large_image","twitter_creator":"@AdeliaBrigo","twitter_site":"@varesenews","twitter_misc":{"Scritto da":"Adelia Brigo","Tempo di lettura stimato":"1 minuto"},"schema":{"@context":"https:\/\/schema.org","@graph":[{"@type":"WebPage","@id":"https:\/\/staging.varesenews.it\/2021\/09\/si-chiuso-supersalone-del-mobile-milano\/1378915\/","url":"https:\/\/staging.varesenews.it\/2021\/09\/si-chiuso-supersalone-del-mobile-milano\/1378915\/","name":"Si \u00e8 chiuso il \"Supersalone\" del Mobile di Milano","isPartOf":{"@id":"https:\/\/staging.varesenews.it\/#website"},"datePublished":"2021-09-16T08:09:39+00:00","dateModified":"2021-09-16T08:19:41+00:00","author":{"@id":"https:\/\/staging.varesenews.it\/#\/schema\/person\/272ac0f5b2dbfd572218c2d86e013f1a"},"description":"Appuntamento all'anno prossimo con una manifestazione che richiama ogni anno ospiti da tutto il mondo. Il video di chiusura dell'edizione 2021","breadcrumb":{"@id":"https:\/\/staging.varesenews.it\/2021\/09\/si-chiuso-supersalone-del-mobile-milano\/1378915\/#breadcrumb"},"inLanguage":"it-IT","potentialAction":[{"@type":"ReadAction","target":["https:\/\/staging.varesenews.it\/2021\/09\/si-chiuso-supersalone-del-mobile-milano\/1378915\/"]}]},{"@type":"BreadcrumbList","@id":"https:\/\/staging.varesenews.it\/2021\/09\/si-chiuso-supersalone-del-mobile-milano\/1378915\/#breadcrumb","itemListElement":[{"@type":"ListItem","position":1,"name":"Home","item":"https:\/\/www.varesenews.it\/"},{"@type":"ListItem","position":2,"name":"Si \u00e8 chiuso il &#8220;Supersalone&#8221; del Mobile di Milano"}]},{"@type":"WebSite","@id":"https:\/\/staging.varesenews.it\/#website","url":"https:\/\/staging.varesenews.it\/","name":"VareseNews","description":"","potentialAction":[{"@type":"SearchAction","target":{"@type":"EntryPoint","urlTemplate":"https:\/\/staging.varesenews.it\/?s={search_term_string}"},"query-input":"required name=search_term_string"}],"inLanguage":"it-IT"},{"@type":"Person","@id":"https:\/\/staging.varesenews.it\/#\/schema\/person\/272ac0f5b2dbfd572218c2d86e013f1a","name":"Adelia Brigo","image":{"@type":"ImageObject","inLanguage":"it-IT","@id":"https:\/\/staging.varesenews.it\/#\/schema\/person\/image\/","url":"https:\/\/staging.varesenews.it\/wp-content\/uploads\/2020\/12\/adelia_brigo_colori_500.jpg","contentUrl":"https:\/\/staging.varesenews.it\/wp-content\/uploads\/2020\/12\/adelia_brigo_colori_500.jpg","caption":"Adelia Brigo"},"description":"Giornalista pubblicista, lavoro a VareseNews dal 2007 e mi occupo di cronaca locale e del settore dedicato alla cultura. In questi anni ho seguito diversi progetti di comunicazione, amo sperimentare strategie per i Social Network e raccontare storie. Varesina, classe 1984, sono laureata in Scienze della Comunicazione.&nbsp;","sameAs":["AdeliaBrigo","https:\/\/twitter.com\/AdeliaBrigo"],"url":"https:\/\/staging.varesenews.it\/persona\/adelia_brigo\/"}]}},"post_meta":{"_edit_lock":"1631780290:32","_edit_last":"32","_oembed_104b5298cc2f3b51843d8db9d1dd33c3":"<iframe width=\"741\" height=\"417\" src=\"https:\/\/www.youtube.com\/embed\/QOwJOEQjAwc?feature=oembed\" frameborder=\"0\" allow=\"accelerometer; autoplay; clipboard-write; encrypted-media; gyroscope; picture-in-picture\" allowfullscreen><\/iframe>","_oembed_time_104b5298cc2f3b51843d8db9d1dd33c3":"1631779447","_category_permalink":"a:1:{s:8:\"category\";s:1:\"7\";}","_encloseme":"1","ratings_users":"0","ratings_score":"0","ratings_average":"0","id_leggi_anche":"1374962,1373646","foto":"1244781","firma_come_redazione":"1","argomento":"Milano","_yoast_wpseo_content_score":"30","_jd_tweet_this":"yes","_wpt_short_url":"https:\/\/www.varesenews.it\/2021\/09\/si-chiuso-supersalone-del-mobile-milano\/1378915\/","_wp_jd_target":"https:\/\/www.varesenews.it\/2021\/09\/si-chiuso-supersalone-del-mobile-milano\/1378915\/","_jd_wp_twitter":"a:1:{i:0;s:138:\"Si \u00e8 chiuso il \u201cSupersalone\u201d del Mobile di Milano https:\/\/www.varesenews.it\/2021\/09\/si-chiuso-supersalone-del-mobile-milano\/1378915\/ \";}","_wpt_status_message":"Tweet inviato con successo.","_oembed_c3d4d85211f774ef575c916d38ff6f74":"<blockquote class=\"wp-embedded-content\" data-secret=\"a9vmpNuHt7\"><a href=\"https:\/\/www.varesenews.it\/2021\/09\/genitori-busto-arsizio-bacchettano-antonelli-sui-social-meno-risotto-piu-servizi-scolastici\/1378365\/\">I genitori di Busto Arsizio bacchettano Antonelli sui social: &#8220;Meno risotto, pi\u00f9 servizi scolastici&#8221;<\/a><\/blockquote><iframe class=\"wp-embedded-content\" sandbox=\"allow-scripts\" security=\"restricted\" style=\"position: absolute; clip: rect(1px, 1px, 1px, 1px);\" src=\"https:\/\/www.varesenews.it\/2021\/09\/genitori-busto-arsizio-bacchettano-antonelli-sui-social-meno-risotto-piu-servizi-scolastici\/1378365\/embed\/#?secret=a9vmpNuHt7\" data-secret=\"a9vmpNuHt7\" width=\"500\" height=\"282\" title=\"&#8220;I genitori di Busto Arsizio bacchettano Antonelli sui social: &#8220;Meno risotto, pi\u00f9 servizi scolastici&#8221;&#8221; &#8212; VareseNews\" frameborder=\"0\" marginwidth=\"0\" marginheight=\"0\" scrolling=\"no\"><\/iframe>","_oembed_time_c3d4d85211f774ef575c916d38ff6f74":"1631779832","_oembed_9b69de24466fb9a6bb628b26f77ea15e":"<blockquote class=\"wp-embedded-content\" data-secret=\"3SBjIHpPCh\"><a href=\"https:\/\/www.varesenews.it\/2021\/09\/lanpi-fagnano-post-un-candidato-del-centrodestra-parole-vergognose\/1378249\/\">L&#8217;Anpi di Fagnano contro il post di un candidato del centrodestra: &#8220;Parole vergognose&#8221;<\/a><\/blockquote><iframe class=\"wp-embedded-content\" sandbox=\"allow-scripts\" security=\"restricted\" style=\"position: absolute; clip: rect(1px, 1px, 1px, 1px);\" src=\"https:\/\/www.varesenews.it\/2021\/09\/lanpi-fagnano-post-un-candidato-del-centrodestra-parole-vergognose\/1378249\/embed\/#?secret=3SBjIHpPCh\" data-secret=\"3SBjIHpPCh\" width=\"500\" height=\"282\" title=\"&#8220;L&#8217;Anpi di Fagnano contro il post di un candidato del centrodestra: &#8220;Parole vergognose&#8221;&#8221; &#8212; VareseNews\" frameborder=\"0\" marginwidth=\"0\" marginheight=\"0\" scrolling=\"no\"><\/iframe>","_oembed_time_9b69de24466fb9a6bb628b26f77ea15e":"1631779832","_oembed_0f53675a9ca137abcc4ef4a0c5d25bac":"<blockquote class=\"wp-embedded-content\" data-secret=\"Mw6hvANm2v\"><a href=\"https:\/\/www.varesenews.it\/2020\/12\/legata-violentata-unintera-notte-suo-aguzzino-continuava-spacciare\/1290852\/\">Legata e violentata per un&#8217;intera notte mentre il suo aguzzino continuava a spacciare<\/a><\/blockquote><iframe class=\"wp-embedded-content\" sandbox=\"allow-scripts\" security=\"restricted\" style=\"position: absolute; clip: rect(1px, 1px, 1px, 1px);\" src=\"https:\/\/www.varesenews.it\/2020\/12\/legata-violentata-unintera-notte-suo-aguzzino-continuava-spacciare\/1290852\/embed\/#?secret=Mw6hvANm2v\" data-secret=\"Mw6hvANm2v\" width=\"500\" height=\"282\" title=\"&#8220;Legata e violentata per un&#8217;intera notte mentre il suo aguzzino continuava a spacciare&#8221; &#8212; VareseNews\" frameborder=\"0\" marginwidth=\"0\" marginheight=\"0\" scrolling=\"no\"><\/iframe>","_oembed_time_0f53675a9ca137abcc4ef4a0c5d25bac":"1631779832","_oembed_6298323f9d44e49ae65088b10f1295e6":"<blockquote class=\"wp-embedded-content\" data-secret=\"KQ0z0lawAZ\"><a href=\"https:\/\/www.varesenews.it\/2020\/03\/la-stazione-gallarate-avra-nuova-torre-controllo\/915878\/\">La stazione di Gallarate avr\u00e0 una nuova &#8220;torre di controllo&#8221;<\/a><\/blockquote><iframe class=\"wp-embedded-content\" sandbox=\"allow-scripts\" security=\"restricted\" style=\"position: absolute; clip: rect(1px, 1px, 1px, 1px);\" src=\"https:\/\/www.varesenews.it\/2020\/03\/la-stazione-gallarate-avra-nuova-torre-controllo\/915878\/embed\/#?secret=KQ0z0lawAZ\" data-secret=\"KQ0z0lawAZ\" width=\"500\" height=\"282\" title=\"&#8220;La stazione di Gallarate avr\u00e0 una nuova &#8220;torre di controllo&#8221;&#8221; &#8212; VareseNews\" frameborder=\"0\" marginwidth=\"0\" marginheight=\"0\" scrolling=\"no\"><\/iframe>","_oembed_time_6298323f9d44e49ae65088b10f1295e6":"1631779833","_oembed_cadf20c4db4676f024e81e01a2d5a261":"<blockquote class=\"wp-embedded-content\" data-secret=\"wCLq7zHaxJ\"><a href=\"https:\/\/www.varesenews.it\/2021\/06\/europa-la-crisi-delle-materie-prime-cera-gia-del-covid-indonesia-nuova-regina-dellacciaio-inox\/1352769\/\">In Europa la crisi delle materie prime c&#8217;era gi\u00e0 prima del Covid. Indonesia nuova regina dell&#8217;acciaio Inox<\/a><\/blockquote><iframe class=\"wp-embedded-content\" sandbox=\"allow-scripts\" security=\"restricted\" style=\"position: absolute; clip: rect(1px, 1px, 1px, 1px);\" src=\"https:\/\/www.varesenews.it\/2021\/06\/europa-la-crisi-delle-materie-prime-cera-gia-del-covid-indonesia-nuova-regina-dellacciaio-inox\/1352769\/embed\/#?secret=wCLq7zHaxJ\" data-secret=\"wCLq7zHaxJ\" width=\"500\" height=\"282\" title=\"&#8220;In Europa la crisi delle materie prime c&#8217;era gi\u00e0 prima del Covid. Indonesia nuova regina dell&#8217;acciaio Inox&#8221; &#8212; VareseNews\" frameborder=\"0\" marginwidth=\"0\" marginheight=\"0\" scrolling=\"no\"><\/iframe>","_oembed_time_cadf20c4db4676f024e81e01a2d5a261":"1631780036","_oembed_f09b77cffcc59f9643cb88952bd9ff41":"<blockquote class=\"wp-embedded-content\" data-secret=\"QUpTg5mB99\"><a href=\"https:\/\/www.saronnonews.it\/2021\/09\/15\/infortunio-in-unazienda-a-caronno-pertusella-32enne-trasportato-in-ospedale-con-gravi-ustioni\/\">Infortunio in un&#8217;azienda a Caronno Pertusella, 32enne trasportato in ospedale con gravi ustioni<\/a><\/blockquote><iframe class=\"wp-embedded-content\" sandbox=\"allow-scripts\" security=\"restricted\" style=\"position: absolute; clip: rect(1px, 1px, 1px, 1px);\" src=\"https:\/\/www.saronnonews.it\/2021\/09\/15\/infortunio-in-unazienda-a-caronno-pertusella-32enne-trasportato-in-ospedale-con-gravi-ustioni\/embed\/#?secret=QUpTg5mB99\" data-secret=\"QUpTg5mB99\" width=\"500\" height=\"282\" title=\"&#8220;Infortunio in un&#8217;azienda a Caronno Pertusella, 32enne trasportato in ospedale con gravi ustioni&#8221; &#8212; SaronnoNews\" frameborder=\"0\" marginwidth=\"0\" marginheight=\"0\" scrolling=\"no\"><\/iframe>","_oembed_time_f09b77cffcc59f9643cb88952bd9ff41":"1631780040","_oembed_1f424733ac1fda81962ceaaa79741910":"<blockquote class=\"wp-embedded-content\" data-secret=\"5tiOGeAtX4\"><a href=\"https:\/\/www.saronnonews.it\/2021\/09\/14\/addio-leonessa-il-saluto-sui-social-a-martina-luoni-testimonial-anti-covid-sconfitta-dal-cancro\/\">&#8220;Addio leonessa&#8221;. Il saluto sui social a Martina Luoni, testimonial anti Covid sconfitta dal cancro<\/a><\/blockquote><iframe class=\"wp-embedded-content\" sandbox=\"allow-scripts\" security=\"restricted\" style=\"position: absolute; clip: rect(1px, 1px, 1px, 1px);\" src=\"https:\/\/www.saronnonews.it\/2021\/09\/14\/addio-leonessa-il-saluto-sui-social-a-martina-luoni-testimonial-anti-covid-sconfitta-dal-cancro\/embed\/#?secret=5tiOGeAtX4\" data-secret=\"5tiOGeAtX4\" width=\"500\" height=\"282\" title=\"&#8220;&#8220;Addio leonessa&#8221;. Il saluto sui social a Martina Luoni, testimonial anti Covid sconfitta dal cancro&#8221; &#8212; SaronnoNews\" frameborder=\"0\" marginwidth=\"0\" marginheight=\"0\" scrolling=\"no\"><\/iframe>","_oembed_time_1f424733ac1fda81962ceaaa79741910":"1631780042","_oembed_ab0532f46463a5f395fa55d1ae4a8a0d":"<blockquote class=\"wp-embedded-content\" data-secret=\"3B5JVrHwR4\"><a href=\"https:\/\/www.saronnonews.it\/2020\/11\/09\/da-solaro-la-video-denuncia-di-martina-malata-di-cancro-gli-ospedali-sono-al-collasso\/\">Da Solaro la video denuncia di Martina, malata di cancro: &#8220;Gli ospedali sono al collasso&#8221;<\/a><\/blockquote><iframe class=\"wp-embedded-content\" sandbox=\"allow-scripts\" security=\"restricted\" style=\"position: absolute; clip: rect(1px, 1px, 1px, 1px);\" src=\"https:\/\/www.saronnonews.it\/2020\/11\/09\/da-solaro-la-video-denuncia-di-martina-malata-di-cancro-gli-ospedali-sono-al-collasso\/embed\/#?secret=3B5JVrHwR4\" data-secret=\"3B5JVrHwR4\" width=\"500\" height=\"282\" title=\"&#8220;Da Solaro la video denuncia di Martina, malata di cancro: &#8220;Gli ospedali sono al collasso&#8221;&#8221; &#8212; SaronnoNews\" frameborder=\"0\" marginwidth=\"0\" marginheight=\"0\" scrolling=\"no\"><\/iframe>","_oembed_time_ab0532f46463a5f395fa55d1ae4a8a0d":"1631780042","_oembed_772e665f9e3b844251d3d880b8c74a4f":"<blockquote class=\"wp-embedded-content\" data-secret=\"b2WphAXXvu\"><a href=\"https:\/\/www.saronnonews.it\/2020\/11\/12\/covid-martina-diventa-testimonial-di-regione-lombardia\/\">Covid, Martina diventa testimonial di Regione Lombardia<\/a><\/blockquote><iframe class=\"wp-embedded-content\" sandbox=\"allow-scripts\" security=\"restricted\" style=\"position: absolute; clip: rect(1px, 1px, 1px, 1px);\" src=\"https:\/\/www.saronnonews.it\/2020\/11\/12\/covid-martina-diventa-testimonial-di-regione-lombardia\/embed\/#?secret=b2WphAXXvu\" data-secret=\"b2WphAXXvu\" width=\"500\" height=\"282\" title=\"&#8220;Covid, Martina diventa testimonial di Regione Lombardia&#8221; &#8212; SaronnoNews\" frameborder=\"0\" marginwidth=\"0\" marginheight=\"0\" scrolling=\"no\"><\/iframe>","_oembed_time_772e665f9e3b844251d3d880b8c74a4f":"1631780048","_oembed_dfd47cd0b0f0c2cccb2828c1ae162f52":"<blockquote class=\"wp-embedded-content\" data-secret=\"rIdFnKQNw0\"><a href=\"https:\/\/www.varesenews.it\/2021\/09\/oltre-700-classi-pollaio-provincia-varese-la-scuola-presenza-riparte-salita\/1376469\/\">Oltre 700 &#8220;classi pollaio&#8221; in provincia di Varese: la scuola in presenza riparte in salita<\/a><\/blockquote><iframe class=\"wp-embedded-content\" sandbox=\"allow-scripts\" security=\"restricted\" style=\"position: absolute; clip: rect(1px, 1px, 1px, 1px);\" src=\"https:\/\/www.varesenews.it\/2021\/09\/oltre-700-classi-pollaio-provincia-varese-la-scuola-presenza-riparte-salita\/1376469\/embed\/#?secret=rIdFnKQNw0\" data-secret=\"rIdFnKQNw0\" width=\"500\" height=\"282\" title=\"&#8220;Oltre 700 &#8220;classi pollaio&#8221; in provincia di Varese: la scuola in presenza riparte in salita&#8221; &#8212; VareseNews\" frameborder=\"0\" marginwidth=\"0\" marginheight=\"0\" scrolling=\"no\"><\/iframe>","_oembed_time_dfd47cd0b0f0c2cccb2828c1ae162f52":"1631780049","_oembed_9795d0de4483bbcf549eeeca7a9fa5af":"<blockquote class=\"wp-embedded-content\" data-secret=\"45g97g82r8\"><a href=\"https:\/\/www.varesenews.it\/2021\/07\/meno-studenti-piu-classi-alle-medie-lobiettivo-la-scuola-presenza\/1363751\/\">Meno studenti ma pi\u00f9 classi: l&#8217;obiettivo \u00e8 la scuola in presenza<\/a><\/blockquote><iframe class=\"wp-embedded-content\" sandbox=\"allow-scripts\" security=\"restricted\" style=\"position: absolute; clip: rect(1px, 1px, 1px, 1px);\" src=\"https:\/\/www.varesenews.it\/2021\/07\/meno-studenti-piu-classi-alle-medie-lobiettivo-la-scuola-presenza\/1363751\/embed\/#?secret=45g97g82r8\" data-secret=\"45g97g82r8\" width=\"500\" height=\"282\" title=\"&#8220;Meno studenti ma pi\u00f9 classi: l&#8217;obiettivo \u00e8 la scuola in presenza&#8221; &#8212; VareseNews\" frameborder=\"0\" marginwidth=\"0\" marginheight=\"0\" scrolling=\"no\"><\/iframe>","_oembed_time_9795d0de4483bbcf549eeeca7a9fa5af":"1631780049","_oembed_44db794e4299776e85c1f1bc277b6095":"<iframe width=\"500\" height=\"281\" src=\"https:\/\/www.youtube.com\/embed\/XYNNZ1yO6Gg?feature=oembed\" frameborder=\"0\" allow=\"accelerometer; autoplay; clipboard-write; encrypted-media; gyroscope; picture-in-picture\" allowfullscreen><\/iframe>","_oembed_time_44db794e4299776e85c1f1bc277b6095":"1631780049","_oembed_1f78156fafcd27129020ecb662f1b553":"<iframe width=\"500\" height=\"281\" src=\"https:\/\/www.youtube.com\/embed\/uR3gqmyRoIY?feature=oembed\" frameborder=\"0\" allow=\"accelerometer; autoplay; clipboard-write; encrypted-media; gyroscope; picture-in-picture\" allowfullscreen><\/iframe>","_oembed_time_1f78156fafcd27129020ecb662f1b553":"1631780209","_oembed_1c73dca4e3234009dca21cb4b6d5117e":"<blockquote class=\"wp-embedded-content\" data-secret=\"fdNnbnJq4T\"><a href=\"https:\/\/www.varesenews.it\/2021\/09\/chiude-parcheggio-via-roma-gazzada-schianno-sorgera-palazzina\/1378600\/\">Chiude il parcheggio di via Roma a Gazzada Schianno, sorger\u00e0 una palazzina<\/a><\/blockquote><iframe class=\"wp-embedded-content\" sandbox=\"allow-scripts\" security=\"restricted\" style=\"position: absolute; clip: rect(1px, 1px, 1px, 1px);\" src=\"https:\/\/www.varesenews.it\/2021\/09\/chiude-parcheggio-via-roma-gazzada-schianno-sorgera-palazzina\/1378600\/embed\/#?secret=fdNnbnJq4T\" data-secret=\"fdNnbnJq4T\" width=\"500\" height=\"282\" title=\"&#8220;Chiude il parcheggio di via Roma a Gazzada Schianno, sorger\u00e0 una palazzina&#8221; &#8212; VareseNews\" frameborder=\"0\" marginwidth=\"0\" marginheight=\"0\" scrolling=\"no\"><\/iframe>","_oembed_time_1c73dca4e3234009dca21cb4b6d5117e":"1631780209","_oembed_f6e384a5018c467e8598382fefcb6465":"<blockquote class=\"wp-embedded-content\" data-secret=\"8fAzYuvwBG\"><a href=\"https:\/\/www.varesenews.it\/2020\/12\/dire-mare-otto-ore-nave\/1283735\/\">&#8220;Tra il dire e il mare&#8221;: otto ore per fare una nave<\/a><\/blockquote><iframe class=\"wp-embedded-content\" sandbox=\"allow-scripts\" security=\"restricted\" style=\"position: absolute; clip: rect(1px, 1px, 1px, 1px);\" src=\"https:\/\/www.varesenews.it\/2020\/12\/dire-mare-otto-ore-nave\/1283735\/embed\/#?secret=8fAzYuvwBG\" data-secret=\"8fAzYuvwBG\" width=\"500\" height=\"282\" title=\"&#8220;&#8220;Tra il dire e il mare&#8221;: otto ore per fare una nave&#8221; &#8212; VareseNews\" frameborder=\"0\" marginwidth=\"0\" marginheight=\"0\" scrolling=\"no\"><\/iframe>","_oembed_time_f6e384a5018c467e8598382fefcb6465":"1631780209","youtube_id":"QOwJOEQjAwc","_oembed_bc9c705584fdb1133262b24cab6e6469":"<blockquote class=\"wp-embedded-content\" data-secret=\"IlPmEmBQVy\"><a href=\"https:\/\/www.varesenews.it\/2021\/09\/svizzera-cambiano-le-regole-sara-richiesto-pass-covid\/1376053\/\">In Svizzera cambiano le regole: ecco dove sar\u00e0 richiesto il pass Covid<\/a><\/blockquote><iframe class=\"wp-embedded-content\" sandbox=\"allow-scripts\" security=\"restricted\" style=\"position: absolute; clip: rect(1px, 1px, 1px, 1px);\" src=\"https:\/\/www.varesenews.it\/2021\/09\/svizzera-cambiano-le-regole-sara-richiesto-pass-covid\/1376053\/embed\/#?secret=IlPmEmBQVy\" data-secret=\"IlPmEmBQVy\" width=\"500\" height=\"282\" title=\"&#8220;In Svizzera cambiano le regole: ecco dove sar\u00e0 richiesto il pass Covid&#8221; &#8212; VareseNews\" frameborder=\"0\" marginwidth=\"0\" marginheight=\"0\" scrolling=\"no\"><\/iframe>","_oembed_time_bc9c705584fdb1133262b24cab6e6469":"1631780455","_oembed_93f091d8426405500cd1e265c153836c":"<blockquote class=\"wp-embedded-content\" data-secret=\"DYPtTNeOFv\"><a href=\"https:\/\/www.varesenews.it\/2021\/09\/feste-picnic-nellultimo-weekend-vacanze-estive-tornare-scuola\/1376877\/\">Feste e picnic nell&#8217;ultimo weekend di vacanze estive prima di tornare a scuola<\/a><\/blockquote><iframe class=\"wp-embedded-content\" sandbox=\"allow-scripts\" security=\"restricted\" style=\"position: absolute; clip: rect(1px, 1px, 1px, 1px);\" src=\"https:\/\/www.varesenews.it\/2021\/09\/feste-picnic-nellultimo-weekend-vacanze-estive-tornare-scuola\/1376877\/embed\/#?secret=DYPtTNeOFv\" data-secret=\"DYPtTNeOFv\" width=\"500\" height=\"282\" title=\"&#8220;Feste e picnic nell&#8217;ultimo weekend di vacanze estive prima di tornare a scuola&#8221; &#8212; VareseNews\" frameborder=\"0\" marginwidth=\"0\" marginheight=\"0\" scrolling=\"no\"><\/iframe>","_oembed_time_93f091d8426405500cd1e265c153836c":"1631780455","_oembed_163bce260dd883e1bdd0d9142f82e6a8":"<blockquote class=\"wp-embedded-content\" data-secret=\"Bp5CdF1hkH\"><a href=\"https:\/\/www.varesenews.it\/2021\/08\/caffe-bond-spread-gli-studenti-della-liuc-fondano-club-della-finanza\/1373085\/\">Caff\u00e8, bond e spread: gli studenti della Liuc fondano il club della finanza<\/a><\/blockquote><iframe class=\"wp-embedded-content\" sandbox=\"allow-scripts\" security=\"restricted\" style=\"position: absolute; clip: rect(1px, 1px, 1px, 1px);\" src=\"https:\/\/www.varesenews.it\/2021\/08\/caffe-bond-spread-gli-studenti-della-liuc-fondano-club-della-finanza\/1373085\/embed\/#?secret=Bp5CdF1hkH\" data-secret=\"Bp5CdF1hkH\" width=\"500\" height=\"282\" title=\"&#8220;Caff\u00e8, bond e spread: gli studenti della Liuc fondano il club della finanza&#8221; &#8212; VareseNews\" frameborder=\"0\" marginwidth=\"0\" marginheight=\"0\" scrolling=\"no\"><\/iframe>","_oembed_time_163bce260dd883e1bdd0d9142f82e6a8":"1631780456","_oembed_1c0c45af350920ab104c79cbb2b27d73":"<blockquote class=\"wp-embedded-content\" data-secret=\"IA1CPh3GPK\"><a href=\"https:\/\/www.verbanonews.it\/canali-tematici\/turismo\/2021\/08\/27\/certificato-covid-per-ristoranti-e-musei-anche-la-svizzera-verso-lobbligo-del-green-pass\/934427\/\">Certificato Covid per ristoranti e musei, anche la Svizzera verso l&#8217;obbligo del green pass<\/a><\/blockquote><iframe class=\"wp-embedded-content\" sandbox=\"allow-scripts\" security=\"restricted\" style=\"position: absolute; clip: rect(1px, 1px, 1px, 1px);\" src=\"https:\/\/www.verbanonews.it\/canali-tematici\/turismo\/2021\/08\/27\/certificato-covid-per-ristoranti-e-musei-anche-la-svizzera-verso-lobbligo-del-green-pass\/934427\/embed\/#?secret=IA1CPh3GPK\" data-secret=\"IA1CPh3GPK\" width=\"500\" height=\"282\" title=\"&#8220;Certificato Covid per ristoranti e musei, anche la Svizzera verso l&#8217;obbligo del green pass&#8221; &#8212; VerbanoNews\" frameborder=\"0\" marginwidth=\"0\" marginheight=\"0\" scrolling=\"no\"><\/iframe>","_oembed_time_1c0c45af350920ab104c79cbb2b27d73":"1631780462","_oembed_c720fddf84faa5a36ec0cb6b9cbbf908":"<blockquote class=\"wp-embedded-content\" data-secret=\"zvEl0Ebp5m\"><a href=\"https:\/\/www.varesenews.it\/2021\/09\/trasporti-green-pass-le-nuove-regole-vigore-oggi-1-settembre\/1373719\/\">Trasporti e green pass le nuove regole in vigore da oggi, 1\u00b0 settembre<\/a><\/blockquote><iframe class=\"wp-embedded-content\" sandbox=\"allow-scripts\" security=\"restricted\" style=\"position: absolute; clip: rect(1px, 1px, 1px, 1px);\" src=\"https:\/\/www.varesenews.it\/2021\/09\/trasporti-green-pass-le-nuove-regole-vigore-oggi-1-settembre\/1373719\/embed\/#?secret=zvEl0Ebp5m\" data-secret=\"zvEl0Ebp5m\" width=\"500\" height=\"282\" title=\"&#8220;Trasporti e green pass le nuove regole in vigore da oggi, 1\u00b0 settembre&#8221; &#8212; VareseNews\" frameborder=\"0\" marginwidth=\"0\" marginheight=\"0\" scrolling=\"no\"><\/iframe>","_oembed_time_c720fddf84faa5a36ec0cb6b9cbbf908":"1631780462","_oembed_ae2d5fbac7d78e234c719cc2f1a2eab7":"<blockquote class=\"wp-embedded-content\" data-secret=\"ZbMVSPrpQy\"><a href=\"https:\/\/www.varesenews.it\/2021\/08\/la-svizzera-valuta-nuove-restrizioni-sui-viaggi-allestero\/1373087\/\">La Svizzera valuta nuove restrizioni sui viaggi all&#8217;estero<\/a><\/blockquote><iframe class=\"wp-embedded-content\" sandbox=\"allow-scripts\" security=\"restricted\" style=\"position: absolute; clip: rect(1px, 1px, 1px, 1px);\" src=\"https:\/\/www.varesenews.it\/2021\/08\/la-svizzera-valuta-nuove-restrizioni-sui-viaggi-allestero\/1373087\/embed\/#?secret=ZbMVSPrpQy\" data-secret=\"ZbMVSPrpQy\" width=\"500\" height=\"282\" title=\"&#8220;La Svizzera valuta nuove restrizioni sui viaggi all&#8217;estero&#8221; &#8212; VareseNews\" frameborder=\"0\" marginwidth=\"0\" marginheight=\"0\" scrolling=\"no\"><\/iframe>","_oembed_time_ae2d5fbac7d78e234c719cc2f1a2eab7":"1631780462","_oembed_260f53f32b3c001952ed77c09573dcf9":"<blockquote class=\"wp-embedded-content\" data-secret=\"9oOb4HGMT4\"><a href=\"https:\/\/www.varesenews.it\/2021\/09\/dal-lavoro-al-fianco-dei-militari-italiani-allevacuazione-interprete-afgano-due-mesi-varese-la-famiglia\/1373845\/\">Dal lavoro al fianco dei militari italiani all&#8217;evacuazione: interprete afgano da due mesi a Varese con la famiglia<\/a><\/blockquote><iframe class=\"wp-embedded-content\" sandbox=\"allow-scripts\" security=\"restricted\" style=\"position: absolute; clip: rect(1px, 1px, 1px, 1px);\" src=\"https:\/\/www.varesenews.it\/2021\/09\/dal-lavoro-al-fianco-dei-militari-italiani-allevacuazione-interprete-afgano-due-mesi-varese-la-famiglia\/1373845\/embed\/#?secret=9oOb4HGMT4\" data-secret=\"9oOb4HGMT4\" width=\"500\" height=\"282\" title=\"&#8220;Dal lavoro al fianco dei militari italiani all&#8217;evacuazione: interprete afgano da due mesi a Varese con la famiglia&#8221; &#8212; VareseNews\" frameborder=\"0\" marginwidth=\"0\" marginheight=\"0\" scrolling=\"no\"><\/iframe>","_oembed_time_260f53f32b3c001952ed77c09573dcf9":"1631780517","_oembed_d8a9aacd2a3774f81131844b8e404404":"<blockquote class=\"wp-embedded-content\" data-secret=\"5KVFSPeBIq\"><a href=\"https:\/\/www.varesenews.it\/2021\/09\/palazzo-pirelli-dante-dali\/1377615\/\">A Palazzo Pirelli di Milano il Dante di Dal\u00ec<\/a><\/blockquote><iframe class=\"wp-embedded-content\" sandbox=\"allow-scripts\" security=\"restricted\" style=\"position: absolute; clip: rect(1px, 1px, 1px, 1px);\" src=\"https:\/\/www.varesenews.it\/2021\/09\/palazzo-pirelli-dante-dali\/1377615\/embed\/#?secret=5KVFSPeBIq\" data-secret=\"5KVFSPeBIq\" width=\"500\" height=\"282\" title=\"&#8220;A Palazzo Pirelli di Milano il Dante di Dal\u00ec&#8221; &#8212; VareseNews\" frameborder=\"0\" marginwidth=\"0\" marginheight=\"0\" scrolling=\"no\"><\/iframe>","_oembed_time_d8a9aacd2a3774f81131844b8e404404":"1631780518","_oembed_06683cafe545aed133e1b7398d00fab1":"<blockquote class=\"wp-embedded-content\" data-secret=\"pvrx2Ug9MJ\"><a href=\"https:\/\/www.varesenews.it\/2020\/09\/lultimo-abbraccio-como-don-roberto-malgesini\/962548\/\">L&#8217;ultimo abbraccio di Como a don Roberto Malgesini<\/a><\/blockquote><iframe class=\"wp-embedded-content\" sandbox=\"allow-scripts\" security=\"restricted\" style=\"position: absolute; clip: rect(1px, 1px, 1px, 1px);\" src=\"https:\/\/www.varesenews.it\/2020\/09\/lultimo-abbraccio-como-don-roberto-malgesini\/962548\/embed\/#?secret=pvrx2Ug9MJ\" data-secret=\"pvrx2Ug9MJ\" width=\"500\" height=\"282\" title=\"&#8220;L&#8217;ultimo abbraccio di Como a don Roberto Malgesini&#8221; &#8212; VareseNews\" frameborder=\"0\" marginwidth=\"0\" marginheight=\"0\" scrolling=\"no\"><\/iframe>","_oembed_time_06683cafe545aed133e1b7398d00fab1":"1631780518","_oembed_ad4a2183c4c1da967781dc8e6ffeed79":"<blockquote class=\"wp-embedded-content\" data-secret=\"4llu0aHPe2\"><a href=\"https:\/\/www.verbanonews.it\/canali-tematici\/turismo\/2021\/09\/09\/lago-maggiore-bello-dautunno-la-guida-per-scoprire-il-verbano-nella-stagione-dei-funghi-e-del-foliage\/934786\/\">Lago Maggiore bello d&#8217;autunno. La guida per scoprire il Verbano nella stagione dei funghi e del foliage<\/a><\/blockquote><iframe class=\"wp-embedded-content\" sandbox=\"allow-scripts\" security=\"restricted\" style=\"position: absolute; clip: rect(1px, 1px, 1px, 1px);\" src=\"https:\/\/www.verbanonews.it\/canali-tematici\/turismo\/2021\/09\/09\/lago-maggiore-bello-dautunno-la-guida-per-scoprire-il-verbano-nella-stagione-dei-funghi-e-del-foliage\/934786\/embed\/#?secret=4llu0aHPe2\" data-secret=\"4llu0aHPe2\" width=\"500\" height=\"282\" title=\"&#8220;Lago Maggiore bello d&#8217;autunno. La guida per scoprire il Verbano nella stagione dei funghi e del foliage&#8221; &#8212; VerbanoNews\" frameborder=\"0\" marginwidth=\"0\" marginheight=\"0\" scrolling=\"no\"><\/iframe>","_oembed_time_ad4a2183c4c1da967781dc8e6ffeed79":"1631780523","_oembed_88ebfa8c4768de57994fbd2507af0b53":"<iframe width=\"500\" height=\"281\" src=\"https:\/\/www.youtube.com\/embed\/f3QSZw4lzqA?feature=oembed\" frameborder=\"0\" allow=\"accelerometer; autoplay; clipboard-write; encrypted-media; gyroscope; picture-in-picture\" allowfullscreen><\/iframe>","_oembed_time_88ebfa8c4768de57994fbd2507af0b53":"1631780535","_oembed_9ab1729097c7d370f6879d301a562051":"<iframe width=\"500\" height=\"281\" src=\"https:\/\/www.youtube.com\/embed\/g43KiJkEfbY?feature=oembed\" frameborder=\"0\" allow=\"accelerometer; autoplay; clipboard-write; encrypted-media; gyroscope; picture-in-picture\" allowfullscreen><\/iframe>","_oembed_time_9ab1729097c7d370f6879d301a562051":"1631780536","_oembed_f7b74fb1f64e12ef9f746f89240dc11e":"<blockquote class=\"wp-embedded-content\" data-secret=\"FxiL96uvSV\"><a href=\"https:\/\/www.varesenews.it\/2021\/09\/colpaccio-del-team-parkingo-gallarate-vittoria-gonzalez-magny-course\/1375046\/\">Colpaccio del Team ParkinGo di Gallarate: vittoria di Gonzalez a Magny Course<\/a><\/blockquote><iframe class=\"wp-embedded-content\" sandbox=\"allow-scripts\" security=\"restricted\" style=\"position: absolute; clip: rect(1px, 1px, 1px, 1px);\" src=\"https:\/\/www.varesenews.it\/2021\/09\/colpaccio-del-team-parkingo-gallarate-vittoria-gonzalez-magny-course\/1375046\/embed\/#?secret=FxiL96uvSV\" data-secret=\"FxiL96uvSV\" width=\"500\" height=\"282\" title=\"&#8220;Colpaccio del Team ParkinGo di Gallarate: vittoria di Gonzalez a Magny Course&#8221; &#8212; VareseNews\" frameborder=\"0\" marginwidth=\"0\" marginheight=\"0\" scrolling=\"no\"><\/iframe>","_oembed_time_f7b74fb1f64e12ef9f746f89240dc11e":"1631780537"},"photos":[{"original":"https:\/\/staging.varesenews.it\/photogallery_new\/images\/2021\/09\/salone-del-mobile-di-milano-2021-1244781.jpg","full":"https:\/\/staging.varesenews.it\/photogallery_new\/images\/2021\/09\/salone-del-mobile-di-milano-2021-1244781.1024x768.jpg","large":"https:\/\/staging.varesenews.it\/photogallery_new\/images\/2021\/09\/salone-del-mobile-di-milano-2021-1244781.610x431.jpg"}],"_links":{"self":[{"href":"https:\/\/staging.varesenews.it\/swgapi\/v1\/wp\/v2\/posts\/1378915"}],"collection":[{"href":"https:\/\/staging.varesenews.it\/swgapi\/v1\/wp\/v2\/posts"}],"about":[{"href":"https:\/\/staging.varesenews.it\/swgapi\/v1\/wp\/v2\/types\/post"}],"author":[{"embeddable":true,"href":"https:\/\/staging.varesenews.it\/swgapi\/v1\/wp\/v2\/users\/32"}],"replies":[{"embeddable":true,"href":"https:\/\/staging.varesenews.it\/swgapi\/v1\/wp\/v2\/comments?post=1378915"}],"version-history":[{"count":0,"href":"https:\/\/staging.varesenews.it\/swgapi\/v1\/wp\/v2\/posts\/1378915\/revisions"}],"wp:attachment":[{"href":"https:\/\/staging.varesenews.it\/swgapi\/v1\/wp\/v2\/media?parent=1378915"}],"wp:term":[{"taxonomy":"category","embeddable":true,"href":"https:\/\/staging.varesenews.it\/swgapi\/v1\/wp\/v2\/categories?post=1378915"},{"taxonomy":"post_tag","embeddable":true,"href":"https:\/\/staging.varesenews.it\/swgapi\/v1\/wp\/v2\/tags?post=1378915"}],"curies":[{"name":"wp","href":"https:\/\/api.w.org\/{rel}","templated":true}]}}