{"id":1380359,"date":"2021-09-20T12:56:50","date_gmt":"2021-09-20T10:56:50","guid":{"rendered":"https:\/\/www.varesenews.it\/?p=1380359"},"modified":"2021-09-20T17:51:27","modified_gmt":"2021-09-20T15:51:27","slug":"provate-riparare-mondo-al-quarto-cardano-lesempio-alex-langer","status":"publish","type":"post","link":"https:\/\/staging.varesenews.it\/2021\/09\/provate-riparare-mondo-al-quarto-cardano-lesempio-alex-langer\/1380359\/","title":{"rendered":"&#8220;Provate a riparare il mondo&#8221;: al Quarto Stato di Cardano l&#8217;esempio di Alex Langer"},"content":{"rendered":"<p>Dopo la \u201ccamminata letteraria\u201d dello scorso 15 maggio 2021 nella cornice naturale della Via Gaggio, dedicata al rapporto tra uomo e natura con i contributi di Alex Langer, Pippo Civati, Papa Francesco, Tiziano Terzani ed altri, il <strong>duo Walter Girardi e Federico Calandra sabato 25 settembre presenter\u00e0 presso il Circolo Quarto Stato<\/strong> il <strong>reading musicale \u201cProvate a riparare il mondo, dialogando con Alex Langer\u201d<\/strong>.<\/p>\n<p>Un viaggio attraverso alcuni dei testi pi\u00f9 significativi di Alex Langer, ecologista, pacifista, costruttore di ponti, fondatore del movimento dei Verdi morto suicida al Pian dei Giullari a Firenze il 3 luglio 1985 che diventa l\u2019occasione <strong>per ricordare quanto siano attuali il pensiero, le idee e gli scritti di Alex Langer<\/strong> a pi\u00f9 di 30 anni dalla sua morte.<\/p>\n<p>Un dialogo, a tratti un monologo, che affronta alcune delle tante tematiche care a Langer, partendo dagli \u201cstrani giorni\u201d che stiamo vivendo oggi per arrivare al testamento spirituale \u201cNon siate tristi, continuate in ci\u00f2 che era giusto.\u201d<\/p>\n<p>Una frase densa di tanti significati che rappresenta, almeno per Walter e Federico un grande impegno verso il futuro, perch\u00e9 il nostro cammino come homo sapiens \u00e8 rivolto al futuro e dobbiamo imparare che non c\u2019\u00e8 niente di male ad avere un po&#8217; di sana fame di futuro: \u00e8 su questo che dobbiamo continuare ad investire.<br \/>\nUn reading che non \u00e8 semplicemente un omaggio a Langer, ma anche una profonda riflessione a voce alta sulla situazione di crisi socio, climatica e ambientale che stiamo vivendo e che partendo proprio dai pensieri di Langer vuole immaginare, suggerire come costruire un futuro diverso.<\/p>\n<p><strong>Quella al Circolo Quarto Stato sar\u00e0 una prima assoluta<\/strong>, visto e considerato che il reading sar\u00e0 poi presentato a Brescia il prossimo 21 novembre, ma \u00e8 gi\u00e0 richiesto in altre parti della Lombardia.<\/p>\n<p>L\u2019evento \u00e8 organizzato dal<strong> Comitato Rosa Parks di Varese Possibile e dal Circolo Quarto Stato<\/strong> in collaborazione con la Casa editrice People, con ingresso gratuito e con prenotazione necessaria al 349 450 6893. In caso di maltempo l\u2019evento si svolger\u00e0 al chiuso nel rispetto delle normative vigenti.<\/p>\n<p><strong>Walter Girardi<\/strong> nasce sulle sponde del Ticino nel 1976. Dopo la laurea in Giurisprudenza decide di intraprendere un percorso dedicato all&#8217;ambiente, alla sua conservazione e valorizzazione diventando nel 2015 Guida Naturalistica ed occupandosi principalmente di educazione ambientale. Appassionato sin da giovanissimo di politica, incontra Pippo Civati, suo vero ispiratore e ancora oggi fanno politica insieme all\u2019interno di Possibile. Da sempre affascinato delle politiche e tematiche ambientali trova ispirazione da Alex Langer e decide di omaggiarlo con delle letture musicali.<\/p>\n<p><strong>Federico Calandra<\/strong> nasce nel 1994 a Gallarate (VA), da bambino si avvicina al mondo della musica e a 10 anni gli viene regalata la sua prima chitarra che studia presso il Centro Espressione Musicale di Gallarate. Negli anni suona come chitarrista sia ritmico che solista in diverse band. Nel 2012 inizia a lavorare come produttore con il rapper della Dogo Gang Ted Bee collaborando anche con Andrea Rock (Virgin Radio) Paolo Brera (Articolo 31\/J- Ax), e Strano dei Gemelli DiVersi. Nel 2020 si dedica ai suoi progetti solisti di musica ambient . Nel corso del 2021 si occupa della creazione di scenografie sonore per il Festival Tra Sacro e Sacromonte.<\/p>\n","protected":false},"excerpt":{"rendered":"<p>Il reading musicale &#8211; a cura di Walter Girardi con live ambient guitar di Federico Calandra &#8211; viene presentato in anteprima sabato 25 settembre<\/p>\n","protected":false},"author":46,"featured_media":0,"comment_status":"open","ping_status":"open","sticky":false,"template":"","format":"standard","meta":{"footnotes":""},"categories":[3,21],"tags":[8596,158],"acf":[],"yoast_head":"<!-- This site is optimized with the Yoast SEO plugin v20.1 - https:\/\/yoast.com\/wordpress\/plugins\/seo\/ -->\n<title>&quot;Provate a riparare il mondo&quot;: al Quarto Stato di Cardano l&#039;esempio di Alex Langer<\/title>\n<meta name=\"description\" content=\"Il reading musicale - a cura di Walter Girardi con live ambient guitar di Federico Calandra - viene presentato in anteprima sabato 25 settembre\" \/>\n<meta name=\"robots\" content=\"noindex, follow, max-snippet:-1, max-image-preview:large, max-video-preview:-1\" \/>\n<meta property=\"og:locale\" content=\"it_IT\" \/>\n<meta property=\"og:type\" content=\"article\" \/>\n<meta property=\"og:title\" content=\"&quot;Provate a riparare il mondo&quot;: al Quarto Stato di Cardano l&#039;esempio di Alex Langer\" \/>\n<meta property=\"og:description\" content=\"Il reading musicale - a cura di Walter Girardi con live ambient guitar di Federico Calandra - viene presentato in anteprima sabato 25 settembre\" \/>\n<meta property=\"og:url\" content=\"https:\/\/staging.varesenews.it\/2021\/09\/provate-riparare-mondo-al-quarto-cardano-lesempio-alex-langer\/1380359\/\" \/>\n<meta property=\"og:site_name\" content=\"VareseNews\" \/>\n<meta property=\"article:publisher\" content=\"https:\/\/www.facebook.com\/varesenews\" \/>\n<meta property=\"article:published_time\" content=\"2021-09-20T10:56:50+00:00\" \/>\n<meta property=\"article:modified_time\" content=\"2021-09-20T15:51:27+00:00\" \/>\n<meta name=\"author\" content=\"Roberto Morandi\" \/>\n<meta name=\"twitter:card\" content=\"summary_large_image\" \/>\n<meta name=\"twitter:creator\" content=\"@ilmorands\" \/>\n<meta name=\"twitter:site\" content=\"@varesenews\" \/>\n<meta name=\"twitter:label1\" content=\"Scritto da\" \/>\n\t<meta name=\"twitter:data1\" content=\"Roberto Morandi\" \/>\n\t<meta name=\"twitter:label2\" content=\"Tempo di lettura stimato\" \/>\n\t<meta name=\"twitter:data2\" content=\"3 minuti\" \/>\n<script type=\"application\/ld+json\" class=\"yoast-schema-graph\">{\"@context\":\"https:\/\/schema.org\",\"@graph\":[{\"@type\":\"WebPage\",\"@id\":\"https:\/\/staging.varesenews.it\/2021\/09\/provate-riparare-mondo-al-quarto-cardano-lesempio-alex-langer\/1380359\/\",\"url\":\"https:\/\/staging.varesenews.it\/2021\/09\/provate-riparare-mondo-al-quarto-cardano-lesempio-alex-langer\/1380359\/\",\"name\":\"\\\"Provate a riparare il mondo\\\": al Quarto Stato di Cardano l'esempio di Alex Langer\",\"isPartOf\":{\"@id\":\"https:\/\/staging.varesenews.it\/#website\"},\"datePublished\":\"2021-09-20T10:56:50+00:00\",\"dateModified\":\"2021-09-20T15:51:27+00:00\",\"author\":{\"@id\":\"https:\/\/staging.varesenews.it\/#\/schema\/person\/efe592ae4c76536b551f89d8b6674bc3\"},\"description\":\"Il reading musicale - a cura di Walter Girardi con live ambient guitar di Federico Calandra - viene presentato in anteprima sabato 25 settembre\",\"breadcrumb\":{\"@id\":\"https:\/\/staging.varesenews.it\/2021\/09\/provate-riparare-mondo-al-quarto-cardano-lesempio-alex-langer\/1380359\/#breadcrumb\"},\"inLanguage\":\"it-IT\",\"potentialAction\":[{\"@type\":\"ReadAction\",\"target\":[\"https:\/\/staging.varesenews.it\/2021\/09\/provate-riparare-mondo-al-quarto-cardano-lesempio-alex-langer\/1380359\/\"]}]},{\"@type\":\"BreadcrumbList\",\"@id\":\"https:\/\/staging.varesenews.it\/2021\/09\/provate-riparare-mondo-al-quarto-cardano-lesempio-alex-langer\/1380359\/#breadcrumb\",\"itemListElement\":[{\"@type\":\"ListItem\",\"position\":1,\"name\":\"Home\",\"item\":\"https:\/\/www.varesenews.it\/\"},{\"@type\":\"ListItem\",\"position\":2,\"name\":\"&#8220;Provate a riparare il mondo&#8221;: al Quarto Stato di Cardano l&#8217;esempio di Alex Langer\"}]},{\"@type\":\"WebSite\",\"@id\":\"https:\/\/staging.varesenews.it\/#website\",\"url\":\"https:\/\/staging.varesenews.it\/\",\"name\":\"VareseNews\",\"description\":\"\",\"potentialAction\":[{\"@type\":\"SearchAction\",\"target\":{\"@type\":\"EntryPoint\",\"urlTemplate\":\"https:\/\/staging.varesenews.it\/?s={search_term_string}\"},\"query-input\":\"required name=search_term_string\"}],\"inLanguage\":\"it-IT\"},{\"@type\":\"Person\",\"@id\":\"https:\/\/staging.varesenews.it\/#\/schema\/person\/efe592ae4c76536b551f89d8b6674bc3\",\"name\":\"Roberto Morandi\",\"image\":{\"@type\":\"ImageObject\",\"inLanguage\":\"it-IT\",\"@id\":\"https:\/\/staging.varesenews.it\/#\/schema\/person\/image\/\",\"url\":\"https:\/\/staging.varesenews.it\/wp-content\/uploads\/2020\/12\/roberto_morandi_colori_500.jpg\",\"contentUrl\":\"https:\/\/staging.varesenews.it\/wp-content\/uploads\/2020\/12\/roberto_morandi_colori_500.jpg\",\"caption\":\"Roberto Morandi\"},\"description\":\"Classe 1980, laureato in storia, mi occupo dell&rsquo;area di Gallarate e di Malpensa, di trasporti e mobilit&agrave;. Amo molto la dimensione della citt&agrave;, come luogo d&rsquo;incontro di persone diverse e come organismo che si trasforma costantemente. Mi piace anche raccontare le piccole e grandi vicende, anche locali, che compongono la Storia con la S maiuscola. Appassionato di bicicletta: la macchina perfetta per muoversi in citt&agrave; e per viaggiare.\",\"sameAs\":[\"https:\/\/twitter.com\/ilmorands\"],\"url\":\"https:\/\/staging.varesenews.it\/persona\/roberto-morandi1\/\"}]}<\/script>\n<!-- \/ Yoast SEO plugin. -->","yoast_head_json":{"title":"\"Provate a riparare il mondo\": al Quarto Stato di Cardano l'esempio di Alex Langer","description":"Il reading musicale - a cura di Walter Girardi con live ambient guitar di Federico Calandra - viene presentato in anteprima sabato 25 settembre","robots":{"index":"noindex","follow":"follow","max-snippet":"max-snippet:-1","max-image-preview":"max-image-preview:large","max-video-preview":"max-video-preview:-1"},"og_locale":"it_IT","og_type":"article","og_title":"\"Provate a riparare il mondo\": al Quarto Stato di Cardano l'esempio di Alex Langer","og_description":"Il reading musicale - a cura di Walter Girardi con live ambient guitar di Federico Calandra - viene presentato in anteprima sabato 25 settembre","og_url":"https:\/\/staging.varesenews.it\/2021\/09\/provate-riparare-mondo-al-quarto-cardano-lesempio-alex-langer\/1380359\/","og_site_name":"VareseNews","article_publisher":"https:\/\/www.facebook.com\/varesenews","article_published_time":"2021-09-20T10:56:50+00:00","article_modified_time":"2021-09-20T15:51:27+00:00","author":"Roberto Morandi","twitter_card":"summary_large_image","twitter_creator":"@ilmorands","twitter_site":"@varesenews","twitter_misc":{"Scritto da":"Roberto Morandi","Tempo di lettura stimato":"3 minuti"},"schema":{"@context":"https:\/\/schema.org","@graph":[{"@type":"WebPage","@id":"https:\/\/staging.varesenews.it\/2021\/09\/provate-riparare-mondo-al-quarto-cardano-lesempio-alex-langer\/1380359\/","url":"https:\/\/staging.varesenews.it\/2021\/09\/provate-riparare-mondo-al-quarto-cardano-lesempio-alex-langer\/1380359\/","name":"\"Provate a riparare il mondo\": al Quarto Stato di Cardano l'esempio di Alex Langer","isPartOf":{"@id":"https:\/\/staging.varesenews.it\/#website"},"datePublished":"2021-09-20T10:56:50+00:00","dateModified":"2021-09-20T15:51:27+00:00","author":{"@id":"https:\/\/staging.varesenews.it\/#\/schema\/person\/efe592ae4c76536b551f89d8b6674bc3"},"description":"Il reading musicale - a cura di Walter Girardi con live ambient guitar di Federico Calandra - viene presentato in anteprima sabato 25 settembre","breadcrumb":{"@id":"https:\/\/staging.varesenews.it\/2021\/09\/provate-riparare-mondo-al-quarto-cardano-lesempio-alex-langer\/1380359\/#breadcrumb"},"inLanguage":"it-IT","potentialAction":[{"@type":"ReadAction","target":["https:\/\/staging.varesenews.it\/2021\/09\/provate-riparare-mondo-al-quarto-cardano-lesempio-alex-langer\/1380359\/"]}]},{"@type":"BreadcrumbList","@id":"https:\/\/staging.varesenews.it\/2021\/09\/provate-riparare-mondo-al-quarto-cardano-lesempio-alex-langer\/1380359\/#breadcrumb","itemListElement":[{"@type":"ListItem","position":1,"name":"Home","item":"https:\/\/www.varesenews.it\/"},{"@type":"ListItem","position":2,"name":"&#8220;Provate a riparare il mondo&#8221;: al Quarto Stato di Cardano l&#8217;esempio di Alex Langer"}]},{"@type":"WebSite","@id":"https:\/\/staging.varesenews.it\/#website","url":"https:\/\/staging.varesenews.it\/","name":"VareseNews","description":"","potentialAction":[{"@type":"SearchAction","target":{"@type":"EntryPoint","urlTemplate":"https:\/\/staging.varesenews.it\/?s={search_term_string}"},"query-input":"required name=search_term_string"}],"inLanguage":"it-IT"},{"@type":"Person","@id":"https:\/\/staging.varesenews.it\/#\/schema\/person\/efe592ae4c76536b551f89d8b6674bc3","name":"Roberto Morandi","image":{"@type":"ImageObject","inLanguage":"it-IT","@id":"https:\/\/staging.varesenews.it\/#\/schema\/person\/image\/","url":"https:\/\/staging.varesenews.it\/wp-content\/uploads\/2020\/12\/roberto_morandi_colori_500.jpg","contentUrl":"https:\/\/staging.varesenews.it\/wp-content\/uploads\/2020\/12\/roberto_morandi_colori_500.jpg","caption":"Roberto Morandi"},"description":"Classe 1980, laureato in storia, mi occupo dell&rsquo;area di Gallarate e di Malpensa, di trasporti e mobilit&agrave;. Amo molto la dimensione della citt&agrave;, come luogo d&rsquo;incontro di persone diverse e come organismo che si trasforma costantemente. Mi piace anche raccontare le piccole e grandi vicende, anche locali, che compongono la Storia con la S maiuscola. Appassionato di bicicletta: la macchina perfetta per muoversi in citt&agrave; e per viaggiare.","sameAs":["https:\/\/twitter.com\/ilmorands"],"url":"https:\/\/staging.varesenews.it\/persona\/roberto-morandi1\/"}]}},"post_meta":{"_edit_lock":"1632153089:46","_edit_last":"46","_category_permalink":"a:1:{s:8:\"category\";s:1:\"3\";}","_encloseme":"1","ratings_users":"0","ratings_score":"0","ratings_average":"0","foto":"1248128","firma_come_redazione":"1","argomento":"Cardano al Campo","_yoast_wpseo_content_score":"30","_jd_tweet_this":"yes","_wpt_short_url":"https:\/\/www.varesenews.it\/2021\/09\/provate-riparare-mondo-al-quarto-cardano-lesempio-alex-langer\/1380359\/","_wp_jd_target":"https:\/\/www.varesenews.it\/2021\/09\/provate-riparare-mondo-al-quarto-cardano-lesempio-alex-langer\/1380359\/","_jd_wp_twitter":"a:1:{i:0;s:202:\"\u201cProvate a riparare il mondo\u201d: al Quarto Stato di Cardano l\u2019esempio di Alex Langer https:\/\/www.varesenews.it\/2021\/09\/provate-riparare-mondo-al-quarto-cardano-lesempio-alex-langer\/1380359\/ #weekend\";}","_wpt_status_message":"Tweet inviato con successo.","_oembed_a3551cbdf52efd6a22bc8a9fc1020e9b":"<blockquote class=\"wp-embedded-content\" data-secret=\"w62Sg4fWUP\"><a href=\"https:\/\/www.varesenews.it\/2021\/08\/un-secolo-fa-nasceva-a-varese-la-federazione-scacchistica-italiana\/1372081\/\">Un secolo fa nasceva a Varese la Federazione scacchistica italiana<\/a><\/blockquote><iframe class=\"wp-embedded-content\" sandbox=\"allow-scripts\" security=\"restricted\" style=\"position: absolute; clip: rect(1px, 1px, 1px, 1px);\" src=\"https:\/\/www.varesenews.it\/2021\/08\/un-secolo-fa-nasceva-a-varese-la-federazione-scacchistica-italiana\/1372081\/embed\/#?secret=w62Sg4fWUP\" data-secret=\"w62Sg4fWUP\" width=\"500\" height=\"282\" title=\"&#8220;Un secolo fa nasceva a Varese la Federazione scacchistica italiana&#8221; &#8212; VareseNews\" frameborder=\"0\" marginwidth=\"0\" marginheight=\"0\" scrolling=\"no\"><\/iframe>","_oembed_time_a3551cbdf52efd6a22bc8a9fc1020e9b":"1632135420","_oembed_3c04df50c11bc69baf40941a4bbc994b":"<blockquote class=\"wp-embedded-content\" data-secret=\"2qiiHRuGRs\"><a href=\"https:\/\/www.varesenews.it\/2021\/08\/giocare-scacchi-un-buon-investimento-la-vecchiaia-varese\/1372579\/\">Giocare a scacchi \u00e8 un buon investimento per la vecchiaia e per Varese<\/a><\/blockquote><iframe class=\"wp-embedded-content\" sandbox=\"allow-scripts\" security=\"restricted\" style=\"position: absolute; clip: rect(1px, 1px, 1px, 1px);\" src=\"https:\/\/www.varesenews.it\/2021\/08\/giocare-scacchi-un-buon-investimento-la-vecchiaia-varese\/1372579\/embed\/#?secret=2qiiHRuGRs\" data-secret=\"2qiiHRuGRs\" width=\"500\" height=\"282\" title=\"&#8220;Giocare a scacchi \u00e8 un buon investimento per la vecchiaia e per Varese&#8221; &#8212; VareseNews\" frameborder=\"0\" marginwidth=\"0\" marginheight=\"0\" scrolling=\"no\"><\/iframe>","_oembed_time_3c04df50c11bc69baf40941a4bbc994b":"1632135420","_oembed_d30564dc9399b7aa94861e1a9638598d":"<blockquote class=\"wp-embedded-content\" data-secret=\"hjVvm0YccL\"><a href=\"https:\/\/www.varesenews.it\/2021\/09\/la-dedica-speciale-la-vittoria-del-varese-tutti-gazo\/1379802\/\">La dedica speciale per la vittoria del Varese: &#8220;Siamo tutti con Gazo&#8221;<\/a><\/blockquote><iframe class=\"wp-embedded-content\" sandbox=\"allow-scripts\" security=\"restricted\" style=\"position: absolute; clip: rect(1px, 1px, 1px, 1px);\" src=\"https:\/\/www.varesenews.it\/2021\/09\/la-dedica-speciale-la-vittoria-del-varese-tutti-gazo\/1379802\/embed\/#?secret=hjVvm0YccL\" data-secret=\"hjVvm0YccL\" width=\"500\" height=\"282\" title=\"&#8220;La dedica speciale per la vittoria del Varese: &#8220;Siamo tutti con Gazo&#8221;&#8221; &#8212; VareseNews\" frameborder=\"0\" marginwidth=\"0\" marginheight=\"0\" scrolling=\"no\"><\/iframe>","_oembed_time_d30564dc9399b7aa94861e1a9638598d":"1632135421","_oembed_008150e547edcbed79a48790bead6b78":"<blockquote class=\"wp-embedded-content\" data-secret=\"9UlgQGAnvY\"><a href=\"https:\/\/www.varesenews.it\/2021\/09\/voti-al-varese-dorazio-minaj-segno-renzo-vede-rosso\/1379800\/\">I voti al Varese: D&#8217;Orazio e Minaj a segno, Di Renzo vede rosso<\/a><\/blockquote><iframe class=\"wp-embedded-content\" sandbox=\"allow-scripts\" security=\"restricted\" style=\"position: absolute; clip: rect(1px, 1px, 1px, 1px);\" src=\"https:\/\/www.varesenews.it\/2021\/09\/voti-al-varese-dorazio-minaj-segno-renzo-vede-rosso\/1379800\/embed\/#?secret=9UlgQGAnvY\" data-secret=\"9UlgQGAnvY\" width=\"500\" height=\"282\" title=\"&#8220;I voti al Varese: D&#8217;Orazio e Minaj a segno, Di Renzo vede rosso&#8221; &#8212; VareseNews\" frameborder=\"0\" marginwidth=\"0\" marginheight=\"0\" scrolling=\"no\"><\/iframe>","_oembed_time_008150e547edcbed79a48790bead6b78":"1632135421"},"photos":[{"original":"https:\/\/staging.varesenews.it\/photogallery_new\/images\/2021\/09\/cardano-al-campo-generico-1248128.jpg","full":"https:\/\/staging.varesenews.it\/photogallery_new\/images\/2021\/09\/cardano-al-campo-generico-1248128.1024x768.jpg","large":"https:\/\/staging.varesenews.it\/photogallery_new\/images\/2021\/09\/cardano-al-campo-generico-1248128.610x431.jpg"}],"_links":{"self":[{"href":"https:\/\/staging.varesenews.it\/swgapi\/v1\/wp\/v2\/posts\/1380359"}],"collection":[{"href":"https:\/\/staging.varesenews.it\/swgapi\/v1\/wp\/v2\/posts"}],"about":[{"href":"https:\/\/staging.varesenews.it\/swgapi\/v1\/wp\/v2\/types\/post"}],"author":[{"embeddable":true,"href":"https:\/\/staging.varesenews.it\/swgapi\/v1\/wp\/v2\/users\/46"}],"replies":[{"embeddable":true,"href":"https:\/\/staging.varesenews.it\/swgapi\/v1\/wp\/v2\/comments?post=1380359"}],"version-history":[{"count":0,"href":"https:\/\/staging.varesenews.it\/swgapi\/v1\/wp\/v2\/posts\/1380359\/revisions"}],"wp:attachment":[{"href":"https:\/\/staging.varesenews.it\/swgapi\/v1\/wp\/v2\/media?parent=1380359"}],"wp:term":[{"taxonomy":"category","embeddable":true,"href":"https:\/\/staging.varesenews.it\/swgapi\/v1\/wp\/v2\/categories?post=1380359"},{"taxonomy":"post_tag","embeddable":true,"href":"https:\/\/staging.varesenews.it\/swgapi\/v1\/wp\/v2\/tags?post=1380359"}],"curies":[{"name":"wp","href":"https:\/\/api.w.org\/{rel}","templated":true}]}}