{"id":1384243,"date":"2021-09-29T17:19:54","date_gmt":"2021-09-29T15:19:54","guid":{"rendered":"https:\/\/www.varesenews.it\/?p=1384243"},"modified":"2021-09-30T15:06:11","modified_gmt":"2021-09-30T13:06:11","slug":"piazza-xx-settembre-varese-comizio-meta-matteo-salvini","status":"publish","type":"post","link":"https:\/\/staging.varesenews.it\/2021\/09\/piazza-xx-settembre-varese-comizio-meta-matteo-salvini\/1384243\/","title":{"rendered":"Il &#8220;comizio a met\u00e0&#8221; di Matteo Salvini a Varese"},"content":{"rendered":"<p>Come conferenza stampa era affollatissima ma non era ancora un comizio, per dimensione e struttura.<\/p>\n<p>Cos\u00ec \u00e8 stato un evento strano, un po&#8217; intervista collettiva un po&#8217; bagno di folla ma senza pretese, quello che ha visto protagonista <strong>Matteo Salvini<\/strong>, a Varese in piazza XX Settembre, nel pomeriggio del 29.<\/p>\n<p>Naturalmente, ha parlato a ruota libera: seguendo il filo delle domande dei giornalisti, molti dei quali arrivati da Milano e oltre, a caccia di indiscrezioni.<\/p>\n<div class=\"responsive-video\"><iframe loading=\"lazy\" width=\"500\" height=\"281\" src=\"https:\/\/www.youtube.com\/embed\/TQx4xP0R5vk?feature=oembed\" frameborder=\"0\" allow=\"accelerometer; autoplay; clipboard-write; encrypted-media; gyroscope; picture-in-picture\" allowfullscreen><\/iframe><\/div>\n<p>Sul <strong>caso Morisi<\/strong> ha liquidato la questione con un \u00abNon commento la vita privata\u00bb, puntando invece\u00a0 sulla condanna alla &#8220;droga&#8221; e deviando sull&#8217;indignazione per \u00abchi vuole legalizzare la droga leggera. Le droghe sono droghe, punto\u00bb.<\/p>\n<p>Sull&#8217;<strong>operato di Draghi<\/strong>: \u00abPer quel che ha fatto la Lega sono soddisfatto &#8211; ha detto &#8211; Per il resto, ne riparliamo dopo il 31 dicembre, perch\u00e8 quel giorno scade &#8220;quota cento&#8221; e il rischio \u00e8 di fare un salto indietro, tornando alla legge Fornero\u00bb.<\/p>\n<p>In compenso, dal punto di vista della lotta al Covid: \u00ab<strong>avere Draghi e Figliuolo invece che Arcuri e Casalino \u00e8 tutta vita<\/strong>. Se ci fossero loro saremmo tutti in altre condizioni ora. Permettetemi per\u00f2 di aggiungere un ringraziamento ai governatori delle regioni e in particolare, visto che siamo a Varese, ad <strong>Attilio Fontana<\/strong>, che \u00e8 stato vittima di un massacro mediatico indegno e volgare nei mesi scorsi\u00bb.<\/p>\n<p>Su Varese ha risposto alle parole di <strong>Galimberti<\/strong>, dicendo: \u00abSe un sindaco uscente dopo 5 anni di presunto lavoro come argomento di campagna elettorale ha che Salvini non deve venire a Varese, come varesino sarei preoccupato, perch\u00e8 io da un sindaco mi aspetto altri argomenti\u00bb<\/p>\n<p>Sulle <strong>elezioni<\/strong>: \u00abNoi abbiamo 900 sindaci,\u00a0 e per capire se avremo vinto la faccenda \u00e8 matematica: se alla fine avremo piu sindaci noi, avremo vinto\u00bb. In compenso ha rifiutato categoricamente l'&#8221;insinuazione&#8221; di una concorrenza interna con Fratelli d&#8217;Italia: \u00abIl mio avversario \u00e8 il centro sinistra, non \u00e8 il mio alleato\u00bb ha risposto.<\/p>\n<p>E quando gli hanno chiesto a proposito dell&#8217;<strong>elezione del Presidente della Repubblica<\/strong>, chiedendo se in questo momento preferisse Mattarella o Draghi, ha risposto: \u00abNon fatemi fare scelte, sarebbe mancanza di rispetto nei confronti sia di Mattarella che di\u00a0Draghi&#8221;. Ma ha aggiunto subito, apparentemente senza legami con la domanda, \u00abL&#8217;italia di Berlusconi era un Italia che cresceva, era accreditata\u00bb riportando il nome del Cavaliere nella discussione sul Presidente della Repubblica. E ha aggiunto anche: \u00abIo penso che Draghi da questo punto di vista abbia una opportunit\u00e0, perch\u00e8 non c&#8217;\u00e8 piu la Merkel e fra poco non ci sar\u00e0 nemmeno piu Macron. Perci\u00f2 se ce la giochiamo bene diventiamo piu centrali\u00bb.<\/p>\n<p>Su <strong>Giorgetti<\/strong>, invece, se l&#8217;\u00e8 cavata con una battuta, quando qualcuno gli ha chiesto com&#8217;erano i rapporti in questi giorni con lui: \u00abQuasi intimi\u00bb ha risposto. Chiss\u00e0 in che senso.<\/p>\n","protected":false},"excerpt":{"rendered":"<p>\u00c8 stato un evento strano, un po&#8217; bagno di folla un po&#8217; appuntamento senza pretese, quello che ha visto protagonista Matteo Salvini, a Varese in piazza XX Settembre, nel pomeriggio del 29<\/p>\n","protected":false},"author":48,"featured_media":0,"comment_status":"open","ping_status":"open","sticky":false,"template":"","format":"standard","meta":{"footnotes":""},"categories":[16,2],"tags":[],"acf":[],"yoast_head":"<!-- This site is optimized with the Yoast SEO plugin v20.1 - https:\/\/yoast.com\/wordpress\/plugins\/seo\/ -->\n<title>Il &quot;comizio a met\u00e0&quot; di Matteo Salvini a Varese<\/title>\n<meta name=\"description\" content=\"\u00c8 stato un evento strano, un po&#039; bagno di folla un po&#039; appuntamento senza pretese, quello che ha visto protagonista Matteo Salvini, a Varese in piazza XX Settembre, nel pomeriggio del 29\" \/>\n<meta name=\"robots\" content=\"noindex, follow, max-snippet:-1, max-image-preview:large, max-video-preview:-1\" \/>\n<meta property=\"og:locale\" content=\"it_IT\" \/>\n<meta property=\"og:type\" content=\"article\" \/>\n<meta property=\"og:title\" content=\"Il &quot;comizio a met\u00e0&quot; di Matteo Salvini a Varese\" \/>\n<meta property=\"og:description\" content=\"\u00c8 stato un evento strano, un po&#039; bagno di folla un po&#039; appuntamento senza pretese, quello che ha visto protagonista Matteo Salvini, a Varese in piazza XX Settembre, nel pomeriggio del 29\" \/>\n<meta property=\"og:url\" content=\"https:\/\/staging.varesenews.it\/2021\/09\/piazza-xx-settembre-varese-comizio-meta-matteo-salvini\/1384243\/\" \/>\n<meta property=\"og:site_name\" content=\"VareseNews\" \/>\n<meta property=\"article:publisher\" content=\"https:\/\/www.facebook.com\/varesenews\" \/>\n<meta property=\"article:author\" content=\"https:\/\/www.facebook.com\/stefaniaradman\" \/>\n<meta property=\"article:published_time\" content=\"2021-09-29T15:19:54+00:00\" \/>\n<meta property=\"article:modified_time\" content=\"2021-09-30T13:06:11+00:00\" \/>\n<meta name=\"author\" content=\"Stefania Radman\" \/>\n<meta name=\"twitter:card\" content=\"summary_large_image\" \/>\n<meta name=\"twitter:creator\" content=\"@LaRadman\" \/>\n<meta name=\"twitter:site\" content=\"@varesenews\" \/>\n<meta name=\"twitter:label1\" content=\"Scritto da\" \/>\n\t<meta name=\"twitter:data1\" content=\"Stefania Radman\" \/>\n\t<meta name=\"twitter:label2\" content=\"Tempo di lettura stimato\" \/>\n\t<meta name=\"twitter:data2\" content=\"2 minuti\" \/>\n<script type=\"application\/ld+json\" class=\"yoast-schema-graph\">{\"@context\":\"https:\/\/schema.org\",\"@graph\":[{\"@type\":\"WebPage\",\"@id\":\"https:\/\/staging.varesenews.it\/2021\/09\/piazza-xx-settembre-varese-comizio-meta-matteo-salvini\/1384243\/\",\"url\":\"https:\/\/staging.varesenews.it\/2021\/09\/piazza-xx-settembre-varese-comizio-meta-matteo-salvini\/1384243\/\",\"name\":\"Il \\\"comizio a met\u00e0\\\" di Matteo Salvini a Varese\",\"isPartOf\":{\"@id\":\"https:\/\/staging.varesenews.it\/#website\"},\"datePublished\":\"2021-09-29T15:19:54+00:00\",\"dateModified\":\"2021-09-30T13:06:11+00:00\",\"author\":{\"@id\":\"https:\/\/staging.varesenews.it\/#\/schema\/person\/995d2e6a31c67237a9a1bc1f0079f3aa\"},\"description\":\"\u00c8 stato un evento strano, un po' bagno di folla un po' appuntamento senza pretese, quello che ha visto protagonista Matteo Salvini, a Varese in piazza XX Settembre, nel pomeriggio del 29\",\"breadcrumb\":{\"@id\":\"https:\/\/staging.varesenews.it\/2021\/09\/piazza-xx-settembre-varese-comizio-meta-matteo-salvini\/1384243\/#breadcrumb\"},\"inLanguage\":\"it-IT\",\"potentialAction\":[{\"@type\":\"ReadAction\",\"target\":[\"https:\/\/staging.varesenews.it\/2021\/09\/piazza-xx-settembre-varese-comizio-meta-matteo-salvini\/1384243\/\"]}]},{\"@type\":\"BreadcrumbList\",\"@id\":\"https:\/\/staging.varesenews.it\/2021\/09\/piazza-xx-settembre-varese-comizio-meta-matteo-salvini\/1384243\/#breadcrumb\",\"itemListElement\":[{\"@type\":\"ListItem\",\"position\":1,\"name\":\"Home\",\"item\":\"https:\/\/www.varesenews.it\/\"},{\"@type\":\"ListItem\",\"position\":2,\"name\":\"Il &#8220;comizio a met\u00e0&#8221; di Matteo Salvini a Varese\"}]},{\"@type\":\"WebSite\",\"@id\":\"https:\/\/staging.varesenews.it\/#website\",\"url\":\"https:\/\/staging.varesenews.it\/\",\"name\":\"VareseNews\",\"description\":\"\",\"potentialAction\":[{\"@type\":\"SearchAction\",\"target\":{\"@type\":\"EntryPoint\",\"urlTemplate\":\"https:\/\/staging.varesenews.it\/?s={search_term_string}\"},\"query-input\":\"required name=search_term_string\"}],\"inLanguage\":\"it-IT\"},{\"@type\":\"Person\",\"@id\":\"https:\/\/staging.varesenews.it\/#\/schema\/person\/995d2e6a31c67237a9a1bc1f0079f3aa\",\"name\":\"Stefania Radman\",\"image\":{\"@type\":\"ImageObject\",\"inLanguage\":\"it-IT\",\"@id\":\"https:\/\/staging.varesenews.it\/#\/schema\/person\/image\/\",\"url\":\"https:\/\/staging.varesenews.it\/wp-content\/uploads\/2020\/12\/stefania_radman_colori_500.jpg\",\"contentUrl\":\"https:\/\/staging.varesenews.it\/wp-content\/uploads\/2020\/12\/stefania_radman_colori_500.jpg\",\"caption\":\"Stefania Radman\"},\"description\":\"Varesina dal 1991, lavoro dal 2000 per Varesenews.it, prima come responsabile della pagina dell&rsquo;economia, poi della pagina life, ora della citt&agrave; di Varese.Ma sono (e sono stata) anche altro: per esempio, agli albori delle radio private ero dj in una radio milanese, Onda Radio. Da 20 anni sono corrispondente da Varese di Radio Popolare e ho collaborato con Espresso, Repubblica, Diario della Settimana, Italia Oggi. &ldquo;Smanettona&rdquo; da sempre, ho aperto il mio primo sito personale con Geocities nei primi anni novanta (chi se lo ricorda?) e i miei primi blog in Splinder all&rsquo;inizio del 2000. Ora sono sui social: qui quasi sempre sono semplicemente \\\"LaRadman&rdquo;.\",\"sameAs\":[\"http:\/\/laradman.blogspot.it\",\"https:\/\/www.facebook.com\/stefaniaradman\",\"@LaRadman\",\"https:\/\/www.linkedin.com\/in\/stefaniaradman\",\"https:\/\/twitter.com\/LaRadman\"],\"url\":\"https:\/\/staging.varesenews.it\/persona\/stefania-radman1\/\"}]}<\/script>\n<!-- \/ Yoast SEO plugin. -->","yoast_head_json":{"title":"Il \"comizio a met\u00e0\" di Matteo Salvini a Varese","description":"\u00c8 stato un evento strano, un po' bagno di folla un po' appuntamento senza pretese, quello che ha visto protagonista Matteo Salvini, a Varese in piazza XX Settembre, nel pomeriggio del 29","robots":{"index":"noindex","follow":"follow","max-snippet":"max-snippet:-1","max-image-preview":"max-image-preview:large","max-video-preview":"max-video-preview:-1"},"og_locale":"it_IT","og_type":"article","og_title":"Il \"comizio a met\u00e0\" di Matteo Salvini a Varese","og_description":"\u00c8 stato un evento strano, un po' bagno di folla un po' appuntamento senza pretese, quello che ha visto protagonista Matteo Salvini, a Varese in piazza XX Settembre, nel pomeriggio del 29","og_url":"https:\/\/staging.varesenews.it\/2021\/09\/piazza-xx-settembre-varese-comizio-meta-matteo-salvini\/1384243\/","og_site_name":"VareseNews","article_publisher":"https:\/\/www.facebook.com\/varesenews","article_author":"https:\/\/www.facebook.com\/stefaniaradman","article_published_time":"2021-09-29T15:19:54+00:00","article_modified_time":"2021-09-30T13:06:11+00:00","author":"Stefania Radman","twitter_card":"summary_large_image","twitter_creator":"@LaRadman","twitter_site":"@varesenews","twitter_misc":{"Scritto da":"Stefania Radman","Tempo di lettura stimato":"2 minuti"},"schema":{"@context":"https:\/\/schema.org","@graph":[{"@type":"WebPage","@id":"https:\/\/staging.varesenews.it\/2021\/09\/piazza-xx-settembre-varese-comizio-meta-matteo-salvini\/1384243\/","url":"https:\/\/staging.varesenews.it\/2021\/09\/piazza-xx-settembre-varese-comizio-meta-matteo-salvini\/1384243\/","name":"Il \"comizio a met\u00e0\" di Matteo Salvini a Varese","isPartOf":{"@id":"https:\/\/staging.varesenews.it\/#website"},"datePublished":"2021-09-29T15:19:54+00:00","dateModified":"2021-09-30T13:06:11+00:00","author":{"@id":"https:\/\/staging.varesenews.it\/#\/schema\/person\/995d2e6a31c67237a9a1bc1f0079f3aa"},"description":"\u00c8 stato un evento strano, un po' bagno di folla un po' appuntamento senza pretese, quello che ha visto protagonista Matteo Salvini, a Varese in piazza XX Settembre, nel pomeriggio del 29","breadcrumb":{"@id":"https:\/\/staging.varesenews.it\/2021\/09\/piazza-xx-settembre-varese-comizio-meta-matteo-salvini\/1384243\/#breadcrumb"},"inLanguage":"it-IT","potentialAction":[{"@type":"ReadAction","target":["https:\/\/staging.varesenews.it\/2021\/09\/piazza-xx-settembre-varese-comizio-meta-matteo-salvini\/1384243\/"]}]},{"@type":"BreadcrumbList","@id":"https:\/\/staging.varesenews.it\/2021\/09\/piazza-xx-settembre-varese-comizio-meta-matteo-salvini\/1384243\/#breadcrumb","itemListElement":[{"@type":"ListItem","position":1,"name":"Home","item":"https:\/\/www.varesenews.it\/"},{"@type":"ListItem","position":2,"name":"Il &#8220;comizio a met\u00e0&#8221; di Matteo Salvini a Varese"}]},{"@type":"WebSite","@id":"https:\/\/staging.varesenews.it\/#website","url":"https:\/\/staging.varesenews.it\/","name":"VareseNews","description":"","potentialAction":[{"@type":"SearchAction","target":{"@type":"EntryPoint","urlTemplate":"https:\/\/staging.varesenews.it\/?s={search_term_string}"},"query-input":"required name=search_term_string"}],"inLanguage":"it-IT"},{"@type":"Person","@id":"https:\/\/staging.varesenews.it\/#\/schema\/person\/995d2e6a31c67237a9a1bc1f0079f3aa","name":"Stefania Radman","image":{"@type":"ImageObject","inLanguage":"it-IT","@id":"https:\/\/staging.varesenews.it\/#\/schema\/person\/image\/","url":"https:\/\/staging.varesenews.it\/wp-content\/uploads\/2020\/12\/stefania_radman_colori_500.jpg","contentUrl":"https:\/\/staging.varesenews.it\/wp-content\/uploads\/2020\/12\/stefania_radman_colori_500.jpg","caption":"Stefania Radman"},"description":"Varesina dal 1991, lavoro dal 2000 per Varesenews.it, prima come responsabile della pagina dell&rsquo;economia, poi della pagina life, ora della citt&agrave; di Varese.Ma sono (e sono stata) anche altro: per esempio, agli albori delle radio private ero dj in una radio milanese, Onda Radio. Da 20 anni sono corrispondente da Varese di Radio Popolare e ho collaborato con Espresso, Repubblica, Diario della Settimana, Italia Oggi. &ldquo;Smanettona&rdquo; da sempre, ho aperto il mio primo sito personale con Geocities nei primi anni novanta (chi se lo ricorda?) e i miei primi blog in Splinder all&rsquo;inizio del 2000. Ora sono sui social: qui quasi sempre sono semplicemente \"LaRadman&rdquo;.","sameAs":["http:\/\/laradman.blogspot.it","https:\/\/www.facebook.com\/stefaniaradman","@LaRadman","https:\/\/www.linkedin.com\/in\/stefaniaradman","https:\/\/twitter.com\/LaRadman"],"url":"https:\/\/staging.varesenews.it\/persona\/stefania-radman1\/"}]}},"post_meta":{"_edit_lock":"1633012225:48","_edit_last":"48","_category_permalink":"a:1:{s:8:\"category\";s:0:\"\";}","foto":"1250796","_yoast_wpseo_content_score":"30","_jd_tweet_this":"yes","_encloseme":"1","ratings_users":"0","ratings_score":"0","ratings_average":"0","argomento":"Varese","_yoast_wpseo_focuskw_text_input":"salvini","_yoast_wpseo_focuskw":"salvini","_yoast_wpseo_linkdex":"61","_wpt_short_url":"https:\/\/www.varesenews.it\/2021\/09\/piazza-xx-settembre-varese-comizio-meta-matteo-salvini\/1384243\/","_wp_jd_target":"https:\/\/www.varesenews.it\/2021\/09\/piazza-xx-settembre-varese-comizio-meta-matteo-salvini\/1384243\/","_jd_wp_twitter":"a:1:{i:0;s:174:\"In piazza XX  Settembre a Varese il \u201ccomizio a met\u00e0\u201d di Matteo Salvini https:\/\/www.varesenews.it\/2021\/09\/piazza-xx-settembre-varese-comizio-meta-matteo-salvini\/1384243\/ \";}","_wpt_status_message":"Tweet inviato con successo.","_oembed_e91035d6fbfa4dc150e211af0dbb0e79":"<blockquote class=\"wp-embedded-content\" data-secret=\"88Uvv8UA05\"><a href=\"https:\/\/www.varesenews.it\/2021\/09\/la-svizzera-dice-si-ai-matrimoni-gay\/1382907\/\">La Svizzera dice s\u00ec ai matrimoni gay<\/a><\/blockquote><iframe class=\"wp-embedded-content\" sandbox=\"allow-scripts\" security=\"restricted\" style=\"position: absolute; clip: rect(1px, 1px, 1px, 1px);\" src=\"https:\/\/www.varesenews.it\/2021\/09\/la-svizzera-dice-si-ai-matrimoni-gay\/1382907\/embed\/#?secret=88Uvv8UA05\" data-secret=\"88Uvv8UA05\" width=\"500\" height=\"282\" title=\"&#8220;La Svizzera dice s\u00ec ai matrimoni gay&#8221; &#8212; VareseNews\" frameborder=\"0\" marginwidth=\"0\" marginheight=\"0\" scrolling=\"no\"><\/iframe>","_oembed_time_e91035d6fbfa4dc150e211af0dbb0e79":"1632928860","_oembed_38ef2e849f2b604d4d48e6e12cf89daf":"<blockquote class=\"wp-embedded-content\" data-secret=\"vg1z7u5NVD\"><a href=\"https:\/\/www.varesenews.it\/2021\/09\/svizzera-al-voto-sul-matrimonio-tutti\/1382835\/\">Svizzera al voto sul &#8220;Matrimonio per tutti&#8221;<\/a><\/blockquote><iframe class=\"wp-embedded-content\" sandbox=\"allow-scripts\" security=\"restricted\" style=\"position: absolute; clip: rect(1px, 1px, 1px, 1px);\" src=\"https:\/\/www.varesenews.it\/2021\/09\/svizzera-al-voto-sul-matrimonio-tutti\/1382835\/embed\/#?secret=vg1z7u5NVD\" data-secret=\"vg1z7u5NVD\" width=\"500\" height=\"282\" title=\"&#8220;Svizzera al voto sul &#8220;Matrimonio per tutti&#8221;&#8221; &#8212; VareseNews\" frameborder=\"0\" marginwidth=\"0\" marginheight=\"0\" scrolling=\"no\"><\/iframe>","_oembed_time_38ef2e849f2b604d4d48e6e12cf89daf":"1632928860","_oembed_971e2e2ac0a925491670e99674acd665":"<blockquote class=\"wp-embedded-content\" data-secret=\"1w7fNKWSaE\"><a href=\"https:\/\/www.varesenews.it\/2020\/07\/giovanni-bassanesi-volo-antifascista-lodrino-milano-2\/944680\/\">Dal Ticino a Milano: il pilota col mal d&#8217;aria e il folle volo contro la dittatura<\/a><\/blockquote><iframe class=\"wp-embedded-content\" sandbox=\"allow-scripts\" security=\"restricted\" style=\"position: absolute; clip: rect(1px, 1px, 1px, 1px);\" src=\"https:\/\/www.varesenews.it\/2020\/07\/giovanni-bassanesi-volo-antifascista-lodrino-milano-2\/944680\/embed\/#?secret=1w7fNKWSaE\" data-secret=\"1w7fNKWSaE\" width=\"500\" height=\"282\" title=\"&#8220;Dal Ticino a Milano: il pilota col mal d&#8217;aria e il folle volo contro la dittatura&#8221; &#8212; VareseNews\" frameborder=\"0\" marginwidth=\"0\" marginheight=\"0\" scrolling=\"no\"><\/iframe>","_oembed_time_971e2e2ac0a925491670e99674acd665":"1632928860","_oembed_f6d45c6f260bb7d579e912b352a4c703":"<blockquote class=\"wp-embedded-content\" data-secret=\"cNECNuiR1P\"><a href=\"https:\/\/www.varesenews.it\/2021\/09\/eventi-bambini-nel-weekend-dal-24-al-26-settembre-varese-provincia\/1382156\/\">Eventi per bambini nel weekend dal 24 al 26  settembre tra Varese e provincia<\/a><\/blockquote><iframe class=\"wp-embedded-content\" sandbox=\"allow-scripts\" security=\"restricted\" style=\"position: absolute; clip: rect(1px, 1px, 1px, 1px);\" src=\"https:\/\/www.varesenews.it\/2021\/09\/eventi-bambini-nel-weekend-dal-24-al-26-settembre-varese-provincia\/1382156\/embed\/#?secret=cNECNuiR1P\" data-secret=\"cNECNuiR1P\" width=\"500\" height=\"282\" title=\"&#8220;Eventi per bambini nel weekend dal 24 al 26  settembre tra Varese e provincia&#8221; &#8212; VareseNews\" frameborder=\"0\" marginwidth=\"0\" marginheight=\"0\" scrolling=\"no\"><\/iframe>","_oembed_time_f6d45c6f260bb7d579e912b352a4c703":"1632928860","_oembed_f084ce6a4ae41dcc1a52aa4e9e224c65":"<blockquote class=\"wp-embedded-content\" data-secret=\"FtGiZigMZU\"><a href=\"https:\/\/www.varesenews.it\/2021\/02\/gli-autori-della-scuola-scrittura-del-cavedio-donano-1500-euro-la-ricerca-sulla-fibrosi-cistica\/1312007\/\">Gli autori della Scuola di scrittura del Cavedio donano 1500 euro per la fibrosi cistica<\/a><\/blockquote><iframe class=\"wp-embedded-content\" sandbox=\"allow-scripts\" security=\"restricted\" style=\"position: absolute; clip: rect(1px, 1px, 1px, 1px);\" src=\"https:\/\/www.varesenews.it\/2021\/02\/gli-autori-della-scuola-scrittura-del-cavedio-donano-1500-euro-la-ricerca-sulla-fibrosi-cistica\/1312007\/embed\/#?secret=FtGiZigMZU\" data-secret=\"FtGiZigMZU\" width=\"500\" height=\"282\" title=\"&#8220;Gli autori della Scuola di scrittura del Cavedio donano 1500 euro per la fibrosi cistica&#8221; &#8212; VareseNews\" frameborder=\"0\" marginwidth=\"0\" marginheight=\"0\" scrolling=\"no\"><\/iframe>","_oembed_time_f084ce6a4ae41dcc1a52aa4e9e224c65":"1632928860","_oembed_866a8938562e93c9387bf24aa6ad7a77":"<blockquote class=\"wp-embedded-content\" data-secret=\"EPg2et37Gr\"><a href=\"https:\/\/www.varesenews.it\/2021\/09\/eventi-bambini-nel-weekend-dal-17-al-19-settembre-varese-provincia\/1379438\/\">Eventi per i bambini nel weekend dal 17 al 19 settembre tra Varese e provincia<\/a><\/blockquote><iframe class=\"wp-embedded-content\" sandbox=\"allow-scripts\" security=\"restricted\" style=\"position: absolute; clip: rect(1px, 1px, 1px, 1px);\" src=\"https:\/\/www.varesenews.it\/2021\/09\/eventi-bambini-nel-weekend-dal-17-al-19-settembre-varese-provincia\/1379438\/embed\/#?secret=EPg2et37Gr\" data-secret=\"EPg2et37Gr\" width=\"500\" height=\"282\" title=\"&#8220;Eventi per i bambini nel weekend dal 17 al 19 settembre tra Varese e provincia&#8221; &#8212; VareseNews\" frameborder=\"0\" marginwidth=\"0\" marginheight=\"0\" scrolling=\"no\"><\/iframe>","_oembed_time_866a8938562e93c9387bf24aa6ad7a77":"1632928861","_oembed_3d53e891069044d6665a70fe4d25b2cb":"<blockquote class=\"wp-embedded-content\" data-secret=\"p6i6f3MPtw\"><a href=\"https:\/\/www.varesenews.it\/2021\/04\/filippo-rossi-la-buona-destra-non-salvini-la-meloni\/1324278\/\">Filippo Rossi: &#8220;Siamo noi la Buona destra e non Salvini e la Meloni&#8221;<\/a><\/blockquote><iframe class=\"wp-embedded-content\" sandbox=\"allow-scripts\" security=\"restricted\" style=\"position: absolute; clip: rect(1px, 1px, 1px, 1px);\" src=\"https:\/\/www.varesenews.it\/2021\/04\/filippo-rossi-la-buona-destra-non-salvini-la-meloni\/1324278\/embed\/#?secret=p6i6f3MPtw\" data-secret=\"p6i6f3MPtw\" width=\"500\" height=\"282\" title=\"&#8220;Filippo Rossi: &#8220;Siamo noi la Buona destra e non Salvini e la Meloni&#8221;&#8221; &#8212; VareseNews\" frameborder=\"0\" marginwidth=\"0\" marginheight=\"0\" scrolling=\"no\"><\/iframe>","_oembed_time_3d53e891069044d6665a70fe4d25b2cb":"1632928917","_oembed_1e44ec3150e63e35756a34f47800c0cf":"<blockquote class=\"wp-embedded-content\" data-secret=\"x6A4DqPoeK\"><a href=\"https:\/\/www.varesenews.it\/2021\/09\/grassi-pronti-far-tornare-volare-varese\/1383261\/\">Grassi: &#8220;Noi siamo pronti a far tornare a volare Varese. E voi?&#8221;<\/a><\/blockquote><iframe class=\"wp-embedded-content\" sandbox=\"allow-scripts\" security=\"restricted\" style=\"position: absolute; clip: rect(1px, 1px, 1px, 1px);\" src=\"https:\/\/www.varesenews.it\/2021\/09\/grassi-pronti-far-tornare-volare-varese\/1383261\/embed\/#?secret=x6A4DqPoeK\" data-secret=\"x6A4DqPoeK\" width=\"500\" height=\"282\" title=\"&#8220;Grassi: &#8220;Noi siamo pronti a far tornare a volare Varese. E voi?&#8221;&#8221; &#8212; VareseNews\" frameborder=\"0\" marginwidth=\"0\" marginheight=\"0\" scrolling=\"no\"><\/iframe>","_oembed_time_1e44ec3150e63e35756a34f47800c0cf":"1632928917","_oembed_455d0e9a15be9cecf6981bdf7c651bbb":"<blockquote class=\"wp-embedded-content\" data-secret=\"q5pg5ziqBF\"><a href=\"https:\/\/www.varesenews.it\/2021\/06\/dalle-mongolfiere-allala-tela-volandia-racconto-dei-pionieri-del-cielo\/1351776\/\">Dalle mongolfiere all&#8217;ala di tela: a Volandia il racconto dei pionieri del cielo<\/a><\/blockquote><iframe class=\"wp-embedded-content\" sandbox=\"allow-scripts\" security=\"restricted\" style=\"position: absolute; clip: rect(1px, 1px, 1px, 1px);\" src=\"https:\/\/www.varesenews.it\/2021\/06\/dalle-mongolfiere-allala-tela-volandia-racconto-dei-pionieri-del-cielo\/1351776\/embed\/#?secret=q5pg5ziqBF\" data-secret=\"q5pg5ziqBF\" width=\"500\" height=\"282\" title=\"&#8220;Dalle mongolfiere all&#8217;ala di tela: a Volandia il racconto dei pionieri del cielo&#8221; &#8212; VareseNews\" frameborder=\"0\" marginwidth=\"0\" marginheight=\"0\" scrolling=\"no\"><\/iframe>","_oembed_time_455d0e9a15be9cecf6981bdf7c651bbb":"1632928918","_oembed_e4e42ef31fc6f5b4a1bcd3522631499e":"<blockquote class=\"wp-embedded-content\" data-secret=\"cY6qcgcVf0\"><a href=\"https:\/\/www.varesenews.it\/2021\/06\/centro-provinciale-dellemergenza-alle-fontanelle-cosentino-individuali-fondi-regionali-finanziarlo\/1348233\/\">Centro Provinciale dell&#8217;emergenza alle Fontanelle, Cosentino: &#8220;Individuali fondi regionali per finanziarlo&#8221;<\/a><\/blockquote><iframe class=\"wp-embedded-content\" sandbox=\"allow-scripts\" security=\"restricted\" style=\"position: absolute; clip: rect(1px, 1px, 1px, 1px);\" src=\"https:\/\/www.varesenews.it\/2021\/06\/centro-provinciale-dellemergenza-alle-fontanelle-cosentino-individuali-fondi-regionali-finanziarlo\/1348233\/embed\/#?secret=cY6qcgcVf0\" data-secret=\"cY6qcgcVf0\" width=\"500\" height=\"282\" title=\"&#8220;Centro Provinciale dell&#8217;emergenza alle Fontanelle, Cosentino: &#8220;Individuali fondi regionali per finanziarlo&#8221;&#8221; &#8212; VareseNews\" frameborder=\"0\" marginwidth=\"0\" marginheight=\"0\" scrolling=\"no\"><\/iframe>","_oembed_time_e4e42ef31fc6f5b4a1bcd3522631499e":"1632928919","_oembed_a90cad9b177c6fc32501f841258331ad":"<blockquote class=\"wp-embedded-content\" data-secret=\"XgepMPmXEF\"><a href=\"https:\/\/www.varesenews.it\/2021\/09\/si-tornera-sciare-servira-green-pass\/1381673\/\">Si torner\u00e0 a sciare ma servir\u00e0 il green pass<\/a><\/blockquote><iframe class=\"wp-embedded-content\" sandbox=\"allow-scripts\" security=\"restricted\" style=\"position: absolute; clip: rect(1px, 1px, 1px, 1px);\" src=\"https:\/\/www.varesenews.it\/2021\/09\/si-tornera-sciare-servira-green-pass\/1381673\/embed\/#?secret=XgepMPmXEF\" data-secret=\"XgepMPmXEF\" width=\"500\" height=\"282\" title=\"&#8220;Si torner\u00e0 a sciare ma servir\u00e0 il green pass&#8221; &#8212; VareseNews\" frameborder=\"0\" marginwidth=\"0\" marginheight=\"0\" scrolling=\"no\"><\/iframe>","_oembed_time_a90cad9b177c6fc32501f841258331ad":"1632928948","_oembed_8ef6582d1c802f83ee4d49f144392075":"<blockquote class=\"wp-embedded-content\" data-secret=\"eGEbcFGeM1\"><a href=\"https:\/\/www.varesenews.it\/2021\/09\/ministro-del-turismo-garavaglia-ci-le-condizioni-far-ripartire-la-stagione-invernale\/1381820\/\">Il ministro del Turismo Garavaglia: &#8220;Ci sono le condizioni per far ripartire la stagione invernale&#8221;<\/a><\/blockquote><iframe class=\"wp-embedded-content\" sandbox=\"allow-scripts\" security=\"restricted\" style=\"position: absolute; clip: rect(1px, 1px, 1px, 1px);\" src=\"https:\/\/www.varesenews.it\/2021\/09\/ministro-del-turismo-garavaglia-ci-le-condizioni-far-ripartire-la-stagione-invernale\/1381820\/embed\/#?secret=eGEbcFGeM1\" data-secret=\"eGEbcFGeM1\" width=\"500\" height=\"282\" title=\"&#8220;Il ministro del Turismo Garavaglia: &#8220;Ci sono le condizioni per far ripartire la stagione invernale&#8221;&#8221; &#8212; VareseNews\" frameborder=\"0\" marginwidth=\"0\" marginheight=\"0\" scrolling=\"no\"><\/iframe>","_oembed_time_8ef6582d1c802f83ee4d49f144392075":"1632928948","_oembed_4bb60a998f9e72c687c1e8feef75824d":"<blockquote class=\"wp-embedded-content\" data-secret=\"ljN5otWHYd\"><a href=\"https:\/\/www.varesenews.it\/2021\/06\/assegno-ponte-figli-importi-beneficiari-dal-1-luglio\/1350659\/\">Assegno ponte per i figli: importi e beneficiari dal 1^ luglio<\/a><\/blockquote><iframe class=\"wp-embedded-content\" sandbox=\"allow-scripts\" security=\"restricted\" style=\"position: absolute; clip: rect(1px, 1px, 1px, 1px);\" src=\"https:\/\/www.varesenews.it\/2021\/06\/assegno-ponte-figli-importi-beneficiari-dal-1-luglio\/1350659\/embed\/#?secret=ljN5otWHYd\" data-secret=\"ljN5otWHYd\" width=\"500\" height=\"282\" title=\"&#8220;Assegno ponte per i figli: importi e beneficiari dal 1^ luglio&#8221; &#8212; VareseNews\" frameborder=\"0\" marginwidth=\"0\" marginheight=\"0\" scrolling=\"no\"><\/iframe>","_oembed_time_4bb60a998f9e72c687c1e8feef75824d":"1632928949","_oembed_a79b02172b809c4d2814eb45535fb6c0":"<blockquote class=\"wp-embedded-content\" data-secret=\"rd1KQqEFkM\"><a href=\"https:\/\/www.varesenews.it\/2021\/09\/varese-ghiaccio-tigros-accordo-triennale-sostenere-giovani-talenti-del-pattinaggio\/1380497\/\">Accordo triennale tra Varese Ghiaccio e Tigros per sostenere i giovani talenti del pattinaggio<\/a><\/blockquote><iframe class=\"wp-embedded-content\" sandbox=\"allow-scripts\" security=\"restricted\" style=\"position: absolute; clip: rect(1px, 1px, 1px, 1px);\" src=\"https:\/\/www.varesenews.it\/2021\/09\/varese-ghiaccio-tigros-accordo-triennale-sostenere-giovani-talenti-del-pattinaggio\/1380497\/embed\/#?secret=rd1KQqEFkM\" data-secret=\"rd1KQqEFkM\" width=\"500\" height=\"282\" title=\"&#8220;Accordo triennale tra Varese Ghiaccio e Tigros per sostenere i giovani talenti del pattinaggio&#8221; &#8212; VareseNews\" frameborder=\"0\" marginwidth=\"0\" marginheight=\"0\" scrolling=\"no\"><\/iframe>","_oembed_time_a79b02172b809c4d2814eb45535fb6c0":"1632929109","_oembed_284d52863af8f0fb8ac3490da023676f":"<blockquote class=\"wp-embedded-content\" data-secret=\"yBM0fO5a9e\"><a href=\"https:\/\/www.varesenews.it\/2021\/06\/ancora-chiusa-la-ciclopedonale-san-salvatore-malnate-cedimento-dovuto-ad-acque-sorgive\/1351008\/\">Ancora chiusa la ciclopedonale tra San Salvatore e Malnate, cedimento dovuto ad acque sorgive<\/a><\/blockquote><iframe class=\"wp-embedded-content\" sandbox=\"allow-scripts\" security=\"restricted\" style=\"position: absolute; clip: rect(1px, 1px, 1px, 1px);\" src=\"https:\/\/www.varesenews.it\/2021\/06\/ancora-chiusa-la-ciclopedonale-san-salvatore-malnate-cedimento-dovuto-ad-acque-sorgive\/1351008\/embed\/#?secret=yBM0fO5a9e\" data-secret=\"yBM0fO5a9e\" width=\"500\" height=\"282\" title=\"&#8220;Ancora chiusa la ciclopedonale tra San Salvatore e Malnate, cedimento dovuto ad acque sorgive&#8221; &#8212; VareseNews\" frameborder=\"0\" marginwidth=\"0\" marginheight=\"0\" scrolling=\"no\"><\/iframe>","_oembed_time_284d52863af8f0fb8ac3490da023676f":"1632929109","_oembed_97c3bcc47dd559dc4b489127ae67e9e0":"<iframe width=\"500\" height=\"281\" src=\"https:\/\/www.youtube.com\/embed\/6Oqf5aYVi6A?feature=oembed\" frameborder=\"0\" allow=\"accelerometer; autoplay; clipboard-write; encrypted-media; gyroscope; picture-in-picture\" allowfullscreen><\/iframe>","_oembed_time_97c3bcc47dd559dc4b489127ae67e9e0":"1632929109","_oembed_ee8b7825c148d8e76515e088621bb25d":"<blockquote class=\"wp-embedded-content\" data-secret=\"phfZk65dGC\"><a href=\"https:\/\/www.varesenews.it\/2021\/09\/tentativa-rapina-alla-stazione-tradate-ferito-un-29enne\/1383923\/\">Tentativo di rapina alla stazione di Tradate, ferito un 39enne<\/a><\/blockquote><iframe class=\"wp-embedded-content\" sandbox=\"allow-scripts\" security=\"restricted\" style=\"position: absolute; clip: rect(1px, 1px, 1px, 1px);\" src=\"https:\/\/www.varesenews.it\/2021\/09\/tentativa-rapina-alla-stazione-tradate-ferito-un-29enne\/1383923\/embed\/#?secret=phfZk65dGC\" data-secret=\"phfZk65dGC\" width=\"500\" height=\"282\" title=\"&#8220;Tentativo di rapina alla stazione di Tradate, ferito un 39enne&#8221; &#8212; VareseNews\" frameborder=\"0\" marginwidth=\"0\" marginheight=\"0\" scrolling=\"no\"><\/iframe>","_oembed_time_ee8b7825c148d8e76515e088621bb25d":"1632929109","_oembed_0ebf07bf9deda0965b4702991b8cb95c":"<blockquote class=\"wp-embedded-content\" data-secret=\"oejoFuxYWR\"><a href=\"https:\/\/www.varesenews.it\/2021\/09\/tua-nipote-bisogno-soldi-tentata-truffa-marnate\/1379745\/\">&#8220;Sono tua nipote, ho bisogno di soldi&#8221;, tentata truffa a Marnate<\/a><\/blockquote><iframe class=\"wp-embedded-content\" sandbox=\"allow-scripts\" security=\"restricted\" style=\"position: absolute; clip: rect(1px, 1px, 1px, 1px);\" src=\"https:\/\/www.varesenews.it\/2021\/09\/tua-nipote-bisogno-soldi-tentata-truffa-marnate\/1379745\/embed\/#?secret=oejoFuxYWR\" data-secret=\"oejoFuxYWR\" width=\"500\" height=\"282\" title=\"&#8220;&#8220;Sono tua nipote, ho bisogno di soldi&#8221;, tentata truffa a Marnate&#8221; &#8212; VareseNews\" frameborder=\"0\" marginwidth=\"0\" marginheight=\"0\" scrolling=\"no\"><\/iframe>","_oembed_time_0ebf07bf9deda0965b4702991b8cb95c":"1632929110","_oembed_6b115ff15dd7b42df91b40324f582f6a":"<iframe width=\"731\" height=\"411\" src=\"https:\/\/www.youtube.com\/embed\/TQx4xP0R5vk?feature=oembed\" frameborder=\"0\" allow=\"accelerometer; autoplay; clipboard-write; encrypted-media; gyroscope; picture-in-picture\" allowfullscreen><\/iframe>","_oembed_time_6b115ff15dd7b42df91b40324f582f6a":"1632929286","_oembed_036fc028f685eeaf106728a1dc2fd08c":"<iframe width=\"500\" height=\"281\" src=\"https:\/\/www.youtube.com\/embed\/TQx4xP0R5vk?feature=oembed\" frameborder=\"0\" allow=\"accelerometer; autoplay; clipboard-write; encrypted-media; gyroscope; picture-in-picture\" allowfullscreen><\/iframe>","_oembed_time_036fc028f685eeaf106728a1dc2fd08c":"1632929361","_oembed_9f07a0dfd00eb2f5519865f00250d4be":"<iframe width=\"735\" height=\"413\" src=\"https:\/\/www.youtube.com\/embed\/TQx4xP0R5vk?feature=oembed\" frameborder=\"0\" allow=\"accelerometer; autoplay; clipboard-write; encrypted-media; gyroscope; picture-in-picture\" allowfullscreen><\/iframe>","_oembed_time_9f07a0dfd00eb2f5519865f00250d4be":"1632929369","_oembed_bf8630130fde37aa7ecf940796f78b0c":"<iframe width=\"851\" height=\"479\" src=\"https:\/\/www.youtube.com\/embed\/TQx4xP0R5vk?feature=oembed\" frameborder=\"0\" allow=\"accelerometer; autoplay; clipboard-write; encrypted-media; gyroscope; picture-in-picture\" allowfullscreen><\/iframe>","_oembed_time_bf8630130fde37aa7ecf940796f78b0c":"1632932632","_oembed_08bc8347ad4366df5e841af269aad341":"<iframe width=\"861\" height=\"484\" src=\"https:\/\/www.youtube.com\/embed\/TQx4xP0R5vk?feature=oembed\" frameborder=\"0\" allow=\"accelerometer; autoplay; clipboard-write; encrypted-media; gyroscope; picture-in-picture\" allowfullscreen><\/iframe>","_oembed_time_08bc8347ad4366df5e841af269aad341":"1632982921","_oembed_99b549a39ab8aec48e5cbd557b97e2a5":"<iframe width=\"1005\" height=\"565\" src=\"https:\/\/www.youtube.com\/embed\/TQx4xP0R5vk?feature=oembed\" frameborder=\"0\" allow=\"accelerometer; autoplay; clipboard-write; encrypted-media; gyroscope; picture-in-picture\" allowfullscreen><\/iframe>","_oembed_time_99b549a39ab8aec48e5cbd557b97e2a5":"1632992024","id_link_fotogallery":"1384498","_oembed_0d7df4ee029ef4d0003b109ae6e87e0d":"<iframe width=\"920\" height=\"518\" src=\"https:\/\/www.youtube.com\/embed\/TQx4xP0R5vk?feature=oembed\" frameborder=\"0\" allow=\"accelerometer; autoplay; clipboard-write; encrypted-media; gyroscope; picture-in-picture\" allowfullscreen><\/iframe>","_oembed_time_0d7df4ee029ef4d0003b109ae6e87e0d":"1633007066","video":"1384651"},"photos":[{"original":"https:\/\/staging.varesenews.it\/photogallery_new\/images\/2021\/09\/matteo-salvini-a-varese-matteo-bianchi-1250796.jpg","full":"https:\/\/staging.varesenews.it\/photogallery_new\/images\/2021\/09\/matteo-salvini-a-varese-matteo-bianchi-1250796.1024x768.jpg","large":"https:\/\/staging.varesenews.it\/photogallery_new\/images\/2021\/09\/matteo-salvini-a-varese-matteo-bianchi-1250796.610x431.jpg"}],"_links":{"self":[{"href":"https:\/\/staging.varesenews.it\/swgapi\/v1\/wp\/v2\/posts\/1384243"}],"collection":[{"href":"https:\/\/staging.varesenews.it\/swgapi\/v1\/wp\/v2\/posts"}],"about":[{"href":"https:\/\/staging.varesenews.it\/swgapi\/v1\/wp\/v2\/types\/post"}],"author":[{"embeddable":true,"href":"https:\/\/staging.varesenews.it\/swgapi\/v1\/wp\/v2\/users\/48"}],"replies":[{"embeddable":true,"href":"https:\/\/staging.varesenews.it\/swgapi\/v1\/wp\/v2\/comments?post=1384243"}],"version-history":[{"count":0,"href":"https:\/\/staging.varesenews.it\/swgapi\/v1\/wp\/v2\/posts\/1384243\/revisions"}],"wp:attachment":[{"href":"https:\/\/staging.varesenews.it\/swgapi\/v1\/wp\/v2\/media?parent=1384243"}],"wp:term":[{"taxonomy":"category","embeddable":true,"href":"https:\/\/staging.varesenews.it\/swgapi\/v1\/wp\/v2\/categories?post=1384243"},{"taxonomy":"post_tag","embeddable":true,"href":"https:\/\/staging.varesenews.it\/swgapi\/v1\/wp\/v2\/tags?post=1384243"}],"curies":[{"name":"wp","href":"https:\/\/api.w.org\/{rel}","templated":true}]}}