{"id":1385105,"date":"2021-10-01T13:22:20","date_gmt":"2021-10-01T11:22:20","guid":{"rendered":"https:\/\/www.varesenews.it\/?p=1385105"},"modified":"2021-10-01T13:22:20","modified_gmt":"2021-10-01T11:22:20","slug":"programma-cugliate-fabiasco-crescere-rinnovarsi","status":"publish","type":"post","link":"https:\/\/staging.varesenews.it\/2021\/10\/programma-cugliate-fabiasco-crescere-rinnovarsi\/1385105\/","title":{"rendered":"Il programma di &#8220;Cugliate Fabiasco Crescere e Rinnovarsi&#8221;"},"content":{"rendered":"<p>\u201cIn questi anni <strong>siamo riusciti a mantenere quanto previsto<\/strong> dal programma elettorale precedente, buona parte realizzate e alcune in fase di realizzazione, nonostante le varie e <strong>notevoli difficolt\u00e0<\/strong> che abbiamo incotrato, che hanno comportato un rallentamento dei lavori, alle forti alluvioni e non da ultimo la pandemia\u201d, dichiara <strong>Angelo Filippini, candidato sindaco della lista Crescere e Rinnovarsi<\/strong> in corsa a Cugliate Fabiasco, \u201cAmministrare significa districarsi e superare le tante fasi della burocrazia, i suoi tempi a volte lunghissimi. <strong>Tutti vorremmo veder realizzati in breve tempo le idee e i progetti<\/strong> a beneficio del paese. Abbiamo sempre preso in considerazione le critiche costruttive e e abbiamo sistematicamente ignorato quelle che avevano altri scopi.\u201d Il riferimento \u00e8 probabilmente alla lista avversaria <strong>Cugliate Fabiasco Alternativo<\/strong> che da mesi pubblica, sulla pagina Facebook, video dove non mancano critiche alla attuale amministrazione; <a href=\"https:\/\/www.varesenews.it\/2021\/09\/ancora-volta-costretti-precisazioni-lamministrazione-cugliate-fabiasco-risponde-alle-accuse-degli-avversari\/1383245\/\" target=\"_blank\" rel=\"noopener\">un confronto molto social a colpi di post<\/a>.<\/p>\n<p>La squadra \u00e8 composta oltre che da Angelo Filippini, <a href=\"https:\/\/www.varesenews.it\/2021\/09\/curiosa-omonimia-nella-lista-crescere-rinnovarsi-candida-un-altro-angelo-filippini\/1374914\/\" target=\"_blank\" rel=\"noopener\">curiosamente omonimo dell\u2019attuale e uscente sindaco, Angelo Filippini<\/a> appunto, da altri dodici candidati. <strong>Otto uomini e quattro donne<\/strong>, alcuni gi\u00e0 assessori e consiglieri comunali quali <strong>Antonia Polimeni, Gianluca Paglieri, Jessica Marotta e Omar Algisi<\/strong>, vicensindaco e assessore in Comunit\u00e0 Montana. Fra gli altri anche <strong>Massimo Grignani<\/strong>, presidente Regionale di Terranostra (Coldiretti) e presidente del Consorzio Turistico della provinciale.<\/p>\n<p><span class=\"embed-code ui-selectee\"><div class=\"photo-inside-post\"><img decoding=\"async\" loading=\"lazy\" fetchpriority=\"low\" width=\"610\" height=\"431\" src=\"https:\/\/staging.varesenews.it\/photogallery_new\/images\/2021\/10\/elezioni-cugliate-fabiasco-2021-1251279.610x431.jpg\" alt=\"Elezioni Cugliate Fabiasco 2021\"><\/div><\/span><\/p>\n<p>Nel presentarsi la lista elenca <strong>le opere realizzate in questi anni<\/strong> quali le rotatorie sulla statale incroci di Via Filippini e via Torino e la nuova strada di collegamento fra Via Filippini e via Libert\u00e0, la ristrutturazione di Villa Maria per la nuova sede municipale e della nuova sala civica adiacente, cos\u00ec come gli interventi di manutenzione straordinaria sul reticolo idrico, i nuovi giochi per i parchetti dei pi\u00f9 piccoli e il neo inaugurato campetto da basket\/pallavolo di via Leonardo da Vinci.<\/p>\n<p>Per quanto riguarda invece lo sguardo verso il futuro, <strong>il programma<\/strong> \u00e8 cos\u00ec articolato:<\/p>\n<p><strong>Sicurezza<\/strong><\/p>\n<ul>\n<li>Illuminazione e potenziamento della video sroveglianza<\/li>\n<li>Sistema allerta protezione civile<\/li>\n<li>Miglioramento collaborazione forze dell\u2019ordine<\/li>\n<\/ul>\n<p><strong>Viabilit\u00e0<\/strong><\/p>\n<ul>\n<li>Collegamento ciclopedonale dalla nuova rotonda agli abitati in direzione Ghirla<\/li>\n<li>Rilevatori velocit\u00e0 sulle strade a rischio<\/li>\n<li>Marciapiede via Torino dopo il semaforo<\/li>\n<li>Sistemazione toponomasitca e cartelli stradali<\/li>\n<\/ul>\n<p><strong>Sociale<\/strong><\/p>\n<ul>\n<li>Assunzione di un assistente sociale, progetto giovani et\u00e0 adolescenziale<\/li>\n<li>Individuazione licali per centro ascolto<\/li>\n<\/ul>\n<p><strong>Scuola<\/strong><\/p>\n<ul>\n<li>Miglioramento struttura scuola primaria<\/li>\n<li>Riconoscimento agli studenti meritevoli<\/li>\n<li>Miglioramento struttura e condizioni igro terminche scuola dell\u2019infanzia<\/li>\n<\/ul>\n<p><strong>Giovani<\/strong><\/p>\n<ul>\n<li>Progetto \u201cI giovani per i giovani\u201d, con l\u2019istituzione di un gruppo di lavoro di giovani maggiorenni per produrre idee di rinnovamento<\/li>\n<\/ul>\n<p><strong>Sport<\/strong><\/p>\n<ul>\n<li>Centro sportivo, realizzazione tensostruttura multiuso<\/li>\n<li>Punto lavaggio mountain bike<\/li>\n<\/ul>\n<p><strong>Informazione alla popolazione<\/strong><\/p>\n<ul>\n<li>Rendiconto dell\u2019attivit\u00e0 dell\u2019amministrazione su sito, social, pubblicazioni<\/li>\n<li>Sondaggi per coinvolgere la cittadinanza<\/li>\n<\/ul>\n<p><strong>Servizi Pubblici<\/strong><\/p>\n<ul>\n<li>Progetto per sensibilizzare la popolazione sul tema dei rifiuti<\/li>\n<li>Valutazione scuolabus<\/li>\n<\/ul>\n<p>Nel programma anche progetti legati poi alle <strong>opere pubbliche<\/strong> che interessano cimiteri, il centro anziani, l&#8217;archivio comunale, un&#8217;area cani, sentieri, orti in condivisione e zone a libero accesso wifi. Mentre <strong>sul fronte del Tursimo e della Cultura<\/strong> la lista propone la creazione di una biblioteca\/aula studi multimediale che sia anche luogo di incontro per i ragazzi, la valorizzazione ambientale della sorgente del torrente Molinazzo, la valorizzazione dei sentieri segnati e la creazione di un percorso storico culturale a tappe per le vie del paese.<\/p>\n<p><span class=\"embed-code ui-selectee\"><div class=\"photo-inside-post\"><img decoding=\"async\" loading=\"lazy\" fetchpriority=\"low\" width=\"610\" height=\"431\" src=\"https:\/\/staging.varesenews.it\/photogallery_new\/images\/2021\/10\/elezioni-cugliate-fabiasco-2021-1251278.610x431.jpg\" alt=\"Elezioni Cugliate Fabiasco 2021\"><\/div><\/span><\/p>\n<p>&nbsp;<\/p>\n","protected":false},"excerpt":{"rendered":"<p>La squadra, capitanata da Angelo Filippi e che si propone in continuit\u00e0 con l\u2019amministrazione uscente, presenta risultati raggiunti e prossimi obiettivi<\/p>\n","protected":false},"author":5261,"featured_media":0,"comment_status":"open","ping_status":"open","sticky":false,"template":"","format":"standard","meta":{"footnotes":""},"categories":[2],"tags":[116841],"acf":[],"yoast_head":"<!-- This site is optimized with the Yoast SEO plugin v20.1 - https:\/\/yoast.com\/wordpress\/plugins\/seo\/ -->\n<title>Il programma di &quot;Cugliate Fabiasco Crescere e Rinnovarsi&quot;<\/title>\n<meta name=\"description\" content=\"La squadra, capitanata da Angelo Filippi e che si propone in continuit\u00e0 con l\u2019amministrazione uscente, presenta risultati raggiunti e prossimi obiettivi\" \/>\n<meta name=\"robots\" content=\"noindex, follow, max-snippet:-1, max-image-preview:large, max-video-preview:-1\" \/>\n<meta property=\"og:locale\" content=\"it_IT\" \/>\n<meta property=\"og:type\" content=\"article\" \/>\n<meta property=\"og:title\" content=\"Il programma di &quot;Cugliate Fabiasco Crescere e Rinnovarsi&quot;\" \/>\n<meta property=\"og:description\" content=\"La squadra, capitanata da Angelo Filippi e che si propone in continuit\u00e0 con l\u2019amministrazione uscente, presenta risultati raggiunti e prossimi obiettivi\" \/>\n<meta property=\"og:url\" content=\"https:\/\/staging.varesenews.it\/2021\/10\/programma-cugliate-fabiasco-crescere-rinnovarsi\/1385105\/\" \/>\n<meta property=\"og:site_name\" content=\"VareseNews\" \/>\n<meta property=\"article:publisher\" content=\"https:\/\/www.facebook.com\/varesenews\" \/>\n<meta property=\"article:published_time\" content=\"2021-10-01T11:22:20+00:00\" \/>\n<meta name=\"author\" content=\"Eleonora Martinelli\" \/>\n<meta name=\"twitter:card\" content=\"summary_large_image\" \/>\n<meta name=\"twitter:creator\" content=\"@varesenews\" \/>\n<meta name=\"twitter:site\" content=\"@varesenews\" \/>\n<meta name=\"twitter:label1\" content=\"Scritto da\" \/>\n\t<meta name=\"twitter:data1\" content=\"Eleonora Martinelli\" \/>\n\t<meta name=\"twitter:label2\" content=\"Tempo di lettura stimato\" \/>\n\t<meta name=\"twitter:data2\" content=\"3 minuti\" \/>\n<script type=\"application\/ld+json\" class=\"yoast-schema-graph\">{\"@context\":\"https:\/\/schema.org\",\"@graph\":[{\"@type\":\"WebPage\",\"@id\":\"https:\/\/staging.varesenews.it\/2021\/10\/programma-cugliate-fabiasco-crescere-rinnovarsi\/1385105\/\",\"url\":\"https:\/\/staging.varesenews.it\/2021\/10\/programma-cugliate-fabiasco-crescere-rinnovarsi\/1385105\/\",\"name\":\"Il programma di \\\"Cugliate Fabiasco Crescere e Rinnovarsi\\\"\",\"isPartOf\":{\"@id\":\"https:\/\/staging.varesenews.it\/#website\"},\"datePublished\":\"2021-10-01T11:22:20+00:00\",\"dateModified\":\"2021-10-01T11:22:20+00:00\",\"author\":{\"@id\":\"https:\/\/staging.varesenews.it\/#\/schema\/person\/3e2576be2a507c7c573a96b82aa974f2\"},\"description\":\"La squadra, capitanata da Angelo Filippi e che si propone in continuit\u00e0 con l\u2019amministrazione uscente, presenta risultati raggiunti e prossimi obiettivi\",\"breadcrumb\":{\"@id\":\"https:\/\/staging.varesenews.it\/2021\/10\/programma-cugliate-fabiasco-crescere-rinnovarsi\/1385105\/#breadcrumb\"},\"inLanguage\":\"it-IT\",\"potentialAction\":[{\"@type\":\"ReadAction\",\"target\":[\"https:\/\/staging.varesenews.it\/2021\/10\/programma-cugliate-fabiasco-crescere-rinnovarsi\/1385105\/\"]}]},{\"@type\":\"BreadcrumbList\",\"@id\":\"https:\/\/staging.varesenews.it\/2021\/10\/programma-cugliate-fabiasco-crescere-rinnovarsi\/1385105\/#breadcrumb\",\"itemListElement\":[{\"@type\":\"ListItem\",\"position\":1,\"name\":\"Home\",\"item\":\"https:\/\/www.varesenews.it\/\"},{\"@type\":\"ListItem\",\"position\":2,\"name\":\"Il programma di &#8220;Cugliate Fabiasco Crescere e Rinnovarsi&#8221;\"}]},{\"@type\":\"WebSite\",\"@id\":\"https:\/\/staging.varesenews.it\/#website\",\"url\":\"https:\/\/staging.varesenews.it\/\",\"name\":\"VareseNews\",\"description\":\"\",\"potentialAction\":[{\"@type\":\"SearchAction\",\"target\":{\"@type\":\"EntryPoint\",\"urlTemplate\":\"https:\/\/staging.varesenews.it\/?s={search_term_string}\"},\"query-input\":\"required name=search_term_string\"}],\"inLanguage\":\"it-IT\"},{\"@type\":\"Person\",\"@id\":\"https:\/\/staging.varesenews.it\/#\/schema\/person\/3e2576be2a507c7c573a96b82aa974f2\",\"name\":\"Eleonora Martinelli\",\"image\":{\"@type\":\"ImageObject\",\"inLanguage\":\"it-IT\",\"@id\":\"https:\/\/staging.varesenews.it\/#\/schema\/person\/image\/\",\"url\":\"https:\/\/staging.varesenews.it\/wp-content\/uploads\/2020\/12\/eleonorta_martinelli_colori_500.jpg\",\"contentUrl\":\"https:\/\/staging.varesenews.it\/wp-content\/uploads\/2020\/12\/eleonorta_martinelli_colori_500.jpg\",\"caption\":\"Eleonora Martinelli\"},\"description\":\"Vendemmia 1988. Evitato il pericolo di diventare avvocato mi tuffo nel mondo del vino e mi reinvento sommelier professionista. Il pallino del raccontare esplorando mi porta pi&ugrave; per vigne e cantine, con gli scarponi ai piedi, che in ristoranti eleganti in divisa da pinguino. Gli scarponi non li ho poi pi&ugrave; tolti, mi ci trovavo cos&igrave; bene!, cos&igrave; oggi sono la responsabile comunicazione di due importanti cammini italiani: la Via Francigena e la Via Francisca del Lucomagno. &Egrave; un onore scrivere anche per VareseNews. Dai terroir (del vino) ai territori il passo &egrave; stato breve, pieno di chilometri sotto le suole e di storie da raccontare. Per valorizzare il locale, nel mondo globale.\",\"url\":\"https:\/\/staging.varesenews.it\/persona\/landroidee\/\"}]}<\/script>\n<!-- \/ Yoast SEO plugin. -->","yoast_head_json":{"title":"Il programma di \"Cugliate Fabiasco Crescere e Rinnovarsi\"","description":"La squadra, capitanata da Angelo Filippi e che si propone in continuit\u00e0 con l\u2019amministrazione uscente, presenta risultati raggiunti e prossimi obiettivi","robots":{"index":"noindex","follow":"follow","max-snippet":"max-snippet:-1","max-image-preview":"max-image-preview:large","max-video-preview":"max-video-preview:-1"},"og_locale":"it_IT","og_type":"article","og_title":"Il programma di \"Cugliate Fabiasco Crescere e Rinnovarsi\"","og_description":"La squadra, capitanata da Angelo Filippi e che si propone in continuit\u00e0 con l\u2019amministrazione uscente, presenta risultati raggiunti e prossimi obiettivi","og_url":"https:\/\/staging.varesenews.it\/2021\/10\/programma-cugliate-fabiasco-crescere-rinnovarsi\/1385105\/","og_site_name":"VareseNews","article_publisher":"https:\/\/www.facebook.com\/varesenews","article_published_time":"2021-10-01T11:22:20+00:00","author":"Eleonora Martinelli","twitter_card":"summary_large_image","twitter_creator":"@varesenews","twitter_site":"@varesenews","twitter_misc":{"Scritto da":"Eleonora Martinelli","Tempo di lettura stimato":"3 minuti"},"schema":{"@context":"https:\/\/schema.org","@graph":[{"@type":"WebPage","@id":"https:\/\/staging.varesenews.it\/2021\/10\/programma-cugliate-fabiasco-crescere-rinnovarsi\/1385105\/","url":"https:\/\/staging.varesenews.it\/2021\/10\/programma-cugliate-fabiasco-crescere-rinnovarsi\/1385105\/","name":"Il programma di \"Cugliate Fabiasco Crescere e Rinnovarsi\"","isPartOf":{"@id":"https:\/\/staging.varesenews.it\/#website"},"datePublished":"2021-10-01T11:22:20+00:00","dateModified":"2021-10-01T11:22:20+00:00","author":{"@id":"https:\/\/staging.varesenews.it\/#\/schema\/person\/3e2576be2a507c7c573a96b82aa974f2"},"description":"La squadra, capitanata da Angelo Filippi e che si propone in continuit\u00e0 con l\u2019amministrazione uscente, presenta risultati raggiunti e prossimi obiettivi","breadcrumb":{"@id":"https:\/\/staging.varesenews.it\/2021\/10\/programma-cugliate-fabiasco-crescere-rinnovarsi\/1385105\/#breadcrumb"},"inLanguage":"it-IT","potentialAction":[{"@type":"ReadAction","target":["https:\/\/staging.varesenews.it\/2021\/10\/programma-cugliate-fabiasco-crescere-rinnovarsi\/1385105\/"]}]},{"@type":"BreadcrumbList","@id":"https:\/\/staging.varesenews.it\/2021\/10\/programma-cugliate-fabiasco-crescere-rinnovarsi\/1385105\/#breadcrumb","itemListElement":[{"@type":"ListItem","position":1,"name":"Home","item":"https:\/\/www.varesenews.it\/"},{"@type":"ListItem","position":2,"name":"Il programma di &#8220;Cugliate Fabiasco Crescere e Rinnovarsi&#8221;"}]},{"@type":"WebSite","@id":"https:\/\/staging.varesenews.it\/#website","url":"https:\/\/staging.varesenews.it\/","name":"VareseNews","description":"","potentialAction":[{"@type":"SearchAction","target":{"@type":"EntryPoint","urlTemplate":"https:\/\/staging.varesenews.it\/?s={search_term_string}"},"query-input":"required name=search_term_string"}],"inLanguage":"it-IT"},{"@type":"Person","@id":"https:\/\/staging.varesenews.it\/#\/schema\/person\/3e2576be2a507c7c573a96b82aa974f2","name":"Eleonora Martinelli","image":{"@type":"ImageObject","inLanguage":"it-IT","@id":"https:\/\/staging.varesenews.it\/#\/schema\/person\/image\/","url":"https:\/\/staging.varesenews.it\/wp-content\/uploads\/2020\/12\/eleonorta_martinelli_colori_500.jpg","contentUrl":"https:\/\/staging.varesenews.it\/wp-content\/uploads\/2020\/12\/eleonorta_martinelli_colori_500.jpg","caption":"Eleonora Martinelli"},"description":"Vendemmia 1988. Evitato il pericolo di diventare avvocato mi tuffo nel mondo del vino e mi reinvento sommelier professionista. Il pallino del raccontare esplorando mi porta pi&ugrave; per vigne e cantine, con gli scarponi ai piedi, che in ristoranti eleganti in divisa da pinguino. Gli scarponi non li ho poi pi&ugrave; tolti, mi ci trovavo cos&igrave; bene!, cos&igrave; oggi sono la responsabile comunicazione di due importanti cammini italiani: la Via Francigena e la Via Francisca del Lucomagno. &Egrave; un onore scrivere anche per VareseNews. Dai terroir (del vino) ai territori il passo &egrave; stato breve, pieno di chilometri sotto le suole e di storie da raccontare. Per valorizzare il locale, nel mondo globale.","url":"https:\/\/staging.varesenews.it\/persona\/landroidee\/"}]}},"post_meta":{"_edit_lock":"1633087621:5261","_edit_last":"5261","_category_permalink":"a:1:{s:8:\"category\";s:0:\"\";}","foto":"1244013","argomento":"Cugliate Fabiasco","_yoast_wpseo_content_score":"30","_jd_tweet_this":"yes","_encloseme":"1","ratings_users":"0","ratings_score":"0","ratings_average":"0","_wpt_short_url":"https:\/\/www.varesenews.it\/2021\/10\/programma-cugliate-fabiasco-crescere-rinnovarsi\/1385105\/","_wp_jd_target":"https:\/\/www.varesenews.it\/2021\/10\/programma-cugliate-fabiasco-crescere-rinnovarsi\/1385105\/","_jd_wp_twitter":"a:1:{i:0;s:153:\"Il programma di \u201cCugliate Fabiasco Crescere e Rinnovarsi\u201d https:\/\/www.varesenews.it\/2021\/10\/programma-cugliate-fabiasco-crescere-rinnovarsi\/1385105\/ \";}","_wpt_status_message":"Tweet inviato con successo.","_oembed_63238a14bd9c3de4219041d9790d0179":"<blockquote class=\"wp-embedded-content\" data-secret=\"2AwiAEj0MF\"><a href=\"https:\/\/www.varesenews.it\/2021\/09\/elezioni-comunali-2021-si-vota-le-amministrative-del-3-4-ottobre\/1384726\/\">Elezioni comunali 2021: ecco come si vota per le amministrative del 3 e 4 ottobre<\/a><\/blockquote><iframe class=\"wp-embedded-content\" sandbox=\"allow-scripts\" security=\"restricted\" style=\"position: absolute; clip: rect(1px, 1px, 1px, 1px);\" src=\"https:\/\/www.varesenews.it\/2021\/09\/elezioni-comunali-2021-si-vota-le-amministrative-del-3-4-ottobre\/1384726\/embed\/#?secret=2AwiAEj0MF\" data-secret=\"2AwiAEj0MF\" width=\"500\" height=\"282\" title=\"&#8220;Elezioni comunali 2021: ecco come si vota per le amministrative del 3 e 4 ottobre&#8221; &#8212; VareseNews\" frameborder=\"0\" marginwidth=\"0\" marginheight=\"0\" scrolling=\"no\"><\/iframe>","_oembed_time_63238a14bd9c3de4219041d9790d0179":"1633087390","_oembed_2203d30a3dd05b4e87c81ff724517803":"<blockquote class=\"wp-embedded-content\" data-secret=\"296mY5ybSy\"><a href=\"https:\/\/www.varesenews.it\/2013\/06\/la-rivoluzione-dell-e-commerce-passa-anche-dalla-gallaratese-eprice\/58396\/\">La rivoluzione dell&#8217;e-commerce passa anche dalla gallaratese ePrice<\/a><\/blockquote><iframe class=\"wp-embedded-content\" sandbox=\"allow-scripts\" security=\"restricted\" style=\"position: absolute; clip: rect(1px, 1px, 1px, 1px);\" src=\"https:\/\/www.varesenews.it\/2013\/06\/la-rivoluzione-dell-e-commerce-passa-anche-dalla-gallaratese-eprice\/58396\/embed\/#?secret=296mY5ybSy\" data-secret=\"296mY5ybSy\" width=\"500\" height=\"282\" title=\"&#8220;La rivoluzione dell&#8217;e-commerce passa anche dalla gallaratese ePrice&#8221; &#8212; VareseNews\" frameborder=\"0\" marginwidth=\"0\" marginheight=\"0\" scrolling=\"no\"><\/iframe>","_oembed_time_2203d30a3dd05b4e87c81ff724517803":"1633087390","_oembed_92d9fb59b3b3f9296edcb251fe2d477c":"<iframe width=\"500\" height=\"281\" src=\"https:\/\/www.youtube.com\/embed\/_QaKn6eJzyk?feature=oembed\" frameborder=\"0\" allow=\"accelerometer; autoplay; clipboard-write; encrypted-media; gyroscope; picture-in-picture\" allowfullscreen><\/iframe>","_oembed_time_92d9fb59b3b3f9296edcb251fe2d477c":"1633087491","_oembed_67c7b17c925bfe30b0643b0ca0de97eb":"<blockquote class=\"wp-embedded-content\" data-secret=\"9Y6B6k1W10\"><a href=\"https:\/\/www.varesenews.it\/2021\/09\/anche-la-svizzera-utilizzera-vaccino-johnson-johnson\/1384090\/\">Anche la Svizzera utilizzer\u00e0 il vaccino di Johnson &#038; Johnson<\/a><\/blockquote><iframe class=\"wp-embedded-content\" sandbox=\"allow-scripts\" security=\"restricted\" style=\"position: absolute; clip: rect(1px, 1px, 1px, 1px);\" src=\"https:\/\/www.varesenews.it\/2021\/09\/anche-la-svizzera-utilizzera-vaccino-johnson-johnson\/1384090\/embed\/#?secret=9Y6B6k1W10\" data-secret=\"9Y6B6k1W10\" width=\"500\" height=\"282\" title=\"&#8220;Anche la Svizzera utilizzer\u00e0 il vaccino di Johnson &#038; Johnson&#8221; &#8212; VareseNews\" frameborder=\"0\" marginwidth=\"0\" marginheight=\"0\" scrolling=\"no\"><\/iframe>","_oembed_time_67c7b17c925bfe30b0643b0ca0de97eb":"1633087491"},"photos":[{"original":"https:\/\/staging.varesenews.it\/photogallery_new\/images\/2021\/09\/cugliate-fabiasco-elezioni-2021-lista-crescere-per-rinnovarsi-1244013.jpg","full":"https:\/\/staging.varesenews.it\/photogallery_new\/images\/2021\/09\/cugliate-fabiasco-elezioni-2021-lista-crescere-per-rinnovarsi-1244013.1024x768.jpg","large":"https:\/\/staging.varesenews.it\/photogallery_new\/images\/2021\/09\/cugliate-fabiasco-elezioni-2021-lista-crescere-per-rinnovarsi-1244013.610x431.jpg"}],"_links":{"self":[{"href":"https:\/\/staging.varesenews.it\/swgapi\/v1\/wp\/v2\/posts\/1385105"}],"collection":[{"href":"https:\/\/staging.varesenews.it\/swgapi\/v1\/wp\/v2\/posts"}],"about":[{"href":"https:\/\/staging.varesenews.it\/swgapi\/v1\/wp\/v2\/types\/post"}],"author":[{"embeddable":true,"href":"https:\/\/staging.varesenews.it\/swgapi\/v1\/wp\/v2\/users\/5261"}],"replies":[{"embeddable":true,"href":"https:\/\/staging.varesenews.it\/swgapi\/v1\/wp\/v2\/comments?post=1385105"}],"version-history":[{"count":0,"href":"https:\/\/staging.varesenews.it\/swgapi\/v1\/wp\/v2\/posts\/1385105\/revisions"}],"wp:attachment":[{"href":"https:\/\/staging.varesenews.it\/swgapi\/v1\/wp\/v2\/media?parent=1385105"}],"wp:term":[{"taxonomy":"category","embeddable":true,"href":"https:\/\/staging.varesenews.it\/swgapi\/v1\/wp\/v2\/categories?post=1385105"},{"taxonomy":"post_tag","embeddable":true,"href":"https:\/\/staging.varesenews.it\/swgapi\/v1\/wp\/v2\/tags?post=1385105"}],"curies":[{"name":"wp","href":"https:\/\/api.w.org\/{rel}","templated":true}]}}