{"id":1385489,"date":"2021-10-02T16:01:46","date_gmt":"2021-10-02T14:01:46","guid":{"rendered":"https:\/\/www.varesenews.it\/?p=1385489"},"modified":"2021-10-02T16:01:46","modified_gmt":"2021-10-02T14:01:46","slug":"a9-lainate-como-chiasso-chiusure-trasporti-eccezionali","status":"publish","type":"post","link":"https:\/\/staging.varesenews.it\/2021\/10\/a9-lainate-como-chiasso-chiusure-trasporti-eccezionali\/1385489\/","title":{"rendered":"A9 Lainate-Como-Chiasso, chiusure per trasporti eccezionali"},"content":{"rendered":"<p>Sulla A9 Lainate-Como-Chiasso, per consentire il transito di trasporti eccezionali, saranno adottati, in orario notturno, provvedimenti di chiusura nei seguenti giorni:<br \/>\n-dalle 22:00 di marted\u00ec 5 alle 5:00 di mercoled\u00ec 6 ottobre;<br \/>\n-dalle 22:00 di gioved\u00ec 7 alle 5:00 di venerd\u00ec 8 ottobre<\/p>\n<p>-sar\u00e0 chiuso il tratto compreso tra Lago di Como e l&#8217;allacciamento con la A59 Tangenziale di Como, verso Lainate, con contestuale chiusura dell&#8217;entrata dello svincolo di Como Centro, verso Lainate.<\/p>\n<p>In alternativa, si consigliano i seguenti itinerari:\u00a0per i veicoli leggeri, dopo l&#8217;uscita obbligatoria allo svincolo di Lago di Como, procedere su Via Bellinzona e sulla SP17 e rientrare sulla A9 alla stazione di Fino Mornasco, al km 29+900; per i veicoli superiori alle 3,5 tonnellate, dopo l&#8217;uscita obbligatoria allo svincolo di Lago di Como, immettersi su Via Innocenzo XI, Via Napoleona, Via Pasquale Paoli, Via Cecilio e rientrare sulla A9 a Fino Mornasco, al km 29+900;<\/p>\n<p>-sar\u00e0 chiuso il tratto Como Centro-Chiasso, verso il confine italo-svizzero. Di conseguenza, sar\u00e0 chiusa anche l&#8217;entrata dello svincolo di Como Centro, verso Chiasso.<\/p>\n<p>In alternativa, si consigliano i seguenti itinerari:<br \/>\nper i veicoli leggeri, dopo l&#8217;uscita obbligatoria allo svincolo di Como Centro, seguire le indicazioni sulla SP17, percorrere Viale San Fermo della Battaglia e Via Bellinzona, fino a raggiungere la dogana cittadina, per un totale di circa 8 km;<br \/>\nper i mezzi pesanti con peso superiore a 3,5 tonnellate, dopo l&#8217;uscita obbligatoria allo svincolo di Como Centro, percorrere Via Cecilio, Via Pasquale Paoli, Via Napoleona e Via Innocenzo XI, fino a raggiungere la dogana cittadina.<\/p>\n","protected":false},"excerpt":{"rendered":"<p>Le chiusure sono previste dalle 22:00 di marted\u00ec 5 alle 5:00 di mercoled\u00ec 6 ottobre; dalle 22:00 di gioved\u00ec 7 alle 5:00 di venerd\u00ec 8 ottobre<\/p>\n","protected":false},"author":32,"featured_media":0,"comment_status":"open","ping_status":"open","sticky":false,"template":"","format":"standard","meta":{"footnotes":""},"categories":[8,7,2],"tags":[116435],"acf":[],"yoast_head":"<!-- This site is optimized with the Yoast SEO plugin v20.1 - https:\/\/yoast.com\/wordpress\/plugins\/seo\/ -->\n<title>A9 Lainate-Como-Chiasso, chiusure per trasporti eccezionali<\/title>\n<meta name=\"description\" content=\"Le chiusure sono previste dalle 22:00 di marted\u00ec 5 alle 5:00 di mercoled\u00ec 6 ottobre; dalle 22:00 di gioved\u00ec 7 alle 5:00 di venerd\u00ec 8 ottobre\" \/>\n<meta name=\"robots\" content=\"noindex, follow, max-snippet:-1, max-image-preview:large, max-video-preview:-1\" \/>\n<meta property=\"og:locale\" content=\"it_IT\" \/>\n<meta property=\"og:type\" content=\"article\" \/>\n<meta property=\"og:title\" content=\"A9 Lainate-Como-Chiasso, chiusure per trasporti eccezionali\" \/>\n<meta property=\"og:description\" content=\"Le chiusure sono previste dalle 22:00 di marted\u00ec 5 alle 5:00 di mercoled\u00ec 6 ottobre; dalle 22:00 di gioved\u00ec 7 alle 5:00 di venerd\u00ec 8 ottobre\" \/>\n<meta property=\"og:url\" content=\"https:\/\/staging.varesenews.it\/2021\/10\/a9-lainate-como-chiasso-chiusure-trasporti-eccezionali\/1385489\/\" \/>\n<meta property=\"og:site_name\" content=\"VareseNews\" \/>\n<meta property=\"article:publisher\" content=\"https:\/\/www.facebook.com\/varesenews\" \/>\n<meta property=\"article:published_time\" content=\"2021-10-02T14:01:46+00:00\" \/>\n<meta name=\"author\" content=\"Adelia Brigo\" \/>\n<meta name=\"twitter:card\" content=\"summary_large_image\" \/>\n<meta name=\"twitter:creator\" content=\"@AdeliaBrigo\" \/>\n<meta name=\"twitter:site\" content=\"@varesenews\" \/>\n<meta name=\"twitter:label1\" content=\"Scritto da\" \/>\n\t<meta name=\"twitter:data1\" content=\"Adelia Brigo\" \/>\n\t<meta name=\"twitter:label2\" content=\"Tempo di lettura stimato\" \/>\n\t<meta name=\"twitter:data2\" content=\"1 minuto\" \/>\n<script type=\"application\/ld+json\" class=\"yoast-schema-graph\">{\"@context\":\"https:\/\/schema.org\",\"@graph\":[{\"@type\":\"WebPage\",\"@id\":\"https:\/\/staging.varesenews.it\/2021\/10\/a9-lainate-como-chiasso-chiusure-trasporti-eccezionali\/1385489\/\",\"url\":\"https:\/\/staging.varesenews.it\/2021\/10\/a9-lainate-como-chiasso-chiusure-trasporti-eccezionali\/1385489\/\",\"name\":\"A9 Lainate-Como-Chiasso, chiusure per trasporti eccezionali\",\"isPartOf\":{\"@id\":\"https:\/\/staging.varesenews.it\/#website\"},\"datePublished\":\"2021-10-02T14:01:46+00:00\",\"dateModified\":\"2021-10-02T14:01:46+00:00\",\"author\":{\"@id\":\"https:\/\/staging.varesenews.it\/#\/schema\/person\/272ac0f5b2dbfd572218c2d86e013f1a\"},\"description\":\"Le chiusure sono previste dalle 22:00 di marted\u00ec 5 alle 5:00 di mercoled\u00ec 6 ottobre; dalle 22:00 di gioved\u00ec 7 alle 5:00 di venerd\u00ec 8 ottobre\",\"breadcrumb\":{\"@id\":\"https:\/\/staging.varesenews.it\/2021\/10\/a9-lainate-como-chiasso-chiusure-trasporti-eccezionali\/1385489\/#breadcrumb\"},\"inLanguage\":\"it-IT\",\"potentialAction\":[{\"@type\":\"ReadAction\",\"target\":[\"https:\/\/staging.varesenews.it\/2021\/10\/a9-lainate-como-chiasso-chiusure-trasporti-eccezionali\/1385489\/\"]}]},{\"@type\":\"BreadcrumbList\",\"@id\":\"https:\/\/staging.varesenews.it\/2021\/10\/a9-lainate-como-chiasso-chiusure-trasporti-eccezionali\/1385489\/#breadcrumb\",\"itemListElement\":[{\"@type\":\"ListItem\",\"position\":1,\"name\":\"Home\",\"item\":\"https:\/\/www.varesenews.it\/\"},{\"@type\":\"ListItem\",\"position\":2,\"name\":\"A9 Lainate-Como-Chiasso, chiusure per trasporti eccezionali\"}]},{\"@type\":\"WebSite\",\"@id\":\"https:\/\/staging.varesenews.it\/#website\",\"url\":\"https:\/\/staging.varesenews.it\/\",\"name\":\"VareseNews\",\"description\":\"\",\"potentialAction\":[{\"@type\":\"SearchAction\",\"target\":{\"@type\":\"EntryPoint\",\"urlTemplate\":\"https:\/\/staging.varesenews.it\/?s={search_term_string}\"},\"query-input\":\"required name=search_term_string\"}],\"inLanguage\":\"it-IT\"},{\"@type\":\"Person\",\"@id\":\"https:\/\/staging.varesenews.it\/#\/schema\/person\/272ac0f5b2dbfd572218c2d86e013f1a\",\"name\":\"Adelia Brigo\",\"image\":{\"@type\":\"ImageObject\",\"inLanguage\":\"it-IT\",\"@id\":\"https:\/\/staging.varesenews.it\/#\/schema\/person\/image\/\",\"url\":\"https:\/\/staging.varesenews.it\/wp-content\/uploads\/2020\/12\/adelia_brigo_colori_500.jpg\",\"contentUrl\":\"https:\/\/staging.varesenews.it\/wp-content\/uploads\/2020\/12\/adelia_brigo_colori_500.jpg\",\"caption\":\"Adelia Brigo\"},\"description\":\"Giornalista pubblicista, lavoro a VareseNews dal 2007 e mi occupo di cronaca locale e del settore dedicato alla cultura. In questi anni ho seguito diversi progetti di comunicazione, amo sperimentare strategie per i Social Network e raccontare storie. Varesina, classe 1984, sono laureata in Scienze della Comunicazione.&nbsp;\",\"sameAs\":[\"AdeliaBrigo\",\"https:\/\/twitter.com\/AdeliaBrigo\"],\"url\":\"https:\/\/staging.varesenews.it\/persona\/adelia_brigo\/\"}]}<\/script>\n<!-- \/ Yoast SEO plugin. -->","yoast_head_json":{"title":"A9 Lainate-Como-Chiasso, chiusure per trasporti eccezionali","description":"Le chiusure sono previste dalle 22:00 di marted\u00ec 5 alle 5:00 di mercoled\u00ec 6 ottobre; dalle 22:00 di gioved\u00ec 7 alle 5:00 di venerd\u00ec 8 ottobre","robots":{"index":"noindex","follow":"follow","max-snippet":"max-snippet:-1","max-image-preview":"max-image-preview:large","max-video-preview":"max-video-preview:-1"},"og_locale":"it_IT","og_type":"article","og_title":"A9 Lainate-Como-Chiasso, chiusure per trasporti eccezionali","og_description":"Le chiusure sono previste dalle 22:00 di marted\u00ec 5 alle 5:00 di mercoled\u00ec 6 ottobre; dalle 22:00 di gioved\u00ec 7 alle 5:00 di venerd\u00ec 8 ottobre","og_url":"https:\/\/staging.varesenews.it\/2021\/10\/a9-lainate-como-chiasso-chiusure-trasporti-eccezionali\/1385489\/","og_site_name":"VareseNews","article_publisher":"https:\/\/www.facebook.com\/varesenews","article_published_time":"2021-10-02T14:01:46+00:00","author":"Adelia Brigo","twitter_card":"summary_large_image","twitter_creator":"@AdeliaBrigo","twitter_site":"@varesenews","twitter_misc":{"Scritto da":"Adelia Brigo","Tempo di lettura stimato":"1 minuto"},"schema":{"@context":"https:\/\/schema.org","@graph":[{"@type":"WebPage","@id":"https:\/\/staging.varesenews.it\/2021\/10\/a9-lainate-como-chiasso-chiusure-trasporti-eccezionali\/1385489\/","url":"https:\/\/staging.varesenews.it\/2021\/10\/a9-lainate-como-chiasso-chiusure-trasporti-eccezionali\/1385489\/","name":"A9 Lainate-Como-Chiasso, chiusure per trasporti eccezionali","isPartOf":{"@id":"https:\/\/staging.varesenews.it\/#website"},"datePublished":"2021-10-02T14:01:46+00:00","dateModified":"2021-10-02T14:01:46+00:00","author":{"@id":"https:\/\/staging.varesenews.it\/#\/schema\/person\/272ac0f5b2dbfd572218c2d86e013f1a"},"description":"Le chiusure sono previste dalle 22:00 di marted\u00ec 5 alle 5:00 di mercoled\u00ec 6 ottobre; dalle 22:00 di gioved\u00ec 7 alle 5:00 di venerd\u00ec 8 ottobre","breadcrumb":{"@id":"https:\/\/staging.varesenews.it\/2021\/10\/a9-lainate-como-chiasso-chiusure-trasporti-eccezionali\/1385489\/#breadcrumb"},"inLanguage":"it-IT","potentialAction":[{"@type":"ReadAction","target":["https:\/\/staging.varesenews.it\/2021\/10\/a9-lainate-como-chiasso-chiusure-trasporti-eccezionali\/1385489\/"]}]},{"@type":"BreadcrumbList","@id":"https:\/\/staging.varesenews.it\/2021\/10\/a9-lainate-como-chiasso-chiusure-trasporti-eccezionali\/1385489\/#breadcrumb","itemListElement":[{"@type":"ListItem","position":1,"name":"Home","item":"https:\/\/www.varesenews.it\/"},{"@type":"ListItem","position":2,"name":"A9 Lainate-Como-Chiasso, chiusure per trasporti eccezionali"}]},{"@type":"WebSite","@id":"https:\/\/staging.varesenews.it\/#website","url":"https:\/\/staging.varesenews.it\/","name":"VareseNews","description":"","potentialAction":[{"@type":"SearchAction","target":{"@type":"EntryPoint","urlTemplate":"https:\/\/staging.varesenews.it\/?s={search_term_string}"},"query-input":"required name=search_term_string"}],"inLanguage":"it-IT"},{"@type":"Person","@id":"https:\/\/staging.varesenews.it\/#\/schema\/person\/272ac0f5b2dbfd572218c2d86e013f1a","name":"Adelia Brigo","image":{"@type":"ImageObject","inLanguage":"it-IT","@id":"https:\/\/staging.varesenews.it\/#\/schema\/person\/image\/","url":"https:\/\/staging.varesenews.it\/wp-content\/uploads\/2020\/12\/adelia_brigo_colori_500.jpg","contentUrl":"https:\/\/staging.varesenews.it\/wp-content\/uploads\/2020\/12\/adelia_brigo_colori_500.jpg","caption":"Adelia Brigo"},"description":"Giornalista pubblicista, lavoro a VareseNews dal 2007 e mi occupo di cronaca locale e del settore dedicato alla cultura. In questi anni ho seguito diversi progetti di comunicazione, amo sperimentare strategie per i Social Network e raccontare storie. Varesina, classe 1984, sono laureata in Scienze della Comunicazione.&nbsp;","sameAs":["AdeliaBrigo","https:\/\/twitter.com\/AdeliaBrigo"],"url":"https:\/\/staging.varesenews.it\/persona\/adelia_brigo\/"}]}},"post_meta":{"_edit_lock":"1633183188:32","_edit_last":"32","_category_permalink":"a:1:{s:8:\"category\";s:0:\"\";}","_encloseme":"1","ratings_users":"0","ratings_score":"0","ratings_average":"0","foto":"1220827","firma_come_redazione":"1","argomento":"Autostrade","_yoast_wpseo_content_score":"30","_jd_tweet_this":"yes","_wpt_short_url":"https:\/\/www.varesenews.it\/2021\/10\/a9-lainate-como-chiasso-chiusure-trasporti-eccezionali\/1385489\/","_wp_jd_target":"https:\/\/www.varesenews.it\/2021\/10\/a9-lainate-como-chiasso-chiusure-trasporti-eccezionali\/1385489\/","_jd_wp_twitter":"a:1:{i:0;s:158:\"A9 Lainate-Como-Chiasso, chiusure per trasporti eccezionali https:\/\/www.varesenews.it\/2021\/10\/a9-lainate-como-chiasso-chiusure-trasporti-eccezionali\/1385489\/ \";}","_wpt_status_message":"Tweet inviato con successo.","_oembed_63238a14bd9c3de4219041d9790d0179":"<blockquote class=\"wp-embedded-content\" data-secret=\"lNzPvD7qMr\"><a href=\"https:\/\/www.varesenews.it\/2021\/09\/elezioni-comunali-2021-si-vota-le-amministrative-del-3-4-ottobre\/1384726\/\">Elezioni comunali 2021: ecco come si vota per le amministrative del 3 e 4 ottobre<\/a><\/blockquote><iframe class=\"wp-embedded-content\" sandbox=\"allow-scripts\" security=\"restricted\" style=\"position: absolute; clip: rect(1px, 1px, 1px, 1px);\" src=\"https:\/\/www.varesenews.it\/2021\/09\/elezioni-comunali-2021-si-vota-le-amministrative-del-3-4-ottobre\/1384726\/embed\/#?secret=lNzPvD7qMr\" data-secret=\"lNzPvD7qMr\" width=\"500\" height=\"282\" title=\"&#8220;Elezioni comunali 2021: ecco come si vota per le amministrative del 3 e 4 ottobre&#8221; &#8212; VareseNews\" frameborder=\"0\" marginwidth=\"0\" marginheight=\"0\" scrolling=\"no\"><\/iframe>","_oembed_time_63238a14bd9c3de4219041d9790d0179":"1633183320","_oembed_2203d30a3dd05b4e87c81ff724517803":"<blockquote class=\"wp-embedded-content\" data-secret=\"zuZ4YtciUF\"><a href=\"https:\/\/www.varesenews.it\/2013\/06\/la-rivoluzione-dell-e-commerce-passa-anche-dalla-gallaratese-eprice\/58396\/\">La rivoluzione dell&#8217;e-commerce passa anche dalla gallaratese ePrice<\/a><\/blockquote><iframe class=\"wp-embedded-content\" sandbox=\"allow-scripts\" security=\"restricted\" style=\"position: absolute; clip: rect(1px, 1px, 1px, 1px);\" src=\"https:\/\/www.varesenews.it\/2013\/06\/la-rivoluzione-dell-e-commerce-passa-anche-dalla-gallaratese-eprice\/58396\/embed\/#?secret=zuZ4YtciUF\" data-secret=\"zuZ4YtciUF\" width=\"500\" height=\"282\" title=\"&#8220;La rivoluzione dell&#8217;e-commerce passa anche dalla gallaratese ePrice&#8221; &#8212; VareseNews\" frameborder=\"0\" marginwidth=\"0\" marginheight=\"0\" scrolling=\"no\"><\/iframe>","_oembed_time_2203d30a3dd05b4e87c81ff724517803":"1633183320","_oembed_cdbcbe13a58df92d4ed76276788ae653":"<blockquote class=\"wp-embedded-content\" data-secret=\"v67jH0hv3s\"><a href=\"https:\/\/www.varesenews.it\/2021\/09\/gran-fondo-tre-valli-varesine-ciclismo-le-strade-chiuse-varese-citta\/1384800\/\">Gran Fondo e Tre Valli Varesine di ciclismo: le strade chiuse a Varese citt\u00e0<\/a><\/blockquote><iframe class=\"wp-embedded-content\" sandbox=\"allow-scripts\" security=\"restricted\" style=\"position: absolute; clip: rect(1px, 1px, 1px, 1px);\" src=\"https:\/\/www.varesenews.it\/2021\/09\/gran-fondo-tre-valli-varesine-ciclismo-le-strade-chiuse-varese-citta\/1384800\/embed\/#?secret=v67jH0hv3s\" data-secret=\"v67jH0hv3s\" width=\"500\" height=\"282\" title=\"&#8220;Gran Fondo e Tre Valli Varesine di ciclismo: le strade chiuse a Varese citt\u00e0&#8221; &#8212; VareseNews\" frameborder=\"0\" marginwidth=\"0\" marginheight=\"0\" scrolling=\"no\"><\/iframe>","_oembed_time_cdbcbe13a58df92d4ed76276788ae653":"1633183320","_oembed_582419522dd576a5eb7a00c78437e9d6":"<blockquote class=\"wp-embedded-content\" data-secret=\"An8b9hzaA5\"><a href=\"https:\/\/www.varesenews.it\/2021\/10\/strade-chiuse-busto-tre-valli-varesine-2021\/1384988\/\">Le strade chiuse a Busto per la partenza della Tre Valli Varesine<\/a><\/blockquote><iframe class=\"wp-embedded-content\" sandbox=\"allow-scripts\" security=\"restricted\" style=\"position: absolute; clip: rect(1px, 1px, 1px, 1px);\" src=\"https:\/\/www.varesenews.it\/2021\/10\/strade-chiuse-busto-tre-valli-varesine-2021\/1384988\/embed\/#?secret=An8b9hzaA5\" data-secret=\"An8b9hzaA5\" width=\"500\" height=\"282\" title=\"&#8220;Le strade chiuse a Busto per la partenza della Tre Valli Varesine&#8221; &#8212; VareseNews\" frameborder=\"0\" marginwidth=\"0\" marginheight=\"0\" scrolling=\"no\"><\/iframe>","_oembed_time_582419522dd576a5eb7a00c78437e9d6":"1633183320","_oembed_3425460cbc79163b95a9927a50d31d2b":"<blockquote class=\"wp-embedded-content\" data-secret=\"o0PlJqAnA8\"><a href=\"https:\/\/www.legnanonews.com\/aree-geografiche\/legnano\/2021\/09\/30\/coppa-bernocchi-a-legnano-le-ultime-novita-per-la-viabilita-lunedi-4-ottobre\/998297\/\">Coppa Bernocchi a Legnano, le ultime novit\u00e0 per la viabilit\u00e0 luned\u00ec 4 ottobre<\/a><\/blockquote><iframe class=\"wp-embedded-content\" sandbox=\"allow-scripts\" security=\"restricted\" style=\"position: absolute; clip: rect(1px, 1px, 1px, 1px);\" src=\"https:\/\/www.legnanonews.com\/aree-geografiche\/legnano\/2021\/09\/30\/coppa-bernocchi-a-legnano-le-ultime-novita-per-la-viabilita-lunedi-4-ottobre\/998297\/embed\/#?secret=o0PlJqAnA8\" data-secret=\"o0PlJqAnA8\" width=\"500\" height=\"282\" title=\"&#8220;Coppa Bernocchi a Legnano, le ultime novit\u00e0 per la viabilit\u00e0 luned\u00ec 4 ottobre&#8221; &#8212; LegnanoNews\" frameborder=\"0\" marginwidth=\"0\" marginheight=\"0\" scrolling=\"no\"><\/iframe>","_oembed_time_3425460cbc79163b95a9927a50d31d2b":"1633183320","_oembed_3470d858c49deeec55fc2312cec58420":"<blockquote class=\"wp-embedded-content\" data-secret=\"1hnG2kbMUM\"><a href=\"https:\/\/www.varesenews.it\/2021\/10\/gran-fondo-bernocchi-tre-valli-varesine-programma-quattro-giorni-ciclismo\/1385084\/\">Gran Fondo, Bernocchi e Tre Valli Varesine: il programma di quattro giorni a tutto ciclismo<\/a><\/blockquote><iframe class=\"wp-embedded-content\" sandbox=\"allow-scripts\" security=\"restricted\" style=\"position: absolute; clip: rect(1px, 1px, 1px, 1px);\" src=\"https:\/\/www.varesenews.it\/2021\/10\/gran-fondo-bernocchi-tre-valli-varesine-programma-quattro-giorni-ciclismo\/1385084\/embed\/#?secret=1hnG2kbMUM\" data-secret=\"1hnG2kbMUM\" width=\"500\" height=\"282\" title=\"&#8220;Gran Fondo, Bernocchi e Tre Valli Varesine: il programma di quattro giorni a tutto ciclismo&#8221; &#8212; VareseNews\" frameborder=\"0\" marginwidth=\"0\" marginheight=\"0\" scrolling=\"no\"><\/iframe>","_oembed_time_3470d858c49deeec55fc2312cec58420":"1633183320","_oembed_e586780cc677d307092ec1c2860b7a74":"<blockquote class=\"wp-embedded-content\" data-secret=\"6qjdnF1sPn\"><a href=\"https:\/\/www.verbanonews.it\/aree-geografiche\/piemonte\/2021\/09\/27\/pugno-allarbitro-durante-una-partita-di-calcio-a-paruzzaro\/935479\/\">Pugno all\u2019arbitro durante una partita di calcio a Paruzzaro<\/a><\/blockquote><iframe class=\"wp-embedded-content\" sandbox=\"allow-scripts\" security=\"restricted\" style=\"position: absolute; clip: rect(1px, 1px, 1px, 1px);\" src=\"https:\/\/www.verbanonews.it\/aree-geografiche\/piemonte\/2021\/09\/27\/pugno-allarbitro-durante-una-partita-di-calcio-a-paruzzaro\/935479\/embed\/#?secret=6qjdnF1sPn\" data-secret=\"6qjdnF1sPn\" width=\"500\" height=\"282\" title=\"&#8220;Pugno all\u2019arbitro durante una partita di calcio a Paruzzaro&#8221; &#8212; VerbanoNews\" frameborder=\"0\" marginwidth=\"0\" marginheight=\"0\" scrolling=\"no\"><\/iframe>","_oembed_time_e586780cc677d307092ec1c2860b7a74":"1633183339","_oembed_5c381f96f3bda34173e21c2062484846":"<iframe width=\"500\" height=\"281\" src=\"https:\/\/www.youtube.com\/embed\/videoseries?list=OLAK5uy_kOWdkl7AREpLB5vkYkhbv94GHycru9xHY\" frameborder=\"0\" allow=\"accelerometer; autoplay; clipboard-write; encrypted-media; gyroscope; picture-in-picture\" allowfullscreen><\/iframe>","_oembed_time_5c381f96f3bda34173e21c2062484846":"1633183337"},"photos":[{"original":"https:\/\/staging.varesenews.it\/photogallery_new\/images\/2021\/05\/autostrada-1220827.jpg","full":"https:\/\/staging.varesenews.it\/photogallery_new\/images\/2021\/05\/autostrada-1220827.1024x768.jpg","large":"https:\/\/staging.varesenews.it\/photogallery_new\/images\/2021\/05\/autostrada-1220827.610x431.jpg"}],"_links":{"self":[{"href":"https:\/\/staging.varesenews.it\/swgapi\/v1\/wp\/v2\/posts\/1385489"}],"collection":[{"href":"https:\/\/staging.varesenews.it\/swgapi\/v1\/wp\/v2\/posts"}],"about":[{"href":"https:\/\/staging.varesenews.it\/swgapi\/v1\/wp\/v2\/types\/post"}],"author":[{"embeddable":true,"href":"https:\/\/staging.varesenews.it\/swgapi\/v1\/wp\/v2\/users\/32"}],"replies":[{"embeddable":true,"href":"https:\/\/staging.varesenews.it\/swgapi\/v1\/wp\/v2\/comments?post=1385489"}],"version-history":[{"count":0,"href":"https:\/\/staging.varesenews.it\/swgapi\/v1\/wp\/v2\/posts\/1385489\/revisions"}],"wp:attachment":[{"href":"https:\/\/staging.varesenews.it\/swgapi\/v1\/wp\/v2\/media?parent=1385489"}],"wp:term":[{"taxonomy":"category","embeddable":true,"href":"https:\/\/staging.varesenews.it\/swgapi\/v1\/wp\/v2\/categories?post=1385489"},{"taxonomy":"post_tag","embeddable":true,"href":"https:\/\/staging.varesenews.it\/swgapi\/v1\/wp\/v2\/tags?post=1385489"}],"curies":[{"name":"wp","href":"https:\/\/api.w.org\/{rel}","templated":true}]}}