{"id":1386444,"date":"2021-10-04T23:05:00","date_gmt":"2021-10-04T21:05:00","guid":{"rendered":"https:\/\/www.varesenews.it\/?p=1386444"},"modified":"2021-10-04T23:05:00","modified_gmt":"2021-10-04T21:05:00","slug":"consiglio-comunale-oggiona-baggini-piu-votato","status":"publish","type":"post","link":"https:\/\/staging.varesenews.it\/2021\/10\/consiglio-comunale-oggiona-baggini-piu-votato\/1386444\/","title":{"rendered":"Il nuovo consiglio comunale di Oggiona, Baggini il pi\u00f9 votato"},"content":{"rendered":"<p>Con vittoria di <strong>Franco Ghiringhelli,<\/strong> <strong>Oggiona con Santo Stefano<\/strong> ha un nuovo consiglio comunale. Ghiringhelli \u00e8 stato eletto con il\u00a055,89% dei voti percentuali, mentre Daniele Milani ha ottenuto il\u00a044,11%.<\/p>\n<blockquote class=\"wp-embedded-content\" data-secret=\"V3Z5q3fsQU\"><p><a href=\"https:\/\/www.varesenews.it\/2021\/10\/franco-ghiringhelli-sindaco-oggiona-santo-stefano\/1385990\/\">Franco Ghiringhelli \u00e8 il nuovo sindaco di Oggiona con Santo Stefano<\/a><\/p><\/blockquote>\n<p><iframe class=\"wp-embedded-content\" sandbox=\"allow-scripts\" security=\"restricted\" style=\"position: absolute; clip: rect(1px, 1px, 1px, 1px);\" src=\"https:\/\/www.varesenews.it\/2021\/10\/franco-ghiringhelli-sindaco-oggiona-santo-stefano\/1385990\/embed\/#?secret=V3Z5q3fsQU\" data-secret=\"V3Z5q3fsQU\" width=\"500\" height=\"282\" title=\"&#8220;Franco Ghiringhelli \u00e8 il nuovo sindaco di Oggiona con Santo Stefano&#8221; &#8212; VareseNews\" frameborder=\"0\" marginwidth=\"0\" marginheight=\"0\" scrolling=\"no\"><\/iframe><\/p>\n<h3>Il consiglio comunale di Oggiona<\/h3>\n<p>Ghiringhelli, con la lista Obiettivo comune, si \u00e8 aggiudicato 8 seggi in maggioranza: sono stati eletti\u00a0<strong>Tiziana Crolla <\/strong>(27 preferenze),\u00a0<strong>Romina Ferraretto <\/strong>(22 preferenze),\u00a0<strong>Michela Visentin <\/strong>(23),<strong>\u00a0Stefano Baggini <\/strong>(91),\u00a0<strong>Yuri Chinetti <\/strong>(67),\u00a0<strong>Matteo Gonella <\/strong>(61), <strong>Tommaso Sieri<\/strong> (30)\u00a0<strong>e\u00a0<\/strong><strong>Andrea Malnati <\/strong>(61).<\/p>\n<p>Quattro seggi alla minoranza di Progetto comune: lo sconfitto Daniele Milani,\u00a0<strong>Pasquale Carrozzo <\/strong>(64 preferenze),\u00a0<strong>Enzo Lazzetera <\/strong>(62 preferenze) e <strong>Mauro Mantiero<\/strong> (37).<\/p>\n","protected":false},"excerpt":{"rendered":"<p>Ecco come sar\u00e0 il nuovo consiglio comunale di Oggiona con Santo Stefano: Stefano Baggini e Pasquale Carrozzo i pi\u00f9 votati del paese<\/p>\n","protected":false},"author":15866,"featured_media":0,"comment_status":"open","ping_status":"open","sticky":false,"template":"","format":"standard","meta":{"footnotes":""},"categories":[3],"tags":[107500],"acf":[],"yoast_head":"<!-- This site is optimized with the Yoast SEO plugin v20.1 - https:\/\/yoast.com\/wordpress\/plugins\/seo\/ -->\n<title>Il nuovo consiglio comunale di Oggiona, Baggini il pi\u00f9 votato<\/title>\n<meta name=\"description\" content=\"Ecco come sar\u00e0 il nuovo consiglio comunale di Oggiona con Santo Stefano: Stefano Baggini e Pasquale Carrozzo i pi\u00f9 votati del paese\" \/>\n<meta name=\"robots\" content=\"noindex, follow, max-snippet:-1, max-image-preview:large, max-video-preview:-1\" \/>\n<meta property=\"og:locale\" content=\"it_IT\" \/>\n<meta property=\"og:type\" content=\"article\" \/>\n<meta property=\"og:title\" content=\"Il nuovo consiglio comunale di Oggiona, Baggini il pi\u00f9 votato\" \/>\n<meta property=\"og:description\" content=\"Ecco come sar\u00e0 il nuovo consiglio comunale di Oggiona con Santo Stefano: Stefano Baggini e Pasquale Carrozzo i pi\u00f9 votati del paese\" \/>\n<meta property=\"og:url\" content=\"https:\/\/staging.varesenews.it\/2021\/10\/consiglio-comunale-oggiona-baggini-piu-votato\/1386444\/\" \/>\n<meta property=\"og:site_name\" content=\"VareseNews\" \/>\n<meta property=\"article:publisher\" content=\"https:\/\/www.facebook.com\/varesenews\" \/>\n<meta property=\"article:published_time\" content=\"2021-10-04T21:05:00+00:00\" \/>\n<meta name=\"author\" content=\"Nicole Erbetti\" \/>\n<meta name=\"twitter:card\" content=\"summary_large_image\" \/>\n<meta name=\"twitter:creator\" content=\"@varesenews\" \/>\n<meta name=\"twitter:site\" content=\"@varesenews\" \/>\n<meta name=\"twitter:label1\" content=\"Scritto da\" \/>\n\t<meta name=\"twitter:data1\" content=\"Nicole Erbetti\" \/>\n<script type=\"application\/ld+json\" class=\"yoast-schema-graph\">{\"@context\":\"https:\/\/schema.org\",\"@graph\":[{\"@type\":\"WebPage\",\"@id\":\"https:\/\/staging.varesenews.it\/2021\/10\/consiglio-comunale-oggiona-baggini-piu-votato\/1386444\/\",\"url\":\"https:\/\/staging.varesenews.it\/2021\/10\/consiglio-comunale-oggiona-baggini-piu-votato\/1386444\/\",\"name\":\"Il nuovo consiglio comunale di Oggiona, Baggini il pi\u00f9 votato\",\"isPartOf\":{\"@id\":\"https:\/\/staging.varesenews.it\/#website\"},\"datePublished\":\"2021-10-04T21:05:00+00:00\",\"dateModified\":\"2021-10-04T21:05:00+00:00\",\"author\":{\"@id\":\"https:\/\/staging.varesenews.it\/#\/schema\/person\/8b180378471627e56865b54b75644650\"},\"description\":\"Ecco come sar\u00e0 il nuovo consiglio comunale di Oggiona con Santo Stefano: Stefano Baggini e Pasquale Carrozzo i pi\u00f9 votati del paese\",\"breadcrumb\":{\"@id\":\"https:\/\/staging.varesenews.it\/2021\/10\/consiglio-comunale-oggiona-baggini-piu-votato\/1386444\/#breadcrumb\"},\"inLanguage\":\"it-IT\",\"potentialAction\":[{\"@type\":\"ReadAction\",\"target\":[\"https:\/\/staging.varesenews.it\/2021\/10\/consiglio-comunale-oggiona-baggini-piu-votato\/1386444\/\"]}]},{\"@type\":\"BreadcrumbList\",\"@id\":\"https:\/\/staging.varesenews.it\/2021\/10\/consiglio-comunale-oggiona-baggini-piu-votato\/1386444\/#breadcrumb\",\"itemListElement\":[{\"@type\":\"ListItem\",\"position\":1,\"name\":\"Home\",\"item\":\"https:\/\/www.varesenews.it\/\"},{\"@type\":\"ListItem\",\"position\":2,\"name\":\"Il nuovo consiglio comunale di Oggiona, Baggini il pi\u00f9 votato\"}]},{\"@type\":\"WebSite\",\"@id\":\"https:\/\/staging.varesenews.it\/#website\",\"url\":\"https:\/\/staging.varesenews.it\/\",\"name\":\"VareseNews\",\"description\":\"\",\"potentialAction\":[{\"@type\":\"SearchAction\",\"target\":{\"@type\":\"EntryPoint\",\"urlTemplate\":\"https:\/\/staging.varesenews.it\/?s={search_term_string}\"},\"query-input\":\"required name=search_term_string\"}],\"inLanguage\":\"it-IT\"},{\"@type\":\"Person\",\"@id\":\"https:\/\/staging.varesenews.it\/#\/schema\/person\/8b180378471627e56865b54b75644650\",\"name\":\"Nicole Erbetti\",\"image\":{\"@type\":\"ImageObject\",\"inLanguage\":\"it-IT\",\"@id\":\"https:\/\/staging.varesenews.it\/#\/schema\/person\/image\/\",\"url\":\"https:\/\/staging.varesenews.it\/wp-content\/uploads\/2020\/12\/nicole_erbetti_colori_500.jpg\",\"contentUrl\":\"https:\/\/staging.varesenews.it\/wp-content\/uploads\/2020\/12\/nicole_erbetti_colori_500.jpg\",\"caption\":\"Nicole Erbetti\"},\"description\":\"Classe 1995 e una laurea in Lettere. \u201cNata\u201d a VareseNews nel 2019 e co-responsabile di MalpensaNews. Mi occupo di cronaca politica e di storie in quella biosfera a met\u00e0 tra la vecchia anima provinciale e la Milano metropolitana che \u00e8 il gallaratese: insomma, \u00e8 un po\u2019 in bilico come me. Quando non scrivo leggo, recito, contemplo il Lago Maggiore o scappo in un paesaggio alpino.\u00a0\",\"url\":\"https:\/\/staging.varesenews.it\/persona\/nicole-erbetti\/\"}]}<\/script>\n<!-- \/ Yoast SEO plugin. -->","yoast_head_json":{"title":"Il nuovo consiglio comunale di Oggiona, Baggini il pi\u00f9 votato","description":"Ecco come sar\u00e0 il nuovo consiglio comunale di Oggiona con Santo Stefano: Stefano Baggini e Pasquale Carrozzo i pi\u00f9 votati del paese","robots":{"index":"noindex","follow":"follow","max-snippet":"max-snippet:-1","max-image-preview":"max-image-preview:large","max-video-preview":"max-video-preview:-1"},"og_locale":"it_IT","og_type":"article","og_title":"Il nuovo consiglio comunale di Oggiona, Baggini il pi\u00f9 votato","og_description":"Ecco come sar\u00e0 il nuovo consiglio comunale di Oggiona con Santo Stefano: Stefano Baggini e Pasquale Carrozzo i pi\u00f9 votati del paese","og_url":"https:\/\/staging.varesenews.it\/2021\/10\/consiglio-comunale-oggiona-baggini-piu-votato\/1386444\/","og_site_name":"VareseNews","article_publisher":"https:\/\/www.facebook.com\/varesenews","article_published_time":"2021-10-04T21:05:00+00:00","author":"Nicole Erbetti","twitter_card":"summary_large_image","twitter_creator":"@varesenews","twitter_site":"@varesenews","twitter_misc":{"Scritto da":"Nicole Erbetti"},"schema":{"@context":"https:\/\/schema.org","@graph":[{"@type":"WebPage","@id":"https:\/\/staging.varesenews.it\/2021\/10\/consiglio-comunale-oggiona-baggini-piu-votato\/1386444\/","url":"https:\/\/staging.varesenews.it\/2021\/10\/consiglio-comunale-oggiona-baggini-piu-votato\/1386444\/","name":"Il nuovo consiglio comunale di Oggiona, Baggini il pi\u00f9 votato","isPartOf":{"@id":"https:\/\/staging.varesenews.it\/#website"},"datePublished":"2021-10-04T21:05:00+00:00","dateModified":"2021-10-04T21:05:00+00:00","author":{"@id":"https:\/\/staging.varesenews.it\/#\/schema\/person\/8b180378471627e56865b54b75644650"},"description":"Ecco come sar\u00e0 il nuovo consiglio comunale di Oggiona con Santo Stefano: Stefano Baggini e Pasquale Carrozzo i pi\u00f9 votati del paese","breadcrumb":{"@id":"https:\/\/staging.varesenews.it\/2021\/10\/consiglio-comunale-oggiona-baggini-piu-votato\/1386444\/#breadcrumb"},"inLanguage":"it-IT","potentialAction":[{"@type":"ReadAction","target":["https:\/\/staging.varesenews.it\/2021\/10\/consiglio-comunale-oggiona-baggini-piu-votato\/1386444\/"]}]},{"@type":"BreadcrumbList","@id":"https:\/\/staging.varesenews.it\/2021\/10\/consiglio-comunale-oggiona-baggini-piu-votato\/1386444\/#breadcrumb","itemListElement":[{"@type":"ListItem","position":1,"name":"Home","item":"https:\/\/www.varesenews.it\/"},{"@type":"ListItem","position":2,"name":"Il nuovo consiglio comunale di Oggiona, Baggini il pi\u00f9 votato"}]},{"@type":"WebSite","@id":"https:\/\/staging.varesenews.it\/#website","url":"https:\/\/staging.varesenews.it\/","name":"VareseNews","description":"","potentialAction":[{"@type":"SearchAction","target":{"@type":"EntryPoint","urlTemplate":"https:\/\/staging.varesenews.it\/?s={search_term_string}"},"query-input":"required name=search_term_string"}],"inLanguage":"it-IT"},{"@type":"Person","@id":"https:\/\/staging.varesenews.it\/#\/schema\/person\/8b180378471627e56865b54b75644650","name":"Nicole Erbetti","image":{"@type":"ImageObject","inLanguage":"it-IT","@id":"https:\/\/staging.varesenews.it\/#\/schema\/person\/image\/","url":"https:\/\/staging.varesenews.it\/wp-content\/uploads\/2020\/12\/nicole_erbetti_colori_500.jpg","contentUrl":"https:\/\/staging.varesenews.it\/wp-content\/uploads\/2020\/12\/nicole_erbetti_colori_500.jpg","caption":"Nicole Erbetti"},"description":"Classe 1995 e una laurea in Lettere. \u201cNata\u201d a VareseNews nel 2019 e co-responsabile di MalpensaNews. Mi occupo di cronaca politica e di storie in quella biosfera a met\u00e0 tra la vecchia anima provinciale e la Milano metropolitana che \u00e8 il gallaratese: insomma, \u00e8 un po\u2019 in bilico come me. Quando non scrivo leggo, recito, contemplo il Lago Maggiore o scappo in un paesaggio alpino.\u00a0","url":"https:\/\/staging.varesenews.it\/persona\/nicole-erbetti\/"}]}},"post_meta":{"_edit_lock":"1633381940:15866","_edit_last":"15866","_oembed_9af782f2aa5dfebb81719f41b6ddb514":"<blockquote class=\"wp-embedded-content\" data-secret=\"Dbc9Xb4H0M\"><a href=\"https:\/\/www.varesenews.it\/2021\/10\/franco-ghiringhelli-sindaco-oggiona-santo-stefano\/1385990\/\">Franco Ghiringhelli \u00e8 il nuovo sindaco di Oggiona con Santo Stefano<\/a><\/blockquote><iframe class=\"wp-embedded-content\" sandbox=\"allow-scripts\" security=\"restricted\" style=\"position: absolute; clip: rect(1px, 1px, 1px, 1px);\" src=\"https:\/\/www.varesenews.it\/2021\/10\/franco-ghiringhelli-sindaco-oggiona-santo-stefano\/1385990\/embed\/#?secret=Dbc9Xb4H0M\" data-secret=\"Dbc9Xb4H0M\" width=\"600\" height=\"338\" title=\"&#8220;Franco Ghiringhelli \u00e8 il nuovo sindaco di Oggiona con Santo Stefano&#8221; &#8212; VareseNews\" frameborder=\"0\" marginwidth=\"0\" marginheight=\"0\" scrolling=\"no\"><\/iframe>","_oembed_time_9af782f2aa5dfebb81719f41b6ddb514":"1633381180","_category_permalink":"a:1:{s:8:\"category\";s:0:\"\";}","foto":"1215276","argomento":"Oggiona con Santo Stefano","_yoast_wpseo_focuskw_text_input":"Oggiona con Santo Stefano","_yoast_wpseo_focuskw":"Oggiona con Santo Stefano","_yoast_wpseo_linkdex":"57","_yoast_wpseo_content_score":"30","_jd_tweet_this":"yes","_oembed_ab5894298deb213087c5579ba8001040":"<blockquote class=\"wp-embedded-content\" data-secret=\"V3Z5q3fsQU\"><a href=\"https:\/\/www.varesenews.it\/2021\/10\/franco-ghiringhelli-sindaco-oggiona-santo-stefano\/1385990\/\">Franco Ghiringhelli \u00e8 il nuovo sindaco di Oggiona con Santo Stefano<\/a><\/blockquote><iframe class=\"wp-embedded-content\" sandbox=\"allow-scripts\" security=\"restricted\" style=\"position: absolute; clip: rect(1px, 1px, 1px, 1px);\" src=\"https:\/\/www.varesenews.it\/2021\/10\/franco-ghiringhelli-sindaco-oggiona-santo-stefano\/1385990\/embed\/#?secret=V3Z5q3fsQU\" data-secret=\"V3Z5q3fsQU\" width=\"500\" height=\"282\" title=\"&#8220;Franco Ghiringhelli \u00e8 il nuovo sindaco di Oggiona con Santo Stefano&#8221; &#8212; VareseNews\" frameborder=\"0\" marginwidth=\"0\" marginheight=\"0\" scrolling=\"no\"><\/iframe>","_oembed_time_ab5894298deb213087c5579ba8001040":"1633381467","_encloseme":"1","ratings_users":"0","ratings_score":"0","ratings_average":"0","_wpt_short_url":"https:\/\/www.varesenews.it\/2021\/10\/consiglio-comunale-oggiona-baggini-piu-votato\/1386444\/","_wp_jd_target":"https:\/\/www.varesenews.it\/2021\/10\/consiglio-comunale-oggiona-baggini-piu-votato\/1386444\/","_jd_wp_twitter":"a:1:{i:0;s:152:\"Il nuovo consiglio comunale di Oggiona, Baggini il pi\u00f9 votato https:\/\/www.varesenews.it\/2021\/10\/consiglio-comunale-oggiona-baggini-piu-votato\/1386444\/ \";}","_wpt_status_message":"Tweet inviato con successo.","_oembed_5fda4047d362ac5c7f4fdafd56b192a4":"<blockquote class=\"wp-embedded-content\" data-secret=\"ck9ApVLc34\"><a href=\"https:\/\/www.varesenews.it\/2021\/10\/andrea-cassani-rieletto-sindaco-gallarate\/1386387\/\">Andrea Cassani rieletto sindaco di Gallarate. &#8220;Ho vinto il referendum su di me&#8221;<\/a><\/blockquote><iframe class=\"wp-embedded-content\" sandbox=\"allow-scripts\" security=\"restricted\" style=\"position: absolute; clip: rect(1px, 1px, 1px, 1px);\" src=\"https:\/\/www.varesenews.it\/2021\/10\/andrea-cassani-rieletto-sindaco-gallarate\/1386387\/embed\/#?secret=ck9ApVLc34\" data-secret=\"ck9ApVLc34\" width=\"500\" height=\"282\" title=\"&#8220;Andrea Cassani rieletto sindaco di Gallarate. &#8220;Ho vinto il referendum su di me&#8221;&#8221; &#8212; VareseNews\" frameborder=\"0\" marginwidth=\"0\" marginheight=\"0\" scrolling=\"no\"><\/iframe>","_oembed_time_5fda4047d362ac5c7f4fdafd56b192a4":"1633381516","_oembed_5d9c98c253501773bce3302f346bd92b":"<blockquote class=\"wp-embedded-content\" data-secret=\"h3fcfhFDUD\"><a href=\"https:\/\/www.varesenews.it\/2021\/10\/anna-pugliese-sindaco-cairate\/1385856\/\">Anna Pugliese \u00e8 il nuovo sindaco di Cairate<\/a><\/blockquote><iframe class=\"wp-embedded-content\" sandbox=\"allow-scripts\" security=\"restricted\" style=\"position: absolute; clip: rect(1px, 1px, 1px, 1px);\" src=\"https:\/\/www.varesenews.it\/2021\/10\/anna-pugliese-sindaco-cairate\/1385856\/embed\/#?secret=h3fcfhFDUD\" data-secret=\"h3fcfhFDUD\" width=\"500\" height=\"282\" title=\"&#8220;Anna Pugliese \u00e8 il nuovo sindaco di Cairate&#8221; &#8212; VareseNews\" frameborder=\"0\" marginwidth=\"0\" marginheight=\"0\" scrolling=\"no\"><\/iframe>","_oembed_time_5d9c98c253501773bce3302f346bd92b":"1633381516","_oembed_a956a2c030954b46141a54d192d1b582":"<blockquote class=\"wp-embedded-content\" data-secret=\"hR1HHhKml3\"><a href=\"https:\/\/www.saronnonews.it\/2021\/10\/04\/elezioni-cislago-i-commenti-dei-candidati-sindaco\/\">Elezioni Cislago, i commenti dei candidati sindaco<\/a><\/blockquote><iframe class=\"wp-embedded-content\" sandbox=\"allow-scripts\" security=\"restricted\" style=\"position: absolute; clip: rect(1px, 1px, 1px, 1px);\" src=\"https:\/\/www.saronnonews.it\/2021\/10\/04\/elezioni-cislago-i-commenti-dei-candidati-sindaco\/embed\/#?secret=hR1HHhKml3\" data-secret=\"hR1HHhKml3\" width=\"500\" height=\"282\" title=\"&#8220;Elezioni Cislago, i commenti dei candidati sindaco&#8221; &#8212; SaronnoNews\" frameborder=\"0\" marginwidth=\"0\" marginheight=\"0\" scrolling=\"no\"><\/iframe>","_oembed_time_a956a2c030954b46141a54d192d1b582":"1633381518","_oembed_f7a0476a06308d91f4667a8427e20332":"<blockquote class=\"wp-embedded-content\" data-secret=\"lXx3coeF04\"><a href=\"https:\/\/www.varesenews.it\/2021\/10\/franco-ghiringhelli-sindaco-oggiona-santo-stefano\/1385990\/\">Franco Ghiringhelli \u00e8 il nuovo sindaco di Oggiona con Santo Stefano<\/a><\/blockquote><iframe class=\"wp-embedded-content\" sandbox=\"allow-scripts\" security=\"restricted\" style=\"position: absolute; clip: rect(1px, 1px, 1px, 1px);\" src=\"https:\/\/www.varesenews.it\/2021\/10\/franco-ghiringhelli-sindaco-oggiona-santo-stefano\/1385990\/embed\/#?secret=lXx3coeF04\" data-secret=\"lXx3coeF04\" width=\"600\" height=\"338\" title=\"&#8220;Franco Ghiringhelli \u00e8 il nuovo sindaco di Oggiona con Santo Stefano&#8221; &#8212; VareseNews\" frameborder=\"0\" marginwidth=\"0\" marginheight=\"0\" scrolling=\"no\"><\/iframe>","_oembed_time_f7a0476a06308d91f4667a8427e20332":"1633381529","_oembed_26cb69e17e474c8c93cd6c31309b152d":"<blockquote class=\"wp-embedded-content\" data-secret=\"sSdzLngbK8\"><a href=\"https:\/\/www.varesenews.it\/2021\/10\/manolesta-arriva-al-museo-domenica-10-ottobre-la-collegiata-attende-bambini\/1385085\/\">&#8220;Manolesta arriva al Museo&#8221;: domenica 10 ottobre la Collegiata attende i bambini<\/a><\/blockquote><iframe class=\"wp-embedded-content\" sandbox=\"allow-scripts\" security=\"restricted\" style=\"position: absolute; clip: rect(1px, 1px, 1px, 1px);\" src=\"https:\/\/www.varesenews.it\/2021\/10\/manolesta-arriva-al-museo-domenica-10-ottobre-la-collegiata-attende-bambini\/1385085\/embed\/#?secret=sSdzLngbK8\" data-secret=\"sSdzLngbK8\" width=\"500\" height=\"282\" title=\"&#8220;&#8220;Manolesta arriva al Museo&#8221;: domenica 10 ottobre la Collegiata attende i bambini&#8221; &#8212; VareseNews\" frameborder=\"0\" marginwidth=\"0\" marginheight=\"0\" scrolling=\"no\"><\/iframe>","_oembed_time_26cb69e17e474c8c93cd6c31309b152d":"1633381839","_oembed_68f02632cf86252ffa33404014ea7776":"<blockquote class=\"wp-embedded-content\" data-secret=\"k4edeItqAl\"><a href=\"https:\/\/www.varesenews.it\/2021\/10\/emanuele-antonelli-rieletto-sindaco-busto-arsizio\/1386397\/\">Emanuele Antonelli \u00e8 stato rieletto sindaco di Busto Arsizio<\/a><\/blockquote><iframe class=\"wp-embedded-content\" sandbox=\"allow-scripts\" security=\"restricted\" style=\"position: absolute; clip: rect(1px, 1px, 1px, 1px);\" src=\"https:\/\/www.varesenews.it\/2021\/10\/emanuele-antonelli-rieletto-sindaco-busto-arsizio\/1386397\/embed\/#?secret=k4edeItqAl\" data-secret=\"k4edeItqAl\" width=\"500\" height=\"282\" title=\"&#8220;Emanuele Antonelli \u00e8 stato rieletto sindaco di Busto Arsizio&#8221; &#8212; VareseNews\" frameborder=\"0\" marginwidth=\"0\" marginheight=\"0\" scrolling=\"no\"><\/iframe>","_oembed_time_68f02632cf86252ffa33404014ea7776":"1633381839","_oembed_78c9c82223bfd77858dd24e50fe36a14":"<blockquote class=\"wp-embedded-content\" data-secret=\"5bc5KbB4dx\"><a href=\"https:\/\/www.varesenews.it\/2021\/10\/la-pro-patria-10-supera-misura-la-virtus-verona\/1385661\/\">La Pro Patria in 10 supera di misura la Virtus Verona<\/a><\/blockquote><iframe class=\"wp-embedded-content\" sandbox=\"allow-scripts\" security=\"restricted\" style=\"position: absolute; clip: rect(1px, 1px, 1px, 1px);\" src=\"https:\/\/www.varesenews.it\/2021\/10\/la-pro-patria-10-supera-misura-la-virtus-verona\/1385661\/embed\/#?secret=5bc5KbB4dx\" data-secret=\"5bc5KbB4dx\" width=\"500\" height=\"282\" title=\"&#8220;La Pro Patria in 10 supera di misura la Virtus Verona&#8221; &#8212; VareseNews\" frameborder=\"0\" marginwidth=\"0\" marginheight=\"0\" scrolling=\"no\"><\/iframe>","_oembed_time_78c9c82223bfd77858dd24e50fe36a14":"1633381839","_oembed_cbefda5d98e91ebeda6b04d34e9b15a0":"<blockquote class=\"wp-embedded-content\" data-secret=\"F0dnvpcZwS\"><a href=\"https:\/\/www.varesenews.it\/2021\/10\/la-pro-patria-10-supera-misura-la-virtus-verona\/1385661\/\">La Pro Patria in 10 supera di misura la Virtus Verona<\/a><\/blockquote><iframe class=\"wp-embedded-content\" sandbox=\"allow-scripts\" security=\"restricted\" style=\"position: absolute; clip: rect(1px, 1px, 1px, 1px);\" src=\"https:\/\/www.varesenews.it\/2021\/10\/la-pro-patria-10-supera-misura-la-virtus-verona\/1385661\/embed\/#?secret=F0dnvpcZwS\" data-secret=\"F0dnvpcZwS\" width=\"500\" height=\"282\" title=\"&#8220;La Pro Patria in 10 supera di misura la Virtus Verona&#8221; &#8212; VareseNews\" frameborder=\"0\" marginwidth=\"0\" marginheight=\"0\" scrolling=\"no\"><\/iframe>","_oembed_time_cbefda5d98e91ebeda6b04d34e9b15a0":"1633381839","_oembed_b7a992b38768bd74c06be0f087f75880":"<blockquote class=\"wp-embedded-content\" data-secret=\"uK8Q9MhTQD\"><a href=\"https:\/\/www.varesenews.it\/2021\/10\/pro-patria-virtus-verona-le-pagelle-pierozzi-corsa-gol-match-winner-banfi-macchia-buona-gara\/1385717\/\">Pro Patria \u2013 Virtus Verona, le pagelle: Pierozzi corsa, gol e match-winner. Banfi macchia una buona gara<\/a><\/blockquote><iframe class=\"wp-embedded-content\" sandbox=\"allow-scripts\" security=\"restricted\" style=\"position: absolute; clip: rect(1px, 1px, 1px, 1px);\" src=\"https:\/\/www.varesenews.it\/2021\/10\/pro-patria-virtus-verona-le-pagelle-pierozzi-corsa-gol-match-winner-banfi-macchia-buona-gara\/1385717\/embed\/#?secret=uK8Q9MhTQD\" data-secret=\"uK8Q9MhTQD\" width=\"500\" height=\"282\" title=\"&#8220;Pro Patria \u2013 Virtus Verona, le pagelle: Pierozzi corsa, gol e match-winner. Banfi macchia una buona gara&#8221; &#8212; VareseNews\" frameborder=\"0\" marginwidth=\"0\" marginheight=\"0\" scrolling=\"no\"><\/iframe>","_oembed_time_b7a992b38768bd74c06be0f087f75880":"1633381839","_oembed_43c8dc6878f22529661c39ecc99ccf83":"<blockquote class=\"wp-embedded-content\" data-secret=\"1AFCTmuRMz\"><a href=\"https:\/\/www.varesenews.it\/2021\/10\/prina-pro-patria-umile-intelligente-difesa-bravi-prendere-campo-alla-virtus\/1385681\/\">Prina: \u201cPro Patria umile e intelligente in difesa. Bravi a prendere campo alla Virtus\u201d<\/a><\/blockquote><iframe class=\"wp-embedded-content\" sandbox=\"allow-scripts\" security=\"restricted\" style=\"position: absolute; clip: rect(1px, 1px, 1px, 1px);\" src=\"https:\/\/www.varesenews.it\/2021\/10\/prina-pro-patria-umile-intelligente-difesa-bravi-prendere-campo-alla-virtus\/1385681\/embed\/#?secret=1AFCTmuRMz\" data-secret=\"1AFCTmuRMz\" width=\"500\" height=\"282\" title=\"&#8220;Prina: \u201cPro Patria umile e intelligente in difesa. Bravi a prendere campo alla Virtus\u201d&#8221; &#8212; VareseNews\" frameborder=\"0\" marginwidth=\"0\" marginheight=\"0\" scrolling=\"no\"><\/iframe>","_oembed_time_43c8dc6878f22529661c39ecc99ccf83":"1633381839","_oembed_cdbcbe13a58df92d4ed76276788ae653":"<blockquote class=\"wp-embedded-content\" data-secret=\"eZ4fMKYA69\"><a href=\"https:\/\/www.varesenews.it\/2021\/09\/gran-fondo-tre-valli-varesine-ciclismo-le-strade-chiuse-varese-citta\/1384800\/\">Gran Fondo e Tre Valli Varesine di ciclismo: le strade chiuse a Varese citt\u00e0<\/a><\/blockquote><iframe class=\"wp-embedded-content\" sandbox=\"allow-scripts\" security=\"restricted\" style=\"position: absolute; clip: rect(1px, 1px, 1px, 1px);\" src=\"https:\/\/www.varesenews.it\/2021\/09\/gran-fondo-tre-valli-varesine-ciclismo-le-strade-chiuse-varese-citta\/1384800\/embed\/#?secret=eZ4fMKYA69\" data-secret=\"eZ4fMKYA69\" width=\"500\" height=\"282\" title=\"&#8220;Gran Fondo e Tre Valli Varesine di ciclismo: le strade chiuse a Varese citt\u00e0&#8221; &#8212; VareseNews\" frameborder=\"0\" marginwidth=\"0\" marginheight=\"0\" scrolling=\"no\"><\/iframe>","_oembed_time_cdbcbe13a58df92d4ed76276788ae653":"1633382029","_oembed_582419522dd576a5eb7a00c78437e9d6":"<blockquote class=\"wp-embedded-content\" data-secret=\"TWkon35QKZ\"><a href=\"https:\/\/www.varesenews.it\/2021\/10\/strade-chiuse-busto-tre-valli-varesine-2021\/1384988\/\">Le strade chiuse a Busto per la partenza della Tre Valli Varesine<\/a><\/blockquote><iframe class=\"wp-embedded-content\" sandbox=\"allow-scripts\" security=\"restricted\" style=\"position: absolute; clip: rect(1px, 1px, 1px, 1px);\" src=\"https:\/\/www.varesenews.it\/2021\/10\/strade-chiuse-busto-tre-valli-varesine-2021\/1384988\/embed\/#?secret=TWkon35QKZ\" data-secret=\"TWkon35QKZ\" width=\"500\" height=\"282\" title=\"&#8220;Le strade chiuse a Busto per la partenza della Tre Valli Varesine&#8221; &#8212; VareseNews\" frameborder=\"0\" marginwidth=\"0\" marginheight=\"0\" scrolling=\"no\"><\/iframe>","_oembed_time_582419522dd576a5eb7a00c78437e9d6":"1633382029","_oembed_3425460cbc79163b95a9927a50d31d2b":"<blockquote class=\"wp-embedded-content\" data-secret=\"MZVumRpbj2\"><a href=\"https:\/\/www.legnanonews.com\/aree-geografiche\/legnano\/2021\/09\/30\/coppa-bernocchi-a-legnano-le-ultime-novita-per-la-viabilita-lunedi-4-ottobre\/998297\/\">Coppa Bernocchi a Legnano, le ultime novit\u00e0 per la viabilit\u00e0 luned\u00ec 4 ottobre<\/a><\/blockquote><iframe class=\"wp-embedded-content\" sandbox=\"allow-scripts\" security=\"restricted\" style=\"position: absolute; clip: rect(1px, 1px, 1px, 1px);\" src=\"https:\/\/www.legnanonews.com\/aree-geografiche\/legnano\/2021\/09\/30\/coppa-bernocchi-a-legnano-le-ultime-novita-per-la-viabilita-lunedi-4-ottobre\/998297\/embed\/#?secret=MZVumRpbj2\" data-secret=\"MZVumRpbj2\" width=\"500\" height=\"282\" title=\"&#8220;Coppa Bernocchi a Legnano, le ultime novit\u00e0 per la viabilit\u00e0 luned\u00ec 4 ottobre&#8221; &#8212; LegnanoNews\" frameborder=\"0\" marginwidth=\"0\" marginheight=\"0\" scrolling=\"no\"><\/iframe>","_oembed_time_3425460cbc79163b95a9927a50d31d2b":"1633382030","_oembed_3470d858c49deeec55fc2312cec58420":"<blockquote class=\"wp-embedded-content\" data-secret=\"mC1CF91LjL\"><a href=\"https:\/\/www.varesenews.it\/2021\/10\/gran-fondo-bernocchi-tre-valli-varesine-programma-quattro-giorni-ciclismo\/1385084\/\">Gran Fondo, Bernocchi e Tre Valli Varesine: il programma di quattro giorni a tutto ciclismo<\/a><\/blockquote><iframe class=\"wp-embedded-content\" sandbox=\"allow-scripts\" security=\"restricted\" style=\"position: absolute; clip: rect(1px, 1px, 1px, 1px);\" src=\"https:\/\/www.varesenews.it\/2021\/10\/gran-fondo-bernocchi-tre-valli-varesine-programma-quattro-giorni-ciclismo\/1385084\/embed\/#?secret=mC1CF91LjL\" data-secret=\"mC1CF91LjL\" width=\"500\" height=\"282\" title=\"&#8220;Gran Fondo, Bernocchi e Tre Valli Varesine: il programma di quattro giorni a tutto ciclismo&#8221; &#8212; VareseNews\" frameborder=\"0\" marginwidth=\"0\" marginheight=\"0\" scrolling=\"no\"><\/iframe>","_oembed_time_3470d858c49deeec55fc2312cec58420":"1633382030","_oembed_63238a14bd9c3de4219041d9790d0179":"<blockquote class=\"wp-embedded-content\" data-secret=\"w59eWtzA6a\"><a href=\"https:\/\/www.varesenews.it\/2021\/09\/elezioni-comunali-2021-si-vota-le-amministrative-del-3-4-ottobre\/1384726\/\">Elezioni comunali 2021: ecco come si vota per le amministrative del 3 e 4 ottobre<\/a><\/blockquote><iframe class=\"wp-embedded-content\" sandbox=\"allow-scripts\" security=\"restricted\" style=\"position: absolute; clip: rect(1px, 1px, 1px, 1px);\" src=\"https:\/\/www.varesenews.it\/2021\/09\/elezioni-comunali-2021-si-vota-le-amministrative-del-3-4-ottobre\/1384726\/embed\/#?secret=w59eWtzA6a\" data-secret=\"w59eWtzA6a\" width=\"500\" height=\"282\" title=\"&#8220;Elezioni comunali 2021: ecco come si vota per le amministrative del 3 e 4 ottobre&#8221; &#8212; VareseNews\" frameborder=\"0\" marginwidth=\"0\" marginheight=\"0\" scrolling=\"no\"><\/iframe>","_oembed_time_63238a14bd9c3de4219041d9790d0179":"1633382031","_oembed_d4ae6fda4d7c83fccafc03b27734e8d3":"<blockquote class=\"wp-embedded-content\" data-secret=\"RwadeoQPEQ\"><a href=\"https:\/\/www.varesenews.it\/2021\/09\/emma-andrea-del-don-milani-tradate-volano-dubai-lexpo-saranno-la-voce-degli-studenti-tutta-italia\/1383591\/\">Emma e Andrea del Don Milani di Tradate volano a Dubai per l&#8217;Expo, saranno la voce degli studenti di tutta Italia<\/a><\/blockquote><iframe class=\"wp-embedded-content\" sandbox=\"allow-scripts\" security=\"restricted\" style=\"position: absolute; clip: rect(1px, 1px, 1px, 1px);\" src=\"https:\/\/www.varesenews.it\/2021\/09\/emma-andrea-del-don-milani-tradate-volano-dubai-lexpo-saranno-la-voce-degli-studenti-tutta-italia\/1383591\/embed\/#?secret=RwadeoQPEQ\" data-secret=\"RwadeoQPEQ\" width=\"500\" height=\"282\" title=\"&#8220;Emma e Andrea del Don Milani di Tradate volano a Dubai per l&#8217;Expo, saranno la voce degli studenti di tutta Italia&#8221; &#8212; VareseNews\" frameborder=\"0\" marginwidth=\"0\" marginheight=\"0\" scrolling=\"no\"><\/iframe>","_oembed_time_d4ae6fda4d7c83fccafc03b27734e8d3":"1633382031","_oembed_c3e0bd889d1c4c147d5a0985c60976c8":"{{unknown}}","_oembed_67c7b17c925bfe30b0643b0ca0de97eb":"<blockquote class=\"wp-embedded-content\" data-secret=\"ymEPfNjxOp\"><a href=\"https:\/\/www.varesenews.it\/2021\/09\/anche-la-svizzera-utilizzera-vaccino-johnson-johnson\/1384090\/\">Anche la Svizzera utilizzer\u00e0 il vaccino di Johnson &#038; Johnson<\/a><\/blockquote><iframe class=\"wp-embedded-content\" sandbox=\"allow-scripts\" security=\"restricted\" style=\"position: absolute; clip: rect(1px, 1px, 1px, 1px);\" src=\"https:\/\/www.varesenews.it\/2021\/09\/anche-la-svizzera-utilizzera-vaccino-johnson-johnson\/1384090\/embed\/#?secret=ymEPfNjxOp\" data-secret=\"ymEPfNjxOp\" width=\"500\" height=\"282\" title=\"&#8220;Anche la Svizzera utilizzer\u00e0 il vaccino di Johnson &#038; Johnson&#8221; &#8212; VareseNews\" frameborder=\"0\" marginwidth=\"0\" marginheight=\"0\" scrolling=\"no\"><\/iframe>","_oembed_time_67c7b17c925bfe30b0643b0ca0de97eb":"1633382457","_oembed_e91035d6fbfa4dc150e211af0dbb0e79":"<blockquote class=\"wp-embedded-content\" data-secret=\"2tWHQeNQEh\"><a href=\"https:\/\/www.varesenews.it\/2021\/09\/la-svizzera-dice-si-ai-matrimoni-gay\/1382907\/\">La Svizzera dice s\u00ec ai matrimoni gay<\/a><\/blockquote><iframe class=\"wp-embedded-content\" sandbox=\"allow-scripts\" security=\"restricted\" style=\"position: absolute; clip: rect(1px, 1px, 1px, 1px);\" src=\"https:\/\/www.varesenews.it\/2021\/09\/la-svizzera-dice-si-ai-matrimoni-gay\/1382907\/embed\/#?secret=2tWHQeNQEh\" data-secret=\"2tWHQeNQEh\" width=\"500\" height=\"282\" title=\"&#8220;La Svizzera dice s\u00ec ai matrimoni gay&#8221; &#8212; VareseNews\" frameborder=\"0\" marginwidth=\"0\" marginheight=\"0\" scrolling=\"no\"><\/iframe>","_oembed_time_e91035d6fbfa4dc150e211af0dbb0e79":"1633382457","_oembed_38ef2e849f2b604d4d48e6e12cf89daf":"<blockquote class=\"wp-embedded-content\" data-secret=\"wlLsdhOgNa\"><a href=\"https:\/\/www.varesenews.it\/2021\/09\/svizzera-al-voto-sul-matrimonio-tutti\/1382835\/\">Svizzera al voto sul &#8220;Matrimonio per tutti&#8221;<\/a><\/blockquote><iframe class=\"wp-embedded-content\" sandbox=\"allow-scripts\" security=\"restricted\" style=\"position: absolute; clip: rect(1px, 1px, 1px, 1px);\" src=\"https:\/\/www.varesenews.it\/2021\/09\/svizzera-al-voto-sul-matrimonio-tutti\/1382835\/embed\/#?secret=wlLsdhOgNa\" data-secret=\"wlLsdhOgNa\" width=\"500\" height=\"282\" title=\"&#8220;Svizzera al voto sul &#8220;Matrimonio per tutti&#8221;&#8221; &#8212; VareseNews\" frameborder=\"0\" marginwidth=\"0\" marginheight=\"0\" scrolling=\"no\"><\/iframe>","_oembed_time_38ef2e849f2b604d4d48e6e12cf89daf":"1633382457","_oembed_971e2e2ac0a925491670e99674acd665":"<blockquote class=\"wp-embedded-content\" data-secret=\"PMdHG7U03H\"><a href=\"https:\/\/www.varesenews.it\/2020\/07\/giovanni-bassanesi-volo-antifascista-lodrino-milano-2\/944680\/\">Dal Ticino a Milano: il pilota col mal d&#8217;aria e il folle volo contro la dittatura<\/a><\/blockquote><iframe class=\"wp-embedded-content\" sandbox=\"allow-scripts\" security=\"restricted\" style=\"position: absolute; clip: rect(1px, 1px, 1px, 1px);\" src=\"https:\/\/www.varesenews.it\/2020\/07\/giovanni-bassanesi-volo-antifascista-lodrino-milano-2\/944680\/embed\/#?secret=PMdHG7U03H\" data-secret=\"PMdHG7U03H\" width=\"500\" height=\"282\" title=\"&#8220;Dal Ticino a Milano: il pilota col mal d&#8217;aria e il folle volo contro la dittatura&#8221; &#8212; VareseNews\" frameborder=\"0\" marginwidth=\"0\" marginheight=\"0\" scrolling=\"no\"><\/iframe>","_oembed_time_971e2e2ac0a925491670e99674acd665":"1633382457","_oembed_f6d45c6f260bb7d579e912b352a4c703":"<blockquote class=\"wp-embedded-content\" data-secret=\"J9t5d5wDcK\"><a href=\"https:\/\/www.varesenews.it\/2021\/09\/eventi-bambini-nel-weekend-dal-24-al-26-settembre-varese-provincia\/1382156\/\">Eventi per bambini nel weekend dal 24 al 26  settembre tra Varese e provincia<\/a><\/blockquote><iframe class=\"wp-embedded-content\" sandbox=\"allow-scripts\" security=\"restricted\" style=\"position: absolute; clip: rect(1px, 1px, 1px, 1px);\" src=\"https:\/\/www.varesenews.it\/2021\/09\/eventi-bambini-nel-weekend-dal-24-al-26-settembre-varese-provincia\/1382156\/embed\/#?secret=J9t5d5wDcK\" data-secret=\"J9t5d5wDcK\" width=\"500\" height=\"282\" title=\"&#8220;Eventi per bambini nel weekend dal 24 al 26  settembre tra Varese e provincia&#8221; &#8212; VareseNews\" frameborder=\"0\" marginwidth=\"0\" marginheight=\"0\" scrolling=\"no\"><\/iframe>","_oembed_time_f6d45c6f260bb7d579e912b352a4c703":"1633382458","_oembed_f084ce6a4ae41dcc1a52aa4e9e224c65":"<blockquote class=\"wp-embedded-content\" data-secret=\"Y2SCw3P9Gb\"><a href=\"https:\/\/www.varesenews.it\/2021\/02\/gli-autori-della-scuola-scrittura-del-cavedio-donano-1500-euro-la-ricerca-sulla-fibrosi-cistica\/1312007\/\">Gli autori della Scuola di scrittura del Cavedio donano 1500 euro per la fibrosi cistica<\/a><\/blockquote><iframe class=\"wp-embedded-content\" sandbox=\"allow-scripts\" security=\"restricted\" style=\"position: absolute; clip: rect(1px, 1px, 1px, 1px);\" src=\"https:\/\/www.varesenews.it\/2021\/02\/gli-autori-della-scuola-scrittura-del-cavedio-donano-1500-euro-la-ricerca-sulla-fibrosi-cistica\/1312007\/embed\/#?secret=Y2SCw3P9Gb\" data-secret=\"Y2SCw3P9Gb\" width=\"500\" height=\"282\" title=\"&#8220;Gli autori della Scuola di scrittura del Cavedio donano 1500 euro per la fibrosi cistica&#8221; &#8212; VareseNews\" frameborder=\"0\" marginwidth=\"0\" marginheight=\"0\" scrolling=\"no\"><\/iframe>","_oembed_time_f084ce6a4ae41dcc1a52aa4e9e224c65":"1633382458","_oembed_505a8c31fac8303668f7f06d91606f33":"<blockquote class=\"wp-embedded-content\" data-secret=\"Ilv6dKsq6L\"><a href=\"https:\/\/www.varesenews.it\/2021\/10\/suona-cellulare-nel-momento-del-voto-scatta-la-denuncia-gallarate\/1386041\/\">Suona il cellulare nel momento del voto, scatta la denuncia al seggio a Gallarate<\/a><\/blockquote><iframe class=\"wp-embedded-content\" sandbox=\"allow-scripts\" security=\"restricted\" style=\"position: absolute; clip: rect(1px, 1px, 1px, 1px);\" src=\"https:\/\/www.varesenews.it\/2021\/10\/suona-cellulare-nel-momento-del-voto-scatta-la-denuncia-gallarate\/1386041\/embed\/#?secret=Ilv6dKsq6L\" data-secret=\"Ilv6dKsq6L\" width=\"500\" height=\"282\" title=\"&#8220;Suona il cellulare nel momento del voto, scatta la denuncia al seggio a Gallarate&#8221; &#8212; VareseNews\" frameborder=\"0\" marginwidth=\"0\" marginheight=\"0\" scrolling=\"no\"><\/iframe>","_oembed_time_505a8c31fac8303668f7f06d91606f33":"1633382518","_oembed_6fc3678905666e32e7d4aaa636a674c0":"<blockquote class=\"wp-embedded-content\" data-secret=\"q5b5pLu3pu\"><a href=\"https:\/\/www.varesenews.it\/2021\/09\/dalle-alpi-allantico-forno-cuirone-la-festa-transfrontaliera-lo-pan-ner-arriva-nel-varesotto\/1384480\/\">Dalle Alpi all&#8217;antico forno di Cuirone, la festa transfrontaliera &#8220;Lo pan ner&#8221; arriva nel Varesotto<\/a><\/blockquote><iframe class=\"wp-embedded-content\" sandbox=\"allow-scripts\" security=\"restricted\" style=\"position: absolute; clip: rect(1px, 1px, 1px, 1px);\" src=\"https:\/\/www.varesenews.it\/2021\/09\/dalle-alpi-allantico-forno-cuirone-la-festa-transfrontaliera-lo-pan-ner-arriva-nel-varesotto\/1384480\/embed\/#?secret=q5b5pLu3pu\" data-secret=\"q5b5pLu3pu\" width=\"500\" height=\"282\" title=\"&#8220;Dalle Alpi all&#8217;antico forno di Cuirone, la festa transfrontaliera &#8220;Lo pan ner&#8221; arriva nel Varesotto&#8221; &#8212; VareseNews\" frameborder=\"0\" marginwidth=\"0\" marginheight=\"0\" scrolling=\"no\"><\/iframe>","_oembed_time_6fc3678905666e32e7d4aaa636a674c0":"1633382518","_oembed_2203d30a3dd05b4e87c81ff724517803":"<blockquote class=\"wp-embedded-content\" data-secret=\"3IdseyZFEj\"><a href=\"https:\/\/www.varesenews.it\/2013\/06\/la-rivoluzione-dell-e-commerce-passa-anche-dalla-gallaratese-eprice\/58396\/\">La rivoluzione dell&#8217;e-commerce passa anche dalla gallaratese ePrice<\/a><\/blockquote><iframe class=\"wp-embedded-content\" sandbox=\"allow-scripts\" security=\"restricted\" style=\"position: absolute; clip: rect(1px, 1px, 1px, 1px);\" src=\"https:\/\/www.varesenews.it\/2013\/06\/la-rivoluzione-dell-e-commerce-passa-anche-dalla-gallaratese-eprice\/58396\/embed\/#?secret=3IdseyZFEj\" data-secret=\"3IdseyZFEj\" width=\"500\" height=\"282\" title=\"&#8220;La rivoluzione dell&#8217;e-commerce passa anche dalla gallaratese ePrice&#8221; &#8212; VareseNews\" frameborder=\"0\" marginwidth=\"0\" marginheight=\"0\" scrolling=\"no\"><\/iframe>","_oembed_time_2203d30a3dd05b4e87c81ff724517803":"1633382521","_oembed_4e75f5788ae66d39f4c2e3f506e22f32":"<blockquote class=\"wp-embedded-content\" data-secret=\"lkqx8YK9Ru\"><a href=\"https:\/\/www.varesenews.it\/notizie-sponsorizzate\/vacanze-green-bielmonte-oasi-zegna\/\">Vacanze &#8220;green&#8221; a Bielmonte, nel cuore dell&#8217;Oasi Zegna<\/a><\/blockquote><iframe class=\"wp-embedded-content\" sandbox=\"allow-scripts\" security=\"restricted\" style=\"position: absolute; clip: rect(1px, 1px, 1px, 1px);\" src=\"https:\/\/www.varesenews.it\/notizie-sponsorizzate\/vacanze-green-bielmonte-oasi-zegna\/embed\/#?secret=lkqx8YK9Ru\" data-secret=\"lkqx8YK9Ru\" width=\"500\" height=\"282\" title=\"&#8220;Vacanze &#8220;green&#8221; a Bielmonte, nel cuore dell&#8217;Oasi Zegna&#8221; &#8212; VareseNews\" frameborder=\"0\" marginwidth=\"0\" marginheight=\"0\" scrolling=\"no\"><\/iframe>","_oembed_time_4e75f5788ae66d39f4c2e3f506e22f32":"1633382537","_oembed_e586780cc677d307092ec1c2860b7a74":"<blockquote class=\"wp-embedded-content\" data-secret=\"sslTZYrU0q\"><a href=\"https:\/\/www.verbanonews.it\/aree-geografiche\/piemonte\/2021\/09\/27\/pugno-allarbitro-durante-una-partita-di-calcio-a-paruzzaro\/935479\/\">Pugno all\u2019arbitro durante una partita di calcio a Paruzzaro<\/a><\/blockquote><iframe class=\"wp-embedded-content\" sandbox=\"allow-scripts\" security=\"restricted\" style=\"position: absolute; clip: rect(1px, 1px, 1px, 1px);\" src=\"https:\/\/www.verbanonews.it\/aree-geografiche\/piemonte\/2021\/09\/27\/pugno-allarbitro-durante-una-partita-di-calcio-a-paruzzaro\/935479\/embed\/#?secret=sslTZYrU0q\" data-secret=\"sslTZYrU0q\" width=\"500\" height=\"282\" title=\"&#8220;Pugno all\u2019arbitro durante una partita di calcio a Paruzzaro&#8221; &#8212; VerbanoNews\" frameborder=\"0\" marginwidth=\"0\" marginheight=\"0\" scrolling=\"no\"><\/iframe>","_oembed_time_e586780cc677d307092ec1c2860b7a74":"1633382540","_oembed_5c381f96f3bda34173e21c2062484846":"<iframe width=\"500\" height=\"281\" src=\"https:\/\/www.youtube.com\/embed\/videoseries?list=OLAK5uy_kOWdkl7AREpLB5vkYkhbv94GHycru9xHY\" frameborder=\"0\" allow=\"accelerometer; autoplay; clipboard-write; encrypted-media; gyroscope; picture-in-picture\" allowfullscreen><\/iframe>","_oembed_time_5c381f96f3bda34173e21c2062484846":"1633382540"},"photos":[{"original":"https:\/\/staging.varesenews.it\/photogallery_new\/images\/2021\/04\/comune-oggiona-con-santo-stefano-1215276.jpg","full":"https:\/\/staging.varesenews.it\/photogallery_new\/images\/2021\/04\/comune-oggiona-con-santo-stefano-1215276.1024x768.jpg","large":"https:\/\/staging.varesenews.it\/photogallery_new\/images\/2021\/04\/comune-oggiona-con-santo-stefano-1215276.610x431.jpg"}],"_links":{"self":[{"href":"https:\/\/staging.varesenews.it\/swgapi\/v1\/wp\/v2\/posts\/1386444"}],"collection":[{"href":"https:\/\/staging.varesenews.it\/swgapi\/v1\/wp\/v2\/posts"}],"about":[{"href":"https:\/\/staging.varesenews.it\/swgapi\/v1\/wp\/v2\/types\/post"}],"author":[{"embeddable":true,"href":"https:\/\/staging.varesenews.it\/swgapi\/v1\/wp\/v2\/users\/15866"}],"replies":[{"embeddable":true,"href":"https:\/\/staging.varesenews.it\/swgapi\/v1\/wp\/v2\/comments?post=1386444"}],"version-history":[{"count":0,"href":"https:\/\/staging.varesenews.it\/swgapi\/v1\/wp\/v2\/posts\/1386444\/revisions"}],"wp:attachment":[{"href":"https:\/\/staging.varesenews.it\/swgapi\/v1\/wp\/v2\/media?parent=1386444"}],"wp:term":[{"taxonomy":"category","embeddable":true,"href":"https:\/\/staging.varesenews.it\/swgapi\/v1\/wp\/v2\/categories?post=1386444"},{"taxonomy":"post_tag","embeddable":true,"href":"https:\/\/staging.varesenews.it\/swgapi\/v1\/wp\/v2\/tags?post=1386444"}],"curies":[{"name":"wp","href":"https:\/\/api.w.org\/{rel}","templated":true}]}}