{"id":1387317,"date":"2021-10-06T10:57:15","date_gmt":"2021-10-06T08:57:15","guid":{"rendered":"https:\/\/www.varesenews.it\/?p=1387317"},"modified":"2021-10-06T22:13:06","modified_gmt":"2021-10-06T20:13:06","slug":"disturbi-specifici-dellapprendimento-ausili-compensativi","status":"publish","type":"post","link":"https:\/\/staging.varesenews.it\/2021\/10\/disturbi-specifici-dellapprendimento-ausili-compensativi\/1387317\/","title":{"rendered":"Disturbi Specifici dell\u2019Apprendimento e ausili compensativi"},"content":{"rendered":"<p>I <strong>Disturbi Specifici dell\u2019Apprendimento<\/strong> hanno un\u2019origine biologica e si tratta di disturbi che si manifestano nelle modalit\u00e0 di apprendimento che interessano alcune attitudini specifiche che devono essere acquisite da bambini e ragazzi in et\u00e0 scolare.<\/p>\n<p>L\u2019origine del <a href=\"https:\/\/it.wikipedia.org\/wiki\/Disturbi_specifici_di_apprendimento\">Dsa<\/a> presenta alla base delle anomalie a livello cognitivo che sono associate a sintomi comportamentali del disturbo che comprende un\u2019interazione di fattori genetici, epigenetici e ambientali che colpiscono le competenze cerebrali di percepire o processare informazioni verbali o non verbali in modo efficiente e preciso.<\/p>\n<p>Tuttavia, secondo gli studi condotti nel corso degli anni sono emersi rilevanti risultati che evidenziano come i bambini con <strong>Disturbi Specifici dell\u2019Apprendimento<\/strong> hanno un\u2019intelligenza nella norma e\/o superiore alla norma. Tra le varie capacit\u00e0 emerse \u00e8 stato riscontrato che essi riescono facilmente ad avere una visione d\u2019insieme, a percepire un\u2019immagine nel suo complesso.<\/p>\n<p>I disturbi specifici dell&#8217;apprendimento, che comprendono, tra gli altri, <strong>dislessia<\/strong>, <strong>disgrafia<\/strong>, <strong>discalculia<\/strong>, <strong>disortografia<\/strong> e <strong>disprassia<\/strong>, comportano la<strong> non autosufficienza durante il percorso scolastico <\/strong>in quanto interessano nella maggior parte dei casi le attivit\u00e0 di l<strong>ettura, scrittura e calcolo<\/strong>.<\/p>\n<p>Ecco alcuni software didattici per le <a href=\"https:\/\/www.mondoausili.it\/funzioni-speciali\/\">funzioni speciali su MondoAusili.it<\/a>:<\/p>\n<h3>Ausili per DSA<\/h3>\n<p><img loading=\"lazy\" decoding=\"async\" class=\"size-full wp-image-1387319 alignleft\" src=\"http:\/\/www.varesenews.it\/wp-content\/uploads\/2021\/10\/Schermata-2021-10-06-alle-22.01.26.png\" alt=\"\" width=\"262\" height=\"117\" \/><\/p>\n<p><strong>The Grid 3 <\/strong>\u00e8 adatto a persone con varie disabilit\u00e0 per comunicare o controllare l&#8217;ambiente esterno. pu\u00f2 essere utilizzato con puntamento oculare, attraverso sensori esterni o tramite touch. E\u2019 un dispositivo che risulta essere molto semplice ed intuitivo consentendo di modificare una singola cella o creare un intero nuovo set di griglie, con pochi click. Le modifiche sono pi\u00f9 veloci che mai. Il software <strong>The Grid 3<\/strong> \u00e8 compatibile con i prodotti della gamma \u201cAbilia\u201d che permettono il controllo ambientale dei dispositivi ad infrarossi; \u00e8 inoltre compatibile con i prodotti della B.J. Adaptaciones. Aggiungendo il dispositivo \u201cBack box\u201d, oltre al controllo degli infrarossi, si ottiene il controllo di dispositivi radio con il modulo Servus.<\/p>\n<p><img loading=\"lazy\" decoding=\"async\" class=\"size-full wp-image-1387320 alignright\" src=\"http:\/\/www.varesenews.it\/wp-content\/uploads\/2021\/10\/Schermata-2021-10-06-alle-22.01.19.png\" alt=\"\" width=\"126\" height=\"116\" \/><\/p>\n<p><strong>Clicker 8<\/strong> introduce tantissime novit\u00e0 rispetto alla precedente versione, una tastiera migliorata con predizione della parola, ulteriori opzioni di personalizzazione delle celle per creare attivit\u00e0 di insegnamento specifiche per la <strong>CAA<\/strong>, la possibilit\u00e0, per chi segue il bambino, di poter verificare i vari tentativi effettuati per completare l&#8217;attivit\u00e0, le parole utilizzate, <strong>statistiche<\/strong> complete sui tempi di utilizzo. Tutto il necessario per creare <strong>attivit\u00e0<\/strong> specifiche, che possono essere la composizione di frasi con l&#8217;aiuto di immagini accanto alle parole o l&#8217;utilizzo di tastiere colorate e semplificate, creare dei libri interattivi con delle storie raccontate dalla sintesi vocale, tutto materiale pensato e studiato per aiutare a sviluppare abilit\u00e0 di lettura e scrittura. <strong>Clicker 8<\/strong> ha diverse modalit\u00e0 di utilizzo, dalla tastiera <strong>semplificata<\/strong> con <strong>predizione<\/strong> di parola a quelle pi\u00f9 organizzate con immagini. La modalit\u00e0 che riguarda il libro interattivo permette all&#8217;utente di poter ascoltare le parole clickabili sfogliando le pagine. \u00c8 presenta anche una modalit\u00e0 per creare <strong>mappe<\/strong> concettuali. Ogni griglia ha la sezione analitica che permette all&#8217;insegnante di verificare quali parole siano state scritte tramite predizione di parole.<\/p>\n<p><img loading=\"lazy\" decoding=\"async\" class=\"size-full wp-image-1387321 alignleft\" src=\"http:\/\/www.varesenews.it\/wp-content\/uploads\/2021\/10\/Schermata-2021-10-06-alle-22.00.54.png\" alt=\"\" width=\"123\" height=\"112\" \/><\/p>\n<p>Tramite il software <strong>Boardmaker 7<\/strong>, gli insegnanti possono creare, modificare e condividere materiale d&#8217;insegnamento con un vasto catalogo di immagini <strong>PCS<\/strong>, oltre 45 mila e importare le proprie immagini, create magari con le versioni precedenti del software, o di <strong>crearne<\/strong> di nuovo su misura. Le tabelle sono completamente personalizzabili con moltissimi template, gi\u00e0 pronti, pensati per la CAA e per studenti di tutte le et\u00e0. La tabelle create con <strong>Boardmaker 7<\/strong> possono essere stampate a colori o in bianco e nero o integrate in un <strong>PDF<\/strong> creato direttamente dal software. E&#8217; possibile importare e utilizzare altre immagini, provenienti ad esempio dallo scanner o realizzate col programma di disegno compreso nel pacchetto. Viceversa i <strong>PCS<\/strong> possono essere esportati in altri programmi di impaginazione grafica, per realizzare fogli di lavoro o manuali d&#8217;istruzione. Ogni simbolo pu\u00f2 essere accompagnato da un&#8217;<strong>etichetta<\/strong> verbale. Si possono creare anche tabelle interattive utilizzabili anche su <strong>iPad<\/strong> oltre che su <strong>Windows<\/strong>, <strong>Mac<\/strong> e <strong>Chromebook<\/strong>.<\/p>\n<p><img loading=\"lazy\" decoding=\"async\" class=\"size-full wp-image-1387322 alignright\" src=\"http:\/\/www.varesenews.it\/wp-content\/uploads\/2021\/10\/Schermata-2021-10-06-alle-22.00.44.png\" alt=\"\" width=\"120\" height=\"122\" \/><\/p>\n<p><strong>GECO BES<\/strong> \u00e8 un sistema integrato per lavorare con gli alunni nelle diverse aree: <strong>Autismo<\/strong>, <strong>Disturbi dell\u2019apprendimento<\/strong> e altri <strong>Bisogni Educativi Speciali<\/strong>. <strong>GECO<\/strong>, insieme alla Libreria delle Risorse di materiali pronti e alla App gratuita per lo svolgimento di attivit\u00e0 interattive offre a educatori, insegnanti e operatori un sistema integrato per lavorare sull\u2019apprendimento in presenza e a distanza in modo efficace e rispettoso delle caratteristiche individuali. Con i suoi quattro ambienti di lavoro, <strong>Quaderni<\/strong>, <strong>Libri<\/strong>, <strong>Mappe<\/strong> e <strong>Web<\/strong> possiede inoltre strumenti utili come il raccoglitore di immagini e la calcolatrice con cronologia e sintesi vocale, GECO aiuta ad apprendere con suoni, immagini,<strong> sintesi vocale<\/strong> e <strong>mappe<\/strong>, a casa e in classe, anche con la LIM. GECO aiuta inoltre gli operatori, gli educatori e gli insegnanti a produrre materiali da utilizzare nell\u2019ambito dell\u2019apprendimento. Le \u201cAttivit\u00e0\u201d vengono svolte come <strong>esercizi<\/strong> dai bambini per <strong>stimolare<\/strong> e <strong>potenziare<\/strong> le abilit\u00e0 di base. \u00c8 l\u2019operatore a scegliere quale consegna dare e quali strumenti fare usare all\u2019alunno durante lo svolgimento dell\u2019esercizio. Le Attivit\u00e0 possono essere <strong>raggruppate<\/strong> in serie: una sequenza di esercizi pensati come percorsi completamente personalizzabili e flessibili.<\/p>\n<p><img loading=\"lazy\" decoding=\"async\" class=\"size-full wp-image-1387318 alignleft\" src=\"http:\/\/www.varesenews.it\/wp-content\/uploads\/2021\/10\/Schermata-2021-10-06-alle-21.59.28.png\" alt=\"\" width=\"222\" height=\"93\" \/><\/p>\n<p><strong>GECO VoiceCom<\/strong> facilita l\u2019apprendimento perch\u00e9 la sua interfaccia flessibile, semplice e intuitiva riduce il carico cognitivo durante lo studio. Ha quattro ambienti di lavoro principali: <strong>Quaderni, Libri, Mappe e Web<\/strong> e\u00a0 consente un approccio multi-canale alla letto-scrittura, grazie alla possibilit\u00e0 di usare non solo parole ma anche immagini, mappe e suoni. In tutti gli ambienti di lavoro sono disponibili la libreria di oltre <strong>26.000<\/strong> immagini, espandibile e personalizzabile, e le prime sintesi vocali italiane con voci bambine. Permette di fare una reale didattica inclusiva, perch\u00e9 pu\u00f2 essere utilizzato anche in classe, con la LIM o con il videoproiettore, per stimolare l\u2019apprendimento cooperativo, ed essendo integrato con Google Drive,\u00a0permette sia di mantenere in cloud i propri documenti che di condividerli facilmente con i compagni di classe e gli insegnanti. Oltre agli ambienti principali, sono presenti gli <strong>strumenti EXTRA: <\/strong>il <strong>raccoglitore di immagini <\/strong>con le <strong>immagini magiche <\/strong>e la <strong>calcolatrice <\/strong>con <strong>sintesi vocale<\/strong>.<\/p>\n<p><strong>Didaboard<\/strong> \u00e8 una nuova collana di attivit\u00e0 pensate specificatamente per i <strong>DSA<\/strong> (disturbi specifici dell\u2019Apprendimento)<\/p>\n","protected":false},"excerpt":{"rendered":"<p>I Disturbi Specifici dell\u2019Apprendimento hanno un\u2019origine biologica e si tratta di disturbi che si manifestano nelle modalit\u00e0 di apprendimento che interessano alcune attitudini specifiche che devono essere acquisite da bambini e ragazzi in et\u00e0 scolare<\/p>\n","protected":false},"author":5428,"featured_media":0,"comment_status":"open","ping_status":"open","sticky":false,"template":"","format":"standard","meta":{"footnotes":""},"categories":[1],"tags":[4506,86480],"acf":[],"yoast_head":"<!-- This site is optimized with the Yoast SEO plugin v20.1 - https:\/\/yoast.com\/wordpress\/plugins\/seo\/ -->\n<title>Disturbi Specifici dell\u2019Apprendimento e ausili compensativi<\/title>\n<meta name=\"description\" content=\"I Disturbi Specifici dell\u2019Apprendimento hanno un\u2019origine biologica e si tratta di disturbi che si manifestano nelle modalit\u00e0 di apprendimento che interessano alcune attitudini specifiche che devono essere acquisite da bambini e ragazzi in et\u00e0 scolare\" \/>\n<meta name=\"robots\" content=\"noindex, follow, max-snippet:-1, max-image-preview:large, max-video-preview:-1\" \/>\n<meta property=\"og:locale\" content=\"it_IT\" \/>\n<meta property=\"og:type\" content=\"article\" \/>\n<meta property=\"og:title\" content=\"Disturbi Specifici dell\u2019Apprendimento e ausili compensativi\" \/>\n<meta property=\"og:description\" content=\"I Disturbi Specifici dell\u2019Apprendimento hanno un\u2019origine biologica e si tratta di disturbi che si manifestano nelle modalit\u00e0 di apprendimento che interessano alcune attitudini specifiche che devono essere acquisite da bambini e ragazzi in et\u00e0 scolare\" \/>\n<meta property=\"og:url\" content=\"https:\/\/staging.varesenews.it\/2021\/10\/disturbi-specifici-dellapprendimento-ausili-compensativi\/1387317\/\" \/>\n<meta property=\"og:site_name\" content=\"VareseNews\" \/>\n<meta property=\"article:publisher\" content=\"https:\/\/www.facebook.com\/varesenews\" \/>\n<meta property=\"article:published_time\" content=\"2021-10-06T08:57:15+00:00\" \/>\n<meta property=\"article:modified_time\" content=\"2021-10-06T20:13:06+00:00\" \/>\n<meta property=\"og:image\" content=\"http:\/\/www.varesenews.it\/wp-content\/uploads\/2021\/10\/Schermata-2021-10-06-alle-22.01.26.png\" \/>\n<meta name=\"author\" content=\"divisionebusiness\" \/>\n<meta name=\"twitter:card\" content=\"summary_large_image\" \/>\n<meta name=\"twitter:creator\" content=\"@varesenews\" \/>\n<meta name=\"twitter:site\" content=\"@varesenews\" \/>\n<meta name=\"twitter:label1\" content=\"Scritto da\" \/>\n\t<meta name=\"twitter:data1\" content=\"divisionebusiness\" \/>\n\t<meta name=\"twitter:label2\" content=\"Tempo di lettura stimato\" \/>\n\t<meta name=\"twitter:data2\" content=\"5 minuti\" \/>\n<script type=\"application\/ld+json\" class=\"yoast-schema-graph\">{\"@context\":\"https:\/\/schema.org\",\"@graph\":[{\"@type\":\"WebPage\",\"@id\":\"https:\/\/staging.varesenews.it\/2021\/10\/disturbi-specifici-dellapprendimento-ausili-compensativi\/1387317\/\",\"url\":\"https:\/\/staging.varesenews.it\/2021\/10\/disturbi-specifici-dellapprendimento-ausili-compensativi\/1387317\/\",\"name\":\"Disturbi Specifici dell\u2019Apprendimento e ausili compensativi\",\"isPartOf\":{\"@id\":\"https:\/\/staging.varesenews.it\/#website\"},\"datePublished\":\"2021-10-06T08:57:15+00:00\",\"dateModified\":\"2021-10-06T20:13:06+00:00\",\"author\":{\"@id\":\"https:\/\/staging.varesenews.it\/#\/schema\/person\/9fc65cf41366c6512d37aa8b5aa40b98\"},\"description\":\"I Disturbi Specifici dell\u2019Apprendimento hanno un\u2019origine biologica e si tratta di disturbi che si manifestano nelle modalit\u00e0 di apprendimento che interessano alcune attitudini specifiche che devono essere acquisite da bambini e ragazzi in et\u00e0 scolare\",\"breadcrumb\":{\"@id\":\"https:\/\/staging.varesenews.it\/2021\/10\/disturbi-specifici-dellapprendimento-ausili-compensativi\/1387317\/#breadcrumb\"},\"inLanguage\":\"it-IT\",\"potentialAction\":[{\"@type\":\"ReadAction\",\"target\":[\"https:\/\/staging.varesenews.it\/2021\/10\/disturbi-specifici-dellapprendimento-ausili-compensativi\/1387317\/\"]}]},{\"@type\":\"BreadcrumbList\",\"@id\":\"https:\/\/staging.varesenews.it\/2021\/10\/disturbi-specifici-dellapprendimento-ausili-compensativi\/1387317\/#breadcrumb\",\"itemListElement\":[{\"@type\":\"ListItem\",\"position\":1,\"name\":\"Home\",\"item\":\"https:\/\/www.varesenews.it\/\"},{\"@type\":\"ListItem\",\"position\":2,\"name\":\"Disturbi Specifici dell\u2019Apprendimento e ausili compensativi\"}]},{\"@type\":\"WebSite\",\"@id\":\"https:\/\/staging.varesenews.it\/#website\",\"url\":\"https:\/\/staging.varesenews.it\/\",\"name\":\"VareseNews\",\"description\":\"\",\"potentialAction\":[{\"@type\":\"SearchAction\",\"target\":{\"@type\":\"EntryPoint\",\"urlTemplate\":\"https:\/\/staging.varesenews.it\/?s={search_term_string}\"},\"query-input\":\"required name=search_term_string\"}],\"inLanguage\":\"it-IT\"},{\"@type\":\"Person\",\"@id\":\"https:\/\/staging.varesenews.it\/#\/schema\/person\/9fc65cf41366c6512d37aa8b5aa40b98\",\"name\":\"divisionebusiness\",\"image\":{\"@type\":\"ImageObject\",\"inLanguage\":\"it-IT\",\"@id\":\"https:\/\/staging.varesenews.it\/#\/schema\/person\/image\/\",\"url\":\"https:\/\/staging.varesenews.it\/wp-content\/uploads\/2015\/03\/mistery.jpg\",\"contentUrl\":\"https:\/\/staging.varesenews.it\/wp-content\/uploads\/2015\/03\/mistery.jpg\",\"caption\":\"divisionebusiness\"},\"url\":\"https:\/\/staging.varesenews.it\/persona\/divisionebusiness2\/\"}]}<\/script>\n<!-- \/ Yoast SEO plugin. -->","yoast_head_json":{"title":"Disturbi Specifici dell\u2019Apprendimento e ausili compensativi","description":"I Disturbi Specifici dell\u2019Apprendimento hanno un\u2019origine biologica e si tratta di disturbi che si manifestano nelle modalit\u00e0 di apprendimento che interessano alcune attitudini specifiche che devono essere acquisite da bambini e ragazzi in et\u00e0 scolare","robots":{"index":"noindex","follow":"follow","max-snippet":"max-snippet:-1","max-image-preview":"max-image-preview:large","max-video-preview":"max-video-preview:-1"},"og_locale":"it_IT","og_type":"article","og_title":"Disturbi Specifici dell\u2019Apprendimento e ausili compensativi","og_description":"I Disturbi Specifici dell\u2019Apprendimento hanno un\u2019origine biologica e si tratta di disturbi che si manifestano nelle modalit\u00e0 di apprendimento che interessano alcune attitudini specifiche che devono essere acquisite da bambini e ragazzi in et\u00e0 scolare","og_url":"https:\/\/staging.varesenews.it\/2021\/10\/disturbi-specifici-dellapprendimento-ausili-compensativi\/1387317\/","og_site_name":"VareseNews","article_publisher":"https:\/\/www.facebook.com\/varesenews","article_published_time":"2021-10-06T08:57:15+00:00","article_modified_time":"2021-10-06T20:13:06+00:00","og_image":[{"url":"http:\/\/www.varesenews.it\/wp-content\/uploads\/2021\/10\/Schermata-2021-10-06-alle-22.01.26.png"}],"author":"divisionebusiness","twitter_card":"summary_large_image","twitter_creator":"@varesenews","twitter_site":"@varesenews","twitter_misc":{"Scritto da":"divisionebusiness","Tempo di lettura stimato":"5 minuti"},"schema":{"@context":"https:\/\/schema.org","@graph":[{"@type":"WebPage","@id":"https:\/\/staging.varesenews.it\/2021\/10\/disturbi-specifici-dellapprendimento-ausili-compensativi\/1387317\/","url":"https:\/\/staging.varesenews.it\/2021\/10\/disturbi-specifici-dellapprendimento-ausili-compensativi\/1387317\/","name":"Disturbi Specifici dell\u2019Apprendimento e ausili compensativi","isPartOf":{"@id":"https:\/\/staging.varesenews.it\/#website"},"datePublished":"2021-10-06T08:57:15+00:00","dateModified":"2021-10-06T20:13:06+00:00","author":{"@id":"https:\/\/staging.varesenews.it\/#\/schema\/person\/9fc65cf41366c6512d37aa8b5aa40b98"},"description":"I Disturbi Specifici dell\u2019Apprendimento hanno un\u2019origine biologica e si tratta di disturbi che si manifestano nelle modalit\u00e0 di apprendimento che interessano alcune attitudini specifiche che devono essere acquisite da bambini e ragazzi in et\u00e0 scolare","breadcrumb":{"@id":"https:\/\/staging.varesenews.it\/2021\/10\/disturbi-specifici-dellapprendimento-ausili-compensativi\/1387317\/#breadcrumb"},"inLanguage":"it-IT","potentialAction":[{"@type":"ReadAction","target":["https:\/\/staging.varesenews.it\/2021\/10\/disturbi-specifici-dellapprendimento-ausili-compensativi\/1387317\/"]}]},{"@type":"BreadcrumbList","@id":"https:\/\/staging.varesenews.it\/2021\/10\/disturbi-specifici-dellapprendimento-ausili-compensativi\/1387317\/#breadcrumb","itemListElement":[{"@type":"ListItem","position":1,"name":"Home","item":"https:\/\/www.varesenews.it\/"},{"@type":"ListItem","position":2,"name":"Disturbi Specifici dell\u2019Apprendimento e ausili compensativi"}]},{"@type":"WebSite","@id":"https:\/\/staging.varesenews.it\/#website","url":"https:\/\/staging.varesenews.it\/","name":"VareseNews","description":"","potentialAction":[{"@type":"SearchAction","target":{"@type":"EntryPoint","urlTemplate":"https:\/\/staging.varesenews.it\/?s={search_term_string}"},"query-input":"required name=search_term_string"}],"inLanguage":"it-IT"},{"@type":"Person","@id":"https:\/\/staging.varesenews.it\/#\/schema\/person\/9fc65cf41366c6512d37aa8b5aa40b98","name":"divisionebusiness","image":{"@type":"ImageObject","inLanguage":"it-IT","@id":"https:\/\/staging.varesenews.it\/#\/schema\/person\/image\/","url":"https:\/\/staging.varesenews.it\/wp-content\/uploads\/2015\/03\/mistery.jpg","contentUrl":"https:\/\/staging.varesenews.it\/wp-content\/uploads\/2015\/03\/mistery.jpg","caption":"divisionebusiness"},"url":"https:\/\/staging.varesenews.it\/persona\/divisionebusiness2\/"}]}},"post_meta":{"_edit_lock":"1633551197:5428","_edit_last":"5428","_category_permalink":"a:1:{s:8:\"category\";s:0:\"\";}","_encloseme":"1","ratings_users":"0","ratings_score":"0","ratings_average":"0","foto":"1252770","firma_come_redazione":"1","nascondi_adsense":"1","argomento":"Altre notizie","_yoast_wpseo_content_score":"30","_jd_tweet_this":"yes","_wpt_short_url":"https:\/\/www.varesenews.it\/2021\/10\/disturbi-specifici-dellapprendimento-ausili-compensativi\/1387317\/","_wp_jd_target":"https:\/\/www.varesenews.it\/2021\/10\/disturbi-specifici-dellapprendimento-ausili-compensativi\/1387317\/","_jd_wp_twitter":"a:1:{i:0;s:176:\"Disturbi Specifici dell\u2019Apprendimento e ausili compensativi https:\/\/www.varesenews.it\/2021\/10\/disturbi-specifici-dellapprendimento-ausili-compensativi\/1387317\/ #dsa #servizio\";}","_wpt_status_message":"Tweet inviato con successo."},"photos":[{"original":"https:\/\/staging.varesenews.it\/photogallery_new\/images\/2021\/10\/vario-1252770.jpg","full":"https:\/\/staging.varesenews.it\/photogallery_new\/images\/2021\/10\/vario-1252770.1024x768.jpg","large":"https:\/\/staging.varesenews.it\/photogallery_new\/images\/2021\/10\/vario-1252770.610x431.jpg"}],"_links":{"self":[{"href":"https:\/\/staging.varesenews.it\/swgapi\/v1\/wp\/v2\/posts\/1387317"}],"collection":[{"href":"https:\/\/staging.varesenews.it\/swgapi\/v1\/wp\/v2\/posts"}],"about":[{"href":"https:\/\/staging.varesenews.it\/swgapi\/v1\/wp\/v2\/types\/post"}],"author":[{"embeddable":true,"href":"https:\/\/staging.varesenews.it\/swgapi\/v1\/wp\/v2\/users\/5428"}],"replies":[{"embeddable":true,"href":"https:\/\/staging.varesenews.it\/swgapi\/v1\/wp\/v2\/comments?post=1387317"}],"version-history":[{"count":0,"href":"https:\/\/staging.varesenews.it\/swgapi\/v1\/wp\/v2\/posts\/1387317\/revisions"}],"wp:attachment":[{"href":"https:\/\/staging.varesenews.it\/swgapi\/v1\/wp\/v2\/media?parent=1387317"}],"wp:term":[{"taxonomy":"category","embeddable":true,"href":"https:\/\/staging.varesenews.it\/swgapi\/v1\/wp\/v2\/categories?post=1387317"},{"taxonomy":"post_tag","embeddable":true,"href":"https:\/\/staging.varesenews.it\/swgapi\/v1\/wp\/v2\/tags?post=1387317"}],"curies":[{"name":"wp","href":"https:\/\/api.w.org\/{rel}","templated":true}]}}