{"id":1387372,"date":"2021-10-07T09:34:34","date_gmt":"2021-10-07T07:34:34","guid":{"rendered":"https:\/\/www.varesenews.it\/?p=1387372"},"modified":"2021-10-07T09:34:34","modified_gmt":"2021-10-07T07:34:34","slug":"breve-primo-consiglio-comunale-cocquio-trevisago-secondo-mandato-danilo-centrella","status":"publish","type":"post","link":"https:\/\/staging.varesenews.it\/2021\/10\/breve-primo-consiglio-comunale-cocquio-trevisago-secondo-mandato-danilo-centrella\/1387372\/","title":{"rendered":"A breve il primo consiglio comunale a Cocquio Trevisago per il secondo mandato di Danilo Centrella"},"content":{"rendered":"<p><strong>Idee chiare, ma niente fretta: il \u201cCentrella2&#8243;<\/strong>, secondo mandato del chirurgo prestato alla politica che \u00e8 stato riconfermato dal voto dello scorso fine setimana presto renedr\u00e0 nota la squara che comporr\u00e0 l&#8217;esecutvo della cittadina alle porte della Valcuvia.<\/p>\n<p><strong>Il sindaco Danilo Centrella ha voluto ringraziare i cittadini<\/strong>: \u00abSiamo commossi e onorati della fiducia che ci avete affidato nei prossimi anni di amministrazione del paese. Saranno anni di completamento di opere, per rispondere alle reali necessit\u00e0 del territorio, proseguendo il percorso di trasparenza verso tutti i cittadini\u00bb.<\/p>\n<p>\u00ab<strong>Riteniamo che le regole della buona amministrazione siano racchiuse in una corretta pianificazione,<\/strong> progettazione ed erogazione dei servizi, rispetto alle concrete esigenze del territorio e la sostenibilit\u00e0 economica del nostro comune. Per questo non puntiamo su progetti fantasiosi senza basi solide; basi che abbiamo costruito conoscendo e risolvendo giornalmente le criticit\u00e0 del nostro paese in tutti i settori\u00bb.<\/p>\n<p>I <strong>rapporti<\/strong>\u00a0saranno\u00a0\u00ab<strong>collaborativi<\/strong>\u00bb <strong>con ogni forza politica che possa \u00abgarantire il pieno sostegno della comunit\u00e0\u00bb<\/strong> e in merito ai\u00a0componenti dell&#8217;amministrazione \u00absi impegneranno come assessori o consiglieri delegati allo svolgimento del mandato nei settori: <strong>sociale, istruzione, sicurezza, associazionismo, sport e politiche giovanili e anziani<\/strong>\u00bb.<\/p>\n<p>Fra i punti cardine della rinnovata amministrazione che ha portato in maggioranza tre nuovi consiglieri comunali figurano\u00a0la <strong>viabilit\u00e0<\/strong> \u00abcon la sostituzione dei punti luce delle strade, i cui lavori sono stati affidati, ed alla prosecuzione dei lavori del piano asfalti delle strade del paese\u00bb, ma anche il <strong>supporto agli anziani<\/strong>.<\/p>\n<p>\u00abNon possiamo dimenticare\u00bb, ha spiegato Centrella \u00abche il nostro territorio \u00e8 uno dei pi\u00f9 longevi, ma che <strong>il 40% degli ultra settantenni \u00e8 purtroppo portatore di una malattia cronica<\/strong>. Anche al loro sostegno deve mirare un corretto ed etico <strong>supporto dell&#8217;amministrazione<\/strong>\u00bb.<\/p>\n<p>\u00c8 imminente la definizione della fata del consiglio comunale di insediamento<strong> \u00abcos\u00ec da rendere operativa la nostra amministrazione\u00bb<\/strong>.<\/p>\n","protected":false},"excerpt":{"rendered":"<p>Imminente la definizione di vice sindaco e giunta \u201ccos\u00ec da rendere operativa la nostra amministrazione\u201c. Viabilit\u00e0 e supporto agli anziani le primissime misure<\/p>\n","protected":false},"author":34,"featured_media":0,"comment_status":"open","ping_status":"open","sticky":false,"template":"","format":"standard","meta":{"footnotes":""},"categories":[2],"tags":[117514,60625],"acf":[],"yoast_head":"<!-- This site is optimized with the Yoast SEO plugin v20.1 - https:\/\/yoast.com\/wordpress\/plugins\/seo\/ -->\n<title>A breve il primo consiglio comunale a Cocquio Trevisago per il secondo mandato di Danilo Centrella<\/title>\n<meta name=\"description\" content=\"Imminente la definizione di vice sindaco e giunta \u201ccos\u00ec da rendere operativa la nostra amministrazione\u201c. Viabilit\u00e0 e supporto agli anziani le primissime misure\" \/>\n<meta name=\"robots\" content=\"noindex, follow, max-snippet:-1, max-image-preview:large, max-video-preview:-1\" \/>\n<meta property=\"og:locale\" content=\"it_IT\" \/>\n<meta property=\"og:type\" content=\"article\" \/>\n<meta property=\"og:title\" content=\"A breve il primo consiglio comunale a Cocquio Trevisago per il secondo mandato di Danilo Centrella\" \/>\n<meta property=\"og:description\" content=\"Imminente la definizione di vice sindaco e giunta \u201ccos\u00ec da rendere operativa la nostra amministrazione\u201c. Viabilit\u00e0 e supporto agli anziani le primissime misure\" \/>\n<meta property=\"og:url\" content=\"https:\/\/staging.varesenews.it\/2021\/10\/breve-primo-consiglio-comunale-cocquio-trevisago-secondo-mandato-danilo-centrella\/1387372\/\" \/>\n<meta property=\"og:site_name\" content=\"VareseNews\" \/>\n<meta property=\"article:publisher\" content=\"https:\/\/www.facebook.com\/varesenews\" \/>\n<meta property=\"article:author\" content=\"https:\/\/www.facebook.com\/andrea.camurani?fref=photo\" \/>\n<meta property=\"article:published_time\" content=\"2021-10-07T07:34:34+00:00\" \/>\n<meta name=\"author\" content=\"Andrea Camurani\" \/>\n<meta name=\"twitter:card\" content=\"summary_large_image\" \/>\n<meta name=\"twitter:creator\" content=\"@AndreaCamurani\" \/>\n<meta name=\"twitter:site\" content=\"@varesenews\" \/>\n<meta name=\"twitter:label1\" content=\"Scritto da\" \/>\n\t<meta name=\"twitter:data1\" content=\"Andrea Camurani\" \/>\n\t<meta name=\"twitter:label2\" content=\"Tempo di lettura stimato\" \/>\n\t<meta name=\"twitter:data2\" content=\"1 minuto\" \/>\n<script type=\"application\/ld+json\" class=\"yoast-schema-graph\">{\"@context\":\"https:\/\/schema.org\",\"@graph\":[{\"@type\":\"WebPage\",\"@id\":\"https:\/\/staging.varesenews.it\/2021\/10\/breve-primo-consiglio-comunale-cocquio-trevisago-secondo-mandato-danilo-centrella\/1387372\/\",\"url\":\"https:\/\/staging.varesenews.it\/2021\/10\/breve-primo-consiglio-comunale-cocquio-trevisago-secondo-mandato-danilo-centrella\/1387372\/\",\"name\":\"A breve il primo consiglio comunale a Cocquio Trevisago per il secondo mandato di Danilo Centrella\",\"isPartOf\":{\"@id\":\"https:\/\/staging.varesenews.it\/#website\"},\"datePublished\":\"2021-10-07T07:34:34+00:00\",\"dateModified\":\"2021-10-07T07:34:34+00:00\",\"author\":{\"@id\":\"https:\/\/staging.varesenews.it\/#\/schema\/person\/3eb5832c6beae763de8d9596fdbe8c49\"},\"description\":\"Imminente la definizione di vice sindaco e giunta \u201ccos\u00ec da rendere operativa la nostra amministrazione\u201c. Viabilit\u00e0 e supporto agli anziani le primissime misure\",\"breadcrumb\":{\"@id\":\"https:\/\/staging.varesenews.it\/2021\/10\/breve-primo-consiglio-comunale-cocquio-trevisago-secondo-mandato-danilo-centrella\/1387372\/#breadcrumb\"},\"inLanguage\":\"it-IT\",\"potentialAction\":[{\"@type\":\"ReadAction\",\"target\":[\"https:\/\/staging.varesenews.it\/2021\/10\/breve-primo-consiglio-comunale-cocquio-trevisago-secondo-mandato-danilo-centrella\/1387372\/\"]}]},{\"@type\":\"BreadcrumbList\",\"@id\":\"https:\/\/staging.varesenews.it\/2021\/10\/breve-primo-consiglio-comunale-cocquio-trevisago-secondo-mandato-danilo-centrella\/1387372\/#breadcrumb\",\"itemListElement\":[{\"@type\":\"ListItem\",\"position\":1,\"name\":\"Home\",\"item\":\"https:\/\/www.varesenews.it\/\"},{\"@type\":\"ListItem\",\"position\":2,\"name\":\"A breve il primo consiglio comunale a Cocquio Trevisago per il secondo mandato di Danilo Centrella\"}]},{\"@type\":\"WebSite\",\"@id\":\"https:\/\/staging.varesenews.it\/#website\",\"url\":\"https:\/\/staging.varesenews.it\/\",\"name\":\"VareseNews\",\"description\":\"\",\"potentialAction\":[{\"@type\":\"SearchAction\",\"target\":{\"@type\":\"EntryPoint\",\"urlTemplate\":\"https:\/\/staging.varesenews.it\/?s={search_term_string}\"},\"query-input\":\"required name=search_term_string\"}],\"inLanguage\":\"it-IT\"},{\"@type\":\"Person\",\"@id\":\"https:\/\/staging.varesenews.it\/#\/schema\/person\/3eb5832c6beae763de8d9596fdbe8c49\",\"name\":\"Andrea Camurani\",\"image\":{\"@type\":\"ImageObject\",\"inLanguage\":\"it-IT\",\"@id\":\"https:\/\/staging.varesenews.it\/#\/schema\/person\/image\/\",\"url\":\"https:\/\/staging.varesenews.it\/wp-content\/uploads\/2020\/12\/andrea_camurani_colori_500.jpg\",\"contentUrl\":\"https:\/\/staging.varesenews.it\/wp-content\/uploads\/2020\/12\/andrea_camurani_colori_500.jpg\",\"caption\":\"Andrea Camurani\"},\"description\":\"Sono figlio degli anni Settanta e di Milano, dove ho imparato a riconoscere buoni e cattivi. Laurea in scienze politiche, lavoro a VareseNews dal 2000. Racconto quel che trovo quando incontro chi vuole lasciare al mondo un pezzetto di vita, che si chiama cronaca. &ldquo;...perch&eacute; &egrave; la gente il pi&ugrave; grande spettacolo del mondo. E non si paga il biglietto...&rdquo; (Charles Bukowsky)\",\"sameAs\":[\"https:\/\/www.facebook.com\/andrea.camurani?fref=photo\",\"andreacamurani\",\"https:\/\/www.linkedin.com\/hp\/?dnr=A9a84RfzsLdo9xg4NcGV4dLiMknoc9ms4WM\",\"https:\/\/twitter.com\/AndreaCamurani\"],\"url\":\"https:\/\/staging.varesenews.it\/persona\/andrea_camurani\/\"}]}<\/script>\n<!-- \/ Yoast SEO plugin. -->","yoast_head_json":{"title":"A breve il primo consiglio comunale a Cocquio Trevisago per il secondo mandato di Danilo Centrella","description":"Imminente la definizione di vice sindaco e giunta \u201ccos\u00ec da rendere operativa la nostra amministrazione\u201c. Viabilit\u00e0 e supporto agli anziani le primissime misure","robots":{"index":"noindex","follow":"follow","max-snippet":"max-snippet:-1","max-image-preview":"max-image-preview:large","max-video-preview":"max-video-preview:-1"},"og_locale":"it_IT","og_type":"article","og_title":"A breve il primo consiglio comunale a Cocquio Trevisago per il secondo mandato di Danilo Centrella","og_description":"Imminente la definizione di vice sindaco e giunta \u201ccos\u00ec da rendere operativa la nostra amministrazione\u201c. Viabilit\u00e0 e supporto agli anziani le primissime misure","og_url":"https:\/\/staging.varesenews.it\/2021\/10\/breve-primo-consiglio-comunale-cocquio-trevisago-secondo-mandato-danilo-centrella\/1387372\/","og_site_name":"VareseNews","article_publisher":"https:\/\/www.facebook.com\/varesenews","article_author":"https:\/\/www.facebook.com\/andrea.camurani?fref=photo","article_published_time":"2021-10-07T07:34:34+00:00","author":"Andrea Camurani","twitter_card":"summary_large_image","twitter_creator":"@AndreaCamurani","twitter_site":"@varesenews","twitter_misc":{"Scritto da":"Andrea Camurani","Tempo di lettura stimato":"1 minuto"},"schema":{"@context":"https:\/\/schema.org","@graph":[{"@type":"WebPage","@id":"https:\/\/staging.varesenews.it\/2021\/10\/breve-primo-consiglio-comunale-cocquio-trevisago-secondo-mandato-danilo-centrella\/1387372\/","url":"https:\/\/staging.varesenews.it\/2021\/10\/breve-primo-consiglio-comunale-cocquio-trevisago-secondo-mandato-danilo-centrella\/1387372\/","name":"A breve il primo consiglio comunale a Cocquio Trevisago per il secondo mandato di Danilo Centrella","isPartOf":{"@id":"https:\/\/staging.varesenews.it\/#website"},"datePublished":"2021-10-07T07:34:34+00:00","dateModified":"2021-10-07T07:34:34+00:00","author":{"@id":"https:\/\/staging.varesenews.it\/#\/schema\/person\/3eb5832c6beae763de8d9596fdbe8c49"},"description":"Imminente la definizione di vice sindaco e giunta \u201ccos\u00ec da rendere operativa la nostra amministrazione\u201c. Viabilit\u00e0 e supporto agli anziani le primissime misure","breadcrumb":{"@id":"https:\/\/staging.varesenews.it\/2021\/10\/breve-primo-consiglio-comunale-cocquio-trevisago-secondo-mandato-danilo-centrella\/1387372\/#breadcrumb"},"inLanguage":"it-IT","potentialAction":[{"@type":"ReadAction","target":["https:\/\/staging.varesenews.it\/2021\/10\/breve-primo-consiglio-comunale-cocquio-trevisago-secondo-mandato-danilo-centrella\/1387372\/"]}]},{"@type":"BreadcrumbList","@id":"https:\/\/staging.varesenews.it\/2021\/10\/breve-primo-consiglio-comunale-cocquio-trevisago-secondo-mandato-danilo-centrella\/1387372\/#breadcrumb","itemListElement":[{"@type":"ListItem","position":1,"name":"Home","item":"https:\/\/www.varesenews.it\/"},{"@type":"ListItem","position":2,"name":"A breve il primo consiglio comunale a Cocquio Trevisago per il secondo mandato di Danilo Centrella"}]},{"@type":"WebSite","@id":"https:\/\/staging.varesenews.it\/#website","url":"https:\/\/staging.varesenews.it\/","name":"VareseNews","description":"","potentialAction":[{"@type":"SearchAction","target":{"@type":"EntryPoint","urlTemplate":"https:\/\/staging.varesenews.it\/?s={search_term_string}"},"query-input":"required name=search_term_string"}],"inLanguage":"it-IT"},{"@type":"Person","@id":"https:\/\/staging.varesenews.it\/#\/schema\/person\/3eb5832c6beae763de8d9596fdbe8c49","name":"Andrea Camurani","image":{"@type":"ImageObject","inLanguage":"it-IT","@id":"https:\/\/staging.varesenews.it\/#\/schema\/person\/image\/","url":"https:\/\/staging.varesenews.it\/wp-content\/uploads\/2020\/12\/andrea_camurani_colori_500.jpg","contentUrl":"https:\/\/staging.varesenews.it\/wp-content\/uploads\/2020\/12\/andrea_camurani_colori_500.jpg","caption":"Andrea Camurani"},"description":"Sono figlio degli anni Settanta e di Milano, dove ho imparato a riconoscere buoni e cattivi. Laurea in scienze politiche, lavoro a VareseNews dal 2000. Racconto quel che trovo quando incontro chi vuole lasciare al mondo un pezzetto di vita, che si chiama cronaca. &ldquo;...perch&eacute; &egrave; la gente il pi&ugrave; grande spettacolo del mondo. E non si paga il biglietto...&rdquo; (Charles Bukowsky)","sameAs":["https:\/\/www.facebook.com\/andrea.camurani?fref=photo","andreacamurani","https:\/\/www.linkedin.com\/hp\/?dnr=A9a84RfzsLdo9xg4NcGV4dLiMknoc9ms4WM","https:\/\/twitter.com\/AndreaCamurani"],"url":"https:\/\/staging.varesenews.it\/persona\/andrea_camurani\/"}]}},"post_meta":{"_edit_lock":"1633592455:34","_edit_last":"34","_category_permalink":"a:1:{s:8:\"category\";s:0:\"\";}","_encloseme":"1","ratings_users":"0","ratings_score":"0","ratings_average":"0","foto":"1252779","firma_come_redazione":"1","argomento":"Cocquio Trevisago","_yoast_wpseo_content_score":"30","_jd_tweet_this":"yes","_wpt_short_url":"https:\/\/www.varesenews.it\/2021\/10\/breve-primo-consiglio-comunale-cocquio-trevisago-secondo-mandato-danilo-centrella\/1387372\/","_wp_jd_target":"https:\/\/www.varesenews.it\/2021\/10\/breve-primo-consiglio-comunale-cocquio-trevisago-secondo-mandato-danilo-centrella\/1387372\/","_jd_wp_twitter":"a:1:{i:0;s:224:\"A breve il primo consiglio comunale a Cocquio Trevisago per il secondo mandato di Danilo Centrella https:\/\/www.varesenews.it\/2021\/10\/breve-primo-consiglio-comunale-cocquio-trevisago-secondo-mandato-danilo-centrella\/1387372\/ \";}","_wpt_status_message":"Tweet inviato con successo.","_oembed_48b12029b258a7fb77f20c42202ad553":"<iframe width=\"500\" height=\"281\" src=\"https:\/\/www.youtube.com\/embed\/bc3jSjqCaN0?feature=oembed\" frameborder=\"0\" allow=\"accelerometer; autoplay; clipboard-write; encrypted-media; gyroscope; picture-in-picture\" allowfullscreen><\/iframe>","_oembed_time_48b12029b258a7fb77f20c42202ad553":"1633592212","_oembed_e6ad1ff03876fdcf529e3f568cadf85c":"<blockquote class=\"wp-embedded-content\" data-secret=\"DIkPTB86jo\"><a href=\"https:\/\/www.varesenews.it\/2018\/04\/siate-prudenti-non-diffidenti-verso-bitcoin\/705704\/\">Siate prudenti ma non diffidenti verso i Bitcoin<\/a><\/blockquote><iframe class=\"wp-embedded-content\" sandbox=\"allow-scripts\" security=\"restricted\" style=\"position: absolute; clip: rect(1px, 1px, 1px, 1px);\" src=\"https:\/\/www.varesenews.it\/2018\/04\/siate-prudenti-non-diffidenti-verso-bitcoin\/705704\/embed\/#?secret=DIkPTB86jo\" data-secret=\"DIkPTB86jo\" width=\"500\" height=\"282\" title=\"&#8220;Siate prudenti ma non diffidenti verso i Bitcoin&#8221; &#8212; VareseNews\" frameborder=\"0\" marginwidth=\"0\" marginheight=\"0\" scrolling=\"no\"><\/iframe>","_oembed_time_e6ad1ff03876fdcf529e3f568cadf85c":"1633592212","_oembed_90d039e761236fd02ffd1c670e3a20b9":"<blockquote class=\"wp-embedded-content\" data-secret=\"cNwE75lAHK\"><a href=\"https:\/\/www.varesenews.it\/2021\/06\/forze-giovani-nuove-idee-lassociazione-borgo-olonese-induno-olona\/1348590\/\">Forze giovani e nuove idee per l&#8217;associazione Borgo Olonese di Induno Olona<\/a><\/blockquote><iframe class=\"wp-embedded-content\" sandbox=\"allow-scripts\" security=\"restricted\" style=\"position: absolute; clip: rect(1px, 1px, 1px, 1px);\" src=\"https:\/\/www.varesenews.it\/2021\/06\/forze-giovani-nuove-idee-lassociazione-borgo-olonese-induno-olona\/1348590\/embed\/#?secret=cNwE75lAHK\" data-secret=\"cNwE75lAHK\" width=\"500\" height=\"282\" title=\"&#8220;Forze giovani e nuove idee per l&#8217;associazione Borgo Olonese di Induno Olona&#8221; &#8212; VareseNews\" frameborder=\"0\" marginwidth=\"0\" marginheight=\"0\" scrolling=\"no\"><\/iframe>","_oembed_time_90d039e761236fd02ffd1c670e3a20b9":"1633592212","_oembed_269aa3e8c991e0ec873384208155a947":"<blockquote class=\"wp-embedded-content\" data-secret=\"JmL2GrjNka\"><a href=\"https:\/\/www.varesenews.it\/2021\/09\/maltempo-detriti-sulla-carreggiata-traffico-tilt-la-chiusura-del-marone-vedano-olona\/1383979\/\">Maltempo, detriti sulla carreggiata: traffico in tilt per la chiusura del Marone a Vedano Olona<\/a><\/blockquote><iframe class=\"wp-embedded-content\" sandbox=\"allow-scripts\" security=\"restricted\" style=\"position: absolute; clip: rect(1px, 1px, 1px, 1px);\" src=\"https:\/\/www.varesenews.it\/2021\/09\/maltempo-detriti-sulla-carreggiata-traffico-tilt-la-chiusura-del-marone-vedano-olona\/1383979\/embed\/#?secret=JmL2GrjNka\" data-secret=\"JmL2GrjNka\" width=\"500\" height=\"282\" title=\"&#8220;Maltempo, detriti sulla carreggiata: traffico in tilt per la chiusura del Marone a Vedano Olona&#8221; &#8212; VareseNews\" frameborder=\"0\" marginwidth=\"0\" marginheight=\"0\" scrolling=\"no\"><\/iframe>","_oembed_time_269aa3e8c991e0ec873384208155a947":"1633592212","_oembed_c3e0bd889d1c4c147d5a0985c60976c8":"{{unknown}}","_oembed_63238a14bd9c3de4219041d9790d0179":"<blockquote class=\"wp-embedded-content\" data-secret=\"EYgGI0mhNN\"><a href=\"https:\/\/www.varesenews.it\/2021\/09\/elezioni-comunali-2021-si-vota-le-amministrative-del-3-4-ottobre\/1384726\/\">Elezioni comunali 2021: ecco come si vota per le amministrative del 3 e 4 ottobre<\/a><\/blockquote><iframe class=\"wp-embedded-content\" sandbox=\"allow-scripts\" security=\"restricted\" style=\"position: absolute; clip: rect(1px, 1px, 1px, 1px);\" src=\"https:\/\/www.varesenews.it\/2021\/09\/elezioni-comunali-2021-si-vota-le-amministrative-del-3-4-ottobre\/1384726\/embed\/#?secret=EYgGI0mhNN\" data-secret=\"EYgGI0mhNN\" width=\"500\" height=\"282\" title=\"&#8220;Elezioni comunali 2021: ecco come si vota per le amministrative del 3 e 4 ottobre&#8221; &#8212; VareseNews\" frameborder=\"0\" marginwidth=\"0\" marginheight=\"0\" scrolling=\"no\"><\/iframe>","_oembed_time_63238a14bd9c3de4219041d9790d0179":"1633592456","_oembed_67c7b17c925bfe30b0643b0ca0de97eb":"<blockquote class=\"wp-embedded-content\" data-secret=\"tZPSfnO6pd\"><a href=\"https:\/\/www.varesenews.it\/2021\/09\/anche-la-svizzera-utilizzera-vaccino-johnson-johnson\/1384090\/\">Anche la Svizzera utilizzer\u00e0 il vaccino di Johnson &#038; Johnson<\/a><\/blockquote><iframe class=\"wp-embedded-content\" sandbox=\"allow-scripts\" security=\"restricted\" style=\"position: absolute; clip: rect(1px, 1px, 1px, 1px);\" src=\"https:\/\/www.varesenews.it\/2021\/09\/anche-la-svizzera-utilizzera-vaccino-johnson-johnson\/1384090\/embed\/#?secret=tZPSfnO6pd\" data-secret=\"tZPSfnO6pd\" width=\"500\" height=\"282\" title=\"&#8220;Anche la Svizzera utilizzer\u00e0 il vaccino di Johnson &#038; Johnson&#8221; &#8212; VareseNews\" frameborder=\"0\" marginwidth=\"0\" marginheight=\"0\" scrolling=\"no\"><\/iframe>","_oembed_time_67c7b17c925bfe30b0643b0ca0de97eb":"1633592456","_oembed_e91035d6fbfa4dc150e211af0dbb0e79":"<blockquote class=\"wp-embedded-content\" data-secret=\"11j0zzkuUu\"><a href=\"https:\/\/www.varesenews.it\/2021\/09\/la-svizzera-dice-si-ai-matrimoni-gay\/1382907\/\">La Svizzera dice s\u00ec ai matrimoni gay<\/a><\/blockquote><iframe class=\"wp-embedded-content\" sandbox=\"allow-scripts\" security=\"restricted\" style=\"position: absolute; clip: rect(1px, 1px, 1px, 1px);\" src=\"https:\/\/www.varesenews.it\/2021\/09\/la-svizzera-dice-si-ai-matrimoni-gay\/1382907\/embed\/#?secret=11j0zzkuUu\" data-secret=\"11j0zzkuUu\" width=\"500\" height=\"282\" title=\"&#8220;La Svizzera dice s\u00ec ai matrimoni gay&#8221; &#8212; VareseNews\" frameborder=\"0\" marginwidth=\"0\" marginheight=\"0\" scrolling=\"no\"><\/iframe>","_oembed_time_e91035d6fbfa4dc150e211af0dbb0e79":"1633592456","_oembed_38ef2e849f2b604d4d48e6e12cf89daf":"<blockquote class=\"wp-embedded-content\" data-secret=\"ZlyOyKKawM\"><a href=\"https:\/\/www.varesenews.it\/2021\/09\/svizzera-al-voto-sul-matrimonio-tutti\/1382835\/\">Svizzera al voto sul &#8220;Matrimonio per tutti&#8221;<\/a><\/blockquote><iframe class=\"wp-embedded-content\" sandbox=\"allow-scripts\" security=\"restricted\" style=\"position: absolute; clip: rect(1px, 1px, 1px, 1px);\" src=\"https:\/\/www.varesenews.it\/2021\/09\/svizzera-al-voto-sul-matrimonio-tutti\/1382835\/embed\/#?secret=ZlyOyKKawM\" data-secret=\"ZlyOyKKawM\" width=\"500\" height=\"282\" title=\"&#8220;Svizzera al voto sul &#8220;Matrimonio per tutti&#8221;&#8221; &#8212; VareseNews\" frameborder=\"0\" marginwidth=\"0\" marginheight=\"0\" scrolling=\"no\"><\/iframe>","_oembed_time_38ef2e849f2b604d4d48e6e12cf89daf":"1633592456","_oembed_971e2e2ac0a925491670e99674acd665":"<blockquote class=\"wp-embedded-content\" data-secret=\"5fazNRBBtd\"><a href=\"https:\/\/www.varesenews.it\/2020\/07\/giovanni-bassanesi-volo-antifascista-lodrino-milano-2\/944680\/\">Dal Ticino a Milano: il pilota col mal d&#8217;aria e il folle volo contro la dittatura<\/a><\/blockquote><iframe class=\"wp-embedded-content\" sandbox=\"allow-scripts\" security=\"restricted\" style=\"position: absolute; clip: rect(1px, 1px, 1px, 1px);\" src=\"https:\/\/www.varesenews.it\/2020\/07\/giovanni-bassanesi-volo-antifascista-lodrino-milano-2\/944680\/embed\/#?secret=5fazNRBBtd\" data-secret=\"5fazNRBBtd\" width=\"500\" height=\"282\" title=\"&#8220;Dal Ticino a Milano: il pilota col mal d&#8217;aria e il folle volo contro la dittatura&#8221; &#8212; VareseNews\" frameborder=\"0\" marginwidth=\"0\" marginheight=\"0\" scrolling=\"no\"><\/iframe>","_oembed_time_971e2e2ac0a925491670e99674acd665":"1633592456","_oembed_f6d45c6f260bb7d579e912b352a4c703":"<blockquote class=\"wp-embedded-content\" data-secret=\"EMfHpEUNDW\"><a href=\"https:\/\/www.varesenews.it\/2021\/09\/eventi-bambini-nel-weekend-dal-24-al-26-settembre-varese-provincia\/1382156\/\">Eventi per bambini nel weekend dal 24 al 26  settembre tra Varese e provincia<\/a><\/blockquote><iframe class=\"wp-embedded-content\" sandbox=\"allow-scripts\" security=\"restricted\" style=\"position: absolute; clip: rect(1px, 1px, 1px, 1px);\" src=\"https:\/\/www.varesenews.it\/2021\/09\/eventi-bambini-nel-weekend-dal-24-al-26-settembre-varese-provincia\/1382156\/embed\/#?secret=EMfHpEUNDW\" data-secret=\"EMfHpEUNDW\" width=\"500\" height=\"282\" title=\"&#8220;Eventi per bambini nel weekend dal 24 al 26  settembre tra Varese e provincia&#8221; &#8212; VareseNews\" frameborder=\"0\" marginwidth=\"0\" marginheight=\"0\" scrolling=\"no\"><\/iframe>","_oembed_time_f6d45c6f260bb7d579e912b352a4c703":"1633592456","_oembed_1c768632516bc7916d2bbec93546c75e":"<blockquote class=\"wp-embedded-content\" data-secret=\"FEKn0f9k2w\"><a href=\"https:\/\/www.varesenews.it\/2021\/10\/formato-consiglio-comunale-gallarate\/1386651\/\">Come \u00e8 formato il nuovo consiglio comunale di Gallarate<\/a><\/blockquote><iframe class=\"wp-embedded-content\" sandbox=\"allow-scripts\" security=\"restricted\" style=\"position: absolute; clip: rect(1px, 1px, 1px, 1px);\" src=\"https:\/\/www.varesenews.it\/2021\/10\/formato-consiglio-comunale-gallarate\/1386651\/embed\/#?secret=FEKn0f9k2w\" data-secret=\"FEKn0f9k2w\" width=\"500\" height=\"282\" title=\"&#8220;Come \u00e8 formato il nuovo consiglio comunale di Gallarate&#8221; &#8212; VareseNews\" frameborder=\"0\" marginwidth=\"0\" marginheight=\"0\" scrolling=\"no\"><\/iframe>","_oembed_time_1c768632516bc7916d2bbec93546c75e":"1633592530","_oembed_ab5894298deb213087c5579ba8001040":"<blockquote class=\"wp-embedded-content\" data-secret=\"SmYF99rARS\"><a href=\"https:\/\/www.varesenews.it\/2021\/10\/franco-ghiringhelli-sindaco-oggiona-santo-stefano\/1385990\/\">Franco Ghiringhelli \u00e8 il nuovo sindaco di Oggiona con Santo Stefano<\/a><\/blockquote><iframe class=\"wp-embedded-content\" sandbox=\"allow-scripts\" security=\"restricted\" style=\"position: absolute; clip: rect(1px, 1px, 1px, 1px);\" src=\"https:\/\/www.varesenews.it\/2021\/10\/franco-ghiringhelli-sindaco-oggiona-santo-stefano\/1385990\/embed\/#?secret=SmYF99rARS\" data-secret=\"SmYF99rARS\" width=\"500\" height=\"282\" title=\"&#8220;Franco Ghiringhelli \u00e8 il nuovo sindaco di Oggiona con Santo Stefano&#8221; &#8212; VareseNews\" frameborder=\"0\" marginwidth=\"0\" marginheight=\"0\" scrolling=\"no\"><\/iframe>","_oembed_time_ab5894298deb213087c5579ba8001040":"1633592530","_oembed_5fda4047d362ac5c7f4fdafd56b192a4":"<blockquote class=\"wp-embedded-content\" data-secret=\"G8SKbf3nwq\"><a href=\"https:\/\/www.varesenews.it\/2021\/10\/andrea-cassani-rieletto-sindaco-gallarate\/1386387\/\">Andrea Cassani rieletto sindaco di Gallarate. &#8220;Ho vinto il referendum su di me&#8221;<\/a><\/blockquote><iframe class=\"wp-embedded-content\" sandbox=\"allow-scripts\" security=\"restricted\" style=\"position: absolute; clip: rect(1px, 1px, 1px, 1px);\" src=\"https:\/\/www.varesenews.it\/2021\/10\/andrea-cassani-rieletto-sindaco-gallarate\/1386387\/embed\/#?secret=G8SKbf3nwq\" data-secret=\"G8SKbf3nwq\" width=\"500\" height=\"282\" title=\"&#8220;Andrea Cassani rieletto sindaco di Gallarate. &#8220;Ho vinto il referendum su di me&#8221;&#8221; &#8212; VareseNews\" frameborder=\"0\" marginwidth=\"0\" marginheight=\"0\" scrolling=\"no\"><\/iframe>","_oembed_time_5fda4047d362ac5c7f4fdafd56b192a4":"1633592530","_oembed_e5f04cc419e976ced4e63e6442ecaada":"<blockquote class=\"wp-embedded-content\" data-secret=\"Vrdz9MaB1X\"><a href=\"https:\/\/www.varesenews.it\/2021\/10\/longobardi-forza-italia-la-parte-moderata-della-coalizione\/1386454\/\">Longobardi: &#8220;Forza Italia \u00e8 la parte moderata della coalizione&#8221;<\/a><\/blockquote><iframe class=\"wp-embedded-content\" sandbox=\"allow-scripts\" security=\"restricted\" style=\"position: absolute; clip: rect(1px, 1px, 1px, 1px);\" src=\"https:\/\/www.varesenews.it\/2021\/10\/longobardi-forza-italia-la-parte-moderata-della-coalizione\/1386454\/embed\/#?secret=Vrdz9MaB1X\" data-secret=\"Vrdz9MaB1X\" width=\"500\" height=\"282\" title=\"&#8220;Longobardi: &#8220;Forza Italia \u00e8 la parte moderata della coalizione&#8221;&#8221; &#8212; VareseNews\" frameborder=\"0\" marginwidth=\"0\" marginheight=\"0\" scrolling=\"no\"><\/iframe>","_oembed_time_e5f04cc419e976ced4e63e6442ecaada":"1633592531","_oembed_26cb69e17e474c8c93cd6c31309b152d":"<blockquote class=\"wp-embedded-content\" data-secret=\"QKE64NOD7y\"><a href=\"https:\/\/www.varesenews.it\/2021\/10\/manolesta-arriva-al-museo-domenica-10-ottobre-la-collegiata-attende-bambini\/1385085\/\">&#8220;Manolesta arriva al Museo&#8221;: domenica 10 ottobre la Collegiata attende i bambini<\/a><\/blockquote><iframe class=\"wp-embedded-content\" sandbox=\"allow-scripts\" security=\"restricted\" style=\"position: absolute; clip: rect(1px, 1px, 1px, 1px);\" src=\"https:\/\/www.varesenews.it\/2021\/10\/manolesta-arriva-al-museo-domenica-10-ottobre-la-collegiata-attende-bambini\/1385085\/embed\/#?secret=QKE64NOD7y\" data-secret=\"QKE64NOD7y\" width=\"500\" height=\"282\" title=\"&#8220;&#8220;Manolesta arriva al Museo&#8221;: domenica 10 ottobre la Collegiata attende i bambini&#8221; &#8212; VareseNews\" frameborder=\"0\" marginwidth=\"0\" marginheight=\"0\" scrolling=\"no\"><\/iframe>","_oembed_time_26cb69e17e474c8c93cd6c31309b152d":"1633592531","_oembed_4e75f5788ae66d39f4c2e3f506e22f32":"<blockquote class=\"wp-embedded-content\" data-secret=\"hiUvRZZuRw\"><a href=\"https:\/\/www.varesenews.it\/notizie-sponsorizzate\/vacanze-green-bielmonte-oasi-zegna\/\">Vacanze &#8220;green&#8221; a Bielmonte, nel cuore dell&#8217;Oasi Zegna<\/a><\/blockquote><iframe class=\"wp-embedded-content\" sandbox=\"allow-scripts\" security=\"restricted\" style=\"position: absolute; clip: rect(1px, 1px, 1px, 1px);\" src=\"https:\/\/www.varesenews.it\/notizie-sponsorizzate\/vacanze-green-bielmonte-oasi-zegna\/embed\/#?secret=hiUvRZZuRw\" data-secret=\"hiUvRZZuRw\" width=\"500\" height=\"282\" title=\"&#8220;Vacanze &#8220;green&#8221; a Bielmonte, nel cuore dell&#8217;Oasi Zegna&#8221; &#8212; VareseNews\" frameborder=\"0\" marginwidth=\"0\" marginheight=\"0\" scrolling=\"no\"><\/iframe>","_oembed_time_4e75f5788ae66d39f4c2e3f506e22f32":"1633592536","_oembed_e586780cc677d307092ec1c2860b7a74":"<blockquote class=\"wp-embedded-content\" data-secret=\"A7ow0S4IxG\"><a href=\"https:\/\/www.verbanonews.it\/aree-geografiche\/piemonte\/2021\/09\/27\/pugno-allarbitro-durante-una-partita-di-calcio-a-paruzzaro\/935479\/\">Pugno all\u2019arbitro durante una partita di calcio a Paruzzaro<\/a><\/blockquote><iframe class=\"wp-embedded-content\" sandbox=\"allow-scripts\" security=\"restricted\" style=\"position: absolute; clip: rect(1px, 1px, 1px, 1px);\" src=\"https:\/\/www.verbanonews.it\/aree-geografiche\/piemonte\/2021\/09\/27\/pugno-allarbitro-durante-una-partita-di-calcio-a-paruzzaro\/935479\/embed\/#?secret=A7ow0S4IxG\" data-secret=\"A7ow0S4IxG\" width=\"500\" height=\"282\" title=\"&#8220;Pugno all\u2019arbitro durante una partita di calcio a Paruzzaro&#8221; &#8212; VerbanoNews\" frameborder=\"0\" marginwidth=\"0\" marginheight=\"0\" scrolling=\"no\"><\/iframe>","_oembed_time_e586780cc677d307092ec1c2860b7a74":"1633592540","_oembed_2203d30a3dd05b4e87c81ff724517803":"<blockquote class=\"wp-embedded-content\" data-secret=\"QiBxUxF0eU\"><a href=\"https:\/\/www.varesenews.it\/2013\/06\/la-rivoluzione-dell-e-commerce-passa-anche-dalla-gallaratese-eprice\/58396\/\">La rivoluzione dell&#8217;e-commerce passa anche dalla gallaratese ePrice<\/a><\/blockquote><iframe class=\"wp-embedded-content\" sandbox=\"allow-scripts\" security=\"restricted\" style=\"position: absolute; clip: rect(1px, 1px, 1px, 1px);\" src=\"https:\/\/www.varesenews.it\/2013\/06\/la-rivoluzione-dell-e-commerce-passa-anche-dalla-gallaratese-eprice\/58396\/embed\/#?secret=QiBxUxF0eU\" data-secret=\"QiBxUxF0eU\" width=\"500\" height=\"282\" title=\"&#8220;La rivoluzione dell&#8217;e-commerce passa anche dalla gallaratese ePrice&#8221; &#8212; VareseNews\" frameborder=\"0\" marginwidth=\"0\" marginheight=\"0\" scrolling=\"no\"><\/iframe>","_oembed_time_2203d30a3dd05b4e87c81ff724517803":"1633592539"},"photos":[{"original":"https:\/\/staging.varesenews.it\/photogallery_new\/images\/2021\/10\/elezioni-amministrative-2021-cocquio-trevisago-1252779.jpg","full":"https:\/\/staging.varesenews.it\/photogallery_new\/images\/2021\/10\/elezioni-amministrative-2021-cocquio-trevisago-1252779.1024x768.jpg","large":"https:\/\/staging.varesenews.it\/photogallery_new\/images\/2021\/10\/elezioni-amministrative-2021-cocquio-trevisago-1252779.610x431.jpg"}],"_links":{"self":[{"href":"https:\/\/staging.varesenews.it\/swgapi\/v1\/wp\/v2\/posts\/1387372"}],"collection":[{"href":"https:\/\/staging.varesenews.it\/swgapi\/v1\/wp\/v2\/posts"}],"about":[{"href":"https:\/\/staging.varesenews.it\/swgapi\/v1\/wp\/v2\/types\/post"}],"author":[{"embeddable":true,"href":"https:\/\/staging.varesenews.it\/swgapi\/v1\/wp\/v2\/users\/34"}],"replies":[{"embeddable":true,"href":"https:\/\/staging.varesenews.it\/swgapi\/v1\/wp\/v2\/comments?post=1387372"}],"version-history":[{"count":0,"href":"https:\/\/staging.varesenews.it\/swgapi\/v1\/wp\/v2\/posts\/1387372\/revisions"}],"wp:attachment":[{"href":"https:\/\/staging.varesenews.it\/swgapi\/v1\/wp\/v2\/media?parent=1387372"}],"wp:term":[{"taxonomy":"category","embeddable":true,"href":"https:\/\/staging.varesenews.it\/swgapi\/v1\/wp\/v2\/categories?post=1387372"},{"taxonomy":"post_tag","embeddable":true,"href":"https:\/\/staging.varesenews.it\/swgapi\/v1\/wp\/v2\/tags?post=1387372"}],"curies":[{"name":"wp","href":"https:\/\/api.w.org\/{rel}","templated":true}]}}