{"id":1388242,"date":"2021-10-09T15:24:03","date_gmt":"2021-10-09T13:24:03","guid":{"rendered":"https:\/\/www.varesenews.it\/?p=1388242"},"modified":"2021-10-09T15:24:03","modified_gmt":"2021-10-09T13:24:03","slug":"varese-vuole-rompere-digiuno-borgosesia","status":"publish","type":"post","link":"https:\/\/staging.varesenews.it\/2021\/10\/varese-vuole-rompere-digiuno-borgosesia\/1388242\/","title":{"rendered":"Il Varese vuole rompere il digiuno a Borgosesia"},"content":{"rendered":"<p>La prima settimana stagionale con il turno infrasettimanale non sta fruttando in casa Varese, che nelle due gare contro Novara e Gozzano ha saputo raccogliere un solo punto dal pari interno contro i cusiani. Per finire nel modo giusto questi sette giorni intensi <strong>i biancorossi devono provare a vincere domenica 10 ottobre (ore 15.00) a Borgosesia.\u00a0<\/strong><\/p>\n<p>I sesiani, retrocessi nella passata stagione e ripescati in estate, hanno rivoluzionato la rosa e in questa stagione stanno<strong> ritrovando quella solidit\u00e0 marchio di fabbrica della compagine granata,<\/strong> allenata quest&#8217;anno da Manuel Lunardon.<\/p>\n<p>Dopo la sconfitta all\u2019esordio contro il Chieri,<strong> il Borgosesia ha infilato tre pareggi &#8211; tutti per 1-1 &#8211; contro Novara, Asti e Derthona.\u00a0<\/strong><\/p>\n<p>A fare il punto sulla situazione in casa Varese \u00e8<strong> l\u2019allenatore Ezio Rossi:<\/strong> \u00abC\u2019\u00e8 stata delusione dopo il pari contro il Gozzano perch\u00e9 non abbiamo fatto la prestazione, a differenza delle altre tre gare giocate. Dovevamo fare di pi\u00f9 come atteggiamento. Abbiamo avuto qualche difficolt\u00e0 nel corso dell\u2019ultima gara e ci stiamo preparando per <strong>trovare soluzioni differenti nell\u2019impostazione del gioco:<\/strong> dobbiamo avere la capacit\u00e0 di modificare in maniera tattica in fase di possesso\u00bb.<\/p>\n<p>Analizzando la prossima avversaria, mister Rossi spiega: \u00abIl Borgosesia \u00e8 una squadra che ha giocatori con grandi qualit\u00e0 tecniche, ideali per il loro campo veloce e piccolo. Sono giovani, cercano sempre di giocare a calcio e mi hanno fatto una grande impressione. <strong>Hanno un\u2019idea di gioco ben chiara e vanno a mille e per caratteristiche sono tutti aggressivi.<\/strong> Di contro, qualcosa sappiamo che possono concedere e quindi dovremo essere bravi a sfruttare le occasioni che avremo. Dobbiamo andare con la testa giusta, sapendo che si giocher\u00e0 in un flipper: con ritmi molto alti\u00bb.<\/p>\n<p>Non ci saranno grandi cambiamenti nella formazione. <strong>Il modulo sar\u00e0 sempre il 3-4-1-2 e in attacco sono 4 a contendersi un posto<\/strong>. \u00abDi Renzo &#8211; spiega Ezio Rossi &#8211; deve ancora trovare la condizione migliore ma per noi \u00e8 un giocatore molto importante, sia che parta dall\u2019inizio, sia che subentri dalla panchina\u00bb.<\/p>\n<blockquote><p><strong>DIRETTAVN<\/strong> &#8211; Il racconto della partita \u00e8 gi\u00e0 iniziato sul nostro liveblog (<a href=\"http:\/\/live.varesenews.it\/Event\/Serie_D_Borgosesia_-_Varese_in_diretta\">GUARDA QUI<\/a>). Potrete seguire il nostro live commentando in tempo reale e interagendo con l\u2019hashtag <strong>#DirettaVn<\/strong> sui social.<\/p><\/blockquote>\n","protected":false},"excerpt":{"rendered":"<p>Mister Ezio Rossi per\u00f2 alza la guardia: \u201cCi sar\u00e0 da soffrire. Dovremo sfruttare le occasioni che ci concederanno\u201d<\/p>\n","protected":false},"author":37,"featured_media":0,"comment_status":"open","ping_status":"open","sticky":false,"template":"","format":"standard","meta":{"footnotes":""},"categories":[14,2],"tags":[9011,144,98549,207],"acf":[],"yoast_head":"<!-- This site is optimized with the Yoast SEO plugin v20.1 - https:\/\/yoast.com\/wordpress\/plugins\/seo\/ -->\n<title>Il Varese vuole rompere il digiuno a Borgosesia<\/title>\n<meta name=\"description\" content=\"Mister Ezio Rossi per\u00f2 alza la guardia: \u201cCi sar\u00e0 da soffrire. Dovremo sfruttare le occasioni che ci concederanno\u201d\" \/>\n<meta name=\"robots\" content=\"noindex, follow, max-snippet:-1, max-image-preview:large, max-video-preview:-1\" \/>\n<meta property=\"og:locale\" content=\"it_IT\" \/>\n<meta property=\"og:type\" content=\"article\" \/>\n<meta property=\"og:title\" content=\"Il Varese vuole rompere il digiuno a Borgosesia\" \/>\n<meta property=\"og:description\" content=\"Mister Ezio Rossi per\u00f2 alza la guardia: \u201cCi sar\u00e0 da soffrire. Dovremo sfruttare le occasioni che ci concederanno\u201d\" \/>\n<meta property=\"og:url\" content=\"https:\/\/staging.varesenews.it\/2021\/10\/varese-vuole-rompere-digiuno-borgosesia\/1388242\/\" \/>\n<meta property=\"og:site_name\" content=\"VareseNews\" \/>\n<meta property=\"article:publisher\" content=\"https:\/\/www.facebook.com\/varesenews\" \/>\n<meta property=\"article:published_time\" content=\"2021-10-09T13:24:03+00:00\" \/>\n<meta name=\"author\" content=\"Francesco Mazzoleni\" \/>\n<meta name=\"twitter:card\" content=\"summary_large_image\" \/>\n<meta name=\"twitter:creator\" content=\"@fmazzof\" \/>\n<meta name=\"twitter:site\" content=\"@varesenews\" \/>\n<meta name=\"twitter:label1\" content=\"Scritto da\" \/>\n\t<meta name=\"twitter:data1\" content=\"Francesco Mazzoleni\" \/>\n\t<meta name=\"twitter:label2\" content=\"Tempo di lettura stimato\" \/>\n\t<meta name=\"twitter:data2\" content=\"2 minuti\" \/>\n<script type=\"application\/ld+json\" class=\"yoast-schema-graph\">{\"@context\":\"https:\/\/schema.org\",\"@graph\":[{\"@type\":\"WebPage\",\"@id\":\"https:\/\/staging.varesenews.it\/2021\/10\/varese-vuole-rompere-digiuno-borgosesia\/1388242\/\",\"url\":\"https:\/\/staging.varesenews.it\/2021\/10\/varese-vuole-rompere-digiuno-borgosesia\/1388242\/\",\"name\":\"Il Varese vuole rompere il digiuno a Borgosesia\",\"isPartOf\":{\"@id\":\"https:\/\/staging.varesenews.it\/#website\"},\"datePublished\":\"2021-10-09T13:24:03+00:00\",\"dateModified\":\"2021-10-09T13:24:03+00:00\",\"author\":{\"@id\":\"https:\/\/staging.varesenews.it\/#\/schema\/person\/e82236e79160d30d4e1f942004ac3038\"},\"description\":\"Mister Ezio Rossi per\u00f2 alza la guardia: \u201cCi sar\u00e0 da soffrire. Dovremo sfruttare le occasioni che ci concederanno\u201d\",\"breadcrumb\":{\"@id\":\"https:\/\/staging.varesenews.it\/2021\/10\/varese-vuole-rompere-digiuno-borgosesia\/1388242\/#breadcrumb\"},\"inLanguage\":\"it-IT\",\"potentialAction\":[{\"@type\":\"ReadAction\",\"target\":[\"https:\/\/staging.varesenews.it\/2021\/10\/varese-vuole-rompere-digiuno-borgosesia\/1388242\/\"]}]},{\"@type\":\"BreadcrumbList\",\"@id\":\"https:\/\/staging.varesenews.it\/2021\/10\/varese-vuole-rompere-digiuno-borgosesia\/1388242\/#breadcrumb\",\"itemListElement\":[{\"@type\":\"ListItem\",\"position\":1,\"name\":\"Home\",\"item\":\"https:\/\/www.varesenews.it\/\"},{\"@type\":\"ListItem\",\"position\":2,\"name\":\"Il Varese vuole rompere il digiuno a Borgosesia\"}]},{\"@type\":\"WebSite\",\"@id\":\"https:\/\/staging.varesenews.it\/#website\",\"url\":\"https:\/\/staging.varesenews.it\/\",\"name\":\"VareseNews\",\"description\":\"\",\"potentialAction\":[{\"@type\":\"SearchAction\",\"target\":{\"@type\":\"EntryPoint\",\"urlTemplate\":\"https:\/\/staging.varesenews.it\/?s={search_term_string}\"},\"query-input\":\"required name=search_term_string\"}],\"inLanguage\":\"it-IT\"},{\"@type\":\"Person\",\"@id\":\"https:\/\/staging.varesenews.it\/#\/schema\/person\/e82236e79160d30d4e1f942004ac3038\",\"name\":\"Francesco Mazzoleni\",\"image\":{\"@type\":\"ImageObject\",\"inLanguage\":\"it-IT\",\"@id\":\"https:\/\/staging.varesenews.it\/#\/schema\/person\/image\/\",\"url\":\"https:\/\/staging.varesenews.it\/wp-content\/uploads\/2020\/12\/francesco_mazzoleni_colori_500-1.jpg\",\"contentUrl\":\"https:\/\/staging.varesenews.it\/wp-content\/uploads\/2020\/12\/francesco_mazzoleni_colori_500-1.jpg\",\"caption\":\"Francesco Mazzoleni\"},\"description\":\"\\\"Uomo di campo\\\" della redazione sportiva. Nutro una vera passione per il calcio, che sia ad alti livelli, sui campi di provincia o in altri continenti. Sono nato a Varese nel 1984, vivo da sempre a Malnate e ho una laurea in Scienze Motorie. Ho mosso i primi passi a VareseNews da stagista nel 2002; nel 2008 ho iniziato a collaborare con maggiore continuit\u00e0 e dal 2018 sono giornalista professionista. Orgoglioso pap\u00e0 di Federico e Adelaide.\",\"sameAs\":[\"fmazzof\",\"it.linkedin.com\/in\/francescomazzolenif\",\"https:\/\/twitter.com\/fmazzof\"],\"url\":\"https:\/\/staging.varesenews.it\/persona\/francesco_mazzoleniferracini\/\"}]}<\/script>\n<!-- \/ Yoast SEO plugin. -->","yoast_head_json":{"title":"Il Varese vuole rompere il digiuno a Borgosesia","description":"Mister Ezio Rossi per\u00f2 alza la guardia: \u201cCi sar\u00e0 da soffrire. Dovremo sfruttare le occasioni che ci concederanno\u201d","robots":{"index":"noindex","follow":"follow","max-snippet":"max-snippet:-1","max-image-preview":"max-image-preview:large","max-video-preview":"max-video-preview:-1"},"og_locale":"it_IT","og_type":"article","og_title":"Il Varese vuole rompere il digiuno a Borgosesia","og_description":"Mister Ezio Rossi per\u00f2 alza la guardia: \u201cCi sar\u00e0 da soffrire. Dovremo sfruttare le occasioni che ci concederanno\u201d","og_url":"https:\/\/staging.varesenews.it\/2021\/10\/varese-vuole-rompere-digiuno-borgosesia\/1388242\/","og_site_name":"VareseNews","article_publisher":"https:\/\/www.facebook.com\/varesenews","article_published_time":"2021-10-09T13:24:03+00:00","author":"Francesco Mazzoleni","twitter_card":"summary_large_image","twitter_creator":"@fmazzof","twitter_site":"@varesenews","twitter_misc":{"Scritto da":"Francesco Mazzoleni","Tempo di lettura stimato":"2 minuti"},"schema":{"@context":"https:\/\/schema.org","@graph":[{"@type":"WebPage","@id":"https:\/\/staging.varesenews.it\/2021\/10\/varese-vuole-rompere-digiuno-borgosesia\/1388242\/","url":"https:\/\/staging.varesenews.it\/2021\/10\/varese-vuole-rompere-digiuno-borgosesia\/1388242\/","name":"Il Varese vuole rompere il digiuno a Borgosesia","isPartOf":{"@id":"https:\/\/staging.varesenews.it\/#website"},"datePublished":"2021-10-09T13:24:03+00:00","dateModified":"2021-10-09T13:24:03+00:00","author":{"@id":"https:\/\/staging.varesenews.it\/#\/schema\/person\/e82236e79160d30d4e1f942004ac3038"},"description":"Mister Ezio Rossi per\u00f2 alza la guardia: \u201cCi sar\u00e0 da soffrire. Dovremo sfruttare le occasioni che ci concederanno\u201d","breadcrumb":{"@id":"https:\/\/staging.varesenews.it\/2021\/10\/varese-vuole-rompere-digiuno-borgosesia\/1388242\/#breadcrumb"},"inLanguage":"it-IT","potentialAction":[{"@type":"ReadAction","target":["https:\/\/staging.varesenews.it\/2021\/10\/varese-vuole-rompere-digiuno-borgosesia\/1388242\/"]}]},{"@type":"BreadcrumbList","@id":"https:\/\/staging.varesenews.it\/2021\/10\/varese-vuole-rompere-digiuno-borgosesia\/1388242\/#breadcrumb","itemListElement":[{"@type":"ListItem","position":1,"name":"Home","item":"https:\/\/www.varesenews.it\/"},{"@type":"ListItem","position":2,"name":"Il Varese vuole rompere il digiuno a Borgosesia"}]},{"@type":"WebSite","@id":"https:\/\/staging.varesenews.it\/#website","url":"https:\/\/staging.varesenews.it\/","name":"VareseNews","description":"","potentialAction":[{"@type":"SearchAction","target":{"@type":"EntryPoint","urlTemplate":"https:\/\/staging.varesenews.it\/?s={search_term_string}"},"query-input":"required name=search_term_string"}],"inLanguage":"it-IT"},{"@type":"Person","@id":"https:\/\/staging.varesenews.it\/#\/schema\/person\/e82236e79160d30d4e1f942004ac3038","name":"Francesco Mazzoleni","image":{"@type":"ImageObject","inLanguage":"it-IT","@id":"https:\/\/staging.varesenews.it\/#\/schema\/person\/image\/","url":"https:\/\/staging.varesenews.it\/wp-content\/uploads\/2020\/12\/francesco_mazzoleni_colori_500-1.jpg","contentUrl":"https:\/\/staging.varesenews.it\/wp-content\/uploads\/2020\/12\/francesco_mazzoleni_colori_500-1.jpg","caption":"Francesco Mazzoleni"},"description":"\"Uomo di campo\" della redazione sportiva. Nutro una vera passione per il calcio, che sia ad alti livelli, sui campi di provincia o in altri continenti. Sono nato a Varese nel 1984, vivo da sempre a Malnate e ho una laurea in Scienze Motorie. Ho mosso i primi passi a VareseNews da stagista nel 2002; nel 2008 ho iniziato a collaborare con maggiore continuit\u00e0 e dal 2018 sono giornalista professionista. Orgoglioso pap\u00e0 di Federico e Adelaide.","sameAs":["fmazzof","it.linkedin.com\/in\/francescomazzolenif","https:\/\/twitter.com\/fmazzof"],"url":"https:\/\/staging.varesenews.it\/persona\/francesco_mazzoleniferracini\/"}]}},"post_meta":{"_edit_lock":"1633786745:37","_edit_last":"37","_category_permalink":"a:1:{s:8:\"category\";s:2:\"14\";}","foto":"1252692","argomento":"Calcio","_yoast_wpseo_content_score":"30","_jd_tweet_this":"yes","_encloseme":"1","ratings_users":"0","ratings_score":"0","ratings_average":"0","_wpt_short_url":"https:\/\/www.varesenews.it\/2021\/10\/varese-vuole-rompere-digiuno-borgosesia\/1388242\/","_wp_jd_target":"https:\/\/www.varesenews.it\/2021\/10\/varese-vuole-rompere-digiuno-borgosesia\/1388242\/","_jd_wp_twitter":"a:1:{i:0;s:158:\"Il Varese vuole rompere il digiuno a Borgosesia https:\/\/www.varesenews.it\/2021\/10\/varese-vuole-rompere-digiuno-borgosesia\/1388242\/ #borgosesia #calcio #seried\";}","_wpt_status_message":"Tweet inviato con successo.","_oembed_27d3bab9aaf9fca7c959bfe31aec66f4":"<blockquote class=\"wp-embedded-content\" data-secret=\"ZgS37wnGoX\"><a href=\"https:\/\/www.varesenews.it\/2021\/10\/campioni-agonisti-amatori-famiglie-la-varese-city-run-si-quattro-riporta-podismo-citta\/1387529\/\">Campioni, agonisti, amatori e famiglie: la Varese City Run si fa in quattro e riporta il podismo in citt\u00e0<\/a><\/blockquote><iframe class=\"wp-embedded-content\" sandbox=\"allow-scripts\" security=\"restricted\" style=\"position: absolute; clip: rect(1px, 1px, 1px, 1px);\" src=\"https:\/\/www.varesenews.it\/2021\/10\/campioni-agonisti-amatori-famiglie-la-varese-city-run-si-quattro-riporta-podismo-citta\/1387529\/embed\/#?secret=ZgS37wnGoX\" data-secret=\"ZgS37wnGoX\" width=\"500\" height=\"282\" title=\"&#8220;Campioni, agonisti, amatori e famiglie: la Varese City Run si fa in quattro e riporta il podismo in citt\u00e0&#8221; &#8212; VareseNews\" frameborder=\"0\" marginwidth=\"0\" marginheight=\"0\" scrolling=\"no\"><\/iframe>","_oembed_time_27d3bab9aaf9fca7c959bfe31aec66f4":"1633785894","_oembed_de92da09df6df02820b753d7b257cb39":"<blockquote class=\"wp-embedded-content\" data-secret=\"BwB26luEdk\"><a href=\"https:\/\/www.varesenews.it\/2021\/09\/imprese-artigiane-piccole-fondamentali-nella-ripresa\/1380804\/\">Imprese artigiane &#8220;troppo piccole&#8221; ma fondamentali nella ripresa<\/a><\/blockquote><iframe class=\"wp-embedded-content\" sandbox=\"allow-scripts\" security=\"restricted\" style=\"position: absolute; clip: rect(1px, 1px, 1px, 1px);\" src=\"https:\/\/www.varesenews.it\/2021\/09\/imprese-artigiane-piccole-fondamentali-nella-ripresa\/1380804\/embed\/#?secret=BwB26luEdk\" data-secret=\"BwB26luEdk\" width=\"500\" height=\"282\" title=\"&#8220;Imprese artigiane &#8220;troppo piccole&#8221; ma fondamentali nella ripresa&#8221; &#8212; VareseNews\" frameborder=\"0\" marginwidth=\"0\" marginheight=\"0\" scrolling=\"no\"><\/iframe>","_oembed_time_de92da09df6df02820b753d7b257cb39":"1633785894","_oembed_0a40ad5bf23b62d6fc60ecb8c7239b4f":"<blockquote class=\"wp-embedded-content\" data-secret=\"EceO830tZT\"><a href=\"https:\/\/www.varesenews.it\/2021\/05\/difficili-trovare-prezzi-alle-stelle-mercato-impazzito-delle-materie-prime\/1345361\/\">Difficili da trovare e con prezzi alle stelle, il mercato impazzito delle materie prime<\/a><\/blockquote><iframe class=\"wp-embedded-content\" sandbox=\"allow-scripts\" security=\"restricted\" style=\"position: absolute; clip: rect(1px, 1px, 1px, 1px);\" src=\"https:\/\/www.varesenews.it\/2021\/05\/difficili-trovare-prezzi-alle-stelle-mercato-impazzito-delle-materie-prime\/1345361\/embed\/#?secret=EceO830tZT\" data-secret=\"EceO830tZT\" width=\"500\" height=\"282\" title=\"&#8220;Difficili da trovare e con prezzi alle stelle, il mercato impazzito delle materie prime&#8221; &#8212; VareseNews\" frameborder=\"0\" marginwidth=\"0\" marginheight=\"0\" scrolling=\"no\"><\/iframe>","_oembed_time_0a40ad5bf23b62d6fc60ecb8c7239b4f":"1633785894","_oembed_00352a1b7119470cccd958791ea0dfff":"<blockquote class=\"wp-embedded-content\" data-secret=\"RHODEdY7bP\"><a href=\"https:\/\/www.varesenews.it\/2021\/07\/inaugurata-la-velostazione-alla-stazione-fs-busto-arsizio-collegare-bici-treno\/1361241\/\">Inaugurata la velostazione alla stazione Fs di Busto Arsizio: &#8220;Collegare bici e treno&#8221;<\/a><\/blockquote><iframe class=\"wp-embedded-content\" sandbox=\"allow-scripts\" security=\"restricted\" style=\"position: absolute; clip: rect(1px, 1px, 1px, 1px);\" src=\"https:\/\/www.varesenews.it\/2021\/07\/inaugurata-la-velostazione-alla-stazione-fs-busto-arsizio-collegare-bici-treno\/1361241\/embed\/#?secret=RHODEdY7bP\" data-secret=\"RHODEdY7bP\" width=\"500\" height=\"282\" title=\"&#8220;Inaugurata la velostazione alla stazione Fs di Busto Arsizio: &#8220;Collegare bici e treno&#8221;&#8221; &#8212; VareseNews\" frameborder=\"0\" marginwidth=\"0\" marginheight=\"0\" scrolling=\"no\"><\/iframe>","_oembed_time_00352a1b7119470cccd958791ea0dfff":"1633785895","_oembed_98a9cb2d823e0d4b3e917e7e816b4bbf":"<blockquote class=\"wp-embedded-content\" data-secret=\"sCt8cc37Jc\"><a href=\"https:\/\/www.varesenews.it\/2021\/10\/schianto-nella-notte-a4-muore-cristian-tallarida-figlio-del-consigliere-busto-orazio\/1385434\/\">Schianto nella notte in A4: muore Cristian Tallarida, figlio del consigliere di Busto, Orazio<\/a><\/blockquote><iframe class=\"wp-embedded-content\" sandbox=\"allow-scripts\" security=\"restricted\" style=\"position: absolute; clip: rect(1px, 1px, 1px, 1px);\" src=\"https:\/\/www.varesenews.it\/2021\/10\/schianto-nella-notte-a4-muore-cristian-tallarida-figlio-del-consigliere-busto-orazio\/1385434\/embed\/#?secret=sCt8cc37Jc\" data-secret=\"sCt8cc37Jc\" width=\"500\" height=\"282\" title=\"&#8220;Schianto nella notte in A4: muore Cristian Tallarida, figlio del consigliere di Busto, Orazio&#8221; &#8212; VareseNews\" frameborder=\"0\" marginwidth=\"0\" marginheight=\"0\" scrolling=\"no\"><\/iframe>","_oembed_time_98a9cb2d823e0d4b3e917e7e816b4bbf":"1633786235","_oembed_e3c0095ef5d61e9a2b5b99c290ceabde":"<iframe width=\"500\" height=\"281\" src=\"https:\/\/www.youtube.com\/embed\/8EvzIXFFpQ4?feature=oembed\" frameborder=\"0\" allow=\"accelerometer; autoplay; clipboard-write; encrypted-media; gyroscope; picture-in-picture\" allowfullscreen><\/iframe>","_oembed_time_e3c0095ef5d61e9a2b5b99c290ceabde":"1633786235","_oembed_e901dfc336c47921446abe16793074cd":"<iframe width=\"500\" height=\"281\" src=\"https:\/\/www.youtube.com\/embed\/pqKo8sT-NYQ?feature=oembed\" frameborder=\"0\" allow=\"accelerometer; autoplay; clipboard-write; encrypted-media; gyroscope; picture-in-picture\" allowfullscreen><\/iframe>","_oembed_time_e901dfc336c47921446abe16793074cd":"1633786235","_oembed_860e3fd7e544187490bbaac584d46df4":"<blockquote class=\"wp-embedded-content\" data-secret=\"804rmak0Nd\"><a href=\"https:\/\/www.varesenews.it\/2021\/09\/pedemontana-pronta-le-olimpiadi-sara-unautostrada-green-smart\/1374451\/\">Pedemontana pronta per le Olimpiadi: \u201cSar\u00e0 un\u2019autostrada green e smart\u201d<\/a><\/blockquote><iframe class=\"wp-embedded-content\" sandbox=\"allow-scripts\" security=\"restricted\" style=\"position: absolute; clip: rect(1px, 1px, 1px, 1px);\" src=\"https:\/\/www.varesenews.it\/2021\/09\/pedemontana-pronta-le-olimpiadi-sara-unautostrada-green-smart\/1374451\/embed\/#?secret=804rmak0Nd\" data-secret=\"804rmak0Nd\" width=\"500\" height=\"282\" title=\"&#8220;Pedemontana pronta per le Olimpiadi: \u201cSar\u00e0 un\u2019autostrada green e smart\u201d&#8221; &#8212; VareseNews\" frameborder=\"0\" marginwidth=\"0\" marginheight=\"0\" scrolling=\"no\"><\/iframe>","_oembed_time_860e3fd7e544187490bbaac584d46df4":"1633786235","_oembed_7fad8424484f81208b0ad49f05a04995":"<blockquote class=\"wp-embedded-content\" data-secret=\"2LaMwef163\"><a href=\"https:\/\/www.varesenews.it\/2021\/09\/pedemontana-varese-addio-allultimo-tratto-almeno-sistemate-limbuto-gazzada\/1374525\/\">Pedemontana a Varese: &#8220;Addio all&#8217;ultimo tratto ma almeno sistemate l&#8217;imbuto di Gazzada&#8221;<\/a><\/blockquote><iframe class=\"wp-embedded-content\" sandbox=\"allow-scripts\" security=\"restricted\" style=\"position: absolute; clip: rect(1px, 1px, 1px, 1px);\" src=\"https:\/\/www.varesenews.it\/2021\/09\/pedemontana-varese-addio-allultimo-tratto-almeno-sistemate-limbuto-gazzada\/1374525\/embed\/#?secret=2LaMwef163\" data-secret=\"2LaMwef163\" width=\"500\" height=\"282\" title=\"&#8220;Pedemontana a Varese: &#8220;Addio all&#8217;ultimo tratto ma almeno sistemate l&#8217;imbuto di Gazzada&#8221;&#8221; &#8212; VareseNews\" frameborder=\"0\" marginwidth=\"0\" marginheight=\"0\" scrolling=\"no\"><\/iframe>","_oembed_time_7fad8424484f81208b0ad49f05a04995":"1633786235","_oembed_d3f0741fcb855b0c95def6aa616008d6":"<blockquote class=\"wp-embedded-content\" data-secret=\"Oy3Guaoipv\"><a href=\"https:\/\/www.varesenews.it\/2021\/09\/green-pass-obbligatorio-sui-luoghi-lavoro-dal-15-ottobre-coinvolti-23-milioni-persone\/1379288\/\">Green pass obbligatorio sui luoghi di lavoro dal 15 ottobre: &#8220;Coinvolte 23 milioni di persone&#8221;<\/a><\/blockquote><iframe class=\"wp-embedded-content\" sandbox=\"allow-scripts\" security=\"restricted\" style=\"position: absolute; clip: rect(1px, 1px, 1px, 1px);\" src=\"https:\/\/www.varesenews.it\/2021\/09\/green-pass-obbligatorio-sui-luoghi-lavoro-dal-15-ottobre-coinvolti-23-milioni-persone\/1379288\/embed\/#?secret=Oy3Guaoipv\" data-secret=\"Oy3Guaoipv\" width=\"500\" height=\"282\" title=\"&#8220;Green pass obbligatorio sui luoghi di lavoro dal 15 ottobre: &#8220;Coinvolte 23 milioni di persone&#8221;&#8221; &#8212; VareseNews\" frameborder=\"0\" marginwidth=\"0\" marginheight=\"0\" scrolling=\"no\"><\/iframe>","_oembed_time_d3f0741fcb855b0c95def6aa616008d6":"1633786235","_oembed_2e3b5621152e55889932651def719ff8":"<blockquote class=\"wp-embedded-content\" data-secret=\"RwypN3DhX6\"><a href=\"https:\/\/www.varesenews.it\/2018\/06\/mappa-luoghi-dello-spaccio-nei-boschi\/728655\/\">In una mappa i luoghi dello spaccio nei boschi<\/a><\/blockquote><iframe class=\"wp-embedded-content\" sandbox=\"allow-scripts\" security=\"restricted\" style=\"position: absolute; clip: rect(1px, 1px, 1px, 1px);\" src=\"https:\/\/www.varesenews.it\/2018\/06\/mappa-luoghi-dello-spaccio-nei-boschi\/728655\/embed\/#?secret=RwypN3DhX6\" data-secret=\"RwypN3DhX6\" width=\"500\" height=\"282\" title=\"&#8220;In una mappa i luoghi dello spaccio nei boschi&#8221; &#8212; VareseNews\" frameborder=\"0\" marginwidth=\"0\" marginheight=\"0\" scrolling=\"no\"><\/iframe>","_oembed_time_2e3b5621152e55889932651def719ff8":"1633786235","_oembed_4cb9bdc7e8aaf6ae9412d735af40ad69":"<blockquote class=\"wp-embedded-content\" data-secret=\"McmaIYwUcP\"><a href=\"https:\/\/www.varesenews.it\/2021\/09\/processo-mensa-dei-poveri-risarcimenti-scarsi-nulli-rinviati-patteggiamenti\/1377051\/\">Processo Mensa dei Poveri: risarcimenti scarsi o nulli, rinviati i patteggiamenti<\/a><\/blockquote><iframe class=\"wp-embedded-content\" sandbox=\"allow-scripts\" security=\"restricted\" style=\"position: absolute; clip: rect(1px, 1px, 1px, 1px);\" src=\"https:\/\/www.varesenews.it\/2021\/09\/processo-mensa-dei-poveri-risarcimenti-scarsi-nulli-rinviati-patteggiamenti\/1377051\/embed\/#?secret=McmaIYwUcP\" data-secret=\"McmaIYwUcP\" width=\"500\" height=\"282\" title=\"&#8220;Processo Mensa dei Poveri: risarcimenti scarsi o nulli, rinviati i patteggiamenti&#8221; &#8212; VareseNews\" frameborder=\"0\" marginwidth=\"0\" marginheight=\"0\" scrolling=\"no\"><\/iframe>","_oembed_time_4cb9bdc7e8aaf6ae9412d735af40ad69":"1633786235","_oembed_ce9622757237ef6fe21f5182e18ea88c":"<blockquote class=\"wp-embedded-content\" data-secret=\"EsecDC8NRL\"><a href=\"https:\/\/www.saronnonews.it\/2021\/09\/29\/dal-10-al-17-ottobre-la-saronno-bike-week-il-programma-e-le-iniziative\/\">Dal 10 al 17 ottobre la Saronno Bike Week: il programma e le iniziative<\/a><\/blockquote><iframe class=\"wp-embedded-content\" sandbox=\"allow-scripts\" security=\"restricted\" style=\"position: absolute; clip: rect(1px, 1px, 1px, 1px);\" src=\"https:\/\/www.saronnonews.it\/2021\/09\/29\/dal-10-al-17-ottobre-la-saronno-bike-week-il-programma-e-le-iniziative\/embed\/#?secret=EsecDC8NRL\" data-secret=\"EsecDC8NRL\" width=\"500\" height=\"282\" title=\"&#8220;Dal 10 al 17 ottobre la Saronno Bike Week: il programma e le iniziative&#8221; &#8212; SaronnoNews\" frameborder=\"0\" marginwidth=\"0\" marginheight=\"0\" scrolling=\"no\"><\/iframe>","_oembed_time_ce9622757237ef6fe21f5182e18ea88c":"1633786429","_oembed_ff0c909526b2006f826bca5ceb839b01":"<blockquote class=\"wp-embedded-content\" data-secret=\"ULRl69aS5D\"><a href=\"https:\/\/www.varesenews.it\/2021\/07\/la-casa-castelseprio-riemersa-dagli-scavi-sara-visitabile-dal-pubblico\/1366498\/\">La millenaria casa di Castelseprio riemersa dagli scavi sar\u00e0 visitabile<\/a><\/blockquote><iframe class=\"wp-embedded-content\" sandbox=\"allow-scripts\" security=\"restricted\" style=\"position: absolute; clip: rect(1px, 1px, 1px, 1px);\" src=\"https:\/\/www.varesenews.it\/2021\/07\/la-casa-castelseprio-riemersa-dagli-scavi-sara-visitabile-dal-pubblico\/1366498\/embed\/#?secret=ULRl69aS5D\" data-secret=\"ULRl69aS5D\" width=\"500\" height=\"282\" title=\"&#8220;La millenaria casa di Castelseprio riemersa dagli scavi sar\u00e0 visitabile&#8221; &#8212; VareseNews\" frameborder=\"0\" marginwidth=\"0\" marginheight=\"0\" scrolling=\"no\"><\/iframe>","_oembed_time_ff0c909526b2006f826bca5ceb839b01":"1633786429","_oembed_7d79e7c98c5716b3b35fd6f59a390042":"<iframe width=\"500\" height=\"281\" src=\"https:\/\/www.youtube.com\/embed\/AHP5jJ0O90E?feature=oembed\" frameborder=\"0\" allow=\"accelerometer; autoplay; clipboard-write; encrypted-media; gyroscope; picture-in-picture\" allowfullscreen><\/iframe>","_oembed_time_7d79e7c98c5716b3b35fd6f59a390042":"1633786610","_oembed_d915c771bcaecca936c44b61af7f9941":"<iframe width=\"500\" height=\"281\" src=\"https:\/\/www.youtube.com\/embed\/l9M5zm0r9ZM?feature=oembed\" frameborder=\"0\" allow=\"accelerometer; autoplay; clipboard-write; encrypted-media; gyroscope; picture-in-picture\" allowfullscreen><\/iframe>","_oembed_time_d915c771bcaecca936c44b61af7f9941":"1633786610","_oembed_c3e0bd889d1c4c147d5a0985c60976c8":"{{unknown}}","_oembed_63238a14bd9c3de4219041d9790d0179":"<blockquote class=\"wp-embedded-content\" data-secret=\"zIcP2xHUhn\"><a href=\"https:\/\/www.varesenews.it\/2021\/09\/elezioni-comunali-2021-si-vota-le-amministrative-del-3-4-ottobre\/1384726\/\">Elezioni comunali 2021: ecco come si vota per le amministrative del 3 e 4 ottobre<\/a><\/blockquote><iframe class=\"wp-embedded-content\" sandbox=\"allow-scripts\" security=\"restricted\" style=\"position: absolute; clip: rect(1px, 1px, 1px, 1px);\" src=\"https:\/\/www.varesenews.it\/2021\/09\/elezioni-comunali-2021-si-vota-le-amministrative-del-3-4-ottobre\/1384726\/embed\/#?secret=zIcP2xHUhn\" data-secret=\"zIcP2xHUhn\" width=\"500\" height=\"282\" title=\"&#8220;Elezioni comunali 2021: ecco come si vota per le amministrative del 3 e 4 ottobre&#8221; &#8212; VareseNews\" frameborder=\"0\" marginwidth=\"0\" marginheight=\"0\" scrolling=\"no\"><\/iframe>","_oembed_time_63238a14bd9c3de4219041d9790d0179":"1633786847","_oembed_67c7b17c925bfe30b0643b0ca0de97eb":"<blockquote class=\"wp-embedded-content\" data-secret=\"xvne5GIE3t\"><a href=\"https:\/\/www.varesenews.it\/2021\/09\/anche-la-svizzera-utilizzera-vaccino-johnson-johnson\/1384090\/\">Anche la Svizzera utilizzer\u00e0 il vaccino di Johnson &#038; Johnson<\/a><\/blockquote><iframe class=\"wp-embedded-content\" sandbox=\"allow-scripts\" security=\"restricted\" style=\"position: absolute; clip: rect(1px, 1px, 1px, 1px);\" src=\"https:\/\/www.varesenews.it\/2021\/09\/anche-la-svizzera-utilizzera-vaccino-johnson-johnson\/1384090\/embed\/#?secret=xvne5GIE3t\" data-secret=\"xvne5GIE3t\" width=\"500\" height=\"282\" title=\"&#8220;Anche la Svizzera utilizzer\u00e0 il vaccino di Johnson &#038; Johnson&#8221; &#8212; VareseNews\" frameborder=\"0\" marginwidth=\"0\" marginheight=\"0\" scrolling=\"no\"><\/iframe>","_oembed_time_67c7b17c925bfe30b0643b0ca0de97eb":"1633786847","_oembed_e91035d6fbfa4dc150e211af0dbb0e79":"<blockquote class=\"wp-embedded-content\" data-secret=\"QyLjYMUESa\"><a href=\"https:\/\/www.varesenews.it\/2021\/09\/la-svizzera-dice-si-ai-matrimoni-gay\/1382907\/\">La Svizzera dice s\u00ec ai matrimoni gay<\/a><\/blockquote><iframe class=\"wp-embedded-content\" sandbox=\"allow-scripts\" security=\"restricted\" style=\"position: absolute; clip: rect(1px, 1px, 1px, 1px);\" src=\"https:\/\/www.varesenews.it\/2021\/09\/la-svizzera-dice-si-ai-matrimoni-gay\/1382907\/embed\/#?secret=QyLjYMUESa\" data-secret=\"QyLjYMUESa\" width=\"500\" height=\"282\" title=\"&#8220;La Svizzera dice s\u00ec ai matrimoni gay&#8221; &#8212; VareseNews\" frameborder=\"0\" marginwidth=\"0\" marginheight=\"0\" scrolling=\"no\"><\/iframe>","_oembed_time_e91035d6fbfa4dc150e211af0dbb0e79":"1633786847","_oembed_38ef2e849f2b604d4d48e6e12cf89daf":"<blockquote class=\"wp-embedded-content\" data-secret=\"ZKGK0VuPVo\"><a href=\"https:\/\/www.varesenews.it\/2021\/09\/svizzera-al-voto-sul-matrimonio-tutti\/1382835\/\">Svizzera al voto sul &#8220;Matrimonio per tutti&#8221;<\/a><\/blockquote><iframe class=\"wp-embedded-content\" sandbox=\"allow-scripts\" security=\"restricted\" style=\"position: absolute; clip: rect(1px, 1px, 1px, 1px);\" src=\"https:\/\/www.varesenews.it\/2021\/09\/svizzera-al-voto-sul-matrimonio-tutti\/1382835\/embed\/#?secret=ZKGK0VuPVo\" data-secret=\"ZKGK0VuPVo\" width=\"500\" height=\"282\" title=\"&#8220;Svizzera al voto sul &#8220;Matrimonio per tutti&#8221;&#8221; &#8212; VareseNews\" frameborder=\"0\" marginwidth=\"0\" marginheight=\"0\" scrolling=\"no\"><\/iframe>","_oembed_time_38ef2e849f2b604d4d48e6e12cf89daf":"1633786847","_oembed_971e2e2ac0a925491670e99674acd665":"<blockquote class=\"wp-embedded-content\" data-secret=\"kbc7uJMCbY\"><a href=\"https:\/\/www.varesenews.it\/2020\/07\/giovanni-bassanesi-volo-antifascista-lodrino-milano-2\/944680\/\">Dal Ticino a Milano: il pilota col mal d&#8217;aria e il folle volo contro la dittatura<\/a><\/blockquote><iframe class=\"wp-embedded-content\" sandbox=\"allow-scripts\" security=\"restricted\" style=\"position: absolute; clip: rect(1px, 1px, 1px, 1px);\" src=\"https:\/\/www.varesenews.it\/2020\/07\/giovanni-bassanesi-volo-antifascista-lodrino-milano-2\/944680\/embed\/#?secret=kbc7uJMCbY\" data-secret=\"kbc7uJMCbY\" width=\"500\" height=\"282\" title=\"&#8220;Dal Ticino a Milano: il pilota col mal d&#8217;aria e il folle volo contro la dittatura&#8221; &#8212; VareseNews\" frameborder=\"0\" marginwidth=\"0\" marginheight=\"0\" scrolling=\"no\"><\/iframe>","_oembed_time_971e2e2ac0a925491670e99674acd665":"1633786848","_oembed_6bc616152ec76c98a4ad529ad2797dc8":"<blockquote class=\"wp-embedded-content\" data-secret=\"8jKmjocUsQ\"><a href=\"https:\/\/www.varesenews.it\/2021\/07\/finisce-lincubo-reintegrato-larbitro-casciago-daniele-minelli\/1357646\/\">Finisce l&#8217;incubo: reintegrato l&#8217;arbitro di Casciago Daniele Minelli<\/a><\/blockquote><iframe class=\"wp-embedded-content\" sandbox=\"allow-scripts\" security=\"restricted\" style=\"position: absolute; clip: rect(1px, 1px, 1px, 1px);\" src=\"https:\/\/www.varesenews.it\/2021\/07\/finisce-lincubo-reintegrato-larbitro-casciago-daniele-minelli\/1357646\/embed\/#?secret=8jKmjocUsQ\" data-secret=\"8jKmjocUsQ\" width=\"500\" height=\"282\" title=\"&#8220;Finisce l&#8217;incubo: reintegrato l&#8217;arbitro di Casciago Daniele Minelli&#8221; &#8212; VareseNews\" frameborder=\"0\" marginwidth=\"0\" marginheight=\"0\" scrolling=\"no\"><\/iframe>","_oembed_time_6bc616152ec76c98a4ad529ad2797dc8":"1633786918","_oembed_e6ad1ff03876fdcf529e3f568cadf85c":"<blockquote class=\"wp-embedded-content\" data-secret=\"jGuyByUM0P\"><a href=\"https:\/\/www.varesenews.it\/2018\/04\/siate-prudenti-non-diffidenti-verso-bitcoin\/705704\/\">Siate prudenti ma non diffidenti verso i Bitcoin<\/a><\/blockquote><iframe class=\"wp-embedded-content\" sandbox=\"allow-scripts\" security=\"restricted\" style=\"position: absolute; clip: rect(1px, 1px, 1px, 1px);\" src=\"https:\/\/www.varesenews.it\/2018\/04\/siate-prudenti-non-diffidenti-verso-bitcoin\/705704\/embed\/#?secret=jGuyByUM0P\" data-secret=\"jGuyByUM0P\" width=\"500\" height=\"282\" title=\"&#8220;Siate prudenti ma non diffidenti verso i Bitcoin&#8221; &#8212; VareseNews\" frameborder=\"0\" marginwidth=\"0\" marginheight=\"0\" scrolling=\"no\"><\/iframe>","_oembed_time_e6ad1ff03876fdcf529e3f568cadf85c":"1633786918","_oembed_01819264056324acceaa3791d384d029":"<blockquote class=\"wp-embedded-content\" data-secret=\"lNOdPP3Ejh\"><a href=\"https:\/\/www.varesenews.it\/2021\/09\/sea-nel-masterplan-malpensa-vuole-dimezzare-lespansione-dellarea-cargo\/1380936\/\">Sea vuole dimezzare l\u2019espansione dell\u2019area cargo nel nuovo masterplan di Malpensa<\/a><\/blockquote><iframe class=\"wp-embedded-content\" sandbox=\"allow-scripts\" security=\"restricted\" style=\"position: absolute; clip: rect(1px, 1px, 1px, 1px);\" src=\"https:\/\/www.varesenews.it\/2021\/09\/sea-nel-masterplan-malpensa-vuole-dimezzare-lespansione-dellarea-cargo\/1380936\/embed\/#?secret=lNOdPP3Ejh\" data-secret=\"lNOdPP3Ejh\" width=\"500\" height=\"282\" title=\"&#8220;Sea vuole dimezzare l\u2019espansione dell\u2019area cargo nel nuovo masterplan di Malpensa&#8221; &#8212; VareseNews\" frameborder=\"0\" marginwidth=\"0\" marginheight=\"0\" scrolling=\"no\"><\/iframe>","_oembed_time_01819264056324acceaa3791d384d029":"1633786920","_oembed_4e75f5788ae66d39f4c2e3f506e22f32":"<blockquote class=\"wp-embedded-content\" data-secret=\"TahXskRnWK\"><a href=\"https:\/\/www.varesenews.it\/notizie-sponsorizzate\/vacanze-green-bielmonte-oasi-zegna\/\">Vacanze &#8220;green&#8221; a Bielmonte, nel cuore dell&#8217;Oasi Zegna<\/a><\/blockquote><iframe class=\"wp-embedded-content\" sandbox=\"allow-scripts\" security=\"restricted\" style=\"position: absolute; clip: rect(1px, 1px, 1px, 1px);\" src=\"https:\/\/www.varesenews.it\/notizie-sponsorizzate\/vacanze-green-bielmonte-oasi-zegna\/embed\/#?secret=TahXskRnWK\" data-secret=\"TahXskRnWK\" width=\"500\" height=\"282\" title=\"&#8220;Vacanze &#8220;green&#8221; a Bielmonte, nel cuore dell&#8217;Oasi Zegna&#8221; &#8212; VareseNews\" frameborder=\"0\" marginwidth=\"0\" marginheight=\"0\" scrolling=\"no\"><\/iframe>","_oembed_time_4e75f5788ae66d39f4c2e3f506e22f32":"1633786941"},"photos":[{"original":"https:\/\/staging.varesenews.it\/photogallery_new\/images\/2021\/10\/calcio-citta-di-varese-gozzano-1252692.jpg","full":"https:\/\/staging.varesenews.it\/photogallery_new\/images\/2021\/10\/calcio-citta-di-varese-gozzano-1252692.1024x768.jpg","large":"https:\/\/staging.varesenews.it\/photogallery_new\/images\/2021\/10\/calcio-citta-di-varese-gozzano-1252692.610x431.jpg"}],"_links":{"self":[{"href":"https:\/\/staging.varesenews.it\/swgapi\/v1\/wp\/v2\/posts\/1388242"}],"collection":[{"href":"https:\/\/staging.varesenews.it\/swgapi\/v1\/wp\/v2\/posts"}],"about":[{"href":"https:\/\/staging.varesenews.it\/swgapi\/v1\/wp\/v2\/types\/post"}],"author":[{"embeddable":true,"href":"https:\/\/staging.varesenews.it\/swgapi\/v1\/wp\/v2\/users\/37"}],"replies":[{"embeddable":true,"href":"https:\/\/staging.varesenews.it\/swgapi\/v1\/wp\/v2\/comments?post=1388242"}],"version-history":[{"count":0,"href":"https:\/\/staging.varesenews.it\/swgapi\/v1\/wp\/v2\/posts\/1388242\/revisions"}],"wp:attachment":[{"href":"https:\/\/staging.varesenews.it\/swgapi\/v1\/wp\/v2\/media?parent=1388242"}],"wp:term":[{"taxonomy":"category","embeddable":true,"href":"https:\/\/staging.varesenews.it\/swgapi\/v1\/wp\/v2\/categories?post=1388242"},{"taxonomy":"post_tag","embeddable":true,"href":"https:\/\/staging.varesenews.it\/swgapi\/v1\/wp\/v2\/tags?post=1388242"}],"curies":[{"name":"wp","href":"https:\/\/api.w.org\/{rel}","templated":true}]}}