{"id":1391081,"date":"2021-10-18T13:25:54","date_gmt":"2021-10-18T11:25:54","guid":{"rendered":"https:\/\/www.varesenews.it\/?p=1391081"},"modified":"2021-10-18T13:25:54","modified_gmt":"2021-10-18T11:25:54","slug":"spasso-cai-luino-24-26-ottobre","status":"publish","type":"post","link":"https:\/\/staging.varesenews.it\/2021\/10\/spasso-cai-luino-24-26-ottobre\/1391081\/","title":{"rendered":"A spasso con il Cai di Luino il 24 e 26 ottobre"},"content":{"rendered":"<div class=\"itemIntroText\">\n<p><strong>Per domenica 24 ottobre il Cai Luino <\/strong>propone un&#8217;escursione in una delle localit\u00e0 pi\u00f9 belle d&#8217;Italia, eletto <strong>\u201cLuogo del Cuore\u201d del FAI,<\/strong> e che rappresenta il fiore all&#8217;occhiello della Val d&#8217;Intelvi. Quest\u2019area naturale al confine con la Svizzera viene definita <strong>\u201cBalcone d\u2019Italia\u201d<\/strong> per l\u2019incantevole panorama che offre. Lo splendido belvedere \u00e8 una terrazza naturale che si trova letteralmente incastonata tra le rocce e che regala una vista unica. Nelle giornate terse, dalla Sighignola si pu\u00f2 ammirare un panorama spettacolare, soprattutto guardando ad ovest, dove la vista spazia dal vicino Ceresio fino alle Alpi. La cima pi\u00f9 alta visibile \u00e8 quella del Monte Rosa, ma si intravede anche il Cervino. <strong>Per marted\u00ec 26 ottobre<\/strong> la proposta \u00e8 invece quella di fare una bella escursione, adatta a tutti, <strong>in\u00a0 Valcuvia, con meta il torrente Margorabbia e la cascata Fermona di Ferrera<\/strong>, al termine della quale \u00e8 previsto una aperi-cena al Grotto del Sorriso di Cassano (facoltativo).<\/p>\n<p><strong>Programma per domenica 24:\u00a0<\/strong><\/p>\n<p>L\u2019itinerario prevede un percorso ad anello partendo da Arogno 585m, quindi dal versante svizzero, per arrivare sulla Sighignola 1320m. Il sentiero \u00e8 ben marcato e le segnalazioni ci sono sempre. Non ci sono tratti pericolosi ma comunque bisogna prestare attenzione per la foglie secche<br \/>\nTempo h5,15 \u2013 dislivello 760m &#8211; difficolt\u00e0 E \u2013 km 13.7<br \/>\nAccompagnatori Enrico 3280676742 &#8211; Gianni 3387768131 &#8211; Gianluigi 3356192247<br \/>\nItinerario stradale Luino \u2013 Ponte Tresa \u2013 Manno \u2013 autostrada uscita Lugano sud \u2013 Rovio \u2013 Arvogno \u2013 Serve bollino autostrada<\/p>\n<p><strong>h7.20<\/strong> ritrovo posteggio piscine di Luino e partenza<\/p>\n<p><strong>h7.30<\/strong> per Arvogno<\/p>\n<p>Si richiede un documento valido per l\u2019espatrio, abbigliamento e calzature adeguate e pranzo al sacco. Materiali: bastoncini Escursione gratuita con condivisione spese auto<\/p>\n<p><strong>Programma per marted\u00ec 26:<\/strong><\/p>\n<p>Si inizia seguendo la ciclabile fino alla parte superiore della cascata poi percorrendo una breve scalinata recentemente installata si arriva alla base della cascata e quindi di nuovo sulla ciclabile per il ritorno al punto di partenza.<\/p>\n<p>Tempo escursione h2.30 \u2013 Difficolt\u00e0 T\/E \u2013 Dislivello 160m.<\/p>\n<p>Accompagnatori Gianni 3387768131 \u2013 Terio 3392892405<\/p>\n<p><strong>h14.20<\/strong> ritrovo posteggio tribunale a Voldomino e partenza<\/p>\n<p><strong>h14.30 i<\/strong>nizio escursione posteggio ciclabile ex Cavallino Bianco ore 15.00.<\/p>\n<p>Si richiede un abbigliamento e calzature adeguate. Materiali: bastoncini<\/p>\n<p>Escursione gratuita con condivisione spese auto<\/p>\n<p><strong>Per iscriversi<\/strong><strong>:<\/strong>\u00a0le richieste di iscrizione alle due escursioni dovranno essere inoltrata unicamente alla segreteria\u00a0<span id=\"cloak1e84da647a29adc9385cb5eab0c5b625\"><a href=\"mailto:cailuino@cailuino.it\">cailuino@cailuino.it<\/a><\/span>\u00a0da luned\u00ec 18 ottobre ore 9 a venerd\u00ec 22 ottobre ore 18, la quale provveder\u00e0 a dare la conferma di partecipazione. In caso di rinuncia alla partecipazione avvisare sempre con email a\u00a0<span id=\"cloak19192de961e868a2c9942555cff94e5b\"><a href=\"mailto:cailuino@cailuino.it\">cailuino@cailuino.it<\/a><\/span>\u00a0oppure qualora la rinuncia venisse comunicata solo alla mattina della escursione inviare un whatsapp a uno degli accompagnatori citati sopra, in base all&#8217;escursione che deciderete di fare. In caso di meteo avverso escursione annullata. Lo svolgimento della escursione dovr\u00e0 seguire le regole del DPCM e del CAI quali, il green pass, numero massimo di partecipanti concesso, il distanziamento previsto nella marcia e durante le soste.<\/p>\n<\/div>\n","protected":false},"excerpt":{"rendered":"<p>Due le proposte di escursioni, una al Balcone d&#8217;Italia sul Monte Sighignola e l&#8217;altra in Valcuvia, con meta il torrente Margorabbia e la cascata Fermona di Ferrera <\/p>\n","protected":false},"author":21859,"featured_media":0,"comment_status":"open","ping_status":"open","sticky":false,"template":"","format":"standard","meta":{"footnotes":""},"categories":[2],"tags":[5103,3974],"acf":[],"yoast_head":"<!-- This site is optimized with the Yoast SEO plugin v20.1 - https:\/\/yoast.com\/wordpress\/plugins\/seo\/ -->\n<title>A spasso con il Cai di Luino il 24 e 26 ottobre<\/title>\n<meta name=\"description\" content=\"Due le proposte di escursioni, una al Balcone d&#039;Italia sul Monte Sighignola e l&#039;altra in Valcuvia, con meta il torrente Margorabbia e la cascata Fermona di Ferrera\" \/>\n<meta name=\"robots\" content=\"noindex, follow, max-snippet:-1, max-image-preview:large, max-video-preview:-1\" \/>\n<meta property=\"og:locale\" content=\"it_IT\" \/>\n<meta property=\"og:type\" content=\"article\" \/>\n<meta property=\"og:title\" content=\"A spasso con il Cai di Luino il 24 e 26 ottobre\" \/>\n<meta property=\"og:description\" content=\"Due le proposte di escursioni, una al Balcone d&#039;Italia sul Monte Sighignola e l&#039;altra in Valcuvia, con meta il torrente Margorabbia e la cascata Fermona di Ferrera\" \/>\n<meta property=\"og:url\" content=\"https:\/\/www.varesenews.it\/2021\/10\/spasso-cai-luino-24-26-ottobre\/1391081\/\" \/>\n<meta property=\"og:site_name\" content=\"VareseNews\" \/>\n<meta property=\"article:publisher\" content=\"https:\/\/www.facebook.com\/varesenews\" \/>\n<meta property=\"article:published_time\" content=\"2021-10-18T11:25:54+00:00\" \/>\n<meta name=\"author\" content=\"Ilaria Notari\" \/>\n<meta name=\"twitter:card\" content=\"summary_large_image\" \/>\n<meta name=\"twitter:creator\" content=\"@varesenews\" \/>\n<meta name=\"twitter:site\" content=\"@varesenews\" \/>\n<meta name=\"twitter:label1\" content=\"Scritto da\" \/>\n\t<meta name=\"twitter:data1\" content=\"Ilaria Notari\" \/>\n\t<meta name=\"twitter:label2\" content=\"Tempo di lettura stimato\" \/>\n\t<meta name=\"twitter:data2\" content=\"2 minuti\" \/>\n<script type=\"application\/ld+json\" class=\"yoast-schema-graph\">{\"@context\":\"https:\/\/schema.org\",\"@graph\":[{\"@type\":\"WebPage\",\"@id\":\"https:\/\/www.varesenews.it\/2021\/10\/spasso-cai-luino-24-26-ottobre\/1391081\/\",\"url\":\"https:\/\/www.varesenews.it\/2021\/10\/spasso-cai-luino-24-26-ottobre\/1391081\/\",\"name\":\"A spasso con il Cai di Luino il 24 e 26 ottobre\",\"isPartOf\":{\"@id\":\"https:\/\/staging.varesenews.it\/#website\"},\"datePublished\":\"2021-10-18T11:25:54+00:00\",\"dateModified\":\"2021-10-18T11:25:54+00:00\",\"author\":{\"@id\":\"https:\/\/staging.varesenews.it\/#\/schema\/person\/e930ecd1205fce487283c4b849da44ef\"},\"description\":\"Due le proposte di escursioni, una al Balcone d'Italia sul Monte Sighignola e l'altra in Valcuvia, con meta il torrente Margorabbia e la cascata Fermona di Ferrera\",\"breadcrumb\":{\"@id\":\"https:\/\/www.varesenews.it\/2021\/10\/spasso-cai-luino-24-26-ottobre\/1391081\/#breadcrumb\"},\"inLanguage\":\"it-IT\",\"potentialAction\":[{\"@type\":\"ReadAction\",\"target\":[\"https:\/\/www.varesenews.it\/2021\/10\/spasso-cai-luino-24-26-ottobre\/1391081\/\"]}]},{\"@type\":\"BreadcrumbList\",\"@id\":\"https:\/\/www.varesenews.it\/2021\/10\/spasso-cai-luino-24-26-ottobre\/1391081\/#breadcrumb\",\"itemListElement\":[{\"@type\":\"ListItem\",\"position\":1,\"name\":\"Home\",\"item\":\"https:\/\/www.varesenews.it\/\"},{\"@type\":\"ListItem\",\"position\":2,\"name\":\"A spasso con il Cai di Luino il 24 e 26 ottobre\"}]},{\"@type\":\"WebSite\",\"@id\":\"https:\/\/staging.varesenews.it\/#website\",\"url\":\"https:\/\/staging.varesenews.it\/\",\"name\":\"VareseNews\",\"description\":\"\",\"potentialAction\":[{\"@type\":\"SearchAction\",\"target\":{\"@type\":\"EntryPoint\",\"urlTemplate\":\"https:\/\/staging.varesenews.it\/?s={search_term_string}\"},\"query-input\":\"required name=search_term_string\"}],\"inLanguage\":\"it-IT\"},{\"@type\":\"Person\",\"@id\":\"https:\/\/staging.varesenews.it\/#\/schema\/person\/e930ecd1205fce487283c4b849da44ef\",\"name\":\"Ilaria Notari\",\"image\":{\"@type\":\"ImageObject\",\"inLanguage\":\"it-IT\",\"@id\":\"https:\/\/staging.varesenews.it\/#\/schema\/person\/image\/\",\"url\":\"https:\/\/staging.varesenews.it\/wp-content\/uploads\/2015\/03\/mistery.jpg\",\"contentUrl\":\"https:\/\/staging.varesenews.it\/wp-content\/uploads\/2015\/03\/mistery.jpg\",\"caption\":\"Ilaria Notari\"},\"url\":\"https:\/\/staging.varesenews.it\/persona\/ilaria-notari\/\"}]}<\/script>\n<!-- \/ Yoast SEO plugin. -->","yoast_head_json":{"title":"A spasso con il Cai di Luino il 24 e 26 ottobre","description":"Due le proposte di escursioni, una al Balcone d'Italia sul Monte Sighignola e l'altra in Valcuvia, con meta il torrente Margorabbia e la cascata Fermona di Ferrera","robots":{"index":"noindex","follow":"follow","max-snippet":"max-snippet:-1","max-image-preview":"max-image-preview:large","max-video-preview":"max-video-preview:-1"},"og_locale":"it_IT","og_type":"article","og_title":"A spasso con il Cai di Luino il 24 e 26 ottobre","og_description":"Due le proposte di escursioni, una al Balcone d'Italia sul Monte Sighignola e l'altra in Valcuvia, con meta il torrente Margorabbia e la cascata Fermona di Ferrera","og_url":"https:\/\/www.varesenews.it\/2021\/10\/spasso-cai-luino-24-26-ottobre\/1391081\/","og_site_name":"VareseNews","article_publisher":"https:\/\/www.facebook.com\/varesenews","article_published_time":"2021-10-18T11:25:54+00:00","author":"Ilaria Notari","twitter_card":"summary_large_image","twitter_creator":"@varesenews","twitter_site":"@varesenews","twitter_misc":{"Scritto da":"Ilaria Notari","Tempo di lettura stimato":"2 minuti"},"schema":{"@context":"https:\/\/schema.org","@graph":[{"@type":"WebPage","@id":"https:\/\/www.varesenews.it\/2021\/10\/spasso-cai-luino-24-26-ottobre\/1391081\/","url":"https:\/\/www.varesenews.it\/2021\/10\/spasso-cai-luino-24-26-ottobre\/1391081\/","name":"A spasso con il Cai di Luino il 24 e 26 ottobre","isPartOf":{"@id":"https:\/\/staging.varesenews.it\/#website"},"datePublished":"2021-10-18T11:25:54+00:00","dateModified":"2021-10-18T11:25:54+00:00","author":{"@id":"https:\/\/staging.varesenews.it\/#\/schema\/person\/e930ecd1205fce487283c4b849da44ef"},"description":"Due le proposte di escursioni, una al Balcone d'Italia sul Monte Sighignola e l'altra in Valcuvia, con meta il torrente Margorabbia e la cascata Fermona di Ferrera","breadcrumb":{"@id":"https:\/\/www.varesenews.it\/2021\/10\/spasso-cai-luino-24-26-ottobre\/1391081\/#breadcrumb"},"inLanguage":"it-IT","potentialAction":[{"@type":"ReadAction","target":["https:\/\/www.varesenews.it\/2021\/10\/spasso-cai-luino-24-26-ottobre\/1391081\/"]}]},{"@type":"BreadcrumbList","@id":"https:\/\/www.varesenews.it\/2021\/10\/spasso-cai-luino-24-26-ottobre\/1391081\/#breadcrumb","itemListElement":[{"@type":"ListItem","position":1,"name":"Home","item":"https:\/\/www.varesenews.it\/"},{"@type":"ListItem","position":2,"name":"A spasso con il Cai di Luino il 24 e 26 ottobre"}]},{"@type":"WebSite","@id":"https:\/\/staging.varesenews.it\/#website","url":"https:\/\/staging.varesenews.it\/","name":"VareseNews","description":"","potentialAction":[{"@type":"SearchAction","target":{"@type":"EntryPoint","urlTemplate":"https:\/\/staging.varesenews.it\/?s={search_term_string}"},"query-input":"required name=search_term_string"}],"inLanguage":"it-IT"},{"@type":"Person","@id":"https:\/\/staging.varesenews.it\/#\/schema\/person\/e930ecd1205fce487283c4b849da44ef","name":"Ilaria Notari","image":{"@type":"ImageObject","inLanguage":"it-IT","@id":"https:\/\/staging.varesenews.it\/#\/schema\/person\/image\/","url":"https:\/\/staging.varesenews.it\/wp-content\/uploads\/2015\/03\/mistery.jpg","contentUrl":"https:\/\/staging.varesenews.it\/wp-content\/uploads\/2015\/03\/mistery.jpg","caption":"Ilaria Notari"},"url":"https:\/\/staging.varesenews.it\/persona\/ilaria-notari\/"}]}},"post_meta":{"_edit_lock":"1634556231:34","_edit_last":"34","_category_permalink":"a:1:{s:8:\"category\";s:0:\"\";}","argomento":"Luino","_yoast_wpseo_content_score":"30","_jd_tweet_this":"yes","foto":"1202944","firma_come_redazione":"1","_encloseme":"1","ratings_users":"0","ratings_score":"0","ratings_average":"0","_wpt_short_url":"https:\/\/www.varesenews.it\/2021\/10\/spasso-cai-luino-24-26-ottobre\/1391081\/","_wp_jd_target":"https:\/\/www.varesenews.it\/2021\/10\/spasso-cai-luino-24-26-ottobre\/1391081\/","_jd_wp_twitter":"a:1:{i:0;s:143:\"A spasso con il Cai di Luino il 24 e 26 ottobre https:\/\/www.varesenews.it\/2021\/10\/spasso-cai-luino-24-26-ottobre\/1391081\/ #cailuino #escursioni\";}","_wpt_status_message":"Tweet inviato con successo.","_oembed_8f1e7fcbf0b63d78529983f5c39cd0d7":"<blockquote class=\"wp-embedded-content\" data-secret=\"QyJZ8Vqemu\"><a href=\"https:\/\/www.varesenews.it\/2021\/10\/cade-vasca-depurazione-recuperare-la-palla-14enne-grave-ospedale\/1390942\/\">Cade in una vasca di depurazione per recuperare la palla, 14enne annega a Castellanza<\/a><\/blockquote><iframe class=\"wp-embedded-content\" sandbox=\"allow-scripts\" security=\"restricted\" style=\"position: absolute; clip: rect(1px, 1px, 1px, 1px);\" src=\"https:\/\/www.varesenews.it\/2021\/10\/cade-vasca-depurazione-recuperare-la-palla-14enne-grave-ospedale\/1390942\/embed\/#?secret=QyJZ8Vqemu\" data-secret=\"QyJZ8Vqemu\" width=\"500\" height=\"282\" title=\"&#8220;Cade in una vasca di depurazione per recuperare la palla, 14enne annega a Castellanza&#8221; &#8212; VareseNews\" frameborder=\"0\" marginwidth=\"0\" marginheight=\"0\" scrolling=\"no\"><\/iframe>","_oembed_time_8f1e7fcbf0b63d78529983f5c39cd0d7":"1634556637","_oembed_197dd56fb18a8fd57765a26488b1ce0e":"<blockquote class=\"wp-embedded-content\" data-secret=\"Y2QhddaBUy\"><a href=\"https:\/\/www.varesenews.it\/2021\/10\/pareggio-reti-inviolate-pro-patria-sudtirol\/1390902\/\">Pareggio a reti inviolate tra Pro Patria e Sudtirol<\/a><\/blockquote><iframe class=\"wp-embedded-content\" sandbox=\"allow-scripts\" security=\"restricted\" style=\"position: absolute; clip: rect(1px, 1px, 1px, 1px);\" src=\"https:\/\/www.varesenews.it\/2021\/10\/pareggio-reti-inviolate-pro-patria-sudtirol\/1390902\/embed\/#?secret=Y2QhddaBUy\" data-secret=\"Y2QhddaBUy\" width=\"500\" height=\"282\" title=\"&#8220;Pareggio a reti inviolate tra Pro Patria e Sudtirol&#8221; &#8212; VareseNews\" frameborder=\"0\" marginwidth=\"0\" marginheight=\"0\" scrolling=\"no\"><\/iframe>","_oembed_time_197dd56fb18a8fd57765a26488b1ce0e":"1634556637","_oembed_767d68e0f7bd31d1ac66d54fab149e60":"<blockquote class=\"wp-embedded-content\" data-secret=\"U9w6VrLmfr\"><a href=\"https:\/\/www.varesenews.it\/2021\/10\/javorcic-torna-allo-speroni-la-pro-patria-prepara-lo-sgambetto-al-sudtirol\/1389532\/\">Javorcic torna allo Speroni e la Pro Patria prepara lo sgambetto al S\u00fcdtirol<\/a><\/blockquote><iframe class=\"wp-embedded-content\" sandbox=\"allow-scripts\" security=\"restricted\" style=\"position: absolute; clip: rect(1px, 1px, 1px, 1px);\" src=\"https:\/\/www.varesenews.it\/2021\/10\/javorcic-torna-allo-speroni-la-pro-patria-prepara-lo-sgambetto-al-sudtirol\/1389532\/embed\/#?secret=U9w6VrLmfr\" data-secret=\"U9w6VrLmfr\" width=\"500\" height=\"282\" title=\"&#8220;Javorcic torna allo Speroni e la Pro Patria prepara lo sgambetto al S\u00fcdtirol&#8221; &#8212; VareseNews\" frameborder=\"0\" marginwidth=\"0\" marginheight=\"0\" scrolling=\"no\"><\/iframe>","_oembed_time_767d68e0f7bd31d1ac66d54fab149e60":"1634556638","_oembed_36289c0bb746d5ebe5b6da11d447a08e":"<blockquote class=\"wp-embedded-content\" data-secret=\"1svEuAEdxw\"><a href=\"https:\/\/www.varesenews.it\/2021\/01\/omicidio-aloisio-le-dichiarazioni-de-castro-deciso-ed-eseguito-rispoli-dalla-cosca-ciro\/1296415\/\">Omicidio Aloisio, le dichiarazioni di De Castro: &#8220;Deciso ed eseguito da Rispoli e dalla cosca di Cir\u00f2&#8221;<\/a><\/blockquote><iframe class=\"wp-embedded-content\" sandbox=\"allow-scripts\" security=\"restricted\" style=\"position: absolute; clip: rect(1px, 1px, 1px, 1px);\" src=\"https:\/\/www.varesenews.it\/2021\/01\/omicidio-aloisio-le-dichiarazioni-de-castro-deciso-ed-eseguito-rispoli-dalla-cosca-ciro\/1296415\/embed\/#?secret=1svEuAEdxw\" data-secret=\"1svEuAEdxw\" width=\"500\" height=\"282\" title=\"&#8220;Omicidio Aloisio, le dichiarazioni di De Castro: &#8220;Deciso ed eseguito da Rispoli e dalla cosca di Cir\u00f2&#8221;&#8221; &#8212; VareseNews\" frameborder=\"0\" marginwidth=\"0\" marginheight=\"0\" scrolling=\"no\"><\/iframe>","_oembed_time_36289c0bb746d5ebe5b6da11d447a08e":"1634556638","_oembed_f857b9cc05bab1940dd9ee6698cab53f":"{{unknown}}","_oembed_f5061872715d76c1b6c1736dbaef72a3":"<blockquote class=\"wp-embedded-content\" data-secret=\"A1ReFpVOzD\"><a href=\"https:\/\/www.varesenews.it\/2021\/10\/derivati-busto-arsizio-perde-deutsche-bank-maggioni-pd-danno-erariale\/1389617\/\">Derivati, Busto Arsizio perde contro Deutsche Bank. Maggioni (Pd): &#8220;Danno erariale&#8221;<\/a><\/blockquote><iframe class=\"wp-embedded-content\" sandbox=\"allow-scripts\" security=\"restricted\" style=\"position: absolute; clip: rect(1px, 1px, 1px, 1px);\" src=\"https:\/\/www.varesenews.it\/2021\/10\/derivati-busto-arsizio-perde-deutsche-bank-maggioni-pd-danno-erariale\/1389617\/embed\/#?secret=A1ReFpVOzD\" data-secret=\"A1ReFpVOzD\" width=\"500\" height=\"282\" title=\"&#8220;Derivati, Busto Arsizio perde contro Deutsche Bank. Maggioni (Pd): &#8220;Danno erariale&#8221;&#8221; &#8212; VareseNews\" frameborder=\"0\" marginwidth=\"0\" marginheight=\"0\" scrolling=\"no\"><\/iframe>","_oembed_time_f5061872715d76c1b6c1736dbaef72a3":"1634556638"},"photos":[{"original":"https:\/\/staging.varesenews.it\/photogallery_new\/images\/2021\/02\/il-monte-rosa-dal-monte-orsa-foto-di-marino-foina-1202944.jpg","full":"https:\/\/staging.varesenews.it\/photogallery_new\/images\/2021\/02\/il-monte-rosa-dal-monte-orsa-foto-di-marino-foina-1202944.1024x768.jpg","large":"https:\/\/staging.varesenews.it\/photogallery_new\/images\/2021\/02\/il-monte-rosa-dal-monte-orsa-foto-di-marino-foina-1202944.610x431.jpg"}],"_links":{"self":[{"href":"https:\/\/staging.varesenews.it\/swgapi\/v1\/wp\/v2\/posts\/1391081"}],"collection":[{"href":"https:\/\/staging.varesenews.it\/swgapi\/v1\/wp\/v2\/posts"}],"about":[{"href":"https:\/\/staging.varesenews.it\/swgapi\/v1\/wp\/v2\/types\/post"}],"author":[{"embeddable":true,"href":"https:\/\/staging.varesenews.it\/swgapi\/v1\/wp\/v2\/users\/21859"}],"replies":[{"embeddable":true,"href":"https:\/\/staging.varesenews.it\/swgapi\/v1\/wp\/v2\/comments?post=1391081"}],"version-history":[{"count":0,"href":"https:\/\/staging.varesenews.it\/swgapi\/v1\/wp\/v2\/posts\/1391081\/revisions"}],"wp:attachment":[{"href":"https:\/\/staging.varesenews.it\/swgapi\/v1\/wp\/v2\/media?parent=1391081"}],"wp:term":[{"taxonomy":"category","embeddable":true,"href":"https:\/\/staging.varesenews.it\/swgapi\/v1\/wp\/v2\/categories?post=1391081"},{"taxonomy":"post_tag","embeddable":true,"href":"https:\/\/staging.varesenews.it\/swgapi\/v1\/wp\/v2\/tags?post=1391081"}],"curies":[{"name":"wp","href":"https:\/\/api.w.org\/{rel}","templated":true}]}}