{"id":1392780,"date":"2021-10-23T09:31:08","date_gmt":"2021-10-23T07:31:08","guid":{"rendered":"https:\/\/www.varesenews.it\/?p=1392780"},"modified":"2021-10-23T09:31:08","modified_gmt":"2021-10-23T07:31:08","slug":"eletto-brenta-consiglio-comunale-dei-ragazzi","status":"publish","type":"post","link":"https:\/\/staging.varesenews.it\/2021\/10\/eletto-brenta-consiglio-comunale-dei-ragazzi\/1392780\/","title":{"rendered":"Eletto a Brenta il nuovo consiglio comunale dei ragazzi"},"content":{"rendered":"<p><strong>Una tradizione che si rinnova<\/strong>, con nuove leve pronte a raccogliere il testimone, in paese che fra i primi ha introdotto questa assemblea informale fatta di bambini. Una tradizione che ha dato i suoi frutti, tanto che alcuni bimbi, poi cresciuti, hanno preso sul serio la cosa e ora siedono nel consiglio comunale dei grandi.<\/p>\n<p>Perci\u00f2 in paese la nomina del nuovo sindaco e del consiglio comunale dei ragazzi \u00e8 momento atteso e venerd\u00ec, alla presenza del sindaco di Brenta <strong>Gianpietro Ballardin<\/strong>, appena riconfermato, \u00e8 avvenuta la cerimonia di insediamento del &#8220;CCR&#8221;.<\/p>\n<p>Il nuovo sindaco dei ragazzi a Brenta <strong>Alessandro Annaloro<\/strong> classe 5 e la sua <strong>giunta<\/strong> \u00e8 cos\u00ec composta: <strong>Giannone Margherita<\/strong>, <strong>Simonetta Diego<\/strong>, <strong>El Harmouchi Sara<\/strong>, <strong>Testa Federico.<\/strong><\/p>\n","protected":false},"excerpt":{"rendered":"<p>Una tradizione che si rinnova, con nuove leve pronte a raccogliere il testimone<\/p>\n","protected":false},"author":34,"featured_media":0,"comment_status":"open","ping_status":"open","sticky":false,"template":"","format":"standard","meta":{"footnotes":""},"categories":[2],"tags":[],"acf":[],"yoast_head":"<!-- This site is optimized with the Yoast SEO plugin v20.1 - https:\/\/yoast.com\/wordpress\/plugins\/seo\/ -->\n<title>Eletto a Brenta il nuovo consiglio comunale dei ragazzi<\/title>\n<meta name=\"description\" content=\"Una tradizione che si rinnova, con nuove leve pronte a raccogliere il testimone\" \/>\n<meta name=\"robots\" content=\"noindex, follow, max-snippet:-1, max-image-preview:large, max-video-preview:-1\" \/>\n<meta property=\"og:locale\" content=\"it_IT\" \/>\n<meta property=\"og:type\" content=\"article\" \/>\n<meta property=\"og:title\" content=\"Eletto a Brenta il nuovo consiglio comunale dei ragazzi\" \/>\n<meta property=\"og:description\" content=\"Una tradizione che si rinnova, con nuove leve pronte a raccogliere il testimone\" \/>\n<meta property=\"og:url\" content=\"https:\/\/staging.varesenews.it\/2021\/10\/eletto-brenta-consiglio-comunale-dei-ragazzi\/1392780\/\" \/>\n<meta property=\"og:site_name\" content=\"VareseNews\" \/>\n<meta property=\"article:publisher\" content=\"https:\/\/www.facebook.com\/varesenews\" \/>\n<meta property=\"article:author\" content=\"https:\/\/www.facebook.com\/andrea.camurani?fref=photo\" \/>\n<meta property=\"article:published_time\" content=\"2021-10-23T07:31:08+00:00\" \/>\n<meta name=\"author\" content=\"Andrea Camurani\" \/>\n<meta name=\"twitter:card\" content=\"summary_large_image\" \/>\n<meta name=\"twitter:creator\" content=\"@AndreaCamurani\" \/>\n<meta name=\"twitter:site\" content=\"@varesenews\" \/>\n<meta name=\"twitter:label1\" content=\"Scritto da\" \/>\n\t<meta name=\"twitter:data1\" content=\"Andrea Camurani\" \/>\n\t<meta name=\"twitter:label2\" content=\"Tempo di lettura stimato\" \/>\n\t<meta name=\"twitter:data2\" content=\"1 minuto\" \/>\n<script type=\"application\/ld+json\" class=\"yoast-schema-graph\">{\"@context\":\"https:\/\/schema.org\",\"@graph\":[{\"@type\":\"WebPage\",\"@id\":\"https:\/\/staging.varesenews.it\/2021\/10\/eletto-brenta-consiglio-comunale-dei-ragazzi\/1392780\/\",\"url\":\"https:\/\/staging.varesenews.it\/2021\/10\/eletto-brenta-consiglio-comunale-dei-ragazzi\/1392780\/\",\"name\":\"Eletto a Brenta il nuovo consiglio comunale dei ragazzi\",\"isPartOf\":{\"@id\":\"https:\/\/staging.varesenews.it\/#website\"},\"datePublished\":\"2021-10-23T07:31:08+00:00\",\"dateModified\":\"2021-10-23T07:31:08+00:00\",\"author\":{\"@id\":\"https:\/\/staging.varesenews.it\/#\/schema\/person\/3eb5832c6beae763de8d9596fdbe8c49\"},\"description\":\"Una tradizione che si rinnova, con nuove leve pronte a raccogliere il testimone\",\"breadcrumb\":{\"@id\":\"https:\/\/staging.varesenews.it\/2021\/10\/eletto-brenta-consiglio-comunale-dei-ragazzi\/1392780\/#breadcrumb\"},\"inLanguage\":\"it-IT\",\"potentialAction\":[{\"@type\":\"ReadAction\",\"target\":[\"https:\/\/staging.varesenews.it\/2021\/10\/eletto-brenta-consiglio-comunale-dei-ragazzi\/1392780\/\"]}]},{\"@type\":\"BreadcrumbList\",\"@id\":\"https:\/\/staging.varesenews.it\/2021\/10\/eletto-brenta-consiglio-comunale-dei-ragazzi\/1392780\/#breadcrumb\",\"itemListElement\":[{\"@type\":\"ListItem\",\"position\":1,\"name\":\"Home\",\"item\":\"https:\/\/www.varesenews.it\/\"},{\"@type\":\"ListItem\",\"position\":2,\"name\":\"Eletto a Brenta il nuovo consiglio comunale dei ragazzi\"}]},{\"@type\":\"WebSite\",\"@id\":\"https:\/\/staging.varesenews.it\/#website\",\"url\":\"https:\/\/staging.varesenews.it\/\",\"name\":\"VareseNews\",\"description\":\"\",\"potentialAction\":[{\"@type\":\"SearchAction\",\"target\":{\"@type\":\"EntryPoint\",\"urlTemplate\":\"https:\/\/staging.varesenews.it\/?s={search_term_string}\"},\"query-input\":\"required name=search_term_string\"}],\"inLanguage\":\"it-IT\"},{\"@type\":\"Person\",\"@id\":\"https:\/\/staging.varesenews.it\/#\/schema\/person\/3eb5832c6beae763de8d9596fdbe8c49\",\"name\":\"Andrea Camurani\",\"image\":{\"@type\":\"ImageObject\",\"inLanguage\":\"it-IT\",\"@id\":\"https:\/\/staging.varesenews.it\/#\/schema\/person\/image\/\",\"url\":\"https:\/\/staging.varesenews.it\/wp-content\/uploads\/2020\/12\/andrea_camurani_colori_500.jpg\",\"contentUrl\":\"https:\/\/staging.varesenews.it\/wp-content\/uploads\/2020\/12\/andrea_camurani_colori_500.jpg\",\"caption\":\"Andrea Camurani\"},\"description\":\"Sono figlio degli anni Settanta e di Milano, dove ho imparato a riconoscere buoni e cattivi. Laurea in scienze politiche, lavoro a VareseNews dal 2000. Racconto quel che trovo quando incontro chi vuole lasciare al mondo un pezzetto di vita, che si chiama cronaca. &ldquo;...perch&eacute; &egrave; la gente il pi&ugrave; grande spettacolo del mondo. E non si paga il biglietto...&rdquo; (Charles Bukowsky)\",\"sameAs\":[\"https:\/\/www.facebook.com\/andrea.camurani?fref=photo\",\"andreacamurani\",\"https:\/\/www.linkedin.com\/hp\/?dnr=A9a84RfzsLdo9xg4NcGV4dLiMknoc9ms4WM\",\"https:\/\/twitter.com\/AndreaCamurani\"],\"url\":\"https:\/\/staging.varesenews.it\/persona\/andrea_camurani\/\"}]}<\/script>\n<!-- \/ Yoast SEO plugin. -->","yoast_head_json":{"title":"Eletto a Brenta il nuovo consiglio comunale dei ragazzi","description":"Una tradizione che si rinnova, con nuove leve pronte a raccogliere il testimone","robots":{"index":"noindex","follow":"follow","max-snippet":"max-snippet:-1","max-image-preview":"max-image-preview:large","max-video-preview":"max-video-preview:-1"},"og_locale":"it_IT","og_type":"article","og_title":"Eletto a Brenta il nuovo consiglio comunale dei ragazzi","og_description":"Una tradizione che si rinnova, con nuove leve pronte a raccogliere il testimone","og_url":"https:\/\/staging.varesenews.it\/2021\/10\/eletto-brenta-consiglio-comunale-dei-ragazzi\/1392780\/","og_site_name":"VareseNews","article_publisher":"https:\/\/www.facebook.com\/varesenews","article_author":"https:\/\/www.facebook.com\/andrea.camurani?fref=photo","article_published_time":"2021-10-23T07:31:08+00:00","author":"Andrea Camurani","twitter_card":"summary_large_image","twitter_creator":"@AndreaCamurani","twitter_site":"@varesenews","twitter_misc":{"Scritto da":"Andrea Camurani","Tempo di lettura stimato":"1 minuto"},"schema":{"@context":"https:\/\/schema.org","@graph":[{"@type":"WebPage","@id":"https:\/\/staging.varesenews.it\/2021\/10\/eletto-brenta-consiglio-comunale-dei-ragazzi\/1392780\/","url":"https:\/\/staging.varesenews.it\/2021\/10\/eletto-brenta-consiglio-comunale-dei-ragazzi\/1392780\/","name":"Eletto a Brenta il nuovo consiglio comunale dei ragazzi","isPartOf":{"@id":"https:\/\/staging.varesenews.it\/#website"},"datePublished":"2021-10-23T07:31:08+00:00","dateModified":"2021-10-23T07:31:08+00:00","author":{"@id":"https:\/\/staging.varesenews.it\/#\/schema\/person\/3eb5832c6beae763de8d9596fdbe8c49"},"description":"Una tradizione che si rinnova, con nuove leve pronte a raccogliere il testimone","breadcrumb":{"@id":"https:\/\/staging.varesenews.it\/2021\/10\/eletto-brenta-consiglio-comunale-dei-ragazzi\/1392780\/#breadcrumb"},"inLanguage":"it-IT","potentialAction":[{"@type":"ReadAction","target":["https:\/\/staging.varesenews.it\/2021\/10\/eletto-brenta-consiglio-comunale-dei-ragazzi\/1392780\/"]}]},{"@type":"BreadcrumbList","@id":"https:\/\/staging.varesenews.it\/2021\/10\/eletto-brenta-consiglio-comunale-dei-ragazzi\/1392780\/#breadcrumb","itemListElement":[{"@type":"ListItem","position":1,"name":"Home","item":"https:\/\/www.varesenews.it\/"},{"@type":"ListItem","position":2,"name":"Eletto a Brenta il nuovo consiglio comunale dei ragazzi"}]},{"@type":"WebSite","@id":"https:\/\/staging.varesenews.it\/#website","url":"https:\/\/staging.varesenews.it\/","name":"VareseNews","description":"","potentialAction":[{"@type":"SearchAction","target":{"@type":"EntryPoint","urlTemplate":"https:\/\/staging.varesenews.it\/?s={search_term_string}"},"query-input":"required name=search_term_string"}],"inLanguage":"it-IT"},{"@type":"Person","@id":"https:\/\/staging.varesenews.it\/#\/schema\/person\/3eb5832c6beae763de8d9596fdbe8c49","name":"Andrea Camurani","image":{"@type":"ImageObject","inLanguage":"it-IT","@id":"https:\/\/staging.varesenews.it\/#\/schema\/person\/image\/","url":"https:\/\/staging.varesenews.it\/wp-content\/uploads\/2020\/12\/andrea_camurani_colori_500.jpg","contentUrl":"https:\/\/staging.varesenews.it\/wp-content\/uploads\/2020\/12\/andrea_camurani_colori_500.jpg","caption":"Andrea Camurani"},"description":"Sono figlio degli anni Settanta e di Milano, dove ho imparato a riconoscere buoni e cattivi. Laurea in scienze politiche, lavoro a VareseNews dal 2000. Racconto quel che trovo quando incontro chi vuole lasciare al mondo un pezzetto di vita, che si chiama cronaca. &ldquo;...perch&eacute; &egrave; la gente il pi&ugrave; grande spettacolo del mondo. E non si paga il biglietto...&rdquo; (Charles Bukowsky)","sameAs":["https:\/\/www.facebook.com\/andrea.camurani?fref=photo","andreacamurani","https:\/\/www.linkedin.com\/hp\/?dnr=A9a84RfzsLdo9xg4NcGV4dLiMknoc9ms4WM","https:\/\/twitter.com\/AndreaCamurani"],"url":"https:\/\/staging.varesenews.it\/persona\/andrea_camurani\/"}]}},"post_meta":{"_edit_lock":"1634974187:34","_edit_last":"34","_category_permalink":"a:1:{s:8:\"category\";s:0:\"\";}","_encloseme":"1","ratings_users":"0","ratings_score":"0","ratings_average":"0","foto":"1256742","firma_come_redazione":"1","argomento":"Brenta","_yoast_wpseo_content_score":"30","_jd_tweet_this":"yes","_wpt_short_url":"https:\/\/www.varesenews.it\/2021\/10\/eletto-brenta-consiglio-comunale-dei-ragazzi\/1392780\/","_wp_jd_target":"https:\/\/www.varesenews.it\/2021\/10\/eletto-brenta-consiglio-comunale-dei-ragazzi\/1392780\/","_jd_wp_twitter":"a:1:{i:0;s:144:\"Eletto a Brenta il nuovo consiglio comunale dei ragazzi https:\/\/www.varesenews.it\/2021\/10\/eletto-brenta-consiglio-comunale-dei-ragazzi\/1392780\/ \";}","_wpt_status_message":"Tweet inviato con successo.","_oembed_7dee9d4b884e7dfaed1f26ec78f0a1a8":"<blockquote class=\"wp-embedded-content\" data-secret=\"wmcTWQGE8q\"><a href=\"https:\/\/www.varesenews.it\/2021\/07\/alcune-farmacie-gallarate-aderiscono-alla-campagna-la-tampon-tax\/1356724\/\">Alcune farmacie di Gallarate aderiscono alla campagna contro la tampon tax<\/a><\/blockquote><iframe class=\"wp-embedded-content\" sandbox=\"allow-scripts\" security=\"restricted\" style=\"position: absolute; clip: rect(1px, 1px, 1px, 1px);\" src=\"https:\/\/www.varesenews.it\/2021\/07\/alcune-farmacie-gallarate-aderiscono-alla-campagna-la-tampon-tax\/1356724\/embed\/#?secret=wmcTWQGE8q\" data-secret=\"wmcTWQGE8q\" width=\"500\" height=\"282\" title=\"&#8220;Alcune farmacie di Gallarate aderiscono alla campagna contro la tampon tax&#8221; &#8212; VareseNews\" frameborder=\"0\" marginwidth=\"0\" marginheight=\"0\" scrolling=\"no\"><\/iframe>","_oembed_time_7dee9d4b884e7dfaed1f26ec78f0a1a8":"1634974436","_oembed_edd985166291bcf39cacb7e78b453eaa":"<blockquote class=\"wp-embedded-content\" data-secret=\"8iyFdUkaV9\"><a href=\"https:\/\/www.varesenews.it\/2021\/09\/le-coltellate-treno-spiccioli-fra-varese-tradate-carabinieri-cercano-la-banda\/1384200\/\">Le coltellate in treno per pochi spiccioli fra Varese e Tradate, i carabinieri cercano la banda<\/a><\/blockquote><iframe class=\"wp-embedded-content\" sandbox=\"allow-scripts\" security=\"restricted\" style=\"position: absolute; clip: rect(1px, 1px, 1px, 1px);\" src=\"https:\/\/www.varesenews.it\/2021\/09\/le-coltellate-treno-spiccioli-fra-varese-tradate-carabinieri-cercano-la-banda\/1384200\/embed\/#?secret=8iyFdUkaV9\" data-secret=\"8iyFdUkaV9\" width=\"500\" height=\"282\" title=\"&#8220;Le coltellate in treno per pochi spiccioli fra Varese e Tradate, i carabinieri cercano la banda&#8221; &#8212; VareseNews\" frameborder=\"0\" marginwidth=\"0\" marginheight=\"0\" scrolling=\"no\"><\/iframe>","_oembed_time_edd985166291bcf39cacb7e78b453eaa":"1634974436","_oembed_101f014229451d21336ef1f77b926fb0":"<iframe width=\"500\" height=\"281\" src=\"https:\/\/www.youtube.com\/embed\/CzUAdzsxgQ4?feature=oembed\" frameborder=\"0\" allow=\"accelerometer; autoplay; clipboard-write; encrypted-media; gyroscope; picture-in-picture\" allowfullscreen><\/iframe>","_oembed_time_101f014229451d21336ef1f77b926fb0":"1634974436","_oembed_8cb1f413ae9dd237fe9950a6c2e3dee2":"<blockquote class=\"wp-embedded-content\" data-secret=\"m6iortfgrM\"><a href=\"https:\/\/www.varesenews.it\/2021\/08\/ambrogio-vaghi-cardinale-rosso-racconta-la-sua-vita-scegliete-quello-varesini-dovrebbero-sapere\/1372190\/\">Ambrogio Vaghi il &#8220;cardinale rosso&#8221; racconta la sua vita: &#8220;Scegliete quello che i varesini dovrebbero sapere&#8221;<\/a><\/blockquote><iframe class=\"wp-embedded-content\" sandbox=\"allow-scripts\" security=\"restricted\" style=\"position: absolute; clip: rect(1px, 1px, 1px, 1px);\" src=\"https:\/\/www.varesenews.it\/2021\/08\/ambrogio-vaghi-cardinale-rosso-racconta-la-sua-vita-scegliete-quello-varesini-dovrebbero-sapere\/1372190\/embed\/#?secret=m6iortfgrM\" data-secret=\"m6iortfgrM\" width=\"500\" height=\"282\" title=\"&#8220;Ambrogio Vaghi il &#8220;cardinale rosso&#8221; racconta la sua vita: &#8220;Scegliete quello che i varesini dovrebbero sapere&#8221;&#8221; &#8212; VareseNews\" frameborder=\"0\" marginwidth=\"0\" marginheight=\"0\" scrolling=\"no\"><\/iframe>","_oembed_time_8cb1f413ae9dd237fe9950a6c2e3dee2":"1634974608","_oembed_006527ba440c8f3c40f027a2693741d5":"<blockquote class=\"wp-embedded-content\" data-secret=\"4sGHLNTZuy\"><a href=\"https:\/\/www.varesenews.it\/2021\/09\/ambrogio-vaghi-uomo-novecentesco-capace-cogliere-elemento-innovazione\/1374579\/\">Ambrogio Vaghi, uomo novecentesco, capace di cogliere ogni elemento di innovazione<\/a><\/blockquote><iframe class=\"wp-embedded-content\" sandbox=\"allow-scripts\" security=\"restricted\" style=\"position: absolute; clip: rect(1px, 1px, 1px, 1px);\" src=\"https:\/\/www.varesenews.it\/2021\/09\/ambrogio-vaghi-uomo-novecentesco-capace-cogliere-elemento-innovazione\/1374579\/embed\/#?secret=4sGHLNTZuy\" data-secret=\"4sGHLNTZuy\" width=\"500\" height=\"282\" title=\"&#8220;Ambrogio Vaghi, uomo novecentesco, capace di cogliere ogni elemento di innovazione&#8221; &#8212; VareseNews\" frameborder=\"0\" marginwidth=\"0\" marginheight=\"0\" scrolling=\"no\"><\/iframe>","_oembed_time_006527ba440c8f3c40f027a2693741d5":"1634974608","_oembed_f0038e1078221d79c14dc5c45de59900":"<blockquote class=\"wp-embedded-content\" data-secret=\"wrhzmFiFnM\"><a href=\"https:\/\/www.varesenews.it\/2021\/08\/nata-germania-vivo-colmegna-comunista\/1370683\/\">&#8220;Sono nata in Germania, vivo a Colmegna e sono comunista&#8221;<\/a><\/blockquote><iframe class=\"wp-embedded-content\" sandbox=\"allow-scripts\" security=\"restricted\" style=\"position: absolute; clip: rect(1px, 1px, 1px, 1px);\" src=\"https:\/\/www.varesenews.it\/2021\/08\/nata-germania-vivo-colmegna-comunista\/1370683\/embed\/#?secret=wrhzmFiFnM\" data-secret=\"wrhzmFiFnM\" width=\"500\" height=\"282\" title=\"&#8220;&#8220;Sono nata in Germania, vivo a Colmegna e sono comunista&#8221;&#8221; &#8212; VareseNews\" frameborder=\"0\" marginwidth=\"0\" marginheight=\"0\" scrolling=\"no\"><\/iframe>","_oembed_time_f0038e1078221d79c14dc5c45de59900":"1634974608","_oembed_991d16b7f86641f60ea3d35a72586a9d":"<blockquote class=\"wp-embedded-content\" data-secret=\"kzyhmZqCfx\"><a href=\"https:\/\/www.varesenews.it\/2021\/10\/indianapolis-sfuma-sogno-americano-rovera-podio-marciello\/1391092\/\">Indianapolis, sfuma il sogno americano di Rovera. Podio per Marciello<\/a><\/blockquote><iframe class=\"wp-embedded-content\" sandbox=\"allow-scripts\" security=\"restricted\" style=\"position: absolute; clip: rect(1px, 1px, 1px, 1px);\" src=\"https:\/\/www.varesenews.it\/2021\/10\/indianapolis-sfuma-sogno-americano-rovera-podio-marciello\/1391092\/embed\/#?secret=kzyhmZqCfx\" data-secret=\"kzyhmZqCfx\" width=\"500\" height=\"282\" title=\"&#8220;Indianapolis, sfuma il sogno americano di Rovera. Podio per Marciello&#8221; &#8212; VareseNews\" frameborder=\"0\" marginwidth=\"0\" marginheight=\"0\" scrolling=\"no\"><\/iframe>","_oembed_time_991d16b7f86641f60ea3d35a72586a9d":"1634974608","_oembed_561da2868a66273b3f94cbed1c073c93":"<blockquote class=\"wp-embedded-content\" data-secret=\"BcD78d2wCd\"><a href=\"https:\/\/www.varesenews.it\/2015\/10\/i-truzzi-volanti-incantano-tu-si-que-vales\/412301\/\">I Truzzi Volanti incantano &#8220;Tu si Que Vales&#8221;<\/a><\/blockquote><iframe class=\"wp-embedded-content\" sandbox=\"allow-scripts\" security=\"restricted\" style=\"position: absolute; clip: rect(1px, 1px, 1px, 1px);\" src=\"https:\/\/www.varesenews.it\/2015\/10\/i-truzzi-volanti-incantano-tu-si-que-vales\/412301\/embed\/#?secret=BcD78d2wCd\" data-secret=\"BcD78d2wCd\" width=\"500\" height=\"282\" title=\"&#8220;I Truzzi Volanti incantano &#8220;Tu si Que Vales&#8221;&#8221; &#8212; VareseNews\" frameborder=\"0\" marginwidth=\"0\" marginheight=\"0\" scrolling=\"no\"><\/iframe>","_oembed_time_561da2868a66273b3f94cbed1c073c93":"1634974608","_oembed_346f58d608525f98068c1497f93c137e":"<blockquote class=\"wp-embedded-content\" data-secret=\"3nZ4iWIyoJ\"><a href=\"https:\/\/www.varesenews.it\/2021\/10\/perche-necessario-eliminare-gli-scoiattoli-grigi-emilia-romagna-regioni\/1389734\/\">Ecco perch\u00e9 \u00e8 necessario eliminare gli scoiattoli grigi, in Emilia Romagna come in altre regioni<\/a><\/blockquote><iframe class=\"wp-embedded-content\" sandbox=\"allow-scripts\" security=\"restricted\" style=\"position: absolute; clip: rect(1px, 1px, 1px, 1px);\" src=\"https:\/\/www.varesenews.it\/2021\/10\/perche-necessario-eliminare-gli-scoiattoli-grigi-emilia-romagna-regioni\/1389734\/embed\/#?secret=3nZ4iWIyoJ\" data-secret=\"3nZ4iWIyoJ\" width=\"500\" height=\"282\" title=\"&#8220;Ecco perch\u00e9 \u00e8 necessario eliminare gli scoiattoli grigi, in Emilia Romagna come in altre regioni&#8221; &#8212; VareseNews\" frameborder=\"0\" marginwidth=\"0\" marginheight=\"0\" scrolling=\"no\"><\/iframe>","_oembed_time_346f58d608525f98068c1497f93c137e":"1634974608"},"photos":[{"original":"https:\/\/staging.varesenews.it\/photogallery_new\/images\/2021\/10\/brenta-1256742.jpg","full":"https:\/\/staging.varesenews.it\/photogallery_new\/images\/2021\/10\/brenta-1256742.1024x768.jpg","large":"https:\/\/staging.varesenews.it\/photogallery_new\/images\/2021\/10\/brenta-1256742.610x431.jpg"}],"_links":{"self":[{"href":"https:\/\/staging.varesenews.it\/swgapi\/v1\/wp\/v2\/posts\/1392780"}],"collection":[{"href":"https:\/\/staging.varesenews.it\/swgapi\/v1\/wp\/v2\/posts"}],"about":[{"href":"https:\/\/staging.varesenews.it\/swgapi\/v1\/wp\/v2\/types\/post"}],"author":[{"embeddable":true,"href":"https:\/\/staging.varesenews.it\/swgapi\/v1\/wp\/v2\/users\/34"}],"replies":[{"embeddable":true,"href":"https:\/\/staging.varesenews.it\/swgapi\/v1\/wp\/v2\/comments?post=1392780"}],"version-history":[{"count":0,"href":"https:\/\/staging.varesenews.it\/swgapi\/v1\/wp\/v2\/posts\/1392780\/revisions"}],"wp:attachment":[{"href":"https:\/\/staging.varesenews.it\/swgapi\/v1\/wp\/v2\/media?parent=1392780"}],"wp:term":[{"taxonomy":"category","embeddable":true,"href":"https:\/\/staging.varesenews.it\/swgapi\/v1\/wp\/v2\/categories?post=1392780"},{"taxonomy":"post_tag","embeddable":true,"href":"https:\/\/staging.varesenews.it\/swgapi\/v1\/wp\/v2\/tags?post=1392780"}],"curies":[{"name":"wp","href":"https:\/\/api.w.org\/{rel}","templated":true}]}}