{"id":1393946,"date":"2021-10-27T11:14:39","date_gmt":"2021-10-27T09:14:39","guid":{"rendered":"https:\/\/www.varesenews.it\/?p=1393946"},"modified":"2021-11-03T00:54:57","modified_gmt":"2021-11-02T23:54:57","slug":"documentario-combatte-razzismo-antisemitismo-nel-calcio","status":"publish","type":"post","link":"https:\/\/staging.varesenews.it\/2021\/10\/documentario-combatte-razzismo-antisemitismo-nel-calcio\/1393946\/","title":{"rendered":"Il documentario che combatte razzismo e antisemitismo nel calcio"},"content":{"rendered":"<blockquote><p><strong><span style=\"color: #ff0000;\">NOTIZIARIO UISP<\/span><\/strong> del 27 0ttobre 2021<\/p><\/blockquote>\n<p><strong>IL PROGETTO &#8211;\u00a0<\/strong><strong>Changing the Chants: tifo e razzismo in Europa<br \/>\n<\/strong><em>Changing the Chants<\/em> \u00e8 un progetto biennale, sostenuto dal programma dell&#8217;Unione europea per i diritti, l&#8217;uguaglianza e la cittadinanza. Una cooperazione innovativa e internazionale tra <strong>Borussia<\/strong> Dortmund, <strong>Feyenoord<\/strong> Rotterdam, <strong>Werder<\/strong> Brema, <strong>Chelsea,<\/strong> <strong>Milan, Bologna, Fare Network<\/strong> e la <strong>Casa di Anna Frank<\/strong>. L\u2019obiettivo \u00e8 approfondire la comprensione degli approcci che le societ\u00e0 di calcio possono utilizzare per educare i tifosi sui comportamenti antisemiti negli spalti. <em>Changing the Chants<\/em> si fonda su due <strong>programmi educativi separati<\/strong> per gli appassionati di calcio, gestiti dal Borussia Dortmund e dal Feyenoord. In queste due iniziative troviamo scambi reciproci e sperimentazioni di nuovi approcci.<\/p>\n<p>Il documentario si apre con le forti <strong>parole di Ronald Leopold<\/strong>, direttore della casa di Anna Frank: \u00ab<strong>Antisemitismo e razzismo sono macchie sulla storia dell\u2019umanit\u00e0.<\/strong> E le ricerche confermano che sono fenomeni nuovamente in crescita. Sappiamo dal passato cosa potrebbe accadere se non affrontiamo questi problemi sin dall\u2019inizio\u00bb.<br \/>\nIn un emozionante <strong>viaggio attraverso l\u2019Europa<\/strong>, attraversando stadi vuoti, musei e luoghi della memoria (tra cui Auschwitz e il campo di concentramento di Birkenau), il regista <strong>Stefano Di Pietro<\/strong> guida lo spettatore all\u2019interno del periodo pi\u00f9 buio del nostro tempo per presentare come si relaziona con la societ\u00e0 contemporanea e per aumentare la consapevolezza sull\u2019importanza di non dimenticare mai il peso della storia e dell\u2019educazione, soprattutto quando si parla di calcio, elemento cruciale della nostra.<br \/>\nIl documentario <em>Changing the Chants<\/em> \u00e8 disponibile alla <strong>visione libera e gratuita sul canale youtube di Uisp Nazionale<\/strong>.<\/p>\n<p><strong>TERRITORI &#8211;\u00a0Sabato a Torino le donne guidano i draghi sul fiume Po<\/strong><\/p>\n<p>Ottobre \u00e8 il mese della<strong> prevenzione del tumore al seno, e a Torino<\/strong> si chiuder\u00e0 con una bella collaborazione tra <strong>Dragonette Torino Onlus e Circolo Amici del Fiume<\/strong>, sui Murazzi, centralissimo lungofiume della citt\u00e0.<br \/>\n<strong>Sabato 30 ottobre, dalle 9 alle 13<\/strong>, sar\u00e0 infatti possibile provare gratuitamente le <strong>Dragon Boat, barche storiche<\/strong> che a Torino sono ormai simbolo della solidariet\u00e0 tra donne operate al seno, un simbolo della grinta che mettono nella battaglia contro al tumore.<br \/>\nLe Dragonette di Torino sono un\u2019associazione no profit che si occupa della <strong>riabilitazione psico fisica delle donne operate di cancro al seno<\/strong>, attraverso la pratica sportiva del dragon boat. A Torino, un gruppo spontaneo di donne operate al seno, venuta a contatto della realt\u00e0 di tante altre citt\u00e0 italiane si \u00e8 dedicata al <strong>dragonboating<\/strong> con ottimi risultati.<br \/>\nIl Dragon Boat, disciplina sportiva <strong>diffusa in tutto il mondo<\/strong>, prevede gare su imbarcazioni standard lunghe 12,66 metri con la testa e la coda a forma di dragone. Queste imbarcazioni sono <strong>sospinte da 20 atleti con pagaie<\/strong> al ritmo scandito del tamburino mentre il timoniere a poppa (sulla coda del drago) tiene la direzione guidando il timone.<\/p>\n<p><strong>PODISMO &#8211;\u00a0F\u00f2 di Pe: con la Quisa torna il grande podismo a Bergamo<\/strong><\/p>\n<p>Il grande <strong>podismo ritorna a Bergamo<\/strong> con l\u2019ottava edizione della <strong>\u201cCorsa sulla Quisa\u201d,<\/strong> manifestazione organizzata dalla <strong>societ\u00e0 F\u00f2 di Pe<\/strong> con il patrocinio di <strong>UISP Bergamo<\/strong>. L\u2019appuntamento \u00e8 per <strong>luned\u00ec 1 novembre<\/strong>, quando centinaia di appassionati si ritroveranno ad <strong>Alm\u00e8 per percorrere i 10 km<\/strong> previsti dalla gara, che si svilupper\u00e0 nei territori dei comuni di Alm\u00e8, Paladina, Valbrembo, Bergamo e del Parco Regionale dei Colli di Bergamo attraverso le sue piste ciclabili, con fondo stradale che alterna grandi tratti di asfalto a brevi sterrati.<br \/>\nLa <strong>partenza sar\u00e0 alle 9<\/strong>, per questa gara divertente ed emozionante, che segna il ritorno all\u2019organizzazione di gare da parte dei F\u00f2 di Pe del <strong>presidente Luigi Perego<\/strong>:\u00a0\u201cOrganizzando la Corsa sulla Quisa abbiamo voluto lanciare un messaggio di fiducia nel futuro &#8211; spiega il segretario organizzativo,\u00a0<strong>Matteo Lucchini\u00a0<\/strong>&#8211; e siamo soddisfatti della risposta dei tanti partecipanti che luned\u00ec si presenteranno ai nastri di partenza. Il rammarico \u00e8 quello di <strong>non poter ancora prevedere un momento conviviale nel dopo gara<\/strong>: una parte della gara importante tanto quanto quella agonistica\u201d.<br \/>\n(Fabio Spaterna \u2013 Uisp Bergamo)<\/p>\n","protected":false},"excerpt":{"rendered":"<p>Si chiama &#8220;Changing the Chants&#8221; e coinvolge diverse grandi squadre europee &#8211; Torino: le donne guidano i dragon boat sul Po &#8211; Bergamo, tornano le gare podistiche<\/p>\n","protected":false},"author":38,"featured_media":0,"comment_status":"open","ping_status":"open","sticky":false,"template":"","format":"standard","meta":{"footnotes":""},"categories":[9,14],"tags":[104646,104640],"acf":[],"yoast_head":"<!-- This site is optimized with the Yoast SEO plugin v20.1 - https:\/\/yoast.com\/wordpress\/plugins\/seo\/ -->\n<title>Il documentario che combatte razzismo e antisemitismo nel calcio<\/title>\n<meta name=\"description\" content=\"Si chiama &quot;Changing the Chants&quot; e coinvolge diverse grandi squadre europee - Torino: le donne guidano i dragon boat sul Po - Bergamo, tornano le gare podistiche\" \/>\n<meta name=\"robots\" content=\"noindex, follow, max-snippet:-1, max-image-preview:large, max-video-preview:-1\" \/>\n<meta property=\"og:locale\" content=\"it_IT\" \/>\n<meta property=\"og:type\" content=\"article\" \/>\n<meta property=\"og:title\" content=\"Il documentario che combatte razzismo e antisemitismo nel calcio\" \/>\n<meta property=\"og:description\" content=\"Si chiama &quot;Changing the Chants&quot; e coinvolge diverse grandi squadre europee - Torino: le donne guidano i dragon boat sul Po - Bergamo, tornano le gare podistiche\" \/>\n<meta property=\"og:url\" content=\"https:\/\/staging.varesenews.it\/2021\/10\/documentario-combatte-razzismo-antisemitismo-nel-calcio\/1393946\/\" \/>\n<meta property=\"og:site_name\" content=\"VareseNews\" \/>\n<meta property=\"article:publisher\" content=\"https:\/\/www.facebook.com\/varesenews\" \/>\n<meta property=\"article:published_time\" content=\"2021-10-27T09:14:39+00:00\" \/>\n<meta property=\"article:modified_time\" content=\"2021-11-02T23:54:57+00:00\" \/>\n<meta name=\"author\" content=\"Damiano Franzetti\" \/>\n<meta name=\"twitter:card\" content=\"summary_large_image\" \/>\n<meta name=\"twitter:creator\" content=\"@damianofranz\" \/>\n<meta name=\"twitter:site\" content=\"@varesenews\" \/>\n<meta name=\"twitter:label1\" content=\"Scritto da\" \/>\n\t<meta name=\"twitter:data1\" content=\"Damiano Franzetti\" \/>\n\t<meta name=\"twitter:label2\" content=\"Tempo di lettura stimato\" \/>\n\t<meta name=\"twitter:data2\" content=\"3 minuti\" \/>\n<script type=\"application\/ld+json\" class=\"yoast-schema-graph\">{\"@context\":\"https:\/\/schema.org\",\"@graph\":[{\"@type\":\"WebPage\",\"@id\":\"https:\/\/staging.varesenews.it\/2021\/10\/documentario-combatte-razzismo-antisemitismo-nel-calcio\/1393946\/\",\"url\":\"https:\/\/staging.varesenews.it\/2021\/10\/documentario-combatte-razzismo-antisemitismo-nel-calcio\/1393946\/\",\"name\":\"Il documentario che combatte razzismo e antisemitismo nel calcio\",\"isPartOf\":{\"@id\":\"https:\/\/staging.varesenews.it\/#website\"},\"datePublished\":\"2021-10-27T09:14:39+00:00\",\"dateModified\":\"2021-11-02T23:54:57+00:00\",\"author\":{\"@id\":\"https:\/\/staging.varesenews.it\/#\/schema\/person\/709ae3769f6b4dbde8ec332baede8a5b\"},\"description\":\"Si chiama \\\"Changing the Chants\\\" e coinvolge diverse grandi squadre europee - Torino: le donne guidano i dragon boat sul Po - Bergamo, tornano le gare podistiche\",\"breadcrumb\":{\"@id\":\"https:\/\/staging.varesenews.it\/2021\/10\/documentario-combatte-razzismo-antisemitismo-nel-calcio\/1393946\/#breadcrumb\"},\"inLanguage\":\"it-IT\",\"potentialAction\":[{\"@type\":\"ReadAction\",\"target\":[\"https:\/\/staging.varesenews.it\/2021\/10\/documentario-combatte-razzismo-antisemitismo-nel-calcio\/1393946\/\"]}]},{\"@type\":\"BreadcrumbList\",\"@id\":\"https:\/\/staging.varesenews.it\/2021\/10\/documentario-combatte-razzismo-antisemitismo-nel-calcio\/1393946\/#breadcrumb\",\"itemListElement\":[{\"@type\":\"ListItem\",\"position\":1,\"name\":\"Home\",\"item\":\"https:\/\/www.varesenews.it\/\"},{\"@type\":\"ListItem\",\"position\":2,\"name\":\"Il documentario che combatte razzismo e antisemitismo nel calcio\"}]},{\"@type\":\"WebSite\",\"@id\":\"https:\/\/staging.varesenews.it\/#website\",\"url\":\"https:\/\/staging.varesenews.it\/\",\"name\":\"VareseNews\",\"description\":\"\",\"potentialAction\":[{\"@type\":\"SearchAction\",\"target\":{\"@type\":\"EntryPoint\",\"urlTemplate\":\"https:\/\/staging.varesenews.it\/?s={search_term_string}\"},\"query-input\":\"required name=search_term_string\"}],\"inLanguage\":\"it-IT\"},{\"@type\":\"Person\",\"@id\":\"https:\/\/staging.varesenews.it\/#\/schema\/person\/709ae3769f6b4dbde8ec332baede8a5b\",\"name\":\"Damiano Franzetti\",\"image\":{\"@type\":\"ImageObject\",\"inLanguage\":\"it-IT\",\"@id\":\"https:\/\/staging.varesenews.it\/#\/schema\/person\/image\/\",\"url\":\"https:\/\/staging.varesenews.it\/wp-content\/uploads\/2020\/12\/damiano_franzetti_colori_500.jpg\",\"contentUrl\":\"https:\/\/staging.varesenews.it\/wp-content\/uploads\/2020\/12\/damiano_franzetti_colori_500.jpg\",\"caption\":\"Damiano Franzetti\"},\"description\":\"Classe 1976, una laurea (nel cassetto) in scienze e tecnologie alimentari; sono giornalista professionista dal 2009 nato e cresciuto con VareseNews dove mi occupo soprattutto di sport ormai da vent&rsquo;anni. Inviato sui campi (sulle piste, sulle strade...), intervistatore, coordinatore e responsabile delle pagine sportive, mi ritaglio volentieri lo spazio per scrivere di birra sul blog Malto Gradimento. Ho seguito innumerevoli campionati di Serie A di basket, di serie B di calcio, due Mondiali di ciclismo, qualche Giro d&rsquo;;Italia e tanto altro ancora. Collaboro con Tuttosport e altre testate, mi diletto di social. Ho una moglie, un figlio, vivo nella mia Gemonio e ho purtroppo smesso con il basket giocato. &nbsp;\",\"sameAs\":[\"damianofranz\",\"https:\/\/www.linkedin.com\/profile\/view?id=241597124&trk=nav_responsive_tab_profile\",\"https:\/\/twitter.com\/damianofranz\"],\"url\":\"https:\/\/staging.varesenews.it\/persona\/damiano_franzetti-2\/\"}]}<\/script>\n<!-- \/ Yoast SEO plugin. -->","yoast_head_json":{"title":"Il documentario che combatte razzismo e antisemitismo nel calcio","description":"Si chiama \"Changing the Chants\" e coinvolge diverse grandi squadre europee - Torino: le donne guidano i dragon boat sul Po - Bergamo, tornano le gare podistiche","robots":{"index":"noindex","follow":"follow","max-snippet":"max-snippet:-1","max-image-preview":"max-image-preview:large","max-video-preview":"max-video-preview:-1"},"og_locale":"it_IT","og_type":"article","og_title":"Il documentario che combatte razzismo e antisemitismo nel calcio","og_description":"Si chiama \"Changing the Chants\" e coinvolge diverse grandi squadre europee - Torino: le donne guidano i dragon boat sul Po - Bergamo, tornano le gare podistiche","og_url":"https:\/\/staging.varesenews.it\/2021\/10\/documentario-combatte-razzismo-antisemitismo-nel-calcio\/1393946\/","og_site_name":"VareseNews","article_publisher":"https:\/\/www.facebook.com\/varesenews","article_published_time":"2021-10-27T09:14:39+00:00","article_modified_time":"2021-11-02T23:54:57+00:00","author":"Damiano Franzetti","twitter_card":"summary_large_image","twitter_creator":"@damianofranz","twitter_site":"@varesenews","twitter_misc":{"Scritto da":"Damiano Franzetti","Tempo di lettura stimato":"3 minuti"},"schema":{"@context":"https:\/\/schema.org","@graph":[{"@type":"WebPage","@id":"https:\/\/staging.varesenews.it\/2021\/10\/documentario-combatte-razzismo-antisemitismo-nel-calcio\/1393946\/","url":"https:\/\/staging.varesenews.it\/2021\/10\/documentario-combatte-razzismo-antisemitismo-nel-calcio\/1393946\/","name":"Il documentario che combatte razzismo e antisemitismo nel calcio","isPartOf":{"@id":"https:\/\/staging.varesenews.it\/#website"},"datePublished":"2021-10-27T09:14:39+00:00","dateModified":"2021-11-02T23:54:57+00:00","author":{"@id":"https:\/\/staging.varesenews.it\/#\/schema\/person\/709ae3769f6b4dbde8ec332baede8a5b"},"description":"Si chiama \"Changing the Chants\" e coinvolge diverse grandi squadre europee - Torino: le donne guidano i dragon boat sul Po - Bergamo, tornano le gare podistiche","breadcrumb":{"@id":"https:\/\/staging.varesenews.it\/2021\/10\/documentario-combatte-razzismo-antisemitismo-nel-calcio\/1393946\/#breadcrumb"},"inLanguage":"it-IT","potentialAction":[{"@type":"ReadAction","target":["https:\/\/staging.varesenews.it\/2021\/10\/documentario-combatte-razzismo-antisemitismo-nel-calcio\/1393946\/"]}]},{"@type":"BreadcrumbList","@id":"https:\/\/staging.varesenews.it\/2021\/10\/documentario-combatte-razzismo-antisemitismo-nel-calcio\/1393946\/#breadcrumb","itemListElement":[{"@type":"ListItem","position":1,"name":"Home","item":"https:\/\/www.varesenews.it\/"},{"@type":"ListItem","position":2,"name":"Il documentario che combatte razzismo e antisemitismo nel calcio"}]},{"@type":"WebSite","@id":"https:\/\/staging.varesenews.it\/#website","url":"https:\/\/staging.varesenews.it\/","name":"VareseNews","description":"","potentialAction":[{"@type":"SearchAction","target":{"@type":"EntryPoint","urlTemplate":"https:\/\/staging.varesenews.it\/?s={search_term_string}"},"query-input":"required name=search_term_string"}],"inLanguage":"it-IT"},{"@type":"Person","@id":"https:\/\/staging.varesenews.it\/#\/schema\/person\/709ae3769f6b4dbde8ec332baede8a5b","name":"Damiano Franzetti","image":{"@type":"ImageObject","inLanguage":"it-IT","@id":"https:\/\/staging.varesenews.it\/#\/schema\/person\/image\/","url":"https:\/\/staging.varesenews.it\/wp-content\/uploads\/2020\/12\/damiano_franzetti_colori_500.jpg","contentUrl":"https:\/\/staging.varesenews.it\/wp-content\/uploads\/2020\/12\/damiano_franzetti_colori_500.jpg","caption":"Damiano Franzetti"},"description":"Classe 1976, una laurea (nel cassetto) in scienze e tecnologie alimentari; sono giornalista professionista dal 2009 nato e cresciuto con VareseNews dove mi occupo soprattutto di sport ormai da vent&rsquo;anni. Inviato sui campi (sulle piste, sulle strade...), intervistatore, coordinatore e responsabile delle pagine sportive, mi ritaglio volentieri lo spazio per scrivere di birra sul blog Malto Gradimento. Ho seguito innumerevoli campionati di Serie A di basket, di serie B di calcio, due Mondiali di ciclismo, qualche Giro d&rsquo;;Italia e tanto altro ancora. Collaboro con Tuttosport e altre testate, mi diletto di social. Ho una moglie, un figlio, vivo nella mia Gemonio e ho purtroppo smesso con il basket giocato. &nbsp;","sameAs":["damianofranz","https:\/\/www.linkedin.com\/profile\/view?id=241597124&trk=nav_responsive_tab_profile","https:\/\/twitter.com\/damianofranz"],"url":"https:\/\/staging.varesenews.it\/persona\/damiano_franzetti-2\/"}]}},"post_meta":{"_edit_lock":"1635325985:38","_edit_last":"38","_category_permalink":"a:1:{s:8:\"category\";s:2:\"14\";}","_encloseme":"1","ratings_users":"0","ratings_score":"0","ratings_average":"0","id_leggi_anche":"1393929,1393938","foto":"791508","firma-personalizzata":"A cura di Uisp Varese","argomento":"Notiziario UISP","_yoast_wpseo_content_score":"30","_jd_tweet_this":"yes","_wpt_short_url":"https:\/\/www.varesenews.it\/2021\/10\/documentario-combatte-razzismo-antisemitismo-nel-calcio\/1393946\/","_wp_jd_target":"https:\/\/www.varesenews.it\/2021\/10\/documentario-combatte-razzismo-antisemitismo-nel-calcio\/1393946\/","_jd_wp_twitter":"a:1:{i:0;s:193:\"Il documentario che combatte razzismo e antisemitismo nel calcio https:\/\/www.varesenews.it\/2021\/10\/documentario-combatte-razzismo-antisemitismo-nel-calcio\/1393946\/ #notiziariouisp #specialeuisp\";}","_wpt_status_message":"Tweet inviato con successo.","_oembed_0a060df007a3bd675a8f29aca8bc4105":"<blockquote class=\"wp-embedded-content\" data-secret=\"1B5F2O6k6f\"><a href=\"https:\/\/www.varesenews.it\/2021\/10\/spostare-la-direzione-regionale-bper-varese-milano-uno-schiaffo-al-territorio\/1393286\/\">&#8220;Spostare la direzione regionale di Bper da Varese a Milano \u00e8 uno schiaffo al territorio&#8221;<\/a><\/blockquote><iframe class=\"wp-embedded-content\" sandbox=\"allow-scripts\" security=\"restricted\" style=\"position: absolute; clip: rect(1px, 1px, 1px, 1px);\" src=\"https:\/\/www.varesenews.it\/2021\/10\/spostare-la-direzione-regionale-bper-varese-milano-uno-schiaffo-al-territorio\/1393286\/embed\/#?secret=1B5F2O6k6f\" data-secret=\"1B5F2O6k6f\" width=\"500\" height=\"282\" title=\"&#8220;&#8220;Spostare la direzione regionale di Bper da Varese a Milano \u00e8 uno schiaffo al territorio&#8221;&#8221; &#8212; VareseNews\" frameborder=\"0\" marginwidth=\"0\" marginheight=\"0\" scrolling=\"no\"><\/iframe>","_oembed_time_0a060df007a3bd675a8f29aca8bc4105":"1635326208","_oembed_5918eff0b316b0041ceee22e90bbf96f":"<iframe width=\"500\" height=\"281\" src=\"https:\/\/www.youtube.com\/embed\/TasHZZBsbBc?feature=oembed\" frameborder=\"0\" allow=\"accelerometer; autoplay; clipboard-write; encrypted-media; gyroscope; picture-in-picture\" allowfullscreen><\/iframe>","_oembed_time_5918eff0b316b0041ceee22e90bbf96f":"1635326209"},"photos":[{"original":"https:\/\/staging.varesenews.it\/photogallery_new\/images\/2020\/03\/notiziario-uisp-varese-791508.jpg","full":"https:\/\/staging.varesenews.it\/photogallery_new\/images\/2020\/03\/notiziario-uisp-varese-791508.1024x768.jpg","large":"https:\/\/staging.varesenews.it\/photogallery_new\/images\/2020\/03\/notiziario-uisp-varese-791508.610x431.jpg"}],"_links":{"self":[{"href":"https:\/\/staging.varesenews.it\/swgapi\/v1\/wp\/v2\/posts\/1393946"}],"collection":[{"href":"https:\/\/staging.varesenews.it\/swgapi\/v1\/wp\/v2\/posts"}],"about":[{"href":"https:\/\/staging.varesenews.it\/swgapi\/v1\/wp\/v2\/types\/post"}],"author":[{"embeddable":true,"href":"https:\/\/staging.varesenews.it\/swgapi\/v1\/wp\/v2\/users\/38"}],"replies":[{"embeddable":true,"href":"https:\/\/staging.varesenews.it\/swgapi\/v1\/wp\/v2\/comments?post=1393946"}],"version-history":[{"count":0,"href":"https:\/\/staging.varesenews.it\/swgapi\/v1\/wp\/v2\/posts\/1393946\/revisions"}],"wp:attachment":[{"href":"https:\/\/staging.varesenews.it\/swgapi\/v1\/wp\/v2\/media?parent=1393946"}],"wp:term":[{"taxonomy":"category","embeddable":true,"href":"https:\/\/staging.varesenews.it\/swgapi\/v1\/wp\/v2\/categories?post=1393946"},{"taxonomy":"post_tag","embeddable":true,"href":"https:\/\/staging.varesenews.it\/swgapi\/v1\/wp\/v2\/tags?post=1393946"}],"curies":[{"name":"wp","href":"https:\/\/api.w.org\/{rel}","templated":true}]}}