{"id":1394767,"date":"2021-10-29T10:27:57","date_gmt":"2021-10-29T08:27:57","guid":{"rendered":"http:\/\/www.varesenews.it\/2021\/10\/da-malpensa-a-rovaniemi-easyjet-e-il-volo-di-babbo-natale\/1394767\/"},"modified":"2021-11-03T00:18:51","modified_gmt":"2021-11-02T23:18:51","slug":"da-malpensa-a-rovaniemi-easyjet-e-il-volo-di-babbo-natale","status":"publish","type":"post","link":"https:\/\/staging.varesenews.it\/2021\/10\/da-malpensa-a-rovaniemi-easyjet-e-il-volo-di-babbo-natale\/1394767\/","title":{"rendered":"Da Malpensa a Rovaniemi: Easyjet e il volo di Babbo Natale"},"content":{"rendered":"<p>EasyJet apre otto nuove rotte internazionali per l&#8217;inverno e la stagione natalizia. Tra cui il volo da Milano Malpensa verso Rovaniemi: il volo di Babbo Natale.<\/p>\n<p><strong>A partire dal 1\u00b0 dicembre<\/strong>, e per tutta la restante parte della stagione invernale, con easyJet sar\u00e0 possibile volare da Milano Linate a Berlino Brandeburgo con collegamenti giornalieri. Vengono raddoppiati i<strong> collegamenti tra l&#8217;aeroporto di Milano e lo scalo di Amsterdam<\/strong>, che salgono a due al giorno, e <strong>confermate le rotte per Parigi &#8211; sia Charles de Gaulle che Orly e Londra Gatwick.<\/strong> La nuova rotta milanese si aggiunge a quella gi\u00e0 in vendita e operativa a partire dal 20 febbraio 2022 con <a href=\"https:\/\/www.malpensanews.it\/2021\/10\/easyjet-rilancia-su-milano-malpensa-con-una-nuova-rotta-per-porto\/866640\/\">frequenza giornaliera che collegher\u00e0 Milano Malpensa e Porto<\/a>.<\/p>\n<p>In vista delle vacanze natalizie, EasyJet voler\u00e0 poi verso il villaggio del pilota di slitte pi\u00f9 amato dai suoi passeggeri pi\u00f9 piccoli: <strong>a partire dal 19 dicembre<\/strong>, la compagnia lancer\u00e0 infatti il nuovo collegamento <strong>da Milano Malpensa verso Rovaniemi, con due voli a settimana<\/strong>. E per chi non vede l\u2019ora di ricongiungersi con famigliari e amici per le festivit\u00e0 natalizie, easyJet ha inaugurato ulteriori nuove rotte dall\u2019Aeroporto di Bruxelles-National con Napoli, Catania e Palermo \u2013 dagli scali siciliani sar\u00e0 possibile raggiungere anche Zurigo. Inoltre, easyJet potenzia ulteriormente la propria capacit\u00e0 da e verso la Sardegna estendendo, a partire dal 17 dicembre, la rotta che collega l&#8217;Aeroporto di Milano Bergamo e Olbia.<\/p>\n<p>Non vi piace il freddo? Preferite il mare anche d\u2019inverno? \u00a0Dall\u2019Aeroporto Internazionale di <strong>Napoli \u00e8 gi\u00e0 possibile raggiungere Tel Aviv<\/strong> e, <strong>a partire dal 31 ottobre, Tenerife<\/strong> \u2013 entrambe gi\u00e0 collegate con Milano Malpensa. Inoltre, dal 31 ottobre dall\u2019aeroporto Marco Polo di Venezia e, dal 3 novembre dallo scalo campano, sar\u00e0 possibile volare con collegamenti bisettimanali verso le bellezze esotiche di Sharm el-Sheikh.<\/p>\n<p>Infine, per gli appassionati di mercatini natalizi e luminarie o per coloro che non riescono a resistere al profumo di cannella e vin br\u00fbl\u00e9, con easyJet la Svizzera non \u00e8 mai stata cos\u00ec vicina. La compagnia, infatti,<strong> inaugura un nuovo collegamento tra Bari e Basilea e intensifica i collegamenti con Zurigo<\/strong> riaprendo le rotte con frequenze bisettimanali da Brindisi e Napoli, operative rispettivamente dal 16 e dal 17 dicembre e fino al 10 gennaio.<\/p>\n<p><strong>Collegamenti per la stagione invernale 2021-2022<\/strong><\/p>\n<p><strong>\u00a0<\/strong><\/p>\n<table width=\"519\">\n<tbody>\n<tr>\n<td width=\"160\"><strong>Rotta<\/strong><\/td>\n<td width=\"113\"><strong>Operativo da<\/strong><\/td>\n<td width=\"246\"><strong>Voli settimanali<\/strong><\/td>\n<\/tr>\n<tr>\n<td width=\"160\"><strong>Milano Linate \u2013 Berlino<\/strong><\/td>\n<td width=\"113\">01\/12\/2021<\/td>\n<td width=\"246\">7 (lun, mar, mer, gio, ven, sab, dom)<\/td>\n<\/tr>\n<tr>\n<td width=\"160\"><strong>Bari- Basilea<\/strong><\/td>\n<td width=\"113\">02\/12\/2021<\/td>\n<td width=\"246\">2 (mar, sab)<\/td>\n<\/tr>\n<\/tbody>\n<\/table>\n<p><strong>\u00a0<\/strong><\/p>\n<p><strong>\u00a0<\/strong><\/p>\n<p><strong>Collegamenti per la stagione natalizia 2021-2022<\/strong><\/p>\n<p><strong>\u00a0<\/strong><\/p>\n<table width=\"519\">\n<tbody>\n<tr>\n<td width=\"198\"><strong>Rotta<\/strong><\/td>\n<td width=\"170\"><strong>Operativo da, al<\/strong><\/td>\n<td width=\"151\"><strong>Voli settimanali<\/strong><\/td>\n<\/tr>\n<tr>\n<td width=\"198\"><strong>Milano Malpensa &#8211; Rovaniemi<\/strong><\/td>\n<td width=\"170\">19\/12\/2021, 09\/01\/2022<\/td>\n<td width=\"151\">2 (mer, dom)<\/td>\n<\/tr>\n<tr>\n<td width=\"198\"><strong>Napoli &#8211; Brussels<\/strong><\/td>\n<td width=\"170\">16\/12\/2021, 09\/01\/2022<\/td>\n<td width=\"151\">3 (mar, ven, dom)<\/td>\n<\/tr>\n<tr>\n<td width=\"198\"><strong>Catania \u2013 Brussels<\/strong><\/td>\n<td width=\"170\">17\/12\/2021, 10\/01\/2022<\/td>\n<td width=\"151\">2 (lun, ven)<\/td>\n<\/tr>\n<tr>\n<td width=\"198\"><strong>Palermo \u2013 Brussels<\/strong><\/td>\n<td width=\"170\">18\/12\/2021, 08\/01\/2022<\/td>\n<td width=\"151\">2 (mar, sab)<\/td>\n<\/tr>\n<tr>\n<td width=\"198\"><strong>Palermo \u2013 Zurigo<\/strong><\/td>\n<td width=\"170\">17\/12\/2021, 10\/01\/2022<\/td>\n<td width=\"151\">3 (lun, ven, dom)<\/td>\n<\/tr>\n<tr>\n<td width=\"198\"><strong>Catania \u2013 Zurigo<\/strong><\/td>\n<td width=\"170\">16\/12\/2021, 08\/01\/2022<\/td>\n<td width=\"151\">3 (mar, gio, sab)<\/td>\n<\/tr>\n<tr>\n<td width=\"198\"><strong>Brindisi \u2013 Zurigo<\/strong><\/td>\n<td width=\"170\">17\/12\/2021, 10\/01\/2022<\/td>\n<td width=\"151\">2 (lun, ven)<\/td>\n<\/tr>\n<tr>\n<td width=\"198\"><strong>Napoli \u2013 Zurigo<\/strong><\/td>\n<td width=\"170\">16\/12\/2021, 10\/01\/2022<\/td>\n<td width=\"151\">2 (lun, gio)<\/td>\n<\/tr>\n<tr>\n<td width=\"198\"><strong>Milano Bergamo \u2013 Olbia<\/strong><\/td>\n<td width=\"170\">17\/12\/2021, 09\/01\/2022<\/td>\n<td width=\"151\">3 (lun, ven, dom)<\/td>\n<\/tr>\n<\/tbody>\n<\/table>\n<p><strong>\u00a0<\/strong><\/p>\n","protected":false},"excerpt":{"rendered":"<p>\u00c8 tra le nuove rotte della compagnia low cost in vista del Natale<\/p>\n","protected":false},"author":46,"featured_media":0,"comment_status":"open","ping_status":"open","sticky":false,"template":"","format":"standard","meta":{"footnotes":""},"categories":[1],"tags":[],"acf":[],"yoast_head":"<!-- This site is optimized with the Yoast SEO plugin v20.1 - https:\/\/yoast.com\/wordpress\/plugins\/seo\/ -->\n<title>Da Malpensa a Rovaniemi: Easyjet e il volo di Babbo Natale<\/title>\n<meta name=\"description\" content=\"\u00c8 tra le nuove rotte della compagnia low cost in vista del Natale\" \/>\n<meta name=\"robots\" content=\"noindex, follow, max-snippet:-1, max-image-preview:large, max-video-preview:-1\" \/>\n<meta property=\"og:locale\" content=\"it_IT\" \/>\n<meta property=\"og:type\" content=\"article\" \/>\n<meta property=\"og:title\" content=\"Da Malpensa a Rovaniemi: Easyjet e il volo di Babbo Natale\" \/>\n<meta property=\"og:description\" content=\"\u00c8 tra le nuove rotte della compagnia low cost in vista del Natale\" \/>\n<meta property=\"og:url\" content=\"https:\/\/staging.varesenews.it\/2021\/10\/da-malpensa-a-rovaniemi-easyjet-e-il-volo-di-babbo-natale\/1394767\/\" \/>\n<meta property=\"og:site_name\" content=\"VareseNews\" \/>\n<meta property=\"article:publisher\" content=\"https:\/\/www.facebook.com\/varesenews\" \/>\n<meta property=\"article:published_time\" content=\"2021-10-29T08:27:57+00:00\" \/>\n<meta property=\"article:modified_time\" content=\"2021-11-02T23:18:51+00:00\" \/>\n<meta name=\"author\" content=\"Roberto Morandi\" \/>\n<meta name=\"twitter:card\" content=\"summary_large_image\" \/>\n<meta name=\"twitter:creator\" content=\"@ilmorands\" \/>\n<meta name=\"twitter:site\" content=\"@varesenews\" \/>\n<meta name=\"twitter:label1\" content=\"Scritto da\" \/>\n\t<meta name=\"twitter:data1\" content=\"Roberto Morandi\" \/>\n\t<meta name=\"twitter:label2\" content=\"Tempo di lettura stimato\" \/>\n\t<meta name=\"twitter:data2\" content=\"2 minuti\" \/>\n<script type=\"application\/ld+json\" class=\"yoast-schema-graph\">{\"@context\":\"https:\/\/schema.org\",\"@graph\":[{\"@type\":\"WebPage\",\"@id\":\"https:\/\/staging.varesenews.it\/2021\/10\/da-malpensa-a-rovaniemi-easyjet-e-il-volo-di-babbo-natale\/1394767\/\",\"url\":\"https:\/\/staging.varesenews.it\/2021\/10\/da-malpensa-a-rovaniemi-easyjet-e-il-volo-di-babbo-natale\/1394767\/\",\"name\":\"Da Malpensa a Rovaniemi: Easyjet e il volo di Babbo Natale\",\"isPartOf\":{\"@id\":\"https:\/\/staging.varesenews.it\/#website\"},\"datePublished\":\"2021-10-29T08:27:57+00:00\",\"dateModified\":\"2021-11-02T23:18:51+00:00\",\"author\":{\"@id\":\"https:\/\/staging.varesenews.it\/#\/schema\/person\/efe592ae4c76536b551f89d8b6674bc3\"},\"description\":\"\u00c8 tra le nuove rotte della compagnia low cost in vista del Natale\",\"breadcrumb\":{\"@id\":\"https:\/\/staging.varesenews.it\/2021\/10\/da-malpensa-a-rovaniemi-easyjet-e-il-volo-di-babbo-natale\/1394767\/#breadcrumb\"},\"inLanguage\":\"it-IT\",\"potentialAction\":[{\"@type\":\"ReadAction\",\"target\":[\"https:\/\/staging.varesenews.it\/2021\/10\/da-malpensa-a-rovaniemi-easyjet-e-il-volo-di-babbo-natale\/1394767\/\"]}]},{\"@type\":\"BreadcrumbList\",\"@id\":\"https:\/\/staging.varesenews.it\/2021\/10\/da-malpensa-a-rovaniemi-easyjet-e-il-volo-di-babbo-natale\/1394767\/#breadcrumb\",\"itemListElement\":[{\"@type\":\"ListItem\",\"position\":1,\"name\":\"Home\",\"item\":\"https:\/\/www.varesenews.it\/\"},{\"@type\":\"ListItem\",\"position\":2,\"name\":\"Da Malpensa a Rovaniemi: Easyjet e il volo di Babbo Natale\"}]},{\"@type\":\"WebSite\",\"@id\":\"https:\/\/staging.varesenews.it\/#website\",\"url\":\"https:\/\/staging.varesenews.it\/\",\"name\":\"VareseNews\",\"description\":\"\",\"potentialAction\":[{\"@type\":\"SearchAction\",\"target\":{\"@type\":\"EntryPoint\",\"urlTemplate\":\"https:\/\/staging.varesenews.it\/?s={search_term_string}\"},\"query-input\":\"required name=search_term_string\"}],\"inLanguage\":\"it-IT\"},{\"@type\":\"Person\",\"@id\":\"https:\/\/staging.varesenews.it\/#\/schema\/person\/efe592ae4c76536b551f89d8b6674bc3\",\"name\":\"Roberto Morandi\",\"image\":{\"@type\":\"ImageObject\",\"inLanguage\":\"it-IT\",\"@id\":\"https:\/\/staging.varesenews.it\/#\/schema\/person\/image\/\",\"url\":\"https:\/\/staging.varesenews.it\/wp-content\/uploads\/2020\/12\/roberto_morandi_colori_500.jpg\",\"contentUrl\":\"https:\/\/staging.varesenews.it\/wp-content\/uploads\/2020\/12\/roberto_morandi_colori_500.jpg\",\"caption\":\"Roberto Morandi\"},\"description\":\"Classe 1980, laureato in storia, mi occupo dell&rsquo;area di Gallarate e di Malpensa, di trasporti e mobilit&agrave;. Amo molto la dimensione della citt&agrave;, come luogo d&rsquo;incontro di persone diverse e come organismo che si trasforma costantemente. Mi piace anche raccontare le piccole e grandi vicende, anche locali, che compongono la Storia con la S maiuscola. Appassionato di bicicletta: la macchina perfetta per muoversi in citt&agrave; e per viaggiare.\",\"sameAs\":[\"https:\/\/twitter.com\/ilmorands\"],\"url\":\"https:\/\/staging.varesenews.it\/persona\/roberto-morandi1\/\"}]}<\/script>\n<!-- \/ Yoast SEO plugin. -->","yoast_head_json":{"title":"Da Malpensa a Rovaniemi: Easyjet e il volo di Babbo Natale","description":"\u00c8 tra le nuove rotte della compagnia low cost in vista del Natale","robots":{"index":"noindex","follow":"follow","max-snippet":"max-snippet:-1","max-image-preview":"max-image-preview:large","max-video-preview":"max-video-preview:-1"},"og_locale":"it_IT","og_type":"article","og_title":"Da Malpensa a Rovaniemi: Easyjet e il volo di Babbo Natale","og_description":"\u00c8 tra le nuove rotte della compagnia low cost in vista del Natale","og_url":"https:\/\/staging.varesenews.it\/2021\/10\/da-malpensa-a-rovaniemi-easyjet-e-il-volo-di-babbo-natale\/1394767\/","og_site_name":"VareseNews","article_publisher":"https:\/\/www.facebook.com\/varesenews","article_published_time":"2021-10-29T08:27:57+00:00","article_modified_time":"2021-11-02T23:18:51+00:00","author":"Roberto Morandi","twitter_card":"summary_large_image","twitter_creator":"@ilmorands","twitter_site":"@varesenews","twitter_misc":{"Scritto da":"Roberto Morandi","Tempo di lettura stimato":"2 minuti"},"schema":{"@context":"https:\/\/schema.org","@graph":[{"@type":"WebPage","@id":"https:\/\/staging.varesenews.it\/2021\/10\/da-malpensa-a-rovaniemi-easyjet-e-il-volo-di-babbo-natale\/1394767\/","url":"https:\/\/staging.varesenews.it\/2021\/10\/da-malpensa-a-rovaniemi-easyjet-e-il-volo-di-babbo-natale\/1394767\/","name":"Da Malpensa a Rovaniemi: Easyjet e il volo di Babbo Natale","isPartOf":{"@id":"https:\/\/staging.varesenews.it\/#website"},"datePublished":"2021-10-29T08:27:57+00:00","dateModified":"2021-11-02T23:18:51+00:00","author":{"@id":"https:\/\/staging.varesenews.it\/#\/schema\/person\/efe592ae4c76536b551f89d8b6674bc3"},"description":"\u00c8 tra le nuove rotte della compagnia low cost in vista del Natale","breadcrumb":{"@id":"https:\/\/staging.varesenews.it\/2021\/10\/da-malpensa-a-rovaniemi-easyjet-e-il-volo-di-babbo-natale\/1394767\/#breadcrumb"},"inLanguage":"it-IT","potentialAction":[{"@type":"ReadAction","target":["https:\/\/staging.varesenews.it\/2021\/10\/da-malpensa-a-rovaniemi-easyjet-e-il-volo-di-babbo-natale\/1394767\/"]}]},{"@type":"BreadcrumbList","@id":"https:\/\/staging.varesenews.it\/2021\/10\/da-malpensa-a-rovaniemi-easyjet-e-il-volo-di-babbo-natale\/1394767\/#breadcrumb","itemListElement":[{"@type":"ListItem","position":1,"name":"Home","item":"https:\/\/www.varesenews.it\/"},{"@type":"ListItem","position":2,"name":"Da Malpensa a Rovaniemi: Easyjet e il volo di Babbo Natale"}]},{"@type":"WebSite","@id":"https:\/\/staging.varesenews.it\/#website","url":"https:\/\/staging.varesenews.it\/","name":"VareseNews","description":"","potentialAction":[{"@type":"SearchAction","target":{"@type":"EntryPoint","urlTemplate":"https:\/\/staging.varesenews.it\/?s={search_term_string}"},"query-input":"required name=search_term_string"}],"inLanguage":"it-IT"},{"@type":"Person","@id":"https:\/\/staging.varesenews.it\/#\/schema\/person\/efe592ae4c76536b551f89d8b6674bc3","name":"Roberto Morandi","image":{"@type":"ImageObject","inLanguage":"it-IT","@id":"https:\/\/staging.varesenews.it\/#\/schema\/person\/image\/","url":"https:\/\/staging.varesenews.it\/wp-content\/uploads\/2020\/12\/roberto_morandi_colori_500.jpg","contentUrl":"https:\/\/staging.varesenews.it\/wp-content\/uploads\/2020\/12\/roberto_morandi_colori_500.jpg","caption":"Roberto Morandi"},"description":"Classe 1980, laureato in storia, mi occupo dell&rsquo;area di Gallarate e di Malpensa, di trasporti e mobilit&agrave;. Amo molto la dimensione della citt&agrave;, come luogo d&rsquo;incontro di persone diverse e come organismo che si trasforma costantemente. Mi piace anche raccontare le piccole e grandi vicende, anche locali, che compongono la Storia con la S maiuscola. Appassionato di bicicletta: la macchina perfetta per muoversi in citt&agrave; e per viaggiare.","sameAs":["https:\/\/twitter.com\/ilmorands"],"url":"https:\/\/staging.varesenews.it\/persona\/roberto-morandi1\/"}]}},"post_meta":{"_encloseme":"1","ratings_users":"0","ratings_score":"0","ratings_average":"0","_wpt_short_url":"http:\/\/www.varesenews.it\/2021\/10\/da-malpensa-a-rovaniemi-easyjet-e-il-volo-di-babbo-natale\/1394767\/","_wp_jd_target":"http:\/\/www.varesenews.it\/2021\/10\/da-malpensa-a-rovaniemi-easyjet-e-il-volo-di-babbo-natale\/1394767\/","_jd_wp_twitter":"a:1:{i:0;s:159:\"Da Malpensa a Rovaniemi: Easyjet e il volo di Babbo Natale http:\/\/www.varesenews.it\/2021\/10\/da-malpensa-a-rovaniemi-easyjet-e-il-volo-di-babbo-natale\/1394767\/ \";}","_wpt_status_message":"Tweet inviato con successo.","foto":"1258180","firma_come_redazione":"1","argomento":"Malpensa","edinet_newssharer_oguid":"https:\/\/www.malpensanews.it\/?p=867253","edinet_newssharer_canonical":"https:\/\/www.malpensanews.it\/2021\/10\/da-malpensa-a-rovaniemi-easyjet-e-il-volo-di-babbo-natale\/867253\/","_edit_lock":"1635500161:46","_edit_last":"46","_category_permalink":"a:1:{s:8:\"category\";s:0:\"\";}","_yoast_wpseo_content_score":"30","_jd_tweet_this":"yes"},"photos":[{"original":"https:\/\/staging.varesenews.it\/photogallery_new\/images\/2021\/10\/generica-2020-1258180.jpg","full":"https:\/\/staging.varesenews.it\/photogallery_new\/images\/2021\/10\/generica-2020-1258180.1024x768.jpg","large":"https:\/\/staging.varesenews.it\/photogallery_new\/images\/2021\/10\/generica-2020-1258180.610x431.jpg"}],"_links":{"self":[{"href":"https:\/\/staging.varesenews.it\/swgapi\/v1\/wp\/v2\/posts\/1394767"}],"collection":[{"href":"https:\/\/staging.varesenews.it\/swgapi\/v1\/wp\/v2\/posts"}],"about":[{"href":"https:\/\/staging.varesenews.it\/swgapi\/v1\/wp\/v2\/types\/post"}],"author":[{"embeddable":true,"href":"https:\/\/staging.varesenews.it\/swgapi\/v1\/wp\/v2\/users\/46"}],"replies":[{"embeddable":true,"href":"https:\/\/staging.varesenews.it\/swgapi\/v1\/wp\/v2\/comments?post=1394767"}],"version-history":[{"count":0,"href":"https:\/\/staging.varesenews.it\/swgapi\/v1\/wp\/v2\/posts\/1394767\/revisions"}],"wp:attachment":[{"href":"https:\/\/staging.varesenews.it\/swgapi\/v1\/wp\/v2\/media?parent=1394767"}],"wp:term":[{"taxonomy":"category","embeddable":true,"href":"https:\/\/staging.varesenews.it\/swgapi\/v1\/wp\/v2\/categories?post=1394767"},{"taxonomy":"post_tag","embeddable":true,"href":"https:\/\/staging.varesenews.it\/swgapi\/v1\/wp\/v2\/tags?post=1394767"}],"curies":[{"name":"wp","href":"https:\/\/api.w.org\/{rel}","templated":true}]}}