{"id":1396718,"date":"2021-11-04T14:00:07","date_gmt":"2021-11-04T13:00:07","guid":{"rendered":"https:\/\/www.varesenews.it\/?p=1396718"},"modified":"2021-11-04T14:00:07","modified_gmt":"2021-11-04T13:00:07","slug":"due-anni-alloculistica-dellospedale-busto-manca-laser-la-cataratta-arrivera-breve","status":"publish","type":"post","link":"https:\/\/staging.varesenews.it\/2021\/11\/due-anni-alloculistica-dellospedale-busto-manca-laser-la-cataratta-arrivera-breve\/1396718\/","title":{"rendered":"Da due anni all&#8217;oculistica dell&#8217;ospedale di Busto manca il laser per la cataratta: &#8220;Arriver\u00e0 a breve&#8221;"},"content":{"rendered":"<p class=\"p1\"><span class=\"s1\"><strong>Da due anni chiede di essere sottoposta a intervento.<\/strong> Da due anni si sente dire che <strong>il macchinario \u00e8 rotto ed \u00e8 in riparazione.<\/strong> Accade all\u2019<strong>ospedale di Busto Arsizio, nel reparto di oculistica.<\/strong> <\/span><\/p>\n<p class=\"p1\"><span class=\"s1\">Alla signora in questione era stata diagnosticata <strong>una cataratta bilaterale secondaria.<\/strong> Per sistemare il problema visivo dovrebbe essere sottoposta a un intervento con il laser per fissare i cristallini artificiali:<span class=\"Apple-converted-space\">\u00a0 <\/span>\u00ab In due anni &#8211; ci scrive la donna &#8211;\u00a0 non sono mai riuscita a prendere appuntamento in quanto la segreteria dell\u2019ambulatorio di oculistica mi risponde che la macchina non \u00e8 disponibile perch\u00e9 \u00e8 stata inviata a fare una manutenzione<span class=\"Apple-converted-space\">\u00a0 <\/span>e per urgenze dovrei contattare altre strutture.<br \/>\n<\/span><span class=\"s1\">Mi chiedo: ma <strong>come pu\u00f2 un macchinario del genere\u201d sparire\u201d per due anni e non saperne pi\u00f9 nulla?<\/strong> Cosa ha fatto finora la dirigenza amministrativa dell\u2019ospedale?\u00bb.<\/span><\/p>\n<p class=\"p1\"><span class=\"s1\">Effettivamente, nel reparto di oculistica al Circolo di Busto Arsizio il macchinario laser non c\u2019\u00e8. La pandemia, che ha pesantemente colpito il presidio bustocco chiamato a gestire la fase acuta della pandemia, ha contribuito a far slittare tutte le situazioni di non emergenza: \u00ab Il nostro ospedale ha dovuto far fronte a una criticit\u00e0 importante &#8211; spiega il <strong>direttore di presidio dottoressa Adelina Salzillo<\/strong> &#8211; per lungo tempo abbiamo dovuto fermare ogni attivit\u00e0 che non avesse il carattere dell\u2019urgenza soprattutto di tipo oncologico. Ora stiamo ripartendo e proprio <strong>nei giorni scorsi, ho firmato l\u2019ordine di acquisto del nuovo macchinario<\/strong> per effettuare questo tipo di intervento sulla cataratta secondaria, cio\u00e8 recidiva. <strong>Si tratta di un apparecchio pi\u00f9 sofisticato che viene utilizzato per una parte ridotta dell\u2019utenza dell\u2019oculistica<\/strong>. Ora ritengo che entro un mese al massimo arrivi questo laser e quindi potremo avviare l\u2019attivit\u00e0 recuperando la lista d\u2019attesa\u00bb.<\/span><\/p>\n","protected":false},"excerpt":{"rendered":"<p>Una paziente segnala la situazione che la vede coinvolta. Si tratta di un macchinario utilizzato nelle recidive. La direttrice di presidio Salzillo spiega che \u00e8 stato appena fatto un ordine di acquisto<\/p>\n","protected":false},"author":33,"featured_media":0,"comment_status":"open","ping_status":"open","sticky":false,"template":"","format":"standard","meta":{"footnotes":""},"categories":[4,24],"tags":[118963],"acf":[],"yoast_head":"<!-- This site is optimized with the Yoast SEO plugin v20.1 - https:\/\/yoast.com\/wordpress\/plugins\/seo\/ -->\n<title>Da due anni all&#039;oculistica dell&#039;ospedale di Busto manca il laser per la cataratta: &quot;Arriver\u00e0 a breve&quot;<\/title>\n<meta name=\"description\" content=\"Una paziente segnala la situazione che la vede coinvolta. Si tratta di un macchinario utilizzato nelle recidive. La direttrice di presidio Salzillo spiega che \u00e8 stato appena fatto un ordine di acquisto\" \/>\n<meta name=\"robots\" content=\"noindex, follow, max-snippet:-1, max-image-preview:large, max-video-preview:-1\" \/>\n<meta property=\"og:locale\" content=\"it_IT\" \/>\n<meta property=\"og:type\" content=\"article\" \/>\n<meta property=\"og:title\" content=\"Da due anni all&#039;oculistica dell&#039;ospedale di Busto manca il laser per la cataratta: &quot;Arriver\u00e0 a breve&quot;\" \/>\n<meta property=\"og:description\" content=\"Una paziente segnala la situazione che la vede coinvolta. Si tratta di un macchinario utilizzato nelle recidive. La direttrice di presidio Salzillo spiega che \u00e8 stato appena fatto un ordine di acquisto\" \/>\n<meta property=\"og:url\" content=\"https:\/\/www.varesenews.it\/2021\/11\/due-anni-alloculistica-dellospedale-busto-manca-laser-la-cataratta-arrivera-breve\/1396718\/\" \/>\n<meta property=\"og:site_name\" content=\"VareseNews\" \/>\n<meta property=\"article:publisher\" content=\"https:\/\/www.facebook.com\/varesenews\" \/>\n<meta property=\"article:author\" content=\"alessandra.toni7\" \/>\n<meta property=\"article:published_time\" content=\"2021-11-04T13:00:07+00:00\" \/>\n<meta name=\"author\" content=\"Alessandra Toni\" \/>\n<meta name=\"twitter:card\" content=\"summary_large_image\" \/>\n<meta name=\"twitter:creator\" content=\"@alessandra_toni\" \/>\n<meta name=\"twitter:site\" content=\"@varesenews\" \/>\n<meta name=\"twitter:label1\" content=\"Scritto da\" \/>\n\t<meta name=\"twitter:data1\" content=\"Alessandra Toni\" \/>\n\t<meta name=\"twitter:label2\" content=\"Tempo di lettura stimato\" \/>\n\t<meta name=\"twitter:data2\" content=\"1 minuto\" \/>\n<script type=\"application\/ld+json\" class=\"yoast-schema-graph\">{\"@context\":\"https:\/\/schema.org\",\"@graph\":[{\"@type\":\"WebPage\",\"@id\":\"https:\/\/www.varesenews.it\/2021\/11\/due-anni-alloculistica-dellospedale-busto-manca-laser-la-cataratta-arrivera-breve\/1396718\/\",\"url\":\"https:\/\/www.varesenews.it\/2021\/11\/due-anni-alloculistica-dellospedale-busto-manca-laser-la-cataratta-arrivera-breve\/1396718\/\",\"name\":\"Da due anni all'oculistica dell'ospedale di Busto manca il laser per la cataratta: \\\"Arriver\u00e0 a breve\\\"\",\"isPartOf\":{\"@id\":\"https:\/\/staging.varesenews.it\/#website\"},\"datePublished\":\"2021-11-04T13:00:07+00:00\",\"dateModified\":\"2021-11-04T13:00:07+00:00\",\"author\":{\"@id\":\"https:\/\/staging.varesenews.it\/#\/schema\/person\/2643ce123d4a3c9511e015dc548779b8\"},\"description\":\"Una paziente segnala la situazione che la vede coinvolta. Si tratta di un macchinario utilizzato nelle recidive. La direttrice di presidio Salzillo spiega che \u00e8 stato appena fatto un ordine di acquisto\",\"breadcrumb\":{\"@id\":\"https:\/\/www.varesenews.it\/2021\/11\/due-anni-alloculistica-dellospedale-busto-manca-laser-la-cataratta-arrivera-breve\/1396718\/#breadcrumb\"},\"inLanguage\":\"it-IT\",\"potentialAction\":[{\"@type\":\"ReadAction\",\"target\":[\"https:\/\/www.varesenews.it\/2021\/11\/due-anni-alloculistica-dellospedale-busto-manca-laser-la-cataratta-arrivera-breve\/1396718\/\"]}]},{\"@type\":\"BreadcrumbList\",\"@id\":\"https:\/\/www.varesenews.it\/2021\/11\/due-anni-alloculistica-dellospedale-busto-manca-laser-la-cataratta-arrivera-breve\/1396718\/#breadcrumb\",\"itemListElement\":[{\"@type\":\"ListItem\",\"position\":1,\"name\":\"Home\",\"item\":\"https:\/\/www.varesenews.it\/\"},{\"@type\":\"ListItem\",\"position\":2,\"name\":\"Da due anni all&#8217;oculistica dell&#8217;ospedale di Busto manca il laser per la cataratta: &#8220;Arriver\u00e0 a breve&#8221;\"}]},{\"@type\":\"WebSite\",\"@id\":\"https:\/\/staging.varesenews.it\/#website\",\"url\":\"https:\/\/staging.varesenews.it\/\",\"name\":\"VareseNews\",\"description\":\"\",\"potentialAction\":[{\"@type\":\"SearchAction\",\"target\":{\"@type\":\"EntryPoint\",\"urlTemplate\":\"https:\/\/staging.varesenews.it\/?s={search_term_string}\"},\"query-input\":\"required name=search_term_string\"}],\"inLanguage\":\"it-IT\"},{\"@type\":\"Person\",\"@id\":\"https:\/\/staging.varesenews.it\/#\/schema\/person\/2643ce123d4a3c9511e015dc548779b8\",\"name\":\"Alessandra Toni\",\"image\":{\"@type\":\"ImageObject\",\"inLanguage\":\"it-IT\",\"@id\":\"https:\/\/staging.varesenews.it\/#\/schema\/person\/image\/\",\"url\":\"https:\/\/staging.varesenews.it\/wp-content\/uploads\/2020\/12\/alessandra_toni_colori_500.jpg\",\"contentUrl\":\"https:\/\/staging.varesenews.it\/wp-content\/uploads\/2020\/12\/alessandra_toni_colori_500.jpg\",\"caption\":\"Alessandra Toni\"},\"description\":\"Sono entrata nella redazione di VareseNews nel lontano anno 2000. Ero reduce da una bellissima esperienza nella redazione giornalistica della TV Nuova Antennatre, sotto la direzione dell'indimenticabile direttore Adolfo Caldarini. Sono arrivata quando era ancora una piccola realt\u00e0 editoriale e insieme abbiamo fatto un lungo ed entusiasmante lavoro. Mi occupo prevalentemente di scuola e di sanit\u00e0, settori impegnativi di grande valore sociale.\u00a0\",\"sameAs\":[\"alessandra.toni7\",\"alessandra.toni\",\"https:\/\/twitter.com\/alessandra_toni\"],\"url\":\"https:\/\/staging.varesenews.it\/persona\/alessandra_toni1\/\"}]}<\/script>\n<!-- \/ Yoast SEO plugin. -->","yoast_head_json":{"title":"Da due anni all'oculistica dell'ospedale di Busto manca il laser per la cataratta: \"Arriver\u00e0 a breve\"","description":"Una paziente segnala la situazione che la vede coinvolta. Si tratta di un macchinario utilizzato nelle recidive. La direttrice di presidio Salzillo spiega che \u00e8 stato appena fatto un ordine di acquisto","robots":{"index":"noindex","follow":"follow","max-snippet":"max-snippet:-1","max-image-preview":"max-image-preview:large","max-video-preview":"max-video-preview:-1"},"og_locale":"it_IT","og_type":"article","og_title":"Da due anni all'oculistica dell'ospedale di Busto manca il laser per la cataratta: \"Arriver\u00e0 a breve\"","og_description":"Una paziente segnala la situazione che la vede coinvolta. Si tratta di un macchinario utilizzato nelle recidive. La direttrice di presidio Salzillo spiega che \u00e8 stato appena fatto un ordine di acquisto","og_url":"https:\/\/www.varesenews.it\/2021\/11\/due-anni-alloculistica-dellospedale-busto-manca-laser-la-cataratta-arrivera-breve\/1396718\/","og_site_name":"VareseNews","article_publisher":"https:\/\/www.facebook.com\/varesenews","article_author":"alessandra.toni7","article_published_time":"2021-11-04T13:00:07+00:00","author":"Alessandra Toni","twitter_card":"summary_large_image","twitter_creator":"@alessandra_toni","twitter_site":"@varesenews","twitter_misc":{"Scritto da":"Alessandra Toni","Tempo di lettura stimato":"1 minuto"},"schema":{"@context":"https:\/\/schema.org","@graph":[{"@type":"WebPage","@id":"https:\/\/www.varesenews.it\/2021\/11\/due-anni-alloculistica-dellospedale-busto-manca-laser-la-cataratta-arrivera-breve\/1396718\/","url":"https:\/\/www.varesenews.it\/2021\/11\/due-anni-alloculistica-dellospedale-busto-manca-laser-la-cataratta-arrivera-breve\/1396718\/","name":"Da due anni all'oculistica dell'ospedale di Busto manca il laser per la cataratta: \"Arriver\u00e0 a breve\"","isPartOf":{"@id":"https:\/\/staging.varesenews.it\/#website"},"datePublished":"2021-11-04T13:00:07+00:00","dateModified":"2021-11-04T13:00:07+00:00","author":{"@id":"https:\/\/staging.varesenews.it\/#\/schema\/person\/2643ce123d4a3c9511e015dc548779b8"},"description":"Una paziente segnala la situazione che la vede coinvolta. Si tratta di un macchinario utilizzato nelle recidive. La direttrice di presidio Salzillo spiega che \u00e8 stato appena fatto un ordine di acquisto","breadcrumb":{"@id":"https:\/\/www.varesenews.it\/2021\/11\/due-anni-alloculistica-dellospedale-busto-manca-laser-la-cataratta-arrivera-breve\/1396718\/#breadcrumb"},"inLanguage":"it-IT","potentialAction":[{"@type":"ReadAction","target":["https:\/\/www.varesenews.it\/2021\/11\/due-anni-alloculistica-dellospedale-busto-manca-laser-la-cataratta-arrivera-breve\/1396718\/"]}]},{"@type":"BreadcrumbList","@id":"https:\/\/www.varesenews.it\/2021\/11\/due-anni-alloculistica-dellospedale-busto-manca-laser-la-cataratta-arrivera-breve\/1396718\/#breadcrumb","itemListElement":[{"@type":"ListItem","position":1,"name":"Home","item":"https:\/\/www.varesenews.it\/"},{"@type":"ListItem","position":2,"name":"Da due anni all&#8217;oculistica dell&#8217;ospedale di Busto manca il laser per la cataratta: &#8220;Arriver\u00e0 a breve&#8221;"}]},{"@type":"WebSite","@id":"https:\/\/staging.varesenews.it\/#website","url":"https:\/\/staging.varesenews.it\/","name":"VareseNews","description":"","potentialAction":[{"@type":"SearchAction","target":{"@type":"EntryPoint","urlTemplate":"https:\/\/staging.varesenews.it\/?s={search_term_string}"},"query-input":"required name=search_term_string"}],"inLanguage":"it-IT"},{"@type":"Person","@id":"https:\/\/staging.varesenews.it\/#\/schema\/person\/2643ce123d4a3c9511e015dc548779b8","name":"Alessandra Toni","image":{"@type":"ImageObject","inLanguage":"it-IT","@id":"https:\/\/staging.varesenews.it\/#\/schema\/person\/image\/","url":"https:\/\/staging.varesenews.it\/wp-content\/uploads\/2020\/12\/alessandra_toni_colori_500.jpg","contentUrl":"https:\/\/staging.varesenews.it\/wp-content\/uploads\/2020\/12\/alessandra_toni_colori_500.jpg","caption":"Alessandra Toni"},"description":"Sono entrata nella redazione di VareseNews nel lontano anno 2000. Ero reduce da una bellissima esperienza nella redazione giornalistica della TV Nuova Antennatre, sotto la direzione dell'indimenticabile direttore Adolfo Caldarini. Sono arrivata quando era ancora una piccola realt\u00e0 editoriale e insieme abbiamo fatto un lungo ed entusiasmante lavoro. Mi occupo prevalentemente di scuola e di sanit\u00e0, settori impegnativi di grande valore sociale.\u00a0","sameAs":["alessandra.toni7","alessandra.toni","https:\/\/twitter.com\/alessandra_toni"],"url":"https:\/\/staging.varesenews.it\/persona\/alessandra_toni1\/"}]}},"post_meta":{"_edit_lock":"1636033101:33","_edit_last":"33","_category_permalink":"a:1:{s:8:\"category\";s:2:\"24\";}","foto":"1257993","firma-personalizzata":"A.T.","argomento":"Busto Arsizio","_yoast_wpseo_content_score":"30","_jd_tweet_this":"yes","_encloseme":"1","ratings_users":"0","ratings_score":"0","ratings_average":"0","_wpt_short_url":"https:\/\/www.varesenews.it\/2021\/11\/due-anni-alloculistica-dellospedale-busto-manca-laser-la-cataratta-arrivera-breve\/1396718\/","_wp_jd_target":"https:\/\/www.varesenews.it\/2021\/11\/due-anni-alloculistica-dellospedale-busto-manca-laser-la-cataratta-arrivera-breve\/1396718\/","_jd_wp_twitter":"a:1:{i:0;s:248:\"Da due anni all\u2019oculistica dell\u2019ospedale di Busto manca il laser per la cataratta: \u201cArriver\u00e0 a brev https:\/\/www.varesenews.it\/2021\/11\/due-anni-alloculistica-dellospedale-busto-manca-laser-la-cataratta-arrivera-breve\/1396718\/ #asstvalleolobna\";}","_wpt_status_message":"Tweet inviato con successo.","_oembed_8e2a77b16651664417c40d1e6e2dac9c":"<blockquote class=\"wp-embedded-content\" data-secret=\"sZx1jyVp7L\"><a href=\"https:\/\/www.varesenews.it\/2020\/07\/lago-ceresio-le-bellezze-luoghi-tutti-scoprire\/945098\/\">Lago Ceresio \u00e8&#8230; le bellezze di luoghi tutti da scoprire<\/a><\/blockquote><iframe class=\"wp-embedded-content\" sandbox=\"allow-scripts\" security=\"restricted\" style=\"position: absolute; clip: rect(1px, 1px, 1px, 1px);\" src=\"https:\/\/www.varesenews.it\/2020\/07\/lago-ceresio-le-bellezze-luoghi-tutti-scoprire\/945098\/embed\/#?secret=sZx1jyVp7L\" data-secret=\"sZx1jyVp7L\" width=\"500\" height=\"282\" title=\"&#8220;Lago Ceresio \u00e8&#8230; le bellezze di luoghi tutti da scoprire&#8221; &#8212; VareseNews\" frameborder=\"0\" marginwidth=\"0\" marginheight=\"0\" scrolling=\"no\"><\/iframe>","_oembed_time_8e2a77b16651664417c40d1e6e2dac9c":"1636030858","_oembed_789564a1b0a493a4cc64ebdebf198f67":"<blockquote class=\"wp-embedded-content\" data-secret=\"Yqaq6pg75d\"><a href=\"https:\/\/www.varesenews.it\/2021\/10\/nuova-segnaletica-alla-stazione-cantello-gaggiolo-arrivano-40-posti-auto-piu\/1392796\/\">Nuova segnaletica alla stazione di Cantello Gaggiolo: arrivano 40 posti auto in pi\u00f9<\/a><\/blockquote><iframe class=\"wp-embedded-content\" sandbox=\"allow-scripts\" security=\"restricted\" style=\"position: absolute; clip: rect(1px, 1px, 1px, 1px);\" src=\"https:\/\/www.varesenews.it\/2021\/10\/nuova-segnaletica-alla-stazione-cantello-gaggiolo-arrivano-40-posti-auto-piu\/1392796\/embed\/#?secret=Yqaq6pg75d\" data-secret=\"Yqaq6pg75d\" width=\"500\" height=\"282\" title=\"&#8220;Nuova segnaletica alla stazione di Cantello Gaggiolo: arrivano 40 posti auto in pi\u00f9&#8221; &#8212; VareseNews\" frameborder=\"0\" marginwidth=\"0\" marginheight=\"0\" scrolling=\"no\"><\/iframe>","_oembed_time_789564a1b0a493a4cc64ebdebf198f67":"1636030858","_oembed_ad7eb858848d041e73d2178732dad57e":"<blockquote class=\"wp-embedded-content\" data-secret=\"9NzEMOtuOZ\"><a href=\"https:\/\/www.varesenews.it\/2019\/05\/volontari-cinema-incontro\/823627\/\">300 chilometri per &#8220;staccare i biglietti&#8221;: la magia del cinema gestito dai volontari<\/a><\/blockquote><iframe class=\"wp-embedded-content\" sandbox=\"allow-scripts\" security=\"restricted\" style=\"position: absolute; clip: rect(1px, 1px, 1px, 1px);\" src=\"https:\/\/www.varesenews.it\/2019\/05\/volontari-cinema-incontro\/823627\/embed\/#?secret=9NzEMOtuOZ\" data-secret=\"9NzEMOtuOZ\" width=\"500\" height=\"282\" title=\"&#8220;300 chilometri per &#8220;staccare i biglietti&#8221;: la magia del cinema gestito dai volontari&#8221; &#8212; VareseNews\" frameborder=\"0\" marginwidth=\"0\" marginheight=\"0\" scrolling=\"no\"><\/iframe>","_oembed_time_ad7eb858848d041e73d2178732dad57e":"1636030918","_oembed_2825b86109bd3846a52197a70838b37b":"<blockquote class=\"wp-embedded-content\" data-secret=\"04AazhwVjd\"><a href=\"https:\/\/www.varesenews.it\/2019\/08\/sulle-tracce-dei-longobardi-castelseprio-torba-v4u-archeo\/843157\/\">Sulle tracce dei Longobardi a Castelseprio &#8211; Torba con V4U Archeo<\/a><\/blockquote><iframe class=\"wp-embedded-content\" sandbox=\"allow-scripts\" security=\"restricted\" style=\"position: absolute; clip: rect(1px, 1px, 1px, 1px);\" src=\"https:\/\/www.varesenews.it\/2019\/08\/sulle-tracce-dei-longobardi-castelseprio-torba-v4u-archeo\/843157\/embed\/#?secret=04AazhwVjd\" data-secret=\"04AazhwVjd\" width=\"500\" height=\"282\" title=\"&#8220;Sulle tracce dei Longobardi a Castelseprio &#8211; Torba con V4U Archeo&#8221; &#8212; VareseNews\" frameborder=\"0\" marginwidth=\"0\" marginheight=\"0\" scrolling=\"no\"><\/iframe>","_oembed_time_2825b86109bd3846a52197a70838b37b":"1636030918","_oembed_26e296b8b3a9621d33d96b03e31fe3df":"<blockquote class=\"wp-embedded-content\" data-secret=\"UTuVV6YmaO\"><a href=\"https:\/\/www.varesenews.it\/2020\/10\/fascino-del-sacro-monte-varese-visto-dallalto\/969760\/\">Il fascino del Sacro Monte di Varese visto dall&#8217;alto<\/a><\/blockquote><iframe class=\"wp-embedded-content\" sandbox=\"allow-scripts\" security=\"restricted\" style=\"position: absolute; clip: rect(1px, 1px, 1px, 1px);\" src=\"https:\/\/www.varesenews.it\/2020\/10\/fascino-del-sacro-monte-varese-visto-dallalto\/969760\/embed\/#?secret=UTuVV6YmaO\" data-secret=\"UTuVV6YmaO\" width=\"500\" height=\"282\" title=\"&#8220;Il fascino del Sacro Monte di Varese visto dall&#8217;alto&#8221; &#8212; VareseNews\" frameborder=\"0\" marginwidth=\"0\" marginheight=\"0\" scrolling=\"no\"><\/iframe>","_oembed_time_26e296b8b3a9621d33d96b03e31fe3df":"1636030918","_oembed_60c14f0ed6bf228f708125c81be88e88":"<blockquote class=\"wp-embedded-content\" data-secret=\"kl9RCfCMpr\"><a href=\"https:\/\/www.varesenews.it\/2020\/12\/al-borgo-del-sacro-monte-migliaia-lucine-accendono-natale-grazie-alla-passione-dei-volontari\/1285396\/\">Al borgo del Sacro Monte migliaia di lucine accendono il Natale grazie alla passione dei volontari<\/a><\/blockquote><iframe class=\"wp-embedded-content\" sandbox=\"allow-scripts\" security=\"restricted\" style=\"position: absolute; clip: rect(1px, 1px, 1px, 1px);\" src=\"https:\/\/www.varesenews.it\/2020\/12\/al-borgo-del-sacro-monte-migliaia-lucine-accendono-natale-grazie-alla-passione-dei-volontari\/1285396\/embed\/#?secret=kl9RCfCMpr\" data-secret=\"kl9RCfCMpr\" width=\"500\" height=\"282\" title=\"&#8220;Al borgo del Sacro Monte migliaia di lucine accendono il Natale grazie alla passione dei volontari&#8221; &#8212; VareseNews\" frameborder=\"0\" marginwidth=\"0\" marginheight=\"0\" scrolling=\"no\"><\/iframe>","_oembed_time_60c14f0ed6bf228f708125c81be88e88":"1636030918","_oembed_7f64901181c9fa0992cea9dfa9895a51":"<blockquote class=\"wp-embedded-content\" data-secret=\"KtVQ5PEM58\"><a href=\"https:\/\/www.varesenews.it\/2021\/10\/le-lucine-leggiuno-si-spostano-laveno-mombello\/1387631\/\">Le lucine di Natale di Leggiuno si spostano a Laveno Mombello<\/a><\/blockquote><iframe class=\"wp-embedded-content\" sandbox=\"allow-scripts\" security=\"restricted\" style=\"position: absolute; clip: rect(1px, 1px, 1px, 1px);\" src=\"https:\/\/www.varesenews.it\/2021\/10\/le-lucine-leggiuno-si-spostano-laveno-mombello\/1387631\/embed\/#?secret=KtVQ5PEM58\" data-secret=\"KtVQ5PEM58\" width=\"500\" height=\"282\" title=\"&#8220;Le lucine di Natale di Leggiuno si spostano a Laveno Mombello&#8221; &#8212; VareseNews\" frameborder=\"0\" marginwidth=\"0\" marginheight=\"0\" scrolling=\"no\"><\/iframe>","_oembed_time_7f64901181c9fa0992cea9dfa9895a51":"1636030918","_oembed_aa2cbf26feb70c0ba968953359df935c":"<blockquote class=\"wp-embedded-content\" data-secret=\"NwPLB1y1kb\"><a href=\"https:\/\/www.varesenews.it\/2020\/01\/lepifania-porta-cammello-re-dei-dolci-delle-pasticcerie-varesotte\/887287\/\">L&#8217;Epifania porta il cammello, re dei dolci nelle pasticcerie varesotte<\/a><\/blockquote><iframe class=\"wp-embedded-content\" sandbox=\"allow-scripts\" security=\"restricted\" style=\"position: absolute; clip: rect(1px, 1px, 1px, 1px);\" src=\"https:\/\/www.varesenews.it\/2020\/01\/lepifania-porta-cammello-re-dei-dolci-delle-pasticcerie-varesotte\/887287\/embed\/#?secret=NwPLB1y1kb\" data-secret=\"NwPLB1y1kb\" width=\"500\" height=\"282\" title=\"&#8220;L&#8217;Epifania porta il cammello, re dei dolci nelle pasticcerie varesotte&#8221; &#8212; VareseNews\" frameborder=\"0\" marginwidth=\"0\" marginheight=\"0\" scrolling=\"no\"><\/iframe>","_oembed_time_aa2cbf26feb70c0ba968953359df935c":"1636030918","_oembed_b8c17edc72e7e8cdf673bf743a6abb4b":"<blockquote class=\"wp-embedded-content\" data-secret=\"l3WlspKxaO\"><a href=\"https:\/\/www.varesenews.it\/2021\/10\/samarate-mancano-condivisione-dialogo-anche-allinterno-della-maggioranza\/1394392\/\">&#8220;A Samarate mancano condivisione e dialogo anche all&#8217;interno della maggioranza&#8221;<\/a><\/blockquote><iframe class=\"wp-embedded-content\" sandbox=\"allow-scripts\" security=\"restricted\" style=\"position: absolute; clip: rect(1px, 1px, 1px, 1px);\" src=\"https:\/\/www.varesenews.it\/2021\/10\/samarate-mancano-condivisione-dialogo-anche-allinterno-della-maggioranza\/1394392\/embed\/#?secret=l3WlspKxaO\" data-secret=\"l3WlspKxaO\" width=\"500\" height=\"282\" title=\"&#8220;&#8220;A Samarate mancano condivisione e dialogo anche all&#8217;interno della maggioranza&#8221;&#8221; &#8212; VareseNews\" frameborder=\"0\" marginwidth=\"0\" marginheight=\"0\" scrolling=\"no\"><\/iframe>","_oembed_time_b8c17edc72e7e8cdf673bf743a6abb4b":"1636030919","_oembed_217d66ea1e5bd1ac7ee332e44f2015aa":"<iframe width=\"500\" height=\"281\" src=\"https:\/\/www.youtube.com\/embed\/videoseries?list=OLAK5uy_ljOlZQvimZY2rrMvjp-XEOOUJyPwC_Hkk\" frameborder=\"0\" allow=\"accelerometer; autoplay; clipboard-write; encrypted-media; gyroscope; picture-in-picture\" allowfullscreen><\/iframe>","_oembed_time_217d66ea1e5bd1ac7ee332e44f2015aa":"1636030939","_oembed_772fe5b35dfd6f7617fa3a2969868e9f":"<blockquote class=\"wp-embedded-content\" data-secret=\"5WYuRuA4Cq\"><a href=\"https:\/\/www.varesenews.it\/2021\/10\/libri-cominciare-ad-affrontare-le-paure-vista-halloween\/1388114\/\">Libri per cominciare ad affrontare le paure in vista di Halloween<\/a><\/blockquote><iframe class=\"wp-embedded-content\" sandbox=\"allow-scripts\" security=\"restricted\" style=\"position: absolute; clip: rect(1px, 1px, 1px, 1px);\" src=\"https:\/\/www.varesenews.it\/2021\/10\/libri-cominciare-ad-affrontare-le-paure-vista-halloween\/1388114\/embed\/#?secret=5WYuRuA4Cq\" data-secret=\"5WYuRuA4Cq\" width=\"500\" height=\"282\" title=\"&#8220;Libri per cominciare ad affrontare le paure in vista di Halloween&#8221; &#8212; VareseNews\" frameborder=\"0\" marginwidth=\"0\" marginheight=\"0\" scrolling=\"no\"><\/iframe>","_oembed_time_772fe5b35dfd6f7617fa3a2969868e9f":"1636030940","_oembed_1b800b879e69b0ad0e212614482f1885":"<blockquote class=\"wp-embedded-content\" data-secret=\"KlPDGYFkXc\"><a href=\"https:\/\/www.varesenews.it\/2021\/10\/dalla-citta-dal-bosco-paure-affrontare-le-pagine\/1393219\/\">Dalla citt\u00e0 al bosco: paure da affrontare tra le pagine<\/a><\/blockquote><iframe class=\"wp-embedded-content\" sandbox=\"allow-scripts\" security=\"restricted\" style=\"position: absolute; clip: rect(1px, 1px, 1px, 1px);\" src=\"https:\/\/www.varesenews.it\/2021\/10\/dalla-citta-dal-bosco-paure-affrontare-le-pagine\/1393219\/embed\/#?secret=KlPDGYFkXc\" data-secret=\"KlPDGYFkXc\" width=\"500\" height=\"282\" title=\"&#8220;Dalla citt\u00e0 al bosco: paure da affrontare tra le pagine&#8221; &#8212; VareseNews\" frameborder=\"0\" marginwidth=\"0\" marginheight=\"0\" scrolling=\"no\"><\/iframe>","_oembed_time_1b800b879e69b0ad0e212614482f1885":"1636030941","_oembed_2264b6be63ef63ae7854838f62472975":"<iframe width=\"500\" height=\"281\" src=\"https:\/\/www.youtube.com\/embed\/videoseries?list=OLAK5uy_kcdTV9DHP8chjWvVCDONrizSnps-SWcyw\" frameborder=\"0\" allow=\"accelerometer; autoplay; clipboard-write; encrypted-media; gyroscope; picture-in-picture\" allowfullscreen><\/iframe>","_oembed_time_2264b6be63ef63ae7854838f62472975":"1636030940","_oembed_e38d96661db41de9849ade1052f02119":"<blockquote class=\"wp-embedded-content\" data-secret=\"4Ct1mwrH4y\"><a href=\"https:\/\/www.varesenews.it\/2021\/08\/rapina-un-passante-un-coltello-la-polizia-lo-arresta-viale-valganna-varese\/1368725\/\">Rapina un passante con un coltello, la polizia lo arresta in Viale Valganna a Varese<\/a><\/blockquote><iframe class=\"wp-embedded-content\" sandbox=\"allow-scripts\" security=\"restricted\" style=\"position: absolute; clip: rect(1px, 1px, 1px, 1px);\" src=\"https:\/\/www.varesenews.it\/2021\/08\/rapina-un-passante-un-coltello-la-polizia-lo-arresta-viale-valganna-varese\/1368725\/embed\/#?secret=4Ct1mwrH4y\" data-secret=\"4Ct1mwrH4y\" width=\"500\" height=\"282\" title=\"&#8220;Rapina un passante con un coltello, la polizia lo arresta in Viale Valganna a Varese&#8221; &#8212; VareseNews\" frameborder=\"0\" marginwidth=\"0\" marginheight=\"0\" scrolling=\"no\"><\/iframe>","_oembed_time_e38d96661db41de9849ade1052f02119":"1636031094","_oembed_ac952ff9661cebe4c0b1e7f778753643":"<blockquote class=\"wp-embedded-content\" data-secret=\"OeOnVIrgFP\"><a href=\"https:\/\/www.varesenews.it\/2021\/01\/la-solidarieta-spontanea-gallarate-porta-1500-scatole-natale\/1294748\/\">La solidariet\u00e0 spontanea di Gallarate porta 1500 &#8220;scatole di Natale&#8221;<\/a><\/blockquote><iframe class=\"wp-embedded-content\" sandbox=\"allow-scripts\" security=\"restricted\" style=\"position: absolute; clip: rect(1px, 1px, 1px, 1px);\" src=\"https:\/\/www.varesenews.it\/2021\/01\/la-solidarieta-spontanea-gallarate-porta-1500-scatole-natale\/1294748\/embed\/#?secret=OeOnVIrgFP\" data-secret=\"OeOnVIrgFP\" width=\"500\" height=\"282\" title=\"&#8220;La solidariet\u00e0 spontanea di Gallarate porta 1500 &#8220;scatole di Natale&#8221;&#8221; &#8212; VareseNews\" frameborder=\"0\" marginwidth=\"0\" marginheight=\"0\" scrolling=\"no\"><\/iframe>","_oembed_time_ac952ff9661cebe4c0b1e7f778753643":"1636031094","_oembed_8b400619d6e7965ff263dabe3c7cdb55":"<blockquote class=\"wp-embedded-content\" data-secret=\"yNpFCg75K8\"><a href=\"https:\/\/www.legnanonews.com\/aree-geografiche\/legnano\/2021\/11\/04\/legnano-torna-a-premiare-i-suoi-cittadini-dieci-benemerenze-civiche-nella-festa-del-santo-patrono\/1002285\/\">Legnano torna a premiare i &#8220;suoi&#8221; cittadini: dieci benemerenze civiche nella festa del Santo Patrono<\/a><\/blockquote><iframe class=\"wp-embedded-content\" sandbox=\"allow-scripts\" security=\"restricted\" style=\"position: absolute; clip: rect(1px, 1px, 1px, 1px);\" src=\"https:\/\/www.legnanonews.com\/aree-geografiche\/legnano\/2021\/11\/04\/legnano-torna-a-premiare-i-suoi-cittadini-dieci-benemerenze-civiche-nella-festa-del-santo-patrono\/1002285\/embed\/#?secret=yNpFCg75K8\" data-secret=\"yNpFCg75K8\" width=\"500\" height=\"282\" title=\"&#8220;Legnano torna a premiare i &#8220;suoi&#8221; cittadini: dieci benemerenze civiche nella festa del Santo Patrono&#8221; &#8212; LegnanoNews\" frameborder=\"0\" marginwidth=\"0\" marginheight=\"0\" scrolling=\"no\"><\/iframe>","_oembed_time_8b400619d6e7965ff263dabe3c7cdb55":"1636031095","_oembed_5e88a64204bd1692a6bf91c1a9c61603":"<blockquote class=\"wp-embedded-content\" data-secret=\"2AhshgxI18\"><a href=\"https:\/\/www.varesenews.it\/2021\/08\/rapina-al-supermercato-olgiate-olona-carabinieri-polizia-arrestano-malviventi\/1371356\/\">Rapina al supermercato di Olgiate Olona, Carabinieri e Polizia arrestano i malviventi<\/a><\/blockquote><iframe class=\"wp-embedded-content\" sandbox=\"allow-scripts\" security=\"restricted\" style=\"position: absolute; clip: rect(1px, 1px, 1px, 1px);\" src=\"https:\/\/www.varesenews.it\/2021\/08\/rapina-al-supermercato-olgiate-olona-carabinieri-polizia-arrestano-malviventi\/1371356\/embed\/#?secret=2AhshgxI18\" data-secret=\"2AhshgxI18\" width=\"500\" height=\"282\" title=\"&#8220;Rapina al supermercato di Olgiate Olona, Carabinieri e Polizia arrestano i malviventi&#8221; &#8212; VareseNews\" frameborder=\"0\" marginwidth=\"0\" marginheight=\"0\" scrolling=\"no\"><\/iframe>","_oembed_time_5e88a64204bd1692a6bf91c1a9c61603":"1636031096","_oembed_05936c68ce44ed0a4248fc6ba4524140":"<blockquote class=\"wp-embedded-content\" data-secret=\"xkXh1qen9h\"><a href=\"https:\/\/www.varesenews.it\/2021\/08\/la-rapina-vanno-comprare-droga-cosi-stati-arrestati-tre-rapinatori-olgiate-olona\/1371649\/\">Dopo la rapina vanno a comprare droga, cos\u00ec sono stati arrestati i rapinatori di Olgiate Olona<\/a><\/blockquote><iframe class=\"wp-embedded-content\" sandbox=\"allow-scripts\" security=\"restricted\" style=\"position: absolute; clip: rect(1px, 1px, 1px, 1px);\" src=\"https:\/\/www.varesenews.it\/2021\/08\/la-rapina-vanno-comprare-droga-cosi-stati-arrestati-tre-rapinatori-olgiate-olona\/1371649\/embed\/#?secret=xkXh1qen9h\" data-secret=\"xkXh1qen9h\" width=\"500\" height=\"282\" title=\"&#8220;Dopo la rapina vanno a comprare droga, cos\u00ec sono stati arrestati i rapinatori di Olgiate Olona&#8221; &#8212; VareseNews\" frameborder=\"0\" marginwidth=\"0\" marginheight=\"0\" scrolling=\"no\"><\/iframe>","_oembed_time_05936c68ce44ed0a4248fc6ba4524140":"1636031096","_oembed_cf9c8d1bff05bc8e2d282302d81dfb2e":"<blockquote class=\"wp-embedded-content\" data-secret=\"ChO0158WeP\"><a href=\"https:\/\/www.varesenews.it\/2021\/08\/rapina-olgiate-olona-emerge-un-quarto-uomo-convincerci-notte-sballo\/1372259\/\">Rapina di Olgiate Olona, emerge un quarto uomo: &#8220;\u00c8 stato lui a convincerci dopo una notte di sballo&#8221;<\/a><\/blockquote><iframe class=\"wp-embedded-content\" sandbox=\"allow-scripts\" security=\"restricted\" style=\"position: absolute; clip: rect(1px, 1px, 1px, 1px);\" src=\"https:\/\/www.varesenews.it\/2021\/08\/rapina-olgiate-olona-emerge-un-quarto-uomo-convincerci-notte-sballo\/1372259\/embed\/#?secret=ChO0158WeP\" data-secret=\"ChO0158WeP\" width=\"500\" height=\"282\" title=\"&#8220;Rapina di Olgiate Olona, emerge un quarto uomo: &#8220;\u00c8 stato lui a convincerci dopo una notte di sballo&#8221;&#8221; &#8212; VareseNews\" frameborder=\"0\" marginwidth=\"0\" marginheight=\"0\" scrolling=\"no\"><\/iframe>","_oembed_time_cf9c8d1bff05bc8e2d282302d81dfb2e":"1636031096","_oembed_445dc619166d54caf2215527100e8da4":"<blockquote class=\"wp-embedded-content\" data-secret=\"SB9PZxG0Ne\"><a href=\"https:\/\/www.varesenews.it\/2021\/10\/beffa-rigore-la-pro-patria-la-giana-pareggia-al-novantesimo\/1395476\/\">Beffa di rigore per la Pro Patria, la Giana pareggia al novantesimo<\/a><\/blockquote><iframe class=\"wp-embedded-content\" sandbox=\"allow-scripts\" security=\"restricted\" style=\"position: absolute; clip: rect(1px, 1px, 1px, 1px);\" src=\"https:\/\/www.varesenews.it\/2021\/10\/beffa-rigore-la-pro-patria-la-giana-pareggia-al-novantesimo\/1395476\/embed\/#?secret=SB9PZxG0Ne\" data-secret=\"SB9PZxG0Ne\" width=\"500\" height=\"282\" title=\"&#8220;Beffa di rigore per la Pro Patria, la Giana pareggia al novantesimo&#8221; &#8212; VareseNews\" frameborder=\"0\" marginwidth=\"0\" marginheight=\"0\" scrolling=\"no\"><\/iframe>","_oembed_time_445dc619166d54caf2215527100e8da4":"1636031435","_oembed_6d954af3e50ebf523a30790dfec8a8b2":"<blockquote class=\"wp-embedded-content\" data-secret=\"3uZIjwSQem\"><a href=\"https:\/\/www.varesenews.it\/2020\/11\/al-via-tamponi-molecolari-alla-base-nato-solbiate-olona-4-postazione-800-test-al-giorno\/1277883\/\">Al via i tamponi molecolari alla base Nato di Solbiate Olona\u00a0con 4 postazioni e 800 test al giorno<\/a><\/blockquote><iframe class=\"wp-embedded-content\" sandbox=\"allow-scripts\" security=\"restricted\" style=\"position: absolute; clip: rect(1px, 1px, 1px, 1px);\" src=\"https:\/\/www.varesenews.it\/2020\/11\/al-via-tamponi-molecolari-alla-base-nato-solbiate-olona-4-postazione-800-test-al-giorno\/1277883\/embed\/#?secret=3uZIjwSQem\" data-secret=\"3uZIjwSQem\" width=\"500\" height=\"282\" title=\"&#8220;Al via i tamponi molecolari alla base Nato di Solbiate Olona\u00a0con 4 postazioni e 800 test al giorno&#8221; &#8212; VareseNews\" frameborder=\"0\" marginwidth=\"0\" marginheight=\"0\" scrolling=\"no\"><\/iframe>","_oembed_time_6d954af3e50ebf523a30790dfec8a8b2":"1636031435"},"photos":[{"original":"https:\/\/staging.varesenews.it\/photogallery_new\/images\/2021\/10\/ospedale-di-busto-1257993.jpg","full":"https:\/\/staging.varesenews.it\/photogallery_new\/images\/2021\/10\/ospedale-di-busto-1257993.1024x768.jpg","large":"https:\/\/staging.varesenews.it\/photogallery_new\/images\/2021\/10\/ospedale-di-busto-1257993.610x431.jpg"}],"_links":{"self":[{"href":"https:\/\/staging.varesenews.it\/swgapi\/v1\/wp\/v2\/posts\/1396718"}],"collection":[{"href":"https:\/\/staging.varesenews.it\/swgapi\/v1\/wp\/v2\/posts"}],"about":[{"href":"https:\/\/staging.varesenews.it\/swgapi\/v1\/wp\/v2\/types\/post"}],"author":[{"embeddable":true,"href":"https:\/\/staging.varesenews.it\/swgapi\/v1\/wp\/v2\/users\/33"}],"replies":[{"embeddable":true,"href":"https:\/\/staging.varesenews.it\/swgapi\/v1\/wp\/v2\/comments?post=1396718"}],"version-history":[{"count":0,"href":"https:\/\/staging.varesenews.it\/swgapi\/v1\/wp\/v2\/posts\/1396718\/revisions"}],"wp:attachment":[{"href":"https:\/\/staging.varesenews.it\/swgapi\/v1\/wp\/v2\/media?parent=1396718"}],"wp:term":[{"taxonomy":"category","embeddable":true,"href":"https:\/\/staging.varesenews.it\/swgapi\/v1\/wp\/v2\/categories?post=1396718"},{"taxonomy":"post_tag","embeddable":true,"href":"https:\/\/staging.varesenews.it\/swgapi\/v1\/wp\/v2\/tags?post=1396718"}],"curies":[{"name":"wp","href":"https:\/\/api.w.org\/{rel}","templated":true}]}}