{"id":1396939,"date":"2021-11-07T00:41:46","date_gmt":"2021-11-06T23:41:46","guid":{"rendered":"https:\/\/www.varesenews.it\/?p=1396939"},"modified":"2021-11-07T08:49:22","modified_gmt":"2021-11-07T07:49:22","slug":"la-fuga","status":"publish","type":"post","link":"https:\/\/staging.varesenews.it\/2021\/11\/la-fuga\/1396939\/","title":{"rendered":"La fuga"},"content":{"rendered":"<p>Il Professore. Cos\u00ec mi chiamano, e questo mi consente di mantenere una certa distanza da quel gruppo di analfabeti che detengono il potere. Magro, basso, occhialetti tondi alla Gramsci, Borsalino e farfallino tutto l\u2019anno. Lo stile non \u00e8 acqua.<\/p>\n<p>Mi guardano spesso tra il rispetto e l\u2019invidia. Loro, che vanno in giro vestiti in modo dozzinale e con chilate d\u2019oro attaccate al collo. Alla fine sono certo che mi disprezzano. Basta guardarli quando parlottano tra loro, indicandomi.<br \/>\nGente per la quale il denaro \u00e8 l\u2019unica cosa che conta davvero. Ma io sono indispensabile. Gestisco tutti i beni della Famiglia, come viene chiamata. A volte mi viene da ridere. Io che una famiglia non l\u2019ho mai voluta, n\u00e9 cercata. E ora mi trovo, <em>obtorto collo<\/em>, a condividerne una.<\/p>\n<p>Mi ricordo quando arrivai qui nel Meridione da piccolo imprenditore del Nord. I sogni in tasca, la solita burocrazia e i soldi che non bastano mai. Le persone sbagliate presentate dalle persone sbagliate, e in poco tempo un buco finanziario incolmabile. Fino al ricatto di dover lavorare per loro. In quarant\u2019anni ne ho viste di ogni genere. Capitali entrano, investimenti escono, in mercati finanziari che pochi conoscono. Non \u00e8 pi\u00f9 come ai tempi di Al Capone, ora i soldi si fanno con i soldi. E pensare che, da polentone quale sono, questi terroni mi sono sempre stati sulle palle. In occasione dei dieci anni di \u201conorato servizio\u201d mi hanno anche affiliato alla Famiglia. Sembrava una cerimonia di iniziazione. Mi hanno costretto a indossare questo anello da Padrino che ho sempre odiato. Oro massiccio con una pietra violacea e uno stemma araldico. Che cafonata. E dire che una volta messo non sono pi\u00f9 riuscito a levarlo, neanche col sapone. Mi ricorda i legami esistenti, e mi obbliga a non dimenticarli. La Famiglia non si lascia. Mai.<\/p>\n<p>Ed \u00e8 questo che mi \u00e8 pesato di pi\u00f9, e mi ha convinto a scappare. A quasi settant\u2019anni, chiuso in una camera a centinaia di chilometri da casa, in fuga. Gli ultimi anni li voglio vivere da uomo libero. Ma ho troppi segreti con me, ho visto troppe cose, sono stato testimone di troppe schifezze. Mi viene da ridere, un Clyde in fuga senza la sua Bonnie.<\/p>\n<p>Quanto durer\u00f2? Non lo so, ma ero arrivato a provare disgusto di me stesso. Un semplice cassiere pu\u00f2 seminare gentaglia che cerca le persone e le uccide per mestiere? Forse \u00e8 il caso di fermarsi, e aspettare la fine qui, in un posto anonimo. In fondo, \u00e8 meglio cos\u00ec. Piuttosto che farsi freddare mentre scappo in un vicolo cieco.<\/p>\n<p>Passi davanti alla porta della mia camera.<br \/>\nMi scolo le ultime gocce di Bourbon, e chiudo gli occhi.<br \/>\nE pensare che non ho mai sopportato gli spari.<\/p>\n<p><strong>Racconto di <a href=\"https:\/\/www.varesenews.it\/tag-personaggio\/gianluca-fiore\/\">Gianluca Fiore<\/a><\/strong><\/p>\n<p><strong><a href=\"https:\/\/www.varesenews.it\/tag\/il-racconto-della-domenica\/\">TUTTI I RACCONTI DELLA DOMENICA<\/a><\/strong><\/p>\n","protected":false},"excerpt":{"rendered":"<p>di Gianluca Fiore<\/p>\n","protected":false},"author":45,"featured_media":0,"comment_status":"open","ping_status":"open","sticky":false,"template":"","format":"standard","meta":{"footnotes":""},"categories":[18,2],"tags":[794,2678,102400,767],"acf":[],"yoast_head":"<!-- This site is optimized with the Yoast SEO plugin v20.1 - https:\/\/yoast.com\/wordpress\/plugins\/seo\/ -->\n<title>La fuga<\/title>\n<meta name=\"description\" content=\"di Gianluca Fiore\" \/>\n<meta name=\"robots\" content=\"noindex, follow, max-snippet:-1, max-image-preview:large, max-video-preview:-1\" \/>\n<meta property=\"og:locale\" content=\"it_IT\" \/>\n<meta property=\"og:type\" content=\"article\" \/>\n<meta property=\"og:title\" content=\"La fuga\" \/>\n<meta property=\"og:description\" content=\"di Gianluca Fiore\" \/>\n<meta property=\"og:url\" content=\"https:\/\/staging.varesenews.it\/2021\/11\/la-fuga\/1396939\/\" \/>\n<meta property=\"og:site_name\" content=\"VareseNews\" \/>\n<meta property=\"article:publisher\" content=\"https:\/\/www.facebook.com\/varesenews\" \/>\n<meta property=\"article:author\" content=\"https:\/\/www.facebook.com\/michele.mancino.5\" \/>\n<meta property=\"article:published_time\" content=\"2021-11-06T23:41:46+00:00\" \/>\n<meta property=\"article:modified_time\" content=\"2021-11-07T07:49:22+00:00\" \/>\n<meta name=\"author\" content=\"Michele Mancino\" \/>\n<meta name=\"twitter:card\" content=\"summary_large_image\" \/>\n<meta name=\"twitter:creator\" content=\"@micmancio\" \/>\n<meta name=\"twitter:site\" content=\"@varesenews\" \/>\n<meta name=\"twitter:label1\" content=\"Scritto da\" \/>\n\t<meta name=\"twitter:data1\" content=\"Michele Mancino\" \/>\n\t<meta name=\"twitter:label2\" content=\"Tempo di lettura stimato\" \/>\n\t<meta name=\"twitter:data2\" content=\"2 minuti\" \/>\n<script type=\"application\/ld+json\" class=\"yoast-schema-graph\">{\"@context\":\"https:\/\/schema.org\",\"@graph\":[{\"@type\":\"WebPage\",\"@id\":\"https:\/\/staging.varesenews.it\/2021\/11\/la-fuga\/1396939\/\",\"url\":\"https:\/\/staging.varesenews.it\/2021\/11\/la-fuga\/1396939\/\",\"name\":\"La fuga\",\"isPartOf\":{\"@id\":\"https:\/\/staging.varesenews.it\/#website\"},\"datePublished\":\"2021-11-06T23:41:46+00:00\",\"dateModified\":\"2021-11-07T07:49:22+00:00\",\"author\":{\"@id\":\"https:\/\/staging.varesenews.it\/#\/schema\/person\/308b491d3cb680ead199e5ff6c6ce540\"},\"description\":\"di Gianluca Fiore\",\"breadcrumb\":{\"@id\":\"https:\/\/staging.varesenews.it\/2021\/11\/la-fuga\/1396939\/#breadcrumb\"},\"inLanguage\":\"it-IT\",\"potentialAction\":[{\"@type\":\"ReadAction\",\"target\":[\"https:\/\/staging.varesenews.it\/2021\/11\/la-fuga\/1396939\/\"]}]},{\"@type\":\"BreadcrumbList\",\"@id\":\"https:\/\/staging.varesenews.it\/2021\/11\/la-fuga\/1396939\/#breadcrumb\",\"itemListElement\":[{\"@type\":\"ListItem\",\"position\":1,\"name\":\"Home\",\"item\":\"https:\/\/www.varesenews.it\/\"},{\"@type\":\"ListItem\",\"position\":2,\"name\":\"La fuga\"}]},{\"@type\":\"WebSite\",\"@id\":\"https:\/\/staging.varesenews.it\/#website\",\"url\":\"https:\/\/staging.varesenews.it\/\",\"name\":\"VareseNews\",\"description\":\"\",\"potentialAction\":[{\"@type\":\"SearchAction\",\"target\":{\"@type\":\"EntryPoint\",\"urlTemplate\":\"https:\/\/staging.varesenews.it\/?s={search_term_string}\"},\"query-input\":\"required name=search_term_string\"}],\"inLanguage\":\"it-IT\"},{\"@type\":\"Person\",\"@id\":\"https:\/\/staging.varesenews.it\/#\/schema\/person\/308b491d3cb680ead199e5ff6c6ce540\",\"name\":\"Michele Mancino\",\"image\":{\"@type\":\"ImageObject\",\"inLanguage\":\"it-IT\",\"@id\":\"https:\/\/staging.varesenews.it\/#\/schema\/person\/image\/\",\"url\":\"https:\/\/staging.varesenews.it\/wp-content\/uploads\/2020\/12\/michele_mancino_colori_500.jpg\",\"contentUrl\":\"https:\/\/staging.varesenews.it\/wp-content\/uploads\/2020\/12\/michele_mancino_colori_500.jpg\",\"caption\":\"Michele Mancino\"},\"description\":\"Sono a VareseNews da prima che nascesse. Ho inserito le prime notizie in una stringa di codice html, la lingua di internet. Aprivo i computer, cambiavo schede di rete e portavo i server dal provider. A met&agrave; degli anni &rsquo;90 il giornalista online doveva saper fare anche questo. Ho vissuto gli anni drammatici della bolla speculativa di Internet e quelli entusiastici della crescita, anni in cui VareseNews era un Davide in mezzo a tanti Golia. Poi sono arrivati i social, le nuove piattaforme e soprattutto gli smartphone, una postazione di lavoro racchiusa in una mano. Una nuova rivoluzione. Insomma, &egrave; stata, ed &egrave; ancora, un&rsquo;avventura entusiasmante perch&eacute; mi insegna giorno dopo giorno che il cambiamento &egrave; l&rsquo;unica certezza di questa fragile esistenza.\",\"sameAs\":[\"https:\/\/www.facebook.com\/michele.mancino.5\",\"micmancio\",\"Aggiorna le impostazioni del tuo profilo pubblicoit.linkedin.com\/pub\/michele-mancino\/28\/b71\/890\/it\",\"https:\/\/twitter.com\/micmancio\"],\"url\":\"https:\/\/staging.varesenews.it\/persona\/michele_mancino\/\"}]}<\/script>\n<!-- \/ Yoast SEO plugin. -->","yoast_head_json":{"title":"La fuga","description":"di Gianluca Fiore","robots":{"index":"noindex","follow":"follow","max-snippet":"max-snippet:-1","max-image-preview":"max-image-preview:large","max-video-preview":"max-video-preview:-1"},"og_locale":"it_IT","og_type":"article","og_title":"La fuga","og_description":"di Gianluca Fiore","og_url":"https:\/\/staging.varesenews.it\/2021\/11\/la-fuga\/1396939\/","og_site_name":"VareseNews","article_publisher":"https:\/\/www.facebook.com\/varesenews","article_author":"https:\/\/www.facebook.com\/michele.mancino.5","article_published_time":"2021-11-06T23:41:46+00:00","article_modified_time":"2021-11-07T07:49:22+00:00","author":"Michele Mancino","twitter_card":"summary_large_image","twitter_creator":"@micmancio","twitter_site":"@varesenews","twitter_misc":{"Scritto da":"Michele Mancino","Tempo di lettura stimato":"2 minuti"},"schema":{"@context":"https:\/\/schema.org","@graph":[{"@type":"WebPage","@id":"https:\/\/staging.varesenews.it\/2021\/11\/la-fuga\/1396939\/","url":"https:\/\/staging.varesenews.it\/2021\/11\/la-fuga\/1396939\/","name":"La fuga","isPartOf":{"@id":"https:\/\/staging.varesenews.it\/#website"},"datePublished":"2021-11-06T23:41:46+00:00","dateModified":"2021-11-07T07:49:22+00:00","author":{"@id":"https:\/\/staging.varesenews.it\/#\/schema\/person\/308b491d3cb680ead199e5ff6c6ce540"},"description":"di Gianluca Fiore","breadcrumb":{"@id":"https:\/\/staging.varesenews.it\/2021\/11\/la-fuga\/1396939\/#breadcrumb"},"inLanguage":"it-IT","potentialAction":[{"@type":"ReadAction","target":["https:\/\/staging.varesenews.it\/2021\/11\/la-fuga\/1396939\/"]}]},{"@type":"BreadcrumbList","@id":"https:\/\/staging.varesenews.it\/2021\/11\/la-fuga\/1396939\/#breadcrumb","itemListElement":[{"@type":"ListItem","position":1,"name":"Home","item":"https:\/\/www.varesenews.it\/"},{"@type":"ListItem","position":2,"name":"La fuga"}]},{"@type":"WebSite","@id":"https:\/\/staging.varesenews.it\/#website","url":"https:\/\/staging.varesenews.it\/","name":"VareseNews","description":"","potentialAction":[{"@type":"SearchAction","target":{"@type":"EntryPoint","urlTemplate":"https:\/\/staging.varesenews.it\/?s={search_term_string}"},"query-input":"required name=search_term_string"}],"inLanguage":"it-IT"},{"@type":"Person","@id":"https:\/\/staging.varesenews.it\/#\/schema\/person\/308b491d3cb680ead199e5ff6c6ce540","name":"Michele Mancino","image":{"@type":"ImageObject","inLanguage":"it-IT","@id":"https:\/\/staging.varesenews.it\/#\/schema\/person\/image\/","url":"https:\/\/staging.varesenews.it\/wp-content\/uploads\/2020\/12\/michele_mancino_colori_500.jpg","contentUrl":"https:\/\/staging.varesenews.it\/wp-content\/uploads\/2020\/12\/michele_mancino_colori_500.jpg","caption":"Michele Mancino"},"description":"Sono a VareseNews da prima che nascesse. Ho inserito le prime notizie in una stringa di codice html, la lingua di internet. Aprivo i computer, cambiavo schede di rete e portavo i server dal provider. A met&agrave; degli anni &rsquo;90 il giornalista online doveva saper fare anche questo. Ho vissuto gli anni drammatici della bolla speculativa di Internet e quelli entusiastici della crescita, anni in cui VareseNews era un Davide in mezzo a tanti Golia. Poi sono arrivati i social, le nuove piattaforme e soprattutto gli smartphone, una postazione di lavoro racchiusa in una mano. Una nuova rivoluzione. Insomma, &egrave; stata, ed &egrave; ancora, un&rsquo;avventura entusiasmante perch&eacute; mi insegna giorno dopo giorno che il cambiamento &egrave; l&rsquo;unica certezza di questa fragile esistenza.","sameAs":["https:\/\/www.facebook.com\/michele.mancino.5","micmancio","Aggiorna le impostazioni del tuo profilo pubblicoit.linkedin.com\/pub\/michele-mancino\/28\/b71\/890\/it","https:\/\/twitter.com\/micmancio"],"url":"https:\/\/staging.varesenews.it\/persona\/michele_mancino\/"}]}},"post_meta":{"_edit_lock":"1636287695:54","_edit_last":"54","_category_permalink":"a:1:{s:8:\"category\";s:2:\"18\";}","foto":"1259740","firma-personalizzata":"Gianluca Fiore","argomento":"IL RACCONTO DELLA DOMENICA","_yoast_wpseo_content_score":"30","_jd_tweet_this":"yes","_wpt_short_url":"http:\/\/www.varesenews.it\/2021\/11\/la-fuga\/1396939\/","_wp_jd_target":"http:\/\/www.varesenews.it\/2021\/11\/la-fuga\/1396939\/","_jd_wp_twitter":"a:1:{i:0;s:84:\"La fuga http:\/\/www.varesenews.it\/2021\/11\/la-fuga\/1396939\/ #cultura #ilcavedio #libri\";}","_wpt_status_message":"Tweet inviato con successo.","_encloseme":"1","ratings_users":"0","ratings_score":"0","ratings_average":"0","_oembed_cfa6c12a94038d53d2f8a62f585bbf3c":"<blockquote class=\"wp-embedded-content\" data-secret=\"mnaed250Db\"><a href=\"https:\/\/www.varesenews.it\/2021\/11\/palmieri-castiga-la-pro-patria-allultimo-secondo-fiorenzuola-vince-1-0\/1397469\/\">Palmieri castiga la Pro Patria all\u2019ultimo secondo. Il Fiorenzuola vince 1 a 0<\/a><\/blockquote><iframe class=\"wp-embedded-content\" sandbox=\"allow-scripts\" security=\"restricted\" style=\"position: absolute; clip: rect(1px, 1px, 1px, 1px);\" src=\"https:\/\/www.varesenews.it\/2021\/11\/palmieri-castiga-la-pro-patria-allultimo-secondo-fiorenzuola-vince-1-0\/1397469\/embed\/#?secret=mnaed250Db\" data-secret=\"mnaed250Db\" width=\"500\" height=\"282\" title=\"&#8220;Palmieri castiga la Pro Patria all\u2019ultimo secondo. Il Fiorenzuola vince 1 a 0&#8221; &#8212; VareseNews\" frameborder=\"0\" marginwidth=\"0\" marginheight=\"0\" scrolling=\"no\"><\/iframe>","_oembed_time_cfa6c12a94038d53d2f8a62f585bbf3c":"1636242302","_oembed_1134cda1f44ff4a5ba9d9718a923e9e9":"<blockquote class=\"wp-embedded-content\" data-secret=\"rlJdNEQtoa\"><a href=\"https:\/\/www.varesenews.it\/2021\/11\/prina-responsabili-della-sconfitta-non-si-puo-prendere-gol-contropiede-al-94\/1397492\/\">Prina: \u201cResponsabili della sconfitta: non si pu\u00f2 prendere gol in contropiede al 94\u2019\u201d<\/a><\/blockquote><iframe class=\"wp-embedded-content\" sandbox=\"allow-scripts\" security=\"restricted\" style=\"position: absolute; clip: rect(1px, 1px, 1px, 1px);\" src=\"https:\/\/www.varesenews.it\/2021\/11\/prina-responsabili-della-sconfitta-non-si-puo-prendere-gol-contropiede-al-94\/1397492\/embed\/#?secret=rlJdNEQtoa\" data-secret=\"rlJdNEQtoa\" width=\"500\" height=\"282\" title=\"&#8220;Prina: \u201cResponsabili della sconfitta: non si pu\u00f2 prendere gol in contropiede al 94\u2019\u201d&#8221; &#8212; VareseNews\" frameborder=\"0\" marginwidth=\"0\" marginheight=\"0\" scrolling=\"no\"><\/iframe>","_oembed_time_1134cda1f44ff4a5ba9d9718a923e9e9":"1636242302","_oembed_b7cb870f82f905cb888a0c723ff666fa":"<blockquote class=\"wp-embedded-content\" data-secret=\"OienXp23Yh\"><a href=\"https:\/\/www.varesenews.it\/2021\/11\/simone-giofre-la-mia-brindisi-la-cimberio-bellissime-senza-trofei\/1397124\/\">Simone Giofr\u00e9: &#8220;La mia Brindisi come la Cimberio: bellissime ma senza trofei&#8221;<\/a><\/blockquote><iframe class=\"wp-embedded-content\" sandbox=\"allow-scripts\" security=\"restricted\" style=\"position: absolute; clip: rect(1px, 1px, 1px, 1px);\" src=\"https:\/\/www.varesenews.it\/2021\/11\/simone-giofre-la-mia-brindisi-la-cimberio-bellissime-senza-trofei\/1397124\/embed\/#?secret=OienXp23Yh\" data-secret=\"OienXp23Yh\" width=\"500\" height=\"282\" title=\"&#8220;Simone Giofr\u00e9: &#8220;La mia Brindisi come la Cimberio: bellissime ma senza trofei&#8221;&#8221; &#8212; VareseNews\" frameborder=\"0\" marginwidth=\"0\" marginheight=\"0\" scrolling=\"no\"><\/iframe>","_oembed_time_b7cb870f82f905cb888a0c723ff666fa":"1636242303","_oembed_2e57a0548c26a31d781efe7404ca15aa":"<blockquote class=\"wp-embedded-content\" data-secret=\"LoXtqThpHf\"><a href=\"https:\/\/www.varesenews.it\/2019\/07\/la-casa-bossi-un-covo-della-repubblica\/838062\/\">Quando la casa di Bossi era un &#8220;covo&#8221; della Prima Repubblica<\/a><\/blockquote><iframe class=\"wp-embedded-content\" sandbox=\"allow-scripts\" security=\"restricted\" style=\"position: absolute; clip: rect(1px, 1px, 1px, 1px);\" src=\"https:\/\/www.varesenews.it\/2019\/07\/la-casa-bossi-un-covo-della-repubblica\/838062\/embed\/#?secret=LoXtqThpHf\" data-secret=\"LoXtqThpHf\" width=\"500\" height=\"282\" title=\"&#8220;Quando la casa di Bossi era un &#8220;covo&#8221; della Prima Repubblica&#8221; &#8212; VareseNews\" frameborder=\"0\" marginwidth=\"0\" marginheight=\"0\" scrolling=\"no\"><\/iframe>","_oembed_time_2e57a0548c26a31d781efe7404ca15aa":"1636242303","_oembed_fae6152ba6d93d60f993b12b0899d99d":"<blockquote class=\"wp-embedded-content\" data-secret=\"oYi8wiadcD\"><a href=\"https:\/\/www.varesenews.it\/2021\/11\/palmieri-castiga-la-pro-patria-allultimo-secondo-fiorenzuola-vince-1-0\/1397469\/\">Palmieri castiga la Pro Patria all\u2019ultimo secondo. Il Fiorenzuola vince 1 a 0<\/a><\/blockquote><iframe class=\"wp-embedded-content\" sandbox=\"allow-scripts\" security=\"restricted\" style=\"position: absolute; clip: rect(1px, 1px, 1px, 1px);\" src=\"https:\/\/www.varesenews.it\/2021\/11\/palmieri-castiga-la-pro-patria-allultimo-secondo-fiorenzuola-vince-1-0\/1397469\/embed\/#?secret=oYi8wiadcD\" data-secret=\"oYi8wiadcD\" width=\"500\" height=\"282\" title=\"&#8220;Palmieri castiga la Pro Patria all\u2019ultimo secondo. Il Fiorenzuola vince 1 a 0&#8221; &#8212; VareseNews\" frameborder=\"0\" marginwidth=\"0\" marginheight=\"0\" scrolling=\"no\"><\/iframe>","_oembed_time_fae6152ba6d93d60f993b12b0899d99d":"1636242303","_oembed_e2b111685dae8bd10d4a5e5a2bff4467":"<iframe width=\"500\" height=\"281\" src=\"https:\/\/www.youtube.com\/embed\/Ec_T0qoNjSU?feature=oembed\" frameborder=\"0\" allow=\"accelerometer; autoplay; clipboard-write; encrypted-media; gyroscope; picture-in-picture\" allowfullscreen><\/iframe>","_oembed_time_e2b111685dae8bd10d4a5e5a2bff4467":"1636242303","_oembed_bebe49a4b126f39c9cb517e53a13ef63":"<blockquote class=\"wp-embedded-content\" data-secret=\"Vaq9lgIhQv\"><a href=\"https:\/\/www.varesenews.it\/2021\/10\/fuoco-clima-cambiato-connotati-del-campo-dei-fiori\/1394025\/\">Fuoco e clima hanno cambiato i connotati del Campo dei Fiori<\/a><\/blockquote><iframe class=\"wp-embedded-content\" sandbox=\"allow-scripts\" security=\"restricted\" style=\"position: absolute; clip: rect(1px, 1px, 1px, 1px);\" src=\"https:\/\/www.varesenews.it\/2021\/10\/fuoco-clima-cambiato-connotati-del-campo-dei-fiori\/1394025\/embed\/#?secret=Vaq9lgIhQv\" data-secret=\"Vaq9lgIhQv\" width=\"500\" height=\"282\" title=\"&#8220;Fuoco e clima hanno cambiato i connotati del Campo dei Fiori&#8221; &#8212; VareseNews\" frameborder=\"0\" marginwidth=\"0\" marginheight=\"0\" scrolling=\"no\"><\/iframe>","_oembed_time_bebe49a4b126f39c9cb517e53a13ef63":"1636242303","_oembed_c9bbc437ac4932745c0aec3f5e495091":"<blockquote class=\"wp-embedded-content\" data-secret=\"3wKFArBN9L\"><a href=\"https:\/\/www.varesenews.it\/2021\/11\/infortunio-sul-lavoro-unazienda-lonate-ceppino-arriva-lelisoccorso\/1397230\/\">Precipita da un&#8217;altezza di tre metri in un&#8217;azienda di Lonate Ceppino, grave un 42enne<\/a><\/blockquote><iframe class=\"wp-embedded-content\" sandbox=\"allow-scripts\" security=\"restricted\" style=\"position: absolute; clip: rect(1px, 1px, 1px, 1px);\" src=\"https:\/\/www.varesenews.it\/2021\/11\/infortunio-sul-lavoro-unazienda-lonate-ceppino-arriva-lelisoccorso\/1397230\/embed\/#?secret=3wKFArBN9L\" data-secret=\"3wKFArBN9L\" width=\"500\" height=\"282\" title=\"&#8220;Precipita da un&#8217;altezza di tre metri in un&#8217;azienda di Lonate Ceppino, grave un 42enne&#8221; &#8212; VareseNews\" frameborder=\"0\" marginwidth=\"0\" marginheight=\"0\" scrolling=\"no\"><\/iframe>","_oembed_time_c9bbc437ac4932745c0aec3f5e495091":"1636242303","_oembed_8265230d7a0e7bd355c04b18f0199628":"<blockquote class=\"wp-embedded-content\" data-secret=\"dK2hm8uolv\"><a href=\"https:\/\/www.varesenews.it\/2021\/11\/gravissimo-scontro-unauto-moto-comerio-centauro-terra\/1397271\/\">Gravissimo scontro tra un&#8217;auto e una moto a Comerio: muore un ragazzo di 22 anni<\/a><\/blockquote><iframe class=\"wp-embedded-content\" sandbox=\"allow-scripts\" security=\"restricted\" style=\"position: absolute; clip: rect(1px, 1px, 1px, 1px);\" src=\"https:\/\/www.varesenews.it\/2021\/11\/gravissimo-scontro-unauto-moto-comerio-centauro-terra\/1397271\/embed\/#?secret=dK2hm8uolv\" data-secret=\"dK2hm8uolv\" width=\"500\" height=\"282\" title=\"&#8220;Gravissimo scontro tra un&#8217;auto e una moto a Comerio: muore un ragazzo di 22 anni&#8221; &#8212; VareseNews\" frameborder=\"0\" marginwidth=\"0\" marginheight=\"0\" scrolling=\"no\"><\/iframe>","_oembed_time_8265230d7a0e7bd355c04b18f0199628":"1636242304","_oembed_7b573ca4a62b4ea6df8053ec5ebaff43":"<blockquote class=\"wp-embedded-content\" data-secret=\"QNT2iz7Zjk\"><a href=\"https:\/\/www.legnanonews.com\/aree-geografiche\/legnano\/2021\/11\/04\/fateci-costruire-il-nostro-futuro-i-giovani-di-politics-hub-chiamano-i-big-della-politica-a-legnano\/1002361\/\">&#8220;Fateci costruire il nostro futuro&#8221;. I giovani di Politics Hub chiamano i big della politica a Legnano<\/a><\/blockquote><iframe class=\"wp-embedded-content\" sandbox=\"allow-scripts\" security=\"restricted\" style=\"position: absolute; clip: rect(1px, 1px, 1px, 1px);\" src=\"https:\/\/www.legnanonews.com\/aree-geografiche\/legnano\/2021\/11\/04\/fateci-costruire-il-nostro-futuro-i-giovani-di-politics-hub-chiamano-i-big-della-politica-a-legnano\/1002361\/embed\/#?secret=QNT2iz7Zjk\" data-secret=\"QNT2iz7Zjk\" width=\"500\" height=\"282\" title=\"&#8220;&#8220;Fateci costruire il nostro futuro&#8221;. I giovani di Politics Hub chiamano i big della politica a Legnano&#8221; &#8212; LegnanoNews\" frameborder=\"0\" marginwidth=\"0\" marginheight=\"0\" scrolling=\"no\"><\/iframe>","_oembed_time_7b573ca4a62b4ea6df8053ec5ebaff43":"1636242306","_oembed_b69020c740939a19c71a4539270a51d0":"<iframe width=\"500\" height=\"281\" src=\"https:\/\/www.youtube.com\/embed\/HVPR49vjJWs?feature=oembed\" frameborder=\"0\" allow=\"accelerometer; autoplay; clipboard-write; encrypted-media; gyroscope; picture-in-picture\" allowfullscreen><\/iframe>","_oembed_time_b69020c740939a19c71a4539270a51d0":"1636242306","_oembed_74715c4280d628acaee91bcbbb6647c7":"<blockquote class=\"wp-embedded-content\" data-secret=\"E1CGYmowKd\"><a href=\"https:\/\/www.varesenews.it\/2021\/11\/alberto-coen-porisini-presidente-del-consiglio-comunale-varese\/1397370\/\">Alberto Coen Porisini nuovo presidente del consiglio comunale di Varese<\/a><\/blockquote><iframe class=\"wp-embedded-content\" sandbox=\"allow-scripts\" security=\"restricted\" style=\"position: absolute; clip: rect(1px, 1px, 1px, 1px);\" src=\"https:\/\/www.varesenews.it\/2021\/11\/alberto-coen-porisini-presidente-del-consiglio-comunale-varese\/1397370\/embed\/#?secret=E1CGYmowKd\" data-secret=\"E1CGYmowKd\" width=\"500\" height=\"282\" title=\"&#8220;Alberto Coen Porisini nuovo presidente del consiglio comunale di Varese&#8221; &#8212; VareseNews\" frameborder=\"0\" marginwidth=\"0\" marginheight=\"0\" scrolling=\"no\"><\/iframe>","_oembed_time_74715c4280d628acaee91bcbbb6647c7":"1636242306","_oembed_0267c18371f0b8fa91802ffaf6aec636":"<iframe width=\"500\" height=\"281\" src=\"https:\/\/www.youtube.com\/embed\/Xqjr6PQr7_0?feature=oembed\" frameborder=\"0\" allow=\"accelerometer; autoplay; clipboard-write; encrypted-media; gyroscope; picture-in-picture\" allowfullscreen><\/iframe>","_oembed_time_0267c18371f0b8fa91802ffaf6aec636":"1636242306","_oembed_71b7600d6b273a87cbc9330ad69f691f":"<iframe width=\"500\" height=\"281\" src=\"https:\/\/www.youtube.com\/embed\/1muqGCVHUGw?feature=oembed\" frameborder=\"0\" allow=\"accelerometer; autoplay; clipboard-write; encrypted-media; gyroscope; picture-in-picture\" allowfullscreen><\/iframe>","_oembed_time_71b7600d6b273a87cbc9330ad69f691f":"1636242306","_oembed_ce3de0866f68e16a4302c7803ddf72c5":"<blockquote class=\"wp-embedded-content\" data-secret=\"HhQvsFuOI3\"><a href=\"https:\/\/www.varesenews.it\/2021\/11\/pd-primo-partito-crollo-forza-italia-lega-cambiato-ventanni-consiglio-comunale-varese\/1392270\/\">Pd primo partito e il crollo di Forza Italia e Lega: come \u00e8 cambiato in vent&#8217;anni il consiglio comunale di Varese<\/a><\/blockquote><iframe class=\"wp-embedded-content\" sandbox=\"allow-scripts\" security=\"restricted\" style=\"position: absolute; clip: rect(1px, 1px, 1px, 1px);\" src=\"https:\/\/www.varesenews.it\/2021\/11\/pd-primo-partito-crollo-forza-italia-lega-cambiato-ventanni-consiglio-comunale-varese\/1392270\/embed\/#?secret=HhQvsFuOI3\" data-secret=\"HhQvsFuOI3\" width=\"500\" height=\"282\" title=\"&#8220;Pd primo partito e il crollo di Forza Italia e Lega: come \u00e8 cambiato in vent&#8217;anni il consiglio comunale di Varese&#8221; &#8212; VareseNews\" frameborder=\"0\" marginwidth=\"0\" marginheight=\"0\" scrolling=\"no\"><\/iframe>","_oembed_time_ce3de0866f68e16a4302c7803ddf72c5":"1636242306","_oembed_f8a9f8423e64cf598a6f4dce077acea1":"<blockquote class=\"wp-embedded-content\" data-secret=\"mBzl9pu8Ab\"><a href=\"https:\/\/www.varesenews.it\/2021\/11\/regione-fondi-borghi-storici-contributi-casalzuigno-castiglione-olona-gorla-maggiore-laveno-mombello\/1396715\/\">Da Regione fondi per i borghi storici: contributi per Casalzuigno, Castiglione Olona, Gorla Maggiore e Laveno Mombello<\/a><\/blockquote><iframe class=\"wp-embedded-content\" sandbox=\"allow-scripts\" security=\"restricted\" style=\"position: absolute; clip: rect(1px, 1px, 1px, 1px);\" src=\"https:\/\/www.varesenews.it\/2021\/11\/regione-fondi-borghi-storici-contributi-casalzuigno-castiglione-olona-gorla-maggiore-laveno-mombello\/1396715\/embed\/#?secret=mBzl9pu8Ab\" data-secret=\"mBzl9pu8Ab\" width=\"500\" height=\"282\" title=\"&#8220;Da Regione fondi per i borghi storici: contributi per Casalzuigno, Castiglione Olona, Gorla Maggiore e Laveno Mombello&#8221; &#8212; VareseNews\" frameborder=\"0\" marginwidth=\"0\" marginheight=\"0\" scrolling=\"no\"><\/iframe>","_oembed_time_f8a9f8423e64cf598a6f4dce077acea1":"1636242634","_oembed_acbb58754f84040b0ed6c1da457b8398":"<blockquote class=\"wp-embedded-content\" data-secret=\"Ibw3q6fRQu\"><a href=\"https:\/\/www.varesenews.it\/2021\/11\/fai-le-scuole-ambiente-cio-ci-circonda\/1396619\/\">Il Fai per le scuole \u00e8 &#8220;Ambiente? Tutto ci\u00f2 che ci circonda&#8221;<\/a><\/blockquote><iframe class=\"wp-embedded-content\" sandbox=\"allow-scripts\" security=\"restricted\" style=\"position: absolute; clip: rect(1px, 1px, 1px, 1px);\" src=\"https:\/\/www.varesenews.it\/2021\/11\/fai-le-scuole-ambiente-cio-ci-circonda\/1396619\/embed\/#?secret=Ibw3q6fRQu\" data-secret=\"Ibw3q6fRQu\" width=\"500\" height=\"282\" title=\"&#8220;Il Fai per le scuole \u00e8 &#8220;Ambiente? Tutto ci\u00f2 che ci circonda&#8221;&#8221; &#8212; VareseNews\" frameborder=\"0\" marginwidth=\"0\" marginheight=\"0\" scrolling=\"no\"><\/iframe>","_oembed_time_acbb58754f84040b0ed6c1da457b8398":"1636242634","_oembed_15f899b5c95c5fa4381111ff86b25c11":"<blockquote class=\"wp-embedded-content\" data-secret=\"NUgS7ySTR6\"><a href=\"https:\/\/www.varesenews.it\/2021\/11\/la-pro-patria-torna-allo-speroni-ospita-fiorenzuola-dai-due-volti\/1396596\/\">La Pro Patria torna allo Speroni e ospita una Fiorenzuola dai due volti<\/a><\/blockquote><iframe class=\"wp-embedded-content\" sandbox=\"allow-scripts\" security=\"restricted\" style=\"position: absolute; clip: rect(1px, 1px, 1px, 1px);\" src=\"https:\/\/www.varesenews.it\/2021\/11\/la-pro-patria-torna-allo-speroni-ospita-fiorenzuola-dai-due-volti\/1396596\/embed\/#?secret=NUgS7ySTR6\" data-secret=\"NUgS7ySTR6\" width=\"500\" height=\"282\" title=\"&#8220;La Pro Patria torna allo Speroni e ospita una Fiorenzuola dai due volti&#8221; &#8212; VareseNews\" frameborder=\"0\" marginwidth=\"0\" marginheight=\"0\" scrolling=\"no\"><\/iframe>","_oembed_time_15f899b5c95c5fa4381111ff86b25c11":"1636242635","_oembed_094aaaae0e4f818115464d8695073e16":"<blockquote class=\"wp-embedded-content\" data-secret=\"ed3uWLuayM\"><a href=\"https:\/\/www.varesenews.it\/2021\/11\/eventi-bambini-nel-weekend-dal-5-al-7-novembre-varese-provincia\/1397047\/\">Eventi per bambini nel weekend dal 5 al 7 novembre tra Varese e provincia<\/a><\/blockquote><iframe class=\"wp-embedded-content\" sandbox=\"allow-scripts\" security=\"restricted\" style=\"position: absolute; clip: rect(1px, 1px, 1px, 1px);\" src=\"https:\/\/www.varesenews.it\/2021\/11\/eventi-bambini-nel-weekend-dal-5-al-7-novembre-varese-provincia\/1397047\/embed\/#?secret=ed3uWLuayM\" data-secret=\"ed3uWLuayM\" width=\"500\" height=\"282\" title=\"&#8220;Eventi per bambini nel weekend dal 5 al 7 novembre tra Varese e provincia&#8221; &#8212; VareseNews\" frameborder=\"0\" marginwidth=\"0\" marginheight=\"0\" scrolling=\"no\"><\/iframe>","_oembed_time_094aaaae0e4f818115464d8695073e16":"1636242635","_oembed_212427097bcb2ef78ad836deedd76b8b":"<blockquote class=\"wp-embedded-content\" data-secret=\"wJsCb2yr0a\"><a href=\"https:\/\/www.saronnonews.it\/2021\/07\/29\/ecco-il-day-hospital-oncologico-dellospedale-di-saronno-il-dottor-verusio-piu-bello-curato-e-confortevole\/\">Ecco il day hospital oncologico dell&#8217;ospedale di Saronno, il dottor Verusio: &#8220;Pi\u00f9 bello, curato e confortevole&#8221;<\/a><\/blockquote><iframe class=\"wp-embedded-content\" sandbox=\"allow-scripts\" security=\"restricted\" style=\"position: absolute; clip: rect(1px, 1px, 1px, 1px);\" src=\"https:\/\/www.saronnonews.it\/2021\/07\/29\/ecco-il-day-hospital-oncologico-dellospedale-di-saronno-il-dottor-verusio-piu-bello-curato-e-confortevole\/embed\/#?secret=wJsCb2yr0a\" data-secret=\"wJsCb2yr0a\" width=\"500\" height=\"282\" title=\"&#8220;Ecco il day hospital oncologico dell&#8217;ospedale di Saronno, il dottor Verusio: &#8220;Pi\u00f9 bello, curato e confortevole&#8221;&#8221; &#8212; SaronnoNews\" frameborder=\"0\" marginwidth=\"0\" marginheight=\"0\" scrolling=\"no\"><\/iframe>","_oembed_time_212427097bcb2ef78ad836deedd76b8b":"1636242832","_oembed_d600467a345973eeaa3a47e9beee81c7":"<blockquote class=\"wp-embedded-content\" data-secret=\"BIUmyrb7Qb\"><a href=\"https:\/\/www.varesenews.it\/2021\/11\/le-giornate-fai-la-scuola-partono-dal-borgo-morazzone-sulla-via-francisca\/1397249\/\">Le giornate Fai per la scuola partono dal borgo di Morazzone, sulla via Francisca<\/a><\/blockquote><iframe class=\"wp-embedded-content\" sandbox=\"allow-scripts\" security=\"restricted\" style=\"position: absolute; clip: rect(1px, 1px, 1px, 1px);\" src=\"https:\/\/www.varesenews.it\/2021\/11\/le-giornate-fai-la-scuola-partono-dal-borgo-morazzone-sulla-via-francisca\/1397249\/embed\/#?secret=BIUmyrb7Qb\" data-secret=\"BIUmyrb7Qb\" width=\"500\" height=\"282\" title=\"&#8220;Le giornate Fai per la scuola partono dal borgo di Morazzone, sulla via Francisca&#8221; &#8212; VareseNews\" frameborder=\"0\" marginwidth=\"0\" marginheight=\"0\" scrolling=\"no\"><\/iframe>","_oembed_time_d600467a345973eeaa3a47e9beee81c7":"1636242832","_oembed_6d52091c55f255fdcf764a274a9408d7":"<iframe width=\"500\" height=\"281\" src=\"https:\/\/www.youtube.com\/embed\/mdca9lzXSas?feature=oembed\" frameborder=\"0\" allow=\"accelerometer; autoplay; clipboard-write; encrypted-media; gyroscope; picture-in-picture\" allowfullscreen><\/iframe>","_oembed_time_6d52091c55f255fdcf764a274a9408d7":"1636242832","_oembed_08615ac5a0f53f779c4db0ec3f869773":"<blockquote class=\"wp-embedded-content\" data-secret=\"1Ml9b8Zzhf\"><a href=\"https:\/\/www.varesenews.it\/2021\/11\/primo-consiglio-comunale-varese-del-galimberti-bis-aperto-anche-teatro-santuccio\/1395825\/\">Per il primo consiglio comunale di Varese del &#8220;Galimberti bis&#8221; aperto anche il Teatro Santuccio<\/a><\/blockquote><iframe class=\"wp-embedded-content\" sandbox=\"allow-scripts\" security=\"restricted\" style=\"position: absolute; clip: rect(1px, 1px, 1px, 1px);\" src=\"https:\/\/www.varesenews.it\/2021\/11\/primo-consiglio-comunale-varese-del-galimberti-bis-aperto-anche-teatro-santuccio\/1395825\/embed\/#?secret=1Ml9b8Zzhf\" data-secret=\"1Ml9b8Zzhf\" width=\"500\" height=\"282\" title=\"&#8220;Per il primo consiglio comunale di Varese del &#8220;Galimberti bis&#8221; aperto anche il Teatro Santuccio&#8221; &#8212; VareseNews\" frameborder=\"0\" marginwidth=\"0\" marginheight=\"0\" scrolling=\"no\"><\/iframe>","_oembed_time_08615ac5a0f53f779c4db0ec3f869773":"1636243002","_oembed_8e2a77b16651664417c40d1e6e2dac9c":"<blockquote class=\"wp-embedded-content\" data-secret=\"QaUgOOE4zw\"><a href=\"https:\/\/www.varesenews.it\/2020\/07\/lago-ceresio-le-bellezze-luoghi-tutti-scoprire\/945098\/\">Lago Ceresio \u00e8&#8230; le bellezze di luoghi tutti da scoprire<\/a><\/blockquote><iframe class=\"wp-embedded-content\" sandbox=\"allow-scripts\" security=\"restricted\" style=\"position: absolute; clip: rect(1px, 1px, 1px, 1px);\" src=\"https:\/\/www.varesenews.it\/2020\/07\/lago-ceresio-le-bellezze-luoghi-tutti-scoprire\/945098\/embed\/#?secret=QaUgOOE4zw\" data-secret=\"QaUgOOE4zw\" width=\"500\" height=\"282\" title=\"&#8220;Lago Ceresio \u00e8&#8230; le bellezze di luoghi tutti da scoprire&#8221; &#8212; VareseNews\" frameborder=\"0\" marginwidth=\"0\" marginheight=\"0\" scrolling=\"no\"><\/iframe>","_oembed_time_8e2a77b16651664417c40d1e6e2dac9c":"1636243250","_oembed_789564a1b0a493a4cc64ebdebf198f67":"<blockquote class=\"wp-embedded-content\" data-secret=\"WfHVOYxxcx\"><a href=\"https:\/\/www.varesenews.it\/2021\/10\/nuova-segnaletica-alla-stazione-cantello-gaggiolo-arrivano-40-posti-auto-piu\/1392796\/\">Nuova segnaletica alla stazione di Cantello Gaggiolo: arrivano 40 posti auto in pi\u00f9<\/a><\/blockquote><iframe class=\"wp-embedded-content\" sandbox=\"allow-scripts\" security=\"restricted\" style=\"position: absolute; clip: rect(1px, 1px, 1px, 1px);\" src=\"https:\/\/www.varesenews.it\/2021\/10\/nuova-segnaletica-alla-stazione-cantello-gaggiolo-arrivano-40-posti-auto-piu\/1392796\/embed\/#?secret=WfHVOYxxcx\" data-secret=\"WfHVOYxxcx\" width=\"500\" height=\"282\" title=\"&#8220;Nuova segnaletica alla stazione di Cantello Gaggiolo: arrivano 40 posti auto in pi\u00f9&#8221; &#8212; VareseNews\" frameborder=\"0\" marginwidth=\"0\" marginheight=\"0\" scrolling=\"no\"><\/iframe>","_oembed_time_789564a1b0a493a4cc64ebdebf198f67":"1636243251","_oembed_d35a14630742e863ad06aca5722f4f05":"<blockquote class=\"wp-embedded-content\" data-secret=\"zYdNhfzXH5\"><a href=\"https:\/\/www.varesenews.it\/2021\/11\/scomparso-prematuramente-dottor-paolo-casiraghi-neurochirurgo-cassano-magnago\/1395970\/\">\u00c8 scomparso prematuramente il dottor Paolo Casiraghi, neurochirurgo di Cassano Magnago<\/a><\/blockquote><iframe class=\"wp-embedded-content\" sandbox=\"allow-scripts\" security=\"restricted\" style=\"position: absolute; clip: rect(1px, 1px, 1px, 1px);\" src=\"https:\/\/www.varesenews.it\/2021\/11\/scomparso-prematuramente-dottor-paolo-casiraghi-neurochirurgo-cassano-magnago\/1395970\/embed\/#?secret=zYdNhfzXH5\" data-secret=\"zYdNhfzXH5\" width=\"500\" height=\"282\" title=\"&#8220;\u00c8 scomparso prematuramente il dottor Paolo Casiraghi, neurochirurgo di Cassano Magnago&#8221; &#8212; VareseNews\" frameborder=\"0\" marginwidth=\"0\" marginheight=\"0\" scrolling=\"no\"><\/iframe>","_oembed_time_d35a14630742e863ad06aca5722f4f05":"1636243312","_oembed_5d2c6cdbc81c9791e6e52358504b6959":"<blockquote class=\"wp-embedded-content\" data-secret=\"HzPSArUtQi\"><a href=\"https:\/\/www.varesenews.it\/2021\/11\/gallarate-celebra-domenica-la-festa-del-4-novembre\/1396675\/\">Gallarate celebra domenica la festa del 4 novembre<\/a><\/blockquote><iframe class=\"wp-embedded-content\" sandbox=\"allow-scripts\" security=\"restricted\" style=\"position: absolute; clip: rect(1px, 1px, 1px, 1px);\" src=\"https:\/\/www.varesenews.it\/2021\/11\/gallarate-celebra-domenica-la-festa-del-4-novembre\/1396675\/embed\/#?secret=HzPSArUtQi\" data-secret=\"HzPSArUtQi\" width=\"500\" height=\"282\" title=\"&#8220;Gallarate celebra domenica la festa del 4 novembre&#8221; &#8212; VareseNews\" frameborder=\"0\" marginwidth=\"0\" marginheight=\"0\" scrolling=\"no\"><\/iframe>","_oembed_time_5d2c6cdbc81c9791e6e52358504b6959":"1636243312","_oembed_b8c17edc72e7e8cdf673bf743a6abb4b":"<blockquote class=\"wp-embedded-content\" data-secret=\"MLRtoaJILs\"><a href=\"https:\/\/www.varesenews.it\/2021\/10\/samarate-mancano-condivisione-dialogo-anche-allinterno-della-maggioranza\/1394392\/\">&#8220;A Samarate mancano condivisione e dialogo anche all&#8217;interno della maggioranza&#8221;<\/a><\/blockquote><iframe class=\"wp-embedded-content\" sandbox=\"allow-scripts\" security=\"restricted\" style=\"position: absolute; clip: rect(1px, 1px, 1px, 1px);\" src=\"https:\/\/www.varesenews.it\/2021\/10\/samarate-mancano-condivisione-dialogo-anche-allinterno-della-maggioranza\/1394392\/embed\/#?secret=MLRtoaJILs\" data-secret=\"MLRtoaJILs\" width=\"500\" height=\"282\" title=\"&#8220;&#8220;A Samarate mancano condivisione e dialogo anche all&#8217;interno della maggioranza&#8221;&#8221; &#8212; VareseNews\" frameborder=\"0\" marginwidth=\"0\" marginheight=\"0\" scrolling=\"no\"><\/iframe>","_oembed_time_b8c17edc72e7e8cdf673bf743a6abb4b":"1636243312","_oembed_24d6b9e69be96936d9dfcc38a94e6af0":"<blockquote class=\"wp-embedded-content\" data-secret=\"qUQSQwYbGD\"><a href=\"https:\/\/www.varesenews.it\/2021\/10\/asst-valle-olona-consiglio-comunale-somma-un-confronto-sul-bellini\/1394706\/\">Asst Valle Olona va in consiglio comunale di Somma ma conferma il destino del Bellini<\/a><\/blockquote><iframe class=\"wp-embedded-content\" sandbox=\"allow-scripts\" security=\"restricted\" style=\"position: absolute; clip: rect(1px, 1px, 1px, 1px);\" src=\"https:\/\/www.varesenews.it\/2021\/10\/asst-valle-olona-consiglio-comunale-somma-un-confronto-sul-bellini\/1394706\/embed\/#?secret=qUQSQwYbGD\" data-secret=\"qUQSQwYbGD\" width=\"500\" height=\"282\" title=\"&#8220;Asst Valle Olona va in consiglio comunale di Somma ma conferma il destino del Bellini&#8221; &#8212; VareseNews\" frameborder=\"0\" marginwidth=\"0\" marginheight=\"0\" scrolling=\"no\"><\/iframe>","_oembed_time_24d6b9e69be96936d9dfcc38a94e6af0":"1636243312","_oembed_217d66ea1e5bd1ac7ee332e44f2015aa":"<iframe width=\"500\" height=\"281\" src=\"https:\/\/www.youtube.com\/embed\/videoseries?list=OLAK5uy_ljOlZQvimZY2rrMvjp-XEOOUJyPwC_Hkk\" frameborder=\"0\" allow=\"accelerometer; autoplay; clipboard-write; encrypted-media; gyroscope; picture-in-picture\" allowfullscreen><\/iframe>","_oembed_time_217d66ea1e5bd1ac7ee332e44f2015aa":"1636243332","_oembed_772fe5b35dfd6f7617fa3a2969868e9f":"<blockquote class=\"wp-embedded-content\" data-secret=\"7f9Iotv4dE\"><a href=\"https:\/\/www.varesenews.it\/2021\/10\/libri-cominciare-ad-affrontare-le-paure-vista-halloween\/1388114\/\">Libri per cominciare ad affrontare le paure in vista di Halloween<\/a><\/blockquote><iframe class=\"wp-embedded-content\" sandbox=\"allow-scripts\" security=\"restricted\" style=\"position: absolute; clip: rect(1px, 1px, 1px, 1px);\" src=\"https:\/\/www.varesenews.it\/2021\/10\/libri-cominciare-ad-affrontare-le-paure-vista-halloween\/1388114\/embed\/#?secret=7f9Iotv4dE\" data-secret=\"7f9Iotv4dE\" width=\"500\" height=\"282\" title=\"&#8220;Libri per cominciare ad affrontare le paure in vista di Halloween&#8221; &#8212; VareseNews\" frameborder=\"0\" marginwidth=\"0\" marginheight=\"0\" scrolling=\"no\"><\/iframe>","_oembed_time_772fe5b35dfd6f7617fa3a2969868e9f":"1636243332","_oembed_1b800b879e69b0ad0e212614482f1885":"<blockquote class=\"wp-embedded-content\" data-secret=\"q7i3sGmTPK\"><a href=\"https:\/\/www.varesenews.it\/2021\/10\/dalla-citta-dal-bosco-paure-affrontare-le-pagine\/1393219\/\">Dalla citt\u00e0 al bosco: paure da affrontare tra le pagine<\/a><\/blockquote><iframe class=\"wp-embedded-content\" sandbox=\"allow-scripts\" security=\"restricted\" style=\"position: absolute; clip: rect(1px, 1px, 1px, 1px);\" src=\"https:\/\/www.varesenews.it\/2021\/10\/dalla-citta-dal-bosco-paure-affrontare-le-pagine\/1393219\/embed\/#?secret=q7i3sGmTPK\" data-secret=\"q7i3sGmTPK\" width=\"500\" height=\"282\" title=\"&#8220;Dalla citt\u00e0 al bosco: paure da affrontare tra le pagine&#8221; &#8212; VareseNews\" frameborder=\"0\" marginwidth=\"0\" marginheight=\"0\" scrolling=\"no\"><\/iframe>","_oembed_time_1b800b879e69b0ad0e212614482f1885":"1636243332"},"photos":[{"original":"https:\/\/staging.varesenews.it\/photogallery_new\/images\/2021\/11\/il-racconto-della-domenica-1259740.jpg","full":"https:\/\/staging.varesenews.it\/photogallery_new\/images\/2021\/11\/il-racconto-della-domenica-1259740.1024x768.jpg","large":"https:\/\/staging.varesenews.it\/photogallery_new\/images\/2021\/11\/il-racconto-della-domenica-1259740.610x431.jpg"}],"_links":{"self":[{"href":"https:\/\/staging.varesenews.it\/swgapi\/v1\/wp\/v2\/posts\/1396939"}],"collection":[{"href":"https:\/\/staging.varesenews.it\/swgapi\/v1\/wp\/v2\/posts"}],"about":[{"href":"https:\/\/staging.varesenews.it\/swgapi\/v1\/wp\/v2\/types\/post"}],"author":[{"embeddable":true,"href":"https:\/\/staging.varesenews.it\/swgapi\/v1\/wp\/v2\/users\/45"}],"replies":[{"embeddable":true,"href":"https:\/\/staging.varesenews.it\/swgapi\/v1\/wp\/v2\/comments?post=1396939"}],"version-history":[{"count":0,"href":"https:\/\/staging.varesenews.it\/swgapi\/v1\/wp\/v2\/posts\/1396939\/revisions"}],"wp:attachment":[{"href":"https:\/\/staging.varesenews.it\/swgapi\/v1\/wp\/v2\/media?parent=1396939"}],"wp:term":[{"taxonomy":"category","embeddable":true,"href":"https:\/\/staging.varesenews.it\/swgapi\/v1\/wp\/v2\/categories?post=1396939"},{"taxonomy":"post_tag","embeddable":true,"href":"https:\/\/staging.varesenews.it\/swgapi\/v1\/wp\/v2\/tags?post=1396939"}],"curies":[{"name":"wp","href":"https:\/\/api.w.org\/{rel}","templated":true}]}}