{"id":1400978,"date":"2021-11-17T15:46:39","date_gmt":"2021-11-17T14:46:39","guid":{"rendered":"https:\/\/www.varesenews.it\/?p=1400978"},"modified":"2021-11-17T16:29:04","modified_gmt":"2021-11-17T15:29:04","slug":"festival-spirto-gentil-gallarate","status":"publish","type":"post","link":"https:\/\/staging.varesenews.it\/2021\/11\/festival-spirto-gentil-gallarate\/1400978\/","title":{"rendered":"A Gallarate il festival Spirto Gentil porta alla scoperta della classica e dei suoi maestri"},"content":{"rendered":"<p><strong>&#8220;Il maestro non lo si sceglie ma lo si riconosce&#8221;<\/strong>: \u00e8 il titolo dell&#8217;<strong>edizione 2021 di Spirto Gentil<\/strong> a <strong>Gallarate<\/strong>, il festival di musica classica promosso dal Centro Culturale Tommaso Moro. I due concerti proporranno infatti\u00a0&#8220;corrispondenze tra quattro giganti della musica&#8221;.<\/p>\n<p><strong>Si parla (e si ascoltano) di Ligeti e Skriabin<\/strong>, che hanno<strong> acquisito dagli illustri predecessori\u00a0&#8211; rispettivamente Bart\u00f3k e Chopin &#8211;<\/strong>\u00a0delle caratteristiche musicali ed espressive, sviluppandole poi nella propria autonomia di linguaggio e di personalit\u00e0.<\/p>\n<p>I due concerti del festival &#8211;\u00a0nato nel 2009 e arrivato alla undicesima edizione &#8211; sono affidati a Francesco Pasqualotto e Irene Veneziano e si tengono al <strong>Teatro Condominio<\/strong>, in piazza Garibaldi-via del Teatro a Gallarate.<\/p>\n<p><strong>SABATO 20 NOVEMBRE \u2013 ORE 21:00<br \/>\nPianista: Francesco Pasqualotto<\/strong><br \/>\nIn questo primo concerto ascolteremo musiche di due compositori ungheresi (e pi\u00f9 precisamente transilvani): B. Bart\u00f3k e G. Ligeti.<br \/>\nIl primo fu uno dei compositori pi\u00f9 importanti della prima met\u00e0 del Novecento. La sua produzione \u00e8 molto varia: vi sono brani percussivi e drammatici, altri sperimentali, altri ancora si ispirano al folklore di vari paesi (egli fu anche un etnomusicologo di primissimo livello). Ligeti guarder\u00e0 a Bart\u00f3k come un maestro in tutti questi aspetti, e sar\u00e0 uno dei compositori pi\u00f9 impressionanti del secondo dopoguerra.<\/p>\n<p><strong>DOMENICA 21 NOVEMBRE \u2013 ORE 17:00<br \/>\nPianista: Irene Veneziano<\/strong><br \/>\nVerranno suonate musiche di F. Chopin, il grande compositore romantico polacco, e di<br \/>\nAl. Skrjabin, musicista russo che ebbe proprio Chopin come massimo punto di riferimento compositivo, soprattutto nella prima fase della sua attivit\u00e0. Entrambi hanno dedicato le loro migliori energie al pianoforte.<\/p>\n<p>L\u2019esecuzione dei brani musicali avverr\u00e0 su un pianoforte Stenway grancoda della collezione Fabbrini.<\/p>\n<p><em>Ingresso libero<br \/>\nI concerti si svolgeranno in ottemperanza delle normative sanitarie vigenti<\/em><\/p>\n<p>Centro Culturale Tommaso Moro \u2013 Vicolo del Prestino, 2 \u2013 21013 Gallarate (VA)<br \/>\ncctmg@libero.it \u2013 www.cctmg.it<\/p>\n","protected":false},"excerpt":{"rendered":"<p>O meglio: dei rapporti tra maestri e allievi, grazie a due diversi concerti dedicati a Ligeti e Skriabin, Bart\u00f3k e Chopin. I concerti dell&#8217;edizione 2021 affidati ai pianisti Francesco Pasqualotto e Irene Veneziano<\/p>\n","protected":false},"author":46,"featured_media":0,"comment_status":"open","ping_status":"open","sticky":false,"template":"","format":"standard","meta":{"footnotes":""},"categories":[3,21],"tags":[2457,57229,158],"acf":[],"yoast_head":"<!-- This site is optimized with the Yoast SEO plugin v20.1 - https:\/\/yoast.com\/wordpress\/plugins\/seo\/ -->\n<title>A Gallarate il festival Spirto Gentil porta alla scoperta della classica e dei suoi maestri<\/title>\n<meta name=\"description\" content=\"O meglio: dei rapporti tra maestri e allievi, grazie a due diversi concerti dedicati a Ligeti e Skriabin, Bart\u00f3k e Chopin. I concerti dell&#039;edizione 2021 affidati ai pianisti Francesco Pasqualotto e Irene Veneziano\" \/>\n<meta name=\"robots\" content=\"noindex, follow, max-snippet:-1, max-image-preview:large, max-video-preview:-1\" \/>\n<meta property=\"og:locale\" content=\"it_IT\" \/>\n<meta property=\"og:type\" content=\"article\" \/>\n<meta property=\"og:title\" content=\"A Gallarate il festival Spirto Gentil porta alla scoperta della classica e dei suoi maestri\" \/>\n<meta property=\"og:description\" content=\"O meglio: dei rapporti tra maestri e allievi, grazie a due diversi concerti dedicati a Ligeti e Skriabin, Bart\u00f3k e Chopin. I concerti dell&#039;edizione 2021 affidati ai pianisti Francesco Pasqualotto e Irene Veneziano\" \/>\n<meta property=\"og:url\" content=\"https:\/\/staging.varesenews.it\/2021\/11\/festival-spirto-gentil-gallarate\/1400978\/\" \/>\n<meta property=\"og:site_name\" content=\"VareseNews\" \/>\n<meta property=\"article:publisher\" content=\"https:\/\/www.facebook.com\/varesenews\" \/>\n<meta property=\"article:published_time\" content=\"2021-11-17T14:46:39+00:00\" \/>\n<meta property=\"article:modified_time\" content=\"2021-11-17T15:29:04+00:00\" \/>\n<meta name=\"author\" content=\"Roberto Morandi\" \/>\n<meta name=\"twitter:card\" content=\"summary_large_image\" \/>\n<meta name=\"twitter:creator\" content=\"@ilmorands\" \/>\n<meta name=\"twitter:site\" content=\"@varesenews\" \/>\n<meta name=\"twitter:label1\" content=\"Scritto da\" \/>\n\t<meta name=\"twitter:data1\" content=\"Roberto Morandi\" \/>\n\t<meta name=\"twitter:label2\" content=\"Tempo di lettura stimato\" \/>\n\t<meta name=\"twitter:data2\" content=\"1 minuto\" \/>\n<script type=\"application\/ld+json\" class=\"yoast-schema-graph\">{\"@context\":\"https:\/\/schema.org\",\"@graph\":[{\"@type\":\"WebPage\",\"@id\":\"https:\/\/staging.varesenews.it\/2021\/11\/festival-spirto-gentil-gallarate\/1400978\/\",\"url\":\"https:\/\/staging.varesenews.it\/2021\/11\/festival-spirto-gentil-gallarate\/1400978\/\",\"name\":\"A Gallarate il festival Spirto Gentil porta alla scoperta della classica e dei suoi maestri\",\"isPartOf\":{\"@id\":\"https:\/\/staging.varesenews.it\/#website\"},\"datePublished\":\"2021-11-17T14:46:39+00:00\",\"dateModified\":\"2021-11-17T15:29:04+00:00\",\"author\":{\"@id\":\"https:\/\/staging.varesenews.it\/#\/schema\/person\/efe592ae4c76536b551f89d8b6674bc3\"},\"description\":\"O meglio: dei rapporti tra maestri e allievi, grazie a due diversi concerti dedicati a Ligeti e Skriabin, Bart\u00f3k e Chopin. I concerti dell'edizione 2021 affidati ai pianisti Francesco Pasqualotto e Irene Veneziano\",\"breadcrumb\":{\"@id\":\"https:\/\/staging.varesenews.it\/2021\/11\/festival-spirto-gentil-gallarate\/1400978\/#breadcrumb\"},\"inLanguage\":\"it-IT\",\"potentialAction\":[{\"@type\":\"ReadAction\",\"target\":[\"https:\/\/staging.varesenews.it\/2021\/11\/festival-spirto-gentil-gallarate\/1400978\/\"]}]},{\"@type\":\"BreadcrumbList\",\"@id\":\"https:\/\/staging.varesenews.it\/2021\/11\/festival-spirto-gentil-gallarate\/1400978\/#breadcrumb\",\"itemListElement\":[{\"@type\":\"ListItem\",\"position\":1,\"name\":\"Home\",\"item\":\"https:\/\/www.varesenews.it\/\"},{\"@type\":\"ListItem\",\"position\":2,\"name\":\"A Gallarate il festival Spirto Gentil porta alla scoperta della classica e dei suoi maestri\"}]},{\"@type\":\"WebSite\",\"@id\":\"https:\/\/staging.varesenews.it\/#website\",\"url\":\"https:\/\/staging.varesenews.it\/\",\"name\":\"VareseNews\",\"description\":\"\",\"potentialAction\":[{\"@type\":\"SearchAction\",\"target\":{\"@type\":\"EntryPoint\",\"urlTemplate\":\"https:\/\/staging.varesenews.it\/?s={search_term_string}\"},\"query-input\":\"required name=search_term_string\"}],\"inLanguage\":\"it-IT\"},{\"@type\":\"Person\",\"@id\":\"https:\/\/staging.varesenews.it\/#\/schema\/person\/efe592ae4c76536b551f89d8b6674bc3\",\"name\":\"Roberto Morandi\",\"image\":{\"@type\":\"ImageObject\",\"inLanguage\":\"it-IT\",\"@id\":\"https:\/\/staging.varesenews.it\/#\/schema\/person\/image\/\",\"url\":\"https:\/\/staging.varesenews.it\/wp-content\/uploads\/2020\/12\/roberto_morandi_colori_500.jpg\",\"contentUrl\":\"https:\/\/staging.varesenews.it\/wp-content\/uploads\/2020\/12\/roberto_morandi_colori_500.jpg\",\"caption\":\"Roberto Morandi\"},\"description\":\"Classe 1980, laureato in storia, mi occupo dell&rsquo;area di Gallarate e di Malpensa, di trasporti e mobilit&agrave;. Amo molto la dimensione della citt&agrave;, come luogo d&rsquo;incontro di persone diverse e come organismo che si trasforma costantemente. Mi piace anche raccontare le piccole e grandi vicende, anche locali, che compongono la Storia con la S maiuscola. Appassionato di bicicletta: la macchina perfetta per muoversi in citt&agrave; e per viaggiare.\",\"sameAs\":[\"https:\/\/twitter.com\/ilmorands\"],\"url\":\"https:\/\/staging.varesenews.it\/persona\/roberto-morandi1\/\"}]}<\/script>\n<!-- \/ Yoast SEO plugin. -->","yoast_head_json":{"title":"A Gallarate il festival Spirto Gentil porta alla scoperta della classica e dei suoi maestri","description":"O meglio: dei rapporti tra maestri e allievi, grazie a due diversi concerti dedicati a Ligeti e Skriabin, Bart\u00f3k e Chopin. I concerti dell'edizione 2021 affidati ai pianisti Francesco Pasqualotto e Irene Veneziano","robots":{"index":"noindex","follow":"follow","max-snippet":"max-snippet:-1","max-image-preview":"max-image-preview:large","max-video-preview":"max-video-preview:-1"},"og_locale":"it_IT","og_type":"article","og_title":"A Gallarate il festival Spirto Gentil porta alla scoperta della classica e dei suoi maestri","og_description":"O meglio: dei rapporti tra maestri e allievi, grazie a due diversi concerti dedicati a Ligeti e Skriabin, Bart\u00f3k e Chopin. I concerti dell'edizione 2021 affidati ai pianisti Francesco Pasqualotto e Irene Veneziano","og_url":"https:\/\/staging.varesenews.it\/2021\/11\/festival-spirto-gentil-gallarate\/1400978\/","og_site_name":"VareseNews","article_publisher":"https:\/\/www.facebook.com\/varesenews","article_published_time":"2021-11-17T14:46:39+00:00","article_modified_time":"2021-11-17T15:29:04+00:00","author":"Roberto Morandi","twitter_card":"summary_large_image","twitter_creator":"@ilmorands","twitter_site":"@varesenews","twitter_misc":{"Scritto da":"Roberto Morandi","Tempo di lettura stimato":"1 minuto"},"schema":{"@context":"https:\/\/schema.org","@graph":[{"@type":"WebPage","@id":"https:\/\/staging.varesenews.it\/2021\/11\/festival-spirto-gentil-gallarate\/1400978\/","url":"https:\/\/staging.varesenews.it\/2021\/11\/festival-spirto-gentil-gallarate\/1400978\/","name":"A Gallarate il festival Spirto Gentil porta alla scoperta della classica e dei suoi maestri","isPartOf":{"@id":"https:\/\/staging.varesenews.it\/#website"},"datePublished":"2021-11-17T14:46:39+00:00","dateModified":"2021-11-17T15:29:04+00:00","author":{"@id":"https:\/\/staging.varesenews.it\/#\/schema\/person\/efe592ae4c76536b551f89d8b6674bc3"},"description":"O meglio: dei rapporti tra maestri e allievi, grazie a due diversi concerti dedicati a Ligeti e Skriabin, Bart\u00f3k e Chopin. I concerti dell'edizione 2021 affidati ai pianisti Francesco Pasqualotto e Irene Veneziano","breadcrumb":{"@id":"https:\/\/staging.varesenews.it\/2021\/11\/festival-spirto-gentil-gallarate\/1400978\/#breadcrumb"},"inLanguage":"it-IT","potentialAction":[{"@type":"ReadAction","target":["https:\/\/staging.varesenews.it\/2021\/11\/festival-spirto-gentil-gallarate\/1400978\/"]}]},{"@type":"BreadcrumbList","@id":"https:\/\/staging.varesenews.it\/2021\/11\/festival-spirto-gentil-gallarate\/1400978\/#breadcrumb","itemListElement":[{"@type":"ListItem","position":1,"name":"Home","item":"https:\/\/www.varesenews.it\/"},{"@type":"ListItem","position":2,"name":"A Gallarate il festival Spirto Gentil porta alla scoperta della classica e dei suoi maestri"}]},{"@type":"WebSite","@id":"https:\/\/staging.varesenews.it\/#website","url":"https:\/\/staging.varesenews.it\/","name":"VareseNews","description":"","potentialAction":[{"@type":"SearchAction","target":{"@type":"EntryPoint","urlTemplate":"https:\/\/staging.varesenews.it\/?s={search_term_string}"},"query-input":"required name=search_term_string"}],"inLanguage":"it-IT"},{"@type":"Person","@id":"https:\/\/staging.varesenews.it\/#\/schema\/person\/efe592ae4c76536b551f89d8b6674bc3","name":"Roberto Morandi","image":{"@type":"ImageObject","inLanguage":"it-IT","@id":"https:\/\/staging.varesenews.it\/#\/schema\/person\/image\/","url":"https:\/\/staging.varesenews.it\/wp-content\/uploads\/2020\/12\/roberto_morandi_colori_500.jpg","contentUrl":"https:\/\/staging.varesenews.it\/wp-content\/uploads\/2020\/12\/roberto_morandi_colori_500.jpg","caption":"Roberto Morandi"},"description":"Classe 1980, laureato in storia, mi occupo dell&rsquo;area di Gallarate e di Malpensa, di trasporti e mobilit&agrave;. Amo molto la dimensione della citt&agrave;, come luogo d&rsquo;incontro di persone diverse e come organismo che si trasforma costantemente. Mi piace anche raccontare le piccole e grandi vicende, anche locali, che compongono la Storia con la S maiuscola. Appassionato di bicicletta: la macchina perfetta per muoversi in citt&agrave; e per viaggiare.","sameAs":["https:\/\/twitter.com\/ilmorands"],"url":"https:\/\/staging.varesenews.it\/persona\/roberto-morandi1\/"}]}},"post_meta":{"_oembed_9a0838cc2e828cd783a9c796dbba9fad":"<blockquote class=\"wp-embedded-content\" data-secret=\"90y5kBJoia\"><a href=\"https:\/\/www.varesenews.it\/2019\/09\/festival-spirto-gentil-la-decima-edizione-un-dono-alla-citta\/852976\/\">Il festival Spirto Gentil, la decima edizione di un dono alla citt\u00e0<\/a><\/blockquote><iframe class=\"wp-embedded-content\" sandbox=\"allow-scripts\" security=\"restricted\" style=\"position: absolute; clip: rect(1px, 1px, 1px, 1px);\" src=\"https:\/\/www.varesenews.it\/2019\/09\/festival-spirto-gentil-la-decima-edizione-un-dono-alla-citta\/852976\/embed\/#?secret=90y5kBJoia\" data-secret=\"90y5kBJoia\" width=\"600\" height=\"338\" title=\"&#8220;Il festival Spirto Gentil, la decima edizione di un dono alla citt\u00e0&#8221; &#8212; VareseNews\" frameborder=\"0\" marginwidth=\"0\" marginheight=\"0\" scrolling=\"no\"><\/iframe>","_oembed_time_9a0838cc2e828cd783a9c796dbba9fad":"1635845176","_category_permalink":"a:1:{s:8:\"category\";s:1:\"3\";}","_encloseme":"1","ratings_users":"0","ratings_score":"0","ratings_average":"0","foto":"1237791","firma_come_redazione":"1","argomento":"Gallarate","_yoast_wpseo_content_score":"30","_jd_tweet_this":"yes","_wpt_short_url":"https:\/\/www.varesenews.it\/2021\/11\/corrispondenze-giganti-gallarate-festival-musicale-spirto-gentil\/1395709\/","_wp_jd_target":"https:\/\/www.varesenews.it\/2021\/11\/corrispondenze-giganti-gallarate-festival-musicale-spirto-gentil\/1395709\/","_jd_wp_twitter":"a:2:{i:0;s:212:\"Corrispondenze tra giganti: a Gallarate il festival musicale Spirto Gentil https:\/\/www.varesenews.it\/2021\/11\/corrispondenze-giganti-gallarate-festival-musicale-spirto-gentil\/1395709\/ #musicaclassica #SpirtoGentil\";i:1;s:221:\"A Gallarate il festival Spirto Gentil porta alla scoperta della classica e https:\/\/www.varesenews.it\/2021\/11\/corrispondenze-giganti-gallarate-festival-musicale-spirto-gentil\/1395709\/ #musicaclassica #SpirtoGentil #weekend\";}","_wpt_status_message":"Tweet inviato con successo.","_dp_original":"1395709","_edit_lock":"1637162965:46","_edit_last":"46","_oembed_b49bb6abe4477475c904dbec892ff9c9":"<blockquote class=\"wp-embedded-content\" data-secret=\"zo3d3E7HSV\"><a href=\"https:\/\/www.varesenews.it\/2021\/09\/cosa-cambia-svizzera-si-al-matrimonio-tutti\/1383106\/\">Cosa cambia in Svizzera dopo il &#8220;s\u00ec&#8221; al matrimonio per tutti<\/a><\/blockquote><iframe class=\"wp-embedded-content\" sandbox=\"allow-scripts\" security=\"restricted\" style=\"position: absolute; clip: rect(1px, 1px, 1px, 1px);\" src=\"https:\/\/www.varesenews.it\/2021\/09\/cosa-cambia-svizzera-si-al-matrimonio-tutti\/1383106\/embed\/#?secret=zo3d3E7HSV\" data-secret=\"zo3d3E7HSV\" width=\"500\" height=\"282\" title=\"&#8220;Cosa cambia in Svizzera dopo il &#8220;s\u00ec&#8221; al matrimonio per tutti&#8221; &#8212; VareseNews\" frameborder=\"0\" marginwidth=\"0\" marginheight=\"0\" scrolling=\"no\"><\/iframe>","_oembed_time_b49bb6abe4477475c904dbec892ff9c9":"1637160510","_oembed_bebe49a4b126f39c9cb517e53a13ef63":"<blockquote class=\"wp-embedded-content\" data-secret=\"tS6P9qbEnA\"><a href=\"https:\/\/www.varesenews.it\/2021\/10\/fuoco-clima-cambiato-connotati-del-campo-dei-fiori\/1394025\/\">Fuoco e clima hanno cambiato i connotati del Campo dei Fiori<\/a><\/blockquote><iframe class=\"wp-embedded-content\" sandbox=\"allow-scripts\" security=\"restricted\" style=\"position: absolute; clip: rect(1px, 1px, 1px, 1px);\" src=\"https:\/\/www.varesenews.it\/2021\/10\/fuoco-clima-cambiato-connotati-del-campo-dei-fiori\/1394025\/embed\/#?secret=tS6P9qbEnA\" data-secret=\"tS6P9qbEnA\" width=\"500\" height=\"282\" title=\"&#8220;Fuoco e clima hanno cambiato i connotati del Campo dei Fiori&#8221; &#8212; VareseNews\" frameborder=\"0\" marginwidth=\"0\" marginheight=\"0\" scrolling=\"no\"><\/iframe>","_oembed_time_bebe49a4b126f39c9cb517e53a13ef63":"1637160510","_oembed_fdded577dfd76201fd4db08e82b77c57":"<iframe width=\"500\" height=\"281\" src=\"https:\/\/www.youtube.com\/embed\/lo8v98jPOyc?feature=oembed\" frameborder=\"0\" allow=\"accelerometer; autoplay; clipboard-write; encrypted-media; gyroscope; picture-in-picture\" allowfullscreen><\/iframe>","_oembed_time_fdded577dfd76201fd4db08e82b77c57":"1637160511","_oembed_b3069cc1bb33460f60a65574fe51d216":"<blockquote class=\"wp-embedded-content\" data-secret=\"dggO2lV78m\"><a href=\"https:\/\/www.varesenews.it\/2021\/11\/eventi-bambini-nel-weekend-dal-12-al-15-novembre-varese-provincia\/1399194\/\">Eventi per bambini nel weekend dal 12 al 15 novembre tra Varese e provincia<\/a><\/blockquote><iframe class=\"wp-embedded-content\" sandbox=\"allow-scripts\" security=\"restricted\" style=\"position: absolute; clip: rect(1px, 1px, 1px, 1px);\" src=\"https:\/\/www.varesenews.it\/2021\/11\/eventi-bambini-nel-weekend-dal-12-al-15-novembre-varese-provincia\/1399194\/embed\/#?secret=dggO2lV78m\" data-secret=\"dggO2lV78m\" width=\"500\" height=\"282\" title=\"&#8220;Eventi per bambini nel weekend dal 12 al 15 novembre tra Varese e provincia&#8221; &#8212; VareseNews\" frameborder=\"0\" marginwidth=\"0\" marginheight=\"0\" scrolling=\"no\"><\/iframe>","_oembed_time_b3069cc1bb33460f60a65574fe51d216":"1637160511","_oembed_094aaaae0e4f818115464d8695073e16":"<blockquote class=\"wp-embedded-content\" data-secret=\"Pts5pP5QIR\"><a href=\"https:\/\/www.varesenews.it\/2021\/11\/eventi-bambini-nel-weekend-dal-5-al-7-novembre-varese-provincia\/1397047\/\">Eventi per bambini nel weekend dal 5 al 7 novembre tra Varese e provincia<\/a><\/blockquote><iframe class=\"wp-embedded-content\" sandbox=\"allow-scripts\" security=\"restricted\" style=\"position: absolute; clip: rect(1px, 1px, 1px, 1px);\" src=\"https:\/\/www.varesenews.it\/2021\/11\/eventi-bambini-nel-weekend-dal-5-al-7-novembre-varese-provincia\/1397047\/embed\/#?secret=Pts5pP5QIR\" data-secret=\"Pts5pP5QIR\" width=\"500\" height=\"282\" title=\"&#8220;Eventi per bambini nel weekend dal 5 al 7 novembre tra Varese e provincia&#8221; &#8212; VareseNews\" frameborder=\"0\" marginwidth=\"0\" marginheight=\"0\" scrolling=\"no\"><\/iframe>","_oembed_time_094aaaae0e4f818115464d8695073e16":"1637160511","_oembed_8e2a77b16651664417c40d1e6e2dac9c":"<blockquote class=\"wp-embedded-content\" data-secret=\"JU6Ai21KHC\"><a href=\"https:\/\/www.varesenews.it\/2020\/07\/lago-ceresio-le-bellezze-luoghi-tutti-scoprire\/945098\/\">Lago Ceresio \u00e8&#8230; le bellezze di luoghi tutti da scoprire<\/a><\/blockquote><iframe class=\"wp-embedded-content\" sandbox=\"allow-scripts\" security=\"restricted\" style=\"position: absolute; clip: rect(1px, 1px, 1px, 1px);\" src=\"https:\/\/www.varesenews.it\/2020\/07\/lago-ceresio-le-bellezze-luoghi-tutti-scoprire\/945098\/embed\/#?secret=JU6Ai21KHC\" data-secret=\"JU6Ai21KHC\" width=\"500\" height=\"282\" title=\"&#8220;Lago Ceresio \u00e8&#8230; le bellezze di luoghi tutti da scoprire&#8221; &#8212; VareseNews\" frameborder=\"0\" marginwidth=\"0\" marginheight=\"0\" scrolling=\"no\"><\/iframe>","_oembed_time_8e2a77b16651664417c40d1e6e2dac9c":"1637160511"},"photos":[{"original":"https:\/\/staging.varesenews.it\/photogallery_new\/images\/2021\/07\/pianoforte-1237791.jpg","full":"https:\/\/staging.varesenews.it\/photogallery_new\/images\/2021\/07\/pianoforte-1237791.1024x768.jpg","large":"https:\/\/staging.varesenews.it\/photogallery_new\/images\/2021\/07\/pianoforte-1237791.610x431.jpg"}],"_links":{"self":[{"href":"https:\/\/staging.varesenews.it\/swgapi\/v1\/wp\/v2\/posts\/1400978"}],"collection":[{"href":"https:\/\/staging.varesenews.it\/swgapi\/v1\/wp\/v2\/posts"}],"about":[{"href":"https:\/\/staging.varesenews.it\/swgapi\/v1\/wp\/v2\/types\/post"}],"author":[{"embeddable":true,"href":"https:\/\/staging.varesenews.it\/swgapi\/v1\/wp\/v2\/users\/46"}],"replies":[{"embeddable":true,"href":"https:\/\/staging.varesenews.it\/swgapi\/v1\/wp\/v2\/comments?post=1400978"}],"version-history":[{"count":0,"href":"https:\/\/staging.varesenews.it\/swgapi\/v1\/wp\/v2\/posts\/1400978\/revisions"}],"wp:attachment":[{"href":"https:\/\/staging.varesenews.it\/swgapi\/v1\/wp\/v2\/media?parent=1400978"}],"wp:term":[{"taxonomy":"category","embeddable":true,"href":"https:\/\/staging.varesenews.it\/swgapi\/v1\/wp\/v2\/categories?post=1400978"},{"taxonomy":"post_tag","embeddable":true,"href":"https:\/\/staging.varesenews.it\/swgapi\/v1\/wp\/v2\/tags?post=1400978"}],"curies":[{"name":"wp","href":"https:\/\/api.w.org\/{rel}","templated":true}]}}