{"id":1401258,"date":"2021-11-18T11:34:28","date_gmt":"2021-11-18T10:34:28","guid":{"rendered":"https:\/\/www.varesenews.it\/?p=1401258"},"modified":"2021-11-18T11:34:28","modified_gmt":"2021-11-18T10:34:28","slug":"perizia-psichiatrica-laggressione-alla-polizia-lavena-ponte-tresa","status":"publish","type":"post","link":"https:\/\/staging.varesenews.it\/2021\/11\/perizia-psichiatrica-laggressione-alla-polizia-lavena-ponte-tresa\/1401258\/","title":{"rendered":"Perizia psichiatrica per l\u2019aggressione alla polizia di Lavena Ponte Tresa"},"content":{"rendered":"<p>Comincia il processo per <a href=\"https:\/\/www.varesenews.it\/2021\/08\/aggredito-un-coltello-agente-polizia-spara-ferisce-un-uomo-lavena-ponte-tresa\/1370703\/\">l\u2019aggressione ad una pattuglia della polizia di frontiera di Luino<\/a> avvenuta a Lavena Ponte Tresa lo scorso 19 agosto. L\u2019imputato, 29 anni, di origini marocchine, <strong>\u00e8 accusato di tentato omicidio.<\/strong><\/p>\n<p>Il procedimento si \u00e8 aperto di fronte al collegio e il difensore dell\u2019imputato, l\u2019avvocato <strong>Fulvio Dagnoni ha chiesto e ottenuto una perizia psichiatrica<\/strong> che verr\u00e0 eseguita a partire dalla met\u00e0 di dicembre dal dottor Angelo De Mori e che due mesi dopo, a febbraio, sar\u00e0 presentata durante la prosecuzione del dibattimento.<\/p>\n<p>I fatti contestati si riferiscono a quanto avvenuto<a href=\"https:\/\/www.varesenews.it\/2021\/08\/aggressione-ponte-tresa-spinto-lagente-terra-estratto-coltello\/1370811\/\"> il 19 agosto a Lavena Ponte Tresa<\/a>. Da una prima ricostruzione il giovane avrebbe reagito in quel giorno, un gioved\u00ec, alla richiesta di documenti di un agente donna durante un normale controllo di polizia, <strong>spingendola prima a terra e facendola cadere per poi estrarre un coltello da cucina con una lama di 26 centimetri:<\/strong> a quel punto l\u2019altro agente di pattuglia ha estratto l\u2019arma d\u2019ordinanza e sparato un colpo che ha raggiunto l\u2019aggressore all\u2019addome.<\/p>\n<p>L\u2019uomo \u00e8 arrivato in Italia nel 2016 attraversando il Mediterraneo su di una delle tante barche di fortuna che partono dal Nord Africa alla volta dei paesi europei e si era stabilito in Piemonte prima di arrivare nel Varesotto: nella banca dati interforze emerse nell\u2019immediatezza dei fatti qualche precedente emerso prima del grave fatto di Ponte Tresa. <strong>L\u2019imputato si trova ora in carcere a Busto Arsizio<\/strong> e questa mattina in tribunale gli \u00e8 stato tradotto da un\u2019interprete il primo passo del procedimento penale che lo riguarda.<\/p>\n","protected":false},"excerpt":{"rendered":"<p>A processo l\u2019uomo di 29 anni che estrasse un coltello contro una pattuglia e obblig\u00f3 un agente a sparare<\/p>\n","protected":false},"author":43,"featured_media":0,"comment_status":"open","ping_status":"open","sticky":false,"template":"","format":"standard","meta":{"footnotes":""},"categories":[2],"tags":[2761,82786],"acf":[],"yoast_head":"<!-- This site is optimized with the Yoast SEO plugin v20.1 - https:\/\/yoast.com\/wordpress\/plugins\/seo\/ -->\n<title>Perizia psichiatrica per l\u2019aggressione alla polizia di Lavena Ponte Tresa<\/title>\n<meta name=\"description\" content=\"A processo l\u2019uomo di 29 anni che estrasse un coltello contro una pattuglia e obblig\u00f3 un agente a sparare\" \/>\n<meta name=\"robots\" content=\"noindex, follow, max-snippet:-1, max-image-preview:large, max-video-preview:-1\" \/>\n<meta property=\"og:locale\" content=\"it_IT\" \/>\n<meta property=\"og:type\" content=\"article\" \/>\n<meta property=\"og:title\" content=\"Perizia psichiatrica per l\u2019aggressione alla polizia di Lavena Ponte Tresa\" \/>\n<meta property=\"og:description\" content=\"A processo l\u2019uomo di 29 anni che estrasse un coltello contro una pattuglia e obblig\u00f3 un agente a sparare\" \/>\n<meta property=\"og:url\" content=\"https:\/\/staging.varesenews.it\/2021\/11\/perizia-psichiatrica-laggressione-alla-polizia-lavena-ponte-tresa\/1401258\/\" \/>\n<meta property=\"og:site_name\" content=\"VareseNews\" \/>\n<meta property=\"article:publisher\" content=\"https:\/\/www.facebook.com\/varesenews\" \/>\n<meta property=\"article:author\" content=\"https:\/\/www.facebook.com\/mariacarla.cebrelli\" \/>\n<meta property=\"article:published_time\" content=\"2021-11-18T10:34:28+00:00\" \/>\n<meta name=\"author\" content=\"Maria Carla Cebrelli\" \/>\n<meta name=\"twitter:card\" content=\"summary_large_image\" \/>\n<meta name=\"twitter:creator\" content=\"@pikapiketti\" \/>\n<meta name=\"twitter:site\" content=\"@varesenews\" \/>\n<meta name=\"twitter:label1\" content=\"Scritto da\" \/>\n\t<meta name=\"twitter:data1\" content=\"Maria Carla Cebrelli\" \/>\n\t<meta name=\"twitter:label2\" content=\"Tempo di lettura stimato\" \/>\n\t<meta name=\"twitter:data2\" content=\"1 minuto\" \/>\n<script type=\"application\/ld+json\" class=\"yoast-schema-graph\">{\"@context\":\"https:\/\/schema.org\",\"@graph\":[{\"@type\":\"WebPage\",\"@id\":\"https:\/\/staging.varesenews.it\/2021\/11\/perizia-psichiatrica-laggressione-alla-polizia-lavena-ponte-tresa\/1401258\/\",\"url\":\"https:\/\/staging.varesenews.it\/2021\/11\/perizia-psichiatrica-laggressione-alla-polizia-lavena-ponte-tresa\/1401258\/\",\"name\":\"Perizia psichiatrica per l\u2019aggressione alla polizia di Lavena Ponte Tresa\",\"isPartOf\":{\"@id\":\"https:\/\/staging.varesenews.it\/#website\"},\"datePublished\":\"2021-11-18T10:34:28+00:00\",\"dateModified\":\"2021-11-18T10:34:28+00:00\",\"author\":{\"@id\":\"https:\/\/staging.varesenews.it\/#\/schema\/person\/5bf790e99d7ec50061119cc825c454de\"},\"description\":\"A processo l\u2019uomo di 29 anni che estrasse un coltello contro una pattuglia e obblig\u00f3 un agente a sparare\",\"breadcrumb\":{\"@id\":\"https:\/\/staging.varesenews.it\/2021\/11\/perizia-psichiatrica-laggressione-alla-polizia-lavena-ponte-tresa\/1401258\/#breadcrumb\"},\"inLanguage\":\"it-IT\",\"potentialAction\":[{\"@type\":\"ReadAction\",\"target\":[\"https:\/\/staging.varesenews.it\/2021\/11\/perizia-psichiatrica-laggressione-alla-polizia-lavena-ponte-tresa\/1401258\/\"]}]},{\"@type\":\"BreadcrumbList\",\"@id\":\"https:\/\/staging.varesenews.it\/2021\/11\/perizia-psichiatrica-laggressione-alla-polizia-lavena-ponte-tresa\/1401258\/#breadcrumb\",\"itemListElement\":[{\"@type\":\"ListItem\",\"position\":1,\"name\":\"Home\",\"item\":\"https:\/\/www.varesenews.it\/\"},{\"@type\":\"ListItem\",\"position\":2,\"name\":\"Perizia psichiatrica per l\u2019aggressione alla polizia di Lavena Ponte Tresa\"}]},{\"@type\":\"WebSite\",\"@id\":\"https:\/\/staging.varesenews.it\/#website\",\"url\":\"https:\/\/staging.varesenews.it\/\",\"name\":\"VareseNews\",\"description\":\"\",\"potentialAction\":[{\"@type\":\"SearchAction\",\"target\":{\"@type\":\"EntryPoint\",\"urlTemplate\":\"https:\/\/staging.varesenews.it\/?s={search_term_string}\"},\"query-input\":\"required name=search_term_string\"}],\"inLanguage\":\"it-IT\"},{\"@type\":\"Person\",\"@id\":\"https:\/\/staging.varesenews.it\/#\/schema\/person\/5bf790e99d7ec50061119cc825c454de\",\"name\":\"Maria Carla Cebrelli\",\"image\":{\"@type\":\"ImageObject\",\"inLanguage\":\"it-IT\",\"@id\":\"https:\/\/staging.varesenews.it\/#\/schema\/person\/image\/\",\"url\":\"https:\/\/staging.varesenews.it\/wp-content\/uploads\/2020\/12\/mariacarla_cebrelli_colori_500-1.jpg\",\"contentUrl\":\"https:\/\/staging.varesenews.it\/wp-content\/uploads\/2020\/12\/mariacarla_cebrelli_colori_500-1.jpg\",\"caption\":\"Maria Carla Cebrelli\"},\"description\":\"Economista di formazione, giornalista per passione. A VareseNews dal 2005, mi sono occupata negli anni di universit&agrave;, tematiche di confine, news locali e comunicazione nel settore sociale. Attualmente sono responsabile di VerbanoNews, del canale di VareseNews dedicato al Turismo e seguo i social dell'area business.\",\"sameAs\":[\"https:\/\/www.facebook.com\/mariacarla.cebrelli\",\"pikapiketti\",\"https:\/\/twitter.com\/pikapiketti\"],\"url\":\"https:\/\/staging.varesenews.it\/persona\/mariacarla-cebrelli1\/\"}]}<\/script>\n<!-- \/ Yoast SEO plugin. -->","yoast_head_json":{"title":"Perizia psichiatrica per l\u2019aggressione alla polizia di Lavena Ponte Tresa","description":"A processo l\u2019uomo di 29 anni che estrasse un coltello contro una pattuglia e obblig\u00f3 un agente a sparare","robots":{"index":"noindex","follow":"follow","max-snippet":"max-snippet:-1","max-image-preview":"max-image-preview:large","max-video-preview":"max-video-preview:-1"},"og_locale":"it_IT","og_type":"article","og_title":"Perizia psichiatrica per l\u2019aggressione alla polizia di Lavena Ponte Tresa","og_description":"A processo l\u2019uomo di 29 anni che estrasse un coltello contro una pattuglia e obblig\u00f3 un agente a sparare","og_url":"https:\/\/staging.varesenews.it\/2021\/11\/perizia-psichiatrica-laggressione-alla-polizia-lavena-ponte-tresa\/1401258\/","og_site_name":"VareseNews","article_publisher":"https:\/\/www.facebook.com\/varesenews","article_author":"https:\/\/www.facebook.com\/mariacarla.cebrelli","article_published_time":"2021-11-18T10:34:28+00:00","author":"Maria Carla Cebrelli","twitter_card":"summary_large_image","twitter_creator":"@pikapiketti","twitter_site":"@varesenews","twitter_misc":{"Scritto da":"Maria Carla Cebrelli","Tempo di lettura stimato":"1 minuto"},"schema":{"@context":"https:\/\/schema.org","@graph":[{"@type":"WebPage","@id":"https:\/\/staging.varesenews.it\/2021\/11\/perizia-psichiatrica-laggressione-alla-polizia-lavena-ponte-tresa\/1401258\/","url":"https:\/\/staging.varesenews.it\/2021\/11\/perizia-psichiatrica-laggressione-alla-polizia-lavena-ponte-tresa\/1401258\/","name":"Perizia psichiatrica per l\u2019aggressione alla polizia di Lavena Ponte Tresa","isPartOf":{"@id":"https:\/\/staging.varesenews.it\/#website"},"datePublished":"2021-11-18T10:34:28+00:00","dateModified":"2021-11-18T10:34:28+00:00","author":{"@id":"https:\/\/staging.varesenews.it\/#\/schema\/person\/5bf790e99d7ec50061119cc825c454de"},"description":"A processo l\u2019uomo di 29 anni che estrasse un coltello contro una pattuglia e obblig\u00f3 un agente a sparare","breadcrumb":{"@id":"https:\/\/staging.varesenews.it\/2021\/11\/perizia-psichiatrica-laggressione-alla-polizia-lavena-ponte-tresa\/1401258\/#breadcrumb"},"inLanguage":"it-IT","potentialAction":[{"@type":"ReadAction","target":["https:\/\/staging.varesenews.it\/2021\/11\/perizia-psichiatrica-laggressione-alla-polizia-lavena-ponte-tresa\/1401258\/"]}]},{"@type":"BreadcrumbList","@id":"https:\/\/staging.varesenews.it\/2021\/11\/perizia-psichiatrica-laggressione-alla-polizia-lavena-ponte-tresa\/1401258\/#breadcrumb","itemListElement":[{"@type":"ListItem","position":1,"name":"Home","item":"https:\/\/www.varesenews.it\/"},{"@type":"ListItem","position":2,"name":"Perizia psichiatrica per l\u2019aggressione alla polizia di Lavena Ponte Tresa"}]},{"@type":"WebSite","@id":"https:\/\/staging.varesenews.it\/#website","url":"https:\/\/staging.varesenews.it\/","name":"VareseNews","description":"","potentialAction":[{"@type":"SearchAction","target":{"@type":"EntryPoint","urlTemplate":"https:\/\/staging.varesenews.it\/?s={search_term_string}"},"query-input":"required name=search_term_string"}],"inLanguage":"it-IT"},{"@type":"Person","@id":"https:\/\/staging.varesenews.it\/#\/schema\/person\/5bf790e99d7ec50061119cc825c454de","name":"Maria Carla Cebrelli","image":{"@type":"ImageObject","inLanguage":"it-IT","@id":"https:\/\/staging.varesenews.it\/#\/schema\/person\/image\/","url":"https:\/\/staging.varesenews.it\/wp-content\/uploads\/2020\/12\/mariacarla_cebrelli_colori_500-1.jpg","contentUrl":"https:\/\/staging.varesenews.it\/wp-content\/uploads\/2020\/12\/mariacarla_cebrelli_colori_500-1.jpg","caption":"Maria Carla Cebrelli"},"description":"Economista di formazione, giornalista per passione. A VareseNews dal 2005, mi sono occupata negli anni di universit&agrave;, tematiche di confine, news locali e comunicazione nel settore sociale. Attualmente sono responsabile di VerbanoNews, del canale di VareseNews dedicato al Turismo e seguo i social dell'area business.","sameAs":["https:\/\/www.facebook.com\/mariacarla.cebrelli","pikapiketti","https:\/\/twitter.com\/pikapiketti"],"url":"https:\/\/staging.varesenews.it\/persona\/mariacarla-cebrelli1\/"}]}},"post_meta":{"_edit_lock":"1637231549:43","_edit_last":"43","_category_permalink":"a:1:{s:8:\"category\";s:0:\"\";}","_encloseme":"1","ratings_users":"0","ratings_score":"0","ratings_average":"0","foto":"1262226","firma-personalizzata":"Andrea Camurani","argomento":"Varese - Como","_yoast_wpseo_content_score":"30","_jd_tweet_this":"yes","_wpt_short_url":"https:\/\/www.varesenews.it\/2021\/11\/perizia-psichiatrica-laggressione-alla-polizia-lavena-ponte-tresa\/1401258\/","_wp_jd_target":"https:\/\/www.varesenews.it\/2021\/11\/perizia-psichiatrica-laggressione-alla-polizia-lavena-ponte-tresa\/1401258\/","_jd_wp_twitter":"a:1:{i:0;s:197:\"Perizia psichiatrica per l\u2019aggressione alla polizia di Lavena Ponte Tresa https:\/\/www.varesenews.it\/2021\/11\/perizia-psichiatrica-laggressione-alla-polizia-lavena-ponte-tresa\/1401258\/ #aggressione\";}","_wpt_status_message":"Tweet inviato con successo.","_oembed_9bc21bb5fcd837bd31359dead2b6dcfc":"<blockquote class=\"wp-embedded-content\" data-secret=\"Jtp1aHlLU6\"><a href=\"https:\/\/www.verbanonews.it\/aree-geografiche\/lago-maggiore\/2021\/06\/18\/a-bordo-del-piemonte-il-piroscafo-a-vapore-gioiello-del-verbano\/932155\/\">A bordo del Piemonte, il piroscafo a vapore gioiello del Verbano<\/a><\/blockquote><iframe class=\"wp-embedded-content\" sandbox=\"allow-scripts\" security=\"restricted\" style=\"position: absolute; clip: rect(1px, 1px, 1px, 1px);\" src=\"https:\/\/www.verbanonews.it\/aree-geografiche\/lago-maggiore\/2021\/06\/18\/a-bordo-del-piemonte-il-piroscafo-a-vapore-gioiello-del-verbano\/932155\/embed\/#?secret=Jtp1aHlLU6\" data-secret=\"Jtp1aHlLU6\" width=\"500\" height=\"282\" title=\"&#8220;A bordo del Piemonte, il piroscafo a vapore gioiello del Verbano&#8221; &#8212; VerbanoNews\" frameborder=\"0\" marginwidth=\"0\" marginheight=\"0\" scrolling=\"no\"><\/iframe>","_oembed_time_9bc21bb5fcd837bd31359dead2b6dcfc":"1637231756","_oembed_527ebb9afe3d9f0acddda204d1331f2c":"<blockquote class=\"wp-embedded-content\" data-secret=\"ti2ckif5a9\"><a href=\"https:\/\/www.legnanonews.com\/aree-geografiche\/varesotto\/2021\/08\/18\/valentina-missionaria-di-busto-arsizio-ad-haiti-il-paese-e-in-ginocchio-servono-aiuti\/993482\/\">Valentina, missionaria di Busto Arsizio ad Haiti: &#8220;Il Paese \u00e8 in ginocchio, servono aiuti&#8221;<\/a><\/blockquote><iframe class=\"wp-embedded-content\" sandbox=\"allow-scripts\" security=\"restricted\" style=\"position: absolute; clip: rect(1px, 1px, 1px, 1px);\" src=\"https:\/\/www.legnanonews.com\/aree-geografiche\/varesotto\/2021\/08\/18\/valentina-missionaria-di-busto-arsizio-ad-haiti-il-paese-e-in-ginocchio-servono-aiuti\/993482\/embed\/#?secret=ti2ckif5a9\" data-secret=\"ti2ckif5a9\" width=\"500\" height=\"282\" title=\"&#8220;Valentina, missionaria di Busto Arsizio ad Haiti: &#8220;Il Paese \u00e8 in ginocchio, servono aiuti&#8221;&#8221; &#8212; LegnanoNews\" frameborder=\"0\" marginwidth=\"0\" marginheight=\"0\" scrolling=\"no\"><\/iframe>","_oembed_time_527ebb9afe3d9f0acddda204d1331f2c":"1637231756","_oembed_5488bf7b0a26a2c0bef1b92c463bf54b":"<blockquote class=\"wp-embedded-content\" data-secret=\"pjaziQf0Gb\"><a href=\"https:\/\/www.varesenews.it\/2021\/11\/nestore-tipografo-del-polesine-stampava-giornale-della-pro-patria\/1398464\/\">Nestore, il tipografo del Polesine che stampava il giornale della Pro Patria<\/a><\/blockquote><iframe class=\"wp-embedded-content\" sandbox=\"allow-scripts\" security=\"restricted\" style=\"position: absolute; clip: rect(1px, 1px, 1px, 1px);\" src=\"https:\/\/www.varesenews.it\/2021\/11\/nestore-tipografo-del-polesine-stampava-giornale-della-pro-patria\/1398464\/embed\/#?secret=pjaziQf0Gb\" data-secret=\"pjaziQf0Gb\" width=\"500\" height=\"282\" title=\"&#8220;Nestore, il tipografo del Polesine che stampava il giornale della Pro Patria&#8221; &#8212; VareseNews\" frameborder=\"0\" marginwidth=\"0\" marginheight=\"0\" scrolling=\"no\"><\/iframe>","_oembed_time_5488bf7b0a26a2c0bef1b92c463bf54b":"1637231756","_oembed_671e8c95f623d91cc25e3f81a02dc258":"<blockquote class=\"wp-embedded-content\" data-secret=\"QD20pxJ3UJ\"><a href=\"https:\/\/www.varesenews.it\/2021\/11\/gallarate-accolse-cedrate-veneti-profughi-del-polesine\/1398214\/\">Quando Gallarate accolse a Cedrate i veneti profughi del Polesine<\/a><\/blockquote><iframe class=\"wp-embedded-content\" sandbox=\"allow-scripts\" security=\"restricted\" style=\"position: absolute; clip: rect(1px, 1px, 1px, 1px);\" src=\"https:\/\/www.varesenews.it\/2021\/11\/gallarate-accolse-cedrate-veneti-profughi-del-polesine\/1398214\/embed\/#?secret=QD20pxJ3UJ\" data-secret=\"QD20pxJ3UJ\" width=\"500\" height=\"282\" title=\"&#8220;Quando Gallarate accolse a Cedrate i veneti profughi del Polesine&#8221; &#8212; VareseNews\" frameborder=\"0\" marginwidth=\"0\" marginheight=\"0\" scrolling=\"no\"><\/iframe>","_oembed_time_671e8c95f623d91cc25e3f81a02dc258":"1637231756","_oembed_b8abae30d0232eaa93fd0efe579bcbeb":"<blockquote class=\"wp-embedded-content\" data-secret=\"S4WyYDmdaC\"><a href=\"https:\/\/www.varesenews.it\/2021\/11\/bruna-dal-paese-martire-fiesso-alla-zona-gallarate-arrivai-mio-papa\/1398300\/\">Bruna, dal paese martire di Fiesso alla zona di Gallarate. &#8220;Arrivai con mio pap\u00e0&#8221;<\/a><\/blockquote><iframe class=\"wp-embedded-content\" sandbox=\"allow-scripts\" security=\"restricted\" style=\"position: absolute; clip: rect(1px, 1px, 1px, 1px);\" src=\"https:\/\/www.varesenews.it\/2021\/11\/bruna-dal-paese-martire-fiesso-alla-zona-gallarate-arrivai-mio-papa\/1398300\/embed\/#?secret=S4WyYDmdaC\" data-secret=\"S4WyYDmdaC\" width=\"500\" height=\"282\" title=\"&#8220;Bruna, dal paese martire di Fiesso alla zona di Gallarate. &#8220;Arrivai con mio pap\u00e0&#8221;&#8221; &#8212; VareseNews\" frameborder=\"0\" marginwidth=\"0\" marginheight=\"0\" scrolling=\"no\"><\/iframe>","_oembed_time_b8abae30d0232eaa93fd0efe579bcbeb":"1637231756","_oembed_b8402efe029281dff06062fe094bb979":"<blockquote class=\"wp-embedded-content\" data-secret=\"b650FVbcrA\"><a href=\"https:\/\/www.varesenews.it\/2021\/11\/luigi-barion-dal-polesine-varese-lalluvione-del-51-oggi-parlo-dialetto-bosino\/1398294\/\">Luigi Barion, dal Polesine a Varese dopo l&#8217;alluvione del &#8217;51: &#8220;Oggi parlo il dialetto bosino&#8221;<\/a><\/blockquote><iframe class=\"wp-embedded-content\" sandbox=\"allow-scripts\" security=\"restricted\" style=\"position: absolute; clip: rect(1px, 1px, 1px, 1px);\" src=\"https:\/\/www.varesenews.it\/2021\/11\/luigi-barion-dal-polesine-varese-lalluvione-del-51-oggi-parlo-dialetto-bosino\/1398294\/embed\/#?secret=b650FVbcrA\" data-secret=\"b650FVbcrA\" width=\"500\" height=\"282\" title=\"&#8220;Luigi Barion, dal Polesine a Varese dopo l&#8217;alluvione del &#8217;51: &#8220;Oggi parlo il dialetto bosino&#8221;&#8221; &#8212; VareseNews\" frameborder=\"0\" marginwidth=\"0\" marginheight=\"0\" scrolling=\"no\"><\/iframe>","_oembed_time_b8402efe029281dff06062fe094bb979":"1637231756","_oembed_93e9eb903525afa77ba1293da65c87b9":"<blockquote class=\"wp-embedded-content\" data-secret=\"hAn84hKvwF\"><a href=\"https:\/\/www.saronnonews.it\/2021\/11\/13\/70-anni-fa-la-citta-di-saronno-si-mobilitava-per-soccorrere-gli-alluvionati-del-polesine\/\">70 anni fa la citt\u00e0 di Saronno si mobilitava per soccorrere gli alluvionati del Polesine<\/a><\/blockquote><iframe class=\"wp-embedded-content\" sandbox=\"allow-scripts\" security=\"restricted\" style=\"position: absolute; clip: rect(1px, 1px, 1px, 1px);\" src=\"https:\/\/www.saronnonews.it\/2021\/11\/13\/70-anni-fa-la-citta-di-saronno-si-mobilitava-per-soccorrere-gli-alluvionati-del-polesine\/embed\/#?secret=hAn84hKvwF\" data-secret=\"hAn84hKvwF\" width=\"500\" height=\"282\" title=\"&#8220;70 anni fa la citt\u00e0 di Saronno si mobilitava per soccorrere gli alluvionati del Polesine&#8221; &#8212; SaronnoNews\" frameborder=\"0\" marginwidth=\"0\" marginheight=\"0\" scrolling=\"no\"><\/iframe>","_oembed_time_93e9eb903525afa77ba1293da65c87b9":"1637231756","_oembed_fdded577dfd76201fd4db08e82b77c57":"<iframe width=\"500\" height=\"281\" src=\"https:\/\/www.youtube.com\/embed\/lo8v98jPOyc?feature=oembed\" frameborder=\"0\" allow=\"accelerometer; autoplay; clipboard-write; encrypted-media; gyroscope; picture-in-picture\" allowfullscreen><\/iframe>","_oembed_time_fdded577dfd76201fd4db08e82b77c57":"1637231757","_oembed_9cf6ebc4bde5223b8fef72d98ca0cf54":"<blockquote class=\"wp-embedded-content\" data-secret=\"ALyFVoy8nY\"><a href=\"https:\/\/www.varesenews.it\/2021\/02\/straordinaria-partecipazione-per-i-luoghi-del-cuori-dei-fai-annunciati-i-vincitori-della-decima-edizione\/1310831\/\">Straordinaria partecipazione per I Luoghi del Cuore del Fai, annunciati i vincitori della decima edizione<\/a><\/blockquote><iframe class=\"wp-embedded-content\" sandbox=\"allow-scripts\" security=\"restricted\" style=\"position: absolute; clip: rect(1px, 1px, 1px, 1px);\" src=\"https:\/\/www.varesenews.it\/2021\/02\/straordinaria-partecipazione-per-i-luoghi-del-cuori-dei-fai-annunciati-i-vincitori-della-decima-edizione\/1310831\/embed\/#?secret=ALyFVoy8nY\" data-secret=\"ALyFVoy8nY\" width=\"500\" height=\"282\" title=\"&#8220;Straordinaria partecipazione per I Luoghi del Cuore del Fai, annunciati i vincitori della decima edizione&#8221; &#8212; VareseNews\" frameborder=\"0\" marginwidth=\"0\" marginheight=\"0\" scrolling=\"no\"><\/iframe>","_oembed_time_9cf6ebc4bde5223b8fef72d98ca0cf54":"1637231757","_oembed_851b27c08583d86a2ad78163e10ea228":"<iframe width=\"500\" height=\"281\" src=\"https:\/\/www.youtube.com\/embed\/videoseries?list=PLKbZ-Fq1jqpzGUTo0qguOAgl9FDaKk97P\" frameborder=\"0\" allow=\"accelerometer; autoplay; clipboard-write; encrypted-media; gyroscope; picture-in-picture\" allowfullscreen><\/iframe>","_oembed_time_851b27c08583d86a2ad78163e10ea228":"1637231757","id_leggi_anche":"1547025"},"photos":[{"original":"https:\/\/staging.varesenews.it\/photogallery_new\/images\/2021\/11\/polizia-e-guardia-di-finanza-1262226.jpg","full":"https:\/\/staging.varesenews.it\/photogallery_new\/images\/2021\/11\/polizia-e-guardia-di-finanza-1262226.1024x768.jpg","large":"https:\/\/staging.varesenews.it\/photogallery_new\/images\/2021\/11\/polizia-e-guardia-di-finanza-1262226.610x431.jpg"}],"_links":{"self":[{"href":"https:\/\/staging.varesenews.it\/swgapi\/v1\/wp\/v2\/posts\/1401258"}],"collection":[{"href":"https:\/\/staging.varesenews.it\/swgapi\/v1\/wp\/v2\/posts"}],"about":[{"href":"https:\/\/staging.varesenews.it\/swgapi\/v1\/wp\/v2\/types\/post"}],"author":[{"embeddable":true,"href":"https:\/\/staging.varesenews.it\/swgapi\/v1\/wp\/v2\/users\/43"}],"replies":[{"embeddable":true,"href":"https:\/\/staging.varesenews.it\/swgapi\/v1\/wp\/v2\/comments?post=1401258"}],"version-history":[{"count":0,"href":"https:\/\/staging.varesenews.it\/swgapi\/v1\/wp\/v2\/posts\/1401258\/revisions"}],"wp:attachment":[{"href":"https:\/\/staging.varesenews.it\/swgapi\/v1\/wp\/v2\/media?parent=1401258"}],"wp:term":[{"taxonomy":"category","embeddable":true,"href":"https:\/\/staging.varesenews.it\/swgapi\/v1\/wp\/v2\/categories?post=1401258"},{"taxonomy":"post_tag","embeddable":true,"href":"https:\/\/staging.varesenews.it\/swgapi\/v1\/wp\/v2\/tags?post=1401258"}],"curies":[{"name":"wp","href":"https:\/\/api.w.org\/{rel}","templated":true}]}}