{"id":1401280,"date":"2021-11-18T12:01:16","date_gmt":"2021-11-18T11:01:16","guid":{"rendered":"https:\/\/www.varesenews.it\/?p=1401280"},"modified":"2021-11-18T12:54:49","modified_gmt":"2021-11-18T11:54:49","slug":"malnate-mostra-darte-la-violenza-genere","status":"publish","type":"post","link":"https:\/\/staging.varesenews.it\/2021\/11\/malnate-mostra-darte-la-violenza-genere\/1401280\/","title":{"rendered":"A Malnate una mostra d\u2019arte contro la violenza di genere"},"content":{"rendered":"<p>Il 25 novembre sar\u00e0 la Giornata internazionale per l&#8217;eliminazione della violenza contro le donne. Per l\u2019occasione all\u2019aula magna delle scuole medie di Malnate, organizzato dall&#8217;assessorato alle Pari Opportunit\u00e0, sar\u00e0 visibile <strong>la mostra delle opere realizzate dalle allieve e dagli allievi del Liceo Artistico Frattini di Varese<\/strong>, all&#8217;interno del progetto regionale delle Pari Opportunit\u00e0 2019- 2020.<\/p>\n<p>II progetto prevedeva spettacoli, corsi di formazione per i docenti, laboratori per gli allievi, dalle scuole per l&#8217;infanzia alle scuole superiori. A conclusione dei laboratori sono nate le storie \u201cMeg e Bau\u201d, \u201cL\u2019oca Pilota\u201d, \u201cDa grande far\u00f2&#8230;\u201d, &#8220;Quel giorno d&#8217;estate&#8221;, &#8220;Una foresta in festa&#8221;, &#8220;Un dispetto mancato&#8221;, &#8220;Tra le righe&#8221; e &#8220;Non li ascoltare&#8221;.<\/p>\n<p>Un lavoro di educazione alla parit\u00e0 che ha unito diverse generazioni. La mostra sar\u00e0 visitabile <strong>nelle serate di gioved\u00ec 18, venerd\u00ec 29 e mercoled\u00ec 24 novembre<\/strong> in occasione dell&#8217;apertura dell&#8217;aula magna per gli incontri in programma.<\/p>\n","protected":false},"excerpt":{"rendered":"<p>Il 18, 19 e 24 novembre all\u2019aula magna delle scole medie saranno esposte delle opere degli allievi del Liceo Artistico \u201cFrattini\u201d di Varese<\/p>\n","protected":false},"author":37,"featured_media":0,"comment_status":"open","ping_status":"open","sticky":false,"template":"","format":"standard","meta":{"footnotes":""},"categories":[2],"tags":[60141,100972],"acf":[],"yoast_head":"<!-- This site is optimized with the Yoast SEO plugin v20.1 - https:\/\/yoast.com\/wordpress\/plugins\/seo\/ -->\n<title>A Malnate una mostra d\u2019arte contro la violenza di genere<\/title>\n<meta name=\"description\" content=\"Il 18, 19 e 24 novembre all\u2019aula magna delle scole medie saranno esposte delle opere degli allievi del Liceo Artistico \u201cFrattini\u201d di Varese\" \/>\n<meta name=\"robots\" content=\"noindex, follow, max-snippet:-1, max-image-preview:large, max-video-preview:-1\" \/>\n<meta property=\"og:locale\" content=\"it_IT\" \/>\n<meta property=\"og:type\" content=\"article\" \/>\n<meta property=\"og:title\" content=\"A Malnate una mostra d\u2019arte contro la violenza di genere\" \/>\n<meta property=\"og:description\" content=\"Il 18, 19 e 24 novembre all\u2019aula magna delle scole medie saranno esposte delle opere degli allievi del Liceo Artistico \u201cFrattini\u201d di Varese\" \/>\n<meta property=\"og:url\" content=\"https:\/\/staging.varesenews.it\/2021\/11\/malnate-mostra-darte-la-violenza-genere\/1401280\/\" \/>\n<meta property=\"og:site_name\" content=\"VareseNews\" \/>\n<meta property=\"article:publisher\" content=\"https:\/\/www.facebook.com\/varesenews\" \/>\n<meta property=\"article:published_time\" content=\"2021-11-18T11:01:16+00:00\" \/>\n<meta property=\"article:modified_time\" content=\"2021-11-18T11:54:49+00:00\" \/>\n<meta name=\"author\" content=\"Francesco Mazzoleni\" \/>\n<meta name=\"twitter:card\" content=\"summary_large_image\" \/>\n<meta name=\"twitter:creator\" content=\"@fmazzof\" \/>\n<meta name=\"twitter:site\" content=\"@varesenews\" \/>\n<meta name=\"twitter:label1\" content=\"Scritto da\" \/>\n\t<meta name=\"twitter:data1\" content=\"Francesco Mazzoleni\" \/>\n\t<meta name=\"twitter:label2\" content=\"Tempo di lettura stimato\" \/>\n\t<meta name=\"twitter:data2\" content=\"1 minuto\" \/>\n<script type=\"application\/ld+json\" class=\"yoast-schema-graph\">{\"@context\":\"https:\/\/schema.org\",\"@graph\":[{\"@type\":\"WebPage\",\"@id\":\"https:\/\/staging.varesenews.it\/2021\/11\/malnate-mostra-darte-la-violenza-genere\/1401280\/\",\"url\":\"https:\/\/staging.varesenews.it\/2021\/11\/malnate-mostra-darte-la-violenza-genere\/1401280\/\",\"name\":\"A Malnate una mostra d\u2019arte contro la violenza di genere\",\"isPartOf\":{\"@id\":\"https:\/\/staging.varesenews.it\/#website\"},\"datePublished\":\"2021-11-18T11:01:16+00:00\",\"dateModified\":\"2021-11-18T11:54:49+00:00\",\"author\":{\"@id\":\"https:\/\/staging.varesenews.it\/#\/schema\/person\/e82236e79160d30d4e1f942004ac3038\"},\"description\":\"Il 18, 19 e 24 novembre all\u2019aula magna delle scole medie saranno esposte delle opere degli allievi del Liceo Artistico \u201cFrattini\u201d di Varese\",\"breadcrumb\":{\"@id\":\"https:\/\/staging.varesenews.it\/2021\/11\/malnate-mostra-darte-la-violenza-genere\/1401280\/#breadcrumb\"},\"inLanguage\":\"it-IT\",\"potentialAction\":[{\"@type\":\"ReadAction\",\"target\":[\"https:\/\/staging.varesenews.it\/2021\/11\/malnate-mostra-darte-la-violenza-genere\/1401280\/\"]}]},{\"@type\":\"BreadcrumbList\",\"@id\":\"https:\/\/staging.varesenews.it\/2021\/11\/malnate-mostra-darte-la-violenza-genere\/1401280\/#breadcrumb\",\"itemListElement\":[{\"@type\":\"ListItem\",\"position\":1,\"name\":\"Home\",\"item\":\"https:\/\/www.varesenews.it\/\"},{\"@type\":\"ListItem\",\"position\":2,\"name\":\"A Malnate una mostra d\u2019arte contro la violenza di genere\"}]},{\"@type\":\"WebSite\",\"@id\":\"https:\/\/staging.varesenews.it\/#website\",\"url\":\"https:\/\/staging.varesenews.it\/\",\"name\":\"VareseNews\",\"description\":\"\",\"potentialAction\":[{\"@type\":\"SearchAction\",\"target\":{\"@type\":\"EntryPoint\",\"urlTemplate\":\"https:\/\/staging.varesenews.it\/?s={search_term_string}\"},\"query-input\":\"required name=search_term_string\"}],\"inLanguage\":\"it-IT\"},{\"@type\":\"Person\",\"@id\":\"https:\/\/staging.varesenews.it\/#\/schema\/person\/e82236e79160d30d4e1f942004ac3038\",\"name\":\"Francesco Mazzoleni\",\"image\":{\"@type\":\"ImageObject\",\"inLanguage\":\"it-IT\",\"@id\":\"https:\/\/staging.varesenews.it\/#\/schema\/person\/image\/\",\"url\":\"https:\/\/staging.varesenews.it\/wp-content\/uploads\/2020\/12\/francesco_mazzoleni_colori_500-1.jpg\",\"contentUrl\":\"https:\/\/staging.varesenews.it\/wp-content\/uploads\/2020\/12\/francesco_mazzoleni_colori_500-1.jpg\",\"caption\":\"Francesco Mazzoleni\"},\"description\":\"\\\"Uomo di campo\\\" della redazione sportiva. Nutro una vera passione per il calcio, che sia ad alti livelli, sui campi di provincia o in altri continenti. Sono nato a Varese nel 1984, vivo da sempre a Malnate e ho una laurea in Scienze Motorie. Ho mosso i primi passi a VareseNews da stagista nel 2002; nel 2008 ho iniziato a collaborare con maggiore continuit\u00e0 e dal 2018 sono giornalista professionista. Orgoglioso pap\u00e0 di Federico e Adelaide.\",\"sameAs\":[\"fmazzof\",\"it.linkedin.com\/in\/francescomazzolenif\",\"https:\/\/twitter.com\/fmazzof\"],\"url\":\"https:\/\/staging.varesenews.it\/persona\/francesco_mazzoleniferracini\/\"}]}<\/script>\n<!-- \/ Yoast SEO plugin. -->","yoast_head_json":{"title":"A Malnate una mostra d\u2019arte contro la violenza di genere","description":"Il 18, 19 e 24 novembre all\u2019aula magna delle scole medie saranno esposte delle opere degli allievi del Liceo Artistico \u201cFrattini\u201d di Varese","robots":{"index":"noindex","follow":"follow","max-snippet":"max-snippet:-1","max-image-preview":"max-image-preview:large","max-video-preview":"max-video-preview:-1"},"og_locale":"it_IT","og_type":"article","og_title":"A Malnate una mostra d\u2019arte contro la violenza di genere","og_description":"Il 18, 19 e 24 novembre all\u2019aula magna delle scole medie saranno esposte delle opere degli allievi del Liceo Artistico \u201cFrattini\u201d di Varese","og_url":"https:\/\/staging.varesenews.it\/2021\/11\/malnate-mostra-darte-la-violenza-genere\/1401280\/","og_site_name":"VareseNews","article_publisher":"https:\/\/www.facebook.com\/varesenews","article_published_time":"2021-11-18T11:01:16+00:00","article_modified_time":"2021-11-18T11:54:49+00:00","author":"Francesco Mazzoleni","twitter_card":"summary_large_image","twitter_creator":"@fmazzof","twitter_site":"@varesenews","twitter_misc":{"Scritto da":"Francesco Mazzoleni","Tempo di lettura stimato":"1 minuto"},"schema":{"@context":"https:\/\/schema.org","@graph":[{"@type":"WebPage","@id":"https:\/\/staging.varesenews.it\/2021\/11\/malnate-mostra-darte-la-violenza-genere\/1401280\/","url":"https:\/\/staging.varesenews.it\/2021\/11\/malnate-mostra-darte-la-violenza-genere\/1401280\/","name":"A Malnate una mostra d\u2019arte contro la violenza di genere","isPartOf":{"@id":"https:\/\/staging.varesenews.it\/#website"},"datePublished":"2021-11-18T11:01:16+00:00","dateModified":"2021-11-18T11:54:49+00:00","author":{"@id":"https:\/\/staging.varesenews.it\/#\/schema\/person\/e82236e79160d30d4e1f942004ac3038"},"description":"Il 18, 19 e 24 novembre all\u2019aula magna delle scole medie saranno esposte delle opere degli allievi del Liceo Artistico \u201cFrattini\u201d di Varese","breadcrumb":{"@id":"https:\/\/staging.varesenews.it\/2021\/11\/malnate-mostra-darte-la-violenza-genere\/1401280\/#breadcrumb"},"inLanguage":"it-IT","potentialAction":[{"@type":"ReadAction","target":["https:\/\/staging.varesenews.it\/2021\/11\/malnate-mostra-darte-la-violenza-genere\/1401280\/"]}]},{"@type":"BreadcrumbList","@id":"https:\/\/staging.varesenews.it\/2021\/11\/malnate-mostra-darte-la-violenza-genere\/1401280\/#breadcrumb","itemListElement":[{"@type":"ListItem","position":1,"name":"Home","item":"https:\/\/www.varesenews.it\/"},{"@type":"ListItem","position":2,"name":"A Malnate una mostra d\u2019arte contro la violenza di genere"}]},{"@type":"WebSite","@id":"https:\/\/staging.varesenews.it\/#website","url":"https:\/\/staging.varesenews.it\/","name":"VareseNews","description":"","potentialAction":[{"@type":"SearchAction","target":{"@type":"EntryPoint","urlTemplate":"https:\/\/staging.varesenews.it\/?s={search_term_string}"},"query-input":"required name=search_term_string"}],"inLanguage":"it-IT"},{"@type":"Person","@id":"https:\/\/staging.varesenews.it\/#\/schema\/person\/e82236e79160d30d4e1f942004ac3038","name":"Francesco Mazzoleni","image":{"@type":"ImageObject","inLanguage":"it-IT","@id":"https:\/\/staging.varesenews.it\/#\/schema\/person\/image\/","url":"https:\/\/staging.varesenews.it\/wp-content\/uploads\/2020\/12\/francesco_mazzoleni_colori_500-1.jpg","contentUrl":"https:\/\/staging.varesenews.it\/wp-content\/uploads\/2020\/12\/francesco_mazzoleni_colori_500-1.jpg","caption":"Francesco Mazzoleni"},"description":"\"Uomo di campo\" della redazione sportiva. Nutro una vera passione per il calcio, che sia ad alti livelli, sui campi di provincia o in altri continenti. Sono nato a Varese nel 1984, vivo da sempre a Malnate e ho una laurea in Scienze Motorie. Ho mosso i primi passi a VareseNews da stagista nel 2002; nel 2008 ho iniziato a collaborare con maggiore continuit\u00e0 e dal 2018 sono giornalista professionista. Orgoglioso pap\u00e0 di Federico e Adelaide.","sameAs":["fmazzof","it.linkedin.com\/in\/francescomazzolenif","https:\/\/twitter.com\/fmazzof"],"url":"https:\/\/staging.varesenews.it\/persona\/francesco_mazzoleniferracini\/"}]}},"post_meta":{"_edit_lock":"1637265346:37","_edit_last":"37","_category_permalink":"a:1:{s:8:\"category\";s:1:\"2\";}","_encloseme":"1","ratings_users":"0","ratings_score":"0","ratings_average":"0","foto":"1262614","firma_come_redazione":"1","argomento":"Malnate","_yoast_wpseo_content_score":"30","_jd_tweet_this":"yes","_wpt_short_url":"https:\/\/www.varesenews.it\/2021\/11\/malnate-mostra-darte-la-violenza-genere\/1401280\/","_wp_jd_target":"https:\/\/www.varesenews.it\/2021\/11\/malnate-mostra-darte-la-violenza-genere\/1401280\/","_jd_wp_twitter":"a:1:{i:0;s:158:\"A Malnate una mostra d\u2019arte contro la violenza di genere https:\/\/www.varesenews.it\/2021\/11\/malnate-mostra-darte-la-violenza-genere\/1401280\/ #comunedimalnate\";}","_wpt_status_message":"Tweet inviato con successo."},"photos":[{"original":"https:\/\/staging.varesenews.it\/photogallery_new\/images\/2021\/11\/mostra-violenza-di-genere-malnate-1262614.jpg","full":"https:\/\/staging.varesenews.it\/photogallery_new\/images\/2021\/11\/mostra-violenza-di-genere-malnate-1262614.1024x768.jpg","large":"https:\/\/staging.varesenews.it\/photogallery_new\/images\/2021\/11\/mostra-violenza-di-genere-malnate-1262614.610x431.jpg"}],"_links":{"self":[{"href":"https:\/\/staging.varesenews.it\/swgapi\/v1\/wp\/v2\/posts\/1401280"}],"collection":[{"href":"https:\/\/staging.varesenews.it\/swgapi\/v1\/wp\/v2\/posts"}],"about":[{"href":"https:\/\/staging.varesenews.it\/swgapi\/v1\/wp\/v2\/types\/post"}],"author":[{"embeddable":true,"href":"https:\/\/staging.varesenews.it\/swgapi\/v1\/wp\/v2\/users\/37"}],"replies":[{"embeddable":true,"href":"https:\/\/staging.varesenews.it\/swgapi\/v1\/wp\/v2\/comments?post=1401280"}],"version-history":[{"count":0,"href":"https:\/\/staging.varesenews.it\/swgapi\/v1\/wp\/v2\/posts\/1401280\/revisions"}],"wp:attachment":[{"href":"https:\/\/staging.varesenews.it\/swgapi\/v1\/wp\/v2\/media?parent=1401280"}],"wp:term":[{"taxonomy":"category","embeddable":true,"href":"https:\/\/staging.varesenews.it\/swgapi\/v1\/wp\/v2\/categories?post=1401280"},{"taxonomy":"post_tag","embeddable":true,"href":"https:\/\/staging.varesenews.it\/swgapi\/v1\/wp\/v2\/tags?post=1401280"}],"curies":[{"name":"wp","href":"https:\/\/api.w.org\/{rel}","templated":true}]}}