{"id":1403962,"date":"2021-11-24T17:39:59","date_gmt":"2021-11-24T16:39:59","guid":{"rendered":"https:\/\/www.varesenews.it\/?p=1403962"},"modified":"2021-11-24T17:39:59","modified_gmt":"2021-11-24T16:39:59","slug":"varese-si-allena-alle-bustecche-prepara-la-sfida-alla-sanremese","status":"publish","type":"post","link":"https:\/\/staging.varesenews.it\/2021\/11\/varese-si-allena-alle-bustecche-prepara-la-sfida-alla-sanremese\/1403962\/","title":{"rendered":"Il Varese si allena alle Bustecche e prepara la sfida alla Sanremese"},"content":{"rendered":"<p>Da questa settimana il Varese pu\u00f2 finalmente utilizzare per gli allenamenti il nuovissimo campo in sintetico alle Bustecche. Il termine dei lavori sul manto verde ha permesso ai ragazzi di mister Rossi di salutare Albizzate, dove si sono allenati fino a sabato scorso, e trasferirsi nel centro sportivo che, lavoro dopo lavoro &#8211; mancano ancora gli spogliatoi, le tribune e l&#8217;altro campo a 11 &#8211; diventer\u00e0 la casa della societ\u00e0 biancorossa.<\/p>\n<p>Intanto la squadra, dopo due vittorie in fila contro Sestri Levante e Bra, pensa gi\u00e0 alla prossima sfida di campionato che li vedr\u00e0 impegnati mercoled\u00ec 28 novembre (ore 14.30) al &#8220;Franco Ossola&#8221; contro la Sanremese, una delle formazioni pi\u00f9 in forma del campionato con tre vittorie inanellate contro Novara, Asti e Borgosesia.<\/p>\n<p>I liguri di mister Matteo Andreoletti, ex portiere di Pro Patria e Verbano, hanno giocato mercoled\u00ec i sedicesimi di Coppa Italia, perdendo ai rigori contro il Prato. La doppietta di Gagliardi non \u00e8 bastata ai biancazzurri per il superamento del turno.<\/p>\n<p>Intanto il Citt\u00e0 di Varese ha aperto le prevendite per la gara di domenica:<\/p>\n<p><em>Sar\u00e0 possibile acquistare i biglietti fino alle\u00a023:59 di sabato 27 novembre\u00a0sulla piattaforma\u00a0Diyticket.it (<a href=\"https:\/\/www.diyticket.it\/events\/Sport\/5284\/citta-di-varese-vs-sanremese\">guarda qui<\/a>), mentre nella giornata di domenica sar\u00e0 possibile acquistarli al botteghino dalle ore 13:00. Modalit\u00e0 di acquisto in presenza riservata solamente ai sostenitori biancorossi in quanto\u00a0i tifosi al seguito della Sanremese\u00a0dovranno acquistare i tagliandi per il settore ospiti\u00a0esclusivamente in prevendita on-line\u00a0al costo di\u00a010 euro.<\/em><\/p>\n<p><em>I prezzi dei biglietti sono fissati a\u00a016 euro per la tribuna centrale\u00a0e\u00a012 euro per la tribuna laterale\u00a0(\u00e8 prevista la\u00a0riduzione a 10 euro\u00a0per i minori di 16 anni e gli over 70 per questo settore); per il settore\u00a0distinti\u00a0il prezzo \u00e8\u00a08 euro, mentre il biglietto\u00a0ridotto\u00a0(minori di 16 anni e over 70) coster\u00e0\u00a06 euro.\u00a0Settore ospiti\u00a0prezzo fisso\u00a010\u00a0euro\u00a0(solo in prevendita).<\/em><\/p>\n<p><em>Domenica i cancelli dello Stadio apriranno alle 13:30 e chiuderanno alle 14:40. Come da disposizioni statali l\u2019ingresso \u00e8 consentito solo ai possessori di green pass in corso di validit\u00e0 che dovr\u00e0 essere mostrato prima di accedere all\u2019impianto.<\/em><\/p>\n","protected":false},"excerpt":{"rendered":"<p>I biancorossi hanno iniziato ad allenarsi al centro sportivo varesino. Aperte le prevendite per la gara di domenica 28 novembre<\/p>\n","protected":false},"author":37,"featured_media":0,"comment_status":"open","ping_status":"open","sticky":false,"template":"","format":"standard","meta":{"footnotes":""},"categories":[14,2],"tags":[144,113521,98549,207],"acf":[],"yoast_head":"<!-- This site is optimized with the Yoast SEO plugin v20.1 - https:\/\/yoast.com\/wordpress\/plugins\/seo\/ -->\n<title>Il Varese si allena alle Bustecche e prepara la sfida alla Sanremese<\/title>\n<meta name=\"description\" content=\"I biancorossi hanno iniziato ad allenarsi al centro sportivo varesino. Aperte le prevendite per la gara di domenica 28 novembre\" \/>\n<meta name=\"robots\" content=\"noindex, follow, max-snippet:-1, max-image-preview:large, max-video-preview:-1\" \/>\n<meta property=\"og:locale\" content=\"it_IT\" \/>\n<meta property=\"og:type\" content=\"article\" \/>\n<meta property=\"og:title\" content=\"Il Varese si allena alle Bustecche e prepara la sfida alla Sanremese\" \/>\n<meta property=\"og:description\" content=\"I biancorossi hanno iniziato ad allenarsi al centro sportivo varesino. Aperte le prevendite per la gara di domenica 28 novembre\" \/>\n<meta property=\"og:url\" content=\"https:\/\/staging.varesenews.it\/2021\/11\/varese-si-allena-alle-bustecche-prepara-la-sfida-alla-sanremese\/1403962\/\" \/>\n<meta property=\"og:site_name\" content=\"VareseNews\" \/>\n<meta property=\"article:publisher\" content=\"https:\/\/www.facebook.com\/varesenews\" \/>\n<meta property=\"article:published_time\" content=\"2021-11-24T16:39:59+00:00\" \/>\n<meta name=\"author\" content=\"Francesco Mazzoleni\" \/>\n<meta name=\"twitter:card\" content=\"summary_large_image\" \/>\n<meta name=\"twitter:creator\" content=\"@fmazzof\" \/>\n<meta name=\"twitter:site\" content=\"@varesenews\" \/>\n<meta name=\"twitter:label1\" content=\"Scritto da\" \/>\n\t<meta name=\"twitter:data1\" content=\"Francesco Mazzoleni\" \/>\n\t<meta name=\"twitter:label2\" content=\"Tempo di lettura stimato\" \/>\n\t<meta name=\"twitter:data2\" content=\"2 minuti\" \/>\n<script type=\"application\/ld+json\" class=\"yoast-schema-graph\">{\"@context\":\"https:\/\/schema.org\",\"@graph\":[{\"@type\":\"WebPage\",\"@id\":\"https:\/\/staging.varesenews.it\/2021\/11\/varese-si-allena-alle-bustecche-prepara-la-sfida-alla-sanremese\/1403962\/\",\"url\":\"https:\/\/staging.varesenews.it\/2021\/11\/varese-si-allena-alle-bustecche-prepara-la-sfida-alla-sanremese\/1403962\/\",\"name\":\"Il Varese si allena alle Bustecche e prepara la sfida alla Sanremese\",\"isPartOf\":{\"@id\":\"https:\/\/staging.varesenews.it\/#website\"},\"datePublished\":\"2021-11-24T16:39:59+00:00\",\"dateModified\":\"2021-11-24T16:39:59+00:00\",\"author\":{\"@id\":\"https:\/\/staging.varesenews.it\/#\/schema\/person\/e82236e79160d30d4e1f942004ac3038\"},\"description\":\"I biancorossi hanno iniziato ad allenarsi al centro sportivo varesino. Aperte le prevendite per la gara di domenica 28 novembre\",\"breadcrumb\":{\"@id\":\"https:\/\/staging.varesenews.it\/2021\/11\/varese-si-allena-alle-bustecche-prepara-la-sfida-alla-sanremese\/1403962\/#breadcrumb\"},\"inLanguage\":\"it-IT\",\"potentialAction\":[{\"@type\":\"ReadAction\",\"target\":[\"https:\/\/staging.varesenews.it\/2021\/11\/varese-si-allena-alle-bustecche-prepara-la-sfida-alla-sanremese\/1403962\/\"]}]},{\"@type\":\"BreadcrumbList\",\"@id\":\"https:\/\/staging.varesenews.it\/2021\/11\/varese-si-allena-alle-bustecche-prepara-la-sfida-alla-sanremese\/1403962\/#breadcrumb\",\"itemListElement\":[{\"@type\":\"ListItem\",\"position\":1,\"name\":\"Home\",\"item\":\"https:\/\/www.varesenews.it\/\"},{\"@type\":\"ListItem\",\"position\":2,\"name\":\"Il Varese si allena alle Bustecche e prepara la sfida alla Sanremese\"}]},{\"@type\":\"WebSite\",\"@id\":\"https:\/\/staging.varesenews.it\/#website\",\"url\":\"https:\/\/staging.varesenews.it\/\",\"name\":\"VareseNews\",\"description\":\"\",\"potentialAction\":[{\"@type\":\"SearchAction\",\"target\":{\"@type\":\"EntryPoint\",\"urlTemplate\":\"https:\/\/staging.varesenews.it\/?s={search_term_string}\"},\"query-input\":\"required name=search_term_string\"}],\"inLanguage\":\"it-IT\"},{\"@type\":\"Person\",\"@id\":\"https:\/\/staging.varesenews.it\/#\/schema\/person\/e82236e79160d30d4e1f942004ac3038\",\"name\":\"Francesco Mazzoleni\",\"image\":{\"@type\":\"ImageObject\",\"inLanguage\":\"it-IT\",\"@id\":\"https:\/\/staging.varesenews.it\/#\/schema\/person\/image\/\",\"url\":\"https:\/\/staging.varesenews.it\/wp-content\/uploads\/2020\/12\/francesco_mazzoleni_colori_500-1.jpg\",\"contentUrl\":\"https:\/\/staging.varesenews.it\/wp-content\/uploads\/2020\/12\/francesco_mazzoleni_colori_500-1.jpg\",\"caption\":\"Francesco Mazzoleni\"},\"description\":\"\\\"Uomo di campo\\\" della redazione sportiva. Nutro una vera passione per il calcio, che sia ad alti livelli, sui campi di provincia o in altri continenti. Sono nato a Varese nel 1984, vivo da sempre a Malnate e ho una laurea in Scienze Motorie. Ho mosso i primi passi a VareseNews da stagista nel 2002; nel 2008 ho iniziato a collaborare con maggiore continuit\u00e0 e dal 2018 sono giornalista professionista. Orgoglioso pap\u00e0 di Federico e Adelaide.\",\"sameAs\":[\"fmazzof\",\"it.linkedin.com\/in\/francescomazzolenif\",\"https:\/\/twitter.com\/fmazzof\"],\"url\":\"https:\/\/staging.varesenews.it\/persona\/francesco_mazzoleniferracini\/\"}]}<\/script>\n<!-- \/ Yoast SEO plugin. -->","yoast_head_json":{"title":"Il Varese si allena alle Bustecche e prepara la sfida alla Sanremese","description":"I biancorossi hanno iniziato ad allenarsi al centro sportivo varesino. Aperte le prevendite per la gara di domenica 28 novembre","robots":{"index":"noindex","follow":"follow","max-snippet":"max-snippet:-1","max-image-preview":"max-image-preview:large","max-video-preview":"max-video-preview:-1"},"og_locale":"it_IT","og_type":"article","og_title":"Il Varese si allena alle Bustecche e prepara la sfida alla Sanremese","og_description":"I biancorossi hanno iniziato ad allenarsi al centro sportivo varesino. Aperte le prevendite per la gara di domenica 28 novembre","og_url":"https:\/\/staging.varesenews.it\/2021\/11\/varese-si-allena-alle-bustecche-prepara-la-sfida-alla-sanremese\/1403962\/","og_site_name":"VareseNews","article_publisher":"https:\/\/www.facebook.com\/varesenews","article_published_time":"2021-11-24T16:39:59+00:00","author":"Francesco Mazzoleni","twitter_card":"summary_large_image","twitter_creator":"@fmazzof","twitter_site":"@varesenews","twitter_misc":{"Scritto da":"Francesco Mazzoleni","Tempo di lettura stimato":"2 minuti"},"schema":{"@context":"https:\/\/schema.org","@graph":[{"@type":"WebPage","@id":"https:\/\/staging.varesenews.it\/2021\/11\/varese-si-allena-alle-bustecche-prepara-la-sfida-alla-sanremese\/1403962\/","url":"https:\/\/staging.varesenews.it\/2021\/11\/varese-si-allena-alle-bustecche-prepara-la-sfida-alla-sanremese\/1403962\/","name":"Il Varese si allena alle Bustecche e prepara la sfida alla Sanremese","isPartOf":{"@id":"https:\/\/staging.varesenews.it\/#website"},"datePublished":"2021-11-24T16:39:59+00:00","dateModified":"2021-11-24T16:39:59+00:00","author":{"@id":"https:\/\/staging.varesenews.it\/#\/schema\/person\/e82236e79160d30d4e1f942004ac3038"},"description":"I biancorossi hanno iniziato ad allenarsi al centro sportivo varesino. Aperte le prevendite per la gara di domenica 28 novembre","breadcrumb":{"@id":"https:\/\/staging.varesenews.it\/2021\/11\/varese-si-allena-alle-bustecche-prepara-la-sfida-alla-sanremese\/1403962\/#breadcrumb"},"inLanguage":"it-IT","potentialAction":[{"@type":"ReadAction","target":["https:\/\/staging.varesenews.it\/2021\/11\/varese-si-allena-alle-bustecche-prepara-la-sfida-alla-sanremese\/1403962\/"]}]},{"@type":"BreadcrumbList","@id":"https:\/\/staging.varesenews.it\/2021\/11\/varese-si-allena-alle-bustecche-prepara-la-sfida-alla-sanremese\/1403962\/#breadcrumb","itemListElement":[{"@type":"ListItem","position":1,"name":"Home","item":"https:\/\/www.varesenews.it\/"},{"@type":"ListItem","position":2,"name":"Il Varese si allena alle Bustecche e prepara la sfida alla Sanremese"}]},{"@type":"WebSite","@id":"https:\/\/staging.varesenews.it\/#website","url":"https:\/\/staging.varesenews.it\/","name":"VareseNews","description":"","potentialAction":[{"@type":"SearchAction","target":{"@type":"EntryPoint","urlTemplate":"https:\/\/staging.varesenews.it\/?s={search_term_string}"},"query-input":"required name=search_term_string"}],"inLanguage":"it-IT"},{"@type":"Person","@id":"https:\/\/staging.varesenews.it\/#\/schema\/person\/e82236e79160d30d4e1f942004ac3038","name":"Francesco Mazzoleni","image":{"@type":"ImageObject","inLanguage":"it-IT","@id":"https:\/\/staging.varesenews.it\/#\/schema\/person\/image\/","url":"https:\/\/staging.varesenews.it\/wp-content\/uploads\/2020\/12\/francesco_mazzoleni_colori_500-1.jpg","contentUrl":"https:\/\/staging.varesenews.it\/wp-content\/uploads\/2020\/12\/francesco_mazzoleni_colori_500-1.jpg","caption":"Francesco Mazzoleni"},"description":"\"Uomo di campo\" della redazione sportiva. Nutro una vera passione per il calcio, che sia ad alti livelli, sui campi di provincia o in altri continenti. Sono nato a Varese nel 1984, vivo da sempre a Malnate e ho una laurea in Scienze Motorie. Ho mosso i primi passi a VareseNews da stagista nel 2002; nel 2008 ho iniziato a collaborare con maggiore continuit\u00e0 e dal 2018 sono giornalista professionista. Orgoglioso pap\u00e0 di Federico e Adelaide.","sameAs":["fmazzof","it.linkedin.com\/in\/francescomazzolenif","https:\/\/twitter.com\/fmazzof"],"url":"https:\/\/staging.varesenews.it\/persona\/francesco_mazzoleniferracini\/"}]}},"post_meta":{"_edit_lock":"1637838616:37","_edit_last":"37","_category_permalink":"a:1:{s:8:\"category\";s:2:\"14\";}","_encloseme":"1","ratings_users":"0","ratings_score":"0","ratings_average":"0","foto":"1264319","argomento":"Calcio","_yoast_wpseo_content_score":"30","_jd_tweet_this":"yes","_wpt_short_url":"https:\/\/www.varesenews.it\/2021\/11\/varese-si-allena-alle-bustecche-prepara-la-sfida-alla-sanremese\/1403962\/","_wp_jd_target":"https:\/\/www.varesenews.it\/2021\/11\/varese-si-allena-alle-bustecche-prepara-la-sfida-alla-sanremese\/1403962\/","_jd_wp_twitter":"a:1:{i:0;s:191:\"Il Varese si allena alle Bustecche e prepara la sfida alla Sanremese https:\/\/www.varesenews.it\/2021\/11\/varese-si-allena-alle-bustecche-prepara-la-sfida-alla-sanremese\/1403962\/ #calcio #seried\";}","_wpt_status_message":"Tweet inviato con successo."},"photos":[{"original":"https:\/\/staging.varesenews.it\/photogallery_new\/images\/2021\/11\/varese-calcio-allenamenti-bustecche-1264319.jpg","full":"https:\/\/staging.varesenews.it\/photogallery_new\/images\/2021\/11\/varese-calcio-allenamenti-bustecche-1264319.1024x768.jpg","large":"https:\/\/staging.varesenews.it\/photogallery_new\/images\/2021\/11\/varese-calcio-allenamenti-bustecche-1264319.610x431.jpg"}],"_links":{"self":[{"href":"https:\/\/staging.varesenews.it\/swgapi\/v1\/wp\/v2\/posts\/1403962"}],"collection":[{"href":"https:\/\/staging.varesenews.it\/swgapi\/v1\/wp\/v2\/posts"}],"about":[{"href":"https:\/\/staging.varesenews.it\/swgapi\/v1\/wp\/v2\/types\/post"}],"author":[{"embeddable":true,"href":"https:\/\/staging.varesenews.it\/swgapi\/v1\/wp\/v2\/users\/37"}],"replies":[{"embeddable":true,"href":"https:\/\/staging.varesenews.it\/swgapi\/v1\/wp\/v2\/comments?post=1403962"}],"version-history":[{"count":0,"href":"https:\/\/staging.varesenews.it\/swgapi\/v1\/wp\/v2\/posts\/1403962\/revisions"}],"wp:attachment":[{"href":"https:\/\/staging.varesenews.it\/swgapi\/v1\/wp\/v2\/media?parent=1403962"}],"wp:term":[{"taxonomy":"category","embeddable":true,"href":"https:\/\/staging.varesenews.it\/swgapi\/v1\/wp\/v2\/categories?post=1403962"},{"taxonomy":"post_tag","embeddable":true,"href":"https:\/\/staging.varesenews.it\/swgapi\/v1\/wp\/v2\/tags?post=1403962"}],"curies":[{"name":"wp","href":"https:\/\/api.w.org\/{rel}","templated":true}]}}