{"id":1404173,"date":"2021-11-25T11:06:52","date_gmt":"2021-11-25T10:06:52","guid":{"rendered":"https:\/\/www.varesenews.it\/?p=1404173"},"modified":"2021-11-25T12:01:34","modified_gmt":"2021-11-25T11:01:34","slug":"aumentano-casi-bronchiolite-sinciziale-lospedale-del-ponte-linea","status":"publish","type":"post","link":"https:\/\/staging.varesenews.it\/2021\/11\/aumentano-casi-bronchiolite-sinciziale-lospedale-del-ponte-linea\/1404173\/","title":{"rendered":"Aumentano i casi di bronchiolite sinciziale, l&#8217;ospedale Del Ponte in prima linea"},"content":{"rendered":"<div dir=\"ltr\">\n<div dir=\"ltr\">\n<div class=\"gmail_quote\">\n<div dir=\"ltr\">\n<div dir=\"auto\">\n<div dir=\"auto\">\n<p><span style=\"font-family: georgia, serif; font-size: large;\">I <strong>reparti pediatrici dell&#8217;Ospedale Del Ponte di Varese<\/strong> sono impegnati in prima linea per garantire le cure necessarie ai numerosi casi di <strong>bronchiolite sinciziale<\/strong> diffusa tra i bambini.<\/span><\/p>\n<p><span style=\"font-family: georgia, serif; font-size: large;\">\u00abDa alcune settimane assistiamo ad un crescente accesso di bambini piccoli e piccolissimi al nostro Pronto Soccorso Pediatrico con sintomi riconducibili ad un particolare tipo di pneumovirus che pu\u00f2 scatenare una forma severa di infezione dei bronchioli &#8211;\u00a0spiega il\u00a0<\/span><b style=\"font-family: georgia, serif; font-size: large;\">professor Massimo Agosti, Direttore del Dipartimento Donna e Bambino<\/b><span style=\"font-family: georgia, serif; font-size: large;\">, oltre che della Pediatria e della Neonatologia e TIN &#8211;\u00a0Alcuni di loro necessitano di ricovero in Pediatria o addirittura in Terapia Intensiva. Oggi i piccoli pazienti ospitati al Del Ponte per questa patologia sono 15 di cui un terzo in Terapia Intensiva Neonatale (TIN) e in Terapia Intensiva Pediatrica (TIP). <\/span><strong style=\"font-family: georgia, serif; font-size: large;\">Dalla met\u00e0 di ottobre, sono 134 i bambini affetti da questa malattia transitati per il Pronto Soccorso Pediatrico, 76 dei quali sono stati ricoverati.<\/strong><span style=\"font-family: georgia, serif; font-size: large;\"> In particolare, 16 i pazienti ricoverati in TIP nello stesso periodo, di cui 5 provenienti da aree esterne al territorio della nostra ASST. E&#8217; evidente che si tratta di uno sforzo organizzativo, e non solo clinico, molto importante, a partire da Pronto Soccorso Pediatrico\u00bb.<\/span><\/p>\n<\/div>\n<div><span style=\"font-family: georgia, serif; font-size: large;\"><br \/>\n\u00abQuesto tipo di bronchiolite non \u00e8 una nuova malattia &#8211; precisa Agosti &#8211; ma quest&#8217;anno \u00e8 arrivata prima del solito e si sta manifestando con maggior forza. Nei bambini <strong>sotto l&#8217;anno e mezzo di et\u00e0 pu\u00f2 richiedere il ricovero.<\/strong> E&#8217; importante quindi che i genitori prestino molta attenzione a ridurre il rischio di contagio, evitando di frequentare ambienti chiusi e affollati, come del resto necessario anche per evitare il contagio da covid\u00bb.\u00a0<\/span><\/div>\n<div><span style=\"font-family: georgia, serif; font-size: large;\">\u00abL&#8217;Ospedale Del Ponte di Varese, da Polo Pediatrico qual\u00a0\u00e8,\u00a0 sta svolgendo un ruolo fondamentale non solo per il nostro territorio, ma per tutta la rete pediatrica regionale &#8211; sottolinea\u00a0<b>Lorenzo Maffioli, Direttore Sanitario dell&#8217;ASST Sette Laghi\u00a0<\/b>&#8211; Il personale dei reparti di Pronto Soccorso Pediatrico, Pediatria, Terapia Intensiva Pediatrica e Terapia Intensiva Neonatale ha dimostrato e sta dimostrando di essere davvero un&#8217;eccellenza\u00bb.<\/span><\/div>\n<div><span style=\"font-family: georgia, serif; font-size: large;\">Particolarmente preziosa si sta rivelando in questo contesto la <strong>Terapia Intensiva Pediatrica, inaugurata lo scorso 3 luglio.<\/strong><\/span><\/div>\n<\/div>\n<\/div>\n<\/div>\n<\/div>\n<\/div>\n","protected":false},"excerpt":{"rendered":"<p>Lo spiega il\u00a0professor Massimo Agosti. Dalla met\u00e0 di ottobre, sono 134 i bambini affetti da questa malattia transitati per il Pronto Soccorso Pediatrico, 76 dei quali sono stati ricoverati<\/p>\n","protected":false},"author":49,"featured_media":0,"comment_status":"open","ping_status":"open","sticky":false,"template":"","format":"standard","meta":{"footnotes":""},"categories":[2],"tags":[119476,31434,1876,102215],"acf":[],"yoast_head":"<!-- This site is optimized with the Yoast SEO plugin v20.1 - https:\/\/yoast.com\/wordpress\/plugins\/seo\/ -->\n<title>Aumentano i casi di bronchiolite sinciziale, l&#039;ospedale Del Ponte in prima linea<\/title>\n<meta name=\"description\" content=\"Lo spiega il\u00a0professor Massimo Agosti. Dalla met\u00e0 di ottobre, sono 134 i bambini affetti da questa malattia transitati per il Pronto Soccorso Pediatrico, 76 dei quali sono stati ricoverati\" \/>\n<meta name=\"robots\" content=\"noindex, follow, max-snippet:-1, max-image-preview:large, max-video-preview:-1\" \/>\n<meta property=\"og:locale\" content=\"it_IT\" \/>\n<meta property=\"og:type\" content=\"article\" \/>\n<meta property=\"og:title\" content=\"Aumentano i casi di bronchiolite sinciziale, l&#039;ospedale Del Ponte in prima linea\" \/>\n<meta property=\"og:description\" content=\"Lo spiega il\u00a0professor Massimo Agosti. Dalla met\u00e0 di ottobre, sono 134 i bambini affetti da questa malattia transitati per il Pronto Soccorso Pediatrico, 76 dei quali sono stati ricoverati\" \/>\n<meta property=\"og:url\" content=\"https:\/\/www.varesenews.it\/2021\/11\/aumentano-casi-bronchiolite-sinciziale-lospedale-del-ponte-linea\/1404173\/\" \/>\n<meta property=\"og:site_name\" content=\"VareseNews\" \/>\n<meta property=\"article:publisher\" content=\"https:\/\/www.facebook.com\/varesenews\" \/>\n<meta property=\"article:author\" content=\"https:\/\/www.facebook.com\/roberta.bertolini.9\" \/>\n<meta property=\"article:published_time\" content=\"2021-11-25T10:06:52+00:00\" \/>\n<meta property=\"article:modified_time\" content=\"2021-11-25T11:01:34+00:00\" \/>\n<meta name=\"author\" content=\"Roberta Bertolini\" \/>\n<meta name=\"twitter:card\" content=\"summary_large_image\" \/>\n<meta name=\"twitter:creator\" content=\"@robybertolini\" \/>\n<meta name=\"twitter:site\" content=\"@varesenews\" \/>\n<meta name=\"twitter:label1\" content=\"Scritto da\" \/>\n\t<meta name=\"twitter:data1\" content=\"Roberta Bertolini\" \/>\n\t<meta name=\"twitter:label2\" content=\"Tempo di lettura stimato\" \/>\n\t<meta name=\"twitter:data2\" content=\"2 minuti\" \/>\n<script type=\"application\/ld+json\" class=\"yoast-schema-graph\">{\"@context\":\"https:\/\/schema.org\",\"@graph\":[{\"@type\":\"WebPage\",\"@id\":\"https:\/\/www.varesenews.it\/2021\/11\/aumentano-casi-bronchiolite-sinciziale-lospedale-del-ponte-linea\/1404173\/\",\"url\":\"https:\/\/www.varesenews.it\/2021\/11\/aumentano-casi-bronchiolite-sinciziale-lospedale-del-ponte-linea\/1404173\/\",\"name\":\"Aumentano i casi di bronchiolite sinciziale, l'ospedale Del Ponte in prima linea\",\"isPartOf\":{\"@id\":\"https:\/\/staging.varesenews.it\/#website\"},\"datePublished\":\"2021-11-25T10:06:52+00:00\",\"dateModified\":\"2021-11-25T11:01:34+00:00\",\"author\":{\"@id\":\"https:\/\/staging.varesenews.it\/#\/schema\/person\/58fbd3e567d5c00f0a64d5137fef3e68\"},\"description\":\"Lo spiega il\u00a0professor Massimo Agosti. Dalla met\u00e0 di ottobre, sono 134 i bambini affetti da questa malattia transitati per il Pronto Soccorso Pediatrico, 76 dei quali sono stati ricoverati\",\"breadcrumb\":{\"@id\":\"https:\/\/www.varesenews.it\/2021\/11\/aumentano-casi-bronchiolite-sinciziale-lospedale-del-ponte-linea\/1404173\/#breadcrumb\"},\"inLanguage\":\"it-IT\",\"potentialAction\":[{\"@type\":\"ReadAction\",\"target\":[\"https:\/\/www.varesenews.it\/2021\/11\/aumentano-casi-bronchiolite-sinciziale-lospedale-del-ponte-linea\/1404173\/\"]}]},{\"@type\":\"BreadcrumbList\",\"@id\":\"https:\/\/www.varesenews.it\/2021\/11\/aumentano-casi-bronchiolite-sinciziale-lospedale-del-ponte-linea\/1404173\/#breadcrumb\",\"itemListElement\":[{\"@type\":\"ListItem\",\"position\":1,\"name\":\"Home\",\"item\":\"https:\/\/www.varesenews.it\/\"},{\"@type\":\"ListItem\",\"position\":2,\"name\":\"Aumentano i casi di bronchiolite sinciziale, l&#8217;ospedale Del Ponte in prima linea\"}]},{\"@type\":\"WebSite\",\"@id\":\"https:\/\/staging.varesenews.it\/#website\",\"url\":\"https:\/\/staging.varesenews.it\/\",\"name\":\"VareseNews\",\"description\":\"\",\"potentialAction\":[{\"@type\":\"SearchAction\",\"target\":{\"@type\":\"EntryPoint\",\"urlTemplate\":\"https:\/\/staging.varesenews.it\/?s={search_term_string}\"},\"query-input\":\"required name=search_term_string\"}],\"inLanguage\":\"it-IT\"},{\"@type\":\"Person\",\"@id\":\"https:\/\/staging.varesenews.it\/#\/schema\/person\/58fbd3e567d5c00f0a64d5137fef3e68\",\"name\":\"Roberta Bertolini\",\"image\":{\"@type\":\"ImageObject\",\"inLanguage\":\"it-IT\",\"@id\":\"https:\/\/staging.varesenews.it\/#\/schema\/person\/image\/\",\"url\":\"https:\/\/staging.varesenews.it\/wp-content\/uploads\/2020\/12\/roberta_bertolini_colori_500.jpg\",\"contentUrl\":\"https:\/\/staging.varesenews.it\/wp-content\/uploads\/2020\/12\/roberta_bertolini_colori_500.jpg\",\"caption\":\"Roberta Bertolini\"},\"description\":\"Giornalista professionista dal 1991, sono passata, ormai molti anni fa, dalla carta al web. Oggi mi occupo di cronaca locale e guardo con curiosit&agrave; ed attenzione il mondo dei social. Parlo poco, ascolto molto.\",\"sameAs\":[\"https:\/\/www.facebook.com\/roberta.bertolini.9\",\"bettabertolini\",\"https:\/\/www.linkedin.com\/hp\/?dnr=v9e-Gp7a6_oxqTuQyZA0Lf4aEi4t91g6wMH\",\"https:\/\/twitter.com\/robybertolini\"],\"url\":\"https:\/\/staging.varesenews.it\/persona\/roberta-bertolini1\/\"}]}<\/script>\n<!-- \/ Yoast SEO plugin. -->","yoast_head_json":{"title":"Aumentano i casi di bronchiolite sinciziale, l'ospedale Del Ponte in prima linea","description":"Lo spiega il\u00a0professor Massimo Agosti. Dalla met\u00e0 di ottobre, sono 134 i bambini affetti da questa malattia transitati per il Pronto Soccorso Pediatrico, 76 dei quali sono stati ricoverati","robots":{"index":"noindex","follow":"follow","max-snippet":"max-snippet:-1","max-image-preview":"max-image-preview:large","max-video-preview":"max-video-preview:-1"},"og_locale":"it_IT","og_type":"article","og_title":"Aumentano i casi di bronchiolite sinciziale, l'ospedale Del Ponte in prima linea","og_description":"Lo spiega il\u00a0professor Massimo Agosti. Dalla met\u00e0 di ottobre, sono 134 i bambini affetti da questa malattia transitati per il Pronto Soccorso Pediatrico, 76 dei quali sono stati ricoverati","og_url":"https:\/\/www.varesenews.it\/2021\/11\/aumentano-casi-bronchiolite-sinciziale-lospedale-del-ponte-linea\/1404173\/","og_site_name":"VareseNews","article_publisher":"https:\/\/www.facebook.com\/varesenews","article_author":"https:\/\/www.facebook.com\/roberta.bertolini.9","article_published_time":"2021-11-25T10:06:52+00:00","article_modified_time":"2021-11-25T11:01:34+00:00","author":"Roberta Bertolini","twitter_card":"summary_large_image","twitter_creator":"@robybertolini","twitter_site":"@varesenews","twitter_misc":{"Scritto da":"Roberta Bertolini","Tempo di lettura stimato":"2 minuti"},"schema":{"@context":"https:\/\/schema.org","@graph":[{"@type":"WebPage","@id":"https:\/\/www.varesenews.it\/2021\/11\/aumentano-casi-bronchiolite-sinciziale-lospedale-del-ponte-linea\/1404173\/","url":"https:\/\/www.varesenews.it\/2021\/11\/aumentano-casi-bronchiolite-sinciziale-lospedale-del-ponte-linea\/1404173\/","name":"Aumentano i casi di bronchiolite sinciziale, l'ospedale Del Ponte in prima linea","isPartOf":{"@id":"https:\/\/staging.varesenews.it\/#website"},"datePublished":"2021-11-25T10:06:52+00:00","dateModified":"2021-11-25T11:01:34+00:00","author":{"@id":"https:\/\/staging.varesenews.it\/#\/schema\/person\/58fbd3e567d5c00f0a64d5137fef3e68"},"description":"Lo spiega il\u00a0professor Massimo Agosti. Dalla met\u00e0 di ottobre, sono 134 i bambini affetti da questa malattia transitati per il Pronto Soccorso Pediatrico, 76 dei quali sono stati ricoverati","breadcrumb":{"@id":"https:\/\/www.varesenews.it\/2021\/11\/aumentano-casi-bronchiolite-sinciziale-lospedale-del-ponte-linea\/1404173\/#breadcrumb"},"inLanguage":"it-IT","potentialAction":[{"@type":"ReadAction","target":["https:\/\/www.varesenews.it\/2021\/11\/aumentano-casi-bronchiolite-sinciziale-lospedale-del-ponte-linea\/1404173\/"]}]},{"@type":"BreadcrumbList","@id":"https:\/\/www.varesenews.it\/2021\/11\/aumentano-casi-bronchiolite-sinciziale-lospedale-del-ponte-linea\/1404173\/#breadcrumb","itemListElement":[{"@type":"ListItem","position":1,"name":"Home","item":"https:\/\/www.varesenews.it\/"},{"@type":"ListItem","position":2,"name":"Aumentano i casi di bronchiolite sinciziale, l&#8217;ospedale Del Ponte in prima linea"}]},{"@type":"WebSite","@id":"https:\/\/staging.varesenews.it\/#website","url":"https:\/\/staging.varesenews.it\/","name":"VareseNews","description":"","potentialAction":[{"@type":"SearchAction","target":{"@type":"EntryPoint","urlTemplate":"https:\/\/staging.varesenews.it\/?s={search_term_string}"},"query-input":"required name=search_term_string"}],"inLanguage":"it-IT"},{"@type":"Person","@id":"https:\/\/staging.varesenews.it\/#\/schema\/person\/58fbd3e567d5c00f0a64d5137fef3e68","name":"Roberta Bertolini","image":{"@type":"ImageObject","inLanguage":"it-IT","@id":"https:\/\/staging.varesenews.it\/#\/schema\/person\/image\/","url":"https:\/\/staging.varesenews.it\/wp-content\/uploads\/2020\/12\/roberta_bertolini_colori_500.jpg","contentUrl":"https:\/\/staging.varesenews.it\/wp-content\/uploads\/2020\/12\/roberta_bertolini_colori_500.jpg","caption":"Roberta Bertolini"},"description":"Giornalista professionista dal 1991, sono passata, ormai molti anni fa, dalla carta al web. Oggi mi occupo di cronaca locale e guardo con curiosit&agrave; ed attenzione il mondo dei social. Parlo poco, ascolto molto.","sameAs":["https:\/\/www.facebook.com\/roberta.bertolini.9","bettabertolini","https:\/\/www.linkedin.com\/hp\/?dnr=v9e-Gp7a6_oxqTuQyZA0Lf4aEi4t91g6wMH","https:\/\/twitter.com\/robybertolini"],"url":"https:\/\/staging.varesenews.it\/persona\/roberta-bertolini1\/"}]}},"post_meta":{"_edit_lock":"1637837985:49","_edit_last":"49","_category_permalink":"a:1:{s:8:\"category\";s:0:\"\";}","foto":"1264387","firma_come_redazione":"1","argomento":"Varese","_yoast_wpseo_focuskw_text_input":"bronchiolite sinciziale","_yoast_wpseo_focuskw":"bronchiolite sinciziale","_yoast_wpseo_linkdex":"68","_yoast_wpseo_content_score":"30","_jd_tweet_this":"yes","_encloseme":"1","ratings_users":"0","ratings_score":"0","ratings_average":"0","_wpt_short_url":"https:\/\/www.varesenews.it\/2021\/11\/aumentano-casi-bronchiolite-sinciziale-lospedale-del-ponte-linea\/1404173\/","_wp_jd_target":"https:\/\/www.varesenews.it\/2021\/11\/aumentano-casi-bronchiolite-sinciziale-lospedale-del-ponte-linea\/1404173\/","_jd_wp_twitter":"a:1:{i:0;s:205:\"Aumentano i casi di bronchiolite sinciziale, l\u2019ospedale Del Ponte in prima linea https:\/\/www.varesenews.it\/2021\/11\/aumentano-casi-bronchiolite-sinciziale-lospedale-del-ponte-linea\/1404173\/ #massimoagosti\";}","_wpt_status_message":"Tweet inviato con successo.","_oembed_2fa57fe45528ade608829b2c74de7e77":"<blockquote class=\"wp-embedded-content\" data-secret=\"FGNsRmQVsj\"><a href=\"https:\/\/www.saronnonews.it\/2021\/11\/18\/a-caronno-pertusella-una-fiaccolata-contro-la-violenza-sulle-donne\/\">A Caronno Pertusella una fiaccolata contro la violenza sulle donne<\/a><\/blockquote><iframe class=\"wp-embedded-content\" sandbox=\"allow-scripts\" security=\"restricted\" style=\"position: absolute; clip: rect(1px, 1px, 1px, 1px);\" src=\"https:\/\/www.saronnonews.it\/2021\/11\/18\/a-caronno-pertusella-una-fiaccolata-contro-la-violenza-sulle-donne\/embed\/#?secret=FGNsRmQVsj\" data-secret=\"FGNsRmQVsj\" width=\"500\" height=\"282\" title=\"&#8220;A Caronno Pertusella una fiaccolata contro la violenza sulle donne&#8221; &#8212; SaronnoNews\" frameborder=\"0\" marginwidth=\"0\" marginheight=\"0\" scrolling=\"no\"><\/iframe>","_oembed_time_2fa57fe45528ade608829b2c74de7e77":"1637835111","_oembed_23a7aa9b2c45de97633c09f1dd556448":"<blockquote class=\"wp-embedded-content\" data-secret=\"dhvgfVh77n\"><a href=\"https:\/\/www.saronnonews.it\/2021\/05\/20\/casa-di-marta-di-saronno-uniti-per-aiutare-gli-emarginati-e-i-nuovi-poveri\/\">Casa di Marta di Saronno, uniti per aiutare gli emarginati e i &#8220;nuovi poveri&#8221;<\/a><\/blockquote><iframe class=\"wp-embedded-content\" sandbox=\"allow-scripts\" security=\"restricted\" style=\"position: absolute; clip: rect(1px, 1px, 1px, 1px);\" src=\"https:\/\/www.saronnonews.it\/2021\/05\/20\/casa-di-marta-di-saronno-uniti-per-aiutare-gli-emarginati-e-i-nuovi-poveri\/embed\/#?secret=dhvgfVh77n\" data-secret=\"dhvgfVh77n\" width=\"500\" height=\"282\" title=\"&#8220;Casa di Marta di Saronno, uniti per aiutare gli emarginati e i &#8220;nuovi poveri&#8221;&#8221; &#8212; SaronnoNews\" frameborder=\"0\" marginwidth=\"0\" marginheight=\"0\" scrolling=\"no\"><\/iframe>","_oembed_time_23a7aa9b2c45de97633c09f1dd556448":"1637835112","_oembed_399ac99dbf041d9cfcf6b8358cd56a45":"<iframe width=\"500\" height=\"281\" src=\"https:\/\/www.youtube.com\/embed\/cSA8iAtA7jo?feature=oembed\" frameborder=\"0\" allow=\"accelerometer; autoplay; clipboard-write; encrypted-media; gyroscope; picture-in-picture\" allowfullscreen><\/iframe>","_oembed_time_399ac99dbf041d9cfcf6b8358cd56a45":"1637835112","_oembed_9773beb9dbdea839bcf1a550e13aa91d":"<blockquote class=\"wp-embedded-content\" data-secret=\"FrtJUWgyTX\"><a href=\"https:\/\/www.saronnonews.it\/2021\/11\/08\/karate-latleta-di-saronno-alessandra-bossi-vince-i-campionati-italiani-cadetti-ad-ostia\/\">Karate: l&#8217;atleta di Saronno Alessandra Bossi vince i Campionati Italiani Cadetti ad Ostia<\/a><\/blockquote><iframe class=\"wp-embedded-content\" sandbox=\"allow-scripts\" security=\"restricted\" style=\"position: absolute; clip: rect(1px, 1px, 1px, 1px);\" src=\"https:\/\/www.saronnonews.it\/2021\/11\/08\/karate-latleta-di-saronno-alessandra-bossi-vince-i-campionati-italiani-cadetti-ad-ostia\/embed\/#?secret=FrtJUWgyTX\" data-secret=\"FrtJUWgyTX\" width=\"500\" height=\"282\" title=\"&#8220;Karate: l&#8217;atleta di Saronno Alessandra Bossi vince i Campionati Italiani Cadetti ad Ostia&#8221; &#8212; SaronnoNews\" frameborder=\"0\" marginwidth=\"0\" marginheight=\"0\" scrolling=\"no\"><\/iframe>","_oembed_time_9773beb9dbdea839bcf1a550e13aa91d":"1637835113","_oembed_681ef5490674172134a801b4606578bd":"<blockquote class=\"wp-embedded-content\" data-secret=\"CbXNaAW3xN\"><a href=\"https:\/\/www.varesenews.it\/2019\/10\/easyjet-simulatore-formazione-malpensa\/861672\/\">Easyjet apre a Malpensa il suo centro di formazione. \u00c8 l&#8217;unico in Europa continentale<\/a><\/blockquote><iframe class=\"wp-embedded-content\" sandbox=\"allow-scripts\" security=\"restricted\" style=\"position: absolute; clip: rect(1px, 1px, 1px, 1px);\" src=\"https:\/\/www.varesenews.it\/2019\/10\/easyjet-simulatore-formazione-malpensa\/861672\/embed\/#?secret=CbXNaAW3xN\" data-secret=\"CbXNaAW3xN\" width=\"500\" height=\"282\" title=\"&#8220;Easyjet apre a Malpensa il suo centro di formazione. \u00c8 l&#8217;unico in Europa continentale&#8221; &#8212; VareseNews\" frameborder=\"0\" marginwidth=\"0\" marginheight=\"0\" scrolling=\"no\"><\/iframe>","_oembed_time_681ef5490674172134a801b4606578bd":"1637835212","_oembed_d88e4367a7efe428c0372bfa127252d2":"<iframe width=\"500\" height=\"281\" src=\"https:\/\/www.youtube.com\/embed\/videoseries?list=OLAK5uy_nAQbL8EBss0Kwhp-tAZEa13Q7B4gyQcXc\" frameborder=\"0\" allow=\"accelerometer; autoplay; clipboard-write; encrypted-media; gyroscope; picture-in-picture\" allowfullscreen><\/iframe>","_oembed_time_d88e4367a7efe428c0372bfa127252d2":"1637835212","_oembed_c6f99fc459c7f950061c76f49ceba613":"<blockquote class=\"wp-embedded-content\" data-secret=\"nDm4kGPwtb\"><a href=\"https:\/\/www.verbanonews.it\/canali-tematici\/turismo\/2021\/07\/10\/sostenibilita-e-cultura-per-riscoprire-il-pesce-di-lago-del-verbano\/933074\/\">Sostenibilit\u00e0 e cultura per riscoprire il pesce di lago del Verbano<\/a><\/blockquote><iframe class=\"wp-embedded-content\" sandbox=\"allow-scripts\" security=\"restricted\" style=\"position: absolute; clip: rect(1px, 1px, 1px, 1px);\" src=\"https:\/\/www.verbanonews.it\/canali-tematici\/turismo\/2021\/07\/10\/sostenibilita-e-cultura-per-riscoprire-il-pesce-di-lago-del-verbano\/933074\/embed\/#?secret=nDm4kGPwtb\" data-secret=\"nDm4kGPwtb\" width=\"500\" height=\"282\" title=\"&#8220;Sostenibilit\u00e0 e cultura per riscoprire il pesce di lago del Verbano&#8221; &#8212; VerbanoNews\" frameborder=\"0\" marginwidth=\"0\" marginheight=\"0\" scrolling=\"no\"><\/iframe>","_oembed_time_c6f99fc459c7f950061c76f49ceba613":"1637835213","_oembed_6886791f51f4f2b932896e68179c2d36":"<blockquote class=\"wp-embedded-content\" data-secret=\"qoAvKqH3oS\"><a href=\"https:\/\/www.varesenews.it\/necrologie\/\">Necrologie<\/a><\/blockquote><iframe class=\"wp-embedded-content\" sandbox=\"allow-scripts\" security=\"restricted\" style=\"position: absolute; clip: rect(1px, 1px, 1px, 1px);\" src=\"https:\/\/www.varesenews.it\/necrologie\/embed\/#?secret=qoAvKqH3oS\" data-secret=\"qoAvKqH3oS\" width=\"500\" height=\"282\" title=\"&#8220;Necrologie&#8221; &#8212; VareseNews\" frameborder=\"0\" marginwidth=\"0\" marginheight=\"0\" scrolling=\"no\"><\/iframe>","_oembed_time_6886791f51f4f2b932896e68179c2d36":"1637835213","_oembed_9a57d4311ebef3fa1e7043d27ab878b3":"<blockquote class=\"wp-embedded-content\" data-secret=\"gWa2G5gdDN\"><a href=\"https:\/\/www.varesenews.it\/2021\/11\/fermato-gazzada-schianno-83-chili-marijuana-140-hashish-nascosti-un-vecchio-trattore\/1403555\/\">Fermato a Gazzada Schianno con 83 chili di marijuana e 140 di hashish nascosti sotto un vecchio trattore<\/a><\/blockquote><iframe class=\"wp-embedded-content\" sandbox=\"allow-scripts\" security=\"restricted\" style=\"position: absolute; clip: rect(1px, 1px, 1px, 1px);\" src=\"https:\/\/www.varesenews.it\/2021\/11\/fermato-gazzada-schianno-83-chili-marijuana-140-hashish-nascosti-un-vecchio-trattore\/1403555\/embed\/#?secret=gWa2G5gdDN\" data-secret=\"gWa2G5gdDN\" width=\"500\" height=\"282\" title=\"&#8220;Fermato a Gazzada Schianno con 83 chili di marijuana e 140 di hashish nascosti sotto un vecchio trattore&#8221; &#8212; VareseNews\" frameborder=\"0\" marginwidth=\"0\" marginheight=\"0\" scrolling=\"no\"><\/iframe>","_oembed_time_9a57d4311ebef3fa1e7043d27ab878b3":"1637835213"},"photos":[{"original":"https:\/\/staging.varesenews.it\/photogallery_new\/images\/2021\/11\/ospedale-del-ponte-1264387.jpg","full":"https:\/\/staging.varesenews.it\/photogallery_new\/images\/2021\/11\/ospedale-del-ponte-1264387.1024x768.jpg","large":"https:\/\/staging.varesenews.it\/photogallery_new\/images\/2021\/11\/ospedale-del-ponte-1264387.610x431.jpg"}],"_links":{"self":[{"href":"https:\/\/staging.varesenews.it\/swgapi\/v1\/wp\/v2\/posts\/1404173"}],"collection":[{"href":"https:\/\/staging.varesenews.it\/swgapi\/v1\/wp\/v2\/posts"}],"about":[{"href":"https:\/\/staging.varesenews.it\/swgapi\/v1\/wp\/v2\/types\/post"}],"author":[{"embeddable":true,"href":"https:\/\/staging.varesenews.it\/swgapi\/v1\/wp\/v2\/users\/49"}],"replies":[{"embeddable":true,"href":"https:\/\/staging.varesenews.it\/swgapi\/v1\/wp\/v2\/comments?post=1404173"}],"version-history":[{"count":0,"href":"https:\/\/staging.varesenews.it\/swgapi\/v1\/wp\/v2\/posts\/1404173\/revisions"}],"wp:attachment":[{"href":"https:\/\/staging.varesenews.it\/swgapi\/v1\/wp\/v2\/media?parent=1404173"}],"wp:term":[{"taxonomy":"category","embeddable":true,"href":"https:\/\/staging.varesenews.it\/swgapi\/v1\/wp\/v2\/categories?post=1404173"},{"taxonomy":"post_tag","embeddable":true,"href":"https:\/\/staging.varesenews.it\/swgapi\/v1\/wp\/v2\/tags?post=1404173"}],"curies":[{"name":"wp","href":"https:\/\/api.w.org\/{rel}","templated":true}]}}