{"id":1408208,"date":"2021-12-07T07:51:20","date_gmt":"2021-12-07T06:51:20","guid":{"rendered":"https:\/\/www.varesenews.it\/?p=1408208"},"modified":"2021-12-06T22:57:44","modified_gmt":"2021-12-06T21:57:44","slug":"natale-in-condominio","status":"publish","type":"post","link":"https:\/\/staging.varesenews.it\/2021\/12\/natale-in-condominio\/1408208\/","title":{"rendered":"Natale in condominio"},"content":{"rendered":"<p>Detto cos\u00ec sembrerebbe il titolo di una commedia di Eduardo De Filippo dal sapore gradevole e rilassante eppure nella realt\u00e0 <strong>il periodo pi\u00f9 magico dell\u2019anno qualche diatriba la solleva<\/strong>. Il Natale \u00e8 alle soglie, ma siamo sicuri che nei condomini tutti i comproprietari accolgano il sentire, in lontananza, le grida \u201coh, oh, oh\u201d di Babbo Natale con gioia o che questo frastuono costituisca ansie per l\u2019amministratore?<\/p>\n<p>L\u2019incanto e la letizia di tale ricorrenza inizia con l\u2019atmosfera che ci avvolge in quelle che sono le suggestive tradizioni religiose, l\u2019accattivante consumismo e il folklore. Questa ricorrenza \u00e8 una ed unica e ciascuno se la modella secondo la propria visione del vivere sociale con le sue regole, infatti c\u2019\u00e8 chi inizia a decorare la casa a novembre, chi come da tradizione attende l\u20198 dicembre o chi invece non avvertendo lo \u201cspirito del Natale\u201d non se ne preoccupa. <strong>Eh gi\u00e0! gli addobbi argomento spinoso per chi abita in condominio.<\/strong><\/p>\n<p>In alcune citt\u00e0, il problema viene risolto a monte, \u00e8 fatto divieto di posizionare luci o altre decorazioni in palazzi storici o dall\u2019alto valore culturale a salvaguardia del decoro architettonico, ovvero dell\u2019insieme armonico delle linee architettoniche e delle strutture ornamentali, concetto richiamato dall\u2019art. 1120 4\u00b0co. del codice civile (Sono vietate le innovazioni che possano recare pregiudizio alla stabilit\u00e0 o alla sicurezza del fabbricato, che ne alterino il decoro architettonico\u2026)<strong>.<\/strong><\/p>\n<p><strong>A questo punto \u00e8 lecito chiedersi: se gli addobbi natalizi hanno carattere temporaneo, costituiranno, in ogni caso, alterazione del decoro?<\/strong><\/p>\n<p>Gli ornamenti natalizi semplici che non alterano il decoro dell\u2019immobile cos\u00ec come vengono montati, finite le feste, vengono rimossi. Altri, invece, quali luci e Babbi Natali, possono essere banditi perch\u00e9 il regolamento contrattuale condominiale pu\u00f2 vietarli e sanzionare il trasgressore. Divieto connesso anche al rischio di dover risarcire i danni provocati dal corto circuito provocato dalle lucine o dalla caduta di qualche addobbo, un po&#8217; troppo ingombrante sulla testa del condomino costretto a passare sotto il balcone iper decorato per entrare nel proprio appartamento.<\/p>\n<p>A questo punto ci si domanda <strong>addobbi si! o no?<\/strong><\/p>\n<p>Prima di dare sfogo alla proprio estro \u201cnatalizio\u201d \u00e8 necessario verificare sempre cosa stabilisce il\u00a0regolamento condominiale, il quale pu\u00f2 imporre regole molto pi\u00f9 stringenti rispetto a quello assembleare.<br \/>\nSi ricorda, infatti, che il regolamento contrattuale viene predisposto da chi ha costruito il\u00a0condominio\u00a0e che viene sottoposto agli acquirenti dei singoli appartamenti, che lo approvano al momento del\u00a0rogito. L&#8217;approvazione di questo regolamento all&#8217;unanimit\u00e0, giustifica la previsione di vincoli e limiti decisamente pi\u00f9 serrati a tutela dell&#8217;edificio condominiale.<\/p>\n<p>Il regolamento assembleare, invece, \u00e8 approvato in sede di assemblea a maggioranza tale tipo di consenso fa si che esso non possa imporre n\u00e9 una disciplina troppo severa n\u00e8 divieti eccessivi.<\/p>\n<p>Questa diversa approvazione si riflette inevitabilmente anche sulla quaestio degli addobbi natalizi, infatti, il\u00a0<strong>regolamento contrattuale<\/strong>\u00a0<strong>pu\u00f2 vietare<\/strong>\u00a0anche<strong>\u00a0le installazioni che,\u00a0<\/strong>seppur\u00a0<strong>temporaneamente, vanno ad alterare il decoro architettonico dell&#8217;immobile<\/strong>\u00a0o ne mettano in pericolo la sicurezza. Non solo, ai sensi dell\u2019art. 70 delle disposizioni di attuazione del\u00a0codice civile, esso pu\u00f2 prevedere sanzioni per chi ne infrange le regole, da un minimo di euro 200 ad un massimo di euro 800 per chi \u00e8 recidivo. <strong>E dell\u2019albero di Natale nell\u2019androne dell\u2019edificio ne vogliamo parlare?<\/strong><\/p>\n<p>In questo caso si tratta di utilizzare una parte comune del condominio, pertanto non possono essere prese decisioni autonome, bens\u00ec occorre una deliberazione assembleare adottata a maggioranza dei condomini. Trattandosi di parti comuni come viene risolto l\u2019eventuale contrasto sulla <strong>ripartizione delle spese<\/strong>?<\/p>\n<p>La ripartizione delle spese \u00e8 uno dei motivi pi\u00f9 ricorrenti di conflitto tra amministratore e condomini, e il criterio da seguire, salvo diversa convenzione, \u00e8 disposto dall\u2019art. 1123 cc il quale dispone:\u201d le spese necessarie per la conservazione e per il godimento delle parti comuni dell\u2019edificio, per la prestazione dei servizi nell\u2019interesse per la conservazione e per il godimento delle parti comuni dell\u2019edificio \u2026 \u2026sono sostenute dai condomini in misura proporzionale al valore della propriet\u00e0 di ciascuno \u2026 \u2026\u201d, \u00e8 chiaro quindi che le spese per gli addobbi natalizi e luminarie sono ripartite in misura proporzionale al valore della propriet\u00e0 di ciascuno dei condomini. Va da s\u00e9 che se un condomino vuole porre degli ornamenti a sue spese nelle parti comuni, lo pu\u00f2 fare anche senza il consenso dell\u2019assemblea, ovviamente rispettando il buon gusto e lasciando libero il passaggio sulle parti comuni.<\/p>\n<p>In conclusione addobbi si! solo se fatto nel rispetto delle regole, del buon senso e del buon gusto d\u2019altronde si tratta del periodo in cui dovremmo pensare meno alle futilit\u00e0 e occuparci di pi\u00f9 del prossimo, perch\u00e9 <strong>Natale<\/strong> \u00e8\u2026 \u2026 <strong>\u201cogni volta che sorridi a un fratello e gli tendi la mano\u201d<\/strong>.<\/p>\n","protected":false},"excerpt":{"rendered":"<p>Detto cos\u00ec sembrerebbe il titolo di una commedia di Eduardo De Filippo dal sapore gradevole e rilassante eppure nella realt\u00e0 il periodo pi\u00f9 magico dell\u2019anno qualche diatriba la solleva<\/p>\n","protected":false},"author":5428,"featured_media":0,"comment_status":"open","ping_status":"open","sticky":false,"template":"","format":"standard","meta":{"footnotes":""},"categories":[2],"tags":[115148],"acf":[],"yoast_head":"<!-- This site is optimized with the Yoast SEO plugin v20.1 - https:\/\/yoast.com\/wordpress\/plugins\/seo\/ -->\n<title>Natale in condominio<\/title>\n<meta name=\"description\" content=\"Detto cos\u00ec sembrerebbe il titolo di una commedia di Eduardo De Filippo dal sapore gradevole e rilassante eppure nella realt\u00e0 il periodo pi\u00f9 magico dell\u2019anno qualche diatriba la solleva\" \/>\n<meta name=\"robots\" content=\"noindex, follow, max-snippet:-1, max-image-preview:large, max-video-preview:-1\" \/>\n<meta property=\"og:locale\" content=\"it_IT\" \/>\n<meta property=\"og:type\" content=\"article\" \/>\n<meta property=\"og:title\" content=\"Natale in condominio\" \/>\n<meta property=\"og:description\" content=\"Detto cos\u00ec sembrerebbe il titolo di una commedia di Eduardo De Filippo dal sapore gradevole e rilassante eppure nella realt\u00e0 il periodo pi\u00f9 magico dell\u2019anno qualche diatriba la solleva\" \/>\n<meta property=\"og:url\" content=\"https:\/\/staging.varesenews.it\/2021\/12\/natale-in-condominio\/1408208\/\" \/>\n<meta property=\"og:site_name\" content=\"VareseNews\" \/>\n<meta property=\"article:publisher\" content=\"https:\/\/www.facebook.com\/varesenews\" \/>\n<meta property=\"article:published_time\" content=\"2021-12-07T06:51:20+00:00\" \/>\n<meta property=\"article:modified_time\" content=\"2021-12-06T21:57:44+00:00\" \/>\n<meta name=\"author\" content=\"divisionebusiness\" \/>\n<meta name=\"twitter:card\" content=\"summary_large_image\" \/>\n<meta name=\"twitter:creator\" content=\"@varesenews\" \/>\n<meta name=\"twitter:site\" content=\"@varesenews\" \/>\n<meta name=\"twitter:label1\" content=\"Scritto da\" \/>\n\t<meta name=\"twitter:data1\" content=\"divisionebusiness\" \/>\n\t<meta name=\"twitter:label2\" content=\"Tempo di lettura stimato\" \/>\n\t<meta name=\"twitter:data2\" content=\"4 minuti\" \/>\n<script type=\"application\/ld+json\" class=\"yoast-schema-graph\">{\"@context\":\"https:\/\/schema.org\",\"@graph\":[{\"@type\":\"WebPage\",\"@id\":\"https:\/\/staging.varesenews.it\/2021\/12\/natale-in-condominio\/1408208\/\",\"url\":\"https:\/\/staging.varesenews.it\/2021\/12\/natale-in-condominio\/1408208\/\",\"name\":\"Natale in condominio\",\"isPartOf\":{\"@id\":\"https:\/\/staging.varesenews.it\/#website\"},\"datePublished\":\"2021-12-07T06:51:20+00:00\",\"dateModified\":\"2021-12-06T21:57:44+00:00\",\"author\":{\"@id\":\"https:\/\/staging.varesenews.it\/#\/schema\/person\/9fc65cf41366c6512d37aa8b5aa40b98\"},\"description\":\"Detto cos\u00ec sembrerebbe il titolo di una commedia di Eduardo De Filippo dal sapore gradevole e rilassante eppure nella realt\u00e0 il periodo pi\u00f9 magico dell\u2019anno qualche diatriba la solleva\",\"breadcrumb\":{\"@id\":\"https:\/\/staging.varesenews.it\/2021\/12\/natale-in-condominio\/1408208\/#breadcrumb\"},\"inLanguage\":\"it-IT\",\"potentialAction\":[{\"@type\":\"ReadAction\",\"target\":[\"https:\/\/staging.varesenews.it\/2021\/12\/natale-in-condominio\/1408208\/\"]}]},{\"@type\":\"BreadcrumbList\",\"@id\":\"https:\/\/staging.varesenews.it\/2021\/12\/natale-in-condominio\/1408208\/#breadcrumb\",\"itemListElement\":[{\"@type\":\"ListItem\",\"position\":1,\"name\":\"Home\",\"item\":\"https:\/\/www.varesenews.it\/\"},{\"@type\":\"ListItem\",\"position\":2,\"name\":\"Natale in condominio\"}]},{\"@type\":\"WebSite\",\"@id\":\"https:\/\/staging.varesenews.it\/#website\",\"url\":\"https:\/\/staging.varesenews.it\/\",\"name\":\"VareseNews\",\"description\":\"\",\"potentialAction\":[{\"@type\":\"SearchAction\",\"target\":{\"@type\":\"EntryPoint\",\"urlTemplate\":\"https:\/\/staging.varesenews.it\/?s={search_term_string}\"},\"query-input\":\"required name=search_term_string\"}],\"inLanguage\":\"it-IT\"},{\"@type\":\"Person\",\"@id\":\"https:\/\/staging.varesenews.it\/#\/schema\/person\/9fc65cf41366c6512d37aa8b5aa40b98\",\"name\":\"divisionebusiness\",\"image\":{\"@type\":\"ImageObject\",\"inLanguage\":\"it-IT\",\"@id\":\"https:\/\/staging.varesenews.it\/#\/schema\/person\/image\/\",\"url\":\"https:\/\/staging.varesenews.it\/wp-content\/uploads\/2015\/03\/mistery.jpg\",\"contentUrl\":\"https:\/\/staging.varesenews.it\/wp-content\/uploads\/2015\/03\/mistery.jpg\",\"caption\":\"divisionebusiness\"},\"url\":\"https:\/\/staging.varesenews.it\/persona\/divisionebusiness2\/\"}]}<\/script>\n<!-- \/ Yoast SEO plugin. -->","yoast_head_json":{"title":"Natale in condominio","description":"Detto cos\u00ec sembrerebbe il titolo di una commedia di Eduardo De Filippo dal sapore gradevole e rilassante eppure nella realt\u00e0 il periodo pi\u00f9 magico dell\u2019anno qualche diatriba la solleva","robots":{"index":"noindex","follow":"follow","max-snippet":"max-snippet:-1","max-image-preview":"max-image-preview:large","max-video-preview":"max-video-preview:-1"},"og_locale":"it_IT","og_type":"article","og_title":"Natale in condominio","og_description":"Detto cos\u00ec sembrerebbe il titolo di una commedia di Eduardo De Filippo dal sapore gradevole e rilassante eppure nella realt\u00e0 il periodo pi\u00f9 magico dell\u2019anno qualche diatriba la solleva","og_url":"https:\/\/staging.varesenews.it\/2021\/12\/natale-in-condominio\/1408208\/","og_site_name":"VareseNews","article_publisher":"https:\/\/www.facebook.com\/varesenews","article_published_time":"2021-12-07T06:51:20+00:00","article_modified_time":"2021-12-06T21:57:44+00:00","author":"divisionebusiness","twitter_card":"summary_large_image","twitter_creator":"@varesenews","twitter_site":"@varesenews","twitter_misc":{"Scritto da":"divisionebusiness","Tempo di lettura stimato":"4 minuti"},"schema":{"@context":"https:\/\/schema.org","@graph":[{"@type":"WebPage","@id":"https:\/\/staging.varesenews.it\/2021\/12\/natale-in-condominio\/1408208\/","url":"https:\/\/staging.varesenews.it\/2021\/12\/natale-in-condominio\/1408208\/","name":"Natale in condominio","isPartOf":{"@id":"https:\/\/staging.varesenews.it\/#website"},"datePublished":"2021-12-07T06:51:20+00:00","dateModified":"2021-12-06T21:57:44+00:00","author":{"@id":"https:\/\/staging.varesenews.it\/#\/schema\/person\/9fc65cf41366c6512d37aa8b5aa40b98"},"description":"Detto cos\u00ec sembrerebbe il titolo di una commedia di Eduardo De Filippo dal sapore gradevole e rilassante eppure nella realt\u00e0 il periodo pi\u00f9 magico dell\u2019anno qualche diatriba la solleva","breadcrumb":{"@id":"https:\/\/staging.varesenews.it\/2021\/12\/natale-in-condominio\/1408208\/#breadcrumb"},"inLanguage":"it-IT","potentialAction":[{"@type":"ReadAction","target":["https:\/\/staging.varesenews.it\/2021\/12\/natale-in-condominio\/1408208\/"]}]},{"@type":"BreadcrumbList","@id":"https:\/\/staging.varesenews.it\/2021\/12\/natale-in-condominio\/1408208\/#breadcrumb","itemListElement":[{"@type":"ListItem","position":1,"name":"Home","item":"https:\/\/www.varesenews.it\/"},{"@type":"ListItem","position":2,"name":"Natale in condominio"}]},{"@type":"WebSite","@id":"https:\/\/staging.varesenews.it\/#website","url":"https:\/\/staging.varesenews.it\/","name":"VareseNews","description":"","potentialAction":[{"@type":"SearchAction","target":{"@type":"EntryPoint","urlTemplate":"https:\/\/staging.varesenews.it\/?s={search_term_string}"},"query-input":"required name=search_term_string"}],"inLanguage":"it-IT"},{"@type":"Person","@id":"https:\/\/staging.varesenews.it\/#\/schema\/person\/9fc65cf41366c6512d37aa8b5aa40b98","name":"divisionebusiness","image":{"@type":"ImageObject","inLanguage":"it-IT","@id":"https:\/\/staging.varesenews.it\/#\/schema\/person\/image\/","url":"https:\/\/staging.varesenews.it\/wp-content\/uploads\/2015\/03\/mistery.jpg","contentUrl":"https:\/\/staging.varesenews.it\/wp-content\/uploads\/2015\/03\/mistery.jpg","caption":"divisionebusiness"},"url":"https:\/\/staging.varesenews.it\/persona\/divisionebusiness2\/"}]}},"post_meta":{"_edit_lock":"1638829045:5428","_edit_last":"5428","_category_permalink":"a:1:{s:8:\"category\";s:0:\"\";}","foto":"1267632","firma-personalizzata":"A cura dell'avv. Sabina Vuolo","nascondi_adsense":"1","argomento":"Notizia sponsorizzata","_yoast_wpseo_focuskw_text_input":"Natale","_yoast_wpseo_focuskw":"Natale","_yoast_wpseo_linkdex":"65","_yoast_wpseo_content_score":"30","_jd_tweet_this":"yes","_wpt_short_url":"http:\/\/www.varesenews.it\/2021\/12\/natale-in-condominio\/1408208\/","_wp_jd_target":"http:\/\/www.varesenews.it\/2021\/12\/natale-in-condominio\/1408208\/","_jd_wp_twitter":"a:1:{i:0;s:84:\"Natale in condominio http:\/\/www.varesenews.it\/2021\/12\/natale-in-condominio\/1408208\/ \";}","_wpt_status_message":"Tweet inviato con successo.","_encloseme":"1","ratings_users":"0","ratings_score":"0","ratings_average":"0","_oembed_c2ad37338c7f110abacbfa758d829727":"<blockquote class=\"wp-embedded-content\" data-secret=\"9OXkTuqufn\"><a href=\"https:\/\/www.varesenews.it\/2020\/08\/buona-notte-don-alberto\/954831\/\">Buona notte don Alberto<\/a><\/blockquote><iframe class=\"wp-embedded-content\" sandbox=\"allow-scripts\" security=\"restricted\" style=\"position: absolute; clip: rect(1px, 1px, 1px, 1px);\" src=\"https:\/\/www.varesenews.it\/2020\/08\/buona-notte-don-alberto\/954831\/embed\/#?secret=9OXkTuqufn\" data-secret=\"9OXkTuqufn\" width=\"500\" height=\"282\" title=\"&#8220;Buona notte don Alberto&#8221; &#8212; VareseNews\" frameborder=\"0\" marginwidth=\"0\" marginheight=\"0\" scrolling=\"no\"><\/iframe>","_oembed_time_c2ad37338c7f110abacbfa758d829727":"1638860097","_oembed_16456fcb10da13f123ebc1feaa2ac9d6":"<blockquote class=\"wp-embedded-content\" data-secret=\"dXy5AhU21Z\"><a href=\"https:\/\/www.varesenews.it\/2021\/09\/consiglio-somma-depotenziamento-dellospedale-bellini\/1376277\/\">Il consiglio di Somma contro il depotenziamento dell&#8217;ospedale Bellini<\/a><\/blockquote><iframe class=\"wp-embedded-content\" sandbox=\"allow-scripts\" security=\"restricted\" style=\"position: absolute; clip: rect(1px, 1px, 1px, 1px);\" src=\"https:\/\/www.varesenews.it\/2021\/09\/consiglio-somma-depotenziamento-dellospedale-bellini\/1376277\/embed\/#?secret=dXy5AhU21Z\" data-secret=\"dXy5AhU21Z\" width=\"500\" height=\"282\" title=\"&#8220;Il consiglio di Somma contro il depotenziamento dell&#8217;ospedale Bellini&#8221; &#8212; VareseNews\" frameborder=\"0\" marginwidth=\"0\" marginheight=\"0\" scrolling=\"no\"><\/iframe>","_oembed_time_16456fcb10da13f123ebc1feaa2ac9d6":"1638860097","_oembed_24d6b9e69be96936d9dfcc38a94e6af0":"<blockquote class=\"wp-embedded-content\" data-secret=\"EUFm2smXBg\"><a href=\"https:\/\/www.varesenews.it\/2021\/10\/asst-valle-olona-consiglio-comunale-somma-un-confronto-sul-bellini\/1394706\/\">Asst Valle Olona va in consiglio comunale di Somma ma conferma il destino del Bellini<\/a><\/blockquote><iframe class=\"wp-embedded-content\" sandbox=\"allow-scripts\" security=\"restricted\" style=\"position: absolute; clip: rect(1px, 1px, 1px, 1px);\" src=\"https:\/\/www.varesenews.it\/2021\/10\/asst-valle-olona-consiglio-comunale-somma-un-confronto-sul-bellini\/1394706\/embed\/#?secret=EUFm2smXBg\" data-secret=\"EUFm2smXBg\" width=\"500\" height=\"282\" title=\"&#8220;Asst Valle Olona va in consiglio comunale di Somma ma conferma il destino del Bellini&#8221; &#8212; VareseNews\" frameborder=\"0\" marginwidth=\"0\" marginheight=\"0\" scrolling=\"no\"><\/iframe>","_oembed_time_24d6b9e69be96936d9dfcc38a94e6af0":"1638860097","_oembed_50a3ef655b714c615ed8385767221445":"<blockquote class=\"wp-embedded-content\" data-secret=\"mzR5o0wDoK\"><a href=\"https:\/\/www.varesenews.it\/2021\/12\/lalbero-natale-laveno-mombello-svetta-piazza-duomo\/1406251\/\">L&#8217;albero di Natale di Laveno Mombello svetta in piazza Duomo<\/a><\/blockquote><iframe class=\"wp-embedded-content\" sandbox=\"allow-scripts\" security=\"restricted\" style=\"position: absolute; clip: rect(1px, 1px, 1px, 1px);\" src=\"https:\/\/www.varesenews.it\/2021\/12\/lalbero-natale-laveno-mombello-svetta-piazza-duomo\/1406251\/embed\/#?secret=mzR5o0wDoK\" data-secret=\"mzR5o0wDoK\" width=\"500\" height=\"282\" title=\"&#8220;L&#8217;albero di Natale di Laveno Mombello svetta in piazza Duomo&#8221; &#8212; VareseNews\" frameborder=\"0\" marginwidth=\"0\" marginheight=\"0\" scrolling=\"no\"><\/iframe>","_oembed_time_50a3ef655b714c615ed8385767221445":"1638860463","_oembed_3c9494f6b587779e2fb17e0fd742301b":"<blockquote class=\"wp-embedded-content\" data-secret=\"b9mNB63ePX\"><a href=\"https:\/\/www.varesenews.it\/2021\/12\/fermati-due-uomini-accusati-aver-violentato-due-donne-sul-treno-stazione\/1407743\/\">Fermati due uomini accusati di aver violentato due donne sul treno e in stazione<\/a><\/blockquote><iframe class=\"wp-embedded-content\" sandbox=\"allow-scripts\" security=\"restricted\" style=\"position: absolute; clip: rect(1px, 1px, 1px, 1px);\" src=\"https:\/\/www.varesenews.it\/2021\/12\/fermati-due-uomini-accusati-aver-violentato-due-donne-sul-treno-stazione\/1407743\/embed\/#?secret=b9mNB63ePX\" data-secret=\"b9mNB63ePX\" width=\"500\" height=\"282\" title=\"&#8220;Fermati due uomini accusati di aver violentato due donne sul treno e in stazione&#8221; &#8212; VareseNews\" frameborder=\"0\" marginwidth=\"0\" marginheight=\"0\" scrolling=\"no\"><\/iframe>","_oembed_time_3c9494f6b587779e2fb17e0fd742301b":"1638860463","_oembed_c5022748683b9eb1daa016cab94e8db0":"<blockquote class=\"wp-embedded-content\" data-secret=\"ykBffKqW93\"><a href=\"https:\/\/www.verbanonews.it\/aree-geografiche\/lombardia\/2021\/04\/08\/abbiamo-bisogno-di-rimettere-letica-al-centro-della-comunicazione\/929131\/\">&#8220;Abbiamo bisogno di rimettere l&#8217;etica al centro della comunicazione&#8221;<\/a><\/blockquote><iframe class=\"wp-embedded-content\" sandbox=\"allow-scripts\" security=\"restricted\" style=\"position: absolute; clip: rect(1px, 1px, 1px, 1px);\" src=\"https:\/\/www.verbanonews.it\/aree-geografiche\/lombardia\/2021\/04\/08\/abbiamo-bisogno-di-rimettere-letica-al-centro-della-comunicazione\/929131\/embed\/#?secret=ykBffKqW93\" data-secret=\"ykBffKqW93\" width=\"500\" height=\"282\" title=\"&#8220;&#8220;Abbiamo bisogno di rimettere l&#8217;etica al centro della comunicazione&#8221;&#8221; &#8212; VerbanoNews\" frameborder=\"0\" marginwidth=\"0\" marginheight=\"0\" scrolling=\"no\"><\/iframe>","_oembed_time_c5022748683b9eb1daa016cab94e8db0":"1638860466","_oembed_75b9611867b9edf5367176f3fcdad3e0":"<iframe width=\"500\" height=\"281\" src=\"https:\/\/www.youtube.com\/embed\/Mb56TrHDQv4?feature=oembed\" frameborder=\"0\" allow=\"accelerometer; autoplay; clipboard-write; encrypted-media; gyroscope; picture-in-picture\" allowfullscreen><\/iframe>","_oembed_time_75b9611867b9edf5367176f3fcdad3e0":"1638860466","_oembed_9ed63a101c2090cb8a517e5c534a71c9":"<blockquote class=\"wp-embedded-content\" data-secret=\"vCwqnTmS5X\"><a href=\"https:\/\/www.varesenews.it\/2021\/11\/un-progetto-made-varese-salvare-san-siro-lo-stadio-milano\/1404312\/\">Un progetto &#8220;made in Varese&#8221; per salvare San Siro, lo stadio di Milano<\/a><\/blockquote><iframe class=\"wp-embedded-content\" sandbox=\"allow-scripts\" security=\"restricted\" style=\"position: absolute; clip: rect(1px, 1px, 1px, 1px);\" src=\"https:\/\/www.varesenews.it\/2021\/11\/un-progetto-made-varese-salvare-san-siro-lo-stadio-milano\/1404312\/embed\/#?secret=vCwqnTmS5X\" data-secret=\"vCwqnTmS5X\" width=\"500\" height=\"282\" title=\"&#8220;Un progetto &#8220;made in Varese&#8221; per salvare San Siro, lo stadio di Milano&#8221; &#8212; VareseNews\" frameborder=\"0\" marginwidth=\"0\" marginheight=\"0\" scrolling=\"no\"><\/iframe>","_oembed_time_9ed63a101c2090cb8a517e5c534a71c9":"1638860466","_oembed_1997570dcb56e6e67e80aa4e22a13deb":"<blockquote class=\"wp-embedded-content\" data-secret=\"XENkwGpDtz\"><a href=\"https:\/\/www.varesenews.it\/2016\/02\/crac-livingston-ferrero-patteggia-22-mesi\/482816\/\">Crac Livingston, Ferrero patteggia 22 mesi<\/a><\/blockquote><iframe class=\"wp-embedded-content\" sandbox=\"allow-scripts\" security=\"restricted\" style=\"position: absolute; clip: rect(1px, 1px, 1px, 1px);\" src=\"https:\/\/www.varesenews.it\/2016\/02\/crac-livingston-ferrero-patteggia-22-mesi\/482816\/embed\/#?secret=XENkwGpDtz\" data-secret=\"XENkwGpDtz\" width=\"500\" height=\"282\" title=\"&#8220;Crac Livingston, Ferrero patteggia 22 mesi&#8221; &#8212; VareseNews\" frameborder=\"0\" marginwidth=\"0\" marginheight=\"0\" scrolling=\"no\"><\/iframe>","_oembed_time_1997570dcb56e6e67e80aa4e22a13deb":"1638861410","_oembed_a6d85a44b78ddf757cead31d304f2f7a":"{{unknown}}","_oembed_4eae8a89289718bc333885600e03631c":"<blockquote class=\"wp-embedded-content\" data-secret=\"9IaRsKA1zc\"><a href=\"https:\/\/www.varesenews.it\/2021\/12\/eventi-bambini-nel-weekend-dal-3-al-5-dicembre-varese-provincia\/1407012\/\">Eventi per bambini nel weekend dal 3 al 5 dicembre tra Varese e provincia<\/a><\/blockquote><iframe class=\"wp-embedded-content\" sandbox=\"allow-scripts\" security=\"restricted\" style=\"position: absolute; clip: rect(1px, 1px, 1px, 1px);\" src=\"https:\/\/www.varesenews.it\/2021\/12\/eventi-bambini-nel-weekend-dal-3-al-5-dicembre-varese-provincia\/1407012\/embed\/#?secret=9IaRsKA1zc\" data-secret=\"9IaRsKA1zc\" width=\"500\" height=\"282\" title=\"&#8220;Eventi per bambini nel weekend dal 3 al 5 dicembre tra Varese e provincia&#8221; &#8212; VareseNews\" frameborder=\"0\" marginwidth=\"0\" marginheight=\"0\" scrolling=\"no\"><\/iframe>","_oembed_time_4eae8a89289718bc333885600e03631c":"1638861413","_oembed_e12adb845e03f3cb48fa1493c5d4d5b2":"<iframe width=\"500\" height=\"281\" src=\"https:\/\/www.youtube.com\/embed\/videoseries?list=PL0l960HMI5BCesojQ5OfQbKyeRrvaFFf1\" frameborder=\"0\" allow=\"accelerometer; autoplay; clipboard-write; encrypted-media; gyroscope; picture-in-picture\" allowfullscreen><\/iframe>","_oembed_time_e12adb845e03f3cb48fa1493c5d4d5b2":"1638861411","_oembed_373dfe025643ed3cef1b4a6e739b2d5f":"<blockquote class=\"wp-embedded-content\" data-secret=\"fGtmWz8t3k\"><a href=\"https:\/\/www.verbanonews.it\/aree-geografiche\/lago-maggiore\/2021\/11\/10\/tragedia-del-mottarone-mandato-di-cattura-internazionale-per-il-nonno-di-eitan\/937040\/\">Tragedia del Mottarone, mandato di cattura internazionale per il nonno di Eitan<\/a><\/blockquote><iframe class=\"wp-embedded-content\" sandbox=\"allow-scripts\" security=\"restricted\" style=\"position: absolute; clip: rect(1px, 1px, 1px, 1px);\" src=\"https:\/\/www.verbanonews.it\/aree-geografiche\/lago-maggiore\/2021\/11\/10\/tragedia-del-mottarone-mandato-di-cattura-internazionale-per-il-nonno-di-eitan\/937040\/embed\/#?secret=fGtmWz8t3k\" data-secret=\"fGtmWz8t3k\" width=\"500\" height=\"282\" title=\"&#8220;Tragedia del Mottarone, mandato di cattura internazionale per il nonno di Eitan&#8221; &#8212; VerbanoNews\" frameborder=\"0\" marginwidth=\"0\" marginheight=\"0\" scrolling=\"no\"><\/iframe>","_oembed_time_373dfe025643ed3cef1b4a6e739b2d5f":"1638861412","_oembed_a50f58168e95dd4088e0fdf429e7d8be":"<blockquote class=\"wp-embedded-content\" data-secret=\"J1lP9do3ft\"><a href=\"https:\/\/www.saronnonews.it\/2021\/12\/04\/contrasto-alle-truffe-ai-danni-delle-fasce-deboli-campagna-informativa-dei-carabinieri-di-saronno\/\">Contrasto alle truffe ai danni delle fasce deboli, campagna informativa dei carabinieri di Saronno<\/a><\/blockquote><iframe class=\"wp-embedded-content\" sandbox=\"allow-scripts\" security=\"restricted\" style=\"position: absolute; clip: rect(1px, 1px, 1px, 1px);\" src=\"https:\/\/www.saronnonews.it\/2021\/12\/04\/contrasto-alle-truffe-ai-danni-delle-fasce-deboli-campagna-informativa-dei-carabinieri-di-saronno\/embed\/#?secret=J1lP9do3ft\" data-secret=\"J1lP9do3ft\" width=\"500\" height=\"282\" title=\"&#8220;Contrasto alle truffe ai danni delle fasce deboli, campagna informativa dei carabinieri di Saronno&#8221; &#8212; SaronnoNews\" frameborder=\"0\" marginwidth=\"0\" marginheight=\"0\" scrolling=\"no\"><\/iframe>","_oembed_time_a50f58168e95dd4088e0fdf429e7d8be":"1638861467","_oembed_e3942bcc3558895a704dfb9e65658dc9":"<iframe width=\"500\" height=\"281\" src=\"https:\/\/www.youtube.com\/embed\/9PPGvzz1xr0?feature=oembed\" frameborder=\"0\" allow=\"accelerometer; autoplay; clipboard-write; encrypted-media; gyroscope; picture-in-picture\" allowfullscreen><\/iframe>","_oembed_time_e3942bcc3558895a704dfb9e65658dc9":"1638861505","_oembed_8b6f41987487708c546874036693c346":"<blockquote class=\"wp-embedded-content\" data-secret=\"mhR84vopSM\"><a href=\"https:\/\/www.varesenews.it\/2021\/12\/punto-laccordo-fiscale-sui-frontalieri\/1407319\/\">A che punto \u00e8 l&#8217;accordo fiscale sui frontalieri<\/a><\/blockquote><iframe class=\"wp-embedded-content\" sandbox=\"allow-scripts\" security=\"restricted\" style=\"position: absolute; clip: rect(1px, 1px, 1px, 1px);\" src=\"https:\/\/www.varesenews.it\/2021\/12\/punto-laccordo-fiscale-sui-frontalieri\/1407319\/embed\/#?secret=mhR84vopSM\" data-secret=\"mhR84vopSM\" width=\"500\" height=\"282\" title=\"&#8220;A che punto \u00e8 l&#8217;accordo fiscale sui frontalieri&#8221; &#8212; VareseNews\" frameborder=\"0\" marginwidth=\"0\" marginheight=\"0\" scrolling=\"no\"><\/iframe>","_oembed_time_8b6f41987487708c546874036693c346":"1638861505","_oembed_f02a593da95f36aebedb2f5042576ad1":"<blockquote class=\"wp-embedded-content\" data-secret=\"xuaRBhmCYX\"><a href=\"https:\/\/www.varesenews.it\/2021\/12\/le-nuove-regole-anti-covid-in-vigore-in-svizzera-dal-6-dicembre\/1407456\/\">Le nuove regole anti Covid in vigore in Svizzera dal 6 dicembre<\/a><\/blockquote><iframe class=\"wp-embedded-content\" sandbox=\"allow-scripts\" security=\"restricted\" style=\"position: absolute; clip: rect(1px, 1px, 1px, 1px);\" src=\"https:\/\/www.varesenews.it\/2021\/12\/le-nuove-regole-anti-covid-in-vigore-in-svizzera-dal-6-dicembre\/1407456\/embed\/#?secret=xuaRBhmCYX\" data-secret=\"xuaRBhmCYX\" width=\"500\" height=\"282\" title=\"&#8220;Le nuove regole anti Covid in vigore in Svizzera dal 6 dicembre&#8221; &#8212; VareseNews\" frameborder=\"0\" marginwidth=\"0\" marginheight=\"0\" scrolling=\"no\"><\/iframe>","_oembed_time_f02a593da95f36aebedb2f5042576ad1":"1638861505","_oembed_e1a1fabe64e9a4d43712ffc367f168eb":"<blockquote class=\"wp-embedded-content\" data-secret=\"jNYIjshEYI\"><a href=\"https:\/\/www.varesenews.it\/2020\/12\/accordo-storico-italia-svizzera-firmata-lintesa-frontalieri-ristorni\/1289712\/\">Accordo storico tra Italia e Svizzera, firmata l&#8217;intesa su frontalieri e ristorni<\/a><\/blockquote><iframe class=\"wp-embedded-content\" sandbox=\"allow-scripts\" security=\"restricted\" style=\"position: absolute; clip: rect(1px, 1px, 1px, 1px);\" src=\"https:\/\/www.varesenews.it\/2020\/12\/accordo-storico-italia-svizzera-firmata-lintesa-frontalieri-ristorni\/1289712\/embed\/#?secret=jNYIjshEYI\" data-secret=\"jNYIjshEYI\" width=\"500\" height=\"282\" title=\"&#8220;Accordo storico tra Italia e Svizzera, firmata l&#8217;intesa su frontalieri e ristorni&#8221; &#8212; VareseNews\" frameborder=\"0\" marginwidth=\"0\" marginheight=\"0\" scrolling=\"no\"><\/iframe>","_oembed_time_e1a1fabe64e9a4d43712ffc367f168eb":"1638861505","_oembed_88a59d6d154152ff0e9e0b331151ceb2":"<blockquote class=\"wp-embedded-content\" data-secret=\"PQ9KCr3xA6\"><a href=\"https:\/\/www.varesenews.it\/2021\/11\/eventi-bambini-nel-weekend-dal-26-al-28-novembre-varese-provincia\/1404487\/\">Eventi per bambini nel weekend dal 26 al 28 novembre tra Varese e provincia<\/a><\/blockquote><iframe class=\"wp-embedded-content\" sandbox=\"allow-scripts\" security=\"restricted\" style=\"position: absolute; clip: rect(1px, 1px, 1px, 1px);\" src=\"https:\/\/www.varesenews.it\/2021\/11\/eventi-bambini-nel-weekend-dal-26-al-28-novembre-varese-provincia\/1404487\/embed\/#?secret=PQ9KCr3xA6\" data-secret=\"PQ9KCr3xA6\" width=\"500\" height=\"282\" title=\"&#8220;Eventi per bambini nel weekend dal 26 al 28 novembre tra Varese e provincia&#8221; &#8212; VareseNews\" frameborder=\"0\" marginwidth=\"0\" marginheight=\"0\" scrolling=\"no\"><\/iframe>","_oembed_time_88a59d6d154152ff0e9e0b331151ceb2":"1638861505","_oembed_9c42f8e8cad888f19b1c0d556cd279b1":"<iframe width=\"500\" height=\"281\" src=\"https:\/\/www.youtube.com\/embed\/SvzHQRaD5uQ?feature=oembed\" frameborder=\"0\" allow=\"accelerometer; autoplay; clipboard-write; encrypted-media; gyroscope; picture-in-picture\" allowfullscreen><\/iframe>","_oembed_time_9c42f8e8cad888f19b1c0d556cd279b1":"1638861506","_oembed_06634dc3b1bf4f3e3f3dfef4fd112d2f":"<blockquote class=\"wp-embedded-content\" data-secret=\"jcBsGCbL8W\"><a href=\"https:\/\/www.varesenews.it\/2021\/12\/sindaco-assessori-mensa-coi-bambini-fagnano-olona-ora-capiamo-perche-non-mangiano\/1406784\/\">Sindaco e assessori in mensa coi bambini di Fagnano Olona: &#8220;Ora capiamo perch\u00e8 non mangiano&#8221;<\/a><\/blockquote><iframe class=\"wp-embedded-content\" sandbox=\"allow-scripts\" security=\"restricted\" style=\"position: absolute; clip: rect(1px, 1px, 1px, 1px);\" src=\"https:\/\/www.varesenews.it\/2021\/12\/sindaco-assessori-mensa-coi-bambini-fagnano-olona-ora-capiamo-perche-non-mangiano\/1406784\/embed\/#?secret=jcBsGCbL8W\" data-secret=\"jcBsGCbL8W\" width=\"500\" height=\"282\" title=\"&#8220;Sindaco e assessori in mensa coi bambini di Fagnano Olona: &#8220;Ora capiamo perch\u00e8 non mangiano&#8221;&#8221; &#8212; VareseNews\" frameborder=\"0\" marginwidth=\"0\" marginheight=\"0\" scrolling=\"no\"><\/iframe>","_oembed_time_06634dc3b1bf4f3e3f3dfef4fd112d2f":"1638862080","_oembed_a97c405426f04f832b88d63905bbbb25":"<blockquote class=\"wp-embedded-content\" data-secret=\"Lgt5ROAhfB\"><a href=\"https:\/\/www.varesenews.it\/2021\/11\/lopposizione-torna-proporre-commissione-sanita-busto-arsizio\/1405665\/\">L&#8217;opposizione torna a proporre una Commissione Sanit\u00e0 per Busto Arsizio<\/a><\/blockquote><iframe class=\"wp-embedded-content\" sandbox=\"allow-scripts\" security=\"restricted\" style=\"position: absolute; clip: rect(1px, 1px, 1px, 1px);\" src=\"https:\/\/www.varesenews.it\/2021\/11\/lopposizione-torna-proporre-commissione-sanita-busto-arsizio\/1405665\/embed\/#?secret=Lgt5ROAhfB\" data-secret=\"Lgt5ROAhfB\" width=\"500\" height=\"282\" title=\"&#8220;L&#8217;opposizione torna a proporre una Commissione Sanit\u00e0 per Busto Arsizio&#8221; &#8212; VareseNews\" frameborder=\"0\" marginwidth=\"0\" marginheight=\"0\" scrolling=\"no\"><\/iframe>","_oembed_time_a97c405426f04f832b88d63905bbbb25":"1638862080","_oembed_6756c527cc7bbca0000476133717e472":"<blockquote class=\"wp-embedded-content\" data-secret=\"QAbU3F4sK9\"><a href=\"https:\/\/www.varesenews.it\/2019\/10\/latte-varese-ritardi-nei-pagamenti-dei-fornitori\/863045\/\">Latte Varese, ritardi nei pagamenti dei fornitori<\/a><\/blockquote><iframe class=\"wp-embedded-content\" sandbox=\"allow-scripts\" security=\"restricted\" style=\"position: absolute; clip: rect(1px, 1px, 1px, 1px);\" src=\"https:\/\/www.varesenews.it\/2019\/10\/latte-varese-ritardi-nei-pagamenti-dei-fornitori\/863045\/embed\/#?secret=QAbU3F4sK9\" data-secret=\"QAbU3F4sK9\" width=\"500\" height=\"282\" title=\"&#8220;Latte Varese, ritardi nei pagamenti dei fornitori&#8221; &#8212; VareseNews\" frameborder=\"0\" marginwidth=\"0\" marginheight=\"0\" scrolling=\"no\"><\/iframe>","_oembed_time_6756c527cc7bbca0000476133717e472":"1638862276","_oembed_00e4d1606e03496284e40d279f93c523":"<iframe width=\"500\" height=\"281\" src=\"https:\/\/www.youtube.com\/embed\/utwvSPvMtHs?feature=oembed\" frameborder=\"0\" allow=\"accelerometer; autoplay; clipboard-write; encrypted-media; gyroscope; picture-in-picture\" allowfullscreen><\/iframe>","_oembed_time_00e4d1606e03496284e40d279f93c523":"1638862276","_oembed_adf88f80a5d73e231dcc35ec59e60999":"<blockquote class=\"wp-embedded-content\" data-secret=\"wPCo9wIf01\"><a href=\"https:\/\/www.varesenews.it\/2021\/09\/dalla-solidarieta-malnatese-un-aiuto-concreto-20-alunni-della-primaria\/1383370\/\">Dalla Solidariet\u00e0 Malnatese un aiuto concreto per 20 alunni della primaria<\/a><\/blockquote><iframe class=\"wp-embedded-content\" sandbox=\"allow-scripts\" security=\"restricted\" style=\"position: absolute; clip: rect(1px, 1px, 1px, 1px);\" src=\"https:\/\/www.varesenews.it\/2021\/09\/dalla-solidarieta-malnatese-un-aiuto-concreto-20-alunni-della-primaria\/1383370\/embed\/#?secret=wPCo9wIf01\" data-secret=\"wPCo9wIf01\" width=\"500\" height=\"282\" title=\"&#8220;Dalla Solidariet\u00e0 Malnatese un aiuto concreto per 20 alunni della primaria&#8221; &#8212; VareseNews\" frameborder=\"0\" marginwidth=\"0\" marginheight=\"0\" scrolling=\"no\"><\/iframe>","_oembed_time_adf88f80a5d73e231dcc35ec59e60999":"1638862276","_oembed_2fb33fe6cfcc65a879716a2b4cb6f588":"<blockquote class=\"wp-embedded-content\" data-secret=\"KxHWgFzO0N\"><a href=\"https:\/\/www.varesenews.it\/2021\/12\/castelseprio-camagna-unite-segno-dellunesco\/1406210\/\">Castelseprio e Camagna Monferrato unite sotto il segno dell&#8217;Unesco<\/a><\/blockquote><iframe class=\"wp-embedded-content\" sandbox=\"allow-scripts\" security=\"restricted\" style=\"position: absolute; clip: rect(1px, 1px, 1px, 1px);\" src=\"https:\/\/www.varesenews.it\/2021\/12\/castelseprio-camagna-unite-segno-dellunesco\/1406210\/embed\/#?secret=KxHWgFzO0N\" data-secret=\"KxHWgFzO0N\" width=\"500\" height=\"282\" title=\"&#8220;Castelseprio e Camagna Monferrato unite sotto il segno dell&#8217;Unesco&#8221; &#8212; VareseNews\" frameborder=\"0\" marginwidth=\"0\" marginheight=\"0\" scrolling=\"no\"><\/iframe>","_oembed_time_2fb33fe6cfcc65a879716a2b4cb6f588":"1638862276"},"photos":[{"original":"https:\/\/staging.varesenews.it\/photogallery_new\/images\/2021\/12\/vario-1267632.jpg","full":"https:\/\/staging.varesenews.it\/photogallery_new\/images\/2021\/12\/vario-1267632.1024x768.jpg","large":"https:\/\/staging.varesenews.it\/photogallery_new\/images\/2021\/12\/vario-1267632.610x431.jpg"}],"_links":{"self":[{"href":"https:\/\/staging.varesenews.it\/swgapi\/v1\/wp\/v2\/posts\/1408208"}],"collection":[{"href":"https:\/\/staging.varesenews.it\/swgapi\/v1\/wp\/v2\/posts"}],"about":[{"href":"https:\/\/staging.varesenews.it\/swgapi\/v1\/wp\/v2\/types\/post"}],"author":[{"embeddable":true,"href":"https:\/\/staging.varesenews.it\/swgapi\/v1\/wp\/v2\/users\/5428"}],"replies":[{"embeddable":true,"href":"https:\/\/staging.varesenews.it\/swgapi\/v1\/wp\/v2\/comments?post=1408208"}],"version-history":[{"count":0,"href":"https:\/\/staging.varesenews.it\/swgapi\/v1\/wp\/v2\/posts\/1408208\/revisions"}],"wp:attachment":[{"href":"https:\/\/staging.varesenews.it\/swgapi\/v1\/wp\/v2\/media?parent=1408208"}],"wp:term":[{"taxonomy":"category","embeddable":true,"href":"https:\/\/staging.varesenews.it\/swgapi\/v1\/wp\/v2\/categories?post=1408208"},{"taxonomy":"post_tag","embeddable":true,"href":"https:\/\/staging.varesenews.it\/swgapi\/v1\/wp\/v2\/tags?post=1408208"}],"curies":[{"name":"wp","href":"https:\/\/api.w.org\/{rel}","templated":true}]}}