{"id":1410324,"date":"2021-12-13T16:53:53","date_gmt":"2021-12-13T15:53:53","guid":{"rendered":"https:\/\/www.varesenews.it\/?p=1410324"},"modified":"2021-12-13T16:53:53","modified_gmt":"2021-12-13T15:53:53","slug":"veronica-branca-masa-soprattutto-sculture-marmo-carrara","status":"publish","type":"post","link":"https:\/\/staging.varesenews.it\/2021\/12\/veronica-branca-masa-soprattutto-sculture-marmo-carrara\/1410324\/","title":{"rendered":"Veronica Branca-Masa: soprattutto sculture in marmo di Carrara"},"content":{"rendered":"<p><strong>Si \u00e8 gi\u00e0 aperta da qualche tempo a Porza, nelle vicinanze di Lugano, presso la Fondazione d\u2019Arte Lindenberg, una mostra dedicata a Veronica Branca-Masa,<\/strong> artista di Ranzo, sulle sponde del Verbano a met\u00e0 strada tra Luino e Locarno. L\u2019esposizione, ospitata al Museo Villa Pia, giusto di fianco al palazzo del Comune, rester\u00e0 aperta fino al 10 aprile 2022 ed accoglie una quindicina di sculture, nonch\u00e9 una trentina di disegni, opere calcografiche ed alcune eleganti ardesie.<\/p>\n<p>Nata a Locarno nel 1953, Branca-Masa ha studiato fino a 20 anni alla Scuola Magistrale per poi trasferirsi a Firenze dove si \u00e8 diplomata in pittura all\u2019Accademia di Belle Arti nel 1977. <strong>Attratta dall\u2019America del Sud e dalle civilt\u00e0 precolombiane ha l\u00ec vissuto per diversi anni.<\/strong> Affascinata dalla dimensione del cammino nella natura ha progressivamente spostato il proprio interesse verso la scultura, operando inizialmente sul legno e sulla pietra, da autodidatta. A partire dalla fine degli anni 1980 incontra per la prima volta il marmo di Carrara e se ne innamora, partecipando ai lavori della cosiddetta \u201cScuola di Torano\u201d.<strong> Dopo il sodalizio artistico con lo scultore statunitense Manuel Neri, Branca-Masa ha fondato nel 1995, al crocevia delle cave di marmo di Carrara, lo Studio Artemisia.<\/strong><\/p>\n<p>Nel 1986 ha iniziato l\u2019attivit\u00e0 espositiva con la Galleria Ca\u2019 dal Portic a Locarno, proseguendo lungo una via tutta personale che ha portato l\u2019artista dieci anni fa ad esporre in un\u2019antologica al<strong> Museo Vincenzo Vela di Ligornetto<\/strong>, luogo questo che \u00e8 un punto di arrivo centrale per ogni scultore ticinese che si rispetti. Appare ad ogni modo fondamentale il rapporto dell\u2019artista con la dimensione del proprio percorso interiore, che l\u2019ha indotta ad affrontare anche recentemente il Cammino di Santiago e quello di Francesco d\u2019Assisi.<\/p>\n<p><strong>Le sculture di Branca-Masa non sono figurative n\u00e9 astratte,<\/strong> presentano per\u00f2 un forte richiamo all\u2019archetipo del nido, una sorta di scavo nel marmo dove l\u2019artista cerca la propria dimensione pi\u00f9 intima. Certamente qualcuno deve aver gi\u00e0 notato che l\u2019elemento pi\u00f9 denso nelle opere dell\u2019artista locarnese \u00e8 il vuoto: \u00e8 l\u00ec, nel baricentro dello scavo, il quale presenta una propria geometria non priva di un complessivo squilibrio, l\u00ec forse l\u2019artista vorrebbe collocare se stessa.<br \/>\nUn lavoro che merita di essere visto, prendendosi tutto il tempo di un\u2019osservazione silenziosa.<\/p>\n<p>&nbsp;<\/p>\n<p>Fondazione d\u2019Arte Erich Lindenberg<br \/>\nMuseo Villa Pia<br \/>\nVia Cantonale 24 \u2013 Porza (CH)<br \/>\nFondazionelindenberg.orgVincenzo<br \/>\nOrari: marted\u00ec 10-18 e domenica 14-18<br \/>\nIngresso libero<\/p>\n","protected":false},"excerpt":{"rendered":"<p>Vivente a due passi dal confine di Zenna, l\u2019artista locarnese frequenta la cava toscana di Crestola per scolpire i suoi lavori<\/p>\n","protected":false},"author":36,"featured_media":0,"comment_status":"open","ping_status":"open","sticky":false,"template":"","format":"standard","meta":{"footnotes":""},"categories":[8,18,21],"tags":[158],"acf":[],"yoast_head":"<!-- This site is optimized with the Yoast SEO plugin v20.1 - https:\/\/yoast.com\/wordpress\/plugins\/seo\/ -->\n<title>Veronica Branca-Masa: soprattutto sculture in marmo di Carrara<\/title>\n<meta name=\"description\" content=\"Vivente a due passi dal confine di Zenna, l\u2019artista locarnese frequenta la cava toscana di Crestola per scolpire i suoi lavori\" \/>\n<meta name=\"robots\" content=\"noindex, follow, max-snippet:-1, max-image-preview:large, max-video-preview:-1\" \/>\n<meta property=\"og:locale\" content=\"it_IT\" \/>\n<meta property=\"og:type\" content=\"article\" \/>\n<meta property=\"og:title\" content=\"Veronica Branca-Masa: soprattutto sculture in marmo di Carrara\" \/>\n<meta property=\"og:description\" content=\"Vivente a due passi dal confine di Zenna, l\u2019artista locarnese frequenta la cava toscana di Crestola per scolpire i suoi lavori\" \/>\n<meta property=\"og:url\" content=\"https:\/\/staging.varesenews.it\/2021\/12\/veronica-branca-masa-soprattutto-sculture-marmo-carrara\/1410324\/\" \/>\n<meta property=\"og:site_name\" content=\"VareseNews\" \/>\n<meta property=\"article:publisher\" content=\"https:\/\/www.facebook.com\/varesenews\" \/>\n<meta property=\"article:published_time\" content=\"2021-12-13T15:53:53+00:00\" \/>\n<meta name=\"author\" content=\"Erika La Rosa\" \/>\n<meta name=\"twitter:card\" content=\"summary_large_image\" \/>\n<meta name=\"twitter:creator\" content=\"@twerirosa\" \/>\n<meta name=\"twitter:site\" content=\"@varesenews\" \/>\n<meta name=\"twitter:label1\" content=\"Scritto da\" \/>\n\t<meta name=\"twitter:data1\" content=\"Erika La Rosa\" \/>\n\t<meta name=\"twitter:label2\" content=\"Tempo di lettura stimato\" \/>\n\t<meta name=\"twitter:data2\" content=\"2 minuti\" \/>\n<script type=\"application\/ld+json\" class=\"yoast-schema-graph\">{\"@context\":\"https:\/\/schema.org\",\"@graph\":[{\"@type\":\"WebPage\",\"@id\":\"https:\/\/staging.varesenews.it\/2021\/12\/veronica-branca-masa-soprattutto-sculture-marmo-carrara\/1410324\/\",\"url\":\"https:\/\/staging.varesenews.it\/2021\/12\/veronica-branca-masa-soprattutto-sculture-marmo-carrara\/1410324\/\",\"name\":\"Veronica Branca-Masa: soprattutto sculture in marmo di Carrara\",\"isPartOf\":{\"@id\":\"https:\/\/staging.varesenews.it\/#website\"},\"datePublished\":\"2021-12-13T15:53:53+00:00\",\"dateModified\":\"2021-12-13T15:53:53+00:00\",\"author\":{\"@id\":\"https:\/\/staging.varesenews.it\/#\/schema\/person\/0512a4cda1d8b4f14c19f86d1016dc18\"},\"description\":\"Vivente a due passi dal confine di Zenna, l\u2019artista locarnese frequenta la cava toscana di Crestola per scolpire i suoi lavori\",\"breadcrumb\":{\"@id\":\"https:\/\/staging.varesenews.it\/2021\/12\/veronica-branca-masa-soprattutto-sculture-marmo-carrara\/1410324\/#breadcrumb\"},\"inLanguage\":\"it-IT\",\"potentialAction\":[{\"@type\":\"ReadAction\",\"target\":[\"https:\/\/staging.varesenews.it\/2021\/12\/veronica-branca-masa-soprattutto-sculture-marmo-carrara\/1410324\/\"]}]},{\"@type\":\"BreadcrumbList\",\"@id\":\"https:\/\/staging.varesenews.it\/2021\/12\/veronica-branca-masa-soprattutto-sculture-marmo-carrara\/1410324\/#breadcrumb\",\"itemListElement\":[{\"@type\":\"ListItem\",\"position\":1,\"name\":\"Home\",\"item\":\"https:\/\/www.varesenews.it\/\"},{\"@type\":\"ListItem\",\"position\":2,\"name\":\"Veronica Branca-Masa: soprattutto sculture in marmo di Carrara\"}]},{\"@type\":\"WebSite\",\"@id\":\"https:\/\/staging.varesenews.it\/#website\",\"url\":\"https:\/\/staging.varesenews.it\/\",\"name\":\"VareseNews\",\"description\":\"\",\"potentialAction\":[{\"@type\":\"SearchAction\",\"target\":{\"@type\":\"EntryPoint\",\"urlTemplate\":\"https:\/\/staging.varesenews.it\/?s={search_term_string}\"},\"query-input\":\"required name=search_term_string\"}],\"inLanguage\":\"it-IT\"},{\"@type\":\"Person\",\"@id\":\"https:\/\/staging.varesenews.it\/#\/schema\/person\/0512a4cda1d8b4f14c19f86d1016dc18\",\"name\":\"Erika La Rosa\",\"image\":{\"@type\":\"ImageObject\",\"inLanguage\":\"it-IT\",\"@id\":\"https:\/\/staging.varesenews.it\/#\/schema\/person\/image\/\",\"url\":\"https:\/\/staging.varesenews.it\/wp-content\/uploads\/2020\/12\/erika_larosa_colori_500.jpg\",\"contentUrl\":\"https:\/\/staging.varesenews.it\/wp-content\/uploads\/2020\/12\/erika_larosa_colori_500.jpg\",\"caption\":\"Erika La Rosa\"},\"description\":\"Giornalista pubblicista, collaboro con VareseNews dal lontano 1997 quando la redazione piccolissima ma l&rsquo;entusiasmo era tanto e la sfida titanica. Da allora siamo cresciuti, la redazione &egrave; diventata pi&ugrave; grande ma l&rsquo;entusiasmo &egrave; rimato lo stesso. Mi piace guardare il mondo attraverso gli occhi degli artisti, per questo scrivo, leggo e mi nutro di arte seguendo per il giornale le pagine dedicate alle mostre e agli artisti. Ho collaborato con diversi Musei e Istituzioni culturali italiane e svizzere. Da oltre dieci anni mi occupo di strategie e comunicazione sui social media di enti pubblici e privati. Vivo il presente e non dimentico mai che quando c&rsquo;&egrave; una meta, anche il deserto diventa una strada.\",\"sameAs\":[\"https:\/\/www.linkedin.com\/profile\/view?id=93070756&trk=nav_responsive_tab_profile_pic\",\"https:\/\/twitter.com\/twerirosa\"],\"url\":\"https:\/\/staging.varesenews.it\/persona\/erika_larosa\/\"}]}<\/script>\n<!-- \/ Yoast SEO plugin. -->","yoast_head_json":{"title":"Veronica Branca-Masa: soprattutto sculture in marmo di Carrara","description":"Vivente a due passi dal confine di Zenna, l\u2019artista locarnese frequenta la cava toscana di Crestola per scolpire i suoi lavori","robots":{"index":"noindex","follow":"follow","max-snippet":"max-snippet:-1","max-image-preview":"max-image-preview:large","max-video-preview":"max-video-preview:-1"},"og_locale":"it_IT","og_type":"article","og_title":"Veronica Branca-Masa: soprattutto sculture in marmo di Carrara","og_description":"Vivente a due passi dal confine di Zenna, l\u2019artista locarnese frequenta la cava toscana di Crestola per scolpire i suoi lavori","og_url":"https:\/\/staging.varesenews.it\/2021\/12\/veronica-branca-masa-soprattutto-sculture-marmo-carrara\/1410324\/","og_site_name":"VareseNews","article_publisher":"https:\/\/www.facebook.com\/varesenews","article_published_time":"2021-12-13T15:53:53+00:00","author":"Erika La Rosa","twitter_card":"summary_large_image","twitter_creator":"@twerirosa","twitter_site":"@varesenews","twitter_misc":{"Scritto da":"Erika La Rosa","Tempo di lettura stimato":"2 minuti"},"schema":{"@context":"https:\/\/schema.org","@graph":[{"@type":"WebPage","@id":"https:\/\/staging.varesenews.it\/2021\/12\/veronica-branca-masa-soprattutto-sculture-marmo-carrara\/1410324\/","url":"https:\/\/staging.varesenews.it\/2021\/12\/veronica-branca-masa-soprattutto-sculture-marmo-carrara\/1410324\/","name":"Veronica Branca-Masa: soprattutto sculture in marmo di Carrara","isPartOf":{"@id":"https:\/\/staging.varesenews.it\/#website"},"datePublished":"2021-12-13T15:53:53+00:00","dateModified":"2021-12-13T15:53:53+00:00","author":{"@id":"https:\/\/staging.varesenews.it\/#\/schema\/person\/0512a4cda1d8b4f14c19f86d1016dc18"},"description":"Vivente a due passi dal confine di Zenna, l\u2019artista locarnese frequenta la cava toscana di Crestola per scolpire i suoi lavori","breadcrumb":{"@id":"https:\/\/staging.varesenews.it\/2021\/12\/veronica-branca-masa-soprattutto-sculture-marmo-carrara\/1410324\/#breadcrumb"},"inLanguage":"it-IT","potentialAction":[{"@type":"ReadAction","target":["https:\/\/staging.varesenews.it\/2021\/12\/veronica-branca-masa-soprattutto-sculture-marmo-carrara\/1410324\/"]}]},{"@type":"BreadcrumbList","@id":"https:\/\/staging.varesenews.it\/2021\/12\/veronica-branca-masa-soprattutto-sculture-marmo-carrara\/1410324\/#breadcrumb","itemListElement":[{"@type":"ListItem","position":1,"name":"Home","item":"https:\/\/www.varesenews.it\/"},{"@type":"ListItem","position":2,"name":"Veronica Branca-Masa: soprattutto sculture in marmo di Carrara"}]},{"@type":"WebSite","@id":"https:\/\/staging.varesenews.it\/#website","url":"https:\/\/staging.varesenews.it\/","name":"VareseNews","description":"","potentialAction":[{"@type":"SearchAction","target":{"@type":"EntryPoint","urlTemplate":"https:\/\/staging.varesenews.it\/?s={search_term_string}"},"query-input":"required name=search_term_string"}],"inLanguage":"it-IT"},{"@type":"Person","@id":"https:\/\/staging.varesenews.it\/#\/schema\/person\/0512a4cda1d8b4f14c19f86d1016dc18","name":"Erika La Rosa","image":{"@type":"ImageObject","inLanguage":"it-IT","@id":"https:\/\/staging.varesenews.it\/#\/schema\/person\/image\/","url":"https:\/\/staging.varesenews.it\/wp-content\/uploads\/2020\/12\/erika_larosa_colori_500.jpg","contentUrl":"https:\/\/staging.varesenews.it\/wp-content\/uploads\/2020\/12\/erika_larosa_colori_500.jpg","caption":"Erika La Rosa"},"description":"Giornalista pubblicista, collaboro con VareseNews dal lontano 1997 quando la redazione piccolissima ma l&rsquo;entusiasmo era tanto e la sfida titanica. Da allora siamo cresciuti, la redazione &egrave; diventata pi&ugrave; grande ma l&rsquo;entusiasmo &egrave; rimato lo stesso. Mi piace guardare il mondo attraverso gli occhi degli artisti, per questo scrivo, leggo e mi nutro di arte seguendo per il giornale le pagine dedicate alle mostre e agli artisti. Ho collaborato con diversi Musei e Istituzioni culturali italiane e svizzere. Da oltre dieci anni mi occupo di strategie e comunicazione sui social media di enti pubblici e privati. Vivo il presente e non dimentico mai che quando c&rsquo;&egrave; una meta, anche il deserto diventa una strada.","sameAs":["https:\/\/www.linkedin.com\/profile\/view?id=93070756&trk=nav_responsive_tab_profile_pic","https:\/\/twitter.com\/twerirosa"],"url":"https:\/\/staging.varesenews.it\/persona\/erika_larosa\/"}]}},"post_meta":{"_edit_lock":"1639410716:36","_edit_last":"36","_category_permalink":"a:1:{s:8:\"category\";s:0:\"\";}","_encloseme":"1","ratings_users":"0","ratings_score":"0","ratings_average":"0","foto":"1268901","firma-personalizzata":"Antonio di Biase","argomento":"Porza CH","_yoast_wpseo_content_score":"30","_jd_tweet_this":"yes","_wpt_short_url":"https:\/\/www.varesenews.it\/2021\/12\/veronica-branca-masa-soprattutto-sculture-marmo-carrara\/1410324\/","_wp_jd_target":"https:\/\/www.varesenews.it\/2021\/12\/veronica-branca-masa-soprattutto-sculture-marmo-carrara\/1410324\/","_jd_wp_twitter":"a:1:{i:0;s:170:\"Veronica Branca-Masa: soprattutto sculture in marmo di Carrara https:\/\/www.varesenews.it\/2021\/12\/veronica-branca-masa-soprattutto-sculture-marmo-carrara\/1410324\/ #weekend\";}","_wpt_status_message":"Tweet inviato con successo."},"photos":[{"original":"https:\/\/staging.varesenews.it\/photogallery_new\/images\/2021\/12\/arte-mostre-1268901.jpg","full":"https:\/\/staging.varesenews.it\/photogallery_new\/images\/2021\/12\/arte-mostre-1268901.1024x768.jpg","large":"https:\/\/staging.varesenews.it\/photogallery_new\/images\/2021\/12\/arte-mostre-1268901.610x431.jpg"}],"_links":{"self":[{"href":"https:\/\/staging.varesenews.it\/swgapi\/v1\/wp\/v2\/posts\/1410324"}],"collection":[{"href":"https:\/\/staging.varesenews.it\/swgapi\/v1\/wp\/v2\/posts"}],"about":[{"href":"https:\/\/staging.varesenews.it\/swgapi\/v1\/wp\/v2\/types\/post"}],"author":[{"embeddable":true,"href":"https:\/\/staging.varesenews.it\/swgapi\/v1\/wp\/v2\/users\/36"}],"replies":[{"embeddable":true,"href":"https:\/\/staging.varesenews.it\/swgapi\/v1\/wp\/v2\/comments?post=1410324"}],"version-history":[{"count":0,"href":"https:\/\/staging.varesenews.it\/swgapi\/v1\/wp\/v2\/posts\/1410324\/revisions"}],"wp:attachment":[{"href":"https:\/\/staging.varesenews.it\/swgapi\/v1\/wp\/v2\/media?parent=1410324"}],"wp:term":[{"taxonomy":"category","embeddable":true,"href":"https:\/\/staging.varesenews.it\/swgapi\/v1\/wp\/v2\/categories?post=1410324"},{"taxonomy":"post_tag","embeddable":true,"href":"https:\/\/staging.varesenews.it\/swgapi\/v1\/wp\/v2\/tags?post=1410324"}],"curies":[{"name":"wp","href":"https:\/\/api.w.org\/{rel}","templated":true}]}}