{"id":1410898,"date":"2021-12-15T11:51:03","date_gmt":"2021-12-15T10:51:03","guid":{"rendered":"https:\/\/www.varesenews.it\/?p=1410898"},"modified":"2021-12-15T11:55:51","modified_gmt":"2021-12-15T10:55:51","slug":"sos-malnate-cerca-giovani-servizio-civile","status":"publish","type":"post","link":"https:\/\/staging.varesenews.it\/2021\/12\/sos-malnate-cerca-giovani-servizio-civile\/1410898\/","title":{"rendered":"Sos Malnate cerca giovani per il servizio civile"},"content":{"rendered":"<p>E\u2019 possibile aderire\u00a0entro mercoled\u00ec 26 gennaio\u00a0al progetto di \u00a0servizio civile presso Sos Malnate.\u00a0Tutta la fase di adesione al progetto \u00e8 on line tramite accesso con SPID (<a href=\"https:\/\/www.spid.gov.it\/cos-e-spid\/come-attivare-spid\/\">https:\/\/www.spid.gov.it\/cos-e-spid\/come-attivare-spid\/\u00a0<\/a>) sul sito predisposto dal Ministero (<a href=\"https:\/\/domandaonline.serviziocivile.it\">https:\/\/domandaonline.serviziocivile.it<\/a>)<\/p>\n<p>\u00abPartecipa al servizio civile, sar\u00e0 un anno che ti cambier\u00e0 la vita. Ti dar\u00e0 l\u2019opportunit\u00e0 di aiutare gli altri ma anche s\u00e9 stessi. Per molti \u00e8 il primo modo per entrare in contatto con il mondo lavorativo e per effettuare un\u2019esperienza da evidenziare sul proprio curriculum vitae\u00bb.<\/p>\n<p><strong>SERVIZIO CIVILE PRESSO SOS MALNATE IN SINTESI<\/strong><\/p>\n<p>Monte-ore: 25 ore settimanali per 12 mesi.<br \/>\nEt\u00e0: tra i 18 e i 28 e 364 giorni.<br \/>\nScadenza presentazione domande:\u00a0entro e non oltre le ore 14 di mercoled\u00ec 26 gennaio 2022<br \/>\nIl servizio civile in SOS prevede diverse attivit\u00e0: corsi di formazione, inserimento negli equipaggi come soccorritori, accompagnamento disabili, centralino.<\/p>\n<p>I vantaggi:<\/p>\n<p>Sociale: per un anno i volontari saranno di aiuto agli altri, un aiuto diretto e concreto<br \/>\nFormativo: un anno di formazione attiva<br \/>\nEconomico: 444,30 \u20ac al mese<\/p>\n","protected":false},"excerpt":{"rendered":"<p>Per ragazzi dai 18 ai 28 anni, le domande andranno presentate entro il 26 gennaio 2022<\/p>\n","protected":false},"author":37,"featured_media":0,"comment_status":"open","ping_status":"open","sticky":false,"template":"","format":"standard","meta":{"footnotes":""},"categories":[2],"tags":[8081,2982],"acf":[],"yoast_head":"<!-- This site is optimized with the Yoast SEO plugin v20.1 - https:\/\/yoast.com\/wordpress\/plugins\/seo\/ -->\n<title>Sos Malnate cerca giovani per il servizio civile<\/title>\n<meta name=\"description\" content=\"Per ragazzi dai 18 ai 28 anni, le domande andranno presentate entro il 26 gennaio 2022\" \/>\n<meta name=\"robots\" content=\"noindex, follow, max-snippet:-1, max-image-preview:large, max-video-preview:-1\" \/>\n<meta property=\"og:locale\" content=\"it_IT\" \/>\n<meta property=\"og:type\" content=\"article\" \/>\n<meta property=\"og:title\" content=\"Sos Malnate cerca giovani per il servizio civile\" \/>\n<meta property=\"og:description\" content=\"Per ragazzi dai 18 ai 28 anni, le domande andranno presentate entro il 26 gennaio 2022\" \/>\n<meta property=\"og:url\" content=\"https:\/\/staging.varesenews.it\/2021\/12\/sos-malnate-cerca-giovani-servizio-civile\/1410898\/\" \/>\n<meta property=\"og:site_name\" content=\"VareseNews\" \/>\n<meta property=\"article:publisher\" content=\"https:\/\/www.facebook.com\/varesenews\" \/>\n<meta property=\"article:published_time\" content=\"2021-12-15T10:51:03+00:00\" \/>\n<meta property=\"article:modified_time\" content=\"2021-12-15T10:55:51+00:00\" \/>\n<meta name=\"author\" content=\"Francesco Mazzoleni\" \/>\n<meta name=\"twitter:card\" content=\"summary_large_image\" \/>\n<meta name=\"twitter:creator\" content=\"@fmazzof\" \/>\n<meta name=\"twitter:site\" content=\"@varesenews\" \/>\n<meta name=\"twitter:label1\" content=\"Scritto da\" \/>\n\t<meta name=\"twitter:data1\" content=\"Francesco Mazzoleni\" \/>\n\t<meta name=\"twitter:label2\" content=\"Tempo di lettura stimato\" \/>\n\t<meta name=\"twitter:data2\" content=\"1 minuto\" \/>\n<script type=\"application\/ld+json\" class=\"yoast-schema-graph\">{\"@context\":\"https:\/\/schema.org\",\"@graph\":[{\"@type\":\"WebPage\",\"@id\":\"https:\/\/staging.varesenews.it\/2021\/12\/sos-malnate-cerca-giovani-servizio-civile\/1410898\/\",\"url\":\"https:\/\/staging.varesenews.it\/2021\/12\/sos-malnate-cerca-giovani-servizio-civile\/1410898\/\",\"name\":\"Sos Malnate cerca giovani per il servizio civile\",\"isPartOf\":{\"@id\":\"https:\/\/staging.varesenews.it\/#website\"},\"datePublished\":\"2021-12-15T10:51:03+00:00\",\"dateModified\":\"2021-12-15T10:55:51+00:00\",\"author\":{\"@id\":\"https:\/\/staging.varesenews.it\/#\/schema\/person\/e82236e79160d30d4e1f942004ac3038\"},\"description\":\"Per ragazzi dai 18 ai 28 anni, le domande andranno presentate entro il 26 gennaio 2022\",\"breadcrumb\":{\"@id\":\"https:\/\/staging.varesenews.it\/2021\/12\/sos-malnate-cerca-giovani-servizio-civile\/1410898\/#breadcrumb\"},\"inLanguage\":\"it-IT\",\"potentialAction\":[{\"@type\":\"ReadAction\",\"target\":[\"https:\/\/staging.varesenews.it\/2021\/12\/sos-malnate-cerca-giovani-servizio-civile\/1410898\/\"]}]},{\"@type\":\"BreadcrumbList\",\"@id\":\"https:\/\/staging.varesenews.it\/2021\/12\/sos-malnate-cerca-giovani-servizio-civile\/1410898\/#breadcrumb\",\"itemListElement\":[{\"@type\":\"ListItem\",\"position\":1,\"name\":\"Home\",\"item\":\"https:\/\/www.varesenews.it\/\"},{\"@type\":\"ListItem\",\"position\":2,\"name\":\"Sos Malnate cerca giovani per il servizio civile\"}]},{\"@type\":\"WebSite\",\"@id\":\"https:\/\/staging.varesenews.it\/#website\",\"url\":\"https:\/\/staging.varesenews.it\/\",\"name\":\"VareseNews\",\"description\":\"\",\"potentialAction\":[{\"@type\":\"SearchAction\",\"target\":{\"@type\":\"EntryPoint\",\"urlTemplate\":\"https:\/\/staging.varesenews.it\/?s={search_term_string}\"},\"query-input\":\"required name=search_term_string\"}],\"inLanguage\":\"it-IT\"},{\"@type\":\"Person\",\"@id\":\"https:\/\/staging.varesenews.it\/#\/schema\/person\/e82236e79160d30d4e1f942004ac3038\",\"name\":\"Francesco Mazzoleni\",\"image\":{\"@type\":\"ImageObject\",\"inLanguage\":\"it-IT\",\"@id\":\"https:\/\/staging.varesenews.it\/#\/schema\/person\/image\/\",\"url\":\"https:\/\/staging.varesenews.it\/wp-content\/uploads\/2020\/12\/francesco_mazzoleni_colori_500-1.jpg\",\"contentUrl\":\"https:\/\/staging.varesenews.it\/wp-content\/uploads\/2020\/12\/francesco_mazzoleni_colori_500-1.jpg\",\"caption\":\"Francesco Mazzoleni\"},\"description\":\"\\\"Uomo di campo\\\" della redazione sportiva. Nutro una vera passione per il calcio, che sia ad alti livelli, sui campi di provincia o in altri continenti. Sono nato a Varese nel 1984, vivo da sempre a Malnate e ho una laurea in Scienze Motorie. Ho mosso i primi passi a VareseNews da stagista nel 2002; nel 2008 ho iniziato a collaborare con maggiore continuit\u00e0 e dal 2018 sono giornalista professionista. Orgoglioso pap\u00e0 di Federico e Adelaide.\",\"sameAs\":[\"fmazzof\",\"it.linkedin.com\/in\/francescomazzolenif\",\"https:\/\/twitter.com\/fmazzof\"],\"url\":\"https:\/\/staging.varesenews.it\/persona\/francesco_mazzoleniferracini\/\"}]}<\/script>\n<!-- \/ Yoast SEO plugin. -->","yoast_head_json":{"title":"Sos Malnate cerca giovani per il servizio civile","description":"Per ragazzi dai 18 ai 28 anni, le domande andranno presentate entro il 26 gennaio 2022","robots":{"index":"noindex","follow":"follow","max-snippet":"max-snippet:-1","max-image-preview":"max-image-preview:large","max-video-preview":"max-video-preview:-1"},"og_locale":"it_IT","og_type":"article","og_title":"Sos Malnate cerca giovani per il servizio civile","og_description":"Per ragazzi dai 18 ai 28 anni, le domande andranno presentate entro il 26 gennaio 2022","og_url":"https:\/\/staging.varesenews.it\/2021\/12\/sos-malnate-cerca-giovani-servizio-civile\/1410898\/","og_site_name":"VareseNews","article_publisher":"https:\/\/www.facebook.com\/varesenews","article_published_time":"2021-12-15T10:51:03+00:00","article_modified_time":"2021-12-15T10:55:51+00:00","author":"Francesco Mazzoleni","twitter_card":"summary_large_image","twitter_creator":"@fmazzof","twitter_site":"@varesenews","twitter_misc":{"Scritto da":"Francesco Mazzoleni","Tempo di lettura stimato":"1 minuto"},"schema":{"@context":"https:\/\/schema.org","@graph":[{"@type":"WebPage","@id":"https:\/\/staging.varesenews.it\/2021\/12\/sos-malnate-cerca-giovani-servizio-civile\/1410898\/","url":"https:\/\/staging.varesenews.it\/2021\/12\/sos-malnate-cerca-giovani-servizio-civile\/1410898\/","name":"Sos Malnate cerca giovani per il servizio civile","isPartOf":{"@id":"https:\/\/staging.varesenews.it\/#website"},"datePublished":"2021-12-15T10:51:03+00:00","dateModified":"2021-12-15T10:55:51+00:00","author":{"@id":"https:\/\/staging.varesenews.it\/#\/schema\/person\/e82236e79160d30d4e1f942004ac3038"},"description":"Per ragazzi dai 18 ai 28 anni, le domande andranno presentate entro il 26 gennaio 2022","breadcrumb":{"@id":"https:\/\/staging.varesenews.it\/2021\/12\/sos-malnate-cerca-giovani-servizio-civile\/1410898\/#breadcrumb"},"inLanguage":"it-IT","potentialAction":[{"@type":"ReadAction","target":["https:\/\/staging.varesenews.it\/2021\/12\/sos-malnate-cerca-giovani-servizio-civile\/1410898\/"]}]},{"@type":"BreadcrumbList","@id":"https:\/\/staging.varesenews.it\/2021\/12\/sos-malnate-cerca-giovani-servizio-civile\/1410898\/#breadcrumb","itemListElement":[{"@type":"ListItem","position":1,"name":"Home","item":"https:\/\/www.varesenews.it\/"},{"@type":"ListItem","position":2,"name":"Sos Malnate cerca giovani per il servizio civile"}]},{"@type":"WebSite","@id":"https:\/\/staging.varesenews.it\/#website","url":"https:\/\/staging.varesenews.it\/","name":"VareseNews","description":"","potentialAction":[{"@type":"SearchAction","target":{"@type":"EntryPoint","urlTemplate":"https:\/\/staging.varesenews.it\/?s={search_term_string}"},"query-input":"required name=search_term_string"}],"inLanguage":"it-IT"},{"@type":"Person","@id":"https:\/\/staging.varesenews.it\/#\/schema\/person\/e82236e79160d30d4e1f942004ac3038","name":"Francesco Mazzoleni","image":{"@type":"ImageObject","inLanguage":"it-IT","@id":"https:\/\/staging.varesenews.it\/#\/schema\/person\/image\/","url":"https:\/\/staging.varesenews.it\/wp-content\/uploads\/2020\/12\/francesco_mazzoleni_colori_500-1.jpg","contentUrl":"https:\/\/staging.varesenews.it\/wp-content\/uploads\/2020\/12\/francesco_mazzoleni_colori_500-1.jpg","caption":"Francesco Mazzoleni"},"description":"\"Uomo di campo\" della redazione sportiva. Nutro una vera passione per il calcio, che sia ad alti livelli, sui campi di provincia o in altri continenti. Sono nato a Varese nel 1984, vivo da sempre a Malnate e ho una laurea in Scienze Motorie. Ho mosso i primi passi a VareseNews da stagista nel 2002; nel 2008 ho iniziato a collaborare con maggiore continuit\u00e0 e dal 2018 sono giornalista professionista. Orgoglioso pap\u00e0 di Federico e Adelaide.","sameAs":["fmazzof","it.linkedin.com\/in\/francescomazzolenif","https:\/\/twitter.com\/fmazzof"],"url":"https:\/\/staging.varesenews.it\/persona\/francesco_mazzoleniferracini\/"}]}},"post_meta":{"_edit_lock":"1639585746:37","_edit_last":"37","_category_permalink":"a:1:{s:8:\"category\";s:1:\"2\";}","_encloseme":"1","ratings_users":"0","ratings_score":"0","ratings_average":"0","foto":"1250722","argomento":"Malnate","_yoast_wpseo_content_score":"30","_jd_tweet_this":"yes","_wpt_short_url":"https:\/\/www.varesenews.it\/2021\/12\/sos-malnate-cerca-giovani-servizio-civile\/1410898\/","_wp_jd_target":"https:\/\/www.varesenews.it\/2021\/12\/sos-malnate-cerca-giovani-servizio-civile\/1410898\/","_jd_wp_twitter":"a:1:{i:0;s:161:\"Sos Malnate cerca giovani per il servizio civile https:\/\/www.varesenews.it\/2021\/12\/sos-malnate-cerca-giovani-servizio-civile\/1410898\/ #serviziocivile #sosmalnate\";}","_wpt_status_message":"Tweet inviato con successo.","_oembed_35f1f96efb264ff15616894dce5d5ae1":"<blockquote class=\"wp-embedded-content\" data-secret=\"9MpxlFUI9o\"><a href=\"https:\/\/www.varesenews.it\/2021\/12\/eventi-bambini-nel-weekend-dal-10-al-12-dicembre-varese-provincia\/1409383\/\">Eventi per bambini nel weekend dal 10 al 12 dicembre tra Varese e provincia<\/a><\/blockquote><iframe class=\"wp-embedded-content\" sandbox=\"allow-scripts\" security=\"restricted\" style=\"position: absolute; clip: rect(1px, 1px, 1px, 1px);\" src=\"https:\/\/www.varesenews.it\/2021\/12\/eventi-bambini-nel-weekend-dal-10-al-12-dicembre-varese-provincia\/1409383\/embed\/#?secret=9MpxlFUI9o\" data-secret=\"9MpxlFUI9o\" width=\"500\" height=\"282\" title=\"&#8220;Eventi per bambini nel weekend dal 10 al 12 dicembre tra Varese e provincia&#8221; &#8212; VareseNews\" frameborder=\"0\" marginwidth=\"0\" marginheight=\"0\" scrolling=\"no\"><\/iframe>","_oembed_time_35f1f96efb264ff15616894dce5d5ae1":"1639565522","_oembed_1eb09d4f43f0673647feeab27ddc8807":"<blockquote class=\"wp-embedded-content\" data-secret=\"u3EmBBBu04\"><a href=\"https:\/\/www.varesenews.it\/2016\/07\/premio-chiara-alla-carriera-a-lina-wertmuller\/539035\/\">Premio Chiara alla Carriera a Lina Wertm\u00fcller<\/a><\/blockquote><iframe class=\"wp-embedded-content\" sandbox=\"allow-scripts\" security=\"restricted\" style=\"position: absolute; clip: rect(1px, 1px, 1px, 1px);\" src=\"https:\/\/www.varesenews.it\/2016\/07\/premio-chiara-alla-carriera-a-lina-wertmuller\/539035\/embed\/#?secret=u3EmBBBu04\" data-secret=\"u3EmBBBu04\" width=\"500\" height=\"282\" title=\"&#8220;Premio Chiara alla Carriera a Lina Wertm\u00fcller&#8221; &#8212; VareseNews\" frameborder=\"0\" marginwidth=\"0\" marginheight=\"0\" scrolling=\"no\"><\/iframe>","_oembed_time_1eb09d4f43f0673647feeab27ddc8807":"1639565523","_oembed_4c3314c5616f234f23c98586e9960ab3":"<blockquote class=\"wp-embedded-content\" data-secret=\"o62T2YTrnF\"><a href=\"https:\/\/www.varesenews.it\/2021\/12\/tampone-vaccinati-arrivano-italia-quarantena-tutti-gli-altri\/1410764\/\">Tampone per i vaccinati che arrivano in Italia, quarantena per tutti gli altri<\/a><\/blockquote><iframe class=\"wp-embedded-content\" sandbox=\"allow-scripts\" security=\"restricted\" style=\"position: absolute; clip: rect(1px, 1px, 1px, 1px);\" src=\"https:\/\/www.varesenews.it\/2021\/12\/tampone-vaccinati-arrivano-italia-quarantena-tutti-gli-altri\/1410764\/embed\/#?secret=o62T2YTrnF\" data-secret=\"o62T2YTrnF\" width=\"500\" height=\"282\" title=\"&#8220;Tampone per i vaccinati che arrivano in Italia, quarantena per tutti gli altri&#8221; &#8212; VareseNews\" frameborder=\"0\" marginwidth=\"0\" marginheight=\"0\" scrolling=\"no\"><\/iframe>","_oembed_time_4c3314c5616f234f23c98586e9960ab3":"1639565577","_oembed_0f748f2a09f5ff356ddd44d177c7e28e":"<blockquote class=\"wp-embedded-content\" data-secret=\"BgKA4UPBR5\"><a href=\"https:\/\/www.varesenews.it\/2021\/12\/sciopero-martedi-14-dicembre-trenord-muoversi-verificare-treni-garantiti\/1410407\/\">Sciopero di marted\u00ec 14 dicembre, Trenord: &#8220;Prima di muoversi verificare i treni garantiti&#8221;<\/a><\/blockquote><iframe class=\"wp-embedded-content\" sandbox=\"allow-scripts\" security=\"restricted\" style=\"position: absolute; clip: rect(1px, 1px, 1px, 1px);\" src=\"https:\/\/www.varesenews.it\/2021\/12\/sciopero-martedi-14-dicembre-trenord-muoversi-verificare-treni-garantiti\/1410407\/embed\/#?secret=BgKA4UPBR5\" data-secret=\"BgKA4UPBR5\" width=\"500\" height=\"282\" title=\"&#8220;Sciopero di marted\u00ec 14 dicembre, Trenord: &#8220;Prima di muoversi verificare i treni garantiti&#8221;&#8221; &#8212; VareseNews\" frameborder=\"0\" marginwidth=\"0\" marginheight=\"0\" scrolling=\"no\"><\/iframe>","_oembed_time_0f748f2a09f5ff356ddd44d177c7e28e":"1639565577","_oembed_586cdbc53df79cc39f75c3385c0d79fd":"<blockquote class=\"wp-embedded-content\" data-secret=\"mHuUgafRUP\"><a href=\"https:\/\/www.varesenews.it\/2021\/12\/castelseprio-batteva-moneta-ai-tempi-dei-longobardi\/1408862\/\">Quando Castelseprio batteva moneta, ai tempi dei longobardi<\/a><\/blockquote><iframe class=\"wp-embedded-content\" sandbox=\"allow-scripts\" security=\"restricted\" style=\"position: absolute; clip: rect(1px, 1px, 1px, 1px);\" src=\"https:\/\/www.varesenews.it\/2021\/12\/castelseprio-batteva-moneta-ai-tempi-dei-longobardi\/1408862\/embed\/#?secret=mHuUgafRUP\" data-secret=\"mHuUgafRUP\" width=\"500\" height=\"282\" title=\"&#8220;Quando Castelseprio batteva moneta, ai tempi dei longobardi&#8221; &#8212; VareseNews\" frameborder=\"0\" marginwidth=\"0\" marginheight=\"0\" scrolling=\"no\"><\/iframe>","_oembed_time_586cdbc53df79cc39f75c3385c0d79fd":"1639565593","_oembed_9376f79d89994116bfcac2adb6aaa91d":"<blockquote class=\"wp-embedded-content\" data-secret=\"ERBj7yKSHC\"><a href=\"https:\/\/www.varesenews.it\/2021\/06\/figli-anche-dei-longobardi\/1354685\/\">Siamo figli anche dei Longobardi<\/a><\/blockquote><iframe class=\"wp-embedded-content\" sandbox=\"allow-scripts\" security=\"restricted\" style=\"position: absolute; clip: rect(1px, 1px, 1px, 1px);\" src=\"https:\/\/www.varesenews.it\/2021\/06\/figli-anche-dei-longobardi\/1354685\/embed\/#?secret=ERBj7yKSHC\" data-secret=\"ERBj7yKSHC\" width=\"500\" height=\"282\" title=\"&#8220;Siamo figli anche dei Longobardi&#8221; &#8212; VareseNews\" frameborder=\"0\" marginwidth=\"0\" marginheight=\"0\" scrolling=\"no\"><\/iframe>","_oembed_time_9376f79d89994116bfcac2adb6aaa91d":"1639565593","_oembed_d8646fb9f4eb38a3a054476b7290f556":"<blockquote class=\"wp-embedded-content\" data-secret=\"pwe1JpRMvH\"><a href=\"https:\/\/www.varesenews.it\/2021\/11\/riqualifica-fattorie-visconti-piu-facile-somma-accenda-un-mutuo-rispetto-spes\/1404520\/\">Recupero Fattorie Visconti: &#8220;Pi\u00f9 facile che Somma accenda un mutuo rispetto a Spes&#8221;<\/a><\/blockquote><iframe class=\"wp-embedded-content\" sandbox=\"allow-scripts\" security=\"restricted\" style=\"position: absolute; clip: rect(1px, 1px, 1px, 1px);\" src=\"https:\/\/www.varesenews.it\/2021\/11\/riqualifica-fattorie-visconti-piu-facile-somma-accenda-un-mutuo-rispetto-spes\/1404520\/embed\/#?secret=pwe1JpRMvH\" data-secret=\"pwe1JpRMvH\" width=\"500\" height=\"282\" title=\"&#8220;Recupero Fattorie Visconti: &#8220;Pi\u00f9 facile che Somma accenda un mutuo rispetto a Spes&#8221;&#8221; &#8212; VareseNews\" frameborder=\"0\" marginwidth=\"0\" marginheight=\"0\" scrolling=\"no\"><\/iframe>","_oembed_time_d8646fb9f4eb38a3a054476b7290f556":"1639565593","_oembed_811395c973778bade257271b139cd0fa":"<blockquote class=\"wp-embedded-content\" data-secret=\"lU36SwjZ22\"><a href=\"https:\/\/www.varesenews.it\/photogallery\/contest-lucine-natale-2021-tutte-le-foto\/\">Contest Lucine di Natale 2021, tutte le foto 1<\/a><\/blockquote><iframe class=\"wp-embedded-content\" sandbox=\"allow-scripts\" security=\"restricted\" style=\"position: absolute; clip: rect(1px, 1px, 1px, 1px);\" src=\"https:\/\/www.varesenews.it\/photogallery\/contest-lucine-natale-2021-tutte-le-foto\/embed\/#?secret=lU36SwjZ22\" data-secret=\"lU36SwjZ22\" width=\"500\" height=\"282\" title=\"&#8220;Contest Lucine di Natale 2021, tutte le foto 1&#8221; &#8212; VareseNews\" frameborder=\"0\" marginwidth=\"0\" marginheight=\"0\" scrolling=\"no\"><\/iframe>","_oembed_time_811395c973778bade257271b139cd0fa":"1639565593","_oembed_c4cf219586a1788daa8f2945cff5a85b":"<blockquote class=\"wp-embedded-content\" data-secret=\"30iT0PQWA4\"><a href=\"https:\/\/www.varesenews.it\/photogallery\/contest-lucine-natale-2021-tutte-le-foto-2\/\">Contest Lucine di Natale 2021, tutte le foto 2<\/a><\/blockquote><iframe class=\"wp-embedded-content\" sandbox=\"allow-scripts\" security=\"restricted\" style=\"position: absolute; clip: rect(1px, 1px, 1px, 1px);\" src=\"https:\/\/www.varesenews.it\/photogallery\/contest-lucine-natale-2021-tutte-le-foto-2\/embed\/#?secret=30iT0PQWA4\" data-secret=\"30iT0PQWA4\" width=\"500\" height=\"282\" title=\"&#8220;Contest Lucine di Natale 2021, tutte le foto 2&#8221; &#8212; VareseNews\" frameborder=\"0\" marginwidth=\"0\" marginheight=\"0\" scrolling=\"no\"><\/iframe>","_oembed_time_c4cf219586a1788daa8f2945cff5a85b":"1639565593","_oembed_4a99bfebd87b781b57dc677741876575":"<blockquote class=\"wp-embedded-content\" data-secret=\"FHeocLUwhy\"><a href=\"https:\/\/www.varesenews.it\/2021\/12\/invia-le-foto-delle-tue-luci-natale-vinci-biglietti-laveno\/1410221\/\">Invia le foto delle tue luci di Natale. Vinci i biglietti per Laveno<\/a><\/blockquote><iframe class=\"wp-embedded-content\" sandbox=\"allow-scripts\" security=\"restricted\" style=\"position: absolute; clip: rect(1px, 1px, 1px, 1px);\" src=\"https:\/\/www.varesenews.it\/2021\/12\/invia-le-foto-delle-tue-luci-natale-vinci-biglietti-laveno\/1410221\/embed\/#?secret=FHeocLUwhy\" data-secret=\"FHeocLUwhy\" width=\"500\" height=\"282\" title=\"&#8220;Invia le foto delle tue luci di Natale. Vinci i biglietti per Laveno&#8221; &#8212; VareseNews\" frameborder=\"0\" marginwidth=\"0\" marginheight=\"0\" scrolling=\"no\"><\/iframe>","_oembed_time_4a99bfebd87b781b57dc677741876575":"1639565593","_oembed_88858f1fa2878a2ca65fb47f545d7046":"{{unknown}}","_oembed_bf184a34288f8d172d2499e79fadc82a":"<blockquote class=\"wp-embedded-content\" data-secret=\"KlbJhNPnGi\"><a href=\"https:\/\/www.varesenews.it\/2021\/12\/vito-michele-due-amici-sognavano-limpresa-lhanno-fatta\/1408545\/\">Vito e Michele, due amici che sognavano l&#8217;impresa (e l&#8217;hanno fatta)<\/a><\/blockquote><iframe class=\"wp-embedded-content\" sandbox=\"allow-scripts\" security=\"restricted\" style=\"position: absolute; clip: rect(1px, 1px, 1px, 1px);\" src=\"https:\/\/www.varesenews.it\/2021\/12\/vito-michele-due-amici-sognavano-limpresa-lhanno-fatta\/1408545\/embed\/#?secret=KlbJhNPnGi\" data-secret=\"KlbJhNPnGi\" width=\"500\" height=\"282\" title=\"&#8220;Vito e Michele, due amici che sognavano l&#8217;impresa (e l&#8217;hanno fatta)&#8221; &#8212; VareseNews\" frameborder=\"0\" marginwidth=\"0\" marginheight=\"0\" scrolling=\"no\"><\/iframe>","_oembed_time_bf184a34288f8d172d2499e79fadc82a":"1639565593","_oembed_60efd19962e0965a0a4c6db7b2450005":"<blockquote class=\"wp-embedded-content\" data-secret=\"zi8FH76vUm\"><a href=\"https:\/\/www.varesenews.it\/2021\/11\/tar-della-lombardia-sospende-lo-sgombero-delle-famiglie-sinti-gallarate\/1397100\/\">Il TAR della Lombardia sospende lo sgombero delle famiglie sinti di Gallarate\u00a0<\/a><\/blockquote><iframe class=\"wp-embedded-content\" sandbox=\"allow-scripts\" security=\"restricted\" style=\"position: absolute; clip: rect(1px, 1px, 1px, 1px);\" src=\"https:\/\/www.varesenews.it\/2021\/11\/tar-della-lombardia-sospende-lo-sgombero-delle-famiglie-sinti-gallarate\/1397100\/embed\/#?secret=zi8FH76vUm\" data-secret=\"zi8FH76vUm\" width=\"500\" height=\"282\" title=\"&#8220;Il TAR della Lombardia sospende lo sgombero delle famiglie sinti di Gallarate\u00a0&#8221; &#8212; VareseNews\" frameborder=\"0\" marginwidth=\"0\" marginheight=\"0\" scrolling=\"no\"><\/iframe>","_oembed_time_60efd19962e0965a0a4c6db7b2450005":"1639565593","_oembed_4e790899442cb0a1bbcb4b1318a73412":"<blockquote class=\"wp-embedded-content\" data-secret=\"YlcNYotoTM\"><a href=\"https:\/\/www.varesenews.it\/2021\/12\/presepe-al-campo-sinti-gallarate\/1407715\/\">Il presepe al campo sinti di Gallarate, con lo sfondo dei generatori<\/a><\/blockquote><iframe class=\"wp-embedded-content\" sandbox=\"allow-scripts\" security=\"restricted\" style=\"position: absolute; clip: rect(1px, 1px, 1px, 1px);\" src=\"https:\/\/www.varesenews.it\/2021\/12\/presepe-al-campo-sinti-gallarate\/1407715\/embed\/#?secret=YlcNYotoTM\" data-secret=\"YlcNYotoTM\" width=\"500\" height=\"282\" title=\"&#8220;Il presepe al campo sinti di Gallarate, con lo sfondo dei generatori&#8221; &#8212; VareseNews\" frameborder=\"0\" marginwidth=\"0\" marginheight=\"0\" scrolling=\"no\"><\/iframe>","_oembed_time_4e790899442cb0a1bbcb4b1318a73412":"1639565593","firma_come_redazione":"1"},"photos":[{"original":"https:\/\/staging.varesenews.it\/photogallery_new\/images\/2021\/09\/caricamento-temporaneo-per-contributo-1632913081rmfu6hwwgmp3e98k-1250722.jpg","full":"https:\/\/staging.varesenews.it\/photogallery_new\/images\/2021\/09\/caricamento-temporaneo-per-contributo-1632913081rmfu6hwwgmp3e98k-1250722.1024x768.jpg","large":"https:\/\/staging.varesenews.it\/photogallery_new\/images\/2021\/09\/caricamento-temporaneo-per-contributo-1632913081rmfu6hwwgmp3e98k-1250722.610x431.jpg"}],"_links":{"self":[{"href":"https:\/\/staging.varesenews.it\/swgapi\/v1\/wp\/v2\/posts\/1410898"}],"collection":[{"href":"https:\/\/staging.varesenews.it\/swgapi\/v1\/wp\/v2\/posts"}],"about":[{"href":"https:\/\/staging.varesenews.it\/swgapi\/v1\/wp\/v2\/types\/post"}],"author":[{"embeddable":true,"href":"https:\/\/staging.varesenews.it\/swgapi\/v1\/wp\/v2\/users\/37"}],"replies":[{"embeddable":true,"href":"https:\/\/staging.varesenews.it\/swgapi\/v1\/wp\/v2\/comments?post=1410898"}],"version-history":[{"count":0,"href":"https:\/\/staging.varesenews.it\/swgapi\/v1\/wp\/v2\/posts\/1410898\/revisions"}],"wp:attachment":[{"href":"https:\/\/staging.varesenews.it\/swgapi\/v1\/wp\/v2\/media?parent=1410898"}],"wp:term":[{"taxonomy":"category","embeddable":true,"href":"https:\/\/staging.varesenews.it\/swgapi\/v1\/wp\/v2\/categories?post=1410898"},{"taxonomy":"post_tag","embeddable":true,"href":"https:\/\/staging.varesenews.it\/swgapi\/v1\/wp\/v2\/tags?post=1410898"}],"curies":[{"name":"wp","href":"https:\/\/api.w.org\/{rel}","templated":true}]}}