{"id":1411182,"date":"2021-12-16T10:26:12","date_gmt":"2021-12-16T09:26:12","guid":{"rendered":"https:\/\/www.varesenews.it\/?p=1411182"},"modified":"2021-12-16T15:12:28","modified_gmt":"2021-12-16T14:12:28","slug":"sciopero-goglio-daverio-tagli-austerita","status":"publish","type":"post","link":"https:\/\/staging.varesenews.it\/2021\/12\/sciopero-goglio-daverio-tagli-austerita\/1411182\/","title":{"rendered":"&#8220;Basta con la politica dei tagli&#8221;, lavoratori in sciopero alla Goglio di Daverio"},"content":{"rendered":"<p><strong>Protesta dei lavoratori della Goglio,<\/strong> questa mattina, fuori dai cancelli dello stabilimento di <strong>Daverio<\/strong>. I sindacati <strong>Cgil, Cisl e Uil<\/strong> hanno indetto uno sciopero su tutti i turni contro le politiche di austerit\u00e0 dell&#8217;azienda nei confronti dei lavoratori.<\/p>\n<p>\u00abLa dirigenza sta portando avanti da troppo tempo una politica basata sui tagli, annunciati e messi in atto, al costo del personale &#8211; spiega\u00a0<strong>Danilo Piroli della Rsu aziendale<\/strong>\u00a0-. Un modalit\u00e0 di gestione delle istanze dei lavoratori che non punta a migliorare il coinvolgimento delle maestranze anzi, scarica sulle legittime richieste dei dipendenti le responsabilit\u00e0 della gestione\u00bb.<\/p>\n<p>Nella mattinata i lavoratori hanno avuto <strong>un breve confronto con la propriet\u00e0 dell&#8217;impresa di Daverio,<\/strong> dove lavorano circa 700 persone. \u00abLe nostre richieste sono tese a migliorare le condizioni dei lavoratori all&#8217;interno dell&#8217;azienda &#8211; prosegue Piroli &#8211; <strong>rischiamo invece che si alzi un muro tra la direzione e gli operai\u00bb<\/strong>.<\/p>\n<p>&#8220;Dall&#8217;inizio della pandemia ad oggi,non abbiamo mai smesso di lavorare &#8211; aggiunge Gianfranco Bubba, Rsu Uilcom Uil in Goglio \u00a0&#8211; mettendo a repentaglio la salute nostra e quella dei nostri cari. Il fatto che la dirigenza aziendale consideri le lavoratrici ed i lavoratori come un costo e non come la vera risorsa, lo troviamo ingiusto ed irrispettoso.Quando un&#8217;azienda come la nostra produce ricchezza, quest&#8217;ultima deve essere ridistribuita equamente e purtroppo cio&#8217; oggi non avviene&#8221;.<\/p>\n<p>Nella nota che la propriet\u00e0 ha consegnato ai lavoratori questa mattina si legge che \u00abStiamo attraversando con il coronavirus il pi\u00f9 difficile momento per la salute e l&#8217;economia mondiale mai incontrato in 70 anni di lavoro. <strong>Applicare una politica di austerit\u00e0 in mancanza di risultati sufficienti \u00e8 un assoluto dovere<\/strong> della direzione. Questa scelta si \u00e8 resa necessaria per assicurare una continuit\u00e0 aziendale mantenendo la fiducia delle banche e migliorando l&#8217;efficienza\u00bb.<\/p>\n<p>\u00abQuando riusciremo ad ottenere migliori risultati economici &#8211; prosegue l&#8217;azienda &#8211; saremo lieti di applicare politiche pi\u00f9 flessibili\u00bb. Luned\u00ec la Rsu si riunir\u00e0 per dare una risposta alla posizione dei vertici aziendali.<\/p>\n<p>&nbsp;<\/p>\n","protected":false},"excerpt":{"rendered":"<p>I lavoratori chiedono pi\u00f9 coinvolgimento e meno austerit\u00e0. Questa mattina un breve confronto con la propriet\u00e0<\/p>\n","protected":false},"author":43,"featured_media":0,"comment_status":"open","ping_status":"open","sticky":false,"template":"","format":"standard","meta":{"footnotes":""},"categories":[15,17,2],"tags":[1179,143,46960,211,3692],"acf":[],"yoast_head":"<!-- This site is optimized with the Yoast SEO plugin v20.1 - https:\/\/yoast.com\/wordpress\/plugins\/seo\/ -->\n<title>&quot;Basta con la politica dei tagli&quot;, sciopero alla Goglio di Daverio<\/title>\n<meta name=\"description\" content=\"Sciopero dei lavoratori alla Goglio di Daverio. Gli operai chiedono all&#039;azienda maggior coinvolgimento e meno politiche di austerit\u00e0\" \/>\n<meta name=\"robots\" content=\"noindex, follow, max-snippet:-1, max-image-preview:large, max-video-preview:-1\" \/>\n<meta property=\"og:locale\" content=\"it_IT\" \/>\n<meta property=\"og:type\" content=\"article\" \/>\n<meta property=\"og:title\" content=\"&quot;Basta con la politica dei tagli&quot;, sciopero alla Goglio di Daverio\" \/>\n<meta property=\"og:description\" content=\"Sciopero dei lavoratori alla Goglio di Daverio. Gli operai chiedono all&#039;azienda maggior coinvolgimento e meno politiche di austerit\u00e0\" \/>\n<meta property=\"og:url\" content=\"https:\/\/staging.varesenews.it\/2021\/12\/sciopero-goglio-daverio-tagli-austerita\/1411182\/\" \/>\n<meta property=\"og:site_name\" content=\"VareseNews\" \/>\n<meta property=\"article:publisher\" content=\"https:\/\/www.facebook.com\/varesenews\" \/>\n<meta property=\"article:author\" content=\"https:\/\/www.facebook.com\/mariacarla.cebrelli\" \/>\n<meta property=\"article:published_time\" content=\"2021-12-16T09:26:12+00:00\" \/>\n<meta property=\"article:modified_time\" content=\"2021-12-16T14:12:28+00:00\" \/>\n<meta name=\"author\" content=\"Maria Carla Cebrelli\" \/>\n<meta name=\"twitter:card\" content=\"summary_large_image\" \/>\n<meta name=\"twitter:creator\" content=\"@pikapiketti\" \/>\n<meta name=\"twitter:site\" content=\"@varesenews\" \/>\n<meta name=\"twitter:label1\" content=\"Scritto da\" \/>\n\t<meta name=\"twitter:data1\" content=\"Maria Carla Cebrelli\" \/>\n\t<meta name=\"twitter:label2\" content=\"Tempo di lettura stimato\" \/>\n\t<meta name=\"twitter:data2\" content=\"2 minuti\" \/>\n<script type=\"application\/ld+json\" class=\"yoast-schema-graph\">{\"@context\":\"https:\/\/schema.org\",\"@graph\":[{\"@type\":\"WebPage\",\"@id\":\"https:\/\/staging.varesenews.it\/2021\/12\/sciopero-goglio-daverio-tagli-austerita\/1411182\/\",\"url\":\"https:\/\/staging.varesenews.it\/2021\/12\/sciopero-goglio-daverio-tagli-austerita\/1411182\/\",\"name\":\"\\\"Basta con la politica dei tagli\\\", sciopero alla Goglio di Daverio\",\"isPartOf\":{\"@id\":\"https:\/\/staging.varesenews.it\/#website\"},\"datePublished\":\"2021-12-16T09:26:12+00:00\",\"dateModified\":\"2021-12-16T14:12:28+00:00\",\"author\":{\"@id\":\"https:\/\/staging.varesenews.it\/#\/schema\/person\/5bf790e99d7ec50061119cc825c454de\"},\"description\":\"Sciopero dei lavoratori alla Goglio di Daverio. Gli operai chiedono all'azienda maggior coinvolgimento e meno politiche di austerit\u00e0\",\"breadcrumb\":{\"@id\":\"https:\/\/staging.varesenews.it\/2021\/12\/sciopero-goglio-daverio-tagli-austerita\/1411182\/#breadcrumb\"},\"inLanguage\":\"it-IT\",\"potentialAction\":[{\"@type\":\"ReadAction\",\"target\":[\"https:\/\/staging.varesenews.it\/2021\/12\/sciopero-goglio-daverio-tagli-austerita\/1411182\/\"]}]},{\"@type\":\"BreadcrumbList\",\"@id\":\"https:\/\/staging.varesenews.it\/2021\/12\/sciopero-goglio-daverio-tagli-austerita\/1411182\/#breadcrumb\",\"itemListElement\":[{\"@type\":\"ListItem\",\"position\":1,\"name\":\"Home\",\"item\":\"https:\/\/www.varesenews.it\/\"},{\"@type\":\"ListItem\",\"position\":2,\"name\":\"&#8220;Basta con la politica dei tagli&#8221;, lavoratori in sciopero alla Goglio di Daverio\"}]},{\"@type\":\"WebSite\",\"@id\":\"https:\/\/staging.varesenews.it\/#website\",\"url\":\"https:\/\/staging.varesenews.it\/\",\"name\":\"VareseNews\",\"description\":\"\",\"potentialAction\":[{\"@type\":\"SearchAction\",\"target\":{\"@type\":\"EntryPoint\",\"urlTemplate\":\"https:\/\/staging.varesenews.it\/?s={search_term_string}\"},\"query-input\":\"required name=search_term_string\"}],\"inLanguage\":\"it-IT\"},{\"@type\":\"Person\",\"@id\":\"https:\/\/staging.varesenews.it\/#\/schema\/person\/5bf790e99d7ec50061119cc825c454de\",\"name\":\"Maria Carla Cebrelli\",\"image\":{\"@type\":\"ImageObject\",\"inLanguage\":\"it-IT\",\"@id\":\"https:\/\/staging.varesenews.it\/#\/schema\/person\/image\/\",\"url\":\"https:\/\/staging.varesenews.it\/wp-content\/uploads\/2020\/12\/mariacarla_cebrelli_colori_500-1.jpg\",\"contentUrl\":\"https:\/\/staging.varesenews.it\/wp-content\/uploads\/2020\/12\/mariacarla_cebrelli_colori_500-1.jpg\",\"caption\":\"Maria Carla Cebrelli\"},\"description\":\"Economista di formazione, giornalista per passione. A VareseNews dal 2005, mi sono occupata negli anni di universit&agrave;, tematiche di confine, news locali e comunicazione nel settore sociale. Attualmente sono responsabile di VerbanoNews, del canale di VareseNews dedicato al Turismo e seguo i social dell'area business.\",\"sameAs\":[\"https:\/\/www.facebook.com\/mariacarla.cebrelli\",\"pikapiketti\",\"https:\/\/twitter.com\/pikapiketti\"],\"url\":\"https:\/\/staging.varesenews.it\/persona\/mariacarla-cebrelli1\/\"}]}<\/script>\n<!-- \/ Yoast SEO plugin. -->","yoast_head_json":{"title":"\"Basta con la politica dei tagli\", sciopero alla Goglio di Daverio","description":"Sciopero dei lavoratori alla Goglio di Daverio. Gli operai chiedono all'azienda maggior coinvolgimento e meno politiche di austerit\u00e0","robots":{"index":"noindex","follow":"follow","max-snippet":"max-snippet:-1","max-image-preview":"max-image-preview:large","max-video-preview":"max-video-preview:-1"},"og_locale":"it_IT","og_type":"article","og_title":"\"Basta con la politica dei tagli\", sciopero alla Goglio di Daverio","og_description":"Sciopero dei lavoratori alla Goglio di Daverio. Gli operai chiedono all'azienda maggior coinvolgimento e meno politiche di austerit\u00e0","og_url":"https:\/\/staging.varesenews.it\/2021\/12\/sciopero-goglio-daverio-tagli-austerita\/1411182\/","og_site_name":"VareseNews","article_publisher":"https:\/\/www.facebook.com\/varesenews","article_author":"https:\/\/www.facebook.com\/mariacarla.cebrelli","article_published_time":"2021-12-16T09:26:12+00:00","article_modified_time":"2021-12-16T14:12:28+00:00","author":"Maria Carla Cebrelli","twitter_card":"summary_large_image","twitter_creator":"@pikapiketti","twitter_site":"@varesenews","twitter_misc":{"Scritto da":"Maria Carla Cebrelli","Tempo di lettura stimato":"2 minuti"},"schema":{"@context":"https:\/\/schema.org","@graph":[{"@type":"WebPage","@id":"https:\/\/staging.varesenews.it\/2021\/12\/sciopero-goglio-daverio-tagli-austerita\/1411182\/","url":"https:\/\/staging.varesenews.it\/2021\/12\/sciopero-goglio-daverio-tagli-austerita\/1411182\/","name":"\"Basta con la politica dei tagli\", sciopero alla Goglio di Daverio","isPartOf":{"@id":"https:\/\/staging.varesenews.it\/#website"},"datePublished":"2021-12-16T09:26:12+00:00","dateModified":"2021-12-16T14:12:28+00:00","author":{"@id":"https:\/\/staging.varesenews.it\/#\/schema\/person\/5bf790e99d7ec50061119cc825c454de"},"description":"Sciopero dei lavoratori alla Goglio di Daverio. Gli operai chiedono all'azienda maggior coinvolgimento e meno politiche di austerit\u00e0","breadcrumb":{"@id":"https:\/\/staging.varesenews.it\/2021\/12\/sciopero-goglio-daverio-tagli-austerita\/1411182\/#breadcrumb"},"inLanguage":"it-IT","potentialAction":[{"@type":"ReadAction","target":["https:\/\/staging.varesenews.it\/2021\/12\/sciopero-goglio-daverio-tagli-austerita\/1411182\/"]}]},{"@type":"BreadcrumbList","@id":"https:\/\/staging.varesenews.it\/2021\/12\/sciopero-goglio-daverio-tagli-austerita\/1411182\/#breadcrumb","itemListElement":[{"@type":"ListItem","position":1,"name":"Home","item":"https:\/\/www.varesenews.it\/"},{"@type":"ListItem","position":2,"name":"&#8220;Basta con la politica dei tagli&#8221;, lavoratori in sciopero alla Goglio di Daverio"}]},{"@type":"WebSite","@id":"https:\/\/staging.varesenews.it\/#website","url":"https:\/\/staging.varesenews.it\/","name":"VareseNews","description":"","potentialAction":[{"@type":"SearchAction","target":{"@type":"EntryPoint","urlTemplate":"https:\/\/staging.varesenews.it\/?s={search_term_string}"},"query-input":"required name=search_term_string"}],"inLanguage":"it-IT"},{"@type":"Person","@id":"https:\/\/staging.varesenews.it\/#\/schema\/person\/5bf790e99d7ec50061119cc825c454de","name":"Maria Carla Cebrelli","image":{"@type":"ImageObject","inLanguage":"it-IT","@id":"https:\/\/staging.varesenews.it\/#\/schema\/person\/image\/","url":"https:\/\/staging.varesenews.it\/wp-content\/uploads\/2020\/12\/mariacarla_cebrelli_colori_500-1.jpg","contentUrl":"https:\/\/staging.varesenews.it\/wp-content\/uploads\/2020\/12\/mariacarla_cebrelli_colori_500-1.jpg","caption":"Maria Carla Cebrelli"},"description":"Economista di formazione, giornalista per passione. A VareseNews dal 2005, mi sono occupata negli anni di universit&agrave;, tematiche di confine, news locali e comunicazione nel settore sociale. Attualmente sono responsabile di VerbanoNews, del canale di VareseNews dedicato al Turismo e seguo i social dell'area business.","sameAs":["https:\/\/www.facebook.com\/mariacarla.cebrelli","pikapiketti","https:\/\/twitter.com\/pikapiketti"],"url":"https:\/\/staging.varesenews.it\/persona\/mariacarla-cebrelli1\/"}]}},"post_meta":{"_edit_lock":"1639664292:43","_edit_last":"43","_category_permalink":"a:1:{s:8:\"category\";s:2:\"17\";}","_encloseme":"1","ratings_users":"0","ratings_score":"0","ratings_average":"0","foto":"1269556","firma_come_redazione":"1","argomento":"Daverio","_yoast_wpseo_focuskw_text_input":"sciopero voglio","_yoast_wpseo_focuskw":"sciopero voglio","_yoast_wpseo_title":"\"Basta con la politica dei tagli\", sciopero alla Goglio di Daverio","_yoast_wpseo_metadesc":"Sciopero dei lavoratori alla Goglio di Daverio. Gli operai chiedono all'azienda maggior coinvolgimento e meno politiche di austerit\u00e0","_yoast_wpseo_linkdex":"58","_yoast_wpseo_content_score":"30","_jd_tweet_this":"yes","_wpt_short_url":"https:\/\/www.varesenews.it\/2021\/12\/sciopero-goglio-daverio-tagli-austerita\/1411182\/","_wp_jd_target":"https:\/\/www.varesenews.it\/2021\/12\/sciopero-goglio-daverio-tagli-austerita\/1411182\/","_jd_wp_twitter":"a:1:{i:0;s:190:\"\u201cBasta con la politica dei tagli\u201d, lavoratori in sciopero alla Goglio di Daverio https:\/\/www.varesenews.it\/2021\/12\/sciopero-goglio-daverio-tagli-austerita\/1411182\/ #Cgil #Cisl #gogliospa\";}","_wpt_status_message":"Tweet inviato con successo.","_oembed_c5af98f5b59b4b904aa531410dbdb8a6":"<blockquote class=\"wp-embedded-content\" data-secret=\"ZRNgW9FVWn\"><a href=\"https:\/\/www.varesenews.it\/2020\/12\/cena-domicilio-stazione-cosi-200-poveri-festeggiato-natale\/1290361\/\">Cena a domicilio o in stazione, cos\u00ec 200 poveri hanno festeggiato il Natale<\/a><\/blockquote><iframe class=\"wp-embedded-content\" sandbox=\"allow-scripts\" security=\"restricted\" style=\"position: absolute; clip: rect(1px, 1px, 1px, 1px);\" src=\"https:\/\/www.varesenews.it\/2020\/12\/cena-domicilio-stazione-cosi-200-poveri-festeggiato-natale\/1290361\/embed\/#?secret=ZRNgW9FVWn\" data-secret=\"ZRNgW9FVWn\" width=\"500\" height=\"282\" title=\"&#8220;Cena a domicilio o in stazione, cos\u00ec 200 poveri hanno festeggiato il Natale&#8221; &#8212; VareseNews\" frameborder=\"0\" marginwidth=\"0\" marginheight=\"0\" scrolling=\"no\"><\/iframe>","_oembed_time_c5af98f5b59b4b904aa531410dbdb8a6":"1639646824","_oembed_ab1fef1ef7e76188d3c81edfbb5475db":"<blockquote class=\"wp-embedded-content\" data-secret=\"9PmcfOF1JM\"><a href=\"https:\/\/www.varesenews.it\/2021\/12\/maxi-frode-fiscale-oltre-30-milioni-la-finanza-varese-arresta-tre-persone-indagini-diverse-province\/1410455\/\">Maxi frode fiscale da oltre 30 milioni, la Finanza di Varese arresta tre persone, indagini in diverse province<\/a><\/blockquote><iframe class=\"wp-embedded-content\" sandbox=\"allow-scripts\" security=\"restricted\" style=\"position: absolute; clip: rect(1px, 1px, 1px, 1px);\" src=\"https:\/\/www.varesenews.it\/2021\/12\/maxi-frode-fiscale-oltre-30-milioni-la-finanza-varese-arresta-tre-persone-indagini-diverse-province\/1410455\/embed\/#?secret=9PmcfOF1JM\" data-secret=\"9PmcfOF1JM\" width=\"500\" height=\"282\" title=\"&#8220;Maxi frode fiscale da oltre 30 milioni, la Finanza di Varese arresta tre persone, indagini in diverse province&#8221; &#8212; VareseNews\" frameborder=\"0\" marginwidth=\"0\" marginheight=\"0\" scrolling=\"no\"><\/iframe>","_oembed_time_ab1fef1ef7e76188d3c81edfbb5475db":"1639646825","_oembed_0f748f2a09f5ff356ddd44d177c7e28e":"<blockquote class=\"wp-embedded-content\" data-secret=\"wyAB0GdqpD\"><a href=\"https:\/\/www.varesenews.it\/2021\/12\/sciopero-martedi-14-dicembre-trenord-muoversi-verificare-treni-garantiti\/1410407\/\">Sciopero di marted\u00ec 14 dicembre, Trenord: &#8220;Prima di muoversi verificare i treni garantiti&#8221;<\/a><\/blockquote><iframe class=\"wp-embedded-content\" sandbox=\"allow-scripts\" security=\"restricted\" style=\"position: absolute; clip: rect(1px, 1px, 1px, 1px);\" src=\"https:\/\/www.varesenews.it\/2021\/12\/sciopero-martedi-14-dicembre-trenord-muoversi-verificare-treni-garantiti\/1410407\/embed\/#?secret=wyAB0GdqpD\" data-secret=\"wyAB0GdqpD\" width=\"500\" height=\"282\" title=\"&#8220;Sciopero di marted\u00ec 14 dicembre, Trenord: &#8220;Prima di muoversi verificare i treni garantiti&#8221;&#8221; &#8212; VareseNews\" frameborder=\"0\" marginwidth=\"0\" marginheight=\"0\" scrolling=\"no\"><\/iframe>","_oembed_time_0f748f2a09f5ff356ddd44d177c7e28e":"1639646825","_oembed_f54bf9e77bb3e58eef76cc7ad7481864":"<blockquote class=\"wp-embedded-content\" data-secret=\"CqMDl1NbdM\"><a href=\"https:\/\/www.varesenews.it\/photogallery\/contest-lucine-natale-2021-tutte-le-foto-3\/\">Contest Lucine di Natale 2021, tutte le foto 3<\/a><\/blockquote><iframe class=\"wp-embedded-content\" sandbox=\"allow-scripts\" security=\"restricted\" style=\"position: absolute; clip: rect(1px, 1px, 1px, 1px);\" src=\"https:\/\/www.varesenews.it\/photogallery\/contest-lucine-natale-2021-tutte-le-foto-3\/embed\/#?secret=CqMDl1NbdM\" data-secret=\"CqMDl1NbdM\" width=\"500\" height=\"282\" title=\"&#8220;Contest Lucine di Natale 2021, tutte le foto 3&#8221; &#8212; VareseNews\" frameborder=\"0\" marginwidth=\"0\" marginheight=\"0\" scrolling=\"no\"><\/iframe>","_oembed_time_f54bf9e77bb3e58eef76cc7ad7481864":"1639646825","_oembed_811395c973778bade257271b139cd0fa":"<blockquote class=\"wp-embedded-content\" data-secret=\"5K7ZJEzHs9\"><a href=\"https:\/\/www.varesenews.it\/photogallery\/contest-lucine-natale-2021-tutte-le-foto\/\">Contest Lucine di Natale 2021, tutte le foto 1<\/a><\/blockquote><iframe class=\"wp-embedded-content\" sandbox=\"allow-scripts\" security=\"restricted\" style=\"position: absolute; clip: rect(1px, 1px, 1px, 1px);\" src=\"https:\/\/www.varesenews.it\/photogallery\/contest-lucine-natale-2021-tutte-le-foto\/embed\/#?secret=5K7ZJEzHs9\" data-secret=\"5K7ZJEzHs9\" width=\"500\" height=\"282\" title=\"&#8220;Contest Lucine di Natale 2021, tutte le foto 1&#8221; &#8212; VareseNews\" frameborder=\"0\" marginwidth=\"0\" marginheight=\"0\" scrolling=\"no\"><\/iframe>","_oembed_time_811395c973778bade257271b139cd0fa":"1639646825","_oembed_c4cf219586a1788daa8f2945cff5a85b":"<blockquote class=\"wp-embedded-content\" data-secret=\"q3IzMJYYM1\"><a href=\"https:\/\/www.varesenews.it\/photogallery\/contest-lucine-natale-2021-tutte-le-foto-2\/\">Contest Lucine di Natale 2021, tutte le foto 2<\/a><\/blockquote><iframe class=\"wp-embedded-content\" sandbox=\"allow-scripts\" security=\"restricted\" style=\"position: absolute; clip: rect(1px, 1px, 1px, 1px);\" src=\"https:\/\/www.varesenews.it\/photogallery\/contest-lucine-natale-2021-tutte-le-foto-2\/embed\/#?secret=q3IzMJYYM1\" data-secret=\"q3IzMJYYM1\" width=\"500\" height=\"282\" title=\"&#8220;Contest Lucine di Natale 2021, tutte le foto 2&#8221; &#8212; VareseNews\" frameborder=\"0\" marginwidth=\"0\" marginheight=\"0\" scrolling=\"no\"><\/iframe>","_oembed_time_c4cf219586a1788daa8f2945cff5a85b":"1639646825","_oembed_4a99bfebd87b781b57dc677741876575":"<blockquote class=\"wp-embedded-content\" data-secret=\"TijJxFEOpw\"><a href=\"https:\/\/www.varesenews.it\/2021\/12\/invia-le-foto-delle-tue-luci-natale-vinci-biglietti-laveno\/1410221\/\">Invia le foto delle tue luci di Natale. Vinci i biglietti per Laveno<\/a><\/blockquote><iframe class=\"wp-embedded-content\" sandbox=\"allow-scripts\" security=\"restricted\" style=\"position: absolute; clip: rect(1px, 1px, 1px, 1px);\" src=\"https:\/\/www.varesenews.it\/2021\/12\/invia-le-foto-delle-tue-luci-natale-vinci-biglietti-laveno\/1410221\/embed\/#?secret=TijJxFEOpw\" data-secret=\"TijJxFEOpw\" width=\"500\" height=\"282\" title=\"&#8220;Invia le foto delle tue luci di Natale. Vinci i biglietti per Laveno&#8221; &#8212; VareseNews\" frameborder=\"0\" marginwidth=\"0\" marginheight=\"0\" scrolling=\"no\"><\/iframe>","_oembed_time_4a99bfebd87b781b57dc677741876575":"1639646825","_oembed_7a36509c53b7120ff462155c6a21165a":"<blockquote class=\"wp-embedded-content\" data-secret=\"fa4hoTHEYf\"><a href=\"https:\/\/www.varesenews.it\/2021\/10\/premio-cambiamenti-2021-della-cna-12-le-startup-varesine-andranno-semifinale\/1391787\/\">Premio cambiamenti 2021 della Cna, sono 12 le startup varesine che andranno in semifinale<\/a><\/blockquote><iframe class=\"wp-embedded-content\" sandbox=\"allow-scripts\" security=\"restricted\" style=\"position: absolute; clip: rect(1px, 1px, 1px, 1px);\" src=\"https:\/\/www.varesenews.it\/2021\/10\/premio-cambiamenti-2021-della-cna-12-le-startup-varesine-andranno-semifinale\/1391787\/embed\/#?secret=fa4hoTHEYf\" data-secret=\"fa4hoTHEYf\" width=\"500\" height=\"282\" title=\"&#8220;Premio cambiamenti 2021 della Cna, sono 12 le startup varesine che andranno in semifinale&#8221; &#8212; VareseNews\" frameborder=\"0\" marginwidth=\"0\" marginheight=\"0\" scrolling=\"no\"><\/iframe>","_oembed_time_7a36509c53b7120ff462155c6a21165a":"1639646843","_oembed_4ec54dcaf30dda06f83519b3216f2900":"<iframe width=\"500\" height=\"281\" src=\"https:\/\/www.youtube.com\/embed\/videoseries?list=PL6ogdCG3tAWhRDdK4PZWaOAH6uUD3Z6wt\" frameborder=\"0\" allow=\"accelerometer; autoplay; clipboard-write; encrypted-media; gyroscope; picture-in-picture\" allowfullscreen><\/iframe>","_oembed_time_4ec54dcaf30dda06f83519b3216f2900":"1639646844","_oembed_293e8d386b75cc26a4669e4e6f498766":"<iframe width=\"500\" height=\"375\" src=\"https:\/\/www.youtube.com\/embed\/xPgV2iCuZzk?feature=oembed\" frameborder=\"0\" allow=\"accelerometer; autoplay; clipboard-write; encrypted-media; gyroscope; picture-in-picture\" allowfullscreen><\/iframe>","_oembed_time_293e8d386b75cc26a4669e4e6f498766":"1639646844","_oembed_8752d24d4cffb6d7c1e3daa693fa1f96":"<iframe width=\"500\" height=\"281\" src=\"https:\/\/www.youtube.com\/embed\/B81D2mwGkN4?start=193&feature=oembed\" frameborder=\"0\" allow=\"accelerometer; autoplay; clipboard-write; encrypted-media; gyroscope; picture-in-picture\" allowfullscreen><\/iframe>","_oembed_time_8752d24d4cffb6d7c1e3daa693fa1f96":"1639646844"},"photos":[{"original":"https:\/\/staging.varesenews.it\/photogallery_new\/images\/2021\/12\/protesta-sciopero-goglio-davvero-1269556.jpg","full":"https:\/\/staging.varesenews.it\/photogallery_new\/images\/2021\/12\/protesta-sciopero-goglio-davvero-1269556.1024x768.jpg","large":"https:\/\/staging.varesenews.it\/photogallery_new\/images\/2021\/12\/protesta-sciopero-goglio-davvero-1269556.610x431.jpg"}],"_links":{"self":[{"href":"https:\/\/staging.varesenews.it\/swgapi\/v1\/wp\/v2\/posts\/1411182"}],"collection":[{"href":"https:\/\/staging.varesenews.it\/swgapi\/v1\/wp\/v2\/posts"}],"about":[{"href":"https:\/\/staging.varesenews.it\/swgapi\/v1\/wp\/v2\/types\/post"}],"author":[{"embeddable":true,"href":"https:\/\/staging.varesenews.it\/swgapi\/v1\/wp\/v2\/users\/43"}],"replies":[{"embeddable":true,"href":"https:\/\/staging.varesenews.it\/swgapi\/v1\/wp\/v2\/comments?post=1411182"}],"version-history":[{"count":0,"href":"https:\/\/staging.varesenews.it\/swgapi\/v1\/wp\/v2\/posts\/1411182\/revisions"}],"wp:attachment":[{"href":"https:\/\/staging.varesenews.it\/swgapi\/v1\/wp\/v2\/media?parent=1411182"}],"wp:term":[{"taxonomy":"category","embeddable":true,"href":"https:\/\/staging.varesenews.it\/swgapi\/v1\/wp\/v2\/categories?post=1411182"},{"taxonomy":"post_tag","embeddable":true,"href":"https:\/\/staging.varesenews.it\/swgapi\/v1\/wp\/v2\/tags?post=1411182"}],"curies":[{"name":"wp","href":"https:\/\/api.w.org\/{rel}","templated":true}]}}