{"id":1411269,"date":"2021-12-16T12:23:16","date_gmt":"2021-12-16T11:23:16","guid":{"rendered":"https:\/\/www.varesenews.it\/?p=1411269"},"modified":"2021-12-16T12:23:16","modified_gmt":"2021-12-16T11:23:16","slug":"varese-10-pullman-la-manifestazione-milano","status":"publish","type":"post","link":"https:\/\/staging.varesenews.it\/2021\/12\/varese-10-pullman-la-manifestazione-milano\/1411269\/","title":{"rendered":"Da Varese 10 pullman per la manifestazione di Milano"},"content":{"rendered":"<p>Nel giorno dello sciopero generale indetto dalle segreterie nazionali di\u00a0<strong>Cgil e Uil,\u00a0<\/strong>da Varese alla volta di Milano per partecipare alla manifestazione sono partiti <strong>dieci pullman<\/strong>, oltre naturalmente ai mezzi privati.\u00a0 In tutto un migliaio lavoratori e pensionati della provincia di Varese si sono ritrovati\u00a0in piazza Castello per poi raggiungere lArco della pace.<br \/>\nPresenti alla manifestazione anche i segretari provinciali di Cgil e Uil,\u00a0<strong>Stefania Filetti<\/strong>\u00a0e\u00a0<strong>Antonio Massafra.\u00a0<\/strong>\u00a0\u00ab\u00c8 Uno sciopero generale molto sentito da lavoratrici, lavoratori e pensionati \u2013 spiegano i due segretari -. Tanti i temi sui quali si \u00e8 impegnato il sindacato perch\u00e9 la manovra del governo risponda di pi\u00f9 alle esigenze di lavoratori dipendenti e pensionati, dal contrasto alla precariet\u00e0 e al lavoro nero ad una riforma pi\u00f9 equa del fisco, da una scuola di qualit\u00e0 a pi\u00f9 risorse per la sanit\u00e0\u00bb.<\/p>\n","protected":false},"excerpt":{"rendered":"<p>Un migliaio di lavoratori e pensionati hanno partecipato alla manifestazione di Milano. Presenti anche i segretari provinciali di Cgil e Uil<\/p>\n","protected":false},"author":45,"featured_media":0,"comment_status":"open","ping_status":"open","sticky":false,"template":"","format":"standard","meta":{"footnotes":""},"categories":[17,7],"tags":[5529,868],"acf":[],"yoast_head":"<!-- This site is optimized with the Yoast SEO plugin v20.1 - https:\/\/yoast.com\/wordpress\/plugins\/seo\/ -->\n<title>Da Varese 10 pullman per la manifestazione di Milano<\/title>\n<meta name=\"description\" content=\"Un migliaio di lavoratori e pensionati hanno partecipato alla manifestazione di Milano. Presenti anche i segretari provinciali di Cgil e Uil\" \/>\n<meta name=\"robots\" content=\"noindex, follow, max-snippet:-1, max-image-preview:large, max-video-preview:-1\" \/>\n<meta property=\"og:locale\" content=\"it_IT\" \/>\n<meta property=\"og:type\" content=\"article\" \/>\n<meta property=\"og:title\" content=\"Da Varese 10 pullman per la manifestazione di Milano\" \/>\n<meta property=\"og:description\" content=\"Un migliaio di lavoratori e pensionati hanno partecipato alla manifestazione di Milano. Presenti anche i segretari provinciali di Cgil e Uil\" \/>\n<meta property=\"og:url\" content=\"https:\/\/www.varesenews.it\/2021\/12\/varese-10-pullman-la-manifestazione-milano\/1411269\/\" \/>\n<meta property=\"og:site_name\" content=\"VareseNews\" \/>\n<meta property=\"article:publisher\" content=\"https:\/\/www.facebook.com\/varesenews\" \/>\n<meta property=\"article:author\" content=\"https:\/\/www.facebook.com\/michele.mancino.5\" \/>\n<meta property=\"article:published_time\" content=\"2021-12-16T11:23:16+00:00\" \/>\n<meta name=\"author\" content=\"Michele Mancino\" \/>\n<meta name=\"twitter:card\" content=\"summary_large_image\" \/>\n<meta name=\"twitter:creator\" content=\"@micmancio\" \/>\n<meta name=\"twitter:site\" content=\"@varesenews\" \/>\n<meta name=\"twitter:label1\" content=\"Scritto da\" \/>\n\t<meta name=\"twitter:data1\" content=\"Michele Mancino\" \/>\n\t<meta name=\"twitter:label2\" content=\"Tempo di lettura stimato\" \/>\n\t<meta name=\"twitter:data2\" content=\"1 minuto\" \/>\n<script type=\"application\/ld+json\" class=\"yoast-schema-graph\">{\"@context\":\"https:\/\/schema.org\",\"@graph\":[{\"@type\":\"WebPage\",\"@id\":\"https:\/\/www.varesenews.it\/2021\/12\/varese-10-pullman-la-manifestazione-milano\/1411269\/\",\"url\":\"https:\/\/www.varesenews.it\/2021\/12\/varese-10-pullman-la-manifestazione-milano\/1411269\/\",\"name\":\"Da Varese 10 pullman per la manifestazione di Milano\",\"isPartOf\":{\"@id\":\"https:\/\/staging.varesenews.it\/#website\"},\"datePublished\":\"2021-12-16T11:23:16+00:00\",\"dateModified\":\"2021-12-16T11:23:16+00:00\",\"author\":{\"@id\":\"https:\/\/staging.varesenews.it\/#\/schema\/person\/308b491d3cb680ead199e5ff6c6ce540\"},\"description\":\"Un migliaio di lavoratori e pensionati hanno partecipato alla manifestazione di Milano. Presenti anche i segretari provinciali di Cgil e Uil\",\"breadcrumb\":{\"@id\":\"https:\/\/www.varesenews.it\/2021\/12\/varese-10-pullman-la-manifestazione-milano\/1411269\/#breadcrumb\"},\"inLanguage\":\"it-IT\",\"potentialAction\":[{\"@type\":\"ReadAction\",\"target\":[\"https:\/\/www.varesenews.it\/2021\/12\/varese-10-pullman-la-manifestazione-milano\/1411269\/\"]}]},{\"@type\":\"BreadcrumbList\",\"@id\":\"https:\/\/www.varesenews.it\/2021\/12\/varese-10-pullman-la-manifestazione-milano\/1411269\/#breadcrumb\",\"itemListElement\":[{\"@type\":\"ListItem\",\"position\":1,\"name\":\"Home\",\"item\":\"https:\/\/www.varesenews.it\/\"},{\"@type\":\"ListItem\",\"position\":2,\"name\":\"Da Varese 10 pullman per la manifestazione di Milano\"}]},{\"@type\":\"WebSite\",\"@id\":\"https:\/\/staging.varesenews.it\/#website\",\"url\":\"https:\/\/staging.varesenews.it\/\",\"name\":\"VareseNews\",\"description\":\"\",\"potentialAction\":[{\"@type\":\"SearchAction\",\"target\":{\"@type\":\"EntryPoint\",\"urlTemplate\":\"https:\/\/staging.varesenews.it\/?s={search_term_string}\"},\"query-input\":\"required name=search_term_string\"}],\"inLanguage\":\"it-IT\"},{\"@type\":\"Person\",\"@id\":\"https:\/\/staging.varesenews.it\/#\/schema\/person\/308b491d3cb680ead199e5ff6c6ce540\",\"name\":\"Michele Mancino\",\"image\":{\"@type\":\"ImageObject\",\"inLanguage\":\"it-IT\",\"@id\":\"https:\/\/staging.varesenews.it\/#\/schema\/person\/image\/\",\"url\":\"https:\/\/staging.varesenews.it\/wp-content\/uploads\/2020\/12\/michele_mancino_colori_500.jpg\",\"contentUrl\":\"https:\/\/staging.varesenews.it\/wp-content\/uploads\/2020\/12\/michele_mancino_colori_500.jpg\",\"caption\":\"Michele Mancino\"},\"description\":\"Sono a VareseNews da prima che nascesse. Ho inserito le prime notizie in una stringa di codice html, la lingua di internet. Aprivo i computer, cambiavo schede di rete e portavo i server dal provider. A met&agrave; degli anni &rsquo;90 il giornalista online doveva saper fare anche questo. Ho vissuto gli anni drammatici della bolla speculativa di Internet e quelli entusiastici della crescita, anni in cui VareseNews era un Davide in mezzo a tanti Golia. Poi sono arrivati i social, le nuove piattaforme e soprattutto gli smartphone, una postazione di lavoro racchiusa in una mano. Una nuova rivoluzione. Insomma, &egrave; stata, ed &egrave; ancora, un&rsquo;avventura entusiasmante perch&eacute; mi insegna giorno dopo giorno che il cambiamento &egrave; l&rsquo;unica certezza di questa fragile esistenza.\",\"sameAs\":[\"https:\/\/www.facebook.com\/michele.mancino.5\",\"micmancio\",\"Aggiorna le impostazioni del tuo profilo pubblicoit.linkedin.com\/pub\/michele-mancino\/28\/b71\/890\/it\",\"https:\/\/twitter.com\/micmancio\"],\"url\":\"https:\/\/staging.varesenews.it\/persona\/michele_mancino\/\"}]}<\/script>\n<!-- \/ Yoast SEO plugin. -->","yoast_head_json":{"title":"Da Varese 10 pullman per la manifestazione di Milano","description":"Un migliaio di lavoratori e pensionati hanno partecipato alla manifestazione di Milano. Presenti anche i segretari provinciali di Cgil e Uil","robots":{"index":"noindex","follow":"follow","max-snippet":"max-snippet:-1","max-image-preview":"max-image-preview:large","max-video-preview":"max-video-preview:-1"},"og_locale":"it_IT","og_type":"article","og_title":"Da Varese 10 pullman per la manifestazione di Milano","og_description":"Un migliaio di lavoratori e pensionati hanno partecipato alla manifestazione di Milano. Presenti anche i segretari provinciali di Cgil e Uil","og_url":"https:\/\/www.varesenews.it\/2021\/12\/varese-10-pullman-la-manifestazione-milano\/1411269\/","og_site_name":"VareseNews","article_publisher":"https:\/\/www.facebook.com\/varesenews","article_author":"https:\/\/www.facebook.com\/michele.mancino.5","article_published_time":"2021-12-16T11:23:16+00:00","author":"Michele Mancino","twitter_card":"summary_large_image","twitter_creator":"@micmancio","twitter_site":"@varesenews","twitter_misc":{"Scritto da":"Michele Mancino","Tempo di lettura stimato":"1 minuto"},"schema":{"@context":"https:\/\/schema.org","@graph":[{"@type":"WebPage","@id":"https:\/\/www.varesenews.it\/2021\/12\/varese-10-pullman-la-manifestazione-milano\/1411269\/","url":"https:\/\/www.varesenews.it\/2021\/12\/varese-10-pullman-la-manifestazione-milano\/1411269\/","name":"Da Varese 10 pullman per la manifestazione di Milano","isPartOf":{"@id":"https:\/\/staging.varesenews.it\/#website"},"datePublished":"2021-12-16T11:23:16+00:00","dateModified":"2021-12-16T11:23:16+00:00","author":{"@id":"https:\/\/staging.varesenews.it\/#\/schema\/person\/308b491d3cb680ead199e5ff6c6ce540"},"description":"Un migliaio di lavoratori e pensionati hanno partecipato alla manifestazione di Milano. Presenti anche i segretari provinciali di Cgil e Uil","breadcrumb":{"@id":"https:\/\/www.varesenews.it\/2021\/12\/varese-10-pullman-la-manifestazione-milano\/1411269\/#breadcrumb"},"inLanguage":"it-IT","potentialAction":[{"@type":"ReadAction","target":["https:\/\/www.varesenews.it\/2021\/12\/varese-10-pullman-la-manifestazione-milano\/1411269\/"]}]},{"@type":"BreadcrumbList","@id":"https:\/\/www.varesenews.it\/2021\/12\/varese-10-pullman-la-manifestazione-milano\/1411269\/#breadcrumb","itemListElement":[{"@type":"ListItem","position":1,"name":"Home","item":"https:\/\/www.varesenews.it\/"},{"@type":"ListItem","position":2,"name":"Da Varese 10 pullman per la manifestazione di Milano"}]},{"@type":"WebSite","@id":"https:\/\/staging.varesenews.it\/#website","url":"https:\/\/staging.varesenews.it\/","name":"VareseNews","description":"","potentialAction":[{"@type":"SearchAction","target":{"@type":"EntryPoint","urlTemplate":"https:\/\/staging.varesenews.it\/?s={search_term_string}"},"query-input":"required name=search_term_string"}],"inLanguage":"it-IT"},{"@type":"Person","@id":"https:\/\/staging.varesenews.it\/#\/schema\/person\/308b491d3cb680ead199e5ff6c6ce540","name":"Michele Mancino","image":{"@type":"ImageObject","inLanguage":"it-IT","@id":"https:\/\/staging.varesenews.it\/#\/schema\/person\/image\/","url":"https:\/\/staging.varesenews.it\/wp-content\/uploads\/2020\/12\/michele_mancino_colori_500.jpg","contentUrl":"https:\/\/staging.varesenews.it\/wp-content\/uploads\/2020\/12\/michele_mancino_colori_500.jpg","caption":"Michele Mancino"},"description":"Sono a VareseNews da prima che nascesse. Ho inserito le prime notizie in una stringa di codice html, la lingua di internet. Aprivo i computer, cambiavo schede di rete e portavo i server dal provider. A met&agrave; degli anni &rsquo;90 il giornalista online doveva saper fare anche questo. Ho vissuto gli anni drammatici della bolla speculativa di Internet e quelli entusiastici della crescita, anni in cui VareseNews era un Davide in mezzo a tanti Golia. Poi sono arrivati i social, le nuove piattaforme e soprattutto gli smartphone, una postazione di lavoro racchiusa in una mano. Una nuova rivoluzione. Insomma, &egrave; stata, ed &egrave; ancora, un&rsquo;avventura entusiasmante perch&eacute; mi insegna giorno dopo giorno che il cambiamento &egrave; l&rsquo;unica certezza di questa fragile esistenza.","sameAs":["https:\/\/www.facebook.com\/michele.mancino.5","micmancio","Aggiorna le impostazioni del tuo profilo pubblicoit.linkedin.com\/pub\/michele-mancino\/28\/b71\/890\/it","https:\/\/twitter.com\/micmancio"],"url":"https:\/\/staging.varesenews.it\/persona\/michele_mancino\/"}]}},"post_meta":{"_edit_lock":"1639658941:45","_edit_last":"45","_category_permalink":"a:1:{s:8:\"category\";s:2:\"17\";}","foto":"1269611","firma_come_redazione":"1","argomento":"Milano","_yoast_wpseo_content_score":"30","_jd_tweet_this":"yes","_encloseme":"1","ratings_users":"0","ratings_score":"0","ratings_average":"0","id_link_fotogallery":"1411301","_wpt_short_url":"https:\/\/www.varesenews.it\/2021\/12\/varese-10-pullman-la-manifestazione-milano\/1411269\/","_wp_jd_target":"https:\/\/www.varesenews.it\/2021\/12\/varese-10-pullman-la-manifestazione-milano\/1411269\/","_jd_wp_twitter":"a:1:{i:0;s:149:\"Da Varese 10 pullman per la manifestazione di Milano https:\/\/www.varesenews.it\/2021\/12\/varese-10-pullman-la-manifestazione-milano\/1411269\/ #sindacato\";}","_wpt_status_message":"Tweet inviato con successo.","_oembed_8752d24d4cffb6d7c1e3daa693fa1f96":"<iframe width=\"500\" height=\"281\" src=\"https:\/\/www.youtube.com\/embed\/B81D2mwGkN4?start=193&feature=oembed\" frameborder=\"0\" allow=\"accelerometer; autoplay; clipboard-write; encrypted-media; gyroscope; picture-in-picture\" allowfullscreen><\/iframe>","_oembed_time_8752d24d4cffb6d7c1e3daa693fa1f96":"1639654007","_oembed_586cdbc53df79cc39f75c3385c0d79fd":"<blockquote class=\"wp-embedded-content\" data-secret=\"CkMtzgFcBB\"><a href=\"https:\/\/www.varesenews.it\/2021\/12\/castelseprio-batteva-moneta-ai-tempi-dei-longobardi\/1408862\/\">Quando Castelseprio batteva moneta, ai tempi dei longobardi<\/a><\/blockquote><iframe class=\"wp-embedded-content\" sandbox=\"allow-scripts\" security=\"restricted\" style=\"position: absolute; clip: rect(1px, 1px, 1px, 1px);\" src=\"https:\/\/www.varesenews.it\/2021\/12\/castelseprio-batteva-moneta-ai-tempi-dei-longobardi\/1408862\/embed\/#?secret=CkMtzgFcBB\" data-secret=\"CkMtzgFcBB\" width=\"500\" height=\"282\" title=\"&#8220;Quando Castelseprio batteva moneta, ai tempi dei longobardi&#8221; &#8212; VareseNews\" frameborder=\"0\" marginwidth=\"0\" marginheight=\"0\" scrolling=\"no\"><\/iframe>","_oembed_time_586cdbc53df79cc39f75c3385c0d79fd":"1639654007","_oembed_9376f79d89994116bfcac2adb6aaa91d":"<blockquote class=\"wp-embedded-content\" data-secret=\"TpdAwGBylF\"><a href=\"https:\/\/www.varesenews.it\/2021\/06\/figli-anche-dei-longobardi\/1354685\/\">Siamo figli anche dei Longobardi<\/a><\/blockquote><iframe class=\"wp-embedded-content\" sandbox=\"allow-scripts\" security=\"restricted\" style=\"position: absolute; clip: rect(1px, 1px, 1px, 1px);\" src=\"https:\/\/www.varesenews.it\/2021\/06\/figli-anche-dei-longobardi\/1354685\/embed\/#?secret=TpdAwGBylF\" data-secret=\"TpdAwGBylF\" width=\"500\" height=\"282\" title=\"&#8220;Siamo figli anche dei Longobardi&#8221; &#8212; VareseNews\" frameborder=\"0\" marginwidth=\"0\" marginheight=\"0\" scrolling=\"no\"><\/iframe>","_oembed_time_9376f79d89994116bfcac2adb6aaa91d":"1639654007","_oembed_d8646fb9f4eb38a3a054476b7290f556":"<blockquote class=\"wp-embedded-content\" data-secret=\"gNX85kRnS0\"><a href=\"https:\/\/www.varesenews.it\/2021\/11\/riqualifica-fattorie-visconti-piu-facile-somma-accenda-un-mutuo-rispetto-spes\/1404520\/\">Recupero Fattorie Visconti: &#8220;Pi\u00f9 facile che Somma accenda un mutuo rispetto a Spes&#8221;<\/a><\/blockquote><iframe class=\"wp-embedded-content\" sandbox=\"allow-scripts\" security=\"restricted\" style=\"position: absolute; clip: rect(1px, 1px, 1px, 1px);\" src=\"https:\/\/www.varesenews.it\/2021\/11\/riqualifica-fattorie-visconti-piu-facile-somma-accenda-un-mutuo-rispetto-spes\/1404520\/embed\/#?secret=gNX85kRnS0\" data-secret=\"gNX85kRnS0\" width=\"500\" height=\"282\" title=\"&#8220;Recupero Fattorie Visconti: &#8220;Pi\u00f9 facile che Somma accenda un mutuo rispetto a Spes&#8221;&#8221; &#8212; VareseNews\" frameborder=\"0\" marginwidth=\"0\" marginheight=\"0\" scrolling=\"no\"><\/iframe>","_oembed_time_d8646fb9f4eb38a3a054476b7290f556":"1639654007","_oembed_0f748f2a09f5ff356ddd44d177c7e28e":"<blockquote class=\"wp-embedded-content\" data-secret=\"Wpg8pt9D63\"><a href=\"https:\/\/www.varesenews.it\/2021\/12\/sciopero-martedi-14-dicembre-trenord-muoversi-verificare-treni-garantiti\/1410407\/\">Sciopero di marted\u00ec 14 dicembre, Trenord: &#8220;Prima di muoversi verificare i treni garantiti&#8221;<\/a><\/blockquote><iframe class=\"wp-embedded-content\" sandbox=\"allow-scripts\" security=\"restricted\" style=\"position: absolute; clip: rect(1px, 1px, 1px, 1px);\" src=\"https:\/\/www.varesenews.it\/2021\/12\/sciopero-martedi-14-dicembre-trenord-muoversi-verificare-treni-garantiti\/1410407\/embed\/#?secret=Wpg8pt9D63\" data-secret=\"Wpg8pt9D63\" width=\"500\" height=\"282\" title=\"&#8220;Sciopero di marted\u00ec 14 dicembre, Trenord: &#8220;Prima di muoversi verificare i treni garantiti&#8221;&#8221; &#8212; VareseNews\" frameborder=\"0\" marginwidth=\"0\" marginheight=\"0\" scrolling=\"no\"><\/iframe>","_oembed_time_0f748f2a09f5ff356ddd44d177c7e28e":"1639654007","_oembed_f54bf9e77bb3e58eef76cc7ad7481864":"<blockquote class=\"wp-embedded-content\" data-secret=\"JwZ4bHMYen\"><a href=\"https:\/\/www.varesenews.it\/photogallery\/contest-lucine-natale-2021-tutte-le-foto-3\/\">Contest Lucine di Natale 2021, tutte le foto 3<\/a><\/blockquote><iframe class=\"wp-embedded-content\" sandbox=\"allow-scripts\" security=\"restricted\" style=\"position: absolute; clip: rect(1px, 1px, 1px, 1px);\" src=\"https:\/\/www.varesenews.it\/photogallery\/contest-lucine-natale-2021-tutte-le-foto-3\/embed\/#?secret=JwZ4bHMYen\" data-secret=\"JwZ4bHMYen\" width=\"500\" height=\"282\" title=\"&#8220;Contest Lucine di Natale 2021, tutte le foto 3&#8221; &#8212; VareseNews\" frameborder=\"0\" marginwidth=\"0\" marginheight=\"0\" scrolling=\"no\"><\/iframe>","_oembed_time_f54bf9e77bb3e58eef76cc7ad7481864":"1639654007","_oembed_811395c973778bade257271b139cd0fa":"<blockquote class=\"wp-embedded-content\" data-secret=\"m9LBWvQftH\"><a href=\"https:\/\/www.varesenews.it\/photogallery\/contest-lucine-natale-2021-tutte-le-foto\/\">Contest Lucine di Natale 2021, tutte le foto 1<\/a><\/blockquote><iframe class=\"wp-embedded-content\" sandbox=\"allow-scripts\" security=\"restricted\" style=\"position: absolute; clip: rect(1px, 1px, 1px, 1px);\" src=\"https:\/\/www.varesenews.it\/photogallery\/contest-lucine-natale-2021-tutte-le-foto\/embed\/#?secret=m9LBWvQftH\" data-secret=\"m9LBWvQftH\" width=\"500\" height=\"282\" title=\"&#8220;Contest Lucine di Natale 2021, tutte le foto 1&#8221; &#8212; VareseNews\" frameborder=\"0\" marginwidth=\"0\" marginheight=\"0\" scrolling=\"no\"><\/iframe>","_oembed_time_811395c973778bade257271b139cd0fa":"1639654007","_oembed_c4cf219586a1788daa8f2945cff5a85b":"<blockquote class=\"wp-embedded-content\" data-secret=\"qB2V3dWNWb\"><a href=\"https:\/\/www.varesenews.it\/photogallery\/contest-lucine-natale-2021-tutte-le-foto-2\/\">Contest Lucine di Natale 2021, tutte le foto 2<\/a><\/blockquote><iframe class=\"wp-embedded-content\" sandbox=\"allow-scripts\" security=\"restricted\" style=\"position: absolute; clip: rect(1px, 1px, 1px, 1px);\" src=\"https:\/\/www.varesenews.it\/photogallery\/contest-lucine-natale-2021-tutte-le-foto-2\/embed\/#?secret=qB2V3dWNWb\" data-secret=\"qB2V3dWNWb\" width=\"500\" height=\"282\" title=\"&#8220;Contest Lucine di Natale 2021, tutte le foto 2&#8221; &#8212; VareseNews\" frameborder=\"0\" marginwidth=\"0\" marginheight=\"0\" scrolling=\"no\"><\/iframe>","_oembed_time_c4cf219586a1788daa8f2945cff5a85b":"1639654007","_oembed_4a99bfebd87b781b57dc677741876575":"<blockquote class=\"wp-embedded-content\" data-secret=\"PJemTy83Nb\"><a href=\"https:\/\/www.varesenews.it\/2021\/12\/invia-le-foto-delle-tue-luci-natale-vinci-biglietti-laveno\/1410221\/\">Invia le foto delle tue luci di Natale. Vinci i biglietti per Laveno<\/a><\/blockquote><iframe class=\"wp-embedded-content\" sandbox=\"allow-scripts\" security=\"restricted\" style=\"position: absolute; clip: rect(1px, 1px, 1px, 1px);\" src=\"https:\/\/www.varesenews.it\/2021\/12\/invia-le-foto-delle-tue-luci-natale-vinci-biglietti-laveno\/1410221\/embed\/#?secret=PJemTy83Nb\" data-secret=\"PJemTy83Nb\" width=\"500\" height=\"282\" title=\"&#8220;Invia le foto delle tue luci di Natale. Vinci i biglietti per Laveno&#8221; &#8212; VareseNews\" frameborder=\"0\" marginwidth=\"0\" marginheight=\"0\" scrolling=\"no\"><\/iframe>","_oembed_time_4a99bfebd87b781b57dc677741876575":"1639654007","_oembed_88858f1fa2878a2ca65fb47f545d7046":"{{unknown}}","_oembed_e3526213caa2227df0df3f47d9a835ae":"<blockquote class=\"wp-embedded-content\" data-secret=\"aweCAgXa2O\"><a href=\"https:\/\/www.varesenews.it\/2021\/03\/resilienza-cultura-dimpresa-pmi-day-premia-ragazzi-delle-scuole\/1321828\/\">Resilienza e cultura d\u2019impresa, il PMI Day premia i ragazzi delle scuole<\/a><\/blockquote><iframe class=\"wp-embedded-content\" sandbox=\"allow-scripts\" security=\"restricted\" style=\"position: absolute; clip: rect(1px, 1px, 1px, 1px);\" src=\"https:\/\/www.varesenews.it\/2021\/03\/resilienza-cultura-dimpresa-pmi-day-premia-ragazzi-delle-scuole\/1321828\/embed\/#?secret=aweCAgXa2O\" data-secret=\"aweCAgXa2O\" width=\"500\" height=\"282\" title=\"&#8220;Resilienza e cultura d\u2019impresa, il PMI Day premia i ragazzi delle scuole&#8221; &#8212; VareseNews\" frameborder=\"0\" marginwidth=\"0\" marginheight=\"0\" scrolling=\"no\"><\/iframe>","_oembed_time_e3526213caa2227df0df3f47d9a835ae":"1639654037","_oembed_085f3c5e0dd73792cedc7f9b1b1b0711":"<blockquote class=\"wp-embedded-content\" data-secret=\"UjQPmksKix\"><a href=\"https:\/\/www.saronnonews.it\/2021\/12\/14\/saronno-rischia-di-perdere-il-finanziamento-da-4-milioni-di-euro-per-la-nuova-scuola-rodari\/\">Saronno rischia di perdere il finanziamento da 4 milioni di euro per la nuova scuola Rodari<\/a><\/blockquote><iframe class=\"wp-embedded-content\" sandbox=\"allow-scripts\" security=\"restricted\" style=\"position: absolute; clip: rect(1px, 1px, 1px, 1px);\" src=\"https:\/\/www.saronnonews.it\/2021\/12\/14\/saronno-rischia-di-perdere-il-finanziamento-da-4-milioni-di-euro-per-la-nuova-scuola-rodari\/embed\/#?secret=UjQPmksKix\" data-secret=\"UjQPmksKix\" width=\"500\" height=\"282\" title=\"&#8220;Saronno rischia di perdere il finanziamento da 4 milioni di euro per la nuova scuola Rodari&#8221; &#8212; SaronnoNews\" frameborder=\"0\" marginwidth=\"0\" marginheight=\"0\" scrolling=\"no\"><\/iframe>","_oembed_time_085f3c5e0dd73792cedc7f9b1b1b0711":"1639654038","_oembed_37db38ee26dd28720b681ae67de18bbc":"<iframe width=\"500\" height=\"281\" src=\"https:\/\/www.youtube.com\/embed\/rb4VCqAphDo?feature=oembed\" frameborder=\"0\" allow=\"accelerometer; autoplay; clipboard-write; encrypted-media; gyroscope; picture-in-picture\" allowfullscreen><\/iframe>","_oembed_time_37db38ee26dd28720b681ae67de18bbc":"1639654038","_oembed_267eeea23e22f4a94532f4c8271f64c7":"<blockquote class=\"wp-embedded-content\" data-secret=\"EUNfSWXkcC\"><a href=\"https:\/\/www.saronnonews.it\/2020\/04\/06\/saronno-oltre-250-mila-visualizzazioni-per-il-coro-hebel-che-canta-a-cappella\/\">Saronno, oltre 250 mila visualizzazioni per il Coro Hebel che canta a cappella<\/a><\/blockquote><iframe class=\"wp-embedded-content\" sandbox=\"allow-scripts\" security=\"restricted\" style=\"position: absolute; clip: rect(1px, 1px, 1px, 1px);\" src=\"https:\/\/www.saronnonews.it\/2020\/04\/06\/saronno-oltre-250-mila-visualizzazioni-per-il-coro-hebel-che-canta-a-cappella\/embed\/#?secret=EUNfSWXkcC\" data-secret=\"EUNfSWXkcC\" width=\"500\" height=\"282\" title=\"&#8220;Saronno, oltre 250 mila visualizzazioni per il Coro Hebel che canta a cappella&#8221; &#8212; SaronnoNews\" frameborder=\"0\" marginwidth=\"0\" marginheight=\"0\" scrolling=\"no\"><\/iframe>","_oembed_time_267eeea23e22f4a94532f4c8271f64c7":"1639654038","_oembed_54e02e526771b32bf1e0046cff8a9ac9":"<blockquote class=\"wp-embedded-content\" data-secret=\"MsA2kQsAS1\"><a href=\"https:\/\/www.saronnonews.it\/2021\/10\/27\/office-station-si-apre-alle-aziende-e-alla-citta-di-saronno\/\">Office Station si apre alle aziende e alla citt\u00e0 di Saronno<\/a><\/blockquote><iframe class=\"wp-embedded-content\" sandbox=\"allow-scripts\" security=\"restricted\" style=\"position: absolute; clip: rect(1px, 1px, 1px, 1px);\" src=\"https:\/\/www.saronnonews.it\/2021\/10\/27\/office-station-si-apre-alle-aziende-e-alla-citta-di-saronno\/embed\/#?secret=MsA2kQsAS1\" data-secret=\"MsA2kQsAS1\" width=\"500\" height=\"282\" title=\"&#8220;Office Station si apre alle aziende e alla citt\u00e0 di Saronno&#8221; &#8212; SaronnoNews\" frameborder=\"0\" marginwidth=\"0\" marginheight=\"0\" scrolling=\"no\"><\/iframe>","_oembed_time_54e02e526771b32bf1e0046cff8a9ac9":"1639654038","_oembed_038dc108df69d74addf538dbe312a82c":"<blockquote class=\"wp-embedded-content\" data-secret=\"1ycH9QyyI9\"><a href=\"https:\/\/www.varesenews.it\/2016\/01\/gli-alieni-in-italia-nel-1950-ad-abbiate-guazzone\/479110\/\">Gli alieni in Italia? Nel 1950 ad Abbiate Guazzone<\/a><\/blockquote><iframe class=\"wp-embedded-content\" sandbox=\"allow-scripts\" security=\"restricted\" style=\"position: absolute; clip: rect(1px, 1px, 1px, 1px);\" src=\"https:\/\/www.varesenews.it\/2016\/01\/gli-alieni-in-italia-nel-1950-ad-abbiate-guazzone\/479110\/embed\/#?secret=1ycH9QyyI9\" data-secret=\"1ycH9QyyI9\" width=\"500\" height=\"282\" title=\"&#8220;Gli alieni in Italia? Nel 1950 ad Abbiate Guazzone&#8221; &#8212; VareseNews\" frameborder=\"0\" marginwidth=\"0\" marginheight=\"0\" scrolling=\"no\"><\/iframe>","_oembed_time_038dc108df69d74addf538dbe312a82c":"1639654038"},"photos":[{"original":"https:\/\/staging.varesenews.it\/photogallery_new\/images\/2021\/12\/sciopero-generale-1269611.jpg","full":"https:\/\/staging.varesenews.it\/photogallery_new\/images\/2021\/12\/sciopero-generale-1269611.1024x768.jpg","large":"https:\/\/staging.varesenews.it\/photogallery_new\/images\/2021\/12\/sciopero-generale-1269611.610x431.jpg"}],"_links":{"self":[{"href":"https:\/\/staging.varesenews.it\/swgapi\/v1\/wp\/v2\/posts\/1411269"}],"collection":[{"href":"https:\/\/staging.varesenews.it\/swgapi\/v1\/wp\/v2\/posts"}],"about":[{"href":"https:\/\/staging.varesenews.it\/swgapi\/v1\/wp\/v2\/types\/post"}],"author":[{"embeddable":true,"href":"https:\/\/staging.varesenews.it\/swgapi\/v1\/wp\/v2\/users\/45"}],"replies":[{"embeddable":true,"href":"https:\/\/staging.varesenews.it\/swgapi\/v1\/wp\/v2\/comments?post=1411269"}],"version-history":[{"count":0,"href":"https:\/\/staging.varesenews.it\/swgapi\/v1\/wp\/v2\/posts\/1411269\/revisions"}],"wp:attachment":[{"href":"https:\/\/staging.varesenews.it\/swgapi\/v1\/wp\/v2\/media?parent=1411269"}],"wp:term":[{"taxonomy":"category","embeddable":true,"href":"https:\/\/staging.varesenews.it\/swgapi\/v1\/wp\/v2\/categories?post=1411269"},{"taxonomy":"post_tag","embeddable":true,"href":"https:\/\/staging.varesenews.it\/swgapi\/v1\/wp\/v2\/tags?post=1411269"}],"curies":[{"name":"wp","href":"https:\/\/api.w.org\/{rel}","templated":true}]}}