{"id":1412517,"date":"2021-12-23T08:02:39","date_gmt":"2021-12-23T07:02:39","guid":{"rendered":"https:\/\/www.varesenews.it\/?p=1412517"},"modified":"2021-12-23T10:07:15","modified_gmt":"2021-12-23T09:07:15","slug":"casciago-arrivano-le-bollicine","status":"publish","type":"post","link":"https:\/\/staging.varesenews.it\/2021\/12\/casciago-arrivano-le-bollicine\/1412517\/","title":{"rendered":"A Casciago arrivano le bollicine"},"content":{"rendered":"<p><strong>A Casciago arrivano le bollicine<\/strong>. Un vino spumante realizzato con metodo classico, prodotto da Roberto Bianchi con la sua Emotion Wine.<\/p>\n<p><strong>L\u2019annata \u00e8 quella 2019, le uve sono 100% chardonnay<\/strong>, con 19 mesi sui lieviti. <div class=\"photo-inside-post\"><img decoding=\"async\" loading=\"lazy\" fetchpriority=\"low\" width=\"610\" height=\"431\" src=\"https:\/\/staging.varesenews.it\/photogallery_new\/images\/2021\/12\/generica-2020-1270525.610x431.jpg\" alt=\"Generica 2020\"><\/div><\/p>\n<p><strong>\u00c8 il primo esperimento di questo tipo e si chiama Eracle<\/strong>: \u00abUn nome che vuole rappresentare la forza di questo vino &#8211; spiega Bianchi -. Le uve sono tutte autoctone, piantate nel 2015 nella vigna di via Valletta. <strong>Ci abbiamo dedicato 7 anni e il risultato \u00e8 sodisfacente<\/strong>: abbiamo prodotto 1300 bottiglie, per l&#8217;annata del 2020 ne arriveranno 2000, ma saranno pronte tra un po\u2019, bisogna avere pazienza e aspettare. <strong>Sono bollicine fini, \u00e8 un vitigno giovane che si sta strutturando piano piano<\/strong>. Dove si potranno trovare? Nei bar e nei ristoranti della zona, oltre che nelle botteghe di prodotti locali\u00bb.<\/p>\n<p><strong>Non solo spumante, per\u00f2. A settembre sono state fatte tre vendemmie<\/strong>, una all\u2019inizio, una a met\u00e0 e una tardiva: \u00abIl bianco arriver\u00e0 a giugno e si annuncia un vino spettacolare. La vendemmia \u00e8 andata bene, nonostante le difficolt\u00e0, dalla Popilia Japonica alla mancanza di materie prime che si fa sempre pi\u00f9 problematica, mentre abbiamo scampato la grandinata che ha fatto disastri a Gavirate, a pochi chilometri da noi &#8211; racconta Bianchi -. Siamo riusciti a fare 4 mila litri, che vuol dire 2 mila bottiglie di spumante, mille di bianco, 2 mila di <strong>spumante ros\u00e8, l\u2019altra grande novit\u00e0 che abbiamo in serbo, realizzato con le uve Syrah<\/strong>. Siamo sempre in evoluzione: spero che presto potremo piantare altre 8000 piante per ampliare il vitigno, ci stiamo lavorando\u00bb. <div class=\"photo-inside-post\"><img decoding=\"async\" loading=\"lazy\" fetchpriority=\"low\" width=\"610\" height=\"431\" src=\"https:\/\/staging.varesenews.it\/photogallery_new\/images\/2021\/12\/generica-2020-1270523.610x431.jpg\" alt=\"Generica 2020\"><\/div><\/p>\n","protected":false},"excerpt":{"rendered":"<p>Pronte le prime 1300 bottiglie del vino spumante realizzato con metodo classico, prodotto da Roberto Bianchi con la sua Emotion Wine<\/p>\n","protected":false},"author":39,"featured_media":0,"comment_status":"open","ping_status":"open","sticky":false,"template":"","format":"standard","meta":{"footnotes":""},"categories":[2],"tags":[120020,2540,120019],"acf":[],"yoast_head":"<!-- This site is optimized with the Yoast SEO plugin v20.1 - https:\/\/yoast.com\/wordpress\/plugins\/seo\/ -->\n<title>A Casciago arrivano le bollicine<\/title>\n<meta name=\"description\" content=\"Pronte le prime 1300 bottiglie del vino spumante realizzato con metodo classico, prodotto da Roberto Bianchi con la sua Emotion Wine\" \/>\n<meta name=\"robots\" content=\"noindex, follow, max-snippet:-1, max-image-preview:large, max-video-preview:-1\" \/>\n<meta property=\"og:locale\" content=\"it_IT\" \/>\n<meta property=\"og:type\" content=\"article\" \/>\n<meta property=\"og:title\" content=\"A Casciago arrivano le bollicine\" \/>\n<meta property=\"og:description\" content=\"Pronte le prime 1300 bottiglie del vino spumante realizzato con metodo classico, prodotto da Roberto Bianchi con la sua Emotion Wine\" \/>\n<meta property=\"og:url\" content=\"https:\/\/staging.varesenews.it\/2021\/12\/casciago-arrivano-le-bollicine\/1412517\/\" \/>\n<meta property=\"og:site_name\" content=\"VareseNews\" \/>\n<meta property=\"article:publisher\" content=\"https:\/\/www.facebook.com\/varesenews\" \/>\n<meta property=\"article:author\" content=\"https:\/\/www.facebook.com\/tommaso.guidotti.7\" \/>\n<meta property=\"article:published_time\" content=\"2021-12-23T07:02:39+00:00\" \/>\n<meta property=\"article:modified_time\" content=\"2021-12-23T09:07:15+00:00\" \/>\n<meta name=\"author\" content=\"Tommaso Guidotti\" \/>\n<meta name=\"twitter:card\" content=\"summary_large_image\" \/>\n<meta name=\"twitter:creator\" content=\"@tomguidoz\" \/>\n<meta name=\"twitter:site\" content=\"@varesenews\" \/>\n<meta name=\"twitter:label1\" content=\"Scritto da\" \/>\n\t<meta name=\"twitter:data1\" content=\"Tommaso Guidotti\" \/>\n\t<meta name=\"twitter:label2\" content=\"Tempo di lettura stimato\" \/>\n\t<meta name=\"twitter:data2\" content=\"1 minuto\" \/>\n<script type=\"application\/ld+json\" class=\"yoast-schema-graph\">{\"@context\":\"https:\/\/schema.org\",\"@graph\":[{\"@type\":\"WebPage\",\"@id\":\"https:\/\/staging.varesenews.it\/2021\/12\/casciago-arrivano-le-bollicine\/1412517\/\",\"url\":\"https:\/\/staging.varesenews.it\/2021\/12\/casciago-arrivano-le-bollicine\/1412517\/\",\"name\":\"A Casciago arrivano le bollicine\",\"isPartOf\":{\"@id\":\"https:\/\/staging.varesenews.it\/#website\"},\"datePublished\":\"2021-12-23T07:02:39+00:00\",\"dateModified\":\"2021-12-23T09:07:15+00:00\",\"author\":{\"@id\":\"https:\/\/staging.varesenews.it\/#\/schema\/person\/5ae9c65889c40fea73a6c40733b93f8a\"},\"description\":\"Pronte le prime 1300 bottiglie del vino spumante realizzato con metodo classico, prodotto da Roberto Bianchi con la sua Emotion Wine\",\"breadcrumb\":{\"@id\":\"https:\/\/staging.varesenews.it\/2021\/12\/casciago-arrivano-le-bollicine\/1412517\/#breadcrumb\"},\"inLanguage\":\"it-IT\",\"potentialAction\":[{\"@type\":\"ReadAction\",\"target\":[\"https:\/\/staging.varesenews.it\/2021\/12\/casciago-arrivano-le-bollicine\/1412517\/\"]}]},{\"@type\":\"BreadcrumbList\",\"@id\":\"https:\/\/staging.varesenews.it\/2021\/12\/casciago-arrivano-le-bollicine\/1412517\/#breadcrumb\",\"itemListElement\":[{\"@type\":\"ListItem\",\"position\":1,\"name\":\"Home\",\"item\":\"https:\/\/www.varesenews.it\/\"},{\"@type\":\"ListItem\",\"position\":2,\"name\":\"A Casciago arrivano le bollicine\"}]},{\"@type\":\"WebSite\",\"@id\":\"https:\/\/staging.varesenews.it\/#website\",\"url\":\"https:\/\/staging.varesenews.it\/\",\"name\":\"VareseNews\",\"description\":\"\",\"potentialAction\":[{\"@type\":\"SearchAction\",\"target\":{\"@type\":\"EntryPoint\",\"urlTemplate\":\"https:\/\/staging.varesenews.it\/?s={search_term_string}\"},\"query-input\":\"required name=search_term_string\"}],\"inLanguage\":\"it-IT\"},{\"@type\":\"Person\",\"@id\":\"https:\/\/staging.varesenews.it\/#\/schema\/person\/5ae9c65889c40fea73a6c40733b93f8a\",\"name\":\"Tommaso Guidotti\",\"image\":{\"@type\":\"ImageObject\",\"inLanguage\":\"it-IT\",\"@id\":\"https:\/\/staging.varesenews.it\/#\/schema\/person\/image\/\",\"url\":\"https:\/\/staging.varesenews.it\/wp-content\/uploads\/2020\/12\/tommaso_guidotti_colori_500.jpg\",\"contentUrl\":\"https:\/\/staging.varesenews.it\/wp-content\/uploads\/2020\/12\/tommaso_guidotti_colori_500.jpg\",\"caption\":\"Tommaso Guidotti\"},\"description\":\"Nato a Milano e trasferito nel Varesotto in tenera et&agrave;, sposato con Chiara dal 2012 e padre di due figli, Lorenzo e Alice. Sono laureato in Scienze Politiche e ho nel mio bagaglio lontani studi classici al Liceo Cairoli di Varese. Amo leggere, le serie tv, i viaggi e mi piace sperimentare e conoscere. La passione pi&ugrave; grande? Il calcio, giocato, simulato e guardato: occupo parte del mio tempo libero con quella che &egrave; pi&ugrave; di una squadra di calcio, i Bidone, una vera e propria seconda famiglia con cui ho portato avanti tanti progetti sportivi e benefici. Faccio parte dal 2004 della squadra di VareseNews e sono giornalista professionista dal 2009: per dieci anni ho ricoperto il ruolo di caporedattore. Dal 2019 coordino insieme ad una redazione di giovani collaboratori il nuovo progetto del gruppo nella zona del Saronnese, il giornale SaronnoNews, spin-off di VareseNews, restando comunque radicato al territorio di Casciago, paese che mi ha adottato e che amo moltissimo come il lago di Varese e Cazzago Brabbia, il paese dove ho vissuto da giovane.\",\"sameAs\":[\"https:\/\/www.facebook.com\/tommaso.guidotti.7\",\"tomguidoz80\",\"https:\/\/www.linkedin.com\/profile\/view?id=36891883&authType=name&authToken=9pNm&locale=en_US&goback=npv_36891883_*1_*1_name_9pNm_*1_*1_*1_*1_*1_*1_*1_*1_*1_*1_*1_*1_*1_*1_*1_*1_*1_*1_*1_*1_*1_*1_*1_*1_*1_*1_*1_*1_*1_*1_*1_*1_*1\",\"https:\/\/twitter.com\/tomguidoz\"],\"url\":\"https:\/\/staging.varesenews.it\/persona\/tommaso_guidotti\/\"}]}<\/script>\n<!-- \/ Yoast SEO plugin. -->","yoast_head_json":{"title":"A Casciago arrivano le bollicine","description":"Pronte le prime 1300 bottiglie del vino spumante realizzato con metodo classico, prodotto da Roberto Bianchi con la sua Emotion Wine","robots":{"index":"noindex","follow":"follow","max-snippet":"max-snippet:-1","max-image-preview":"max-image-preview:large","max-video-preview":"max-video-preview:-1"},"og_locale":"it_IT","og_type":"article","og_title":"A Casciago arrivano le bollicine","og_description":"Pronte le prime 1300 bottiglie del vino spumante realizzato con metodo classico, prodotto da Roberto Bianchi con la sua Emotion Wine","og_url":"https:\/\/staging.varesenews.it\/2021\/12\/casciago-arrivano-le-bollicine\/1412517\/","og_site_name":"VareseNews","article_publisher":"https:\/\/www.facebook.com\/varesenews","article_author":"https:\/\/www.facebook.com\/tommaso.guidotti.7","article_published_time":"2021-12-23T07:02:39+00:00","article_modified_time":"2021-12-23T09:07:15+00:00","author":"Tommaso Guidotti","twitter_card":"summary_large_image","twitter_creator":"@tomguidoz","twitter_site":"@varesenews","twitter_misc":{"Scritto da":"Tommaso Guidotti","Tempo di lettura stimato":"1 minuto"},"schema":{"@context":"https:\/\/schema.org","@graph":[{"@type":"WebPage","@id":"https:\/\/staging.varesenews.it\/2021\/12\/casciago-arrivano-le-bollicine\/1412517\/","url":"https:\/\/staging.varesenews.it\/2021\/12\/casciago-arrivano-le-bollicine\/1412517\/","name":"A Casciago arrivano le bollicine","isPartOf":{"@id":"https:\/\/staging.varesenews.it\/#website"},"datePublished":"2021-12-23T07:02:39+00:00","dateModified":"2021-12-23T09:07:15+00:00","author":{"@id":"https:\/\/staging.varesenews.it\/#\/schema\/person\/5ae9c65889c40fea73a6c40733b93f8a"},"description":"Pronte le prime 1300 bottiglie del vino spumante realizzato con metodo classico, prodotto da Roberto Bianchi con la sua Emotion Wine","breadcrumb":{"@id":"https:\/\/staging.varesenews.it\/2021\/12\/casciago-arrivano-le-bollicine\/1412517\/#breadcrumb"},"inLanguage":"it-IT","potentialAction":[{"@type":"ReadAction","target":["https:\/\/staging.varesenews.it\/2021\/12\/casciago-arrivano-le-bollicine\/1412517\/"]}]},{"@type":"BreadcrumbList","@id":"https:\/\/staging.varesenews.it\/2021\/12\/casciago-arrivano-le-bollicine\/1412517\/#breadcrumb","itemListElement":[{"@type":"ListItem","position":1,"name":"Home","item":"https:\/\/www.varesenews.it\/"},{"@type":"ListItem","position":2,"name":"A Casciago arrivano le bollicine"}]},{"@type":"WebSite","@id":"https:\/\/staging.varesenews.it\/#website","url":"https:\/\/staging.varesenews.it\/","name":"VareseNews","description":"","potentialAction":[{"@type":"SearchAction","target":{"@type":"EntryPoint","urlTemplate":"https:\/\/staging.varesenews.it\/?s={search_term_string}"},"query-input":"required name=search_term_string"}],"inLanguage":"it-IT"},{"@type":"Person","@id":"https:\/\/staging.varesenews.it\/#\/schema\/person\/5ae9c65889c40fea73a6c40733b93f8a","name":"Tommaso Guidotti","image":{"@type":"ImageObject","inLanguage":"it-IT","@id":"https:\/\/staging.varesenews.it\/#\/schema\/person\/image\/","url":"https:\/\/staging.varesenews.it\/wp-content\/uploads\/2020\/12\/tommaso_guidotti_colori_500.jpg","contentUrl":"https:\/\/staging.varesenews.it\/wp-content\/uploads\/2020\/12\/tommaso_guidotti_colori_500.jpg","caption":"Tommaso Guidotti"},"description":"Nato a Milano e trasferito nel Varesotto in tenera et&agrave;, sposato con Chiara dal 2012 e padre di due figli, Lorenzo e Alice. Sono laureato in Scienze Politiche e ho nel mio bagaglio lontani studi classici al Liceo Cairoli di Varese. Amo leggere, le serie tv, i viaggi e mi piace sperimentare e conoscere. La passione pi&ugrave; grande? Il calcio, giocato, simulato e guardato: occupo parte del mio tempo libero con quella che &egrave; pi&ugrave; di una squadra di calcio, i Bidone, una vera e propria seconda famiglia con cui ho portato avanti tanti progetti sportivi e benefici. Faccio parte dal 2004 della squadra di VareseNews e sono giornalista professionista dal 2009: per dieci anni ho ricoperto il ruolo di caporedattore. Dal 2019 coordino insieme ad una redazione di giovani collaboratori il nuovo progetto del gruppo nella zona del Saronnese, il giornale SaronnoNews, spin-off di VareseNews, restando comunque radicato al territorio di Casciago, paese che mi ha adottato e che amo moltissimo come il lago di Varese e Cazzago Brabbia, il paese dove ho vissuto da giovane.","sameAs":["https:\/\/www.facebook.com\/tommaso.guidotti.7","tomguidoz80","https:\/\/www.linkedin.com\/profile\/view?id=36891883&authType=name&authToken=9pNm&locale=en_US&goback=npv_36891883_*1_*1_name_9pNm_*1_*1_*1_*1_*1_*1_*1_*1_*1_*1_*1_*1_*1_*1_*1_*1_*1_*1_*1_*1_*1_*1_*1_*1_*1_*1_*1_*1_*1_*1_*1_*1_*1","https:\/\/twitter.com\/tomguidoz"],"url":"https:\/\/staging.varesenews.it\/persona\/tommaso_guidotti\/"}]}},"post_meta":{"_edit_lock":"1640251760:39","_edit_last":"39","_category_permalink":"a:1:{s:8:\"category\";s:0:\"\";}","foto":"1270524","firma-personalizzata":"TG","argomento":"Casciago","_yoast_wpseo_content_score":"30","_jd_tweet_this":"yes","_yoast_wpseo_focuskw_text_input":"spumante bollicine casciago","_yoast_wpseo_focuskw":"spumante bollicine casciago","_yoast_wpseo_linkdex":"58","_wpt_short_url":"http:\/\/www.varesenews.it\/2021\/12\/casciago-arrivano-le-bollicine\/1412517\/","_wp_jd_target":"http:\/\/www.varesenews.it\/2021\/12\/casciago-arrivano-le-bollicine\/1412517\/","_jd_wp_twitter":"a:1:{i:0;s:127:\"A Casciago arrivano le bollicine http:\/\/www.varesenews.it\/2021\/12\/casciago-arrivano-le-bollicine\/1412517\/ #spumante #vino #viti\";}","_wpt_status_message":"Tweet inviato con successo.","_encloseme":"1","ratings_users":"0","ratings_score":"0","ratings_average":"0","_oembed_2a1c676acb87226e0927d3e5bfb3dd81":"<blockquote class=\"wp-embedded-content\" data-secret=\"pghXjDZlCS\"><a href=\"https:\/\/www.varesenews.it\/2021\/12\/orgoglio-passione-tanti-sacrifici-gianni-stigliano-pronto-la-sua-seconda-dakar\/1408941\/\">Orgoglio, passione e tanti sacrifici: Gianni Stigliano \u00e8 pronto per la sua seconda &#8220;Dakar&#8221;<\/a><\/blockquote><iframe class=\"wp-embedded-content\" sandbox=\"allow-scripts\" security=\"restricted\" style=\"position: absolute; clip: rect(1px, 1px, 1px, 1px);\" src=\"https:\/\/www.varesenews.it\/2021\/12\/orgoglio-passione-tanti-sacrifici-gianni-stigliano-pronto-la-sua-seconda-dakar\/1408941\/embed\/#?secret=pghXjDZlCS\" data-secret=\"pghXjDZlCS\" width=\"500\" height=\"282\" title=\"&#8220;Orgoglio, passione e tanti sacrifici: Gianni Stigliano \u00e8 pronto per la sua seconda &#8220;Dakar&#8221;&#8221; &#8212; VareseNews\" frameborder=\"0\" marginwidth=\"0\" marginheight=\"0\" scrolling=\"no\"><\/iframe>","_oembed_time_2a1c676acb87226e0927d3e5bfb3dd81":"1640243369","_oembed_f56523027b68010e386013063371e843":"<blockquote class=\"wp-embedded-content\" data-secret=\"XP2PRQKiH7\"><a href=\"https:\/\/www.varesenews.it\/2021\/09\/si-litiga-meno-lagenzia-delle-entrate-calo-le-controversie-tributarie-17\/1380736\/\">Si litiga meno con l&#8217;Agenzia delle entrate. In calo le controversie tributarie (-17%)<\/a><\/blockquote><iframe class=\"wp-embedded-content\" sandbox=\"allow-scripts\" security=\"restricted\" style=\"position: absolute; clip: rect(1px, 1px, 1px, 1px);\" src=\"https:\/\/www.varesenews.it\/2021\/09\/si-litiga-meno-lagenzia-delle-entrate-calo-le-controversie-tributarie-17\/1380736\/embed\/#?secret=XP2PRQKiH7\" data-secret=\"XP2PRQKiH7\" width=\"500\" height=\"282\" title=\"&#8220;Si litiga meno con l&#8217;Agenzia delle entrate. In calo le controversie tributarie (-17%)&#8221; &#8212; VareseNews\" frameborder=\"0\" marginwidth=\"0\" marginheight=\"0\" scrolling=\"no\"><\/iframe>","_oembed_time_f56523027b68010e386013063371e843":"1640243369","_oembed_80a4f2faf30d9120bd140470bd1acf88":"<blockquote class=\"wp-embedded-content\" data-secret=\"xc0AcQU7TD\"><a href=\"https:\/\/www.varesenews.it\/2014\/07\/la-piazza-balla-con-gigi-d-agostino\/30306\/\">La piazza balla con Gigi D&#8217;Agostino<\/a><\/blockquote><iframe class=\"wp-embedded-content\" sandbox=\"allow-scripts\" security=\"restricted\" style=\"position: absolute; clip: rect(1px, 1px, 1px, 1px);\" src=\"https:\/\/www.varesenews.it\/2014\/07\/la-piazza-balla-con-gigi-d-agostino\/30306\/embed\/#?secret=xc0AcQU7TD\" data-secret=\"xc0AcQU7TD\" width=\"500\" height=\"282\" title=\"&#8220;La piazza balla con Gigi D&#8217;Agostino&#8221; &#8212; VareseNews\" frameborder=\"0\" marginwidth=\"0\" marginheight=\"0\" scrolling=\"no\"><\/iframe>","_oembed_time_80a4f2faf30d9120bd140470bd1acf88":"1640243369","_oembed_e96308c2f6f4422aaa17b27357b32dde":"<blockquote class=\"wp-embedded-content\" data-secret=\"nRn2X8Ck4n\"><a href=\"https:\/\/www.varesenews.it\/2021\/12\/contagi-scuola-cosa-arriva-la-comunicazione-un-caso-classe\/1412600\/\">Contagi a scuola: cosa fare se arriva la comunicazione di un caso in classe<\/a><\/blockquote><iframe class=\"wp-embedded-content\" sandbox=\"allow-scripts\" security=\"restricted\" style=\"position: absolute; clip: rect(1px, 1px, 1px, 1px);\" src=\"https:\/\/www.varesenews.it\/2021\/12\/contagi-scuola-cosa-arriva-la-comunicazione-un-caso-classe\/1412600\/embed\/#?secret=nRn2X8Ck4n\" data-secret=\"nRn2X8Ck4n\" width=\"500\" height=\"282\" title=\"&#8220;Contagi a scuola: cosa fare se arriva la comunicazione di un caso in classe&#8221; &#8212; VareseNews\" frameborder=\"0\" marginwidth=\"0\" marginheight=\"0\" scrolling=\"no\"><\/iframe>","_oembed_time_e96308c2f6f4422aaa17b27357b32dde":"1640243427","_oembed_86b1b59dea60171c83d9e7201d318dc5":"<iframe width=\"500\" height=\"281\" src=\"https:\/\/www.youtube.com\/embed\/ijhpiYExoXw?feature=oembed\" frameborder=\"0\" allow=\"accelerometer; autoplay; clipboard-write; encrypted-media; gyroscope; picture-in-picture\" allowfullscreen><\/iframe>","_oembed_time_86b1b59dea60171c83d9e7201d318dc5":"1640243428","_oembed_d3baaabf257560a7fc410eab734b328b":"<blockquote class=\"wp-embedded-content\" data-secret=\"eM3RxR11Cx\"><a href=\"https:\/\/www.varesenews.it\/2021\/12\/eventi-bambini-nel-weekend-dal-17-al-19-dicembre-varese-provincia\/1411709\/\">Eventi per bambini nel weekend dal 17 al 19 dicembre tra Varese e provincia<\/a><\/blockquote><iframe class=\"wp-embedded-content\" sandbox=\"allow-scripts\" security=\"restricted\" style=\"position: absolute; clip: rect(1px, 1px, 1px, 1px);\" src=\"https:\/\/www.varesenews.it\/2021\/12\/eventi-bambini-nel-weekend-dal-17-al-19-dicembre-varese-provincia\/1411709\/embed\/#?secret=eM3RxR11Cx\" data-secret=\"eM3RxR11Cx\" width=\"500\" height=\"282\" title=\"&#8220;Eventi per bambini nel weekend dal 17 al 19 dicembre tra Varese e provincia&#8221; &#8212; VareseNews\" frameborder=\"0\" marginwidth=\"0\" marginheight=\"0\" scrolling=\"no\"><\/iframe>","_oembed_time_d3baaabf257560a7fc410eab734b328b":"1640243551","_oembed_e5be013a56ee78932ac88b4c35556874":"<iframe width=\"500\" height=\"281\" src=\"https:\/\/www.youtube.com\/embed\/UqsqhhFX_h8?feature=oembed\" frameborder=\"0\" allow=\"accelerometer; autoplay; clipboard-write; encrypted-media; gyroscope; picture-in-picture\" allowfullscreen><\/iframe>","_oembed_time_e5be013a56ee78932ac88b4c35556874":"1640243551","_oembed_4c3314c5616f234f23c98586e9960ab3":"<blockquote class=\"wp-embedded-content\" data-secret=\"YiQiqJ7DRs\"><a href=\"https:\/\/www.varesenews.it\/2021\/12\/tampone-vaccinati-arrivano-italia-quarantena-tutti-gli-altri\/1410764\/\">Tampone per i vaccinati che arrivano in Italia, quarantena per tutti gli altri<\/a><\/blockquote><iframe class=\"wp-embedded-content\" sandbox=\"allow-scripts\" security=\"restricted\" style=\"position: absolute; clip: rect(1px, 1px, 1px, 1px);\" src=\"https:\/\/www.varesenews.it\/2021\/12\/tampone-vaccinati-arrivano-italia-quarantena-tutti-gli-altri\/1410764\/embed\/#?secret=YiQiqJ7DRs\" data-secret=\"YiQiqJ7DRs\" width=\"500\" height=\"282\" title=\"&#8220;Tampone per i vaccinati che arrivano in Italia, quarantena per tutti gli altri&#8221; &#8212; VareseNews\" frameborder=\"0\" marginwidth=\"0\" marginheight=\"0\" scrolling=\"no\"><\/iframe>","_oembed_time_4c3314c5616f234f23c98586e9960ab3":"1640243551","_oembed_d9fd9052db5520c9f55b9c6aac7894bb":"<blockquote class=\"wp-embedded-content\" data-secret=\"mOkxO4vIvy\"><a href=\"https:\/\/www.verbanonews.it\/canali-tematici\/economia-varese\/2021\/12\/03\/a-che-punto-e-laccordo-fiscale-sui-frontalieri\/937990\/\">A che punto \u00e8 l&#8217;accordo fiscale sui frontalieri<\/a><\/blockquote><iframe class=\"wp-embedded-content\" sandbox=\"allow-scripts\" security=\"restricted\" style=\"position: absolute; clip: rect(1px, 1px, 1px, 1px);\" src=\"https:\/\/www.verbanonews.it\/canali-tematici\/economia-varese\/2021\/12\/03\/a-che-punto-e-laccordo-fiscale-sui-frontalieri\/937990\/embed\/#?secret=mOkxO4vIvy\" data-secret=\"mOkxO4vIvy\" width=\"500\" height=\"282\" title=\"&#8220;A che punto \u00e8 l&#8217;accordo fiscale sui frontalieri&#8221; &#8212; VerbanoNews\" frameborder=\"0\" marginwidth=\"0\" marginheight=\"0\" scrolling=\"no\"><\/iframe>","_oembed_time_d9fd9052db5520c9f55b9c6aac7894bb":"1640243553","_oembed_35f1f96efb264ff15616894dce5d5ae1":"<blockquote class=\"wp-embedded-content\" data-secret=\"qskZSywUFl\"><a href=\"https:\/\/www.varesenews.it\/2021\/12\/eventi-bambini-nel-weekend-dal-10-al-12-dicembre-varese-provincia\/1409383\/\">Eventi per bambini nel weekend dal 10 al 12 dicembre tra Varese e provincia<\/a><\/blockquote><iframe class=\"wp-embedded-content\" sandbox=\"allow-scripts\" security=\"restricted\" style=\"position: absolute; clip: rect(1px, 1px, 1px, 1px);\" src=\"https:\/\/www.varesenews.it\/2021\/12\/eventi-bambini-nel-weekend-dal-10-al-12-dicembre-varese-provincia\/1409383\/embed\/#?secret=qskZSywUFl\" data-secret=\"qskZSywUFl\" width=\"500\" height=\"282\" title=\"&#8220;Eventi per bambini nel weekend dal 10 al 12 dicembre tra Varese e provincia&#8221; &#8212; VareseNews\" frameborder=\"0\" marginwidth=\"0\" marginheight=\"0\" scrolling=\"no\"><\/iframe>","_oembed_time_35f1f96efb264ff15616894dce5d5ae1":"1640243553","_oembed_928a47fa28732f65cb7a7ebd509af521":"<blockquote class=\"wp-embedded-content\" data-secret=\"Txg3A4qZa2\"><a href=\"https:\/\/www.varesenews.it\/2019\/07\/assalto-ad-un-furgone-portavalori-si-cercando-rapinatori\/836371\/\">Rapina a Monteggio: ritrovati ad Arcisate il furgone portavalori e l&#8217;autista rapito<\/a><\/blockquote><iframe class=\"wp-embedded-content\" sandbox=\"allow-scripts\" security=\"restricted\" style=\"position: absolute; clip: rect(1px, 1px, 1px, 1px);\" src=\"https:\/\/www.varesenews.it\/2019\/07\/assalto-ad-un-furgone-portavalori-si-cercando-rapinatori\/836371\/embed\/#?secret=Txg3A4qZa2\" data-secret=\"Txg3A4qZa2\" width=\"500\" height=\"282\" title=\"&#8220;Rapina a Monteggio: ritrovati ad Arcisate il furgone portavalori e l&#8217;autista rapito&#8221; &#8212; VareseNews\" frameborder=\"0\" marginwidth=\"0\" marginheight=\"0\" scrolling=\"no\"><\/iframe>","_oembed_time_928a47fa28732f65cb7a7ebd509af521":"1640243553","_oembed_7cb3479577c4dfaa812d181b54e1ab36":"<iframe width=\"500\" height=\"281\" src=\"https:\/\/www.youtube.com\/embed\/fEFKFUizmsI?feature=oembed\" frameborder=\"0\" allow=\"accelerometer; autoplay; clipboard-write; encrypted-media; gyroscope; picture-in-picture\" allowfullscreen><\/iframe>","_oembed_time_7cb3479577c4dfaa812d181b54e1ab36":"1640243578","_oembed_2b87a58879c0ef14ff7d24fc7d2a8b34":"<blockquote class=\"wp-embedded-content\" data-secret=\"WuqoJe8I0q\"><a href=\"https:\/\/www.varesenews.it\/2021\/12\/12-le-nuove-commissioni-consigliari-varese\/1406943\/\">Sono 12 le nuove commissioni consigliari di Varese<\/a><\/blockquote><iframe class=\"wp-embedded-content\" sandbox=\"allow-scripts\" security=\"restricted\" style=\"position: absolute; clip: rect(1px, 1px, 1px, 1px);\" src=\"https:\/\/www.varesenews.it\/2021\/12\/12-le-nuove-commissioni-consigliari-varese\/1406943\/embed\/#?secret=WuqoJe8I0q\" data-secret=\"WuqoJe8I0q\" width=\"500\" height=\"282\" title=\"&#8220;Sono 12 le nuove commissioni consigliari di Varese&#8221; &#8212; VareseNews\" frameborder=\"0\" marginwidth=\"0\" marginheight=\"0\" scrolling=\"no\"><\/iframe>","_oembed_time_2b87a58879c0ef14ff7d24fc7d2a8b34":"1640243578","_oembed_f9ca540c31910b432646d07f412d998b":"<blockquote class=\"wp-embedded-content\" data-secret=\"6fbAf7Bl0B\"><a href=\"https:\/\/www.varesenews.it\/2021\/03\/natale-vincera-la-solidarieta-gorla-panettone-dellamicizia\/1316024\/\">A Natale vince la solidariet\u00e0, da Gorla ecco il Panettone dell&#8217;Amicizia<\/a><\/blockquote><iframe class=\"wp-embedded-content\" sandbox=\"allow-scripts\" security=\"restricted\" style=\"position: absolute; clip: rect(1px, 1px, 1px, 1px);\" src=\"https:\/\/www.varesenews.it\/2021\/03\/natale-vincera-la-solidarieta-gorla-panettone-dellamicizia\/1316024\/embed\/#?secret=6fbAf7Bl0B\" data-secret=\"6fbAf7Bl0B\" width=\"500\" height=\"282\" title=\"&#8220;A Natale vince la solidariet\u00e0, da Gorla ecco il Panettone dell&#8217;Amicizia&#8221; &#8212; VareseNews\" frameborder=\"0\" marginwidth=\"0\" marginheight=\"0\" scrolling=\"no\"><\/iframe>","_oembed_time_f9ca540c31910b432646d07f412d998b":"1640244123","_oembed_065e0e0bc06378a15661041202dd067a":"<iframe width=\"500\" height=\"281\" src=\"https:\/\/www.youtube.com\/embed\/wgzpV-li2oI?feature=oembed\" frameborder=\"0\" allow=\"accelerometer; autoplay; clipboard-write; encrypted-media; gyroscope; picture-in-picture\" allowfullscreen><\/iframe>","_oembed_time_065e0e0bc06378a15661041202dd067a":"1640244123","_oembed_794432f5b7b1765de8ca358b442d3f75":"<blockquote class=\"wp-embedded-content\" data-secret=\"CtUAaJUqtx\"><a href=\"https:\/\/www.varesenews.it\/2021\/12\/belle-colorate-varesine-le-85-pigotte-donate-allunicef-dalle-mani-doro-del-molina\/1409604\/\">Belle, colorate e varesine, sono le 85 Pigotte donate all&#8217;Unicef dalle &#8220;mani d&#8217;oro&#8221; del Molina<\/a><\/blockquote><iframe class=\"wp-embedded-content\" sandbox=\"allow-scripts\" security=\"restricted\" style=\"position: absolute; clip: rect(1px, 1px, 1px, 1px);\" src=\"https:\/\/www.varesenews.it\/2021\/12\/belle-colorate-varesine-le-85-pigotte-donate-allunicef-dalle-mani-doro-del-molina\/1409604\/embed\/#?secret=CtUAaJUqtx\" data-secret=\"CtUAaJUqtx\" width=\"500\" height=\"282\" title=\"&#8220;Belle, colorate e varesine, sono le 85 Pigotte donate all&#8217;Unicef dalle &#8220;mani d&#8217;oro&#8221; del Molina&#8221; &#8212; VareseNews\" frameborder=\"0\" marginwidth=\"0\" marginheight=\"0\" scrolling=\"no\"><\/iframe>","_oembed_time_794432f5b7b1765de8ca358b442d3f75":"1640244123","_oembed_5db104dca37cf761aaee59c5c8bab570":"<blockquote class=\"wp-embedded-content\" data-secret=\"e5alBx2U7i\"><a href=\"https:\/\/www.varesenews.it\/2021\/12\/vedano-olona-alberi-dono-far-nascere-foreste-africa\/1410515\/\">Da Vedano Olona alberi in dono per far nascere foreste in Africa<\/a><\/blockquote><iframe class=\"wp-embedded-content\" sandbox=\"allow-scripts\" security=\"restricted\" style=\"position: absolute; clip: rect(1px, 1px, 1px, 1px);\" src=\"https:\/\/www.varesenews.it\/2021\/12\/vedano-olona-alberi-dono-far-nascere-foreste-africa\/1410515\/embed\/#?secret=e5alBx2U7i\" data-secret=\"e5alBx2U7i\" width=\"500\" height=\"282\" title=\"&#8220;Da Vedano Olona alberi in dono per far nascere foreste in Africa&#8221; &#8212; VareseNews\" frameborder=\"0\" marginwidth=\"0\" marginheight=\"0\" scrolling=\"no\"><\/iframe>","_oembed_time_5db104dca37cf761aaee59c5c8bab570":"1640244123","_oembed_60efd19962e0965a0a4c6db7b2450005":"<blockquote class=\"wp-embedded-content\" data-secret=\"bnYfsQRQ18\"><a href=\"https:\/\/www.varesenews.it\/2021\/11\/tar-della-lombardia-sospende-lo-sgombero-delle-famiglie-sinti-gallarate\/1397100\/\">Il TAR della Lombardia sospende lo sgombero delle famiglie sinti di Gallarate\u00a0<\/a><\/blockquote><iframe class=\"wp-embedded-content\" sandbox=\"allow-scripts\" security=\"restricted\" style=\"position: absolute; clip: rect(1px, 1px, 1px, 1px);\" src=\"https:\/\/www.varesenews.it\/2021\/11\/tar-della-lombardia-sospende-lo-sgombero-delle-famiglie-sinti-gallarate\/1397100\/embed\/#?secret=bnYfsQRQ18\" data-secret=\"bnYfsQRQ18\" width=\"500\" height=\"282\" title=\"&#8220;Il TAR della Lombardia sospende lo sgombero delle famiglie sinti di Gallarate\u00a0&#8221; &#8212; VareseNews\" frameborder=\"0\" marginwidth=\"0\" marginheight=\"0\" scrolling=\"no\"><\/iframe>","_oembed_time_60efd19962e0965a0a4c6db7b2450005":"1640244123","_oembed_3b5845cda41b5ce98a2deda34317d0da":"<blockquote class=\"wp-embedded-content\" data-secret=\"P2GnUHAkKy\"><a href=\"https:\/\/www.varesenews.it\/2021\/12\/capolago-arriva-nuova-canzone-natale\/1412527\/\">Da Capolago arriva una nuova canzone di Natale<\/a><\/blockquote><iframe class=\"wp-embedded-content\" sandbox=\"allow-scripts\" security=\"restricted\" style=\"position: absolute; clip: rect(1px, 1px, 1px, 1px);\" src=\"https:\/\/www.varesenews.it\/2021\/12\/capolago-arriva-nuova-canzone-natale\/1412527\/embed\/#?secret=P2GnUHAkKy\" data-secret=\"P2GnUHAkKy\" width=\"500\" height=\"282\" title=\"&#8220;Da Capolago arriva una nuova canzone di Natale&#8221; &#8212; VareseNews\" frameborder=\"0\" marginwidth=\"0\" marginheight=\"0\" scrolling=\"no\"><\/iframe>","_oembed_time_3b5845cda41b5ce98a2deda34317d0da":"1640244123","_oembed_8e71e7d2e1cd94e4189de664e81ebe85":"<blockquote class=\"wp-embedded-content\" data-secret=\"QFQL2YmEuf\"><a href=\"https:\/\/www.varesenews.it\/2021\/12\/bilancio-le-opere-pubbliche-2022-2024-somma-lombardo-alla-prova-del-consiglio-comunale\/1410583\/\">Il bilancio e le opere pubbliche 2022-2024 di Somma Lombardo alla prova del consiglio comunale<\/a><\/blockquote><iframe class=\"wp-embedded-content\" sandbox=\"allow-scripts\" security=\"restricted\" style=\"position: absolute; clip: rect(1px, 1px, 1px, 1px);\" src=\"https:\/\/www.varesenews.it\/2021\/12\/bilancio-le-opere-pubbliche-2022-2024-somma-lombardo-alla-prova-del-consiglio-comunale\/1410583\/embed\/#?secret=QFQL2YmEuf\" data-secret=\"QFQL2YmEuf\" width=\"500\" height=\"282\" title=\"&#8220;Il bilancio e le opere pubbliche 2022-2024 di Somma Lombardo alla prova del consiglio comunale&#8221; &#8212; VareseNews\" frameborder=\"0\" marginwidth=\"0\" marginheight=\"0\" scrolling=\"no\"><\/iframe>","_oembed_time_8e71e7d2e1cd94e4189de664e81ebe85":"1640244123","_oembed_0c7509faab1d5644675078f42112d4e5":"<blockquote class=\"wp-embedded-content\" data-secret=\"HwC3Y5jdyi\"><a href=\"https:\/\/www.varesenews.it\/2021\/12\/recupero-delle-fattorie-visconti-alla-prova-del-voto-sulle-opere-pubbliche\/1412306\/\">Il recupero delle Fattorie Visconti alla prova del voto sulle opere pubbliche<\/a><\/blockquote><iframe class=\"wp-embedded-content\" sandbox=\"allow-scripts\" security=\"restricted\" style=\"position: absolute; clip: rect(1px, 1px, 1px, 1px);\" src=\"https:\/\/www.varesenews.it\/2021\/12\/recupero-delle-fattorie-visconti-alla-prova-del-voto-sulle-opere-pubbliche\/1412306\/embed\/#?secret=HwC3Y5jdyi\" data-secret=\"HwC3Y5jdyi\" width=\"500\" height=\"282\" title=\"&#8220;Il recupero delle Fattorie Visconti alla prova del voto sulle opere pubbliche&#8221; &#8212; VareseNews\" frameborder=\"0\" marginwidth=\"0\" marginheight=\"0\" scrolling=\"no\"><\/iframe>","_oembed_time_0c7509faab1d5644675078f42112d4e5":"1640244123","_oembed_725b3ac24cdf256f1b2fa51855dde25a":"<blockquote class=\"wp-embedded-content\" data-secret=\"vgqDDzFTfz\"><a href=\"https:\/\/www.varesenews.it\/photogallery\/contest-lucine-natale-2021-tutte-le-foto-7\/\">Contest Lucine di Natale 2021, tutte le foto 7<\/a><\/blockquote><iframe class=\"wp-embedded-content\" sandbox=\"allow-scripts\" security=\"restricted\" style=\"position: absolute; clip: rect(1px, 1px, 1px, 1px);\" src=\"https:\/\/www.varesenews.it\/photogallery\/contest-lucine-natale-2021-tutte-le-foto-7\/embed\/#?secret=vgqDDzFTfz\" data-secret=\"vgqDDzFTfz\" width=\"500\" height=\"282\" title=\"&#8220;Contest Lucine di Natale 2021, tutte le foto 7&#8221; &#8212; VareseNews\" frameborder=\"0\" marginwidth=\"0\" marginheight=\"0\" scrolling=\"no\"><\/iframe>","_oembed_time_725b3ac24cdf256f1b2fa51855dde25a":"1640244124","_oembed_fc148620e4267de878de916b9ee790a8":"<blockquote class=\"wp-embedded-content\" data-secret=\"3RWC5Z802J\"><a href=\"https:\/\/www.varesenews.it\/photogallery\/contest-lucine-natale-2021-tutte-le-foto-6\/\">Contest Lucine di Natale 2021, tutte le foto 6<\/a><\/blockquote><iframe class=\"wp-embedded-content\" sandbox=\"allow-scripts\" security=\"restricted\" style=\"position: absolute; clip: rect(1px, 1px, 1px, 1px);\" src=\"https:\/\/www.varesenews.it\/photogallery\/contest-lucine-natale-2021-tutte-le-foto-6\/embed\/#?secret=3RWC5Z802J\" data-secret=\"3RWC5Z802J\" width=\"500\" height=\"282\" title=\"&#8220;Contest Lucine di Natale 2021, tutte le foto 6&#8221; &#8212; VareseNews\" frameborder=\"0\" marginwidth=\"0\" marginheight=\"0\" scrolling=\"no\"><\/iframe>","_oembed_time_fc148620e4267de878de916b9ee790a8":"1640244124","_oembed_d83ea159e2fda549b275e17748ae5935":"<blockquote class=\"wp-embedded-content\" data-secret=\"CCAPFSuIC3\"><a href=\"https:\/\/www.varesenews.it\/photogallery\/contest-lucine-natale-2021-tutte-le-foto-5\/\">Contest Lucine di Natale 2021, tutte le foto 5<\/a><\/blockquote><iframe class=\"wp-embedded-content\" sandbox=\"allow-scripts\" security=\"restricted\" style=\"position: absolute; clip: rect(1px, 1px, 1px, 1px);\" src=\"https:\/\/www.varesenews.it\/photogallery\/contest-lucine-natale-2021-tutte-le-foto-5\/embed\/#?secret=CCAPFSuIC3\" data-secret=\"CCAPFSuIC3\" width=\"500\" height=\"282\" title=\"&#8220;Contest Lucine di Natale 2021, tutte le foto 5&#8221; &#8212; VareseNews\" frameborder=\"0\" marginwidth=\"0\" marginheight=\"0\" scrolling=\"no\"><\/iframe>","_oembed_time_d83ea159e2fda549b275e17748ae5935":"1640244124","_oembed_d0ecf133df33afe8e02834d6118ede6f":"<blockquote class=\"wp-embedded-content\" data-secret=\"MA9xUZOyqr\"><a href=\"https:\/\/www.varesenews.it\/photogallery\/contest-lucine-natale-2021-tutte-le-foto-4\/\">Contest Lucine di Natale 2021, tutte le foto 4<\/a><\/blockquote><iframe class=\"wp-embedded-content\" sandbox=\"allow-scripts\" security=\"restricted\" style=\"position: absolute; clip: rect(1px, 1px, 1px, 1px);\" src=\"https:\/\/www.varesenews.it\/photogallery\/contest-lucine-natale-2021-tutte-le-foto-4\/embed\/#?secret=MA9xUZOyqr\" data-secret=\"MA9xUZOyqr\" width=\"500\" height=\"282\" title=\"&#8220;Contest Lucine di Natale 2021, tutte le foto 4&#8221; &#8212; VareseNews\" frameborder=\"0\" marginwidth=\"0\" marginheight=\"0\" scrolling=\"no\"><\/iframe>","_oembed_time_d0ecf133df33afe8e02834d6118ede6f":"1640244124","_oembed_f54bf9e77bb3e58eef76cc7ad7481864":"<blockquote class=\"wp-embedded-content\" data-secret=\"h1O59LQHJM\"><a href=\"https:\/\/www.varesenews.it\/photogallery\/contest-lucine-natale-2021-tutte-le-foto-3\/\">Contest Lucine di Natale 2021, tutte le foto 3<\/a><\/blockquote><iframe class=\"wp-embedded-content\" sandbox=\"allow-scripts\" security=\"restricted\" style=\"position: absolute; clip: rect(1px, 1px, 1px, 1px);\" src=\"https:\/\/www.varesenews.it\/photogallery\/contest-lucine-natale-2021-tutte-le-foto-3\/embed\/#?secret=h1O59LQHJM\" data-secret=\"h1O59LQHJM\" width=\"500\" height=\"282\" title=\"&#8220;Contest Lucine di Natale 2021, tutte le foto 3&#8221; &#8212; VareseNews\" frameborder=\"0\" marginwidth=\"0\" marginheight=\"0\" scrolling=\"no\"><\/iframe>","_oembed_time_f54bf9e77bb3e58eef76cc7ad7481864":"1640244124","_oembed_c4cf219586a1788daa8f2945cff5a85b":"<blockquote class=\"wp-embedded-content\" data-secret=\"diCUU20PHr\"><a href=\"https:\/\/www.varesenews.it\/photogallery\/contest-lucine-natale-2021-tutte-le-foto-2\/\">Contest Lucine di Natale 2021, tutte le foto 2<\/a><\/blockquote><iframe class=\"wp-embedded-content\" sandbox=\"allow-scripts\" security=\"restricted\" style=\"position: absolute; clip: rect(1px, 1px, 1px, 1px);\" src=\"https:\/\/www.varesenews.it\/photogallery\/contest-lucine-natale-2021-tutte-le-foto-2\/embed\/#?secret=diCUU20PHr\" data-secret=\"diCUU20PHr\" width=\"500\" height=\"282\" title=\"&#8220;Contest Lucine di Natale 2021, tutte le foto 2&#8221; &#8212; VareseNews\" frameborder=\"0\" marginwidth=\"0\" marginheight=\"0\" scrolling=\"no\"><\/iframe>","_oembed_time_c4cf219586a1788daa8f2945cff5a85b":"1640244124","_oembed_811395c973778bade257271b139cd0fa":"<blockquote class=\"wp-embedded-content\" data-secret=\"cBeNt8xxyD\"><a href=\"https:\/\/www.varesenews.it\/photogallery\/contest-lucine-natale-2021-tutte-le-foto\/\">Contest Lucine di Natale 2021, tutte le foto 1<\/a><\/blockquote><iframe class=\"wp-embedded-content\" sandbox=\"allow-scripts\" security=\"restricted\" style=\"position: absolute; clip: rect(1px, 1px, 1px, 1px);\" src=\"https:\/\/www.varesenews.it\/photogallery\/contest-lucine-natale-2021-tutte-le-foto\/embed\/#?secret=cBeNt8xxyD\" data-secret=\"cBeNt8xxyD\" width=\"500\" height=\"282\" title=\"&#8220;Contest Lucine di Natale 2021, tutte le foto 1&#8221; &#8212; VareseNews\" frameborder=\"0\" marginwidth=\"0\" marginheight=\"0\" scrolling=\"no\"><\/iframe>","_oembed_time_811395c973778bade257271b139cd0fa":"1640244124","_oembed_162d5e8d52f38cbc0e6c6cb09cd057b1":"<blockquote class=\"wp-embedded-content\" data-secret=\"w10pHgnhED\"><a href=\"https:\/\/www.varesenews.it\/2021\/11\/funzionera-lhub-gallarate-vaccini-tamponi\/1401329\/\">Ecco come funzioner\u00e0 l&#8217;hub di Gallarate, per vaccini e tamponi<\/a><\/blockquote><iframe class=\"wp-embedded-content\" sandbox=\"allow-scripts\" security=\"restricted\" style=\"position: absolute; clip: rect(1px, 1px, 1px, 1px);\" src=\"https:\/\/www.varesenews.it\/2021\/11\/funzionera-lhub-gallarate-vaccini-tamponi\/1401329\/embed\/#?secret=w10pHgnhED\" data-secret=\"w10pHgnhED\" width=\"500\" height=\"282\" title=\"&#8220;Ecco come funzioner\u00e0 l&#8217;hub di Gallarate, per vaccini e tamponi&#8221; &#8212; VareseNews\" frameborder=\"0\" marginwidth=\"0\" marginheight=\"0\" scrolling=\"no\"><\/iframe>","_oembed_time_162d5e8d52f38cbc0e6c6cb09cd057b1":"1640244124","_oembed_5c528223ee6b5a8c28786783b7620084":"<blockquote class=\"wp-embedded-content\" data-secret=\"gxPXjLAmxV\"><a href=\"https:\/\/www.saronnonews.it\/2021\/12\/20\/contagi-quarantene-e-isolamento-cosa-occorre-fare-quando-si-viene-a-contatto-con-il-virus\/\">Contagi, quarantene e isolamento: cosa occorre fare quando si viene a contatto con il virus?<\/a><\/blockquote><iframe class=\"wp-embedded-content\" sandbox=\"allow-scripts\" security=\"restricted\" style=\"position: absolute; clip: rect(1px, 1px, 1px, 1px);\" src=\"https:\/\/www.saronnonews.it\/2021\/12\/20\/contagi-quarantene-e-isolamento-cosa-occorre-fare-quando-si-viene-a-contatto-con-il-virus\/embed\/#?secret=gxPXjLAmxV\" data-secret=\"gxPXjLAmxV\" width=\"500\" height=\"282\" title=\"&#8220;Contagi, quarantene e isolamento: cosa occorre fare quando si viene a contatto con il virus?&#8221; &#8212; SaronnoNews\" frameborder=\"0\" marginwidth=\"0\" marginheight=\"0\" scrolling=\"no\"><\/iframe>","_oembed_time_5c528223ee6b5a8c28786783b7620084":"1640244718","_oembed_f71680b318a1351cf83400e0e7f945f1":"<blockquote class=\"wp-embedded-content\" data-secret=\"7seGH3oFo5\"><a href=\"https:\/\/www.saronnonews.it\/2020\/05\/09\/lemporio-della-solidarieta-di-saronno\/\">L&#8217;Emporio della Solidariet\u00e0 di Saronno<\/a><\/blockquote><iframe class=\"wp-embedded-content\" sandbox=\"allow-scripts\" security=\"restricted\" style=\"position: absolute; clip: rect(1px, 1px, 1px, 1px);\" src=\"https:\/\/www.saronnonews.it\/2020\/05\/09\/lemporio-della-solidarieta-di-saronno\/embed\/#?secret=7seGH3oFo5\" data-secret=\"7seGH3oFo5\" width=\"500\" height=\"282\" title=\"&#8220;L&#8217;Emporio della Solidariet\u00e0 di Saronno&#8221; &#8212; SaronnoNews\" frameborder=\"0\" marginwidth=\"0\" marginheight=\"0\" scrolling=\"no\"><\/iframe>","_oembed_time_f71680b318a1351cf83400e0e7f945f1":"1640244719","_oembed_8ca3dff09985f4315b52f30def43ffe3":"<blockquote class=\"wp-embedded-content\" data-secret=\"anB7JKGm38\"><a href=\"https:\/\/www.saronnonews.it\/2021\/03\/18\/caritas-ambrosiana-apre-un-nuovo-emporio-della-solidarieta-a-baranzate\/\">Caritas Ambrosiana apre un nuovo Emporio della Solidariet\u00e0 a Baranzate<\/a><\/blockquote><iframe class=\"wp-embedded-content\" sandbox=\"allow-scripts\" security=\"restricted\" style=\"position: absolute; clip: rect(1px, 1px, 1px, 1px);\" src=\"https:\/\/www.saronnonews.it\/2021\/03\/18\/caritas-ambrosiana-apre-un-nuovo-emporio-della-solidarieta-a-baranzate\/embed\/#?secret=anB7JKGm38\" data-secret=\"anB7JKGm38\" width=\"500\" height=\"282\" title=\"&#8220;Caritas Ambrosiana apre un nuovo Emporio della Solidariet\u00e0 a Baranzate&#8221; &#8212; SaronnoNews\" frameborder=\"0\" marginwidth=\"0\" marginheight=\"0\" scrolling=\"no\"><\/iframe>","_oembed_time_8ca3dff09985f4315b52f30def43ffe3":"1640244720","_oembed_23e254874881d44218744016dfcfb836":"<blockquote class=\"wp-embedded-content\" data-secret=\"HFDgb9jiTf\"><a href=\"https:\/\/www.saronnonews.it\/2021\/10\/06\/elezioni-2021-i-segreti-del-pd-da-record-di-caronno-pertusella\/\">Elezioni 2021, i &#8220;segreti&#8221; del PD da record di Caronno Pertusella<\/a><\/blockquote><iframe class=\"wp-embedded-content\" sandbox=\"allow-scripts\" security=\"restricted\" style=\"position: absolute; clip: rect(1px, 1px, 1px, 1px);\" src=\"https:\/\/www.saronnonews.it\/2021\/10\/06\/elezioni-2021-i-segreti-del-pd-da-record-di-caronno-pertusella\/embed\/#?secret=HFDgb9jiTf\" data-secret=\"HFDgb9jiTf\" width=\"500\" height=\"282\" title=\"&#8220;Elezioni 2021, i &#8220;segreti&#8221; del PD da record di Caronno Pertusella&#8221; &#8212; SaronnoNews\" frameborder=\"0\" marginwidth=\"0\" marginheight=\"0\" scrolling=\"no\"><\/iframe>","_oembed_time_23e254874881d44218744016dfcfb836":"1640244721","_oembed_04bc39761ffdf2a322f2f6793abdd364":"<blockquote class=\"wp-embedded-content\" data-secret=\"Sn7Feq0WMy\"><a href=\"https:\/\/www.varesenews.it\/2017\/03\/dono-un-rene-al-marito-ci-amiamo-e-amiamo-la-vita\/600162\/\">Don\u00f3 un rene al marito: &#8220;Ci amiamo e amiamo la vita&#8221;<\/a><\/blockquote><iframe class=\"wp-embedded-content\" sandbox=\"allow-scripts\" security=\"restricted\" style=\"position: absolute; clip: rect(1px, 1px, 1px, 1px);\" src=\"https:\/\/www.varesenews.it\/2017\/03\/dono-un-rene-al-marito-ci-amiamo-e-amiamo-la-vita\/600162\/embed\/#?secret=Sn7Feq0WMy\" data-secret=\"Sn7Feq0WMy\" width=\"500\" height=\"282\" title=\"&#8220;Don\u00f3 un rene al marito: &#8220;Ci amiamo e amiamo la vita&#8221;&#8221; &#8212; VareseNews\" frameborder=\"0\" marginwidth=\"0\" marginheight=\"0\" scrolling=\"no\"><\/iframe>","_oembed_time_04bc39761ffdf2a322f2f6793abdd364":"1640244721"},"photos":[{"original":"https:\/\/staging.varesenews.it\/photogallery_new\/images\/2021\/12\/generica-2020-1270524.jpg","full":"https:\/\/staging.varesenews.it\/photogallery_new\/images\/2021\/12\/generica-2020-1270524.1024x768.jpg","large":"https:\/\/staging.varesenews.it\/photogallery_new\/images\/2021\/12\/generica-2020-1270524.610x431.jpg"}],"_links":{"self":[{"href":"https:\/\/staging.varesenews.it\/swgapi\/v1\/wp\/v2\/posts\/1412517"}],"collection":[{"href":"https:\/\/staging.varesenews.it\/swgapi\/v1\/wp\/v2\/posts"}],"about":[{"href":"https:\/\/staging.varesenews.it\/swgapi\/v1\/wp\/v2\/types\/post"}],"author":[{"embeddable":true,"href":"https:\/\/staging.varesenews.it\/swgapi\/v1\/wp\/v2\/users\/39"}],"replies":[{"embeddable":true,"href":"https:\/\/staging.varesenews.it\/swgapi\/v1\/wp\/v2\/comments?post=1412517"}],"version-history":[{"count":0,"href":"https:\/\/staging.varesenews.it\/swgapi\/v1\/wp\/v2\/posts\/1412517\/revisions"}],"wp:attachment":[{"href":"https:\/\/staging.varesenews.it\/swgapi\/v1\/wp\/v2\/media?parent=1412517"}],"wp:term":[{"taxonomy":"category","embeddable":true,"href":"https:\/\/staging.varesenews.it\/swgapi\/v1\/wp\/v2\/categories?post=1412517"},{"taxonomy":"post_tag","embeddable":true,"href":"https:\/\/staging.varesenews.it\/swgapi\/v1\/wp\/v2\/tags?post=1412517"}],"curies":[{"name":"wp","href":"https:\/\/api.w.org\/{rel}","templated":true}]}}