{"id":1412638,"date":"2021-12-20T17:39:57","date_gmt":"2021-12-20T16:39:57","guid":{"rendered":"https:\/\/www.varesenews.it\/?p=1412638"},"modified":"2021-12-20T17:39:57","modified_gmt":"2021-12-20T16:39:57","slug":"coni-premia-collare-doro-la-ginnastica-virtus-gallaratese","status":"publish","type":"post","link":"https:\/\/staging.varesenews.it\/2021\/12\/coni-premia-collare-doro-la-ginnastica-virtus-gallaratese\/1412638\/","title":{"rendered":"Il Coni premia con il Collare d\u2019Oro la Ginnastica Virtus di Gallaratese"},"content":{"rendered":"<p>Il <strong>Collare d\u2019Oro al merito sportivo<\/strong> \u00e8 la massima tra le onorificenze del <strong>Coni<\/strong>, il Comitato olimpico nazionale italiano.<\/p>\n<p>Tra le societ\u00e0 premiate quest\u2019anno c\u2019\u00e8 anche la Virtus Gallarate, la storico club di Gallarate, che \u00e8 andato a Roma per ritirare di persona il premio. <em>(foto <a href=\"http:\/\/www.virtusgallarate.it\/index.php\/la-societa\/storia\">www.virtusgallarate.it<\/a>)<\/em><\/p>\n<p>\u00abLa Virtus \u00e8 una delle societ\u00e0 pi\u00f9 longeve di Gallarate &#8211; <strong>commenta l\u2019assessore allo sport Claudia Mazzetti<\/strong> &#8211; con oltre 130 anni di storia e successi alle spalle. Questo \u00e8 l\u2019ennesimo risultato raggiunto dalla societ\u00e0 che fa parte della storia gallaratese ed \u00e8 un punto di riferimento per tanti sportivi. Il loro operato testimonia il costante impegno, la passione e la dedizione di tutta la societ\u00e0 e dei suoi atleti. Ci complimentiamo perch\u00e9 d\u00e0 sempre lustro alla citt\u00e0 di Gallarate, auguriamo loro di proseguire su questa onda di successi e speriamo ce ne saranno ancora tanti in futuro\u00bb.<\/p>\n","protected":false},"excerpt":{"rendered":"<p>La societ\u00e0 del presidente Nicola Pozzi ha anche ricevuto una lettera firmata dal numero uno del Coni Giovanni Malag\u00f2\u00a0<\/p>\n","protected":false},"author":37,"featured_media":0,"comment_status":"open","ping_status":"open","sticky":false,"template":"","format":"standard","meta":{"footnotes":""},"categories":[3,14],"tags":[120025,487,4682,116022],"acf":[],"yoast_head":"<!-- This site is optimized with the Yoast SEO plugin v20.1 - https:\/\/yoast.com\/wordpress\/plugins\/seo\/ -->\n<title>Il Coni premia con il Collare d\u2019Oro la Ginnastica Virtus di Gallaratese<\/title>\n<meta name=\"description\" content=\"La societ\u00e0 del presidente Nicola Pozzi ha anche ricevuto una lettera firmata dal numero uno del Coni Giovanni Malag\u00f2\u00a0\" \/>\n<meta name=\"robots\" content=\"noindex, follow, max-snippet:-1, max-image-preview:large, max-video-preview:-1\" \/>\n<meta property=\"og:locale\" content=\"it_IT\" \/>\n<meta property=\"og:type\" content=\"article\" \/>\n<meta property=\"og:title\" content=\"Il Coni premia con il Collare d\u2019Oro la Ginnastica Virtus di Gallaratese\" \/>\n<meta property=\"og:description\" content=\"La societ\u00e0 del presidente Nicola Pozzi ha anche ricevuto una lettera firmata dal numero uno del Coni Giovanni Malag\u00f2\u00a0\" \/>\n<meta property=\"og:url\" content=\"https:\/\/staging.varesenews.it\/2021\/12\/coni-premia-collare-doro-la-ginnastica-virtus-gallaratese\/1412638\/\" \/>\n<meta property=\"og:site_name\" content=\"VareseNews\" \/>\n<meta property=\"article:publisher\" content=\"https:\/\/www.facebook.com\/varesenews\" \/>\n<meta property=\"article:published_time\" content=\"2021-12-20T16:39:57+00:00\" \/>\n<meta name=\"author\" content=\"Francesco Mazzoleni\" \/>\n<meta name=\"twitter:card\" content=\"summary_large_image\" \/>\n<meta name=\"twitter:creator\" content=\"@fmazzof\" \/>\n<meta name=\"twitter:site\" content=\"@varesenews\" \/>\n<meta name=\"twitter:label1\" content=\"Scritto da\" \/>\n\t<meta name=\"twitter:data1\" content=\"Francesco Mazzoleni\" \/>\n\t<meta name=\"twitter:label2\" content=\"Tempo di lettura stimato\" \/>\n\t<meta name=\"twitter:data2\" content=\"1 minuto\" \/>\n<script type=\"application\/ld+json\" class=\"yoast-schema-graph\">{\"@context\":\"https:\/\/schema.org\",\"@graph\":[{\"@type\":\"WebPage\",\"@id\":\"https:\/\/staging.varesenews.it\/2021\/12\/coni-premia-collare-doro-la-ginnastica-virtus-gallaratese\/1412638\/\",\"url\":\"https:\/\/staging.varesenews.it\/2021\/12\/coni-premia-collare-doro-la-ginnastica-virtus-gallaratese\/1412638\/\",\"name\":\"Il Coni premia con il Collare d\u2019Oro la Ginnastica Virtus di Gallaratese\",\"isPartOf\":{\"@id\":\"https:\/\/staging.varesenews.it\/#website\"},\"datePublished\":\"2021-12-20T16:39:57+00:00\",\"dateModified\":\"2021-12-20T16:39:57+00:00\",\"author\":{\"@id\":\"https:\/\/staging.varesenews.it\/#\/schema\/person\/e82236e79160d30d4e1f942004ac3038\"},\"description\":\"La societ\u00e0 del presidente Nicola Pozzi ha anche ricevuto una lettera firmata dal numero uno del Coni Giovanni Malag\u00f2\u00a0\",\"breadcrumb\":{\"@id\":\"https:\/\/staging.varesenews.it\/2021\/12\/coni-premia-collare-doro-la-ginnastica-virtus-gallaratese\/1412638\/#breadcrumb\"},\"inLanguage\":\"it-IT\",\"potentialAction\":[{\"@type\":\"ReadAction\",\"target\":[\"https:\/\/staging.varesenews.it\/2021\/12\/coni-premia-collare-doro-la-ginnastica-virtus-gallaratese\/1412638\/\"]}]},{\"@type\":\"BreadcrumbList\",\"@id\":\"https:\/\/staging.varesenews.it\/2021\/12\/coni-premia-collare-doro-la-ginnastica-virtus-gallaratese\/1412638\/#breadcrumb\",\"itemListElement\":[{\"@type\":\"ListItem\",\"position\":1,\"name\":\"Home\",\"item\":\"https:\/\/www.varesenews.it\/\"},{\"@type\":\"ListItem\",\"position\":2,\"name\":\"Il Coni premia con il Collare d\u2019Oro la Ginnastica Virtus di Gallaratese\"}]},{\"@type\":\"WebSite\",\"@id\":\"https:\/\/staging.varesenews.it\/#website\",\"url\":\"https:\/\/staging.varesenews.it\/\",\"name\":\"VareseNews\",\"description\":\"\",\"potentialAction\":[{\"@type\":\"SearchAction\",\"target\":{\"@type\":\"EntryPoint\",\"urlTemplate\":\"https:\/\/staging.varesenews.it\/?s={search_term_string}\"},\"query-input\":\"required name=search_term_string\"}],\"inLanguage\":\"it-IT\"},{\"@type\":\"Person\",\"@id\":\"https:\/\/staging.varesenews.it\/#\/schema\/person\/e82236e79160d30d4e1f942004ac3038\",\"name\":\"Francesco Mazzoleni\",\"image\":{\"@type\":\"ImageObject\",\"inLanguage\":\"it-IT\",\"@id\":\"https:\/\/staging.varesenews.it\/#\/schema\/person\/image\/\",\"url\":\"https:\/\/staging.varesenews.it\/wp-content\/uploads\/2020\/12\/francesco_mazzoleni_colori_500-1.jpg\",\"contentUrl\":\"https:\/\/staging.varesenews.it\/wp-content\/uploads\/2020\/12\/francesco_mazzoleni_colori_500-1.jpg\",\"caption\":\"Francesco Mazzoleni\"},\"description\":\"\\\"Uomo di campo\\\" della redazione sportiva. Nutro una vera passione per il calcio, che sia ad alti livelli, sui campi di provincia o in altri continenti. Sono nato a Varese nel 1984, vivo da sempre a Malnate e ho una laurea in Scienze Motorie. Ho mosso i primi passi a VareseNews da stagista nel 2002; nel 2008 ho iniziato a collaborare con maggiore continuit\u00e0 e dal 2018 sono giornalista professionista. Orgoglioso pap\u00e0 di Federico e Adelaide.\",\"sameAs\":[\"fmazzof\",\"it.linkedin.com\/in\/francescomazzolenif\",\"https:\/\/twitter.com\/fmazzof\"],\"url\":\"https:\/\/staging.varesenews.it\/persona\/francesco_mazzoleniferracini\/\"}]}<\/script>\n<!-- \/ Yoast SEO plugin. -->","yoast_head_json":{"title":"Il Coni premia con il Collare d\u2019Oro la Ginnastica Virtus di Gallaratese","description":"La societ\u00e0 del presidente Nicola Pozzi ha anche ricevuto una lettera firmata dal numero uno del Coni Giovanni Malag\u00f2\u00a0","robots":{"index":"noindex","follow":"follow","max-snippet":"max-snippet:-1","max-image-preview":"max-image-preview:large","max-video-preview":"max-video-preview:-1"},"og_locale":"it_IT","og_type":"article","og_title":"Il Coni premia con il Collare d\u2019Oro la Ginnastica Virtus di Gallaratese","og_description":"La societ\u00e0 del presidente Nicola Pozzi ha anche ricevuto una lettera firmata dal numero uno del Coni Giovanni Malag\u00f2\u00a0","og_url":"https:\/\/staging.varesenews.it\/2021\/12\/coni-premia-collare-doro-la-ginnastica-virtus-gallaratese\/1412638\/","og_site_name":"VareseNews","article_publisher":"https:\/\/www.facebook.com\/varesenews","article_published_time":"2021-12-20T16:39:57+00:00","author":"Francesco Mazzoleni","twitter_card":"summary_large_image","twitter_creator":"@fmazzof","twitter_site":"@varesenews","twitter_misc":{"Scritto da":"Francesco Mazzoleni","Tempo di lettura stimato":"1 minuto"},"schema":{"@context":"https:\/\/schema.org","@graph":[{"@type":"WebPage","@id":"https:\/\/staging.varesenews.it\/2021\/12\/coni-premia-collare-doro-la-ginnastica-virtus-gallaratese\/1412638\/","url":"https:\/\/staging.varesenews.it\/2021\/12\/coni-premia-collare-doro-la-ginnastica-virtus-gallaratese\/1412638\/","name":"Il Coni premia con il Collare d\u2019Oro la Ginnastica Virtus di Gallaratese","isPartOf":{"@id":"https:\/\/staging.varesenews.it\/#website"},"datePublished":"2021-12-20T16:39:57+00:00","dateModified":"2021-12-20T16:39:57+00:00","author":{"@id":"https:\/\/staging.varesenews.it\/#\/schema\/person\/e82236e79160d30d4e1f942004ac3038"},"description":"La societ\u00e0 del presidente Nicola Pozzi ha anche ricevuto una lettera firmata dal numero uno del Coni Giovanni Malag\u00f2\u00a0","breadcrumb":{"@id":"https:\/\/staging.varesenews.it\/2021\/12\/coni-premia-collare-doro-la-ginnastica-virtus-gallaratese\/1412638\/#breadcrumb"},"inLanguage":"it-IT","potentialAction":[{"@type":"ReadAction","target":["https:\/\/staging.varesenews.it\/2021\/12\/coni-premia-collare-doro-la-ginnastica-virtus-gallaratese\/1412638\/"]}]},{"@type":"BreadcrumbList","@id":"https:\/\/staging.varesenews.it\/2021\/12\/coni-premia-collare-doro-la-ginnastica-virtus-gallaratese\/1412638\/#breadcrumb","itemListElement":[{"@type":"ListItem","position":1,"name":"Home","item":"https:\/\/www.varesenews.it\/"},{"@type":"ListItem","position":2,"name":"Il Coni premia con il Collare d\u2019Oro la Ginnastica Virtus di Gallaratese"}]},{"@type":"WebSite","@id":"https:\/\/staging.varesenews.it\/#website","url":"https:\/\/staging.varesenews.it\/","name":"VareseNews","description":"","potentialAction":[{"@type":"SearchAction","target":{"@type":"EntryPoint","urlTemplate":"https:\/\/staging.varesenews.it\/?s={search_term_string}"},"query-input":"required name=search_term_string"}],"inLanguage":"it-IT"},{"@type":"Person","@id":"https:\/\/staging.varesenews.it\/#\/schema\/person\/e82236e79160d30d4e1f942004ac3038","name":"Francesco Mazzoleni","image":{"@type":"ImageObject","inLanguage":"it-IT","@id":"https:\/\/staging.varesenews.it\/#\/schema\/person\/image\/","url":"https:\/\/staging.varesenews.it\/wp-content\/uploads\/2020\/12\/francesco_mazzoleni_colori_500-1.jpg","contentUrl":"https:\/\/staging.varesenews.it\/wp-content\/uploads\/2020\/12\/francesco_mazzoleni_colori_500-1.jpg","caption":"Francesco Mazzoleni"},"description":"\"Uomo di campo\" della redazione sportiva. Nutro una vera passione per il calcio, che sia ad alti livelli, sui campi di provincia o in altri continenti. Sono nato a Varese nel 1984, vivo da sempre a Malnate e ho una laurea in Scienze Motorie. Ho mosso i primi passi a VareseNews da stagista nel 2002; nel 2008 ho iniziato a collaborare con maggiore continuit\u00e0 e dal 2018 sono giornalista professionista. Orgoglioso pap\u00e0 di Federico e Adelaide.","sameAs":["fmazzof","it.linkedin.com\/in\/francescomazzolenif","https:\/\/twitter.com\/fmazzof"],"url":"https:\/\/staging.varesenews.it\/persona\/francesco_mazzoleniferracini\/"}]}},"post_meta":{"_edit_lock":"1640019247:37","_edit_last":"37","_category_permalink":"a:1:{s:8:\"category\";s:2:\"14\";}","_encloseme":"1","ratings_users":"0","ratings_score":"0","ratings_average":"0","foto":"1270571","firma_come_redazione":"1","argomento":"Sport","_yoast_wpseo_content_score":"30","_jd_tweet_this":"yes","_wpt_short_url":"https:\/\/www.varesenews.it\/2021\/12\/coni-premia-collare-doro-la-ginnastica-virtus-gallaratese\/1412638\/","_wp_jd_target":"https:\/\/www.varesenews.it\/2021\/12\/coni-premia-collare-doro-la-ginnastica-virtus-gallaratese\/1412638\/","_jd_wp_twitter":"a:1:{i:0;s:209:\"Il Coni premia con il Collare d\u2019Oro la Ginnastica Virtus di Gallaratese https:\/\/www.varesenews.it\/2021\/12\/coni-premia-collare-doro-la-ginnastica-virtus-gallaratese\/1412638\/ #collaredoroconi #coni #ginnastica\";}","_wpt_status_message":"Tweet inviato con successo.","_oembed_f56523027b68010e386013063371e843":"<blockquote class=\"wp-embedded-content\" data-secret=\"saSmPX1Qv3\"><a href=\"https:\/\/www.varesenews.it\/2021\/09\/si-litiga-meno-lagenzia-delle-entrate-calo-le-controversie-tributarie-17\/1380736\/\">Si litiga meno con l&#8217;Agenzia delle entrate. In calo le controversie tributarie (-17%)<\/a><\/blockquote><iframe class=\"wp-embedded-content\" sandbox=\"allow-scripts\" security=\"restricted\" style=\"position: absolute; clip: rect(1px, 1px, 1px, 1px);\" src=\"https:\/\/www.varesenews.it\/2021\/09\/si-litiga-meno-lagenzia-delle-entrate-calo-le-controversie-tributarie-17\/1380736\/embed\/#?secret=saSmPX1Qv3\" data-secret=\"saSmPX1Qv3\" width=\"500\" height=\"282\" title=\"&#8220;Si litiga meno con l&#8217;Agenzia delle entrate. In calo le controversie tributarie (-17%)&#8221; &#8212; VareseNews\" frameborder=\"0\" marginwidth=\"0\" marginheight=\"0\" scrolling=\"no\"><\/iframe>","_oembed_time_f56523027b68010e386013063371e843":"1640018746","_oembed_a14dd0c29a0a8ea3baa35a7232db96c8":"<iframe width=\"500\" height=\"281\" src=\"https:\/\/www.youtube.com\/embed\/PMSGF8nUjvw?start=2&feature=oembed\" frameborder=\"0\" allow=\"accelerometer; autoplay; clipboard-write; encrypted-media; gyroscope; picture-in-picture\" allowfullscreen><\/iframe>","_oembed_time_a14dd0c29a0a8ea3baa35a7232db96c8":"1640018746","_oembed_1a9758f68142d26dff933e3696ca6cfa":"<blockquote class=\"wp-embedded-content\" data-secret=\"BHWo0VwRse\"><a href=\"https:\/\/www.varesenews.it\/2021\/12\/torna-la-cena-natale-soldiale-busto-arsizio-portateci-cibo-lo-cucineremo-consegneremo-difficolta\/1408732\/\">Torna la cena di Natale solidale di Busto Arsizio: &#8220;Portateci il cibo, noi lo cucineremo e consegneremo a chi \u00e8 in difficolt\u00e0&#8221;<\/a><\/blockquote><iframe class=\"wp-embedded-content\" sandbox=\"allow-scripts\" security=\"restricted\" style=\"position: absolute; clip: rect(1px, 1px, 1px, 1px);\" src=\"https:\/\/www.varesenews.it\/2021\/12\/torna-la-cena-natale-soldiale-busto-arsizio-portateci-cibo-lo-cucineremo-consegneremo-difficolta\/1408732\/embed\/#?secret=BHWo0VwRse\" data-secret=\"BHWo0VwRse\" width=\"500\" height=\"282\" title=\"&#8220;Torna la cena di Natale solidale di Busto Arsizio: &#8220;Portateci il cibo, noi lo cucineremo e consegneremo a chi \u00e8 in difficolt\u00e0&#8221;&#8221; &#8212; VareseNews\" frameborder=\"0\" marginwidth=\"0\" marginheight=\"0\" scrolling=\"no\"><\/iframe>","_oembed_time_1a9758f68142d26dff933e3696ca6cfa":"1640018746"},"photos":[{"original":"https:\/\/staging.varesenews.it\/photogallery_new\/images\/2021\/12\/ginnastica-virtus-gallarate-storica-1270571.jpg","full":"https:\/\/staging.varesenews.it\/photogallery_new\/images\/2021\/12\/ginnastica-virtus-gallarate-storica-1270571.1024x768.jpg","large":"https:\/\/staging.varesenews.it\/photogallery_new\/images\/2021\/12\/ginnastica-virtus-gallarate-storica-1270571.610x431.jpg"}],"_links":{"self":[{"href":"https:\/\/staging.varesenews.it\/swgapi\/v1\/wp\/v2\/posts\/1412638"}],"collection":[{"href":"https:\/\/staging.varesenews.it\/swgapi\/v1\/wp\/v2\/posts"}],"about":[{"href":"https:\/\/staging.varesenews.it\/swgapi\/v1\/wp\/v2\/types\/post"}],"author":[{"embeddable":true,"href":"https:\/\/staging.varesenews.it\/swgapi\/v1\/wp\/v2\/users\/37"}],"replies":[{"embeddable":true,"href":"https:\/\/staging.varesenews.it\/swgapi\/v1\/wp\/v2\/comments?post=1412638"}],"version-history":[{"count":0,"href":"https:\/\/staging.varesenews.it\/swgapi\/v1\/wp\/v2\/posts\/1412638\/revisions"}],"wp:attachment":[{"href":"https:\/\/staging.varesenews.it\/swgapi\/v1\/wp\/v2\/media?parent=1412638"}],"wp:term":[{"taxonomy":"category","embeddable":true,"href":"https:\/\/staging.varesenews.it\/swgapi\/v1\/wp\/v2\/categories?post=1412638"},{"taxonomy":"post_tag","embeddable":true,"href":"https:\/\/staging.varesenews.it\/swgapi\/v1\/wp\/v2\/tags?post=1412638"}],"curies":[{"name":"wp","href":"https:\/\/api.w.org\/{rel}","templated":true}]}}