{"id":1414404,"date":"2021-12-27T18:17:31","date_gmt":"2021-12-27T17:17:31","guid":{"rendered":"https:\/\/www.varesenews.it\/?p=1414404"},"modified":"2021-12-27T18:17:31","modified_gmt":"2021-12-27T17:17:31","slug":"la-task-force-regionale-sul-sistema-tamponi-parte-dal-centro-gallarate","status":"publish","type":"post","link":"https:\/\/staging.varesenews.it\/2021\/12\/la-task-force-regionale-sul-sistema-tamponi-parte-dal-centro-gallarate\/1414404\/","title":{"rendered":"La task force regionale sul sistema tamponi parte dal nuovo centro di Gallarate"},"content":{"rendered":"<p>Da mercoled\u00ec 29 dicembre sar\u00e0 attivo il <strong>nuovo centro tamponi massivo a Gallarate<\/strong>, mentre sono state aggiunte 8 nuove linee tampone presso il centro di Trenno a Milano ed \u00e8 in fase di allestimento un nuovo centro tamponi presso Fiera Milano City che sar\u00e0 attivo nei prossimi giorni.<\/p>\n<p>Questi i primi esiti del lavoro della<strong> task force tamponi<\/strong> per individuare l&#8217;eventuale contagio da Covid istituita dalla vicepresidente e assessore al Welfare di Regione Lombardia Letizia Moratti all&#8217;indomani dei problemi emersi sul sistema dei tamponi.<\/p>\n<p>La task force <strong>guidata da Guido Grignaffini<\/strong> si \u00e8 riunita stamane provvedendo ad alcune prime iniziative urgenti, come l&#8217;ampliamento del numero dei punti tampone. Inoltre, <strong>tutte le Asst sono state invitate ad attivare orari dedicati<\/strong> ai tamponi presso i loro centri prelievi, mentre la direzione generale Welfare invier\u00e0 una lettera a <strong>Medici di medicina generale e Pediatri<\/strong> di libera scelta per sensibilizzarli circa la <strong>necessit\u00e0 di effettuare direttamente i tamponi<\/strong> ai propri assistiti evitando loro inutili e talvolta rischiosi spostamenti.<\/p>\n<p>&#8220;Abbiamo chiesto alle farmacie &#8211; <strong>spiega Grignaffini<\/strong> &#8211; la disponibilit\u00e0 ad <strong>allungare gli orari serali<\/strong> del servizio tamponi e a dedicare alcuni orari specifici ai cittadini che necessitano di tampone a seguito di contatti stretti. La direzione generale Welfare, a questo proposito, ha gi\u00e0 concordato con Federfarma l&#8217;invio di una richiesta formale che l&#8217;associazione si prender\u00e0 cura di trasmettere urgentemente ai propri associati per le adesioni&#8221;.<\/p>\n<p>L&#8217;analisi dei numeri sui tamponi effettuata dalla task force dice che nel mese di dicembre sono stati effettuati <strong>circa 3,5 milioni di tamponi<\/strong> in Lombardia, il 21,5% di tutti i tamponi somministrati in Italia. Una percentuale che sale al 22,3% nell&#8217;ultima settimana. La percentuale di popolazione lombarda, di contro, \u00e8 circa un sesto di quella italiana, il 16,7 %. Questa situazione ha creato, come in tutto il resto del Paese, alcune criticit\u00e0 e rallentamenti nell&#8217;offerta del servizio tamponi.<\/p>\n<p>Verificato l&#8217;aumento di incidenza e di richiesta di tamponi diagnostici per Sars-CoV2 sono state elaborate le indicazioni utili per razionalizzare l&#8217;offerta e garantire la possibilit\u00e0 di eseguire tamponi ove necessario.<\/p>\n<h2>Test prioritari a chi \u00e8 sintomatico<\/h2>\n<p>Il sistema di testing a carico del servizio sanitario deve essere prioritariamente dedicato in forma esclusiva ai pazienti sintomatici e con richiesta da parte del medico di medicina generale (tramite prenotazione informatica da ATS da MMG\/PLS oppure tramite ricetta presentandosi direttamente).<\/p>\n<p>In particolare, \u00e8 stata classificata <strong>la scala delle priorit\u00e0 per chiedere il tampone<\/strong>:<br \/>\nPriorit\u00e0 1: casi sintomatici (con prenotazione di medici di medicina generale o ATS);<br \/>\nPriorit\u00e0 2: guarigione (con stampato provvedimento di isolamento di ATS o prenotazione di ATS);<br \/>\nPriorit\u00e0 3: contatti stretti (fine quarantena), sorveglianza scuole e rientro da estero (con stampato provvedimento di isolamento di ATS o prenotazione di ATS);<br \/>\nPriorit\u00e0 4: green pass (farmacie o privato autorizzato).<\/p>\n","protected":false},"excerpt":{"rendered":"<p>Si \u00e8 riunita la nuova unit\u00e0 guidata da Guido Grignaffini. La richiesta alle farmacia di un ampliamento dell&#8217;orario di apertura. Fissate le priorit\u00e0 per i tamponi<\/p>\n","protected":false},"author":52,"featured_media":0,"comment_status":"open","ping_status":"open","sticky":false,"template":"","format":"standard","meta":{"footnotes":""},"categories":[7,24,2],"tags":[103242,105268,120138],"acf":[],"yoast_head":"<!-- This site is optimized with the Yoast SEO plugin v20.1 - https:\/\/yoast.com\/wordpress\/plugins\/seo\/ -->\n<title>La task force regionale sul sistema tamponi parte dal nuovo centro di Gallarate<\/title>\n<meta name=\"description\" content=\"Si \u00e8 riunita la nuova unit\u00e0 guidata da Guido Grignaffini. La richiesta alle farmacia di un ampliamento dell&#039;orario di apertura. Fissate le priorit\u00e0 per i tamponi\" \/>\n<meta name=\"robots\" content=\"noindex, follow, max-snippet:-1, max-image-preview:large, max-video-preview:-1\" \/>\n<meta property=\"og:locale\" content=\"it_IT\" \/>\n<meta property=\"og:type\" content=\"article\" \/>\n<meta property=\"og:title\" content=\"La task force regionale sul sistema tamponi parte dal nuovo centro di Gallarate\" \/>\n<meta property=\"og:description\" content=\"Si \u00e8 riunita la nuova unit\u00e0 guidata da Guido Grignaffini. La richiesta alle farmacia di un ampliamento dell&#039;orario di apertura. Fissate le priorit\u00e0 per i tamponi\" \/>\n<meta property=\"og:url\" content=\"https:\/\/www.varesenews.it\/2021\/12\/la-task-force-regionale-sul-sistema-tamponi-parte-dal-centro-gallarate\/1414404\/\" \/>\n<meta property=\"og:site_name\" content=\"VareseNews\" \/>\n<meta property=\"article:publisher\" content=\"https:\/\/www.facebook.com\/varesenews\" \/>\n<meta property=\"article:published_time\" content=\"2021-12-27T17:17:31+00:00\" \/>\n<meta name=\"author\" content=\"Tomaso Bassani\" \/>\n<meta name=\"twitter:card\" content=\"summary_large_image\" \/>\n<meta name=\"twitter:creator\" content=\"@varesenews\" \/>\n<meta name=\"twitter:site\" content=\"@varesenews\" \/>\n<meta name=\"twitter:label1\" content=\"Scritto da\" \/>\n\t<meta name=\"twitter:data1\" content=\"Tomaso Bassani\" \/>\n\t<meta name=\"twitter:label2\" content=\"Tempo di lettura stimato\" \/>\n\t<meta name=\"twitter:data2\" content=\"2 minuti\" \/>\n<script type=\"application\/ld+json\" class=\"yoast-schema-graph\">{\"@context\":\"https:\/\/schema.org\",\"@graph\":[{\"@type\":\"WebPage\",\"@id\":\"https:\/\/www.varesenews.it\/2021\/12\/la-task-force-regionale-sul-sistema-tamponi-parte-dal-centro-gallarate\/1414404\/\",\"url\":\"https:\/\/www.varesenews.it\/2021\/12\/la-task-force-regionale-sul-sistema-tamponi-parte-dal-centro-gallarate\/1414404\/\",\"name\":\"La task force regionale sul sistema tamponi parte dal nuovo centro di Gallarate\",\"isPartOf\":{\"@id\":\"https:\/\/staging.varesenews.it\/#website\"},\"datePublished\":\"2021-12-27T17:17:31+00:00\",\"dateModified\":\"2021-12-27T17:17:31+00:00\",\"author\":{\"@id\":\"https:\/\/staging.varesenews.it\/#\/schema\/person\/f8cc543029c96c954a35c042e01892bb\"},\"description\":\"Si \u00e8 riunita la nuova unit\u00e0 guidata da Guido Grignaffini. La richiesta alle farmacia di un ampliamento dell'orario di apertura. Fissate le priorit\u00e0 per i tamponi\",\"breadcrumb\":{\"@id\":\"https:\/\/www.varesenews.it\/2021\/12\/la-task-force-regionale-sul-sistema-tamponi-parte-dal-centro-gallarate\/1414404\/#breadcrumb\"},\"inLanguage\":\"it-IT\",\"potentialAction\":[{\"@type\":\"ReadAction\",\"target\":[\"https:\/\/www.varesenews.it\/2021\/12\/la-task-force-regionale-sul-sistema-tamponi-parte-dal-centro-gallarate\/1414404\/\"]}]},{\"@type\":\"BreadcrumbList\",\"@id\":\"https:\/\/www.varesenews.it\/2021\/12\/la-task-force-regionale-sul-sistema-tamponi-parte-dal-centro-gallarate\/1414404\/#breadcrumb\",\"itemListElement\":[{\"@type\":\"ListItem\",\"position\":1,\"name\":\"Home\",\"item\":\"https:\/\/www.varesenews.it\/\"},{\"@type\":\"ListItem\",\"position\":2,\"name\":\"La task force regionale sul sistema tamponi parte dal nuovo centro di Gallarate\"}]},{\"@type\":\"WebSite\",\"@id\":\"https:\/\/staging.varesenews.it\/#website\",\"url\":\"https:\/\/staging.varesenews.it\/\",\"name\":\"VareseNews\",\"description\":\"\",\"potentialAction\":[{\"@type\":\"SearchAction\",\"target\":{\"@type\":\"EntryPoint\",\"urlTemplate\":\"https:\/\/staging.varesenews.it\/?s={search_term_string}\"},\"query-input\":\"required name=search_term_string\"}],\"inLanguage\":\"it-IT\"},{\"@type\":\"Person\",\"@id\":\"https:\/\/staging.varesenews.it\/#\/schema\/person\/f8cc543029c96c954a35c042e01892bb\",\"name\":\"Tomaso Bassani\",\"image\":{\"@type\":\"ImageObject\",\"inLanguage\":\"it-IT\",\"@id\":\"https:\/\/staging.varesenews.it\/#\/schema\/person\/image\/\",\"url\":\"https:\/\/staging.varesenews.it\/wp-content\/uploads\/2020\/12\/tomaso_bassani_colori_500.jpg\",\"contentUrl\":\"https:\/\/staging.varesenews.it\/wp-content\/uploads\/2020\/12\/tomaso_bassani_colori_500.jpg\",\"caption\":\"Tomaso Bassani\"},\"description\":\"Sono nato nel 1988 e questo ha fatto s&igrave; che la mia vita sia coincisa con l'epoca di pi&ugrave; grande e veloce cambiamento della storia. Sono giornalista e caporedattore di Varesenews. Ho un master in data analysis, una laurea in storia e una formazione superiore commerciale. Sono cresciuto tra scout, tavola a rotelle, impegno associativo (in quella grande esperienza giovanile che &egrave; stato l&rsquo;Albizzate Valley Festival) e cooperativo (Circolo The Family di Albizzate). Per passione mi occupo di dati, videomaking, fotografia, scrittura e web. Per lavoro anche.&nbsp;\",\"sameAs\":[\"tomasobassani\",\"https:\/\/www.linkedin.com\/profile\/view?id=102759293&trk=nav_responsive_tab_profile\"],\"url\":\"https:\/\/staging.varesenews.it\/persona\/tomaso-bassani\/\"}]}<\/script>\n<!-- \/ Yoast SEO plugin. -->","yoast_head_json":{"title":"La task force regionale sul sistema tamponi parte dal nuovo centro di Gallarate","description":"Si \u00e8 riunita la nuova unit\u00e0 guidata da Guido Grignaffini. La richiesta alle farmacia di un ampliamento dell'orario di apertura. Fissate le priorit\u00e0 per i tamponi","robots":{"index":"noindex","follow":"follow","max-snippet":"max-snippet:-1","max-image-preview":"max-image-preview:large","max-video-preview":"max-video-preview:-1"},"og_locale":"it_IT","og_type":"article","og_title":"La task force regionale sul sistema tamponi parte dal nuovo centro di Gallarate","og_description":"Si \u00e8 riunita la nuova unit\u00e0 guidata da Guido Grignaffini. La richiesta alle farmacia di un ampliamento dell'orario di apertura. Fissate le priorit\u00e0 per i tamponi","og_url":"https:\/\/www.varesenews.it\/2021\/12\/la-task-force-regionale-sul-sistema-tamponi-parte-dal-centro-gallarate\/1414404\/","og_site_name":"VareseNews","article_publisher":"https:\/\/www.facebook.com\/varesenews","article_published_time":"2021-12-27T17:17:31+00:00","author":"Tomaso Bassani","twitter_card":"summary_large_image","twitter_creator":"@varesenews","twitter_site":"@varesenews","twitter_misc":{"Scritto da":"Tomaso Bassani","Tempo di lettura stimato":"2 minuti"},"schema":{"@context":"https:\/\/schema.org","@graph":[{"@type":"WebPage","@id":"https:\/\/www.varesenews.it\/2021\/12\/la-task-force-regionale-sul-sistema-tamponi-parte-dal-centro-gallarate\/1414404\/","url":"https:\/\/www.varesenews.it\/2021\/12\/la-task-force-regionale-sul-sistema-tamponi-parte-dal-centro-gallarate\/1414404\/","name":"La task force regionale sul sistema tamponi parte dal nuovo centro di Gallarate","isPartOf":{"@id":"https:\/\/staging.varesenews.it\/#website"},"datePublished":"2021-12-27T17:17:31+00:00","dateModified":"2021-12-27T17:17:31+00:00","author":{"@id":"https:\/\/staging.varesenews.it\/#\/schema\/person\/f8cc543029c96c954a35c042e01892bb"},"description":"Si \u00e8 riunita la nuova unit\u00e0 guidata da Guido Grignaffini. La richiesta alle farmacia di un ampliamento dell'orario di apertura. Fissate le priorit\u00e0 per i tamponi","breadcrumb":{"@id":"https:\/\/www.varesenews.it\/2021\/12\/la-task-force-regionale-sul-sistema-tamponi-parte-dal-centro-gallarate\/1414404\/#breadcrumb"},"inLanguage":"it-IT","potentialAction":[{"@type":"ReadAction","target":["https:\/\/www.varesenews.it\/2021\/12\/la-task-force-regionale-sul-sistema-tamponi-parte-dal-centro-gallarate\/1414404\/"]}]},{"@type":"BreadcrumbList","@id":"https:\/\/www.varesenews.it\/2021\/12\/la-task-force-regionale-sul-sistema-tamponi-parte-dal-centro-gallarate\/1414404\/#breadcrumb","itemListElement":[{"@type":"ListItem","position":1,"name":"Home","item":"https:\/\/www.varesenews.it\/"},{"@type":"ListItem","position":2,"name":"La task force regionale sul sistema tamponi parte dal nuovo centro di Gallarate"}]},{"@type":"WebSite","@id":"https:\/\/staging.varesenews.it\/#website","url":"https:\/\/staging.varesenews.it\/","name":"VareseNews","description":"","potentialAction":[{"@type":"SearchAction","target":{"@type":"EntryPoint","urlTemplate":"https:\/\/staging.varesenews.it\/?s={search_term_string}"},"query-input":"required name=search_term_string"}],"inLanguage":"it-IT"},{"@type":"Person","@id":"https:\/\/staging.varesenews.it\/#\/schema\/person\/f8cc543029c96c954a35c042e01892bb","name":"Tomaso Bassani","image":{"@type":"ImageObject","inLanguage":"it-IT","@id":"https:\/\/staging.varesenews.it\/#\/schema\/person\/image\/","url":"https:\/\/staging.varesenews.it\/wp-content\/uploads\/2020\/12\/tomaso_bassani_colori_500.jpg","contentUrl":"https:\/\/staging.varesenews.it\/wp-content\/uploads\/2020\/12\/tomaso_bassani_colori_500.jpg","caption":"Tomaso Bassani"},"description":"Sono nato nel 1988 e questo ha fatto s&igrave; che la mia vita sia coincisa con l'epoca di pi&ugrave; grande e veloce cambiamento della storia. Sono giornalista e caporedattore di Varesenews. Ho un master in data analysis, una laurea in storia e una formazione superiore commerciale. Sono cresciuto tra scout, tavola a rotelle, impegno associativo (in quella grande esperienza giovanile che &egrave; stato l&rsquo;Albizzate Valley Festival) e cooperativo (Circolo The Family di Albizzate). Per passione mi occupo di dati, videomaking, fotografia, scrittura e web. Per lavoro anche.&nbsp;","sameAs":["tomasobassani","https:\/\/www.linkedin.com\/profile\/view?id=102759293&trk=nav_responsive_tab_profile"],"url":"https:\/\/staging.varesenews.it\/persona\/tomaso-bassani\/"}]}},"post_meta":{"_edit_lock":"1640689860:52","_edit_last":"52","_category_permalink":"a:1:{s:8:\"category\";s:0:\"\";}","_encloseme":"1","ratings_users":"0","ratings_score":"0","ratings_average":"0","foto":"1271193","firma_come_redazione":"1","argomento":"Lombardia","_yoast_wpseo_content_score":"30","_jd_tweet_this":"yes","_wpt_short_url":"https:\/\/www.varesenews.it\/2021\/12\/la-task-force-regionale-sul-sistema-tamponi-parte-dal-centro-gallarate\/1414404\/","_wp_jd_target":"https:\/\/www.varesenews.it\/2021\/12\/la-task-force-regionale-sul-sistema-tamponi-parte-dal-centro-gallarate\/1414404\/","_jd_wp_twitter":"a:1:{i:0;s:215:\"La task force regionale sul sistema tamponi parte dal nuovo centro di Gallarate https:\/\/www.varesenews.it\/2021\/12\/la-task-force-regionale-sul-sistema-tamponi-parte-dal-centro-gallarate\/1414404\/ #coronavirus #tamponi\";}","_wpt_status_message":"Tweet inviato con successo."},"photos":[{"original":"https:\/\/staging.varesenews.it\/photogallery_new\/images\/2021\/12\/centro-tamponi-drive-through-laveno-mombello-1271193.jpg","full":"https:\/\/staging.varesenews.it\/photogallery_new\/images\/2021\/12\/centro-tamponi-drive-through-laveno-mombello-1271193.1024x768.jpg","large":"https:\/\/staging.varesenews.it\/photogallery_new\/images\/2021\/12\/centro-tamponi-drive-through-laveno-mombello-1271193.610x431.jpg"}],"_links":{"self":[{"href":"https:\/\/staging.varesenews.it\/swgapi\/v1\/wp\/v2\/posts\/1414404"}],"collection":[{"href":"https:\/\/staging.varesenews.it\/swgapi\/v1\/wp\/v2\/posts"}],"about":[{"href":"https:\/\/staging.varesenews.it\/swgapi\/v1\/wp\/v2\/types\/post"}],"author":[{"embeddable":true,"href":"https:\/\/staging.varesenews.it\/swgapi\/v1\/wp\/v2\/users\/52"}],"replies":[{"embeddable":true,"href":"https:\/\/staging.varesenews.it\/swgapi\/v1\/wp\/v2\/comments?post=1414404"}],"version-history":[{"count":0,"href":"https:\/\/staging.varesenews.it\/swgapi\/v1\/wp\/v2\/posts\/1414404\/revisions"}],"wp:attachment":[{"href":"https:\/\/staging.varesenews.it\/swgapi\/v1\/wp\/v2\/media?parent=1414404"}],"wp:term":[{"taxonomy":"category","embeddable":true,"href":"https:\/\/staging.varesenews.it\/swgapi\/v1\/wp\/v2\/categories?post=1414404"},{"taxonomy":"post_tag","embeddable":true,"href":"https:\/\/staging.varesenews.it\/swgapi\/v1\/wp\/v2\/tags?post=1414404"}],"curies":[{"name":"wp","href":"https:\/\/api.w.org\/{rel}","templated":true}]}}