{"id":1414552,"date":"2021-12-28T16:44:32","date_gmt":"2021-12-28T15:44:32","guid":{"rendered":"https:\/\/www.varesenews.it\/?p=1414552"},"modified":"2021-12-28T16:51:32","modified_gmt":"2021-12-28T15:51:32","slug":"capodanno-sole-arrivo-lanticiclone-africano-porta-temperature-primaverili","status":"publish","type":"post","link":"https:\/\/staging.varesenews.it\/2021\/12\/capodanno-sole-arrivo-lanticiclone-africano-porta-temperature-primaverili\/1414552\/","title":{"rendered":"Capodanno con il sole: in arrivo l&#8217;anticiclone africano che porta temperature primaverili"},"content":{"rendered":"<p><strong>Sar\u00e0 un Capodanno con il sole e dalle temperature miti, quasi un anticipo di primavera<\/strong>. Le previsioni meteo annunciano giornate di sole e un deciso rialzo delle temperature per gli ultimi giorni del 2021 in tutta la fascia prealpina.<\/p>\n<p>\u00abGi\u00e0 a partire da gi0ved\u00ec inizier\u00e0 a far sentire i suoi effetti un&#8217;<strong>alta pressione di origine africana<\/strong> che arriver\u00e0 nei giorni di Capodanno fino nel cuore dell&#8217;Europa &#8211; conferma <strong>Paolo Valisa<\/strong>, meteorologo del <a href=\"https:\/\/www.astrogeo.va.it\/meteo\/\"><strong>Centro geofisico prealpino di Varese<\/strong><\/a> &#8211; Da gioved\u00ec infatti terminer\u00e0 il ciclo di perturbazioni e nuvole che ha caratterizzato le festivit\u00e0 natalizie e si avranno giorni di bel tempo, con sole limpido e temperature molto elevate per il periodo\u00bb.<\/p>\n<p>Soprattutto nella zona prealpina, grazie alla barriera delle Alpi, il caldo si far\u00e0 sentire, <strong>arrivando a 15\u00b0-17\u00b0<\/strong> con punte anche pi\u00f9 elevate per effetto del favonio. <strong>Lo zero termico a 3700 metri di quota<\/strong> \u00e8 quello tipico del mese di luglio.\u00a0 Questa breve ondata di caldo\u00a0 provocher\u00e0 anche nebbie in pianura dove, proprio per effetto della copertura del sole da parte della nebbia, la temperatura tender\u00e0 per\u00f2 ad essere meno elevata.<\/p>\n<p><strong>Una situazione anomala per la fine di dicembre<\/strong>, un indicatore di qualcosa che sta cambiando:\u00a0\u00abUn singolo episodio come questo non lo possiamo considerare direttamente legato ai cambiamenti climatici &#8211; spiega Valisa &#8211; ma \u00e8 la frequenza con cui queste anomalie si verificano che ci dice di <strong>un mutamento in atto<\/strong>. L&#8217;inverno scorso qualcosa di analogo si verific\u00f2 alla fine di febbraio\u00bb.<\/p>\n<p>Anche se si tratta di fenomeni estemporanei, <strong>le conseguenze possono essere dannose<\/strong>, avverte il meteorologo:\u00a0\u00abRialzi cos\u00ec significativi possono avere effetto sullo scioglimento dei ghiacci in alta quota, ma anche sulla consistenza degli strati nevosi, con l&#8217;aumento del rischio di valanghe in montagna, e, soprattutto se si verificano pi\u00f9 avanti nella stagione, possono provocare molti danni agli alberi da frutto, perch\u00e9 stimolano un&#8217;accelerazione del risveglio vegetativo e le gelate tardive che arrivano sempre alla fine dell&#8217;inverno trovano le piante gi\u00e0 attive\u00bb.<\/p>\n<p>Godiamo dunque le giornate di sole e caldo che arriveranno, ma <strong>senza dimenticare il monito di Paolo Valisa<\/strong>:\u00a0\u00abSe i cambiamenti climatici ci portassero verso un raffreddamento probabilmente saremmo molto pi\u00f9 preoccupati e allo stesso tempo attivi per combatterli &#8211; conclude il meteorologo varesino &#8211; Invece il caldo e il sole ci piacciono e ci portano a sottovalutare quesi fenomeni. <strong>Una sorta di &#8220;dolce veleno&#8221;<\/strong> che ci beviamo senza accorgerci che ci fa male\u00bb.<\/p>\n","protected":false},"excerpt":{"rendered":"<p>A partire da gioved\u00ec soprattutto nella zona prealpina  il caldo si far\u00e0 sentire, arrivando a 15\u00b0-17\u00b0 con punte anche pi\u00f9 elevate per effetto del favonio<\/p>\n","protected":false},"author":44,"featured_media":0,"comment_status":"open","ping_status":"open","sticky":false,"template":"","format":"standard","meta":{"footnotes":""},"categories":[4,3,7,5,21,2],"tags":[111310,163,162,116928],"acf":[],"yoast_head":"<!-- This site is optimized with the Yoast SEO plugin v20.1 - https:\/\/yoast.com\/wordpress\/plugins\/seo\/ -->\n<title>Capodanno con il sole: in arrivo l&#039;anticiclone africano che porta temperature primaverili<\/title>\n<meta name=\"description\" content=\"A partire da gioved\u00ec soprattutto nella zona prealpina il caldo si far\u00e0 sentire, arrivando a 15\u00b0-17\u00b0 con punte anche pi\u00f9 elevate per effetto del favonio\" \/>\n<meta name=\"robots\" content=\"noindex, follow, max-snippet:-1, max-image-preview:large, max-video-preview:-1\" \/>\n<meta property=\"og:locale\" content=\"it_IT\" \/>\n<meta property=\"og:type\" content=\"article\" \/>\n<meta property=\"og:title\" content=\"Capodanno con il sole: in arrivo l&#039;anticiclone africano che porta temperature primaverili\" \/>\n<meta property=\"og:description\" content=\"A partire da gioved\u00ec soprattutto nella zona prealpina il caldo si far\u00e0 sentire, arrivando a 15\u00b0-17\u00b0 con punte anche pi\u00f9 elevate per effetto del favonio\" \/>\n<meta property=\"og:url\" content=\"https:\/\/staging.varesenews.it\/2021\/12\/capodanno-sole-arrivo-lanticiclone-africano-porta-temperature-primaverili\/1414552\/\" \/>\n<meta property=\"og:site_name\" content=\"VareseNews\" \/>\n<meta property=\"article:publisher\" content=\"https:\/\/www.facebook.com\/varesenews\" \/>\n<meta property=\"article:author\" content=\"https:\/\/www.facebook.com\/mariangela.gerletti\" \/>\n<meta property=\"article:published_time\" content=\"2021-12-28T15:44:32+00:00\" \/>\n<meta property=\"article:modified_time\" content=\"2021-12-28T15:51:32+00:00\" \/>\n<meta name=\"author\" content=\"Mariangela Gerletti\" \/>\n<meta name=\"twitter:card\" content=\"summary_large_image\" \/>\n<meta name=\"twitter:creator\" content=\"@MariGerletti\" \/>\n<meta name=\"twitter:site\" content=\"@varesenews\" \/>\n<meta name=\"twitter:label1\" content=\"Scritto da\" \/>\n\t<meta name=\"twitter:data1\" content=\"Mariangela Gerletti\" \/>\n\t<meta name=\"twitter:label2\" content=\"Tempo di lettura stimato\" \/>\n\t<meta name=\"twitter:data2\" content=\"2 minuti\" \/>\n<script type=\"application\/ld+json\" class=\"yoast-schema-graph\">{\"@context\":\"https:\/\/schema.org\",\"@graph\":[{\"@type\":\"WebPage\",\"@id\":\"https:\/\/staging.varesenews.it\/2021\/12\/capodanno-sole-arrivo-lanticiclone-africano-porta-temperature-primaverili\/1414552\/\",\"url\":\"https:\/\/staging.varesenews.it\/2021\/12\/capodanno-sole-arrivo-lanticiclone-africano-porta-temperature-primaverili\/1414552\/\",\"name\":\"Capodanno con il sole: in arrivo l'anticiclone africano che porta temperature primaverili\",\"isPartOf\":{\"@id\":\"https:\/\/staging.varesenews.it\/#website\"},\"datePublished\":\"2021-12-28T15:44:32+00:00\",\"dateModified\":\"2021-12-28T15:51:32+00:00\",\"author\":{\"@id\":\"https:\/\/staging.varesenews.it\/#\/schema\/person\/14f52876ea19bc10d0d2717b6e8f9b89\"},\"description\":\"A partire da gioved\u00ec soprattutto nella zona prealpina il caldo si far\u00e0 sentire, arrivando a 15\u00b0-17\u00b0 con punte anche pi\u00f9 elevate per effetto del favonio\",\"breadcrumb\":{\"@id\":\"https:\/\/staging.varesenews.it\/2021\/12\/capodanno-sole-arrivo-lanticiclone-africano-porta-temperature-primaverili\/1414552\/#breadcrumb\"},\"inLanguage\":\"it-IT\",\"potentialAction\":[{\"@type\":\"ReadAction\",\"target\":[\"https:\/\/staging.varesenews.it\/2021\/12\/capodanno-sole-arrivo-lanticiclone-africano-porta-temperature-primaverili\/1414552\/\"]}]},{\"@type\":\"BreadcrumbList\",\"@id\":\"https:\/\/staging.varesenews.it\/2021\/12\/capodanno-sole-arrivo-lanticiclone-africano-porta-temperature-primaverili\/1414552\/#breadcrumb\",\"itemListElement\":[{\"@type\":\"ListItem\",\"position\":1,\"name\":\"Home\",\"item\":\"https:\/\/www.varesenews.it\/\"},{\"@type\":\"ListItem\",\"position\":2,\"name\":\"Capodanno con il sole: in arrivo l&#8217;anticiclone africano che porta temperature primaverili\"}]},{\"@type\":\"WebSite\",\"@id\":\"https:\/\/staging.varesenews.it\/#website\",\"url\":\"https:\/\/staging.varesenews.it\/\",\"name\":\"VareseNews\",\"description\":\"\",\"potentialAction\":[{\"@type\":\"SearchAction\",\"target\":{\"@type\":\"EntryPoint\",\"urlTemplate\":\"https:\/\/staging.varesenews.it\/?s={search_term_string}\"},\"query-input\":\"required name=search_term_string\"}],\"inLanguage\":\"it-IT\"},{\"@type\":\"Person\",\"@id\":\"https:\/\/staging.varesenews.it\/#\/schema\/person\/14f52876ea19bc10d0d2717b6e8f9b89\",\"name\":\"Mariangela Gerletti\",\"image\":{\"@type\":\"ImageObject\",\"inLanguage\":\"it-IT\",\"@id\":\"https:\/\/staging.varesenews.it\/#\/schema\/person\/image\/\",\"url\":\"https:\/\/staging.varesenews.it\/wp-content\/uploads\/2020\/12\/mariangela.jpeg\",\"contentUrl\":\"https:\/\/staging.varesenews.it\/wp-content\/uploads\/2020\/12\/mariangela.jpeg\",\"caption\":\"Mariangela Gerletti\"},\"description\":\"Da pi&ugrave; di trent'anni mi occupo di giornalismo e comunicazione Varesenews &egrave; il luogo dove ho trovato la passione, l'attenzione e le persone che ogni giorno mi fanno amare un po' di pi&ugrave; questo lavoro di cui non mi stanco mai. Far parte della redazione di Varesenews &egrave; un onore, sostenere il progetto della membership &egrave; un piacere perch&eacute; mi fa sentire ancora pi&ugrave; vicina alla grande comunit&agrave; dei nostri lettori.\",\"sameAs\":[\"https:\/\/www.facebook.com\/mariangela.gerletti\",\"marigerletti\",\"https:\/\/twitter.com\/MariGerletti\"],\"url\":\"https:\/\/staging.varesenews.it\/persona\/mariangela-gerletti1\/\"}]}<\/script>\n<!-- \/ Yoast SEO plugin. -->","yoast_head_json":{"title":"Capodanno con il sole: in arrivo l'anticiclone africano che porta temperature primaverili","description":"A partire da gioved\u00ec soprattutto nella zona prealpina il caldo si far\u00e0 sentire, arrivando a 15\u00b0-17\u00b0 con punte anche pi\u00f9 elevate per effetto del favonio","robots":{"index":"noindex","follow":"follow","max-snippet":"max-snippet:-1","max-image-preview":"max-image-preview:large","max-video-preview":"max-video-preview:-1"},"og_locale":"it_IT","og_type":"article","og_title":"Capodanno con il sole: in arrivo l'anticiclone africano che porta temperature primaverili","og_description":"A partire da gioved\u00ec soprattutto nella zona prealpina il caldo si far\u00e0 sentire, arrivando a 15\u00b0-17\u00b0 con punte anche pi\u00f9 elevate per effetto del favonio","og_url":"https:\/\/staging.varesenews.it\/2021\/12\/capodanno-sole-arrivo-lanticiclone-africano-porta-temperature-primaverili\/1414552\/","og_site_name":"VareseNews","article_publisher":"https:\/\/www.facebook.com\/varesenews","article_author":"https:\/\/www.facebook.com\/mariangela.gerletti","article_published_time":"2021-12-28T15:44:32+00:00","article_modified_time":"2021-12-28T15:51:32+00:00","author":"Mariangela Gerletti","twitter_card":"summary_large_image","twitter_creator":"@MariGerletti","twitter_site":"@varesenews","twitter_misc":{"Scritto da":"Mariangela Gerletti","Tempo di lettura stimato":"2 minuti"},"schema":{"@context":"https:\/\/schema.org","@graph":[{"@type":"WebPage","@id":"https:\/\/staging.varesenews.it\/2021\/12\/capodanno-sole-arrivo-lanticiclone-africano-porta-temperature-primaverili\/1414552\/","url":"https:\/\/staging.varesenews.it\/2021\/12\/capodanno-sole-arrivo-lanticiclone-africano-porta-temperature-primaverili\/1414552\/","name":"Capodanno con il sole: in arrivo l'anticiclone africano che porta temperature primaverili","isPartOf":{"@id":"https:\/\/staging.varesenews.it\/#website"},"datePublished":"2021-12-28T15:44:32+00:00","dateModified":"2021-12-28T15:51:32+00:00","author":{"@id":"https:\/\/staging.varesenews.it\/#\/schema\/person\/14f52876ea19bc10d0d2717b6e8f9b89"},"description":"A partire da gioved\u00ec soprattutto nella zona prealpina il caldo si far\u00e0 sentire, arrivando a 15\u00b0-17\u00b0 con punte anche pi\u00f9 elevate per effetto del favonio","breadcrumb":{"@id":"https:\/\/staging.varesenews.it\/2021\/12\/capodanno-sole-arrivo-lanticiclone-africano-porta-temperature-primaverili\/1414552\/#breadcrumb"},"inLanguage":"it-IT","potentialAction":[{"@type":"ReadAction","target":["https:\/\/staging.varesenews.it\/2021\/12\/capodanno-sole-arrivo-lanticiclone-africano-porta-temperature-primaverili\/1414552\/"]}]},{"@type":"BreadcrumbList","@id":"https:\/\/staging.varesenews.it\/2021\/12\/capodanno-sole-arrivo-lanticiclone-africano-porta-temperature-primaverili\/1414552\/#breadcrumb","itemListElement":[{"@type":"ListItem","position":1,"name":"Home","item":"https:\/\/www.varesenews.it\/"},{"@type":"ListItem","position":2,"name":"Capodanno con il sole: in arrivo l&#8217;anticiclone africano che porta temperature primaverili"}]},{"@type":"WebSite","@id":"https:\/\/staging.varesenews.it\/#website","url":"https:\/\/staging.varesenews.it\/","name":"VareseNews","description":"","potentialAction":[{"@type":"SearchAction","target":{"@type":"EntryPoint","urlTemplate":"https:\/\/staging.varesenews.it\/?s={search_term_string}"},"query-input":"required name=search_term_string"}],"inLanguage":"it-IT"},{"@type":"Person","@id":"https:\/\/staging.varesenews.it\/#\/schema\/person\/14f52876ea19bc10d0d2717b6e8f9b89","name":"Mariangela Gerletti","image":{"@type":"ImageObject","inLanguage":"it-IT","@id":"https:\/\/staging.varesenews.it\/#\/schema\/person\/image\/","url":"https:\/\/staging.varesenews.it\/wp-content\/uploads\/2020\/12\/mariangela.jpeg","contentUrl":"https:\/\/staging.varesenews.it\/wp-content\/uploads\/2020\/12\/mariangela.jpeg","caption":"Mariangela Gerletti"},"description":"Da pi&ugrave; di trent'anni mi occupo di giornalismo e comunicazione Varesenews &egrave; il luogo dove ho trovato la passione, l'attenzione e le persone che ogni giorno mi fanno amare un po' di pi&ugrave; questo lavoro di cui non mi stanco mai. Far parte della redazione di Varesenews &egrave; un onore, sostenere il progetto della membership &egrave; un piacere perch&eacute; mi fa sentire ancora pi&ugrave; vicina alla grande comunit&agrave; dei nostri lettori.","sameAs":["https:\/\/www.facebook.com\/mariangela.gerletti","marigerletti","https:\/\/twitter.com\/MariGerletti"],"url":"https:\/\/staging.varesenews.it\/persona\/mariangela-gerletti1\/"}]}},"post_meta":{"_edit_lock":"1640706584:44","_edit_last":"44","_category_permalink":"a:1:{s:8:\"category\";s:1:\"2\";}","foto":"1271748","firma-personalizzata":"Ma.Ge.","argomento":"Meteo","_yoast_wpseo_focuskw_text_input":"sole","_yoast_wpseo_focuskw":"sole","_yoast_wpseo_linkdex":"69","_yoast_wpseo_content_score":"30","_jd_tweet_this":"yes","_encloseme":"1","ratings_users":"0","ratings_score":"0","ratings_average":"0","_wpt_short_url":"https:\/\/www.varesenews.it\/2021\/12\/capodanno-sole-arrivo-lanticiclone-africano-porta-temperature-primaverili\/1414552\/","_wp_jd_target":"https:\/\/www.varesenews.it\/2021\/12\/capodanno-sole-arrivo-lanticiclone-africano-porta-temperature-primaverili\/1414552\/","_jd_wp_twitter":"a:1:{i:0;s:233:\"Capodanno con il sole: in arrivo l\u2019anticiclone africano che porta temperature p https:\/\/www.varesenews.it\/2021\/12\/capodanno-sole-arrivo-lanticiclone-africano-porta-temperature-primaverili\/1414552\/ #capodanno2021 #meteo #meteovarese\";}","_wpt_status_message":"Tweet inviato con successo.","_oembed_e7c7f0338268635e834bda15871ec761":"<blockquote class=\"wp-embedded-content\" data-secret=\"RFJ80ELiLS\"><a href=\"https:\/\/www.varesenews.it\/2021\/12\/pranzo-natale-ritorno-della-pandemia-super-green-pass-fipe-previsti-500-mila-clienti-meno\/1412879\/\">Pranzo di Natale tra ritorno della pandemia e super green pass. Fipe: &#8220;Previsti 500 mila clienti in meno&#8221;<\/a><\/blockquote><iframe class=\"wp-embedded-content\" sandbox=\"allow-scripts\" security=\"restricted\" style=\"position: absolute; clip: rect(1px, 1px, 1px, 1px);\" src=\"https:\/\/www.varesenews.it\/2021\/12\/pranzo-natale-ritorno-della-pandemia-super-green-pass-fipe-previsti-500-mila-clienti-meno\/1412879\/embed\/#?secret=RFJ80ELiLS\" data-secret=\"RFJ80ELiLS\" width=\"500\" height=\"282\" title=\"&#8220;Pranzo di Natale tra ritorno della pandemia e super green pass. Fipe: &#8220;Previsti 500 mila clienti in meno&#8221;&#8221; &#8212; VareseNews\" frameborder=\"0\" marginwidth=\"0\" marginheight=\"0\" scrolling=\"no\"><\/iframe>","_oembed_time_e7c7f0338268635e834bda15871ec761":"1640706445","_oembed_3c49fcc60027bbab845293ccf8f7c229":"<blockquote class=\"wp-embedded-content\" data-secret=\"OyeszGvay3\"><a href=\"https:\/\/www.varesenews.it\/2021\/12\/ristoratori-natale-pandemia-covid-difficolta\/1413136\/\">La pandemia presenta il conto ai ristoratori. &#8220;Pronti per un altro Natale complicato&#8221;<\/a><\/blockquote><iframe class=\"wp-embedded-content\" sandbox=\"allow-scripts\" security=\"restricted\" style=\"position: absolute; clip: rect(1px, 1px, 1px, 1px);\" src=\"https:\/\/www.varesenews.it\/2021\/12\/ristoratori-natale-pandemia-covid-difficolta\/1413136\/embed\/#?secret=OyeszGvay3\" data-secret=\"OyeszGvay3\" width=\"500\" height=\"282\" title=\"&#8220;La pandemia presenta il conto ai ristoratori. &#8220;Pronti per un altro Natale complicato&#8221;&#8221; &#8212; VareseNews\" frameborder=\"0\" marginwidth=\"0\" marginheight=\"0\" scrolling=\"no\"><\/iframe>","_oembed_time_3c49fcc60027bbab845293ccf8f7c229":"1640706445","_oembed_f4a716401f459f1801084c58eb9b32bd":"<blockquote class=\"wp-embedded-content\" data-secret=\"atM3jY5rvY\"><a href=\"https:\/\/www.varesenews.it\/2021\/12\/mascherine-ovunque-discotete-chiuse-le-nuove-misure-contrasto-al-covid\/1413709\/\">Mascherine all&#8217;aperto e discoteche chiuse, ecco le nuove misure di contrasto al Covid<\/a><\/blockquote><iframe class=\"wp-embedded-content\" sandbox=\"allow-scripts\" security=\"restricted\" style=\"position: absolute; clip: rect(1px, 1px, 1px, 1px);\" src=\"https:\/\/www.varesenews.it\/2021\/12\/mascherine-ovunque-discotete-chiuse-le-nuove-misure-contrasto-al-covid\/1413709\/embed\/#?secret=atM3jY5rvY\" data-secret=\"atM3jY5rvY\" width=\"500\" height=\"282\" title=\"&#8220;Mascherine all&#8217;aperto e discoteche chiuse, ecco le nuove misure di contrasto al Covid&#8221; &#8212; VareseNews\" frameborder=\"0\" marginwidth=\"0\" marginheight=\"0\" scrolling=\"no\"><\/iframe>","_oembed_time_f4a716401f459f1801084c58eb9b32bd":"1640706446","_oembed_f7935e58748b94ab0ffd58504bc6eafc":"<blockquote class=\"wp-embedded-content\" data-secret=\"OmrftnxsUc\"><a href=\"https:\/\/www.varesenews.it\/photogallery\/natale-puoi-via-san-martino-varese-gia-illuminata\/\">&#8220;A Natale puoi&#8230;&#8221;: Via san Martino a Varese \u00e8 gi\u00e0 illuminata<\/a><\/blockquote><iframe class=\"wp-embedded-content\" sandbox=\"allow-scripts\" security=\"restricted\" style=\"position: absolute; clip: rect(1px, 1px, 1px, 1px);\" src=\"https:\/\/www.varesenews.it\/photogallery\/natale-puoi-via-san-martino-varese-gia-illuminata\/embed\/#?secret=OmrftnxsUc\" data-secret=\"OmrftnxsUc\" width=\"500\" height=\"282\" title=\"&#8220;&#8220;A Natale puoi&#8230;&#8221;: Via san Martino a Varese \u00e8 gi\u00e0 illuminata&#8221; &#8212; VareseNews\" frameborder=\"0\" marginwidth=\"0\" marginheight=\"0\" scrolling=\"no\"><\/iframe>","_oembed_time_f7935e58748b94ab0ffd58504bc6eafc":"1640706446","_oembed_0ba1fa20dd0f54fd38cac6f9027fd3a1":"<blockquote class=\"wp-embedded-content\" data-secret=\"JJEubGRc4p\"><a href=\"https:\/\/www.verbanonews.it\/aree-geografiche\/lombardia\/2021\/12\/24\/sul-lago-maggiore-il-natale-continua\/938671\/\">Sul Lago Maggiore il Natale continua<\/a><\/blockquote><iframe class=\"wp-embedded-content\" sandbox=\"allow-scripts\" security=\"restricted\" style=\"position: absolute; clip: rect(1px, 1px, 1px, 1px);\" src=\"https:\/\/www.verbanonews.it\/aree-geografiche\/lombardia\/2021\/12\/24\/sul-lago-maggiore-il-natale-continua\/938671\/embed\/#?secret=JJEubGRc4p\" data-secret=\"JJEubGRc4p\" width=\"500\" height=\"282\" title=\"&#8220;Sul Lago Maggiore il Natale continua&#8221; &#8212; VerbanoNews\" frameborder=\"0\" marginwidth=\"0\" marginheight=\"0\" scrolling=\"no\"><\/iframe>","_oembed_time_0ba1fa20dd0f54fd38cac6f9027fd3a1":"1640706447","_oembed_2c77fef8a2f5a8627edd25c75da7bc7a":"<blockquote class=\"wp-embedded-content\" data-secret=\"AEc8LSigcK\"><a href=\"https:\/\/www.varesenews.it\/2021\/12\/mandaci-video-gli-auguri-anno-migliori-avranno-due-puzzle-del-sacro-monte\/1413350\/\">Mandaci il tuo video con gli auguri per il nuovo anno, i migliori avranno due puzzle del Sacro Monte<\/a><\/blockquote><iframe class=\"wp-embedded-content\" sandbox=\"allow-scripts\" security=\"restricted\" style=\"position: absolute; clip: rect(1px, 1px, 1px, 1px);\" src=\"https:\/\/www.varesenews.it\/2021\/12\/mandaci-video-gli-auguri-anno-migliori-avranno-due-puzzle-del-sacro-monte\/1413350\/embed\/#?secret=AEc8LSigcK\" data-secret=\"AEc8LSigcK\" width=\"500\" height=\"282\" title=\"&#8220;Mandaci il tuo video con gli auguri per il nuovo anno, i migliori avranno due puzzle del Sacro Monte&#8221; &#8212; VareseNews\" frameborder=\"0\" marginwidth=\"0\" marginheight=\"0\" scrolling=\"no\"><\/iframe>","_oembed_time_2c77fef8a2f5a8627edd25c75da7bc7a":"1640706447","_oembed_bf2e8aa93008d1923227fda2f663ef71":"<iframe width=\"500\" height=\"281\" src=\"https:\/\/www.youtube.com\/embed\/PfLoQpoKGiM?feature=oembed\" frameborder=\"0\" allow=\"accelerometer; autoplay; clipboard-write; encrypted-media; gyroscope; picture-in-picture\" allowfullscreen><\/iframe>","_oembed_time_bf2e8aa93008d1923227fda2f663ef71":"1640706447","_oembed_50d62e9e74f8be29f8b85a9bb8a5c9b0":"<iframe width=\"500\" height=\"281\" src=\"https:\/\/www.youtube.com\/embed\/raO_6eF8Pz0?feature=oembed\" frameborder=\"0\" allow=\"accelerometer; autoplay; clipboard-write; encrypted-media; gyroscope; picture-in-picture\" allowfullscreen><\/iframe>","_oembed_time_50d62e9e74f8be29f8b85a9bb8a5c9b0":"1640706447","_oembed_b4b75e51ee189dfa24deb5a092a96930":"<blockquote class=\"wp-embedded-content\" data-secret=\"NozuMH0Xvl\"><a href=\"https:\/\/www.saronnonews.it\/2021\/12\/14\/lappello-di-gualzetti-alla-politica-famiglie-indebitate-serve-una-riforma-della-legge-antiusura\/\">L&#8217;appello di Gualzetti alla politica: &#8220;Famiglie indebitate, serve una riforma della legge antiusura&#8221;<\/a><\/blockquote><iframe class=\"wp-embedded-content\" sandbox=\"allow-scripts\" security=\"restricted\" style=\"position: absolute; clip: rect(1px, 1px, 1px, 1px);\" src=\"https:\/\/www.saronnonews.it\/2021\/12\/14\/lappello-di-gualzetti-alla-politica-famiglie-indebitate-serve-una-riforma-della-legge-antiusura\/embed\/#?secret=NozuMH0Xvl\" data-secret=\"NozuMH0Xvl\" width=\"500\" height=\"282\" title=\"&#8220;L&#8217;appello di Gualzetti alla politica: &#8220;Famiglie indebitate, serve una riforma della legge antiusura&#8221;&#8221; &#8212; SaronnoNews\" frameborder=\"0\" marginwidth=\"0\" marginheight=\"0\" scrolling=\"no\"><\/iframe>","_oembed_time_b4b75e51ee189dfa24deb5a092a96930":"1640706449","_oembed_6ebb1c56c1f7e05c6ad51ec170fccf83":"<blockquote class=\"wp-embedded-content\" data-secret=\"UxPfhjZfa6\"><a href=\"https:\/\/www.varesenews.it\/2021\/12\/ore-attesa-un-test-molecolare-gorla-maggiore-viabilita-tilt-attorno-al-centro-tamponi\/1413956\/\">Ore di attesa per un test molecolare a Gorla Maggiore, viabilit\u00e0 in tilt attorno al centro tamponi<\/a><\/blockquote><iframe class=\"wp-embedded-content\" sandbox=\"allow-scripts\" security=\"restricted\" style=\"position: absolute; clip: rect(1px, 1px, 1px, 1px);\" src=\"https:\/\/www.varesenews.it\/2021\/12\/ore-attesa-un-test-molecolare-gorla-maggiore-viabilita-tilt-attorno-al-centro-tamponi\/1413956\/embed\/#?secret=UxPfhjZfa6\" data-secret=\"UxPfhjZfa6\" width=\"500\" height=\"282\" title=\"&#8220;Ore di attesa per un test molecolare a Gorla Maggiore, viabilit\u00e0 in tilt attorno al centro tamponi&#8221; &#8212; VareseNews\" frameborder=\"0\" marginwidth=\"0\" marginheight=\"0\" scrolling=\"no\"><\/iframe>","_oembed_time_6ebb1c56c1f7e05c6ad51ec170fccf83":"1640706728","_oembed_1a9758f68142d26dff933e3696ca6cfa":"<blockquote class=\"wp-embedded-content\" data-secret=\"eisqO1RWcH\"><a href=\"https:\/\/www.varesenews.it\/2021\/12\/torna-la-cena-natale-soldiale-busto-arsizio-portateci-cibo-lo-cucineremo-consegneremo-difficolta\/1408732\/\">Torna la cena di Natale solidale di Busto Arsizio: &#8220;Portateci il cibo, noi lo cucineremo e consegneremo a chi \u00e8 in difficolt\u00e0&#8221;<\/a><\/blockquote><iframe class=\"wp-embedded-content\" sandbox=\"allow-scripts\" security=\"restricted\" style=\"position: absolute; clip: rect(1px, 1px, 1px, 1px);\" src=\"https:\/\/www.varesenews.it\/2021\/12\/torna-la-cena-natale-soldiale-busto-arsizio-portateci-cibo-lo-cucineremo-consegneremo-difficolta\/1408732\/embed\/#?secret=eisqO1RWcH\" data-secret=\"eisqO1RWcH\" width=\"500\" height=\"282\" title=\"&#8220;Torna la cena di Natale solidale di Busto Arsizio: &#8220;Portateci il cibo, noi lo cucineremo e consegneremo a chi \u00e8 in difficolt\u00e0&#8221;&#8221; &#8212; VareseNews\" frameborder=\"0\" marginwidth=\"0\" marginheight=\"0\" scrolling=\"no\"><\/iframe>","_oembed_time_1a9758f68142d26dff933e3696ca6cfa":"1640706728","_oembed_f11c5c478ab3a9653611647769f34b50":"<blockquote class=\"wp-embedded-content\" data-secret=\"V8YVZ3ZLY2\"><a href=\"https:\/\/www.varesenews.it\/2021\/12\/otto-meraviglie-del-varesotto-promosse-dalla-fondazione-comunitaria\/1412884\/\">Otto &#8220;meraviglie del Varesotto&#8221; promosse dalla Fondazione Comunitaria<\/a><\/blockquote><iframe class=\"wp-embedded-content\" sandbox=\"allow-scripts\" security=\"restricted\" style=\"position: absolute; clip: rect(1px, 1px, 1px, 1px);\" src=\"https:\/\/www.varesenews.it\/2021\/12\/otto-meraviglie-del-varesotto-promosse-dalla-fondazione-comunitaria\/1412884\/embed\/#?secret=V8YVZ3ZLY2\" data-secret=\"V8YVZ3ZLY2\" width=\"500\" height=\"282\" title=\"&#8220;Otto &#8220;meraviglie del Varesotto&#8221; promosse dalla Fondazione Comunitaria&#8221; &#8212; VareseNews\" frameborder=\"0\" marginwidth=\"0\" marginheight=\"0\" scrolling=\"no\"><\/iframe>","_oembed_time_f11c5c478ab3a9653611647769f34b50":"1640706728","_oembed_14168a73ce31a494dcf2d5c23a49a066":"<blockquote class=\"wp-embedded-content\" data-secret=\"QWykBXHVTX\"><a href=\"https:\/\/www.varesenews.it\/2021\/12\/dal-13-dicembre-apre-punto-tamponi-drive-trough-gorla-maggiore\/1407974\/\">Tamponi e tracciamento, il sistema \u00e8 in sofferenza. Apre un \u201cdrive through\u201d a Gorla Maggiore<\/a><\/blockquote><iframe class=\"wp-embedded-content\" sandbox=\"allow-scripts\" security=\"restricted\" style=\"position: absolute; clip: rect(1px, 1px, 1px, 1px);\" src=\"https:\/\/www.varesenews.it\/2021\/12\/dal-13-dicembre-apre-punto-tamponi-drive-trough-gorla-maggiore\/1407974\/embed\/#?secret=QWykBXHVTX\" data-secret=\"QWykBXHVTX\" width=\"500\" height=\"282\" title=\"&#8220;Tamponi e tracciamento, il sistema \u00e8 in sofferenza. Apre un \u201cdrive through\u201d a Gorla Maggiore&#8221; &#8212; VareseNews\" frameborder=\"0\" marginwidth=\"0\" marginheight=\"0\" scrolling=\"no\"><\/iframe>","_oembed_time_14168a73ce31a494dcf2d5c23a49a066":"1640706729","_oembed_26b7130759f6d61c52576490bdc63bd7":"<blockquote class=\"wp-embedded-content\" data-secret=\"7FySD8JEnT\"><a href=\"https:\/\/www.varesenews.it\/lettera\/prefetto-intervenga-nella-gestione-dei-tamponi-covid\/\">Il Prefetto intervenga nella gestione dei tamponi Covid<\/a><\/blockquote><iframe class=\"wp-embedded-content\" sandbox=\"allow-scripts\" security=\"restricted\" style=\"position: absolute; clip: rect(1px, 1px, 1px, 1px);\" src=\"https:\/\/www.varesenews.it\/lettera\/prefetto-intervenga-nella-gestione-dei-tamponi-covid\/embed\/#?secret=7FySD8JEnT\" data-secret=\"7FySD8JEnT\" width=\"500\" height=\"282\" title=\"&#8220;Il Prefetto intervenga nella gestione dei tamponi Covid&#8221; &#8212; VareseNews\" frameborder=\"0\" marginwidth=\"0\" marginheight=\"0\" scrolling=\"no\"><\/iframe>","_oembed_time_26b7130759f6d61c52576490bdc63bd7":"1640706729","_oembed_444932e391eaa6e23ba56e14e0c5eff2":"<blockquote class=\"wp-embedded-content\" data-secret=\"TgGQrt7lhe\"><a href=\"https:\/\/www.varesenews.it\/2021\/12\/premi-allo-studio-77-studenti-residenti-solbiate-olona\/1412815\/\">Premi allo studio per 77 studenti residenti a Solbiate Olona<\/a><\/blockquote><iframe class=\"wp-embedded-content\" sandbox=\"allow-scripts\" security=\"restricted\" style=\"position: absolute; clip: rect(1px, 1px, 1px, 1px);\" src=\"https:\/\/www.varesenews.it\/2021\/12\/premi-allo-studio-77-studenti-residenti-solbiate-olona\/1412815\/embed\/#?secret=TgGQrt7lhe\" data-secret=\"TgGQrt7lhe\" width=\"500\" height=\"282\" title=\"&#8220;Premi allo studio per 77 studenti residenti a Solbiate Olona&#8221; &#8212; VareseNews\" frameborder=\"0\" marginwidth=\"0\" marginheight=\"0\" scrolling=\"no\"><\/iframe>","_oembed_time_444932e391eaa6e23ba56e14e0c5eff2":"1640706729","_oembed_f28c8a86b290df501264576da2ba26af":"<blockquote class=\"wp-embedded-content\" data-secret=\"jtPt3Tod0s\"><a href=\"https:\/\/www.varesenews.it\/2021\/12\/eurolega-giovanile-al-palasport-varese-scelte-le-8-squadre-partecipanti\/1406846\/\">Eurolega Giovanile al palasport di Varese: scelte le 8 squadre partecipanti<\/a><\/blockquote><iframe class=\"wp-embedded-content\" sandbox=\"allow-scripts\" security=\"restricted\" style=\"position: absolute; clip: rect(1px, 1px, 1px, 1px);\" src=\"https:\/\/www.varesenews.it\/2021\/12\/eurolega-giovanile-al-palasport-varese-scelte-le-8-squadre-partecipanti\/1406846\/embed\/#?secret=jtPt3Tod0s\" data-secret=\"jtPt3Tod0s\" width=\"500\" height=\"282\" title=\"&#8220;Eurolega Giovanile al palasport di Varese: scelte le 8 squadre partecipanti&#8221; &#8212; VareseNews\" frameborder=\"0\" marginwidth=\"0\" marginheight=\"0\" scrolling=\"no\"><\/iframe>","_oembed_time_f28c8a86b290df501264576da2ba26af":"1640707594","_oembed_bf62048f48a1f00c212c8d392bbc89f8":"<blockquote class=\"wp-embedded-content\" data-secret=\"hnVZEDCXZJ\"><a href=\"https:\/\/www.varesenews.it\/2021\/11\/un-girone-delleurolega-giovanile-varese-campo-anche-biancorossi-dellacademy\/1400868\/\">Un girone dell&#8217;Eurolega Giovanile a Varese: in campo anche i biancorossi dell&#8217;Academy<\/a><\/blockquote><iframe class=\"wp-embedded-content\" sandbox=\"allow-scripts\" security=\"restricted\" style=\"position: absolute; clip: rect(1px, 1px, 1px, 1px);\" src=\"https:\/\/www.varesenews.it\/2021\/11\/un-girone-delleurolega-giovanile-varese-campo-anche-biancorossi-dellacademy\/1400868\/embed\/#?secret=hnVZEDCXZJ\" data-secret=\"hnVZEDCXZJ\" width=\"500\" height=\"282\" title=\"&#8220;Un girone dell&#8217;Eurolega Giovanile a Varese: in campo anche i biancorossi dell&#8217;Academy&#8221; &#8212; VareseNews\" frameborder=\"0\" marginwidth=\"0\" marginheight=\"0\" scrolling=\"no\"><\/iframe>","_oembed_time_bf62048f48a1f00c212c8d392bbc89f8":"1640707594","_oembed_ec45fca710534adf5812f3f47356738b":"<blockquote class=\"wp-embedded-content\" data-secret=\"DHo0pdGyKK\"><a href=\"https:\/\/www.varesenews.it\/2021\/06\/casino-campione-potra-riaprire-entro-la-fine-dellanno\/1350832\/\">Il casin\u00f2 di Campione potr\u00e0 riaprire entro la fine dell&#8217;anno<\/a><\/blockquote><iframe class=\"wp-embedded-content\" sandbox=\"allow-scripts\" security=\"restricted\" style=\"position: absolute; clip: rect(1px, 1px, 1px, 1px);\" src=\"https:\/\/www.varesenews.it\/2021\/06\/casino-campione-potra-riaprire-entro-la-fine-dellanno\/1350832\/embed\/#?secret=DHo0pdGyKK\" data-secret=\"DHo0pdGyKK\" width=\"500\" height=\"282\" title=\"&#8220;Il casin\u00f2 di Campione potr\u00e0 riaprire entro la fine dell&#8217;anno&#8221; &#8212; VareseNews\" frameborder=\"0\" marginwidth=\"0\" marginheight=\"0\" scrolling=\"no\"><\/iframe>","_oembed_time_ec45fca710534adf5812f3f47356738b":"1640707614","_oembed_e035b615db9fabd0c075a8929b775f99":"<blockquote class=\"wp-embedded-content\" data-secret=\"x6oNrQtC9j\"><a href=\"https:\/\/www.varesenews.it\/2021\/12\/restrizioni-covid-abita-nelle-regioni-confine-esentato-dal-test-molecolare-entrare-svizzera\/1407841\/\">Restrizioni Covid: chi abita nelle regioni di confine esentato dal test molecolare per entrare in Svizzera<\/a><\/blockquote><iframe class=\"wp-embedded-content\" sandbox=\"allow-scripts\" security=\"restricted\" style=\"position: absolute; clip: rect(1px, 1px, 1px, 1px);\" src=\"https:\/\/www.varesenews.it\/2021\/12\/restrizioni-covid-abita-nelle-regioni-confine-esentato-dal-test-molecolare-entrare-svizzera\/1407841\/embed\/#?secret=x6oNrQtC9j\" data-secret=\"x6oNrQtC9j\" width=\"500\" height=\"282\" title=\"&#8220;Restrizioni Covid: chi abita nelle regioni di confine esentato dal test molecolare per entrare in Svizzera&#8221; &#8212; VareseNews\" frameborder=\"0\" marginwidth=\"0\" marginheight=\"0\" scrolling=\"no\"><\/iframe>","_oembed_time_e035b615db9fabd0c075a8929b775f99":"1640707614","_oembed_d3baaabf257560a7fc410eab734b328b":"<blockquote class=\"wp-embedded-content\" data-secret=\"aUH34d1vJ3\"><a href=\"https:\/\/www.varesenews.it\/2021\/12\/eventi-bambini-nel-weekend-dal-17-al-19-dicembre-varese-provincia\/1411709\/\">Eventi per bambini nel weekend dal 17 al 19 dicembre tra Varese e provincia<\/a><\/blockquote><iframe class=\"wp-embedded-content\" sandbox=\"allow-scripts\" security=\"restricted\" style=\"position: absolute; clip: rect(1px, 1px, 1px, 1px);\" src=\"https:\/\/www.varesenews.it\/2021\/12\/eventi-bambini-nel-weekend-dal-17-al-19-dicembre-varese-provincia\/1411709\/embed\/#?secret=aUH34d1vJ3\" data-secret=\"aUH34d1vJ3\" width=\"500\" height=\"282\" title=\"&#8220;Eventi per bambini nel weekend dal 17 al 19 dicembre tra Varese e provincia&#8221; &#8212; VareseNews\" frameborder=\"0\" marginwidth=\"0\" marginheight=\"0\" scrolling=\"no\"><\/iframe>","_oembed_time_d3baaabf257560a7fc410eab734b328b":"1640707614","_oembed_e5be013a56ee78932ac88b4c35556874":"<iframe width=\"500\" height=\"281\" src=\"https:\/\/www.youtube.com\/embed\/UqsqhhFX_h8?feature=oembed\" frameborder=\"0\" allow=\"accelerometer; autoplay; clipboard-write; encrypted-media; gyroscope; picture-in-picture\" allowfullscreen><\/iframe>","_oembed_time_e5be013a56ee78932ac88b4c35556874":"1640707614","_oembed_4c3314c5616f234f23c98586e9960ab3":"<blockquote class=\"wp-embedded-content\" data-secret=\"VHCjWuPmpL\"><a href=\"https:\/\/www.varesenews.it\/2021\/12\/tampone-vaccinati-arrivano-italia-quarantena-tutti-gli-altri\/1410764\/\">Tampone per i vaccinati che arrivano in Italia, quarantena per tutti gli altri<\/a><\/blockquote><iframe class=\"wp-embedded-content\" sandbox=\"allow-scripts\" security=\"restricted\" style=\"position: absolute; clip: rect(1px, 1px, 1px, 1px);\" src=\"https:\/\/www.varesenews.it\/2021\/12\/tampone-vaccinati-arrivano-italia-quarantena-tutti-gli-altri\/1410764\/embed\/#?secret=VHCjWuPmpL\" data-secret=\"VHCjWuPmpL\" width=\"500\" height=\"282\" title=\"&#8220;Tampone per i vaccinati che arrivano in Italia, quarantena per tutti gli altri&#8221; &#8212; VareseNews\" frameborder=\"0\" marginwidth=\"0\" marginheight=\"0\" scrolling=\"no\"><\/iframe>","_oembed_time_4c3314c5616f234f23c98586e9960ab3":"1640707614","_oembed_d9fd9052db5520c9f55b9c6aac7894bb":"<blockquote class=\"wp-embedded-content\" data-secret=\"0ylC1KcWh7\"><a href=\"https:\/\/www.verbanonews.it\/canali-tematici\/economia-varese\/2021\/12\/03\/a-che-punto-e-laccordo-fiscale-sui-frontalieri\/937990\/\">A che punto \u00e8 l&#8217;accordo fiscale sui frontalieri<\/a><\/blockquote><iframe class=\"wp-embedded-content\" sandbox=\"allow-scripts\" security=\"restricted\" style=\"position: absolute; clip: rect(1px, 1px, 1px, 1px);\" src=\"https:\/\/www.verbanonews.it\/canali-tematici\/economia-varese\/2021\/12\/03\/a-che-punto-e-laccordo-fiscale-sui-frontalieri\/937990\/embed\/#?secret=0ylC1KcWh7\" data-secret=\"0ylC1KcWh7\" width=\"500\" height=\"282\" title=\"&#8220;A che punto \u00e8 l&#8217;accordo fiscale sui frontalieri&#8221; &#8212; VerbanoNews\" frameborder=\"0\" marginwidth=\"0\" marginheight=\"0\" scrolling=\"no\"><\/iframe>","_oembed_time_d9fd9052db5520c9f55b9c6aac7894bb":"1640707617","_oembed_35f1f96efb264ff15616894dce5d5ae1":"<blockquote class=\"wp-embedded-content\" data-secret=\"YHAgkjLUD8\"><a href=\"https:\/\/www.varesenews.it\/2021\/12\/eventi-bambini-nel-weekend-dal-10-al-12-dicembre-varese-provincia\/1409383\/\">Eventi per bambini nel weekend dal 10 al 12 dicembre tra Varese e provincia<\/a><\/blockquote><iframe class=\"wp-embedded-content\" sandbox=\"allow-scripts\" security=\"restricted\" style=\"position: absolute; clip: rect(1px, 1px, 1px, 1px);\" src=\"https:\/\/www.varesenews.it\/2021\/12\/eventi-bambini-nel-weekend-dal-10-al-12-dicembre-varese-provincia\/1409383\/embed\/#?secret=YHAgkjLUD8\" data-secret=\"YHAgkjLUD8\" width=\"500\" height=\"282\" title=\"&#8220;Eventi per bambini nel weekend dal 10 al 12 dicembre tra Varese e provincia&#8221; &#8212; VareseNews\" frameborder=\"0\" marginwidth=\"0\" marginheight=\"0\" scrolling=\"no\"><\/iframe>","_oembed_time_35f1f96efb264ff15616894dce5d5ae1":"1640707617","_oembed_ab0828bee5f227fac87563185a663f10":"<blockquote class=\"wp-embedded-content\" data-secret=\"oOhpSLFuj7\"><a href=\"https:\/\/www.varesenews.it\/2021\/12\/centro-vaccinale-hub-gallarate\/1414616\/\">Come arrivare al centro vaccinale e tamponi di Gallarate<\/a><\/blockquote><iframe class=\"wp-embedded-content\" sandbox=\"allow-scripts\" security=\"restricted\" style=\"position: absolute; clip: rect(1px, 1px, 1px, 1px);\" src=\"https:\/\/www.varesenews.it\/2021\/12\/centro-vaccinale-hub-gallarate\/1414616\/embed\/#?secret=oOhpSLFuj7\" data-secret=\"oOhpSLFuj7\" width=\"500\" height=\"282\" title=\"&#8220;Come arrivare al centro vaccinale e tamponi di Gallarate&#8221; &#8212; VareseNews\" frameborder=\"0\" marginwidth=\"0\" marginheight=\"0\" scrolling=\"no\"><\/iframe>","_oembed_time_ab0828bee5f227fac87563185a663f10":"1640708446","_oembed_198a25734a8795c629aa42f6ff09c2b6":"<iframe width=\"500\" height=\"375\" src=\"https:\/\/www.youtube.com\/embed\/GZx0ST4pI_4?feature=oembed\" frameborder=\"0\" allow=\"accelerometer; autoplay; clipboard-write; encrypted-media; gyroscope; picture-in-picture\" allowfullscreen><\/iframe>","_oembed_time_198a25734a8795c629aa42f6ff09c2b6":"1640709500","_oembed_618c1354850db84c86e4ceb23daa1672":"<blockquote class=\"wp-embedded-content\" data-secret=\"GaroavIrvX\"><a href=\"https:\/\/www.varesenews.it\/2021\/12\/varese-le-nuove-commissioni-consiliari-arrivano-inizio-2022-nomi-dei-membri-designati\/1413397\/\">A Varese le nuove commissioni consiliari arrivano a inizio 2022: ecco i nomi dei membri designati<\/a><\/blockquote><iframe class=\"wp-embedded-content\" sandbox=\"allow-scripts\" security=\"restricted\" style=\"position: absolute; clip: rect(1px, 1px, 1px, 1px);\" src=\"https:\/\/www.varesenews.it\/2021\/12\/varese-le-nuove-commissioni-consiliari-arrivano-inizio-2022-nomi-dei-membri-designati\/1413397\/embed\/#?secret=GaroavIrvX\" data-secret=\"GaroavIrvX\" width=\"500\" height=\"282\" title=\"&#8220;A Varese le nuove commissioni consiliari arrivano a inizio 2022: ecco i nomi dei membri designati&#8221; &#8212; VareseNews\" frameborder=\"0\" marginwidth=\"0\" marginheight=\"0\" scrolling=\"no\"><\/iframe>","_oembed_time_618c1354850db84c86e4ceb23daa1672":"1640709500"},"photos":[{"original":"https:\/\/staging.varesenews.it\/photogallery_new\/images\/2021\/12\/sole-1271748.jpg","full":"https:\/\/staging.varesenews.it\/photogallery_new\/images\/2021\/12\/sole-1271748.1024x768.jpg","large":"https:\/\/staging.varesenews.it\/photogallery_new\/images\/2021\/12\/sole-1271748.610x431.jpg"}],"_links":{"self":[{"href":"https:\/\/staging.varesenews.it\/swgapi\/v1\/wp\/v2\/posts\/1414552"}],"collection":[{"href":"https:\/\/staging.varesenews.it\/swgapi\/v1\/wp\/v2\/posts"}],"about":[{"href":"https:\/\/staging.varesenews.it\/swgapi\/v1\/wp\/v2\/types\/post"}],"author":[{"embeddable":true,"href":"https:\/\/staging.varesenews.it\/swgapi\/v1\/wp\/v2\/users\/44"}],"replies":[{"embeddable":true,"href":"https:\/\/staging.varesenews.it\/swgapi\/v1\/wp\/v2\/comments?post=1414552"}],"version-history":[{"count":0,"href":"https:\/\/staging.varesenews.it\/swgapi\/v1\/wp\/v2\/posts\/1414552\/revisions"}],"wp:attachment":[{"href":"https:\/\/staging.varesenews.it\/swgapi\/v1\/wp\/v2\/media?parent=1414552"}],"wp:term":[{"taxonomy":"category","embeddable":true,"href":"https:\/\/staging.varesenews.it\/swgapi\/v1\/wp\/v2\/categories?post=1414552"},{"taxonomy":"post_tag","embeddable":true,"href":"https:\/\/staging.varesenews.it\/swgapi\/v1\/wp\/v2\/tags?post=1414552"}],"curies":[{"name":"wp","href":"https:\/\/api.w.org\/{rel}","templated":true}]}}