{"id":1415610,"date":"2022-01-01T16:23:20","date_gmt":"2022-01-01T15:23:20","guid":{"rendered":"https:\/\/www.varesenews.it\/?p=1415610"},"modified":"2022-01-01T16:25:07","modified_gmt":"2022-01-01T15:25:07","slug":"cambiare-mondo-sfoderate-vostro-potere-magico","status":"publish","type":"post","link":"https:\/\/staging.varesenews.it\/2022\/01\/cambiare-mondo-sfoderate-vostro-potere-magico\/1415610\/","title":{"rendered":"Per cambiare il mondo sfoderate il vostro potere magico"},"content":{"rendered":"<p>\u00c8 finalmente il <strong>primo gennaio 2041<\/strong> e il mio conto CO2 si \u00e8 azzerato. Posso permettermi due ore di sci su prato artificiale per festeggiare il nuovo anno spendendo novantanove crediti. \u00c8 l\u2019uno per centro del mio budget annuale, strettamente personale, non cedibile, controllato dalla blockchain intergovernativa del Global zero, l\u2019organizzazione che da tre anni gestisce la pianificazione del<strong> razionamento planetario delle emissioni.<\/strong> Oggi non potr\u00f2 mandare mail a nessuno n\u00e9 riceverle perch\u00e9 ho raggiunto il limite massimo di consumo giornaliero e il riscaldamento della casa rimarr\u00e0 in standby. Una buona occasione per leggere un vecchio libro di carta, un\u2019emozione rara, in un mondo divenuto 99,9% digitale. Non ho voglia del flebo-mix per pranzo, preferisco digiunare per protestare inutilmente contro la proibizione di coltivare verdura per uso personale sul balcone. Del resto, \u00e8 vero che con <strong>un litro di acqua riciclata a testa al giorno,<\/strong> non ha senso sprecarne per le piante quando non ce n\u2019\u00e8 abbastanza per riempire le fiale dei medicinali.<\/p>\n<p>Non c\u2019era pi\u00f9 alternativa al <strong>controllo forzoso dei comportamenti<\/strong>, dopo che<strong> i poli si sono sciolti <\/strong>come ghiaccioli in un\u2019auto lasciata chiusa al sole di Catania a luglio, e la temperatura media del pianeta \u00e8 salita di tre gradi.<\/p>\n<p>Con una sensazione di disgusto e nausea causata dalla mancanza di cibo programmato,<strong> mi ricordo venti anni fa<\/strong> quando ancora mi facevo domande che con il senno di poi sembrano davvero incredibili. Eravamo sull\u2019orlo del precipizio e sapevamo solo guardare dall\u2019altra parte, verso un chimerico passato, incapaci di vedere il baratro imminente, <strong>illudendoci che la tecnologia avrebbe risolto tutto<\/strong>. In effetti ha risolto tutto, eliminando ogni possibilit\u00e0 di scelta. La chiamano la<strong> dittatura climatica<\/strong>. O cos\u00ec, o la specie se ne va. Non facciamo in tempo a ricreare un mondo vivibile altrove e non c\u2019\u00e8 posto che per l\u2019uno per cento della popolazione mondiale nei ghetti di salvaguardia del genere umano che hanno costruito, ovviamente in Cina, l\u2019unica che aveva capito, previsto e giocato d\u2019anticipo.<\/p>\n<p>Mi torna in mente <strong>alla fine del 2021 la storia della carne brasiliana<\/strong>. JBS, il giga macellaio, diceva di essere pulito. I giornalisti investigativi brasiliani e inglesi dicevano di no. E allora<strong> i supermercati, per precauzione, smettevano di prendere carne da JBS. <\/strong><\/p>\n<p>In particolare, Lidl si era impegnata a non vendere carne originaria del sud America a partire dal 2022. Albert Heijn, la pi\u00f9 grande catena di supermercati dei Paesi Bass<strong>i<\/strong>, aveva annunciato che avrebbe smesso di vendere carne brasiliana. Sainsbury aveva affermato l\u2019intenzione di eliminare la carne bovina brasiliana dal proprio marchio di carne in scatola, sapendo che il 90 per cento della sua carne proveniva gi\u00e0 dal Regno Unito e dall&#8217;Irlanda. Delhaize e Carrefour Belgium non avrebbero pi\u00f9 venduto snack a base di carne salata e altri prodotti con il marchio Jack Link, associato a Jbs.<\/p>\n<p><strong>JBS era una delle pi\u00f9 grandi aziende produttrici di carne al mondo<\/strong>, con un fatturato annuo di cinquanta miliardi di dollari. Macellava quasi trentacinquemila bovini al giorno solo in Brasile e le sue esportazioni di carne bovina verso l&#8217;Europa continentale erano aumentate di un quinto negli ultimi anni.<\/p>\n<p>Come altri importanti produttori di carne bovina, l&#8217;azienda affermava di avere un approccio di &#8220;<strong>tolleranza zero&#8221; alla deforestazione illegale<\/strong> e aveva introdotto sofisticati sistemi di monitoraggio per i suoi fornitori diretti nella regione amazzonica. JBS dichiarava: \u00abAbbiamo effettuato <strong>ingenti investimenti<\/strong> in una nuova piattaforma abilitata alla blockchain per superare la sfida del monitoraggio dei fornitori indiretti e ottenere una catena di approvvigionamento senza deforestazione completamente illegale entro il 2025\u00bb.<\/p>\n<p><strong> Non era vero. Gi\u00e0 nel 2020 The Guardian e Rep\u00f3rter Brasil<\/strong> avevano scoperto per la prima volta come i camion di JBS trasportassero bestiame da ranch &#8220;sporchi&#8221; multati per deforestazione a quelli presumibilmente &#8220;puliti&#8221; che rifornivano i macelli JBS.<\/p>\n<p>Un&#8217;indagine precedente aveva anche rivelato l&#8217;entit\u00e0 del coinvolgimento del Regno Unito nella deforestazione in Amazzonia, dimostrando che negli ultimi anni era stata importata quasi un miliardo di sterline di carne bovina fornita da JBS e altri confezionatori di carne legati alla deforestazione.<\/p>\n<p><strong>L&#8217;Amazzonia era un cuscinetto cruciale per stabilizzare il clima regionale e globale<\/strong>. Si sapeva bene che preservare le foreste pluviali del mondo fosse essenziale per evitare un&#8217;emergenza climatica e si sapeva che<strong> la domanda internazionale di carne bovina era la causa diretta del problema<\/strong>: ogni anno in Amazzonia e in altre aree del Brasile venivano abbattuti circa sei <strong>mila km quadrati di foresta<\/strong>, un&#8217;;area equivalente a tutta la Liguria, per essere convertiti in pascolo per il bestiame.<\/p>\n<p><strong>Le scelte intelligenti per il futuro del pianeta sono spesso complesse.<\/strong> Mangiare bio \u00e8 ecologico? Comprare auto elettriche? Fare acquisti su Amazon? Anche la semplice scelta di una bottiglia di latte sembra difficile come risolvere un puzzle. Tetrapak prodotto con cellulosa da foreste certificate gestite in maniera responsabile, tappi e bottiglie ricavati dalla canna da zucchero, che viene fatta fermentare per ottenere la materia prima necessaria alla produzione della plastica senza utilizzo di fonti fossili, latte italiano munto in allevamenti con garanzia di benessere animale certificato CSQA. A volte ci sembra di non poter influire e che tutto ormai<strong> sia troppo difficile, ambiguo, forse inutile<\/strong>, come riciclare ossessivamente la plastica che poi finisce in mare o incenerita illegalmente perch\u00e9 la Cina, non la vuole pi\u00f9 comprare.<\/p>\n<p>Ma <strong>abbiamo un potere magico, il potere d\u2019acquisto<\/strong>, in senso ampio \u00e8 l\u2019insieme delle scelte di stile di vita e abitudini, che \u00e8 capace di<strong> influenzare numerosi meccanismi. \u00c8 ora di nuovi propositi per il nuovo anno.<\/strong> Sursum corda.<\/p>\n<p>\u201cIl momento migliore\u00a0per\u00a0piantare un albero \u00e8\u00a0vent&#8217;anni fa. Il secondo\u00a0momento migliore \u00e8\u00a0adesso\u201d, Confucio.<\/p>\n","protected":false},"excerpt":{"rendered":"<p>Il potere d&#8217;acquisto \u00e8 decisivo per cambiare il nostro stile di vita. Confucio: &#8220;Il momento migliore\u00a0per\u00a0piantare un albero \u00e8\u00a0vent&#8217;anni fa. Il secondo\u00a0momento migliore \u00e8\u00a0adesso\u201d<\/p>\n","protected":false},"author":45,"featured_media":0,"comment_status":"open","ping_status":"open","sticky":false,"template":"","format":"standard","meta":{"footnotes":""},"categories":[58,4,15,3,9,5,2],"tags":[83208],"acf":[],"yoast_head":"<!-- This site is optimized with the Yoast SEO plugin v20.1 - https:\/\/yoast.com\/wordpress\/plugins\/seo\/ -->\n<title>Per cambiare il mondo sfoderate il vostro potere magico<\/title>\n<meta name=\"description\" content=\"Il potere d&#039;acquisto \u00e8 decisivo per cambiare il nostro stile di vita. Confucio: &quot;Il momento migliore\u00a0per\u00a0piantare un albero \u00e8\u00a0vent&#039;anni fa. Il secondo\u00a0momento migliore \u00e8\u00a0adesso\u201d\" \/>\n<meta name=\"robots\" content=\"noindex, follow, max-snippet:-1, max-image-preview:large, max-video-preview:-1\" \/>\n<meta property=\"og:locale\" content=\"it_IT\" \/>\n<meta property=\"og:type\" content=\"article\" \/>\n<meta property=\"og:title\" content=\"Per cambiare il mondo sfoderate il vostro potere magico\" \/>\n<meta property=\"og:description\" content=\"Il potere d&#039;acquisto \u00e8 decisivo per cambiare il nostro stile di vita. Confucio: &quot;Il momento migliore\u00a0per\u00a0piantare un albero \u00e8\u00a0vent&#039;anni fa. Il secondo\u00a0momento migliore \u00e8\u00a0adesso\u201d\" \/>\n<meta property=\"og:url\" content=\"https:\/\/staging.varesenews.it\/2022\/01\/cambiare-mondo-sfoderate-vostro-potere-magico\/1415610\/\" \/>\n<meta property=\"og:site_name\" content=\"VareseNews\" \/>\n<meta property=\"article:publisher\" content=\"https:\/\/www.facebook.com\/varesenews\" \/>\n<meta property=\"article:author\" content=\"https:\/\/www.facebook.com\/michele.mancino.5\" \/>\n<meta property=\"article:published_time\" content=\"2022-01-01T15:23:20+00:00\" \/>\n<meta property=\"article:modified_time\" content=\"2022-01-01T15:25:07+00:00\" \/>\n<meta name=\"author\" content=\"Michele Mancino\" \/>\n<meta name=\"twitter:card\" content=\"summary_large_image\" \/>\n<meta name=\"twitter:creator\" content=\"@micmancio\" \/>\n<meta name=\"twitter:site\" content=\"@varesenews\" \/>\n<meta name=\"twitter:label1\" content=\"Scritto da\" \/>\n\t<meta name=\"twitter:data1\" content=\"Michele Mancino\" \/>\n\t<meta name=\"twitter:label2\" content=\"Tempo di lettura stimato\" \/>\n\t<meta name=\"twitter:data2\" content=\"5 minuti\" \/>\n<script type=\"application\/ld+json\" class=\"yoast-schema-graph\">{\"@context\":\"https:\/\/schema.org\",\"@graph\":[{\"@type\":\"WebPage\",\"@id\":\"https:\/\/staging.varesenews.it\/2022\/01\/cambiare-mondo-sfoderate-vostro-potere-magico\/1415610\/\",\"url\":\"https:\/\/staging.varesenews.it\/2022\/01\/cambiare-mondo-sfoderate-vostro-potere-magico\/1415610\/\",\"name\":\"Per cambiare il mondo sfoderate il vostro potere magico\",\"isPartOf\":{\"@id\":\"https:\/\/staging.varesenews.it\/#website\"},\"datePublished\":\"2022-01-01T15:23:20+00:00\",\"dateModified\":\"2022-01-01T15:25:07+00:00\",\"author\":{\"@id\":\"https:\/\/staging.varesenews.it\/#\/schema\/person\/308b491d3cb680ead199e5ff6c6ce540\"},\"description\":\"Il potere d'acquisto \u00e8 decisivo per cambiare il nostro stile di vita. Confucio: \\\"Il momento migliore\u00a0per\u00a0piantare un albero \u00e8\u00a0vent'anni fa. Il secondo\u00a0momento migliore \u00e8\u00a0adesso\u201d\",\"breadcrumb\":{\"@id\":\"https:\/\/staging.varesenews.it\/2022\/01\/cambiare-mondo-sfoderate-vostro-potere-magico\/1415610\/#breadcrumb\"},\"inLanguage\":\"it-IT\",\"potentialAction\":[{\"@type\":\"ReadAction\",\"target\":[\"https:\/\/staging.varesenews.it\/2022\/01\/cambiare-mondo-sfoderate-vostro-potere-magico\/1415610\/\"]}]},{\"@type\":\"BreadcrumbList\",\"@id\":\"https:\/\/staging.varesenews.it\/2022\/01\/cambiare-mondo-sfoderate-vostro-potere-magico\/1415610\/#breadcrumb\",\"itemListElement\":[{\"@type\":\"ListItem\",\"position\":1,\"name\":\"Home\",\"item\":\"https:\/\/www.varesenews.it\/\"},{\"@type\":\"ListItem\",\"position\":2,\"name\":\"Per cambiare il mondo sfoderate il vostro potere magico\"}]},{\"@type\":\"WebSite\",\"@id\":\"https:\/\/staging.varesenews.it\/#website\",\"url\":\"https:\/\/staging.varesenews.it\/\",\"name\":\"VareseNews\",\"description\":\"\",\"potentialAction\":[{\"@type\":\"SearchAction\",\"target\":{\"@type\":\"EntryPoint\",\"urlTemplate\":\"https:\/\/staging.varesenews.it\/?s={search_term_string}\"},\"query-input\":\"required name=search_term_string\"}],\"inLanguage\":\"it-IT\"},{\"@type\":\"Person\",\"@id\":\"https:\/\/staging.varesenews.it\/#\/schema\/person\/308b491d3cb680ead199e5ff6c6ce540\",\"name\":\"Michele Mancino\",\"image\":{\"@type\":\"ImageObject\",\"inLanguage\":\"it-IT\",\"@id\":\"https:\/\/staging.varesenews.it\/#\/schema\/person\/image\/\",\"url\":\"https:\/\/staging.varesenews.it\/wp-content\/uploads\/2020\/12\/michele_mancino_colori_500.jpg\",\"contentUrl\":\"https:\/\/staging.varesenews.it\/wp-content\/uploads\/2020\/12\/michele_mancino_colori_500.jpg\",\"caption\":\"Michele Mancino\"},\"description\":\"Sono a VareseNews da prima che nascesse. Ho inserito le prime notizie in una stringa di codice html, la lingua di internet. Aprivo i computer, cambiavo schede di rete e portavo i server dal provider. A met&agrave; degli anni &rsquo;90 il giornalista online doveva saper fare anche questo. Ho vissuto gli anni drammatici della bolla speculativa di Internet e quelli entusiastici della crescita, anni in cui VareseNews era un Davide in mezzo a tanti Golia. Poi sono arrivati i social, le nuove piattaforme e soprattutto gli smartphone, una postazione di lavoro racchiusa in una mano. Una nuova rivoluzione. Insomma, &egrave; stata, ed &egrave; ancora, un&rsquo;avventura entusiasmante perch&eacute; mi insegna giorno dopo giorno che il cambiamento &egrave; l&rsquo;unica certezza di questa fragile esistenza.\",\"sameAs\":[\"https:\/\/www.facebook.com\/michele.mancino.5\",\"micmancio\",\"Aggiorna le impostazioni del tuo profilo pubblicoit.linkedin.com\/pub\/michele-mancino\/28\/b71\/890\/it\",\"https:\/\/twitter.com\/micmancio\"],\"url\":\"https:\/\/staging.varesenews.it\/persona\/michele_mancino\/\"}]}<\/script>\n<!-- \/ Yoast SEO plugin. -->","yoast_head_json":{"title":"Per cambiare il mondo sfoderate il vostro potere magico","description":"Il potere d'acquisto \u00e8 decisivo per cambiare il nostro stile di vita. Confucio: \"Il momento migliore\u00a0per\u00a0piantare un albero \u00e8\u00a0vent'anni fa. Il secondo\u00a0momento migliore \u00e8\u00a0adesso\u201d","robots":{"index":"noindex","follow":"follow","max-snippet":"max-snippet:-1","max-image-preview":"max-image-preview:large","max-video-preview":"max-video-preview:-1"},"og_locale":"it_IT","og_type":"article","og_title":"Per cambiare il mondo sfoderate il vostro potere magico","og_description":"Il potere d'acquisto \u00e8 decisivo per cambiare il nostro stile di vita. Confucio: \"Il momento migliore\u00a0per\u00a0piantare un albero \u00e8\u00a0vent'anni fa. Il secondo\u00a0momento migliore \u00e8\u00a0adesso\u201d","og_url":"https:\/\/staging.varesenews.it\/2022\/01\/cambiare-mondo-sfoderate-vostro-potere-magico\/1415610\/","og_site_name":"VareseNews","article_publisher":"https:\/\/www.facebook.com\/varesenews","article_author":"https:\/\/www.facebook.com\/michele.mancino.5","article_published_time":"2022-01-01T15:23:20+00:00","article_modified_time":"2022-01-01T15:25:07+00:00","author":"Michele Mancino","twitter_card":"summary_large_image","twitter_creator":"@micmancio","twitter_site":"@varesenews","twitter_misc":{"Scritto da":"Michele Mancino","Tempo di lettura stimato":"5 minuti"},"schema":{"@context":"https:\/\/schema.org","@graph":[{"@type":"WebPage","@id":"https:\/\/staging.varesenews.it\/2022\/01\/cambiare-mondo-sfoderate-vostro-potere-magico\/1415610\/","url":"https:\/\/staging.varesenews.it\/2022\/01\/cambiare-mondo-sfoderate-vostro-potere-magico\/1415610\/","name":"Per cambiare il mondo sfoderate il vostro potere magico","isPartOf":{"@id":"https:\/\/staging.varesenews.it\/#website"},"datePublished":"2022-01-01T15:23:20+00:00","dateModified":"2022-01-01T15:25:07+00:00","author":{"@id":"https:\/\/staging.varesenews.it\/#\/schema\/person\/308b491d3cb680ead199e5ff6c6ce540"},"description":"Il potere d'acquisto \u00e8 decisivo per cambiare il nostro stile di vita. Confucio: \"Il momento migliore\u00a0per\u00a0piantare un albero \u00e8\u00a0vent'anni fa. Il secondo\u00a0momento migliore \u00e8\u00a0adesso\u201d","breadcrumb":{"@id":"https:\/\/staging.varesenews.it\/2022\/01\/cambiare-mondo-sfoderate-vostro-potere-magico\/1415610\/#breadcrumb"},"inLanguage":"it-IT","potentialAction":[{"@type":"ReadAction","target":["https:\/\/staging.varesenews.it\/2022\/01\/cambiare-mondo-sfoderate-vostro-potere-magico\/1415610\/"]}]},{"@type":"BreadcrumbList","@id":"https:\/\/staging.varesenews.it\/2022\/01\/cambiare-mondo-sfoderate-vostro-potere-magico\/1415610\/#breadcrumb","itemListElement":[{"@type":"ListItem","position":1,"name":"Home","item":"https:\/\/www.varesenews.it\/"},{"@type":"ListItem","position":2,"name":"Per cambiare il mondo sfoderate il vostro potere magico"}]},{"@type":"WebSite","@id":"https:\/\/staging.varesenews.it\/#website","url":"https:\/\/staging.varesenews.it\/","name":"VareseNews","description":"","potentialAction":[{"@type":"SearchAction","target":{"@type":"EntryPoint","urlTemplate":"https:\/\/staging.varesenews.it\/?s={search_term_string}"},"query-input":"required name=search_term_string"}],"inLanguage":"it-IT"},{"@type":"Person","@id":"https:\/\/staging.varesenews.it\/#\/schema\/person\/308b491d3cb680ead199e5ff6c6ce540","name":"Michele Mancino","image":{"@type":"ImageObject","inLanguage":"it-IT","@id":"https:\/\/staging.varesenews.it\/#\/schema\/person\/image\/","url":"https:\/\/staging.varesenews.it\/wp-content\/uploads\/2020\/12\/michele_mancino_colori_500.jpg","contentUrl":"https:\/\/staging.varesenews.it\/wp-content\/uploads\/2020\/12\/michele_mancino_colori_500.jpg","caption":"Michele Mancino"},"description":"Sono a VareseNews da prima che nascesse. Ho inserito le prime notizie in una stringa di codice html, la lingua di internet. Aprivo i computer, cambiavo schede di rete e portavo i server dal provider. A met&agrave; degli anni &rsquo;90 il giornalista online doveva saper fare anche questo. Ho vissuto gli anni drammatici della bolla speculativa di Internet e quelli entusiastici della crescita, anni in cui VareseNews era un Davide in mezzo a tanti Golia. Poi sono arrivati i social, le nuove piattaforme e soprattutto gli smartphone, una postazione di lavoro racchiusa in una mano. Una nuova rivoluzione. Insomma, &egrave; stata, ed &egrave; ancora, un&rsquo;avventura entusiasmante perch&eacute; mi insegna giorno dopo giorno che il cambiamento &egrave; l&rsquo;unica certezza di questa fragile esistenza.","sameAs":["https:\/\/www.facebook.com\/michele.mancino.5","micmancio","Aggiorna le impostazioni del tuo profilo pubblicoit.linkedin.com\/pub\/michele-mancino\/28\/b71\/890\/it","https:\/\/twitter.com\/micmancio"],"url":"https:\/\/staging.varesenews.it\/persona\/michele_mancino\/"}]}},"post_meta":{"_edit_lock":"1641050586:45","_edit_last":"45","_category_permalink":"a:1:{s:8:\"category\";s:2:\"58\";}","_encloseme":"1","ratings_users":"0","ratings_score":"0","ratings_average":"0","foto":"1217219","firma-personalizzata":"Giuseppe Geneletti g.geneletti@methodos.com","nascondi_adsense":"1","argomento":"A Margine","_yoast_wpseo_focuskw_text_input":"cambiamento","_yoast_wpseo_focuskw":"cambiamento","_yoast_wpseo_linkdex":"52","_yoast_wpseo_content_score":"30","_jd_tweet_this":"yes","_wpt_short_url":"https:\/\/www.varesenews.it\/2022\/01\/cambiare-mondo-sfoderate-vostro-potere-magico\/1415610\/","_wp_jd_target":"https:\/\/www.varesenews.it\/2022\/01\/cambiare-mondo-sfoderate-vostro-potere-magico\/1415610\/","_jd_wp_twitter":"a:1:{i:0;s:157:\"Per cambiare il mondo sfoderate il vostro potere magico https:\/\/www.varesenews.it\/2022\/01\/cambiare-mondo-sfoderate-vostro-potere-magico\/1415610\/ #cambiamento\";}","_wpt_status_message":"Tweet inviato con successo.","_oembed_40deafd188488a16dbad5acdcd052f38":"<blockquote class=\"wp-embedded-content\" data-secret=\"ppQsaPquAd\"><a href=\"https:\/\/www.varesenews.it\/2021\/12\/sostegno-alle-famiglie-nel-2022-lassegno-unico-misure-ancora-vigore\/1415256\/\">Sostegno alle famiglie nel 2022: l&#8217;assegno unico e altre misure ancora in vigore<\/a><\/blockquote><iframe class=\"wp-embedded-content\" sandbox=\"allow-scripts\" security=\"restricted\" style=\"position: absolute; clip: rect(1px, 1px, 1px, 1px);\" src=\"https:\/\/www.varesenews.it\/2021\/12\/sostegno-alle-famiglie-nel-2022-lassegno-unico-misure-ancora-vigore\/1415256\/embed\/#?secret=ppQsaPquAd\" data-secret=\"ppQsaPquAd\" width=\"500\" height=\"282\" title=\"&#8220;Sostegno alle famiglie nel 2022: l&#8217;assegno unico e altre misure ancora in vigore&#8221; &#8212; VareseNews\" frameborder=\"0\" marginwidth=\"0\" marginheight=\"0\" scrolling=\"no\"><\/iframe>","_oembed_time_40deafd188488a16dbad5acdcd052f38":"1641050660","_oembed_a3075ab2195b97aa4f6ce4c1b0d0cac0":"<blockquote class=\"wp-embedded-content\" data-secret=\"5TZAlQvGLx\"><a href=\"https:\/\/www.varesenews.it\/2021\/12\/viaggi-spostamenti-le-regole-andare-svizzera-dallitalia\/1414194\/\">Viaggi e spostamenti: le regole per andare in Svizzera dall&#8217;Italia<\/a><\/blockquote><iframe class=\"wp-embedded-content\" sandbox=\"allow-scripts\" security=\"restricted\" style=\"position: absolute; clip: rect(1px, 1px, 1px, 1px);\" src=\"https:\/\/www.varesenews.it\/2021\/12\/viaggi-spostamenti-le-regole-andare-svizzera-dallitalia\/1414194\/embed\/#?secret=5TZAlQvGLx\" data-secret=\"5TZAlQvGLx\" width=\"500\" height=\"282\" title=\"&#8220;Viaggi e spostamenti: le regole per andare in Svizzera dall&#8217;Italia&#8221; &#8212; VareseNews\" frameborder=\"0\" marginwidth=\"0\" marginheight=\"0\" scrolling=\"no\"><\/iframe>","_oembed_time_a3075ab2195b97aa4f6ce4c1b0d0cac0":"1641050661","_oembed_e75e4a45daa5f8a61e25a76bd7f00153":"<blockquote class=\"wp-embedded-content\" data-secret=\"lffWDIV6u8\"><a href=\"https:\/\/www.varesenews.it\/2021\/12\/arriva-lassegno-unico-universale-come-richiederlo-a-partire-dallisee-2022\/1415247\/\">Arriva l&#8217;assegno unico universale: come richiederlo a partire dall&#8217;Isee 2022<\/a><\/blockquote><iframe class=\"wp-embedded-content\" sandbox=\"allow-scripts\" security=\"restricted\" style=\"position: absolute; clip: rect(1px, 1px, 1px, 1px);\" src=\"https:\/\/www.varesenews.it\/2021\/12\/arriva-lassegno-unico-universale-come-richiederlo-a-partire-dallisee-2022\/1415247\/embed\/#?secret=lffWDIV6u8\" data-secret=\"lffWDIV6u8\" width=\"500\" height=\"282\" title=\"&#8220;Arriva l&#8217;assegno unico universale: come richiederlo a partire dall&#8217;Isee 2022&#8221; &#8212; VareseNews\" frameborder=\"0\" marginwidth=\"0\" marginheight=\"0\" scrolling=\"no\"><\/iframe>","_oembed_time_e75e4a45daa5f8a61e25a76bd7f00153":"1641050661","_oembed_0896559318fd615b7caae428813ec1ad":"<blockquote class=\"wp-embedded-content\" data-secret=\"87SiYfZMVQ\"><a href=\"https:\/\/www.varesenews.it\/2021\/12\/assegno-unico-link-simulatore-inps-calcolo-importi\/1415229\/\">Assegno unico: il link al simulatore Inps per il calcolo degli importi<\/a><\/blockquote><iframe class=\"wp-embedded-content\" sandbox=\"allow-scripts\" security=\"restricted\" style=\"position: absolute; clip: rect(1px, 1px, 1px, 1px);\" src=\"https:\/\/www.varesenews.it\/2021\/12\/assegno-unico-link-simulatore-inps-calcolo-importi\/1415229\/embed\/#?secret=87SiYfZMVQ\" data-secret=\"87SiYfZMVQ\" width=\"500\" height=\"282\" title=\"&#8220;Assegno unico: il link al simulatore Inps per il calcolo degli importi&#8221; &#8212; VareseNews\" frameborder=\"0\" marginwidth=\"0\" marginheight=\"0\" scrolling=\"no\"><\/iframe>","_oembed_time_0896559318fd615b7caae428813ec1ad":"1641050661","_oembed_b04824354db45435cbf1f9caa00c9142":"<blockquote class=\"wp-embedded-content\" data-secret=\"tLHiayjrW0\"><a href=\"https:\/\/www.varesenews.it\/2021\/11\/gennaio-lassegno-unico-universale-spetta-domanda\/1401943\/\">Da gennaio l&#8217;assegno unico universale. A chi spetta e quando fare domanda<\/a><\/blockquote><iframe class=\"wp-embedded-content\" sandbox=\"allow-scripts\" security=\"restricted\" style=\"position: absolute; clip: rect(1px, 1px, 1px, 1px);\" src=\"https:\/\/www.varesenews.it\/2021\/11\/gennaio-lassegno-unico-universale-spetta-domanda\/1401943\/embed\/#?secret=tLHiayjrW0\" data-secret=\"tLHiayjrW0\" width=\"500\" height=\"282\" title=\"&#8220;Da gennaio l&#8217;assegno unico universale. A chi spetta e quando fare domanda&#8221; &#8212; VareseNews\" frameborder=\"0\" marginwidth=\"0\" marginheight=\"0\" scrolling=\"no\"><\/iframe>","_oembed_time_b04824354db45435cbf1f9caa00c9142":"1641050661","_oembed_45de36046c347f6ff0ebc224462852a3":"<blockquote class=\"wp-embedded-content\" data-secret=\"8RFqt0Eh2U\"><a href=\"https:\/\/www.varesenews.it\/2021\/12\/giulemanidallascuola-contesta-la-proposta-mandare-dad-gli-studenti-non-vaccinati\/1413566\/\">Gi\u00f9LeManiDallaScuola contesta la proposta di mandare in Dad gli studenti non vaccinati<\/a><\/blockquote><iframe class=\"wp-embedded-content\" sandbox=\"allow-scripts\" security=\"restricted\" style=\"position: absolute; clip: rect(1px, 1px, 1px, 1px);\" src=\"https:\/\/www.varesenews.it\/2021\/12\/giulemanidallascuola-contesta-la-proposta-mandare-dad-gli-studenti-non-vaccinati\/1413566\/embed\/#?secret=8RFqt0Eh2U\" data-secret=\"8RFqt0Eh2U\" width=\"500\" height=\"282\" title=\"&#8220;Gi\u00f9LeManiDallaScuola contesta la proposta di mandare in Dad gli studenti non vaccinati&#8221; &#8212; VareseNews\" frameborder=\"0\" marginwidth=\"0\" marginheight=\"0\" scrolling=\"no\"><\/iframe>","_oembed_time_45de36046c347f6ff0ebc224462852a3":"1641051004","_oembed_e10acf7361f18812b1fa7c2ae84e6912":"<blockquote class=\"wp-embedded-content\" data-secret=\"ujxGIJdbm9\"><a href=\"https:\/\/www.varesenews.it\/2021\/12\/docenti-ritengono-piu-sicura-la-dad-la-primaria-san-fermo-riapre-gennaio\/1413229\/\">I docenti ritengono pi\u00f9 sicura la Dad: la primaria di San Fermo riapre a gennaio<\/a><\/blockquote><iframe class=\"wp-embedded-content\" sandbox=\"allow-scripts\" security=\"restricted\" style=\"position: absolute; clip: rect(1px, 1px, 1px, 1px);\" src=\"https:\/\/www.varesenews.it\/2021\/12\/docenti-ritengono-piu-sicura-la-dad-la-primaria-san-fermo-riapre-gennaio\/1413229\/embed\/#?secret=ujxGIJdbm9\" data-secret=\"ujxGIJdbm9\" width=\"500\" height=\"282\" title=\"&#8220;I docenti ritengono pi\u00f9 sicura la Dad: la primaria di San Fermo riapre a gennaio&#8221; &#8212; VareseNews\" frameborder=\"0\" marginwidth=\"0\" marginheight=\"0\" scrolling=\"no\"><\/iframe>","_oembed_time_e10acf7361f18812b1fa7c2ae84e6912":"1641051004","_oembed_9d6d028f80602621745c63f1e8b0593f":"<iframe width=\"500\" height=\"281\" src=\"https:\/\/www.youtube.com\/embed\/VVUC6lnVzGs?feature=oembed\" frameborder=\"0\" allow=\"accelerometer; autoplay; clipboard-write; encrypted-media; gyroscope; picture-in-picture\" allowfullscreen><\/iframe>","_oembed_time_9d6d028f80602621745c63f1e8b0593f":"1641051005","_oembed_43c4c372b37850840ced80164d16425d":"<blockquote class=\"wp-embedded-content\" data-secret=\"CpSGnBnEDZ\"><a href=\"https:\/\/www.varesenews.it\/2021\/09\/varese-provincia-caduta-poche-ore-la-pioggia-solitamente-cade-un-mese\/1380416\/\">Su Varese e provincia \u00e8 caduta in poche ore la pioggia che solitamente cade in un mese<\/a><\/blockquote><iframe class=\"wp-embedded-content\" sandbox=\"allow-scripts\" security=\"restricted\" style=\"position: absolute; clip: rect(1px, 1px, 1px, 1px);\" src=\"https:\/\/www.varesenews.it\/2021\/09\/varese-provincia-caduta-poche-ore-la-pioggia-solitamente-cade-un-mese\/1380416\/embed\/#?secret=CpSGnBnEDZ\" data-secret=\"CpSGnBnEDZ\" width=\"500\" height=\"282\" title=\"&#8220;Su Varese e provincia \u00e8 caduta in poche ore la pioggia che solitamente cade in un mese&#8221; &#8212; VareseNews\" frameborder=\"0\" marginwidth=\"0\" marginheight=\"0\" scrolling=\"no\"><\/iframe>","_oembed_time_43c4c372b37850840ced80164d16425d":"1641051005","_oembed_2b28dcd86aed4ed115f442de8b8a9ef9":"<iframe width=\"500\" height=\"281\" src=\"https:\/\/www.youtube.com\/embed\/JEINTGqJ-a4?feature=oembed\" frameborder=\"0\" allow=\"accelerometer; autoplay; clipboard-write; encrypted-media; gyroscope; picture-in-picture\" allowfullscreen><\/iframe>","_oembed_time_2b28dcd86aed4ed115f442de8b8a9ef9":"1641051005","_oembed_1eda5165d5f129ed0657bca7aa75e134":"<iframe width=\"500\" height=\"281\" src=\"https:\/\/www.youtube.com\/embed\/wi7WMvVrdVc?feature=oembed\" frameborder=\"0\" allow=\"accelerometer; autoplay; clipboard-write; encrypted-media; gyroscope; picture-in-picture\" allowfullscreen><\/iframe>","_oembed_time_1eda5165d5f129ed0657bca7aa75e134":"1641051005","_oembed_ae712af24aced23e06e813a9f21ab963":"<iframe width=\"500\" height=\"281\" src=\"https:\/\/www.youtube.com\/embed\/KPxHl-6bM4c?feature=oembed\" frameborder=\"0\" allow=\"accelerometer; autoplay; clipboard-write; encrypted-media; gyroscope; picture-in-picture\" allowfullscreen><\/iframe>","_oembed_time_ae712af24aced23e06e813a9f21ab963":"1641051005","_oembed_34a1a1d668c24034cfc79d7179dab675":"<iframe width=\"500\" height=\"281\" src=\"https:\/\/www.youtube.com\/embed\/U8sKSH08XJQ?feature=oembed\" frameborder=\"0\" allow=\"accelerometer; autoplay; clipboard-write; encrypted-media; gyroscope; picture-in-picture\" allowfullscreen><\/iframe>","_oembed_time_34a1a1d668c24034cfc79d7179dab675":"1641051005","_oembed_7944759bb3309f0bc76477a823c3f154":"<iframe width=\"500\" height=\"281\" src=\"https:\/\/www.youtube.com\/embed\/VVUC6lnVzGs?feature=oembed\" frameborder=\"0\" allow=\"accelerometer; autoplay; clipboard-write; encrypted-media; gyroscope; picture-in-picture\" allowfullscreen><\/iframe>","_oembed_time_7944759bb3309f0bc76477a823c3f154":"1641051005","_oembed_beeaf8e3b13b24db6ff2a7b94d2c2fd3":"<iframe width=\"500\" height=\"281\" src=\"https:\/\/www.youtube.com\/embed\/rLxqqN2ikgU?feature=oembed\" frameborder=\"0\" allow=\"accelerometer; autoplay; clipboard-write; encrypted-media; gyroscope; picture-in-picture\" allowfullscreen><\/iframe>","_oembed_time_beeaf8e3b13b24db6ff2a7b94d2c2fd3":"1641051005","_oembed_97e209d701ba95ee5d32a973d2070fc9":"<iframe width=\"500\" height=\"281\" src=\"https:\/\/www.youtube.com\/embed\/03X8CK3FZNc?feature=oembed\" frameborder=\"0\" allow=\"accelerometer; autoplay; clipboard-write; encrypted-media; gyroscope; picture-in-picture\" allowfullscreen><\/iframe>","_oembed_time_97e209d701ba95ee5d32a973d2070fc9":"1641051006","_oembed_6035259eed461fe8788c9f1443517107":"<iframe width=\"500\" height=\"281\" src=\"https:\/\/www.youtube.com\/embed\/zcfUCGbX8kQ?feature=oembed\" frameborder=\"0\" allow=\"accelerometer; autoplay; clipboard-write; encrypted-media; gyroscope; picture-in-picture\" allowfullscreen><\/iframe>","_oembed_time_6035259eed461fe8788c9f1443517107":"1641051006","_oembed_cb41705a4cdfedb017bab697997aed7b":"<iframe width=\"500\" height=\"281\" src=\"https:\/\/www.youtube.com\/embed\/9uJCasHJ8Kg?feature=oembed\" frameborder=\"0\" allow=\"accelerometer; autoplay; clipboard-write; encrypted-media; gyroscope; picture-in-picture\" allowfullscreen><\/iframe>","_oembed_time_cb41705a4cdfedb017bab697997aed7b":"1641051006","_oembed_7c7e82515c0bb74eccd513dae30f7929":"<iframe width=\"500\" height=\"281\" src=\"https:\/\/www.youtube.com\/embed\/ARwx3MxyzZc?feature=oembed\" frameborder=\"0\" allow=\"accelerometer; autoplay; clipboard-write; encrypted-media; gyroscope; picture-in-picture\" allowfullscreen><\/iframe>","_oembed_time_7c7e82515c0bb74eccd513dae30f7929":"1641051006","_oembed_37145a34a86a443c65d91f60305c1610":"<iframe width=\"500\" height=\"281\" src=\"https:\/\/www.youtube.com\/embed\/k2Ys0qf3odA?feature=oembed\" frameborder=\"0\" allow=\"accelerometer; autoplay; clipboard-write; encrypted-media; gyroscope; picture-in-picture\" allowfullscreen><\/iframe>","_oembed_time_37145a34a86a443c65d91f60305c1610":"1641051006","_oembed_31aebc29eef08d27f272d796fb5ef7ca":"<blockquote class=\"wp-embedded-content\" data-secret=\"ETIOqxJmSa\"><a href=\"https:\/\/www.varesenews.it\/2021\/12\/stipendi-piu-alti-nelle-aree-confine-nella-manovra-accolto-lordine-del-giorno-apre-la-discussione\/1415210\/\">Stipendi pi\u00f9 alti nelle aree di confine: il Parlamento approva l&#8217;ordine del giorno che apre la discussione<\/a><\/blockquote><iframe class=\"wp-embedded-content\" sandbox=\"allow-scripts\" security=\"restricted\" style=\"position: absolute; clip: rect(1px, 1px, 1px, 1px);\" src=\"https:\/\/www.varesenews.it\/2021\/12\/stipendi-piu-alti-nelle-aree-confine-nella-manovra-accolto-lordine-del-giorno-apre-la-discussione\/1415210\/embed\/#?secret=ETIOqxJmSa\" data-secret=\"ETIOqxJmSa\" width=\"500\" height=\"282\" title=\"&#8220;Stipendi pi\u00f9 alti nelle aree di confine: il Parlamento approva l&#8217;ordine del giorno che apre la discussione&#8221; &#8212; VareseNews\" frameborder=\"0\" marginwidth=\"0\" marginheight=\"0\" scrolling=\"no\"><\/iframe>","_oembed_time_31aebc29eef08d27f272d796fb5ef7ca":"1641051392","_oembed_58eed1c5163876e948cd9b91c40234f4":"<blockquote class=\"wp-embedded-content\" data-secret=\"colaK5y1UP\"><a href=\"https:\/\/www.varesenews.it\/2021\/04\/cambia-piano-vaccinale-della-lombardia-cinquantenni-convocati-fine-maggio\/1332503\/\">Cambia il piano vaccinale della Lombardia: cinquantenni convocati da fine maggio<\/a><\/blockquote><iframe class=\"wp-embedded-content\" sandbox=\"allow-scripts\" security=\"restricted\" style=\"position: absolute; clip: rect(1px, 1px, 1px, 1px);\" src=\"https:\/\/www.varesenews.it\/2021\/04\/cambia-piano-vaccinale-della-lombardia-cinquantenni-convocati-fine-maggio\/1332503\/embed\/#?secret=colaK5y1UP\" data-secret=\"colaK5y1UP\" width=\"500\" height=\"282\" title=\"&#8220;Cambia il piano vaccinale della Lombardia: cinquantenni convocati da fine maggio&#8221; &#8212; VareseNews\" frameborder=\"0\" marginwidth=\"0\" marginheight=\"0\" scrolling=\"no\"><\/iframe>","_oembed_time_58eed1c5163876e948cd9b91c40234f4":"1641051392","_oembed_317308d6fb1651b056d9613f1f13e961":"<blockquote class=\"wp-embedded-content\" data-secret=\"NP9tfEMsqU\"><a href=\"https:\/\/www.varesenews.it\/2021\/10\/elezioni-varese-lo-spoglio-dei-voti-diretta\/1384211\/\">Elezioni a Varese: lo spoglio dei voti in diretta<\/a><\/blockquote><iframe class=\"wp-embedded-content\" sandbox=\"allow-scripts\" security=\"restricted\" style=\"position: absolute; clip: rect(1px, 1px, 1px, 1px);\" src=\"https:\/\/www.varesenews.it\/2021\/10\/elezioni-varese-lo-spoglio-dei-voti-diretta\/1384211\/embed\/#?secret=NP9tfEMsqU\" data-secret=\"NP9tfEMsqU\" width=\"500\" height=\"282\" title=\"&#8220;Elezioni a Varese: lo spoglio dei voti in diretta&#8221; &#8212; VareseNews\" frameborder=\"0\" marginwidth=\"0\" marginheight=\"0\" scrolling=\"no\"><\/iframe>","_oembed_time_317308d6fb1651b056d9613f1f13e961":"1641051392","_oembed_09c69146e6a223c1f553bdaab9ebcab9":"<blockquote class=\"wp-embedded-content\" data-secret=\"ok1lO4bRW3\"><a href=\"https:\/\/www.varesenews.it\/2021\/05\/silvia-alessandro-giovani-varesini-morti-nella-tragedia-sul-mottarone\/1342528\/\">Silvia e Alessandro, i giovani varesini morti nella tragedia sul Mottarone<\/a><\/blockquote><iframe class=\"wp-embedded-content\" sandbox=\"allow-scripts\" security=\"restricted\" style=\"position: absolute; clip: rect(1px, 1px, 1px, 1px);\" src=\"https:\/\/www.varesenews.it\/2021\/05\/silvia-alessandro-giovani-varesini-morti-nella-tragedia-sul-mottarone\/1342528\/embed\/#?secret=ok1lO4bRW3\" data-secret=\"ok1lO4bRW3\" width=\"500\" height=\"282\" title=\"&#8220;Silvia e Alessandro, i giovani varesini morti nella tragedia sul Mottarone&#8221; &#8212; VareseNews\" frameborder=\"0\" marginwidth=\"0\" marginheight=\"0\" scrolling=\"no\"><\/iframe>","_oembed_time_09c69146e6a223c1f553bdaab9ebcab9":"1641051392","_oembed_fc0aedf425153e76f6dfdd7a7a6c875d":"<blockquote class=\"wp-embedded-content\" data-secret=\"N2658tXLiS\"><a href=\"https:\/\/www.varesenews.it\/2021\/01\/provato-vinted-la-nuova-app-vendere-comprare-vestiti-usati\/1300136\/\">Abbiamo provato Vinted, la nuova App per vendere e comprare vestiti usati<\/a><\/blockquote><iframe class=\"wp-embedded-content\" sandbox=\"allow-scripts\" security=\"restricted\" style=\"position: absolute; clip: rect(1px, 1px, 1px, 1px);\" src=\"https:\/\/www.varesenews.it\/2021\/01\/provato-vinted-la-nuova-app-vendere-comprare-vestiti-usati\/1300136\/embed\/#?secret=N2658tXLiS\" data-secret=\"N2658tXLiS\" width=\"500\" height=\"282\" title=\"&#8220;Abbiamo provato Vinted, la nuova App per vendere e comprare vestiti usati&#8221; &#8212; VareseNews\" frameborder=\"0\" marginwidth=\"0\" marginheight=\"0\" scrolling=\"no\"><\/iframe>","_oembed_time_fc0aedf425153e76f6dfdd7a7a6c875d":"1641051392","_oembed_1f694954cf11530556b1658133f7a426":"<blockquote class=\"wp-embedded-content\" data-secret=\"9XtAEg5X7Z\"><a href=\"https:\/\/www.varesenews.it\/2021\/01\/la-slavina-al-devero-spazzato-via-le-vite-erica-lorenzo\/1296797\/\">La slavina al Devero che ha spazzato via le vite di Erica e Lorenzo<\/a><\/blockquote><iframe class=\"wp-embedded-content\" sandbox=\"allow-scripts\" security=\"restricted\" style=\"position: absolute; clip: rect(1px, 1px, 1px, 1px);\" src=\"https:\/\/www.varesenews.it\/2021\/01\/la-slavina-al-devero-spazzato-via-le-vite-erica-lorenzo\/1296797\/embed\/#?secret=9XtAEg5X7Z\" data-secret=\"9XtAEg5X7Z\" width=\"500\" height=\"282\" title=\"&#8220;La slavina al Devero che ha spazzato via le vite di Erica e Lorenzo&#8221; &#8212; VareseNews\" frameborder=\"0\" marginwidth=\"0\" marginheight=\"0\" scrolling=\"no\"><\/iframe>","_oembed_time_1f694954cf11530556b1658133f7a426":"1641051392","_oembed_f78adcb07750a36ed9bc074695f6ee1f":"<blockquote class=\"wp-embedded-content\" data-secret=\"ynXByRiEUP\"><a href=\"https:\/\/www.varesenews.it\/2021\/10\/risultati-delle-elezioni-diretta-gallarate-busto-varese-tutti-comuni-della-provincia\/1385973\/\">I risultati delle elezioni in diretta a Gallarate, Busto, Varese e in tutti i comuni della provincia<\/a><\/blockquote><iframe class=\"wp-embedded-content\" sandbox=\"allow-scripts\" security=\"restricted\" style=\"position: absolute; clip: rect(1px, 1px, 1px, 1px);\" src=\"https:\/\/www.varesenews.it\/2021\/10\/risultati-delle-elezioni-diretta-gallarate-busto-varese-tutti-comuni-della-provincia\/1385973\/embed\/#?secret=ynXByRiEUP\" data-secret=\"ynXByRiEUP\" width=\"500\" height=\"282\" title=\"&#8220;I risultati delle elezioni in diretta a Gallarate, Busto, Varese e in tutti i comuni della provincia&#8221; &#8212; VareseNews\" frameborder=\"0\" marginwidth=\"0\" marginheight=\"0\" scrolling=\"no\"><\/iframe>","_oembed_time_f78adcb07750a36ed9bc074695f6ee1f":"1641051392","_oembed_a426b950f26f1db9e006ed3e25d42f46":"<blockquote class=\"wp-embedded-content\" data-secret=\"GzO8mdrtP5\"><a href=\"https:\/\/www.varesenews.it\/2021\/06\/punto-la-campagna-vaccinale-provincia-varese\/1332376\/\">I dati aggiornati sulla campagna vaccinale in provincia di Varese comune per comune<\/a><\/blockquote><iframe class=\"wp-embedded-content\" sandbox=\"allow-scripts\" security=\"restricted\" style=\"position: absolute; clip: rect(1px, 1px, 1px, 1px);\" src=\"https:\/\/www.varesenews.it\/2021\/06\/punto-la-campagna-vaccinale-provincia-varese\/1332376\/embed\/#?secret=GzO8mdrtP5\" data-secret=\"GzO8mdrtP5\" width=\"500\" height=\"282\" title=\"&#8220;I dati aggiornati sulla campagna vaccinale in provincia di Varese comune per comune&#8221; &#8212; VareseNews\" frameborder=\"0\" marginwidth=\"0\" marginheight=\"0\" scrolling=\"no\"><\/iframe>","_oembed_time_a426b950f26f1db9e006ed3e25d42f46":"1641051392","_oembed_fef79114b145d908d72fcbbcb79df149":"<blockquote class=\"wp-embedded-content\" data-secret=\"EUe05CRGi2\"><a href=\"https:\/\/www.varesenews.it\/2021\/01\/regione-lombardia-zona-gialla-ad-arancione-cosa-puo-cosa-no\/1293719\/\">Regione Lombardia: da zona gialla ad arancione. Cosa si pu\u00f2 fare e cosa no<\/a><\/blockquote><iframe class=\"wp-embedded-content\" sandbox=\"allow-scripts\" security=\"restricted\" style=\"position: absolute; clip: rect(1px, 1px, 1px, 1px);\" src=\"https:\/\/www.varesenews.it\/2021\/01\/regione-lombardia-zona-gialla-ad-arancione-cosa-puo-cosa-no\/1293719\/embed\/#?secret=EUe05CRGi2\" data-secret=\"EUe05CRGi2\" width=\"500\" height=\"282\" title=\"&#8220;Regione Lombardia: da zona gialla ad arancione. Cosa si pu\u00f2 fare e cosa no&#8221; &#8212; VareseNews\" frameborder=\"0\" marginwidth=\"0\" marginheight=\"0\" scrolling=\"no\"><\/iframe>","_oembed_time_fef79114b145d908d72fcbbcb79df149":"1641051392","_oembed_26ea7941585bd80d37f143109ffb147f":"<blockquote class=\"wp-embedded-content\" data-secret=\"gTM3qrFTiR\"><a href=\"https:\/\/www.varesenews.it\/2021\/05\/belen-rodriguez-turista-sesto-calende\/1340766\/\">Belen Rodriguez turista a Sesto Calende<\/a><\/blockquote><iframe class=\"wp-embedded-content\" sandbox=\"allow-scripts\" security=\"restricted\" style=\"position: absolute; clip: rect(1px, 1px, 1px, 1px);\" src=\"https:\/\/www.varesenews.it\/2021\/05\/belen-rodriguez-turista-sesto-calende\/1340766\/embed\/#?secret=gTM3qrFTiR\" data-secret=\"gTM3qrFTiR\" width=\"500\" height=\"282\" title=\"&#8220;Belen Rodriguez turista a Sesto Calende&#8221; &#8212; VareseNews\" frameborder=\"0\" marginwidth=\"0\" marginheight=\"0\" scrolling=\"no\"><\/iframe>","_oembed_time_26ea7941585bd80d37f143109ffb147f":"1641051392","_oembed_cb6c64f71dd4894b0383edce2ad62f43":"<blockquote class=\"wp-embedded-content\" data-secret=\"JE1PQ424k3\"><a href=\"https:\/\/www.varesenews.it\/2021\/04\/inventato-bidet-tascabile\/1332120\/\">&#8220;Ho inventato il bidet tascabile&#8221;<\/a><\/blockquote><iframe class=\"wp-embedded-content\" sandbox=\"allow-scripts\" security=\"restricted\" style=\"position: absolute; clip: rect(1px, 1px, 1px, 1px);\" src=\"https:\/\/www.varesenews.it\/2021\/04\/inventato-bidet-tascabile\/1332120\/embed\/#?secret=JE1PQ424k3\" data-secret=\"JE1PQ424k3\" width=\"500\" height=\"282\" title=\"&#8220;&#8220;Ho inventato il bidet tascabile&#8221;&#8221; &#8212; VareseNews\" frameborder=\"0\" marginwidth=\"0\" marginheight=\"0\" scrolling=\"no\"><\/iframe>","_oembed_time_cb6c64f71dd4894b0383edce2ad62f43":"1641051392","_oembed_d9275a5a905dfb6ceb5842a7ff8da338":"<blockquote class=\"wp-embedded-content\" data-secret=\"ymslfQ9E3V\"><a href=\"https:\/\/www.varesenews.it\/2021\/04\/qualche-giorno-ne-invasi-perche-non-possiamo-voler-bene-ai-bibio-marci\/1332323\/\">Da qualche giorno ne siamo invasi: chi sono e perch\u00e9 non possiamo che voler bene ai Bibio marci<\/a><\/blockquote><iframe class=\"wp-embedded-content\" sandbox=\"allow-scripts\" security=\"restricted\" style=\"position: absolute; clip: rect(1px, 1px, 1px, 1px);\" src=\"https:\/\/www.varesenews.it\/2021\/04\/qualche-giorno-ne-invasi-perche-non-possiamo-voler-bene-ai-bibio-marci\/1332323\/embed\/#?secret=ymslfQ9E3V\" data-secret=\"ymslfQ9E3V\" width=\"500\" height=\"282\" title=\"&#8220;Da qualche giorno ne siamo invasi: chi sono e perch\u00e9 non possiamo che voler bene ai Bibio marci&#8221; &#8212; VareseNews\" frameborder=\"0\" marginwidth=\"0\" marginheight=\"0\" scrolling=\"no\"><\/iframe>","_oembed_time_d9275a5a905dfb6ceb5842a7ff8da338":"1641051392","_oembed_6cecb456909fc07f1a860a514b7bc12a":"<blockquote class=\"wp-embedded-content\" data-secret=\"paeYbsbRVd\"><a href=\"https:\/\/www.varesenews.it\/2021\/03\/piegate-dal-covid-chiudono-le-pasticcerie-zamberletti-laddio-nella-lettera-ai-dipendenti-ai-varesini\/1318422\/\">Piegate dal Covid, chiudono le pasticcerie Zamberletti: l&#8217;addio nella lettera ai dipendenti e ai varesini<\/a><\/blockquote><iframe class=\"wp-embedded-content\" sandbox=\"allow-scripts\" security=\"restricted\" style=\"position: absolute; clip: rect(1px, 1px, 1px, 1px);\" src=\"https:\/\/www.varesenews.it\/2021\/03\/piegate-dal-covid-chiudono-le-pasticcerie-zamberletti-laddio-nella-lettera-ai-dipendenti-ai-varesini\/1318422\/embed\/#?secret=paeYbsbRVd\" data-secret=\"paeYbsbRVd\" width=\"500\" height=\"282\" title=\"&#8220;Piegate dal Covid, chiudono le pasticcerie Zamberletti: l&#8217;addio nella lettera ai dipendenti e ai varesini&#8221; &#8212; VareseNews\" frameborder=\"0\" marginwidth=\"0\" marginheight=\"0\" scrolling=\"no\"><\/iframe>","_oembed_time_6cecb456909fc07f1a860a514b7bc12a":"1641051392","_oembed_00f0be427b9f53f3bc7949336d47dfeb":"<blockquote class=\"wp-embedded-content\" data-secret=\"MNskaVSvpb\"><a href=\"https:\/\/www.varesenews.it\/video\/30-anni-fa-moriva-gilles-villeneuve\/\">30 anni fa moriva Gilles Villeneuve<\/a><\/blockquote><iframe class=\"wp-embedded-content\" sandbox=\"allow-scripts\" security=\"restricted\" style=\"position: absolute; clip: rect(1px, 1px, 1px, 1px);\" src=\"https:\/\/www.varesenews.it\/video\/30-anni-fa-moriva-gilles-villeneuve\/embed\/#?secret=MNskaVSvpb\" data-secret=\"MNskaVSvpb\" width=\"500\" height=\"282\" title=\"&#8220;30 anni fa moriva Gilles Villeneuve&#8221; &#8212; VareseNews\" frameborder=\"0\" marginwidth=\"0\" marginheight=\"0\" scrolling=\"no\"><\/iframe>","_oembed_time_00f0be427b9f53f3bc7949336d47dfeb":"1641051392","_oembed_1510f4d198a5f83c1bf11a3d21d331e2":"<blockquote class=\"wp-embedded-content\" data-secret=\"397w9ZFuCW\"><a href=\"https:\/\/www.varesenews.it\/video\/autobus-bloccato-sottacqua-busto-arsizio\/\">Autobus bloccato sott&#8217;acqua a Busto Arsizio<\/a><\/blockquote><iframe class=\"wp-embedded-content\" sandbox=\"allow-scripts\" security=\"restricted\" style=\"position: absolute; clip: rect(1px, 1px, 1px, 1px);\" src=\"https:\/\/www.varesenews.it\/video\/autobus-bloccato-sottacqua-busto-arsizio\/embed\/#?secret=397w9ZFuCW\" data-secret=\"397w9ZFuCW\" width=\"500\" height=\"282\" title=\"&#8220;Autobus bloccato sott&#8217;acqua a Busto Arsizio&#8221; &#8212; VareseNews\" frameborder=\"0\" marginwidth=\"0\" marginheight=\"0\" scrolling=\"no\"><\/iframe>","_oembed_time_1510f4d198a5f83c1bf11a3d21d331e2":"1641051393","_oembed_dc1d96756722da73d7ba35ffaa17ac03":"<blockquote class=\"wp-embedded-content\" data-secret=\"e4gwn0cDdJ\"><a href=\"https:\/\/www.varesenews.it\/video\/auto-investe-un-ciclista-malnate-video-dellincidente\/\">Auto investe un ciclista a Malnate. Il video dell\u2019incidente<\/a><\/blockquote><iframe class=\"wp-embedded-content\" sandbox=\"allow-scripts\" security=\"restricted\" style=\"position: absolute; clip: rect(1px, 1px, 1px, 1px);\" src=\"https:\/\/www.varesenews.it\/video\/auto-investe-un-ciclista-malnate-video-dellincidente\/embed\/#?secret=e4gwn0cDdJ\" data-secret=\"e4gwn0cDdJ\" width=\"500\" height=\"282\" title=\"&#8220;Auto investe un ciclista a Malnate. Il video dell\u2019incidente&#8221; &#8212; VareseNews\" frameborder=\"0\" marginwidth=\"0\" marginheight=\"0\" scrolling=\"no\"><\/iframe>","_oembed_time_dc1d96756722da73d7ba35ffaa17ac03":"1641051393","_oembed_86af47f982fd22c447dcfe75cda7ca3e":"<blockquote class=\"wp-embedded-content\" data-secret=\"YiJCoTQduO\"><a href=\"https:\/\/www.varesenews.it\/video\/grandine-fulmini-lalto-varesotto-colpito-un-violento-temporale\/\">Grandine e fulmini, l&#8217;alto Varesotto colpito da un violento temporale<\/a><\/blockquote><iframe class=\"wp-embedded-content\" sandbox=\"allow-scripts\" security=\"restricted\" style=\"position: absolute; clip: rect(1px, 1px, 1px, 1px);\" src=\"https:\/\/www.varesenews.it\/video\/grandine-fulmini-lalto-varesotto-colpito-un-violento-temporale\/embed\/#?secret=YiJCoTQduO\" data-secret=\"YiJCoTQduO\" width=\"500\" height=\"282\" title=\"&#8220;Grandine e fulmini, l&#8217;alto Varesotto colpito da un violento temporale&#8221; &#8212; VareseNews\" frameborder=\"0\" marginwidth=\"0\" marginheight=\"0\" scrolling=\"no\"><\/iframe>","_oembed_time_86af47f982fd22c447dcfe75cda7ca3e":"1641051393","_oembed_fa9a0816463c758152fdc6a3bbbbda77":"<blockquote class=\"wp-embedded-content\" data-secret=\"l0UFuOdNKh\"><a href=\"https:\/\/www.varesenews.it\/video\/tempesta-sul-lago-como-le-immagini-del-disastro\/\">Tempesta sul Lago di Como: le immagini del disastro<\/a><\/blockquote><iframe class=\"wp-embedded-content\" sandbox=\"allow-scripts\" security=\"restricted\" style=\"position: absolute; clip: rect(1px, 1px, 1px, 1px);\" src=\"https:\/\/www.varesenews.it\/video\/tempesta-sul-lago-como-le-immagini-del-disastro\/embed\/#?secret=l0UFuOdNKh\" data-secret=\"l0UFuOdNKh\" width=\"500\" height=\"282\" title=\"&#8220;Tempesta sul Lago di Como: le immagini del disastro&#8221; &#8212; VareseNews\" frameborder=\"0\" marginwidth=\"0\" marginheight=\"0\" scrolling=\"no\"><\/iframe>","_oembed_time_fa9a0816463c758152fdc6a3bbbbda77":"1641051393","_oembed_b817c4c2603110d75e843fe7e47f73bb":"<blockquote class=\"wp-embedded-content\" data-secret=\"rKo3OXmWPp\"><a href=\"https:\/\/www.varesenews.it\/video\/le-regole-del-dpcm-gennaio\/\">Le regole del nuovo DPCM di Gennaio<\/a><\/blockquote><iframe class=\"wp-embedded-content\" sandbox=\"allow-scripts\" security=\"restricted\" style=\"position: absolute; clip: rect(1px, 1px, 1px, 1px);\" src=\"https:\/\/www.varesenews.it\/video\/le-regole-del-dpcm-gennaio\/embed\/#?secret=rKo3OXmWPp\" data-secret=\"rKo3OXmWPp\" width=\"500\" height=\"282\" title=\"&#8220;Le regole del nuovo DPCM di Gennaio&#8221; &#8212; VareseNews\" frameborder=\"0\" marginwidth=\"0\" marginheight=\"0\" scrolling=\"no\"><\/iframe>","_oembed_time_b817c4c2603110d75e843fe7e47f73bb":"1641051393","_oembed_11b706f5a09248a9e1b07ee4dc8cf390":"<blockquote class=\"wp-embedded-content\" data-secret=\"RrdFcbXZ37\"><a href=\"https:\/\/www.varesenews.it\/video\/tuffo-da-60-metri-record-in-svizzera\/\">Tuffo da 60 metri, record in Svizzera<\/a><\/blockquote><iframe class=\"wp-embedded-content\" sandbox=\"allow-scripts\" security=\"restricted\" style=\"position: absolute; clip: rect(1px, 1px, 1px, 1px);\" src=\"https:\/\/www.varesenews.it\/video\/tuffo-da-60-metri-record-in-svizzera\/embed\/#?secret=RrdFcbXZ37\" data-secret=\"RrdFcbXZ37\" width=\"500\" height=\"282\" title=\"&#8220;Tuffo da 60 metri, record in Svizzera&#8221; &#8212; VareseNews\" frameborder=\"0\" marginwidth=\"0\" marginheight=\"0\" scrolling=\"no\"><\/iframe>","_oembed_time_11b706f5a09248a9e1b07ee4dc8cf390":"1641051393","_oembed_f464dca1202fab3212657d18c157f1d9":"<blockquote class=\"wp-embedded-content\" data-secret=\"dB75soPDxT\"><a href=\"https:\/\/www.varesenews.it\/video\/discorso-integrale-liliana-segre\/\">Il discorso integrale di Liliana Segre<\/a><\/blockquote><iframe class=\"wp-embedded-content\" sandbox=\"allow-scripts\" security=\"restricted\" style=\"position: absolute; clip: rect(1px, 1px, 1px, 1px);\" src=\"https:\/\/www.varesenews.it\/video\/discorso-integrale-liliana-segre\/embed\/#?secret=dB75soPDxT\" data-secret=\"dB75soPDxT\" width=\"500\" height=\"282\" title=\"&#8220;Il discorso integrale di Liliana Segre&#8221; &#8212; VareseNews\" frameborder=\"0\" marginwidth=\"0\" marginheight=\"0\" scrolling=\"no\"><\/iframe>","_oembed_time_f464dca1202fab3212657d18c157f1d9":"1641051393","_oembed_395d9209c6f377c36faf18c3169381a1":"<blockquote class=\"wp-embedded-content\" data-secret=\"rCIRwAYKSi\"><a href=\"https:\/\/www.varesenews.it\/video\/la-tempesta-domenica-sul-varesotto\/\">La tempesta di domenica sul Varesotto<\/a><\/blockquote><iframe class=\"wp-embedded-content\" sandbox=\"allow-scripts\" security=\"restricted\" style=\"position: absolute; clip: rect(1px, 1px, 1px, 1px);\" src=\"https:\/\/www.varesenews.it\/video\/la-tempesta-domenica-sul-varesotto\/embed\/#?secret=rCIRwAYKSi\" data-secret=\"rCIRwAYKSi\" width=\"500\" height=\"282\" title=\"&#8220;La tempesta di domenica sul Varesotto&#8221; &#8212; VareseNews\" frameborder=\"0\" marginwidth=\"0\" marginheight=\"0\" scrolling=\"no\"><\/iframe>","_oembed_time_395d9209c6f377c36faf18c3169381a1":"1641051393","_oembed_17d7b776e2b354243bef931cecb8fc3f":"<blockquote class=\"wp-embedded-content\" data-secret=\"GQMJX0pndD\"><a href=\"https:\/\/www.varesenews.it\/video\/trovato-un-cadavere-nei-boschi-della-valganna\/\">Trovato un cadavere nei boschi della Valganna<\/a><\/blockquote><iframe class=\"wp-embedded-content\" sandbox=\"allow-scripts\" security=\"restricted\" style=\"position: absolute; clip: rect(1px, 1px, 1px, 1px);\" src=\"https:\/\/www.varesenews.it\/video\/trovato-un-cadavere-nei-boschi-della-valganna\/embed\/#?secret=GQMJX0pndD\" data-secret=\"GQMJX0pndD\" width=\"500\" height=\"282\" title=\"&#8220;Trovato un cadavere nei boschi della Valganna&#8221; &#8212; VareseNews\" frameborder=\"0\" marginwidth=\"0\" marginheight=\"0\" scrolling=\"no\"><\/iframe>","_oembed_time_17d7b776e2b354243bef931cecb8fc3f":"1641051393","_oembed_5b7978a0a430687a9292b7130cce355f":"<blockquote class=\"wp-embedded-content\" data-secret=\"CCEvuQRIRk\"><a href=\"https:\/\/www.legnanonews.com\/aree-geografiche\/alto_milanese\/2021\/12\/12\/culle-vuote-nel-legnanese-nel-2020-i-decessi-sono-stati-quasi-il-doppio-delle-nascite\/1006959\/\">Culle vuote nel Legnanese: nel 2020 i decessi sono stati quasi il doppio delle nascite<\/a><\/blockquote><iframe class=\"wp-embedded-content\" sandbox=\"allow-scripts\" security=\"restricted\" style=\"position: absolute; clip: rect(1px, 1px, 1px, 1px);\" src=\"https:\/\/www.legnanonews.com\/aree-geografiche\/alto_milanese\/2021\/12\/12\/culle-vuote-nel-legnanese-nel-2020-i-decessi-sono-stati-quasi-il-doppio-delle-nascite\/1006959\/embed\/#?secret=CCEvuQRIRk\" data-secret=\"CCEvuQRIRk\" width=\"500\" height=\"282\" title=\"&#8220;Culle vuote nel Legnanese: nel 2020 i decessi sono stati quasi il doppio delle nascite&#8221; &#8212; LegnanoNews\" frameborder=\"0\" marginwidth=\"0\" marginheight=\"0\" scrolling=\"no\"><\/iframe>","_oembed_time_5b7978a0a430687a9292b7130cce355f":"1641051694"},"photos":[{"original":"https:\/\/staging.varesenews.it\/photogallery_new\/images\/2021\/04\/cambiamento-1217219.jpg","full":"https:\/\/staging.varesenews.it\/photogallery_new\/images\/2021\/04\/cambiamento-1217219.1024x768.jpg","large":"https:\/\/staging.varesenews.it\/photogallery_new\/images\/2021\/04\/cambiamento-1217219.610x431.jpg"}],"_links":{"self":[{"href":"https:\/\/staging.varesenews.it\/swgapi\/v1\/wp\/v2\/posts\/1415610"}],"collection":[{"href":"https:\/\/staging.varesenews.it\/swgapi\/v1\/wp\/v2\/posts"}],"about":[{"href":"https:\/\/staging.varesenews.it\/swgapi\/v1\/wp\/v2\/types\/post"}],"author":[{"embeddable":true,"href":"https:\/\/staging.varesenews.it\/swgapi\/v1\/wp\/v2\/users\/45"}],"replies":[{"embeddable":true,"href":"https:\/\/staging.varesenews.it\/swgapi\/v1\/wp\/v2\/comments?post=1415610"}],"version-history":[{"count":0,"href":"https:\/\/staging.varesenews.it\/swgapi\/v1\/wp\/v2\/posts\/1415610\/revisions"}],"wp:attachment":[{"href":"https:\/\/staging.varesenews.it\/swgapi\/v1\/wp\/v2\/media?parent=1415610"}],"wp:term":[{"taxonomy":"category","embeddable":true,"href":"https:\/\/staging.varesenews.it\/swgapi\/v1\/wp\/v2\/categories?post=1415610"},{"taxonomy":"post_tag","embeddable":true,"href":"https:\/\/staging.varesenews.it\/swgapi\/v1\/wp\/v2\/tags?post=1415610"}],"curies":[{"name":"wp","href":"https:\/\/api.w.org\/{rel}","templated":true}]}}