{"id":1416210,"date":"2022-01-04T19:39:18","date_gmt":"2022-01-04T18:39:18","guid":{"rendered":"https:\/\/www.varesenews.it\/?p=1416210"},"modified":"2022-01-04T21:17:51","modified_gmt":"2022-01-04T20:17:51","slug":"rosario-piccolo-daniele-alla-parrocchia-gazzada-streaming","status":"publish","type":"post","link":"https:\/\/staging.varesenews.it\/2022\/01\/rosario-piccolo-daniele-alla-parrocchia-gazzada-streaming\/1416210\/","title":{"rendered":"Un rosario per il piccolo Daniele: alla parrocchia di Gazzada e in streaming"},"content":{"rendered":"<p>L\u2019unit\u00e0 pastorale di <strong>Gazzada Schianno,\u00a0<\/strong>\u00a0<strong>Lozza<\/strong>, <strong>Morazzone<\/strong> organizza per il <strong>piccolo Daniele Paitoni<\/strong>, <a href=\"https:\/\/www.varesenews.it\/2022\/01\/tragedia-morazzone-accoltella-la-moglie-nellarmadio-cadavere-del-figlio-7-anni\/1415681\/\">ucciso dal padre nel giorno di Capodanno a <strong>Morazzone<\/strong><\/a>, una preghiera e un rosario, in attesa del <a href=\"https:\/\/www.varesenews.it\/2022\/01\/funerali-del-piccolo-daniele-paitoni-si-terranno-venerdi-gazzada-schianno\/1416088\/\">funerale che si svolger\u00e0 alle 14.30 di venerd\u00ec 7<\/a>.<\/p>\n<p>L&#8217;appuntamento \u00e8 questa sera, <strong>marted\u00ec 4 gennaio<\/strong>, alle 21 nella chiesa di <strong>Santa Croce<\/strong> a <strong>Gazzada<\/strong>:\u00a0ma per far partecipare pi\u00f9 persone possibile tra coloro che vorranno rivolgere un pensiero al piccolo, \u00e8 stata organizzata anche una <a href=\"https:\/\/www.ilpontegslm.it\/live-streaming.html\">diretta streaming<\/a>.<\/p>\n<p>La preghiera del Rosario sar\u00e0 arricchita dalle intenzioni di preghiera di chi parteciper\u00e0 in presenza: baster\u00e0 scriverle nei fogli lasciati appositamente all&#8217;entrata della chiesa.<\/p>\n<div class=\"responsive-video\"><iframe loading=\"lazy\" width=\"500\" height=\"281\" src=\"https:\/\/www.youtube.com\/embed\/2H2o0PUbkTA?feature=oembed\" frameborder=\"0\" allow=\"accelerometer; autoplay; clipboard-write; encrypted-media; gyroscope; picture-in-picture\" allowfullscreen><\/iframe><\/div>\n","protected":false},"excerpt":{"rendered":"<p>L&#8217;appuntamento \u00e8 marted\u00ec 4 gennaio, alle 21 nella chiesa di Santa Croce a Gazzada<\/p>\n","protected":false},"author":48,"featured_media":0,"comment_status":"open","ping_status":"open","sticky":false,"template":"","format":"standard","meta":{"footnotes":""},"categories":[2],"tags":[120223],"acf":[],"yoast_head":"<!-- This site is optimized with the Yoast SEO plugin v20.1 - https:\/\/yoast.com\/wordpress\/plugins\/seo\/ -->\n<title>Un rosario per il piccolo Daniele: alla parrocchia di Gazzada e in streaming<\/title>\n<meta name=\"description\" content=\"L&#039;appuntamento \u00e8 marted\u00ec 4 gennaio, alle 21 nella chiesa di Santa Croce a Gazzada\" \/>\n<meta name=\"robots\" content=\"noindex, follow, max-snippet:-1, max-image-preview:large, max-video-preview:-1\" \/>\n<meta property=\"og:locale\" content=\"it_IT\" \/>\n<meta property=\"og:type\" content=\"article\" \/>\n<meta property=\"og:title\" content=\"Un rosario per il piccolo Daniele: alla parrocchia di Gazzada e in streaming\" \/>\n<meta property=\"og:description\" content=\"L&#039;appuntamento \u00e8 marted\u00ec 4 gennaio, alle 21 nella chiesa di Santa Croce a Gazzada\" \/>\n<meta property=\"og:url\" content=\"https:\/\/staging.varesenews.it\/2022\/01\/rosario-piccolo-daniele-alla-parrocchia-gazzada-streaming\/1416210\/\" \/>\n<meta property=\"og:site_name\" content=\"VareseNews\" \/>\n<meta property=\"article:publisher\" content=\"https:\/\/www.facebook.com\/varesenews\" \/>\n<meta property=\"article:author\" content=\"https:\/\/www.facebook.com\/stefaniaradman\" \/>\n<meta property=\"article:published_time\" content=\"2022-01-04T18:39:18+00:00\" \/>\n<meta property=\"article:modified_time\" content=\"2022-01-04T20:17:51+00:00\" \/>\n<meta name=\"author\" content=\"Stefania Radman\" \/>\n<meta name=\"twitter:card\" content=\"summary_large_image\" \/>\n<meta name=\"twitter:creator\" content=\"@LaRadman\" \/>\n<meta name=\"twitter:site\" content=\"@varesenews\" \/>\n<meta name=\"twitter:label1\" content=\"Scritto da\" \/>\n\t<meta name=\"twitter:data1\" content=\"Stefania Radman\" \/>\n\t<meta name=\"twitter:label2\" content=\"Tempo di lettura stimato\" \/>\n\t<meta name=\"twitter:data2\" content=\"1 minuto\" \/>\n<script type=\"application\/ld+json\" class=\"yoast-schema-graph\">{\"@context\":\"https:\/\/schema.org\",\"@graph\":[{\"@type\":\"WebPage\",\"@id\":\"https:\/\/staging.varesenews.it\/2022\/01\/rosario-piccolo-daniele-alla-parrocchia-gazzada-streaming\/1416210\/\",\"url\":\"https:\/\/staging.varesenews.it\/2022\/01\/rosario-piccolo-daniele-alla-parrocchia-gazzada-streaming\/1416210\/\",\"name\":\"Un rosario per il piccolo Daniele: alla parrocchia di Gazzada e in streaming\",\"isPartOf\":{\"@id\":\"https:\/\/staging.varesenews.it\/#website\"},\"datePublished\":\"2022-01-04T18:39:18+00:00\",\"dateModified\":\"2022-01-04T20:17:51+00:00\",\"author\":{\"@id\":\"https:\/\/staging.varesenews.it\/#\/schema\/person\/995d2e6a31c67237a9a1bc1f0079f3aa\"},\"description\":\"L'appuntamento \u00e8 marted\u00ec 4 gennaio, alle 21 nella chiesa di Santa Croce a Gazzada\",\"breadcrumb\":{\"@id\":\"https:\/\/staging.varesenews.it\/2022\/01\/rosario-piccolo-daniele-alla-parrocchia-gazzada-streaming\/1416210\/#breadcrumb\"},\"inLanguage\":\"it-IT\",\"potentialAction\":[{\"@type\":\"ReadAction\",\"target\":[\"https:\/\/staging.varesenews.it\/2022\/01\/rosario-piccolo-daniele-alla-parrocchia-gazzada-streaming\/1416210\/\"]}]},{\"@type\":\"BreadcrumbList\",\"@id\":\"https:\/\/staging.varesenews.it\/2022\/01\/rosario-piccolo-daniele-alla-parrocchia-gazzada-streaming\/1416210\/#breadcrumb\",\"itemListElement\":[{\"@type\":\"ListItem\",\"position\":1,\"name\":\"Home\",\"item\":\"https:\/\/www.varesenews.it\/\"},{\"@type\":\"ListItem\",\"position\":2,\"name\":\"Un rosario per il piccolo Daniele: alla parrocchia di Gazzada e in streaming\"}]},{\"@type\":\"WebSite\",\"@id\":\"https:\/\/staging.varesenews.it\/#website\",\"url\":\"https:\/\/staging.varesenews.it\/\",\"name\":\"VareseNews\",\"description\":\"\",\"potentialAction\":[{\"@type\":\"SearchAction\",\"target\":{\"@type\":\"EntryPoint\",\"urlTemplate\":\"https:\/\/staging.varesenews.it\/?s={search_term_string}\"},\"query-input\":\"required name=search_term_string\"}],\"inLanguage\":\"it-IT\"},{\"@type\":\"Person\",\"@id\":\"https:\/\/staging.varesenews.it\/#\/schema\/person\/995d2e6a31c67237a9a1bc1f0079f3aa\",\"name\":\"Stefania Radman\",\"image\":{\"@type\":\"ImageObject\",\"inLanguage\":\"it-IT\",\"@id\":\"https:\/\/staging.varesenews.it\/#\/schema\/person\/image\/\",\"url\":\"https:\/\/staging.varesenews.it\/wp-content\/uploads\/2020\/12\/stefania_radman_colori_500.jpg\",\"contentUrl\":\"https:\/\/staging.varesenews.it\/wp-content\/uploads\/2020\/12\/stefania_radman_colori_500.jpg\",\"caption\":\"Stefania Radman\"},\"description\":\"Varesina dal 1991, lavoro dal 2000 per Varesenews.it, prima come responsabile della pagina dell&rsquo;economia, poi della pagina life, ora della citt&agrave; di Varese.Ma sono (e sono stata) anche altro: per esempio, agli albori delle radio private ero dj in una radio milanese, Onda Radio. Da 20 anni sono corrispondente da Varese di Radio Popolare e ho collaborato con Espresso, Repubblica, Diario della Settimana, Italia Oggi. &ldquo;Smanettona&rdquo; da sempre, ho aperto il mio primo sito personale con Geocities nei primi anni novanta (chi se lo ricorda?) e i miei primi blog in Splinder all&rsquo;inizio del 2000. Ora sono sui social: qui quasi sempre sono semplicemente \\\"LaRadman&rdquo;.\",\"sameAs\":[\"http:\/\/laradman.blogspot.it\",\"https:\/\/www.facebook.com\/stefaniaradman\",\"@LaRadman\",\"https:\/\/www.linkedin.com\/in\/stefaniaradman\",\"https:\/\/twitter.com\/LaRadman\"],\"url\":\"https:\/\/staging.varesenews.it\/persona\/stefania-radman1\/\"}]}<\/script>\n<!-- \/ Yoast SEO plugin. -->","yoast_head_json":{"title":"Un rosario per il piccolo Daniele: alla parrocchia di Gazzada e in streaming","description":"L'appuntamento \u00e8 marted\u00ec 4 gennaio, alle 21 nella chiesa di Santa Croce a Gazzada","robots":{"index":"noindex","follow":"follow","max-snippet":"max-snippet:-1","max-image-preview":"max-image-preview:large","max-video-preview":"max-video-preview:-1"},"og_locale":"it_IT","og_type":"article","og_title":"Un rosario per il piccolo Daniele: alla parrocchia di Gazzada e in streaming","og_description":"L'appuntamento \u00e8 marted\u00ec 4 gennaio, alle 21 nella chiesa di Santa Croce a Gazzada","og_url":"https:\/\/staging.varesenews.it\/2022\/01\/rosario-piccolo-daniele-alla-parrocchia-gazzada-streaming\/1416210\/","og_site_name":"VareseNews","article_publisher":"https:\/\/www.facebook.com\/varesenews","article_author":"https:\/\/www.facebook.com\/stefaniaradman","article_published_time":"2022-01-04T18:39:18+00:00","article_modified_time":"2022-01-04T20:17:51+00:00","author":"Stefania Radman","twitter_card":"summary_large_image","twitter_creator":"@LaRadman","twitter_site":"@varesenews","twitter_misc":{"Scritto da":"Stefania Radman","Tempo di lettura stimato":"1 minuto"},"schema":{"@context":"https:\/\/schema.org","@graph":[{"@type":"WebPage","@id":"https:\/\/staging.varesenews.it\/2022\/01\/rosario-piccolo-daniele-alla-parrocchia-gazzada-streaming\/1416210\/","url":"https:\/\/staging.varesenews.it\/2022\/01\/rosario-piccolo-daniele-alla-parrocchia-gazzada-streaming\/1416210\/","name":"Un rosario per il piccolo Daniele: alla parrocchia di Gazzada e in streaming","isPartOf":{"@id":"https:\/\/staging.varesenews.it\/#website"},"datePublished":"2022-01-04T18:39:18+00:00","dateModified":"2022-01-04T20:17:51+00:00","author":{"@id":"https:\/\/staging.varesenews.it\/#\/schema\/person\/995d2e6a31c67237a9a1bc1f0079f3aa"},"description":"L'appuntamento \u00e8 marted\u00ec 4 gennaio, alle 21 nella chiesa di Santa Croce a Gazzada","breadcrumb":{"@id":"https:\/\/staging.varesenews.it\/2022\/01\/rosario-piccolo-daniele-alla-parrocchia-gazzada-streaming\/1416210\/#breadcrumb"},"inLanguage":"it-IT","potentialAction":[{"@type":"ReadAction","target":["https:\/\/staging.varesenews.it\/2022\/01\/rosario-piccolo-daniele-alla-parrocchia-gazzada-streaming\/1416210\/"]}]},{"@type":"BreadcrumbList","@id":"https:\/\/staging.varesenews.it\/2022\/01\/rosario-piccolo-daniele-alla-parrocchia-gazzada-streaming\/1416210\/#breadcrumb","itemListElement":[{"@type":"ListItem","position":1,"name":"Home","item":"https:\/\/www.varesenews.it\/"},{"@type":"ListItem","position":2,"name":"Un rosario per il piccolo Daniele: alla parrocchia di Gazzada e in streaming"}]},{"@type":"WebSite","@id":"https:\/\/staging.varesenews.it\/#website","url":"https:\/\/staging.varesenews.it\/","name":"VareseNews","description":"","potentialAction":[{"@type":"SearchAction","target":{"@type":"EntryPoint","urlTemplate":"https:\/\/staging.varesenews.it\/?s={search_term_string}"},"query-input":"required name=search_term_string"}],"inLanguage":"it-IT"},{"@type":"Person","@id":"https:\/\/staging.varesenews.it\/#\/schema\/person\/995d2e6a31c67237a9a1bc1f0079f3aa","name":"Stefania Radman","image":{"@type":"ImageObject","inLanguage":"it-IT","@id":"https:\/\/staging.varesenews.it\/#\/schema\/person\/image\/","url":"https:\/\/staging.varesenews.it\/wp-content\/uploads\/2020\/12\/stefania_radman_colori_500.jpg","contentUrl":"https:\/\/staging.varesenews.it\/wp-content\/uploads\/2020\/12\/stefania_radman_colori_500.jpg","caption":"Stefania Radman"},"description":"Varesina dal 1991, lavoro dal 2000 per Varesenews.it, prima come responsabile della pagina dell&rsquo;economia, poi della pagina life, ora della citt&agrave; di Varese.Ma sono (e sono stata) anche altro: per esempio, agli albori delle radio private ero dj in una radio milanese, Onda Radio. Da 20 anni sono corrispondente da Varese di Radio Popolare e ho collaborato con Espresso, Repubblica, Diario della Settimana, Italia Oggi. &ldquo;Smanettona&rdquo; da sempre, ho aperto il mio primo sito personale con Geocities nei primi anni novanta (chi se lo ricorda?) e i miei primi blog in Splinder all&rsquo;inizio del 2000. Ora sono sui social: qui quasi sempre sono semplicemente \"LaRadman&rdquo;.","sameAs":["http:\/\/laradman.blogspot.it","https:\/\/www.facebook.com\/stefaniaradman","@LaRadman","https:\/\/www.linkedin.com\/in\/stefaniaradman","https:\/\/twitter.com\/LaRadman"],"url":"https:\/\/staging.varesenews.it\/persona\/stefania-radman1\/"}]}},"post_meta":{"_edit_lock":"1641327346:48","_edit_last":"48","_category_permalink":"a:1:{s:8:\"category\";s:0:\"\";}","_encloseme":"1","ratings_users":"0","ratings_score":"0","ratings_average":"0","foto":"1272129","firma_come_redazione":"1","argomento":"Gazzada Schianno","_yoast_wpseo_focuskw_text_input":"gazzada schianno","_yoast_wpseo_focuskw":"gazzada schianno","_yoast_wpseo_linkdex":"56","_yoast_wpseo_content_score":"30","_jd_tweet_this":"yes","_wpt_short_url":"https:\/\/www.varesenews.it\/2022\/01\/rosario-piccolo-daniele-alla-parrocchia-gazzada-streaming\/1416210\/","_wp_jd_target":"https:\/\/www.varesenews.it\/2022\/01\/rosario-piccolo-daniele-alla-parrocchia-gazzada-streaming\/1416210\/","_jd_wp_twitter":"a:1:{i:0;s:180:\"Il rosario per il piccolo Daniele \u00e8 alla parrocchia di Gazzada e in streaming https:\/\/www.varesenews.it\/2022\/01\/rosario-piccolo-daniele-alla-parrocchia-gazzada-streaming\/1416210\/ \";}","_wpt_status_message":"Tweet inviato con successo.","_oembed_1155732a27b7b2a27600b557de16e92f":"<blockquote class=\"wp-embedded-content\" data-secret=\"3i9rkpoLMG\"><a href=\"https:\/\/www.legnanonews.com\/aree-geografiche\/lombardia\/2022\/01\/04\/punto-tamponi-dellex-ospedale-di-legnano-preso-dassalto-la-polizia-locale-andate-a-rho\/1009719\/\">Punto tamponi dell&#8217;ex Ospedale di Legnano preso d&#8217;assalto, l&#8217;appello: \u00abC&#8217;\u00e8 anche Rho Fiera\u00bb<\/a><\/blockquote><iframe class=\"wp-embedded-content\" sandbox=\"allow-scripts\" security=\"restricted\" style=\"position: absolute; clip: rect(1px, 1px, 1px, 1px);\" src=\"https:\/\/www.legnanonews.com\/aree-geografiche\/lombardia\/2022\/01\/04\/punto-tamponi-dellex-ospedale-di-legnano-preso-dassalto-la-polizia-locale-andate-a-rho\/1009719\/embed\/#?secret=3i9rkpoLMG\" data-secret=\"3i9rkpoLMG\" width=\"500\" height=\"282\" title=\"&#8220;Punto tamponi dell&#8217;ex Ospedale di Legnano preso d&#8217;assalto, l&#8217;appello: \u00abC&#8217;\u00e8 anche Rho Fiera\u00bb&#8221; &#8212; LegnanoNews\" frameborder=\"0\" marginwidth=\"0\" marginheight=\"0\" scrolling=\"no\"><\/iframe>","_oembed_time_1155732a27b7b2a27600b557de16e92f":"1641321585","_oembed_3bde20fa00037148bb29a003c211fc6b":"<blockquote class=\"wp-embedded-content\" data-secret=\"oqdQYHGQYd\"><a href=\"https:\/\/www.varesenews.it\/2022\/01\/quarantena-isolamento-le-nuove-disposizioni-pubblicate-ats-insubria\/1415645\/\">Quarantena e isolamento, ecco le nuove disposizioni pubblicate da Ats Insubria<\/a><\/blockquote><iframe class=\"wp-embedded-content\" sandbox=\"allow-scripts\" security=\"restricted\" style=\"position: absolute; clip: rect(1px, 1px, 1px, 1px);\" src=\"https:\/\/www.varesenews.it\/2022\/01\/quarantena-isolamento-le-nuove-disposizioni-pubblicate-ats-insubria\/1415645\/embed\/#?secret=oqdQYHGQYd\" data-secret=\"oqdQYHGQYd\" width=\"500\" height=\"282\" title=\"&#8220;Quarantena e isolamento, ecco le nuove disposizioni pubblicate da Ats Insubria&#8221; &#8212; VareseNews\" frameborder=\"0\" marginwidth=\"0\" marginheight=\"0\" scrolling=\"no\"><\/iframe>","_oembed_time_3bde20fa00037148bb29a003c211fc6b":"1641321585","_oembed_40deafd188488a16dbad5acdcd052f38":"<blockquote class=\"wp-embedded-content\" data-secret=\"HagUwzwQAW\"><a href=\"https:\/\/www.varesenews.it\/2021\/12\/sostegno-alle-famiglie-nel-2022-lassegno-unico-misure-ancora-vigore\/1415256\/\">Sostegno alle famiglie nel 2022: l&#8217;assegno unico e altre misure ancora in vigore<\/a><\/blockquote><iframe class=\"wp-embedded-content\" sandbox=\"allow-scripts\" security=\"restricted\" style=\"position: absolute; clip: rect(1px, 1px, 1px, 1px);\" src=\"https:\/\/www.varesenews.it\/2021\/12\/sostegno-alle-famiglie-nel-2022-lassegno-unico-misure-ancora-vigore\/1415256\/embed\/#?secret=HagUwzwQAW\" data-secret=\"HagUwzwQAW\" width=\"500\" height=\"282\" title=\"&#8220;Sostegno alle famiglie nel 2022: l&#8217;assegno unico e altre misure ancora in vigore&#8221; &#8212; VareseNews\" frameborder=\"0\" marginwidth=\"0\" marginheight=\"0\" scrolling=\"no\"><\/iframe>","_oembed_time_40deafd188488a16dbad5acdcd052f38":"1641321586","_oembed_a3075ab2195b97aa4f6ce4c1b0d0cac0":"<blockquote class=\"wp-embedded-content\" data-secret=\"x3Y1pdbouH\"><a href=\"https:\/\/www.varesenews.it\/2021\/12\/viaggi-spostamenti-le-regole-andare-svizzera-dallitalia\/1414194\/\">Viaggi e spostamenti: le regole per andare in Svizzera dall&#8217;Italia<\/a><\/blockquote><iframe class=\"wp-embedded-content\" sandbox=\"allow-scripts\" security=\"restricted\" style=\"position: absolute; clip: rect(1px, 1px, 1px, 1px);\" src=\"https:\/\/www.varesenews.it\/2021\/12\/viaggi-spostamenti-le-regole-andare-svizzera-dallitalia\/1414194\/embed\/#?secret=x3Y1pdbouH\" data-secret=\"x3Y1pdbouH\" width=\"500\" height=\"282\" title=\"&#8220;Viaggi e spostamenti: le regole per andare in Svizzera dall&#8217;Italia&#8221; &#8212; VareseNews\" frameborder=\"0\" marginwidth=\"0\" marginheight=\"0\" scrolling=\"no\"><\/iframe>","_oembed_time_a3075ab2195b97aa4f6ce4c1b0d0cac0":"1641321586","_oembed_e75e4a45daa5f8a61e25a76bd7f00153":"<blockquote class=\"wp-embedded-content\" data-secret=\"fmJcJfuO4j\"><a href=\"https:\/\/www.varesenews.it\/2021\/12\/arriva-lassegno-unico-universale-come-richiederlo-a-partire-dallisee-2022\/1415247\/\">Arriva l&#8217;assegno unico universale: come richiederlo a partire dall&#8217;Isee 2022<\/a><\/blockquote><iframe class=\"wp-embedded-content\" sandbox=\"allow-scripts\" security=\"restricted\" style=\"position: absolute; clip: rect(1px, 1px, 1px, 1px);\" src=\"https:\/\/www.varesenews.it\/2021\/12\/arriva-lassegno-unico-universale-come-richiederlo-a-partire-dallisee-2022\/1415247\/embed\/#?secret=fmJcJfuO4j\" data-secret=\"fmJcJfuO4j\" width=\"500\" height=\"282\" title=\"&#8220;Arriva l&#8217;assegno unico universale: come richiederlo a partire dall&#8217;Isee 2022&#8221; &#8212; VareseNews\" frameborder=\"0\" marginwidth=\"0\" marginheight=\"0\" scrolling=\"no\"><\/iframe>","_oembed_time_e75e4a45daa5f8a61e25a76bd7f00153":"1641321586","_oembed_0896559318fd615b7caae428813ec1ad":"<blockquote class=\"wp-embedded-content\" data-secret=\"NeLHlbTuy6\"><a href=\"https:\/\/www.varesenews.it\/2021\/12\/assegno-unico-link-simulatore-inps-calcolo-importi\/1415229\/\">Assegno unico: il link al simulatore Inps per il calcolo degli importi<\/a><\/blockquote><iframe class=\"wp-embedded-content\" sandbox=\"allow-scripts\" security=\"restricted\" style=\"position: absolute; clip: rect(1px, 1px, 1px, 1px);\" src=\"https:\/\/www.varesenews.it\/2021\/12\/assegno-unico-link-simulatore-inps-calcolo-importi\/1415229\/embed\/#?secret=NeLHlbTuy6\" data-secret=\"NeLHlbTuy6\" width=\"500\" height=\"282\" title=\"&#8220;Assegno unico: il link al simulatore Inps per il calcolo degli importi&#8221; &#8212; VareseNews\" frameborder=\"0\" marginwidth=\"0\" marginheight=\"0\" scrolling=\"no\"><\/iframe>","_oembed_time_0896559318fd615b7caae428813ec1ad":"1641321586","_oembed_aadf70ee8bdf8208aa9297a25376b845":"<blockquote class=\"wp-embedded-content\" data-secret=\"FrUf0POo6r\"><a href=\"https:\/\/www.varesenews.it\/2022\/01\/emergenza-tamponi-a-rho-fiera-aperto-lhub-tamponi-piu-grande-della-lombardia\/1416102\/\">Emergenza tamponi: a Rho Fiera aperto l\u2019hub pi\u00f9 grande della Lombardia<\/a><\/blockquote><iframe class=\"wp-embedded-content\" sandbox=\"allow-scripts\" security=\"restricted\" style=\"position: absolute; clip: rect(1px, 1px, 1px, 1px);\" src=\"https:\/\/www.varesenews.it\/2022\/01\/emergenza-tamponi-a-rho-fiera-aperto-lhub-tamponi-piu-grande-della-lombardia\/1416102\/embed\/#?secret=FrUf0POo6r\" data-secret=\"FrUf0POo6r\" width=\"500\" height=\"282\" title=\"&#8220;Emergenza tamponi: a Rho Fiera aperto l\u2019hub pi\u00f9 grande della Lombardia&#8221; &#8212; VareseNews\" frameborder=\"0\" marginwidth=\"0\" marginheight=\"0\" scrolling=\"no\"><\/iframe>","_oembed_time_aadf70ee8bdf8208aa9297a25376b845":"1641321593","_oembed_c6296fac22649e9af62911620ccf2ac1":"<iframe width=\"500\" height=\"281\" src=\"https:\/\/www.youtube.com\/embed\/aDtfo-2kfUQ?feature=oembed\" frameborder=\"0\" allow=\"accelerometer; autoplay; clipboard-write; encrypted-media; gyroscope; picture-in-picture\" allowfullscreen><\/iframe>","_oembed_time_c6296fac22649e9af62911620ccf2ac1":"1641321593","_oembed_b04824354db45435cbf1f9caa00c9142":"<blockquote class=\"wp-embedded-content\" data-secret=\"bBQDHgtDaT\"><a href=\"https:\/\/www.varesenews.it\/2021\/11\/gennaio-lassegno-unico-universale-spetta-domanda\/1401943\/\">Da gennaio l&#8217;assegno unico universale. A chi spetta e quando fare domanda<\/a><\/blockquote><iframe class=\"wp-embedded-content\" sandbox=\"allow-scripts\" security=\"restricted\" style=\"position: absolute; clip: rect(1px, 1px, 1px, 1px);\" src=\"https:\/\/www.varesenews.it\/2021\/11\/gennaio-lassegno-unico-universale-spetta-domanda\/1401943\/embed\/#?secret=bBQDHgtDaT\" data-secret=\"bBQDHgtDaT\" width=\"500\" height=\"282\" title=\"&#8220;Da gennaio l&#8217;assegno unico universale. A chi spetta e quando fare domanda&#8221; &#8212; VareseNews\" frameborder=\"0\" marginwidth=\"0\" marginheight=\"0\" scrolling=\"no\"><\/iframe>","_oembed_time_b04824354db45435cbf1f9caa00c9142":"1641321593","_oembed_bc5d905f2f523ed57458ea6b7085ec55":"<blockquote class=\"wp-embedded-content\" data-secret=\"XW4cQ6eI6Q\"><a href=\"https:\/\/www.varesenews.it\/2022\/01\/la-openjobmetis-vede-la-luce-fondo-al-tunnel-tutti-negativi-gli-ultimi-tamponi\/1416053\/\">La Openjobmetis vede la luce in fondo al tunnel: tutti negativi. Addio Kell<\/a><\/blockquote><iframe class=\"wp-embedded-content\" sandbox=\"allow-scripts\" security=\"restricted\" style=\"position: absolute; clip: rect(1px, 1px, 1px, 1px);\" src=\"https:\/\/www.varesenews.it\/2022\/01\/la-openjobmetis-vede-la-luce-fondo-al-tunnel-tutti-negativi-gli-ultimi-tamponi\/1416053\/embed\/#?secret=XW4cQ6eI6Q\" data-secret=\"XW4cQ6eI6Q\" width=\"500\" height=\"282\" title=\"&#8220;La Openjobmetis vede la luce in fondo al tunnel: tutti negativi. Addio Kell&#8221; &#8212; VareseNews\" frameborder=\"0\" marginwidth=\"0\" marginheight=\"0\" scrolling=\"no\"><\/iframe>","_oembed_time_bc5d905f2f523ed57458ea6b7085ec55":"1641323359","_oembed_59f3afc9e4b645b1c9841bf5ac7034c2":"<iframe width=\"500\" height=\"281\" src=\"https:\/\/www.youtube.com\/embed\/234z4-e8R38?feature=oembed\" frameborder=\"0\" allow=\"accelerometer; autoplay; clipboard-write; encrypted-media; gyroscope; picture-in-picture\" allowfullscreen><\/iframe>","_oembed_time_59f3afc9e4b645b1c9841bf5ac7034c2":"1641323359","_oembed_a37aacf03c99e64fb1465737d62d7425":"<blockquote class=\"wp-embedded-content\" data-secret=\"ynaAK2MHLp\"><a href=\"https:\/\/www.varesenews.it\/2022\/01\/due-vocali-paitoni-oggi-la-convalida-del-fermo-fatti-morazzone-gazzada\/1415990\/\">I due vocali di Paitoni, oggi la convalida del fermo per i fatti di Morazzone e Gazzada<\/a><\/blockquote><iframe class=\"wp-embedded-content\" sandbox=\"allow-scripts\" security=\"restricted\" style=\"position: absolute; clip: rect(1px, 1px, 1px, 1px);\" src=\"https:\/\/www.varesenews.it\/2022\/01\/due-vocali-paitoni-oggi-la-convalida-del-fermo-fatti-morazzone-gazzada\/1415990\/embed\/#?secret=ynaAK2MHLp\" data-secret=\"ynaAK2MHLp\" width=\"500\" height=\"282\" title=\"&#8220;I due vocali di Paitoni, oggi la convalida del fermo per i fatti di Morazzone e Gazzada&#8221; &#8212; VareseNews\" frameborder=\"0\" marginwidth=\"0\" marginheight=\"0\" scrolling=\"no\"><\/iframe>","_oembed_time_a37aacf03c99e64fb1465737d62d7425":"1641323360","_oembed_1aa857a48f903d2ca21906af44f2850c":"<blockquote class=\"wp-embedded-content\" data-secret=\"7AL52SD2pf\"><a href=\"https:\/\/www.varesenews.it\/2021\/04\/besozzo-casa-eolo-ivan-basso-struttura-perfetta-nostro-team\/1324073\/\">Besozzo, a &#8220;Casa Eolo&#8221; con Ivan Basso: &#8220;Struttura perfetta per il nostro team&#8221;<\/a><\/blockquote><iframe class=\"wp-embedded-content\" sandbox=\"allow-scripts\" security=\"restricted\" style=\"position: absolute; clip: rect(1px, 1px, 1px, 1px);\" src=\"https:\/\/www.varesenews.it\/2021\/04\/besozzo-casa-eolo-ivan-basso-struttura-perfetta-nostro-team\/1324073\/embed\/#?secret=7AL52SD2pf\" data-secret=\"7AL52SD2pf\" width=\"500\" height=\"282\" title=\"&#8220;Besozzo, a &#8220;Casa Eolo&#8221; con Ivan Basso: &#8220;Struttura perfetta per il nostro team&#8221;&#8221; &#8212; VareseNews\" frameborder=\"0\" marginwidth=\"0\" marginheight=\"0\" scrolling=\"no\"><\/iframe>","_oembed_time_1aa857a48f903d2ca21906af44f2850c":"1641324306","_oembed_1eda5165d5f129ed0657bca7aa75e134":"<iframe width=\"500\" height=\"281\" src=\"https:\/\/www.youtube.com\/embed\/wi7WMvVrdVc?feature=oembed\" frameborder=\"0\" allow=\"accelerometer; autoplay; clipboard-write; encrypted-media; gyroscope; picture-in-picture\" allowfullscreen><\/iframe>","_oembed_time_1eda5165d5f129ed0657bca7aa75e134":"1641324512","_oembed_ae712af24aced23e06e813a9f21ab963":"<iframe width=\"500\" height=\"281\" src=\"https:\/\/www.youtube.com\/embed\/KPxHl-6bM4c?feature=oembed\" frameborder=\"0\" allow=\"accelerometer; autoplay; clipboard-write; encrypted-media; gyroscope; picture-in-picture\" allowfullscreen><\/iframe>","_oembed_time_ae712af24aced23e06e813a9f21ab963":"1641324512","_oembed_34a1a1d668c24034cfc79d7179dab675":"<iframe width=\"500\" height=\"281\" src=\"https:\/\/www.youtube.com\/embed\/U8sKSH08XJQ?feature=oembed\" frameborder=\"0\" allow=\"accelerometer; autoplay; clipboard-write; encrypted-media; gyroscope; picture-in-picture\" allowfullscreen><\/iframe>","_oembed_time_34a1a1d668c24034cfc79d7179dab675":"1641324512","_oembed_7944759bb3309f0bc76477a823c3f154":"<iframe width=\"500\" height=\"281\" src=\"https:\/\/www.youtube.com\/embed\/VVUC6lnVzGs?feature=oembed\" frameborder=\"0\" allow=\"accelerometer; autoplay; clipboard-write; encrypted-media; gyroscope; picture-in-picture\" allowfullscreen><\/iframe>","_oembed_time_7944759bb3309f0bc76477a823c3f154":"1641324512","_oembed_beeaf8e3b13b24db6ff2a7b94d2c2fd3":"<iframe width=\"500\" height=\"281\" src=\"https:\/\/www.youtube.com\/embed\/rLxqqN2ikgU?feature=oembed\" frameborder=\"0\" allow=\"accelerometer; autoplay; clipboard-write; encrypted-media; gyroscope; picture-in-picture\" allowfullscreen><\/iframe>","_oembed_time_beeaf8e3b13b24db6ff2a7b94d2c2fd3":"1641324512","_oembed_97e209d701ba95ee5d32a973d2070fc9":"<iframe width=\"500\" height=\"281\" src=\"https:\/\/www.youtube.com\/embed\/03X8CK3FZNc?feature=oembed\" frameborder=\"0\" allow=\"accelerometer; autoplay; clipboard-write; encrypted-media; gyroscope; picture-in-picture\" allowfullscreen><\/iframe>","_oembed_time_97e209d701ba95ee5d32a973d2070fc9":"1641324512","_oembed_6035259eed461fe8788c9f1443517107":"<iframe width=\"500\" height=\"281\" src=\"https:\/\/www.youtube.com\/embed\/zcfUCGbX8kQ?feature=oembed\" frameborder=\"0\" allow=\"accelerometer; autoplay; clipboard-write; encrypted-media; gyroscope; picture-in-picture\" allowfullscreen><\/iframe>","_oembed_time_6035259eed461fe8788c9f1443517107":"1641324512","_oembed_cb41705a4cdfedb017bab697997aed7b":"<iframe width=\"500\" height=\"281\" src=\"https:\/\/www.youtube.com\/embed\/9uJCasHJ8Kg?feature=oembed\" frameborder=\"0\" allow=\"accelerometer; autoplay; clipboard-write; encrypted-media; gyroscope; picture-in-picture\" allowfullscreen><\/iframe>","_oembed_time_cb41705a4cdfedb017bab697997aed7b":"1641324513","_oembed_7c7e82515c0bb74eccd513dae30f7929":"<iframe width=\"500\" height=\"281\" src=\"https:\/\/www.youtube.com\/embed\/ARwx3MxyzZc?feature=oembed\" frameborder=\"0\" allow=\"accelerometer; autoplay; clipboard-write; encrypted-media; gyroscope; picture-in-picture\" allowfullscreen><\/iframe>","_oembed_time_7c7e82515c0bb74eccd513dae30f7929":"1641324513","_oembed_37145a34a86a443c65d91f60305c1610":"<iframe width=\"500\" height=\"281\" src=\"https:\/\/www.youtube.com\/embed\/k2Ys0qf3odA?feature=oembed\" frameborder=\"0\" allow=\"accelerometer; autoplay; clipboard-write; encrypted-media; gyroscope; picture-in-picture\" allowfullscreen><\/iframe>","_oembed_time_37145a34a86a443c65d91f60305c1610":"1641324513","_oembed_00f0be427b9f53f3bc7949336d47dfeb":"<blockquote class=\"wp-embedded-content\" data-secret=\"Z9IzEgEb1A\"><a href=\"https:\/\/www.varesenews.it\/video\/30-anni-fa-moriva-gilles-villeneuve\/\">30 anni fa moriva Gilles Villeneuve<\/a><\/blockquote><iframe class=\"wp-embedded-content\" sandbox=\"allow-scripts\" security=\"restricted\" style=\"position: absolute; clip: rect(1px, 1px, 1px, 1px);\" src=\"https:\/\/www.varesenews.it\/video\/30-anni-fa-moriva-gilles-villeneuve\/embed\/#?secret=Z9IzEgEb1A\" data-secret=\"Z9IzEgEb1A\" width=\"500\" height=\"282\" title=\"&#8220;30 anni fa moriva Gilles Villeneuve&#8221; &#8212; VareseNews\" frameborder=\"0\" marginwidth=\"0\" marginheight=\"0\" scrolling=\"no\"><\/iframe>","_oembed_time_00f0be427b9f53f3bc7949336d47dfeb":"1641324513","_oembed_1510f4d198a5f83c1bf11a3d21d331e2":"<blockquote class=\"wp-embedded-content\" data-secret=\"E2CAqOgD4w\"><a href=\"https:\/\/www.varesenews.it\/video\/autobus-bloccato-sottacqua-busto-arsizio\/\">Autobus bloccato sott&#8217;acqua a Busto Arsizio<\/a><\/blockquote><iframe class=\"wp-embedded-content\" sandbox=\"allow-scripts\" security=\"restricted\" style=\"position: absolute; clip: rect(1px, 1px, 1px, 1px);\" src=\"https:\/\/www.varesenews.it\/video\/autobus-bloccato-sottacqua-busto-arsizio\/embed\/#?secret=E2CAqOgD4w\" data-secret=\"E2CAqOgD4w\" width=\"500\" height=\"282\" title=\"&#8220;Autobus bloccato sott&#8217;acqua a Busto Arsizio&#8221; &#8212; VareseNews\" frameborder=\"0\" marginwidth=\"0\" marginheight=\"0\" scrolling=\"no\"><\/iframe>","_oembed_time_1510f4d198a5f83c1bf11a3d21d331e2":"1641324513","_oembed_dc1d96756722da73d7ba35ffaa17ac03":"<blockquote class=\"wp-embedded-content\" data-secret=\"R5G4Wf1Umg\"><a href=\"https:\/\/www.varesenews.it\/video\/auto-investe-un-ciclista-malnate-video-dellincidente\/\">Auto investe un ciclista a Malnate. Il video dell\u2019incidente<\/a><\/blockquote><iframe class=\"wp-embedded-content\" sandbox=\"allow-scripts\" security=\"restricted\" style=\"position: absolute; clip: rect(1px, 1px, 1px, 1px);\" src=\"https:\/\/www.varesenews.it\/video\/auto-investe-un-ciclista-malnate-video-dellincidente\/embed\/#?secret=R5G4Wf1Umg\" data-secret=\"R5G4Wf1Umg\" width=\"500\" height=\"282\" title=\"&#8220;Auto investe un ciclista a Malnate. Il video dell\u2019incidente&#8221; &#8212; VareseNews\" frameborder=\"0\" marginwidth=\"0\" marginheight=\"0\" scrolling=\"no\"><\/iframe>","_oembed_time_dc1d96756722da73d7ba35ffaa17ac03":"1641324513","_oembed_86af47f982fd22c447dcfe75cda7ca3e":"<blockquote class=\"wp-embedded-content\" data-secret=\"Qz0MRIxw5I\"><a href=\"https:\/\/www.varesenews.it\/video\/grandine-fulmini-lalto-varesotto-colpito-un-violento-temporale\/\">Grandine e fulmini, l&#8217;alto Varesotto colpito da un violento temporale<\/a><\/blockquote><iframe class=\"wp-embedded-content\" sandbox=\"allow-scripts\" security=\"restricted\" style=\"position: absolute; clip: rect(1px, 1px, 1px, 1px);\" src=\"https:\/\/www.varesenews.it\/video\/grandine-fulmini-lalto-varesotto-colpito-un-violento-temporale\/embed\/#?secret=Qz0MRIxw5I\" data-secret=\"Qz0MRIxw5I\" width=\"500\" height=\"282\" title=\"&#8220;Grandine e fulmini, l&#8217;alto Varesotto colpito da un violento temporale&#8221; &#8212; VareseNews\" frameborder=\"0\" marginwidth=\"0\" marginheight=\"0\" scrolling=\"no\"><\/iframe>","_oembed_time_86af47f982fd22c447dcfe75cda7ca3e":"1641324513","_oembed_fa9a0816463c758152fdc6a3bbbbda77":"<blockquote class=\"wp-embedded-content\" data-secret=\"SrGBaY7XtX\"><a href=\"https:\/\/www.varesenews.it\/video\/tempesta-sul-lago-como-le-immagini-del-disastro\/\">Tempesta sul Lago di Como: le immagini del disastro<\/a><\/blockquote><iframe class=\"wp-embedded-content\" sandbox=\"allow-scripts\" security=\"restricted\" style=\"position: absolute; clip: rect(1px, 1px, 1px, 1px);\" src=\"https:\/\/www.varesenews.it\/video\/tempesta-sul-lago-como-le-immagini-del-disastro\/embed\/#?secret=SrGBaY7XtX\" data-secret=\"SrGBaY7XtX\" width=\"500\" height=\"282\" title=\"&#8220;Tempesta sul Lago di Como: le immagini del disastro&#8221; &#8212; VareseNews\" frameborder=\"0\" marginwidth=\"0\" marginheight=\"0\" scrolling=\"no\"><\/iframe>","_oembed_time_fa9a0816463c758152fdc6a3bbbbda77":"1641324513","_oembed_b817c4c2603110d75e843fe7e47f73bb":"<blockquote class=\"wp-embedded-content\" data-secret=\"2VmXeK8pSX\"><a href=\"https:\/\/www.varesenews.it\/video\/le-regole-del-dpcm-gennaio\/\">Le regole del nuovo DPCM di Gennaio<\/a><\/blockquote><iframe class=\"wp-embedded-content\" sandbox=\"allow-scripts\" security=\"restricted\" style=\"position: absolute; clip: rect(1px, 1px, 1px, 1px);\" src=\"https:\/\/www.varesenews.it\/video\/le-regole-del-dpcm-gennaio\/embed\/#?secret=2VmXeK8pSX\" data-secret=\"2VmXeK8pSX\" width=\"500\" height=\"282\" title=\"&#8220;Le regole del nuovo DPCM di Gennaio&#8221; &#8212; VareseNews\" frameborder=\"0\" marginwidth=\"0\" marginheight=\"0\" scrolling=\"no\"><\/iframe>","_oembed_time_b817c4c2603110d75e843fe7e47f73bb":"1641324513","_oembed_11b706f5a09248a9e1b07ee4dc8cf390":"<blockquote class=\"wp-embedded-content\" data-secret=\"O8PuEaUUFY\"><a href=\"https:\/\/www.varesenews.it\/video\/tuffo-da-60-metri-record-in-svizzera\/\">Tuffo da 60 metri, record in Svizzera<\/a><\/blockquote><iframe class=\"wp-embedded-content\" sandbox=\"allow-scripts\" security=\"restricted\" style=\"position: absolute; clip: rect(1px, 1px, 1px, 1px);\" src=\"https:\/\/www.varesenews.it\/video\/tuffo-da-60-metri-record-in-svizzera\/embed\/#?secret=O8PuEaUUFY\" data-secret=\"O8PuEaUUFY\" width=\"500\" height=\"282\" title=\"&#8220;Tuffo da 60 metri, record in Svizzera&#8221; &#8212; VareseNews\" frameborder=\"0\" marginwidth=\"0\" marginheight=\"0\" scrolling=\"no\"><\/iframe>","_oembed_time_11b706f5a09248a9e1b07ee4dc8cf390":"1641324513","_oembed_f464dca1202fab3212657d18c157f1d9":"<blockquote class=\"wp-embedded-content\" data-secret=\"jgrqm0SFlm\"><a href=\"https:\/\/www.varesenews.it\/video\/discorso-integrale-liliana-segre\/\">Il discorso integrale di Liliana Segre<\/a><\/blockquote><iframe class=\"wp-embedded-content\" sandbox=\"allow-scripts\" security=\"restricted\" style=\"position: absolute; clip: rect(1px, 1px, 1px, 1px);\" src=\"https:\/\/www.varesenews.it\/video\/discorso-integrale-liliana-segre\/embed\/#?secret=jgrqm0SFlm\" data-secret=\"jgrqm0SFlm\" width=\"500\" height=\"282\" title=\"&#8220;Il discorso integrale di Liliana Segre&#8221; &#8212; VareseNews\" frameborder=\"0\" marginwidth=\"0\" marginheight=\"0\" scrolling=\"no\"><\/iframe>","_oembed_time_f464dca1202fab3212657d18c157f1d9":"1641324513","_oembed_395d9209c6f377c36faf18c3169381a1":"<blockquote class=\"wp-embedded-content\" data-secret=\"KiPogqV7de\"><a href=\"https:\/\/www.varesenews.it\/video\/la-tempesta-domenica-sul-varesotto\/\">La tempesta di domenica sul Varesotto<\/a><\/blockquote><iframe class=\"wp-embedded-content\" sandbox=\"allow-scripts\" security=\"restricted\" style=\"position: absolute; clip: rect(1px, 1px, 1px, 1px);\" src=\"https:\/\/www.varesenews.it\/video\/la-tempesta-domenica-sul-varesotto\/embed\/#?secret=KiPogqV7de\" data-secret=\"KiPogqV7de\" width=\"500\" height=\"282\" title=\"&#8220;La tempesta di domenica sul Varesotto&#8221; &#8212; VareseNews\" frameborder=\"0\" marginwidth=\"0\" marginheight=\"0\" scrolling=\"no\"><\/iframe>","_oembed_time_395d9209c6f377c36faf18c3169381a1":"1641324513","_oembed_17d7b776e2b354243bef931cecb8fc3f":"<blockquote class=\"wp-embedded-content\" data-secret=\"V973dSWZJo\"><a href=\"https:\/\/www.varesenews.it\/video\/trovato-un-cadavere-nei-boschi-della-valganna\/\">Trovato un cadavere nei boschi della Valganna<\/a><\/blockquote><iframe class=\"wp-embedded-content\" sandbox=\"allow-scripts\" security=\"restricted\" style=\"position: absolute; clip: rect(1px, 1px, 1px, 1px);\" src=\"https:\/\/www.varesenews.it\/video\/trovato-un-cadavere-nei-boschi-della-valganna\/embed\/#?secret=V973dSWZJo\" data-secret=\"V973dSWZJo\" width=\"500\" height=\"282\" title=\"&#8220;Trovato un cadavere nei boschi della Valganna&#8221; &#8212; VareseNews\" frameborder=\"0\" marginwidth=\"0\" marginheight=\"0\" scrolling=\"no\"><\/iframe>","_oembed_time_17d7b776e2b354243bef931cecb8fc3f":"1641324514","_oembed_ec45fca710534adf5812f3f47356738b":"<blockquote class=\"wp-embedded-content\" data-secret=\"ga4iN85yly\"><a href=\"https:\/\/www.varesenews.it\/2021\/06\/casino-campione-potra-riaprire-entro-la-fine-dellanno\/1350832\/\">Il casin\u00f2 di Campione potr\u00e0 riaprire entro la fine dell&#8217;anno<\/a><\/blockquote><iframe class=\"wp-embedded-content\" sandbox=\"allow-scripts\" security=\"restricted\" style=\"position: absolute; clip: rect(1px, 1px, 1px, 1px);\" src=\"https:\/\/www.varesenews.it\/2021\/06\/casino-campione-potra-riaprire-entro-la-fine-dellanno\/1350832\/embed\/#?secret=ga4iN85yly\" data-secret=\"ga4iN85yly\" width=\"500\" height=\"282\" title=\"&#8220;Il casin\u00f2 di Campione potr\u00e0 riaprire entro la fine dell&#8217;anno&#8221; &#8212; VareseNews\" frameborder=\"0\" marginwidth=\"0\" marginheight=\"0\" scrolling=\"no\"><\/iframe>","_oembed_time_ec45fca710534adf5812f3f47356738b":"1641324514","_oembed_e035b615db9fabd0c075a8929b775f99":"<blockquote class=\"wp-embedded-content\" data-secret=\"HyB7CDeIod\"><a href=\"https:\/\/www.varesenews.it\/2021\/12\/restrizioni-covid-abita-nelle-regioni-confine-esentato-dal-test-molecolare-entrare-svizzera\/1407841\/\">Restrizioni Covid: chi abita nelle regioni di confine esentato dal test molecolare per entrare in Svizzera<\/a><\/blockquote><iframe class=\"wp-embedded-content\" sandbox=\"allow-scripts\" security=\"restricted\" style=\"position: absolute; clip: rect(1px, 1px, 1px, 1px);\" src=\"https:\/\/www.varesenews.it\/2021\/12\/restrizioni-covid-abita-nelle-regioni-confine-esentato-dal-test-molecolare-entrare-svizzera\/1407841\/embed\/#?secret=HyB7CDeIod\" data-secret=\"HyB7CDeIod\" width=\"500\" height=\"282\" title=\"&#8220;Restrizioni Covid: chi abita nelle regioni di confine esentato dal test molecolare per entrare in Svizzera&#8221; &#8212; VareseNews\" frameborder=\"0\" marginwidth=\"0\" marginheight=\"0\" scrolling=\"no\"><\/iframe>","_oembed_time_e035b615db9fabd0c075a8929b775f99":"1641324514","_oembed_f4a716401f459f1801084c58eb9b32bd":"<blockquote class=\"wp-embedded-content\" data-secret=\"4oIRakNQBt\"><a href=\"https:\/\/www.varesenews.it\/2021\/12\/mascherine-ovunque-discotete-chiuse-le-nuove-misure-contrasto-al-covid\/1413709\/\">Mascherine all&#8217;aperto e discoteche chiuse, ecco le nuove misure di contrasto al Covid<\/a><\/blockquote><iframe class=\"wp-embedded-content\" sandbox=\"allow-scripts\" security=\"restricted\" style=\"position: absolute; clip: rect(1px, 1px, 1px, 1px);\" src=\"https:\/\/www.varesenews.it\/2021\/12\/mascherine-ovunque-discotete-chiuse-le-nuove-misure-contrasto-al-covid\/1413709\/embed\/#?secret=4oIRakNQBt\" data-secret=\"4oIRakNQBt\" width=\"500\" height=\"282\" title=\"&#8220;Mascherine all&#8217;aperto e discoteche chiuse, ecco le nuove misure di contrasto al Covid&#8221; &#8212; VareseNews\" frameborder=\"0\" marginwidth=\"0\" marginheight=\"0\" scrolling=\"no\"><\/iframe>","_oembed_time_f4a716401f459f1801084c58eb9b32bd":"1641324514","_oembed_d3baaabf257560a7fc410eab734b328b":"<blockquote class=\"wp-embedded-content\" data-secret=\"daQidDfyO3\"><a href=\"https:\/\/www.varesenews.it\/2021\/12\/eventi-bambini-nel-weekend-dal-17-al-19-dicembre-varese-provincia\/1411709\/\">Eventi per bambini nel weekend dal 17 al 19 dicembre tra Varese e provincia<\/a><\/blockquote><iframe class=\"wp-embedded-content\" sandbox=\"allow-scripts\" security=\"restricted\" style=\"position: absolute; clip: rect(1px, 1px, 1px, 1px);\" src=\"https:\/\/www.varesenews.it\/2021\/12\/eventi-bambini-nel-weekend-dal-17-al-19-dicembre-varese-provincia\/1411709\/embed\/#?secret=daQidDfyO3\" data-secret=\"daQidDfyO3\" width=\"500\" height=\"282\" title=\"&#8220;Eventi per bambini nel weekend dal 17 al 19 dicembre tra Varese e provincia&#8221; &#8212; VareseNews\" frameborder=\"0\" marginwidth=\"0\" marginheight=\"0\" scrolling=\"no\"><\/iframe>","_oembed_time_d3baaabf257560a7fc410eab734b328b":"1641324514","_oembed_e5be013a56ee78932ac88b4c35556874":"<iframe width=\"500\" height=\"281\" src=\"https:\/\/www.youtube.com\/embed\/UqsqhhFX_h8?feature=oembed\" frameborder=\"0\" allow=\"accelerometer; autoplay; clipboard-write; encrypted-media; gyroscope; picture-in-picture\" allowfullscreen><\/iframe>","_oembed_time_e5be013a56ee78932ac88b4c35556874":"1641324514","_oembed_729a8e3fcc7e4545b691a82e43948e8d":"<iframe width=\"827\" height=\"465\" src=\"https:\/\/www.youtube.com\/embed\/2H2o0PUbkTA?feature=oembed\" frameborder=\"0\" allow=\"accelerometer; autoplay; clipboard-write; encrypted-media; gyroscope; picture-in-picture\" allowfullscreen><\/iframe>","_oembed_time_729a8e3fcc7e4545b691a82e43948e8d":"1641327022","_oembed_545c96f7c6fade22ce72ea711170ac5b":"<iframe width=\"500\" height=\"281\" src=\"https:\/\/www.youtube.com\/embed\/2H2o0PUbkTA?feature=oembed\" frameborder=\"0\" allow=\"accelerometer; autoplay; clipboard-write; encrypted-media; gyroscope; picture-in-picture\" allowfullscreen><\/iframe>","_oembed_time_545c96f7c6fade22ce72ea711170ac5b":"1641327032","_oembed_6f5820fe31942e022fffa41af71ef65d":"<iframe width=\"831\" height=\"467\" src=\"https:\/\/www.youtube.com\/embed\/2H2o0PUbkTA?feature=oembed\" frameborder=\"0\" allow=\"accelerometer; autoplay; clipboard-write; encrypted-media; gyroscope; picture-in-picture\" allowfullscreen><\/iframe>","_oembed_time_6f5820fe31942e022fffa41af71ef65d":"1641327041"},"photos":[{"original":"https:\/\/staging.varesenews.it\/photogallery_new\/images\/2022\/01\/morazzone-omicidio-morazzone-1272129.jpg","full":"https:\/\/staging.varesenews.it\/photogallery_new\/images\/2022\/01\/morazzone-omicidio-morazzone-1272129.1024x768.jpg","large":"https:\/\/staging.varesenews.it\/photogallery_new\/images\/2022\/01\/morazzone-omicidio-morazzone-1272129.610x431.jpg"}],"_links":{"self":[{"href":"https:\/\/staging.varesenews.it\/swgapi\/v1\/wp\/v2\/posts\/1416210"}],"collection":[{"href":"https:\/\/staging.varesenews.it\/swgapi\/v1\/wp\/v2\/posts"}],"about":[{"href":"https:\/\/staging.varesenews.it\/swgapi\/v1\/wp\/v2\/types\/post"}],"author":[{"embeddable":true,"href":"https:\/\/staging.varesenews.it\/swgapi\/v1\/wp\/v2\/users\/48"}],"replies":[{"embeddable":true,"href":"https:\/\/staging.varesenews.it\/swgapi\/v1\/wp\/v2\/comments?post=1416210"}],"version-history":[{"count":0,"href":"https:\/\/staging.varesenews.it\/swgapi\/v1\/wp\/v2\/posts\/1416210\/revisions"}],"wp:attachment":[{"href":"https:\/\/staging.varesenews.it\/swgapi\/v1\/wp\/v2\/media?parent=1416210"}],"wp:term":[{"taxonomy":"category","embeddable":true,"href":"https:\/\/staging.varesenews.it\/swgapi\/v1\/wp\/v2\/categories?post=1416210"},{"taxonomy":"post_tag","embeddable":true,"href":"https:\/\/staging.varesenews.it\/swgapi\/v1\/wp\/v2\/tags?post=1416210"}],"curies":[{"name":"wp","href":"https:\/\/api.w.org\/{rel}","templated":true}]}}