{"id":1416444,"date":"2022-01-05T20:23:05","date_gmt":"2022-01-05T19:23:05","guid":{"rendered":"https:\/\/www.varesenews.it\/?p=1416444"},"modified":"2022-01-05T20:23:51","modified_gmt":"2022-01-05T19:23:51","slug":"re-magi-arrivati-al-laghetash-brebbia","status":"publish","type":"post","link":"https:\/\/staging.varesenews.it\/2022\/01\/re-magi-arrivati-al-laghetash-brebbia\/1416444\/","title":{"rendered":"I Re Magi sono arrivati al Laghetash di Brebbia"},"content":{"rendered":"<p>&#8220;Melchiorre, Baldassarre e Gaspare sono arrivati pochi minuti fa al Laghetash!&#8221;. Una bella foto inviata dal nostro lettore Ricky dal\u00a0<strong>Laghetash di Brebbia,<\/strong> un angolo di natura sorprendente per il suo scenario molto particolare. \u00c8 l\u00ec che alcuni cittadini hanno posizionato una sagoma di legno con i Re Magi. Sempre nella bella location \u00e8 stato allestito per tutto il periodo delle feste il Presepe.<\/p>\n<p>&#8220;L&#8217;idea \u00e8 nata per far riscoprire questo magnifico laghetto situato nei boschi di Brebbia. Allestiamo il laghetto in base alle differenti festivit\u00e0. Lo facciamo anche per avvicinare le persone alla natura, ma soprattutto \u00e8 un momento di unione della nostra famiglia Franzetti&#8221;, <strong>spiegano gli organizzatori<\/strong>. Una bella idea che coinvolge anche altri cittadini del paese.<\/p>\n<div class=\"photo-inside-post\"><img decoding=\"async\" loading=\"lazy\" fetchpriority=\"low\" width=\"610\" height=\"431\" src=\"https:\/\/staging.varesenews.it\/photogallery_new\/images\/2022\/01\/i-re-magi-al-laghetash-1272384.610x431.jpg\" alt=\"I re Magi al Laghetash\"><\/div>\n<p><em>Foto di Ricky Franzo\u00a0<\/em><\/p>\n","protected":false},"excerpt":{"rendered":"<p>Il Presepe nella bella localit\u00e0 \u00e8 stato arricchito da Melchiorre, Baldassarre e Gaspare, come da tradizione <\/p>\n","protected":false},"author":32,"featured_media":0,"comment_status":"open","ping_status":"open","sticky":false,"template":"","format":"standard","meta":{"footnotes":""},"categories":[21,2],"tags":[120180],"acf":[],"yoast_head":"<!-- This site is optimized with the Yoast SEO plugin v20.1 - https:\/\/yoast.com\/wordpress\/plugins\/seo\/ -->\n<title>I Re Magi sono arrivati al Laghetash di Brebbia<\/title>\n<meta name=\"description\" content=\"Il Presepe nella bella localit\u00e0 \u00e8 stato arricchito da Melchiorre, Baldassarre e Gaspare, come da tradizione\" \/>\n<meta name=\"robots\" content=\"noindex, follow, max-snippet:-1, max-image-preview:large, max-video-preview:-1\" \/>\n<meta property=\"og:locale\" content=\"it_IT\" \/>\n<meta property=\"og:type\" content=\"article\" \/>\n<meta property=\"og:title\" content=\"I Re Magi sono arrivati al Laghetash di Brebbia\" \/>\n<meta property=\"og:description\" content=\"Il Presepe nella bella localit\u00e0 \u00e8 stato arricchito da Melchiorre, Baldassarre e Gaspare, come da tradizione\" \/>\n<meta property=\"og:url\" content=\"https:\/\/www.varesenews.it\/2022\/01\/re-magi-arrivati-al-laghetash-brebbia\/1416444\/\" \/>\n<meta property=\"og:site_name\" content=\"VareseNews\" \/>\n<meta property=\"article:publisher\" content=\"https:\/\/www.facebook.com\/varesenews\" \/>\n<meta property=\"article:published_time\" content=\"2022-01-05T19:23:05+00:00\" \/>\n<meta property=\"article:modified_time\" content=\"2022-01-05T19:23:51+00:00\" \/>\n<meta name=\"author\" content=\"Adelia Brigo\" \/>\n<meta name=\"twitter:card\" content=\"summary_large_image\" \/>\n<meta name=\"twitter:creator\" content=\"@AdeliaBrigo\" \/>\n<meta name=\"twitter:site\" content=\"@varesenews\" \/>\n<meta name=\"twitter:label1\" content=\"Scritto da\" \/>\n\t<meta name=\"twitter:data1\" content=\"Adelia Brigo\" \/>\n\t<meta name=\"twitter:label2\" content=\"Tempo di lettura stimato\" \/>\n\t<meta name=\"twitter:data2\" content=\"1 minuto\" \/>\n<script type=\"application\/ld+json\" class=\"yoast-schema-graph\">{\"@context\":\"https:\/\/schema.org\",\"@graph\":[{\"@type\":\"WebPage\",\"@id\":\"https:\/\/www.varesenews.it\/2022\/01\/re-magi-arrivati-al-laghetash-brebbia\/1416444\/\",\"url\":\"https:\/\/www.varesenews.it\/2022\/01\/re-magi-arrivati-al-laghetash-brebbia\/1416444\/\",\"name\":\"I Re Magi sono arrivati al Laghetash di Brebbia\",\"isPartOf\":{\"@id\":\"https:\/\/staging.varesenews.it\/#website\"},\"datePublished\":\"2022-01-05T19:23:05+00:00\",\"dateModified\":\"2022-01-05T19:23:51+00:00\",\"author\":{\"@id\":\"https:\/\/staging.varesenews.it\/#\/schema\/person\/272ac0f5b2dbfd572218c2d86e013f1a\"},\"description\":\"Il Presepe nella bella localit\u00e0 \u00e8 stato arricchito da Melchiorre, Baldassarre e Gaspare, come da tradizione\",\"breadcrumb\":{\"@id\":\"https:\/\/www.varesenews.it\/2022\/01\/re-magi-arrivati-al-laghetash-brebbia\/1416444\/#breadcrumb\"},\"inLanguage\":\"it-IT\",\"potentialAction\":[{\"@type\":\"ReadAction\",\"target\":[\"https:\/\/www.varesenews.it\/2022\/01\/re-magi-arrivati-al-laghetash-brebbia\/1416444\/\"]}]},{\"@type\":\"BreadcrumbList\",\"@id\":\"https:\/\/www.varesenews.it\/2022\/01\/re-magi-arrivati-al-laghetash-brebbia\/1416444\/#breadcrumb\",\"itemListElement\":[{\"@type\":\"ListItem\",\"position\":1,\"name\":\"Home\",\"item\":\"https:\/\/www.varesenews.it\/\"},{\"@type\":\"ListItem\",\"position\":2,\"name\":\"I Re Magi sono arrivati al Laghetash di Brebbia\"}]},{\"@type\":\"WebSite\",\"@id\":\"https:\/\/staging.varesenews.it\/#website\",\"url\":\"https:\/\/staging.varesenews.it\/\",\"name\":\"VareseNews\",\"description\":\"\",\"potentialAction\":[{\"@type\":\"SearchAction\",\"target\":{\"@type\":\"EntryPoint\",\"urlTemplate\":\"https:\/\/staging.varesenews.it\/?s={search_term_string}\"},\"query-input\":\"required name=search_term_string\"}],\"inLanguage\":\"it-IT\"},{\"@type\":\"Person\",\"@id\":\"https:\/\/staging.varesenews.it\/#\/schema\/person\/272ac0f5b2dbfd572218c2d86e013f1a\",\"name\":\"Adelia Brigo\",\"image\":{\"@type\":\"ImageObject\",\"inLanguage\":\"it-IT\",\"@id\":\"https:\/\/staging.varesenews.it\/#\/schema\/person\/image\/\",\"url\":\"https:\/\/staging.varesenews.it\/wp-content\/uploads\/2020\/12\/adelia_brigo_colori_500.jpg\",\"contentUrl\":\"https:\/\/staging.varesenews.it\/wp-content\/uploads\/2020\/12\/adelia_brigo_colori_500.jpg\",\"caption\":\"Adelia Brigo\"},\"description\":\"Giornalista pubblicista, lavoro a VareseNews dal 2007 e mi occupo di cronaca locale e del settore dedicato alla cultura. In questi anni ho seguito diversi progetti di comunicazione, amo sperimentare strategie per i Social Network e raccontare storie. Varesina, classe 1984, sono laureata in Scienze della Comunicazione.&nbsp;\",\"sameAs\":[\"AdeliaBrigo\",\"https:\/\/twitter.com\/AdeliaBrigo\"],\"url\":\"https:\/\/staging.varesenews.it\/persona\/adelia_brigo\/\"}]}<\/script>\n<!-- \/ Yoast SEO plugin. -->","yoast_head_json":{"title":"I Re Magi sono arrivati al Laghetash di Brebbia","description":"Il Presepe nella bella localit\u00e0 \u00e8 stato arricchito da Melchiorre, Baldassarre e Gaspare, come da tradizione","robots":{"index":"noindex","follow":"follow","max-snippet":"max-snippet:-1","max-image-preview":"max-image-preview:large","max-video-preview":"max-video-preview:-1"},"og_locale":"it_IT","og_type":"article","og_title":"I Re Magi sono arrivati al Laghetash di Brebbia","og_description":"Il Presepe nella bella localit\u00e0 \u00e8 stato arricchito da Melchiorre, Baldassarre e Gaspare, come da tradizione","og_url":"https:\/\/www.varesenews.it\/2022\/01\/re-magi-arrivati-al-laghetash-brebbia\/1416444\/","og_site_name":"VareseNews","article_publisher":"https:\/\/www.facebook.com\/varesenews","article_published_time":"2022-01-05T19:23:05+00:00","article_modified_time":"2022-01-05T19:23:51+00:00","author":"Adelia Brigo","twitter_card":"summary_large_image","twitter_creator":"@AdeliaBrigo","twitter_site":"@varesenews","twitter_misc":{"Scritto da":"Adelia Brigo","Tempo di lettura stimato":"1 minuto"},"schema":{"@context":"https:\/\/schema.org","@graph":[{"@type":"WebPage","@id":"https:\/\/www.varesenews.it\/2022\/01\/re-magi-arrivati-al-laghetash-brebbia\/1416444\/","url":"https:\/\/www.varesenews.it\/2022\/01\/re-magi-arrivati-al-laghetash-brebbia\/1416444\/","name":"I Re Magi sono arrivati al Laghetash di Brebbia","isPartOf":{"@id":"https:\/\/staging.varesenews.it\/#website"},"datePublished":"2022-01-05T19:23:05+00:00","dateModified":"2022-01-05T19:23:51+00:00","author":{"@id":"https:\/\/staging.varesenews.it\/#\/schema\/person\/272ac0f5b2dbfd572218c2d86e013f1a"},"description":"Il Presepe nella bella localit\u00e0 \u00e8 stato arricchito da Melchiorre, Baldassarre e Gaspare, come da tradizione","breadcrumb":{"@id":"https:\/\/www.varesenews.it\/2022\/01\/re-magi-arrivati-al-laghetash-brebbia\/1416444\/#breadcrumb"},"inLanguage":"it-IT","potentialAction":[{"@type":"ReadAction","target":["https:\/\/www.varesenews.it\/2022\/01\/re-magi-arrivati-al-laghetash-brebbia\/1416444\/"]}]},{"@type":"BreadcrumbList","@id":"https:\/\/www.varesenews.it\/2022\/01\/re-magi-arrivati-al-laghetash-brebbia\/1416444\/#breadcrumb","itemListElement":[{"@type":"ListItem","position":1,"name":"Home","item":"https:\/\/www.varesenews.it\/"},{"@type":"ListItem","position":2,"name":"I Re Magi sono arrivati al Laghetash di Brebbia"}]},{"@type":"WebSite","@id":"https:\/\/staging.varesenews.it\/#website","url":"https:\/\/staging.varesenews.it\/","name":"VareseNews","description":"","potentialAction":[{"@type":"SearchAction","target":{"@type":"EntryPoint","urlTemplate":"https:\/\/staging.varesenews.it\/?s={search_term_string}"},"query-input":"required name=search_term_string"}],"inLanguage":"it-IT"},{"@type":"Person","@id":"https:\/\/staging.varesenews.it\/#\/schema\/person\/272ac0f5b2dbfd572218c2d86e013f1a","name":"Adelia Brigo","image":{"@type":"ImageObject","inLanguage":"it-IT","@id":"https:\/\/staging.varesenews.it\/#\/schema\/person\/image\/","url":"https:\/\/staging.varesenews.it\/wp-content\/uploads\/2020\/12\/adelia_brigo_colori_500.jpg","contentUrl":"https:\/\/staging.varesenews.it\/wp-content\/uploads\/2020\/12\/adelia_brigo_colori_500.jpg","caption":"Adelia Brigo"},"description":"Giornalista pubblicista, lavoro a VareseNews dal 2007 e mi occupo di cronaca locale e del settore dedicato alla cultura. In questi anni ho seguito diversi progetti di comunicazione, amo sperimentare strategie per i Social Network e raccontare storie. Varesina, classe 1984, sono laureata in Scienze della Comunicazione.&nbsp;","sameAs":["AdeliaBrigo","https:\/\/twitter.com\/AdeliaBrigo"],"url":"https:\/\/staging.varesenews.it\/persona\/adelia_brigo\/"}]}},"post_meta":{"_edit_lock":"1641410651:32","_edit_last":"32","_category_permalink":"a:1:{s:8:\"category\";s:0:\"\";}","_encloseme":"1","ratings_users":"0","ratings_score":"0","ratings_average":"0","foto":"1272383","firma_come_redazione":"1","argomento":"FOTONOTIZIA","_yoast_wpseo_focuskw_text_input":"i re magi brebbia","_yoast_wpseo_focuskw":"i re magi brebbia","_yoast_wpseo_linkdex":"41","_yoast_wpseo_content_score":"60","_jd_tweet_this":"yes","_wpt_short_url":"https:\/\/www.varesenews.it\/2022\/01\/re-magi-arrivati-al-laghetash-brebbia\/1416444\/","_wp_jd_target":"https:\/\/www.varesenews.it\/2022\/01\/re-magi-arrivati-al-laghetash-brebbia\/1416444\/","_jd_wp_twitter":"a:1:{i:0;s:142:\"I Re Magi sono arrivati al Laghetash di Brebbia https:\/\/www.varesenews.it\/2022\/01\/re-magi-arrivati-al-laghetash-brebbia\/1416444\/ #epifania2022\";}","_wpt_status_message":"Tweet inviato con successo.","_oembed_1eda5165d5f129ed0657bca7aa75e134":"<iframe width=\"500\" height=\"281\" src=\"https:\/\/www.youtube.com\/embed\/wi7WMvVrdVc?feature=oembed\" frameborder=\"0\" allow=\"accelerometer; autoplay; clipboard-write; encrypted-media; gyroscope; picture-in-picture\" allowfullscreen><\/iframe>","_oembed_time_1eda5165d5f129ed0657bca7aa75e134":"1641410633","_oembed_ae712af24aced23e06e813a9f21ab963":"<iframe width=\"500\" height=\"281\" src=\"https:\/\/www.youtube.com\/embed\/KPxHl-6bM4c?feature=oembed\" frameborder=\"0\" allow=\"accelerometer; autoplay; clipboard-write; encrypted-media; gyroscope; picture-in-picture\" allowfullscreen><\/iframe>","_oembed_time_ae712af24aced23e06e813a9f21ab963":"1641410634","_oembed_34a1a1d668c24034cfc79d7179dab675":"<iframe width=\"500\" height=\"281\" src=\"https:\/\/www.youtube.com\/embed\/U8sKSH08XJQ?feature=oembed\" frameborder=\"0\" allow=\"accelerometer; autoplay; clipboard-write; encrypted-media; gyroscope; picture-in-picture\" allowfullscreen><\/iframe>","_oembed_time_34a1a1d668c24034cfc79d7179dab675":"1641410634","_oembed_7944759bb3309f0bc76477a823c3f154":"<iframe width=\"500\" height=\"281\" src=\"https:\/\/www.youtube.com\/embed\/VVUC6lnVzGs?feature=oembed\" frameborder=\"0\" allow=\"accelerometer; autoplay; clipboard-write; encrypted-media; gyroscope; picture-in-picture\" allowfullscreen><\/iframe>","_oembed_time_7944759bb3309f0bc76477a823c3f154":"1641410634","_oembed_beeaf8e3b13b24db6ff2a7b94d2c2fd3":"<iframe width=\"500\" height=\"281\" src=\"https:\/\/www.youtube.com\/embed\/rLxqqN2ikgU?feature=oembed\" frameborder=\"0\" allow=\"accelerometer; autoplay; clipboard-write; encrypted-media; gyroscope; picture-in-picture\" allowfullscreen><\/iframe>","_oembed_time_beeaf8e3b13b24db6ff2a7b94d2c2fd3":"1641410634","_oembed_97e209d701ba95ee5d32a973d2070fc9":"<iframe width=\"500\" height=\"281\" src=\"https:\/\/www.youtube.com\/embed\/03X8CK3FZNc?feature=oembed\" frameborder=\"0\" allow=\"accelerometer; autoplay; clipboard-write; encrypted-media; gyroscope; picture-in-picture\" allowfullscreen><\/iframe>","_oembed_time_97e209d701ba95ee5d32a973d2070fc9":"1641410634","_oembed_6035259eed461fe8788c9f1443517107":"<iframe width=\"500\" height=\"281\" src=\"https:\/\/www.youtube.com\/embed\/zcfUCGbX8kQ?feature=oembed\" frameborder=\"0\" allow=\"accelerometer; autoplay; clipboard-write; encrypted-media; gyroscope; picture-in-picture\" allowfullscreen><\/iframe>","_oembed_time_6035259eed461fe8788c9f1443517107":"1641410634","_oembed_cb41705a4cdfedb017bab697997aed7b":"<iframe width=\"500\" height=\"281\" src=\"https:\/\/www.youtube.com\/embed\/9uJCasHJ8Kg?feature=oembed\" frameborder=\"0\" allow=\"accelerometer; autoplay; clipboard-write; encrypted-media; gyroscope; picture-in-picture\" allowfullscreen><\/iframe>","_oembed_time_cb41705a4cdfedb017bab697997aed7b":"1641410634","_oembed_7c7e82515c0bb74eccd513dae30f7929":"<iframe width=\"500\" height=\"281\" src=\"https:\/\/www.youtube.com\/embed\/ARwx3MxyzZc?feature=oembed\" frameborder=\"0\" allow=\"accelerometer; autoplay; clipboard-write; encrypted-media; gyroscope; picture-in-picture\" allowfullscreen><\/iframe>","_oembed_time_7c7e82515c0bb74eccd513dae30f7929":"1641410634","_oembed_37145a34a86a443c65d91f60305c1610":"<iframe width=\"500\" height=\"281\" src=\"https:\/\/www.youtube.com\/embed\/k2Ys0qf3odA?feature=oembed\" frameborder=\"0\" allow=\"accelerometer; autoplay; clipboard-write; encrypted-media; gyroscope; picture-in-picture\" allowfullscreen><\/iframe>","_oembed_time_37145a34a86a443c65d91f60305c1610":"1641410634","_oembed_00f0be427b9f53f3bc7949336d47dfeb":"<blockquote class=\"wp-embedded-content\" data-secret=\"CdZI9SqhmD\"><a href=\"https:\/\/www.varesenews.it\/video\/30-anni-fa-moriva-gilles-villeneuve\/\">30 anni fa moriva Gilles Villeneuve<\/a><\/blockquote><iframe class=\"wp-embedded-content\" sandbox=\"allow-scripts\" security=\"restricted\" style=\"position: absolute; clip: rect(1px, 1px, 1px, 1px);\" src=\"https:\/\/www.varesenews.it\/video\/30-anni-fa-moriva-gilles-villeneuve\/embed\/#?secret=CdZI9SqhmD\" data-secret=\"CdZI9SqhmD\" width=\"500\" height=\"282\" title=\"&#8220;30 anni fa moriva Gilles Villeneuve&#8221; &#8212; VareseNews\" frameborder=\"0\" marginwidth=\"0\" marginheight=\"0\" scrolling=\"no\"><\/iframe>","_oembed_time_00f0be427b9f53f3bc7949336d47dfeb":"1641410634","_oembed_1510f4d198a5f83c1bf11a3d21d331e2":"<blockquote class=\"wp-embedded-content\" data-secret=\"zXIbZErKLI\"><a href=\"https:\/\/www.varesenews.it\/video\/autobus-bloccato-sottacqua-busto-arsizio\/\">Autobus bloccato sott&#8217;acqua a Busto Arsizio<\/a><\/blockquote><iframe class=\"wp-embedded-content\" sandbox=\"allow-scripts\" security=\"restricted\" style=\"position: absolute; clip: rect(1px, 1px, 1px, 1px);\" src=\"https:\/\/www.varesenews.it\/video\/autobus-bloccato-sottacqua-busto-arsizio\/embed\/#?secret=zXIbZErKLI\" data-secret=\"zXIbZErKLI\" width=\"500\" height=\"282\" title=\"&#8220;Autobus bloccato sott&#8217;acqua a Busto Arsizio&#8221; &#8212; VareseNews\" frameborder=\"0\" marginwidth=\"0\" marginheight=\"0\" scrolling=\"no\"><\/iframe>","_oembed_time_1510f4d198a5f83c1bf11a3d21d331e2":"1641410634","_oembed_dc1d96756722da73d7ba35ffaa17ac03":"<blockquote class=\"wp-embedded-content\" data-secret=\"HVQezaeqd7\"><a href=\"https:\/\/www.varesenews.it\/video\/auto-investe-un-ciclista-malnate-video-dellincidente\/\">Auto investe un ciclista a Malnate. Il video dell\u2019incidente<\/a><\/blockquote><iframe class=\"wp-embedded-content\" sandbox=\"allow-scripts\" security=\"restricted\" style=\"position: absolute; clip: rect(1px, 1px, 1px, 1px);\" src=\"https:\/\/www.varesenews.it\/video\/auto-investe-un-ciclista-malnate-video-dellincidente\/embed\/#?secret=HVQezaeqd7\" data-secret=\"HVQezaeqd7\" width=\"500\" height=\"282\" title=\"&#8220;Auto investe un ciclista a Malnate. Il video dell\u2019incidente&#8221; &#8212; VareseNews\" frameborder=\"0\" marginwidth=\"0\" marginheight=\"0\" scrolling=\"no\"><\/iframe>","_oembed_time_dc1d96756722da73d7ba35ffaa17ac03":"1641410634","_oembed_86af47f982fd22c447dcfe75cda7ca3e":"<blockquote class=\"wp-embedded-content\" data-secret=\"M6bGObBVWn\"><a href=\"https:\/\/www.varesenews.it\/video\/grandine-fulmini-lalto-varesotto-colpito-un-violento-temporale\/\">Grandine e fulmini, l&#8217;alto Varesotto colpito da un violento temporale<\/a><\/blockquote><iframe class=\"wp-embedded-content\" sandbox=\"allow-scripts\" security=\"restricted\" style=\"position: absolute; clip: rect(1px, 1px, 1px, 1px);\" src=\"https:\/\/www.varesenews.it\/video\/grandine-fulmini-lalto-varesotto-colpito-un-violento-temporale\/embed\/#?secret=M6bGObBVWn\" data-secret=\"M6bGObBVWn\" width=\"500\" height=\"282\" title=\"&#8220;Grandine e fulmini, l&#8217;alto Varesotto colpito da un violento temporale&#8221; &#8212; VareseNews\" frameborder=\"0\" marginwidth=\"0\" marginheight=\"0\" scrolling=\"no\"><\/iframe>","_oembed_time_86af47f982fd22c447dcfe75cda7ca3e":"1641410634","_oembed_fa9a0816463c758152fdc6a3bbbbda77":"<blockquote class=\"wp-embedded-content\" data-secret=\"eDlHe2zRwE\"><a href=\"https:\/\/www.varesenews.it\/video\/tempesta-sul-lago-como-le-immagini-del-disastro\/\">Tempesta sul Lago di Como: le immagini del disastro<\/a><\/blockquote><iframe class=\"wp-embedded-content\" sandbox=\"allow-scripts\" security=\"restricted\" style=\"position: absolute; clip: rect(1px, 1px, 1px, 1px);\" src=\"https:\/\/www.varesenews.it\/video\/tempesta-sul-lago-como-le-immagini-del-disastro\/embed\/#?secret=eDlHe2zRwE\" data-secret=\"eDlHe2zRwE\" width=\"500\" height=\"282\" title=\"&#8220;Tempesta sul Lago di Como: le immagini del disastro&#8221; &#8212; VareseNews\" frameborder=\"0\" marginwidth=\"0\" marginheight=\"0\" scrolling=\"no\"><\/iframe>","_oembed_time_fa9a0816463c758152fdc6a3bbbbda77":"1641410634","_oembed_b817c4c2603110d75e843fe7e47f73bb":"<blockquote class=\"wp-embedded-content\" data-secret=\"99AeMGKFke\"><a href=\"https:\/\/www.varesenews.it\/video\/le-regole-del-dpcm-gennaio\/\">Le regole del nuovo DPCM di Gennaio<\/a><\/blockquote><iframe class=\"wp-embedded-content\" sandbox=\"allow-scripts\" security=\"restricted\" style=\"position: absolute; clip: rect(1px, 1px, 1px, 1px);\" src=\"https:\/\/www.varesenews.it\/video\/le-regole-del-dpcm-gennaio\/embed\/#?secret=99AeMGKFke\" data-secret=\"99AeMGKFke\" width=\"500\" height=\"282\" title=\"&#8220;Le regole del nuovo DPCM di Gennaio&#8221; &#8212; VareseNews\" frameborder=\"0\" marginwidth=\"0\" marginheight=\"0\" scrolling=\"no\"><\/iframe>","_oembed_time_b817c4c2603110d75e843fe7e47f73bb":"1641410634","_oembed_11b706f5a09248a9e1b07ee4dc8cf390":"<blockquote class=\"wp-embedded-content\" data-secret=\"h9Jo96bJuy\"><a href=\"https:\/\/www.varesenews.it\/video\/tuffo-da-60-metri-record-in-svizzera\/\">Tuffo da 60 metri, record in Svizzera<\/a><\/blockquote><iframe class=\"wp-embedded-content\" sandbox=\"allow-scripts\" security=\"restricted\" style=\"position: absolute; clip: rect(1px, 1px, 1px, 1px);\" src=\"https:\/\/www.varesenews.it\/video\/tuffo-da-60-metri-record-in-svizzera\/embed\/#?secret=h9Jo96bJuy\" data-secret=\"h9Jo96bJuy\" width=\"500\" height=\"282\" title=\"&#8220;Tuffo da 60 metri, record in Svizzera&#8221; &#8212; VareseNews\" frameborder=\"0\" marginwidth=\"0\" marginheight=\"0\" scrolling=\"no\"><\/iframe>","_oembed_time_11b706f5a09248a9e1b07ee4dc8cf390":"1641410634","_oembed_f464dca1202fab3212657d18c157f1d9":"<blockquote class=\"wp-embedded-content\" data-secret=\"6L8o0DMs0Z\"><a href=\"https:\/\/www.varesenews.it\/video\/discorso-integrale-liliana-segre\/\">Il discorso integrale di Liliana Segre<\/a><\/blockquote><iframe class=\"wp-embedded-content\" sandbox=\"allow-scripts\" security=\"restricted\" style=\"position: absolute; clip: rect(1px, 1px, 1px, 1px);\" src=\"https:\/\/www.varesenews.it\/video\/discorso-integrale-liliana-segre\/embed\/#?secret=6L8o0DMs0Z\" data-secret=\"6L8o0DMs0Z\" width=\"500\" height=\"282\" title=\"&#8220;Il discorso integrale di Liliana Segre&#8221; &#8212; VareseNews\" frameborder=\"0\" marginwidth=\"0\" marginheight=\"0\" scrolling=\"no\"><\/iframe>","_oembed_time_f464dca1202fab3212657d18c157f1d9":"1641410634","_oembed_395d9209c6f377c36faf18c3169381a1":"<blockquote class=\"wp-embedded-content\" data-secret=\"QOh9Q9jasD\"><a href=\"https:\/\/www.varesenews.it\/video\/la-tempesta-domenica-sul-varesotto\/\">La tempesta di domenica sul Varesotto<\/a><\/blockquote><iframe class=\"wp-embedded-content\" sandbox=\"allow-scripts\" security=\"restricted\" style=\"position: absolute; clip: rect(1px, 1px, 1px, 1px);\" src=\"https:\/\/www.varesenews.it\/video\/la-tempesta-domenica-sul-varesotto\/embed\/#?secret=QOh9Q9jasD\" data-secret=\"QOh9Q9jasD\" width=\"500\" height=\"282\" title=\"&#8220;La tempesta di domenica sul Varesotto&#8221; &#8212; VareseNews\" frameborder=\"0\" marginwidth=\"0\" marginheight=\"0\" scrolling=\"no\"><\/iframe>","_oembed_time_395d9209c6f377c36faf18c3169381a1":"1641410634","_oembed_17d7b776e2b354243bef931cecb8fc3f":"<blockquote class=\"wp-embedded-content\" data-secret=\"yvuny3HJOj\"><a href=\"https:\/\/www.varesenews.it\/video\/trovato-un-cadavere-nei-boschi-della-valganna\/\">Trovato un cadavere nei boschi della Valganna<\/a><\/blockquote><iframe class=\"wp-embedded-content\" sandbox=\"allow-scripts\" security=\"restricted\" style=\"position: absolute; clip: rect(1px, 1px, 1px, 1px);\" src=\"https:\/\/www.varesenews.it\/video\/trovato-un-cadavere-nei-boschi-della-valganna\/embed\/#?secret=yvuny3HJOj\" data-secret=\"yvuny3HJOj\" width=\"500\" height=\"282\" title=\"&#8220;Trovato un cadavere nei boschi della Valganna&#8221; &#8212; VareseNews\" frameborder=\"0\" marginwidth=\"0\" marginheight=\"0\" scrolling=\"no\"><\/iframe>","_oembed_time_17d7b776e2b354243bef931cecb8fc3f":"1641410634","_oembed_ec45fca710534adf5812f3f47356738b":"<blockquote class=\"wp-embedded-content\" data-secret=\"NtWRRJK4cB\"><a href=\"https:\/\/www.varesenews.it\/2021\/06\/casino-campione-potra-riaprire-entro-la-fine-dellanno\/1350832\/\">Il casin\u00f2 di Campione potr\u00e0 riaprire entro la fine dell&#8217;anno<\/a><\/blockquote><iframe class=\"wp-embedded-content\" sandbox=\"allow-scripts\" security=\"restricted\" style=\"position: absolute; clip: rect(1px, 1px, 1px, 1px);\" src=\"https:\/\/www.varesenews.it\/2021\/06\/casino-campione-potra-riaprire-entro-la-fine-dellanno\/1350832\/embed\/#?secret=NtWRRJK4cB\" data-secret=\"NtWRRJK4cB\" width=\"500\" height=\"282\" title=\"&#8220;Il casin\u00f2 di Campione potr\u00e0 riaprire entro la fine dell&#8217;anno&#8221; &#8212; VareseNews\" frameborder=\"0\" marginwidth=\"0\" marginheight=\"0\" scrolling=\"no\"><\/iframe>","_oembed_time_ec45fca710534adf5812f3f47356738b":"1641410635","_oembed_e035b615db9fabd0c075a8929b775f99":"<blockquote class=\"wp-embedded-content\" data-secret=\"EHJxWbeQkX\"><a href=\"https:\/\/www.varesenews.it\/2021\/12\/restrizioni-covid-abita-nelle-regioni-confine-esentato-dal-test-molecolare-entrare-svizzera\/1407841\/\">Restrizioni Covid: chi abita nelle regioni di confine esentato dal test molecolare per entrare in Svizzera<\/a><\/blockquote><iframe class=\"wp-embedded-content\" sandbox=\"allow-scripts\" security=\"restricted\" style=\"position: absolute; clip: rect(1px, 1px, 1px, 1px);\" src=\"https:\/\/www.varesenews.it\/2021\/12\/restrizioni-covid-abita-nelle-regioni-confine-esentato-dal-test-molecolare-entrare-svizzera\/1407841\/embed\/#?secret=EHJxWbeQkX\" data-secret=\"EHJxWbeQkX\" width=\"500\" height=\"282\" title=\"&#8220;Restrizioni Covid: chi abita nelle regioni di confine esentato dal test molecolare per entrare in Svizzera&#8221; &#8212; VareseNews\" frameborder=\"0\" marginwidth=\"0\" marginheight=\"0\" scrolling=\"no\"><\/iframe>","_oembed_time_e035b615db9fabd0c075a8929b775f99":"1641410635","_oembed_f4a716401f459f1801084c58eb9b32bd":"<blockquote class=\"wp-embedded-content\" data-secret=\"oIUyyBiisH\"><a href=\"https:\/\/www.varesenews.it\/2021\/12\/mascherine-ovunque-discotete-chiuse-le-nuove-misure-contrasto-al-covid\/1413709\/\">Mascherine all&#8217;aperto e discoteche chiuse, ecco le nuove misure di contrasto al Covid<\/a><\/blockquote><iframe class=\"wp-embedded-content\" sandbox=\"allow-scripts\" security=\"restricted\" style=\"position: absolute; clip: rect(1px, 1px, 1px, 1px);\" src=\"https:\/\/www.varesenews.it\/2021\/12\/mascherine-ovunque-discotete-chiuse-le-nuove-misure-contrasto-al-covid\/1413709\/embed\/#?secret=oIUyyBiisH\" data-secret=\"oIUyyBiisH\" width=\"500\" height=\"282\" title=\"&#8220;Mascherine all&#8217;aperto e discoteche chiuse, ecco le nuove misure di contrasto al Covid&#8221; &#8212; VareseNews\" frameborder=\"0\" marginwidth=\"0\" marginheight=\"0\" scrolling=\"no\"><\/iframe>","_oembed_time_f4a716401f459f1801084c58eb9b32bd":"1641410635","_oembed_d3baaabf257560a7fc410eab734b328b":"<blockquote class=\"wp-embedded-content\" data-secret=\"oilg0bi4Ey\"><a href=\"https:\/\/www.varesenews.it\/2021\/12\/eventi-bambini-nel-weekend-dal-17-al-19-dicembre-varese-provincia\/1411709\/\">Eventi per bambini nel weekend dal 17 al 19 dicembre tra Varese e provincia<\/a><\/blockquote><iframe class=\"wp-embedded-content\" sandbox=\"allow-scripts\" security=\"restricted\" style=\"position: absolute; clip: rect(1px, 1px, 1px, 1px);\" src=\"https:\/\/www.varesenews.it\/2021\/12\/eventi-bambini-nel-weekend-dal-17-al-19-dicembre-varese-provincia\/1411709\/embed\/#?secret=oilg0bi4Ey\" data-secret=\"oilg0bi4Ey\" width=\"500\" height=\"282\" title=\"&#8220;Eventi per bambini nel weekend dal 17 al 19 dicembre tra Varese e provincia&#8221; &#8212; VareseNews\" frameborder=\"0\" marginwidth=\"0\" marginheight=\"0\" scrolling=\"no\"><\/iframe>","_oembed_time_d3baaabf257560a7fc410eab734b328b":"1641410635","_oembed_e5be013a56ee78932ac88b4c35556874":"<iframe width=\"500\" height=\"281\" src=\"https:\/\/www.youtube.com\/embed\/UqsqhhFX_h8?feature=oembed\" frameborder=\"0\" allow=\"accelerometer; autoplay; clipboard-write; encrypted-media; gyroscope; picture-in-picture\" allowfullscreen><\/iframe>","_oembed_time_e5be013a56ee78932ac88b4c35556874":"1641410635","_oembed_3bde20fa00037148bb29a003c211fc6b":"<blockquote class=\"wp-embedded-content\" data-secret=\"jMyseIH9Gr\"><a href=\"https:\/\/www.varesenews.it\/2022\/01\/quarantena-isolamento-le-nuove-disposizioni-pubblicate-ats-insubria\/1415645\/\">Quarantena e isolamento, ecco le nuove disposizioni pubblicate da Ats Insubria<\/a><\/blockquote><iframe class=\"wp-embedded-content\" sandbox=\"allow-scripts\" security=\"restricted\" style=\"position: absolute; clip: rect(1px, 1px, 1px, 1px);\" src=\"https:\/\/www.varesenews.it\/2022\/01\/quarantena-isolamento-le-nuove-disposizioni-pubblicate-ats-insubria\/1415645\/embed\/#?secret=jMyseIH9Gr\" data-secret=\"jMyseIH9Gr\" width=\"500\" height=\"282\" title=\"&#8220;Quarantena e isolamento, ecco le nuove disposizioni pubblicate da Ats Insubria&#8221; &#8212; VareseNews\" frameborder=\"0\" marginwidth=\"0\" marginheight=\"0\" scrolling=\"no\"><\/iframe>","_oembed_time_3bde20fa00037148bb29a003c211fc6b":"1641412537","_oembed_40deafd188488a16dbad5acdcd052f38":"<blockquote class=\"wp-embedded-content\" data-secret=\"51L0CQXvC1\"><a href=\"https:\/\/www.varesenews.it\/2021\/12\/sostegno-alle-famiglie-nel-2022-lassegno-unico-misure-ancora-vigore\/1415256\/\">Sostegno alle famiglie nel 2022: l&#8217;assegno unico e altre misure ancora in vigore<\/a><\/blockquote><iframe class=\"wp-embedded-content\" sandbox=\"allow-scripts\" security=\"restricted\" style=\"position: absolute; clip: rect(1px, 1px, 1px, 1px);\" src=\"https:\/\/www.varesenews.it\/2021\/12\/sostegno-alle-famiglie-nel-2022-lassegno-unico-misure-ancora-vigore\/1415256\/embed\/#?secret=51L0CQXvC1\" data-secret=\"51L0CQXvC1\" width=\"500\" height=\"282\" title=\"&#8220;Sostegno alle famiglie nel 2022: l&#8217;assegno unico e altre misure ancora in vigore&#8221; &#8212; VareseNews\" frameborder=\"0\" marginwidth=\"0\" marginheight=\"0\" scrolling=\"no\"><\/iframe>","_oembed_time_40deafd188488a16dbad5acdcd052f38":"1641412538","_oembed_e75e4a45daa5f8a61e25a76bd7f00153":"<blockquote class=\"wp-embedded-content\" data-secret=\"qkTeIz5WYx\"><a href=\"https:\/\/www.varesenews.it\/2021\/12\/arriva-lassegno-unico-universale-come-richiederlo-a-partire-dallisee-2022\/1415247\/\">Arriva l&#8217;assegno unico universale: come richiederlo a partire dall&#8217;Isee 2022<\/a><\/blockquote><iframe class=\"wp-embedded-content\" sandbox=\"allow-scripts\" security=\"restricted\" style=\"position: absolute; clip: rect(1px, 1px, 1px, 1px);\" src=\"https:\/\/www.varesenews.it\/2021\/12\/arriva-lassegno-unico-universale-come-richiederlo-a-partire-dallisee-2022\/1415247\/embed\/#?secret=qkTeIz5WYx\" data-secret=\"qkTeIz5WYx\" width=\"500\" height=\"282\" title=\"&#8220;Arriva l&#8217;assegno unico universale: come richiederlo a partire dall&#8217;Isee 2022&#8221; &#8212; VareseNews\" frameborder=\"0\" marginwidth=\"0\" marginheight=\"0\" scrolling=\"no\"><\/iframe>","_oembed_time_e75e4a45daa5f8a61e25a76bd7f00153":"1641412537","_oembed_0896559318fd615b7caae428813ec1ad":"<blockquote class=\"wp-embedded-content\" data-secret=\"fiUlvtoL9Z\"><a href=\"https:\/\/www.varesenews.it\/2021\/12\/assegno-unico-link-simulatore-inps-calcolo-importi\/1415229\/\">Assegno unico: il link al simulatore Inps per il calcolo degli importi<\/a><\/blockquote><iframe class=\"wp-embedded-content\" sandbox=\"allow-scripts\" security=\"restricted\" style=\"position: absolute; clip: rect(1px, 1px, 1px, 1px);\" src=\"https:\/\/www.varesenews.it\/2021\/12\/assegno-unico-link-simulatore-inps-calcolo-importi\/1415229\/embed\/#?secret=fiUlvtoL9Z\" data-secret=\"fiUlvtoL9Z\" width=\"500\" height=\"282\" title=\"&#8220;Assegno unico: il link al simulatore Inps per il calcolo degli importi&#8221; &#8212; VareseNews\" frameborder=\"0\" marginwidth=\"0\" marginheight=\"0\" scrolling=\"no\"><\/iframe>","_oembed_time_0896559318fd615b7caae428813ec1ad":"1641412537","_oembed_31aebc29eef08d27f272d796fb5ef7ca":"<blockquote class=\"wp-embedded-content\" data-secret=\"6Fv0aHWuuY\"><a href=\"https:\/\/www.varesenews.it\/2021\/12\/stipendi-piu-alti-nelle-aree-confine-nella-manovra-accolto-lordine-del-giorno-apre-la-discussione\/1415210\/\">Stipendi pi\u00f9 alti nelle aree di confine: il Parlamento approva l&#8217;ordine del giorno che apre la discussione<\/a><\/blockquote><iframe class=\"wp-embedded-content\" sandbox=\"allow-scripts\" security=\"restricted\" style=\"position: absolute; clip: rect(1px, 1px, 1px, 1px);\" src=\"https:\/\/www.varesenews.it\/2021\/12\/stipendi-piu-alti-nelle-aree-confine-nella-manovra-accolto-lordine-del-giorno-apre-la-discussione\/1415210\/embed\/#?secret=6Fv0aHWuuY\" data-secret=\"6Fv0aHWuuY\" width=\"500\" height=\"282\" title=\"&#8220;Stipendi pi\u00f9 alti nelle aree di confine: il Parlamento approva l&#8217;ordine del giorno che apre la discussione&#8221; &#8212; VareseNews\" frameborder=\"0\" marginwidth=\"0\" marginheight=\"0\" scrolling=\"no\"><\/iframe>","_oembed_time_31aebc29eef08d27f272d796fb5ef7ca":"1641412537","_oembed_b04824354db45435cbf1f9caa00c9142":"<blockquote class=\"wp-embedded-content\" data-secret=\"RCYzBwNqa0\"><a href=\"https:\/\/www.varesenews.it\/2021\/11\/gennaio-lassegno-unico-universale-spetta-domanda\/1401943\/\">Da gennaio l&#8217;assegno unico universale. A chi spetta e quando fare domanda<\/a><\/blockquote><iframe class=\"wp-embedded-content\" sandbox=\"allow-scripts\" security=\"restricted\" style=\"position: absolute; clip: rect(1px, 1px, 1px, 1px);\" src=\"https:\/\/www.varesenews.it\/2021\/11\/gennaio-lassegno-unico-universale-spetta-domanda\/1401943\/embed\/#?secret=RCYzBwNqa0\" data-secret=\"RCYzBwNqa0\" width=\"500\" height=\"282\" title=\"&#8220;Da gennaio l&#8217;assegno unico universale. A chi spetta e quando fare domanda&#8221; &#8212; VareseNews\" frameborder=\"0\" marginwidth=\"0\" marginheight=\"0\" scrolling=\"no\"><\/iframe>","_oembed_time_b04824354db45435cbf1f9caa00c9142":"1641412537","_oembed_c63258d93ccbfa774b80437494123a9f":"<blockquote class=\"wp-embedded-content\" data-secret=\"klfBPZnfh2\"><a href=\"https:\/\/www.varesenews.it\/2021\/12\/cocquio-trevisago-un-incontro-sulla-crisi-della-bielorussia-dittatura-profughi-usati-armi\/1414413\/\">A Cocquio Trevisago un incontro sulla crisi della Bielorussia, tra dittatura e profughi usati come armi<\/a><\/blockquote><iframe class=\"wp-embedded-content\" sandbox=\"allow-scripts\" security=\"restricted\" style=\"position: absolute; clip: rect(1px, 1px, 1px, 1px);\" src=\"https:\/\/www.varesenews.it\/2021\/12\/cocquio-trevisago-un-incontro-sulla-crisi-della-bielorussia-dittatura-profughi-usati-armi\/1414413\/embed\/#?secret=klfBPZnfh2\" data-secret=\"klfBPZnfh2\" width=\"500\" height=\"282\" title=\"&#8220;A Cocquio Trevisago un incontro sulla crisi della Bielorussia, tra dittatura e profughi usati come armi&#8221; &#8212; VareseNews\" frameborder=\"0\" marginwidth=\"0\" marginheight=\"0\" scrolling=\"no\"><\/iframe>","_oembed_time_c63258d93ccbfa774b80437494123a9f":"1641412735","_oembed_c639b7f463a953318c5b87178dd224ec":"<blockquote class=\"wp-embedded-content\" data-secret=\"YrOcuzmLBW\"><a href=\"https:\/\/www.varesenews.it\/necrologie\/annuncio-famiglia\/milos-kogoj\/\">MILOS KOGOJ<\/a><\/blockquote><iframe class=\"wp-embedded-content\" sandbox=\"allow-scripts\" security=\"restricted\" style=\"position: absolute; clip: rect(1px, 1px, 1px, 1px);\" src=\"https:\/\/www.varesenews.it\/necrologie\/annuncio-famiglia\/milos-kogoj\/embed\/#?secret=YrOcuzmLBW\" data-secret=\"YrOcuzmLBW\" width=\"500\" height=\"282\" title=\"&#8220;MILOS KOGOJ&#8221; &#8212; VareseNews\" frameborder=\"0\" marginwidth=\"0\" marginheight=\"0\" scrolling=\"no\"><\/iframe>","_oembed_time_c639b7f463a953318c5b87178dd224ec":"1641412735","_oembed_545c96f7c6fade22ce72ea711170ac5b":"<iframe width=\"500\" height=\"281\" src=\"https:\/\/www.youtube.com\/embed\/2H2o0PUbkTA?feature=oembed\" frameborder=\"0\" allow=\"accelerometer; autoplay; clipboard-write; encrypted-media; gyroscope; picture-in-picture\" allowfullscreen><\/iframe>","_oembed_time_545c96f7c6fade22ce72ea711170ac5b":"1641412736","_oembed_bc5d905f2f523ed57458ea6b7085ec55":"<blockquote class=\"wp-embedded-content\" data-secret=\"uxsOi3y0kW\"><a href=\"https:\/\/www.varesenews.it\/2022\/01\/la-openjobmetis-vede-la-luce-fondo-al-tunnel-tutti-negativi-gli-ultimi-tamponi\/1416053\/\">La Openjobmetis vede la luce in fondo al tunnel: tutti negativi. Addio Kell<\/a><\/blockquote><iframe class=\"wp-embedded-content\" sandbox=\"allow-scripts\" security=\"restricted\" style=\"position: absolute; clip: rect(1px, 1px, 1px, 1px);\" src=\"https:\/\/www.varesenews.it\/2022\/01\/la-openjobmetis-vede-la-luce-fondo-al-tunnel-tutti-negativi-gli-ultimi-tamponi\/1416053\/embed\/#?secret=uxsOi3y0kW\" data-secret=\"uxsOi3y0kW\" width=\"500\" height=\"282\" title=\"&#8220;La Openjobmetis vede la luce in fondo al tunnel: tutti negativi. Addio Kell&#8221; &#8212; VareseNews\" frameborder=\"0\" marginwidth=\"0\" marginheight=\"0\" scrolling=\"no\"><\/iframe>","_oembed_time_bc5d905f2f523ed57458ea6b7085ec55":"1641412736","_oembed_aadf70ee8bdf8208aa9297a25376b845":"<blockquote class=\"wp-embedded-content\" data-secret=\"v60sFSbDxj\"><a href=\"https:\/\/www.varesenews.it\/2022\/01\/emergenza-tamponi-a-rho-fiera-aperto-lhub-tamponi-piu-grande-della-lombardia\/1416102\/\">Emergenza tamponi: a Rho Fiera aperto l\u2019hub pi\u00f9 grande della Lombardia<\/a><\/blockquote><iframe class=\"wp-embedded-content\" sandbox=\"allow-scripts\" security=\"restricted\" style=\"position: absolute; clip: rect(1px, 1px, 1px, 1px);\" src=\"https:\/\/www.varesenews.it\/2022\/01\/emergenza-tamponi-a-rho-fiera-aperto-lhub-tamponi-piu-grande-della-lombardia\/1416102\/embed\/#?secret=v60sFSbDxj\" data-secret=\"v60sFSbDxj\" width=\"500\" height=\"282\" title=\"&#8220;Emergenza tamponi: a Rho Fiera aperto l\u2019hub pi\u00f9 grande della Lombardia&#8221; &#8212; VareseNews\" frameborder=\"0\" marginwidth=\"0\" marginheight=\"0\" scrolling=\"no\"><\/iframe>","_oembed_time_aadf70ee8bdf8208aa9297a25376b845":"1641413155","_oembed_1aa857a48f903d2ca21906af44f2850c":"<blockquote class=\"wp-embedded-content\" data-secret=\"g5Eq85o12K\"><a href=\"https:\/\/www.varesenews.it\/2021\/04\/besozzo-casa-eolo-ivan-basso-struttura-perfetta-nostro-team\/1324073\/\">Besozzo, a &#8220;Casa Eolo&#8221; con Ivan Basso: &#8220;Struttura perfetta per il nostro team&#8221;<\/a><\/blockquote><iframe class=\"wp-embedded-content\" sandbox=\"allow-scripts\" security=\"restricted\" style=\"position: absolute; clip: rect(1px, 1px, 1px, 1px);\" src=\"https:\/\/www.varesenews.it\/2021\/04\/besozzo-casa-eolo-ivan-basso-struttura-perfetta-nostro-team\/1324073\/embed\/#?secret=g5Eq85o12K\" data-secret=\"g5Eq85o12K\" width=\"500\" height=\"282\" title=\"&#8220;Besozzo, a &#8220;Casa Eolo&#8221; con Ivan Basso: &#8220;Struttura perfetta per il nostro team&#8221;&#8221; &#8212; VareseNews\" frameborder=\"0\" marginwidth=\"0\" marginheight=\"0\" scrolling=\"no\"><\/iframe>","_oembed_time_1aa857a48f903d2ca21906af44f2850c":"1641413155"},"photos":[{"original":"https:\/\/staging.varesenews.it\/photogallery_new\/images\/2022\/01\/i-re-magi-al-laghetash-1272383.jpg","full":"https:\/\/staging.varesenews.it\/photogallery_new\/images\/2022\/01\/i-re-magi-al-laghetash-1272383.1024x768.jpg","large":"https:\/\/staging.varesenews.it\/photogallery_new\/images\/2022\/01\/i-re-magi-al-laghetash-1272383.610x431.jpg"}],"_links":{"self":[{"href":"https:\/\/staging.varesenews.it\/swgapi\/v1\/wp\/v2\/posts\/1416444"}],"collection":[{"href":"https:\/\/staging.varesenews.it\/swgapi\/v1\/wp\/v2\/posts"}],"about":[{"href":"https:\/\/staging.varesenews.it\/swgapi\/v1\/wp\/v2\/types\/post"}],"author":[{"embeddable":true,"href":"https:\/\/staging.varesenews.it\/swgapi\/v1\/wp\/v2\/users\/32"}],"replies":[{"embeddable":true,"href":"https:\/\/staging.varesenews.it\/swgapi\/v1\/wp\/v2\/comments?post=1416444"}],"version-history":[{"count":0,"href":"https:\/\/staging.varesenews.it\/swgapi\/v1\/wp\/v2\/posts\/1416444\/revisions"}],"wp:attachment":[{"href":"https:\/\/staging.varesenews.it\/swgapi\/v1\/wp\/v2\/media?parent=1416444"}],"wp:term":[{"taxonomy":"category","embeddable":true,"href":"https:\/\/staging.varesenews.it\/swgapi\/v1\/wp\/v2\/categories?post=1416444"},{"taxonomy":"post_tag","embeddable":true,"href":"https:\/\/staging.varesenews.it\/swgapi\/v1\/wp\/v2\/tags?post=1416444"}],"curies":[{"name":"wp","href":"https:\/\/api.w.org\/{rel}","templated":true}]}}