{"id":1417845,"date":"2022-01-12T10:32:16","date_gmt":"2022-01-12T09:32:16","guid":{"rendered":"https:\/\/www.varesenews.it\/?p=1417845"},"modified":"2022-01-12T10:32:16","modified_gmt":"2022-01-12T09:32:16","slug":"gestire-un-team-virtuale-liberta-regole-ne-discute-eolo","status":"publish","type":"post","link":"https:\/\/staging.varesenews.it\/2022\/01\/gestire-un-team-virtuale-liberta-regole-ne-discute-eolo\/1417845\/","title":{"rendered":"Come gestire un team virtuale tra libert\u00e0 e regole, se ne discute in Eolo"},"content":{"rendered":"<p>Sempre pi\u00f9 di stretta attualit\u00e0, il lavoro virtuale non \u00e8 solo una necessit\u00e0 dettata dal periodo, ma anche un\u2019occasione di cambiamento e di crescita, individuale e per l\u2019impresa. Certo, la gestione di un v<strong>irtual team<\/strong> richiede la capacit\u00e0 di \u201cgovernare\u201d gli opposti: da un lato processi rigorosi e regole chiare, dall\u2019altro flessibilit\u00e0, fiducia e human touch.<\/p>\n<p>Di questo tratta il nuovo libro &#8220;<strong>Virtual team&#8221;\u00a0<\/strong>(edizione Franco Angeli) dei docenti<strong> Andrea Martone e Massimo Ramponi<\/strong> della <strong>Liuc business school<\/strong> di cui si parler\u00e0 <strong>mercoled\u00ec 19 gennaio<\/strong>, alle ore 17.30, nel corso della <strong>tavola rotonda<\/strong> moderata da<strong> Dario Di Vico<\/strong>, nella sede di Eolo a Busto Arsizio (via Gran S. Bernardo, 12), con: <strong>Federico Visconti<\/strong>, Rettore della Liuc, <strong>Luca Spada<\/strong>, presidente di Eolo,<strong> Alessandro Foti<\/strong>, amministratore delegato e direttore generale di FinecoBank<strong>,<\/strong>\u00a0<strong>Giovanni Brugnoli<\/strong>, vicepresidente Confindustria con delega al capitale umano.<\/p>\n<p>La riflessione continuer\u00e0 la prossima primavera, in un luogo della tradizione (un monastero benedettino) per approfondire l\u2019altra faccia della medaglia: le radici e le regole.<br \/>\n\u00c8 possibile seguire l\u2019evento in streaming iscrivendosi:<br \/>\n<strong><a href=\"https:\/\/w3.liuc.it\/iscrizioni\/f.php?f=1047\">https:\/\/w3.liuc.it\/iscrizioni\/f.php?f=1047<\/a><\/strong><\/p>\n","protected":false},"excerpt":{"rendered":"<p>Presentazione del libro &#8220;Virtual team&#8221; dei docenti Andrea Martone e Massimo Ramponi della Liuc business school. L&#8217;incontro si terr\u00e0 mercoled\u00ec 19 gennaio nella sede di Busto Arsizio<\/p>\n","protected":false},"author":45,"featured_media":0,"comment_status":"open","ping_status":"open","sticky":false,"template":"","format":"standard","meta":{"footnotes":""},"categories":[4,15,17],"tags":[4076,176],"acf":[],"yoast_head":"<!-- This site is optimized with the Yoast SEO plugin v20.1 - https:\/\/yoast.com\/wordpress\/plugins\/seo\/ -->\n<title>Come gestire un team virtuale tra libert\u00e0 e regole, se ne discute in Eolo<\/title>\n<meta name=\"description\" content=\"Presentazione del libro &quot;Virtual team&quot; dei docenti Andrea Martone e Massimo Ramponi della Liuc business school. L&#039;incontro si terr\u00e0 mercoled\u00ec 19 gennaio nella sede di Busto Arsizio\" \/>\n<meta name=\"robots\" content=\"noindex, follow, max-snippet:-1, max-image-preview:large, max-video-preview:-1\" \/>\n<meta property=\"og:locale\" content=\"it_IT\" \/>\n<meta property=\"og:type\" content=\"article\" \/>\n<meta property=\"og:title\" content=\"Come gestire un team virtuale tra libert\u00e0 e regole, se ne discute in Eolo\" \/>\n<meta property=\"og:description\" content=\"Presentazione del libro &quot;Virtual team&quot; dei docenti Andrea Martone e Massimo Ramponi della Liuc business school. L&#039;incontro si terr\u00e0 mercoled\u00ec 19 gennaio nella sede di Busto Arsizio\" \/>\n<meta property=\"og:url\" content=\"https:\/\/staging.varesenews.it\/2022\/01\/gestire-un-team-virtuale-liberta-regole-ne-discute-eolo\/1417845\/\" \/>\n<meta property=\"og:site_name\" content=\"VareseNews\" \/>\n<meta property=\"article:publisher\" content=\"https:\/\/www.facebook.com\/varesenews\" \/>\n<meta property=\"article:author\" content=\"https:\/\/www.facebook.com\/michele.mancino.5\" \/>\n<meta property=\"article:published_time\" content=\"2022-01-12T09:32:16+00:00\" \/>\n<meta name=\"author\" content=\"Michele Mancino\" \/>\n<meta name=\"twitter:card\" content=\"summary_large_image\" \/>\n<meta name=\"twitter:creator\" content=\"@micmancio\" \/>\n<meta name=\"twitter:site\" content=\"@varesenews\" \/>\n<meta name=\"twitter:label1\" content=\"Scritto da\" \/>\n\t<meta name=\"twitter:data1\" content=\"Michele Mancino\" \/>\n\t<meta name=\"twitter:label2\" content=\"Tempo di lettura stimato\" \/>\n\t<meta name=\"twitter:data2\" content=\"1 minuto\" \/>\n<script type=\"application\/ld+json\" class=\"yoast-schema-graph\">{\"@context\":\"https:\/\/schema.org\",\"@graph\":[{\"@type\":\"WebPage\",\"@id\":\"https:\/\/staging.varesenews.it\/2022\/01\/gestire-un-team-virtuale-liberta-regole-ne-discute-eolo\/1417845\/\",\"url\":\"https:\/\/staging.varesenews.it\/2022\/01\/gestire-un-team-virtuale-liberta-regole-ne-discute-eolo\/1417845\/\",\"name\":\"Come gestire un team virtuale tra libert\u00e0 e regole, se ne discute in Eolo\",\"isPartOf\":{\"@id\":\"https:\/\/staging.varesenews.it\/#website\"},\"datePublished\":\"2022-01-12T09:32:16+00:00\",\"dateModified\":\"2022-01-12T09:32:16+00:00\",\"author\":{\"@id\":\"https:\/\/staging.varesenews.it\/#\/schema\/person\/308b491d3cb680ead199e5ff6c6ce540\"},\"description\":\"Presentazione del libro \\\"Virtual team\\\" dei docenti Andrea Martone e Massimo Ramponi della Liuc business school. L'incontro si terr\u00e0 mercoled\u00ec 19 gennaio nella sede di Busto Arsizio\",\"breadcrumb\":{\"@id\":\"https:\/\/staging.varesenews.it\/2022\/01\/gestire-un-team-virtuale-liberta-regole-ne-discute-eolo\/1417845\/#breadcrumb\"},\"inLanguage\":\"it-IT\",\"potentialAction\":[{\"@type\":\"ReadAction\",\"target\":[\"https:\/\/staging.varesenews.it\/2022\/01\/gestire-un-team-virtuale-liberta-regole-ne-discute-eolo\/1417845\/\"]}]},{\"@type\":\"BreadcrumbList\",\"@id\":\"https:\/\/staging.varesenews.it\/2022\/01\/gestire-un-team-virtuale-liberta-regole-ne-discute-eolo\/1417845\/#breadcrumb\",\"itemListElement\":[{\"@type\":\"ListItem\",\"position\":1,\"name\":\"Home\",\"item\":\"https:\/\/www.varesenews.it\/\"},{\"@type\":\"ListItem\",\"position\":2,\"name\":\"Come gestire un team virtuale tra libert\u00e0 e regole, se ne discute in Eolo\"}]},{\"@type\":\"WebSite\",\"@id\":\"https:\/\/staging.varesenews.it\/#website\",\"url\":\"https:\/\/staging.varesenews.it\/\",\"name\":\"VareseNews\",\"description\":\"\",\"potentialAction\":[{\"@type\":\"SearchAction\",\"target\":{\"@type\":\"EntryPoint\",\"urlTemplate\":\"https:\/\/staging.varesenews.it\/?s={search_term_string}\"},\"query-input\":\"required name=search_term_string\"}],\"inLanguage\":\"it-IT\"},{\"@type\":\"Person\",\"@id\":\"https:\/\/staging.varesenews.it\/#\/schema\/person\/308b491d3cb680ead199e5ff6c6ce540\",\"name\":\"Michele Mancino\",\"image\":{\"@type\":\"ImageObject\",\"inLanguage\":\"it-IT\",\"@id\":\"https:\/\/staging.varesenews.it\/#\/schema\/person\/image\/\",\"url\":\"https:\/\/staging.varesenews.it\/wp-content\/uploads\/2020\/12\/michele_mancino_colori_500.jpg\",\"contentUrl\":\"https:\/\/staging.varesenews.it\/wp-content\/uploads\/2020\/12\/michele_mancino_colori_500.jpg\",\"caption\":\"Michele Mancino\"},\"description\":\"Sono a VareseNews da prima che nascesse. Ho inserito le prime notizie in una stringa di codice html, la lingua di internet. Aprivo i computer, cambiavo schede di rete e portavo i server dal provider. A met&agrave; degli anni &rsquo;90 il giornalista online doveva saper fare anche questo. Ho vissuto gli anni drammatici della bolla speculativa di Internet e quelli entusiastici della crescita, anni in cui VareseNews era un Davide in mezzo a tanti Golia. Poi sono arrivati i social, le nuove piattaforme e soprattutto gli smartphone, una postazione di lavoro racchiusa in una mano. Una nuova rivoluzione. Insomma, &egrave; stata, ed &egrave; ancora, un&rsquo;avventura entusiasmante perch&eacute; mi insegna giorno dopo giorno che il cambiamento &egrave; l&rsquo;unica certezza di questa fragile esistenza.\",\"sameAs\":[\"https:\/\/www.facebook.com\/michele.mancino.5\",\"micmancio\",\"Aggiorna le impostazioni del tuo profilo pubblicoit.linkedin.com\/pub\/michele-mancino\/28\/b71\/890\/it\",\"https:\/\/twitter.com\/micmancio\"],\"url\":\"https:\/\/staging.varesenews.it\/persona\/michele_mancino\/\"}]}<\/script>\n<!-- \/ Yoast SEO plugin. -->","yoast_head_json":{"title":"Come gestire un team virtuale tra libert\u00e0 e regole, se ne discute in Eolo","description":"Presentazione del libro \"Virtual team\" dei docenti Andrea Martone e Massimo Ramponi della Liuc business school. L'incontro si terr\u00e0 mercoled\u00ec 19 gennaio nella sede di Busto Arsizio","robots":{"index":"noindex","follow":"follow","max-snippet":"max-snippet:-1","max-image-preview":"max-image-preview:large","max-video-preview":"max-video-preview:-1"},"og_locale":"it_IT","og_type":"article","og_title":"Come gestire un team virtuale tra libert\u00e0 e regole, se ne discute in Eolo","og_description":"Presentazione del libro \"Virtual team\" dei docenti Andrea Martone e Massimo Ramponi della Liuc business school. L'incontro si terr\u00e0 mercoled\u00ec 19 gennaio nella sede di Busto Arsizio","og_url":"https:\/\/staging.varesenews.it\/2022\/01\/gestire-un-team-virtuale-liberta-regole-ne-discute-eolo\/1417845\/","og_site_name":"VareseNews","article_publisher":"https:\/\/www.facebook.com\/varesenews","article_author":"https:\/\/www.facebook.com\/michele.mancino.5","article_published_time":"2022-01-12T09:32:16+00:00","author":"Michele Mancino","twitter_card":"summary_large_image","twitter_creator":"@micmancio","twitter_site":"@varesenews","twitter_misc":{"Scritto da":"Michele Mancino","Tempo di lettura stimato":"1 minuto"},"schema":{"@context":"https:\/\/schema.org","@graph":[{"@type":"WebPage","@id":"https:\/\/staging.varesenews.it\/2022\/01\/gestire-un-team-virtuale-liberta-regole-ne-discute-eolo\/1417845\/","url":"https:\/\/staging.varesenews.it\/2022\/01\/gestire-un-team-virtuale-liberta-regole-ne-discute-eolo\/1417845\/","name":"Come gestire un team virtuale tra libert\u00e0 e regole, se ne discute in Eolo","isPartOf":{"@id":"https:\/\/staging.varesenews.it\/#website"},"datePublished":"2022-01-12T09:32:16+00:00","dateModified":"2022-01-12T09:32:16+00:00","author":{"@id":"https:\/\/staging.varesenews.it\/#\/schema\/person\/308b491d3cb680ead199e5ff6c6ce540"},"description":"Presentazione del libro \"Virtual team\" dei docenti Andrea Martone e Massimo Ramponi della Liuc business school. L'incontro si terr\u00e0 mercoled\u00ec 19 gennaio nella sede di Busto Arsizio","breadcrumb":{"@id":"https:\/\/staging.varesenews.it\/2022\/01\/gestire-un-team-virtuale-liberta-regole-ne-discute-eolo\/1417845\/#breadcrumb"},"inLanguage":"it-IT","potentialAction":[{"@type":"ReadAction","target":["https:\/\/staging.varesenews.it\/2022\/01\/gestire-un-team-virtuale-liberta-regole-ne-discute-eolo\/1417845\/"]}]},{"@type":"BreadcrumbList","@id":"https:\/\/staging.varesenews.it\/2022\/01\/gestire-un-team-virtuale-liberta-regole-ne-discute-eolo\/1417845\/#breadcrumb","itemListElement":[{"@type":"ListItem","position":1,"name":"Home","item":"https:\/\/www.varesenews.it\/"},{"@type":"ListItem","position":2,"name":"Come gestire un team virtuale tra libert\u00e0 e regole, se ne discute in Eolo"}]},{"@type":"WebSite","@id":"https:\/\/staging.varesenews.it\/#website","url":"https:\/\/staging.varesenews.it\/","name":"VareseNews","description":"","potentialAction":[{"@type":"SearchAction","target":{"@type":"EntryPoint","urlTemplate":"https:\/\/staging.varesenews.it\/?s={search_term_string}"},"query-input":"required name=search_term_string"}],"inLanguage":"it-IT"},{"@type":"Person","@id":"https:\/\/staging.varesenews.it\/#\/schema\/person\/308b491d3cb680ead199e5ff6c6ce540","name":"Michele Mancino","image":{"@type":"ImageObject","inLanguage":"it-IT","@id":"https:\/\/staging.varesenews.it\/#\/schema\/person\/image\/","url":"https:\/\/staging.varesenews.it\/wp-content\/uploads\/2020\/12\/michele_mancino_colori_500.jpg","contentUrl":"https:\/\/staging.varesenews.it\/wp-content\/uploads\/2020\/12\/michele_mancino_colori_500.jpg","caption":"Michele Mancino"},"description":"Sono a VareseNews da prima che nascesse. Ho inserito le prime notizie in una stringa di codice html, la lingua di internet. Aprivo i computer, cambiavo schede di rete e portavo i server dal provider. A met&agrave; degli anni &rsquo;90 il giornalista online doveva saper fare anche questo. Ho vissuto gli anni drammatici della bolla speculativa di Internet e quelli entusiastici della crescita, anni in cui VareseNews era un Davide in mezzo a tanti Golia. Poi sono arrivati i social, le nuove piattaforme e soprattutto gli smartphone, una postazione di lavoro racchiusa in una mano. Una nuova rivoluzione. Insomma, &egrave; stata, ed &egrave; ancora, un&rsquo;avventura entusiasmante perch&eacute; mi insegna giorno dopo giorno che il cambiamento &egrave; l&rsquo;unica certezza di questa fragile esistenza.","sameAs":["https:\/\/www.facebook.com\/michele.mancino.5","micmancio","Aggiorna le impostazioni del tuo profilo pubblicoit.linkedin.com\/pub\/michele-mancino\/28\/b71\/890\/it","https:\/\/twitter.com\/micmancio"],"url":"https:\/\/staging.varesenews.it\/persona\/michele_mancino\/"}]}},"post_meta":{"_edit_lock":"1641980047:45","_edit_last":"45","_category_permalink":"a:1:{s:8:\"category\";s:2:\"17\";}","_encloseme":"1","ratings_users":"0","ratings_score":"0","ratings_average":"0","foto":"1222632","firma_come_redazione":"1","argomento":"Busto Arsizio","_yoast_wpseo_focuskw_text_input":"smart working","_yoast_wpseo_focuskw":"smart working","_yoast_wpseo_linkdex":"40","_yoast_wpseo_content_score":"30","_jd_tweet_this":"yes","_wpt_short_url":"https:\/\/www.varesenews.it\/2022\/01\/gestire-un-team-virtuale-liberta-regole-ne-discute-eolo\/1417845\/","_wp_jd_target":"https:\/\/www.varesenews.it\/2022\/01\/gestire-un-team-virtuale-liberta-regole-ne-discute-eolo\/1417845\/","_jd_wp_twitter":"a:1:{i:0;s:185:\"Come gestire un team virtuale tra libert\u00e0 e regole, se ne discute in Eolo https:\/\/www.varesenews.it\/2022\/01\/gestire-un-team-virtuale-liberta-regole-ne-discute-eolo\/1417845\/ #eolo #Liuc\";}","_wpt_status_message":"Tweet inviato con successo.","_oembed_c8aa14cdddbbe5058fa6ca2f8dbc41a1":"<blockquote class=\"wp-embedded-content\" data-secret=\"GzcQzvDdS5\"><a href=\"https:\/\/www.varesenews.it\/2021\/10\/grazia-la-miss-nonna-busto-arsizio-incoronata-la-sua-dolcezza\/1393636\/\">Grazia, la &#8220;miss nonna&#8221; di Busto Arsizio incoronata per la sua dolcezza<\/a><\/blockquote><iframe class=\"wp-embedded-content\" sandbox=\"allow-scripts\" security=\"restricted\" style=\"position: absolute; clip: rect(1px, 1px, 1px, 1px);\" src=\"https:\/\/www.varesenews.it\/2021\/10\/grazia-la-miss-nonna-busto-arsizio-incoronata-la-sua-dolcezza\/1393636\/embed\/#?secret=GzcQzvDdS5\" data-secret=\"GzcQzvDdS5\" width=\"500\" height=\"282\" title=\"&#8220;Grazia, la &#8220;miss nonna&#8221; di Busto Arsizio incoronata per la sua dolcezza&#8221; &#8212; VareseNews\" frameborder=\"0\" marginwidth=\"0\" marginheight=\"0\" scrolling=\"no\"><\/iframe>","_oembed_time_c8aa14cdddbbe5058fa6ca2f8dbc41a1":"1641980000","_oembed_3395f172a4885a4c54c94ec3f32b2522":"<blockquote class=\"wp-embedded-content\" data-secret=\"J3BH4nb1g0\"><a href=\"https:\/\/www.legnanonews.com\/aree-geografiche\/legnano\/2021\/01\/05\/il-giorno-e-la-storia-5-gennaio-1944-la-deportazione-dei-lavoratori-della-franco-tosi\/965013\/\">Il giorno e la storia &#8211; 5 gennaio 1944, la deportazione dei lavoratori della Franco Tosi<\/a><\/blockquote><iframe class=\"wp-embedded-content\" sandbox=\"allow-scripts\" security=\"restricted\" style=\"position: absolute; clip: rect(1px, 1px, 1px, 1px);\" src=\"https:\/\/www.legnanonews.com\/aree-geografiche\/legnano\/2021\/01\/05\/il-giorno-e-la-storia-5-gennaio-1944-la-deportazione-dei-lavoratori-della-franco-tosi\/965013\/embed\/#?secret=J3BH4nb1g0\" data-secret=\"J3BH4nb1g0\" width=\"500\" height=\"282\" title=\"&#8220;Il giorno e la storia &#8211; 5 gennaio 1944, la deportazione dei lavoratori della Franco Tosi&#8221; &#8212; LegnanoNews\" frameborder=\"0\" marginwidth=\"0\" marginheight=\"0\" scrolling=\"no\"><\/iframe>","_oembed_time_3395f172a4885a4c54c94ec3f32b2522":"1641980003","_oembed_9295ea66a502e271e6ca31245900a035":"<blockquote class=\"wp-embedded-content\" data-secret=\"tQUwRaaBq5\"><a href=\"https:\/\/www.varesenews.it\/2022\/01\/martedi-busto-laddio-francesca-pirali-morta-un-incidente-valcamonica\/1417016\/\">Marted\u00ec a Busto l&#8217;addio a Francesca Pirali, morta per un incidente in Valcamonica<\/a><\/blockquote><iframe class=\"wp-embedded-content\" sandbox=\"allow-scripts\" security=\"restricted\" style=\"position: absolute; clip: rect(1px, 1px, 1px, 1px);\" src=\"https:\/\/www.varesenews.it\/2022\/01\/martedi-busto-laddio-francesca-pirali-morta-un-incidente-valcamonica\/1417016\/embed\/#?secret=tQUwRaaBq5\" data-secret=\"tQUwRaaBq5\" width=\"500\" height=\"282\" title=\"&#8220;Marted\u00ec a Busto l&#8217;addio a Francesca Pirali, morta per un incidente in Valcamonica&#8221; &#8212; VareseNews\" frameborder=\"0\" marginwidth=\"0\" marginheight=\"0\" scrolling=\"no\"><\/iframe>","_oembed_time_9295ea66a502e271e6ca31245900a035":"1641980003","_oembed_72026fa1b42b00b82152472312f58892":"<iframe width=\"500\" height=\"281\" src=\"https:\/\/www.youtube.com\/embed\/a4ND6lNNUsM?feature=oembed\" frameborder=\"0\" allow=\"accelerometer; autoplay; clipboard-write; encrypted-media; gyroscope; picture-in-picture\" allowfullscreen><\/iframe>","_oembed_time_72026fa1b42b00b82152472312f58892":"1641980338","_oembed_194990148f069a73d5666aef8f8f3efe":"<blockquote class=\"wp-embedded-content\" data-secret=\"zZ1Bm2CLaW\"><a href=\"https:\/\/www.varesenews.it\/2022\/01\/tredici-rinviati-giudizio-loperazione-vista-lago-lavena-ponte-tresa\/1417651\/\">Tredici rinviati a giudizio per l\u2019operazione \u201cVista lago\u201c a Lavena Ponte Tresa<\/a><\/blockquote><iframe class=\"wp-embedded-content\" sandbox=\"allow-scripts\" security=\"restricted\" style=\"position: absolute; clip: rect(1px, 1px, 1px, 1px);\" src=\"https:\/\/www.varesenews.it\/2022\/01\/tredici-rinviati-giudizio-loperazione-vista-lago-lavena-ponte-tresa\/1417651\/embed\/#?secret=zZ1Bm2CLaW\" data-secret=\"zZ1Bm2CLaW\" width=\"500\" height=\"282\" title=\"&#8220;Tredici rinviati a giudizio per l\u2019operazione \u201cVista lago\u201c a Lavena Ponte Tresa&#8221; &#8212; VareseNews\" frameborder=\"0\" marginwidth=\"0\" marginheight=\"0\" scrolling=\"no\"><\/iframe>","_oembed_time_194990148f069a73d5666aef8f8f3efe":"1641980338","_oembed_6bb10879f34b36571d99da0bc683eba4":"<blockquote class=\"wp-embedded-content\" data-secret=\"rJoY5URFf4\"><a href=\"https:\/\/www.varesenews.it\/2017\/08\/spm-brissago-valtravaglia\/644327\/\">SPM, l&#8217;azienda si fa in tre e la passione diventa business<\/a><\/blockquote><iframe class=\"wp-embedded-content\" sandbox=\"allow-scripts\" security=\"restricted\" style=\"position: absolute; clip: rect(1px, 1px, 1px, 1px);\" src=\"https:\/\/www.varesenews.it\/2017\/08\/spm-brissago-valtravaglia\/644327\/embed\/#?secret=rJoY5URFf4\" data-secret=\"rJoY5URFf4\" width=\"500\" height=\"282\" title=\"&#8220;SPM, l&#8217;azienda si fa in tre e la passione diventa business&#8221; &#8212; VareseNews\" frameborder=\"0\" marginwidth=\"0\" marginheight=\"0\" scrolling=\"no\"><\/iframe>","_oembed_time_6bb10879f34b36571d99da0bc683eba4":"1641980338"},"photos":[{"original":"https:\/\/staging.varesenews.it\/photogallery_new\/images\/2021\/05\/vario-1222632.jpg","full":"https:\/\/staging.varesenews.it\/photogallery_new\/images\/2021\/05\/vario-1222632.1024x768.jpg","large":"https:\/\/staging.varesenews.it\/photogallery_new\/images\/2021\/05\/vario-1222632.610x431.jpg"}],"_links":{"self":[{"href":"https:\/\/staging.varesenews.it\/swgapi\/v1\/wp\/v2\/posts\/1417845"}],"collection":[{"href":"https:\/\/staging.varesenews.it\/swgapi\/v1\/wp\/v2\/posts"}],"about":[{"href":"https:\/\/staging.varesenews.it\/swgapi\/v1\/wp\/v2\/types\/post"}],"author":[{"embeddable":true,"href":"https:\/\/staging.varesenews.it\/swgapi\/v1\/wp\/v2\/users\/45"}],"replies":[{"embeddable":true,"href":"https:\/\/staging.varesenews.it\/swgapi\/v1\/wp\/v2\/comments?post=1417845"}],"version-history":[{"count":0,"href":"https:\/\/staging.varesenews.it\/swgapi\/v1\/wp\/v2\/posts\/1417845\/revisions"}],"wp:attachment":[{"href":"https:\/\/staging.varesenews.it\/swgapi\/v1\/wp\/v2\/media?parent=1417845"}],"wp:term":[{"taxonomy":"category","embeddable":true,"href":"https:\/\/staging.varesenews.it\/swgapi\/v1\/wp\/v2\/categories?post=1417845"},{"taxonomy":"post_tag","embeddable":true,"href":"https:\/\/staging.varesenews.it\/swgapi\/v1\/wp\/v2\/tags?post=1417845"}],"curies":[{"name":"wp","href":"https:\/\/api.w.org\/{rel}","templated":true}]}}