{"id":1417941,"date":"2022-01-12T13:53:35","date_gmt":"2022-01-12T12:53:35","guid":{"rendered":"https:\/\/www.varesenews.it\/?p=1417941"},"modified":"2022-01-12T13:53:35","modified_gmt":"2022-01-12T12:53:35","slug":"sindaco-gallarate-positivo-al-coronavirus","status":"publish","type":"post","link":"https:\/\/staging.varesenews.it\/2022\/01\/sindaco-gallarate-positivo-al-coronavirus\/1417941\/","title":{"rendered":"Il sindaco di Gallarate positivo al Coronavirus"},"content":{"rendered":"<p>\u00abOggi purtroppo sono risultato positivo a un tampone e quindi anche per me, come per tanti altri amici e concittadini, inizia un periodo di quarantena.\u00a0<strong>Fortunatamente sto bene e non ho grossi sintomi<\/strong>\u00bb.<\/p>\n<p>A comunicarlo sulla sua pagina Facebook \u00e8 il sindaco di <strong>Gallarate<\/strong>, <strong>Andrea Cassani<\/strong>, che \u00e8 risultato positivo al Covid-19 oggi, mercoled\u00ec <strong>12 gennaio<\/strong>.<\/p>\n<p>\u00abSperavo di superare indenne anche questa ondata e invece Omicron ha colpito\u00bb, conclude.<\/p>\n<p>Settimana scorsa anche il sindaco di Varese, <strong>Davide Galimberti<\/strong>,<a href=\"https:\/\/www.varesenews.it\/2022\/01\/sindaco-varese-galimberti-quarantena-positivo-un-tampone-eseguito-frattura-alla-spalla\/1416216\/\"> \u00e8 risultato\u00a0positivo<\/a> dopo un tampone eseguito per una frattura alla spalla.<\/p>\n","protected":false},"excerpt":{"rendered":"<p>Il sindaco Andrea Cassani \u00e8 risultato positivo al Coronavirus, fortunatamente sta bene e non presenta sintomi<\/p>\n","protected":false},"author":15866,"featured_media":0,"comment_status":"open","ping_status":"open","sticky":false,"template":"","format":"standard","meta":{"footnotes":""},"categories":[3],"tags":[103242],"acf":[],"yoast_head":"<!-- This site is optimized with the Yoast SEO plugin v20.1 - https:\/\/yoast.com\/wordpress\/plugins\/seo\/ -->\n<title>Il sindaco di Gallarate positivo al Coronavirus<\/title>\n<meta name=\"description\" content=\"Il sindaco Andrea Cassani \u00e8 risultato positivo al Coronavirus, fortunatamente sta bene e non presenta sintomi\" \/>\n<meta name=\"robots\" content=\"noindex, follow, max-snippet:-1, max-image-preview:large, max-video-preview:-1\" \/>\n<meta property=\"og:locale\" content=\"it_IT\" \/>\n<meta property=\"og:type\" content=\"article\" \/>\n<meta property=\"og:title\" content=\"Il sindaco di Gallarate positivo al Coronavirus\" \/>\n<meta property=\"og:description\" content=\"Il sindaco Andrea Cassani \u00e8 risultato positivo al Coronavirus, fortunatamente sta bene e non presenta sintomi\" \/>\n<meta property=\"og:url\" content=\"https:\/\/staging.varesenews.it\/2022\/01\/sindaco-gallarate-positivo-al-coronavirus\/1417941\/\" \/>\n<meta property=\"og:site_name\" content=\"VareseNews\" \/>\n<meta property=\"article:publisher\" content=\"https:\/\/www.facebook.com\/varesenews\" \/>\n<meta property=\"article:published_time\" content=\"2022-01-12T12:53:35+00:00\" \/>\n<meta name=\"author\" content=\"Nicole Erbetti\" \/>\n<meta name=\"twitter:card\" content=\"summary_large_image\" \/>\n<meta name=\"twitter:creator\" content=\"@varesenews\" \/>\n<meta name=\"twitter:site\" content=\"@varesenews\" \/>\n<meta name=\"twitter:label1\" content=\"Scritto da\" \/>\n\t<meta name=\"twitter:data1\" content=\"Nicole Erbetti\" \/>\n<script type=\"application\/ld+json\" class=\"yoast-schema-graph\">{\"@context\":\"https:\/\/schema.org\",\"@graph\":[{\"@type\":\"WebPage\",\"@id\":\"https:\/\/staging.varesenews.it\/2022\/01\/sindaco-gallarate-positivo-al-coronavirus\/1417941\/\",\"url\":\"https:\/\/staging.varesenews.it\/2022\/01\/sindaco-gallarate-positivo-al-coronavirus\/1417941\/\",\"name\":\"Il sindaco di Gallarate positivo al Coronavirus\",\"isPartOf\":{\"@id\":\"https:\/\/staging.varesenews.it\/#website\"},\"datePublished\":\"2022-01-12T12:53:35+00:00\",\"dateModified\":\"2022-01-12T12:53:35+00:00\",\"author\":{\"@id\":\"https:\/\/staging.varesenews.it\/#\/schema\/person\/8b180378471627e56865b54b75644650\"},\"description\":\"Il sindaco Andrea Cassani \u00e8 risultato positivo al Coronavirus, fortunatamente sta bene e non presenta sintomi\",\"breadcrumb\":{\"@id\":\"https:\/\/staging.varesenews.it\/2022\/01\/sindaco-gallarate-positivo-al-coronavirus\/1417941\/#breadcrumb\"},\"inLanguage\":\"it-IT\",\"potentialAction\":[{\"@type\":\"ReadAction\",\"target\":[\"https:\/\/staging.varesenews.it\/2022\/01\/sindaco-gallarate-positivo-al-coronavirus\/1417941\/\"]}]},{\"@type\":\"BreadcrumbList\",\"@id\":\"https:\/\/staging.varesenews.it\/2022\/01\/sindaco-gallarate-positivo-al-coronavirus\/1417941\/#breadcrumb\",\"itemListElement\":[{\"@type\":\"ListItem\",\"position\":1,\"name\":\"Home\",\"item\":\"https:\/\/www.varesenews.it\/\"},{\"@type\":\"ListItem\",\"position\":2,\"name\":\"Il sindaco di Gallarate positivo al Coronavirus\"}]},{\"@type\":\"WebSite\",\"@id\":\"https:\/\/staging.varesenews.it\/#website\",\"url\":\"https:\/\/staging.varesenews.it\/\",\"name\":\"VareseNews\",\"description\":\"\",\"potentialAction\":[{\"@type\":\"SearchAction\",\"target\":{\"@type\":\"EntryPoint\",\"urlTemplate\":\"https:\/\/staging.varesenews.it\/?s={search_term_string}\"},\"query-input\":\"required name=search_term_string\"}],\"inLanguage\":\"it-IT\"},{\"@type\":\"Person\",\"@id\":\"https:\/\/staging.varesenews.it\/#\/schema\/person\/8b180378471627e56865b54b75644650\",\"name\":\"Nicole Erbetti\",\"image\":{\"@type\":\"ImageObject\",\"inLanguage\":\"it-IT\",\"@id\":\"https:\/\/staging.varesenews.it\/#\/schema\/person\/image\/\",\"url\":\"https:\/\/staging.varesenews.it\/wp-content\/uploads\/2020\/12\/nicole_erbetti_colori_500.jpg\",\"contentUrl\":\"https:\/\/staging.varesenews.it\/wp-content\/uploads\/2020\/12\/nicole_erbetti_colori_500.jpg\",\"caption\":\"Nicole Erbetti\"},\"description\":\"Classe 1995 e una laurea in Lettere. \u201cNata\u201d a VareseNews nel 2019 e co-responsabile di MalpensaNews. Mi occupo di cronaca politica e di storie in quella biosfera a met\u00e0 tra la vecchia anima provinciale e la Milano metropolitana che \u00e8 il gallaratese: insomma, \u00e8 un po\u2019 in bilico come me. Quando non scrivo leggo, recito, contemplo il Lago Maggiore o scappo in un paesaggio alpino.\u00a0\",\"url\":\"https:\/\/staging.varesenews.it\/persona\/nicole-erbetti\/\"}]}<\/script>\n<!-- \/ Yoast SEO plugin. -->","yoast_head_json":{"title":"Il sindaco di Gallarate positivo al Coronavirus","description":"Il sindaco Andrea Cassani \u00e8 risultato positivo al Coronavirus, fortunatamente sta bene e non presenta sintomi","robots":{"index":"noindex","follow":"follow","max-snippet":"max-snippet:-1","max-image-preview":"max-image-preview:large","max-video-preview":"max-video-preview:-1"},"og_locale":"it_IT","og_type":"article","og_title":"Il sindaco di Gallarate positivo al Coronavirus","og_description":"Il sindaco Andrea Cassani \u00e8 risultato positivo al Coronavirus, fortunatamente sta bene e non presenta sintomi","og_url":"https:\/\/staging.varesenews.it\/2022\/01\/sindaco-gallarate-positivo-al-coronavirus\/1417941\/","og_site_name":"VareseNews","article_publisher":"https:\/\/www.facebook.com\/varesenews","article_published_time":"2022-01-12T12:53:35+00:00","author":"Nicole Erbetti","twitter_card":"summary_large_image","twitter_creator":"@varesenews","twitter_site":"@varesenews","twitter_misc":{"Scritto da":"Nicole Erbetti"},"schema":{"@context":"https:\/\/schema.org","@graph":[{"@type":"WebPage","@id":"https:\/\/staging.varesenews.it\/2022\/01\/sindaco-gallarate-positivo-al-coronavirus\/1417941\/","url":"https:\/\/staging.varesenews.it\/2022\/01\/sindaco-gallarate-positivo-al-coronavirus\/1417941\/","name":"Il sindaco di Gallarate positivo al Coronavirus","isPartOf":{"@id":"https:\/\/staging.varesenews.it\/#website"},"datePublished":"2022-01-12T12:53:35+00:00","dateModified":"2022-01-12T12:53:35+00:00","author":{"@id":"https:\/\/staging.varesenews.it\/#\/schema\/person\/8b180378471627e56865b54b75644650"},"description":"Il sindaco Andrea Cassani \u00e8 risultato positivo al Coronavirus, fortunatamente sta bene e non presenta sintomi","breadcrumb":{"@id":"https:\/\/staging.varesenews.it\/2022\/01\/sindaco-gallarate-positivo-al-coronavirus\/1417941\/#breadcrumb"},"inLanguage":"it-IT","potentialAction":[{"@type":"ReadAction","target":["https:\/\/staging.varesenews.it\/2022\/01\/sindaco-gallarate-positivo-al-coronavirus\/1417941\/"]}]},{"@type":"BreadcrumbList","@id":"https:\/\/staging.varesenews.it\/2022\/01\/sindaco-gallarate-positivo-al-coronavirus\/1417941\/#breadcrumb","itemListElement":[{"@type":"ListItem","position":1,"name":"Home","item":"https:\/\/www.varesenews.it\/"},{"@type":"ListItem","position":2,"name":"Il sindaco di Gallarate positivo al Coronavirus"}]},{"@type":"WebSite","@id":"https:\/\/staging.varesenews.it\/#website","url":"https:\/\/staging.varesenews.it\/","name":"VareseNews","description":"","potentialAction":[{"@type":"SearchAction","target":{"@type":"EntryPoint","urlTemplate":"https:\/\/staging.varesenews.it\/?s={search_term_string}"},"query-input":"required name=search_term_string"}],"inLanguage":"it-IT"},{"@type":"Person","@id":"https:\/\/staging.varesenews.it\/#\/schema\/person\/8b180378471627e56865b54b75644650","name":"Nicole Erbetti","image":{"@type":"ImageObject","inLanguage":"it-IT","@id":"https:\/\/staging.varesenews.it\/#\/schema\/person\/image\/","url":"https:\/\/staging.varesenews.it\/wp-content\/uploads\/2020\/12\/nicole_erbetti_colori_500.jpg","contentUrl":"https:\/\/staging.varesenews.it\/wp-content\/uploads\/2020\/12\/nicole_erbetti_colori_500.jpg","caption":"Nicole Erbetti"},"description":"Classe 1995 e una laurea in Lettere. \u201cNata\u201d a VareseNews nel 2019 e co-responsabile di MalpensaNews. Mi occupo di cronaca politica e di storie in quella biosfera a met\u00e0 tra la vecchia anima provinciale e la Milano metropolitana che \u00e8 il gallaratese: insomma, \u00e8 un po\u2019 in bilico come me. Quando non scrivo leggo, recito, contemplo il Lago Maggiore o scappo in un paesaggio alpino.\u00a0","url":"https:\/\/staging.varesenews.it\/persona\/nicole-erbetti\/"}]}},"post_meta":{"_edit_lock":"1641992396:15866","_edit_last":"15866","_category_permalink":"a:1:{s:8:\"category\";s:0:\"\";}","foto":"1221929","firma_come_redazione":"1","argomento":"Gallarate","_yoast_wpseo_content_score":"30","_jd_tweet_this":"yes","_encloseme":"1","ratings_users":"0","ratings_score":"0","ratings_average":"0","_yoast_wpseo_focuskw_text_input":"Gallarate","_yoast_wpseo_focuskw":"Gallarate","_yoast_wpseo_linkdex":"39","_wpt_short_url":"https:\/\/www.varesenews.it\/2022\/01\/sindaco-gallarate-positivo-al-coronavirus\/1417941\/","_wp_jd_target":"https:\/\/www.varesenews.it\/2022\/01\/sindaco-gallarate-positivo-al-coronavirus\/1417941\/","_jd_wp_twitter":"a:1:{i:0;s:145:\"Il sindaco di Gallarate positivo al Coronavirus https:\/\/www.varesenews.it\/2022\/01\/sindaco-gallarate-positivo-al-coronavirus\/1417941\/ #coronavirus\";}","_wpt_status_message":"Tweet inviato con successo.","_oembed_c8aa14cdddbbe5058fa6ca2f8dbc41a1":"<blockquote class=\"wp-embedded-content\" data-secret=\"QmbyMoo8TM\"><a href=\"https:\/\/www.varesenews.it\/2021\/10\/grazia-la-miss-nonna-busto-arsizio-incoronata-la-sua-dolcezza\/1393636\/\">Grazia, la &#8220;miss nonna&#8221; di Busto Arsizio incoronata per la sua dolcezza<\/a><\/blockquote><iframe class=\"wp-embedded-content\" sandbox=\"allow-scripts\" security=\"restricted\" style=\"position: absolute; clip: rect(1px, 1px, 1px, 1px);\" src=\"https:\/\/www.varesenews.it\/2021\/10\/grazia-la-miss-nonna-busto-arsizio-incoronata-la-sua-dolcezza\/1393636\/embed\/#?secret=QmbyMoo8TM\" data-secret=\"QmbyMoo8TM\" width=\"500\" height=\"282\" title=\"&#8220;Grazia, la &#8220;miss nonna&#8221; di Busto Arsizio incoronata per la sua dolcezza&#8221; &#8212; VareseNews\" frameborder=\"0\" marginwidth=\"0\" marginheight=\"0\" scrolling=\"no\"><\/iframe>","_oembed_time_c8aa14cdddbbe5058fa6ca2f8dbc41a1":"1641992075","_oembed_3395f172a4885a4c54c94ec3f32b2522":"<blockquote class=\"wp-embedded-content\" data-secret=\"3pTqAZueDb\"><a href=\"https:\/\/www.legnanonews.com\/aree-geografiche\/legnano\/2021\/01\/05\/il-giorno-e-la-storia-5-gennaio-1944-la-deportazione-dei-lavoratori-della-franco-tosi\/965013\/\">Il giorno e la storia &#8211; 5 gennaio 1944, la deportazione dei lavoratori della Franco Tosi<\/a><\/blockquote><iframe class=\"wp-embedded-content\" sandbox=\"allow-scripts\" security=\"restricted\" style=\"position: absolute; clip: rect(1px, 1px, 1px, 1px);\" src=\"https:\/\/www.legnanonews.com\/aree-geografiche\/legnano\/2021\/01\/05\/il-giorno-e-la-storia-5-gennaio-1944-la-deportazione-dei-lavoratori-della-franco-tosi\/965013\/embed\/#?secret=3pTqAZueDb\" data-secret=\"3pTqAZueDb\" width=\"500\" height=\"282\" title=\"&#8220;Il giorno e la storia &#8211; 5 gennaio 1944, la deportazione dei lavoratori della Franco Tosi&#8221; &#8212; LegnanoNews\" frameborder=\"0\" marginwidth=\"0\" marginheight=\"0\" scrolling=\"no\"><\/iframe>","_oembed_time_3395f172a4885a4c54c94ec3f32b2522":"1641992077","_oembed_9295ea66a502e271e6ca31245900a035":"<blockquote class=\"wp-embedded-content\" data-secret=\"0hSmJzKOeH\"><a href=\"https:\/\/www.varesenews.it\/2022\/01\/martedi-busto-laddio-francesca-pirali-morta-un-incidente-valcamonica\/1417016\/\">Marted\u00ec a Busto l&#8217;addio a Francesca Pirali, morta per un incidente in Valcamonica<\/a><\/blockquote><iframe class=\"wp-embedded-content\" sandbox=\"allow-scripts\" security=\"restricted\" style=\"position: absolute; clip: rect(1px, 1px, 1px, 1px);\" src=\"https:\/\/www.varesenews.it\/2022\/01\/martedi-busto-laddio-francesca-pirali-morta-un-incidente-valcamonica\/1417016\/embed\/#?secret=0hSmJzKOeH\" data-secret=\"0hSmJzKOeH\" width=\"500\" height=\"282\" title=\"&#8220;Marted\u00ec a Busto l&#8217;addio a Francesca Pirali, morta per un incidente in Valcamonica&#8221; &#8212; VareseNews\" frameborder=\"0\" marginwidth=\"0\" marginheight=\"0\" scrolling=\"no\"><\/iframe>","_oembed_time_9295ea66a502e271e6ca31245900a035":"1641992078","_oembed_85344d79c5db690e1c3d94e6799d73f1":"<blockquote class=\"wp-embedded-content\" data-secret=\"Q5KSwrrC4T\"><a href=\"https:\/\/www.saronnonews.it\/2022\/01\/10\/penalizzati-dal-pnrr-troppi-bocciati-al-nord-e-la-lega-e-in-agitazione\/\">&#8220;Penalizzati dal Pnrr&#8221;. Troppi bocciati al Nord e la Lega \u00e8 in agitazione<\/a><\/blockquote><iframe class=\"wp-embedded-content\" sandbox=\"allow-scripts\" security=\"restricted\" style=\"position: absolute; clip: rect(1px, 1px, 1px, 1px);\" src=\"https:\/\/www.saronnonews.it\/2022\/01\/10\/penalizzati-dal-pnrr-troppi-bocciati-al-nord-e-la-lega-e-in-agitazione\/embed\/#?secret=Q5KSwrrC4T\" data-secret=\"Q5KSwrrC4T\" width=\"500\" height=\"282\" title=\"&#8220;&#8220;Penalizzati dal Pnrr&#8221;. Troppi bocciati al Nord e la Lega \u00e8 in agitazione&#8221; &#8212; SaronnoNews\" frameborder=\"0\" marginwidth=\"0\" marginheight=\"0\" scrolling=\"no\"><\/iframe>","_oembed_time_85344d79c5db690e1c3d94e6799d73f1":"1641992209","_oembed_b80287eb43615f406febbec9c8157200":"<blockquote class=\"wp-embedded-content\" data-secret=\"t6UafIeBqe\"><a href=\"https:\/\/www.varesenews.it\/2021\/07\/via-al-restauro-della-lastra-tombale-del-cardinale-branda-castiglioni-ed-ricco-sorprese\/1358644\/\">Via al restauro della lastra tombale del cardinale Branda Castiglioni, ed \u00e8 ricco di sorprese<\/a><\/blockquote><iframe class=\"wp-embedded-content\" sandbox=\"allow-scripts\" security=\"restricted\" style=\"position: absolute; clip: rect(1px, 1px, 1px, 1px);\" src=\"https:\/\/www.varesenews.it\/2021\/07\/via-al-restauro-della-lastra-tombale-del-cardinale-branda-castiglioni-ed-ricco-sorprese\/1358644\/embed\/#?secret=t6UafIeBqe\" data-secret=\"t6UafIeBqe\" width=\"500\" height=\"282\" title=\"&#8220;Via al restauro della lastra tombale del cardinale Branda Castiglioni, ed \u00e8 ricco di sorprese&#8221; &#8212; VareseNews\" frameborder=\"0\" marginwidth=\"0\" marginheight=\"0\" scrolling=\"no\"><\/iframe>","_oembed_time_b80287eb43615f406febbec9c8157200":"1641992209","_oembed_0ac2eab65d7f601d9cd3152e3d98a4a3":"<blockquote class=\"wp-embedded-content\" data-secret=\"Y0r1sb1PUi\"><a href=\"https:\/\/www.varesenews.it\/2022\/01\/la-collegiata-castiglione-olona-600-anni-scrigno-fede-arte-bellezza\/1416122\/\">La Collegiata di Castiglione Olona, da 600 anni scrigno di fede, arte e bellezza<\/a><\/blockquote><iframe class=\"wp-embedded-content\" sandbox=\"allow-scripts\" security=\"restricted\" style=\"position: absolute; clip: rect(1px, 1px, 1px, 1px);\" src=\"https:\/\/www.varesenews.it\/2022\/01\/la-collegiata-castiglione-olona-600-anni-scrigno-fede-arte-bellezza\/1416122\/embed\/#?secret=Y0r1sb1PUi\" data-secret=\"Y0r1sb1PUi\" width=\"500\" height=\"282\" title=\"&#8220;La Collegiata di Castiglione Olona, da 600 anni scrigno di fede, arte e bellezza&#8221; &#8212; VareseNews\" frameborder=\"0\" marginwidth=\"0\" marginheight=\"0\" scrolling=\"no\"><\/iframe>","_oembed_time_0ac2eab65d7f601d9cd3152e3d98a4a3":"1641992209","_oembed_8b47d176428085a0c6f0b676257db3a0":"<blockquote class=\"wp-embedded-content\" data-secret=\"5iAsbuNCRG\"><a href=\"https:\/\/www.saronnonews.it\/2021\/12\/02\/viaggio-nellisotta-fraschini-di-saronno-da-fabbrica-abbandonata-al-sogno-della-citta-dei-beni-comuni\/\">Viaggio nell&#8217;Isotta Fraschini di Saronno, da fabbrica abbandonata al sogno della &#8220;citt\u00e0 dei beni comuni&#8221;<\/a><\/blockquote><iframe class=\"wp-embedded-content\" sandbox=\"allow-scripts\" security=\"restricted\" style=\"position: absolute; clip: rect(1px, 1px, 1px, 1px);\" src=\"https:\/\/www.saronnonews.it\/2021\/12\/02\/viaggio-nellisotta-fraschini-di-saronno-da-fabbrica-abbandonata-al-sogno-della-citta-dei-beni-comuni\/embed\/#?secret=5iAsbuNCRG\" data-secret=\"5iAsbuNCRG\" width=\"500\" height=\"282\" title=\"&#8220;Viaggio nell&#8217;Isotta Fraschini di Saronno, da fabbrica abbandonata al sogno della &#8220;citt\u00e0 dei beni comuni&#8221;&#8221; &#8212; SaronnoNews\" frameborder=\"0\" marginwidth=\"0\" marginheight=\"0\" scrolling=\"no\"><\/iframe>","_oembed_time_8b47d176428085a0c6f0b676257db3a0":"1641992210","_oembed_3d965ab86d4f0acc28758971fda65c9d":"<blockquote class=\"wp-embedded-content\" data-secret=\"BVEapo4wbb\"><a href=\"https:\/\/maltogradimento.it\/pallanza-sempione-varese-rinascono-le-birre-storiche-tra-lago-maggiore-e-canton-ticino\/\">\u201cPallanza\u201d, \u201cSempione\u201d, \u201cVarese\u201d: rinascono le birre storiche tra Lago Maggiore e Canton Ticino<\/a><\/blockquote><iframe class=\"wp-embedded-content\" sandbox=\"allow-scripts\" security=\"restricted\" style=\"position: absolute; clip: rect(1px, 1px, 1px, 1px);\" src=\"https:\/\/maltogradimento.it\/pallanza-sempione-varese-rinascono-le-birre-storiche-tra-lago-maggiore-e-canton-ticino\/embed\/#?secret=BVEapo4wbb\" data-secret=\"BVEapo4wbb\" width=\"500\" height=\"282\" title=\"&#8220;\u201cPallanza\u201d, \u201cSempione\u201d, \u201cVarese\u201d: rinascono le birre storiche tra Lago Maggiore e Canton Ticino&#8221; &#8212; Malto Gradimento\" frameborder=\"0\" marginwidth=\"0\" marginheight=\"0\" scrolling=\"no\"><\/iframe>","_oembed_time_3d965ab86d4f0acc28758971fda65c9d":"1641992211","_oembed_87eda8a56f97af9bfc12905bac6bacf8":"<iframe width=\"500\" height=\"281\" src=\"https:\/\/www.youtube.com\/embed\/ZPOTTd2Mduc?feature=oembed\" frameborder=\"0\" allow=\"accelerometer; autoplay; clipboard-write; encrypted-media; gyroscope; picture-in-picture\" allowfullscreen><\/iframe>","_oembed_time_87eda8a56f97af9bfc12905bac6bacf8":"1641992211","_oembed_65c2b2f5ede3d24d4e4c2adc5605951a":"<blockquote class=\"wp-embedded-content\" data-secret=\"MNshJ2bhNb\"><a href=\"https:\/\/www.saronnonews.it\/2022\/01\/06\/recuperato-il-corpo-di-alessandro-bisi-lalpinista-di-saronno-deceduto-in-valsassina\/\">Recuperato il corpo di Alessandro Bisi, l&#8217;alpinista di Saronno deceduto in Valsassina<\/a><\/blockquote><iframe class=\"wp-embedded-content\" sandbox=\"allow-scripts\" security=\"restricted\" style=\"position: absolute; clip: rect(1px, 1px, 1px, 1px);\" src=\"https:\/\/www.saronnonews.it\/2022\/01\/06\/recuperato-il-corpo-di-alessandro-bisi-lalpinista-di-saronno-deceduto-in-valsassina\/embed\/#?secret=MNshJ2bhNb\" data-secret=\"MNshJ2bhNb\" width=\"500\" height=\"282\" title=\"&#8220;Recuperato il corpo di Alessandro Bisi, l&#8217;alpinista di Saronno deceduto in Valsassina&#8221; &#8212; SaronnoNews\" frameborder=\"0\" marginwidth=\"0\" marginheight=\"0\" scrolling=\"no\"><\/iframe>","_oembed_time_65c2b2f5ede3d24d4e4c2adc5605951a":"1641992212","_oembed_fe7a0ce871d600633a97355e1b1a06ad":"<blockquote class=\"wp-embedded-content\" data-secret=\"aeHyovmdH8\"><a href=\"https:\/\/www.varesenews.it\/2021\/12\/definita-la-nuova-rete-sanitaria-territoriale-varesina-apriranno-case-ospedali-comunita-cot\/1411183\/\">Definita la nuova rete sanitaria territoriale varesina: dove apriranno case e ospedali di comunit\u00e0 e COT<\/a><\/blockquote><iframe class=\"wp-embedded-content\" sandbox=\"allow-scripts\" security=\"restricted\" style=\"position: absolute; clip: rect(1px, 1px, 1px, 1px);\" src=\"https:\/\/www.varesenews.it\/2021\/12\/definita-la-nuova-rete-sanitaria-territoriale-varesina-apriranno-case-ospedali-comunita-cot\/1411183\/embed\/#?secret=aeHyovmdH8\" data-secret=\"aeHyovmdH8\" width=\"500\" height=\"282\" title=\"&#8220;Definita la nuova rete sanitaria territoriale varesina: dove apriranno case e ospedali di comunit\u00e0 e COT&#8221; &#8212; VareseNews\" frameborder=\"0\" marginwidth=\"0\" marginheight=\"0\" scrolling=\"no\"><\/iframe>","_oembed_time_fe7a0ce871d600633a97355e1b1a06ad":"1641992428","_oembed_2c051ec5fa16bb5bda8e683e03450907":"<blockquote class=\"wp-embedded-content\" data-secret=\"8UTJyKqVmQ\"><a href=\"https:\/\/www.varesenews.it\/2022\/01\/le-arti-gallarate-aprono-la-nuova-rassegna-teatrale-isabella-ragonese\/1416631\/\">Le Arti di Gallarate aprono la nuova rassegna teatrale con Isabella Ragonese<\/a><\/blockquote><iframe class=\"wp-embedded-content\" sandbox=\"allow-scripts\" security=\"restricted\" style=\"position: absolute; clip: rect(1px, 1px, 1px, 1px);\" src=\"https:\/\/www.varesenews.it\/2022\/01\/le-arti-gallarate-aprono-la-nuova-rassegna-teatrale-isabella-ragonese\/1416631\/embed\/#?secret=8UTJyKqVmQ\" data-secret=\"8UTJyKqVmQ\" width=\"500\" height=\"282\" title=\"&#8220;Le Arti di Gallarate aprono la nuova rassegna teatrale con Isabella Ragonese&#8221; &#8212; VareseNews\" frameborder=\"0\" marginwidth=\"0\" marginheight=\"0\" scrolling=\"no\"><\/iframe>","_oembed_time_2c051ec5fa16bb5bda8e683e03450907":"1641992428","_oembed_c3eef5df7dcbfff3c0cf2b8d2ca358e3":"<iframe width=\"500\" height=\"281\" src=\"https:\/\/www.youtube.com\/embed\/sqbi03Hx1K8?feature=oembed\" frameborder=\"0\" allow=\"accelerometer; autoplay; clipboard-write; encrypted-media; gyroscope; picture-in-picture\" allowfullscreen><\/iframe>","_oembed_time_c3eef5df7dcbfff3c0cf2b8d2ca358e3":"1641993118","_oembed_aaf139c6bcee62b6cca11a98282e3888":"<blockquote class=\"wp-embedded-content\" data-secret=\"SD86dj7W2a\"><a href=\"https:\/\/www.varesenews.it\/2022\/01\/eventi-bambini-nel-weekend-dal-7-al-9-gennaio-varese-provincia\/1416689\/\">Eventi per bambini nel weekend dal 7 al 9 gennaio tra Varese e provincia<\/a><\/blockquote><iframe class=\"wp-embedded-content\" sandbox=\"allow-scripts\" security=\"restricted\" style=\"position: absolute; clip: rect(1px, 1px, 1px, 1px);\" src=\"https:\/\/www.varesenews.it\/2022\/01\/eventi-bambini-nel-weekend-dal-7-al-9-gennaio-varese-provincia\/1416689\/embed\/#?secret=SD86dj7W2a\" data-secret=\"SD86dj7W2a\" width=\"500\" height=\"282\" title=\"&#8220;Eventi per bambini nel weekend dal 7 al 9 gennaio tra Varese e provincia&#8221; &#8212; VareseNews\" frameborder=\"0\" marginwidth=\"0\" marginheight=\"0\" scrolling=\"no\"><\/iframe>","_oembed_time_aaf139c6bcee62b6cca11a98282e3888":"1641993118","_oembed_e75e4a45daa5f8a61e25a76bd7f00153":"<blockquote class=\"wp-embedded-content\" data-secret=\"aqcLY2xvsd\"><a href=\"https:\/\/www.varesenews.it\/2021\/12\/arriva-lassegno-unico-universale-come-richiederlo-a-partire-dallisee-2022\/1415247\/\">Arriva l&#8217;assegno unico universale: come richiederlo a partire dall&#8217;Isee 2022<\/a><\/blockquote><iframe class=\"wp-embedded-content\" sandbox=\"allow-scripts\" security=\"restricted\" style=\"position: absolute; clip: rect(1px, 1px, 1px, 1px);\" src=\"https:\/\/www.varesenews.it\/2021\/12\/arriva-lassegno-unico-universale-come-richiederlo-a-partire-dallisee-2022\/1415247\/embed\/#?secret=aqcLY2xvsd\" data-secret=\"aqcLY2xvsd\" width=\"500\" height=\"282\" title=\"&#8220;Arriva l&#8217;assegno unico universale: come richiederlo a partire dall&#8217;Isee 2022&#8221; &#8212; VareseNews\" frameborder=\"0\" marginwidth=\"0\" marginheight=\"0\" scrolling=\"no\"><\/iframe>","_oembed_time_e75e4a45daa5f8a61e25a76bd7f00153":"1641993118","_oembed_40deafd188488a16dbad5acdcd052f38":"<blockquote class=\"wp-embedded-content\" data-secret=\"CvHGVYL5Hr\"><a href=\"https:\/\/www.varesenews.it\/2021\/12\/sostegno-alle-famiglie-nel-2022-lassegno-unico-misure-ancora-vigore\/1415256\/\">Sostegno alle famiglie nel 2022: l&#8217;assegno unico e altre misure ancora in vigore<\/a><\/blockquote><iframe class=\"wp-embedded-content\" sandbox=\"allow-scripts\" security=\"restricted\" style=\"position: absolute; clip: rect(1px, 1px, 1px, 1px);\" src=\"https:\/\/www.varesenews.it\/2021\/12\/sostegno-alle-famiglie-nel-2022-lassegno-unico-misure-ancora-vigore\/1415256\/embed\/#?secret=CvHGVYL5Hr\" data-secret=\"CvHGVYL5Hr\" width=\"500\" height=\"282\" title=\"&#8220;Sostegno alle famiglie nel 2022: l&#8217;assegno unico e altre misure ancora in vigore&#8221; &#8212; VareseNews\" frameborder=\"0\" marginwidth=\"0\" marginheight=\"0\" scrolling=\"no\"><\/iframe>","_oembed_time_40deafd188488a16dbad5acdcd052f38":"1641993118","_oembed_0896559318fd615b7caae428813ec1ad":"<blockquote class=\"wp-embedded-content\" data-secret=\"KhZYixiave\"><a href=\"https:\/\/www.varesenews.it\/2021\/12\/assegno-unico-link-simulatore-inps-calcolo-importi\/1415229\/\">Assegno unico: il link al simulatore Inps per il calcolo degli importi<\/a><\/blockquote><iframe class=\"wp-embedded-content\" sandbox=\"allow-scripts\" security=\"restricted\" style=\"position: absolute; clip: rect(1px, 1px, 1px, 1px);\" src=\"https:\/\/www.varesenews.it\/2021\/12\/assegno-unico-link-simulatore-inps-calcolo-importi\/1415229\/embed\/#?secret=KhZYixiave\" data-secret=\"KhZYixiave\" width=\"500\" height=\"282\" title=\"&#8220;Assegno unico: il link al simulatore Inps per il calcolo degli importi&#8221; &#8212; VareseNews\" frameborder=\"0\" marginwidth=\"0\" marginheight=\"0\" scrolling=\"no\"><\/iframe>","_oembed_time_0896559318fd615b7caae428813ec1ad":"1641993118","_oembed_9809e9b4bf5056ccd75beeb50ab002da":"<iframe width=\"500\" height=\"281\" src=\"https:\/\/www.youtube.com\/embed\/videoseries?list=OLAK5uy_mvGccIiTK20cj6LwQqRHE_lWjjFjrPyq4\" frameborder=\"0\" allow=\"accelerometer; autoplay; clipboard-write; encrypted-media; gyroscope; picture-in-picture\" allowfullscreen><\/iframe>","_oembed_time_9809e9b4bf5056ccd75beeb50ab002da":"1641993118"},"photos":[{"original":"https:\/\/staging.varesenews.it\/photogallery_new\/images\/2021\/05\/centrodestra-cassani-gallarate-1221929.jpg","full":"https:\/\/staging.varesenews.it\/photogallery_new\/images\/2021\/05\/centrodestra-cassani-gallarate-1221929.1024x768.jpg","large":"https:\/\/staging.varesenews.it\/photogallery_new\/images\/2021\/05\/centrodestra-cassani-gallarate-1221929.610x431.jpg"}],"_links":{"self":[{"href":"https:\/\/staging.varesenews.it\/swgapi\/v1\/wp\/v2\/posts\/1417941"}],"collection":[{"href":"https:\/\/staging.varesenews.it\/swgapi\/v1\/wp\/v2\/posts"}],"about":[{"href":"https:\/\/staging.varesenews.it\/swgapi\/v1\/wp\/v2\/types\/post"}],"author":[{"embeddable":true,"href":"https:\/\/staging.varesenews.it\/swgapi\/v1\/wp\/v2\/users\/15866"}],"replies":[{"embeddable":true,"href":"https:\/\/staging.varesenews.it\/swgapi\/v1\/wp\/v2\/comments?post=1417941"}],"version-history":[{"count":0,"href":"https:\/\/staging.varesenews.it\/swgapi\/v1\/wp\/v2\/posts\/1417941\/revisions"}],"wp:attachment":[{"href":"https:\/\/staging.varesenews.it\/swgapi\/v1\/wp\/v2\/media?parent=1417941"}],"wp:term":[{"taxonomy":"category","embeddable":true,"href":"https:\/\/staging.varesenews.it\/swgapi\/v1\/wp\/v2\/categories?post=1417941"},{"taxonomy":"post_tag","embeddable":true,"href":"https:\/\/staging.varesenews.it\/swgapi\/v1\/wp\/v2\/tags?post=1417941"}],"curies":[{"name":"wp","href":"https:\/\/api.w.org\/{rel}","templated":true}]}}