{"id":142001,"date":"2010-07-24T00:00:00","date_gmt":"2010-07-24T00:00:00","guid":{"rendered":""},"modified":"2010-07-24T00:00:00","modified_gmt":"2010-07-24T00:00:00","slug":"cervo-a-spasso-tra-le-vie-della-citta","status":"publish","type":"post","link":"https:\/\/staging.varesenews.it\/2010\/07\/cervo-a-spasso-tra-le-vie-della-citta\/142001\/","title":{"rendered":"Cervo a spasso tra le vie della citt\u00e0"},"content":{"rendered":"<p>Erano all&rsquo;incirca le 4.30 di sabato mattina quando, guardingo e spaesato, lo hanno visto aggirarsi nel quartiere Maghetti di Lugano. Data l&rsquo;ora poteva ancora trattarsi di un sogno, ma il cervo, un giovane maschio di 3 anni di circa 120 chili, era vivo e vegeto. Dopo essersi aggirato tra i negozi chiusi e le strade quasi deserte, l&rsquo;animale &egrave; salito a Massagno dove &egrave; entrato nel giardino di una residenza privata tuffandosi in piscina. Qui &egrave; stato raggiunto da guardiacaccia e pompieri, nel frattempo avvisati, ma l&rsquo;animale &egrave; riuscito a fuggire di nuovo rompendosi nella corsa la zampa posteriore. Nonostante la ferita, la fuga&nbsp;&egrave; continuata in direzione Besso, dove il giovane esemplare ha rischiato pi&ugrave; volte di scontrarsi con le auto e attraversando i binari della ferrovia. Del tutto ingovernabile, con la zampa fratturata, il cervo &egrave; stato abbattuto verso le 6.30 nel giardino del Conservatorio cittadino.<\/p>\n","protected":false},"excerpt":{"rendered":"<p>L&#8217;esemplare, un giovane maschio di 3 anni di circa 120 chili, gi\u00e0 ferito, \u00e8 stato abbattuto dopo un lungo inseguimento<\/p>\n","protected":false},"author":10,"featured_media":0,"comment_status":"open","ping_status":"open","sticky":false,"template":"","format":"standard","meta":{"footnotes":""},"categories":[8],"tags":[9112,291],"acf":[],"yoast_head":"<!-- This site is optimized with the Yoast SEO plugin v20.1 - https:\/\/yoast.com\/wordpress\/plugins\/seo\/ -->\n<title>Cervo a spasso tra le vie della citt\u00e0<\/title>\n<meta name=\"description\" content=\"L&#039;esemplare, un giovane maschio di 3 anni di circa 120 chili, gi\u00e0 ferito, \u00e8 stato abbattuto dopo un lungo inseguimento\" \/>\n<meta name=\"robots\" content=\"noindex, follow, max-snippet:-1, max-image-preview:large, max-video-preview:-1\" \/>\n<meta property=\"og:locale\" content=\"it_IT\" \/>\n<meta property=\"og:type\" content=\"article\" \/>\n<meta property=\"og:title\" content=\"Cervo a spasso tra le vie della citt\u00e0\" \/>\n<meta property=\"og:description\" content=\"L&#039;esemplare, un giovane maschio di 3 anni di circa 120 chili, gi\u00e0 ferito, \u00e8 stato abbattuto dopo un lungo inseguimento\" \/>\n<meta property=\"og:url\" content=\"https:\/\/staging.varesenews.it\/2010\/07\/cervo-a-spasso-tra-le-vie-della-citta\/142001\/\" \/>\n<meta property=\"og:site_name\" content=\"VareseNews\" \/>\n<meta property=\"article:publisher\" content=\"https:\/\/www.facebook.com\/varesenews\" \/>\n<meta property=\"article:published_time\" content=\"2010-07-24T00:00:00+00:00\" \/>\n<meta name=\"author\" content=\"Redazione VareseNews\" \/>\n<meta name=\"twitter:card\" content=\"summary_large_image\" \/>\n<meta name=\"twitter:creator\" content=\"@varesenews\" \/>\n<meta name=\"twitter:site\" content=\"@varesenews\" \/>\n<meta name=\"twitter:label1\" content=\"Scritto da\" \/>\n\t<meta name=\"twitter:data1\" content=\"Redazione VareseNews\" \/>\n\t<meta name=\"twitter:label2\" content=\"Tempo di lettura stimato\" \/>\n\t<meta name=\"twitter:data2\" content=\"1 minuto\" \/>\n<script type=\"application\/ld+json\" class=\"yoast-schema-graph\">{\"@context\":\"https:\/\/schema.org\",\"@graph\":[{\"@type\":\"WebPage\",\"@id\":\"https:\/\/staging.varesenews.it\/2010\/07\/cervo-a-spasso-tra-le-vie-della-citta\/142001\/\",\"url\":\"https:\/\/staging.varesenews.it\/2010\/07\/cervo-a-spasso-tra-le-vie-della-citta\/142001\/\",\"name\":\"Cervo a spasso tra le vie della citt\u00e0\",\"isPartOf\":{\"@id\":\"https:\/\/staging.varesenews.it\/#website\"},\"datePublished\":\"2010-07-24T00:00:00+00:00\",\"dateModified\":\"2010-07-24T00:00:00+00:00\",\"author\":{\"@id\":\"https:\/\/staging.varesenews.it\/#\/schema\/person\/fb20c4da0b7b16c291707a20db73e169\"},\"description\":\"L'esemplare, un giovane maschio di 3 anni di circa 120 chili, gi\u00e0 ferito, \u00e8 stato abbattuto dopo un lungo inseguimento\",\"breadcrumb\":{\"@id\":\"https:\/\/staging.varesenews.it\/2010\/07\/cervo-a-spasso-tra-le-vie-della-citta\/142001\/#breadcrumb\"},\"inLanguage\":\"it-IT\",\"potentialAction\":[{\"@type\":\"ReadAction\",\"target\":[\"https:\/\/staging.varesenews.it\/2010\/07\/cervo-a-spasso-tra-le-vie-della-citta\/142001\/\"]}]},{\"@type\":\"BreadcrumbList\",\"@id\":\"https:\/\/staging.varesenews.it\/2010\/07\/cervo-a-spasso-tra-le-vie-della-citta\/142001\/#breadcrumb\",\"itemListElement\":[{\"@type\":\"ListItem\",\"position\":1,\"name\":\"Home\",\"item\":\"https:\/\/www.varesenews.it\/\"},{\"@type\":\"ListItem\",\"position\":2,\"name\":\"Cervo a spasso tra le vie della citt\u00e0\"}]},{\"@type\":\"WebSite\",\"@id\":\"https:\/\/staging.varesenews.it\/#website\",\"url\":\"https:\/\/staging.varesenews.it\/\",\"name\":\"VareseNews\",\"description\":\"\",\"potentialAction\":[{\"@type\":\"SearchAction\",\"target\":{\"@type\":\"EntryPoint\",\"urlTemplate\":\"https:\/\/staging.varesenews.it\/?s={search_term_string}\"},\"query-input\":\"required name=search_term_string\"}],\"inLanguage\":\"it-IT\"},{\"@type\":\"Person\",\"@id\":\"https:\/\/staging.varesenews.it\/#\/schema\/person\/fb20c4da0b7b16c291707a20db73e169\",\"name\":\"Redazione VareseNews\",\"image\":{\"@type\":\"ImageObject\",\"inLanguage\":\"it-IT\",\"@id\":\"https:\/\/staging.varesenews.it\/#\/schema\/person\/image\/\",\"url\":\"https:\/\/staging.varesenews.it\/wp-content\/uploads\/2020\/12\/logo_VN_colori_500.png\",\"contentUrl\":\"https:\/\/staging.varesenews.it\/wp-content\/uploads\/2020\/12\/logo_VN_colori_500.png\",\"caption\":\"Redazione VareseNews\"},\"url\":\"https:\/\/staging.varesenews.it\/persona\/redazione1\/\"}]}<\/script>\n<!-- \/ Yoast SEO plugin. -->","yoast_head_json":{"title":"Cervo a spasso tra le vie della citt\u00e0","description":"L'esemplare, un giovane maschio di 3 anni di circa 120 chili, gi\u00e0 ferito, \u00e8 stato abbattuto dopo un lungo inseguimento","robots":{"index":"noindex","follow":"follow","max-snippet":"max-snippet:-1","max-image-preview":"max-image-preview:large","max-video-preview":"max-video-preview:-1"},"og_locale":"it_IT","og_type":"article","og_title":"Cervo a spasso tra le vie della citt\u00e0","og_description":"L'esemplare, un giovane maschio di 3 anni di circa 120 chili, gi\u00e0 ferito, \u00e8 stato abbattuto dopo un lungo inseguimento","og_url":"https:\/\/staging.varesenews.it\/2010\/07\/cervo-a-spasso-tra-le-vie-della-citta\/142001\/","og_site_name":"VareseNews","article_publisher":"https:\/\/www.facebook.com\/varesenews","article_published_time":"2010-07-24T00:00:00+00:00","author":"Redazione VareseNews","twitter_card":"summary_large_image","twitter_creator":"@varesenews","twitter_site":"@varesenews","twitter_misc":{"Scritto da":"Redazione VareseNews","Tempo di lettura stimato":"1 minuto"},"schema":{"@context":"https:\/\/schema.org","@graph":[{"@type":"WebPage","@id":"https:\/\/staging.varesenews.it\/2010\/07\/cervo-a-spasso-tra-le-vie-della-citta\/142001\/","url":"https:\/\/staging.varesenews.it\/2010\/07\/cervo-a-spasso-tra-le-vie-della-citta\/142001\/","name":"Cervo a spasso tra le vie della citt\u00e0","isPartOf":{"@id":"https:\/\/staging.varesenews.it\/#website"},"datePublished":"2010-07-24T00:00:00+00:00","dateModified":"2010-07-24T00:00:00+00:00","author":{"@id":"https:\/\/staging.varesenews.it\/#\/schema\/person\/fb20c4da0b7b16c291707a20db73e169"},"description":"L'esemplare, un giovane maschio di 3 anni di circa 120 chili, gi\u00e0 ferito, \u00e8 stato abbattuto dopo un lungo inseguimento","breadcrumb":{"@id":"https:\/\/staging.varesenews.it\/2010\/07\/cervo-a-spasso-tra-le-vie-della-citta\/142001\/#breadcrumb"},"inLanguage":"it-IT","potentialAction":[{"@type":"ReadAction","target":["https:\/\/staging.varesenews.it\/2010\/07\/cervo-a-spasso-tra-le-vie-della-citta\/142001\/"]}]},{"@type":"BreadcrumbList","@id":"https:\/\/staging.varesenews.it\/2010\/07\/cervo-a-spasso-tra-le-vie-della-citta\/142001\/#breadcrumb","itemListElement":[{"@type":"ListItem","position":1,"name":"Home","item":"https:\/\/www.varesenews.it\/"},{"@type":"ListItem","position":2,"name":"Cervo a spasso tra le vie della citt\u00e0"}]},{"@type":"WebSite","@id":"https:\/\/staging.varesenews.it\/#website","url":"https:\/\/staging.varesenews.it\/","name":"VareseNews","description":"","potentialAction":[{"@type":"SearchAction","target":{"@type":"EntryPoint","urlTemplate":"https:\/\/staging.varesenews.it\/?s={search_term_string}"},"query-input":"required name=search_term_string"}],"inLanguage":"it-IT"},{"@type":"Person","@id":"https:\/\/staging.varesenews.it\/#\/schema\/person\/fb20c4da0b7b16c291707a20db73e169","name":"Redazione VareseNews","image":{"@type":"ImageObject","inLanguage":"it-IT","@id":"https:\/\/staging.varesenews.it\/#\/schema\/person\/image\/","url":"https:\/\/staging.varesenews.it\/wp-content\/uploads\/2020\/12\/logo_VN_colori_500.png","contentUrl":"https:\/\/staging.varesenews.it\/wp-content\/uploads\/2020\/12\/logo_VN_colori_500.png","caption":"Redazione VareseNews"},"url":"https:\/\/staging.varesenews.it\/persona\/redazione1\/"}]}},"post_meta":{"id_old":"179256","argomento":"Lugano"},"photos":[],"_links":{"self":[{"href":"https:\/\/staging.varesenews.it\/swgapi\/v1\/wp\/v2\/posts\/142001"}],"collection":[{"href":"https:\/\/staging.varesenews.it\/swgapi\/v1\/wp\/v2\/posts"}],"about":[{"href":"https:\/\/staging.varesenews.it\/swgapi\/v1\/wp\/v2\/types\/post"}],"author":[{"embeddable":true,"href":"https:\/\/staging.varesenews.it\/swgapi\/v1\/wp\/v2\/users\/10"}],"replies":[{"embeddable":true,"href":"https:\/\/staging.varesenews.it\/swgapi\/v1\/wp\/v2\/comments?post=142001"}],"version-history":[{"count":0,"href":"https:\/\/staging.varesenews.it\/swgapi\/v1\/wp\/v2\/posts\/142001\/revisions"}],"wp:attachment":[{"href":"https:\/\/staging.varesenews.it\/swgapi\/v1\/wp\/v2\/media?parent=142001"}],"wp:term":[{"taxonomy":"category","embeddable":true,"href":"https:\/\/staging.varesenews.it\/swgapi\/v1\/wp\/v2\/categories?post=142001"},{"taxonomy":"post_tag","embeddable":true,"href":"https:\/\/staging.varesenews.it\/swgapi\/v1\/wp\/v2\/tags?post=142001"}],"curies":[{"name":"wp","href":"https:\/\/api.w.org\/{rel}","templated":true}]}}