{"id":1421560,"date":"2022-01-24T09:31:45","date_gmt":"2022-01-24T08:31:45","guid":{"rendered":"https:\/\/www.varesenews.it\/?p=1421560"},"modified":"2022-01-24T09:31:45","modified_gmt":"2022-01-24T08:31:45","slug":"matteo-bianchi-lega-sul-quirinale","status":"publish","type":"post","link":"https:\/\/staging.varesenews.it\/2022\/01\/matteo-bianchi-lega-sul-quirinale\/1421560\/","title":{"rendered":"La voce di Matteo Bianchi: &#8220;\u00c8 arrivato il momento di un lombardo o veneto al Quirinale&#8221;"},"content":{"rendered":"<p><em>Nuova puntata del diario di Matteo Bianchi per <a href=\"https:\/\/www.varesenews.it\/speciale\/quirinale-2022\/\">lo speciale sul Quirinale<\/a>.<\/em><\/p>\n<p>Oggi alle 16:54 \u00e8 il mio turno per la chiama sull\u2019elezione del nuovo Presidente della Repubblica. Sono nato nell\u2019era di Sandro Pertini e ho cominciato ad appassionarmi alla politica quando Capo dello Stato era Oscar Luigi Scalfaro, famoso per il suo \u201cIo non ci sto!\u201d riferito alle insinuazioni relativamente ai fondi riservati del SISDE. In quegli anni iniziavo la mia avventura nella Lega di Umberto Bossi e per Scalfaro non si nutriva una grande simpatia.<\/p>\n<p>Tuttavia, oggi uso quella frase per sottolineare e dire che <strong>\u201cio non ci sto\u201d ai veti del PD<\/strong>: Silvio Berlusconi ha avuto il grande pregio, in queste settimane, di smascherare l\u2019atteggiamento della sinistra che \u00e8 quello di porre pregiudiziali su ogni nome proposto dal centrodestra.<\/p>\n<p>Queste elezioni del Presidente della Repubblica cadono in una legislatura complicata ma dove non c\u2019\u00e8 uno strapotere del gruppo parlamentare guidato da Enrico Letta. Se \u00e8 giusto chiedere una condivisione nell\u2019interesse del paese, non \u00e8 corretto \u201cbruciare\u201d nomi degni per il solo tentativo di bloccare le proposte della parte predominante del Parlamento. Quindi, se metodo deve essere, <strong>cominciamo a convergere sulle caratteristiche del profilo<\/strong>.<\/p>\n<p>Credo che il prossimo Capo dello Stato debba avere una spiccata sensibilit\u00e0 europeista, ma consapevole della necessit\u00e0 di riforme istituzionali nella UE. Inoltre, non si pu\u00f2 prescindere da un forte legame transatlantico con gli Stati Uniti. Sono certo che ci debba essere la consapevolezza della necessit\u00e0 di non ostacolare una seria riforma della giustizia, cos\u00ec come sono certo che si debba favorire un processo di centralit\u00e0 delle autonomie locali e regionali. Mi piacerebbe un Presidente che guardi allo sviluppo ed alla modernizzazione del paese e, da ultimo, <strong>\u00e8 sicuramente arrivato il momento di un\/una Presidente lombardo o veneto<\/strong>. Non si \u00e8 mai verificato nella storia e tutto ci\u00f2 \u00e8 inaccettabile per le locomotive del paese.<\/p>\n<p>Concludo con una considerazione ulteriore maturata nelle mie esperienze internazionali: quando gli Stati Uniti o altre potenze mondiali guardano all\u2019Europa, vedono la Francia con una figura istituzionale forte come Presidente, una Germania che da prova di stabilit\u00e0 politica da tempo mentre in Italia i Primi Ministri cambiano pi\u00f9 velocemente degli allenatori della nazionale di Calcio. La stabilit\u00e0 dell\u2019Istituzione del Presidente della Repubblica, pur non avendo le prerogative tipiche delle Repubbliche Presidenziali, \u00e8 un punto di riferimento internazionale fondamentale su cui il Parlamento non pu\u00f2 fallire nell\u2019individuazione del nome.<\/p>\n<p>Oggi si va verso un nulla di fatto con scheda bianca<\/p>\n","protected":false},"excerpt":{"rendered":"<p>Il parlamentare della Lega chiede un accordo sul metodo e sulle caratteristiche politiche del prossimo Presidente della Repubblica, ma non ci sta ai veti del Pd<\/p>\n","protected":false},"author":54,"featured_media":0,"comment_status":"open","ping_status":"open","sticky":false,"template":"","format":"standard","meta":{"footnotes":""},"categories":[9,2],"tags":[120245],"acf":[],"yoast_head":"<!-- This site is optimized with the Yoast SEO plugin v20.1 - https:\/\/yoast.com\/wordpress\/plugins\/seo\/ -->\n<title>Bianchi: \u00c8 l&#039;ora di un lombardo o un veneto al Quirinale<\/title>\n<meta name=\"description\" content=\"Il parlamentare della Lega chiede condivisione, ma non ci sta ai veti del Pd per l&#039;elezione del prossimo Presidente della Repubblica\" \/>\n<meta name=\"robots\" content=\"noindex, follow, max-snippet:-1, max-image-preview:large, max-video-preview:-1\" \/>\n<meta property=\"og:locale\" content=\"it_IT\" \/>\n<meta property=\"og:type\" content=\"article\" \/>\n<meta property=\"og:title\" content=\"Bianchi: \u00c8 l&#039;ora di un lombardo o un veneto al Quirinale\" \/>\n<meta property=\"og:description\" content=\"Il parlamentare della Lega chiede condivisione, ma non ci sta ai veti del Pd per l&#039;elezione del prossimo Presidente della Repubblica\" \/>\n<meta property=\"og:url\" content=\"https:\/\/staging.varesenews.it\/2022\/01\/matteo-bianchi-lega-sul-quirinale\/1421560\/\" \/>\n<meta property=\"og:site_name\" content=\"VareseNews\" \/>\n<meta property=\"article:publisher\" content=\"https:\/\/www.facebook.com\/varesenews\" \/>\n<meta property=\"article:author\" content=\"https:\/\/www.facebook.com\/giovannelli.marco?fref=ts\" \/>\n<meta property=\"article:published_time\" content=\"2022-01-24T08:31:45+00:00\" \/>\n<meta name=\"author\" content=\"Marco Giovannelli\" \/>\n<meta name=\"twitter:card\" content=\"summary_large_image\" \/>\n<meta name=\"twitter:creator\" content=\"@marcogio59\" \/>\n<meta name=\"twitter:site\" content=\"@varesenews\" \/>\n<meta name=\"twitter:label1\" content=\"Scritto da\" \/>\n\t<meta name=\"twitter:data1\" content=\"Marco Giovannelli\" \/>\n\t<meta name=\"twitter:label2\" content=\"Tempo di lettura stimato\" \/>\n\t<meta name=\"twitter:data2\" content=\"2 minuti\" \/>\n<script type=\"application\/ld+json\" class=\"yoast-schema-graph\">{\"@context\":\"https:\/\/schema.org\",\"@graph\":[{\"@type\":\"WebPage\",\"@id\":\"https:\/\/staging.varesenews.it\/2022\/01\/matteo-bianchi-lega-sul-quirinale\/1421560\/\",\"url\":\"https:\/\/staging.varesenews.it\/2022\/01\/matteo-bianchi-lega-sul-quirinale\/1421560\/\",\"name\":\"Bianchi: \u00c8 l'ora di un lombardo o un veneto al Quirinale\",\"isPartOf\":{\"@id\":\"https:\/\/staging.varesenews.it\/#website\"},\"datePublished\":\"2022-01-24T08:31:45+00:00\",\"dateModified\":\"2022-01-24T08:31:45+00:00\",\"author\":{\"@id\":\"https:\/\/staging.varesenews.it\/#\/schema\/person\/b32b6f44664f8274f79469e452856024\"},\"description\":\"Il parlamentare della Lega chiede condivisione, ma non ci sta ai veti del Pd per l'elezione del prossimo Presidente della Repubblica\",\"breadcrumb\":{\"@id\":\"https:\/\/staging.varesenews.it\/2022\/01\/matteo-bianchi-lega-sul-quirinale\/1421560\/#breadcrumb\"},\"inLanguage\":\"it-IT\",\"potentialAction\":[{\"@type\":\"ReadAction\",\"target\":[\"https:\/\/staging.varesenews.it\/2022\/01\/matteo-bianchi-lega-sul-quirinale\/1421560\/\"]}]},{\"@type\":\"BreadcrumbList\",\"@id\":\"https:\/\/staging.varesenews.it\/2022\/01\/matteo-bianchi-lega-sul-quirinale\/1421560\/#breadcrumb\",\"itemListElement\":[{\"@type\":\"ListItem\",\"position\":1,\"name\":\"Home\",\"item\":\"https:\/\/www.varesenews.it\/\"},{\"@type\":\"ListItem\",\"position\":2,\"name\":\"La voce di Matteo Bianchi: &#8220;\u00c8 arrivato il momento di un lombardo o veneto al Quirinale&#8221;\"}]},{\"@type\":\"WebSite\",\"@id\":\"https:\/\/staging.varesenews.it\/#website\",\"url\":\"https:\/\/staging.varesenews.it\/\",\"name\":\"VareseNews\",\"description\":\"\",\"potentialAction\":[{\"@type\":\"SearchAction\",\"target\":{\"@type\":\"EntryPoint\",\"urlTemplate\":\"https:\/\/staging.varesenews.it\/?s={search_term_string}\"},\"query-input\":\"required name=search_term_string\"}],\"inLanguage\":\"it-IT\"},{\"@type\":\"Person\",\"@id\":\"https:\/\/staging.varesenews.it\/#\/schema\/person\/b32b6f44664f8274f79469e452856024\",\"name\":\"Marco Giovannelli\",\"image\":{\"@type\":\"ImageObject\",\"inLanguage\":\"it-IT\",\"@id\":\"https:\/\/staging.varesenews.it\/#\/schema\/person\/image\/\",\"url\":\"https:\/\/staging.varesenews.it\/wp-content\/uploads\/2020\/12\/marco_giovannelli_colori_500.jpg\",\"contentUrl\":\"https:\/\/staging.varesenews.it\/wp-content\/uploads\/2020\/12\/marco_giovannelli_colori_500.jpg\",\"caption\":\"Marco Giovannelli\"},\"description\":\"Viterbese di origine vivo a Varese dal 1978. Due figli grandi, due lauree in scienze &ldquo;inutili&rdquo; quanto affascinanti che mi portano a mettere lo studio ancora al primo posto. Dopo aver lavorato per il sindacato, fondato e lavorato al centro Gulliver, in una cooperativa che gestiva il Circolino a Varese, con un altro viterbese e un lucano ho fondato VareseNews quando nessuno o quasi sapeva cosa fosse Internet. Ho alcune grandi passioni, la prima &egrave; il cammino che cerco di vivere quotidianamente. Averne percorsi alcuni storici con Santiago e la Francigena mi ha poi portato a far diventare anche lavoro la loro valorizzazione e in particolare la Via Francisca del Lucomagno. Amo leggere, andare al cinema, viaggiare. Mi piace conoscere. La mia migliore attitudine &egrave; connettere mondi e per questo mi affascina la contemporaneit&agrave; e il digitale. Ho insegnato diritto ed economia per un decennio nelle scuole superiori. Ho tenuto diverse lezioni e laboratori allo Iulm e ora all&rsquo;Universit&agrave; dell&rsquo;Insubria con un corso di Giornalismo digitale alla specialistica. Ho fondato diversi progetti editoriali.&nbsp;\",\"sameAs\":[\"https:\/\/www.facebook.com\/giovannelli.marco?fref=ts\",\"marcogio59\",\"https:\/\/it.linkedin.com\/in\/giovannellimarco\",\"https:\/\/twitter.com\/marcogio59\"],\"url\":\"https:\/\/staging.varesenews.it\/persona\/marco_giovannelli-2\/\"}]}<\/script>\n<!-- \/ Yoast SEO plugin. -->","yoast_head_json":{"title":"Bianchi: \u00c8 l'ora di un lombardo o un veneto al Quirinale","description":"Il parlamentare della Lega chiede condivisione, ma non ci sta ai veti del Pd per l'elezione del prossimo Presidente della Repubblica","robots":{"index":"noindex","follow":"follow","max-snippet":"max-snippet:-1","max-image-preview":"max-image-preview:large","max-video-preview":"max-video-preview:-1"},"og_locale":"it_IT","og_type":"article","og_title":"Bianchi: \u00c8 l'ora di un lombardo o un veneto al Quirinale","og_description":"Il parlamentare della Lega chiede condivisione, ma non ci sta ai veti del Pd per l'elezione del prossimo Presidente della Repubblica","og_url":"https:\/\/staging.varesenews.it\/2022\/01\/matteo-bianchi-lega-sul-quirinale\/1421560\/","og_site_name":"VareseNews","article_publisher":"https:\/\/www.facebook.com\/varesenews","article_author":"https:\/\/www.facebook.com\/giovannelli.marco?fref=ts","article_published_time":"2022-01-24T08:31:45+00:00","author":"Marco Giovannelli","twitter_card":"summary_large_image","twitter_creator":"@marcogio59","twitter_site":"@varesenews","twitter_misc":{"Scritto da":"Marco Giovannelli","Tempo di lettura stimato":"2 minuti"},"schema":{"@context":"https:\/\/schema.org","@graph":[{"@type":"WebPage","@id":"https:\/\/staging.varesenews.it\/2022\/01\/matteo-bianchi-lega-sul-quirinale\/1421560\/","url":"https:\/\/staging.varesenews.it\/2022\/01\/matteo-bianchi-lega-sul-quirinale\/1421560\/","name":"Bianchi: \u00c8 l'ora di un lombardo o un veneto al Quirinale","isPartOf":{"@id":"https:\/\/staging.varesenews.it\/#website"},"datePublished":"2022-01-24T08:31:45+00:00","dateModified":"2022-01-24T08:31:45+00:00","author":{"@id":"https:\/\/staging.varesenews.it\/#\/schema\/person\/b32b6f44664f8274f79469e452856024"},"description":"Il parlamentare della Lega chiede condivisione, ma non ci sta ai veti del Pd per l'elezione del prossimo Presidente della Repubblica","breadcrumb":{"@id":"https:\/\/staging.varesenews.it\/2022\/01\/matteo-bianchi-lega-sul-quirinale\/1421560\/#breadcrumb"},"inLanguage":"it-IT","potentialAction":[{"@type":"ReadAction","target":["https:\/\/staging.varesenews.it\/2022\/01\/matteo-bianchi-lega-sul-quirinale\/1421560\/"]}]},{"@type":"BreadcrumbList","@id":"https:\/\/staging.varesenews.it\/2022\/01\/matteo-bianchi-lega-sul-quirinale\/1421560\/#breadcrumb","itemListElement":[{"@type":"ListItem","position":1,"name":"Home","item":"https:\/\/www.varesenews.it\/"},{"@type":"ListItem","position":2,"name":"La voce di Matteo Bianchi: &#8220;\u00c8 arrivato il momento di un lombardo o veneto al Quirinale&#8221;"}]},{"@type":"WebSite","@id":"https:\/\/staging.varesenews.it\/#website","url":"https:\/\/staging.varesenews.it\/","name":"VareseNews","description":"","potentialAction":[{"@type":"SearchAction","target":{"@type":"EntryPoint","urlTemplate":"https:\/\/staging.varesenews.it\/?s={search_term_string}"},"query-input":"required name=search_term_string"}],"inLanguage":"it-IT"},{"@type":"Person","@id":"https:\/\/staging.varesenews.it\/#\/schema\/person\/b32b6f44664f8274f79469e452856024","name":"Marco Giovannelli","image":{"@type":"ImageObject","inLanguage":"it-IT","@id":"https:\/\/staging.varesenews.it\/#\/schema\/person\/image\/","url":"https:\/\/staging.varesenews.it\/wp-content\/uploads\/2020\/12\/marco_giovannelli_colori_500.jpg","contentUrl":"https:\/\/staging.varesenews.it\/wp-content\/uploads\/2020\/12\/marco_giovannelli_colori_500.jpg","caption":"Marco Giovannelli"},"description":"Viterbese di origine vivo a Varese dal 1978. Due figli grandi, due lauree in scienze &ldquo;inutili&rdquo; quanto affascinanti che mi portano a mettere lo studio ancora al primo posto. Dopo aver lavorato per il sindacato, fondato e lavorato al centro Gulliver, in una cooperativa che gestiva il Circolino a Varese, con un altro viterbese e un lucano ho fondato VareseNews quando nessuno o quasi sapeva cosa fosse Internet. Ho alcune grandi passioni, la prima &egrave; il cammino che cerco di vivere quotidianamente. Averne percorsi alcuni storici con Santiago e la Francigena mi ha poi portato a far diventare anche lavoro la loro valorizzazione e in particolare la Via Francisca del Lucomagno. Amo leggere, andare al cinema, viaggiare. Mi piace conoscere. La mia migliore attitudine &egrave; connettere mondi e per questo mi affascina la contemporaneit&agrave; e il digitale. Ho insegnato diritto ed economia per un decennio nelle scuole superiori. Ho tenuto diverse lezioni e laboratori allo Iulm e ora all&rsquo;Universit&agrave; dell&rsquo;Insubria con un corso di Giornalismo digitale alla specialistica. Ho fondato diversi progetti editoriali.&nbsp;","sameAs":["https:\/\/www.facebook.com\/giovannelli.marco?fref=ts","marcogio59","https:\/\/it.linkedin.com\/in\/giovannellimarco","https:\/\/twitter.com\/marcogio59"],"url":"https:\/\/staging.varesenews.it\/persona\/marco_giovannelli-2\/"}]}},"post_meta":{"_edit_lock":"1643014104:54","_edit_last":"54","_category_permalink":"a:1:{s:8:\"category\";s:0:\"\";}","_encloseme":"1","ratings_users":"0","ratings_score":"0","ratings_average":"0","foto":"1248100","firma-personalizzata":"Matteo Bianchi","argomento":"Speciale Quirinale","_yoast_wpseo_focuskw_text_input":"quirinale","_yoast_wpseo_focuskw":"quirinale","_yoast_wpseo_title":"Bianchi: \u00c8 l'ora di un lombardo o un veneto al Quirinale","_yoast_wpseo_metadesc":"Il parlamentare della Lega chiede condivisione, ma non ci sta ai veti del Pd per l'elezione del prossimo Presidente della Repubblica","_yoast_wpseo_linkdex":"67","_yoast_wpseo_content_score":"30","_jd_tweet_this":"yes","_wpt_short_url":"https:\/\/www.varesenews.it\/2022\/01\/matteo-bianchi-lega-sul-quirinale\/1421560\/","_wp_jd_target":"https:\/\/www.varesenews.it\/2022\/01\/matteo-bianchi-lega-sul-quirinale\/1421560\/","_jd_wp_twitter":"a:1:{i:0;s:170:\"La voce di Matteo Bianchi: \u201c\u00c8 arrivato il momento di un lombardo o veneto al Quirinale\u201d https:\/\/www.varesenews.it\/2022\/01\/matteo-bianchi-lega-sul-quirinale\/1421560\/ \";}","_wpt_status_message":"Tweet inviato con successo.","_oembed_a2f1d54ab6c12b2c1927ff695644c24e":"<blockquote class=\"wp-embedded-content\" data-secret=\"ZEb8JWyf53\"><a href=\"https:\/\/www.varesenews.it\/2021\/12\/sindaco-puricelli-meta-mandato-prioritario-nel-2022-assumere-personale\/1414607\/\">Il sindaco di Samarate Puricelli a met\u00e0 mandato: &#8220;Prioritario nel 2022 assumere personale&#8221;<\/a><\/blockquote><iframe class=\"wp-embedded-content\" sandbox=\"allow-scripts\" security=\"restricted\" style=\"position: absolute; clip: rect(1px, 1px, 1px, 1px);\" src=\"https:\/\/www.varesenews.it\/2021\/12\/sindaco-puricelli-meta-mandato-prioritario-nel-2022-assumere-personale\/1414607\/embed\/#?secret=ZEb8JWyf53\" data-secret=\"ZEb8JWyf53\" width=\"500\" height=\"282\" title=\"&#8220;Il sindaco di Samarate Puricelli a met\u00e0 mandato: &#8220;Prioritario nel 2022 assumere personale&#8221;&#8221; &#8212; VareseNews\" frameborder=\"0\" marginwidth=\"0\" marginheight=\"0\" scrolling=\"no\"><\/iframe>","_oembed_time_a2f1d54ab6c12b2c1927ff695644c24e":"1643013283","_oembed_180973bfb7243cb7e16ffdc8107604a8":"{{unknown}}","_oembed_b03807ebbd224eae88481e0c6eb2a064":"<blockquote class=\"wp-embedded-content\" data-secret=\"E8cl8uSkln\"><a href=\"https:\/\/www.varesenews.it\/2022\/01\/eventi-bambini-nel-weekendl-dal-21-al-23-gennaio-varese\/1420846\/\">Eventi per bambini nel weekend dal 21 al 23 gennaio tra Varese e provincia<\/a><\/blockquote><iframe class=\"wp-embedded-content\" sandbox=\"allow-scripts\" security=\"restricted\" style=\"position: absolute; clip: rect(1px, 1px, 1px, 1px);\" src=\"https:\/\/www.varesenews.it\/2022\/01\/eventi-bambini-nel-weekendl-dal-21-al-23-gennaio-varese\/1420846\/embed\/#?secret=E8cl8uSkln\" data-secret=\"E8cl8uSkln\" width=\"500\" height=\"282\" title=\"&#8220;Eventi per bambini nel weekend dal 21 al 23 gennaio tra Varese e provincia&#8221; &#8212; VareseNews\" frameborder=\"0\" marginwidth=\"0\" marginheight=\"0\" scrolling=\"no\"><\/iframe>","_oembed_time_b03807ebbd224eae88481e0c6eb2a064":"1643013283","_oembed_92654b39291e22d8689f545118fb3550":"<blockquote class=\"wp-embedded-content\" data-secret=\"vzKY2H2BbT\"><a href=\"https:\/\/www.varesenews.it\/2021\/12\/la-acli-cercano-tre-volontari-servizio-civile-2022\/1414307\/\">La Acli cercano tre volontari per il servizio civile 2022<\/a><\/blockquote><iframe class=\"wp-embedded-content\" sandbox=\"allow-scripts\" security=\"restricted\" style=\"position: absolute; clip: rect(1px, 1px, 1px, 1px);\" src=\"https:\/\/www.varesenews.it\/2021\/12\/la-acli-cercano-tre-volontari-servizio-civile-2022\/1414307\/embed\/#?secret=vzKY2H2BbT\" data-secret=\"vzKY2H2BbT\" width=\"500\" height=\"282\" title=\"&#8220;La Acli cercano tre volontari per il servizio civile 2022&#8221; &#8212; VareseNews\" frameborder=\"0\" marginwidth=\"0\" marginheight=\"0\" scrolling=\"no\"><\/iframe>","_oembed_time_92654b39291e22d8689f545118fb3550":"1643013283","_oembed_ba15926ac3cb198e5d287420ff996eef":"<blockquote class=\"wp-embedded-content\" data-secret=\"wVwc1VlXTq\"><a href=\"https:\/\/www.varesenews.it\/2021\/12\/csv-insubria-cerca-37-giovani-servizio-civile-nella-cultura-nei-servizi-sociali\/1410710\/\">Csv Insubria cerca 37 giovani per il servizio civile nella cultura e nei servizi sociali<\/a><\/blockquote><iframe class=\"wp-embedded-content\" sandbox=\"allow-scripts\" security=\"restricted\" style=\"position: absolute; clip: rect(1px, 1px, 1px, 1px);\" src=\"https:\/\/www.varesenews.it\/2021\/12\/csv-insubria-cerca-37-giovani-servizio-civile-nella-cultura-nei-servizi-sociali\/1410710\/embed\/#?secret=wVwc1VlXTq\" data-secret=\"wVwc1VlXTq\" width=\"500\" height=\"282\" title=\"&#8220;Csv Insubria cerca 37 giovani per il servizio civile nella cultura e nei servizi sociali&#8221; &#8212; VareseNews\" frameborder=\"0\" marginwidth=\"0\" marginheight=\"0\" scrolling=\"no\"><\/iframe>","_oembed_time_ba15926ac3cb198e5d287420ff996eef":"1643013283","_oembed_2d282e529a99531a6698266d5c3d9fe4":"<blockquote class=\"wp-embedded-content\" data-secret=\"oLMdwBigNu\"><a href=\"https:\/\/www.varesenews.it\/2022\/01\/servizio-civile-croce-rossa-luino-quattro-posti-disponibili\/1418393\/\">Servizio civile in Croce Rossa a Luino: quattro i posti disponibili<\/a><\/blockquote><iframe class=\"wp-embedded-content\" sandbox=\"allow-scripts\" security=\"restricted\" style=\"position: absolute; clip: rect(1px, 1px, 1px, 1px);\" src=\"https:\/\/www.varesenews.it\/2022\/01\/servizio-civile-croce-rossa-luino-quattro-posti-disponibili\/1418393\/embed\/#?secret=oLMdwBigNu\" data-secret=\"oLMdwBigNu\" width=\"500\" height=\"282\" title=\"&#8220;Servizio civile in Croce Rossa a Luino: quattro i posti disponibili&#8221; &#8212; VareseNews\" frameborder=\"0\" marginwidth=\"0\" marginheight=\"0\" scrolling=\"no\"><\/iframe>","_oembed_time_2d282e529a99531a6698266d5c3d9fe4":"1643013283","_oembed_00ad3df05db74f11a1f4e316c0437ef0":"<blockquote class=\"wp-embedded-content\" data-secret=\"WYePMerl4s\"><a href=\"https:\/\/www.varesenews.it\/2022\/01\/servizio-civile-cinque-posti-allsos-valbossa-azzate\/1420453\/\">Servizio civile, cinque posti all&#8217;Sos Valbossa di Azzate<\/a><\/blockquote><iframe class=\"wp-embedded-content\" sandbox=\"allow-scripts\" security=\"restricted\" style=\"position: absolute; clip: rect(1px, 1px, 1px, 1px);\" src=\"https:\/\/www.varesenews.it\/2022\/01\/servizio-civile-cinque-posti-allsos-valbossa-azzate\/1420453\/embed\/#?secret=WYePMerl4s\" data-secret=\"WYePMerl4s\" width=\"500\" height=\"282\" title=\"&#8220;Servizio civile, cinque posti all&#8217;Sos Valbossa di Azzate&#8221; &#8212; VareseNews\" frameborder=\"0\" marginwidth=\"0\" marginheight=\"0\" scrolling=\"no\"><\/iframe>","_oembed_time_00ad3df05db74f11a1f4e316c0437ef0":"1643013283","_oembed_df21720c98924611aeaf9991903101db":"<blockquote class=\"wp-embedded-content\" data-secret=\"cZEWCTusNe\"><a href=\"https:\/\/www.varesenews.it\/2022\/01\/servizio-civile-azzate-cerca-giovani-settore-cultura-educazione\/1421034\/\">Servizio Civile, Azzate cerca giovani per il settore cultura-educazione<\/a><\/blockquote><iframe class=\"wp-embedded-content\" sandbox=\"allow-scripts\" security=\"restricted\" style=\"position: absolute; clip: rect(1px, 1px, 1px, 1px);\" src=\"https:\/\/www.varesenews.it\/2022\/01\/servizio-civile-azzate-cerca-giovani-settore-cultura-educazione\/1421034\/embed\/#?secret=cZEWCTusNe\" data-secret=\"cZEWCTusNe\" width=\"500\" height=\"282\" title=\"&#8220;Servizio Civile, Azzate cerca giovani per il settore cultura-educazione&#8221; &#8212; VareseNews\" frameborder=\"0\" marginwidth=\"0\" marginheight=\"0\" scrolling=\"no\"><\/iframe>","_oembed_time_df21720c98924611aeaf9991903101db":"1643013283","_oembed_987f660a229537462acbea7b370298b5":"<blockquote class=\"wp-embedded-content\" data-secret=\"Zl8ax2HhUQ\"><a href=\"https:\/\/www.varesenews.it\/2022\/01\/servizio-civile-gavirate-alla-croce-rossa-del-medio-verbano-le-attivita\/1420749\/\">Servizio civile a Gavirate alla Croce Rossa del Medio Verbano, ecco le attivit\u00e0<\/a><\/blockquote><iframe class=\"wp-embedded-content\" sandbox=\"allow-scripts\" security=\"restricted\" style=\"position: absolute; clip: rect(1px, 1px, 1px, 1px);\" src=\"https:\/\/www.varesenews.it\/2022\/01\/servizio-civile-gavirate-alla-croce-rossa-del-medio-verbano-le-attivita\/1420749\/embed\/#?secret=Zl8ax2HhUQ\" data-secret=\"Zl8ax2HhUQ\" width=\"500\" height=\"282\" title=\"&#8220;Servizio civile a Gavirate alla Croce Rossa del Medio Verbano, ecco le attivit\u00e0&#8221; &#8212; VareseNews\" frameborder=\"0\" marginwidth=\"0\" marginheight=\"0\" scrolling=\"no\"><\/iframe>","_oembed_time_987f660a229537462acbea7b370298b5":"1643013283","_oembed_68ca06df1f772787f12c31ff8aaeeb20":"<blockquote class=\"wp-embedded-content\" data-secret=\"RwYcMZPR2K\"><a href=\"https:\/\/www.saronnonews.it\/2022\/01\/17\/sos-uboldo-cerca-due-volontari-per-il-servizio-civile-2022\/\">SOS Uboldo cerca due volontari per il servizio civile 2022<\/a><\/blockquote><iframe class=\"wp-embedded-content\" sandbox=\"allow-scripts\" security=\"restricted\" style=\"position: absolute; clip: rect(1px, 1px, 1px, 1px);\" src=\"https:\/\/www.saronnonews.it\/2022\/01\/17\/sos-uboldo-cerca-due-volontari-per-il-servizio-civile-2022\/embed\/#?secret=RwYcMZPR2K\" data-secret=\"RwYcMZPR2K\" width=\"500\" height=\"282\" title=\"&#8220;SOS Uboldo cerca due volontari per il servizio civile 2022&#8221; &#8212; SaronnoNews\" frameborder=\"0\" marginwidth=\"0\" marginheight=\"0\" scrolling=\"no\"><\/iframe>","_oembed_time_68ca06df1f772787f12c31ff8aaeeb20":"1643013285","_oembed_0e89072387059fba0c37156447a7145b":"<blockquote class=\"wp-embedded-content\" data-secret=\"NfA420ba6H\"><a href=\"https:\/\/www.varesenews.it\/2022\/01\/ambiente-cultura-sociale-castiglione-olona-nove-posti-servizio-civile\/1420624\/\">Ambiente, cultura e sociale: a Castiglione Olona nove posti per il Servizio civile<\/a><\/blockquote><iframe class=\"wp-embedded-content\" sandbox=\"allow-scripts\" security=\"restricted\" style=\"position: absolute; clip: rect(1px, 1px, 1px, 1px);\" src=\"https:\/\/www.varesenews.it\/2022\/01\/ambiente-cultura-sociale-castiglione-olona-nove-posti-servizio-civile\/1420624\/embed\/#?secret=NfA420ba6H\" data-secret=\"NfA420ba6H\" width=\"500\" height=\"282\" title=\"&#8220;Ambiente, cultura e sociale: a Castiglione Olona nove posti per il Servizio civile&#8221; &#8212; VareseNews\" frameborder=\"0\" marginwidth=\"0\" marginheight=\"0\" scrolling=\"no\"><\/iframe>","_oembed_time_0e89072387059fba0c37156447a7145b":"1643013285","_oembed_866852e9cdf23799cde096bff6789a18":"<blockquote class=\"wp-embedded-content\" data-secret=\"MQtnRr8cwy\"><a href=\"https:\/\/www.varesenews.it\/2022\/01\/servizio-civile-busto-arsizio-disposizione-20-posti\/1420164\/\">Servizio Civile a Busto Arsizio, a disposizione 20 posti<\/a><\/blockquote><iframe class=\"wp-embedded-content\" sandbox=\"allow-scripts\" security=\"restricted\" style=\"position: absolute; clip: rect(1px, 1px, 1px, 1px);\" src=\"https:\/\/www.varesenews.it\/2022\/01\/servizio-civile-busto-arsizio-disposizione-20-posti\/1420164\/embed\/#?secret=MQtnRr8cwy\" data-secret=\"MQtnRr8cwy\" width=\"500\" height=\"282\" title=\"&#8220;Servizio Civile a Busto Arsizio, a disposizione 20 posti&#8221; &#8212; VareseNews\" frameborder=\"0\" marginwidth=\"0\" marginheight=\"0\" scrolling=\"no\"><\/iframe>","_oembed_time_866852e9cdf23799cde096bff6789a18":"1643013286","_oembed_fa0994be22f94f8c8a2db4b033aa5744":"<blockquote class=\"wp-embedded-content\" data-secret=\"uaV6wKWsLO\"><a href=\"https:\/\/www.varesenews.it\/2021\/12\/cultura-servizi-educativi-bando-del-servizio-civile-del-comune-gazzada-schianno\/1413575\/\">Cultura e servizi educativi, bando del servizio civile del Comune di Gazzada Schianno<\/a><\/blockquote><iframe class=\"wp-embedded-content\" sandbox=\"allow-scripts\" security=\"restricted\" style=\"position: absolute; clip: rect(1px, 1px, 1px, 1px);\" src=\"https:\/\/www.varesenews.it\/2021\/12\/cultura-servizi-educativi-bando-del-servizio-civile-del-comune-gazzada-schianno\/1413575\/embed\/#?secret=uaV6wKWsLO\" data-secret=\"uaV6wKWsLO\" width=\"500\" height=\"282\" title=\"&#8220;Cultura e servizi educativi, bando del servizio civile del Comune di Gazzada Schianno&#8221; &#8212; VareseNews\" frameborder=\"0\" marginwidth=\"0\" marginheight=\"0\" scrolling=\"no\"><\/iframe>","_oembed_time_fa0994be22f94f8c8a2db4b033aa5744":"1643013286","_oembed_820736ddabe2b9eaaa0e1006684080fb":"<blockquote class=\"wp-embedded-content\" data-secret=\"OjuU3T34CD\"><a href=\"https:\/\/www.varesenews.it\/2022\/01\/comune-cantello-cerca-giovani-volontari-interessati-al-servizio-civile\/1419351\/\">Il Comune di Cantello cerca tre giovani interessati al Servizio civile<\/a><\/blockquote><iframe class=\"wp-embedded-content\" sandbox=\"allow-scripts\" security=\"restricted\" style=\"position: absolute; clip: rect(1px, 1px, 1px, 1px);\" src=\"https:\/\/www.varesenews.it\/2022\/01\/comune-cantello-cerca-giovani-volontari-interessati-al-servizio-civile\/1419351\/embed\/#?secret=OjuU3T34CD\" data-secret=\"OjuU3T34CD\" width=\"500\" height=\"282\" title=\"&#8220;Il Comune di Cantello cerca tre giovani interessati al Servizio civile&#8221; &#8212; VareseNews\" frameborder=\"0\" marginwidth=\"0\" marginheight=\"0\" scrolling=\"no\"><\/iframe>","_oembed_time_820736ddabe2b9eaaa0e1006684080fb":"1643013286","_oembed_8d6451618791251254cf39b02f6d376e":"<blockquote class=\"wp-embedded-content\" data-secret=\"lgZ0eFP61Q\"><a href=\"https:\/\/www.varesenews.it\/2022\/01\/cinque-posti-servizio-civile-cassano-magnago-comune\/1417979\/\">Cinque posti di servizio civile a Cassano Magnago, in Comune<\/a><\/blockquote><iframe class=\"wp-embedded-content\" sandbox=\"allow-scripts\" security=\"restricted\" style=\"position: absolute; clip: rect(1px, 1px, 1px, 1px);\" src=\"https:\/\/www.varesenews.it\/2022\/01\/cinque-posti-servizio-civile-cassano-magnago-comune\/1417979\/embed\/#?secret=lgZ0eFP61Q\" data-secret=\"lgZ0eFP61Q\" width=\"500\" height=\"282\" title=\"&#8220;Cinque posti di servizio civile a Cassano Magnago, in Comune&#8221; &#8212; VareseNews\" frameborder=\"0\" marginwidth=\"0\" marginheight=\"0\" scrolling=\"no\"><\/iframe>","_oembed_time_8d6451618791251254cf39b02f6d376e":"1643013286","_oembed_0e56020e630c4b95cf990447d1de2788":"<blockquote class=\"wp-embedded-content\" data-secret=\"VlCPEnYO15\"><a href=\"https:\/\/www.legnanonews.com\/aree-geografiche\/alto_milanese\/2022\/01\/17\/ce-ancora-tempo-per-candidarsi-al-servizio-civile-universale-di-castellanza\/1011151\/\">C&#8217;\u00e8 ancora tempo per candidarsi al Servizio Civile Universale di Castellanza<\/a><\/blockquote><iframe class=\"wp-embedded-content\" sandbox=\"allow-scripts\" security=\"restricted\" style=\"position: absolute; clip: rect(1px, 1px, 1px, 1px);\" src=\"https:\/\/www.legnanonews.com\/aree-geografiche\/alto_milanese\/2022\/01\/17\/ce-ancora-tempo-per-candidarsi-al-servizio-civile-universale-di-castellanza\/1011151\/embed\/#?secret=VlCPEnYO15\" data-secret=\"VlCPEnYO15\" width=\"500\" height=\"282\" title=\"&#8220;C&#8217;\u00e8 ancora tempo per candidarsi al Servizio Civile Universale di Castellanza&#8221; &#8212; LegnanoNews\" frameborder=\"0\" marginwidth=\"0\" marginheight=\"0\" scrolling=\"no\"><\/iframe>","_oembed_time_0e56020e630c4b95cf990447d1de2788":"1643013288","_oembed_4983e3e3a4da2051843d3e8decad704b":"<blockquote class=\"wp-embedded-content\" data-secret=\"xotKwD0ZSR\"><a href=\"https:\/\/www.varesenews.it\/2022\/01\/due-posti-servizio-civile-alla-biblioteca-frera-tradate\/1416421\/\">Due posti per il servizio civile alla Biblioteca Frera di Tradate<\/a><\/blockquote><iframe class=\"wp-embedded-content\" sandbox=\"allow-scripts\" security=\"restricted\" style=\"position: absolute; clip: rect(1px, 1px, 1px, 1px);\" src=\"https:\/\/www.varesenews.it\/2022\/01\/due-posti-servizio-civile-alla-biblioteca-frera-tradate\/1416421\/embed\/#?secret=xotKwD0ZSR\" data-secret=\"xotKwD0ZSR\" width=\"500\" height=\"282\" title=\"&#8220;Due posti per il servizio civile alla Biblioteca Frera di Tradate&#8221; &#8212; VareseNews\" frameborder=\"0\" marginwidth=\"0\" marginheight=\"0\" scrolling=\"no\"><\/iframe>","_oembed_time_4983e3e3a4da2051843d3e8decad704b":"1643013288","_oembed_6b102720e7c789dcdd1f9f826938e600":"<blockquote class=\"wp-embedded-content\" data-secret=\"eBpG0gtBgP\"><a href=\"https:\/\/www.saronnonews.it\/2021\/12\/27\/il-comune-di-cislago-cerca-due-volontari-per-il-servizio-civile-2022\/\">Il Comune di Cislago cerca due volontari per il servizio civile 2022<\/a><\/blockquote><iframe class=\"wp-embedded-content\" sandbox=\"allow-scripts\" security=\"restricted\" style=\"position: absolute; clip: rect(1px, 1px, 1px, 1px);\" src=\"https:\/\/www.saronnonews.it\/2021\/12\/27\/il-comune-di-cislago-cerca-due-volontari-per-il-servizio-civile-2022\/embed\/#?secret=eBpG0gtBgP\" data-secret=\"eBpG0gtBgP\" width=\"500\" height=\"282\" title=\"&#8220;Il Comune di Cislago cerca due volontari per il servizio civile 2022&#8221; &#8212; SaronnoNews\" frameborder=\"0\" marginwidth=\"0\" marginheight=\"0\" scrolling=\"no\"><\/iframe>","_oembed_time_6b102720e7c789dcdd1f9f826938e600":"1643013289","_oembed_63d4a6f1ca277776178fcdbf1b221c76":"<blockquote class=\"wp-embedded-content\" data-secret=\"4ZelaUSvBM\"><a href=\"https:\/\/www.saronnonews.it\/2021\/12\/28\/il-comune-di-saronno-cerca-sette-volontari-per-il-servizio-civile-2022\/\">Il Comune di Saronno cerca sette volontari per il servizio civile 2022<\/a><\/blockquote><iframe class=\"wp-embedded-content\" sandbox=\"allow-scripts\" security=\"restricted\" style=\"position: absolute; clip: rect(1px, 1px, 1px, 1px);\" src=\"https:\/\/www.saronnonews.it\/2021\/12\/28\/il-comune-di-saronno-cerca-sette-volontari-per-il-servizio-civile-2022\/embed\/#?secret=4ZelaUSvBM\" data-secret=\"4ZelaUSvBM\" width=\"500\" height=\"282\" title=\"&#8220;Il Comune di Saronno cerca sette volontari per il servizio civile 2022&#8221; &#8212; SaronnoNews\" frameborder=\"0\" marginwidth=\"0\" marginheight=\"0\" scrolling=\"no\"><\/iframe>","_oembed_time_63d4a6f1ca277776178fcdbf1b221c76":"1643013291","_oembed_1f2556c54cc75d63351331e546e8de43":"<blockquote class=\"wp-embedded-content\" data-secret=\"SearuuZ44c\"><a href=\"https:\/\/www.varesenews.it\/2022\/01\/sette-posti-servizio-civile-al-comune-malnate\/1416031\/\">Sette posti per il Servizio Civile al Comune di Malnate<\/a><\/blockquote><iframe class=\"wp-embedded-content\" sandbox=\"allow-scripts\" security=\"restricted\" style=\"position: absolute; clip: rect(1px, 1px, 1px, 1px);\" src=\"https:\/\/www.varesenews.it\/2022\/01\/sette-posti-servizio-civile-al-comune-malnate\/1416031\/embed\/#?secret=SearuuZ44c\" data-secret=\"SearuuZ44c\" width=\"500\" height=\"282\" title=\"&#8220;Sette posti per il Servizio Civile al Comune di Malnate&#8221; &#8212; VareseNews\" frameborder=\"0\" marginwidth=\"0\" marginheight=\"0\" scrolling=\"no\"><\/iframe>","_oembed_time_1f2556c54cc75d63351331e546e8de43":"1643013291","_oembed_c413578c910a0acd9ebd8931e6934f9a":"<blockquote class=\"wp-embedded-content\" data-secret=\"P26oHkLtfj\"><a href=\"https:\/\/www.varesenews.it\/2022\/01\/servizio-civile-samarate-cerca-4-giovani-lavorino-negli-uffici-del-comune\/1420796\/\">Servizio civile: Samarate cerca 4 giovani per gli uffici del Comune<\/a><\/blockquote><iframe class=\"wp-embedded-content\" sandbox=\"allow-scripts\" security=\"restricted\" style=\"position: absolute; clip: rect(1px, 1px, 1px, 1px);\" src=\"https:\/\/www.varesenews.it\/2022\/01\/servizio-civile-samarate-cerca-4-giovani-lavorino-negli-uffici-del-comune\/1420796\/embed\/#?secret=P26oHkLtfj\" data-secret=\"P26oHkLtfj\" width=\"500\" height=\"282\" title=\"&#8220;Servizio civile: Samarate cerca 4 giovani per gli uffici del Comune&#8221; &#8212; VareseNews\" frameborder=\"0\" marginwidth=\"0\" marginheight=\"0\" scrolling=\"no\"><\/iframe>","_oembed_time_c413578c910a0acd9ebd8931e6934f9a":"1643013291","_oembed_3861d1e6f44e99776f3f824274d5438f":"<blockquote class=\"wp-embedded-content\" data-secret=\"Kg3jiDKd4s\"><a href=\"https:\/\/www.varesenews.it\/2022\/01\/gli-amanti-dellarte-aperto-bando-servizio-civile-al-museo-maga\/1418751\/\">Per gli amanti dell&#8217;arte aperto il bando per il Servizio Civile al Museo Maga<\/a><\/blockquote><iframe class=\"wp-embedded-content\" sandbox=\"allow-scripts\" security=\"restricted\" style=\"position: absolute; clip: rect(1px, 1px, 1px, 1px);\" src=\"https:\/\/www.varesenews.it\/2022\/01\/gli-amanti-dellarte-aperto-bando-servizio-civile-al-museo-maga\/1418751\/embed\/#?secret=Kg3jiDKd4s\" data-secret=\"Kg3jiDKd4s\" width=\"500\" height=\"282\" title=\"&#8220;Per gli amanti dell&#8217;arte aperto il bando per il Servizio Civile al Museo Maga&#8221; &#8212; VareseNews\" frameborder=\"0\" marginwidth=\"0\" marginheight=\"0\" scrolling=\"no\"><\/iframe>","_oembed_time_3861d1e6f44e99776f3f824274d5438f":"1643013291","_oembed_d875847958143b4dd4e6a9ed7c1328e7":"<blockquote class=\"wp-embedded-content\" data-secret=\"Pb0RpLlbJA\"><a href=\"https:\/\/www.varesenews.it\/2022\/01\/un-anno-pro-loco-servizio-civile-la-citta-gallarate\/1419160\/\">Un anno in Pro Loco: il servizio civile per la citt\u00e0 di Gallarate<\/a><\/blockquote><iframe class=\"wp-embedded-content\" sandbox=\"allow-scripts\" security=\"restricted\" style=\"position: absolute; clip: rect(1px, 1px, 1px, 1px);\" src=\"https:\/\/www.varesenews.it\/2022\/01\/un-anno-pro-loco-servizio-civile-la-citta-gallarate\/1419160\/embed\/#?secret=Pb0RpLlbJA\" data-secret=\"Pb0RpLlbJA\" width=\"500\" height=\"282\" title=\"&#8220;Un anno in Pro Loco: il servizio civile per la citt\u00e0 di Gallarate&#8221; &#8212; VareseNews\" frameborder=\"0\" marginwidth=\"0\" marginheight=\"0\" scrolling=\"no\"><\/iframe>","_oembed_time_d875847958143b4dd4e6a9ed7c1328e7":"1643013291","_oembed_3e601f1830fe891f3c982cbbbf4a7d81":"<blockquote class=\"wp-embedded-content\" data-secret=\"haZicBQWZM\"><a href=\"https:\/\/www.varesenews.it\/2021\/12\/auser-varese-cerca-volontari-servizio-civile-tre-posti-disposizione-2022\/1414355\/\">Auser Varese cerca volontari in Servizio Civile, tre i posti a disposizione per il 2022<\/a><\/blockquote><iframe class=\"wp-embedded-content\" sandbox=\"allow-scripts\" security=\"restricted\" style=\"position: absolute; clip: rect(1px, 1px, 1px, 1px);\" src=\"https:\/\/www.varesenews.it\/2021\/12\/auser-varese-cerca-volontari-servizio-civile-tre-posti-disposizione-2022\/1414355\/embed\/#?secret=haZicBQWZM\" data-secret=\"haZicBQWZM\" width=\"500\" height=\"282\" title=\"&#8220;Auser Varese cerca volontari in Servizio Civile, tre i posti a disposizione per il 2022&#8221; &#8212; VareseNews\" frameborder=\"0\" marginwidth=\"0\" marginheight=\"0\" scrolling=\"no\"><\/iframe>","_oembed_time_3e601f1830fe891f3c982cbbbf4a7d81":"1643013291","_oembed_73a851ef6fbacb7186afbd8c898f80f0":"<blockquote class=\"wp-embedded-content\" data-secret=\"v5ikhko617\"><a href=\"https:\/\/www.saronnonews.it\/2021\/12\/27\/auser-saronno-cerca-un-volontario-per-il-servizio-civile-2022\/\">Auser Saronno cerca un volontario per il servizio civile 2022<\/a><\/blockquote><iframe class=\"wp-embedded-content\" sandbox=\"allow-scripts\" security=\"restricted\" style=\"position: absolute; clip: rect(1px, 1px, 1px, 1px);\" src=\"https:\/\/www.saronnonews.it\/2021\/12\/27\/auser-saronno-cerca-un-volontario-per-il-servizio-civile-2022\/embed\/#?secret=v5ikhko617\" data-secret=\"v5ikhko617\" width=\"500\" height=\"282\" title=\"&#8220;Auser Saronno cerca un volontario per il servizio civile 2022&#8221; &#8212; SaronnoNews\" frameborder=\"0\" marginwidth=\"0\" marginheight=\"0\" scrolling=\"no\"><\/iframe>","_oembed_time_73a851ef6fbacb7186afbd8c898f80f0":"1643013292","_oembed_c7383d818bb9bb9352d6a9f4d7a7f59b":"<blockquote class=\"wp-embedded-content\" data-secret=\"2gFm9ygiGI\"><a href=\"https:\/\/www.varesenews.it\/2022\/01\/un-anno-servizio-civile-lauser-gallarate\/1419398\/\">Un anno di Servizio civile con l&#8217;Auser Gallarate<\/a><\/blockquote><iframe class=\"wp-embedded-content\" sandbox=\"allow-scripts\" security=\"restricted\" style=\"position: absolute; clip: rect(1px, 1px, 1px, 1px);\" src=\"https:\/\/www.varesenews.it\/2022\/01\/un-anno-servizio-civile-lauser-gallarate\/1419398\/embed\/#?secret=2gFm9ygiGI\" data-secret=\"2gFm9ygiGI\" width=\"500\" height=\"282\" title=\"&#8220;Un anno di Servizio civile con l&#8217;Auser Gallarate&#8221; &#8212; VareseNews\" frameborder=\"0\" marginwidth=\"0\" marginheight=\"0\" scrolling=\"no\"><\/iframe>","_oembed_time_c7383d818bb9bb9352d6a9f4d7a7f59b":"1643013293","_oembed_64e0461eb9d1fdb4667c62f9b43e67e7":"<blockquote class=\"wp-embedded-content\" data-secret=\"3LueTNbbGs\"><a href=\"https:\/\/www.varesenews.it\/2022\/01\/due-progetti-servizio-civile-alla-fondazione-don-gnocchi-malnate\/1419683\/\">Due progetti di servizio civile alla Fondazione Don Gnocchi di Malnate<\/a><\/blockquote><iframe class=\"wp-embedded-content\" sandbox=\"allow-scripts\" security=\"restricted\" style=\"position: absolute; clip: rect(1px, 1px, 1px, 1px);\" src=\"https:\/\/www.varesenews.it\/2022\/01\/due-progetti-servizio-civile-alla-fondazione-don-gnocchi-malnate\/1419683\/embed\/#?secret=3LueTNbbGs\" data-secret=\"3LueTNbbGs\" width=\"500\" height=\"282\" title=\"&#8220;Due progetti di servizio civile alla Fondazione Don Gnocchi di Malnate&#8221; &#8212; VareseNews\" frameborder=\"0\" marginwidth=\"0\" marginheight=\"0\" scrolling=\"no\"><\/iframe>","_oembed_time_64e0461eb9d1fdb4667c62f9b43e67e7":"1643013293","_oembed_cb571626fba30df1510f614aaa3bb196":"<blockquote class=\"wp-embedded-content\" data-secret=\"SNg3hEtPSV\"><a href=\"https:\/\/www.varesenews.it\/2022\/01\/un-anno-legambiente-servizio-civile-anche-varese\/1420218\/\">Un anno con Legambiente, con il servizio civile (anche a Varese)<\/a><\/blockquote><iframe class=\"wp-embedded-content\" sandbox=\"allow-scripts\" security=\"restricted\" style=\"position: absolute; clip: rect(1px, 1px, 1px, 1px);\" src=\"https:\/\/www.varesenews.it\/2022\/01\/un-anno-legambiente-servizio-civile-anche-varese\/1420218\/embed\/#?secret=SNg3hEtPSV\" data-secret=\"SNg3hEtPSV\" width=\"500\" height=\"282\" title=\"&#8220;Un anno con Legambiente, con il servizio civile (anche a Varese)&#8221; &#8212; VareseNews\" frameborder=\"0\" marginwidth=\"0\" marginheight=\"0\" scrolling=\"no\"><\/iframe>","_oembed_time_cb571626fba30df1510f614aaa3bb196":"1643013293","_oembed_120b3a04f2ab46ff4f38f5b37c0fa3c7":"<blockquote class=\"wp-embedded-content\" data-secret=\"FwehbrpoRV\"><a href=\"https:\/\/www.varesenews.it\/2022\/01\/ultima-chiamata-camera-commercio-due-volontari-del-servizio-civile\/1420389\/\">Ultima chiamata di Camera di Commercio per due volontari del servizio civile<\/a><\/blockquote><iframe class=\"wp-embedded-content\" sandbox=\"allow-scripts\" security=\"restricted\" style=\"position: absolute; clip: rect(1px, 1px, 1px, 1px);\" src=\"https:\/\/www.varesenews.it\/2022\/01\/ultima-chiamata-camera-commercio-due-volontari-del-servizio-civile\/1420389\/embed\/#?secret=FwehbrpoRV\" data-secret=\"FwehbrpoRV\" width=\"500\" height=\"282\" title=\"&#8220;Ultima chiamata di Camera di Commercio per due volontari del servizio civile&#8221; &#8212; VareseNews\" frameborder=\"0\" marginwidth=\"0\" marginheight=\"0\" scrolling=\"no\"><\/iframe>","_oembed_time_120b3a04f2ab46ff4f38f5b37c0fa3c7":"1643013293","_oembed_ee6b128a6659888b47e636e2175c3853":"<blockquote class=\"wp-embedded-content\" data-secret=\"DUoWLytPDf\"><a href=\"https:\/\/www.legnanonews.com\/aree-geografiche\/legnano\/2022\/01\/10\/uildm-legnano-cerca-8-ragazzi-per-il-servizio-civile\/1010420\/\">Uildm Legnano cerca 8 ragazzi per il Servizio Civile<\/a><\/blockquote><iframe class=\"wp-embedded-content\" sandbox=\"allow-scripts\" security=\"restricted\" style=\"position: absolute; clip: rect(1px, 1px, 1px, 1px);\" src=\"https:\/\/www.legnanonews.com\/aree-geografiche\/legnano\/2022\/01\/10\/uildm-legnano-cerca-8-ragazzi-per-il-servizio-civile\/1010420\/embed\/#?secret=DUoWLytPDf\" data-secret=\"DUoWLytPDf\" width=\"500\" height=\"282\" title=\"&#8220;Uildm Legnano cerca 8 ragazzi per il Servizio Civile&#8221; &#8212; LegnanoNews\" frameborder=\"0\" marginwidth=\"0\" marginheight=\"0\" scrolling=\"no\"><\/iframe>","_oembed_time_ee6b128a6659888b47e636e2175c3853":"1643013295","_oembed_0cbf35a99133b5dfe02607e877008c21":"<blockquote class=\"wp-embedded-content\" data-secret=\"hxCaKgtkeT\"><a href=\"https:\/\/www.legnanonews.com\/aree-geografiche\/legnano\/2022\/01\/18\/avis-legnano-pubblicato-il-bando-di-servizio-civile-universale\/1011311\/\">Avis Legnano, pubblicato il bando di servizio civile universale<\/a><\/blockquote><iframe class=\"wp-embedded-content\" sandbox=\"allow-scripts\" security=\"restricted\" style=\"position: absolute; clip: rect(1px, 1px, 1px, 1px);\" src=\"https:\/\/www.legnanonews.com\/aree-geografiche\/legnano\/2022\/01\/18\/avis-legnano-pubblicato-il-bando-di-servizio-civile-universale\/1011311\/embed\/#?secret=hxCaKgtkeT\" data-secret=\"hxCaKgtkeT\" width=\"500\" height=\"282\" title=\"&#8220;Avis Legnano, pubblicato il bando di servizio civile universale&#8221; &#8212; LegnanoNews\" frameborder=\"0\" marginwidth=\"0\" marginheight=\"0\" scrolling=\"no\"><\/iframe>","_oembed_time_0cbf35a99133b5dfe02607e877008c21":"1643013297","_oembed_c00e3a982dd214f4c2e5ba2e2788c662":"<blockquote class=\"wp-embedded-content\" data-secret=\"tQBmIvJxJv\"><a href=\"https:\/\/www.verbanonews.it\/aree-geografiche\/piemonte\/2022\/01\/18\/servizio-civile-al-parco-nazionale-della-val-grande\/939323\/\">Servizio civile al Parco Nazionale della Val Grande<\/a><\/blockquote><iframe class=\"wp-embedded-content\" sandbox=\"allow-scripts\" security=\"restricted\" style=\"position: absolute; clip: rect(1px, 1px, 1px, 1px);\" src=\"https:\/\/www.verbanonews.it\/aree-geografiche\/piemonte\/2022\/01\/18\/servizio-civile-al-parco-nazionale-della-val-grande\/939323\/embed\/#?secret=tQBmIvJxJv\" data-secret=\"tQBmIvJxJv\" width=\"500\" height=\"282\" title=\"&#8220;Servizio civile al Parco Nazionale della Val Grande&#8221; &#8212; VerbanoNews\" frameborder=\"0\" marginwidth=\"0\" marginheight=\"0\" scrolling=\"no\"><\/iframe>","_oembed_time_c00e3a982dd214f4c2e5ba2e2788c662":"1643013299","_oembed_f129807d04bf52144f52f1afe1c7ca77":"<blockquote class=\"wp-embedded-content\" data-secret=\"Okhe8NfWxQ\"><a href=\"https:\/\/www.verbanonews.it\/aree-geografiche\/piemonte\/2022\/01\/19\/borgomanero-apre-il-bando-per-il-servizio-civile-e-invita-i-giovani-ad-iscriversi\/939387\/\">Borgomanero apre il bando per il servizio civile e invita i giovani ad iscriversi<\/a><\/blockquote><iframe class=\"wp-embedded-content\" sandbox=\"allow-scripts\" security=\"restricted\" style=\"position: absolute; clip: rect(1px, 1px, 1px, 1px);\" src=\"https:\/\/www.verbanonews.it\/aree-geografiche\/piemonte\/2022\/01\/19\/borgomanero-apre-il-bando-per-il-servizio-civile-e-invita-i-giovani-ad-iscriversi\/939387\/embed\/#?secret=Okhe8NfWxQ\" data-secret=\"Okhe8NfWxQ\" width=\"500\" height=\"282\" title=\"&#8220;Borgomanero apre il bando per il servizio civile e invita i giovani ad iscriversi&#8221; &#8212; VerbanoNews\" frameborder=\"0\" marginwidth=\"0\" marginheight=\"0\" scrolling=\"no\"><\/iframe>","_oembed_time_f129807d04bf52144f52f1afe1c7ca77":"1643013300","_oembed_daafbf6d64c22c8e07e25d9ca380be6b":"<blockquote class=\"wp-embedded-content\" data-secret=\"UvPqthzQb1\"><a href=\"https:\/\/www.varesenews.it\/2021\/06\/dimezzato-premio-risultato-domani-lo-sciopero-negli-stabilimenti-leonardo\/1351140\/\">Dimezzato il premio di risultato, sciopero negli stabilimenti Leonardo<\/a><\/blockquote><iframe class=\"wp-embedded-content\" sandbox=\"allow-scripts\" security=\"restricted\" style=\"position: absolute; clip: rect(1px, 1px, 1px, 1px);\" src=\"https:\/\/www.varesenews.it\/2021\/06\/dimezzato-premio-risultato-domani-lo-sciopero-negli-stabilimenti-leonardo\/1351140\/embed\/#?secret=UvPqthzQb1\" data-secret=\"UvPqthzQb1\" width=\"500\" height=\"282\" title=\"&#8220;Dimezzato il premio di risultato, sciopero negli stabilimenti Leonardo&#8221; &#8212; VareseNews\" frameborder=\"0\" marginwidth=\"0\" marginheight=\"0\" scrolling=\"no\"><\/iframe>","_oembed_time_daafbf6d64c22c8e07e25d9ca380be6b":"1643013301","_oembed_4e079259d7b6f7a930ad347635a4443a":"<blockquote class=\"wp-embedded-content\" data-secret=\"XiCmwQ56ge\"><a href=\"https:\/\/www.varesenews.it\/2022\/01\/cade-un-oggetto-dal-cielo-vigili-del-fuoco-soccorritori-impegnati-nelle-ricerche-cislago\/1421106\/\">Cade un oggetto dal cielo: vigili del fuoco e soccorritori impegnati nelle ricerche a Cislago<\/a><\/blockquote><iframe class=\"wp-embedded-content\" sandbox=\"allow-scripts\" security=\"restricted\" style=\"position: absolute; clip: rect(1px, 1px, 1px, 1px);\" src=\"https:\/\/www.varesenews.it\/2022\/01\/cade-un-oggetto-dal-cielo-vigili-del-fuoco-soccorritori-impegnati-nelle-ricerche-cislago\/1421106\/embed\/#?secret=XiCmwQ56ge\" data-secret=\"XiCmwQ56ge\" width=\"500\" height=\"282\" title=\"&#8220;Cade un oggetto dal cielo: vigili del fuoco e soccorritori impegnati nelle ricerche a Cislago&#8221; &#8212; VareseNews\" frameborder=\"0\" marginwidth=\"0\" marginheight=\"0\" scrolling=\"no\"><\/iframe>","_oembed_time_4e079259d7b6f7a930ad347635a4443a":"1643013593","_oembed_8b47d176428085a0c6f0b676257db3a0":"<blockquote class=\"wp-embedded-content\" data-secret=\"xOrPQpa8f5\"><a href=\"https:\/\/www.saronnonews.it\/2021\/12\/02\/viaggio-nellisotta-fraschini-di-saronno-da-fabbrica-abbandonata-al-sogno-della-citta-dei-beni-comuni\/\">Viaggio nell&#8217;Isotta Fraschini di Saronno, da fabbrica abbandonata al sogno della &#8220;citt\u00e0 dei beni comuni&#8221;<\/a><\/blockquote><iframe class=\"wp-embedded-content\" sandbox=\"allow-scripts\" security=\"restricted\" style=\"position: absolute; clip: rect(1px, 1px, 1px, 1px);\" src=\"https:\/\/www.saronnonews.it\/2021\/12\/02\/viaggio-nellisotta-fraschini-di-saronno-da-fabbrica-abbandonata-al-sogno-della-citta-dei-beni-comuni\/embed\/#?secret=xOrPQpa8f5\" data-secret=\"xOrPQpa8f5\" width=\"500\" height=\"282\" title=\"&#8220;Viaggio nell&#8217;Isotta Fraschini di Saronno, da fabbrica abbandonata al sogno della &#8220;citt\u00e0 dei beni comuni&#8221;&#8221; &#8212; SaronnoNews\" frameborder=\"0\" marginwidth=\"0\" marginheight=\"0\" scrolling=\"no\"><\/iframe>","_oembed_time_8b47d176428085a0c6f0b676257db3a0":"1643013595"},"photos":[{"original":"https:\/\/staging.varesenews.it\/photogallery_new\/images\/2021\/09\/foto-repertorio-1248100.jpg","full":"https:\/\/staging.varesenews.it\/photogallery_new\/images\/2021\/09\/foto-repertorio-1248100.1024x768.jpg","large":"https:\/\/staging.varesenews.it\/photogallery_new\/images\/2021\/09\/foto-repertorio-1248100.610x431.jpg"}],"_links":{"self":[{"href":"https:\/\/staging.varesenews.it\/swgapi\/v1\/wp\/v2\/posts\/1421560"}],"collection":[{"href":"https:\/\/staging.varesenews.it\/swgapi\/v1\/wp\/v2\/posts"}],"about":[{"href":"https:\/\/staging.varesenews.it\/swgapi\/v1\/wp\/v2\/types\/post"}],"author":[{"embeddable":true,"href":"https:\/\/staging.varesenews.it\/swgapi\/v1\/wp\/v2\/users\/54"}],"replies":[{"embeddable":true,"href":"https:\/\/staging.varesenews.it\/swgapi\/v1\/wp\/v2\/comments?post=1421560"}],"version-history":[{"count":0,"href":"https:\/\/staging.varesenews.it\/swgapi\/v1\/wp\/v2\/posts\/1421560\/revisions"}],"wp:attachment":[{"href":"https:\/\/staging.varesenews.it\/swgapi\/v1\/wp\/v2\/media?parent=1421560"}],"wp:term":[{"taxonomy":"category","embeddable":true,"href":"https:\/\/staging.varesenews.it\/swgapi\/v1\/wp\/v2\/categories?post=1421560"},{"taxonomy":"post_tag","embeddable":true,"href":"https:\/\/staging.varesenews.it\/swgapi\/v1\/wp\/v2\/tags?post=1421560"}],"curies":[{"name":"wp","href":"https:\/\/api.w.org\/{rel}","templated":true}]}}