{"id":142183,"date":"2010-07-22T00:00:00","date_gmt":"2010-07-22T00:00:00","guid":{"rendered":""},"modified":"2010-07-22T00:00:00","modified_gmt":"2010-07-22T00:00:00","slug":"commercio-anche-la-periferia-vuole-il-distretto","status":"publish","type":"post","link":"https:\/\/staging.varesenews.it\/2010\/07\/commercio-anche-la-periferia-vuole-il-distretto\/142183\/","title":{"rendered":"Commercio, anche la periferia vuole il distretto"},"content":{"rendered":"<p><img loading=\"lazy\" decoding=\"async\" hspace=\"5\" height=\"300\" width=\"223\" vspace=\"5\" border=\"1\" align=\"left\" src=\"https:\/\/www3.varesenews.it\/immagini_articoli\/200806\/DSC_0357.JPG\" alt=\"\" \/><strong>Distretti del commercio a Busto Arsizio<\/strong>, pu&ograve; esisterne pi&ugrave; di uno? E&#8217; questa la domanda che resta sospesa dopo la votazione della <strong>mozione di indirizzo<\/strong> nell&#8217;ultimo consiglio comunale, tenutosi una settimana fa, presentata dal <strong>consigliere comunale di Rifondazione Comunista Antonio Corrado<\/strong> e votata&nbsp; dalla maggioranza con l&#8217;astensione del Pd. Il testo chiedeva di allargare anche agli oltre 800 negozi della periferia l&#8217;associazione al distretto del commercio e non limitarlo solo agli oltre 300 punti vendita del centro cittadino. <\/p>\n<p>Il consigliere del Prc ha richiesto, in occasione della votazione in assemblea dell&#8217;associazione distretto del commercio di Busto Arsizio, che <strong>anche i negozi della periferia venissero indirizzati a questo scopo<\/strong>. La <a href=\"http:\/\/www3.varesenews.it\/busto\/articolo.php?id=159397\" target=\"_blank\">costituzione del distretto <\/a>votata prima della mozione di Corrado, infatti, d&agrave; accesso ad una serie di <strong>finanziamenti della Regione <\/strong>per progetti finalizzati al miglioramento della fruizione di un area dove sono presenti negozi di vicinato. I commercianti del centro, infatti, per primi hanno intuito in provincia, l&#8217;importanza di valorizzare sia le proprie strutture di vendita che il contorno, lavorando in sinergia in comitato e facendo del vero e proprio marketing territoriale. Basti citare i gioved&igrave; sera in centro e la <strong>galassia di iniziative promosse per animare la citt&agrave;<\/strong> (concerti, spettacoli, teatro, dimostrazioni, mercatino).<\/p>\n<p>Secondo Corrado anche i negozi della periferia possono sviluppare nei loro centri di pertinenza, simili iniziative: &laquo;Con questa mozione <strong>ho voluto ribadire la funzione sociale di questi negozi che sono la vera rete che tiene insieme le comunit&agrave; <\/strong>&#8211; ha detto il consigliere &#8211; non possiamo lasciare che i negozi in periferia chiudano&raquo;. Busto &egrave; un centro che ha la forza per poter sviluppare pi&ugrave; iniziative di questo tipo anche secondo l&#8217;assessore allo sviluppo <strong>Franco Castiglioni:<\/strong> &laquo;Abbiamo votato il testo di Corrado perch&egrave; l&#8217;abbiamo ritenuto valido &#8211; ha ribadito l&#8217;assessore &#8211; &egrave; giusto fare in modo che anche i negozi di periferia si animino e animino i centri storici rispettivi ma serve coesione e gioco di squadra da parte degli stessi, come hanno fatto i negozi del centro&raquo;. <strong>Una missione difficile da realizzare ma la mozione votata &egrave; un primo passo.<\/strong> Serve la volont&agrave; dei commercianti e anche quella dell&#8217;amministrazione che deve spingere perch&egrave; si formino comitati equivalenti a quello del centro e una buona dose di capacit&agrave; organizzativa. Ma queste caratteristiche ai bustocchi non mancano. Cos&igrave; dopo i gioved&igrave; sera in centro si potr&agrave; un giorno parlare anche dei venerd&igrave; a Sacconago o dei mercoled&igrave; sera con i negozi aperti a Borsano: &laquo;Sarebbe bello &#8211; conclude Castiglioni &#8211; Busto potrebbe diventare cos&igrave; un centro commerciale a cielo aperto&raquo;.<br type=\"_moz\" \/><\/p>\n","protected":false},"excerpt":{"rendered":"<p>Una mozione di indirizzo proposta da Corrado (Prc) \u00e8 stata votata anche dalla maggioranza. L&#8217;obiettivo \u00e8 esportare l&#8217;esempio dei commercianti del centro anche nei quartieri e far rivivere la socialit\u00e0 tramite i negozi di vicinato<\/p>\n","protected":false},"author":10,"featured_media":0,"comment_status":"open","ping_status":"open","sticky":false,"template":"","format":"standard","meta":{"footnotes":""},"categories":[4],"tags":[17889],"acf":[],"yoast_head":"<!-- This site is optimized with the Yoast SEO plugin v20.1 - https:\/\/yoast.com\/wordpress\/plugins\/seo\/ -->\n<title>Commercio, anche la periferia vuole il distretto<\/title>\n<meta name=\"description\" content=\"Una mozione di indirizzo proposta da Corrado (Prc) \u00e8 stata votata anche dalla maggioranza. L&#039;obiettivo \u00e8 esportare l&#039;esempio dei commercianti del centro anche nei quartieri e far rivivere la socialit\u00e0 tramite i negozi di vicinato\" \/>\n<meta name=\"robots\" content=\"noindex, follow, max-snippet:-1, max-image-preview:large, max-video-preview:-1\" \/>\n<meta property=\"og:locale\" content=\"it_IT\" \/>\n<meta property=\"og:type\" content=\"article\" \/>\n<meta property=\"og:title\" content=\"Commercio, anche la periferia vuole il distretto\" \/>\n<meta property=\"og:description\" content=\"Una mozione di indirizzo proposta da Corrado (Prc) \u00e8 stata votata anche dalla maggioranza. L&#039;obiettivo \u00e8 esportare l&#039;esempio dei commercianti del centro anche nei quartieri e far rivivere la socialit\u00e0 tramite i negozi di vicinato\" \/>\n<meta property=\"og:url\" content=\"https:\/\/staging.varesenews.it\/2010\/07\/commercio-anche-la-periferia-vuole-il-distretto\/142183\/\" \/>\n<meta property=\"og:site_name\" content=\"VareseNews\" \/>\n<meta property=\"article:publisher\" content=\"https:\/\/www.facebook.com\/varesenews\" \/>\n<meta property=\"article:published_time\" content=\"2010-07-22T00:00:00+00:00\" \/>\n<meta property=\"og:image\" content=\"https:\/\/www3.varesenews.it\/immagini_articoli\/200806\/DSC_0357.JPG\" \/>\n<meta name=\"author\" content=\"Redazione VareseNews\" \/>\n<meta name=\"twitter:card\" content=\"summary_large_image\" \/>\n<meta name=\"twitter:creator\" content=\"@varesenews\" \/>\n<meta name=\"twitter:site\" content=\"@varesenews\" \/>\n<meta name=\"twitter:label1\" content=\"Scritto da\" \/>\n\t<meta name=\"twitter:data1\" content=\"Redazione VareseNews\" \/>\n\t<meta name=\"twitter:label2\" content=\"Tempo di lettura stimato\" \/>\n\t<meta name=\"twitter:data2\" content=\"2 minuti\" \/>\n<script type=\"application\/ld+json\" class=\"yoast-schema-graph\">{\"@context\":\"https:\/\/schema.org\",\"@graph\":[{\"@type\":\"WebPage\",\"@id\":\"https:\/\/staging.varesenews.it\/2010\/07\/commercio-anche-la-periferia-vuole-il-distretto\/142183\/\",\"url\":\"https:\/\/staging.varesenews.it\/2010\/07\/commercio-anche-la-periferia-vuole-il-distretto\/142183\/\",\"name\":\"Commercio, anche la periferia vuole il distretto\",\"isPartOf\":{\"@id\":\"https:\/\/staging.varesenews.it\/#website\"},\"datePublished\":\"2010-07-22T00:00:00+00:00\",\"dateModified\":\"2010-07-22T00:00:00+00:00\",\"author\":{\"@id\":\"https:\/\/staging.varesenews.it\/#\/schema\/person\/fb20c4da0b7b16c291707a20db73e169\"},\"description\":\"Una mozione di indirizzo proposta da Corrado (Prc) \u00e8 stata votata anche dalla maggioranza. L'obiettivo \u00e8 esportare l'esempio dei commercianti del centro anche nei quartieri e far rivivere la socialit\u00e0 tramite i negozi di vicinato\",\"breadcrumb\":{\"@id\":\"https:\/\/staging.varesenews.it\/2010\/07\/commercio-anche-la-periferia-vuole-il-distretto\/142183\/#breadcrumb\"},\"inLanguage\":\"it-IT\",\"potentialAction\":[{\"@type\":\"ReadAction\",\"target\":[\"https:\/\/staging.varesenews.it\/2010\/07\/commercio-anche-la-periferia-vuole-il-distretto\/142183\/\"]}]},{\"@type\":\"BreadcrumbList\",\"@id\":\"https:\/\/staging.varesenews.it\/2010\/07\/commercio-anche-la-periferia-vuole-il-distretto\/142183\/#breadcrumb\",\"itemListElement\":[{\"@type\":\"ListItem\",\"position\":1,\"name\":\"Home\",\"item\":\"https:\/\/www.varesenews.it\/\"},{\"@type\":\"ListItem\",\"position\":2,\"name\":\"Commercio, anche la periferia vuole il distretto\"}]},{\"@type\":\"WebSite\",\"@id\":\"https:\/\/staging.varesenews.it\/#website\",\"url\":\"https:\/\/staging.varesenews.it\/\",\"name\":\"VareseNews\",\"description\":\"\",\"potentialAction\":[{\"@type\":\"SearchAction\",\"target\":{\"@type\":\"EntryPoint\",\"urlTemplate\":\"https:\/\/staging.varesenews.it\/?s={search_term_string}\"},\"query-input\":\"required name=search_term_string\"}],\"inLanguage\":\"it-IT\"},{\"@type\":\"Person\",\"@id\":\"https:\/\/staging.varesenews.it\/#\/schema\/person\/fb20c4da0b7b16c291707a20db73e169\",\"name\":\"Redazione VareseNews\",\"image\":{\"@type\":\"ImageObject\",\"inLanguage\":\"it-IT\",\"@id\":\"https:\/\/staging.varesenews.it\/#\/schema\/person\/image\/\",\"url\":\"https:\/\/staging.varesenews.it\/wp-content\/uploads\/2020\/12\/logo_VN_colori_500.png\",\"contentUrl\":\"https:\/\/staging.varesenews.it\/wp-content\/uploads\/2020\/12\/logo_VN_colori_500.png\",\"caption\":\"Redazione VareseNews\"},\"url\":\"https:\/\/staging.varesenews.it\/persona\/redazione1\/\"}]}<\/script>\n<!-- \/ Yoast SEO plugin. -->","yoast_head_json":{"title":"Commercio, anche la periferia vuole il distretto","description":"Una mozione di indirizzo proposta da Corrado (Prc) \u00e8 stata votata anche dalla maggioranza. L'obiettivo \u00e8 esportare l'esempio dei commercianti del centro anche nei quartieri e far rivivere la socialit\u00e0 tramite i negozi di vicinato","robots":{"index":"noindex","follow":"follow","max-snippet":"max-snippet:-1","max-image-preview":"max-image-preview:large","max-video-preview":"max-video-preview:-1"},"og_locale":"it_IT","og_type":"article","og_title":"Commercio, anche la periferia vuole il distretto","og_description":"Una mozione di indirizzo proposta da Corrado (Prc) \u00e8 stata votata anche dalla maggioranza. L'obiettivo \u00e8 esportare l'esempio dei commercianti del centro anche nei quartieri e far rivivere la socialit\u00e0 tramite i negozi di vicinato","og_url":"https:\/\/staging.varesenews.it\/2010\/07\/commercio-anche-la-periferia-vuole-il-distretto\/142183\/","og_site_name":"VareseNews","article_publisher":"https:\/\/www.facebook.com\/varesenews","article_published_time":"2010-07-22T00:00:00+00:00","og_image":[{"url":"https:\/\/www3.varesenews.it\/immagini_articoli\/200806\/DSC_0357.JPG"}],"author":"Redazione VareseNews","twitter_card":"summary_large_image","twitter_creator":"@varesenews","twitter_site":"@varesenews","twitter_misc":{"Scritto da":"Redazione VareseNews","Tempo di lettura stimato":"2 minuti"},"schema":{"@context":"https:\/\/schema.org","@graph":[{"@type":"WebPage","@id":"https:\/\/staging.varesenews.it\/2010\/07\/commercio-anche-la-periferia-vuole-il-distretto\/142183\/","url":"https:\/\/staging.varesenews.it\/2010\/07\/commercio-anche-la-periferia-vuole-il-distretto\/142183\/","name":"Commercio, anche la periferia vuole il distretto","isPartOf":{"@id":"https:\/\/staging.varesenews.it\/#website"},"datePublished":"2010-07-22T00:00:00+00:00","dateModified":"2010-07-22T00:00:00+00:00","author":{"@id":"https:\/\/staging.varesenews.it\/#\/schema\/person\/fb20c4da0b7b16c291707a20db73e169"},"description":"Una mozione di indirizzo proposta da Corrado (Prc) \u00e8 stata votata anche dalla maggioranza. L'obiettivo \u00e8 esportare l'esempio dei commercianti del centro anche nei quartieri e far rivivere la socialit\u00e0 tramite i negozi di vicinato","breadcrumb":{"@id":"https:\/\/staging.varesenews.it\/2010\/07\/commercio-anche-la-periferia-vuole-il-distretto\/142183\/#breadcrumb"},"inLanguage":"it-IT","potentialAction":[{"@type":"ReadAction","target":["https:\/\/staging.varesenews.it\/2010\/07\/commercio-anche-la-periferia-vuole-il-distretto\/142183\/"]}]},{"@type":"BreadcrumbList","@id":"https:\/\/staging.varesenews.it\/2010\/07\/commercio-anche-la-periferia-vuole-il-distretto\/142183\/#breadcrumb","itemListElement":[{"@type":"ListItem","position":1,"name":"Home","item":"https:\/\/www.varesenews.it\/"},{"@type":"ListItem","position":2,"name":"Commercio, anche la periferia vuole il distretto"}]},{"@type":"WebSite","@id":"https:\/\/staging.varesenews.it\/#website","url":"https:\/\/staging.varesenews.it\/","name":"VareseNews","description":"","potentialAction":[{"@type":"SearchAction","target":{"@type":"EntryPoint","urlTemplate":"https:\/\/staging.varesenews.it\/?s={search_term_string}"},"query-input":"required name=search_term_string"}],"inLanguage":"it-IT"},{"@type":"Person","@id":"https:\/\/staging.varesenews.it\/#\/schema\/person\/fb20c4da0b7b16c291707a20db73e169","name":"Redazione VareseNews","image":{"@type":"ImageObject","inLanguage":"it-IT","@id":"https:\/\/staging.varesenews.it\/#\/schema\/person\/image\/","url":"https:\/\/staging.varesenews.it\/wp-content\/uploads\/2020\/12\/logo_VN_colori_500.png","contentUrl":"https:\/\/staging.varesenews.it\/wp-content\/uploads\/2020\/12\/logo_VN_colori_500.png","caption":"Redazione VareseNews"},"url":"https:\/\/staging.varesenews.it\/persona\/redazione1\/"}]}},"post_meta":{"id_old":"179067","argomento":"Busto Arsizio","autore_old":"o.m."},"photos":[],"_links":{"self":[{"href":"https:\/\/staging.varesenews.it\/swgapi\/v1\/wp\/v2\/posts\/142183"}],"collection":[{"href":"https:\/\/staging.varesenews.it\/swgapi\/v1\/wp\/v2\/posts"}],"about":[{"href":"https:\/\/staging.varesenews.it\/swgapi\/v1\/wp\/v2\/types\/post"}],"author":[{"embeddable":true,"href":"https:\/\/staging.varesenews.it\/swgapi\/v1\/wp\/v2\/users\/10"}],"replies":[{"embeddable":true,"href":"https:\/\/staging.varesenews.it\/swgapi\/v1\/wp\/v2\/comments?post=142183"}],"version-history":[{"count":0,"href":"https:\/\/staging.varesenews.it\/swgapi\/v1\/wp\/v2\/posts\/142183\/revisions"}],"wp:attachment":[{"href":"https:\/\/staging.varesenews.it\/swgapi\/v1\/wp\/v2\/media?parent=142183"}],"wp:term":[{"taxonomy":"category","embeddable":true,"href":"https:\/\/staging.varesenews.it\/swgapi\/v1\/wp\/v2\/categories?post=142183"},{"taxonomy":"post_tag","embeddable":true,"href":"https:\/\/staging.varesenews.it\/swgapi\/v1\/wp\/v2\/tags?post=142183"}],"curies":[{"name":"wp","href":"https:\/\/api.w.org\/{rel}","templated":true}]}}