{"id":1422079,"date":"2022-01-25T13:01:20","date_gmt":"2022-01-25T12:01:20","guid":{"rendered":"https:\/\/www.varesenews.it\/?p=1422079"},"modified":"2022-01-25T13:01:20","modified_gmt":"2022-01-25T12:01:20","slug":"lavori-autostrada-chiude-nella-notte-tratto-lago-como-allacciamento-la-a59","status":"publish","type":"post","link":"https:\/\/staging.varesenews.it\/2022\/01\/lavori-autostrada-chiude-nella-notte-tratto-lago-como-allacciamento-la-a59\/1422079\/","title":{"rendered":"Lavori in autostrada: chiude nella notte il tratto Lago di Como e allacciamento con la A59"},"content":{"rendered":"<p><strong>Sulla A9 Lainate-Como-Chiasso,<\/strong> \u00e8 stata <strong>annullata<\/strong> la <strong>chiusura del tratto compreso tra Como Centro e Chiasso, verso Chiasso<\/strong>, che era prevista dalle 22:00 di questa sera, marted\u00ec 25, alle 5:00 di mercoled\u00ec 26 gennaio, mentre, nella stessa notte e con lo stesso orario, \u00e8 <strong>confermata la chiusura del tratto compreso tra Lago di Como e l&#8217;allacciamento con la A59 Tangenziale di Como verso Lainate,<\/strong> con contestuale chiusura dell&#8217;entrata di Como Centro, sempre in direzione di Lainate.<\/p>\n<p>Sono <strong>confermate<\/strong>, come da programma, le altre chiusure notturne, per consentire la prosecuzione dei lavori di ammodernamento e consolidamento delle gallerie, come di seguito indicato:<br \/>\n-nelle due notti consecutive di mercoled\u00ec 26 e gioved\u00ec 27 gennaio, con orario 22:00-5:00;<br \/>\n-dalle 23:00 di venerd\u00ec 28 alle 5:00 di sabato 29 gennaio;<br \/>\n-dalle 23:00 di sabato 29 alle 7:00 di domenica 30 gennaio;<br \/>\n-dalle 23:00 di domenica 30 alle 5:00 di luned\u00ec 31 gennaio<\/p>\n<p>-sar\u00e0 chiuso il tratto compreso tra Lago di Como e l&#8217;allacciamento con la A59 Tangenziale di Como, verso Lainate, con contestuale chiusura dell&#8217;entrata dello svincolo di Como Centro, verso Lainate.<br \/>\nIn alternativa, si consigliano i seguenti itinerari:<br \/>\nper i veicoli leggeri, dopo l&#8217;uscita obbligatoria allo svincolo di Lago di Como, procedere su Via Bellinzona e sulla SP17, per rientrare sulla A9 alla stazione di Fino Mornasco, al km 29+900;<br \/>\nper i veicoli superiori alle 3,5 tonnellate, dopo l&#8217;uscita obbligatoria allo svincolo di Lago di Como, immettersi su Via Innocenzo XI, Via Napoleona, Via Pasquale Paoli, Via Cecilio, per rientrare sulla A9 a Fino Mornasco, al km 29+900;<\/p>\n<p>-sar\u00e0 chiuso il tratto Como Centro-Chiasso, verso il confine italo-svizzero. Di conseguenza, sar\u00e0 chiusa anche l&#8217;entrata dello svincolo di Como Centro, verso Chiasso.<br \/>\nIn alternativa si consigliano i seguenti itinerari:<br \/>\nper i veicoli leggeri, dopo l&#8217;uscita obbligatoria allo svincolo di Como Centro, seguire le indicazioni sulla SP17, percorrere Viale San Fermo della Battaglia e Via Bellinzona, fino a raggiungere la dogana cittadina, per un totale di circa 8 km;<br \/>\nper i mezzi pesanti, con peso superiore a 3,5 tonnellate, dopo l&#8217;uscita obbligatoria allo svincolo di Como Centro, percorrere Via Cecilio, Via Pasquale Paoli, Via Napoleona e Via Innocenzo XI, fino a raggiungere la dogana cittadina.<\/p>\n","protected":false},"excerpt":{"rendered":"<p>Annullata invece la chiusura del tratto compreso tra Como Centro e Chiasso, verso Chiasso prevista dalle 22:00 di marted\u00ec 25<\/p>\n","protected":false},"author":33,"featured_media":0,"comment_status":"open","ping_status":"open","sticky":false,"template":"","format":"standard","meta":{"footnotes":""},"categories":[7],"tags":[65470],"acf":[],"yoast_head":"<!-- This site is optimized with the Yoast SEO plugin v20.1 - https:\/\/yoast.com\/wordpress\/plugins\/seo\/ -->\n<title>Lavori in autostrada: chiude nella notte il tratto Lago di Como e allacciamento con la A59<\/title>\n<meta name=\"description\" content=\"Annullata invece la chiusura del tratto compreso tra Como Centro e Chiasso, verso Chiasso prevista dalle 22:00 di marted\u00ec 25\" \/>\n<meta name=\"robots\" content=\"noindex, follow, max-snippet:-1, max-image-preview:large, max-video-preview:-1\" \/>\n<meta property=\"og:locale\" content=\"it_IT\" \/>\n<meta property=\"og:type\" content=\"article\" \/>\n<meta property=\"og:title\" content=\"Lavori in autostrada: chiude nella notte il tratto Lago di Como e allacciamento con la A59\" \/>\n<meta property=\"og:description\" content=\"Annullata invece la chiusura del tratto compreso tra Como Centro e Chiasso, verso Chiasso prevista dalle 22:00 di marted\u00ec 25\" \/>\n<meta property=\"og:url\" content=\"https:\/\/staging.varesenews.it\/2022\/01\/lavori-autostrada-chiude-nella-notte-tratto-lago-como-allacciamento-la-a59\/1422079\/\" \/>\n<meta property=\"og:site_name\" content=\"VareseNews\" \/>\n<meta property=\"article:publisher\" content=\"https:\/\/www.facebook.com\/varesenews\" \/>\n<meta property=\"article:author\" content=\"alessandra.toni7\" \/>\n<meta property=\"article:published_time\" content=\"2022-01-25T12:01:20+00:00\" \/>\n<meta name=\"author\" content=\"Alessandra Toni\" \/>\n<meta name=\"twitter:card\" content=\"summary_large_image\" \/>\n<meta name=\"twitter:creator\" content=\"@alessandra_toni\" \/>\n<meta name=\"twitter:site\" content=\"@varesenews\" \/>\n<meta name=\"twitter:label1\" content=\"Scritto da\" \/>\n\t<meta name=\"twitter:data1\" content=\"Alessandra Toni\" \/>\n\t<meta name=\"twitter:label2\" content=\"Tempo di lettura stimato\" \/>\n\t<meta name=\"twitter:data2\" content=\"2 minuti\" \/>\n<script type=\"application\/ld+json\" class=\"yoast-schema-graph\">{\"@context\":\"https:\/\/schema.org\",\"@graph\":[{\"@type\":\"WebPage\",\"@id\":\"https:\/\/staging.varesenews.it\/2022\/01\/lavori-autostrada-chiude-nella-notte-tratto-lago-como-allacciamento-la-a59\/1422079\/\",\"url\":\"https:\/\/staging.varesenews.it\/2022\/01\/lavori-autostrada-chiude-nella-notte-tratto-lago-como-allacciamento-la-a59\/1422079\/\",\"name\":\"Lavori in autostrada: chiude nella notte il tratto Lago di Como e allacciamento con la A59\",\"isPartOf\":{\"@id\":\"https:\/\/staging.varesenews.it\/#website\"},\"datePublished\":\"2022-01-25T12:01:20+00:00\",\"dateModified\":\"2022-01-25T12:01:20+00:00\",\"author\":{\"@id\":\"https:\/\/staging.varesenews.it\/#\/schema\/person\/2643ce123d4a3c9511e015dc548779b8\"},\"description\":\"Annullata invece la chiusura del tratto compreso tra Como Centro e Chiasso, verso Chiasso prevista dalle 22:00 di marted\u00ec 25\",\"breadcrumb\":{\"@id\":\"https:\/\/staging.varesenews.it\/2022\/01\/lavori-autostrada-chiude-nella-notte-tratto-lago-como-allacciamento-la-a59\/1422079\/#breadcrumb\"},\"inLanguage\":\"it-IT\",\"potentialAction\":[{\"@type\":\"ReadAction\",\"target\":[\"https:\/\/staging.varesenews.it\/2022\/01\/lavori-autostrada-chiude-nella-notte-tratto-lago-como-allacciamento-la-a59\/1422079\/\"]}]},{\"@type\":\"BreadcrumbList\",\"@id\":\"https:\/\/staging.varesenews.it\/2022\/01\/lavori-autostrada-chiude-nella-notte-tratto-lago-como-allacciamento-la-a59\/1422079\/#breadcrumb\",\"itemListElement\":[{\"@type\":\"ListItem\",\"position\":1,\"name\":\"Home\",\"item\":\"https:\/\/www.varesenews.it\/\"},{\"@type\":\"ListItem\",\"position\":2,\"name\":\"Lavori in autostrada: chiude nella notte il tratto Lago di Como e allacciamento con la A59\"}]},{\"@type\":\"WebSite\",\"@id\":\"https:\/\/staging.varesenews.it\/#website\",\"url\":\"https:\/\/staging.varesenews.it\/\",\"name\":\"VareseNews\",\"description\":\"\",\"potentialAction\":[{\"@type\":\"SearchAction\",\"target\":{\"@type\":\"EntryPoint\",\"urlTemplate\":\"https:\/\/staging.varesenews.it\/?s={search_term_string}\"},\"query-input\":\"required name=search_term_string\"}],\"inLanguage\":\"it-IT\"},{\"@type\":\"Person\",\"@id\":\"https:\/\/staging.varesenews.it\/#\/schema\/person\/2643ce123d4a3c9511e015dc548779b8\",\"name\":\"Alessandra Toni\",\"image\":{\"@type\":\"ImageObject\",\"inLanguage\":\"it-IT\",\"@id\":\"https:\/\/staging.varesenews.it\/#\/schema\/person\/image\/\",\"url\":\"https:\/\/staging.varesenews.it\/wp-content\/uploads\/2020\/12\/alessandra_toni_colori_500.jpg\",\"contentUrl\":\"https:\/\/staging.varesenews.it\/wp-content\/uploads\/2020\/12\/alessandra_toni_colori_500.jpg\",\"caption\":\"Alessandra Toni\"},\"description\":\"Sono entrata nella redazione di VareseNews nel lontano anno 2000. Ero reduce da una bellissima esperienza nella redazione giornalistica della TV Nuova Antennatre, sotto la direzione dell'indimenticabile direttore Adolfo Caldarini. Sono arrivata quando era ancora una piccola realt\u00e0 editoriale e insieme abbiamo fatto un lungo ed entusiasmante lavoro. Mi occupo prevalentemente di scuola e di sanit\u00e0, settori impegnativi di grande valore sociale.\u00a0\",\"sameAs\":[\"alessandra.toni7\",\"alessandra.toni\",\"https:\/\/twitter.com\/alessandra_toni\"],\"url\":\"https:\/\/staging.varesenews.it\/persona\/alessandra_toni1\/\"}]}<\/script>\n<!-- \/ Yoast SEO plugin. -->","yoast_head_json":{"title":"Lavori in autostrada: chiude nella notte il tratto Lago di Como e allacciamento con la A59","description":"Annullata invece la chiusura del tratto compreso tra Como Centro e Chiasso, verso Chiasso prevista dalle 22:00 di marted\u00ec 25","robots":{"index":"noindex","follow":"follow","max-snippet":"max-snippet:-1","max-image-preview":"max-image-preview:large","max-video-preview":"max-video-preview:-1"},"og_locale":"it_IT","og_type":"article","og_title":"Lavori in autostrada: chiude nella notte il tratto Lago di Como e allacciamento con la A59","og_description":"Annullata invece la chiusura del tratto compreso tra Como Centro e Chiasso, verso Chiasso prevista dalle 22:00 di marted\u00ec 25","og_url":"https:\/\/staging.varesenews.it\/2022\/01\/lavori-autostrada-chiude-nella-notte-tratto-lago-como-allacciamento-la-a59\/1422079\/","og_site_name":"VareseNews","article_publisher":"https:\/\/www.facebook.com\/varesenews","article_author":"alessandra.toni7","article_published_time":"2022-01-25T12:01:20+00:00","author":"Alessandra Toni","twitter_card":"summary_large_image","twitter_creator":"@alessandra_toni","twitter_site":"@varesenews","twitter_misc":{"Scritto da":"Alessandra Toni","Tempo di lettura stimato":"2 minuti"},"schema":{"@context":"https:\/\/schema.org","@graph":[{"@type":"WebPage","@id":"https:\/\/staging.varesenews.it\/2022\/01\/lavori-autostrada-chiude-nella-notte-tratto-lago-como-allacciamento-la-a59\/1422079\/","url":"https:\/\/staging.varesenews.it\/2022\/01\/lavori-autostrada-chiude-nella-notte-tratto-lago-como-allacciamento-la-a59\/1422079\/","name":"Lavori in autostrada: chiude nella notte il tratto Lago di Como e allacciamento con la A59","isPartOf":{"@id":"https:\/\/staging.varesenews.it\/#website"},"datePublished":"2022-01-25T12:01:20+00:00","dateModified":"2022-01-25T12:01:20+00:00","author":{"@id":"https:\/\/staging.varesenews.it\/#\/schema\/person\/2643ce123d4a3c9511e015dc548779b8"},"description":"Annullata invece la chiusura del tratto compreso tra Como Centro e Chiasso, verso Chiasso prevista dalle 22:00 di marted\u00ec 25","breadcrumb":{"@id":"https:\/\/staging.varesenews.it\/2022\/01\/lavori-autostrada-chiude-nella-notte-tratto-lago-como-allacciamento-la-a59\/1422079\/#breadcrumb"},"inLanguage":"it-IT","potentialAction":[{"@type":"ReadAction","target":["https:\/\/staging.varesenews.it\/2022\/01\/lavori-autostrada-chiude-nella-notte-tratto-lago-como-allacciamento-la-a59\/1422079\/"]}]},{"@type":"BreadcrumbList","@id":"https:\/\/staging.varesenews.it\/2022\/01\/lavori-autostrada-chiude-nella-notte-tratto-lago-como-allacciamento-la-a59\/1422079\/#breadcrumb","itemListElement":[{"@type":"ListItem","position":1,"name":"Home","item":"https:\/\/www.varesenews.it\/"},{"@type":"ListItem","position":2,"name":"Lavori in autostrada: chiude nella notte il tratto Lago di Como e allacciamento con la A59"}]},{"@type":"WebSite","@id":"https:\/\/staging.varesenews.it\/#website","url":"https:\/\/staging.varesenews.it\/","name":"VareseNews","description":"","potentialAction":[{"@type":"SearchAction","target":{"@type":"EntryPoint","urlTemplate":"https:\/\/staging.varesenews.it\/?s={search_term_string}"},"query-input":"required name=search_term_string"}],"inLanguage":"it-IT"},{"@type":"Person","@id":"https:\/\/staging.varesenews.it\/#\/schema\/person\/2643ce123d4a3c9511e015dc548779b8","name":"Alessandra Toni","image":{"@type":"ImageObject","inLanguage":"it-IT","@id":"https:\/\/staging.varesenews.it\/#\/schema\/person\/image\/","url":"https:\/\/staging.varesenews.it\/wp-content\/uploads\/2020\/12\/alessandra_toni_colori_500.jpg","contentUrl":"https:\/\/staging.varesenews.it\/wp-content\/uploads\/2020\/12\/alessandra_toni_colori_500.jpg","caption":"Alessandra Toni"},"description":"Sono entrata nella redazione di VareseNews nel lontano anno 2000. Ero reduce da una bellissima esperienza nella redazione giornalistica della TV Nuova Antennatre, sotto la direzione dell'indimenticabile direttore Adolfo Caldarini. Sono arrivata quando era ancora una piccola realt\u00e0 editoriale e insieme abbiamo fatto un lungo ed entusiasmante lavoro. Mi occupo prevalentemente di scuola e di sanit\u00e0, settori impegnativi di grande valore sociale.\u00a0","sameAs":["alessandra.toni7","alessandra.toni","https:\/\/twitter.com\/alessandra_toni"],"url":"https:\/\/staging.varesenews.it\/persona\/alessandra_toni1\/"}]}},"post_meta":{"_edit_lock":"1643112750:33","_edit_last":"33","_category_permalink":"a:1:{s:8:\"category\";s:0:\"\";}","foto":"1239774","firma_come_redazione":"1","argomento":"Como","_yoast_wpseo_content_score":"30","_jd_tweet_this":"yes","_encloseme":"1","ratings_users":"0","ratings_score":"0","ratings_average":"0","_yoast_wpseo_focuskw_text_input":"lavori autostrada","_yoast_wpseo_focuskw":"lavori autostrada","_yoast_wpseo_linkdex":"55","_wpt_short_url":"https:\/\/www.varesenews.it\/2022\/01\/lavori-autostrada-chiude-nella-notte-tratto-lago-como-allacciamento-la-a59\/1422079\/","_wp_jd_target":"https:\/\/www.varesenews.it\/2022\/01\/lavori-autostrada-chiude-nella-notte-tratto-lago-como-allacciamento-la-a59\/1422079\/","_jd_wp_twitter":"a:1:{i:0;s:209:\"Lavori in autostrada: chiude nella notte il tratto Lago di Como e allacciamento con la A59 https:\/\/www.varesenews.it\/2022\/01\/lavori-autostrada-chiude-nella-notte-tratto-lago-como-allacciamento-la-a59\/1422079\/ \";}","_wpt_status_message":"Tweet inviato con successo.","_oembed_4122e5ea72be9a981b587c3b3a9a344d":"<blockquote class=\"wp-embedded-content\" data-secret=\"j7b8qCSzbz\"><a href=\"https:\/\/www.varesenews.it\/2020\/01\/gioeubia-quello-ce-sapere-sulla-tradizione\/892265\/\">Gioeubia, tutto quello che c&#8217;\u00e8 da sapere sulla tradizione<\/a><\/blockquote><iframe class=\"wp-embedded-content\" sandbox=\"allow-scripts\" security=\"restricted\" style=\"position: absolute; clip: rect(1px, 1px, 1px, 1px);\" src=\"https:\/\/www.varesenews.it\/2020\/01\/gioeubia-quello-ce-sapere-sulla-tradizione\/892265\/embed\/#?secret=j7b8qCSzbz\" data-secret=\"j7b8qCSzbz\" width=\"500\" height=\"282\" title=\"&#8220;Gioeubia, tutto quello che c&#8217;\u00e8 da sapere sulla tradizione&#8221; &#8212; VareseNews\" frameborder=\"0\" marginwidth=\"0\" marginheight=\"0\" scrolling=\"no\"><\/iframe>","_oembed_time_4122e5ea72be9a981b587c3b3a9a344d":"1643112092","_oembed_4e079259d7b6f7a930ad347635a4443a":"<blockquote class=\"wp-embedded-content\" data-secret=\"XYxffCgWXS\"><a href=\"https:\/\/www.varesenews.it\/2022\/01\/cade-un-oggetto-dal-cielo-vigili-del-fuoco-soccorritori-impegnati-nelle-ricerche-cislago\/1421106\/\">Cade un oggetto dal cielo: vigili del fuoco e soccorritori impegnati nelle ricerche a Cislago<\/a><\/blockquote><iframe class=\"wp-embedded-content\" sandbox=\"allow-scripts\" security=\"restricted\" style=\"position: absolute; clip: rect(1px, 1px, 1px, 1px);\" src=\"https:\/\/www.varesenews.it\/2022\/01\/cade-un-oggetto-dal-cielo-vigili-del-fuoco-soccorritori-impegnati-nelle-ricerche-cislago\/1421106\/embed\/#?secret=XYxffCgWXS\" data-secret=\"XYxffCgWXS\" width=\"500\" height=\"282\" title=\"&#8220;Cade un oggetto dal cielo: vigili del fuoco e soccorritori impegnati nelle ricerche a Cislago&#8221; &#8212; VareseNews\" frameborder=\"0\" marginwidth=\"0\" marginheight=\"0\" scrolling=\"no\"><\/iframe>","_oembed_time_4e079259d7b6f7a930ad347635a4443a":"1643112093","_oembed_b03807ebbd224eae88481e0c6eb2a064":"<blockquote class=\"wp-embedded-content\" data-secret=\"8vgZHES3ZL\"><a href=\"https:\/\/www.varesenews.it\/2022\/01\/eventi-bambini-nel-weekendl-dal-21-al-23-gennaio-varese\/1420846\/\">Eventi per bambini nel weekend dal 21 al 23 gennaio tra Varese e provincia<\/a><\/blockquote><iframe class=\"wp-embedded-content\" sandbox=\"allow-scripts\" security=\"restricted\" style=\"position: absolute; clip: rect(1px, 1px, 1px, 1px);\" src=\"https:\/\/www.varesenews.it\/2022\/01\/eventi-bambini-nel-weekendl-dal-21-al-23-gennaio-varese\/1420846\/embed\/#?secret=8vgZHES3ZL\" data-secret=\"8vgZHES3ZL\" width=\"500\" height=\"282\" title=\"&#8220;Eventi per bambini nel weekend dal 21 al 23 gennaio tra Varese e provincia&#8221; &#8212; VareseNews\" frameborder=\"0\" marginwidth=\"0\" marginheight=\"0\" scrolling=\"no\"><\/iframe>","_oembed_time_b03807ebbd224eae88481e0c6eb2a064":"1643112093","_oembed_92654b39291e22d8689f545118fb3550":"<blockquote class=\"wp-embedded-content\" data-secret=\"HfPVBipUu0\"><a href=\"https:\/\/www.varesenews.it\/2021\/12\/la-acli-cercano-tre-volontari-servizio-civile-2022\/1414307\/\">La Acli cercano tre volontari per il servizio civile 2022<\/a><\/blockquote><iframe class=\"wp-embedded-content\" sandbox=\"allow-scripts\" security=\"restricted\" style=\"position: absolute; clip: rect(1px, 1px, 1px, 1px);\" src=\"https:\/\/www.varesenews.it\/2021\/12\/la-acli-cercano-tre-volontari-servizio-civile-2022\/1414307\/embed\/#?secret=HfPVBipUu0\" data-secret=\"HfPVBipUu0\" width=\"500\" height=\"282\" title=\"&#8220;La Acli cercano tre volontari per il servizio civile 2022&#8221; &#8212; VareseNews\" frameborder=\"0\" marginwidth=\"0\" marginheight=\"0\" scrolling=\"no\"><\/iframe>","_oembed_time_92654b39291e22d8689f545118fb3550":"1643112093","_oembed_ba15926ac3cb198e5d287420ff996eef":"<blockquote class=\"wp-embedded-content\" data-secret=\"OZbGgzoFXR\"><a href=\"https:\/\/www.varesenews.it\/2021\/12\/csv-insubria-cerca-37-giovani-servizio-civile-nella-cultura-nei-servizi-sociali\/1410710\/\">Csv Insubria cerca 37 giovani per il servizio civile nella cultura e nei servizi sociali<\/a><\/blockquote><iframe class=\"wp-embedded-content\" sandbox=\"allow-scripts\" security=\"restricted\" style=\"position: absolute; clip: rect(1px, 1px, 1px, 1px);\" src=\"https:\/\/www.varesenews.it\/2021\/12\/csv-insubria-cerca-37-giovani-servizio-civile-nella-cultura-nei-servizi-sociali\/1410710\/embed\/#?secret=OZbGgzoFXR\" data-secret=\"OZbGgzoFXR\" width=\"500\" height=\"282\" title=\"&#8220;Csv Insubria cerca 37 giovani per il servizio civile nella cultura e nei servizi sociali&#8221; &#8212; VareseNews\" frameborder=\"0\" marginwidth=\"0\" marginheight=\"0\" scrolling=\"no\"><\/iframe>","_oembed_time_ba15926ac3cb198e5d287420ff996eef":"1643112093","_oembed_2d282e529a99531a6698266d5c3d9fe4":"<blockquote class=\"wp-embedded-content\" data-secret=\"oZ2RpmxZbT\"><a href=\"https:\/\/www.varesenews.it\/2022\/01\/servizio-civile-croce-rossa-luino-quattro-posti-disponibili\/1418393\/\">Servizio civile in Croce Rossa a Luino: quattro i posti disponibili<\/a><\/blockquote><iframe class=\"wp-embedded-content\" sandbox=\"allow-scripts\" security=\"restricted\" style=\"position: absolute; clip: rect(1px, 1px, 1px, 1px);\" src=\"https:\/\/www.varesenews.it\/2022\/01\/servizio-civile-croce-rossa-luino-quattro-posti-disponibili\/1418393\/embed\/#?secret=oZ2RpmxZbT\" data-secret=\"oZ2RpmxZbT\" width=\"500\" height=\"282\" title=\"&#8220;Servizio civile in Croce Rossa a Luino: quattro i posti disponibili&#8221; &#8212; VareseNews\" frameborder=\"0\" marginwidth=\"0\" marginheight=\"0\" scrolling=\"no\"><\/iframe>","_oembed_time_2d282e529a99531a6698266d5c3d9fe4":"1643112093","_oembed_00ad3df05db74f11a1f4e316c0437ef0":"<blockquote class=\"wp-embedded-content\" data-secret=\"VVlChghDlE\"><a href=\"https:\/\/www.varesenews.it\/2022\/01\/servizio-civile-cinque-posti-allsos-valbossa-azzate\/1420453\/\">Servizio civile, cinque posti all&#8217;Sos Valbossa di Azzate<\/a><\/blockquote><iframe class=\"wp-embedded-content\" sandbox=\"allow-scripts\" security=\"restricted\" style=\"position: absolute; clip: rect(1px, 1px, 1px, 1px);\" src=\"https:\/\/www.varesenews.it\/2022\/01\/servizio-civile-cinque-posti-allsos-valbossa-azzate\/1420453\/embed\/#?secret=VVlChghDlE\" data-secret=\"VVlChghDlE\" width=\"500\" height=\"282\" title=\"&#8220;Servizio civile, cinque posti all&#8217;Sos Valbossa di Azzate&#8221; &#8212; VareseNews\" frameborder=\"0\" marginwidth=\"0\" marginheight=\"0\" scrolling=\"no\"><\/iframe>","_oembed_time_00ad3df05db74f11a1f4e316c0437ef0":"1643112093","_oembed_df21720c98924611aeaf9991903101db":"<blockquote class=\"wp-embedded-content\" data-secret=\"krxwT6sCwK\"><a href=\"https:\/\/www.varesenews.it\/2022\/01\/servizio-civile-azzate-cerca-giovani-settore-cultura-educazione\/1421034\/\">Servizio Civile, Azzate cerca giovani per il settore cultura-educazione<\/a><\/blockquote><iframe class=\"wp-embedded-content\" sandbox=\"allow-scripts\" security=\"restricted\" style=\"position: absolute; clip: rect(1px, 1px, 1px, 1px);\" src=\"https:\/\/www.varesenews.it\/2022\/01\/servizio-civile-azzate-cerca-giovani-settore-cultura-educazione\/1421034\/embed\/#?secret=krxwT6sCwK\" data-secret=\"krxwT6sCwK\" width=\"500\" height=\"282\" title=\"&#8220;Servizio Civile, Azzate cerca giovani per il settore cultura-educazione&#8221; &#8212; VareseNews\" frameborder=\"0\" marginwidth=\"0\" marginheight=\"0\" scrolling=\"no\"><\/iframe>","_oembed_time_df21720c98924611aeaf9991903101db":"1643112093","_oembed_987f660a229537462acbea7b370298b5":"<blockquote class=\"wp-embedded-content\" data-secret=\"0m5zfbWZ1g\"><a href=\"https:\/\/www.varesenews.it\/2022\/01\/servizio-civile-gavirate-alla-croce-rossa-del-medio-verbano-le-attivita\/1420749\/\">Servizio civile a Gavirate alla Croce Rossa del Medio Verbano, ecco le attivit\u00e0<\/a><\/blockquote><iframe class=\"wp-embedded-content\" sandbox=\"allow-scripts\" security=\"restricted\" style=\"position: absolute; clip: rect(1px, 1px, 1px, 1px);\" src=\"https:\/\/www.varesenews.it\/2022\/01\/servizio-civile-gavirate-alla-croce-rossa-del-medio-verbano-le-attivita\/1420749\/embed\/#?secret=0m5zfbWZ1g\" data-secret=\"0m5zfbWZ1g\" width=\"500\" height=\"282\" title=\"&#8220;Servizio civile a Gavirate alla Croce Rossa del Medio Verbano, ecco le attivit\u00e0&#8221; &#8212; VareseNews\" frameborder=\"0\" marginwidth=\"0\" marginheight=\"0\" scrolling=\"no\"><\/iframe>","_oembed_time_987f660a229537462acbea7b370298b5":"1643112093","_oembed_68ca06df1f772787f12c31ff8aaeeb20":"<blockquote class=\"wp-embedded-content\" data-secret=\"ARTI6FPWO8\"><a href=\"https:\/\/www.saronnonews.it\/2022\/01\/17\/sos-uboldo-cerca-due-volontari-per-il-servizio-civile-2022\/\">SOS Uboldo cerca due volontari per il servizio civile 2022<\/a><\/blockquote><iframe class=\"wp-embedded-content\" sandbox=\"allow-scripts\" security=\"restricted\" style=\"position: absolute; clip: rect(1px, 1px, 1px, 1px);\" src=\"https:\/\/www.saronnonews.it\/2022\/01\/17\/sos-uboldo-cerca-due-volontari-per-il-servizio-civile-2022\/embed\/#?secret=ARTI6FPWO8\" data-secret=\"ARTI6FPWO8\" width=\"500\" height=\"282\" title=\"&#8220;SOS Uboldo cerca due volontari per il servizio civile 2022&#8221; &#8212; SaronnoNews\" frameborder=\"0\" marginwidth=\"0\" marginheight=\"0\" scrolling=\"no\"><\/iframe>","_oembed_time_68ca06df1f772787f12c31ff8aaeeb20":"1643112094","_oembed_0e89072387059fba0c37156447a7145b":"<blockquote class=\"wp-embedded-content\" data-secret=\"XwhWZ7WVwe\"><a href=\"https:\/\/www.varesenews.it\/2022\/01\/ambiente-cultura-sociale-castiglione-olona-nove-posti-servizio-civile\/1420624\/\">Ambiente, cultura e sociale: a Castiglione Olona nove posti per il Servizio civile<\/a><\/blockquote><iframe class=\"wp-embedded-content\" sandbox=\"allow-scripts\" security=\"restricted\" style=\"position: absolute; clip: rect(1px, 1px, 1px, 1px);\" src=\"https:\/\/www.varesenews.it\/2022\/01\/ambiente-cultura-sociale-castiglione-olona-nove-posti-servizio-civile\/1420624\/embed\/#?secret=XwhWZ7WVwe\" data-secret=\"XwhWZ7WVwe\" width=\"500\" height=\"282\" title=\"&#8220;Ambiente, cultura e sociale: a Castiglione Olona nove posti per il Servizio civile&#8221; &#8212; VareseNews\" frameborder=\"0\" marginwidth=\"0\" marginheight=\"0\" scrolling=\"no\"><\/iframe>","_oembed_time_0e89072387059fba0c37156447a7145b":"1643112094","_oembed_866852e9cdf23799cde096bff6789a18":"<blockquote class=\"wp-embedded-content\" data-secret=\"3gnuS9gUp1\"><a href=\"https:\/\/www.varesenews.it\/2022\/01\/servizio-civile-busto-arsizio-disposizione-20-posti\/1420164\/\">Servizio Civile a Busto Arsizio, a disposizione 20 posti<\/a><\/blockquote><iframe class=\"wp-embedded-content\" sandbox=\"allow-scripts\" security=\"restricted\" style=\"position: absolute; clip: rect(1px, 1px, 1px, 1px);\" src=\"https:\/\/www.varesenews.it\/2022\/01\/servizio-civile-busto-arsizio-disposizione-20-posti\/1420164\/embed\/#?secret=3gnuS9gUp1\" data-secret=\"3gnuS9gUp1\" width=\"500\" height=\"282\" title=\"&#8220;Servizio Civile a Busto Arsizio, a disposizione 20 posti&#8221; &#8212; VareseNews\" frameborder=\"0\" marginwidth=\"0\" marginheight=\"0\" scrolling=\"no\"><\/iframe>","_oembed_time_866852e9cdf23799cde096bff6789a18":"1643112094","_oembed_fa0994be22f94f8c8a2db4b033aa5744":"<blockquote class=\"wp-embedded-content\" data-secret=\"jfarvyoCUr\"><a href=\"https:\/\/www.varesenews.it\/2021\/12\/cultura-servizi-educativi-bando-del-servizio-civile-del-comune-gazzada-schianno\/1413575\/\">Cultura e servizi educativi, bando del servizio civile del Comune di Gazzada Schianno<\/a><\/blockquote><iframe class=\"wp-embedded-content\" sandbox=\"allow-scripts\" security=\"restricted\" style=\"position: absolute; clip: rect(1px, 1px, 1px, 1px);\" src=\"https:\/\/www.varesenews.it\/2021\/12\/cultura-servizi-educativi-bando-del-servizio-civile-del-comune-gazzada-schianno\/1413575\/embed\/#?secret=jfarvyoCUr\" data-secret=\"jfarvyoCUr\" width=\"500\" height=\"282\" title=\"&#8220;Cultura e servizi educativi, bando del servizio civile del Comune di Gazzada Schianno&#8221; &#8212; VareseNews\" frameborder=\"0\" marginwidth=\"0\" marginheight=\"0\" scrolling=\"no\"><\/iframe>","_oembed_time_fa0994be22f94f8c8a2db4b033aa5744":"1643112094","_oembed_820736ddabe2b9eaaa0e1006684080fb":"<blockquote class=\"wp-embedded-content\" data-secret=\"I6RDNFk1qy\"><a href=\"https:\/\/www.varesenews.it\/2022\/01\/comune-cantello-cerca-giovani-volontari-interessati-al-servizio-civile\/1419351\/\">Il Comune di Cantello cerca tre giovani interessati al Servizio civile<\/a><\/blockquote><iframe class=\"wp-embedded-content\" sandbox=\"allow-scripts\" security=\"restricted\" style=\"position: absolute; clip: rect(1px, 1px, 1px, 1px);\" src=\"https:\/\/www.varesenews.it\/2022\/01\/comune-cantello-cerca-giovani-volontari-interessati-al-servizio-civile\/1419351\/embed\/#?secret=I6RDNFk1qy\" data-secret=\"I6RDNFk1qy\" width=\"500\" height=\"282\" title=\"&#8220;Il Comune di Cantello cerca tre giovani interessati al Servizio civile&#8221; &#8212; VareseNews\" frameborder=\"0\" marginwidth=\"0\" marginheight=\"0\" scrolling=\"no\"><\/iframe>","_oembed_time_820736ddabe2b9eaaa0e1006684080fb":"1643112094","_oembed_8d6451618791251254cf39b02f6d376e":"<blockquote class=\"wp-embedded-content\" data-secret=\"tORNBv1Idz\"><a href=\"https:\/\/www.varesenews.it\/2022\/01\/cinque-posti-servizio-civile-cassano-magnago-comune\/1417979\/\">Cinque posti di servizio civile a Cassano Magnago, in Comune<\/a><\/blockquote><iframe class=\"wp-embedded-content\" sandbox=\"allow-scripts\" security=\"restricted\" style=\"position: absolute; clip: rect(1px, 1px, 1px, 1px);\" src=\"https:\/\/www.varesenews.it\/2022\/01\/cinque-posti-servizio-civile-cassano-magnago-comune\/1417979\/embed\/#?secret=tORNBv1Idz\" data-secret=\"tORNBv1Idz\" width=\"500\" height=\"282\" title=\"&#8220;Cinque posti di servizio civile a Cassano Magnago, in Comune&#8221; &#8212; VareseNews\" frameborder=\"0\" marginwidth=\"0\" marginheight=\"0\" scrolling=\"no\"><\/iframe>","_oembed_time_8d6451618791251254cf39b02f6d376e":"1643112094","_oembed_0e56020e630c4b95cf990447d1de2788":"<blockquote class=\"wp-embedded-content\" data-secret=\"CZKyhWCrA8\"><a href=\"https:\/\/www.legnanonews.com\/aree-geografiche\/alto_milanese\/2022\/01\/17\/ce-ancora-tempo-per-candidarsi-al-servizio-civile-universale-di-castellanza\/1011151\/\">C&#8217;\u00e8 ancora tempo per candidarsi al Servizio Civile Universale di Castellanza<\/a><\/blockquote><iframe class=\"wp-embedded-content\" sandbox=\"allow-scripts\" security=\"restricted\" style=\"position: absolute; clip: rect(1px, 1px, 1px, 1px);\" src=\"https:\/\/www.legnanonews.com\/aree-geografiche\/alto_milanese\/2022\/01\/17\/ce-ancora-tempo-per-candidarsi-al-servizio-civile-universale-di-castellanza\/1011151\/embed\/#?secret=CZKyhWCrA8\" data-secret=\"CZKyhWCrA8\" width=\"500\" height=\"282\" title=\"&#8220;C&#8217;\u00e8 ancora tempo per candidarsi al Servizio Civile Universale di Castellanza&#8221; &#8212; LegnanoNews\" frameborder=\"0\" marginwidth=\"0\" marginheight=\"0\" scrolling=\"no\"><\/iframe>","_oembed_time_0e56020e630c4b95cf990447d1de2788":"1643112095","_oembed_4983e3e3a4da2051843d3e8decad704b":"<blockquote class=\"wp-embedded-content\" data-secret=\"M4n3sDNrGk\"><a href=\"https:\/\/www.varesenews.it\/2022\/01\/due-posti-servizio-civile-alla-biblioteca-frera-tradate\/1416421\/\">Due posti per il servizio civile alla Biblioteca Frera di Tradate<\/a><\/blockquote><iframe class=\"wp-embedded-content\" sandbox=\"allow-scripts\" security=\"restricted\" style=\"position: absolute; clip: rect(1px, 1px, 1px, 1px);\" src=\"https:\/\/www.varesenews.it\/2022\/01\/due-posti-servizio-civile-alla-biblioteca-frera-tradate\/1416421\/embed\/#?secret=M4n3sDNrGk\" data-secret=\"M4n3sDNrGk\" width=\"500\" height=\"282\" title=\"&#8220;Due posti per il servizio civile alla Biblioteca Frera di Tradate&#8221; &#8212; VareseNews\" frameborder=\"0\" marginwidth=\"0\" marginheight=\"0\" scrolling=\"no\"><\/iframe>","_oembed_time_4983e3e3a4da2051843d3e8decad704b":"1643112095","_oembed_6b102720e7c789dcdd1f9f826938e600":"<blockquote class=\"wp-embedded-content\" data-secret=\"YZiJZz5zpY\"><a href=\"https:\/\/www.saronnonews.it\/2021\/12\/27\/il-comune-di-cislago-cerca-due-volontari-per-il-servizio-civile-2022\/\">Il Comune di Cislago cerca due volontari per il servizio civile 2022<\/a><\/blockquote><iframe class=\"wp-embedded-content\" sandbox=\"allow-scripts\" security=\"restricted\" style=\"position: absolute; clip: rect(1px, 1px, 1px, 1px);\" src=\"https:\/\/www.saronnonews.it\/2021\/12\/27\/il-comune-di-cislago-cerca-due-volontari-per-il-servizio-civile-2022\/embed\/#?secret=YZiJZz5zpY\" data-secret=\"YZiJZz5zpY\" width=\"500\" height=\"282\" title=\"&#8220;Il Comune di Cislago cerca due volontari per il servizio civile 2022&#8221; &#8212; SaronnoNews\" frameborder=\"0\" marginwidth=\"0\" marginheight=\"0\" scrolling=\"no\"><\/iframe>","_oembed_time_6b102720e7c789dcdd1f9f826938e600":"1643112096","_oembed_63d4a6f1ca277776178fcdbf1b221c76":"<blockquote class=\"wp-embedded-content\" data-secret=\"edQTQG2ye6\"><a href=\"https:\/\/www.saronnonews.it\/2021\/12\/28\/il-comune-di-saronno-cerca-sette-volontari-per-il-servizio-civile-2022\/\">Il Comune di Saronno cerca sette volontari per il servizio civile 2022<\/a><\/blockquote><iframe class=\"wp-embedded-content\" sandbox=\"allow-scripts\" security=\"restricted\" style=\"position: absolute; clip: rect(1px, 1px, 1px, 1px);\" src=\"https:\/\/www.saronnonews.it\/2021\/12\/28\/il-comune-di-saronno-cerca-sette-volontari-per-il-servizio-civile-2022\/embed\/#?secret=edQTQG2ye6\" data-secret=\"edQTQG2ye6\" width=\"500\" height=\"282\" title=\"&#8220;Il Comune di Saronno cerca sette volontari per il servizio civile 2022&#8221; &#8212; SaronnoNews\" frameborder=\"0\" marginwidth=\"0\" marginheight=\"0\" scrolling=\"no\"><\/iframe>","_oembed_time_63d4a6f1ca277776178fcdbf1b221c76":"1643112097","_oembed_1f2556c54cc75d63351331e546e8de43":"<blockquote class=\"wp-embedded-content\" data-secret=\"nnjPrYyTgl\"><a href=\"https:\/\/www.varesenews.it\/2022\/01\/sette-posti-servizio-civile-al-comune-malnate\/1416031\/\">Sette posti per il Servizio Civile al Comune di Malnate<\/a><\/blockquote><iframe class=\"wp-embedded-content\" sandbox=\"allow-scripts\" security=\"restricted\" style=\"position: absolute; clip: rect(1px, 1px, 1px, 1px);\" src=\"https:\/\/www.varesenews.it\/2022\/01\/sette-posti-servizio-civile-al-comune-malnate\/1416031\/embed\/#?secret=nnjPrYyTgl\" data-secret=\"nnjPrYyTgl\" width=\"500\" height=\"282\" title=\"&#8220;Sette posti per il Servizio Civile al Comune di Malnate&#8221; &#8212; VareseNews\" frameborder=\"0\" marginwidth=\"0\" marginheight=\"0\" scrolling=\"no\"><\/iframe>","_oembed_time_1f2556c54cc75d63351331e546e8de43":"1643112097","_oembed_c413578c910a0acd9ebd8931e6934f9a":"<blockquote class=\"wp-embedded-content\" data-secret=\"diuZUq7PcD\"><a href=\"https:\/\/www.varesenews.it\/2022\/01\/servizio-civile-samarate-cerca-4-giovani-lavorino-negli-uffici-del-comune\/1420796\/\">Servizio civile: Samarate cerca 4 giovani per gli uffici del Comune<\/a><\/blockquote><iframe class=\"wp-embedded-content\" sandbox=\"allow-scripts\" security=\"restricted\" style=\"position: absolute; clip: rect(1px, 1px, 1px, 1px);\" src=\"https:\/\/www.varesenews.it\/2022\/01\/servizio-civile-samarate-cerca-4-giovani-lavorino-negli-uffici-del-comune\/1420796\/embed\/#?secret=diuZUq7PcD\" data-secret=\"diuZUq7PcD\" width=\"500\" height=\"282\" title=\"&#8220;Servizio civile: Samarate cerca 4 giovani per gli uffici del Comune&#8221; &#8212; VareseNews\" frameborder=\"0\" marginwidth=\"0\" marginheight=\"0\" scrolling=\"no\"><\/iframe>","_oembed_time_c413578c910a0acd9ebd8931e6934f9a":"1643112097","_oembed_3861d1e6f44e99776f3f824274d5438f":"<blockquote class=\"wp-embedded-content\" data-secret=\"OSolj0q34d\"><a href=\"https:\/\/www.varesenews.it\/2022\/01\/gli-amanti-dellarte-aperto-bando-servizio-civile-al-museo-maga\/1418751\/\">Per gli amanti dell&#8217;arte aperto il bando per il Servizio Civile al Museo Maga<\/a><\/blockquote><iframe class=\"wp-embedded-content\" sandbox=\"allow-scripts\" security=\"restricted\" style=\"position: absolute; clip: rect(1px, 1px, 1px, 1px);\" src=\"https:\/\/www.varesenews.it\/2022\/01\/gli-amanti-dellarte-aperto-bando-servizio-civile-al-museo-maga\/1418751\/embed\/#?secret=OSolj0q34d\" data-secret=\"OSolj0q34d\" width=\"500\" height=\"282\" title=\"&#8220;Per gli amanti dell&#8217;arte aperto il bando per il Servizio Civile al Museo Maga&#8221; &#8212; VareseNews\" frameborder=\"0\" marginwidth=\"0\" marginheight=\"0\" scrolling=\"no\"><\/iframe>","_oembed_time_3861d1e6f44e99776f3f824274d5438f":"1643112098","_oembed_d875847958143b4dd4e6a9ed7c1328e7":"<blockquote class=\"wp-embedded-content\" data-secret=\"NwfNeasj4r\"><a href=\"https:\/\/www.varesenews.it\/2022\/01\/un-anno-pro-loco-servizio-civile-la-citta-gallarate\/1419160\/\">Un anno in Pro Loco: il servizio civile per la citt\u00e0 di Gallarate<\/a><\/blockquote><iframe class=\"wp-embedded-content\" sandbox=\"allow-scripts\" security=\"restricted\" style=\"position: absolute; clip: rect(1px, 1px, 1px, 1px);\" src=\"https:\/\/www.varesenews.it\/2022\/01\/un-anno-pro-loco-servizio-civile-la-citta-gallarate\/1419160\/embed\/#?secret=NwfNeasj4r\" data-secret=\"NwfNeasj4r\" width=\"500\" height=\"282\" title=\"&#8220;Un anno in Pro Loco: il servizio civile per la citt\u00e0 di Gallarate&#8221; &#8212; VareseNews\" frameborder=\"0\" marginwidth=\"0\" marginheight=\"0\" scrolling=\"no\"><\/iframe>","_oembed_time_d875847958143b4dd4e6a9ed7c1328e7":"1643112098","_oembed_3e601f1830fe891f3c982cbbbf4a7d81":"<blockquote class=\"wp-embedded-content\" data-secret=\"b0sutNrSiH\"><a href=\"https:\/\/www.varesenews.it\/2021\/12\/auser-varese-cerca-volontari-servizio-civile-tre-posti-disposizione-2022\/1414355\/\">Auser Varese cerca volontari in Servizio Civile, tre i posti a disposizione per il 2022<\/a><\/blockquote><iframe class=\"wp-embedded-content\" sandbox=\"allow-scripts\" security=\"restricted\" style=\"position: absolute; clip: rect(1px, 1px, 1px, 1px);\" src=\"https:\/\/www.varesenews.it\/2021\/12\/auser-varese-cerca-volontari-servizio-civile-tre-posti-disposizione-2022\/1414355\/embed\/#?secret=b0sutNrSiH\" data-secret=\"b0sutNrSiH\" width=\"500\" height=\"282\" title=\"&#8220;Auser Varese cerca volontari in Servizio Civile, tre i posti a disposizione per il 2022&#8221; &#8212; VareseNews\" frameborder=\"0\" marginwidth=\"0\" marginheight=\"0\" scrolling=\"no\"><\/iframe>","_oembed_time_3e601f1830fe891f3c982cbbbf4a7d81":"1643112098","_oembed_73a851ef6fbacb7186afbd8c898f80f0":"<blockquote class=\"wp-embedded-content\" data-secret=\"O8HEaVdRuP\"><a href=\"https:\/\/www.saronnonews.it\/2021\/12\/27\/auser-saronno-cerca-un-volontario-per-il-servizio-civile-2022\/\">Auser Saronno cerca un volontario per il servizio civile 2022<\/a><\/blockquote><iframe class=\"wp-embedded-content\" sandbox=\"allow-scripts\" security=\"restricted\" style=\"position: absolute; clip: rect(1px, 1px, 1px, 1px);\" src=\"https:\/\/www.saronnonews.it\/2021\/12\/27\/auser-saronno-cerca-un-volontario-per-il-servizio-civile-2022\/embed\/#?secret=O8HEaVdRuP\" data-secret=\"O8HEaVdRuP\" width=\"500\" height=\"282\" title=\"&#8220;Auser Saronno cerca un volontario per il servizio civile 2022&#8221; &#8212; SaronnoNews\" frameborder=\"0\" marginwidth=\"0\" marginheight=\"0\" scrolling=\"no\"><\/iframe>","_oembed_time_73a851ef6fbacb7186afbd8c898f80f0":"1643112099","_oembed_c7383d818bb9bb9352d6a9f4d7a7f59b":"<blockquote class=\"wp-embedded-content\" data-secret=\"ncyq6EHZup\"><a href=\"https:\/\/www.varesenews.it\/2022\/01\/un-anno-servizio-civile-lauser-gallarate\/1419398\/\">Un anno di Servizio civile con l&#8217;Auser Gallarate<\/a><\/blockquote><iframe class=\"wp-embedded-content\" sandbox=\"allow-scripts\" security=\"restricted\" style=\"position: absolute; clip: rect(1px, 1px, 1px, 1px);\" src=\"https:\/\/www.varesenews.it\/2022\/01\/un-anno-servizio-civile-lauser-gallarate\/1419398\/embed\/#?secret=ncyq6EHZup\" data-secret=\"ncyq6EHZup\" width=\"500\" height=\"282\" title=\"&#8220;Un anno di Servizio civile con l&#8217;Auser Gallarate&#8221; &#8212; VareseNews\" frameborder=\"0\" marginwidth=\"0\" marginheight=\"0\" scrolling=\"no\"><\/iframe>","_oembed_time_c7383d818bb9bb9352d6a9f4d7a7f59b":"1643112099","_oembed_64e0461eb9d1fdb4667c62f9b43e67e7":"<blockquote class=\"wp-embedded-content\" data-secret=\"KOrjRUuwvS\"><a href=\"https:\/\/www.varesenews.it\/2022\/01\/due-progetti-servizio-civile-alla-fondazione-don-gnocchi-malnate\/1419683\/\">Due progetti di servizio civile alla Fondazione Don Gnocchi di Malnate<\/a><\/blockquote><iframe class=\"wp-embedded-content\" sandbox=\"allow-scripts\" security=\"restricted\" style=\"position: absolute; clip: rect(1px, 1px, 1px, 1px);\" src=\"https:\/\/www.varesenews.it\/2022\/01\/due-progetti-servizio-civile-alla-fondazione-don-gnocchi-malnate\/1419683\/embed\/#?secret=KOrjRUuwvS\" data-secret=\"KOrjRUuwvS\" width=\"500\" height=\"282\" title=\"&#8220;Due progetti di servizio civile alla Fondazione Don Gnocchi di Malnate&#8221; &#8212; VareseNews\" frameborder=\"0\" marginwidth=\"0\" marginheight=\"0\" scrolling=\"no\"><\/iframe>","_oembed_time_64e0461eb9d1fdb4667c62f9b43e67e7":"1643112099","_oembed_cb571626fba30df1510f614aaa3bb196":"<blockquote class=\"wp-embedded-content\" data-secret=\"siukAdufCJ\"><a href=\"https:\/\/www.varesenews.it\/2022\/01\/un-anno-legambiente-servizio-civile-anche-varese\/1420218\/\">Un anno con Legambiente, con il servizio civile (anche a Varese)<\/a><\/blockquote><iframe class=\"wp-embedded-content\" sandbox=\"allow-scripts\" security=\"restricted\" style=\"position: absolute; clip: rect(1px, 1px, 1px, 1px);\" src=\"https:\/\/www.varesenews.it\/2022\/01\/un-anno-legambiente-servizio-civile-anche-varese\/1420218\/embed\/#?secret=siukAdufCJ\" data-secret=\"siukAdufCJ\" width=\"500\" height=\"282\" title=\"&#8220;Un anno con Legambiente, con il servizio civile (anche a Varese)&#8221; &#8212; VareseNews\" frameborder=\"0\" marginwidth=\"0\" marginheight=\"0\" scrolling=\"no\"><\/iframe>","_oembed_time_cb571626fba30df1510f614aaa3bb196":"1643112099","_oembed_120b3a04f2ab46ff4f38f5b37c0fa3c7":"<blockquote class=\"wp-embedded-content\" data-secret=\"eed57wEqSa\"><a href=\"https:\/\/www.varesenews.it\/2022\/01\/ultima-chiamata-camera-commercio-due-volontari-del-servizio-civile\/1420389\/\">Ultima chiamata di Camera di Commercio per due volontari del servizio civile<\/a><\/blockquote><iframe class=\"wp-embedded-content\" sandbox=\"allow-scripts\" security=\"restricted\" style=\"position: absolute; clip: rect(1px, 1px, 1px, 1px);\" src=\"https:\/\/www.varesenews.it\/2022\/01\/ultima-chiamata-camera-commercio-due-volontari-del-servizio-civile\/1420389\/embed\/#?secret=eed57wEqSa\" data-secret=\"eed57wEqSa\" width=\"500\" height=\"282\" title=\"&#8220;Ultima chiamata di Camera di Commercio per due volontari del servizio civile&#8221; &#8212; VareseNews\" frameborder=\"0\" marginwidth=\"0\" marginheight=\"0\" scrolling=\"no\"><\/iframe>","_oembed_time_120b3a04f2ab46ff4f38f5b37c0fa3c7":"1643112099","_oembed_ee6b128a6659888b47e636e2175c3853":"<blockquote class=\"wp-embedded-content\" data-secret=\"uxtXNpXT74\"><a href=\"https:\/\/www.legnanonews.com\/aree-geografiche\/legnano\/2022\/01\/10\/uildm-legnano-cerca-8-ragazzi-per-il-servizio-civile\/1010420\/\">Uildm Legnano cerca 8 ragazzi per il Servizio Civile<\/a><\/blockquote><iframe class=\"wp-embedded-content\" sandbox=\"allow-scripts\" security=\"restricted\" style=\"position: absolute; clip: rect(1px, 1px, 1px, 1px);\" src=\"https:\/\/www.legnanonews.com\/aree-geografiche\/legnano\/2022\/01\/10\/uildm-legnano-cerca-8-ragazzi-per-il-servizio-civile\/1010420\/embed\/#?secret=uxtXNpXT74\" data-secret=\"uxtXNpXT74\" width=\"500\" height=\"282\" title=\"&#8220;Uildm Legnano cerca 8 ragazzi per il Servizio Civile&#8221; &#8212; LegnanoNews\" frameborder=\"0\" marginwidth=\"0\" marginheight=\"0\" scrolling=\"no\"><\/iframe>","_oembed_time_ee6b128a6659888b47e636e2175c3853":"1643112100","_oembed_0cbf35a99133b5dfe02607e877008c21":"<blockquote class=\"wp-embedded-content\" data-secret=\"7wduvxVcHF\"><a href=\"https:\/\/www.legnanonews.com\/aree-geografiche\/legnano\/2022\/01\/18\/avis-legnano-pubblicato-il-bando-di-servizio-civile-universale\/1011311\/\">Avis Legnano, pubblicato il bando di servizio civile universale<\/a><\/blockquote><iframe class=\"wp-embedded-content\" sandbox=\"allow-scripts\" security=\"restricted\" style=\"position: absolute; clip: rect(1px, 1px, 1px, 1px);\" src=\"https:\/\/www.legnanonews.com\/aree-geografiche\/legnano\/2022\/01\/18\/avis-legnano-pubblicato-il-bando-di-servizio-civile-universale\/1011311\/embed\/#?secret=7wduvxVcHF\" data-secret=\"7wduvxVcHF\" width=\"500\" height=\"282\" title=\"&#8220;Avis Legnano, pubblicato il bando di servizio civile universale&#8221; &#8212; LegnanoNews\" frameborder=\"0\" marginwidth=\"0\" marginheight=\"0\" scrolling=\"no\"><\/iframe>","_oembed_time_0cbf35a99133b5dfe02607e877008c21":"1643112101","_oembed_c00e3a982dd214f4c2e5ba2e2788c662":"<blockquote class=\"wp-embedded-content\" data-secret=\"BuTwN0cgdH\"><a href=\"https:\/\/www.verbanonews.it\/aree-geografiche\/piemonte\/2022\/01\/18\/servizio-civile-al-parco-nazionale-della-val-grande\/939323\/\">Servizio civile al Parco Nazionale della Val Grande<\/a><\/blockquote><iframe class=\"wp-embedded-content\" sandbox=\"allow-scripts\" security=\"restricted\" style=\"position: absolute; clip: rect(1px, 1px, 1px, 1px);\" src=\"https:\/\/www.verbanonews.it\/aree-geografiche\/piemonte\/2022\/01\/18\/servizio-civile-al-parco-nazionale-della-val-grande\/939323\/embed\/#?secret=BuTwN0cgdH\" data-secret=\"BuTwN0cgdH\" width=\"500\" height=\"282\" title=\"&#8220;Servizio civile al Parco Nazionale della Val Grande&#8221; &#8212; VerbanoNews\" frameborder=\"0\" marginwidth=\"0\" marginheight=\"0\" scrolling=\"no\"><\/iframe>","_oembed_time_c00e3a982dd214f4c2e5ba2e2788c662":"1643112102","_oembed_f129807d04bf52144f52f1afe1c7ca77":"<blockquote class=\"wp-embedded-content\" data-secret=\"8NcAkBAD2L\"><a href=\"https:\/\/www.verbanonews.it\/aree-geografiche\/piemonte\/2022\/01\/19\/borgomanero-apre-il-bando-per-il-servizio-civile-e-invita-i-giovani-ad-iscriversi\/939387\/\">Borgomanero apre il bando per il servizio civile e invita i giovani ad iscriversi<\/a><\/blockquote><iframe class=\"wp-embedded-content\" sandbox=\"allow-scripts\" security=\"restricted\" style=\"position: absolute; clip: rect(1px, 1px, 1px, 1px);\" src=\"https:\/\/www.verbanonews.it\/aree-geografiche\/piemonte\/2022\/01\/19\/borgomanero-apre-il-bando-per-il-servizio-civile-e-invita-i-giovani-ad-iscriversi\/939387\/embed\/#?secret=8NcAkBAD2L\" data-secret=\"8NcAkBAD2L\" width=\"500\" height=\"282\" title=\"&#8220;Borgomanero apre il bando per il servizio civile e invita i giovani ad iscriversi&#8221; &#8212; VerbanoNews\" frameborder=\"0\" marginwidth=\"0\" marginheight=\"0\" scrolling=\"no\"><\/iframe>","_oembed_time_f129807d04bf52144f52f1afe1c7ca77":"1643112103","_oembed_aebff166792e039499fd46da36629dff":"<iframe width=\"500\" height=\"281\" src=\"https:\/\/www.youtube.com\/embed\/Cy769q3vURI?feature=oembed\" frameborder=\"0\" allow=\"accelerometer; autoplay; clipboard-write; encrypted-media; gyroscope; picture-in-picture\" allowfullscreen><\/iframe>","_oembed_time_aebff166792e039499fd46da36629dff":"1643112373","_oembed_5cbb1990f97d907ff83c31b84c6e7585":"<blockquote class=\"wp-embedded-content\" data-secret=\"D2ictYFoxw\"><a href=\"https:\/\/www.varesenews.it\/2016\/10\/antonio-manzini-vince-il-premio-chiara\/562448\/\">Antonio Manzini vince il Premio Chiara<\/a><\/blockquote><iframe class=\"wp-embedded-content\" sandbox=\"allow-scripts\" security=\"restricted\" style=\"position: absolute; clip: rect(1px, 1px, 1px, 1px);\" src=\"https:\/\/www.varesenews.it\/2016\/10\/antonio-manzini-vince-il-premio-chiara\/562448\/embed\/#?secret=D2ictYFoxw\" data-secret=\"D2ictYFoxw\" width=\"500\" height=\"282\" title=\"&#8220;Antonio Manzini vince il Premio Chiara&#8221; &#8212; VareseNews\" frameborder=\"0\" marginwidth=\"0\" marginheight=\"0\" scrolling=\"no\"><\/iframe>","_oembed_time_5cbb1990f97d907ff83c31b84c6e7585":"1643112373","_oembed_c2b7aac540357ab58cb5731cd84dc495":"<blockquote class=\"wp-embedded-content\" data-secret=\"0i1oqPDfgF\"><a href=\"https:\/\/www.varesenews.it\/2022\/01\/speciale-quirinale-12-presidenti-della-repubblica\/1415745\/\">Speciale Quirinale: i 12 Presidenti della Repubblica<\/a><\/blockquote><iframe class=\"wp-embedded-content\" sandbox=\"allow-scripts\" security=\"restricted\" style=\"position: absolute; clip: rect(1px, 1px, 1px, 1px);\" src=\"https:\/\/www.varesenews.it\/2022\/01\/speciale-quirinale-12-presidenti-della-repubblica\/1415745\/embed\/#?secret=0i1oqPDfgF\" data-secret=\"0i1oqPDfgF\" width=\"500\" height=\"282\" title=\"&#8220;Speciale Quirinale: i 12 Presidenti della Repubblica&#8221; &#8212; VareseNews\" frameborder=\"0\" marginwidth=\"0\" marginheight=\"0\" scrolling=\"no\"><\/iframe>","_oembed_time_c2b7aac540357ab58cb5731cd84dc495":"1643112373"},"photos":[{"original":"https:\/\/staging.varesenews.it\/photogallery_new\/images\/2021\/07\/lavori-autostrada-notte-1239774.jpg","full":"https:\/\/staging.varesenews.it\/photogallery_new\/images\/2021\/07\/lavori-autostrada-notte-1239774.1024x768.jpg","large":"https:\/\/staging.varesenews.it\/photogallery_new\/images\/2021\/07\/lavori-autostrada-notte-1239774.610x431.jpg"}],"_links":{"self":[{"href":"https:\/\/staging.varesenews.it\/swgapi\/v1\/wp\/v2\/posts\/1422079"}],"collection":[{"href":"https:\/\/staging.varesenews.it\/swgapi\/v1\/wp\/v2\/posts"}],"about":[{"href":"https:\/\/staging.varesenews.it\/swgapi\/v1\/wp\/v2\/types\/post"}],"author":[{"embeddable":true,"href":"https:\/\/staging.varesenews.it\/swgapi\/v1\/wp\/v2\/users\/33"}],"replies":[{"embeddable":true,"href":"https:\/\/staging.varesenews.it\/swgapi\/v1\/wp\/v2\/comments?post=1422079"}],"version-history":[{"count":0,"href":"https:\/\/staging.varesenews.it\/swgapi\/v1\/wp\/v2\/posts\/1422079\/revisions"}],"wp:attachment":[{"href":"https:\/\/staging.varesenews.it\/swgapi\/v1\/wp\/v2\/media?parent=1422079"}],"wp:term":[{"taxonomy":"category","embeddable":true,"href":"https:\/\/staging.varesenews.it\/swgapi\/v1\/wp\/v2\/categories?post=1422079"},{"taxonomy":"post_tag","embeddable":true,"href":"https:\/\/staging.varesenews.it\/swgapi\/v1\/wp\/v2\/tags?post=1422079"}],"curies":[{"name":"wp","href":"https:\/\/api.w.org\/{rel}","templated":true}]}}