{"id":1422184,"date":"2022-01-25T16:06:32","date_gmt":"2022-01-25T15:06:32","guid":{"rendered":"https:\/\/www.varesenews.it\/?p=1422184"},"modified":"2022-01-25T16:12:54","modified_gmt":"2022-01-25T15:12:54","slug":"pil-mondiale-41-nel-2022","status":"publish","type":"post","link":"https:\/\/staging.varesenews.it\/2022\/01\/pil-mondiale-41-nel-2022\/1422184\/","title":{"rendered":"Pil mondiale: + 4,1% nel 2022"},"content":{"rendered":"<p>Secondo il rapporto<strong> Euler Hermes<\/strong>, nel 2022 il<strong> Pil mondiale<\/strong> \u00e8 atteso in crescita del <strong>4,1% .<\/strong> In crescita anche nell&#8217;Eurozona e negli Stati Uniti rispettivamente del <strong>+4,1% e +3,9%<\/strong> e in <strong>rallentamento in Cina al +5,2%,<\/strong> a causa delle continue perturbazioni del settore immobiliare e dell&#8217;attenzione del governo verso la stabilit\u00e0 finanziaria. <strong>Il minor contributo della Cina<\/strong> alla crescita globale del Pil a partire dal 2015, avr\u00e0 probabilmente ricadute negative sui mercati emergenti, la cui curva di ripresa sar\u00e0 pi\u00f9 piatta rispetto alle crisi passate. La <strong>crescita globale dovrebbe mantenersi robusta<\/strong> seppur <strong>disomogenea<\/strong>, con una crescente divergenza tra le economie avanzate e quelle dei mercati emergenti.<\/p>\n<p><strong>Nel primo trimestre lo studio<\/strong> prevede che l&#8217;incertezza legata alla variante Omicron eroda la crescita del Pil delle economie avanzate di <strong>-0,3 %<\/strong>, ma che aumentino le interruzioni nel lavoro e nel commercio globale. Queste sono alcune evidenze del report realizzato da Euler Hermes, societ\u00e0 del gruppo Allianz e leader mondiale dell\u2019assicurazione crediti. <strong>Le economie avanzate continueranno a guidare pi\u00f9 della met\u00e0 della crescita globale del Pil<\/strong> (+2,2% nel 2022 e +1,6% nel 2023), <strong>mentre i mercati emergenti<\/strong> restano indietro per la prima volta dalla crisi finanziaria globale.<\/p>\n<p><strong>LA SFIDA DELL&#8217;ITALIA \u00c8 CRESCERE NEL LUNGO TERMINE<\/strong><\/p>\n<p>\u00abLa ripresa in Italia continua a essere molto dinamica grazie ai consumi privati e al commercio estero, principali motori del forte impulso impartito alla crescita nella seconda met\u00e0 dello scorso anno &#8211;\u00a0 afferma\u00a0<strong>Luca Burrafato<\/strong>, responsabile Paesi Mediterranei, Medio Oriente e Africa di Euler Hermes &#8211;<br \/>\nNonostante le varianti della pandemia, Il governo di unit\u00e0 nazionale guidato da<strong> Mario Draghi<\/strong> sta continuando a realizzare i suoi obiettivi, soprattutto per quanto riguarda la tabella di marcia del recovery plan e delle grandi riforme strutturali (ad esempio giustizia, pensioni). Tuttavia le riforme avviate e gli effetti degli investimenti del <strong>Next Generation EU<\/strong> avranno un effetto significativo sulla crescita potenziale solo nel medio termine, con un impatto cumulativo del 2% sulla crescita, a fine 2026\u00bb.<\/p>\n<p>Nel breve periodo, gli indicatori ad alta frequenza segnalano una continua espansione dell&#8217;attivit\u00e0 economica italiana, soprattutto nel <strong>settore manifatturiero dove il Purchasing Managers\u2019 Index<\/strong> (PMI) ha raggiunto a novembre il <strong>massimo storico di 62,8 punt<\/strong>i. Poich\u00e9 la crescita del Pil \u00e8 chiaramente superiore alla media dell\u2019Eurozona, <strong>Fitch<\/strong> ha recentemente aggiornato il rating dell\u2019Italia da BBB- a BBB.<\/p>\n<p>Il valore del Pil \u00e8 attualmente inferiore al livello pre-crisi solo dell&#8217;1,4% al pari della Germania, nonostante l\u2019Italia abbia subito una recessione molto pi\u00f9 forte nel 2020 (-9,0% contro -4,9%).<br \/>\nAnche se si prevede che tale livello sia raggiunto a met\u00e0 del 2022, <strong>l\u2019Italia probabilmente non riuscir\u00e0 a colmare il divario di produzione fino al 2023.<\/strong> Le nuove restrizioni sanitarie in risposta alla quinta ondata di Covid-19 potrebbero tagliare la crescita trimestrale di 0,2% nel 4\u00b0 e 1\u00b0 trimestre.<br \/>\nUna parte significativa di questi costi potr\u00e0 verificarsi solo se l&#8217;inasprimento delle restrizioni sui viaggi colpir\u00e0 il turismo. Nei prossimi trimestri i consumi privati rimarranno la principale fonte di sostegno per la crescita grazie al ricorso delle famiglie ai risparmi eccedenti, che provocher\u00e0 una discesa del tasso di risparmio dal 14% al 10% del reddito disponibile. Secondo le nostre previsioni,\u00a0<strong>la crescita del Pil si attester\u00e0 al +4,5% quest\u2019anno, seguito dal +2,1% nel 2023<\/strong>.<\/p>\n","protected":false},"excerpt":{"rendered":"<p>Secondo il rapporto Euler Hermes, nel primo trimestre l\u2019incertezza legata a Omicron coster\u00e0 alle economie avanzate lo 0,3% di crescita<\/p>\n","protected":false},"author":45,"featured_media":0,"comment_status":"open","ping_status":"open","sticky":false,"template":"","format":"standard","meta":{"footnotes":""},"categories":[15],"tags":[3260],"acf":[],"yoast_head":"<!-- This site is optimized with the Yoast SEO plugin v20.1 - https:\/\/yoast.com\/wordpress\/plugins\/seo\/ -->\n<title>Pil mondiale: + 4,1% nel 2022<\/title>\n<meta name=\"description\" content=\"Secondo il rapporto Euler Hermes, nel primo trimestre l\u2019incertezza legata a Omicron coster\u00e0 alle economie avanzate lo 0,3% di crescita\" \/>\n<meta name=\"robots\" content=\"noindex, follow, max-snippet:-1, max-image-preview:large, max-video-preview:-1\" \/>\n<meta property=\"og:locale\" content=\"it_IT\" \/>\n<meta property=\"og:type\" content=\"article\" \/>\n<meta property=\"og:title\" content=\"Pil mondiale: + 4,1% nel 2022\" \/>\n<meta property=\"og:description\" content=\"Secondo il rapporto Euler Hermes, nel primo trimestre l\u2019incertezza legata a Omicron coster\u00e0 alle economie avanzate lo 0,3% di crescita\" \/>\n<meta property=\"og:url\" content=\"https:\/\/staging.varesenews.it\/2022\/01\/pil-mondiale-41-nel-2022\/1422184\/\" \/>\n<meta property=\"og:site_name\" content=\"VareseNews\" \/>\n<meta property=\"article:publisher\" content=\"https:\/\/www.facebook.com\/varesenews\" \/>\n<meta property=\"article:author\" content=\"https:\/\/www.facebook.com\/michele.mancino.5\" \/>\n<meta property=\"article:published_time\" content=\"2022-01-25T15:06:32+00:00\" \/>\n<meta property=\"article:modified_time\" content=\"2022-01-25T15:12:54+00:00\" \/>\n<meta name=\"author\" content=\"Michele Mancino\" \/>\n<meta name=\"twitter:card\" content=\"summary_large_image\" \/>\n<meta name=\"twitter:creator\" content=\"@micmancio\" \/>\n<meta name=\"twitter:site\" content=\"@varesenews\" \/>\n<meta name=\"twitter:label1\" content=\"Scritto da\" \/>\n\t<meta name=\"twitter:data1\" content=\"Michele Mancino\" \/>\n\t<meta name=\"twitter:label2\" content=\"Tempo di lettura stimato\" \/>\n\t<meta name=\"twitter:data2\" content=\"3 minuti\" \/>\n<script type=\"application\/ld+json\" class=\"yoast-schema-graph\">{\"@context\":\"https:\/\/schema.org\",\"@graph\":[{\"@type\":\"WebPage\",\"@id\":\"https:\/\/staging.varesenews.it\/2022\/01\/pil-mondiale-41-nel-2022\/1422184\/\",\"url\":\"https:\/\/staging.varesenews.it\/2022\/01\/pil-mondiale-41-nel-2022\/1422184\/\",\"name\":\"Pil mondiale: + 4,1% nel 2022\",\"isPartOf\":{\"@id\":\"https:\/\/staging.varesenews.it\/#website\"},\"datePublished\":\"2022-01-25T15:06:32+00:00\",\"dateModified\":\"2022-01-25T15:12:54+00:00\",\"author\":{\"@id\":\"https:\/\/staging.varesenews.it\/#\/schema\/person\/308b491d3cb680ead199e5ff6c6ce540\"},\"description\":\"Secondo il rapporto Euler Hermes, nel primo trimestre l\u2019incertezza legata a Omicron coster\u00e0 alle economie avanzate lo 0,3% di crescita\",\"breadcrumb\":{\"@id\":\"https:\/\/staging.varesenews.it\/2022\/01\/pil-mondiale-41-nel-2022\/1422184\/#breadcrumb\"},\"inLanguage\":\"it-IT\",\"potentialAction\":[{\"@type\":\"ReadAction\",\"target\":[\"https:\/\/staging.varesenews.it\/2022\/01\/pil-mondiale-41-nel-2022\/1422184\/\"]}]},{\"@type\":\"BreadcrumbList\",\"@id\":\"https:\/\/staging.varesenews.it\/2022\/01\/pil-mondiale-41-nel-2022\/1422184\/#breadcrumb\",\"itemListElement\":[{\"@type\":\"ListItem\",\"position\":1,\"name\":\"Home\",\"item\":\"https:\/\/www.varesenews.it\/\"},{\"@type\":\"ListItem\",\"position\":2,\"name\":\"Pil mondiale: + 4,1% nel 2022\"}]},{\"@type\":\"WebSite\",\"@id\":\"https:\/\/staging.varesenews.it\/#website\",\"url\":\"https:\/\/staging.varesenews.it\/\",\"name\":\"VareseNews\",\"description\":\"\",\"potentialAction\":[{\"@type\":\"SearchAction\",\"target\":{\"@type\":\"EntryPoint\",\"urlTemplate\":\"https:\/\/staging.varesenews.it\/?s={search_term_string}\"},\"query-input\":\"required name=search_term_string\"}],\"inLanguage\":\"it-IT\"},{\"@type\":\"Person\",\"@id\":\"https:\/\/staging.varesenews.it\/#\/schema\/person\/308b491d3cb680ead199e5ff6c6ce540\",\"name\":\"Michele Mancino\",\"image\":{\"@type\":\"ImageObject\",\"inLanguage\":\"it-IT\",\"@id\":\"https:\/\/staging.varesenews.it\/#\/schema\/person\/image\/\",\"url\":\"https:\/\/staging.varesenews.it\/wp-content\/uploads\/2020\/12\/michele_mancino_colori_500.jpg\",\"contentUrl\":\"https:\/\/staging.varesenews.it\/wp-content\/uploads\/2020\/12\/michele_mancino_colori_500.jpg\",\"caption\":\"Michele Mancino\"},\"description\":\"Sono a VareseNews da prima che nascesse. Ho inserito le prime notizie in una stringa di codice html, la lingua di internet. Aprivo i computer, cambiavo schede di rete e portavo i server dal provider. A met&agrave; degli anni &rsquo;90 il giornalista online doveva saper fare anche questo. Ho vissuto gli anni drammatici della bolla speculativa di Internet e quelli entusiastici della crescita, anni in cui VareseNews era un Davide in mezzo a tanti Golia. Poi sono arrivati i social, le nuove piattaforme e soprattutto gli smartphone, una postazione di lavoro racchiusa in una mano. Una nuova rivoluzione. Insomma, &egrave; stata, ed &egrave; ancora, un&rsquo;avventura entusiasmante perch&eacute; mi insegna giorno dopo giorno che il cambiamento &egrave; l&rsquo;unica certezza di questa fragile esistenza.\",\"sameAs\":[\"https:\/\/www.facebook.com\/michele.mancino.5\",\"micmancio\",\"Aggiorna le impostazioni del tuo profilo pubblicoit.linkedin.com\/pub\/michele-mancino\/28\/b71\/890\/it\",\"https:\/\/twitter.com\/micmancio\"],\"url\":\"https:\/\/staging.varesenews.it\/persona\/michele_mancino\/\"}]}<\/script>\n<!-- \/ Yoast SEO plugin. -->","yoast_head_json":{"title":"Pil mondiale: + 4,1% nel 2022","description":"Secondo il rapporto Euler Hermes, nel primo trimestre l\u2019incertezza legata a Omicron coster\u00e0 alle economie avanzate lo 0,3% di crescita","robots":{"index":"noindex","follow":"follow","max-snippet":"max-snippet:-1","max-image-preview":"max-image-preview:large","max-video-preview":"max-video-preview:-1"},"og_locale":"it_IT","og_type":"article","og_title":"Pil mondiale: + 4,1% nel 2022","og_description":"Secondo il rapporto Euler Hermes, nel primo trimestre l\u2019incertezza legata a Omicron coster\u00e0 alle economie avanzate lo 0,3% di crescita","og_url":"https:\/\/staging.varesenews.it\/2022\/01\/pil-mondiale-41-nel-2022\/1422184\/","og_site_name":"VareseNews","article_publisher":"https:\/\/www.facebook.com\/varesenews","article_author":"https:\/\/www.facebook.com\/michele.mancino.5","article_published_time":"2022-01-25T15:06:32+00:00","article_modified_time":"2022-01-25T15:12:54+00:00","author":"Michele Mancino","twitter_card":"summary_large_image","twitter_creator":"@micmancio","twitter_site":"@varesenews","twitter_misc":{"Scritto da":"Michele Mancino","Tempo di lettura stimato":"3 minuti"},"schema":{"@context":"https:\/\/schema.org","@graph":[{"@type":"WebPage","@id":"https:\/\/staging.varesenews.it\/2022\/01\/pil-mondiale-41-nel-2022\/1422184\/","url":"https:\/\/staging.varesenews.it\/2022\/01\/pil-mondiale-41-nel-2022\/1422184\/","name":"Pil mondiale: + 4,1% nel 2022","isPartOf":{"@id":"https:\/\/staging.varesenews.it\/#website"},"datePublished":"2022-01-25T15:06:32+00:00","dateModified":"2022-01-25T15:12:54+00:00","author":{"@id":"https:\/\/staging.varesenews.it\/#\/schema\/person\/308b491d3cb680ead199e5ff6c6ce540"},"description":"Secondo il rapporto Euler Hermes, nel primo trimestre l\u2019incertezza legata a Omicron coster\u00e0 alle economie avanzate lo 0,3% di crescita","breadcrumb":{"@id":"https:\/\/staging.varesenews.it\/2022\/01\/pil-mondiale-41-nel-2022\/1422184\/#breadcrumb"},"inLanguage":"it-IT","potentialAction":[{"@type":"ReadAction","target":["https:\/\/staging.varesenews.it\/2022\/01\/pil-mondiale-41-nel-2022\/1422184\/"]}]},{"@type":"BreadcrumbList","@id":"https:\/\/staging.varesenews.it\/2022\/01\/pil-mondiale-41-nel-2022\/1422184\/#breadcrumb","itemListElement":[{"@type":"ListItem","position":1,"name":"Home","item":"https:\/\/www.varesenews.it\/"},{"@type":"ListItem","position":2,"name":"Pil mondiale: + 4,1% nel 2022"}]},{"@type":"WebSite","@id":"https:\/\/staging.varesenews.it\/#website","url":"https:\/\/staging.varesenews.it\/","name":"VareseNews","description":"","potentialAction":[{"@type":"SearchAction","target":{"@type":"EntryPoint","urlTemplate":"https:\/\/staging.varesenews.it\/?s={search_term_string}"},"query-input":"required name=search_term_string"}],"inLanguage":"it-IT"},{"@type":"Person","@id":"https:\/\/staging.varesenews.it\/#\/schema\/person\/308b491d3cb680ead199e5ff6c6ce540","name":"Michele Mancino","image":{"@type":"ImageObject","inLanguage":"it-IT","@id":"https:\/\/staging.varesenews.it\/#\/schema\/person\/image\/","url":"https:\/\/staging.varesenews.it\/wp-content\/uploads\/2020\/12\/michele_mancino_colori_500.jpg","contentUrl":"https:\/\/staging.varesenews.it\/wp-content\/uploads\/2020\/12\/michele_mancino_colori_500.jpg","caption":"Michele Mancino"},"description":"Sono a VareseNews da prima che nascesse. Ho inserito le prime notizie in una stringa di codice html, la lingua di internet. Aprivo i computer, cambiavo schede di rete e portavo i server dal provider. A met&agrave; degli anni &rsquo;90 il giornalista online doveva saper fare anche questo. Ho vissuto gli anni drammatici della bolla speculativa di Internet e quelli entusiastici della crescita, anni in cui VareseNews era un Davide in mezzo a tanti Golia. Poi sono arrivati i social, le nuove piattaforme e soprattutto gli smartphone, una postazione di lavoro racchiusa in una mano. Una nuova rivoluzione. Insomma, &egrave; stata, ed &egrave; ancora, un&rsquo;avventura entusiasmante perch&eacute; mi insegna giorno dopo giorno che il cambiamento &egrave; l&rsquo;unica certezza di questa fragile esistenza.","sameAs":["https:\/\/www.facebook.com\/michele.mancino.5","micmancio","Aggiorna le impostazioni del tuo profilo pubblicoit.linkedin.com\/pub\/michele-mancino\/28\/b71\/890\/it","https:\/\/twitter.com\/micmancio"],"url":"https:\/\/staging.varesenews.it\/persona\/michele_mancino\/"}]}},"post_meta":{"_edit_lock":"1643123677:45","_edit_last":"45","_category_permalink":"a:1:{s:8:\"category\";s:2:\"15\";}","_encloseme":"1","ratings_users":"0","ratings_score":"0","ratings_average":"0","foto":"1274844","firma_come_redazione":"1","argomento":"Economia","_yoast_wpseo_focuskw_text_input":"pil","_yoast_wpseo_focuskw":"pil","_yoast_wpseo_linkdex":"78","_yoast_wpseo_content_score":"30","_jd_tweet_this":"yes","_wpt_short_url":"https:\/\/www.varesenews.it\/2022\/01\/pil-mondiale-41-nel-2022\/1422184\/","_wp_jd_target":"https:\/\/www.varesenews.it\/2022\/01\/pil-mondiale-41-nel-2022\/1422184\/","_jd_wp_twitter":"a:1:{i:0;s:102:\"Pil mondiale:   4,1% nel 2022 https:\/\/www.varesenews.it\/2022\/01\/pil-mondiale-41-nel-2022\/1422184\/ #Pil\";}","_wpt_status_message":"Tweet inviato con successo."},"photos":[{"original":"https:\/\/staging.varesenews.it\/photogallery_new\/images\/2022\/01\/economia-generiche-1274844.jpg","full":"https:\/\/staging.varesenews.it\/photogallery_new\/images\/2022\/01\/economia-generiche-1274844.1024x768.jpg","large":"https:\/\/staging.varesenews.it\/photogallery_new\/images\/2022\/01\/economia-generiche-1274844.610x431.jpg"}],"_links":{"self":[{"href":"https:\/\/staging.varesenews.it\/swgapi\/v1\/wp\/v2\/posts\/1422184"}],"collection":[{"href":"https:\/\/staging.varesenews.it\/swgapi\/v1\/wp\/v2\/posts"}],"about":[{"href":"https:\/\/staging.varesenews.it\/swgapi\/v1\/wp\/v2\/types\/post"}],"author":[{"embeddable":true,"href":"https:\/\/staging.varesenews.it\/swgapi\/v1\/wp\/v2\/users\/45"}],"replies":[{"embeddable":true,"href":"https:\/\/staging.varesenews.it\/swgapi\/v1\/wp\/v2\/comments?post=1422184"}],"version-history":[{"count":0,"href":"https:\/\/staging.varesenews.it\/swgapi\/v1\/wp\/v2\/posts\/1422184\/revisions"}],"wp:attachment":[{"href":"https:\/\/staging.varesenews.it\/swgapi\/v1\/wp\/v2\/media?parent=1422184"}],"wp:term":[{"taxonomy":"category","embeddable":true,"href":"https:\/\/staging.varesenews.it\/swgapi\/v1\/wp\/v2\/categories?post=1422184"},{"taxonomy":"post_tag","embeddable":true,"href":"https:\/\/staging.varesenews.it\/swgapi\/v1\/wp\/v2\/tags?post=1422184"}],"curies":[{"name":"wp","href":"https:\/\/api.w.org\/{rel}","templated":true}]}}