{"id":1422323,"date":"2022-01-26T07:21:21","date_gmt":"2022-01-26T06:21:21","guid":{"rendered":"https:\/\/www.varesenews.it\/?p=1422323"},"modified":"2022-01-26T07:21:21","modified_gmt":"2022-01-26T06:21:21","slug":"blitz-della-finanza-como-lavoro-nero","status":"publish","type":"post","link":"https:\/\/staging.varesenews.it\/2022\/01\/blitz-della-finanza-como-lavoro-nero\/1422323\/","title":{"rendered":"Blitz della Finanza di Como contro il lavoro nero"},"content":{"rendered":"<p>La guardia di finanza di Como nei giorni scorsi ha scoperto 2 lavoratori impiegati in \u201cnero\u201d e 5 irregolari.<\/p>\n<p>I finanzieri della Compagnia di Erba, in un bar di <strong>Inverigo<\/strong> (CO), hanno scoperto un lavoratore irregolare di nazionalit\u00e0 italiana e, successivamente, in una pizzeria sita nel comune di <strong>Cabiate<\/strong> (CO), hanno trovato, intento a prestare la propria opera, un lavoratore in \u201cnero\u201d di nazionalit\u00e0 egiziana.<\/p>\n<p>Un altro lavoratore in \u201cnero\u201d, di nazionalit\u00e0 italiana, veniva individuato in un bar di <strong>Cant\u00f9<\/strong> (CO). Nei confronti dell\u2019esercizio canturino, \u00e8 stata richiesta la sospensione dell\u2019attivit\u00e0 in quanto, nel giorno dell\u2019intervento, i lavoratori in nero accertati superavano la soglia del 10% della totalit\u00e0 dei lavoratori impiegati.<\/p>\n<p>Nel contempo, i finanzieri del Gruppo Como, nel capoluogo lariano, hanno scoperto <strong>4 lavoratori irregolari<\/strong>, tutti di nazionalit\u00e0 italiana, intenti a prestare la loro opera due in un ristorante e due in un bar. Le Fiamme Gialle comasche hanno eseguito, inoltre, <strong>530 controlli in materia di green pass<\/strong>, resi obbligatori, a partire dallo scorso 6 agosto, per poter usufruire di taluni servizi all\u2019interno di attivit\u00e0 commerciali, quali bar e ristoranti al chiuso. In particolare, \u00e8 stato effettuato il controllo di 60 esercizi commerciali, riscontrando 4 irregolarit\u00e0 (2 datori di lavoro e 2 clienti). Sono stati, inoltre, scoperti 2 soggetti che, positivi al Covid-19, avevano violato la quarantena obbligatoria.<\/p>\n<p><strong>Dei 60 esercizi controllati, 2 sono stati sanzionati<\/strong> in quanto sprovvisti dalla cartellonistica Covid-19. L\u2019attivit\u00e0 delle Fiamme Gialle s\u2019inquadra, in particolare, in due dei principali obiettivi perseguiti dal Corpo: <strong>arginare la diffusione dell\u2019illegalit\u00e0 e dell\u2019abusivismo<\/strong> nel sistema economico, a tutela delle imprese e dei professionisti che operano nella piena e completa osservanza della legge e tutelare proprio la parte pi\u00f9 debole in un rapporto di lavoro, ovvero i lavoratori.<\/p>\n<p>Questi ultimi, infatti, lavorando in \u201cnero\u201d o in maniera irregolare, non vedono riconosciuta alcuna copertura previdenziale e assicurativa, con gravissime conseguenze sia sulle legittime aspettative di maturazione dei requisiti pensionistici, sia sulle garanzie in tema di infortuni sul lavoro.<\/p>\n","protected":false},"excerpt":{"rendered":"<p>Le Fiamme Gialle comasche hanno eseguito inoltre 530 controlli in materia di \u201cgreen pass\u201c: scoperti due positivi che avevano violato la quarantena<\/p>\n","protected":false},"author":34,"featured_media":0,"comment_status":"open","ping_status":"open","sticky":false,"template":"","format":"standard","meta":{"footnotes":""},"categories":[7],"tags":[],"acf":[],"yoast_head":"<!-- This site is optimized with the Yoast SEO plugin v20.1 - https:\/\/yoast.com\/wordpress\/plugins\/seo\/ -->\n<title>Blitz della Finanza di Como contro il lavoro nero<\/title>\n<meta name=\"description\" content=\"Le Fiamme Gialle comasche hanno eseguito inoltre 530 controlli in materia di \u201cgreen pass\u201c: scoperti due positivi che avevano violato la quarantena\" \/>\n<meta name=\"robots\" content=\"noindex, follow, max-snippet:-1, max-image-preview:large, max-video-preview:-1\" \/>\n<meta property=\"og:locale\" content=\"it_IT\" \/>\n<meta property=\"og:type\" content=\"article\" \/>\n<meta property=\"og:title\" content=\"Blitz della Finanza di Como contro il lavoro nero\" \/>\n<meta property=\"og:description\" content=\"Le Fiamme Gialle comasche hanno eseguito inoltre 530 controlli in materia di \u201cgreen pass\u201c: scoperti due positivi che avevano violato la quarantena\" \/>\n<meta property=\"og:url\" content=\"https:\/\/staging.varesenews.it\/2022\/01\/blitz-della-finanza-como-lavoro-nero\/1422323\/\" \/>\n<meta property=\"og:site_name\" content=\"VareseNews\" \/>\n<meta property=\"article:publisher\" content=\"https:\/\/www.facebook.com\/varesenews\" \/>\n<meta property=\"article:author\" content=\"https:\/\/www.facebook.com\/andrea.camurani?fref=photo\" \/>\n<meta property=\"article:published_time\" content=\"2022-01-26T06:21:21+00:00\" \/>\n<meta name=\"author\" content=\"Andrea Camurani\" \/>\n<meta name=\"twitter:card\" content=\"summary_large_image\" \/>\n<meta name=\"twitter:creator\" content=\"@AndreaCamurani\" \/>\n<meta name=\"twitter:site\" content=\"@varesenews\" \/>\n<meta name=\"twitter:label1\" content=\"Scritto da\" \/>\n\t<meta name=\"twitter:data1\" content=\"Andrea Camurani\" \/>\n\t<meta name=\"twitter:label2\" content=\"Tempo di lettura stimato\" \/>\n\t<meta name=\"twitter:data2\" content=\"2 minuti\" \/>\n<script type=\"application\/ld+json\" class=\"yoast-schema-graph\">{\"@context\":\"https:\/\/schema.org\",\"@graph\":[{\"@type\":\"WebPage\",\"@id\":\"https:\/\/staging.varesenews.it\/2022\/01\/blitz-della-finanza-como-lavoro-nero\/1422323\/\",\"url\":\"https:\/\/staging.varesenews.it\/2022\/01\/blitz-della-finanza-como-lavoro-nero\/1422323\/\",\"name\":\"Blitz della Finanza di Como contro il lavoro nero\",\"isPartOf\":{\"@id\":\"https:\/\/staging.varesenews.it\/#website\"},\"datePublished\":\"2022-01-26T06:21:21+00:00\",\"dateModified\":\"2022-01-26T06:21:21+00:00\",\"author\":{\"@id\":\"https:\/\/staging.varesenews.it\/#\/schema\/person\/3eb5832c6beae763de8d9596fdbe8c49\"},\"description\":\"Le Fiamme Gialle comasche hanno eseguito inoltre 530 controlli in materia di \u201cgreen pass\u201c: scoperti due positivi che avevano violato la quarantena\",\"breadcrumb\":{\"@id\":\"https:\/\/staging.varesenews.it\/2022\/01\/blitz-della-finanza-como-lavoro-nero\/1422323\/#breadcrumb\"},\"inLanguage\":\"it-IT\",\"potentialAction\":[{\"@type\":\"ReadAction\",\"target\":[\"https:\/\/staging.varesenews.it\/2022\/01\/blitz-della-finanza-como-lavoro-nero\/1422323\/\"]}]},{\"@type\":\"BreadcrumbList\",\"@id\":\"https:\/\/staging.varesenews.it\/2022\/01\/blitz-della-finanza-como-lavoro-nero\/1422323\/#breadcrumb\",\"itemListElement\":[{\"@type\":\"ListItem\",\"position\":1,\"name\":\"Home\",\"item\":\"https:\/\/www.varesenews.it\/\"},{\"@type\":\"ListItem\",\"position\":2,\"name\":\"Blitz della Finanza di Como contro il lavoro nero\"}]},{\"@type\":\"WebSite\",\"@id\":\"https:\/\/staging.varesenews.it\/#website\",\"url\":\"https:\/\/staging.varesenews.it\/\",\"name\":\"VareseNews\",\"description\":\"\",\"potentialAction\":[{\"@type\":\"SearchAction\",\"target\":{\"@type\":\"EntryPoint\",\"urlTemplate\":\"https:\/\/staging.varesenews.it\/?s={search_term_string}\"},\"query-input\":\"required name=search_term_string\"}],\"inLanguage\":\"it-IT\"},{\"@type\":\"Person\",\"@id\":\"https:\/\/staging.varesenews.it\/#\/schema\/person\/3eb5832c6beae763de8d9596fdbe8c49\",\"name\":\"Andrea Camurani\",\"image\":{\"@type\":\"ImageObject\",\"inLanguage\":\"it-IT\",\"@id\":\"https:\/\/staging.varesenews.it\/#\/schema\/person\/image\/\",\"url\":\"https:\/\/staging.varesenews.it\/wp-content\/uploads\/2020\/12\/andrea_camurani_colori_500.jpg\",\"contentUrl\":\"https:\/\/staging.varesenews.it\/wp-content\/uploads\/2020\/12\/andrea_camurani_colori_500.jpg\",\"caption\":\"Andrea Camurani\"},\"description\":\"Sono figlio degli anni Settanta e di Milano, dove ho imparato a riconoscere buoni e cattivi. Laurea in scienze politiche, lavoro a VareseNews dal 2000. Racconto quel che trovo quando incontro chi vuole lasciare al mondo un pezzetto di vita, che si chiama cronaca. &ldquo;...perch&eacute; &egrave; la gente il pi&ugrave; grande spettacolo del mondo. E non si paga il biglietto...&rdquo; (Charles Bukowsky)\",\"sameAs\":[\"https:\/\/www.facebook.com\/andrea.camurani?fref=photo\",\"andreacamurani\",\"https:\/\/www.linkedin.com\/hp\/?dnr=A9a84RfzsLdo9xg4NcGV4dLiMknoc9ms4WM\",\"https:\/\/twitter.com\/AndreaCamurani\"],\"url\":\"https:\/\/staging.varesenews.it\/persona\/andrea_camurani\/\"}]}<\/script>\n<!-- \/ Yoast SEO plugin. -->","yoast_head_json":{"title":"Blitz della Finanza di Como contro il lavoro nero","description":"Le Fiamme Gialle comasche hanno eseguito inoltre 530 controlli in materia di \u201cgreen pass\u201c: scoperti due positivi che avevano violato la quarantena","robots":{"index":"noindex","follow":"follow","max-snippet":"max-snippet:-1","max-image-preview":"max-image-preview:large","max-video-preview":"max-video-preview:-1"},"og_locale":"it_IT","og_type":"article","og_title":"Blitz della Finanza di Como contro il lavoro nero","og_description":"Le Fiamme Gialle comasche hanno eseguito inoltre 530 controlli in materia di \u201cgreen pass\u201c: scoperti due positivi che avevano violato la quarantena","og_url":"https:\/\/staging.varesenews.it\/2022\/01\/blitz-della-finanza-como-lavoro-nero\/1422323\/","og_site_name":"VareseNews","article_publisher":"https:\/\/www.facebook.com\/varesenews","article_author":"https:\/\/www.facebook.com\/andrea.camurani?fref=photo","article_published_time":"2022-01-26T06:21:21+00:00","author":"Andrea Camurani","twitter_card":"summary_large_image","twitter_creator":"@AndreaCamurani","twitter_site":"@varesenews","twitter_misc":{"Scritto da":"Andrea Camurani","Tempo di lettura stimato":"2 minuti"},"schema":{"@context":"https:\/\/schema.org","@graph":[{"@type":"WebPage","@id":"https:\/\/staging.varesenews.it\/2022\/01\/blitz-della-finanza-como-lavoro-nero\/1422323\/","url":"https:\/\/staging.varesenews.it\/2022\/01\/blitz-della-finanza-como-lavoro-nero\/1422323\/","name":"Blitz della Finanza di Como contro il lavoro nero","isPartOf":{"@id":"https:\/\/staging.varesenews.it\/#website"},"datePublished":"2022-01-26T06:21:21+00:00","dateModified":"2022-01-26T06:21:21+00:00","author":{"@id":"https:\/\/staging.varesenews.it\/#\/schema\/person\/3eb5832c6beae763de8d9596fdbe8c49"},"description":"Le Fiamme Gialle comasche hanno eseguito inoltre 530 controlli in materia di \u201cgreen pass\u201c: scoperti due positivi che avevano violato la quarantena","breadcrumb":{"@id":"https:\/\/staging.varesenews.it\/2022\/01\/blitz-della-finanza-como-lavoro-nero\/1422323\/#breadcrumb"},"inLanguage":"it-IT","potentialAction":[{"@type":"ReadAction","target":["https:\/\/staging.varesenews.it\/2022\/01\/blitz-della-finanza-como-lavoro-nero\/1422323\/"]}]},{"@type":"BreadcrumbList","@id":"https:\/\/staging.varesenews.it\/2022\/01\/blitz-della-finanza-como-lavoro-nero\/1422323\/#breadcrumb","itemListElement":[{"@type":"ListItem","position":1,"name":"Home","item":"https:\/\/www.varesenews.it\/"},{"@type":"ListItem","position":2,"name":"Blitz della Finanza di Como contro il lavoro nero"}]},{"@type":"WebSite","@id":"https:\/\/staging.varesenews.it\/#website","url":"https:\/\/staging.varesenews.it\/","name":"VareseNews","description":"","potentialAction":[{"@type":"SearchAction","target":{"@type":"EntryPoint","urlTemplate":"https:\/\/staging.varesenews.it\/?s={search_term_string}"},"query-input":"required name=search_term_string"}],"inLanguage":"it-IT"},{"@type":"Person","@id":"https:\/\/staging.varesenews.it\/#\/schema\/person\/3eb5832c6beae763de8d9596fdbe8c49","name":"Andrea Camurani","image":{"@type":"ImageObject","inLanguage":"it-IT","@id":"https:\/\/staging.varesenews.it\/#\/schema\/person\/image\/","url":"https:\/\/staging.varesenews.it\/wp-content\/uploads\/2020\/12\/andrea_camurani_colori_500.jpg","contentUrl":"https:\/\/staging.varesenews.it\/wp-content\/uploads\/2020\/12\/andrea_camurani_colori_500.jpg","caption":"Andrea Camurani"},"description":"Sono figlio degli anni Settanta e di Milano, dove ho imparato a riconoscere buoni e cattivi. Laurea in scienze politiche, lavoro a VareseNews dal 2000. Racconto quel che trovo quando incontro chi vuole lasciare al mondo un pezzetto di vita, che si chiama cronaca. &ldquo;...perch&eacute; &egrave; la gente il pi&ugrave; grande spettacolo del mondo. E non si paga il biglietto...&rdquo; (Charles Bukowsky)","sameAs":["https:\/\/www.facebook.com\/andrea.camurani?fref=photo","andreacamurani","https:\/\/www.linkedin.com\/hp\/?dnr=A9a84RfzsLdo9xg4NcGV4dLiMknoc9ms4WM","https:\/\/twitter.com\/AndreaCamurani"],"url":"https:\/\/staging.varesenews.it\/persona\/andrea_camurani\/"}]}},"post_meta":{"_edit_lock":"1643178648:34","_edit_last":"34","_category_permalink":"a:1:{s:8:\"category\";s:0:\"\";}","_encloseme":"1","ratings_users":"0","ratings_score":"0","ratings_average":"0","foto":"1274892","firma_come_redazione":"1","argomento":"Como","_yoast_wpseo_focuskw_text_input":"finanza como","_yoast_wpseo_focuskw":"finanza como","_yoast_wpseo_linkdex":"54","_yoast_wpseo_content_score":"30","_jd_tweet_this":"yes","_wpt_short_url":"https:\/\/www.varesenews.it\/2022\/01\/blitz-della-finanza-como-lavoro-nero\/1422323\/","_wp_jd_target":"https:\/\/www.varesenews.it\/2022\/01\/blitz-della-finanza-como-lavoro-nero\/1422323\/","_jd_wp_twitter":"a:1:{i:0;s:130:\"Blitz della Finanza di Como contro il lavoro nero https:\/\/www.varesenews.it\/2022\/01\/blitz-della-finanza-como-lavoro-nero\/1422323\/ \";}","_wpt_status_message":"Tweet inviato con successo.","_oembed_2db99542249da66e92c31c16f6575675":"<blockquote class=\"wp-embedded-content\" data-secret=\"Ph5DWD71mO\"><a href=\"https:\/\/www.varesenews.it\/2022\/01\/dallarrivo-vertemati-alladdio-gentile-cronistoria-openjobmetis-non-esiste-piu\/1421948\/\">Dall&#8217;arrivo di Vertemati all&#8217;addio di Gentile: cronistoria di una Openjobmetis che non esiste pi\u00f9<\/a><\/blockquote><iframe class=\"wp-embedded-content\" sandbox=\"allow-scripts\" security=\"restricted\" style=\"position: absolute; clip: rect(1px, 1px, 1px, 1px);\" src=\"https:\/\/www.varesenews.it\/2022\/01\/dallarrivo-vertemati-alladdio-gentile-cronistoria-openjobmetis-non-esiste-piu\/1421948\/embed\/#?secret=Ph5DWD71mO\" data-secret=\"Ph5DWD71mO\" width=\"500\" height=\"282\" title=\"&#8220;Dall&#8217;arrivo di Vertemati all&#8217;addio di Gentile: cronistoria di una Openjobmetis che non esiste pi\u00f9&#8221; &#8212; VareseNews\" frameborder=\"0\" marginwidth=\"0\" marginheight=\"0\" scrolling=\"no\"><\/iframe>","_oembed_time_2db99542249da66e92c31c16f6575675":"1643178173","_oembed_7a9253ca7de97663026cb5326a89f294":"<iframe width=\"500\" height=\"281\" src=\"https:\/\/www.youtube.com\/embed\/XROo2LR_TkI?feature=oembed\" frameborder=\"0\" allow=\"accelerometer; autoplay; clipboard-write; encrypted-media; gyroscope; picture-in-picture\" allowfullscreen><\/iframe>","_oembed_time_7a9253ca7de97663026cb5326a89f294":"1643178173","_oembed_6886791f51f4f2b932896e68179c2d36":"<blockquote class=\"wp-embedded-content\" data-secret=\"PKWAh3KM1x\"><a href=\"https:\/\/www.varesenews.it\/necrologie\/\">Necrologie<\/a><\/blockquote><iframe class=\"wp-embedded-content\" sandbox=\"allow-scripts\" security=\"restricted\" style=\"position: absolute; clip: rect(1px, 1px, 1px, 1px);\" src=\"https:\/\/www.varesenews.it\/necrologie\/embed\/#?secret=PKWAh3KM1x\" data-secret=\"PKWAh3KM1x\" width=\"500\" height=\"282\" title=\"&#8220;Necrologie&#8221; &#8212; VareseNews\" frameborder=\"0\" marginwidth=\"0\" marginheight=\"0\" scrolling=\"no\"><\/iframe>","_oembed_time_6886791f51f4f2b932896e68179c2d36":"1643178173","_oembed_ffc15ac6eafe528627a406e7c24a45d6":"<blockquote class=\"wp-embedded-content\" data-secret=\"sfnVb4pPpQ\"><a href=\"https:\/\/www.varesenews.it\/necrologie\/annuncio-famiglia\/veglio-astori\/\">Veglio Astori<\/a><\/blockquote><iframe class=\"wp-embedded-content\" sandbox=\"allow-scripts\" security=\"restricted\" style=\"position: absolute; clip: rect(1px, 1px, 1px, 1px);\" src=\"https:\/\/www.varesenews.it\/necrologie\/annuncio-famiglia\/veglio-astori\/embed\/#?secret=sfnVb4pPpQ\" data-secret=\"sfnVb4pPpQ\" width=\"500\" height=\"282\" title=\"&#8220;Veglio Astori&#8221; &#8212; VareseNews\" frameborder=\"0\" marginwidth=\"0\" marginheight=\"0\" scrolling=\"no\"><\/iframe>","_oembed_time_ffc15ac6eafe528627a406e7c24a45d6":"1643178174","_oembed_875d7a84cd6f856ed5704d1ccf54a907":"<blockquote class=\"wp-embedded-content\" data-secret=\"DxCgFvSNEm\"><a href=\"https:\/\/www.varesenews.it\/2022\/01\/openjobmetis-senza-pace-rottura-gentile-roijakkers\/1421885\/\">Openjobmetis senza pace, \u00e8 rottura tra Gentile e Roijakkers<\/a><\/blockquote><iframe class=\"wp-embedded-content\" sandbox=\"allow-scripts\" security=\"restricted\" style=\"position: absolute; clip: rect(1px, 1px, 1px, 1px);\" src=\"https:\/\/www.varesenews.it\/2022\/01\/openjobmetis-senza-pace-rottura-gentile-roijakkers\/1421885\/embed\/#?secret=DxCgFvSNEm\" data-secret=\"DxCgFvSNEm\" width=\"500\" height=\"282\" title=\"&#8220;Openjobmetis senza pace, \u00e8 rottura tra Gentile e Roijakkers&#8221; &#8212; VareseNews\" frameborder=\"0\" marginwidth=\"0\" marginheight=\"0\" scrolling=\"no\"><\/iframe>","_oembed_time_875d7a84cd6f856ed5704d1ccf54a907":"1643178174","_oembed_455e3cf3f76d9c55732b1e55acc9abf2":"<blockquote class=\"wp-embedded-content\" data-secret=\"E9i6MAjaTN\"><a href=\"https:\/\/www.varesenews.it\/2022\/01\/chiuso-centro-raccolta-rifiuti-laveno-mombello-servizi-sostitutivi\/1416652\/\">Chiuso il centro raccolta rifiuti di Laveno Mombello, ecco i servizi sostitutivi<\/a><\/blockquote><iframe class=\"wp-embedded-content\" sandbox=\"allow-scripts\" security=\"restricted\" style=\"position: absolute; clip: rect(1px, 1px, 1px, 1px);\" src=\"https:\/\/www.varesenews.it\/2022\/01\/chiuso-centro-raccolta-rifiuti-laveno-mombello-servizi-sostitutivi\/1416652\/embed\/#?secret=E9i6MAjaTN\" data-secret=\"E9i6MAjaTN\" width=\"500\" height=\"282\" title=\"&#8220;Chiuso il centro raccolta rifiuti di Laveno Mombello, ecco i servizi sostitutivi&#8221; &#8212; VareseNews\" frameborder=\"0\" marginwidth=\"0\" marginheight=\"0\" scrolling=\"no\"><\/iframe>","_oembed_time_455e3cf3f76d9c55732b1e55acc9abf2":"1643178174","_oembed_9ab5ea1eb4ee2faf8638534d5d8eca6a":"<blockquote class=\"wp-embedded-content\" data-secret=\"esq3ype5Xc\"><a href=\"https:\/\/www.varesenews.it\/2021\/02\/vita-destino-lungo-fiume-della-salvezza-memorie-della-shoah-riva-al-tresa\/1303580\/\">Vita e destino lungo il fiume della salvezza: memorie della Shoah in riva al Tresa<\/a><\/blockquote><iframe class=\"wp-embedded-content\" sandbox=\"allow-scripts\" security=\"restricted\" style=\"position: absolute; clip: rect(1px, 1px, 1px, 1px);\" src=\"https:\/\/www.varesenews.it\/2021\/02\/vita-destino-lungo-fiume-della-salvezza-memorie-della-shoah-riva-al-tresa\/1303580\/embed\/#?secret=esq3ype5Xc\" data-secret=\"esq3ype5Xc\" width=\"500\" height=\"282\" title=\"&#8220;Vita e destino lungo il fiume della salvezza: memorie della Shoah in riva al Tresa&#8221; &#8212; VareseNews\" frameborder=\"0\" marginwidth=\"0\" marginheight=\"0\" scrolling=\"no\"><\/iframe>","_oembed_time_9ab5ea1eb4ee2faf8638534d5d8eca6a":"1643178174","_oembed_bdd1d8e3d37a0b85677acabe6801773a":"<blockquote class=\"wp-embedded-content\" data-secret=\"76zrel3XFR\"><a href=\"https:\/\/www.varesenews.it\/2022\/01\/le-elezioni-cassano-magnago-si-affaccia-progetto-cassano-2032\/1420920\/\">Per le elezioni a Cassano Magnago si affaccia &#8220;Progetto Cassano 2032&#8221;<\/a><\/blockquote><iframe class=\"wp-embedded-content\" sandbox=\"allow-scripts\" security=\"restricted\" style=\"position: absolute; clip: rect(1px, 1px, 1px, 1px);\" src=\"https:\/\/www.varesenews.it\/2022\/01\/le-elezioni-cassano-magnago-si-affaccia-progetto-cassano-2032\/1420920\/embed\/#?secret=76zrel3XFR\" data-secret=\"76zrel3XFR\" width=\"500\" height=\"282\" title=\"&#8220;Per le elezioni a Cassano Magnago si affaccia &#8220;Progetto Cassano 2032&#8221;&#8221; &#8212; VareseNews\" frameborder=\"0\" marginwidth=\"0\" marginheight=\"0\" scrolling=\"no\"><\/iframe>","_oembed_time_bdd1d8e3d37a0b85677acabe6801773a":"1643178258","_oembed_4122e5ea72be9a981b587c3b3a9a344d":"<blockquote class=\"wp-embedded-content\" data-secret=\"ODj2qSXfxX\"><a href=\"https:\/\/www.varesenews.it\/2020\/01\/gioeubia-quello-ce-sapere-sulla-tradizione\/892265\/\">Gioeubia, tutto quello che c&#8217;\u00e8 da sapere sulla tradizione<\/a><\/blockquote><iframe class=\"wp-embedded-content\" sandbox=\"allow-scripts\" security=\"restricted\" style=\"position: absolute; clip: rect(1px, 1px, 1px, 1px);\" src=\"https:\/\/www.varesenews.it\/2020\/01\/gioeubia-quello-ce-sapere-sulla-tradizione\/892265\/embed\/#?secret=ODj2qSXfxX\" data-secret=\"ODj2qSXfxX\" width=\"500\" height=\"282\" title=\"&#8220;Gioeubia, tutto quello che c&#8217;\u00e8 da sapere sulla tradizione&#8221; &#8212; VareseNews\" frameborder=\"0\" marginwidth=\"0\" marginheight=\"0\" scrolling=\"no\"><\/iframe>","_oembed_time_4122e5ea72be9a981b587c3b3a9a344d":"1643178278","_oembed_be2ccecd1a4b34ca17d032ec0106594a":"<blockquote class=\"wp-embedded-content\" data-secret=\"BgBDStmDde\"><a href=\"https:\/\/www.varesenews.it\/2022\/01\/la-fusione-sap-agesp-alla-prova-del-consiglio-comunale-lonate-pozzolo\/1419782\/\">La fusione di Sap in Agesp alla prova del consiglio comunale di Lonate Pozzolo<\/a><\/blockquote><iframe class=\"wp-embedded-content\" sandbox=\"allow-scripts\" security=\"restricted\" style=\"position: absolute; clip: rect(1px, 1px, 1px, 1px);\" src=\"https:\/\/www.varesenews.it\/2022\/01\/la-fusione-sap-agesp-alla-prova-del-consiglio-comunale-lonate-pozzolo\/1419782\/embed\/#?secret=BgBDStmDde\" data-secret=\"BgBDStmDde\" width=\"500\" height=\"282\" title=\"&#8220;La fusione di Sap in Agesp alla prova del consiglio comunale di Lonate Pozzolo&#8221; &#8212; VareseNews\" frameborder=\"0\" marginwidth=\"0\" marginheight=\"0\" scrolling=\"no\"><\/iframe>","_oembed_time_be2ccecd1a4b34ca17d032ec0106594a":"1643178278","_oembed_9c81eefc9b67034f8a99d31736ae25ab":"<blockquote class=\"wp-embedded-content\" data-secret=\"L0fmlZxQk0\"><a href=\"https:\/\/www.varesenews.it\/2021\/10\/casa-teatro-del-popolo-gallarate\/1394952\/\">Cento anni di Teatro del Popolo: il 30 ottobre 1921 apriva il palazzo dei lavoratori<\/a><\/blockquote><iframe class=\"wp-embedded-content\" sandbox=\"allow-scripts\" security=\"restricted\" style=\"position: absolute; clip: rect(1px, 1px, 1px, 1px);\" src=\"https:\/\/www.varesenews.it\/2021\/10\/casa-teatro-del-popolo-gallarate\/1394952\/embed\/#?secret=L0fmlZxQk0\" data-secret=\"L0fmlZxQk0\" width=\"500\" height=\"282\" title=\"&#8220;Cento anni di Teatro del Popolo: il 30 ottobre 1921 apriva il palazzo dei lavoratori&#8221; &#8212; VareseNews\" frameborder=\"0\" marginwidth=\"0\" marginheight=\"0\" scrolling=\"no\"><\/iframe>","_oembed_time_9c81eefc9b67034f8a99d31736ae25ab":"1643178278","_oembed_e41426609a51222684a1bc0dc37924e9":"<blockquote class=\"wp-embedded-content\" data-secret=\"GwOehRlCuH\"><a href=\"https:\/\/www.varesenews.it\/2022\/01\/giorno-della-memoria-al-popolo-gallarate-musica-parole\/1420384\/\">Il Giorno della Memoria al Popolo di Gallarate, tra musica e parole<\/a><\/blockquote><iframe class=\"wp-embedded-content\" sandbox=\"allow-scripts\" security=\"restricted\" style=\"position: absolute; clip: rect(1px, 1px, 1px, 1px);\" src=\"https:\/\/www.varesenews.it\/2022\/01\/giorno-della-memoria-al-popolo-gallarate-musica-parole\/1420384\/embed\/#?secret=GwOehRlCuH\" data-secret=\"GwOehRlCuH\" width=\"500\" height=\"282\" title=\"&#8220;Il Giorno della Memoria al Popolo di Gallarate, tra musica e parole&#8221; &#8212; VareseNews\" frameborder=\"0\" marginwidth=\"0\" marginheight=\"0\" scrolling=\"no\"><\/iframe>","_oembed_time_e41426609a51222684a1bc0dc37924e9":"1643178278","_oembed_b03807ebbd224eae88481e0c6eb2a064":"<blockquote class=\"wp-embedded-content\" data-secret=\"gQMlzh3Xqy\"><a href=\"https:\/\/www.varesenews.it\/2022\/01\/eventi-bambini-nel-weekendl-dal-21-al-23-gennaio-varese\/1420846\/\">Eventi per bambini nel weekend dal 21 al 23 gennaio tra Varese e provincia<\/a><\/blockquote><iframe class=\"wp-embedded-content\" sandbox=\"allow-scripts\" security=\"restricted\" style=\"position: absolute; clip: rect(1px, 1px, 1px, 1px);\" src=\"https:\/\/www.varesenews.it\/2022\/01\/eventi-bambini-nel-weekendl-dal-21-al-23-gennaio-varese\/1420846\/embed\/#?secret=gQMlzh3Xqy\" data-secret=\"gQMlzh3Xqy\" width=\"500\" height=\"282\" title=\"&#8220;Eventi per bambini nel weekend dal 21 al 23 gennaio tra Varese e provincia&#8221; &#8212; VareseNews\" frameborder=\"0\" marginwidth=\"0\" marginheight=\"0\" scrolling=\"no\"><\/iframe>","_oembed_time_b03807ebbd224eae88481e0c6eb2a064":"1643178549","_oembed_058be89d1aa6eb50ae1a801efb3bddf9":"<blockquote class=\"wp-embedded-content\" data-secret=\"sSz0XgvwTQ\"><a href=\"https:\/\/www.varesenews.it\/2022\/01\/eventi-bambini-nel-weekend-dal-14-al-16-gennaio-varese-provincia\/1418538\/\">Eventi per bambini nel weekend dal 14 al 16 gennaio tra Varese e provincia<\/a><\/blockquote><iframe class=\"wp-embedded-content\" sandbox=\"allow-scripts\" security=\"restricted\" style=\"position: absolute; clip: rect(1px, 1px, 1px, 1px);\" src=\"https:\/\/www.varesenews.it\/2022\/01\/eventi-bambini-nel-weekend-dal-14-al-16-gennaio-varese-provincia\/1418538\/embed\/#?secret=sSz0XgvwTQ\" data-secret=\"sSz0XgvwTQ\" width=\"500\" height=\"282\" title=\"&#8220;Eventi per bambini nel weekend dal 14 al 16 gennaio tra Varese e provincia&#8221; &#8212; VareseNews\" frameborder=\"0\" marginwidth=\"0\" marginheight=\"0\" scrolling=\"no\"><\/iframe>","_oembed_time_058be89d1aa6eb50ae1a801efb3bddf9":"1643178550","_oembed_772999831ccd674ea93df48b1c3c9163":"<blockquote class=\"wp-embedded-content\" data-secret=\"jqeICGKTor\"><a href=\"https:\/\/www.varesenews.it\/2022\/01\/la-svizzera-riduce-quarantena-isolamento-conferma-tutti-provvedimenti-anti-covid\/1417998\/\">La Svizzera riduce quarantena e isolamento ma conferma tutti i provvedimenti anti Covid<\/a><\/blockquote><iframe class=\"wp-embedded-content\" sandbox=\"allow-scripts\" security=\"restricted\" style=\"position: absolute; clip: rect(1px, 1px, 1px, 1px);\" src=\"https:\/\/www.varesenews.it\/2022\/01\/la-svizzera-riduce-quarantena-isolamento-conferma-tutti-provvedimenti-anti-covid\/1417998\/embed\/#?secret=jqeICGKTor\" data-secret=\"jqeICGKTor\" width=\"500\" height=\"282\" title=\"&#8220;La Svizzera riduce quarantena e isolamento ma conferma tutti i provvedimenti anti Covid&#8221; &#8212; VareseNews\" frameborder=\"0\" marginwidth=\"0\" marginheight=\"0\" scrolling=\"no\"><\/iframe>","_oembed_time_772999831ccd674ea93df48b1c3c9163":"1643178550","_oembed_3d965ab86d4f0acc28758971fda65c9d":"<blockquote class=\"wp-embedded-content\" data-secret=\"MLXoPV6c53\"><a href=\"https:\/\/maltogradimento.it\/pallanza-sempione-varese-rinascono-le-birre-storiche-tra-lago-maggiore-e-canton-ticino\/\">\u201cPallanza\u201d, \u201cSempione\u201d, \u201cVarese\u201d: rinascono le birre storiche tra Lago Maggiore e Canton Ticino<\/a><\/blockquote><iframe class=\"wp-embedded-content\" sandbox=\"allow-scripts\" security=\"restricted\" style=\"position: absolute; clip: rect(1px, 1px, 1px, 1px);\" src=\"https:\/\/maltogradimento.it\/pallanza-sempione-varese-rinascono-le-birre-storiche-tra-lago-maggiore-e-canton-ticino\/embed\/#?secret=MLXoPV6c53\" data-secret=\"MLXoPV6c53\" width=\"500\" height=\"282\" title=\"&#8220;\u201cPallanza\u201d, \u201cSempione\u201d, \u201cVarese\u201d: rinascono le birre storiche tra Lago Maggiore e Canton Ticino&#8221; &#8212; Malto Gradimento\" frameborder=\"0\" marginwidth=\"0\" marginheight=\"0\" scrolling=\"no\"><\/iframe>","_oembed_time_3d965ab86d4f0acc28758971fda65c9d":"1643178551","_oembed_2cd3caa36e0038183f6bc16671daeb50":"<blockquote class=\"wp-embedded-content\" data-secret=\"ychODYC9bM\"><a href=\"https:\/\/www.varesenews.it\/2022\/01\/un-ospedale-moderno-al-casermone-gallarate-ne-puo-parlare\/1421438\/\">Un ospedale moderno al &#8220;casermone&#8221; di Gallarate? Se ne pu\u00f2 parlare<\/a><\/blockquote><iframe class=\"wp-embedded-content\" sandbox=\"allow-scripts\" security=\"restricted\" style=\"position: absolute; clip: rect(1px, 1px, 1px, 1px);\" src=\"https:\/\/www.varesenews.it\/2022\/01\/un-ospedale-moderno-al-casermone-gallarate-ne-puo-parlare\/1421438\/embed\/#?secret=ychODYC9bM\" data-secret=\"ychODYC9bM\" width=\"500\" height=\"282\" title=\"&#8220;Un ospedale moderno al &#8220;casermone&#8221; di Gallarate? Se ne pu\u00f2 parlare&#8221; &#8212; VareseNews\" frameborder=\"0\" marginwidth=\"0\" marginheight=\"0\" scrolling=\"no\"><\/iframe>","_oembed_time_2cd3caa36e0038183f6bc16671daeb50":"1643178947","_oembed_25ec1bc70e8f6896ef2fd1ed889cf79d":"<blockquote class=\"wp-embedded-content\" data-secret=\"8Cn5OoJ3D5\"><a href=\"https:\/\/www.varesenews.it\/2021\/07\/mori-freddo-nelle-campagne-turbigo-la-procura-indaga-sulla-morte-un-93enne\/1363819\/\">Mor\u00ec di freddo nelle campagne di Turbigo, la Procura indaga sulla morte di un 93enne<\/a><\/blockquote><iframe class=\"wp-embedded-content\" sandbox=\"allow-scripts\" security=\"restricted\" style=\"position: absolute; clip: rect(1px, 1px, 1px, 1px);\" src=\"https:\/\/www.varesenews.it\/2021\/07\/mori-freddo-nelle-campagne-turbigo-la-procura-indaga-sulla-morte-un-93enne\/1363819\/embed\/#?secret=8Cn5OoJ3D5\" data-secret=\"8Cn5OoJ3D5\" width=\"500\" height=\"282\" title=\"&#8220;Mor\u00ec di freddo nelle campagne di Turbigo, la Procura indaga sulla morte di un 93enne&#8221; &#8212; VareseNews\" frameborder=\"0\" marginwidth=\"0\" marginheight=\"0\" scrolling=\"no\"><\/iframe>","_oembed_time_25ec1bc70e8f6896ef2fd1ed889cf79d":"1643178947","_oembed_2ea76e894b68e54123ef36e82b311d41":"<blockquote class=\"wp-embedded-content\" data-secret=\"1or621DX6B\"><a href=\"https:\/\/www.legnanonews.com\/aree-geografiche\/alto_milanese\/2022\/01\/23\/giallo-nellex-brenta-di-cerro-maggiore-sempre-ignota-lidentita-della-vittima\/1011919\/\">Giallo nell&#8217;ex Brenta di Cerro Maggiore, sempre ignota l&#8217;identit\u00e0 della vittima<\/a><\/blockquote><iframe class=\"wp-embedded-content\" sandbox=\"allow-scripts\" security=\"restricted\" style=\"position: absolute; clip: rect(1px, 1px, 1px, 1px);\" src=\"https:\/\/www.legnanonews.com\/aree-geografiche\/alto_milanese\/2022\/01\/23\/giallo-nellex-brenta-di-cerro-maggiore-sempre-ignota-lidentita-della-vittima\/1011919\/embed\/#?secret=1or621DX6B\" data-secret=\"1or621DX6B\" width=\"500\" height=\"282\" title=\"&#8220;Giallo nell&#8217;ex Brenta di Cerro Maggiore, sempre ignota l&#8217;identit\u00e0 della vittima&#8221; &#8212; LegnanoNews\" frameborder=\"0\" marginwidth=\"0\" marginheight=\"0\" scrolling=\"no\"><\/iframe>","_oembed_time_2ea76e894b68e54123ef36e82b311d41":"1643178949"},"photos":[{"original":"https:\/\/staging.varesenews.it\/photogallery_new\/images\/2022\/01\/polizia-e-guardia-di-finanza-1274892.jpg","full":"https:\/\/staging.varesenews.it\/photogallery_new\/images\/2022\/01\/polizia-e-guardia-di-finanza-1274892.1024x768.jpg","large":"https:\/\/staging.varesenews.it\/photogallery_new\/images\/2022\/01\/polizia-e-guardia-di-finanza-1274892.610x431.jpg"}],"_links":{"self":[{"href":"https:\/\/staging.varesenews.it\/swgapi\/v1\/wp\/v2\/posts\/1422323"}],"collection":[{"href":"https:\/\/staging.varesenews.it\/swgapi\/v1\/wp\/v2\/posts"}],"about":[{"href":"https:\/\/staging.varesenews.it\/swgapi\/v1\/wp\/v2\/types\/post"}],"author":[{"embeddable":true,"href":"https:\/\/staging.varesenews.it\/swgapi\/v1\/wp\/v2\/users\/34"}],"replies":[{"embeddable":true,"href":"https:\/\/staging.varesenews.it\/swgapi\/v1\/wp\/v2\/comments?post=1422323"}],"version-history":[{"count":0,"href":"https:\/\/staging.varesenews.it\/swgapi\/v1\/wp\/v2\/posts\/1422323\/revisions"}],"wp:attachment":[{"href":"https:\/\/staging.varesenews.it\/swgapi\/v1\/wp\/v2\/media?parent=1422323"}],"wp:term":[{"taxonomy":"category","embeddable":true,"href":"https:\/\/staging.varesenews.it\/swgapi\/v1\/wp\/v2\/categories?post=1422323"},{"taxonomy":"post_tag","embeddable":true,"href":"https:\/\/staging.varesenews.it\/swgapi\/v1\/wp\/v2\/tags?post=1422323"}],"curies":[{"name":"wp","href":"https:\/\/api.w.org\/{rel}","templated":true}]}}