{"id":1423391,"date":"2022-01-29T13:34:29","date_gmt":"2022-01-29T12:34:29","guid":{"rendered":"https:\/\/www.varesenews.it\/?p=1423391"},"modified":"2022-01-29T21:52:41","modified_gmt":"2022-01-29T20:52:41","slug":"diretta-quirinale-intesa-mattarella","status":"publish","type":"post","link":"https:\/\/staging.varesenews.it\/2022\/01\/diretta-quirinale-intesa-mattarella\/1423391\/","title":{"rendered":"Quirinale, la diretta. Sergio Mattarella rieletto Presidente della Repubblica"},"content":{"rendered":"<p><i>I partiti di maggioranza nella mattinata di oggi hanno raggiunto un&#8217;intesa sulla rielezione del Presidente della Repubblica, Sergio Mattarella. L&#8217;accordo \u00e8 arrivato dopo lunghe giornate senza risultati e senza l&#8217;individuazione di un nome condiviso.\u00a0<\/i><\/p>\n<p><i><strong>L&#8217;ottava\u00a0votazione si \u00e8 tenuta nel pomeriggio di sabato 29 gennaio ed \u00e8 stata quella decisiva.<\/strong> Sergio Mattarella \u00e8 stato rieletto Presidente della Repubblica con 759 voti (\u00e8 il secondo Presidente pi\u00f9 votato, dopo Pertini) e si appresta ad avviare il suo secondo mandato consecutivo.<\/i><\/p>\n<p><em>Di seguito la diretta con le notizie principali della giornata.\u00a0<\/em><\/p>\n<p><strong><a href=\"https:\/\/www.varesenews.it\/speciale\/quirinale-2022\/\">VAI ALLO SPECIALE QUIRINALE<\/a><\/strong><\/p>\n<p>Ore 20.55 &#8211; Mattarella \u00e8 stato proclamato Presidente della Repubblica.<\/p>\n<p>Ore 20.44 &#8211; Con 759 voti Sergio Mattarella \u00e8 il secondo Presidente della Repubblica pi\u00f9 votato. Il primo fu Sandro Pertini che ottenne 832 voti. Il secondo candidato pi\u00f9 votato di oggi \u00e8 stato Nordio con 90 voti.<\/p>\n<p>Ore 20.34 &#8211; Intanto prosegue lo scrutinio e sono gi\u00e0 quasi 700 i voti per Mattarella che in questa occasione ha anche superato i voti ottenuti alla prima elezione.<\/p>\n<h3>Ore 20.15 &#8211; Sergio Mattarella \u00e8 stato rieletto Presidente della Repubblica. Un lungo applauso in aula ha accolto il raggiungimento del quorum a 505 voti.<\/h3>\n<p>Ore 20.11 &#8211; Cresce il numero di voti per il Presidente della Repubblica: superata anche la soglia dei 400 voti<\/p>\n<p>Ore 20.05 &#8211; Si attende il raggiungimento del quorum di 505 voti<\/p>\n<p>Ore 20 &#8211; Sono gi\u00e0 oltre 300 i voti per Sergio Mattarella<\/p>\n<p>Ore 19.55 &#8211; Lo spoglio procede rapidamente, <strong>si susseguono i voti per Sergio Mattarella<\/strong><\/p>\n<p>Ore 19.47 &#8211; <strong>\u00c8 cominciato lo spoglio dei voti<\/strong>, per Mattarella il maggior numero di preferenze dopo l&#8217;apertura delle prime schede.<\/p>\n<p>Ore 19.12 &#8211;\u00a0Gadda: \u201cCon Mattarella al Quirinale e Draghi a palazzo Chigi l\u2019Italia \u00e8 in buone mani\u201d. <a href=\"https:\/\/www.varesenews.it\/2022\/01\/gadda-mattarella-al-quirinale-draghi-palazzo-chigi-litalia-buone-mani\/1423504\/\"><strong>L&#8217;articolo<\/strong><\/a><\/p>\n<p>Ore 19.10 &#8211; Si avvia verso la conclusione l&#8217;ottava votazione per l&#8217;elezione del Presidente della Repubblica.<\/p>\n<p>Ore 19 &#8211; Salvini ha sostenuto che la proposta di Bonetti &#8211; sfumata in poche ore &#8211; non c&#8217;entrava con lui ma veniva dal M5S e da Letta, a cui aveva dato ascolto perch\u00e9 \u00abqualsiasi nostra proposta viene bocciata\u00bb. Il leader della Lega ha sostenuto che la spinta per Mattarella \u00e8 venuta da lui: \u00abA notte ho capito che questa proposta era stata ritirata. Non andava bene neppure Cartabia. Alle 10.36 ho detto chiediamo al presidente Mattarella se \u00e8 disponibile\u00bb.<\/p>\n<p>Ore 18.40 &#8211; Conte in conferenza stampa sta confermando il sostegno del Movimento 5 Stelle alla rielezione di Mattarella. Conte l&#8217;ha definita \u00abl&#8217;opzione di garanzia\u00bb, sostenendo che per il Movimento 5 Stelle \u00e8 sempre stata una possibilit\u00e0 valida.<\/p>\n<p>Ore 17.07 &#8211; Bianchi:\u00a0\u00ab<a href=\"https:\/\/www.varesenews.it\/2022\/01\/giorgetti-dimissioni-addio-governo\/1423435\/\"><strong>Giorgetti via dal Governo?<\/strong> <\/a>Con lui oggi non ho parlato, quindi leggo anche io quello che stanno scrivendo i giornali ma penso che non sia nello stile di Giorgetti abbandonare un lavoro che ha cominciato\u00bb. Il <strong>deputato Matteo Bianchi<\/strong> \u00e8 tra i leghisti di pi\u00f9 stretta fede giorgettiana e a pochi minuti dall\u2019ok all\u2019intesa per la rielezione di Mattarella commenta cos\u00ec le notizie sulle prime conseguenza dalla partita sul Quirinale. <a href=\"https:\/\/www.varesenews.it\/2022\/01\/bianchi-mattarella-arriva-settimana-veti-incrociati-giorgetti-non-nel-suo-stile-abbandonare\/1423492\/\"><strong>L&#8217;articolo<\/strong><\/a><\/p>\n<p>Ore 16.37 &#8211; Si procede con l&#8217;ottava votazione per l&#8217;elezione del Presidente della Repubblica<\/p>\n<div class=\"responsive-video\"><iframe loading=\"lazy\" width=\"500\" height=\"281\" src=\"https:\/\/www.youtube.com\/embed\/2rKDsL5zqvM?feature=oembed\" frameborder=\"0\" allow=\"accelerometer; autoplay; clipboard-write; encrypted-media; gyroscope; picture-in-picture\" allowfullscreen><\/iframe><\/div>\n<p>Ore 16.31 &#8211; Letta: &#8220;Una bella giornata per l\u2019Italia &#8211; ha dichiarato &#8211; non perch\u00e9 la politica ha risolto i suoi problemi ma perch\u00e9 \u00e8 pi\u00f9 consapevole dei suoi problemi e pu\u00f2 iniziare a risolverli. La politica italiana \u00e8 bloccata e ha bisogno di un rinnovamento&#8221;.<\/p>\n<p>Ore 16.20 &#8211; Giorgia Meloni ha detto che Fratelli d&#8217;Italia \u00abnon voter\u00e0 la riconferma al presidente uscente Sergio Mattarella\u00bb. Perch\u00e9 FdI rimane fedele all&#8217;idea che ci volesse un presidente di destra e perch\u00e9 considera la riconferma di un Presidente della Repubblica \u00abanomalia istituzionale\u00bb (il precedente \u00e8 solo quello di Giorgio Napolitano).<\/p>\n<p>Ore 15.55 &#8211; Secondo le prime indiscrezioni politiche Sergio Mattarella avrebbe dato la sua disponibilit\u00e0 alla rielezione.<\/p>\n<p>Ore 15.40 &#8211;\u00a0\u00abLa mia personale lettura della situazione \u00e8 che finalmente ci siamo. Ciononostante per me \u00e8 un giorno triste\u00bb. Cos\u00ec\u00a0il <strong>deputato M5s Niccol\u00f2 Invidia. <a href=\"https:\/\/www.varesenews.it\/2022\/01\/invidia-mattarella-lintesa-fatta-un-giorno-triste\/1423442\/\">Nell&#8217;articolo la sua analisi\u00a0<\/a><\/strong><\/p>\n<p>Ore 15.30 &#8211; Sta facendo discutere <strong>una dichiarazione riportata dal Foglio<\/strong> che farebbe pensare a una possibile uscita, per dimissioni, di Giancarlo Giorgetti dal Governo. Il numero due della Lega era tra i principali sostenitori del passaggio di Draghi al Quirinale. <a href=\"https:\/\/www.varesenews.it\/2022\/01\/giorgetti-dimissioni-addio-governo\/1423435\/\"><strong>L&#8217;articolo<\/strong><\/a><\/p>\n<p>Ore 14 &#8211; Alle 16.30 di oggi \u00e8 in programma la nuova votazione che sar\u00e0 con buona probabilit\u00e0 quella decisiva. Prima della seduta \u00e8 in programma un incontro tra i responsabili dei partiti politici che sostengono il governo e il presidente Mattarella, vertice che dovrebbe formalizzare la richiesta di rielezione.<\/p>\n<p>Ore 13.45 &#8211; I voti del settimo scrutinio: a <strong>Sergio Mattarella<\/strong> vanno 387 voti, Nordio 64, Di Matteo 40, Casini 10, Belloni 8, Manconi 6, Cartabia 4, Draghi 2, Scalzo 2. 60 le schede bianche, 4 le nulle e 9 i voti dispersi. 380 gli astenuti<\/p>\n<p>Ore 13.20 &#8211; &#8220;Era sabato anche sette anni fa <strong>quando eleggemmo Sergio Mattarella.<\/strong> C\u2019era il sole come oggi&#8221; cos\u00ec Alessandro Alfieri nell&#8217;analisi politica e nel racconto della giornata odierna. <a href=\"https:\/\/www.varesenews.it\/2022\/01\/alfieri-quirinale-mattarella-bis\/1423393\/\"><strong>L&#8217;articolo<\/strong><\/a><\/p>\n<div class=\"photo-inside-post\"><img decoding=\"async\" loading=\"lazy\" fetchpriority=\"low\" width=\"610\" height=\"431\" src=\"https:\/\/staging.varesenews.it\/photogallery_new\/images\/2022\/01\/generica-2020-1275598.610x431.jpg\" alt=\"Generica 2020\"><\/div>\n<p>Ore 13 &#8211; Nell&#8217;aula di Montecitorio si \u00e8 chiusa la settima votazione. <strong>Al via lo spoglio e il conteggio dei voti.<\/strong> Nella maggioranza \u00e8 stata raggiunta un&#8217;intesa circa la rielezione del Presidente Sergio Mattarella.<\/p>\n<div class=\"responsive-video\"><iframe loading=\"lazy\" width=\"500\" height=\"281\" src=\"https:\/\/www.youtube.com\/embed\/tPzVNUxvEPE?feature=oembed\" frameborder=\"0\" allow=\"accelerometer; autoplay; clipboard-write; encrypted-media; gyroscope; picture-in-picture\" allowfullscreen><\/iframe><\/div>\n<p>&nbsp;<\/p>\n","protected":false},"excerpt":{"rendered":"<p>I partiti di maggioranza nella mattinata di oggi hanno raggiunto un&#8217;intesa sulla rielezione del Presidente della Repubblica, Sergio Mattarella. L&#8217;ottava\u00a0votazione si \u00e8 tenuta nel pomeriggio<\/p>\n","protected":false},"author":43,"featured_media":0,"comment_status":"open","ping_status":"open","sticky":false,"template":"","format":"standard","meta":{"footnotes":""},"categories":[9,16],"tags":[363,9976,1322,120245],"acf":[],"yoast_head":"<!-- This site is optimized with the Yoast SEO plugin v20.1 - https:\/\/yoast.com\/wordpress\/plugins\/seo\/ -->\n<title>Quirinale, la diretta. Sergio Mattarella rieletto Presidente della Repubblica<\/title>\n<meta name=\"description\" content=\"I partiti di maggioranza nella mattinata di oggi hanno raggiunto un&#039;intesa sulla rielezione del Presidente della Repubblica, Sergio Mattarella. L&#039;ottava\u00a0votazione si \u00e8 tenuta nel pomeriggio\" \/>\n<meta name=\"robots\" content=\"noindex, follow, max-snippet:-1, max-image-preview:large, max-video-preview:-1\" \/>\n<meta property=\"og:locale\" content=\"it_IT\" \/>\n<meta property=\"og:type\" content=\"article\" \/>\n<meta property=\"og:title\" content=\"Quirinale, la diretta. Sergio Mattarella rieletto Presidente della Repubblica\" \/>\n<meta property=\"og:description\" content=\"I partiti di maggioranza nella mattinata di oggi hanno raggiunto un&#039;intesa sulla rielezione del Presidente della Repubblica, Sergio Mattarella. L&#039;ottava\u00a0votazione si \u00e8 tenuta nel pomeriggio\" \/>\n<meta property=\"og:url\" content=\"https:\/\/staging.varesenews.it\/2022\/01\/diretta-quirinale-intesa-mattarella\/1423391\/\" \/>\n<meta property=\"og:site_name\" content=\"VareseNews\" \/>\n<meta property=\"article:publisher\" content=\"https:\/\/www.facebook.com\/varesenews\" \/>\n<meta property=\"article:author\" content=\"https:\/\/www.facebook.com\/mariacarla.cebrelli\" \/>\n<meta property=\"article:published_time\" content=\"2022-01-29T12:34:29+00:00\" \/>\n<meta property=\"article:modified_time\" content=\"2022-01-29T20:52:41+00:00\" \/>\n<meta name=\"author\" content=\"Maria Carla Cebrelli\" \/>\n<meta name=\"twitter:card\" content=\"summary_large_image\" \/>\n<meta name=\"twitter:creator\" content=\"@pikapiketti\" \/>\n<meta name=\"twitter:site\" content=\"@varesenews\" \/>\n<meta name=\"twitter:label1\" content=\"Scritto da\" \/>\n\t<meta name=\"twitter:data1\" content=\"Maria Carla Cebrelli\" \/>\n\t<meta name=\"twitter:label2\" content=\"Tempo di lettura stimato\" \/>\n\t<meta name=\"twitter:data2\" content=\"4 minuti\" \/>\n<script type=\"application\/ld+json\" class=\"yoast-schema-graph\">{\"@context\":\"https:\/\/schema.org\",\"@graph\":[{\"@type\":\"WebPage\",\"@id\":\"https:\/\/staging.varesenews.it\/2022\/01\/diretta-quirinale-intesa-mattarella\/1423391\/\",\"url\":\"https:\/\/staging.varesenews.it\/2022\/01\/diretta-quirinale-intesa-mattarella\/1423391\/\",\"name\":\"Quirinale, la diretta. Sergio Mattarella rieletto Presidente della Repubblica\",\"isPartOf\":{\"@id\":\"https:\/\/staging.varesenews.it\/#website\"},\"datePublished\":\"2022-01-29T12:34:29+00:00\",\"dateModified\":\"2022-01-29T20:52:41+00:00\",\"author\":{\"@id\":\"https:\/\/staging.varesenews.it\/#\/schema\/person\/5bf790e99d7ec50061119cc825c454de\"},\"description\":\"I partiti di maggioranza nella mattinata di oggi hanno raggiunto un'intesa sulla rielezione del Presidente della Repubblica, Sergio Mattarella. L'ottava\u00a0votazione si \u00e8 tenuta nel pomeriggio\",\"breadcrumb\":{\"@id\":\"https:\/\/staging.varesenews.it\/2022\/01\/diretta-quirinale-intesa-mattarella\/1423391\/#breadcrumb\"},\"inLanguage\":\"it-IT\",\"potentialAction\":[{\"@type\":\"ReadAction\",\"target\":[\"https:\/\/staging.varesenews.it\/2022\/01\/diretta-quirinale-intesa-mattarella\/1423391\/\"]}]},{\"@type\":\"BreadcrumbList\",\"@id\":\"https:\/\/staging.varesenews.it\/2022\/01\/diretta-quirinale-intesa-mattarella\/1423391\/#breadcrumb\",\"itemListElement\":[{\"@type\":\"ListItem\",\"position\":1,\"name\":\"Home\",\"item\":\"https:\/\/www.varesenews.it\/\"},{\"@type\":\"ListItem\",\"position\":2,\"name\":\"Quirinale, la diretta. Sergio Mattarella rieletto Presidente della Repubblica\"}]},{\"@type\":\"WebSite\",\"@id\":\"https:\/\/staging.varesenews.it\/#website\",\"url\":\"https:\/\/staging.varesenews.it\/\",\"name\":\"VareseNews\",\"description\":\"\",\"potentialAction\":[{\"@type\":\"SearchAction\",\"target\":{\"@type\":\"EntryPoint\",\"urlTemplate\":\"https:\/\/staging.varesenews.it\/?s={search_term_string}\"},\"query-input\":\"required name=search_term_string\"}],\"inLanguage\":\"it-IT\"},{\"@type\":\"Person\",\"@id\":\"https:\/\/staging.varesenews.it\/#\/schema\/person\/5bf790e99d7ec50061119cc825c454de\",\"name\":\"Maria Carla Cebrelli\",\"image\":{\"@type\":\"ImageObject\",\"inLanguage\":\"it-IT\",\"@id\":\"https:\/\/staging.varesenews.it\/#\/schema\/person\/image\/\",\"url\":\"https:\/\/staging.varesenews.it\/wp-content\/uploads\/2020\/12\/mariacarla_cebrelli_colori_500-1.jpg\",\"contentUrl\":\"https:\/\/staging.varesenews.it\/wp-content\/uploads\/2020\/12\/mariacarla_cebrelli_colori_500-1.jpg\",\"caption\":\"Maria Carla Cebrelli\"},\"description\":\"Economista di formazione, giornalista per passione. A VareseNews dal 2005, mi sono occupata negli anni di universit&agrave;, tematiche di confine, news locali e comunicazione nel settore sociale. Attualmente sono responsabile di VerbanoNews, del canale di VareseNews dedicato al Turismo e seguo i social dell'area business.\",\"sameAs\":[\"https:\/\/www.facebook.com\/mariacarla.cebrelli\",\"pikapiketti\",\"https:\/\/twitter.com\/pikapiketti\"],\"url\":\"https:\/\/staging.varesenews.it\/persona\/mariacarla-cebrelli1\/\"}]}<\/script>\n<!-- \/ Yoast SEO plugin. -->","yoast_head_json":{"title":"Quirinale, la diretta. Sergio Mattarella rieletto Presidente della Repubblica","description":"I partiti di maggioranza nella mattinata di oggi hanno raggiunto un'intesa sulla rielezione del Presidente della Repubblica, Sergio Mattarella. L'ottava\u00a0votazione si \u00e8 tenuta nel pomeriggio","robots":{"index":"noindex","follow":"follow","max-snippet":"max-snippet:-1","max-image-preview":"max-image-preview:large","max-video-preview":"max-video-preview:-1"},"og_locale":"it_IT","og_type":"article","og_title":"Quirinale, la diretta. Sergio Mattarella rieletto Presidente della Repubblica","og_description":"I partiti di maggioranza nella mattinata di oggi hanno raggiunto un'intesa sulla rielezione del Presidente della Repubblica, Sergio Mattarella. L'ottava\u00a0votazione si \u00e8 tenuta nel pomeriggio","og_url":"https:\/\/staging.varesenews.it\/2022\/01\/diretta-quirinale-intesa-mattarella\/1423391\/","og_site_name":"VareseNews","article_publisher":"https:\/\/www.facebook.com\/varesenews","article_author":"https:\/\/www.facebook.com\/mariacarla.cebrelli","article_published_time":"2022-01-29T12:34:29+00:00","article_modified_time":"2022-01-29T20:52:41+00:00","author":"Maria Carla Cebrelli","twitter_card":"summary_large_image","twitter_creator":"@pikapiketti","twitter_site":"@varesenews","twitter_misc":{"Scritto da":"Maria Carla Cebrelli","Tempo di lettura stimato":"4 minuti"},"schema":{"@context":"https:\/\/schema.org","@graph":[{"@type":"WebPage","@id":"https:\/\/staging.varesenews.it\/2022\/01\/diretta-quirinale-intesa-mattarella\/1423391\/","url":"https:\/\/staging.varesenews.it\/2022\/01\/diretta-quirinale-intesa-mattarella\/1423391\/","name":"Quirinale, la diretta. Sergio Mattarella rieletto Presidente della Repubblica","isPartOf":{"@id":"https:\/\/staging.varesenews.it\/#website"},"datePublished":"2022-01-29T12:34:29+00:00","dateModified":"2022-01-29T20:52:41+00:00","author":{"@id":"https:\/\/staging.varesenews.it\/#\/schema\/person\/5bf790e99d7ec50061119cc825c454de"},"description":"I partiti di maggioranza nella mattinata di oggi hanno raggiunto un'intesa sulla rielezione del Presidente della Repubblica, Sergio Mattarella. L'ottava\u00a0votazione si \u00e8 tenuta nel pomeriggio","breadcrumb":{"@id":"https:\/\/staging.varesenews.it\/2022\/01\/diretta-quirinale-intesa-mattarella\/1423391\/#breadcrumb"},"inLanguage":"it-IT","potentialAction":[{"@type":"ReadAction","target":["https:\/\/staging.varesenews.it\/2022\/01\/diretta-quirinale-intesa-mattarella\/1423391\/"]}]},{"@type":"BreadcrumbList","@id":"https:\/\/staging.varesenews.it\/2022\/01\/diretta-quirinale-intesa-mattarella\/1423391\/#breadcrumb","itemListElement":[{"@type":"ListItem","position":1,"name":"Home","item":"https:\/\/www.varesenews.it\/"},{"@type":"ListItem","position":2,"name":"Quirinale, la diretta. Sergio Mattarella rieletto Presidente della Repubblica"}]},{"@type":"WebSite","@id":"https:\/\/staging.varesenews.it\/#website","url":"https:\/\/staging.varesenews.it\/","name":"VareseNews","description":"","potentialAction":[{"@type":"SearchAction","target":{"@type":"EntryPoint","urlTemplate":"https:\/\/staging.varesenews.it\/?s={search_term_string}"},"query-input":"required name=search_term_string"}],"inLanguage":"it-IT"},{"@type":"Person","@id":"https:\/\/staging.varesenews.it\/#\/schema\/person\/5bf790e99d7ec50061119cc825c454de","name":"Maria Carla Cebrelli","image":{"@type":"ImageObject","inLanguage":"it-IT","@id":"https:\/\/staging.varesenews.it\/#\/schema\/person\/image\/","url":"https:\/\/staging.varesenews.it\/wp-content\/uploads\/2020\/12\/mariacarla_cebrelli_colori_500-1.jpg","contentUrl":"https:\/\/staging.varesenews.it\/wp-content\/uploads\/2020\/12\/mariacarla_cebrelli_colori_500-1.jpg","caption":"Maria Carla Cebrelli"},"description":"Economista di formazione, giornalista per passione. A VareseNews dal 2005, mi sono occupata negli anni di universit&agrave;, tematiche di confine, news locali e comunicazione nel settore sociale. Attualmente sono responsabile di VerbanoNews, del canale di VareseNews dedicato al Turismo e seguo i social dell'area business.","sameAs":["https:\/\/www.facebook.com\/mariacarla.cebrelli","pikapiketti","https:\/\/twitter.com\/pikapiketti"],"url":"https:\/\/staging.varesenews.it\/persona\/mariacarla-cebrelli1\/"}]}},"post_meta":{"_edit_lock":"1643490365:46","_edit_last":"46","_oembed_85fc183f39e6cbad7dad25164be5df88":"<iframe width=\"729\" height=\"410\" src=\"https:\/\/www.youtube.com\/embed\/tPzVNUxvEPE?feature=oembed\" frameborder=\"0\" allow=\"accelerometer; autoplay; clipboard-write; encrypted-media; gyroscope; picture-in-picture\" allowfullscreen><\/iframe>","_oembed_time_85fc183f39e6cbad7dad25164be5df88":"1643459477","_category_permalink":"a:1:{s:8:\"category\";s:2:\"16\";}","_encloseme":"1","ratings_users":"0","ratings_score":"0","ratings_average":"0","foto":"1275680","firma_come_redazione":"1","argomento":"Roma","_yoast_wpseo_focuskw_text_input":"presidente repubblica diretta","_yoast_wpseo_focuskw":"presidente repubblica diretta","_yoast_wpseo_linkdex":"66","_yoast_wpseo_content_score":"30","_jd_tweet_this":"yes","_oembed_2d38f3410bd0f3257b59585a2de3c4b6":"<iframe width=\"500\" height=\"281\" src=\"https:\/\/www.youtube.com\/embed\/tPzVNUxvEPE?feature=oembed\" frameborder=\"0\" allow=\"accelerometer; autoplay; clipboard-write; encrypted-media; gyroscope; picture-in-picture\" allowfullscreen><\/iframe>","_oembed_time_2d38f3410bd0f3257b59585a2de3c4b6":"1643459671","_wpt_short_url":"https:\/\/www.varesenews.it\/2022\/01\/qurinale-la-votazione-del-presidente-della-repubblica-diretta\/1423391\/","_wp_jd_target":"https:\/\/www.varesenews.it\/2022\/01\/qurinale-la-votazione-del-presidente-della-repubblica-diretta\/1423391\/","_jd_wp_twitter":"a:1:{i:0;s:190:\"Qurinale, la votazione del Presidente della Repubblica in diretta https:\/\/www.varesenews.it\/2022\/01\/qurinale-la-votazione-del-presidente-della-repubblica-diretta\/1423391\/ #diretta #quirinale\";}","_wpt_status_message":"Tweet inviato con successo.","_oembed_edbd5feda4a630210faea00d88b59971":"<iframe width=\"733\" height=\"412\" src=\"https:\/\/www.youtube.com\/embed\/tPzVNUxvEPE?feature=oembed\" frameborder=\"0\" allow=\"accelerometer; autoplay; clipboard-write; encrypted-media; gyroscope; picture-in-picture\" allowfullscreen><\/iframe>","_oembed_time_edbd5feda4a630210faea00d88b59971":"1643459677","_wp_old_slug":"qurinale-la-votazione-del-presidente-della-repubblica-diretta","_oembed_8f4a773d9050278c725d4b456b36bfb9":"<blockquote class=\"wp-embedded-content\" data-secret=\"tIbb18Beiw\"><a href=\"https:\/\/www.varesenews.it\/2022\/01\/eventi-bambini-nel-weekend-dal-28-al-30-gennaio-varese-provincia\/1422995\/\">Eventi per bambini nel weekend dal 28 al 30 gennaio tra Varese e provincia<\/a><\/blockquote><iframe class=\"wp-embedded-content\" sandbox=\"allow-scripts\" security=\"restricted\" style=\"position: absolute; clip: rect(1px, 1px, 1px, 1px);\" src=\"https:\/\/www.varesenews.it\/2022\/01\/eventi-bambini-nel-weekend-dal-28-al-30-gennaio-varese-provincia\/1422995\/embed\/#?secret=tIbb18Beiw\" data-secret=\"tIbb18Beiw\" width=\"500\" height=\"282\" title=\"&#8220;Eventi per bambini nel weekend dal 28 al 30 gennaio tra Varese e provincia&#8221; &#8212; VareseNews\" frameborder=\"0\" marginwidth=\"0\" marginheight=\"0\" scrolling=\"no\"><\/iframe>","_oembed_time_8f4a773d9050278c725d4b456b36bfb9":"1643459963","_oembed_69e169ade33ee019de654130863c9ce5":"<blockquote class=\"wp-embedded-content\" data-secret=\"0Col2QDANS\"><a href=\"https:\/\/www.saronnonews.it\/2022\/01\/26\/a-saronno-due-pietre-dinciampo-per-ricordare-i-deportati-luigi-caronni-e-pietro-bastanzetti\/\">A Saronno due pietre d\u2019inciampo per ricordare i deportati Luigi Caronni e Pietro Bastanzetti<\/a><\/blockquote><iframe class=\"wp-embedded-content\" sandbox=\"allow-scripts\" security=\"restricted\" style=\"position: absolute; clip: rect(1px, 1px, 1px, 1px);\" src=\"https:\/\/www.saronnonews.it\/2022\/01\/26\/a-saronno-due-pietre-dinciampo-per-ricordare-i-deportati-luigi-caronni-e-pietro-bastanzetti\/embed\/#?secret=0Col2QDANS\" data-secret=\"0Col2QDANS\" width=\"500\" height=\"282\" title=\"&#8220;A Saronno due pietre d\u2019inciampo per ricordare i deportati Luigi Caronni e Pietro Bastanzetti&#8221; &#8212; SaronnoNews\" frameborder=\"0\" marginwidth=\"0\" marginheight=\"0\" scrolling=\"no\"><\/iframe>","_oembed_time_69e169ade33ee019de654130863c9ce5":"1643459963","_oembed_8b47d176428085a0c6f0b676257db3a0":"<blockquote class=\"wp-embedded-content\" data-secret=\"8nnhKgG1pI\"><a href=\"https:\/\/www.saronnonews.it\/2021\/12\/02\/viaggio-nellisotta-fraschini-di-saronno-da-fabbrica-abbandonata-al-sogno-della-citta-dei-beni-comuni\/\">Viaggio nell&#8217;Isotta Fraschini di Saronno, da fabbrica abbandonata al sogno della &#8220;citt\u00e0 dei beni comuni&#8221;<\/a><\/blockquote><iframe class=\"wp-embedded-content\" sandbox=\"allow-scripts\" security=\"restricted\" style=\"position: absolute; clip: rect(1px, 1px, 1px, 1px);\" src=\"https:\/\/www.saronnonews.it\/2021\/12\/02\/viaggio-nellisotta-fraschini-di-saronno-da-fabbrica-abbandonata-al-sogno-della-citta-dei-beni-comuni\/embed\/#?secret=8nnhKgG1pI\" data-secret=\"8nnhKgG1pI\" width=\"500\" height=\"282\" title=\"&#8220;Viaggio nell&#8217;Isotta Fraschini di Saronno, da fabbrica abbandonata al sogno della &#8220;citt\u00e0 dei beni comuni&#8221;&#8221; &#8212; SaronnoNews\" frameborder=\"0\" marginwidth=\"0\" marginheight=\"0\" scrolling=\"no\"><\/iframe>","_oembed_time_8b47d176428085a0c6f0b676257db3a0":"1643459963","_oembed_4122e5ea72be9a981b587c3b3a9a344d":"<blockquote class=\"wp-embedded-content\" data-secret=\"QgoZetd9ry\"><a href=\"https:\/\/www.varesenews.it\/2020\/01\/gioeubia-quello-ce-sapere-sulla-tradizione\/892265\/\">Gioeubia, tutto quello che c&#8217;\u00e8 da sapere sulla tradizione<\/a><\/blockquote><iframe class=\"wp-embedded-content\" sandbox=\"allow-scripts\" security=\"restricted\" style=\"position: absolute; clip: rect(1px, 1px, 1px, 1px);\" src=\"https:\/\/www.varesenews.it\/2020\/01\/gioeubia-quello-ce-sapere-sulla-tradizione\/892265\/embed\/#?secret=QgoZetd9ry\" data-secret=\"QgoZetd9ry\" width=\"500\" height=\"282\" title=\"&#8220;Gioeubia, tutto quello che c&#8217;\u00e8 da sapere sulla tradizione&#8221; &#8212; VareseNews\" frameborder=\"0\" marginwidth=\"0\" marginheight=\"0\" scrolling=\"no\"><\/iframe>","_oembed_time_4122e5ea72be9a981b587c3b3a9a344d":"1643459963","_oembed_b03807ebbd224eae88481e0c6eb2a064":"<blockquote class=\"wp-embedded-content\" data-secret=\"BychOjdNpU\"><a href=\"https:\/\/www.varesenews.it\/2022\/01\/eventi-bambini-nel-weekendl-dal-21-al-23-gennaio-varese\/1420846\/\">Eventi per bambini nel weekend dal 21 al 23 gennaio tra Varese e provincia<\/a><\/blockquote><iframe class=\"wp-embedded-content\" sandbox=\"allow-scripts\" security=\"restricted\" style=\"position: absolute; clip: rect(1px, 1px, 1px, 1px);\" src=\"https:\/\/www.varesenews.it\/2022\/01\/eventi-bambini-nel-weekendl-dal-21-al-23-gennaio-varese\/1420846\/embed\/#?secret=BychOjdNpU\" data-secret=\"BychOjdNpU\" width=\"500\" height=\"282\" title=\"&#8220;Eventi per bambini nel weekend dal 21 al 23 gennaio tra Varese e provincia&#8221; &#8212; VareseNews\" frameborder=\"0\" marginwidth=\"0\" marginheight=\"0\" scrolling=\"no\"><\/iframe>","_oembed_time_b03807ebbd224eae88481e0c6eb2a064":"1643460059","_oembed_058be89d1aa6eb50ae1a801efb3bddf9":"<blockquote class=\"wp-embedded-content\" data-secret=\"nXkQ6WZKuY\"><a href=\"https:\/\/www.varesenews.it\/2022\/01\/eventi-bambini-nel-weekend-dal-14-al-16-gennaio-varese-provincia\/1418538\/\">Eventi per bambini nel weekend dal 14 al 16 gennaio tra Varese e provincia<\/a><\/blockquote><iframe class=\"wp-embedded-content\" sandbox=\"allow-scripts\" security=\"restricted\" style=\"position: absolute; clip: rect(1px, 1px, 1px, 1px);\" src=\"https:\/\/www.varesenews.it\/2022\/01\/eventi-bambini-nel-weekend-dal-14-al-16-gennaio-varese-provincia\/1418538\/embed\/#?secret=nXkQ6WZKuY\" data-secret=\"nXkQ6WZKuY\" width=\"500\" height=\"282\" title=\"&#8220;Eventi per bambini nel weekend dal 14 al 16 gennaio tra Varese e provincia&#8221; &#8212; VareseNews\" frameborder=\"0\" marginwidth=\"0\" marginheight=\"0\" scrolling=\"no\"><\/iframe>","_oembed_time_058be89d1aa6eb50ae1a801efb3bddf9":"1643460060","_oembed_772999831ccd674ea93df48b1c3c9163":"<blockquote class=\"wp-embedded-content\" data-secret=\"shcfrcj5g1\"><a href=\"https:\/\/www.varesenews.it\/2022\/01\/la-svizzera-riduce-quarantena-isolamento-conferma-tutti-provvedimenti-anti-covid\/1417998\/\">La Svizzera riduce quarantena e isolamento ma conferma tutti i provvedimenti anti Covid<\/a><\/blockquote><iframe class=\"wp-embedded-content\" sandbox=\"allow-scripts\" security=\"restricted\" style=\"position: absolute; clip: rect(1px, 1px, 1px, 1px);\" src=\"https:\/\/www.varesenews.it\/2022\/01\/la-svizzera-riduce-quarantena-isolamento-conferma-tutti-provvedimenti-anti-covid\/1417998\/embed\/#?secret=shcfrcj5g1\" data-secret=\"shcfrcj5g1\" width=\"500\" height=\"282\" title=\"&#8220;La Svizzera riduce quarantena e isolamento ma conferma tutti i provvedimenti anti Covid&#8221; &#8212; VareseNews\" frameborder=\"0\" marginwidth=\"0\" marginheight=\"0\" scrolling=\"no\"><\/iframe>","_oembed_time_772999831ccd674ea93df48b1c3c9163":"1643460060","nascondi_adsense":"1","_oembed_6771ae6850807ee32e3718a57a09db9a":"<blockquote class=\"wp-embedded-content\" data-secret=\"w77xlM6o3O\"><a href=\"https:\/\/www.varesenews.it\/2022\/01\/openjobmetis-cuore-canestri-vittoria-strepitosa-sul-campo-trento\/1423303\/\">Openjobmetis, cuore e canestri: vittoria strepitosa sul campo di Trento<\/a><\/blockquote><iframe class=\"wp-embedded-content\" sandbox=\"allow-scripts\" security=\"restricted\" style=\"position: absolute; clip: rect(1px, 1px, 1px, 1px);\" src=\"https:\/\/www.varesenews.it\/2022\/01\/openjobmetis-cuore-canestri-vittoria-strepitosa-sul-campo-trento\/1423303\/embed\/#?secret=w77xlM6o3O\" data-secret=\"w77xlM6o3O\" width=\"500\" height=\"282\" title=\"&#8220;Openjobmetis, cuore e canestri: vittoria strepitosa sul campo di Trento&#8221; &#8212; VareseNews\" frameborder=\"0\" marginwidth=\"0\" marginheight=\"0\" scrolling=\"no\"><\/iframe>","_oembed_time_6771ae6850807ee32e3718a57a09db9a":"1643460616","_oembed_98aef725831336b0bffed5955f32a8e9":"<blockquote class=\"wp-embedded-content\" data-secret=\"PeMVw7Wiai\"><a href=\"https:\/\/www.varesenews.it\/2022\/01\/roijakkers-bonta-fiero-dei-ragazzi-restati-uniti\/1423313\/\">Roijakkers che bont\u00e0: &#8220;Fiero dei ragazzi, sono restati uniti&#8221;<\/a><\/blockquote><iframe class=\"wp-embedded-content\" sandbox=\"allow-scripts\" security=\"restricted\" style=\"position: absolute; clip: rect(1px, 1px, 1px, 1px);\" src=\"https:\/\/www.varesenews.it\/2022\/01\/roijakkers-bonta-fiero-dei-ragazzi-restati-uniti\/1423313\/embed\/#?secret=PeMVw7Wiai\" data-secret=\"PeMVw7Wiai\" width=\"500\" height=\"282\" title=\"&#8220;Roijakkers che bont\u00e0: &#8220;Fiero dei ragazzi, sono restati uniti&#8221;&#8221; &#8212; VareseNews\" frameborder=\"0\" marginwidth=\"0\" marginheight=\"0\" scrolling=\"no\"><\/iframe>","_oembed_time_98aef725831336b0bffed5955f32a8e9":"1643460616","_oembed_cb28e07666aef1b9416d9c713614e9e5":"<blockquote class=\"wp-embedded-content\" data-secret=\"iuoecKD5am\"><a href=\"https:\/\/www.varesenews.it\/2022\/01\/pagelle-openjobmetis-keene-31-lode-bello-lesordio-reyes\/1423326\/\">Pagelle Openjobmetis, Keene, 31 e lode. Ma che bello l&#8217;esordio di Reyes<\/a><\/blockquote><iframe class=\"wp-embedded-content\" sandbox=\"allow-scripts\" security=\"restricted\" style=\"position: absolute; clip: rect(1px, 1px, 1px, 1px);\" src=\"https:\/\/www.varesenews.it\/2022\/01\/pagelle-openjobmetis-keene-31-lode-bello-lesordio-reyes\/1423326\/embed\/#?secret=iuoecKD5am\" data-secret=\"iuoecKD5am\" width=\"500\" height=\"282\" title=\"&#8220;Pagelle Openjobmetis, Keene, 31 e lode. Ma che bello l&#8217;esordio di Reyes&#8221; &#8212; VareseNews\" frameborder=\"0\" marginwidth=\"0\" marginheight=\"0\" scrolling=\"no\"><\/iframe>","_oembed_time_cb28e07666aef1b9416d9c713614e9e5":"1643460616","_oembed_d8a8847e3a985b765d763956a6cd5859":"<blockquote class=\"wp-embedded-content\" data-secret=\"VKjhbgFavW\"><a href=\"https:\/\/www.varesenews.it\/2022\/01\/non-ci-fu-violenza-sessuale-assolto-sindacalista-malpensa-accusato-hostess\/1422392\/\">Non ci fu violenza sessuale, assolto il sindacalista di Malpensa accusato da una hostess<\/a><\/blockquote><iframe class=\"wp-embedded-content\" sandbox=\"allow-scripts\" security=\"restricted\" style=\"position: absolute; clip: rect(1px, 1px, 1px, 1px);\" src=\"https:\/\/www.varesenews.it\/2022\/01\/non-ci-fu-violenza-sessuale-assolto-sindacalista-malpensa-accusato-hostess\/1422392\/embed\/#?secret=VKjhbgFavW\" data-secret=\"VKjhbgFavW\" width=\"500\" height=\"282\" title=\"&#8220;Non ci fu violenza sessuale, assolto il sindacalista di Malpensa accusato da una hostess&#8221; &#8212; VareseNews\" frameborder=\"0\" marginwidth=\"0\" marginheight=\"0\" scrolling=\"no\"><\/iframe>","_oembed_time_d8a8847e3a985b765d763956a6cd5859":"1643460616","_oembed_00ab51fcea683fe06af22b6fcf0d32fb":"<blockquote class=\"wp-embedded-content\" data-secret=\"03W0begAon\"><a href=\"https:\/\/www.varesenews.it\/2021\/06\/rottame-ferro-sara-la-materia-strategica-dei-prossimi-anni\/1354473\/\">Il rottame di ferro sar\u00e0 la materia prima strategica dei prossimi anni<\/a><\/blockquote><iframe class=\"wp-embedded-content\" sandbox=\"allow-scripts\" security=\"restricted\" style=\"position: absolute; clip: rect(1px, 1px, 1px, 1px);\" src=\"https:\/\/www.varesenews.it\/2021\/06\/rottame-ferro-sara-la-materia-strategica-dei-prossimi-anni\/1354473\/embed\/#?secret=03W0begAon\" data-secret=\"03W0begAon\" width=\"500\" height=\"282\" title=\"&#8220;Il rottame di ferro sar\u00e0 la materia prima strategica dei prossimi anni&#8221; &#8212; VareseNews\" frameborder=\"0\" marginwidth=\"0\" marginheight=\"0\" scrolling=\"no\"><\/iframe>","_oembed_time_00ab51fcea683fe06af22b6fcf0d32fb":"1643460616","_oembed_00b0190a05964568459630437839e3a8":"<iframe width=\"500\" height=\"281\" src=\"https:\/\/www.youtube.com\/embed\/videoseries?list=OLAK5uy_nIvoZh857_xU4KxhpThqHPykcJMBM_6FA\" frameborder=\"0\" allow=\"accelerometer; autoplay; clipboard-write; encrypted-media; gyroscope; picture-in-picture\" allowfullscreen><\/iframe>","_oembed_time_00b0190a05964568459630437839e3a8":"1643460729","_oembed_86fd17bbe651363f569f88b21dedfc90":"<iframe width=\"729\" height=\"410\" src=\"https:\/\/www.youtube.com\/embed\/tPzVNUxvEPE?feature=oembed\" frameborder=\"0\" allow=\"accelerometer; autoplay; clipboard-write; encrypted-media; gyroscope; picture-in-picture\" allowfullscreen><\/iframe>","_oembed_time_86fd17bbe651363f569f88b21dedfc90":"1643460785","_oembed_cd893abb9afbacc21ec4fca6e101ef3b":"<iframe width=\"500\" height=\"281\" src=\"https:\/\/www.youtube.com\/embed\/tPzVNUxvEPE?feature=oembed\" frameborder=\"0\" allow=\"accelerometer; autoplay; clipboard-write; encrypted-media; gyroscope; picture-in-picture\" allowfullscreen><\/iframe>","_oembed_time_cd893abb9afbacc21ec4fca6e101ef3b":"1643460791","_oembed_a5919af7d7d9791699dec6bbbccb648a":"<iframe width=\"733\" height=\"412\" src=\"https:\/\/www.youtube.com\/embed\/tPzVNUxvEPE?feature=oembed\" frameborder=\"0\" allow=\"accelerometer; autoplay; clipboard-write; encrypted-media; gyroscope; picture-in-picture\" allowfullscreen><\/iframe>","_oembed_time_a5919af7d7d9791699dec6bbbccb648a":"1643460797","_oembed_405f1e2c3a12811811c2e631a8905c59":"<iframe width=\"500\" height=\"281\" src=\"https:\/\/www.youtube.com\/embed\/GqT50qIh3e4?feature=oembed\" frameborder=\"0\" allow=\"accelerometer; autoplay; clipboard-write; encrypted-media; gyroscope; picture-in-picture\" allowfullscreen><\/iframe>","_oembed_time_405f1e2c3a12811811c2e631a8905c59":"1643460840","_oembed_3cd2393d71aba134927799bcd5ab1d44":"{{unknown}}","_oembed_08d20744a47443b0e2162730816ace25":"<iframe width=\"729\" height=\"410\" src=\"https:\/\/www.youtube.com\/embed\/2rKDsL5zqvM?feature=oembed\" frameborder=\"0\" allow=\"accelerometer; autoplay; clipboard-write; encrypted-media; gyroscope; picture-in-picture\" allowfullscreen><\/iframe>","_oembed_time_08d20744a47443b0e2162730816ace25":"1643470755","_oembed_6363374b71fe1ed78456976b9004381e":"<iframe width=\"500\" height=\"281\" src=\"https:\/\/www.youtube.com\/embed\/2rKDsL5zqvM?feature=oembed\" frameborder=\"0\" allow=\"accelerometer; autoplay; clipboard-write; encrypted-media; gyroscope; picture-in-picture\" allowfullscreen><\/iframe>","_oembed_time_6363374b71fe1ed78456976b9004381e":"1643470763","_oembed_31cd45648ae8829dfefc5a16b00a673d":"<iframe width=\"733\" height=\"412\" src=\"https:\/\/www.youtube.com\/embed\/2rKDsL5zqvM?feature=oembed\" frameborder=\"0\" allow=\"accelerometer; autoplay; clipboard-write; encrypted-media; gyroscope; picture-in-picture\" allowfullscreen><\/iframe>","_oembed_time_31cd45648ae8829dfefc5a16b00a673d":"1643470770","_oembed_f00695830e26134540f4d8a4a1d7460d":"<iframe width=\"966\" height=\"543\" src=\"https:\/\/www.youtube.com\/embed\/2rKDsL5zqvM?feature=oembed\" frameborder=\"0\" allow=\"accelerometer; autoplay; clipboard-write; encrypted-media; gyroscope; picture-in-picture\" allowfullscreen><\/iframe>","_oembed_time_f00695830e26134540f4d8a4a1d7460d":"1643478353","_oembed_6ceef1d8cdd016fc29fcb702e8962410":"<iframe width=\"966\" height=\"543\" src=\"https:\/\/www.youtube.com\/embed\/tPzVNUxvEPE?feature=oembed\" frameborder=\"0\" allow=\"accelerometer; autoplay; clipboard-write; encrypted-media; gyroscope; picture-in-picture\" allowfullscreen><\/iframe>","_oembed_time_6ceef1d8cdd016fc29fcb702e8962410":"1643478353","youtube_id":"EI_qD81rw5E","id_leggi_anche":"1423577,1423660","video":"1423574"},"photos":[{"original":"https:\/\/staging.varesenews.it\/photogallery_new\/images\/2022\/01\/mattarella-bis-1275680.jpg","full":"https:\/\/staging.varesenews.it\/photogallery_new\/images\/2022\/01\/mattarella-bis-1275680.1024x768.jpg","large":"https:\/\/staging.varesenews.it\/photogallery_new\/images\/2022\/01\/mattarella-bis-1275680.610x431.jpg"}],"_links":{"self":[{"href":"https:\/\/staging.varesenews.it\/swgapi\/v1\/wp\/v2\/posts\/1423391"}],"collection":[{"href":"https:\/\/staging.varesenews.it\/swgapi\/v1\/wp\/v2\/posts"}],"about":[{"href":"https:\/\/staging.varesenews.it\/swgapi\/v1\/wp\/v2\/types\/post"}],"author":[{"embeddable":true,"href":"https:\/\/staging.varesenews.it\/swgapi\/v1\/wp\/v2\/users\/43"}],"replies":[{"embeddable":true,"href":"https:\/\/staging.varesenews.it\/swgapi\/v1\/wp\/v2\/comments?post=1423391"}],"version-history":[{"count":0,"href":"https:\/\/staging.varesenews.it\/swgapi\/v1\/wp\/v2\/posts\/1423391\/revisions"}],"wp:attachment":[{"href":"https:\/\/staging.varesenews.it\/swgapi\/v1\/wp\/v2\/media?parent=1423391"}],"wp:term":[{"taxonomy":"category","embeddable":true,"href":"https:\/\/staging.varesenews.it\/swgapi\/v1\/wp\/v2\/categories?post=1423391"},{"taxonomy":"post_tag","embeddable":true,"href":"https:\/\/staging.varesenews.it\/swgapi\/v1\/wp\/v2\/tags?post=1423391"}],"curies":[{"name":"wp","href":"https:\/\/api.w.org\/{rel}","templated":true}]}}