{"id":1424700,"date":"2022-02-02T12:06:21","date_gmt":"2022-02-02T11:06:21","guid":{"rendered":"https:\/\/www.varesenews.it\/?p=1424700"},"modified":"2022-02-02T12:26:57","modified_gmt":"2022-02-02T11:26:57","slug":"sciare-bielmonte-oasi-zegna-2","status":"publish","type":"post","link":"https:\/\/staging.varesenews.it\/2022\/02\/sciare-bielmonte-oasi-zegna-2\/1424700\/","title":{"rendered":"Speciale febbraio a Bielmonte: dagli sci alla natura le proposte dell&#8217;Oasi Zegna"},"content":{"rendered":"<p>\u00c8 tempo di neve e di godersi la\u00a0<strong>bellezza della montagna e degli sport invernali. <\/strong>A Bielmonte, il cuore sciistico dell&#8217;Oasi Zegna a circa un&#8217;ora e mezza di distanza da Milano e da Varese, febbraio \u00e8 il periodo perfetto per farlo. In questo mese sono davvero tante le proposte &#8211; e le promozioni &#8211; per i piccoli e grandi appassionati dello sci e della montagna. <strong><a href=\"https:\/\/www.oasizegna.com\/it\/news\/white-friday-bielmonte-oasi-zegna-sconto-skipass_9455.html?utm_source=varesenews&amp;utm_medium=dis&amp;utm_campaign=it_it_280122_whitefriday_oasizegna&amp;utm_content=banner\">SCOPRI I DETTAGLI<\/a><\/strong><\/p>\n<h2>WHITE FRIDAY A BIELMONTE SCIARE CONVIENE.<\/h2>\n<p>Tutti i venerd\u00ec &#8211; fino a fine stagione \u2013 a Bielmonte \u00e8 tempo di &#8220;White Friday&#8221;:\u00a0<strong>tariffe agevolate per skipass, lezioni di sci, alberghi e ristoranti.<\/strong><\/p>\n<p>Un&#8217;offerta interessante sia perch\u00e9 <strong>si apre un intero weekend a base di sci,<\/strong> panorami e buona tavola, sia perch\u00e9 lo skipass giornaliero fino alla fine della stagione costa come il pacchetto da due ore (15 euro con uno sconto applicato del 30%). <strong>Confermato lo skipass ragazzi fino a 14 anni<\/strong> (accompagnati da un genitore pagante) a 5 euro e il biglietto del tappeto risalita: 8 euro un\u2019ora, 10 euro due ore e 12 per quattro ore. Promozioni anche alla Scuola Sci Bielmonte Oasi Zegna (T. +39 015 744178 \/ +39 333 123 2850) che offre (sempre nella giornata del venerd\u00ec) lezioni scontate del 20% per chi vuole affidarsi alla guida di un maestro esperto, stessa percentuale di sconto anche per il\u00a0noleggio\u00a0attrezzatura presso i punti noleggio\u00a0Chalet Bielmonte (T. +39 015 744126) e\u00a0Rolando Sport (T. +39 334 1484210 &#8211; +39 340 2896183).<\/p>\n<p><strong>L\u2019iniziativa \u201cWhite Friday\u201d offre la possibilit\u00e0 di allargare, a prezzi convenienti, la durata del fine settimana all\u2019Oasi Zegna:<\/strong> molti alberghi, ristoranti e agriturismi di Bielmonte aderiscono, secondo varie modalit\u00e0 da verificare con le singole strutture, alla promozione riservando ai propri clienti tariffe agevolate.<\/p>\n<p>Ecco le strutture aderenti:<\/p>\n<p>&#8211; Albergo Ristorante Bucaneve (T. + 39 015.744184 + 39 393.5453705)<br \/>\n&#8211; Albergo La Pineta (T. + 39 015.744124)<br \/>\n&#8211; Chalet Bielmonte (T. + 39 015.744126)<br \/>\n&#8211; Bar della Panoramica (T. +39 339.775233)<br \/>\n&#8211; Agriturismo Alpe Moncerchio (T. + 39.339.7289682 + 39.329.2060620)<\/p>\n<p><strong><a href=\"https:\/\/www.oasizegna.com\/it\/news\/white-friday-bielmonte-oasi-zegna-sconto-skipass_9455.html?utm_source=varesenews&amp;utm_medium=dis&amp;utm_campaign=it_it_280122_whitefriday_oasizegna&amp;utm_content=banner\">SCOPRI I DETTAGLI<\/a><\/strong><\/p>\n<h2>STARNIGHT A BIELMONTE:<br \/>\nSCI IN NOTTURNA, MUSICA E GIOCHI DI LUCE<\/h2>\n<p>Tre sabati sera (12, 19 e 26 febbraio) sul parterre innevato di Bielmonte dedicati allo sci, al divertimento con musica e al pattinaggio. Figure di luce disegnate sulla neve con i LED (sabato 12 febbraio), sciate in notturna, musica fino alle 23, pattinaggio sul ghiaccio, break al Bar della Panoramica con panino e bibita e un super ospite,\u00a0Tommaso Fonte, 17 anni, atleta osservato dalla Nazionale di Snowboard, specialit\u00e0 Border Cross, nato, da un punto di vista sportivo, proprio a Bielmonte.\u00a0 Sono tre serate davvero speciali quelle che si stanno per aprire all\u2019Oasi Zegna, tre sabati sera da segnare in agenda:\u00a0il 12, il 19 e il 26 febbraio 2022.\u00a0Gli ingredienti ci sono tutti: lo sport (con lo sci e il pattinaggio), il divertimento (con dj set a cura di Jason Liuni) e il gusto con la cena veloce al Bar della Panoramica che per l\u2019occasione si \u00e8 un inventato il panino speciale \u2018Star Night\u2019 a base di paletta biellese e formaggio Maccagno da consumare sul parterre.\u00a0 Per chi vuole \u00e8 previsto anche\u00a0un bus navetta gratuito\u00a0che da Biella (partenza ore 18 dall\u2019Hotel Agor\u00e0) conduce a Bielmonte, luogo degli eventi, e cuore sciistico dell\u2019Oasi Zegna, prevedendo fermate anche a Cossato (stazione), Vallemosso (frazione Falcero), Trivero (Centro Zegna). \u00c8 necessario prenotare il posto scrivendo una mail ad\u00a0amicidelfondo20@gmail.com.<\/p>\n<p><strong><a href=\"https:\/\/www.oasizegna.com\/it\/news\/white-friday-bielmonte-oasi-zegna-sconto-skipass_9455.html?utm_source=varesenews&amp;utm_medium=dis&amp;utm_campaign=it_it_280122_whitefriday_oasizegna&amp;utm_content=banner\">SCOPRI I DETTAGLI<\/a><\/strong><\/p>\n<h2><div class=\"photo-inside-post\"><img decoding=\"async\" loading=\"lazy\" fetchpriority=\"low\" width=\"610\" height=\"431\" src=\"https:\/\/staging.varesenews.it\/photogallery_new\/images\/2022\/02\/oasi-zegna-1276470.610x431.jpg\" alt=\"oasi zegna\"><\/div><\/h2>\n<h2>LA SERATA SPECIALE CON I LED<\/h2>\n<p>Sabato 12 febbraio, nella sola serata di apertura di questa splendida tripletta di appuntamenti, \u00e8 previsto lo spettacolo \u2018Light Ski\u2019, uno show a cura del team Evolution Project (3209616218 &#8211; 3664690449 eevolutionprojectt@gmail.com ) con i LED luminosi. Prezzi e orari: Sci in notturna (dalle 19 alle 21): 20 euro\u00a0 Pattinaggio (dalle 19 alle 21.30): 10 euro Ristorazione (dalle 20 alle 23): 8 euro per panino + bevanda o birra<br \/>\nPRENOTAZIONE ANTICIPATA BIGLIETTI 25\u20ac Manuel Giavarra tel. 340 697 3418<\/p>\n<p><strong><a href=\"https:\/\/www.oasizegna.com\/it\/news\/white-friday-bielmonte-oasi-zegna-sconto-skipass_9455.html?utm_source=varesenews&amp;utm_medium=dis&amp;utm_campaign=it_it_280122_whitefriday_oasizegna&amp;utm_content=banner\">SCOPRI I DETTAGLI<\/a><\/strong><\/p>\n<p>Tutte le imperdibili dell\u2019inverno a Bielmonte e in Oasi Zegna:<\/p>\n<h2><strong>LO SCI PER TUTTI<\/strong><\/h2>\n<p>Con un\u2019ottima esposizione e una vista panoramica sulla Pianura Padana e sulla selvaggia ValSessera. Anche gli sciatori slow, quelli che tra una discesa e l\u2019altra non vogliono perdersi una polenta in rifugio, avranno di che gioire: lo sciatore a Bielmonte fugge dalle code per godersi in tutta calma una giornata sulle piste\u00a0e dedicarsi, poi, ad altre attivit\u00e0. In pi\u00f9 le discese facili e soleggiate sono ideali per i bambini. Per loro ci sono\u00a050 maestri\u00a0a disposizione e un baby park sulla neve con personale dedicato. Info e contatti: Scuola Sci Monte Marca Bielmonte: 0152470875 scuolascimontemarcabielmonte.it Scuola Sci Bielmonte Oasi Zegna: 015744178 scuolascibielmonte.it<\/p>\n<h2>IMPIANTI DI RISALITA OPEN AIR<\/h2>\n<p>Bielmonte \u00e8 servita da seggiovie, ski-lift e tappeti per la risalita che offrono un\u2019ampia possibilit\u00e0 di scelta su pi\u00f9 versanti della montagna. Non ci sono funivie n\u00e9 ovovie: tutto il percorso di salita \u00e8 all\u2019aria aperta. Webcam e aggiornamenti in tempo reale su: oasizegna.com Info e contatti: Icemont: 015.744102 info@bielmonteneve.it<\/p>\n<h2>USCITE SOTTO LE STELLE (NOVITA\u2019 2022)<\/h2>\n<p>Andare per boschi prendendosi tutto il tempo necessario per osservare la natura. tracciati che si snodano tra boschi e paesaggi montani d\u2019incredibile bellezza, tra i 1.200 e 1.500 metri di altitudine. Una grande novit\u00e0 per questa stagione: per la prima volta, \u00e8 possibile percorrere le piste di notte (con le ciaspole o ramponcini) tra i boschi, illuminati dalla luna. Info e contatti: Ass. Amici del Fondo Bocchetto Sessera: 320.9616218 \u2013 amicidelfondo20@gmail.com<\/p>\n<h2>LA CUCINA TRADIZIONALE<\/h2>\n<p>Che sia esperto camminatore o no, i rifugi Monte Marca, Bocchetto Sessera e l\u2019Albergo Bucaneve sono esperienze uniche da vivere in quota. Per raggiungerli non serve un grande sforzo, ma una volta arrivati ci si pu\u00f2 godere la vista panoramica e i menu del territorio con piatti che esaltano la tradizione locale. Info e contatti: Rifugio Monte Marca: 015. 744131 &#8211; rifugio@montemarca.it Locanda Bocchetto Sessera: 015.744115 &#8211; locandabocchettosessera@gmail.com bocchettosessera.it Albergo Ristorante Bucaneve: 015.744184 &#8211; bucaneve@oasizegna.com<\/p>\n<h2>MOUNTAIN WATCHING, LA VISTA E\u2019 INFINITA<\/h2>\n<p>Con la neve o senza l\u2019invito \u00e8 quello di fermarsi e osservare, godendo della bellezza della natura. All\u2019Oasi Zegna \u00e8 un\u2019attivit\u00e0 che d\u00e0 molta soddisfazione, perch\u00e9 i luoghi panoramici sono tantissimi. Dalla terrazza dell\u2019albergo Bucaneve di Bielmonte si abbraccia con lo sguardo la distesa della Pianura Padana. Dal Rifugio Monte Marca la vista pu\u00f2 spaziare a 360 gradi fino allo spettacolo offerto dal Monte Rosa. Basta salire di poco sui pendii per avere un panorama infinito su molti dei 4.000: le cime della Svizzera, il massiccio del Monte Rosa e tutta la catena delle Alpi che arriva fino al Monviso, riconoscibile per la sua forma a piramide. Con questo skyline conviene aspettare le straordinarie albe e gli indimenticabili tramonti ma anche la suggestiva \u201cora blu\u201d per chi si sveglia presto la mattina.<\/p>\n<h2>LONTANI DALLE FOLLE<\/h2>\n<p>Ci sono luoghi nell\u2019Oasi Zegna che proiettano in altre dimensioni: spazi per chi ama un approccio lento e contemplativo della montagna, per chi cerca la natura, per chi ama immergersi nel paesaggio imbiancato e silenzioso alla ricerca di momenti per concentrarsi su s\u00e9 stessi e sulla bellezza di ci\u00f2 che ci circonda. Oggi pi\u00f9 che mai si \u00e8 alla ricerca del \u201cniente\u201d che poi \u00e8 il \u201ctutto\u201d: la Valsessera, il lato selvaggio dell\u2019Oasi Zegna, offre contemplazione, spazi aperti, meditazione, relax. Anche in inverno \u00e8 possibile passeggiare (meglio con le ciaspole) scegliendo tra le decine di sentieri che proietteranno in una dimensione olistica.<\/p>\n<h2>\u201cNATURA SU MISURA\u201d e \u201cUNA STAZIONE PER TE\u201d<\/h2>\n<p>Anche durante la stagione invernale, il territorio dell\u2019Oasi Zegna offre innumerevoli occasioni per trascorrere giornate immerse nel silenzio e nella meraviglia della natura. Ma come scegliere le iniziative pi\u00f9 adatte alle proprie esigenze? Oasi Zegna, attraverso gli operatori del territorio, offre proposte complementari tra loro per vivere esperienze esclusive e su misura. In base alle necessit\u00e0 dei visitatori, si potranno organizzare visite guidate di giorno o di notte con esperti, attivit\u00e0 sportive dedicate, esperienze gourmet o percorsi benessere al coperto e all\u2019aperto, fino a \u201cuna stazione per te\u201d: gli impianti sciistici e le piste da discesa riservati in esclusiva, per gruppi di amici, ricorrenze speciali o team building aziendali. Grazie alla sua conformazione, alla felice esposizione e all\u2019esperienza dei gestori, la stazione sciistica di Bielmonte \u00e8 ideale per gare e allenamenti professionistici e non. Info e contatti: Infoline Oasi Zegna 340.1989593 \u2013 info@oasizegna.com<\/p>\n<p><strong><a href=\"https:\/\/www.oasizegna.com\/it\/news\/white-friday-bielmonte-oasi-zegna-sconto-skipass_9455.html?utm_source=varesenews&amp;utm_medium=dis&amp;utm_campaign=it_it_280122_whitefriday_oasizegna&amp;utm_content=banner\">SCOPRI I DETTAGLI<\/a><\/strong><\/p>\n<p><strong><a href=\"https:\/\/t.contactlab.it\/c\/2001314\/2836\/1892189\/15187\" target=\"_blank\" rel=\"noopener\" data-saferedirecturl=\"https:\/\/www.google.com\/url?q=https:\/\/t.contactlab.it\/c\/2001314\/2836\/1892189\/15187&amp;source=gmail&amp;ust=1643806697603000&amp;usg=AOvVaw2xeveDT5UqHVw6TGr373RP\">Scarica il calendario dei prossimi appuntamenti<\/a><\/strong><\/p>\n","protected":false},"excerpt":{"rendered":"<p>Tante iniziative e proposte convenienti per vivere a pieno la montagna e gli sport invernali nel cuore sciistico dell&#8217;Oasi Zegna <\/p>\n","protected":false},"author":43,"featured_media":0,"comment_status":"open","ping_status":"open","sticky":false,"template":"","format":"standard","meta":{"footnotes":""},"categories":[9,46],"tags":[36999,116271],"acf":[],"yoast_head":"<!-- This site is optimized with the Yoast SEO plugin v20.1 - https:\/\/yoast.com\/wordpress\/plugins\/seo\/ -->\n<title>Dagli sci alla natura: le proposte di febbraio di Bielmonte nell&#039;Oasi Zegna<\/title>\n<meta name=\"description\" content=\"Tante iniziative e proposte convenienti per vivere a pieno la montagna e gli sport invernali nel cuore sciistico dell&#039;Oasi Zegna\" \/>\n<meta name=\"robots\" content=\"noindex, follow, max-snippet:-1, max-image-preview:large, max-video-preview:-1\" \/>\n<meta property=\"og:locale\" content=\"it_IT\" \/>\n<meta property=\"og:type\" content=\"article\" \/>\n<meta property=\"og:title\" content=\"Dagli sci alla natura: le proposte di febbraio di Bielmonte nell&#039;Oasi Zegna\" \/>\n<meta property=\"og:description\" content=\"Tante iniziative e proposte convenienti per vivere a pieno la montagna e gli sport invernali nel cuore sciistico dell&#039;Oasi Zegna\" \/>\n<meta property=\"og:url\" content=\"https:\/\/www.varesenews.it\/2022\/02\/sciare-bielmonte-oasi-zegna-2\/1424700\/\" \/>\n<meta property=\"og:site_name\" content=\"VareseNews\" \/>\n<meta property=\"article:publisher\" content=\"https:\/\/www.facebook.com\/varesenews\" \/>\n<meta property=\"article:author\" content=\"https:\/\/www.facebook.com\/mariacarla.cebrelli\" \/>\n<meta property=\"article:published_time\" content=\"2022-02-02T11:06:21+00:00\" \/>\n<meta property=\"article:modified_time\" content=\"2022-02-02T11:26:57+00:00\" \/>\n<meta name=\"author\" content=\"Maria Carla Cebrelli\" \/>\n<meta name=\"twitter:card\" content=\"summary_large_image\" \/>\n<meta name=\"twitter:creator\" content=\"@pikapiketti\" \/>\n<meta name=\"twitter:site\" content=\"@varesenews\" \/>\n<meta name=\"twitter:label1\" content=\"Scritto da\" \/>\n\t<meta name=\"twitter:data1\" content=\"Maria Carla Cebrelli\" \/>\n\t<meta name=\"twitter:label2\" content=\"Tempo di lettura stimato\" \/>\n\t<meta name=\"twitter:data2\" content=\"7 minuti\" \/>\n<script type=\"application\/ld+json\" class=\"yoast-schema-graph\">{\"@context\":\"https:\/\/schema.org\",\"@graph\":[{\"@type\":\"WebPage\",\"@id\":\"https:\/\/www.varesenews.it\/2022\/02\/sciare-bielmonte-oasi-zegna-2\/1424700\/\",\"url\":\"https:\/\/www.varesenews.it\/2022\/02\/sciare-bielmonte-oasi-zegna-2\/1424700\/\",\"name\":\"Dagli sci alla natura: le proposte di febbraio di Bielmonte nell'Oasi Zegna\",\"isPartOf\":{\"@id\":\"https:\/\/staging.varesenews.it\/#website\"},\"datePublished\":\"2022-02-02T11:06:21+00:00\",\"dateModified\":\"2022-02-02T11:26:57+00:00\",\"author\":{\"@id\":\"https:\/\/staging.varesenews.it\/#\/schema\/person\/5bf790e99d7ec50061119cc825c454de\"},\"description\":\"Tante iniziative e proposte convenienti per vivere a pieno la montagna e gli sport invernali nel cuore sciistico dell'Oasi Zegna\",\"breadcrumb\":{\"@id\":\"https:\/\/www.varesenews.it\/2022\/02\/sciare-bielmonte-oasi-zegna-2\/1424700\/#breadcrumb\"},\"inLanguage\":\"it-IT\",\"potentialAction\":[{\"@type\":\"ReadAction\",\"target\":[\"https:\/\/www.varesenews.it\/2022\/02\/sciare-bielmonte-oasi-zegna-2\/1424700\/\"]}]},{\"@type\":\"BreadcrumbList\",\"@id\":\"https:\/\/www.varesenews.it\/2022\/02\/sciare-bielmonte-oasi-zegna-2\/1424700\/#breadcrumb\",\"itemListElement\":[{\"@type\":\"ListItem\",\"position\":1,\"name\":\"Home\",\"item\":\"https:\/\/www.varesenews.it\/\"},{\"@type\":\"ListItem\",\"position\":2,\"name\":\"Speciale febbraio a Bielmonte: dagli sci alla natura le proposte dell&#8217;Oasi Zegna\"}]},{\"@type\":\"WebSite\",\"@id\":\"https:\/\/staging.varesenews.it\/#website\",\"url\":\"https:\/\/staging.varesenews.it\/\",\"name\":\"VareseNews\",\"description\":\"\",\"potentialAction\":[{\"@type\":\"SearchAction\",\"target\":{\"@type\":\"EntryPoint\",\"urlTemplate\":\"https:\/\/staging.varesenews.it\/?s={search_term_string}\"},\"query-input\":\"required name=search_term_string\"}],\"inLanguage\":\"it-IT\"},{\"@type\":\"Person\",\"@id\":\"https:\/\/staging.varesenews.it\/#\/schema\/person\/5bf790e99d7ec50061119cc825c454de\",\"name\":\"Maria Carla Cebrelli\",\"image\":{\"@type\":\"ImageObject\",\"inLanguage\":\"it-IT\",\"@id\":\"https:\/\/staging.varesenews.it\/#\/schema\/person\/image\/\",\"url\":\"https:\/\/staging.varesenews.it\/wp-content\/uploads\/2020\/12\/mariacarla_cebrelli_colori_500-1.jpg\",\"contentUrl\":\"https:\/\/staging.varesenews.it\/wp-content\/uploads\/2020\/12\/mariacarla_cebrelli_colori_500-1.jpg\",\"caption\":\"Maria Carla Cebrelli\"},\"description\":\"Economista di formazione, giornalista per passione. A VareseNews dal 2005, mi sono occupata negli anni di universit&agrave;, tematiche di confine, news locali e comunicazione nel settore sociale. Attualmente sono responsabile di VerbanoNews, del canale di VareseNews dedicato al Turismo e seguo i social dell'area business.\",\"sameAs\":[\"https:\/\/www.facebook.com\/mariacarla.cebrelli\",\"pikapiketti\",\"https:\/\/twitter.com\/pikapiketti\"],\"url\":\"https:\/\/staging.varesenews.it\/persona\/mariacarla-cebrelli1\/\"}]}<\/script>\n<!-- \/ Yoast SEO plugin. -->","yoast_head_json":{"title":"Dagli sci alla natura: le proposte di febbraio di Bielmonte nell'Oasi Zegna","description":"Tante iniziative e proposte convenienti per vivere a pieno la montagna e gli sport invernali nel cuore sciistico dell'Oasi Zegna","robots":{"index":"noindex","follow":"follow","max-snippet":"max-snippet:-1","max-image-preview":"max-image-preview:large","max-video-preview":"max-video-preview:-1"},"og_locale":"it_IT","og_type":"article","og_title":"Dagli sci alla natura: le proposte di febbraio di Bielmonte nell'Oasi Zegna","og_description":"Tante iniziative e proposte convenienti per vivere a pieno la montagna e gli sport invernali nel cuore sciistico dell'Oasi Zegna","og_url":"https:\/\/www.varesenews.it\/2022\/02\/sciare-bielmonte-oasi-zegna-2\/1424700\/","og_site_name":"VareseNews","article_publisher":"https:\/\/www.facebook.com\/varesenews","article_author":"https:\/\/www.facebook.com\/mariacarla.cebrelli","article_published_time":"2022-02-02T11:06:21+00:00","article_modified_time":"2022-02-02T11:26:57+00:00","author":"Maria Carla Cebrelli","twitter_card":"summary_large_image","twitter_creator":"@pikapiketti","twitter_site":"@varesenews","twitter_misc":{"Scritto da":"Maria Carla Cebrelli","Tempo di lettura stimato":"7 minuti"},"schema":{"@context":"https:\/\/schema.org","@graph":[{"@type":"WebPage","@id":"https:\/\/www.varesenews.it\/2022\/02\/sciare-bielmonte-oasi-zegna-2\/1424700\/","url":"https:\/\/www.varesenews.it\/2022\/02\/sciare-bielmonte-oasi-zegna-2\/1424700\/","name":"Dagli sci alla natura: le proposte di febbraio di Bielmonte nell'Oasi Zegna","isPartOf":{"@id":"https:\/\/staging.varesenews.it\/#website"},"datePublished":"2022-02-02T11:06:21+00:00","dateModified":"2022-02-02T11:26:57+00:00","author":{"@id":"https:\/\/staging.varesenews.it\/#\/schema\/person\/5bf790e99d7ec50061119cc825c454de"},"description":"Tante iniziative e proposte convenienti per vivere a pieno la montagna e gli sport invernali nel cuore sciistico dell'Oasi Zegna","breadcrumb":{"@id":"https:\/\/www.varesenews.it\/2022\/02\/sciare-bielmonte-oasi-zegna-2\/1424700\/#breadcrumb"},"inLanguage":"it-IT","potentialAction":[{"@type":"ReadAction","target":["https:\/\/www.varesenews.it\/2022\/02\/sciare-bielmonte-oasi-zegna-2\/1424700\/"]}]},{"@type":"BreadcrumbList","@id":"https:\/\/www.varesenews.it\/2022\/02\/sciare-bielmonte-oasi-zegna-2\/1424700\/#breadcrumb","itemListElement":[{"@type":"ListItem","position":1,"name":"Home","item":"https:\/\/www.varesenews.it\/"},{"@type":"ListItem","position":2,"name":"Speciale febbraio a Bielmonte: dagli sci alla natura le proposte dell&#8217;Oasi Zegna"}]},{"@type":"WebSite","@id":"https:\/\/staging.varesenews.it\/#website","url":"https:\/\/staging.varesenews.it\/","name":"VareseNews","description":"","potentialAction":[{"@type":"SearchAction","target":{"@type":"EntryPoint","urlTemplate":"https:\/\/staging.varesenews.it\/?s={search_term_string}"},"query-input":"required name=search_term_string"}],"inLanguage":"it-IT"},{"@type":"Person","@id":"https:\/\/staging.varesenews.it\/#\/schema\/person\/5bf790e99d7ec50061119cc825c454de","name":"Maria Carla Cebrelli","image":{"@type":"ImageObject","inLanguage":"it-IT","@id":"https:\/\/staging.varesenews.it\/#\/schema\/person\/image\/","url":"https:\/\/staging.varesenews.it\/wp-content\/uploads\/2020\/12\/mariacarla_cebrelli_colori_500-1.jpg","contentUrl":"https:\/\/staging.varesenews.it\/wp-content\/uploads\/2020\/12\/mariacarla_cebrelli_colori_500-1.jpg","caption":"Maria Carla Cebrelli"},"description":"Economista di formazione, giornalista per passione. A VareseNews dal 2005, mi sono occupata negli anni di universit&agrave;, tematiche di confine, news locali e comunicazione nel settore sociale. Attualmente sono responsabile di VerbanoNews, del canale di VareseNews dedicato al Turismo e seguo i social dell'area business.","sameAs":["https:\/\/www.facebook.com\/mariacarla.cebrelli","pikapiketti","https:\/\/twitter.com\/pikapiketti"],"url":"https:\/\/staging.varesenews.it\/persona\/mariacarla-cebrelli1\/"}]}},"post_meta":{"_edit_lock":"1643801219:43","_edit_last":"43","_category_permalink":"a:1:{s:8:\"category\";s:2:\"46\";}","_encloseme":"1","ratings_users":"0","ratings_score":"0","ratings_average":"0","foto":"1276471","firma_come_redazione":"1","argomento":"Informazione redazionale","_yoast_wpseo_focuskw_text_input":"sciare bielmonte","_yoast_wpseo_focuskw":"sciare bielmonte","_yoast_wpseo_title":"Dagli sci alla natura: le proposte di febbraio di Bielmonte nell'Oasi Zegna","_yoast_wpseo_linkdex":"66","_yoast_wpseo_content_score":"30","_jd_tweet_this":"yes","_wpt_short_url":"https:\/\/www.varesenews.it\/2022\/02\/sciare-bielmonte-oasi-zegna-2\/1424700\/","_wp_jd_target":"https:\/\/www.varesenews.it\/2022\/02\/sciare-bielmonte-oasi-zegna-2\/1424700\/","_jd_wp_twitter":"a:1:{i:0;s:166:\"Speciale febbraio a Bielmonte: dagli sci alla natura le proposte dell\u2019Oasi Zegna https:\/\/www.varesenews.it\/2022\/02\/sciare-bielmonte-oasi-zegna-2\/1424700\/ #oasizegna\";}","_wpt_status_message":"Tweet inviato con successo.","_oembed_b80287eb43615f406febbec9c8157200":"<blockquote class=\"wp-embedded-content\" data-secret=\"H8uMX1NLCU\"><a href=\"https:\/\/www.varesenews.it\/2021\/07\/via-al-restauro-della-lastra-tombale-del-cardinale-branda-castiglioni-ed-ricco-sorprese\/1358644\/\">Via al restauro della lastra tombale del cardinale Branda Castiglioni, ed \u00e8 ricco di sorprese<\/a><\/blockquote><iframe class=\"wp-embedded-content\" sandbox=\"allow-scripts\" security=\"restricted\" style=\"position: absolute; clip: rect(1px, 1px, 1px, 1px);\" src=\"https:\/\/www.varesenews.it\/2021\/07\/via-al-restauro-della-lastra-tombale-del-cardinale-branda-castiglioni-ed-ricco-sorprese\/1358644\/embed\/#?secret=H8uMX1NLCU\" data-secret=\"H8uMX1NLCU\" width=\"500\" height=\"282\" title=\"&#8220;Via al restauro della lastra tombale del cardinale Branda Castiglioni, ed \u00e8 ricco di sorprese&#8221; &#8212; VareseNews\" frameborder=\"0\" marginwidth=\"0\" marginheight=\"0\" scrolling=\"no\"><\/iframe>","_oembed_time_b80287eb43615f406febbec9c8157200":"1643799989","_oembed_8f4a773d9050278c725d4b456b36bfb9":"<blockquote class=\"wp-embedded-content\" data-secret=\"uqlBEeEAM2\"><a href=\"https:\/\/www.varesenews.it\/2022\/01\/eventi-bambini-nel-weekend-dal-28-al-30-gennaio-varese-provincia\/1422995\/\">Eventi per bambini nel weekend dal 28 al 30 gennaio tra Varese e provincia<\/a><\/blockquote><iframe class=\"wp-embedded-content\" sandbox=\"allow-scripts\" security=\"restricted\" style=\"position: absolute; clip: rect(1px, 1px, 1px, 1px);\" src=\"https:\/\/www.varesenews.it\/2022\/01\/eventi-bambini-nel-weekend-dal-28-al-30-gennaio-varese-provincia\/1422995\/embed\/#?secret=uqlBEeEAM2\" data-secret=\"uqlBEeEAM2\" width=\"500\" height=\"282\" title=\"&#8220;Eventi per bambini nel weekend dal 28 al 30 gennaio tra Varese e provincia&#8221; &#8212; VareseNews\" frameborder=\"0\" marginwidth=\"0\" marginheight=\"0\" scrolling=\"no\"><\/iframe>","_oembed_time_8f4a773d9050278c725d4b456b36bfb9":"1643799989","_oembed_7ce0212a904356173ba0b77c4e585ac0":"<blockquote class=\"wp-embedded-content\" data-secret=\"8ti1X2oIED\"><a href=\"https:\/\/www.varesenews.it\/2022\/02\/sanremo-torna-pubblico-nella-serata-mattatori-fiorello-maneskin-berrettini\/1424582\/\">A Sanremo torna il pubblico: nella prima serata mattatori Fiorello, i Maneskin e Berrettini<\/a><\/blockquote><iframe class=\"wp-embedded-content\" sandbox=\"allow-scripts\" security=\"restricted\" style=\"position: absolute; clip: rect(1px, 1px, 1px, 1px);\" src=\"https:\/\/www.varesenews.it\/2022\/02\/sanremo-torna-pubblico-nella-serata-mattatori-fiorello-maneskin-berrettini\/1424582\/embed\/#?secret=8ti1X2oIED\" data-secret=\"8ti1X2oIED\" width=\"500\" height=\"282\" title=\"&#8220;A Sanremo torna il pubblico: nella prima serata mattatori Fiorello, i Maneskin e Berrettini&#8221; &#8212; VareseNews\" frameborder=\"0\" marginwidth=\"0\" marginheight=\"0\" scrolling=\"no\"><\/iframe>","_oembed_time_7ce0212a904356173ba0b77c4e585ac0":"1643800517","_oembed_1a007558ca2c823cad14d455c3ff2e4b":"<blockquote class=\"wp-embedded-content\" data-secret=\"4XMXWtpvpu\"><a href=\"https:\/\/www.varesenews.it\/2021\/11\/silvia-pagani-direttore-dellunione-degli-industriali-della-provincia-varese\/1396980\/\">Silvia Pagani \u00e8 il nuovo direttore dell\u2019Unione degli Industriali della provincia di Varese<\/a><\/blockquote><iframe class=\"wp-embedded-content\" sandbox=\"allow-scripts\" security=\"restricted\" style=\"position: absolute; clip: rect(1px, 1px, 1px, 1px);\" src=\"https:\/\/www.varesenews.it\/2021\/11\/silvia-pagani-direttore-dellunione-degli-industriali-della-provincia-varese\/1396980\/embed\/#?secret=4XMXWtpvpu\" data-secret=\"4XMXWtpvpu\" width=\"500\" height=\"282\" title=\"&#8220;Silvia Pagani \u00e8 il nuovo direttore dell\u2019Unione degli Industriali della provincia di Varese&#8221; &#8212; VareseNews\" frameborder=\"0\" marginwidth=\"0\" marginheight=\"0\" scrolling=\"no\"><\/iframe>","_oembed_time_1a007558ca2c823cad14d455c3ff2e4b":"1643800518","_oembed_3651a9527927a8dddc65cf87d7370a99":"<blockquote class=\"wp-embedded-content\" data-secret=\"mS13rbVdrT\"><a href=\"https:\/\/www.varesenews.it\/2022\/01\/fiamme-nella-notte-al-confine-evacuato-labitato-indemini\/1423777\/\">Fiamme nei boschi del Gambarogno, non ci sono pi\u00f9 fronti attivi sul versante italiano<\/a><\/blockquote><iframe class=\"wp-embedded-content\" sandbox=\"allow-scripts\" security=\"restricted\" style=\"position: absolute; clip: rect(1px, 1px, 1px, 1px);\" src=\"https:\/\/www.varesenews.it\/2022\/01\/fiamme-nella-notte-al-confine-evacuato-labitato-indemini\/1423777\/embed\/#?secret=mS13rbVdrT\" data-secret=\"mS13rbVdrT\" width=\"500\" height=\"282\" title=\"&#8220;Fiamme nei boschi del Gambarogno, non ci sono pi\u00f9 fronti attivi sul versante italiano&#8221; &#8212; VareseNews\" frameborder=\"0\" marginwidth=\"0\" marginheight=\"0\" scrolling=\"no\"><\/iframe>","_oembed_time_3651a9527927a8dddc65cf87d7370a99":"1643800642","_oembed_b03807ebbd224eae88481e0c6eb2a064":"<blockquote class=\"wp-embedded-content\" data-secret=\"r7UD7QRx9j\"><a href=\"https:\/\/www.varesenews.it\/2022\/01\/eventi-bambini-nel-weekendl-dal-21-al-23-gennaio-varese\/1420846\/\">Eventi per bambini nel weekend dal 21 al 23 gennaio tra Varese e provincia<\/a><\/blockquote><iframe class=\"wp-embedded-content\" sandbox=\"allow-scripts\" security=\"restricted\" style=\"position: absolute; clip: rect(1px, 1px, 1px, 1px);\" src=\"https:\/\/www.varesenews.it\/2022\/01\/eventi-bambini-nel-weekendl-dal-21-al-23-gennaio-varese\/1420846\/embed\/#?secret=r7UD7QRx9j\" data-secret=\"r7UD7QRx9j\" width=\"500\" height=\"282\" title=\"&#8220;Eventi per bambini nel weekend dal 21 al 23 gennaio tra Varese e provincia&#8221; &#8212; VareseNews\" frameborder=\"0\" marginwidth=\"0\" marginheight=\"0\" scrolling=\"no\"><\/iframe>","_oembed_time_b03807ebbd224eae88481e0c6eb2a064":"1643800642","_oembed_0c68b11133c86b3bf07534c984707425":"<iframe width=\"500\" height=\"281\" src=\"https:\/\/www.youtube.com\/embed\/WmOy9z_ob0U?feature=oembed\" frameborder=\"0\" allow=\"accelerometer; autoplay; clipboard-write; encrypted-media; gyroscope; picture-in-picture\" allowfullscreen><\/iframe>","_oembed_time_0c68b11133c86b3bf07534c984707425":"1643801046","_oembed_ce37a1833a39af4efe973dd78ce94e2a":"<blockquote class=\"wp-embedded-content\" data-secret=\"dgXCwsFTOu\"><a href=\"https:\/\/www.varesenews.it\/2022\/01\/soli-chiusi-casa-genitori-spaventati-nostri-adolescenti-bisogno-aiuto\/1421682\/\">&#8220;Soli, chiusi in casa con genitori spaventati. I nostri adolescenti hanno bisogno di aiuto&#8221;<\/a><\/blockquote><iframe class=\"wp-embedded-content\" sandbox=\"allow-scripts\" security=\"restricted\" style=\"position: absolute; clip: rect(1px, 1px, 1px, 1px);\" src=\"https:\/\/www.varesenews.it\/2022\/01\/soli-chiusi-casa-genitori-spaventati-nostri-adolescenti-bisogno-aiuto\/1421682\/embed\/#?secret=dgXCwsFTOu\" data-secret=\"dgXCwsFTOu\" width=\"500\" height=\"282\" title=\"&#8220;&#8220;Soli, chiusi in casa con genitori spaventati. I nostri adolescenti hanno bisogno di aiuto&#8221;&#8221; &#8212; VareseNews\" frameborder=\"0\" marginwidth=\"0\" marginheight=\"0\" scrolling=\"no\"><\/iframe>","_oembed_time_ce37a1833a39af4efe973dd78ce94e2a":"1643801046"},"photos":[{"original":"https:\/\/staging.varesenews.it\/photogallery_new\/images\/2022\/02\/oasi-zegna-1276471.jpg","full":"https:\/\/staging.varesenews.it\/photogallery_new\/images\/2022\/02\/oasi-zegna-1276471.1024x768.jpg","large":"https:\/\/staging.varesenews.it\/photogallery_new\/images\/2022\/02\/oasi-zegna-1276471.610x431.jpg"}],"_links":{"self":[{"href":"https:\/\/staging.varesenews.it\/swgapi\/v1\/wp\/v2\/posts\/1424700"}],"collection":[{"href":"https:\/\/staging.varesenews.it\/swgapi\/v1\/wp\/v2\/posts"}],"about":[{"href":"https:\/\/staging.varesenews.it\/swgapi\/v1\/wp\/v2\/types\/post"}],"author":[{"embeddable":true,"href":"https:\/\/staging.varesenews.it\/swgapi\/v1\/wp\/v2\/users\/43"}],"replies":[{"embeddable":true,"href":"https:\/\/staging.varesenews.it\/swgapi\/v1\/wp\/v2\/comments?post=1424700"}],"version-history":[{"count":0,"href":"https:\/\/staging.varesenews.it\/swgapi\/v1\/wp\/v2\/posts\/1424700\/revisions"}],"wp:attachment":[{"href":"https:\/\/staging.varesenews.it\/swgapi\/v1\/wp\/v2\/media?parent=1424700"}],"wp:term":[{"taxonomy":"category","embeddable":true,"href":"https:\/\/staging.varesenews.it\/swgapi\/v1\/wp\/v2\/categories?post=1424700"},{"taxonomy":"post_tag","embeddable":true,"href":"https:\/\/staging.varesenews.it\/swgapi\/v1\/wp\/v2\/tags?post=1424700"}],"curies":[{"name":"wp","href":"https:\/\/api.w.org\/{rel}","templated":true}]}}