{"id":1427199,"date":"2022-02-09T14:00:14","date_gmt":"2022-02-09T13:00:14","guid":{"rendered":"https:\/\/www.varesenews.it\/?p=1427199"},"modified":"2022-02-09T14:00:39","modified_gmt":"2022-02-09T13:00:39","slug":"luinesi-le-dimissioni-luglio-non-un-atto-responsabilita","status":"publish","type":"post","link":"https:\/\/staging.varesenews.it\/2022\/02\/luinesi-le-dimissioni-luglio-non-un-atto-responsabilita\/1427199\/","title":{"rendered":"Per #Luinesi le dimissioni di Luglio \u201cnon sono un atto di responsabilit\u00e0&#8221;"},"content":{"rendered":"<p>\u00ab<strong>Le dimissioni del consigliere Luglio dalla presidenza della commissione bilancio non sono affatto un gesto di responsabilit\u00e0 politica<\/strong> (come scritto su pagine social istituzionali che oltretutto dovrebbero occuparsi d\u2019altro) bens\u00ec una scelta obbligata dal fatto che da oltre un anno le commissioni non riescono a riunirsi a causa dell\u2019inopportunit\u00e0 del doppio ruolo del consigliere, fatto che come gruppo #luinesi abbiamo sollevato e denunciamo da tempo. <strong>Di mandato a termine si \u00e8 cominciato a parlare solo dopo la nostra presa di posizione<\/strong>\u00bb.<\/p>\n<p>Lo scrivono in una nota i consiglieri del gruppo\u00a0#Luinesi <strong>Alessandro Casali<\/strong> e <strong>Davide Cataldo<\/strong> dopo la notizia delle dimissioni\u00a0 dal ruolo di presidente della Commissione Bilancio del consigliere comunale <strong>Fabrizio Luglio<\/strong>.<\/p>\n<blockquote class=\"wp-embedded-content\" data-secret=\"QflAgigZ7f\"><p><a href=\"https:\/\/www.varesenews.it\/2022\/02\/fabrizio-luglio-si-dimette-dalla-presidenza-della-commissione-bilancio-luino\/1426610\/\">Fabrizio Luglio si dimette dalla presidenza della commissione Bilancio a Luino<\/a><\/p><\/blockquote>\n<p><iframe class=\"wp-embedded-content\" sandbox=\"allow-scripts\" security=\"restricted\" style=\"position: absolute; clip: rect(1px, 1px, 1px, 1px);\" src=\"https:\/\/www.varesenews.it\/2022\/02\/fabrizio-luglio-si-dimette-dalla-presidenza-della-commissione-bilancio-luino\/1426610\/embed\/#?secret=QflAgigZ7f\" data-secret=\"QflAgigZ7f\" width=\"500\" height=\"282\" title=\"&#8220;Fabrizio Luglio si dimette dalla presidenza della commissione Bilancio a Luino&#8221; &#8212; VareseNews\" frameborder=\"0\" marginwidth=\"0\" marginheight=\"0\" scrolling=\"no\"><\/iframe><\/p>\n<p>\u00abEntrando nel merito della comunicazione effettuata dallo stesso Luglio\u00bb, specificano i consiglieri, \u00abrileviamo che <strong>certi toni trionfalistici su quanto fatto in materia di riscossioni sono del tutto inadeguati e privi di fondamento<\/strong>. Ci piacerebbe domandare al consigliere una spiegazione dettagliata su quale sia stato il suo prezioso contributo, ma \u00e8 evidente che la risposta sarebbe del tutto insoddisfacente. <strong>I fatti: ad oggi gli uffici comunali hanno emesso alcuni avvisi di accertamento<\/strong>, cos\u00ec come sempre fatto anche negli anni passati. I dipendenti, la loro competenza e la loro operosit\u00e0 non sono cambiati rispetto al passato. <strong>Il Consiglio e non la commissione bilancio presieduta da Luglio, ha deliberato nel mese di ottobre 2021 di promuovere l\u2019affidamento ad una societ\u00e0 esterna<\/strong> dell\u2019incarico di riscossione e ad oggi come avevamo previsto, non esiste ancora alcun affidamento. Quindi tutto avviene esattamente come avveniva in passato\u00bb.<\/p>\n<p><strong>\u00abQuale novit\u00e0? Quale prezioso contributo?<\/strong> Insomma, da quanto si \u00e8 letto ultimamente sulle defezioni in seno alla maggioranza, sembra che qualcuno si \u00e8 dimesso per improvvise promozioni sul campo e qualcun altro invece per una strana forma di senso di responsabilit\u00e0 politica; ma noi abbiamo questo brutto vizio, concedetecelo, ci piace che i cittadini luinesi possano ricevere le giuste informazioni, cos\u00ec da potersi fare un\u2019opinione, non viziata, sui fatti. Intanto leggendo questo genere di comunicazioni ci concediamo un incontenibile sorriso, nella speranza che i sostituti dei dimissionari potranno risolvere finalmente i tanti problemi che ormai sommergono gli uffici e le istituzioni che stanno cambiando vertice\u00bb.<\/p>\n","protected":false},"excerpt":{"rendered":"<p>I consiglieri Cataldo e Casali entrano con una nota nel merito della vicenda: \u201cCerti toni trionfalistici su quanto fatto in materia di riscossioni sono del tutto inadeguati\u201c<\/p>\n","protected":false},"author":34,"featured_media":0,"comment_status":"open","ping_status":"open","sticky":false,"template":"","format":"standard","meta":{"footnotes":""},"categories":[2],"tags":[108451],"acf":[],"yoast_head":"<!-- This site is optimized with the Yoast SEO plugin v20.1 - https:\/\/yoast.com\/wordpress\/plugins\/seo\/ -->\n<title>Per #Luinesi le dimissioni di Luglio \u201cnon sono un atto di responsabilit\u00e0&quot;<\/title>\n<meta name=\"description\" content=\"I consiglieri Cataldo e Casali entrano con una nota nel merito della vicenda: \u201cCerti toni trionfalistici su quanto fatto in materia di riscossioni sono del tutto inadeguati\u201c\" \/>\n<meta name=\"robots\" content=\"noindex, follow, max-snippet:-1, max-image-preview:large, max-video-preview:-1\" \/>\n<meta property=\"og:locale\" content=\"it_IT\" \/>\n<meta property=\"og:type\" content=\"article\" \/>\n<meta property=\"og:title\" content=\"Per #Luinesi le dimissioni di Luglio \u201cnon sono un atto di responsabilit\u00e0&quot;\" \/>\n<meta property=\"og:description\" content=\"I consiglieri Cataldo e Casali entrano con una nota nel merito della vicenda: \u201cCerti toni trionfalistici su quanto fatto in materia di riscossioni sono del tutto inadeguati\u201c\" \/>\n<meta property=\"og:url\" content=\"https:\/\/staging.varesenews.it\/2022\/02\/luinesi-le-dimissioni-luglio-non-un-atto-responsabilita\/1427199\/\" \/>\n<meta property=\"og:site_name\" content=\"VareseNews\" \/>\n<meta property=\"article:publisher\" content=\"https:\/\/www.facebook.com\/varesenews\" \/>\n<meta property=\"article:author\" content=\"https:\/\/www.facebook.com\/andrea.camurani?fref=photo\" \/>\n<meta property=\"article:published_time\" content=\"2022-02-09T13:00:14+00:00\" \/>\n<meta property=\"article:modified_time\" content=\"2022-02-09T13:00:39+00:00\" \/>\n<meta name=\"author\" content=\"Andrea Camurani\" \/>\n<meta name=\"twitter:card\" content=\"summary_large_image\" \/>\n<meta name=\"twitter:creator\" content=\"@AndreaCamurani\" \/>\n<meta name=\"twitter:site\" content=\"@varesenews\" \/>\n<meta name=\"twitter:label1\" content=\"Scritto da\" \/>\n\t<meta name=\"twitter:data1\" content=\"Andrea Camurani\" \/>\n\t<meta name=\"twitter:label2\" content=\"Tempo di lettura stimato\" \/>\n\t<meta name=\"twitter:data2\" content=\"2 minuti\" \/>\n<script type=\"application\/ld+json\" class=\"yoast-schema-graph\">{\"@context\":\"https:\/\/schema.org\",\"@graph\":[{\"@type\":\"WebPage\",\"@id\":\"https:\/\/staging.varesenews.it\/2022\/02\/luinesi-le-dimissioni-luglio-non-un-atto-responsabilita\/1427199\/\",\"url\":\"https:\/\/staging.varesenews.it\/2022\/02\/luinesi-le-dimissioni-luglio-non-un-atto-responsabilita\/1427199\/\",\"name\":\"Per #Luinesi le dimissioni di Luglio \u201cnon sono un atto di responsabilit\u00e0\\\"\",\"isPartOf\":{\"@id\":\"https:\/\/staging.varesenews.it\/#website\"},\"datePublished\":\"2022-02-09T13:00:14+00:00\",\"dateModified\":\"2022-02-09T13:00:39+00:00\",\"author\":{\"@id\":\"https:\/\/staging.varesenews.it\/#\/schema\/person\/3eb5832c6beae763de8d9596fdbe8c49\"},\"description\":\"I consiglieri Cataldo e Casali entrano con una nota nel merito della vicenda: \u201cCerti toni trionfalistici su quanto fatto in materia di riscossioni sono del tutto inadeguati\u201c\",\"breadcrumb\":{\"@id\":\"https:\/\/staging.varesenews.it\/2022\/02\/luinesi-le-dimissioni-luglio-non-un-atto-responsabilita\/1427199\/#breadcrumb\"},\"inLanguage\":\"it-IT\",\"potentialAction\":[{\"@type\":\"ReadAction\",\"target\":[\"https:\/\/staging.varesenews.it\/2022\/02\/luinesi-le-dimissioni-luglio-non-un-atto-responsabilita\/1427199\/\"]}]},{\"@type\":\"BreadcrumbList\",\"@id\":\"https:\/\/staging.varesenews.it\/2022\/02\/luinesi-le-dimissioni-luglio-non-un-atto-responsabilita\/1427199\/#breadcrumb\",\"itemListElement\":[{\"@type\":\"ListItem\",\"position\":1,\"name\":\"Home\",\"item\":\"https:\/\/www.varesenews.it\/\"},{\"@type\":\"ListItem\",\"position\":2,\"name\":\"Per #Luinesi le dimissioni di Luglio \u201cnon sono un atto di responsabilit\u00e0&#8221;\"}]},{\"@type\":\"WebSite\",\"@id\":\"https:\/\/staging.varesenews.it\/#website\",\"url\":\"https:\/\/staging.varesenews.it\/\",\"name\":\"VareseNews\",\"description\":\"\",\"potentialAction\":[{\"@type\":\"SearchAction\",\"target\":{\"@type\":\"EntryPoint\",\"urlTemplate\":\"https:\/\/staging.varesenews.it\/?s={search_term_string}\"},\"query-input\":\"required name=search_term_string\"}],\"inLanguage\":\"it-IT\"},{\"@type\":\"Person\",\"@id\":\"https:\/\/staging.varesenews.it\/#\/schema\/person\/3eb5832c6beae763de8d9596fdbe8c49\",\"name\":\"Andrea Camurani\",\"image\":{\"@type\":\"ImageObject\",\"inLanguage\":\"it-IT\",\"@id\":\"https:\/\/staging.varesenews.it\/#\/schema\/person\/image\/\",\"url\":\"https:\/\/staging.varesenews.it\/wp-content\/uploads\/2020\/12\/andrea_camurani_colori_500.jpg\",\"contentUrl\":\"https:\/\/staging.varesenews.it\/wp-content\/uploads\/2020\/12\/andrea_camurani_colori_500.jpg\",\"caption\":\"Andrea Camurani\"},\"description\":\"Sono figlio degli anni Settanta e di Milano, dove ho imparato a riconoscere buoni e cattivi. Laurea in scienze politiche, lavoro a VareseNews dal 2000. Racconto quel che trovo quando incontro chi vuole lasciare al mondo un pezzetto di vita, che si chiama cronaca. &ldquo;...perch&eacute; &egrave; la gente il pi&ugrave; grande spettacolo del mondo. E non si paga il biglietto...&rdquo; (Charles Bukowsky)\",\"sameAs\":[\"https:\/\/www.facebook.com\/andrea.camurani?fref=photo\",\"andreacamurani\",\"https:\/\/www.linkedin.com\/hp\/?dnr=A9a84RfzsLdo9xg4NcGV4dLiMknoc9ms4WM\",\"https:\/\/twitter.com\/AndreaCamurani\"],\"url\":\"https:\/\/staging.varesenews.it\/persona\/andrea_camurani\/\"}]}<\/script>\n<!-- \/ Yoast SEO plugin. -->","yoast_head_json":{"title":"Per #Luinesi le dimissioni di Luglio \u201cnon sono un atto di responsabilit\u00e0\"","description":"I consiglieri Cataldo e Casali entrano con una nota nel merito della vicenda: \u201cCerti toni trionfalistici su quanto fatto in materia di riscossioni sono del tutto inadeguati\u201c","robots":{"index":"noindex","follow":"follow","max-snippet":"max-snippet:-1","max-image-preview":"max-image-preview:large","max-video-preview":"max-video-preview:-1"},"og_locale":"it_IT","og_type":"article","og_title":"Per #Luinesi le dimissioni di Luglio \u201cnon sono un atto di responsabilit\u00e0\"","og_description":"I consiglieri Cataldo e Casali entrano con una nota nel merito della vicenda: \u201cCerti toni trionfalistici su quanto fatto in materia di riscossioni sono del tutto inadeguati\u201c","og_url":"https:\/\/staging.varesenews.it\/2022\/02\/luinesi-le-dimissioni-luglio-non-un-atto-responsabilita\/1427199\/","og_site_name":"VareseNews","article_publisher":"https:\/\/www.facebook.com\/varesenews","article_author":"https:\/\/www.facebook.com\/andrea.camurani?fref=photo","article_published_time":"2022-02-09T13:00:14+00:00","article_modified_time":"2022-02-09T13:00:39+00:00","author":"Andrea Camurani","twitter_card":"summary_large_image","twitter_creator":"@AndreaCamurani","twitter_site":"@varesenews","twitter_misc":{"Scritto da":"Andrea Camurani","Tempo di lettura stimato":"2 minuti"},"schema":{"@context":"https:\/\/schema.org","@graph":[{"@type":"WebPage","@id":"https:\/\/staging.varesenews.it\/2022\/02\/luinesi-le-dimissioni-luglio-non-un-atto-responsabilita\/1427199\/","url":"https:\/\/staging.varesenews.it\/2022\/02\/luinesi-le-dimissioni-luglio-non-un-atto-responsabilita\/1427199\/","name":"Per #Luinesi le dimissioni di Luglio \u201cnon sono un atto di responsabilit\u00e0\"","isPartOf":{"@id":"https:\/\/staging.varesenews.it\/#website"},"datePublished":"2022-02-09T13:00:14+00:00","dateModified":"2022-02-09T13:00:39+00:00","author":{"@id":"https:\/\/staging.varesenews.it\/#\/schema\/person\/3eb5832c6beae763de8d9596fdbe8c49"},"description":"I consiglieri Cataldo e Casali entrano con una nota nel merito della vicenda: \u201cCerti toni trionfalistici su quanto fatto in materia di riscossioni sono del tutto inadeguati\u201c","breadcrumb":{"@id":"https:\/\/staging.varesenews.it\/2022\/02\/luinesi-le-dimissioni-luglio-non-un-atto-responsabilita\/1427199\/#breadcrumb"},"inLanguage":"it-IT","potentialAction":[{"@type":"ReadAction","target":["https:\/\/staging.varesenews.it\/2022\/02\/luinesi-le-dimissioni-luglio-non-un-atto-responsabilita\/1427199\/"]}]},{"@type":"BreadcrumbList","@id":"https:\/\/staging.varesenews.it\/2022\/02\/luinesi-le-dimissioni-luglio-non-un-atto-responsabilita\/1427199\/#breadcrumb","itemListElement":[{"@type":"ListItem","position":1,"name":"Home","item":"https:\/\/www.varesenews.it\/"},{"@type":"ListItem","position":2,"name":"Per #Luinesi le dimissioni di Luglio \u201cnon sono un atto di responsabilit\u00e0&#8221;"}]},{"@type":"WebSite","@id":"https:\/\/staging.varesenews.it\/#website","url":"https:\/\/staging.varesenews.it\/","name":"VareseNews","description":"","potentialAction":[{"@type":"SearchAction","target":{"@type":"EntryPoint","urlTemplate":"https:\/\/staging.varesenews.it\/?s={search_term_string}"},"query-input":"required name=search_term_string"}],"inLanguage":"it-IT"},{"@type":"Person","@id":"https:\/\/staging.varesenews.it\/#\/schema\/person\/3eb5832c6beae763de8d9596fdbe8c49","name":"Andrea Camurani","image":{"@type":"ImageObject","inLanguage":"it-IT","@id":"https:\/\/staging.varesenews.it\/#\/schema\/person\/image\/","url":"https:\/\/staging.varesenews.it\/wp-content\/uploads\/2020\/12\/andrea_camurani_colori_500.jpg","contentUrl":"https:\/\/staging.varesenews.it\/wp-content\/uploads\/2020\/12\/andrea_camurani_colori_500.jpg","caption":"Andrea Camurani"},"description":"Sono figlio degli anni Settanta e di Milano, dove ho imparato a riconoscere buoni e cattivi. Laurea in scienze politiche, lavoro a VareseNews dal 2000. Racconto quel che trovo quando incontro chi vuole lasciare al mondo un pezzetto di vita, che si chiama cronaca. &ldquo;...perch&eacute; &egrave; la gente il pi&ugrave; grande spettacolo del mondo. E non si paga il biglietto...&rdquo; (Charles Bukowsky)","sameAs":["https:\/\/www.facebook.com\/andrea.camurani?fref=photo","andreacamurani","https:\/\/www.linkedin.com\/hp\/?dnr=A9a84RfzsLdo9xg4NcGV4dLiMknoc9ms4WM","https:\/\/twitter.com\/AndreaCamurani"],"url":"https:\/\/staging.varesenews.it\/persona\/andrea_camurani\/"}]}},"post_meta":{"_edit_lock":"1644411649:34","_edit_last":"34","_oembed_300f49518ebc78a2b547f09fbd989a70":"<blockquote class=\"wp-embedded-content\" data-secret=\"li5ZbYWH2l\"><a href=\"https:\/\/www.varesenews.it\/2022\/02\/fabrizio-luglio-si-dimette-dalla-presidenza-della-commissione-bilancio-luino\/1426610\/\">Fabrizio Luglio si dimette dalla presidenza della commissione Bilancio a Luino<\/a><\/blockquote><iframe class=\"wp-embedded-content\" sandbox=\"allow-scripts\" security=\"restricted\" style=\"position: absolute; clip: rect(1px, 1px, 1px, 1px);\" src=\"https:\/\/www.varesenews.it\/2022\/02\/fabrizio-luglio-si-dimette-dalla-presidenza-della-commissione-bilancio-luino\/1426610\/embed\/#?secret=li5ZbYWH2l\" data-secret=\"li5ZbYWH2l\" width=\"600\" height=\"338\" title=\"&#8220;Fabrizio Luglio si dimette dalla presidenza della commissione Bilancio a Luino&#8221; &#8212; VareseNews\" frameborder=\"0\" marginwidth=\"0\" marginheight=\"0\" scrolling=\"no\"><\/iframe>","_oembed_time_300f49518ebc78a2b547f09fbd989a70":"1644411423","_category_permalink":"a:1:{s:8:\"category\";s:0:\"\";}","_oembed_5388798b1029c9d51a885e16b00b527e":"<blockquote class=\"wp-embedded-content\" data-secret=\"QflAgigZ7f\"><a href=\"https:\/\/www.varesenews.it\/2022\/02\/fabrizio-luglio-si-dimette-dalla-presidenza-della-commissione-bilancio-luino\/1426610\/\">Fabrizio Luglio si dimette dalla presidenza della commissione Bilancio a Luino<\/a><\/blockquote><iframe class=\"wp-embedded-content\" sandbox=\"allow-scripts\" security=\"restricted\" style=\"position: absolute; clip: rect(1px, 1px, 1px, 1px);\" src=\"https:\/\/www.varesenews.it\/2022\/02\/fabrizio-luglio-si-dimette-dalla-presidenza-della-commissione-bilancio-luino\/1426610\/embed\/#?secret=QflAgigZ7f\" data-secret=\"QflAgigZ7f\" width=\"500\" height=\"282\" title=\"&#8220;Fabrizio Luglio si dimette dalla presidenza della commissione Bilancio a Luino&#8221; &#8212; VareseNews\" frameborder=\"0\" marginwidth=\"0\" marginheight=\"0\" scrolling=\"no\"><\/iframe>","_oembed_time_5388798b1029c9d51a885e16b00b527e":"1644411618","_encloseme":"1","ratings_users":"0","ratings_score":"0","ratings_average":"0","id_leggi_anche":"1426610","foto":"1278386","firma_come_redazione":"1","argomento":"Luino","_yoast_wpseo_focuskw_text_input":"luino #luinesi","_yoast_wpseo_focuskw":"luino #luinesi","_yoast_wpseo_linkdex":"59","_yoast_wpseo_content_score":"30","_jd_tweet_this":"yes","_wpt_short_url":"https:\/\/www.varesenews.it\/2022\/02\/luinesi-le-dimissioni-luglio-non-un-atto-responsabilita\/1427199\/","_wp_jd_target":"https:\/\/www.varesenews.it\/2022\/02\/luinesi-le-dimissioni-luglio-non-un-atto-responsabilita\/1427199\/","_jd_wp_twitter":"a:1:{i:0;s:186:\"Per #Luinesi le dimissioni di Luglio \u201cnon sono un atto di responsabilit\u00e0\u201d https:\/\/www.varesenews.it\/2022\/02\/luinesi-le-dimissioni-luglio-non-un-atto-responsabilita\/1427199\/ #luinesi\";}","_wpt_status_message":"Tweet inviato con successo.","_oembed_0e5b7e23933d9e40011973995c2a018f":"<blockquote class=\"wp-embedded-content\" data-secret=\"EzKXykEYlc\"><a href=\"https:\/\/www.varesenews.it\/2022\/02\/fabrizio-luglio-si-dimette-dalla-presidenza-della-commissione-bilancio-luino\/1426610\/\">Fabrizio Luglio si dimette dalla presidenza della commissione Bilancio a Luino<\/a><\/blockquote><iframe class=\"wp-embedded-content\" sandbox=\"allow-scripts\" security=\"restricted\" style=\"position: absolute; clip: rect(1px, 1px, 1px, 1px);\" src=\"https:\/\/www.varesenews.it\/2022\/02\/fabrizio-luglio-si-dimette-dalla-presidenza-della-commissione-bilancio-luino\/1426610\/embed\/#?secret=EzKXykEYlc\" data-secret=\"EzKXykEYlc\" width=\"600\" height=\"338\" title=\"&#8220;Fabrizio Luglio si dimette dalla presidenza della commissione Bilancio a Luino&#8221; &#8212; VareseNews\" frameborder=\"0\" marginwidth=\"0\" marginheight=\"0\" scrolling=\"no\"><\/iframe>","_oembed_time_0e5b7e23933d9e40011973995c2a018f":"1644411634"},"photos":[{"original":"https:\/\/staging.varesenews.it\/photogallery_new\/images\/2022\/02\/luino-1278386.jpg","full":"https:\/\/staging.varesenews.it\/photogallery_new\/images\/2022\/02\/luino-1278386.1024x768.jpg","large":"https:\/\/staging.varesenews.it\/photogallery_new\/images\/2022\/02\/luino-1278386.610x431.jpg"}],"_links":{"self":[{"href":"https:\/\/staging.varesenews.it\/swgapi\/v1\/wp\/v2\/posts\/1427199"}],"collection":[{"href":"https:\/\/staging.varesenews.it\/swgapi\/v1\/wp\/v2\/posts"}],"about":[{"href":"https:\/\/staging.varesenews.it\/swgapi\/v1\/wp\/v2\/types\/post"}],"author":[{"embeddable":true,"href":"https:\/\/staging.varesenews.it\/swgapi\/v1\/wp\/v2\/users\/34"}],"replies":[{"embeddable":true,"href":"https:\/\/staging.varesenews.it\/swgapi\/v1\/wp\/v2\/comments?post=1427199"}],"version-history":[{"count":0,"href":"https:\/\/staging.varesenews.it\/swgapi\/v1\/wp\/v2\/posts\/1427199\/revisions"}],"wp:attachment":[{"href":"https:\/\/staging.varesenews.it\/swgapi\/v1\/wp\/v2\/media?parent=1427199"}],"wp:term":[{"taxonomy":"category","embeddable":true,"href":"https:\/\/staging.varesenews.it\/swgapi\/v1\/wp\/v2\/categories?post=1427199"},{"taxonomy":"post_tag","embeddable":true,"href":"https:\/\/staging.varesenews.it\/swgapi\/v1\/wp\/v2\/tags?post=1427199"}],"curies":[{"name":"wp","href":"https:\/\/api.w.org\/{rel}","templated":true}]}}