{"id":142998,"date":"2010-07-10T00:00:00","date_gmt":"2010-07-10T00:00:00","guid":{"rendered":""},"modified":"2010-07-10T00:00:00","modified_gmt":"2010-07-10T00:00:00","slug":"si-scontra-con-un-camion-muore-giovane-motociclista","status":"publish","type":"post","link":"https:\/\/staging.varesenews.it\/2010\/07\/si-scontra-con-un-camion-muore-giovane-motociclista\/142998\/","title":{"rendered":"Si scontra con un camion, muore giovane motociclista"},"content":{"rendered":"<p>Un grave incidente &egrave; avvenuto intorno alle 10 e 30 della mattina di venerd&igrave; 9 luglio a Bolladello sulla <strong>strada provinciale che da Castelseprio porta a Cairate.<\/strong>&nbsp;Una moto, una Honda Cbr 600, stava procedendo in salita e, per motivi ancora da accertare, si &egrave; scontrata contro un camion che arrivava dalla parte opposta. Lo scontro &egrave; stato molto violento e il motociclista ha colpito prima la cabina del camion e poi &egrave; finito a terra. L&#8217;autista, sotto choc, ha raccontato di aver tentato di evitare l&#8217;impatto ma la moto lo ha colpito lo stesso. <b>La vittima &egrave; un ragazzo di 28 anni<\/b> di Castiglione Olona, <strong>Adriano Lupia.<\/strong>&nbsp;Il giovane, molto conosciuto in paese, abitava con la famiglia nella frazione di Gornate Superiore e avrebbe dovuto trasferirsi a Jerago dove aveva acquistato un appartamento.<\/p>\n<p>I rilievi sul luogo dell&#8217;incidente sono stati condotti dalla polizia locale di Cairate giunta immediatamente sul posto. Gli agenti hanno raccolto le testimonianze dei presenti per ricostruire la dinamica esatta dell&#8217;accaduto. La procura di Busto Arsizio ha aperto un&#8217;inchiesta e l&#8217;ha affidata al pm Sabrina Ditaranto. L&#8217;incidente ha causato diversi problemi al traffico sulla strada provinciale dove si sono formate code fino a tarda mattinata.&nbsp;<\/p>\n","protected":false},"excerpt":{"rendered":"<p>L&#8217;incidente \u00e8 avvenuto intorno alle 10.30 di venerd\u00ec sulla strada che da Castelseprio porta a Cairate. La vittima \u00e8 un 28enne di Jerago<\/p>\n","protected":false},"author":10,"featured_media":0,"comment_status":"open","ping_status":"open","sticky":false,"template":"","format":"standard","meta":{"footnotes":""},"categories":[3,5],"tags":[132,369,2854],"acf":[],"yoast_head":"<!-- This site is optimized with the Yoast SEO plugin v20.1 - https:\/\/yoast.com\/wordpress\/plugins\/seo\/ -->\n<title>Si scontra con un camion, muore giovane motociclista<\/title>\n<meta name=\"description\" content=\"L&#039;incidente \u00e8 avvenuto intorno alle 10.30 di venerd\u00ec sulla strada che da Castelseprio porta a Cairate. La vittima \u00e8 un 28enne di Jerago\" \/>\n<meta name=\"robots\" content=\"noindex, follow, max-snippet:-1, max-image-preview:large, max-video-preview:-1\" \/>\n<meta property=\"og:locale\" content=\"it_IT\" \/>\n<meta property=\"og:type\" content=\"article\" \/>\n<meta property=\"og:title\" content=\"Si scontra con un camion, muore giovane motociclista\" \/>\n<meta property=\"og:description\" content=\"L&#039;incidente \u00e8 avvenuto intorno alle 10.30 di venerd\u00ec sulla strada che da Castelseprio porta a Cairate. La vittima \u00e8 un 28enne di Jerago\" \/>\n<meta property=\"og:url\" content=\"https:\/\/staging.varesenews.it\/2010\/07\/si-scontra-con-un-camion-muore-giovane-motociclista\/142998\/\" \/>\n<meta property=\"og:site_name\" content=\"VareseNews\" \/>\n<meta property=\"article:publisher\" content=\"https:\/\/www.facebook.com\/varesenews\" \/>\n<meta property=\"article:published_time\" content=\"2010-07-10T00:00:00+00:00\" \/>\n<meta name=\"author\" content=\"Redazione VareseNews\" \/>\n<meta name=\"twitter:card\" content=\"summary_large_image\" \/>\n<meta name=\"twitter:creator\" content=\"@varesenews\" \/>\n<meta name=\"twitter:site\" content=\"@varesenews\" \/>\n<meta name=\"twitter:label1\" content=\"Scritto da\" \/>\n\t<meta name=\"twitter:data1\" content=\"Redazione VareseNews\" \/>\n\t<meta name=\"twitter:label2\" content=\"Tempo di lettura stimato\" \/>\n\t<meta name=\"twitter:data2\" content=\"1 minuto\" \/>\n<script type=\"application\/ld+json\" class=\"yoast-schema-graph\">{\"@context\":\"https:\/\/schema.org\",\"@graph\":[{\"@type\":\"WebPage\",\"@id\":\"https:\/\/staging.varesenews.it\/2010\/07\/si-scontra-con-un-camion-muore-giovane-motociclista\/142998\/\",\"url\":\"https:\/\/staging.varesenews.it\/2010\/07\/si-scontra-con-un-camion-muore-giovane-motociclista\/142998\/\",\"name\":\"Si scontra con un camion, muore giovane motociclista\",\"isPartOf\":{\"@id\":\"https:\/\/staging.varesenews.it\/#website\"},\"datePublished\":\"2010-07-10T00:00:00+00:00\",\"dateModified\":\"2010-07-10T00:00:00+00:00\",\"author\":{\"@id\":\"https:\/\/staging.varesenews.it\/#\/schema\/person\/fb20c4da0b7b16c291707a20db73e169\"},\"description\":\"L'incidente \u00e8 avvenuto intorno alle 10.30 di venerd\u00ec sulla strada che da Castelseprio porta a Cairate. La vittima \u00e8 un 28enne di Jerago\",\"breadcrumb\":{\"@id\":\"https:\/\/staging.varesenews.it\/2010\/07\/si-scontra-con-un-camion-muore-giovane-motociclista\/142998\/#breadcrumb\"},\"inLanguage\":\"it-IT\",\"potentialAction\":[{\"@type\":\"ReadAction\",\"target\":[\"https:\/\/staging.varesenews.it\/2010\/07\/si-scontra-con-un-camion-muore-giovane-motociclista\/142998\/\"]}]},{\"@type\":\"BreadcrumbList\",\"@id\":\"https:\/\/staging.varesenews.it\/2010\/07\/si-scontra-con-un-camion-muore-giovane-motociclista\/142998\/#breadcrumb\",\"itemListElement\":[{\"@type\":\"ListItem\",\"position\":1,\"name\":\"Home\",\"item\":\"https:\/\/www.varesenews.it\/\"},{\"@type\":\"ListItem\",\"position\":2,\"name\":\"Si scontra con un camion, muore giovane motociclista\"}]},{\"@type\":\"WebSite\",\"@id\":\"https:\/\/staging.varesenews.it\/#website\",\"url\":\"https:\/\/staging.varesenews.it\/\",\"name\":\"VareseNews\",\"description\":\"\",\"potentialAction\":[{\"@type\":\"SearchAction\",\"target\":{\"@type\":\"EntryPoint\",\"urlTemplate\":\"https:\/\/staging.varesenews.it\/?s={search_term_string}\"},\"query-input\":\"required name=search_term_string\"}],\"inLanguage\":\"it-IT\"},{\"@type\":\"Person\",\"@id\":\"https:\/\/staging.varesenews.it\/#\/schema\/person\/fb20c4da0b7b16c291707a20db73e169\",\"name\":\"Redazione VareseNews\",\"image\":{\"@type\":\"ImageObject\",\"inLanguage\":\"it-IT\",\"@id\":\"https:\/\/staging.varesenews.it\/#\/schema\/person\/image\/\",\"url\":\"https:\/\/staging.varesenews.it\/wp-content\/uploads\/2020\/12\/logo_VN_colori_500.png\",\"contentUrl\":\"https:\/\/staging.varesenews.it\/wp-content\/uploads\/2020\/12\/logo_VN_colori_500.png\",\"caption\":\"Redazione VareseNews\"},\"url\":\"https:\/\/staging.varesenews.it\/persona\/redazione1\/\"}]}<\/script>\n<!-- \/ Yoast SEO plugin. -->","yoast_head_json":{"title":"Si scontra con un camion, muore giovane motociclista","description":"L'incidente \u00e8 avvenuto intorno alle 10.30 di venerd\u00ec sulla strada che da Castelseprio porta a Cairate. La vittima \u00e8 un 28enne di Jerago","robots":{"index":"noindex","follow":"follow","max-snippet":"max-snippet:-1","max-image-preview":"max-image-preview:large","max-video-preview":"max-video-preview:-1"},"og_locale":"it_IT","og_type":"article","og_title":"Si scontra con un camion, muore giovane motociclista","og_description":"L'incidente \u00e8 avvenuto intorno alle 10.30 di venerd\u00ec sulla strada che da Castelseprio porta a Cairate. La vittima \u00e8 un 28enne di Jerago","og_url":"https:\/\/staging.varesenews.it\/2010\/07\/si-scontra-con-un-camion-muore-giovane-motociclista\/142998\/","og_site_name":"VareseNews","article_publisher":"https:\/\/www.facebook.com\/varesenews","article_published_time":"2010-07-10T00:00:00+00:00","author":"Redazione VareseNews","twitter_card":"summary_large_image","twitter_creator":"@varesenews","twitter_site":"@varesenews","twitter_misc":{"Scritto da":"Redazione VareseNews","Tempo di lettura stimato":"1 minuto"},"schema":{"@context":"https:\/\/schema.org","@graph":[{"@type":"WebPage","@id":"https:\/\/staging.varesenews.it\/2010\/07\/si-scontra-con-un-camion-muore-giovane-motociclista\/142998\/","url":"https:\/\/staging.varesenews.it\/2010\/07\/si-scontra-con-un-camion-muore-giovane-motociclista\/142998\/","name":"Si scontra con un camion, muore giovane motociclista","isPartOf":{"@id":"https:\/\/staging.varesenews.it\/#website"},"datePublished":"2010-07-10T00:00:00+00:00","dateModified":"2010-07-10T00:00:00+00:00","author":{"@id":"https:\/\/staging.varesenews.it\/#\/schema\/person\/fb20c4da0b7b16c291707a20db73e169"},"description":"L'incidente \u00e8 avvenuto intorno alle 10.30 di venerd\u00ec sulla strada che da Castelseprio porta a Cairate. La vittima \u00e8 un 28enne di Jerago","breadcrumb":{"@id":"https:\/\/staging.varesenews.it\/2010\/07\/si-scontra-con-un-camion-muore-giovane-motociclista\/142998\/#breadcrumb"},"inLanguage":"it-IT","potentialAction":[{"@type":"ReadAction","target":["https:\/\/staging.varesenews.it\/2010\/07\/si-scontra-con-un-camion-muore-giovane-motociclista\/142998\/"]}]},{"@type":"BreadcrumbList","@id":"https:\/\/staging.varesenews.it\/2010\/07\/si-scontra-con-un-camion-muore-giovane-motociclista\/142998\/#breadcrumb","itemListElement":[{"@type":"ListItem","position":1,"name":"Home","item":"https:\/\/www.varesenews.it\/"},{"@type":"ListItem","position":2,"name":"Si scontra con un camion, muore giovane motociclista"}]},{"@type":"WebSite","@id":"https:\/\/staging.varesenews.it\/#website","url":"https:\/\/staging.varesenews.it\/","name":"VareseNews","description":"","potentialAction":[{"@type":"SearchAction","target":{"@type":"EntryPoint","urlTemplate":"https:\/\/staging.varesenews.it\/?s={search_term_string}"},"query-input":"required name=search_term_string"}],"inLanguage":"it-IT"},{"@type":"Person","@id":"https:\/\/staging.varesenews.it\/#\/schema\/person\/fb20c4da0b7b16c291707a20db73e169","name":"Redazione VareseNews","image":{"@type":"ImageObject","inLanguage":"it-IT","@id":"https:\/\/staging.varesenews.it\/#\/schema\/person\/image\/","url":"https:\/\/staging.varesenews.it\/wp-content\/uploads\/2020\/12\/logo_VN_colori_500.png","contentUrl":"https:\/\/staging.varesenews.it\/wp-content\/uploads\/2020\/12\/logo_VN_colori_500.png","caption":"Redazione VareseNews"},"url":"https:\/\/staging.varesenews.it\/persona\/redazione1\/"}]}},"post_meta":{"id_old":"178226","argomento":"Cairate"},"photos":[],"_links":{"self":[{"href":"https:\/\/staging.varesenews.it\/swgapi\/v1\/wp\/v2\/posts\/142998"}],"collection":[{"href":"https:\/\/staging.varesenews.it\/swgapi\/v1\/wp\/v2\/posts"}],"about":[{"href":"https:\/\/staging.varesenews.it\/swgapi\/v1\/wp\/v2\/types\/post"}],"author":[{"embeddable":true,"href":"https:\/\/staging.varesenews.it\/swgapi\/v1\/wp\/v2\/users\/10"}],"replies":[{"embeddable":true,"href":"https:\/\/staging.varesenews.it\/swgapi\/v1\/wp\/v2\/comments?post=142998"}],"version-history":[{"count":0,"href":"https:\/\/staging.varesenews.it\/swgapi\/v1\/wp\/v2\/posts\/142998\/revisions"}],"wp:attachment":[{"href":"https:\/\/staging.varesenews.it\/swgapi\/v1\/wp\/v2\/media?parent=142998"}],"wp:term":[{"taxonomy":"category","embeddable":true,"href":"https:\/\/staging.varesenews.it\/swgapi\/v1\/wp\/v2\/categories?post=142998"},{"taxonomy":"post_tag","embeddable":true,"href":"https:\/\/staging.varesenews.it\/swgapi\/v1\/wp\/v2\/tags?post=142998"}],"curies":[{"name":"wp","href":"https:\/\/api.w.org\/{rel}","templated":true}]}}