{"id":1430810,"date":"2022-02-21T16:14:59","date_gmt":"2022-02-21T15:14:59","guid":{"rendered":"https:\/\/www.varesenews.it\/?p=1430810"},"modified":"2022-02-21T16:14:59","modified_gmt":"2022-02-21T15:14:59","slug":"ispra-la-nuova-pista-ciclabile-discutere","status":"publish","type":"post","link":"https:\/\/staging.varesenews.it\/2022\/02\/ispra-la-nuova-pista-ciclabile-discutere\/1430810\/","title":{"rendered":"A Ispra la nuova pista ciclabile fa discutere"},"content":{"rendered":"<p><strong>I lavori per la costruzione del primo tratto di pista ciclopedonale lungo via Varese a Ispra che collegher\u00e0 la zona Cascine al centro paese non sono ancora del tutto conclusi, ma hanno gi\u00e0 sollevato polemiche<\/strong>. Diversi cittadini hanno infatti manifestato sui social i loro dubbi sulla resa finale dell&#8217;opera (soprattutto riguardo alla lunga fila di specchi e cartelli che regola i passaggi carrai delle abitazioni affacciate sulla pista), sottolineando in alcuni casi il timore che possano costituire un rischio per la sicurezza di pedoni, ciclisti e automobilisti.<\/p>\n<p><iframe loading=\"lazy\" width=\"600\" height=\"350\" src=\"https:\/\/www.youtube.com\/embed\/K-TlsXkg2gY\" title=\"YouTube video player\" frameborder=\"0\" allow=\"accelerometer; autoplay; clipboard-write; encrypted-media; gyroscope; picture-in-picture\" allowfullscreen><\/iframe><\/p>\n<p>L&#8217;Amministrazione comunale difende l&#8217;opera, che fa parte di un progetto pi\u00f9 ampio, volto a rendere pi\u00f9 semplice per bici e pedoni raggiungere il centro storico dalle aree pi\u00f9 periferiche del paese. \u00abI cartelli posizionati lungo la pista &#8211; spiega il sindaco di Ispra <strong>Melissa De Santis<\/strong> &#8211; costituiscono la segnaletica necessaria e obbligatoria prevista dalla normativa. Il cantiere \u00e8 ancora aperto e la segnaletica orizzontale \u00e8 da completare. Una volta conclusi i lavori, valuteremo se installare della segnaletica accessoria per migliorare la sicurezza degli utenti\u00bb.<\/p>\n<h3>Il progetto<\/h3>\n<p><strong>Quello realizzato in via Varese \u00e8 il primo tratto della pista ciclopedonale che collegher\u00e0 la zona Cascine al centro di Ispra<\/strong>. I lavori sono stati realizzati dal Comune di Ispra con fondi in parte provenienti da Regione Lombardia. Il secondo lotto verr\u00e0 invece finanziato con soli fondi comunali (nel caso non fossero disponibili altre opportunit\u00e0 di finanziamento) e allaccer\u00e0 la parte di pista esistente con la rotonda al termine della via. \u00abUna volta completata &#8211; afferma il sindaco &#8211; pedoni e ciclisti avranno a disposizione un percorso pi\u00f9 sicuro per raggiungere il centro paese. Raggiungere la rotonda \u00e8 anche una decisione strategica in vista del progetto della Provincia, che prevede la realizzazione di nuovi percorsi ciclopedonali nelle localit\u00e0 limitrofe\u00bb.<\/p>\n<p>\u00abInsieme alla realizzazione della pista in zona Cascine &#8211; aggiunge\u00a0De Santis -, abbiamo in programma anche la costruzione di un <strong>nuovo percorso ciclopedonale che metta in comunicazione il centro citt\u00e0 con la frazione di Barza<\/strong>\u00bb.<\/p>\n","protected":false},"excerpt":{"rendered":"<p>La pista ciclopedonale in zona cascine affianca via Varese passando di fronte agli ingressi di diverse abitazioni. Alcuni cittadini hanno espresso dubbi riguardo al risultato finale e alla sicurezza<\/p>\n","protected":false},"author":12163,"featured_media":0,"comment_status":"open","ping_status":"open","sticky":false,"template":"","format":"standard","meta":{"footnotes":""},"categories":[2],"tags":[6792],"acf":[],"yoast_head":"<!-- This site is optimized with the Yoast SEO plugin v20.1 - https:\/\/yoast.com\/wordpress\/plugins\/seo\/ -->\n<title>A Ispra la nuova pista ciclabile fa discutere<\/title>\n<meta name=\"description\" content=\"La pista ciclopedonale in zona cascine affianca via Varese passando di fronte agli ingressi di diverse abitazioni. Alcuni cittadini hanno espresso dubbi riguardo al risultato finale e alla sicurezza\" \/>\n<meta name=\"robots\" content=\"noindex, follow, max-snippet:-1, max-image-preview:large, max-video-preview:-1\" \/>\n<meta property=\"og:locale\" content=\"it_IT\" \/>\n<meta property=\"og:type\" content=\"article\" \/>\n<meta property=\"og:title\" content=\"A Ispra la nuova pista ciclabile fa discutere\" \/>\n<meta property=\"og:description\" content=\"La pista ciclopedonale in zona cascine affianca via Varese passando di fronte agli ingressi di diverse abitazioni. Alcuni cittadini hanno espresso dubbi riguardo al risultato finale e alla sicurezza\" \/>\n<meta property=\"og:url\" content=\"https:\/\/www.varesenews.it\/2022\/02\/ispra-la-nuova-pista-ciclabile-discutere\/1430810\/\" \/>\n<meta property=\"og:site_name\" content=\"VareseNews\" \/>\n<meta property=\"article:publisher\" content=\"https:\/\/www.facebook.com\/varesenews\" \/>\n<meta property=\"article:published_time\" content=\"2022-02-21T15:14:59+00:00\" \/>\n<meta name=\"author\" content=\"Alessandro Guglielmi\" \/>\n<meta name=\"twitter:card\" content=\"summary_large_image\" \/>\n<meta name=\"twitter:creator\" content=\"@varesenews\" \/>\n<meta name=\"twitter:site\" content=\"@varesenews\" \/>\n<meta name=\"twitter:label1\" content=\"Scritto da\" \/>\n\t<meta name=\"twitter:data1\" content=\"Alessandro Guglielmi\" \/>\n\t<meta name=\"twitter:label2\" content=\"Tempo di lettura stimato\" \/>\n\t<meta name=\"twitter:data2\" content=\"2 minuti\" \/>\n<script type=\"application\/ld+json\" class=\"yoast-schema-graph\">{\"@context\":\"https:\/\/schema.org\",\"@graph\":[{\"@type\":\"WebPage\",\"@id\":\"https:\/\/www.varesenews.it\/2022\/02\/ispra-la-nuova-pista-ciclabile-discutere\/1430810\/\",\"url\":\"https:\/\/www.varesenews.it\/2022\/02\/ispra-la-nuova-pista-ciclabile-discutere\/1430810\/\",\"name\":\"A Ispra la nuova pista ciclabile fa discutere\",\"isPartOf\":{\"@id\":\"https:\/\/staging.varesenews.it\/#website\"},\"datePublished\":\"2022-02-21T15:14:59+00:00\",\"dateModified\":\"2022-02-21T15:14:59+00:00\",\"author\":{\"@id\":\"https:\/\/staging.varesenews.it\/#\/schema\/person\/862743a45f2663f7148a8b4bcbd05230\"},\"description\":\"La pista ciclopedonale in zona cascine affianca via Varese passando di fronte agli ingressi di diverse abitazioni. Alcuni cittadini hanno espresso dubbi riguardo al risultato finale e alla sicurezza\",\"breadcrumb\":{\"@id\":\"https:\/\/www.varesenews.it\/2022\/02\/ispra-la-nuova-pista-ciclabile-discutere\/1430810\/#breadcrumb\"},\"inLanguage\":\"it-IT\",\"potentialAction\":[{\"@type\":\"ReadAction\",\"target\":[\"https:\/\/www.varesenews.it\/2022\/02\/ispra-la-nuova-pista-ciclabile-discutere\/1430810\/\"]}]},{\"@type\":\"BreadcrumbList\",\"@id\":\"https:\/\/www.varesenews.it\/2022\/02\/ispra-la-nuova-pista-ciclabile-discutere\/1430810\/#breadcrumb\",\"itemListElement\":[{\"@type\":\"ListItem\",\"position\":1,\"name\":\"Home\",\"item\":\"https:\/\/www.varesenews.it\/\"},{\"@type\":\"ListItem\",\"position\":2,\"name\":\"A Ispra la nuova pista ciclabile fa discutere\"}]},{\"@type\":\"WebSite\",\"@id\":\"https:\/\/staging.varesenews.it\/#website\",\"url\":\"https:\/\/staging.varesenews.it\/\",\"name\":\"VareseNews\",\"description\":\"\",\"potentialAction\":[{\"@type\":\"SearchAction\",\"target\":{\"@type\":\"EntryPoint\",\"urlTemplate\":\"https:\/\/staging.varesenews.it\/?s={search_term_string}\"},\"query-input\":\"required name=search_term_string\"}],\"inLanguage\":\"it-IT\"},{\"@type\":\"Person\",\"@id\":\"https:\/\/staging.varesenews.it\/#\/schema\/person\/862743a45f2663f7148a8b4bcbd05230\",\"name\":\"Alessandro Guglielmi\",\"image\":{\"@type\":\"ImageObject\",\"inLanguage\":\"it-IT\",\"@id\":\"https:\/\/staging.varesenews.it\/#\/schema\/person\/image\/\",\"url\":\"https:\/\/staging.varesenews.it\/wp-content\/uploads\/2020\/12\/alessandro_guglielmi_colori_500.jpg\",\"contentUrl\":\"https:\/\/staging.varesenews.it\/wp-content\/uploads\/2020\/12\/alessandro_guglielmi_colori_500.jpg\",\"caption\":\"Alessandro Guglielmi\"},\"description\":\"Studente classe 1997 collaboro con VareseNews dal 2018. Mi occupo di cronaca, di universit&agrave;, ma soprattutto racconto quel territorio fatto di boschi, piccoli borghi e costellato dai laghi che chiamo casa. Fin da piccolo ho sempre avuto un gran voglia di imparare, nello studio, nel mio lavoro, ma anche nelle arti marziali e in ognuna delle mie passioni. Convinto che ogni persona abbia qualcosa da insegnare, resto sempre aperto all'ascolto, pronto a cogliere lo straordinario anche nei piccoli gesti di tutti i giorni.\",\"url\":\"https:\/\/staging.varesenews.it\/persona\/ale-guglielmi1\/\"}]}<\/script>\n<!-- \/ Yoast SEO plugin. -->","yoast_head_json":{"title":"A Ispra la nuova pista ciclabile fa discutere","description":"La pista ciclopedonale in zona cascine affianca via Varese passando di fronte agli ingressi di diverse abitazioni. Alcuni cittadini hanno espresso dubbi riguardo al risultato finale e alla sicurezza","robots":{"index":"noindex","follow":"follow","max-snippet":"max-snippet:-1","max-image-preview":"max-image-preview:large","max-video-preview":"max-video-preview:-1"},"og_locale":"it_IT","og_type":"article","og_title":"A Ispra la nuova pista ciclabile fa discutere","og_description":"La pista ciclopedonale in zona cascine affianca via Varese passando di fronte agli ingressi di diverse abitazioni. Alcuni cittadini hanno espresso dubbi riguardo al risultato finale e alla sicurezza","og_url":"https:\/\/www.varesenews.it\/2022\/02\/ispra-la-nuova-pista-ciclabile-discutere\/1430810\/","og_site_name":"VareseNews","article_publisher":"https:\/\/www.facebook.com\/varesenews","article_published_time":"2022-02-21T15:14:59+00:00","author":"Alessandro Guglielmi","twitter_card":"summary_large_image","twitter_creator":"@varesenews","twitter_site":"@varesenews","twitter_misc":{"Scritto da":"Alessandro Guglielmi","Tempo di lettura stimato":"2 minuti"},"schema":{"@context":"https:\/\/schema.org","@graph":[{"@type":"WebPage","@id":"https:\/\/www.varesenews.it\/2022\/02\/ispra-la-nuova-pista-ciclabile-discutere\/1430810\/","url":"https:\/\/www.varesenews.it\/2022\/02\/ispra-la-nuova-pista-ciclabile-discutere\/1430810\/","name":"A Ispra la nuova pista ciclabile fa discutere","isPartOf":{"@id":"https:\/\/staging.varesenews.it\/#website"},"datePublished":"2022-02-21T15:14:59+00:00","dateModified":"2022-02-21T15:14:59+00:00","author":{"@id":"https:\/\/staging.varesenews.it\/#\/schema\/person\/862743a45f2663f7148a8b4bcbd05230"},"description":"La pista ciclopedonale in zona cascine affianca via Varese passando di fronte agli ingressi di diverse abitazioni. Alcuni cittadini hanno espresso dubbi riguardo al risultato finale e alla sicurezza","breadcrumb":{"@id":"https:\/\/www.varesenews.it\/2022\/02\/ispra-la-nuova-pista-ciclabile-discutere\/1430810\/#breadcrumb"},"inLanguage":"it-IT","potentialAction":[{"@type":"ReadAction","target":["https:\/\/www.varesenews.it\/2022\/02\/ispra-la-nuova-pista-ciclabile-discutere\/1430810\/"]}]},{"@type":"BreadcrumbList","@id":"https:\/\/www.varesenews.it\/2022\/02\/ispra-la-nuova-pista-ciclabile-discutere\/1430810\/#breadcrumb","itemListElement":[{"@type":"ListItem","position":1,"name":"Home","item":"https:\/\/www.varesenews.it\/"},{"@type":"ListItem","position":2,"name":"A Ispra la nuova pista ciclabile fa discutere"}]},{"@type":"WebSite","@id":"https:\/\/staging.varesenews.it\/#website","url":"https:\/\/staging.varesenews.it\/","name":"VareseNews","description":"","potentialAction":[{"@type":"SearchAction","target":{"@type":"EntryPoint","urlTemplate":"https:\/\/staging.varesenews.it\/?s={search_term_string}"},"query-input":"required name=search_term_string"}],"inLanguage":"it-IT"},{"@type":"Person","@id":"https:\/\/staging.varesenews.it\/#\/schema\/person\/862743a45f2663f7148a8b4bcbd05230","name":"Alessandro Guglielmi","image":{"@type":"ImageObject","inLanguage":"it-IT","@id":"https:\/\/staging.varesenews.it\/#\/schema\/person\/image\/","url":"https:\/\/staging.varesenews.it\/wp-content\/uploads\/2020\/12\/alessandro_guglielmi_colori_500.jpg","contentUrl":"https:\/\/staging.varesenews.it\/wp-content\/uploads\/2020\/12\/alessandro_guglielmi_colori_500.jpg","caption":"Alessandro Guglielmi"},"description":"Studente classe 1997 collaboro con VareseNews dal 2018. Mi occupo di cronaca, di universit&agrave;, ma soprattutto racconto quel territorio fatto di boschi, piccoli borghi e costellato dai laghi che chiamo casa. Fin da piccolo ho sempre avuto un gran voglia di imparare, nello studio, nel mio lavoro, ma anche nelle arti marziali e in ognuna delle mie passioni. Convinto che ogni persona abbia qualcosa da insegnare, resto sempre aperto all'ascolto, pronto a cogliere lo straordinario anche nei piccoli gesti di tutti i giorni.","url":"https:\/\/staging.varesenews.it\/persona\/ale-guglielmi1\/"}]}},"post_meta":{"_edit_lock":"1645456582:12163","_edit_last":"12163","_category_permalink":"a:1:{s:8:\"category\";s:0:\"\";}","foto":"1280674","id_link_fotogallery":"1430811","argomento":"Ispra","_yoast_wpseo_focuskw_text_input":"Ispra pista ciclabile","_yoast_wpseo_focuskw":"Ispra pista ciclabile","_yoast_wpseo_linkdex":"57","_yoast_wpseo_content_score":"30","_jd_tweet_this":"yes","_encloseme":"1","ratings_users":"0","ratings_score":"0","ratings_average":"0","_wpt_short_url":"https:\/\/www.varesenews.it\/2022\/02\/ispra-la-nuova-pista-ciclabile-discutere\/1430810\/","_wp_jd_target":"https:\/\/www.varesenews.it\/2022\/02\/ispra-la-nuova-pista-ciclabile-discutere\/1430810\/","_jd_wp_twitter":"a:1:{i:0;s:130:\"A Ispra la nuova pista ciclabile fa discutere https:\/\/www.varesenews.it\/2022\/02\/ispra-la-nuova-pista-ciclabile-discutere\/1430810\/ \";}","_wpt_status_message":"Tweet inviato con successo."},"photos":[{"original":"https:\/\/staging.varesenews.it\/photogallery_new\/images\/2022\/02\/metamorfosi-urbana-quando-la-via-del-cairo-si-fece-strada-fino-al-corso-1280674.jpg","full":"https:\/\/staging.varesenews.it\/photogallery_new\/images\/2022\/02\/metamorfosi-urbana-quando-la-via-del-cairo-si-fece-strada-fino-al-corso-1280674.1024x768.jpg","large":"https:\/\/staging.varesenews.it\/photogallery_new\/images\/2022\/02\/metamorfosi-urbana-quando-la-via-del-cairo-si-fece-strada-fino-al-corso-1280674.610x431.jpg"}],"_links":{"self":[{"href":"https:\/\/staging.varesenews.it\/swgapi\/v1\/wp\/v2\/posts\/1430810"}],"collection":[{"href":"https:\/\/staging.varesenews.it\/swgapi\/v1\/wp\/v2\/posts"}],"about":[{"href":"https:\/\/staging.varesenews.it\/swgapi\/v1\/wp\/v2\/types\/post"}],"author":[{"embeddable":true,"href":"https:\/\/staging.varesenews.it\/swgapi\/v1\/wp\/v2\/users\/12163"}],"replies":[{"embeddable":true,"href":"https:\/\/staging.varesenews.it\/swgapi\/v1\/wp\/v2\/comments?post=1430810"}],"version-history":[{"count":0,"href":"https:\/\/staging.varesenews.it\/swgapi\/v1\/wp\/v2\/posts\/1430810\/revisions"}],"wp:attachment":[{"href":"https:\/\/staging.varesenews.it\/swgapi\/v1\/wp\/v2\/media?parent=1430810"}],"wp:term":[{"taxonomy":"category","embeddable":true,"href":"https:\/\/staging.varesenews.it\/swgapi\/v1\/wp\/v2\/categories?post=1430810"},{"taxonomy":"post_tag","embeddable":true,"href":"https:\/\/staging.varesenews.it\/swgapi\/v1\/wp\/v2\/tags?post=1430810"}],"curies":[{"name":"wp","href":"https:\/\/api.w.org\/{rel}","templated":true}]}}