{"id":1431395,"date":"2022-02-22T17:52:21","date_gmt":"2022-02-22T16:52:21","guid":{"rendered":"https:\/\/www.varesenews.it\/?p=1431395"},"modified":"2022-02-22T17:52:21","modified_gmt":"2022-02-22T16:52:21","slug":"commissione-la-sicurezza-sul-lavoro-gallarate","status":"publish","type":"post","link":"https:\/\/staging.varesenews.it\/2022\/02\/commissione-la-sicurezza-sul-lavoro-gallarate\/1431395\/","title":{"rendered":"&#8220;Una commissione per la sicurezza sul lavoro a Gallarate&#8221;"},"content":{"rendered":"<p><strong>Una commissione sulla sicurezza sul lavoro<\/strong>: <strong>la propone<\/strong>, a<strong> Gallarate, la sezione del rinato PCI, insieme a Rifondazione Comunista<\/strong>.<br \/>\nLa formazione comunista non ha rappresentanza in consiglio comunale ma avanza una richiesta per via ufficiale: <strong>\u00abQuesta mattina, 22 febbraio 2022, \u00e8 stata protocollata la richiesta<\/strong> (indirizzata al sindaco, al presidente del Consiglio e a tutti i consiglieri comunali della citt\u00e0 di Gallarate, sottoscritta da PCI e PRC) perch\u00e9 nel prossimo consiglio comunale venga messo all&#8217;ODG la creazione di una commissione di lavoro tra amministrazione comunale, parti sociali, Inail e ispettorato del lavoro\u00bb dice <strong>Giuseppe Maffioli<\/strong>, segretario della formazione che ha ripreso il nome dello storico <a href=\"https:\/\/www.varesenews.it\/tag\/partito-comunista-italiano\/\">Partito Comunista Italiano<\/a>.<\/p>\n<p>Secondo il PCI di Gallarate la commissione dovrebbe essere <strong>dedicata \u00aballo studio di programmi di intervento e controllo sulla sicurezza nei luoghi di lavoro<\/strong> del territorio\u00bb, con la prospettiva \u00abche si investa in tecnologia rivolta a evitare incidenti e malattie dove si lavora, che si promuova vera formazione, che ci siano sanzioni reali per chi non adempie alle regole, che si istituisca il reato di \u201comicidio sul lavoro\u201d\u00bb.<\/p>\n<p>\u00abI dati preoccupanti su infortuni e morti sul lavoro di questo inizio anno sono allarmanti, la carneficina \u00e8 quella che si legge nelle notizie spesso dimenticate, confuse tra tante altre\u00bb continua Maffioli del PCI. \u00abSiano infortuni o malattie la principale causa \u00e8 la precariet\u00e0 in tutte le sue accezioni.\u00a0I numeri ci sbattono in faccia una realt\u00e0 fatta di insicurezza e pericolo per chi lavora, ma dietro ai numeri ci sono persone giovani, anziane, donne, uomini, di ogni etnia, di qualsiasi religione, che pensano in maniera diversa. Persone che hanno perso il futuro. Non si pu\u00f2 restare indifferenti.\u00a0Continuare ad essere spettatori di una strage, \u00e8 di per s\u00e9 complicit\u00e0 in questa continua, reiterata serie di delitti\u00bb.<\/p>\n<p>&nbsp;<\/p>\n","protected":false},"excerpt":{"rendered":"<p>\u00c8 la richiesta della locale sezione del PCI, il partito comunista che ha presentato ufficialmente la richiesta insieme a Rifondazione Comunista<\/p>\n","protected":false},"author":46,"featured_media":0,"comment_status":"open","ping_status":"open","sticky":false,"template":"","format":"standard","meta":{"footnotes":""},"categories":[3],"tags":[64383],"acf":[],"yoast_head":"<!-- This site is optimized with the Yoast SEO plugin v20.1 - https:\/\/yoast.com\/wordpress\/plugins\/seo\/ -->\n<title>&quot;Una commissione per la sicurezza sul lavoro a Gallarate&quot;<\/title>\n<meta name=\"description\" content=\"\u00c8 la richiesta della locale sezione del PCI, il partito comunista che ha presentato ufficialmente la richiesta insieme a Rifondazione Comunista\" \/>\n<meta name=\"robots\" content=\"noindex, follow, max-snippet:-1, max-image-preview:large, max-video-preview:-1\" \/>\n<meta property=\"og:locale\" content=\"it_IT\" \/>\n<meta property=\"og:type\" content=\"article\" \/>\n<meta property=\"og:title\" content=\"&quot;Una commissione per la sicurezza sul lavoro a Gallarate&quot;\" \/>\n<meta property=\"og:description\" content=\"\u00c8 la richiesta della locale sezione del PCI, il partito comunista che ha presentato ufficialmente la richiesta insieme a Rifondazione Comunista\" \/>\n<meta property=\"og:url\" content=\"https:\/\/staging.varesenews.it\/2022\/02\/commissione-la-sicurezza-sul-lavoro-gallarate\/1431395\/\" \/>\n<meta property=\"og:site_name\" content=\"VareseNews\" \/>\n<meta property=\"article:publisher\" content=\"https:\/\/www.facebook.com\/varesenews\" \/>\n<meta property=\"article:published_time\" content=\"2022-02-22T16:52:21+00:00\" \/>\n<meta name=\"author\" content=\"Roberto Morandi\" \/>\n<meta name=\"twitter:card\" content=\"summary_large_image\" \/>\n<meta name=\"twitter:creator\" content=\"@ilmorands\" \/>\n<meta name=\"twitter:site\" content=\"@varesenews\" \/>\n<meta name=\"twitter:label1\" content=\"Scritto da\" \/>\n\t<meta name=\"twitter:data1\" content=\"Roberto Morandi\" \/>\n\t<meta name=\"twitter:label2\" content=\"Tempo di lettura stimato\" \/>\n\t<meta name=\"twitter:data2\" content=\"1 minuto\" \/>\n<script type=\"application\/ld+json\" class=\"yoast-schema-graph\">{\"@context\":\"https:\/\/schema.org\",\"@graph\":[{\"@type\":\"WebPage\",\"@id\":\"https:\/\/staging.varesenews.it\/2022\/02\/commissione-la-sicurezza-sul-lavoro-gallarate\/1431395\/\",\"url\":\"https:\/\/staging.varesenews.it\/2022\/02\/commissione-la-sicurezza-sul-lavoro-gallarate\/1431395\/\",\"name\":\"\\\"Una commissione per la sicurezza sul lavoro a Gallarate\\\"\",\"isPartOf\":{\"@id\":\"https:\/\/staging.varesenews.it\/#website\"},\"datePublished\":\"2022-02-22T16:52:21+00:00\",\"dateModified\":\"2022-02-22T16:52:21+00:00\",\"author\":{\"@id\":\"https:\/\/staging.varesenews.it\/#\/schema\/person\/efe592ae4c76536b551f89d8b6674bc3\"},\"description\":\"\u00c8 la richiesta della locale sezione del PCI, il partito comunista che ha presentato ufficialmente la richiesta insieme a Rifondazione Comunista\",\"breadcrumb\":{\"@id\":\"https:\/\/staging.varesenews.it\/2022\/02\/commissione-la-sicurezza-sul-lavoro-gallarate\/1431395\/#breadcrumb\"},\"inLanguage\":\"it-IT\",\"potentialAction\":[{\"@type\":\"ReadAction\",\"target\":[\"https:\/\/staging.varesenews.it\/2022\/02\/commissione-la-sicurezza-sul-lavoro-gallarate\/1431395\/\"]}]},{\"@type\":\"BreadcrumbList\",\"@id\":\"https:\/\/staging.varesenews.it\/2022\/02\/commissione-la-sicurezza-sul-lavoro-gallarate\/1431395\/#breadcrumb\",\"itemListElement\":[{\"@type\":\"ListItem\",\"position\":1,\"name\":\"Home\",\"item\":\"https:\/\/www.varesenews.it\/\"},{\"@type\":\"ListItem\",\"position\":2,\"name\":\"&#8220;Una commissione per la sicurezza sul lavoro a Gallarate&#8221;\"}]},{\"@type\":\"WebSite\",\"@id\":\"https:\/\/staging.varesenews.it\/#website\",\"url\":\"https:\/\/staging.varesenews.it\/\",\"name\":\"VareseNews\",\"description\":\"\",\"potentialAction\":[{\"@type\":\"SearchAction\",\"target\":{\"@type\":\"EntryPoint\",\"urlTemplate\":\"https:\/\/staging.varesenews.it\/?s={search_term_string}\"},\"query-input\":\"required name=search_term_string\"}],\"inLanguage\":\"it-IT\"},{\"@type\":\"Person\",\"@id\":\"https:\/\/staging.varesenews.it\/#\/schema\/person\/efe592ae4c76536b551f89d8b6674bc3\",\"name\":\"Roberto Morandi\",\"image\":{\"@type\":\"ImageObject\",\"inLanguage\":\"it-IT\",\"@id\":\"https:\/\/staging.varesenews.it\/#\/schema\/person\/image\/\",\"url\":\"https:\/\/staging.varesenews.it\/wp-content\/uploads\/2020\/12\/roberto_morandi_colori_500.jpg\",\"contentUrl\":\"https:\/\/staging.varesenews.it\/wp-content\/uploads\/2020\/12\/roberto_morandi_colori_500.jpg\",\"caption\":\"Roberto Morandi\"},\"description\":\"Classe 1980, laureato in storia, mi occupo dell&rsquo;area di Gallarate e di Malpensa, di trasporti e mobilit&agrave;. Amo molto la dimensione della citt&agrave;, come luogo d&rsquo;incontro di persone diverse e come organismo che si trasforma costantemente. Mi piace anche raccontare le piccole e grandi vicende, anche locali, che compongono la Storia con la S maiuscola. Appassionato di bicicletta: la macchina perfetta per muoversi in citt&agrave; e per viaggiare.\",\"sameAs\":[\"https:\/\/twitter.com\/ilmorands\"],\"url\":\"https:\/\/staging.varesenews.it\/persona\/roberto-morandi1\/\"}]}<\/script>\n<!-- \/ Yoast SEO plugin. -->","yoast_head_json":{"title":"\"Una commissione per la sicurezza sul lavoro a Gallarate\"","description":"\u00c8 la richiesta della locale sezione del PCI, il partito comunista che ha presentato ufficialmente la richiesta insieme a Rifondazione Comunista","robots":{"index":"noindex","follow":"follow","max-snippet":"max-snippet:-1","max-image-preview":"max-image-preview:large","max-video-preview":"max-video-preview:-1"},"og_locale":"it_IT","og_type":"article","og_title":"\"Una commissione per la sicurezza sul lavoro a Gallarate\"","og_description":"\u00c8 la richiesta della locale sezione del PCI, il partito comunista che ha presentato ufficialmente la richiesta insieme a Rifondazione Comunista","og_url":"https:\/\/staging.varesenews.it\/2022\/02\/commissione-la-sicurezza-sul-lavoro-gallarate\/1431395\/","og_site_name":"VareseNews","article_publisher":"https:\/\/www.facebook.com\/varesenews","article_published_time":"2022-02-22T16:52:21+00:00","author":"Roberto Morandi","twitter_card":"summary_large_image","twitter_creator":"@ilmorands","twitter_site":"@varesenews","twitter_misc":{"Scritto da":"Roberto Morandi","Tempo di lettura stimato":"1 minuto"},"schema":{"@context":"https:\/\/schema.org","@graph":[{"@type":"WebPage","@id":"https:\/\/staging.varesenews.it\/2022\/02\/commissione-la-sicurezza-sul-lavoro-gallarate\/1431395\/","url":"https:\/\/staging.varesenews.it\/2022\/02\/commissione-la-sicurezza-sul-lavoro-gallarate\/1431395\/","name":"\"Una commissione per la sicurezza sul lavoro a Gallarate\"","isPartOf":{"@id":"https:\/\/staging.varesenews.it\/#website"},"datePublished":"2022-02-22T16:52:21+00:00","dateModified":"2022-02-22T16:52:21+00:00","author":{"@id":"https:\/\/staging.varesenews.it\/#\/schema\/person\/efe592ae4c76536b551f89d8b6674bc3"},"description":"\u00c8 la richiesta della locale sezione del PCI, il partito comunista che ha presentato ufficialmente la richiesta insieme a Rifondazione Comunista","breadcrumb":{"@id":"https:\/\/staging.varesenews.it\/2022\/02\/commissione-la-sicurezza-sul-lavoro-gallarate\/1431395\/#breadcrumb"},"inLanguage":"it-IT","potentialAction":[{"@type":"ReadAction","target":["https:\/\/staging.varesenews.it\/2022\/02\/commissione-la-sicurezza-sul-lavoro-gallarate\/1431395\/"]}]},{"@type":"BreadcrumbList","@id":"https:\/\/staging.varesenews.it\/2022\/02\/commissione-la-sicurezza-sul-lavoro-gallarate\/1431395\/#breadcrumb","itemListElement":[{"@type":"ListItem","position":1,"name":"Home","item":"https:\/\/www.varesenews.it\/"},{"@type":"ListItem","position":2,"name":"&#8220;Una commissione per la sicurezza sul lavoro a Gallarate&#8221;"}]},{"@type":"WebSite","@id":"https:\/\/staging.varesenews.it\/#website","url":"https:\/\/staging.varesenews.it\/","name":"VareseNews","description":"","potentialAction":[{"@type":"SearchAction","target":{"@type":"EntryPoint","urlTemplate":"https:\/\/staging.varesenews.it\/?s={search_term_string}"},"query-input":"required name=search_term_string"}],"inLanguage":"it-IT"},{"@type":"Person","@id":"https:\/\/staging.varesenews.it\/#\/schema\/person\/efe592ae4c76536b551f89d8b6674bc3","name":"Roberto Morandi","image":{"@type":"ImageObject","inLanguage":"it-IT","@id":"https:\/\/staging.varesenews.it\/#\/schema\/person\/image\/","url":"https:\/\/staging.varesenews.it\/wp-content\/uploads\/2020\/12\/roberto_morandi_colori_500.jpg","contentUrl":"https:\/\/staging.varesenews.it\/wp-content\/uploads\/2020\/12\/roberto_morandi_colori_500.jpg","caption":"Roberto Morandi"},"description":"Classe 1980, laureato in storia, mi occupo dell&rsquo;area di Gallarate e di Malpensa, di trasporti e mobilit&agrave;. Amo molto la dimensione della citt&agrave;, come luogo d&rsquo;incontro di persone diverse e come organismo che si trasforma costantemente. Mi piace anche raccontare le piccole e grandi vicende, anche locali, che compongono la Storia con la S maiuscola. Appassionato di bicicletta: la macchina perfetta per muoversi in citt&agrave; e per viaggiare.","sameAs":["https:\/\/twitter.com\/ilmorands"],"url":"https:\/\/staging.varesenews.it\/persona\/roberto-morandi1\/"}]}},"post_meta":{"_edit_lock":"1645556256:46","_edit_last":"46","_category_permalink":"a:1:{s:8:\"category\";s:1:\"3\";}","_yoast_wpseo_focuskw_text_input":"gallarate","_yoast_wpseo_focuskw":"gallarate","_yoast_wpseo_linkdex":"69","_yoast_wpseo_content_score":"30","_jd_tweet_this":"yes","_encloseme":"1","ratings_users":"0","ratings_score":"0","ratings_average":"0","foto":"1243756","firma_come_redazione":"1","argomento":"Gallarate","_wpt_short_url":"https:\/\/www.varesenews.it\/2022\/02\/commissione-la-sicurezza-sul-lavoro-gallarate\/1431395\/","_wp_jd_target":"https:\/\/www.varesenews.it\/2022\/02\/commissione-la-sicurezza-sul-lavoro-gallarate\/1431395\/","_jd_wp_twitter":"a:1:{i:0;s:151:\"\u201cUna commissione per la sicurezza sul lavoro a Gallarate\u201d https:\/\/www.varesenews.it\/2022\/02\/commissione-la-sicurezza-sul-lavoro-gallarate\/1431395\/ \";}","_wpt_status_message":"Tweet inviato con successo.","_oembed_e7f0172a9423c17010608a2193cb4d1e":"<iframe width=\"500\" height=\"281\" src=\"https:\/\/www.youtube.com\/embed\/YjkOxfpGXBY?feature=oembed\" frameborder=\"0\" allow=\"accelerometer; autoplay; clipboard-write; encrypted-media; gyroscope; picture-in-picture\" allowfullscreen><\/iframe>","_oembed_time_e7f0172a9423c17010608a2193cb4d1e":"1645549147","_oembed_5a58804343fec5b01bb2dc3a67654de5":"<blockquote class=\"wp-embedded-content\" data-secret=\"qRFLpspr3q\"><a href=\"https:\/\/www.varesenews.it\/2021\/01\/cassiere-della-grande-ignis-lascia-eredita-50-mila-euro-agli-anziani-comerio\/1292978\/\">Il cassiere della grande Ignis lascia in eredit\u00e0 50 mila euro agli anziani di Comerio<\/a><\/blockquote><iframe class=\"wp-embedded-content\" sandbox=\"allow-scripts\" security=\"restricted\" style=\"position: absolute; clip: rect(1px, 1px, 1px, 1px);\" src=\"https:\/\/www.varesenews.it\/2021\/01\/cassiere-della-grande-ignis-lascia-eredita-50-mila-euro-agli-anziani-comerio\/1292978\/embed\/#?secret=qRFLpspr3q\" data-secret=\"qRFLpspr3q\" width=\"500\" height=\"282\" title=\"&#8220;Il cassiere della grande Ignis lascia in eredit\u00e0 50 mila euro agli anziani di Comerio&#8221; &#8212; VareseNews\" frameborder=\"0\" marginwidth=\"0\" marginheight=\"0\" scrolling=\"no\"><\/iframe>","_oembed_time_5a58804343fec5b01bb2dc3a67654de5":"1645549147","_oembed_7d50a01dbd6a34563088cfeb045845cf":"<blockquote class=\"wp-embedded-content\" data-secret=\"BhW5iCABkS\"><a href=\"https:\/\/www.varesenews.it\/2022\/02\/teatro-raccontare-futuro-karakorum-periferico-presentano-la-seconda-parte-latitudini-2022\/1424904\/\">A teatro per raccontare il futuro, Karakorum e Periferico presentano la seconda parte di &#8220;Latitudini 2022&#8221;<\/a><\/blockquote><iframe class=\"wp-embedded-content\" sandbox=\"allow-scripts\" security=\"restricted\" style=\"position: absolute; clip: rect(1px, 1px, 1px, 1px);\" src=\"https:\/\/www.varesenews.it\/2022\/02\/teatro-raccontare-futuro-karakorum-periferico-presentano-la-seconda-parte-latitudini-2022\/1424904\/embed\/#?secret=BhW5iCABkS\" data-secret=\"BhW5iCABkS\" width=\"500\" height=\"282\" title=\"&#8220;A teatro per raccontare il futuro, Karakorum e Periferico presentano la seconda parte di &#8220;Latitudini 2022&#8221;&#8221; &#8212; VareseNews\" frameborder=\"0\" marginwidth=\"0\" marginheight=\"0\" scrolling=\"no\"><\/iframe>","_oembed_time_7d50a01dbd6a34563088cfeb045845cf":"1645549148","_oembed_aefec809a2370ad0c4e755a5528b908d":"<blockquote class=\"wp-embedded-content\" data-secret=\"JwGV8JgCFs\"><a href=\"https:\/\/www.varesenews.it\/2022\/02\/niente-sfilata-carnevale-2022-varese-un-concorso-la-mascherina-doro\/1431027\/\">Niente sfilata: il Carnevale 2022 a Varese \u00e8 un concorso per la Mascherina d&#8217;oro<\/a><\/blockquote><iframe class=\"wp-embedded-content\" sandbox=\"allow-scripts\" security=\"restricted\" style=\"position: absolute; clip: rect(1px, 1px, 1px, 1px);\" src=\"https:\/\/www.varesenews.it\/2022\/02\/niente-sfilata-carnevale-2022-varese-un-concorso-la-mascherina-doro\/1431027\/embed\/#?secret=JwGV8JgCFs\" data-secret=\"JwGV8JgCFs\" width=\"500\" height=\"282\" title=\"&#8220;Niente sfilata: il Carnevale 2022 a Varese \u00e8 un concorso per la Mascherina d&#8217;oro&#8221; &#8212; VareseNews\" frameborder=\"0\" marginwidth=\"0\" marginheight=\"0\" scrolling=\"no\"><\/iframe>","_oembed_time_aefec809a2370ad0c4e755a5528b908d":"1645549148","_oembed_f1d10314d2434848175f36cccc4a058c":"{{unknown}}","_oembed_872e5eca6d1f3cfdfefd4472b686f02c":"{{unknown}}","_oembed_f55335fb451fa58b92204c771dd33900":"<blockquote class=\"wp-embedded-content\" data-secret=\"RL2gAqLsFy\"><a href=\"https:\/\/www.varesenews.it\/2022\/02\/la-filiera-del-venture-capital-investe-2-miliardi-nellinnovazione-italiana\/1431303\/\">La filiera del venture capital investe 2 miliardi nell\u2019innovazione italiana<\/a><\/blockquote><iframe class=\"wp-embedded-content\" sandbox=\"allow-scripts\" security=\"restricted\" style=\"position: absolute; clip: rect(1px, 1px, 1px, 1px);\" src=\"https:\/\/www.varesenews.it\/2022\/02\/la-filiera-del-venture-capital-investe-2-miliardi-nellinnovazione-italiana\/1431303\/embed\/#?secret=RL2gAqLsFy\" data-secret=\"RL2gAqLsFy\" width=\"500\" height=\"282\" title=\"&#8220;La filiera del venture capital investe 2 miliardi nell\u2019innovazione italiana&#8221; &#8212; VareseNews\" frameborder=\"0\" marginwidth=\"0\" marginheight=\"0\" scrolling=\"no\"><\/iframe>","_oembed_time_f55335fb451fa58b92204c771dd33900":"1645549321","_oembed_ed0fef0037ddb6e3e46aafe75375c34e":"<blockquote class=\"wp-embedded-content\" data-secret=\"SGxyAIUrLn\"><a href=\"https:\/\/www.varesenews.it\/2022\/02\/la-giornata-nazionale-del-personale-sanitario-dal-paziente-uno-ai-progetti-futuro\/1430632\/\">\u00c8 la Giornata nazionale del personale sanitario: dal paziente uno ai progetti per il futuro<\/a><\/blockquote><iframe class=\"wp-embedded-content\" sandbox=\"allow-scripts\" security=\"restricted\" style=\"position: absolute; clip: rect(1px, 1px, 1px, 1px);\" src=\"https:\/\/www.varesenews.it\/2022\/02\/la-giornata-nazionale-del-personale-sanitario-dal-paziente-uno-ai-progetti-futuro\/1430632\/embed\/#?secret=SGxyAIUrLn\" data-secret=\"SGxyAIUrLn\" width=\"500\" height=\"282\" title=\"&#8220;\u00c8 la Giornata nazionale del personale sanitario: dal paziente uno ai progetti per il futuro&#8221; &#8212; VareseNews\" frameborder=\"0\" marginwidth=\"0\" marginheight=\"0\" scrolling=\"no\"><\/iframe>","_oembed_time_ed0fef0037ddb6e3e46aafe75375c34e":"1645549330","_oembed_c12d2db3f904dc0492c9a059617ca3fc":"<blockquote class=\"wp-embedded-content\" data-secret=\"EKUkE20yyc\"><a href=\"https:\/\/www.varesenews.it\/2021\/12\/sicurezza-sui-treni-lassessore-regionale-de-corato-chiede-la-collaborazione-prefetture-comuni\/1408032\/\">Sicurezza sui treni, l&#8217;assessore regionale De Corato chiede la collaborazione di Prefetture e Comuni<\/a><\/blockquote><iframe class=\"wp-embedded-content\" sandbox=\"allow-scripts\" security=\"restricted\" style=\"position: absolute; clip: rect(1px, 1px, 1px, 1px);\" src=\"https:\/\/www.varesenews.it\/2021\/12\/sicurezza-sui-treni-lassessore-regionale-de-corato-chiede-la-collaborazione-prefetture-comuni\/1408032\/embed\/#?secret=EKUkE20yyc\" data-secret=\"EKUkE20yyc\" width=\"500\" height=\"282\" title=\"&#8220;Sicurezza sui treni, l&#8217;assessore regionale De Corato chiede la collaborazione di Prefetture e Comuni&#8221; &#8212; VareseNews\" frameborder=\"0\" marginwidth=\"0\" marginheight=\"0\" scrolling=\"no\"><\/iframe>","_oembed_time_c12d2db3f904dc0492c9a059617ca3fc":"1645549331","_oembed_e732d233f6aee3ad5e50949f2b09cd00":"<blockquote class=\"wp-embedded-content\" data-secret=\"TU9GmeXAFb\"><a href=\"https:\/\/www.varesenews.it\/2022\/02\/eventi-bambini-nel-weekend-dal-18-al-20-febbraio-varese-provincia\/1430100\/\">Eventi per bambini nel weekend dal 18 al 20 febbraio tra Varese e provincia<\/a><\/blockquote><iframe class=\"wp-embedded-content\" sandbox=\"allow-scripts\" security=\"restricted\" style=\"position: absolute; clip: rect(1px, 1px, 1px, 1px);\" src=\"https:\/\/www.varesenews.it\/2022\/02\/eventi-bambini-nel-weekend-dal-18-al-20-febbraio-varese-provincia\/1430100\/embed\/#?secret=TU9GmeXAFb\" data-secret=\"TU9GmeXAFb\" width=\"500\" height=\"282\" title=\"&#8220;Eventi per bambini nel weekend dal 18 al 20 febbraio tra Varese e provincia&#8221; &#8212; VareseNews\" frameborder=\"0\" marginwidth=\"0\" marginheight=\"0\" scrolling=\"no\"><\/iframe>","_oembed_time_e732d233f6aee3ad5e50949f2b09cd00":"1645549331","_oembed_c90549ec0fb002f6a6454b2e00040d3a":"<blockquote class=\"wp-embedded-content\" data-secret=\"0wi3Ax0mtm\"><a href=\"https:\/\/www.varesenews.it\/2022\/02\/eventi-bambini-nel-weekend-dal-11-al-13-febbraio-varese-provincia\/1427734\/\">Eventi per bambini nel weekend dal 11 al 13 febbraio tra Varese e provincia<\/a><\/blockquote><iframe class=\"wp-embedded-content\" sandbox=\"allow-scripts\" security=\"restricted\" style=\"position: absolute; clip: rect(1px, 1px, 1px, 1px);\" src=\"https:\/\/www.varesenews.it\/2022\/02\/eventi-bambini-nel-weekend-dal-11-al-13-febbraio-varese-provincia\/1427734\/embed\/#?secret=0wi3Ax0mtm\" data-secret=\"0wi3Ax0mtm\" width=\"500\" height=\"282\" title=\"&#8220;Eventi per bambini nel weekend dal 11 al 13 febbraio tra Varese e provincia&#8221; &#8212; VareseNews\" frameborder=\"0\" marginwidth=\"0\" marginheight=\"0\" scrolling=\"no\"><\/iframe>","_oembed_time_c90549ec0fb002f6a6454b2e00040d3a":"1645549595","_oembed_e30dc74946fbc621b0cd27c6d48af95f":"<blockquote class=\"wp-embedded-content\" data-secret=\"COWJqW5dby\"><a href=\"https:\/\/www.varesenews.it\/2022\/02\/carta-sconto-rilevazioni-lacunose-del-costo-del-carburante-pirellone-richiama-lambasciata-svizzera\/1426835\/\">Carta sconto: rilevazioni lacunose del costo del carburante, il Pirellone richiama l&#8217;Ambasciata in Svizzera<\/a><\/blockquote><iframe class=\"wp-embedded-content\" sandbox=\"allow-scripts\" security=\"restricted\" style=\"position: absolute; clip: rect(1px, 1px, 1px, 1px);\" src=\"https:\/\/www.varesenews.it\/2022\/02\/carta-sconto-rilevazioni-lacunose-del-costo-del-carburante-pirellone-richiama-lambasciata-svizzera\/1426835\/embed\/#?secret=COWJqW5dby\" data-secret=\"COWJqW5dby\" width=\"500\" height=\"282\" title=\"&#8220;Carta sconto: rilevazioni lacunose del costo del carburante, il Pirellone richiama l&#8217;Ambasciata in Svizzera&#8221; &#8212; VareseNews\" frameborder=\"0\" marginwidth=\"0\" marginheight=\"0\" scrolling=\"no\"><\/iframe>","_oembed_time_e30dc74946fbc621b0cd27c6d48af95f":"1645549595"},"photos":[{"original":"https:\/\/staging.varesenews.it\/photogallery_new\/images\/2021\/09\/politica-varia-1243756.jpg","full":"https:\/\/staging.varesenews.it\/photogallery_new\/images\/2021\/09\/politica-varia-1243756.1024x768.jpg","large":"https:\/\/staging.varesenews.it\/photogallery_new\/images\/2021\/09\/politica-varia-1243756.610x431.jpg"}],"_links":{"self":[{"href":"https:\/\/staging.varesenews.it\/swgapi\/v1\/wp\/v2\/posts\/1431395"}],"collection":[{"href":"https:\/\/staging.varesenews.it\/swgapi\/v1\/wp\/v2\/posts"}],"about":[{"href":"https:\/\/staging.varesenews.it\/swgapi\/v1\/wp\/v2\/types\/post"}],"author":[{"embeddable":true,"href":"https:\/\/staging.varesenews.it\/swgapi\/v1\/wp\/v2\/users\/46"}],"replies":[{"embeddable":true,"href":"https:\/\/staging.varesenews.it\/swgapi\/v1\/wp\/v2\/comments?post=1431395"}],"version-history":[{"count":0,"href":"https:\/\/staging.varesenews.it\/swgapi\/v1\/wp\/v2\/posts\/1431395\/revisions"}],"wp:attachment":[{"href":"https:\/\/staging.varesenews.it\/swgapi\/v1\/wp\/v2\/media?parent=1431395"}],"wp:term":[{"taxonomy":"category","embeddable":true,"href":"https:\/\/staging.varesenews.it\/swgapi\/v1\/wp\/v2\/categories?post=1431395"},{"taxonomy":"post_tag","embeddable":true,"href":"https:\/\/staging.varesenews.it\/swgapi\/v1\/wp\/v2\/tags?post=1431395"}],"curies":[{"name":"wp","href":"https:\/\/api.w.org\/{rel}","templated":true}]}}