{"id":1432016,"date":"2022-02-24T13:41:45","date_gmt":"2022-02-24T12:41:45","guid":{"rendered":"http:\/\/www.varesenews.it\/2022\/02\/al-kapannone-dei-libri-di-angera-si-ride-con-il-mito-di-charlie-chaplin\/1432016\/"},"modified":"2022-02-24T15:19:14","modified_gmt":"2022-02-24T14:19:14","slug":"al-kapannone-dei-libri-di-angera-si-ride-con-il-mito-di-charlie-chaplin","status":"publish","type":"post","link":"https:\/\/staging.varesenews.it\/2022\/02\/al-kapannone-dei-libri-di-angera-si-ride-con-il-mito-di-charlie-chaplin\/1432016\/","title":{"rendered":"Al Kapannone dei libri di Angera si ride con il mito di Charlie Chaplin"},"content":{"rendered":"<p><span style=\"font-weight: 400;\">Un lungo tappeto rosso \u2013 come quelli calcati dalle star del cinema \u2013 dar\u00e0 il benvenuto alla nuova\u00a0 mostra che il <strong>Kapannone dei Libri<\/strong> di <strong>Angera<\/strong> dedica a <\/span><b>Charlie Chaplin<\/b><span style=\"font-weight: 400;\"> e al suo mitico personaggio <\/span><b>Charlot<\/b><span style=\"font-weight: 400;\">, ancora oggi icona mondiale. Dopo la pausa invernale, caratterizzata dal cineforum, ritornano le mostre nell&#8217;importante <strong>centro culturale di Angera<\/strong>: dal <strong>7 marzo al 14 aprile<\/strong> lo stabile di via Verdi ospiter\u00e0 l&#8217;esposizione &#8220;<strong>Ridere con Charlot<\/strong>&#8220;.<\/span><\/p>\n<p><span style=\"font-weight: 400;\">&#8220;<\/span><i><span style=\"font-weight: 400;\">Ridere con Charlot<\/span><\/i><span style=\"font-weight: 400;\"> non \u00e8 solo una mostra: \u00e8 un viaggio intorno ai molteplici volti di un mito in cui palcoscenico e realt\u00e0 si fondono &#8211; spiega <strong>Andrea Kerbaker<\/strong>, ideatore del Kapannone di Angera e curatore della mostra -. Ci siamo molto divertiti a immaginarla e crearla, speriamo altrettanto i visitatori a vederla&#8221;.<\/span><\/p>\n<p><span style=\"font-weight: 400;\">In tutto il globo <strong>Chaplin \u00e8 Charlot<\/strong>, con il suo grosso paio di <strong>scarpe, la bombetta e il bastone<\/strong>. Non potevano quindi mancare per l\u2019occasione omaggi al suo celebre abbigliamento grazie a un allestimento divertente e scenografico con una <strong>grande bombetta<\/strong> sollevata da terra, cartonati a grandezza naturale dei pi\u00f9 famosi personaggi, colorati manifesti del cinema, spezzoni dei film che lo hanno reso celebre, libri e riviste da tutto il mondo e poi ancora brochure, programmi di sala, locandine e poster. Materiale molto vario e allegro che, in tre sezioni, ripercorre vita e carriera del personaggio che tanto sa appassionare il pubblico di ieri e di oggi. Naturalmente partendo dai film.<\/span><\/p>\n<h3>RIDERE CON CHARLOT: LA MOSTRA<\/h3>\n<blockquote><p><b>PRIMA SEZIONE: I FILM<\/b><\/p>\n<p><strong>Andrea Kerbaker <\/strong>racconta che uno dei suoi primi incontri con Chaplin fu alla Cineteca di via San Marco a Milano, dove proiettavano <strong><i>The Kid<\/i>, <i>Il Monello<\/i><\/strong> (1921) \u2013 il primo dei suoi lungometraggi che, all\u2019indomani della grande guerra, colpisce l\u2019immaginario collettivo mettendo in scena il dramma dei piccoli orfani. Nel ricordo di tanti ci sono anche i successivi: <strong><i>La febbre dell\u2019oro<\/i><\/strong> (1925), <strong><i>Il circo<\/i><\/strong> (1928) e <strong><i>Luci della citt\u00e0<\/i> <\/strong>(1931) che ripercorriamo in mostra con le locandine, le fotobuste, i poster, gli spezzoni pi\u00f9 significativi.<\/p>\n<p><span style=\"font-weight: 400;\">Celeberrimo \u00e8 anche <\/span><strong><i>Tempi moderni<\/i><\/strong><span style=\"font-weight: 400;\"> (1936) riproposto in anni recenti dal teatro Dal Verme di Milano con l\u2019accompagnamento di una splendida orchestra dal vivo e il tutto esaurito. E pensare che ancora nel 1973 alla Scala si rifiutarono di proiettarlo in questo modo, finendo sulla copertina di un <\/span><i><span style=\"font-weight: 400;\">Panorama<\/span><\/i><span style=\"font-weight: 400;\"> d\u2019epoca, che naturalmente abbiamo in mostra. E poi, ancora, <\/span><i><span style=\"font-weight: 400;\">Il grande dittatore<\/span><\/i><span style=\"font-weight: 400;\"> (1940) che ci fece capire, decenni prima di Benigni, che era possibile ridere perfino sulle sciagure umane, purch\u00e9 fosse un riso intelligente e partecipe. I film postbellici &#8211; da <\/span><i><span style=\"font-weight: 400;\">Monsieur Verdoux<\/span><\/i><span style=\"font-weight: 400;\"> (1947) alla<\/span><i><span style=\"font-weight: 400;\"> Contessa di Hong Kong<\/span><\/i><span style=\"font-weight: 400;\"> (1967) attraverso <\/span><i><span style=\"font-weight: 400;\">Luci della ribalta<\/span><\/i><span style=\"font-weight: 400;\"> (1952) e <\/span><i><span style=\"font-weight: 400;\">Un re a New York<\/span><\/i><span style=\"font-weight: 400;\"> (1957) \u2013 sono forse meno riusciti, ma qui documentati anche quelli, perch\u00e9 una mostra che si rispetti non pu\u00f2 ignorarli. Anche perch\u00e9 nel frattempo Chaplin,<strong> vittima della caccia alle streghe del maccartismo<\/strong>, \u00e8 costretto ad allontanarsi dagli USA con l\u2019accusa di \u201cfilocomunismo\u201d. Anche questo capitolo tormentato della sua vita \u00e8 ampiamente documentato e dibattuto sui quotidiani internazionali, di cui esponiamo esempi italiani ed esteri.\u00a0<\/span><\/p>\n<p>&nbsp;<\/p>\n<p><b>SECONDA SEZIONE: VITA PRIVATA<\/b><\/p>\n<p><span style=\"font-weight: 400;\">Nel caso di Chaplin, tuttavia, fermarsi ai soli film sarebbe un errore perch\u00e9 &#8220;<strong>l\u2019uomo stesso \u00e8 un personaggio<\/strong>&#8220;, nella vita pubblica come in quella privata, praticamente dall\u2019inizio della sua comparsa sugli schermi. Gi\u00e0 nel 1921, in occasione del suo viaggio di ritorno nel nostro continente, folle osannanti lo attendono in ogni citt\u00e0 europea: un\u2019accoglienza riportata sulle prime pagine di giornali e riviste, che rende la misura della sua immensa popolarit\u00e0 e sancisce il trionfo di una vera star. Un\u2019attenzione quasi morbosa che si concretizza in una sfilza di scritti su di lui che lo accompagnano fino alla morte. Inevitabile che in questo <\/span><i><span style=\"font-weight: 400;\">bailamme<\/span><\/i><span style=\"font-weight: 400;\"> anche la sua vita privata venga continuamente scandagliata, con risultati tutt\u2019altro che positivi, visto che l\u2019uomo ha molti aspetti nascosti che definire controversi \u00e8 un simpatico <\/span><i><span style=\"font-weight: 400;\">understatement.<\/span><\/i><span style=\"font-weight: 400;\"> \u00c8 questo Chaplin privato che verr\u00e0 raccontato nella seconda sezione della <\/span><span style=\"font-weight: 400;\">mostra, e che restituisce il ritratto di una <strong>personalit\u00e0 controversa<\/strong> e dalla vita <strong>familiare burrascosa<\/strong>: con 88 anni di vita, ben 1<strong>1 figli e 4 mogli<\/strong>, tutte molto pi\u00f9 giovani di lui. <\/span><\/p>\n<p><span style=\"font-weight: 400;\">Abbiamo affrontato il tema attraverso la parola scritta, di libri, con il minimo di pettegolezzi possibile, ma con ampio dettaglio su chi ha accompagnato l\u2019uomo nella sua avventura: soprattutto l\u2019ultima moglie <strong>Oona O\u2019Neill<\/strong>, figlia del drammaturgo premio Nobel Eugene O\u2019Neill, e alcuni dei loro figli, come<strong> Geraldine<\/strong>, talentuosa attrice cinematografica, o <strong>Victoria<\/strong>, fondatrice dell\u2019onirico <\/span><i><span style=\"font-weight: 400;\">Cirque Invisible<\/span><\/i><span style=\"font-weight: 400;\">. In questo contesto non mancano testimonianze di conflitti, dai figli che spiattellano il problematico rapporto con un padre ingombrante alle ombre delle relazioni coniugali e non (<\/span><i><span style=\"font-weight: 400;\">My life with Chaplin<\/span><\/i><span style=\"font-weight: 400;\">, il libro confessione della terza moglie Lita Grey che, alla sua uscita nel 1965, contribu\u00ec ad alimentare i pettegolezzi). Ma, insegna Hollywood, <\/span><i><span style=\"font-weight: 400;\">The show must go on<\/span><\/i><span style=\"font-weight: 400;\">, e il mito \u00e8 l\u00ec per farsi immortalare: basti guardare due dive come Claudia Cardinale e Brigitte Bardot che nello stesso 1965 lo omaggiano sfidandosi in una divertente gara di imitazioni in esclusiva per il settimanale <\/span><i><span style=\"font-weight: 400;\">Oggi<\/span><\/i><span style=\"font-weight: 400;\">. Cos\u00ec abbiamo seguito la vita privata del vagabondo fino alla morte, la pi\u00f9 poetica che ci sia, notte di Natale del 1977, un avvenimento da prima pagina sui giornali del mondo, come al tempo si riservava solamente a capi di stato e uomini illustri. <\/span><i><span style=\"font-weight: 400;\">\u00c8 morto Chaplin, un poeta che ha illuminato il mondo<\/span><\/i><span style=\"font-weight: 400;\">, sintetizza <\/span><i><span style=\"font-weight: 400;\">L\u2019Unit\u00e0<\/span><\/i><span style=\"font-weight: 400;\">, e non \u00e8 soltanto il commento della indomita militanza comunista di quel giornale.<\/span><\/p>\n<p>&nbsp;<\/p>\n<p><b>TERZA SEZIONE: I LIBRI DEGLI ALTRI<\/b><\/p>\n<p><span style=\"font-weight: 400;\">Abbiamo gi\u00e0 detto come, in questa vita sotto i riflettori, tutto del personaggio e dell\u2019uomo diventi iconico e oggetto di ammirazione del <strong>pubblico<\/strong>. Qui inizia la terza parte della mostra, piccola ma succosa: <strong>Charlot rimesso in scena da altri.<\/strong> Il personaggio con la bombetta e il bastone diventa cos\u00ec iconico che da subito \u00e8 protagonista di fumetti disegnati non da Chaplin: il primo presente in mostra, inglese, \u00e8 del 1915, e il fenomeno proseguir\u00e0 in vari paesi del mondo fino a tutti gli anni Settanta (ancora nel 1992 esce per Skira il volume illustrato per ragazzi <\/span><i><span style=\"font-weight: 400;\">Une dimanche avec Chaplin). <\/span><\/i><span style=\"font-weight: 400;\">E, come nella vita, anche nella letteratura il vagabondo e il suo creatore non finiscono di ispirare: se gi\u00e0 negli anni Venti ci furono libri con Chaplin protagonista (<\/span><i><span style=\"font-weight: 400;\">Il mio amico Charlot<\/span><\/i><span style=\"font-weight: 400;\">, del mondadoriano Enrico Piceni),<strong> a distanza di 90 e passa anni anche questo aspetto non si \u00e8 mai arrestato<\/strong>: Chaplin \u00e8 stato il personaggio principale di qualche buon giallo di Stuart Kaminsky, mentre ancora pochi anni fa da Sellerio \u00e8 uscito il poetico tributo di Fabio Stassi, <\/span><i><span style=\"font-weight: 400;\">L\u2019ultimo ballo di Charlot<\/span><\/i><span style=\"font-weight: 400;\">. Tanti ricorderanno probabilmente anche <\/span><i><span style=\"font-weight: 400;\">Triste, solitario y final<\/span><\/i><span style=\"font-weight: 400;\">, memorabile tributo a Hollywood dello scrittore argentino Osvaldo Soriano, dove Chaplin agisce da personaggio insieme a molte star di quel periodo.\u00a0<\/span><\/p><\/blockquote>\n<p>&nbsp;<\/p>\n<div class=\"photo-inside-post\"><img decoding=\"async\" loading=\"lazy\" fetchpriority=\"low\" width=\"610\" height=\"431\" src=\"https:\/\/staging.varesenews.it\/photogallery_new\/images\/2022\/02\/luci-alla-ribalta-chaplin-1281168.610x431.jpg\" alt=\"Luci alla ribalta - chaplin\"><\/div>\n<p><span style=\"font-weight: 400;\">\u00a0<\/span><\/p>\n","protected":false},"excerpt":{"rendered":"<p>Dal 7 marzo al 14 aprile la mostra a cura di Andrea Kerbaker &#8220;Ridere con Charlot&#8221;: l\u2019icona cinematografica nei film, nei libri e nelle riviste di tutto il mondo<\/p>\n","protected":false},"author":16977,"featured_media":0,"comment_status":"open","ping_status":"open","sticky":false,"template":"","format":"standard","meta":{"footnotes":""},"categories":[13,18,2],"tags":[121260],"acf":[],"yoast_head":"<!-- This site is optimized with the Yoast SEO plugin v20.1 - https:\/\/yoast.com\/wordpress\/plugins\/seo\/ -->\n<title>Al Kapannone dei libri di Angera si ride con il mito di Charlie Chaplin<\/title>\n<meta name=\"description\" content=\"Dal 7 marzo al 14 aprile la mostra a cura di Andrea Kerbaker &quot;Ridere con Charlot&quot;: l\u2019icona cinematografica nei film, nei libri e nelle riviste di tutto il mondo\" \/>\n<meta name=\"robots\" content=\"noindex, follow, max-snippet:-1, max-image-preview:large, max-video-preview:-1\" \/>\n<meta property=\"og:locale\" content=\"it_IT\" \/>\n<meta property=\"og:type\" content=\"article\" \/>\n<meta property=\"og:title\" content=\"Al Kapannone dei libri di Angera si ride con il mito di Charlie Chaplin\" \/>\n<meta property=\"og:description\" content=\"Dal 7 marzo al 14 aprile la mostra a cura di Andrea Kerbaker &quot;Ridere con Charlot&quot;: l\u2019icona cinematografica nei film, nei libri e nelle riviste di tutto il mondo\" \/>\n<meta property=\"og:url\" content=\"https:\/\/staging.varesenews.it\/2022\/02\/al-kapannone-dei-libri-di-angera-si-ride-con-il-mito-di-charlie-chaplin\/1432016\/\" \/>\n<meta property=\"og:site_name\" content=\"VareseNews\" \/>\n<meta property=\"article:publisher\" content=\"https:\/\/www.facebook.com\/varesenews\" \/>\n<meta property=\"article:published_time\" content=\"2022-02-24T12:41:45+00:00\" \/>\n<meta property=\"article:modified_time\" content=\"2022-02-24T14:19:14+00:00\" \/>\n<meta name=\"author\" content=\"Marco Tresca\" \/>\n<meta name=\"twitter:card\" content=\"summary_large_image\" \/>\n<meta name=\"twitter:creator\" content=\"@varesenews\" \/>\n<meta name=\"twitter:site\" content=\"@varesenews\" \/>\n<meta name=\"twitter:label1\" content=\"Scritto da\" \/>\n\t<meta name=\"twitter:data1\" content=\"Marco Tresca\" \/>\n\t<meta name=\"twitter:label2\" content=\"Tempo di lettura stimato\" \/>\n\t<meta name=\"twitter:data2\" content=\"5 minuti\" \/>\n<script type=\"application\/ld+json\" class=\"yoast-schema-graph\">{\"@context\":\"https:\/\/schema.org\",\"@graph\":[{\"@type\":\"WebPage\",\"@id\":\"https:\/\/staging.varesenews.it\/2022\/02\/al-kapannone-dei-libri-di-angera-si-ride-con-il-mito-di-charlie-chaplin\/1432016\/\",\"url\":\"https:\/\/staging.varesenews.it\/2022\/02\/al-kapannone-dei-libri-di-angera-si-ride-con-il-mito-di-charlie-chaplin\/1432016\/\",\"name\":\"Al Kapannone dei libri di Angera si ride con il mito di Charlie Chaplin\",\"isPartOf\":{\"@id\":\"https:\/\/staging.varesenews.it\/#website\"},\"datePublished\":\"2022-02-24T12:41:45+00:00\",\"dateModified\":\"2022-02-24T14:19:14+00:00\",\"author\":{\"@id\":\"https:\/\/staging.varesenews.it\/#\/schema\/person\/964d6520a84106b854f204081e38754a\"},\"description\":\"Dal 7 marzo al 14 aprile la mostra a cura di Andrea Kerbaker \\\"Ridere con Charlot\\\": l\u2019icona cinematografica nei film, nei libri e nelle riviste di tutto il mondo\",\"breadcrumb\":{\"@id\":\"https:\/\/staging.varesenews.it\/2022\/02\/al-kapannone-dei-libri-di-angera-si-ride-con-il-mito-di-charlie-chaplin\/1432016\/#breadcrumb\"},\"inLanguage\":\"it-IT\",\"potentialAction\":[{\"@type\":\"ReadAction\",\"target\":[\"https:\/\/staging.varesenews.it\/2022\/02\/al-kapannone-dei-libri-di-angera-si-ride-con-il-mito-di-charlie-chaplin\/1432016\/\"]}]},{\"@type\":\"BreadcrumbList\",\"@id\":\"https:\/\/staging.varesenews.it\/2022\/02\/al-kapannone-dei-libri-di-angera-si-ride-con-il-mito-di-charlie-chaplin\/1432016\/#breadcrumb\",\"itemListElement\":[{\"@type\":\"ListItem\",\"position\":1,\"name\":\"Home\",\"item\":\"https:\/\/www.varesenews.it\/\"},{\"@type\":\"ListItem\",\"position\":2,\"name\":\"Al Kapannone dei libri di Angera si ride con il mito di Charlie Chaplin\"}]},{\"@type\":\"WebSite\",\"@id\":\"https:\/\/staging.varesenews.it\/#website\",\"url\":\"https:\/\/staging.varesenews.it\/\",\"name\":\"VareseNews\",\"description\":\"\",\"potentialAction\":[{\"@type\":\"SearchAction\",\"target\":{\"@type\":\"EntryPoint\",\"urlTemplate\":\"https:\/\/staging.varesenews.it\/?s={search_term_string}\"},\"query-input\":\"required name=search_term_string\"}],\"inLanguage\":\"it-IT\"},{\"@type\":\"Person\",\"@id\":\"https:\/\/staging.varesenews.it\/#\/schema\/person\/964d6520a84106b854f204081e38754a\",\"name\":\"Marco Tresca\",\"image\":{\"@type\":\"ImageObject\",\"inLanguage\":\"it-IT\",\"@id\":\"https:\/\/staging.varesenews.it\/#\/schema\/person\/image\/\",\"url\":\"https:\/\/staging.varesenews.it\/wp-content\/uploads\/2020\/12\/marco_tresca_colori_500.jpg\",\"contentUrl\":\"https:\/\/staging.varesenews.it\/wp-content\/uploads\/2020\/12\/marco_tresca_colori_500.jpg\",\"caption\":\"Marco Tresca\"},\"description\":\"Nato a Varese nel 1995 e cresciuto sulle colline tainesi, da dove mi piace osservare e raccontare quello che accade lungo le sponde lombarde e piemontesi del Lago Maggiore e del Ticino. Dopo essermi laureato in lingue e letterature a Milano, inizio a collaborare con VareseNews prima e con VerbanoNews poi. Quando non scrivo della vita di ogni giorno mi piace mettermi al servizio delle mie passioni, con un orecchio rivolto alla musica e l'altro a bordo del campo da basket.\",\"url\":\"https:\/\/staging.varesenews.it\/persona\/marco-tresca\/\"}]}<\/script>\n<!-- \/ Yoast SEO plugin. -->","yoast_head_json":{"title":"Al Kapannone dei libri di Angera si ride con il mito di Charlie Chaplin","description":"Dal 7 marzo al 14 aprile la mostra a cura di Andrea Kerbaker \"Ridere con Charlot\": l\u2019icona cinematografica nei film, nei libri e nelle riviste di tutto il mondo","robots":{"index":"noindex","follow":"follow","max-snippet":"max-snippet:-1","max-image-preview":"max-image-preview:large","max-video-preview":"max-video-preview:-1"},"og_locale":"it_IT","og_type":"article","og_title":"Al Kapannone dei libri di Angera si ride con il mito di Charlie Chaplin","og_description":"Dal 7 marzo al 14 aprile la mostra a cura di Andrea Kerbaker \"Ridere con Charlot\": l\u2019icona cinematografica nei film, nei libri e nelle riviste di tutto il mondo","og_url":"https:\/\/staging.varesenews.it\/2022\/02\/al-kapannone-dei-libri-di-angera-si-ride-con-il-mito-di-charlie-chaplin\/1432016\/","og_site_name":"VareseNews","article_publisher":"https:\/\/www.facebook.com\/varesenews","article_published_time":"2022-02-24T12:41:45+00:00","article_modified_time":"2022-02-24T14:19:14+00:00","author":"Marco Tresca","twitter_card":"summary_large_image","twitter_creator":"@varesenews","twitter_site":"@varesenews","twitter_misc":{"Scritto da":"Marco Tresca","Tempo di lettura stimato":"5 minuti"},"schema":{"@context":"https:\/\/schema.org","@graph":[{"@type":"WebPage","@id":"https:\/\/staging.varesenews.it\/2022\/02\/al-kapannone-dei-libri-di-angera-si-ride-con-il-mito-di-charlie-chaplin\/1432016\/","url":"https:\/\/staging.varesenews.it\/2022\/02\/al-kapannone-dei-libri-di-angera-si-ride-con-il-mito-di-charlie-chaplin\/1432016\/","name":"Al Kapannone dei libri di Angera si ride con il mito di Charlie Chaplin","isPartOf":{"@id":"https:\/\/staging.varesenews.it\/#website"},"datePublished":"2022-02-24T12:41:45+00:00","dateModified":"2022-02-24T14:19:14+00:00","author":{"@id":"https:\/\/staging.varesenews.it\/#\/schema\/person\/964d6520a84106b854f204081e38754a"},"description":"Dal 7 marzo al 14 aprile la mostra a cura di Andrea Kerbaker \"Ridere con Charlot\": l\u2019icona cinematografica nei film, nei libri e nelle riviste di tutto il mondo","breadcrumb":{"@id":"https:\/\/staging.varesenews.it\/2022\/02\/al-kapannone-dei-libri-di-angera-si-ride-con-il-mito-di-charlie-chaplin\/1432016\/#breadcrumb"},"inLanguage":"it-IT","potentialAction":[{"@type":"ReadAction","target":["https:\/\/staging.varesenews.it\/2022\/02\/al-kapannone-dei-libri-di-angera-si-ride-con-il-mito-di-charlie-chaplin\/1432016\/"]}]},{"@type":"BreadcrumbList","@id":"https:\/\/staging.varesenews.it\/2022\/02\/al-kapannone-dei-libri-di-angera-si-ride-con-il-mito-di-charlie-chaplin\/1432016\/#breadcrumb","itemListElement":[{"@type":"ListItem","position":1,"name":"Home","item":"https:\/\/www.varesenews.it\/"},{"@type":"ListItem","position":2,"name":"Al Kapannone dei libri di Angera si ride con il mito di Charlie Chaplin"}]},{"@type":"WebSite","@id":"https:\/\/staging.varesenews.it\/#website","url":"https:\/\/staging.varesenews.it\/","name":"VareseNews","description":"","potentialAction":[{"@type":"SearchAction","target":{"@type":"EntryPoint","urlTemplate":"https:\/\/staging.varesenews.it\/?s={search_term_string}"},"query-input":"required name=search_term_string"}],"inLanguage":"it-IT"},{"@type":"Person","@id":"https:\/\/staging.varesenews.it\/#\/schema\/person\/964d6520a84106b854f204081e38754a","name":"Marco Tresca","image":{"@type":"ImageObject","inLanguage":"it-IT","@id":"https:\/\/staging.varesenews.it\/#\/schema\/person\/image\/","url":"https:\/\/staging.varesenews.it\/wp-content\/uploads\/2020\/12\/marco_tresca_colori_500.jpg","contentUrl":"https:\/\/staging.varesenews.it\/wp-content\/uploads\/2020\/12\/marco_tresca_colori_500.jpg","caption":"Marco Tresca"},"description":"Nato a Varese nel 1995 e cresciuto sulle colline tainesi, da dove mi piace osservare e raccontare quello che accade lungo le sponde lombarde e piemontesi del Lago Maggiore e del Ticino. Dopo essermi laureato in lingue e letterature a Milano, inizio a collaborare con VareseNews prima e con VerbanoNews poi. Quando non scrivo della vita di ogni giorno mi piace mettermi al servizio delle mie passioni, con un orecchio rivolto alla musica e l'altro a bordo del campo da basket.","url":"https:\/\/staging.varesenews.it\/persona\/marco-tresca\/"}]}},"post_meta":{"_encloseme":"1","ratings_users":"0","ratings_score":"0","ratings_average":"0","_wpt_short_url":"http:\/\/www.varesenews.it\/2022\/02\/al-kapannone-dei-libri-di-angera-si-ride-con-il-mito-di-charlie-chaplin\/1432016\/","_wp_jd_target":"http:\/\/www.varesenews.it\/2022\/02\/al-kapannone-dei-libri-di-angera-si-ride-con-il-mito-di-charlie-chaplin\/1432016\/","_jd_wp_twitter":"a:1:{i:0;s:186:\"Al Kapannone dei libri di Angera si ride con il mito di Charlie Chaplin http:\/\/www.varesenews.it\/2022\/02\/al-kapannone-dei-libri-di-angera-si-ride-con-il-mito-di-charlie-chaplin\/1432016\/ \";}","_wpt_status_message":"Tweet inviato con successo.","foto":"1281163","firma-personalizzata":"redazione.verbanonews@gmail.com","argomento":"Angera","_yoast_wpseo_focuskw":"Chaplin Angera","_yoast_wpseo_linkdex":"62","edinet_newssharer_oguid":"https:\/\/www.verbanonews.it\/?p=940786","edinet_newssharer_canonical":"https:\/\/www.verbanonews.it\/aree-geografiche\/lago-maggiore\/2022\/02\/24\/al-kapannone-dei-libri-di-angera-si-ride-con-il-mito-di-charlie-chaplin\/940786\/","_edit_lock":"1645712285:16977","_edit_last":"16977","_category_permalink":"a:1:{s:8:\"category\";s:0:\"\";}","_yoast_wpseo_focuskw_text_input":"Chaplin Angera","_yoast_wpseo_content_score":"30","_jd_tweet_this":"yes"},"photos":[{"original":"https:\/\/staging.varesenews.it\/photogallery_new\/images\/2022\/02\/charlie-chaplin-charlot-1281163.jpg","full":"https:\/\/staging.varesenews.it\/photogallery_new\/images\/2022\/02\/charlie-chaplin-charlot-1281163.1024x768.jpg","large":"https:\/\/staging.varesenews.it\/photogallery_new\/images\/2022\/02\/charlie-chaplin-charlot-1281163.610x431.jpg"}],"_links":{"self":[{"href":"https:\/\/staging.varesenews.it\/swgapi\/v1\/wp\/v2\/posts\/1432016"}],"collection":[{"href":"https:\/\/staging.varesenews.it\/swgapi\/v1\/wp\/v2\/posts"}],"about":[{"href":"https:\/\/staging.varesenews.it\/swgapi\/v1\/wp\/v2\/types\/post"}],"author":[{"embeddable":true,"href":"https:\/\/staging.varesenews.it\/swgapi\/v1\/wp\/v2\/users\/16977"}],"replies":[{"embeddable":true,"href":"https:\/\/staging.varesenews.it\/swgapi\/v1\/wp\/v2\/comments?post=1432016"}],"version-history":[{"count":0,"href":"https:\/\/staging.varesenews.it\/swgapi\/v1\/wp\/v2\/posts\/1432016\/revisions"}],"wp:attachment":[{"href":"https:\/\/staging.varesenews.it\/swgapi\/v1\/wp\/v2\/media?parent=1432016"}],"wp:term":[{"taxonomy":"category","embeddable":true,"href":"https:\/\/staging.varesenews.it\/swgapi\/v1\/wp\/v2\/categories?post=1432016"},{"taxonomy":"post_tag","embeddable":true,"href":"https:\/\/staging.varesenews.it\/swgapi\/v1\/wp\/v2\/tags?post=1432016"}],"curies":[{"name":"wp","href":"https:\/\/api.w.org\/{rel}","templated":true}]}}