{"id":1433116,"date":"2022-02-27T21:14:13","date_gmt":"2022-02-27T20:14:13","guid":{"rendered":"https:\/\/www.varesenews.it\/?p=1433116"},"modified":"2022-02-28T10:03:18","modified_gmt":"2022-02-28T09:03:18","slug":"la-uyba-vince-anche-bergamo","status":"publish","type":"post","link":"https:\/\/staging.varesenews.it\/2022\/02\/la-uyba-vince-anche-bergamo\/1433116\/","title":{"rendered":"La Uyba vince anche contro Bergamo"},"content":{"rendered":"<p>Un&#8217;altra serata di sorrisi per la\u00a0<strong>Unet e-work Busto Arsizio<\/strong>\u00a0che alla e-work Arena vince per\u00a0<strong>3-1 (23-25, 25-23, 25-21, 25-16)<\/strong> la partita contro il <strong>Volley Bergamo 1991<\/strong> di coach Micoli. Una Uyba non al 100%, che per\u00f2 riesce nell&#8217;obiettivo di portare a casa tre punti preziosi per la classifica.<\/p>\n<p>Le orobiche hanno provati fin dal primo minuto a mettere in difficolt\u00e0 le biancorosse, mettendo in campo un atteggiamento combattivo, riuscendo a vincere il primo set.\u00a0<strong>Da incorniciare la prestazione<\/strong> dell&#8217;opposto biancorosse <strong>Camilla Mingardi, MVP e autrice di ben 33 punti<\/strong> (58% 2 muri e 2 ace), seguita da Olivotto (10 col 55%, 3 muri e 2 ace). Da sottolineare il <strong>62% di ricezione perfetta di Zannoni<\/strong>.<strong>\u00a0<\/strong><\/p>\n<p><strong>A commentare il risultato \u00e8 la stessa Mingardi<\/strong>: &#8220;Non erano tre punti scontati, Bergamo si \u00e8 presentata qui molto aggressiva e dunque sono molto contenta per questa vittoria importante per la classifica. Ci apprestiamo a vivere nel migliore dei modi il finale di stagione, i tifosi ci chiedono uno sforzo per il derby di settimana prossima con Novara: sar\u00e0 una gara ovviamente difficile ma \u00e8 sempre incredibile giocare incontri cos\u00ec importanti sicure di essere seguite da tanti sostenitori&#8221;.<\/p>\n<h3><strong>La partita<\/strong><\/h3>\n<p>Musso parte con Poulter &#8211; Mingardi, Olivotto &#8211; Stevanovic, Gray &#8211; Bosetti, Zannoni libero.<\/p>\n<p><strong>Primo set &#8211;\u00a0<\/strong>Inizia subito bene\u00a0Bergamo,\u00a0con Butigan scatenata al centro (due muri e un attacco, 0-5). Musso ferma subito il gioco per riportare concentrazione e spezzare il gioco. Mingardi trova il pareggio (10-10). Le padrone di casa si risvegliano dal torpore e guidano il set (15-12). Bergamo per\u00f2 non si arrende e punto dopo punto torna in scia (19-18). Sul finale si gioca punto a punto e la sfida \u00e8 apertissima, con entrambe le formazioni decise a portare a casa il risultato (23-23). Un attacco di Lanier e l&#8217;invasione di Olivotto segnano il <strong>(23-25)<\/strong>.<\/p>\n<p><strong>Secondo set &#8211;<\/strong>\u00a0Si comincia in equilibrio, poi la Uyba prova la fuga (7-4 e time-out Bergamo). Ancora una volta le orobiche reagiscono e tornano a -1 (18-17). Sul finale Bergamo \u00e8 avanti 22-23 e coach Musso ferma il gioco per dare importanti indicazioni alle sue, che stanno rischiando di perdere. Al rientro in campo Stevanovic piazza il provvidenziale muro del 24-23 e l&#8217;ace di Mingardi chiude i conti <strong>(25-23)<\/strong>.<\/p>\n<p><strong>Terzo set &#8211;<\/strong>\u00a0Avvio sprint per la Uyba che vola sul 7-3, costringendo Micoli a fermare il gioco. Sull&#8217;11-9 Musso schiera Herrera Blanco per Stevanovic. Bergamo c&#8217;\u00e8 e trova il 13-13. Si procede punto a punto con lo spettacolo che accende i tifosi presenti al palazzetto (17-18). L&#8217;attacco di Mingardi e il muro di Olivotto ribaltano (19-18), Bosetti conferma il vantaggio con la bella parallela del 20-19. Le padrone di casa amministrano bene il finale e l&#8217;errore di Bergamo regala il <strong>25-21<\/strong>.<\/p>\n<p><strong>Quarto set &#8211;<\/strong>\u00a0Ancora una volta il set si gioca in costante equilibrio. Le farfalle aprono le ali e volano sul 15-12; Micoli ferma il gioco e al rientro in campo per la Uyba la strada si fa in discesa (19-14). Poulter mura il 23-16, Lanier attacca lungo il 24-16, May attacca fuori il <strong>25-16<\/strong>.<\/p>\n<h3><strong>Il tabellino<\/strong><\/h3>\n<p><strong>Unet e-work Busto Arsizio &#8211; Volley Bergamo 1991 3-1 (23-25, 25-23, 25-21, 25-16)<\/strong><\/p>\n<p><strong>Unet e-work Busto Arsizio:<\/strong> Poulter 3, Battista ne, Olivotto 10, Moltrasio ne, Monza ne, Bressan ne, Colombo ne, Gray 14, Mingardi 33, Zannoni (L), Stevanovic 4, Bosetti 5, Herrera Blanco, Ungureanu 2.<br \/>\n<strong>Volley Bergamo 1991:<\/strong> Ogoms 3, Butigan 8, Di Iulio 1, Borgo 1, Cicola, Turl\u00e0, May 12, Schoelzel, Faraone (L), Lanier 28, Loda 3, Cagnin 7.<br \/>\n<strong>Arbitri:<\/strong> Florian &#8211; Di Bari<br \/>\n<strong>Note. <\/strong>Busto: ace 5, errori 6, muri 12. Bergamo: ace 0, errori 15, muri 9. Spettatori: 1210<\/p>\n","protected":false},"excerpt":{"rendered":"<p>Un&#8217;altra serata di sorrisi per la\u00a0Uyba che vince per\u00a03-1 (23-25, 25-23, 25-21, 25-16) la partita contro la formazione di coach Micoli. Brave le orobiche che hanno saputo dare del filo da torcere alle biancorosse. Prestazione sopra le righe per Camilla MIngardi<\/p>\n","protected":false},"author":5428,"featured_media":0,"comment_status":"open","ping_status":"open","sticky":false,"template":"","format":"standard","meta":{"footnotes":""},"categories":[4,14],"tags":[108662,30106,73438,71704],"acf":[],"yoast_head":"<!-- This site is optimized with the Yoast SEO plugin v20.1 - https:\/\/yoast.com\/wordpress\/plugins\/seo\/ -->\n<title>La Uyba vince anche contro Bergamo<\/title>\n<meta name=\"description\" content=\"Un&#039;altra serata di sorrisi per la\u00a0Uyba che vince per\u00a03-1 (23-25, 25-23, 25-21, 25-16) la partita contro la formazione di coach Micoli. Brave le orobiche che hanno saputo dare del filo da torcere alle biancorosse. Prestazione sopra le righe per Camilla MIngardi\" \/>\n<meta name=\"robots\" content=\"noindex, follow, max-snippet:-1, max-image-preview:large, max-video-preview:-1\" \/>\n<meta property=\"og:locale\" content=\"it_IT\" \/>\n<meta property=\"og:type\" content=\"article\" \/>\n<meta property=\"og:title\" content=\"La Uyba vince anche contro Bergamo\" \/>\n<meta property=\"og:description\" content=\"Un&#039;altra serata di sorrisi per la\u00a0Uyba che vince per\u00a03-1 (23-25, 25-23, 25-21, 25-16) la partita contro la formazione di coach Micoli. Brave le orobiche che hanno saputo dare del filo da torcere alle biancorosse. Prestazione sopra le righe per Camilla MIngardi\" \/>\n<meta property=\"og:url\" content=\"https:\/\/staging.varesenews.it\/2022\/02\/la-uyba-vince-anche-bergamo\/1433116\/\" \/>\n<meta property=\"og:site_name\" content=\"VareseNews\" \/>\n<meta property=\"article:publisher\" content=\"https:\/\/www.facebook.com\/varesenews\" \/>\n<meta property=\"article:published_time\" content=\"2022-02-27T20:14:13+00:00\" \/>\n<meta property=\"article:modified_time\" content=\"2022-02-28T09:03:18+00:00\" \/>\n<meta name=\"author\" content=\"divisionebusiness\" \/>\n<meta name=\"twitter:card\" content=\"summary_large_image\" \/>\n<meta name=\"twitter:creator\" content=\"@varesenews\" \/>\n<meta name=\"twitter:site\" content=\"@varesenews\" \/>\n<meta name=\"twitter:label1\" content=\"Scritto da\" \/>\n\t<meta name=\"twitter:data1\" content=\"divisionebusiness\" \/>\n\t<meta name=\"twitter:label2\" content=\"Tempo di lettura stimato\" \/>\n\t<meta name=\"twitter:data2\" content=\"3 minuti\" \/>\n<script type=\"application\/ld+json\" class=\"yoast-schema-graph\">{\"@context\":\"https:\/\/schema.org\",\"@graph\":[{\"@type\":\"WebPage\",\"@id\":\"https:\/\/staging.varesenews.it\/2022\/02\/la-uyba-vince-anche-bergamo\/1433116\/\",\"url\":\"https:\/\/staging.varesenews.it\/2022\/02\/la-uyba-vince-anche-bergamo\/1433116\/\",\"name\":\"La Uyba vince anche contro Bergamo\",\"isPartOf\":{\"@id\":\"https:\/\/staging.varesenews.it\/#website\"},\"datePublished\":\"2022-02-27T20:14:13+00:00\",\"dateModified\":\"2022-02-28T09:03:18+00:00\",\"author\":{\"@id\":\"https:\/\/staging.varesenews.it\/#\/schema\/person\/9fc65cf41366c6512d37aa8b5aa40b98\"},\"description\":\"Un'altra serata di sorrisi per la\u00a0Uyba che vince per\u00a03-1 (23-25, 25-23, 25-21, 25-16) la partita contro la formazione di coach Micoli. Brave le orobiche che hanno saputo dare del filo da torcere alle biancorosse. Prestazione sopra le righe per Camilla MIngardi\",\"breadcrumb\":{\"@id\":\"https:\/\/staging.varesenews.it\/2022\/02\/la-uyba-vince-anche-bergamo\/1433116\/#breadcrumb\"},\"inLanguage\":\"it-IT\",\"potentialAction\":[{\"@type\":\"ReadAction\",\"target\":[\"https:\/\/staging.varesenews.it\/2022\/02\/la-uyba-vince-anche-bergamo\/1433116\/\"]}]},{\"@type\":\"BreadcrumbList\",\"@id\":\"https:\/\/staging.varesenews.it\/2022\/02\/la-uyba-vince-anche-bergamo\/1433116\/#breadcrumb\",\"itemListElement\":[{\"@type\":\"ListItem\",\"position\":1,\"name\":\"Home\",\"item\":\"https:\/\/www.varesenews.it\/\"},{\"@type\":\"ListItem\",\"position\":2,\"name\":\"La Uyba vince anche contro Bergamo\"}]},{\"@type\":\"WebSite\",\"@id\":\"https:\/\/staging.varesenews.it\/#website\",\"url\":\"https:\/\/staging.varesenews.it\/\",\"name\":\"VareseNews\",\"description\":\"\",\"potentialAction\":[{\"@type\":\"SearchAction\",\"target\":{\"@type\":\"EntryPoint\",\"urlTemplate\":\"https:\/\/staging.varesenews.it\/?s={search_term_string}\"},\"query-input\":\"required name=search_term_string\"}],\"inLanguage\":\"it-IT\"},{\"@type\":\"Person\",\"@id\":\"https:\/\/staging.varesenews.it\/#\/schema\/person\/9fc65cf41366c6512d37aa8b5aa40b98\",\"name\":\"divisionebusiness\",\"image\":{\"@type\":\"ImageObject\",\"inLanguage\":\"it-IT\",\"@id\":\"https:\/\/staging.varesenews.it\/#\/schema\/person\/image\/\",\"url\":\"https:\/\/staging.varesenews.it\/wp-content\/uploads\/2015\/03\/mistery.jpg\",\"contentUrl\":\"https:\/\/staging.varesenews.it\/wp-content\/uploads\/2015\/03\/mistery.jpg\",\"caption\":\"divisionebusiness\"},\"url\":\"https:\/\/staging.varesenews.it\/persona\/divisionebusiness2\/\"}]}<\/script>\n<!-- \/ Yoast SEO plugin. -->","yoast_head_json":{"title":"La Uyba vince anche contro Bergamo","description":"Un'altra serata di sorrisi per la\u00a0Uyba che vince per\u00a03-1 (23-25, 25-23, 25-21, 25-16) la partita contro la formazione di coach Micoli. Brave le orobiche che hanno saputo dare del filo da torcere alle biancorosse. Prestazione sopra le righe per Camilla MIngardi","robots":{"index":"noindex","follow":"follow","max-snippet":"max-snippet:-1","max-image-preview":"max-image-preview:large","max-video-preview":"max-video-preview:-1"},"og_locale":"it_IT","og_type":"article","og_title":"La Uyba vince anche contro Bergamo","og_description":"Un'altra serata di sorrisi per la\u00a0Uyba che vince per\u00a03-1 (23-25, 25-23, 25-21, 25-16) la partita contro la formazione di coach Micoli. Brave le orobiche che hanno saputo dare del filo da torcere alle biancorosse. Prestazione sopra le righe per Camilla MIngardi","og_url":"https:\/\/staging.varesenews.it\/2022\/02\/la-uyba-vince-anche-bergamo\/1433116\/","og_site_name":"VareseNews","article_publisher":"https:\/\/www.facebook.com\/varesenews","article_published_time":"2022-02-27T20:14:13+00:00","article_modified_time":"2022-02-28T09:03:18+00:00","author":"divisionebusiness","twitter_card":"summary_large_image","twitter_creator":"@varesenews","twitter_site":"@varesenews","twitter_misc":{"Scritto da":"divisionebusiness","Tempo di lettura stimato":"3 minuti"},"schema":{"@context":"https:\/\/schema.org","@graph":[{"@type":"WebPage","@id":"https:\/\/staging.varesenews.it\/2022\/02\/la-uyba-vince-anche-bergamo\/1433116\/","url":"https:\/\/staging.varesenews.it\/2022\/02\/la-uyba-vince-anche-bergamo\/1433116\/","name":"La Uyba vince anche contro Bergamo","isPartOf":{"@id":"https:\/\/staging.varesenews.it\/#website"},"datePublished":"2022-02-27T20:14:13+00:00","dateModified":"2022-02-28T09:03:18+00:00","author":{"@id":"https:\/\/staging.varesenews.it\/#\/schema\/person\/9fc65cf41366c6512d37aa8b5aa40b98"},"description":"Un'altra serata di sorrisi per la\u00a0Uyba che vince per\u00a03-1 (23-25, 25-23, 25-21, 25-16) la partita contro la formazione di coach Micoli. Brave le orobiche che hanno saputo dare del filo da torcere alle biancorosse. Prestazione sopra le righe per Camilla MIngardi","breadcrumb":{"@id":"https:\/\/staging.varesenews.it\/2022\/02\/la-uyba-vince-anche-bergamo\/1433116\/#breadcrumb"},"inLanguage":"it-IT","potentialAction":[{"@type":"ReadAction","target":["https:\/\/staging.varesenews.it\/2022\/02\/la-uyba-vince-anche-bergamo\/1433116\/"]}]},{"@type":"BreadcrumbList","@id":"https:\/\/staging.varesenews.it\/2022\/02\/la-uyba-vince-anche-bergamo\/1433116\/#breadcrumb","itemListElement":[{"@type":"ListItem","position":1,"name":"Home","item":"https:\/\/www.varesenews.it\/"},{"@type":"ListItem","position":2,"name":"La Uyba vince anche contro Bergamo"}]},{"@type":"WebSite","@id":"https:\/\/staging.varesenews.it\/#website","url":"https:\/\/staging.varesenews.it\/","name":"VareseNews","description":"","potentialAction":[{"@type":"SearchAction","target":{"@type":"EntryPoint","urlTemplate":"https:\/\/staging.varesenews.it\/?s={search_term_string}"},"query-input":"required name=search_term_string"}],"inLanguage":"it-IT"},{"@type":"Person","@id":"https:\/\/staging.varesenews.it\/#\/schema\/person\/9fc65cf41366c6512d37aa8b5aa40b98","name":"divisionebusiness","image":{"@type":"ImageObject","inLanguage":"it-IT","@id":"https:\/\/staging.varesenews.it\/#\/schema\/person\/image\/","url":"https:\/\/staging.varesenews.it\/wp-content\/uploads\/2015\/03\/mistery.jpg","contentUrl":"https:\/\/staging.varesenews.it\/wp-content\/uploads\/2015\/03\/mistery.jpg","caption":"divisionebusiness"},"url":"https:\/\/staging.varesenews.it\/persona\/divisionebusiness2\/"}]}},"post_meta":{"_edit_lock":"1646039248:34","_edit_last":"34","_category_permalink":"a:1:{s:8:\"category\";s:2:\"14\";}","foto":"1273505","firma-personalizzata":"MDG","nascondi_adsense":"1","argomento":"Pallavolo","_yoast_wpseo_focuskw_text_input":"Uyba","_yoast_wpseo_focuskw":"Uyba","_yoast_wpseo_linkdex":"70","_yoast_wpseo_content_score":"60","_jd_tweet_this":"yes","_encloseme":"1","ratings_users":"0","ratings_score":"0","ratings_average":"0","_wpt_short_url":"https:\/\/www.varesenews.it\/2022\/02\/la-uyba-vince-anche-bergamo\/1433116\/","_wp_jd_target":"https:\/\/www.varesenews.it\/2022\/02\/la-uyba-vince-anche-bergamo\/1433116\/","_jd_wp_twitter":"a:1:{i:0;s:129:\"La Uyba vince anche contro Bergamo https:\/\/www.varesenews.it\/2022\/02\/la-uyba-vince-anche-bergamo\/1433116\/ #eworkarena #UYBAVolley\";}","_wpt_status_message":"Tweet inviato con successo.","_oembed_0c066bf23c6ad7b90740041cc57768b3":"<blockquote class=\"wp-embedded-content\" data-secret=\"11310KwoHT\"><a href=\"https:\/\/www.varesenews.it\/2022\/01\/coraggio-passione-al-via-concerti-del-puccini-al-teatro-del-popolo-gallarate\/1421716\/\">Coraggio e passione: al via i concerti del Puccini al Teatro del Popolo di Gallarate<\/a><\/blockquote><iframe class=\"wp-embedded-content\" sandbox=\"allow-scripts\" security=\"restricted\" style=\"position: absolute; clip: rect(1px, 1px, 1px, 1px);\" src=\"https:\/\/www.varesenews.it\/2022\/01\/coraggio-passione-al-via-concerti-del-puccini-al-teatro-del-popolo-gallarate\/1421716\/embed\/#?secret=11310KwoHT\" data-secret=\"11310KwoHT\" width=\"500\" height=\"282\" title=\"&#8220;Coraggio e passione: al via i concerti del Puccini al Teatro del Popolo di Gallarate&#8221; &#8212; VareseNews\" frameborder=\"0\" marginwidth=\"0\" marginheight=\"0\" scrolling=\"no\"><\/iframe>","_oembed_time_0c066bf23c6ad7b90740041cc57768b3":"1645992859","_oembed_20c8db3c8c57eccec917702374d4cc18":"<iframe width=\"500\" height=\"281\" src=\"https:\/\/www.youtube.com\/embed\/yzXosjev6pU?feature=oembed\" frameborder=\"0\" allow=\"accelerometer; autoplay; clipboard-write; encrypted-media; gyroscope; picture-in-picture\" allowfullscreen><\/iframe>","_oembed_time_20c8db3c8c57eccec917702374d4cc18":"1645992860","_oembed_abc9504cae69648597d40bd6e28f70f3":"<blockquote class=\"wp-embedded-content\" data-secret=\"ZSZkYrm2QJ\"><a href=\"https:\/\/www.varesenews.it\/2022\/02\/tredici-nuove-pietre-dinciampo-provincia-dedicate-ai-partigiani-del-san-martino\/1431327\/\">Tredici nuove pietre d&#8217;inciampo in provincia, dedicate ai partigiani deportati<\/a><\/blockquote><iframe class=\"wp-embedded-content\" sandbox=\"allow-scripts\" security=\"restricted\" style=\"position: absolute; clip: rect(1px, 1px, 1px, 1px);\" src=\"https:\/\/www.varesenews.it\/2022\/02\/tredici-nuove-pietre-dinciampo-provincia-dedicate-ai-partigiani-del-san-martino\/1431327\/embed\/#?secret=ZSZkYrm2QJ\" data-secret=\"ZSZkYrm2QJ\" width=\"500\" height=\"282\" title=\"&#8220;Tredici nuove pietre d&#8217;inciampo in provincia, dedicate ai partigiani deportati&#8221; &#8212; VareseNews\" frameborder=\"0\" marginwidth=\"0\" marginheight=\"0\" scrolling=\"no\"><\/iframe>","_oembed_time_abc9504cae69648597d40bd6e28f70f3":"1645992860","_oembed_fada3a12220d7c5a60fc7c6c1e2ed415":"<blockquote class=\"wp-embedded-content\" data-secret=\"k33bMoJ3jV\"><a href=\"https:\/\/www.varesenews.it\/2022\/02\/nuova-lidl-somma-lombardo-al-via-piano-attuativo-del-pgt\/1430197\/\">Piano Lidl a Somma, il Comune cancella il parcheggio di via Garibaldi<\/a><\/blockquote><iframe class=\"wp-embedded-content\" sandbox=\"allow-scripts\" security=\"restricted\" style=\"position: absolute; clip: rect(1px, 1px, 1px, 1px);\" src=\"https:\/\/www.varesenews.it\/2022\/02\/nuova-lidl-somma-lombardo-al-via-piano-attuativo-del-pgt\/1430197\/embed\/#?secret=k33bMoJ3jV\" data-secret=\"k33bMoJ3jV\" width=\"500\" height=\"282\" title=\"&#8220;Piano Lidl a Somma, il Comune cancella il parcheggio di via Garibaldi&#8221; &#8212; VareseNews\" frameborder=\"0\" marginwidth=\"0\" marginheight=\"0\" scrolling=\"no\"><\/iframe>","_oembed_time_fada3a12220d7c5a60fc7c6c1e2ed415":"1645992860","_oembed_8d6de5fb200253d7bd32db7c60f41786":"<blockquote class=\"wp-embedded-content\" data-secret=\"6Jaqehv6XQ\"><a href=\"https:\/\/www.varesenews.it\/2022\/02\/aggressioni-danneggiamenti-sui-bus-alle-fermate-tre-denunciati-dalla-polizia-locale\/1432551\/\">Aggressioni e danneggiamenti sui bus e alle fermate, tre i denunciati dalla Polizia Locale<\/a><\/blockquote><iframe class=\"wp-embedded-content\" sandbox=\"allow-scripts\" security=\"restricted\" style=\"position: absolute; clip: rect(1px, 1px, 1px, 1px);\" src=\"https:\/\/www.varesenews.it\/2022\/02\/aggressioni-danneggiamenti-sui-bus-alle-fermate-tre-denunciati-dalla-polizia-locale\/1432551\/embed\/#?secret=6Jaqehv6XQ\" data-secret=\"6Jaqehv6XQ\" width=\"500\" height=\"282\" title=\"&#8220;Aggressioni e danneggiamenti sui bus e alle fermate, tre i denunciati dalla Polizia Locale&#8221; &#8212; VareseNews\" frameborder=\"0\" marginwidth=\"0\" marginheight=\"0\" scrolling=\"no\"><\/iframe>","_oembed_time_8d6de5fb200253d7bd32db7c60f41786":"1645992860","id_link_fotogallery":"1433152"},"photos":[{"original":"https:\/\/staging.varesenews.it\/photogallery_new\/images\/2022\/01\/caricamento-temporaneo-per-contributo-1642364825ifnutaw96n0x0qua-1273505.jpg","full":"https:\/\/staging.varesenews.it\/photogallery_new\/images\/2022\/01\/caricamento-temporaneo-per-contributo-1642364825ifnutaw96n0x0qua-1273505.1024x768.jpg","large":"https:\/\/staging.varesenews.it\/photogallery_new\/images\/2022\/01\/caricamento-temporaneo-per-contributo-1642364825ifnutaw96n0x0qua-1273505.610x431.jpg"}],"_links":{"self":[{"href":"https:\/\/staging.varesenews.it\/swgapi\/v1\/wp\/v2\/posts\/1433116"}],"collection":[{"href":"https:\/\/staging.varesenews.it\/swgapi\/v1\/wp\/v2\/posts"}],"about":[{"href":"https:\/\/staging.varesenews.it\/swgapi\/v1\/wp\/v2\/types\/post"}],"author":[{"embeddable":true,"href":"https:\/\/staging.varesenews.it\/swgapi\/v1\/wp\/v2\/users\/5428"}],"replies":[{"embeddable":true,"href":"https:\/\/staging.varesenews.it\/swgapi\/v1\/wp\/v2\/comments?post=1433116"}],"version-history":[{"count":0,"href":"https:\/\/staging.varesenews.it\/swgapi\/v1\/wp\/v2\/posts\/1433116\/revisions"}],"wp:attachment":[{"href":"https:\/\/staging.varesenews.it\/swgapi\/v1\/wp\/v2\/media?parent=1433116"}],"wp:term":[{"taxonomy":"category","embeddable":true,"href":"https:\/\/staging.varesenews.it\/swgapi\/v1\/wp\/v2\/categories?post=1433116"},{"taxonomy":"post_tag","embeddable":true,"href":"https:\/\/staging.varesenews.it\/swgapi\/v1\/wp\/v2\/tags?post=1433116"}],"curies":[{"name":"wp","href":"https:\/\/api.w.org\/{rel}","templated":true}]}}