{"id":1437244,"date":"2022-03-10T17:53:35","date_gmt":"2022-03-10T16:53:35","guid":{"rendered":"https:\/\/www.varesenews.it\/?p=1437244"},"modified":"2022-03-10T17:53:35","modified_gmt":"2022-03-10T16:53:35","slug":"comabbio-tende-mano-aiutare-lucraina","status":"publish","type":"post","link":"https:\/\/staging.varesenews.it\/2022\/03\/comabbio-tende-mano-aiutare-lucraina\/1437244\/","title":{"rendered":"Comabbio tende una mano per aiutare l&#8217;Ucraina"},"content":{"rendered":"<p><strong>Anche a Comabbio scatta la solidariet\u00e0 per la popolazione ucraina segnata dalla guerra<\/strong>. L&#8217;organizzazione di volontariato gli <strong>Amici della Scala<\/strong> santa ha infatti attivato una raccolta fondi e di beni di prima necessit\u00e0 in collaborazione con molte delle attivit\u00e0 commerciali del paese. <strong>Da gioved\u00ec 10 e fino a domenica 13 marzo<\/strong> chi vorr\u00e0 potr\u00e0 donare farmaci, vestiti, coperte e altri beni essenziali, che saranno destinati ai punti di accoglienza per chi fugge dal conflitto.<\/p>\n<p>In particolare, saranno accettate le donazioni di: farmaci (da assicurarsi che non siano scaduti, che siano ben conservati e che abbiano almeno 8 mesi di validit\u00e0); vestiti (pesanti e in buono stato); coperte e lenzuola (da consegnare in sacchi di plastica); salviettine, sapone, shampoo; pannolini e assorbenti e cibo per bambini a lunga conservazione. In alternativa sar\u00e0 possibile fare direttamente una donazione in denaro in contanti e bonifico (beneficiario: Amici della Scala Santa Codice Iban: IT 25 W 05696 50530 000020481X39 Causale: Donazione Ucraina).<\/p>\n<p>Il materiale potr\u00e0 essere consegnato all&#8217;<strong>oratorio della parrocchia di Comabbio<\/strong> in questi giorni: gioved\u00ec 10 marzo dalle 20 alle 22; venerd\u00ec 11 marzo dalle 9.30 alle 12 e dalle 20 alle 22; sabato 12 marzo dalle 14 alle 16; domenica 13 dalle 10.30 alle 12. Altrimenti \u00e8 possibile recarsi nelle seguenti attivit\u00e0 durante l&#8217;orario d&#8217;apertura: El Mazacavei, Bar della pesa, Enoteca sorelle Pavan, Relax al Pura\u00e0 e Pizzeria Levitus.<\/p>\n<p>\u00ab<strong>In questo gravissimo momento<\/strong> &#8211; affermano gli Amici della Scala santa -, <strong>la nostra organizzazione ha raccolto le istanze di tanti amici e si \u00e8 fatta promotrice di un&#8217;iniziativa a favore della popolazione ucraina<\/strong>, attraverso la raccolta di beni di prima necessit\u00e0. Molte persone della comunit\u00e0 e della cittadinanza sono state coinvolte in questo progetto, comprese numerose attivit\u00e0 commerciali di Comabbio. Un progetto che vuole sostenere in modo pratico e semplice l\u2019emergenza che i profughi, in special modo donne e bambini, stanno affrontando fuggendo dalle aree coinvolte nei conflitti, arrivando in prima battuta presso i centri allestiti per accoglierli fuori dai confini del territorio dell\u2019Ucraina\u00bb.<\/p>\n","protected":false},"excerpt":{"rendered":"<p>Gli Amici della Scala santa di Comabbio hanno lanciato una raccolta di beni di prima necessit\u00e0 insieme a molte delle attivit\u00e0 commerciali del paese<\/p>\n","protected":false},"author":12163,"featured_media":0,"comment_status":"open","ping_status":"open","sticky":false,"template":"","format":"standard","meta":{"footnotes":""},"categories":[2],"tags":[121331,121590],"acf":[],"yoast_head":"<!-- This site is optimized with the Yoast SEO plugin v20.1 - https:\/\/yoast.com\/wordpress\/plugins\/seo\/ -->\n<title>Comabbio tende una mano per aiutare l&#039;Ucraina<\/title>\n<meta name=\"description\" content=\"Gli Amici della Scala santa di Comabbio hanno lanciato una raccolta di beni di prima necessit\u00e0 insieme a molte delle attivit\u00e0 commerciali del paese\" \/>\n<meta name=\"robots\" content=\"noindex, follow, max-snippet:-1, max-image-preview:large, max-video-preview:-1\" \/>\n<meta property=\"og:locale\" content=\"it_IT\" \/>\n<meta property=\"og:type\" content=\"article\" \/>\n<meta property=\"og:title\" content=\"Comabbio tende una mano per aiutare l&#039;Ucraina\" \/>\n<meta property=\"og:description\" content=\"Gli Amici della Scala santa di Comabbio hanno lanciato una raccolta di beni di prima necessit\u00e0 insieme a molte delle attivit\u00e0 commerciali del paese\" \/>\n<meta property=\"og:url\" content=\"https:\/\/staging.varesenews.it\/2022\/03\/comabbio-tende-mano-aiutare-lucraina\/1437244\/\" \/>\n<meta property=\"og:site_name\" content=\"VareseNews\" \/>\n<meta property=\"article:publisher\" content=\"https:\/\/www.facebook.com\/varesenews\" \/>\n<meta property=\"article:published_time\" content=\"2022-03-10T16:53:35+00:00\" \/>\n<meta name=\"author\" content=\"Alessandro Guglielmi\" \/>\n<meta name=\"twitter:card\" content=\"summary_large_image\" \/>\n<meta name=\"twitter:creator\" content=\"@varesenews\" \/>\n<meta name=\"twitter:site\" content=\"@varesenews\" \/>\n<meta name=\"twitter:label1\" content=\"Scritto da\" \/>\n\t<meta name=\"twitter:data1\" content=\"Alessandro Guglielmi\" \/>\n\t<meta name=\"twitter:label2\" content=\"Tempo di lettura stimato\" \/>\n\t<meta name=\"twitter:data2\" content=\"2 minuti\" \/>\n<script type=\"application\/ld+json\" class=\"yoast-schema-graph\">{\"@context\":\"https:\/\/schema.org\",\"@graph\":[{\"@type\":\"WebPage\",\"@id\":\"https:\/\/staging.varesenews.it\/2022\/03\/comabbio-tende-mano-aiutare-lucraina\/1437244\/\",\"url\":\"https:\/\/staging.varesenews.it\/2022\/03\/comabbio-tende-mano-aiutare-lucraina\/1437244\/\",\"name\":\"Comabbio tende una mano per aiutare l'Ucraina\",\"isPartOf\":{\"@id\":\"https:\/\/staging.varesenews.it\/#website\"},\"datePublished\":\"2022-03-10T16:53:35+00:00\",\"dateModified\":\"2022-03-10T16:53:35+00:00\",\"author\":{\"@id\":\"https:\/\/staging.varesenews.it\/#\/schema\/person\/862743a45f2663f7148a8b4bcbd05230\"},\"description\":\"Gli Amici della Scala santa di Comabbio hanno lanciato una raccolta di beni di prima necessit\u00e0 insieme a molte delle attivit\u00e0 commerciali del paese\",\"breadcrumb\":{\"@id\":\"https:\/\/staging.varesenews.it\/2022\/03\/comabbio-tende-mano-aiutare-lucraina\/1437244\/#breadcrumb\"},\"inLanguage\":\"it-IT\",\"potentialAction\":[{\"@type\":\"ReadAction\",\"target\":[\"https:\/\/staging.varesenews.it\/2022\/03\/comabbio-tende-mano-aiutare-lucraina\/1437244\/\"]}]},{\"@type\":\"BreadcrumbList\",\"@id\":\"https:\/\/staging.varesenews.it\/2022\/03\/comabbio-tende-mano-aiutare-lucraina\/1437244\/#breadcrumb\",\"itemListElement\":[{\"@type\":\"ListItem\",\"position\":1,\"name\":\"Home\",\"item\":\"https:\/\/www.varesenews.it\/\"},{\"@type\":\"ListItem\",\"position\":2,\"name\":\"Comabbio tende una mano per aiutare l&#8217;Ucraina\"}]},{\"@type\":\"WebSite\",\"@id\":\"https:\/\/staging.varesenews.it\/#website\",\"url\":\"https:\/\/staging.varesenews.it\/\",\"name\":\"VareseNews\",\"description\":\"\",\"potentialAction\":[{\"@type\":\"SearchAction\",\"target\":{\"@type\":\"EntryPoint\",\"urlTemplate\":\"https:\/\/staging.varesenews.it\/?s={search_term_string}\"},\"query-input\":\"required name=search_term_string\"}],\"inLanguage\":\"it-IT\"},{\"@type\":\"Person\",\"@id\":\"https:\/\/staging.varesenews.it\/#\/schema\/person\/862743a45f2663f7148a8b4bcbd05230\",\"name\":\"Alessandro Guglielmi\",\"image\":{\"@type\":\"ImageObject\",\"inLanguage\":\"it-IT\",\"@id\":\"https:\/\/staging.varesenews.it\/#\/schema\/person\/image\/\",\"url\":\"https:\/\/staging.varesenews.it\/wp-content\/uploads\/2020\/12\/alessandro_guglielmi_colori_500.jpg\",\"contentUrl\":\"https:\/\/staging.varesenews.it\/wp-content\/uploads\/2020\/12\/alessandro_guglielmi_colori_500.jpg\",\"caption\":\"Alessandro Guglielmi\"},\"description\":\"Studente classe 1997 collaboro con VareseNews dal 2018. Mi occupo di cronaca, di universit&agrave;, ma soprattutto racconto quel territorio fatto di boschi, piccoli borghi e costellato dai laghi che chiamo casa. Fin da piccolo ho sempre avuto un gran voglia di imparare, nello studio, nel mio lavoro, ma anche nelle arti marziali e in ognuna delle mie passioni. Convinto che ogni persona abbia qualcosa da insegnare, resto sempre aperto all'ascolto, pronto a cogliere lo straordinario anche nei piccoli gesti di tutti i giorni.\",\"url\":\"https:\/\/staging.varesenews.it\/persona\/ale-guglielmi1\/\"}]}<\/script>\n<!-- \/ Yoast SEO plugin. -->","yoast_head_json":{"title":"Comabbio tende una mano per aiutare l'Ucraina","description":"Gli Amici della Scala santa di Comabbio hanno lanciato una raccolta di beni di prima necessit\u00e0 insieme a molte delle attivit\u00e0 commerciali del paese","robots":{"index":"noindex","follow":"follow","max-snippet":"max-snippet:-1","max-image-preview":"max-image-preview:large","max-video-preview":"max-video-preview:-1"},"og_locale":"it_IT","og_type":"article","og_title":"Comabbio tende una mano per aiutare l'Ucraina","og_description":"Gli Amici della Scala santa di Comabbio hanno lanciato una raccolta di beni di prima necessit\u00e0 insieme a molte delle attivit\u00e0 commerciali del paese","og_url":"https:\/\/staging.varesenews.it\/2022\/03\/comabbio-tende-mano-aiutare-lucraina\/1437244\/","og_site_name":"VareseNews","article_publisher":"https:\/\/www.facebook.com\/varesenews","article_published_time":"2022-03-10T16:53:35+00:00","author":"Alessandro Guglielmi","twitter_card":"summary_large_image","twitter_creator":"@varesenews","twitter_site":"@varesenews","twitter_misc":{"Scritto da":"Alessandro Guglielmi","Tempo di lettura stimato":"2 minuti"},"schema":{"@context":"https:\/\/schema.org","@graph":[{"@type":"WebPage","@id":"https:\/\/staging.varesenews.it\/2022\/03\/comabbio-tende-mano-aiutare-lucraina\/1437244\/","url":"https:\/\/staging.varesenews.it\/2022\/03\/comabbio-tende-mano-aiutare-lucraina\/1437244\/","name":"Comabbio tende una mano per aiutare l'Ucraina","isPartOf":{"@id":"https:\/\/staging.varesenews.it\/#website"},"datePublished":"2022-03-10T16:53:35+00:00","dateModified":"2022-03-10T16:53:35+00:00","author":{"@id":"https:\/\/staging.varesenews.it\/#\/schema\/person\/862743a45f2663f7148a8b4bcbd05230"},"description":"Gli Amici della Scala santa di Comabbio hanno lanciato una raccolta di beni di prima necessit\u00e0 insieme a molte delle attivit\u00e0 commerciali del paese","breadcrumb":{"@id":"https:\/\/staging.varesenews.it\/2022\/03\/comabbio-tende-mano-aiutare-lucraina\/1437244\/#breadcrumb"},"inLanguage":"it-IT","potentialAction":[{"@type":"ReadAction","target":["https:\/\/staging.varesenews.it\/2022\/03\/comabbio-tende-mano-aiutare-lucraina\/1437244\/"]}]},{"@type":"BreadcrumbList","@id":"https:\/\/staging.varesenews.it\/2022\/03\/comabbio-tende-mano-aiutare-lucraina\/1437244\/#breadcrumb","itemListElement":[{"@type":"ListItem","position":1,"name":"Home","item":"https:\/\/www.varesenews.it\/"},{"@type":"ListItem","position":2,"name":"Comabbio tende una mano per aiutare l&#8217;Ucraina"}]},{"@type":"WebSite","@id":"https:\/\/staging.varesenews.it\/#website","url":"https:\/\/staging.varesenews.it\/","name":"VareseNews","description":"","potentialAction":[{"@type":"SearchAction","target":{"@type":"EntryPoint","urlTemplate":"https:\/\/staging.varesenews.it\/?s={search_term_string}"},"query-input":"required name=search_term_string"}],"inLanguage":"it-IT"},{"@type":"Person","@id":"https:\/\/staging.varesenews.it\/#\/schema\/person\/862743a45f2663f7148a8b4bcbd05230","name":"Alessandro Guglielmi","image":{"@type":"ImageObject","inLanguage":"it-IT","@id":"https:\/\/staging.varesenews.it\/#\/schema\/person\/image\/","url":"https:\/\/staging.varesenews.it\/wp-content\/uploads\/2020\/12\/alessandro_guglielmi_colori_500.jpg","contentUrl":"https:\/\/staging.varesenews.it\/wp-content\/uploads\/2020\/12\/alessandro_guglielmi_colori_500.jpg","caption":"Alessandro Guglielmi"},"description":"Studente classe 1997 collaboro con VareseNews dal 2018. Mi occupo di cronaca, di universit&agrave;, ma soprattutto racconto quel territorio fatto di boschi, piccoli borghi e costellato dai laghi che chiamo casa. Fin da piccolo ho sempre avuto un gran voglia di imparare, nello studio, nel mio lavoro, ma anche nelle arti marziali e in ognuna delle mie passioni. Convinto che ogni persona abbia qualcosa da insegnare, resto sempre aperto all'ascolto, pronto a cogliere lo straordinario anche nei piccoli gesti di tutti i giorni.","url":"https:\/\/staging.varesenews.it\/persona\/ale-guglielmi1\/"}]}},"post_meta":{"_edit_lock":"1646931430:12163","_edit_last":"12163","_category_permalink":"a:1:{s:8:\"category\";s:0:\"\";}","foto":"1282759","argomento":"Comabbio","_yoast_wpseo_focuskw_text_input":"comabbio ucraina","_yoast_wpseo_focuskw":"comabbio ucraina","_yoast_wpseo_linkdex":"58","_yoast_wpseo_content_score":"30","_jd_tweet_this":"yes","_encloseme":"1","ratings_users":"0","ratings_score":"0","ratings_average":"0","_wpt_short_url":"https:\/\/www.varesenews.it\/2022\/03\/comabbio-tende-mano-aiutare-lucraina\/1437244\/","_wp_jd_target":"https:\/\/www.varesenews.it\/2022\/03\/comabbio-tende-mano-aiutare-lucraina\/1437244\/","_jd_wp_twitter":"a:1:{i:0;s:128:\"Comabbio tende una mano per aiutare l\u2019Ucraina https:\/\/www.varesenews.it\/2022\/03\/comabbio-tende-mano-aiutare-lucraina\/1437244\/ \";}","_wpt_status_message":"Tweet inviato con successo.","_oembed_635f2e14b249fe5fc591a2ee5ea41a09":"<blockquote class=\"wp-embedded-content\" data-secret=\"vEOs4dwFrd\"><a href=\"https:\/\/www.varesenews.it\/2022\/03\/davide-van-de-sfroos-torna-al-teatro-varese-maader-folk-tour\/1436941\/\">Davide Van De Sfroos torna al Teatro di Varese con il &#8220;Maader Folk Tour&#8221;<\/a><\/blockquote><iframe class=\"wp-embedded-content\" sandbox=\"allow-scripts\" security=\"restricted\" style=\"position: absolute; clip: rect(1px, 1px, 1px, 1px);\" src=\"https:\/\/www.varesenews.it\/2022\/03\/davide-van-de-sfroos-torna-al-teatro-varese-maader-folk-tour\/1436941\/embed\/#?secret=vEOs4dwFrd\" data-secret=\"vEOs4dwFrd\" width=\"500\" height=\"282\" title=\"&#8220;Davide Van De Sfroos torna al Teatro di Varese con il &#8220;Maader Folk Tour&#8221;&#8221; &#8212; VareseNews\" frameborder=\"0\" marginwidth=\"0\" marginheight=\"0\" scrolling=\"no\"><\/iframe>","_oembed_time_635f2e14b249fe5fc591a2ee5ea41a09":"1646931387","_oembed_f518db79540310c30afd951e999dd602":"<blockquote class=\"wp-embedded-content\" data-secret=\"vpf4NJGiMe\"><a href=\"https:\/\/www.varesenews.it\/2022\/01\/parte-castiglione-olona-petizione-degli-amici-della-valmorea-salvare-lantica-ferrovia\/1416765\/\">Parte da Castiglione Olona una petizione degli Amici della Valmorea per salvare l&#8217;antica ferrovia<\/a><\/blockquote><iframe class=\"wp-embedded-content\" sandbox=\"allow-scripts\" security=\"restricted\" style=\"position: absolute; clip: rect(1px, 1px, 1px, 1px);\" src=\"https:\/\/www.varesenews.it\/2022\/01\/parte-castiglione-olona-petizione-degli-amici-della-valmorea-salvare-lantica-ferrovia\/1416765\/embed\/#?secret=vpf4NJGiMe\" data-secret=\"vpf4NJGiMe\" width=\"500\" height=\"282\" title=\"&#8220;Parte da Castiglione Olona una petizione degli Amici della Valmorea per salvare l&#8217;antica ferrovia&#8221; &#8212; VareseNews\" frameborder=\"0\" marginwidth=\"0\" marginheight=\"0\" scrolling=\"no\"><\/iframe>","_oembed_time_f518db79540310c30afd951e999dd602":"1646931387","_oembed_4811b179466f025bb9d4bfffb75b810b":"<blockquote class=\"wp-embedded-content\" data-secret=\"U96gk1LI5G\"><a href=\"https:\/\/www.varesenews.it\/2022\/03\/prezzi-impazziti-la-benzina-aumenta-varese-italia-letteralmente-vistadocchio-benzina\/1436697\/\">Prezzi impazziti: la benzina aumenta &#8211; a Varese e in Italia &#8211;  letteralmente &#8220;a vista d&#8217;occhio&#8221;<\/a><\/blockquote><iframe class=\"wp-embedded-content\" sandbox=\"allow-scripts\" security=\"restricted\" style=\"position: absolute; clip: rect(1px, 1px, 1px, 1px);\" src=\"https:\/\/www.varesenews.it\/2022\/03\/prezzi-impazziti-la-benzina-aumenta-varese-italia-letteralmente-vistadocchio-benzina\/1436697\/embed\/#?secret=U96gk1LI5G\" data-secret=\"U96gk1LI5G\" width=\"500\" height=\"282\" title=\"&#8220;Prezzi impazziti: la benzina aumenta &#8211; a Varese e in Italia &#8211;  letteralmente &#8220;a vista d&#8217;occhio&#8221;&#8221; &#8212; VareseNews\" frameborder=\"0\" marginwidth=\"0\" marginheight=\"0\" scrolling=\"no\"><\/iframe>","_oembed_time_4811b179466f025bb9d4bfffb75b810b":"1646931387","_oembed_5db3633a9af1e72a857d89315fb9c27e":"<blockquote class=\"wp-embedded-content\" data-secret=\"5gXUU4ozPz\"><a href=\"https:\/\/www.varesenews.it\/2022\/03\/marnate-milana-ucraina\/1436476\/\">Elena e Laura partono da Marnate per recuperare Milana, la loro \u201csorella d\u2019Ucraina\u201d<\/a><\/blockquote><iframe class=\"wp-embedded-content\" sandbox=\"allow-scripts\" security=\"restricted\" style=\"position: absolute; clip: rect(1px, 1px, 1px, 1px);\" src=\"https:\/\/www.varesenews.it\/2022\/03\/marnate-milana-ucraina\/1436476\/embed\/#?secret=5gXUU4ozPz\" data-secret=\"5gXUU4ozPz\" width=\"500\" height=\"282\" title=\"&#8220;Elena e Laura partono da Marnate per recuperare Milana, la loro \u201csorella d\u2019Ucraina\u201d&#8221; &#8212; VareseNews\" frameborder=\"0\" marginwidth=\"0\" marginheight=\"0\" scrolling=\"no\"><\/iframe>","_oembed_time_5db3633a9af1e72a857d89315fb9c27e":"1646931610","_oembed_9427f9f23d0f4dc9758cef9b11e1abdb":"<blockquote class=\"wp-embedded-content\" data-secret=\"BotFr9d9tL\"><a href=\"https:\/\/www.varesenews.it\/2022\/03\/casaringhio-profughi-ucraini-aiutateci-ad-aiutare\/1434844\/\">Casaringhio per i profughi ucraini: &#8220;Aiutateci ad aiutare&#8221;<\/a><\/blockquote><iframe class=\"wp-embedded-content\" sandbox=\"allow-scripts\" security=\"restricted\" style=\"position: absolute; clip: rect(1px, 1px, 1px, 1px);\" src=\"https:\/\/www.varesenews.it\/2022\/03\/casaringhio-profughi-ucraini-aiutateci-ad-aiutare\/1434844\/embed\/#?secret=BotFr9d9tL\" data-secret=\"BotFr9d9tL\" width=\"500\" height=\"282\" title=\"&#8220;Casaringhio per i profughi ucraini: &#8220;Aiutateci ad aiutare&#8221;&#8221; &#8212; VareseNews\" frameborder=\"0\" marginwidth=\"0\" marginheight=\"0\" scrolling=\"no\"><\/iframe>","_oembed_time_9427f9f23d0f4dc9758cef9b11e1abdb":"1646931610","_oembed_2e296db476ecd76cd565048e74668d44":"<blockquote class=\"wp-embedded-content\" data-secret=\"3hUN0DliKN\"><a href=\"https:\/\/www.varesenews.it\/2016\/05\/e-anna-gervasoni-la-vera-star-della-liuc\/514644\/\">\u00c8 Anna Gervasoni la vera star della Liuc<\/a><\/blockquote><iframe class=\"wp-embedded-content\" sandbox=\"allow-scripts\" security=\"restricted\" style=\"position: absolute; clip: rect(1px, 1px, 1px, 1px);\" src=\"https:\/\/www.varesenews.it\/2016\/05\/e-anna-gervasoni-la-vera-star-della-liuc\/514644\/embed\/#?secret=3hUN0DliKN\" data-secret=\"3hUN0DliKN\" width=\"500\" height=\"282\" title=\"&#8220;\u00c8 Anna Gervasoni la vera star della Liuc&#8221; &#8212; VareseNews\" frameborder=\"0\" marginwidth=\"0\" marginheight=\"0\" scrolling=\"no\"><\/iframe>","_oembed_time_2e296db476ecd76cd565048e74668d44":"1646931610"},"photos":[{"original":"https:\/\/staging.varesenews.it\/photogallery_new\/images\/2022\/03\/ucraina-guerra-1282759.jpg","full":"https:\/\/staging.varesenews.it\/photogallery_new\/images\/2022\/03\/ucraina-guerra-1282759.1024x768.jpg","large":"https:\/\/staging.varesenews.it\/photogallery_new\/images\/2022\/03\/ucraina-guerra-1282759.610x431.jpg"}],"_links":{"self":[{"href":"https:\/\/staging.varesenews.it\/swgapi\/v1\/wp\/v2\/posts\/1437244"}],"collection":[{"href":"https:\/\/staging.varesenews.it\/swgapi\/v1\/wp\/v2\/posts"}],"about":[{"href":"https:\/\/staging.varesenews.it\/swgapi\/v1\/wp\/v2\/types\/post"}],"author":[{"embeddable":true,"href":"https:\/\/staging.varesenews.it\/swgapi\/v1\/wp\/v2\/users\/12163"}],"replies":[{"embeddable":true,"href":"https:\/\/staging.varesenews.it\/swgapi\/v1\/wp\/v2\/comments?post=1437244"}],"version-history":[{"count":0,"href":"https:\/\/staging.varesenews.it\/swgapi\/v1\/wp\/v2\/posts\/1437244\/revisions"}],"wp:attachment":[{"href":"https:\/\/staging.varesenews.it\/swgapi\/v1\/wp\/v2\/media?parent=1437244"}],"wp:term":[{"taxonomy":"category","embeddable":true,"href":"https:\/\/staging.varesenews.it\/swgapi\/v1\/wp\/v2\/categories?post=1437244"},{"taxonomy":"post_tag","embeddable":true,"href":"https:\/\/staging.varesenews.it\/swgapi\/v1\/wp\/v2\/tags?post=1437244"}],"curies":[{"name":"wp","href":"https:\/\/api.w.org\/{rel}","templated":true}]}}