{"id":1437769,"date":"2022-03-12T13:00:31","date_gmt":"2022-03-12T12:00:31","guid":{"rendered":"https:\/\/www.varesenews.it\/?p=1437769"},"modified":"2022-03-12T15:38:40","modified_gmt":"2022-03-12T14:38:40","slug":"benzina-diesel-svizzera-prezzo","status":"publish","type":"post","link":"https:\/\/staging.varesenews.it\/2022\/03\/benzina-diesel-svizzera-prezzo\/1437769\/","title":{"rendered":"Anche in Svizzera la benzina e il gasolio alla soglia dei 2 euro"},"content":{"rendered":"<p><strong>In Svizzera<\/strong> al confine <strong>la benzina sta appena sotto 2 euro, ma di pochissimo<\/strong>. Mentre non c&#8217;\u00e8 salvezza per il gasolio, ormai attestato ben oltre la soglia psicologica del numero che inizia per 2 <em>(foto di apertura: Stabio-Gaggiolo, 9 marzo)<\/em>.<\/p>\n<p><strong>Succede prima di tutto al confine con l&#8217;Italia<\/strong>, dove i distributori sono stati anche presi d&#8217;assalto da tanti che pensavano di trovare prezzi molto convenienti. Ma &#8211; <a href=\"https:\/\/www.varesenews.it\/2022\/03\/prezzo-benzina-livigno\/1437364\/\">al di l\u00e0 della polemica su tasse e accise<\/a> &#8211; la dinamica dei prezzi \u00e8 di tutta Europa e non esistono enormi differenze anche se ovviamente la trasferta pu\u00f2 valere ancora.<\/p>\n<p>In tanti ci pensano, ad andare al Gaggiolo o a Ponte Tresa o <a href=\"https:\/\/it.wikipedia.org\/wiki\/Chiasso\" target=\"_blank\" rel=\"noopener\">Chiasso<\/a>, per stare ai valichi pi\u00f9 noti.<strong> \u00abQuesta \u00e8 l&#8217;ultima volta che rispondo, altrimenti passo pi\u00f9 tempo a dare informazioni che a lavorare<\/strong>\u00bb ci dice chi risponde da un distributore poco oltre la dogana di <strong>Stabio<\/strong>, nel Mendrisiotto.<strong> Il prezzo? 1.95 la benzina, 2.07 il gasolio<\/strong>. Poco oltre si passa a 1.96 per la benzina, mentre il Diesel costa un cent di meno, 2.06. \u00a0<strong>\u00abSi sono abbassati un po&#8217; rispetto a ieri\u00bb<\/strong> ci spiegano al telefono.<\/p>\n<p><a href=\"https:\/\/www.varesenews.it\/2022\/03\/prezzi-impazziti-la-benzina-aumenta-varese-italia-letteralmente-vistadocchio-benzina\/1436697\/\">Come nel Varesotto<\/a>, <strong>la settimana \u00e8 stata all&#8217;insegna degli aumenti continui di giorni in giorno<\/strong>, cosicch\u00e9 non valgono a molto le segnalazioni di luned\u00ec o marted\u00ec, ampiamente superare dagli eventi.<br \/>\nA <strong>Ponte Tresa<\/strong> la rilevazione (empirica, non abbiamo verificato certo tutti) al distributore di una catena riferisce della benzina a\u00a01.99 diesel, con il Diesel a 2.14. N\u00e8 meglio va pi\u00f9 a Nord, all&#8217;interno del cantone: a <strong>Lugano<\/strong> o <strong>Bellinzona<\/strong> per esempio la benzina \u00e8 in molti punti oltre i due euro. Ultima rilevazione in un grande <strong>punto di rifornimento di Bellinzona:\u00a0benzina a 2.09, il Diesel a 2.25<\/strong>.<\/p>\n<div class=\"related-posts related-01\"><h4>Leggi anche<\/h4><ul><li><a title=\"&#8220;Benzina alle stelle, prendo la bici&#8221;. Ecco come fare\" target=\"_blank\" href=\"https:\/\/staging.varesenews.it\/2022\/03\/benzina-preparare-bicicletta\/1437403\/\"><strong>Mobilit\u00e0 <\/strong> - &#8220;Benzina alle stelle, prendo la bici&#8221;. Ecco come fare<\/a><\/li><li><a title=\"L&#8217;unico posto d&#8217;Italia dove la benzina oggi costa 1,36 euro al litro\" target=\"_blank\" href=\"https:\/\/staging.varesenews.it\/2022\/03\/prezzo-benzina-livigno\/1437364\/\"><strong>Livigno (So) <\/strong> - L&#8217;unico posto d&#8217;Italia dove la benzina oggi costa 1,36 euro al litro<\/a><\/li><\/ul><\/div>\n<p>Prezzi appunto appena pi\u00f9 bassi di quelli di <strong>gioved\u00ec o venerd\u00ec, quando &#8211; confermano alcuni gestori &#8211; c&#8217;\u00e8 stata l&#8217;impennata pi\u00f9 significativa<\/strong>, poi appena riassorbita nel giorno di sabato.<\/p>\n<p>Al di l\u00e0 del caso del Ticino, <strong>la dinamica fuori controllo del prezzo dei carburanti \u00e8 questione anche europea<\/strong>, con aumenti improvvisi nell&#8217;arco della settimana. Tra i Paesi dove la benzina costa di pi\u00f9 c&#8217;\u00e8 la Germania, in questo momento anche molto esposta sul fronte energetico (per la dipendenza da gas russo, come l&#8217;Italia; foto sotto: Colonia).<\/p>\n<div class=\"photo-inside-post\"><img decoding=\"async\" loading=\"lazy\" fetchpriority=\"low\" width=\"610\" height=\"431\" src=\"https:\/\/staging.varesenews.it\/photogallery_new\/images\/2022\/03\/generica-2020-1285323.610x431.jpg\" alt=\"Generica 2020\"><\/div>\n","protected":false},"excerpt":{"rendered":"<p>Nella fascia di confine, ma anche pi\u00f9 a Nord: la benzina nella giornata di sabato \u00e8 tornata sotto la soglia psicologica del 2, ma sul gasolio non c&#8217;\u00e8 margine. In Italia ce la si prende molto con tasse e accise, ma il costo dei carburanti sta impattando su tutta Europa<\/p>\n","protected":false},"author":46,"featured_media":0,"comment_status":"open","ping_status":"open","sticky":false,"template":"","format":"standard","meta":{"footnotes":""},"categories":[8,15],"tags":[3518,73935,121636],"acf":[],"yoast_head":"<!-- This site is optimized with the Yoast SEO plugin v20.1 - https:\/\/yoast.com\/wordpress\/plugins\/seo\/ -->\n<title>Anche in Svizzera la benzina e il gasolio alla soglia dei 2 euro<\/title>\n<meta name=\"description\" content=\"Nella fascia di confine, ma anche pi\u00f9 a Nord: la benzina nella giornata di sabato \u00e8 tornata sotto la soglia psicologica del 2, ma sul gasolio non c&#039;\u00e8 margine. In Italia ce la si prende molto con tasse e accise, ma il costo dei carburanti sta impattando su tutta Europa\" \/>\n<meta name=\"robots\" content=\"noindex, follow, max-snippet:-1, max-image-preview:large, max-video-preview:-1\" \/>\n<meta property=\"og:locale\" content=\"it_IT\" \/>\n<meta property=\"og:type\" content=\"article\" \/>\n<meta property=\"og:title\" content=\"Anche in Svizzera la benzina e il gasolio alla soglia dei 2 euro\" \/>\n<meta property=\"og:description\" content=\"Nella fascia di confine, ma anche pi\u00f9 a Nord: la benzina nella giornata di sabato \u00e8 tornata sotto la soglia psicologica del 2, ma sul gasolio non c&#039;\u00e8 margine. In Italia ce la si prende molto con tasse e accise, ma il costo dei carburanti sta impattando su tutta Europa\" \/>\n<meta property=\"og:url\" content=\"https:\/\/www.varesenews.it\/2022\/03\/benzina-diesel-svizzera-prezzo\/1437769\/\" \/>\n<meta property=\"og:site_name\" content=\"VareseNews\" \/>\n<meta property=\"article:publisher\" content=\"https:\/\/www.facebook.com\/varesenews\" \/>\n<meta property=\"article:published_time\" content=\"2022-03-12T12:00:31+00:00\" \/>\n<meta property=\"article:modified_time\" content=\"2022-03-12T14:38:40+00:00\" \/>\n<meta name=\"author\" content=\"Roberto Morandi\" \/>\n<meta name=\"twitter:card\" content=\"summary_large_image\" \/>\n<meta name=\"twitter:creator\" content=\"@ilmorands\" \/>\n<meta name=\"twitter:site\" content=\"@varesenews\" \/>\n<meta name=\"twitter:label1\" content=\"Scritto da\" \/>\n\t<meta name=\"twitter:data1\" content=\"Roberto Morandi\" \/>\n\t<meta name=\"twitter:label2\" content=\"Tempo di lettura stimato\" \/>\n\t<meta name=\"twitter:data2\" content=\"2 minuti\" \/>\n<script type=\"application\/ld+json\" class=\"yoast-schema-graph\">{\"@context\":\"https:\/\/schema.org\",\"@graph\":[{\"@type\":\"WebPage\",\"@id\":\"https:\/\/www.varesenews.it\/2022\/03\/benzina-diesel-svizzera-prezzo\/1437769\/\",\"url\":\"https:\/\/www.varesenews.it\/2022\/03\/benzina-diesel-svizzera-prezzo\/1437769\/\",\"name\":\"Anche in Svizzera la benzina e il gasolio alla soglia dei 2 euro\",\"isPartOf\":{\"@id\":\"https:\/\/staging.varesenews.it\/#website\"},\"datePublished\":\"2022-03-12T12:00:31+00:00\",\"dateModified\":\"2022-03-12T14:38:40+00:00\",\"author\":{\"@id\":\"https:\/\/staging.varesenews.it\/#\/schema\/person\/efe592ae4c76536b551f89d8b6674bc3\"},\"description\":\"Nella fascia di confine, ma anche pi\u00f9 a Nord: la benzina nella giornata di sabato \u00e8 tornata sotto la soglia psicologica del 2, ma sul gasolio non c'\u00e8 margine. In Italia ce la si prende molto con tasse e accise, ma il costo dei carburanti sta impattando su tutta Europa\",\"breadcrumb\":{\"@id\":\"https:\/\/www.varesenews.it\/2022\/03\/benzina-diesel-svizzera-prezzo\/1437769\/#breadcrumb\"},\"inLanguage\":\"it-IT\",\"potentialAction\":[{\"@type\":\"ReadAction\",\"target\":[\"https:\/\/www.varesenews.it\/2022\/03\/benzina-diesel-svizzera-prezzo\/1437769\/\"]}]},{\"@type\":\"BreadcrumbList\",\"@id\":\"https:\/\/www.varesenews.it\/2022\/03\/benzina-diesel-svizzera-prezzo\/1437769\/#breadcrumb\",\"itemListElement\":[{\"@type\":\"ListItem\",\"position\":1,\"name\":\"Home\",\"item\":\"https:\/\/www.varesenews.it\/\"},{\"@type\":\"ListItem\",\"position\":2,\"name\":\"Anche in Svizzera la benzina e il gasolio alla soglia dei 2 euro\"}]},{\"@type\":\"WebSite\",\"@id\":\"https:\/\/staging.varesenews.it\/#website\",\"url\":\"https:\/\/staging.varesenews.it\/\",\"name\":\"VareseNews\",\"description\":\"\",\"potentialAction\":[{\"@type\":\"SearchAction\",\"target\":{\"@type\":\"EntryPoint\",\"urlTemplate\":\"https:\/\/staging.varesenews.it\/?s={search_term_string}\"},\"query-input\":\"required name=search_term_string\"}],\"inLanguage\":\"it-IT\"},{\"@type\":\"Person\",\"@id\":\"https:\/\/staging.varesenews.it\/#\/schema\/person\/efe592ae4c76536b551f89d8b6674bc3\",\"name\":\"Roberto Morandi\",\"image\":{\"@type\":\"ImageObject\",\"inLanguage\":\"it-IT\",\"@id\":\"https:\/\/staging.varesenews.it\/#\/schema\/person\/image\/\",\"url\":\"https:\/\/staging.varesenews.it\/wp-content\/uploads\/2020\/12\/roberto_morandi_colori_500.jpg\",\"contentUrl\":\"https:\/\/staging.varesenews.it\/wp-content\/uploads\/2020\/12\/roberto_morandi_colori_500.jpg\",\"caption\":\"Roberto Morandi\"},\"description\":\"Classe 1980, laureato in storia, mi occupo dell&rsquo;area di Gallarate e di Malpensa, di trasporti e mobilit&agrave;. Amo molto la dimensione della citt&agrave;, come luogo d&rsquo;incontro di persone diverse e come organismo che si trasforma costantemente. Mi piace anche raccontare le piccole e grandi vicende, anche locali, che compongono la Storia con la S maiuscola. Appassionato di bicicletta: la macchina perfetta per muoversi in citt&agrave; e per viaggiare.\",\"sameAs\":[\"https:\/\/twitter.com\/ilmorands\"],\"url\":\"https:\/\/staging.varesenews.it\/persona\/roberto-morandi1\/\"}]}<\/script>\n<!-- \/ Yoast SEO plugin. -->","yoast_head_json":{"title":"Anche in Svizzera la benzina e il gasolio alla soglia dei 2 euro","description":"Nella fascia di confine, ma anche pi\u00f9 a Nord: la benzina nella giornata di sabato \u00e8 tornata sotto la soglia psicologica del 2, ma sul gasolio non c'\u00e8 margine. In Italia ce la si prende molto con tasse e accise, ma il costo dei carburanti sta impattando su tutta Europa","robots":{"index":"noindex","follow":"follow","max-snippet":"max-snippet:-1","max-image-preview":"max-image-preview:large","max-video-preview":"max-video-preview:-1"},"og_locale":"it_IT","og_type":"article","og_title":"Anche in Svizzera la benzina e il gasolio alla soglia dei 2 euro","og_description":"Nella fascia di confine, ma anche pi\u00f9 a Nord: la benzina nella giornata di sabato \u00e8 tornata sotto la soglia psicologica del 2, ma sul gasolio non c'\u00e8 margine. In Italia ce la si prende molto con tasse e accise, ma il costo dei carburanti sta impattando su tutta Europa","og_url":"https:\/\/www.varesenews.it\/2022\/03\/benzina-diesel-svizzera-prezzo\/1437769\/","og_site_name":"VareseNews","article_publisher":"https:\/\/www.facebook.com\/varesenews","article_published_time":"2022-03-12T12:00:31+00:00","article_modified_time":"2022-03-12T14:38:40+00:00","author":"Roberto Morandi","twitter_card":"summary_large_image","twitter_creator":"@ilmorands","twitter_site":"@varesenews","twitter_misc":{"Scritto da":"Roberto Morandi","Tempo di lettura stimato":"2 minuti"},"schema":{"@context":"https:\/\/schema.org","@graph":[{"@type":"WebPage","@id":"https:\/\/www.varesenews.it\/2022\/03\/benzina-diesel-svizzera-prezzo\/1437769\/","url":"https:\/\/www.varesenews.it\/2022\/03\/benzina-diesel-svizzera-prezzo\/1437769\/","name":"Anche in Svizzera la benzina e il gasolio alla soglia dei 2 euro","isPartOf":{"@id":"https:\/\/staging.varesenews.it\/#website"},"datePublished":"2022-03-12T12:00:31+00:00","dateModified":"2022-03-12T14:38:40+00:00","author":{"@id":"https:\/\/staging.varesenews.it\/#\/schema\/person\/efe592ae4c76536b551f89d8b6674bc3"},"description":"Nella fascia di confine, ma anche pi\u00f9 a Nord: la benzina nella giornata di sabato \u00e8 tornata sotto la soglia psicologica del 2, ma sul gasolio non c'\u00e8 margine. In Italia ce la si prende molto con tasse e accise, ma il costo dei carburanti sta impattando su tutta Europa","breadcrumb":{"@id":"https:\/\/www.varesenews.it\/2022\/03\/benzina-diesel-svizzera-prezzo\/1437769\/#breadcrumb"},"inLanguage":"it-IT","potentialAction":[{"@type":"ReadAction","target":["https:\/\/www.varesenews.it\/2022\/03\/benzina-diesel-svizzera-prezzo\/1437769\/"]}]},{"@type":"BreadcrumbList","@id":"https:\/\/www.varesenews.it\/2022\/03\/benzina-diesel-svizzera-prezzo\/1437769\/#breadcrumb","itemListElement":[{"@type":"ListItem","position":1,"name":"Home","item":"https:\/\/www.varesenews.it\/"},{"@type":"ListItem","position":2,"name":"Anche in Svizzera la benzina e il gasolio alla soglia dei 2 euro"}]},{"@type":"WebSite","@id":"https:\/\/staging.varesenews.it\/#website","url":"https:\/\/staging.varesenews.it\/","name":"VareseNews","description":"","potentialAction":[{"@type":"SearchAction","target":{"@type":"EntryPoint","urlTemplate":"https:\/\/staging.varesenews.it\/?s={search_term_string}"},"query-input":"required name=search_term_string"}],"inLanguage":"it-IT"},{"@type":"Person","@id":"https:\/\/staging.varesenews.it\/#\/schema\/person\/efe592ae4c76536b551f89d8b6674bc3","name":"Roberto Morandi","image":{"@type":"ImageObject","inLanguage":"it-IT","@id":"https:\/\/staging.varesenews.it\/#\/schema\/person\/image\/","url":"https:\/\/staging.varesenews.it\/wp-content\/uploads\/2020\/12\/roberto_morandi_colori_500.jpg","contentUrl":"https:\/\/staging.varesenews.it\/wp-content\/uploads\/2020\/12\/roberto_morandi_colori_500.jpg","caption":"Roberto Morandi"},"description":"Classe 1980, laureato in storia, mi occupo dell&rsquo;area di Gallarate e di Malpensa, di trasporti e mobilit&agrave;. Amo molto la dimensione della citt&agrave;, come luogo d&rsquo;incontro di persone diverse e come organismo che si trasforma costantemente. Mi piace anche raccontare le piccole e grandi vicende, anche locali, che compongono la Storia con la S maiuscola. Appassionato di bicicletta: la macchina perfetta per muoversi in citt&agrave; e per viaggiare.","sameAs":["https:\/\/twitter.com\/ilmorands"],"url":"https:\/\/staging.varesenews.it\/persona\/roberto-morandi1\/"}]}},"post_meta":{"_edit_lock":"1647102132:46","_edit_last":"46","_category_permalink":"a:1:{s:8:\"category\";s:1:\"8\";}","_encloseme":"1","ratings_users":"0","ratings_score":"0","ratings_average":"0","foto":"1285324","firma_come_redazione":"1","argomento":"Economia","_yoast_wpseo_focuskw_text_input":"benzina","_yoast_wpseo_focuskw":"benzina","_yoast_wpseo_linkdex":"82","_yoast_wpseo_content_score":"30","_jd_tweet_this":"yes","_wpt_short_url":"https:\/\/www.varesenews.it\/2022\/03\/benzina-diesel-svizzera-prezzo\/1437769\/","_wp_jd_target":"https:\/\/www.varesenews.it\/2022\/03\/benzina-diesel-svizzera-prezzo\/1437769\/","_jd_wp_twitter":"a:1:{i:0;s:176:\"Anche in Svizzera la benzina e il gasolio alla soglia dei 2 euro https:\/\/www.varesenews.it\/2022\/03\/benzina-diesel-svizzera-prezzo\/1437769\/ #benzina #CantonTicino #prezzobenzina\";}","_wpt_status_message":"Tweet inviato con successo.","_oembed_58d640c1f8149d33bd4f37b2b19ee3f0":"<blockquote class=\"wp-embedded-content\" data-secret=\"nIGvp776Jd\"><a href=\"https:\/\/www.varesenews.it\/2022\/01\/il-ladro-gourmet-libreria-ragazzi\/1416767\/\">Il Ladro Gourmet \u00e8 in libreria per i ragazzi<\/a><\/blockquote><iframe class=\"wp-embedded-content\" sandbox=\"allow-scripts\" security=\"restricted\" style=\"position: absolute; clip: rect(1px, 1px, 1px, 1px);\" src=\"https:\/\/www.varesenews.it\/2022\/01\/il-ladro-gourmet-libreria-ragazzi\/1416767\/embed\/#?secret=nIGvp776Jd\" data-secret=\"nIGvp776Jd\" width=\"500\" height=\"282\" title=\"&#8220;Il Ladro Gourmet \u00e8 in libreria per i ragazzi&#8221; &#8212; VareseNews\" frameborder=\"0\" marginwidth=\"0\" marginheight=\"0\" scrolling=\"no\"><\/iframe>","_oembed_time_58d640c1f8149d33bd4f37b2b19ee3f0":"1647086752","_oembed_fe6e7942de2d4b9835f6d42ca9ab717c":"<blockquote class=\"wp-embedded-content\" data-secret=\"hBW63YOD3p\"><a href=\"https:\/\/www.varesenews.it\/2022\/03\/eventi-bambini-nel-weekend-dal-11-al-13-marzo-varese-provincia\/1437402\/\">Eventi per bambini nel weekend dal 11 al 13 marzo tra Varese e provincia<\/a><\/blockquote><iframe class=\"wp-embedded-content\" sandbox=\"allow-scripts\" security=\"restricted\" style=\"position: absolute; clip: rect(1px, 1px, 1px, 1px);\" src=\"https:\/\/www.varesenews.it\/2022\/03\/eventi-bambini-nel-weekend-dal-11-al-13-marzo-varese-provincia\/1437402\/embed\/#?secret=hBW63YOD3p\" data-secret=\"hBW63YOD3p\" width=\"500\" height=\"282\" title=\"&#8220;Eventi per bambini nel weekend dal 11 al 13 marzo tra Varese e provincia&#8221; &#8212; VareseNews\" frameborder=\"0\" marginwidth=\"0\" marginheight=\"0\" scrolling=\"no\"><\/iframe>","_oembed_time_fe6e7942de2d4b9835f6d42ca9ab717c":"1647086752","_oembed_b63cf0e4224eab58667373bdc1a6aef8":"<blockquote class=\"wp-embedded-content\" data-secret=\"L9kz3nMtcZ\"><a href=\"https:\/\/www.varesenews.it\/2022\/02\/lol2-max-angioni-chi-e-cast\/1429720\/\">Chi \u00e8 Max Angioni, il comico di Como nel cast di LOL2<\/a><\/blockquote><iframe class=\"wp-embedded-content\" sandbox=\"allow-scripts\" security=\"restricted\" style=\"position: absolute; clip: rect(1px, 1px, 1px, 1px);\" src=\"https:\/\/www.varesenews.it\/2022\/02\/lol2-max-angioni-chi-e-cast\/1429720\/embed\/#?secret=L9kz3nMtcZ\" data-secret=\"L9kz3nMtcZ\" width=\"500\" height=\"282\" title=\"&#8220;Chi \u00e8 Max Angioni, il comico di Como nel cast di LOL2&#8221; &#8212; VareseNews\" frameborder=\"0\" marginwidth=\"0\" marginheight=\"0\" scrolling=\"no\"><\/iframe>","_oembed_time_b63cf0e4224eab58667373bdc1a6aef8":"1647086752","_oembed_745b58aaa268c72a80452188c19780a7":"<iframe width=\"500\" height=\"281\" src=\"https:\/\/www.youtube.com\/embed\/6hk8jXKcyws?feature=oembed\" frameborder=\"0\" allow=\"accelerometer; autoplay; clipboard-write; encrypted-media; gyroscope; picture-in-picture\" allowfullscreen><\/iframe>","_oembed_time_745b58aaa268c72a80452188c19780a7":"1647086753","_oembed_d4b1b21468c6d02c7bda2ea8982d6d80":"<blockquote class=\"wp-embedded-content\" data-secret=\"P68wdYNUPE\"><a href=\"https:\/\/www.varesenews.it\/2022\/03\/digitale-terrestre-non-si-vedono-canali-risintonizzazione\/1436316\/\">Digitale terreste, l&#8217;8 marzo \u00e8 il giorno del passaggio in Hd<\/a><\/blockquote><iframe class=\"wp-embedded-content\" sandbox=\"allow-scripts\" security=\"restricted\" style=\"position: absolute; clip: rect(1px, 1px, 1px, 1px);\" src=\"https:\/\/www.varesenews.it\/2022\/03\/digitale-terrestre-non-si-vedono-canali-risintonizzazione\/1436316\/embed\/#?secret=P68wdYNUPE\" data-secret=\"P68wdYNUPE\" width=\"500\" height=\"282\" title=\"&#8220;Digitale terreste, l&#8217;8 marzo \u00e8 il giorno del passaggio in Hd&#8221; &#8212; VareseNews\" frameborder=\"0\" marginwidth=\"0\" marginheight=\"0\" scrolling=\"no\"><\/iframe>","_oembed_time_d4b1b21468c6d02c7bda2ea8982d6d80":"1647086753","_oembed_b6ba28f7624eba2456283f3def76a467":"<iframe width=\"500\" height=\"281\" src=\"https:\/\/www.youtube.com\/embed\/GXwGszMXfTc?feature=oembed\" frameborder=\"0\" allow=\"accelerometer; autoplay; clipboard-write; encrypted-media; gyroscope; picture-in-picture\" allowfullscreen><\/iframe>","_oembed_time_b6ba28f7624eba2456283f3def76a467":"1647086753","_oembed_8c4e4a8d1f06a579caad33bf96d014d8":"<blockquote class=\"wp-embedded-content\" data-secret=\"AJJ3mvJHgd\"><a href=\"https:\/\/www.varesenews.it\/2022\/03\/lombardia-continua-la-diminuzione-delle-riserve-idriche-82-settimana\/1435324\/\">In Lombardia continua la diminuzione delle riserve idriche: &#8211; 8,2% in una settimana<\/a><\/blockquote><iframe class=\"wp-embedded-content\" sandbox=\"allow-scripts\" security=\"restricted\" style=\"position: absolute; clip: rect(1px, 1px, 1px, 1px);\" src=\"https:\/\/www.varesenews.it\/2022\/03\/lombardia-continua-la-diminuzione-delle-riserve-idriche-82-settimana\/1435324\/embed\/#?secret=AJJ3mvJHgd\" data-secret=\"AJJ3mvJHgd\" width=\"500\" height=\"282\" title=\"&#8220;In Lombardia continua la diminuzione delle riserve idriche: &#8211; 8,2% in una settimana&#8221; &#8212; VareseNews\" frameborder=\"0\" marginwidth=\"0\" marginheight=\"0\" scrolling=\"no\"><\/iframe>","_oembed_time_8c4e4a8d1f06a579caad33bf96d014d8":"1647086754","_oembed_4d081f0da64a21de07ce4b5eb103276e":"<iframe width=\"500\" height=\"281\" src=\"https:\/\/www.youtube.com\/embed\/JfNaRKGcWB0?feature=oembed\" frameborder=\"0\" allow=\"accelerometer; autoplay; clipboard-write; encrypted-media; gyroscope; picture-in-picture\" allowfullscreen><\/iframe>","_oembed_time_4d081f0da64a21de07ce4b5eb103276e":"1647086771","_oembed_aec04582b2168204f56813878b17e567":"<blockquote class=\"wp-embedded-content\" data-secret=\"h3csDKfgku\"><a href=\"https:\/\/www.varesenews.it\/2021\/05\/riapre-leremo-di-santa-caterina-una-delle-meraviglie-del-varesotto\/1339355\/\">Riapre l\u2019Eremo di Santa Caterina, una delle \u201cmeraviglie\u201d del Varesotto<\/a><\/blockquote><iframe class=\"wp-embedded-content\" sandbox=\"allow-scripts\" security=\"restricted\" style=\"position: absolute; clip: rect(1px, 1px, 1px, 1px);\" src=\"https:\/\/www.varesenews.it\/2021\/05\/riapre-leremo-di-santa-caterina-una-delle-meraviglie-del-varesotto\/1339355\/embed\/#?secret=h3csDKfgku\" data-secret=\"h3csDKfgku\" width=\"500\" height=\"282\" title=\"&#8220;Riapre l\u2019Eremo di Santa Caterina, una delle \u201cmeraviglie\u201d del Varesotto&#8221; &#8212; VareseNews\" frameborder=\"0\" marginwidth=\"0\" marginheight=\"0\" scrolling=\"no\"><\/iframe>","_oembed_time_aec04582b2168204f56813878b17e567":"1647086771","_oembed_13e85c2f84de3e48d124660f8a60505b":"<blockquote class=\"wp-embedded-content\" data-secret=\"uePvJSeEuO\"><a href=\"https:\/\/www.varesenews.it\/2022\/03\/primi-due-bimbi-ucraini-fuga-dalla-guerra-ospitati-nelle-scuole-varese\/1434188\/\">I primi due bimbi ucraini in fuga dalla guerra ospitati nelle scuole di Varese<\/a><\/blockquote><iframe class=\"wp-embedded-content\" sandbox=\"allow-scripts\" security=\"restricted\" style=\"position: absolute; clip: rect(1px, 1px, 1px, 1px);\" src=\"https:\/\/www.varesenews.it\/2022\/03\/primi-due-bimbi-ucraini-fuga-dalla-guerra-ospitati-nelle-scuole-varese\/1434188\/embed\/#?secret=uePvJSeEuO\" data-secret=\"uePvJSeEuO\" width=\"500\" height=\"282\" title=\"&#8220;I primi due bimbi ucraini in fuga dalla guerra ospitati nelle scuole di Varese&#8221; &#8212; VareseNews\" frameborder=\"0\" marginwidth=\"0\" marginheight=\"0\" scrolling=\"no\"><\/iframe>","_oembed_time_13e85c2f84de3e48d124660f8a60505b":"1647086771","_oembed_460c513a8ea9d6feb39c54ce0faf096b":"<blockquote class=\"wp-embedded-content\" data-secret=\"kqyMOPL09w\"><a href=\"https:\/\/www.verbanonews.it\/aree-geografiche\/canton-ticino\/2022\/03\/09\/per-trasportare-rifugiati-o-aiuti-umanitari-attraverso-la-svizzera-non-servira-la-vignetta\/941332\/\">Per trasportare rifugiati o aiuti umanitari attraverso la Svizzera non servir\u00e0 la vignetta<\/a><\/blockquote><iframe class=\"wp-embedded-content\" sandbox=\"allow-scripts\" security=\"restricted\" style=\"position: absolute; clip: rect(1px, 1px, 1px, 1px);\" src=\"https:\/\/www.verbanonews.it\/aree-geografiche\/canton-ticino\/2022\/03\/09\/per-trasportare-rifugiati-o-aiuti-umanitari-attraverso-la-svizzera-non-servira-la-vignetta\/941332\/embed\/#?secret=kqyMOPL09w\" data-secret=\"kqyMOPL09w\" width=\"500\" height=\"282\" title=\"&#8220;Per trasportare rifugiati o aiuti umanitari attraverso la Svizzera non servir\u00e0 la vignetta&#8221; &#8212; VerbanoNews\" frameborder=\"0\" marginwidth=\"0\" marginheight=\"0\" scrolling=\"no\"><\/iframe>","_oembed_time_460c513a8ea9d6feb39c54ce0faf096b":"1647087100","_oembed_a793d594b2edb2e749d52257efcb0aaf":"<blockquote class=\"wp-embedded-content\" data-secret=\"kLZQ0QsZH9\"><a href=\"https:\/\/www.varesenews.it\/2022\/03\/frontalieri-accordo-svizzera-italia-prosegue-iter\/1434051\/\">Prosegue in Italia l&#8217;iter di ratifica dell&#8217;accordo sui frontalieri<\/a><\/blockquote><iframe class=\"wp-embedded-content\" sandbox=\"allow-scripts\" security=\"restricted\" style=\"position: absolute; clip: rect(1px, 1px, 1px, 1px);\" src=\"https:\/\/www.varesenews.it\/2022\/03\/frontalieri-accordo-svizzera-italia-prosegue-iter\/1434051\/embed\/#?secret=kLZQ0QsZH9\" data-secret=\"kLZQ0QsZH9\" width=\"500\" height=\"282\" title=\"&#8220;Prosegue in Italia l&#8217;iter di ratifica dell&#8217;accordo sui frontalieri&#8221; &#8212; VareseNews\" frameborder=\"0\" marginwidth=\"0\" marginheight=\"0\" scrolling=\"no\"><\/iframe>","_oembed_time_a793d594b2edb2e749d52257efcb0aaf":"1647087100","_oembed_21fb27c9066654b1b5e6d36152de5331":"<blockquote class=\"wp-embedded-content\" data-secret=\"jFTlvERuG0\"><a href=\"https:\/\/www.varesenews.it\/2022\/03\/eventi-bambini-nel-weekend-dal-4-al-6-marzo-varese-provincia\/1434965\/\">Eventi per bambini nel weekend dal 4 al 6 marzo tra Varese e provincia<\/a><\/blockquote><iframe class=\"wp-embedded-content\" sandbox=\"allow-scripts\" security=\"restricted\" style=\"position: absolute; clip: rect(1px, 1px, 1px, 1px);\" src=\"https:\/\/www.varesenews.it\/2022\/03\/eventi-bambini-nel-weekend-dal-4-al-6-marzo-varese-provincia\/1434965\/embed\/#?secret=jFTlvERuG0\" data-secret=\"jFTlvERuG0\" width=\"500\" height=\"282\" title=\"&#8220;Eventi per bambini nel weekend dal 4 al 6 marzo tra Varese e provincia&#8221; &#8212; VareseNews\" frameborder=\"0\" marginwidth=\"0\" marginheight=\"0\" scrolling=\"no\"><\/iframe>","_oembed_time_21fb27c9066654b1b5e6d36152de5331":"1647087101","_oembed_1ec861b8037f338f83b2db6cd704be65":"<blockquote class=\"wp-embedded-content\" data-secret=\"cK1RzrOfus\"><a href=\"https:\/\/www.varesenews.it\/2022\/03\/frontalieri-svizzera-italia-accordo-fiscale\/1433618\/\">L&#8217;accordo sui frontalieri all&#8217;ordine del giorno del Parlamento svizzero<\/a><\/blockquote><iframe class=\"wp-embedded-content\" sandbox=\"allow-scripts\" security=\"restricted\" style=\"position: absolute; clip: rect(1px, 1px, 1px, 1px);\" src=\"https:\/\/www.varesenews.it\/2022\/03\/frontalieri-svizzera-italia-accordo-fiscale\/1433618\/embed\/#?secret=cK1RzrOfus\" data-secret=\"cK1RzrOfus\" width=\"500\" height=\"282\" title=\"&#8220;L&#8217;accordo sui frontalieri all&#8217;ordine del giorno del Parlamento svizzero&#8221; &#8212; VareseNews\" frameborder=\"0\" marginwidth=\"0\" marginheight=\"0\" scrolling=\"no\"><\/iframe>","_oembed_time_1ec861b8037f338f83b2db6cd704be65":"1647087101","_oembed_90df7fb0d0e23f27d1e4e0995eca020b":"<blockquote class=\"wp-embedded-content\" data-secret=\"8QfNC7U0oy\"><a href=\"https:\/\/www.varesenews.it\/2022\/02\/pinocchio-in-piazza-la-verde-lentate-e-il-cenacolo-dellabbazia-cosa-fare-a-sesto-calende-nel-weekend\/1432442\/\">Pinocchio in piazza, la verde Lentate e il Cenacolo dell&#8217;Abbazia: cosa fare a Sesto Calende nel weekend<\/a><\/blockquote><iframe class=\"wp-embedded-content\" sandbox=\"allow-scripts\" security=\"restricted\" style=\"position: absolute; clip: rect(1px, 1px, 1px, 1px);\" src=\"https:\/\/www.varesenews.it\/2022\/02\/pinocchio-in-piazza-la-verde-lentate-e-il-cenacolo-dellabbazia-cosa-fare-a-sesto-calende-nel-weekend\/1432442\/embed\/#?secret=8QfNC7U0oy\" data-secret=\"8QfNC7U0oy\" width=\"500\" height=\"282\" title=\"&#8220;Pinocchio in piazza, la verde Lentate e il Cenacolo dell&#8217;Abbazia: cosa fare a Sesto Calende nel weekend&#8221; &#8212; VareseNews\" frameborder=\"0\" marginwidth=\"0\" marginheight=\"0\" scrolling=\"no\"><\/iframe>","_oembed_time_90df7fb0d0e23f27d1e4e0995eca020b":"1647087101","_oembed_81dde931d0606f5df7f2face86f92f2e":"<blockquote class=\"wp-embedded-content\" data-secret=\"liakcyzqiu\"><a href=\"https:\/\/www.varesenews.it\/2022\/02\/eventi-bambini-nel-weekend-dal-25-al-27-febbraio-varese-provincia\/1432407\/\">Eventi per bambini nel weekend dal 25 al 27 febbraio tra Varese e provincia<\/a><\/blockquote><iframe class=\"wp-embedded-content\" sandbox=\"allow-scripts\" security=\"restricted\" style=\"position: absolute; clip: rect(1px, 1px, 1px, 1px);\" src=\"https:\/\/www.varesenews.it\/2022\/02\/eventi-bambini-nel-weekend-dal-25-al-27-febbraio-varese-provincia\/1432407\/embed\/#?secret=liakcyzqiu\" data-secret=\"liakcyzqiu\" width=\"500\" height=\"282\" title=\"&#8220;Eventi per bambini nel weekend dal 25 al 27 febbraio tra Varese e provincia&#8221; &#8212; VareseNews\" frameborder=\"0\" marginwidth=\"0\" marginheight=\"0\" scrolling=\"no\"><\/iframe>","_oembed_time_81dde931d0606f5df7f2face86f92f2e":"1647087101","_oembed_5b8b19fa144731d359c87c6d84260e0d":"<blockquote class=\"wp-embedded-content\" data-secret=\"79khFzdc5H\"><a href=\"https:\/\/www.varesenews.it\/sguardi-quotidiani\/massimiliano-di-caro\/\">Massimiliano Di Caro<\/a><\/blockquote><iframe class=\"wp-embedded-content\" sandbox=\"allow-scripts\" security=\"restricted\" style=\"position: absolute; clip: rect(1px, 1px, 1px, 1px);\" src=\"https:\/\/www.varesenews.it\/sguardi-quotidiani\/massimiliano-di-caro\/embed\/#?secret=79khFzdc5H\" data-secret=\"79khFzdc5H\" width=\"500\" height=\"282\" title=\"&#8220;Massimiliano Di Caro&#8221; &#8212; VareseNews\" frameborder=\"0\" marginwidth=\"0\" marginheight=\"0\" scrolling=\"no\"><\/iframe>","_oembed_time_5b8b19fa144731d359c87c6d84260e0d":"1647087847","_oembed_341d8dfa46863762905095c1a6c038a7":"<blockquote class=\"wp-embedded-content\" data-secret=\"uUVUD0XfnD\"><a href=\"https:\/\/www.varesenews.it\/2016\/07\/lo-scoiattolo-e-tornato-a-casa\/533522\/\">Lo scoiattolo \u00e8 tornato a casa<\/a><\/blockquote><iframe class=\"wp-embedded-content\" sandbox=\"allow-scripts\" security=\"restricted\" style=\"position: absolute; clip: rect(1px, 1px, 1px, 1px);\" src=\"https:\/\/www.varesenews.it\/2016\/07\/lo-scoiattolo-e-tornato-a-casa\/533522\/embed\/#?secret=uUVUD0XfnD\" data-secret=\"uUVUD0XfnD\" width=\"500\" height=\"282\" title=\"&#8220;Lo scoiattolo \u00e8 tornato a casa&#8221; &#8212; VareseNews\" frameborder=\"0\" marginwidth=\"0\" marginheight=\"0\" scrolling=\"no\"><\/iframe>","_oembed_time_341d8dfa46863762905095c1a6c038a7":"1647087847","id_leggi_anche":"1437403,1437364"},"photos":[{"original":"https:\/\/staging.varesenews.it\/photogallery_new\/images\/2022\/03\/generica-2020-1285324.jpg","full":"https:\/\/staging.varesenews.it\/photogallery_new\/images\/2022\/03\/generica-2020-1285324.1024x768.jpg","large":"https:\/\/staging.varesenews.it\/photogallery_new\/images\/2022\/03\/generica-2020-1285324.610x431.jpg"}],"_links":{"self":[{"href":"https:\/\/staging.varesenews.it\/swgapi\/v1\/wp\/v2\/posts\/1437769"}],"collection":[{"href":"https:\/\/staging.varesenews.it\/swgapi\/v1\/wp\/v2\/posts"}],"about":[{"href":"https:\/\/staging.varesenews.it\/swgapi\/v1\/wp\/v2\/types\/post"}],"author":[{"embeddable":true,"href":"https:\/\/staging.varesenews.it\/swgapi\/v1\/wp\/v2\/users\/46"}],"replies":[{"embeddable":true,"href":"https:\/\/staging.varesenews.it\/swgapi\/v1\/wp\/v2\/comments?post=1437769"}],"version-history":[{"count":0,"href":"https:\/\/staging.varesenews.it\/swgapi\/v1\/wp\/v2\/posts\/1437769\/revisions"}],"wp:attachment":[{"href":"https:\/\/staging.varesenews.it\/swgapi\/v1\/wp\/v2\/media?parent=1437769"}],"wp:term":[{"taxonomy":"category","embeddable":true,"href":"https:\/\/staging.varesenews.it\/swgapi\/v1\/wp\/v2\/categories?post=1437769"},{"taxonomy":"post_tag","embeddable":true,"href":"https:\/\/staging.varesenews.it\/swgapi\/v1\/wp\/v2\/tags?post=1437769"}],"curies":[{"name":"wp","href":"https:\/\/api.w.org\/{rel}","templated":true}]}}